{"id":19698,"date":"2026-04-28T08:02:34","date_gmt":"2026-04-28T05:02:34","guid":{"rendered":"https:\/\/memurunsesi.net\/?p=19698"},"modified":"2026-04-28T08:02:34","modified_gmt":"2026-04-28T05:02:34","slug":"servis-minibusu-kaldirima-carparak-duragi-yere-serdi-iki-genc-kizin-saniyelerle-kurtuldugu-kaza-ani-kamerada","status":"publish","type":"post","link":"https:\/\/memurunsesi.net\/index.php\/2026\/04\/28\/servis-minibusu-kaldirima-carparak-duragi-yere-serdi-iki-genc-kizin-saniyelerle-kurtuldugu-kaza-ani-kamerada\/","title":{"rendered":"Servis minib\u00fcs\u00fc kald\u0131r\u0131ma \u00e7arparak dura\u011f\u0131 yere serdi: \u0130ki gen\u00e7 k\u0131z\u0131n saniyelerle kurtuldu\u011fu kaza an\u0131 kamerada"},"content":{"rendered":"<p>Amasya&#8217;da hemzemin ge\u00e7it yak\u0131n\u0131nda servis minib\u00fcs\u00fc kontrolden \u00e7\u0131k\u0131p bir b\u00fcfenin \u00f6n\u00fcndeki kald\u0131r\u0131ma \u00e7arparak \u00f6n\u00fcne katt\u0131\u011f\u0131 dura\u011f\u0131 yere serdi. Kazadan saniyeler \u00f6nce iki gen\u00e7 k\u0131z\u0131n hemzemin ge\u00e7itten kar\u015f\u0131ya ge\u00e7ti\u011fi g\u00f6r\u00fcld\u00fc. O anlar \u00e7evredeki g\u00fcvenlik kameras\u0131na yans\u0131d\u0131.<br \/>\nEdinilen bilgiye g\u00f6re, Suluova il\u00e7e merkezinde servis minib\u00fcs\u00fc, hemzemin ge\u00e7ide yak\u0131n kav\u015fakta kontrolden \u00e7\u0131karak b\u00fcfenin \u00f6n\u00fcndeki kald\u0131r\u0131ma \u00e7arpt\u0131. Sonras\u0131nda \u00f6n\u00fcne katt\u0131\u011f\u0131 dura\u011f\u0131 yere serdi. Hemzemin ge\u00e7ide birka\u00e7 metre kala tekeri koparak durabilen minib\u00fcs\u00fcn s\u00fcr\u00fcc\u00fcs\u00fc hafif \u015fekilde yaraland\u0131.<\/p>\n<p>S\u00fcr\u00fcc\u00fc alkoll\u00fc \u00e7\u0131kt\u0131<br \/>\nKazan\u0131n bildirilmesi \u00fczerine olay yerine polis ve acil sa\u011fl\u0131k ekipleri y\u00f6nlendirildi. S\u00fcr\u00fcc\u00fcn\u00fcn yap\u0131lan alkol \u00f6l\u00e7\u00fcm\u00fcnde 2.87 promil alkoll\u00fc oldu\u011fu \u00f6\u011frenildi. Daha \u00f6nceden de alkoll\u00fc ara\u00e7 kullanmaktan dolay\u0131 hakk\u0131nda i\u015flem yap\u0131ld\u0131\u011f\u0131 anla\u015f\u0131lan s\u00fcr\u00fcc\u00fcye 2918 say\u0131l\u0131 Karayolu Trafik Kanunun 48\/5 maddesi gere\u011fince 50 bin TL cezai i\u015flem uygulanarak 2 y\u0131l s\u00fcreyle ehliyetine el konuldu\u011fu bildirildi.<\/p>\n<p>\u0130ki gen\u00e7 k\u0131z saniyelerle kurtuldu<br \/>\nKazadan saniyeler \u00f6nce iki gen\u00e7 k\u0131z\u0131n hemzemin ge\u00e7itten kar\u015f\u0131ya ge\u00e7ti\u011fi g\u00f6r\u00fcld\u00fc. F\u0131rt\u0131nan\u0131n etkili oldu\u011fu o anlarda k\u0131zlar\u0131n kazadan saniyelerle kurtulup panik ya\u015fad\u0131klar\u0131 anlar da kaydedildi. Bir dakika sonra ise kazan\u0131n oldu\u011fu yerden trenin ge\u00e7mesi muhtemel bir facia ile burun buruna kal\u0131nabilece\u011fini g\u00f6zle \u00f6n\u00fcne serdi.<\/p>\n<p>28.04.2026<\/p>\n","protected":false},"excerpt":{"rendered":"<p>Amasya&#8217;da hemzemin ge\u00e7it yak\u0131n\u0131nda servis minib\u00fcs\u00fc kontrolden \u00e7\u0131k\u0131p bir b\u00fcfenin \u00f6n\u00fcndeki kald\u0131r\u0131ma \u00e7arparak \u00f6n\u00fcne katt\u0131\u011f\u0131 dura\u011f\u0131 yere serdi. Kazadan saniyeler \u00f6nce iki gen\u00e7 k\u0131z\u0131n hemzemin ge\u00e7itten kar\u015f\u0131ya ge\u00e7ti\u011fi g\u00f6r\u00fcld\u00fc. O anlar \u00e7evredeki g\u00fcvenlik kameras\u0131na yans\u0131d\u0131. Edinilen bilgiye g\u00f6re, Suluova il\u00e7e merkezinde servis minib\u00fcs\u00fc, hemzemin ge\u00e7ide yak\u0131n kav\u015fakta kontrolden \u00e7\u0131karak b\u00fcfenin \u00f6n\u00fcndeki kald\u0131r\u0131ma \u00e7arpt\u0131. Sonras\u0131nda \u00f6n\u00fcne [&hellip;]<\/p>\n","protected":false},"author":1,"featured_media":19699,"comment_status":"open","ping_status":"open","sticky":false,"template":"","format":"standard","meta":{"footnotes":""},"categories":[50],"tags":[3695,3694,3693,2999],"class_list":["post-19698","post","type-post","status-publish","format-standard","has-post-thumbnail","hentry","category-tum-haberler","tag-amasya","tag-duraga-carpti","tag-saniyelerle-kurtuldular","tag-servis"],"yoast_head":"<!-- This site is optimized with the Yoast SEO plugin v27.4 - https:\/\/yoast.com\/product\/yoast-seo-wordpress\/ -->\n<title>Servis minib\u00fcs\u00fc kald\u0131r\u0131ma \u00e7arparak dura\u011f\u0131 yere serdi: \u0130ki gen\u00e7 k\u0131z\u0131n saniyelerle kurtuldu\u011fu kaza an\u0131 kamerada - Memurun Sesi<\/title>\n<meta name=\"description\" content=\"Amasya&#039;da hemzemin ge\u00e7it yak\u0131n\u0131nda servis minib\u00fcs\u00fc kontrolden \u00e7\u0131k\u0131p bir b\u00fcfenin \u00f6n\u00fcndeki kald\u0131r\u0131ma \u00e7arparak \u00f6n\u00fcne katt\u0131\u011f\u0131 dura\u011f\u0131 yere serdi. Kazadan saniyeler \u00f6nce iki gen\u00e7 k\u0131z\u0131n hemzemin ge\u00e7itten kar\u015f\u0131ya ge\u00e7ti\u011fi g\u00f6r\u00fcld\u00fc. O anlar \u00e7evredeki g\u00fcvenlik kameras\u0131na yans\u0131d\u0131.\" \/>\n<meta name=\"robots\" content=\"index, follow, max-snippet:-1, max-image-preview:large, max-video-preview:-1\" \/>\n<link rel=\"canonical\" href=\"https:\/\/memurunsesi.net\/index.php\/2026\/04\/28\/servis-minibusu-kaldirima-carparak-duragi-yere-serdi-iki-genc-kizin-saniyelerle-kurtuldugu-kaza-ani-kamerada\/\" \/>\n<meta property=\"og:locale\" content=\"tr_TR\" \/>\n<meta property=\"og:type\" content=\"article\" \/>\n<meta property=\"og:title\" content=\"Servis minib\u00fcs\u00fc kald\u0131r\u0131ma \u00e7arparak dura\u011f\u0131 yere serdi: \u0130ki gen\u00e7 k\u0131z\u0131n saniyelerle kurtuldu\u011fu kaza an\u0131 kamerada - Memurun Sesi\" \/>\n<meta property=\"og:description\" content=\"Amasya&#039;da hemzemin ge\u00e7it yak\u0131n\u0131nda servis minib\u00fcs\u00fc kontrolden \u00e7\u0131k\u0131p bir b\u00fcfenin \u00f6n\u00fcndeki kald\u0131r\u0131ma \u00e7arparak \u00f6n\u00fcne katt\u0131\u011f\u0131 dura\u011f\u0131 yere serdi. Kazadan saniyeler \u00f6nce iki gen\u00e7 k\u0131z\u0131n hemzemin ge\u00e7itten kar\u015f\u0131ya ge\u00e7ti\u011fi g\u00f6r\u00fcld\u00fc. O anlar \u00e7evredeki g\u00fcvenlik kameras\u0131na yans\u0131d\u0131.\" \/>\n<meta property=\"og:url\" content=\"https:\/\/memurunsesi.net\/index.php\/2026\/04\/28\/servis-minibusu-kaldirima-carparak-duragi-yere-serdi-iki-genc-kizin-saniyelerle-kurtuldugu-kaza-ani-kamerada\/\" \/>\n<meta property=\"og:site_name\" content=\"Memurun Sesi\" \/>\n<meta property=\"article:publisher\" content=\"https:\/\/www.facebook.com\/unipersen\/?locale=tr_TR\" \/>\n<meta property=\"article:published_time\" content=\"2026-04-28T05:02:34+00:00\" \/>\n<meta property=\"og:image\" content=\"https:\/\/memurunsesi.net\/wp-content\/uploads\/2026\/04\/amasya-2.jpg\" \/>\n\t<meta property=\"og:image:width\" content=\"1050\" \/>\n\t<meta property=\"og:image:height\" content=\"700\" \/>\n\t<meta property=\"og:image:type\" content=\"image\/jpeg\" \/>\n<meta name=\"author\" content=\"Memurun Sesi Haber Merkezi\" \/>\n<meta name=\"twitter:card\" content=\"summary_large_image\" \/>\n<meta name=\"twitter:creator\" content=\"@unipersen\" \/>\n<meta name=\"twitter:site\" content=\"@unipersen\" \/>\n<meta name=\"twitter:label1\" content=\"Yazan:\" \/>\n\t<meta name=\"twitter:data1\" content=\"Memurun Sesi Haber Merkezi\" \/>\n\t<meta name=\"twitter:label2\" content=\"Tahmini okuma s\u00fcresi\" \/>\n\t<meta name=\"twitter:data2\" content=\"2 dakika\" \/>\n<script type=\"application\/ld+json\" class=\"yoast-schema-graph\">{\"@context\":\"https:\\\/\\\/schema.org\",\"@graph\":[{\"@type\":\"Article\",\"@id\":\"https:\\\/\\\/memurunsesi.net\\\/index.php\\\/2026\\\/04\\\/28\\\/servis-minibusu-kaldirima-carparak-duragi-yere-serdi-iki-genc-kizin-saniyelerle-kurtuldugu-kaza-ani-kamerada\\\/#article\",\"isPartOf\":{\"@id\":\"https:\\\/\\\/memurunsesi.net\\\/index.php\\\/2026\\\/04\\\/28\\\/servis-minibusu-kaldirima-carparak-duragi-yere-serdi-iki-genc-kizin-saniyelerle-kurtuldugu-kaza-ani-kamerada\\\/\"},\"author\":{\"name\":\"Memurun Sesi Haber Merkezi\",\"@id\":\"https:\\\/\\\/memurunsesi.net\\\/#\\\/schema\\\/person\\\/f21c2d73b89f6ee1d80b0a1803e38587\"},\"headline\":\"Servis minib\u00fcs\u00fc kald\u0131r\u0131ma \u00e7arparak dura\u011f\u0131 yere serdi: \u0130ki gen\u00e7 k\u0131z\u0131n saniyelerle kurtuldu\u011fu kaza an\u0131 kamerada\",\"datePublished\":\"2026-04-28T05:02:34+00:00\",\"mainEntityOfPage\":{\"@id\":\"https:\\\/\\\/memurunsesi.net\\\/index.php\\\/2026\\\/04\\\/28\\\/servis-minibusu-kaldirima-carparak-duragi-yere-serdi-iki-genc-kizin-saniyelerle-kurtuldugu-kaza-ani-kamerada\\\/\"},\"wordCount\":284,\"commentCount\":0,\"publisher\":{\"@id\":\"https:\\\/\\\/memurunsesi.net\\\/#organization\"},\"image\":{\"@id\":\"https:\\\/\\\/memurunsesi.net\\\/index.php\\\/2026\\\/04\\\/28\\\/servis-minibusu-kaldirima-carparak-duragi-yere-serdi-iki-genc-kizin-saniyelerle-kurtuldugu-kaza-ani-kamerada\\\/#primaryimage\"},\"thumbnailUrl\":\"https:\\\/\\\/memurunsesi.net\\\/wp-content\\\/uploads\\\/2026\\\/04\\\/amasya-2.jpg\",\"keywords\":[\"amasya\",\"dura\u011fa \u00e7arpt\u0131\",\"saniyelerle kurtuldular\",\"servis\"],\"articleSection\":[\"T\u00fcm Haberler\"],\"inLanguage\":\"tr\",\"potentialAction\":[{\"@type\":\"CommentAction\",\"name\":\"Comment\",\"target\":[\"https:\\\/\\\/memurunsesi.net\\\/index.php\\\/2026\\\/04\\\/28\\\/servis-minibusu-kaldirima-carparak-duragi-yere-serdi-iki-genc-kizin-saniyelerle-kurtuldugu-kaza-ani-kamerada\\\/#respond\"]}]},{\"@type\":\"WebPage\",\"@id\":\"https:\\\/\\\/memurunsesi.net\\\/index.php\\\/2026\\\/04\\\/28\\\/servis-minibusu-kaldirima-carparak-duragi-yere-serdi-iki-genc-kizin-saniyelerle-kurtuldugu-kaza-ani-kamerada\\\/\",\"url\":\"https:\\\/\\\/memurunsesi.net\\\/index.php\\\/2026\\\/04\\\/28\\\/servis-minibusu-kaldirima-carparak-duragi-yere-serdi-iki-genc-kizin-saniyelerle-kurtuldugu-kaza-ani-kamerada\\\/\",\"name\":\"Servis minib\u00fcs\u00fc kald\u0131r\u0131ma \u00e7arparak dura\u011f\u0131 yere serdi: \u0130ki gen\u00e7 k\u0131z\u0131n saniyelerle kurtuldu\u011fu kaza an\u0131 kamerada - Memurun Sesi\",\"isPartOf\":{\"@id\":\"https:\\\/\\\/memurunsesi.net\\\/#website\"},\"primaryImageOfPage\":{\"@id\":\"https:\\\/\\\/memurunsesi.net\\\/index.php\\\/2026\\\/04\\\/28\\\/servis-minibusu-kaldirima-carparak-duragi-yere-serdi-iki-genc-kizin-saniyelerle-kurtuldugu-kaza-ani-kamerada\\\/#primaryimage\"},\"image\":{\"@id\":\"https:\\\/\\\/memurunsesi.net\\\/index.php\\\/2026\\\/04\\\/28\\\/servis-minibusu-kaldirima-carparak-duragi-yere-serdi-iki-genc-kizin-saniyelerle-kurtuldugu-kaza-ani-kamerada\\\/#primaryimage\"},\"thumbnailUrl\":\"https:\\\/\\\/memurunsesi.net\\\/wp-content\\\/uploads\\\/2026\\\/04\\\/amasya-2.jpg\",\"datePublished\":\"2026-04-28T05:02:34+00:00\",\"description\":\"Amasya'da hemzemin ge\u00e7it yak\u0131n\u0131nda servis minib\u00fcs\u00fc kontrolden \u00e7\u0131k\u0131p bir b\u00fcfenin \u00f6n\u00fcndeki kald\u0131r\u0131ma \u00e7arparak \u00f6n\u00fcne katt\u0131\u011f\u0131 dura\u011f\u0131 yere serdi. Kazadan saniyeler \u00f6nce iki gen\u00e7 k\u0131z\u0131n hemzemin ge\u00e7itten kar\u015f\u0131ya ge\u00e7ti\u011fi g\u00f6r\u00fcld\u00fc. O anlar \u00e7evredeki g\u00fcvenlik kameras\u0131na yans\u0131d\u0131.\",\"breadcrumb\":{\"@id\":\"https:\\\/\\\/memurunsesi.net\\\/index.php\\\/2026\\\/04\\\/28\\\/servis-minibusu-kaldirima-carparak-duragi-yere-serdi-iki-genc-kizin-saniyelerle-kurtuldugu-kaza-ani-kamerada\\\/#breadcrumb\"},\"inLanguage\":\"tr\",\"potentialAction\":[{\"@type\":\"ReadAction\",\"target\":[\"https:\\\/\\\/memurunsesi.net\\\/index.php\\\/2026\\\/04\\\/28\\\/servis-minibusu-kaldirima-carparak-duragi-yere-serdi-iki-genc-kizin-saniyelerle-kurtuldugu-kaza-ani-kamerada\\\/\"]}]},{\"@type\":\"ImageObject\",\"inLanguage\":\"tr\",\"@id\":\"https:\\\/\\\/memurunsesi.net\\\/index.php\\\/2026\\\/04\\\/28\\\/servis-minibusu-kaldirima-carparak-duragi-yere-serdi-iki-genc-kizin-saniyelerle-kurtuldugu-kaza-ani-kamerada\\\/#primaryimage\",\"url\":\"https:\\\/\\\/memurunsesi.net\\\/wp-content\\\/uploads\\\/2026\\\/04\\\/amasya-2.jpg\",\"contentUrl\":\"https:\\\/\\\/memurunsesi.net\\\/wp-content\\\/uploads\\\/2026\\\/04\\\/amasya-2.jpg\",\"width\":1050,\"height\":700},{\"@type\":\"BreadcrumbList\",\"@id\":\"https:\\\/\\\/memurunsesi.net\\\/index.php\\\/2026\\\/04\\\/28\\\/servis-minibusu-kaldirima-carparak-duragi-yere-serdi-iki-genc-kizin-saniyelerle-kurtuldugu-kaza-ani-kamerada\\\/#breadcrumb\",\"itemListElement\":[{\"@type\":\"ListItem\",\"position\":1,\"name\":\"Anasayfa\",\"item\":\"https:\\\/\\\/memurunsesi.net\\\/\"},{\"@type\":\"ListItem\",\"position\":2,\"name\":\"Servis minib\u00fcs\u00fc kald\u0131r\u0131ma \u00e7arparak dura\u011f\u0131 yere serdi: \u0130ki gen\u00e7 k\u0131z\u0131n saniyelerle kurtuldu\u011fu kaza an\u0131 kamerada\"}]},{\"@type\":\"WebSite\",\"@id\":\"https:\\\/\\\/memurunsesi.net\\\/#website\",\"url\":\"https:\\\/\\\/memurunsesi.net\\\/\",\"name\":\"Memurun Sesi\",\"description\":\"G\u00fcncel ve Do\u011fru Haber\",\"publisher\":{\"@id\":\"https:\\\/\\\/memurunsesi.net\\\/#organization\"},\"potentialAction\":[{\"@type\":\"SearchAction\",\"target\":{\"@type\":\"EntryPoint\",\"urlTemplate\":\"https:\\\/\\\/memurunsesi.net\\\/?s={search_term_string}\"},\"query-input\":{\"@type\":\"PropertyValueSpecification\",\"valueRequired\":true,\"valueName\":\"search_term_string\"}}],\"inLanguage\":\"tr\"},{\"@type\":\"Organization\",\"@id\":\"https:\\\/\\\/memurunsesi.net\\\/#organization\",\"name\":\"Memurun Sesi\",\"url\":\"https:\\\/\\\/memurunsesi.net\\\/\",\"logo\":{\"@type\":\"ImageObject\",\"inLanguage\":\"tr\",\"@id\":\"https:\\\/\\\/memurunsesi.net\\\/#\\\/schema\\\/logo\\\/image\\\/\",\"url\":\"https:\\\/\\\/memurunsesi.net\\\/wp-content\\\/uploads\\\/2025\\\/11\\\/cropped-MEMURUN-SESI.png\",\"contentUrl\":\"https:\\\/\\\/memurunsesi.net\\\/wp-content\\\/uploads\\\/2025\\\/11\\\/cropped-MEMURUN-SESI.png\",\"width\":238,\"height\":57,\"caption\":\"Memurun Sesi\"},\"image\":{\"@id\":\"https:\\\/\\\/memurunsesi.net\\\/#\\\/schema\\\/logo\\\/image\\\/\"},\"sameAs\":[\"https:\\\/\\\/www.facebook.com\\\/unipersen\\\/?locale=tr_TR\",\"https:\\\/\\\/x.com\\\/unipersen\"]},{\"@type\":\"Person\",\"@id\":\"https:\\\/\\\/memurunsesi.net\\\/#\\\/schema\\\/person\\\/f21c2d73b89f6ee1d80b0a1803e38587\",\"name\":\"Memurun Sesi Haber Merkezi\",\"image\":{\"@type\":\"ImageObject\",\"inLanguage\":\"tr\",\"@id\":\"https:\\\/\\\/secure.gravatar.com\\\/avatar\\\/6cf0505f452ee753f485014986fab09a434671d2b919ee76fc541025c5876a70?s=96&d=mm&r=g\",\"url\":\"https:\\\/\\\/secure.gravatar.com\\\/avatar\\\/6cf0505f452ee753f485014986fab09a434671d2b919ee76fc541025c5876a70?s=96&d=mm&r=g\",\"contentUrl\":\"https:\\\/\\\/secure.gravatar.com\\\/avatar\\\/6cf0505f452ee753f485014986fab09a434671d2b919ee76fc541025c5876a70?s=96&d=mm&r=g\",\"caption\":\"Memurun Sesi Haber Merkezi\"},\"sameAs\":[\"https:\\\/\\\/memurunsesi.net\"],\"url\":\"https:\\\/\\\/memurunsesi.net\\\/index.php\\\/author\\\/uniper\\\/\"}]}<\/script>\n<!-- \/ Yoast SEO plugin. -->","yoast_head_json":{"title":"Servis minib\u00fcs\u00fc kald\u0131r\u0131ma \u00e7arparak dura\u011f\u0131 yere serdi: \u0130ki gen\u00e7 k\u0131z\u0131n saniyelerle kurtuldu\u011fu kaza an\u0131 kamerada - Memurun Sesi","description":"Amasya'da hemzemin ge\u00e7it yak\u0131n\u0131nda servis minib\u00fcs\u00fc kontrolden \u00e7\u0131k\u0131p bir b\u00fcfenin \u00f6n\u00fcndeki kald\u0131r\u0131ma \u00e7arparak \u00f6n\u00fcne katt\u0131\u011f\u0131 dura\u011f\u0131 yere serdi. Kazadan saniyeler \u00f6nce iki gen\u00e7 k\u0131z\u0131n hemzemin ge\u00e7itten kar\u015f\u0131ya ge\u00e7ti\u011fi g\u00f6r\u00fcld\u00fc. O anlar \u00e7evredeki g\u00fcvenlik kameras\u0131na yans\u0131d\u0131.","robots":{"index":"index","follow":"follow","max-snippet":"max-snippet:-1","max-image-preview":"max-image-preview:large","max-video-preview":"max-video-preview:-1"},"canonical":"https:\/\/memurunsesi.net\/index.php\/2026\/04\/28\/servis-minibusu-kaldirima-carparak-duragi-yere-serdi-iki-genc-kizin-saniyelerle-kurtuldugu-kaza-ani-kamerada\/","og_locale":"tr_TR","og_type":"article","og_title":"Servis minib\u00fcs\u00fc kald\u0131r\u0131ma \u00e7arparak dura\u011f\u0131 yere serdi: \u0130ki gen\u00e7 k\u0131z\u0131n saniyelerle kurtuldu\u011fu kaza an\u0131 kamerada - Memurun Sesi","og_description":"Amasya'da hemzemin ge\u00e7it yak\u0131n\u0131nda servis minib\u00fcs\u00fc kontrolden \u00e7\u0131k\u0131p bir b\u00fcfenin \u00f6n\u00fcndeki kald\u0131r\u0131ma \u00e7arparak \u00f6n\u00fcne katt\u0131\u011f\u0131 dura\u011f\u0131 yere serdi. Kazadan saniyeler \u00f6nce iki gen\u00e7 k\u0131z\u0131n hemzemin ge\u00e7itten kar\u015f\u0131ya ge\u00e7ti\u011fi g\u00f6r\u00fcld\u00fc. O anlar \u00e7evredeki g\u00fcvenlik kameras\u0131na yans\u0131d\u0131.","og_url":"https:\/\/memurunsesi.net\/index.php\/2026\/04\/28\/servis-minibusu-kaldirima-carparak-duragi-yere-serdi-iki-genc-kizin-saniyelerle-kurtuldugu-kaza-ani-kamerada\/","og_site_name":"Memurun Sesi","article_publisher":"https:\/\/www.facebook.com\/unipersen\/?locale=tr_TR","article_published_time":"2026-04-28T05:02:34+00:00","og_image":[{"width":1050,"height":700,"url":"https:\/\/memurunsesi.net\/wp-content\/uploads\/2026\/04\/amasya-2.jpg","type":"image\/jpeg"}],"author":"Memurun Sesi Haber Merkezi","twitter_card":"summary_large_image","twitter_creator":"@unipersen","twitter_site":"@unipersen","twitter_misc":{"Yazan:":"Memurun Sesi Haber Merkezi","Tahmini okuma s\u00fcresi":"2 dakika"},"schema":{"@context":"https:\/\/schema.org","@graph":[{"@type":"Article","@id":"https:\/\/memurunsesi.net\/index.php\/2026\/04\/28\/servis-minibusu-kaldirima-carparak-duragi-yere-serdi-iki-genc-kizin-saniyelerle-kurtuldugu-kaza-ani-kamerada\/#article","isPartOf":{"@id":"https:\/\/memurunsesi.net\/index.php\/2026\/04\/28\/servis-minibusu-kaldirima-carparak-duragi-yere-serdi-iki-genc-kizin-saniyelerle-kurtuldugu-kaza-ani-kamerada\/"},"author":{"name":"Memurun Sesi Haber Merkezi","@id":"https:\/\/memurunsesi.net\/#\/schema\/person\/f21c2d73b89f6ee1d80b0a1803e38587"},"headline":"Servis minib\u00fcs\u00fc kald\u0131r\u0131ma \u00e7arparak dura\u011f\u0131 yere serdi: \u0130ki gen\u00e7 k\u0131z\u0131n saniyelerle kurtuldu\u011fu kaza an\u0131 kamerada","datePublished":"2026-04-28T05:02:34+00:00","mainEntityOfPage":{"@id":"https:\/\/memurunsesi.net\/index.php\/2026\/04\/28\/servis-minibusu-kaldirima-carparak-duragi-yere-serdi-iki-genc-kizin-saniyelerle-kurtuldugu-kaza-ani-kamerada\/"},"wordCount":284,"commentCount":0,"publisher":{"@id":"https:\/\/memurunsesi.net\/#organization"},"image":{"@id":"https:\/\/memurunsesi.net\/index.php\/2026\/04\/28\/servis-minibusu-kaldirima-carparak-duragi-yere-serdi-iki-genc-kizin-saniyelerle-kurtuldugu-kaza-ani-kamerada\/#primaryimage"},"thumbnailUrl":"https:\/\/memurunsesi.net\/wp-content\/uploads\/2026\/04\/amasya-2.jpg","keywords":["amasya","dura\u011fa \u00e7arpt\u0131","saniyelerle kurtuldular","servis"],"articleSection":["T\u00fcm Haberler"],"inLanguage":"tr","potentialAction":[{"@type":"CommentAction","name":"Comment","target":["https:\/\/memurunsesi.net\/index.php\/2026\/04\/28\/servis-minibusu-kaldirima-carparak-duragi-yere-serdi-iki-genc-kizin-saniyelerle-kurtuldugu-kaza-ani-kamerada\/#respond"]}]},{"@type":"WebPage","@id":"https:\/\/memurunsesi.net\/index.php\/2026\/04\/28\/servis-minibusu-kaldirima-carparak-duragi-yere-serdi-iki-genc-kizin-saniyelerle-kurtuldugu-kaza-ani-kamerada\/","url":"https:\/\/memurunsesi.net\/index.php\/2026\/04\/28\/servis-minibusu-kaldirima-carparak-duragi-yere-serdi-iki-genc-kizin-saniyelerle-kurtuldugu-kaza-ani-kamerada\/","name":"Servis minib\u00fcs\u00fc kald\u0131r\u0131ma \u00e7arparak dura\u011f\u0131 yere serdi: \u0130ki gen\u00e7 k\u0131z\u0131n saniyelerle kurtuldu\u011fu kaza an\u0131 kamerada - Memurun Sesi","isPartOf":{"@id":"https:\/\/memurunsesi.net\/#website"},"primaryImageOfPage":{"@id":"https:\/\/memurunsesi.net\/index.php\/2026\/04\/28\/servis-minibusu-kaldirima-carparak-duragi-yere-serdi-iki-genc-kizin-saniyelerle-kurtuldugu-kaza-ani-kamerada\/#primaryimage"},"image":{"@id":"https:\/\/memurunsesi.net\/index.php\/2026\/04\/28\/servis-minibusu-kaldirima-carparak-duragi-yere-serdi-iki-genc-kizin-saniyelerle-kurtuldugu-kaza-ani-kamerada\/#primaryimage"},"thumbnailUrl":"https:\/\/memurunsesi.net\/wp-content\/uploads\/2026\/04\/amasya-2.jpg","datePublished":"2026-04-28T05:02:34+00:00","description":"Amasya'da hemzemin ge\u00e7it yak\u0131n\u0131nda servis minib\u00fcs\u00fc kontrolden \u00e7\u0131k\u0131p bir b\u00fcfenin \u00f6n\u00fcndeki kald\u0131r\u0131ma \u00e7arparak \u00f6n\u00fcne katt\u0131\u011f\u0131 dura\u011f\u0131 yere serdi. Kazadan saniyeler \u00f6nce iki gen\u00e7 k\u0131z\u0131n hemzemin ge\u00e7itten kar\u015f\u0131ya ge\u00e7ti\u011fi g\u00f6r\u00fcld\u00fc. O anlar \u00e7evredeki g\u00fcvenlik kameras\u0131na yans\u0131d\u0131.","breadcrumb":{"@id":"https:\/\/memurunsesi.net\/index.php\/2026\/04\/28\/servis-minibusu-kaldirima-carparak-duragi-yere-serdi-iki-genc-kizin-saniyelerle-kurtuldugu-kaza-ani-kamerada\/#breadcrumb"},"inLanguage":"tr","potentialAction":[{"@type":"ReadAction","target":["https:\/\/memurunsesi.net\/index.php\/2026\/04\/28\/servis-minibusu-kaldirima-carparak-duragi-yere-serdi-iki-genc-kizin-saniyelerle-kurtuldugu-kaza-ani-kamerada\/"]}]},{"@type":"ImageObject","inLanguage":"tr","@id":"https:\/\/memurunsesi.net\/index.php\/2026\/04\/28\/servis-minibusu-kaldirima-carparak-duragi-yere-serdi-iki-genc-kizin-saniyelerle-kurtuldugu-kaza-ani-kamerada\/#primaryimage","url":"https:\/\/memurunsesi.net\/wp-content\/uploads\/2026\/04\/amasya-2.jpg","contentUrl":"https:\/\/memurunsesi.net\/wp-content\/uploads\/2026\/04\/amasya-2.jpg","width":1050,"height":700},{"@type":"BreadcrumbList","@id":"https:\/\/memurunsesi.net\/index.php\/2026\/04\/28\/servis-minibusu-kaldirima-carparak-duragi-yere-serdi-iki-genc-kizin-saniyelerle-kurtuldugu-kaza-ani-kamerada\/#breadcrumb","itemListElement":[{"@type":"ListItem","position":1,"name":"Anasayfa","item":"https:\/\/memurunsesi.net\/"},{"@type":"ListItem","position":2,"name":"Servis minib\u00fcs\u00fc kald\u0131r\u0131ma \u00e7arparak dura\u011f\u0131 yere serdi: \u0130ki gen\u00e7 k\u0131z\u0131n saniyelerle kurtuldu\u011fu kaza an\u0131 kamerada"}]},{"@type":"WebSite","@id":"https:\/\/memurunsesi.net\/#website","url":"https:\/\/memurunsesi.net\/","name":"Memurun Sesi","description":"G\u00fcncel ve Do\u011fru Haber","publisher":{"@id":"https:\/\/memurunsesi.net\/#organization"},"potentialAction":[{"@type":"SearchAction","target":{"@type":"EntryPoint","urlTemplate":"https:\/\/memurunsesi.net\/?s={search_term_string}"},"query-input":{"@type":"PropertyValueSpecification","valueRequired":true,"valueName":"search_term_string"}}],"inLanguage":"tr"},{"@type":"Organization","@id":"https:\/\/memurunsesi.net\/#organization","name":"Memurun Sesi","url":"https:\/\/memurunsesi.net\/","logo":{"@type":"ImageObject","inLanguage":"tr","@id":"https:\/\/memurunsesi.net\/#\/schema\/logo\/image\/","url":"https:\/\/memurunsesi.net\/wp-content\/uploads\/2025\/11\/cropped-MEMURUN-SESI.png","contentUrl":"https:\/\/memurunsesi.net\/wp-content\/uploads\/2025\/11\/cropped-MEMURUN-SESI.png","width":238,"height":57,"caption":"Memurun Sesi"},"image":{"@id":"https:\/\/memurunsesi.net\/#\/schema\/logo\/image\/"},"sameAs":["https:\/\/www.facebook.com\/unipersen\/?locale=tr_TR","https:\/\/x.com\/unipersen"]},{"@type":"Person","@id":"https:\/\/memurunsesi.net\/#\/schema\/person\/f21c2d73b89f6ee1d80b0a1803e38587","name":"Memurun Sesi Haber Merkezi","image":{"@type":"ImageObject","inLanguage":"tr","@id":"https:\/\/secure.gravatar.com\/avatar\/6cf0505f452ee753f485014986fab09a434671d2b919ee76fc541025c5876a70?s=96&d=mm&r=g","url":"https:\/\/secure.gravatar.com\/avatar\/6cf0505f452ee753f485014986fab09a434671d2b919ee76fc541025c5876a70?s=96&d=mm&r=g","contentUrl":"https:\/\/secure.gravatar.com\/avatar\/6cf0505f452ee753f485014986fab09a434671d2b919ee76fc541025c5876a70?s=96&d=mm&r=g","caption":"Memurun Sesi Haber Merkezi"},"sameAs":["https:\/\/memurunsesi.net"],"url":"https:\/\/memurunsesi.net\/index.php\/author\/uniper\/"}]}},"_links":{"self":[{"href":"https:\/\/memurunsesi.net\/index.php\/wp-json\/wp\/v2\/posts\/19698","targetHints":{"allow":["GET"]}}],"collection":[{"href":"https:\/\/memurunsesi.net\/index.php\/wp-json\/wp\/v2\/posts"}],"about":[{"href":"https:\/\/memurunsesi.net\/index.php\/wp-json\/wp\/v2\/types\/post"}],"author":[{"embeddable":true,"href":"https:\/\/memurunsesi.net\/index.php\/wp-json\/wp\/v2\/users\/1"}],"replies":[{"embeddable":true,"href":"https:\/\/memurunsesi.net\/index.php\/wp-json\/wp\/v2\/comments?post=19698"}],"version-history":[{"count":1,"href":"https:\/\/memurunsesi.net\/index.php\/wp-json\/wp\/v2\/posts\/19698\/revisions"}],"predecessor-version":[{"id":19700,"href":"https:\/\/memurunsesi.net\/index.php\/wp-json\/wp\/v2\/posts\/19698\/revisions\/19700"}],"wp:featuredmedia":[{"embeddable":true,"href":"https:\/\/memurunsesi.net\/index.php\/wp-json\/wp\/v2\/media\/19699"}],"wp:attachment":[{"href":"https:\/\/memurunsesi.net\/index.php\/wp-json\/wp\/v2\/media?parent=19698"}],"wp:term":[{"taxonomy":"category","embeddable":true,"href":"https:\/\/memurunsesi.net\/index.php\/wp-json\/wp\/v2\/categories?post=19698"},{"taxonomy":"post_tag","embeddable":true,"href":"https:\/\/memurunsesi.net\/index.php\/wp-json\/wp\/v2\/tags?post=19698"}],"curies":[{"name":"wp","href":"https:\/\/api.w.org\/{rel}","templated":true}]}}