{"id":19702,"date":"2026-04-28T08:05:20","date_gmt":"2026-04-28T05:05:20","guid":{"rendered":"https:\/\/memurunsesi.net\/?p=19702"},"modified":"2026-04-28T08:05:20","modified_gmt":"2026-04-28T05:05:20","slug":"kayseride-suv-arac-ile-otomobil-carpisti-3u-agir-4-yarali","status":"publish","type":"post","link":"https:\/\/memurunsesi.net\/index.php\/2026\/04\/28\/kayseride-suv-arac-ile-otomobil-carpisti-3u-agir-4-yarali\/","title":{"rendered":"Kayseri\u2019de SUV ara\u00e7 ile otomobil \u00e7arp\u0131\u015ft\u0131: 3\u2019\u00fc a\u011f\u0131r 4 yaral\u0131"},"content":{"rendered":"<p>Kayseri\u2019nin Kocasinan il\u00e7esinde SUV ara\u00e7 ile otomobilin \u00e7arp\u0131\u015ft\u0131\u011f\u0131 trafik kazas\u0131nda, 3\u2019\u00fc a\u011f\u0131r 4 ki\u015fi yaraland\u0131.<br \/>\nEdinilen bilgiye g\u00f6re, il\u00e7eye ba\u011fl\u0131 Beyaz\u015fehir Mahallesi Sivas Bulvar\u0131 ile Osman \u00d6zcan Caddesi kesi\u015fimin de meydana gelen trafik kazas\u0131nda, O.A. y\u00f6netimindeki 38 ED 196 plakal\u0131 otomobille Y.Y. y\u00f6netimindeki 06 BYS 184 plakal\u0131 otomobil \u00e7arp\u0131\u015ft\u0131. \u0130hbar \u00fczerine b\u00f6lgeye polis, sa\u011fl\u0131k ve itfaiye ekipleri sevk edildi. Polis ekipleri \u00e7evrede g\u00fcvelik \u00f6nlemi al\u0131rken, itfaiye ekipleri de otomobillerde s\u0131k\u0131\u015fan yaral\u0131lar\u0131 \u00e7\u0131kard\u0131. Sa\u011fl\u0131k ekipleri ise kazada yaralanan s\u00fcr\u00fcc\u00fcler ile H.Y. ve D.D.\u2019yi olay yerindeki ilk m\u00fcdahalenin ard\u0131ndan ambulansla kentteki \u00e7e\u015fitli hastanelere kald\u0131rd\u0131. Yaral\u0131lardan O.A., H.Y. ve D.D.&#8217;nin durumlar\u0131n\u0131n a\u011f\u0131r oldu\u011fu \u00f6\u011frenilirken, \u00e7al\u0131\u015fmalar\u0131n ard\u0131ndan otomobiller \u00e7ekiciyle kald\u0131r\u0131ld\u0131.<br \/>\nKazayla ilgili soru\u015fturma ba\u015flat\u0131ld\u0131.<\/p>\n<p>28.04.2026<\/p>\n","protected":false},"excerpt":{"rendered":"<p>Kayseri\u2019nin Kocasinan il\u00e7esinde SUV ara\u00e7 ile otomobilin \u00e7arp\u0131\u015ft\u0131\u011f\u0131 trafik kazas\u0131nda, 3\u2019\u00fc a\u011f\u0131r 4 ki\u015fi yaraland\u0131. Edinilen bilgiye g\u00f6re, il\u00e7eye ba\u011fl\u0131 Beyaz\u015fehir Mahallesi Sivas Bulvar\u0131 ile Osman \u00d6zcan Caddesi kesi\u015fimin de meydana gelen trafik kazas\u0131nda, O.A. y\u00f6netimindeki 38 ED 196 plakal\u0131 otomobille Y.Y. y\u00f6netimindeki 06 BYS 184 plakal\u0131 otomobil \u00e7arp\u0131\u015ft\u0131. \u0130hbar \u00fczerine b\u00f6lgeye polis, sa\u011fl\u0131k ve [&hellip;]<\/p>\n","protected":false},"author":1,"featured_media":19703,"comment_status":"open","ping_status":"open","sticky":false,"template":"","format":"standard","meta":{"footnotes":""},"categories":[45],"tags":[3700,3696,3697,3699,3698,3316,3572],"class_list":["post-19702","post","type-post","status-publish","format-standard","has-post-thumbnail","hentry","category-gundem","tag-3u-agir-4-kisi","tag-kayserinin","tag-kocasinan-ilcesinde","tag-otomobilin-carpistigi","tag-suv-arac-ile","tag-trafik-kazasinda","tag-yaralandi"],"yoast_head":"<!-- This site is optimized with the Yoast SEO plugin v27.4 - https:\/\/yoast.com\/product\/yoast-seo-wordpress\/ -->\n<title>Kayseri\u2019de SUV ara\u00e7 ile otomobil \u00e7arp\u0131\u015ft\u0131: 3\u2019\u00fc a\u011f\u0131r 4 yaral\u0131 - Memurun Sesi<\/title>\n<meta name=\"description\" content=\"\u00a0 Kayseri\u2019nin Kocasinan il\u00e7esinde SUV ara\u00e7 ile otomobilin \u00e7arp\u0131\u015ft\u0131\u011f\u0131 trafik kazas\u0131nda, 3\u2019\u00fc a\u011f\u0131r 4 ki\u015fi yaraland\u0131.\" \/>\n<meta name=\"robots\" content=\"index, follow, max-snippet:-1, max-image-preview:large, max-video-preview:-1\" \/>\n<link rel=\"canonical\" href=\"https:\/\/memurunsesi.net\/index.php\/2026\/04\/28\/kayseride-suv-arac-ile-otomobil-carpisti-3u-agir-4-yarali\/\" \/>\n<meta property=\"og:locale\" content=\"tr_TR\" \/>\n<meta property=\"og:type\" content=\"article\" \/>\n<meta property=\"og:title\" content=\"Kayseri\u2019de SUV ara\u00e7 ile otomobil \u00e7arp\u0131\u015ft\u0131: 3\u2019\u00fc a\u011f\u0131r 4 yaral\u0131 - Memurun Sesi\" \/>\n<meta property=\"og:description\" content=\"\u00a0 Kayseri\u2019nin Kocasinan il\u00e7esinde SUV ara\u00e7 ile otomobilin \u00e7arp\u0131\u015ft\u0131\u011f\u0131 trafik kazas\u0131nda, 3\u2019\u00fc a\u011f\u0131r 4 ki\u015fi yaraland\u0131.\" \/>\n<meta property=\"og:url\" content=\"https:\/\/memurunsesi.net\/index.php\/2026\/04\/28\/kayseride-suv-arac-ile-otomobil-carpisti-3u-agir-4-yarali\/\" \/>\n<meta property=\"og:site_name\" content=\"Memurun Sesi\" \/>\n<meta property=\"article:publisher\" content=\"https:\/\/www.facebook.com\/unipersen\/?locale=tr_TR\" \/>\n<meta property=\"article:published_time\" content=\"2026-04-28T05:05:20+00:00\" \/>\n<meta property=\"og:image\" content=\"https:\/\/memurunsesi.net\/wp-content\/uploads\/2026\/04\/kayseri-3.jpg\" \/>\n\t<meta property=\"og:image:width\" content=\"1600\" \/>\n\t<meta property=\"og:image:height\" content=\"900\" \/>\n\t<meta property=\"og:image:type\" content=\"image\/jpeg\" \/>\n<meta name=\"author\" content=\"Memurun Sesi Haber Merkezi\" \/>\n<meta name=\"twitter:card\" content=\"summary_large_image\" \/>\n<meta name=\"twitter:creator\" content=\"@unipersen\" \/>\n<meta name=\"twitter:site\" content=\"@unipersen\" \/>\n<meta name=\"twitter:label1\" content=\"Yazan:\" \/>\n\t<meta name=\"twitter:data1\" content=\"Memurun Sesi Haber Merkezi\" \/>\n\t<meta name=\"twitter:label2\" content=\"Tahmini okuma s\u00fcresi\" \/>\n\t<meta name=\"twitter:data2\" content=\"1 dakika\" \/>\n<script type=\"application\/ld+json\" class=\"yoast-schema-graph\">{\"@context\":\"https:\\\/\\\/schema.org\",\"@graph\":[{\"@type\":\"Article\",\"@id\":\"https:\\\/\\\/memurunsesi.net\\\/index.php\\\/2026\\\/04\\\/28\\\/kayseride-suv-arac-ile-otomobil-carpisti-3u-agir-4-yarali\\\/#article\",\"isPartOf\":{\"@id\":\"https:\\\/\\\/memurunsesi.net\\\/index.php\\\/2026\\\/04\\\/28\\\/kayseride-suv-arac-ile-otomobil-carpisti-3u-agir-4-yarali\\\/\"},\"author\":{\"name\":\"Memurun Sesi Haber Merkezi\",\"@id\":\"https:\\\/\\\/memurunsesi.net\\\/#\\\/schema\\\/person\\\/f21c2d73b89f6ee1d80b0a1803e38587\"},\"headline\":\"Kayseri\u2019de SUV ara\u00e7 ile otomobil \u00e7arp\u0131\u015ft\u0131: 3\u2019\u00fc a\u011f\u0131r 4 yaral\u0131\",\"datePublished\":\"2026-04-28T05:05:20+00:00\",\"mainEntityOfPage\":{\"@id\":\"https:\\\/\\\/memurunsesi.net\\\/index.php\\\/2026\\\/04\\\/28\\\/kayseride-suv-arac-ile-otomobil-carpisti-3u-agir-4-yarali\\\/\"},\"wordCount\":169,\"commentCount\":0,\"publisher\":{\"@id\":\"https:\\\/\\\/memurunsesi.net\\\/#organization\"},\"image\":{\"@id\":\"https:\\\/\\\/memurunsesi.net\\\/index.php\\\/2026\\\/04\\\/28\\\/kayseride-suv-arac-ile-otomobil-carpisti-3u-agir-4-yarali\\\/#primaryimage\"},\"thumbnailUrl\":\"https:\\\/\\\/memurunsesi.net\\\/wp-content\\\/uploads\\\/2026\\\/04\\\/kayseri-3.jpg\",\"keywords\":[\"3\u2019\u00fc a\u011f\u0131r 4 ki\u015fi\",\"Kayseri\u2019nin\",\"Kocasinan il\u00e7esinde\",\"otomobilin \u00e7arp\u0131\u015ft\u0131\u011f\u0131\",\"SUV ara\u00e7 ile\",\"trafik kazas\u0131nda\",\"yaraland\u0131.\"],\"articleSection\":[\"G\u00fcndem\"],\"inLanguage\":\"tr\",\"potentialAction\":[{\"@type\":\"CommentAction\",\"name\":\"Comment\",\"target\":[\"https:\\\/\\\/memurunsesi.net\\\/index.php\\\/2026\\\/04\\\/28\\\/kayseride-suv-arac-ile-otomobil-carpisti-3u-agir-4-yarali\\\/#respond\"]}]},{\"@type\":\"WebPage\",\"@id\":\"https:\\\/\\\/memurunsesi.net\\\/index.php\\\/2026\\\/04\\\/28\\\/kayseride-suv-arac-ile-otomobil-carpisti-3u-agir-4-yarali\\\/\",\"url\":\"https:\\\/\\\/memurunsesi.net\\\/index.php\\\/2026\\\/04\\\/28\\\/kayseride-suv-arac-ile-otomobil-carpisti-3u-agir-4-yarali\\\/\",\"name\":\"Kayseri\u2019de SUV ara\u00e7 ile otomobil \u00e7arp\u0131\u015ft\u0131: 3\u2019\u00fc a\u011f\u0131r 4 yaral\u0131 - Memurun Sesi\",\"isPartOf\":{\"@id\":\"https:\\\/\\\/memurunsesi.net\\\/#website\"},\"primaryImageOfPage\":{\"@id\":\"https:\\\/\\\/memurunsesi.net\\\/index.php\\\/2026\\\/04\\\/28\\\/kayseride-suv-arac-ile-otomobil-carpisti-3u-agir-4-yarali\\\/#primaryimage\"},\"image\":{\"@id\":\"https:\\\/\\\/memurunsesi.net\\\/index.php\\\/2026\\\/04\\\/28\\\/kayseride-suv-arac-ile-otomobil-carpisti-3u-agir-4-yarali\\\/#primaryimage\"},\"thumbnailUrl\":\"https:\\\/\\\/memurunsesi.net\\\/wp-content\\\/uploads\\\/2026\\\/04\\\/kayseri-3.jpg\",\"datePublished\":\"2026-04-28T05:05:20+00:00\",\"description\":\"\u00a0 Kayseri\u2019nin Kocasinan il\u00e7esinde SUV ara\u00e7 ile otomobilin \u00e7arp\u0131\u015ft\u0131\u011f\u0131 trafik kazas\u0131nda, 3\u2019\u00fc a\u011f\u0131r 4 ki\u015fi yaraland\u0131.\",\"breadcrumb\":{\"@id\":\"https:\\\/\\\/memurunsesi.net\\\/index.php\\\/2026\\\/04\\\/28\\\/kayseride-suv-arac-ile-otomobil-carpisti-3u-agir-4-yarali\\\/#breadcrumb\"},\"inLanguage\":\"tr\",\"potentialAction\":[{\"@type\":\"ReadAction\",\"target\":[\"https:\\\/\\\/memurunsesi.net\\\/index.php\\\/2026\\\/04\\\/28\\\/kayseride-suv-arac-ile-otomobil-carpisti-3u-agir-4-yarali\\\/\"]}]},{\"@type\":\"ImageObject\",\"inLanguage\":\"tr\",\"@id\":\"https:\\\/\\\/memurunsesi.net\\\/index.php\\\/2026\\\/04\\\/28\\\/kayseride-suv-arac-ile-otomobil-carpisti-3u-agir-4-yarali\\\/#primaryimage\",\"url\":\"https:\\\/\\\/memurunsesi.net\\\/wp-content\\\/uploads\\\/2026\\\/04\\\/kayseri-3.jpg\",\"contentUrl\":\"https:\\\/\\\/memurunsesi.net\\\/wp-content\\\/uploads\\\/2026\\\/04\\\/kayseri-3.jpg\",\"width\":1600,\"height\":900},{\"@type\":\"BreadcrumbList\",\"@id\":\"https:\\\/\\\/memurunsesi.net\\\/index.php\\\/2026\\\/04\\\/28\\\/kayseride-suv-arac-ile-otomobil-carpisti-3u-agir-4-yarali\\\/#breadcrumb\",\"itemListElement\":[{\"@type\":\"ListItem\",\"position\":1,\"name\":\"Anasayfa\",\"item\":\"https:\\\/\\\/memurunsesi.net\\\/\"},{\"@type\":\"ListItem\",\"position\":2,\"name\":\"Kayseri\u2019de SUV ara\u00e7 ile otomobil \u00e7arp\u0131\u015ft\u0131: 3\u2019\u00fc a\u011f\u0131r 4 yaral\u0131\"}]},{\"@type\":\"WebSite\",\"@id\":\"https:\\\/\\\/memurunsesi.net\\\/#website\",\"url\":\"https:\\\/\\\/memurunsesi.net\\\/\",\"name\":\"Memurun Sesi\",\"description\":\"G\u00fcncel ve Do\u011fru Haber\",\"publisher\":{\"@id\":\"https:\\\/\\\/memurunsesi.net\\\/#organization\"},\"potentialAction\":[{\"@type\":\"SearchAction\",\"target\":{\"@type\":\"EntryPoint\",\"urlTemplate\":\"https:\\\/\\\/memurunsesi.net\\\/?s={search_term_string}\"},\"query-input\":{\"@type\":\"PropertyValueSpecification\",\"valueRequired\":true,\"valueName\":\"search_term_string\"}}],\"inLanguage\":\"tr\"},{\"@type\":\"Organization\",\"@id\":\"https:\\\/\\\/memurunsesi.net\\\/#organization\",\"name\":\"Memurun Sesi\",\"url\":\"https:\\\/\\\/memurunsesi.net\\\/\",\"logo\":{\"@type\":\"ImageObject\",\"inLanguage\":\"tr\",\"@id\":\"https:\\\/\\\/memurunsesi.net\\\/#\\\/schema\\\/logo\\\/image\\\/\",\"url\":\"https:\\\/\\\/memurunsesi.net\\\/wp-content\\\/uploads\\\/2025\\\/11\\\/cropped-MEMURUN-SESI.png\",\"contentUrl\":\"https:\\\/\\\/memurunsesi.net\\\/wp-content\\\/uploads\\\/2025\\\/11\\\/cropped-MEMURUN-SESI.png\",\"width\":238,\"height\":57,\"caption\":\"Memurun Sesi\"},\"image\":{\"@id\":\"https:\\\/\\\/memurunsesi.net\\\/#\\\/schema\\\/logo\\\/image\\\/\"},\"sameAs\":[\"https:\\\/\\\/www.facebook.com\\\/unipersen\\\/?locale=tr_TR\",\"https:\\\/\\\/x.com\\\/unipersen\"]},{\"@type\":\"Person\",\"@id\":\"https:\\\/\\\/memurunsesi.net\\\/#\\\/schema\\\/person\\\/f21c2d73b89f6ee1d80b0a1803e38587\",\"name\":\"Memurun Sesi Haber Merkezi\",\"image\":{\"@type\":\"ImageObject\",\"inLanguage\":\"tr\",\"@id\":\"https:\\\/\\\/secure.gravatar.com\\\/avatar\\\/6cf0505f452ee753f485014986fab09a434671d2b919ee76fc541025c5876a70?s=96&d=mm&r=g\",\"url\":\"https:\\\/\\\/secure.gravatar.com\\\/avatar\\\/6cf0505f452ee753f485014986fab09a434671d2b919ee76fc541025c5876a70?s=96&d=mm&r=g\",\"contentUrl\":\"https:\\\/\\\/secure.gravatar.com\\\/avatar\\\/6cf0505f452ee753f485014986fab09a434671d2b919ee76fc541025c5876a70?s=96&d=mm&r=g\",\"caption\":\"Memurun Sesi Haber Merkezi\"},\"sameAs\":[\"https:\\\/\\\/memurunsesi.net\"],\"url\":\"https:\\\/\\\/memurunsesi.net\\\/index.php\\\/author\\\/uniper\\\/\"}]}<\/script>\n<!-- \/ Yoast SEO plugin. -->","yoast_head_json":{"title":"Kayseri\u2019de SUV ara\u00e7 ile otomobil \u00e7arp\u0131\u015ft\u0131: 3\u2019\u00fc a\u011f\u0131r 4 yaral\u0131 - Memurun Sesi","description":"\u00a0 Kayseri\u2019nin Kocasinan il\u00e7esinde SUV ara\u00e7 ile otomobilin \u00e7arp\u0131\u015ft\u0131\u011f\u0131 trafik kazas\u0131nda, 3\u2019\u00fc a\u011f\u0131r 4 ki\u015fi yaraland\u0131.","robots":{"index":"index","follow":"follow","max-snippet":"max-snippet:-1","max-image-preview":"max-image-preview:large","max-video-preview":"max-video-preview:-1"},"canonical":"https:\/\/memurunsesi.net\/index.php\/2026\/04\/28\/kayseride-suv-arac-ile-otomobil-carpisti-3u-agir-4-yarali\/","og_locale":"tr_TR","og_type":"article","og_title":"Kayseri\u2019de SUV ara\u00e7 ile otomobil \u00e7arp\u0131\u015ft\u0131: 3\u2019\u00fc a\u011f\u0131r 4 yaral\u0131 - Memurun Sesi","og_description":"\u00a0 Kayseri\u2019nin Kocasinan il\u00e7esinde SUV ara\u00e7 ile otomobilin \u00e7arp\u0131\u015ft\u0131\u011f\u0131 trafik kazas\u0131nda, 3\u2019\u00fc a\u011f\u0131r 4 ki\u015fi yaraland\u0131.","og_url":"https:\/\/memurunsesi.net\/index.php\/2026\/04\/28\/kayseride-suv-arac-ile-otomobil-carpisti-3u-agir-4-yarali\/","og_site_name":"Memurun Sesi","article_publisher":"https:\/\/www.facebook.com\/unipersen\/?locale=tr_TR","article_published_time":"2026-04-28T05:05:20+00:00","og_image":[{"width":1600,"height":900,"url":"https:\/\/memurunsesi.net\/wp-content\/uploads\/2026\/04\/kayseri-3.jpg","type":"image\/jpeg"}],"author":"Memurun Sesi Haber Merkezi","twitter_card":"summary_large_image","twitter_creator":"@unipersen","twitter_site":"@unipersen","twitter_misc":{"Yazan:":"Memurun Sesi Haber Merkezi","Tahmini okuma s\u00fcresi":"1 dakika"},"schema":{"@context":"https:\/\/schema.org","@graph":[{"@type":"Article","@id":"https:\/\/memurunsesi.net\/index.php\/2026\/04\/28\/kayseride-suv-arac-ile-otomobil-carpisti-3u-agir-4-yarali\/#article","isPartOf":{"@id":"https:\/\/memurunsesi.net\/index.php\/2026\/04\/28\/kayseride-suv-arac-ile-otomobil-carpisti-3u-agir-4-yarali\/"},"author":{"name":"Memurun Sesi Haber Merkezi","@id":"https:\/\/memurunsesi.net\/#\/schema\/person\/f21c2d73b89f6ee1d80b0a1803e38587"},"headline":"Kayseri\u2019de SUV ara\u00e7 ile otomobil \u00e7arp\u0131\u015ft\u0131: 3\u2019\u00fc a\u011f\u0131r 4 yaral\u0131","datePublished":"2026-04-28T05:05:20+00:00","mainEntityOfPage":{"@id":"https:\/\/memurunsesi.net\/index.php\/2026\/04\/28\/kayseride-suv-arac-ile-otomobil-carpisti-3u-agir-4-yarali\/"},"wordCount":169,"commentCount":0,"publisher":{"@id":"https:\/\/memurunsesi.net\/#organization"},"image":{"@id":"https:\/\/memurunsesi.net\/index.php\/2026\/04\/28\/kayseride-suv-arac-ile-otomobil-carpisti-3u-agir-4-yarali\/#primaryimage"},"thumbnailUrl":"https:\/\/memurunsesi.net\/wp-content\/uploads\/2026\/04\/kayseri-3.jpg","keywords":["3\u2019\u00fc a\u011f\u0131r 4 ki\u015fi","Kayseri\u2019nin","Kocasinan il\u00e7esinde","otomobilin \u00e7arp\u0131\u015ft\u0131\u011f\u0131","SUV ara\u00e7 ile","trafik kazas\u0131nda","yaraland\u0131."],"articleSection":["G\u00fcndem"],"inLanguage":"tr","potentialAction":[{"@type":"CommentAction","name":"Comment","target":["https:\/\/memurunsesi.net\/index.php\/2026\/04\/28\/kayseride-suv-arac-ile-otomobil-carpisti-3u-agir-4-yarali\/#respond"]}]},{"@type":"WebPage","@id":"https:\/\/memurunsesi.net\/index.php\/2026\/04\/28\/kayseride-suv-arac-ile-otomobil-carpisti-3u-agir-4-yarali\/","url":"https:\/\/memurunsesi.net\/index.php\/2026\/04\/28\/kayseride-suv-arac-ile-otomobil-carpisti-3u-agir-4-yarali\/","name":"Kayseri\u2019de SUV ara\u00e7 ile otomobil \u00e7arp\u0131\u015ft\u0131: 3\u2019\u00fc a\u011f\u0131r 4 yaral\u0131 - Memurun Sesi","isPartOf":{"@id":"https:\/\/memurunsesi.net\/#website"},"primaryImageOfPage":{"@id":"https:\/\/memurunsesi.net\/index.php\/2026\/04\/28\/kayseride-suv-arac-ile-otomobil-carpisti-3u-agir-4-yarali\/#primaryimage"},"image":{"@id":"https:\/\/memurunsesi.net\/index.php\/2026\/04\/28\/kayseride-suv-arac-ile-otomobil-carpisti-3u-agir-4-yarali\/#primaryimage"},"thumbnailUrl":"https:\/\/memurunsesi.net\/wp-content\/uploads\/2026\/04\/kayseri-3.jpg","datePublished":"2026-04-28T05:05:20+00:00","description":"\u00a0 Kayseri\u2019nin Kocasinan il\u00e7esinde SUV ara\u00e7 ile otomobilin \u00e7arp\u0131\u015ft\u0131\u011f\u0131 trafik kazas\u0131nda, 3\u2019\u00fc a\u011f\u0131r 4 ki\u015fi yaraland\u0131.","breadcrumb":{"@id":"https:\/\/memurunsesi.net\/index.php\/2026\/04\/28\/kayseride-suv-arac-ile-otomobil-carpisti-3u-agir-4-yarali\/#breadcrumb"},"inLanguage":"tr","potentialAction":[{"@type":"ReadAction","target":["https:\/\/memurunsesi.net\/index.php\/2026\/04\/28\/kayseride-suv-arac-ile-otomobil-carpisti-3u-agir-4-yarali\/"]}]},{"@type":"ImageObject","inLanguage":"tr","@id":"https:\/\/memurunsesi.net\/index.php\/2026\/04\/28\/kayseride-suv-arac-ile-otomobil-carpisti-3u-agir-4-yarali\/#primaryimage","url":"https:\/\/memurunsesi.net\/wp-content\/uploads\/2026\/04\/kayseri-3.jpg","contentUrl":"https:\/\/memurunsesi.net\/wp-content\/uploads\/2026\/04\/kayseri-3.jpg","width":1600,"height":900},{"@type":"BreadcrumbList","@id":"https:\/\/memurunsesi.net\/index.php\/2026\/04\/28\/kayseride-suv-arac-ile-otomobil-carpisti-3u-agir-4-yarali\/#breadcrumb","itemListElement":[{"@type":"ListItem","position":1,"name":"Anasayfa","item":"https:\/\/memurunsesi.net\/"},{"@type":"ListItem","position":2,"name":"Kayseri\u2019de SUV ara\u00e7 ile otomobil \u00e7arp\u0131\u015ft\u0131: 3\u2019\u00fc a\u011f\u0131r 4 yaral\u0131"}]},{"@type":"WebSite","@id":"https:\/\/memurunsesi.net\/#website","url":"https:\/\/memurunsesi.net\/","name":"Memurun Sesi","description":"G\u00fcncel ve Do\u011fru Haber","publisher":{"@id":"https:\/\/memurunsesi.net\/#organization"},"potentialAction":[{"@type":"SearchAction","target":{"@type":"EntryPoint","urlTemplate":"https:\/\/memurunsesi.net\/?s={search_term_string}"},"query-input":{"@type":"PropertyValueSpecification","valueRequired":true,"valueName":"search_term_string"}}],"inLanguage":"tr"},{"@type":"Organization","@id":"https:\/\/memurunsesi.net\/#organization","name":"Memurun Sesi","url":"https:\/\/memurunsesi.net\/","logo":{"@type":"ImageObject","inLanguage":"tr","@id":"https:\/\/memurunsesi.net\/#\/schema\/logo\/image\/","url":"https:\/\/memurunsesi.net\/wp-content\/uploads\/2025\/11\/cropped-MEMURUN-SESI.png","contentUrl":"https:\/\/memurunsesi.net\/wp-content\/uploads\/2025\/11\/cropped-MEMURUN-SESI.png","width":238,"height":57,"caption":"Memurun Sesi"},"image":{"@id":"https:\/\/memurunsesi.net\/#\/schema\/logo\/image\/"},"sameAs":["https:\/\/www.facebook.com\/unipersen\/?locale=tr_TR","https:\/\/x.com\/unipersen"]},{"@type":"Person","@id":"https:\/\/memurunsesi.net\/#\/schema\/person\/f21c2d73b89f6ee1d80b0a1803e38587","name":"Memurun Sesi Haber Merkezi","image":{"@type":"ImageObject","inLanguage":"tr","@id":"https:\/\/secure.gravatar.com\/avatar\/6cf0505f452ee753f485014986fab09a434671d2b919ee76fc541025c5876a70?s=96&d=mm&r=g","url":"https:\/\/secure.gravatar.com\/avatar\/6cf0505f452ee753f485014986fab09a434671d2b919ee76fc541025c5876a70?s=96&d=mm&r=g","contentUrl":"https:\/\/secure.gravatar.com\/avatar\/6cf0505f452ee753f485014986fab09a434671d2b919ee76fc541025c5876a70?s=96&d=mm&r=g","caption":"Memurun Sesi Haber Merkezi"},"sameAs":["https:\/\/memurunsesi.net"],"url":"https:\/\/memurunsesi.net\/index.php\/author\/uniper\/"}]}},"_links":{"self":[{"href":"https:\/\/memurunsesi.net\/index.php\/wp-json\/wp\/v2\/posts\/19702","targetHints":{"allow":["GET"]}}],"collection":[{"href":"https:\/\/memurunsesi.net\/index.php\/wp-json\/wp\/v2\/posts"}],"about":[{"href":"https:\/\/memurunsesi.net\/index.php\/wp-json\/wp\/v2\/types\/post"}],"author":[{"embeddable":true,"href":"https:\/\/memurunsesi.net\/index.php\/wp-json\/wp\/v2\/users\/1"}],"replies":[{"embeddable":true,"href":"https:\/\/memurunsesi.net\/index.php\/wp-json\/wp\/v2\/comments?post=19702"}],"version-history":[{"count":1,"href":"https:\/\/memurunsesi.net\/index.php\/wp-json\/wp\/v2\/posts\/19702\/revisions"}],"predecessor-version":[{"id":19704,"href":"https:\/\/memurunsesi.net\/index.php\/wp-json\/wp\/v2\/posts\/19702\/revisions\/19704"}],"wp:featuredmedia":[{"embeddable":true,"href":"https:\/\/memurunsesi.net\/index.php\/wp-json\/wp\/v2\/media\/19703"}],"wp:attachment":[{"href":"https:\/\/memurunsesi.net\/index.php\/wp-json\/wp\/v2\/media?parent=19702"}],"wp:term":[{"taxonomy":"category","embeddable":true,"href":"https:\/\/memurunsesi.net\/index.php\/wp-json\/wp\/v2\/categories?post=19702"},{"taxonomy":"post_tag","embeddable":true,"href":"https:\/\/memurunsesi.net\/index.php\/wp-json\/wp\/v2\/tags?post=19702"}],"curies":[{"name":"wp","href":"https:\/\/api.w.org\/{rel}","templated":true}]}}