{"id":19708,"date":"2026-04-29T08:28:08","date_gmt":"2026-04-29T05:28:08","guid":{"rendered":"https:\/\/memurunsesi.net\/?p=19708"},"modified":"2026-04-29T08:28:08","modified_gmt":"2026-04-29T05:28:08","slug":"devler-liginde-9-gollu-macin-kazanani-psg","status":"publish","type":"post","link":"https:\/\/memurunsesi.net\/index.php\/2026\/04\/29\/devler-liginde-9-gollu-macin-kazanani-psg\/","title":{"rendered":"Devler Ligi&#8217;nde 9 goll\u00fc ma\u00e7\u0131n kazanan\u0131 PSG"},"content":{"rendered":"<p>&#8211; UEFA \u015eampiyonlar Ligi: PSG: 5 &#8211; Bayern M\u00fcnih: 4<\/p>\n<p>UEFA \u015eampiyonlar Ligi yar\u0131 finalinde 9 gol\u00fcn at\u0131ld\u0131\u011f\u0131 ma\u00e7ta Paris Saint-Germain, evinde Bayern M\u00fcnih&#8217;i 5-4 ma\u011flup etti.<br \/>\nUEFA \u015eampiyonlar Ligi yar\u0131 final ilk ma\u00e7\u0131nda Paris Saint-Germain, Alman ekibi Bayern M\u00fcnih&#8217;i konuk etti. Y\u00fcksek tempoda ba\u015flayan m\u00fccadelede ilk gol\u00fc Bayern buldu. Harry Kane, 17. dakikada tak\u0131m\u0131n\u0131 penalt\u0131 at\u0131\u015f\u0131ndan 1-0 \u00f6ne ge\u00e7irdi. Ev sahibi 24&#8217;te Kvaratskhelia ile beraberli\u011fi yakalarken, 33. dakikada Joao Neves&#8217;in kafa gol\u00fcyle \u00f6ne ge\u00e7ti. Kar\u015f\u0131l\u0131kl\u0131 ataklar\u0131n ya\u015fand\u0131\u011f\u0131 anlarda Michael Olise, 41. dakikada fileleri havaland\u0131rd\u0131. Bu golden dakikalar sonra VAR uyar\u0131s\u0131yla penalt\u0131 kazanan PSG, soyunma odas\u0131na 3-2&#8217;lik \u00fcst\u00fcnl\u00fckle girdi. M\u00fccadelenin 2. yar\u0131s\u0131 da tempolu ba\u015flarken Luis Enrique&#8217;nin \u00f6\u011frencileri 56. dakikada Kvaratskhelia ile bir gol daha buldu. Bu golden 2 dakika sonra ise Dembele topu a\u011flara g\u00f6nderdi. Son yar\u0131m saatlik dilime girilirken skor 5-2 oldu. Alman ekibi 65&#8217;te Upamecano ile fark\u0131 2&#8217;ye indirirken, 68. dakikada savunma arkas\u0131na sarkan Luis Diaz, tak\u0131m\u0131 ad\u0131na 4. gol\u00fc kaydetti.<br \/>\nKalan dakikalarda iki tak\u0131m da net pozisyonlara girerken m\u00fccadele 5-4, Frans\u0131z ekibinin lehine sonu\u00e7land\u0131.<br \/>\nBayern M\u00fcnih ile PSG aras\u0131ndaki yar\u0131 final r\u00f6van\u015f kar\u015f\u0131la\u015fmas\u0131 6 May\u0131s \u00c7ar\u015famba g\u00fcn\u00fc oynanacak.<\/p>\n<p>29.04.2026<\/p>\n","protected":false},"excerpt":{"rendered":"<p>&#8211; UEFA \u015eampiyonlar Ligi: PSG: 5 &#8211; Bayern M\u00fcnih: 4 UEFA \u015eampiyonlar Ligi yar\u0131 finalinde 9 gol\u00fcn at\u0131ld\u0131\u011f\u0131 ma\u00e7ta Paris Saint-Germain, evinde Bayern M\u00fcnih&#8217;i 5-4 ma\u011flup etti. UEFA \u015eampiyonlar Ligi yar\u0131 final ilk ma\u00e7\u0131nda Paris Saint-Germain, Alman ekibi Bayern M\u00fcnih&#8217;i konuk etti. Y\u00fcksek tempoda ba\u015flayan m\u00fccadelede ilk gol\u00fc Bayern buldu. Harry Kane, 17. dakikada tak\u0131m\u0131n\u0131 [&hellip;]<\/p>\n","protected":false},"author":1,"featured_media":19709,"comment_status":"open","ping_status":"open","sticky":false,"template":"","format":"standard","meta":{"footnotes":""},"categories":[57],"tags":[199],"class_list":["post-19708","post","type-post","status-publish","format-standard","has-post-thumbnail","hentry","category-spor","tag-mac"],"yoast_head":"<!-- This site is optimized with the Yoast SEO plugin v27.4 - https:\/\/yoast.com\/product\/yoast-seo-wordpress\/ -->\n<title>Devler Ligi&#039;nde 9 goll\u00fc ma\u00e7\u0131n kazanan\u0131 PSG - Memurun Sesi<\/title>\n<meta name=\"description\" content=\"\u00a0UEFA \u015eampiyonlar Ligi yar\u0131 finalinde 9 gol\u00fcn at\u0131ld\u0131\u011f\u0131 ma\u00e7ta Paris Saint-Germain, evinde Bayern M\u00fcnih&#039;i 5-4 ma\u011flup etti.\" \/>\n<meta name=\"robots\" content=\"index, follow, max-snippet:-1, max-image-preview:large, max-video-preview:-1\" \/>\n<link rel=\"canonical\" href=\"https:\/\/memurunsesi.net\/index.php\/2026\/04\/29\/devler-liginde-9-gollu-macin-kazanani-psg\/\" \/>\n<meta property=\"og:locale\" content=\"tr_TR\" \/>\n<meta property=\"og:type\" content=\"article\" \/>\n<meta property=\"og:title\" content=\"Devler Ligi&#039;nde 9 goll\u00fc ma\u00e7\u0131n kazanan\u0131 PSG - Memurun Sesi\" \/>\n<meta property=\"og:description\" content=\"\u00a0UEFA \u015eampiyonlar Ligi yar\u0131 finalinde 9 gol\u00fcn at\u0131ld\u0131\u011f\u0131 ma\u00e7ta Paris Saint-Germain, evinde Bayern M\u00fcnih&#039;i 5-4 ma\u011flup etti.\" \/>\n<meta property=\"og:url\" content=\"https:\/\/memurunsesi.net\/index.php\/2026\/04\/29\/devler-liginde-9-gollu-macin-kazanani-psg\/\" \/>\n<meta property=\"og:site_name\" content=\"Memurun Sesi\" \/>\n<meta property=\"article:publisher\" content=\"https:\/\/www.facebook.com\/unipersen\/?locale=tr_TR\" \/>\n<meta property=\"article:published_time\" content=\"2026-04-29T05:28:08+00:00\" \/>\n<meta property=\"og:image\" content=\"https:\/\/memurunsesi.net\/wp-content\/uploads\/2026\/04\/MAC-18-scaled.jpg\" \/>\n\t<meta property=\"og:image:width\" content=\"2560\" \/>\n\t<meta property=\"og:image:height\" content=\"1707\" \/>\n\t<meta property=\"og:image:type\" content=\"image\/jpeg\" \/>\n<meta name=\"author\" content=\"Memurun Sesi Haber Merkezi\" \/>\n<meta name=\"twitter:card\" content=\"summary_large_image\" \/>\n<meta name=\"twitter:creator\" content=\"@unipersen\" \/>\n<meta name=\"twitter:site\" content=\"@unipersen\" \/>\n<meta name=\"twitter:label1\" content=\"Yazan:\" \/>\n\t<meta name=\"twitter:data1\" content=\"Memurun Sesi Haber Merkezi\" \/>\n\t<meta name=\"twitter:label2\" content=\"Tahmini okuma s\u00fcresi\" \/>\n\t<meta name=\"twitter:data2\" content=\"2 dakika\" \/>\n<script type=\"application\/ld+json\" class=\"yoast-schema-graph\">{\"@context\":\"https:\\\/\\\/schema.org\",\"@graph\":[{\"@type\":\"Article\",\"@id\":\"https:\\\/\\\/memurunsesi.net\\\/index.php\\\/2026\\\/04\\\/29\\\/devler-liginde-9-gollu-macin-kazanani-psg\\\/#article\",\"isPartOf\":{\"@id\":\"https:\\\/\\\/memurunsesi.net\\\/index.php\\\/2026\\\/04\\\/29\\\/devler-liginde-9-gollu-macin-kazanani-psg\\\/\"},\"author\":{\"name\":\"Memurun Sesi Haber Merkezi\",\"@id\":\"https:\\\/\\\/memurunsesi.net\\\/#\\\/schema\\\/person\\\/f21c2d73b89f6ee1d80b0a1803e38587\"},\"headline\":\"Devler Ligi&#8217;nde 9 goll\u00fc ma\u00e7\u0131n kazanan\u0131 PSG\",\"datePublished\":\"2026-04-29T05:28:08+00:00\",\"mainEntityOfPage\":{\"@id\":\"https:\\\/\\\/memurunsesi.net\\\/index.php\\\/2026\\\/04\\\/29\\\/devler-liginde-9-gollu-macin-kazanani-psg\\\/\"},\"wordCount\":232,\"commentCount\":0,\"publisher\":{\"@id\":\"https:\\\/\\\/memurunsesi.net\\\/#organization\"},\"image\":{\"@id\":\"https:\\\/\\\/memurunsesi.net\\\/index.php\\\/2026\\\/04\\\/29\\\/devler-liginde-9-gollu-macin-kazanani-psg\\\/#primaryimage\"},\"thumbnailUrl\":\"https:\\\/\\\/memurunsesi.net\\\/wp-content\\\/uploads\\\/2026\\\/04\\\/MAC-18-scaled.jpg\",\"keywords\":[\"ma\u00e7\"],\"articleSection\":[\"Spor\"],\"inLanguage\":\"tr\",\"potentialAction\":[{\"@type\":\"CommentAction\",\"name\":\"Comment\",\"target\":[\"https:\\\/\\\/memurunsesi.net\\\/index.php\\\/2026\\\/04\\\/29\\\/devler-liginde-9-gollu-macin-kazanani-psg\\\/#respond\"]}]},{\"@type\":\"WebPage\",\"@id\":\"https:\\\/\\\/memurunsesi.net\\\/index.php\\\/2026\\\/04\\\/29\\\/devler-liginde-9-gollu-macin-kazanani-psg\\\/\",\"url\":\"https:\\\/\\\/memurunsesi.net\\\/index.php\\\/2026\\\/04\\\/29\\\/devler-liginde-9-gollu-macin-kazanani-psg\\\/\",\"name\":\"Devler Ligi'nde 9 goll\u00fc ma\u00e7\u0131n kazanan\u0131 PSG - Memurun Sesi\",\"isPartOf\":{\"@id\":\"https:\\\/\\\/memurunsesi.net\\\/#website\"},\"primaryImageOfPage\":{\"@id\":\"https:\\\/\\\/memurunsesi.net\\\/index.php\\\/2026\\\/04\\\/29\\\/devler-liginde-9-gollu-macin-kazanani-psg\\\/#primaryimage\"},\"image\":{\"@id\":\"https:\\\/\\\/memurunsesi.net\\\/index.php\\\/2026\\\/04\\\/29\\\/devler-liginde-9-gollu-macin-kazanani-psg\\\/#primaryimage\"},\"thumbnailUrl\":\"https:\\\/\\\/memurunsesi.net\\\/wp-content\\\/uploads\\\/2026\\\/04\\\/MAC-18-scaled.jpg\",\"datePublished\":\"2026-04-29T05:28:08+00:00\",\"description\":\"\u00a0UEFA \u015eampiyonlar Ligi yar\u0131 finalinde 9 gol\u00fcn at\u0131ld\u0131\u011f\u0131 ma\u00e7ta Paris Saint-Germain, evinde Bayern M\u00fcnih'i 5-4 ma\u011flup etti.\",\"breadcrumb\":{\"@id\":\"https:\\\/\\\/memurunsesi.net\\\/index.php\\\/2026\\\/04\\\/29\\\/devler-liginde-9-gollu-macin-kazanani-psg\\\/#breadcrumb\"},\"inLanguage\":\"tr\",\"potentialAction\":[{\"@type\":\"ReadAction\",\"target\":[\"https:\\\/\\\/memurunsesi.net\\\/index.php\\\/2026\\\/04\\\/29\\\/devler-liginde-9-gollu-macin-kazanani-psg\\\/\"]}]},{\"@type\":\"ImageObject\",\"inLanguage\":\"tr\",\"@id\":\"https:\\\/\\\/memurunsesi.net\\\/index.php\\\/2026\\\/04\\\/29\\\/devler-liginde-9-gollu-macin-kazanani-psg\\\/#primaryimage\",\"url\":\"https:\\\/\\\/memurunsesi.net\\\/wp-content\\\/uploads\\\/2026\\\/04\\\/MAC-18-scaled.jpg\",\"contentUrl\":\"https:\\\/\\\/memurunsesi.net\\\/wp-content\\\/uploads\\\/2026\\\/04\\\/MAC-18-scaled.jpg\",\"width\":2560,\"height\":1707,\"caption\":\"epa12920253 Joao Neves of PSG (C) celebrates with his teammates after scoring the 2-1 goal during the UEFA Champions League semi-final match between Paris Saint-Germain and Bayern Munich in Paris, France 28 April 2026. EPA\\\/MOHAMMED BADRA\"},{\"@type\":\"BreadcrumbList\",\"@id\":\"https:\\\/\\\/memurunsesi.net\\\/index.php\\\/2026\\\/04\\\/29\\\/devler-liginde-9-gollu-macin-kazanani-psg\\\/#breadcrumb\",\"itemListElement\":[{\"@type\":\"ListItem\",\"position\":1,\"name\":\"Anasayfa\",\"item\":\"https:\\\/\\\/memurunsesi.net\\\/\"},{\"@type\":\"ListItem\",\"position\":2,\"name\":\"Devler Ligi&#8217;nde 9 goll\u00fc ma\u00e7\u0131n kazanan\u0131 PSG\"}]},{\"@type\":\"WebSite\",\"@id\":\"https:\\\/\\\/memurunsesi.net\\\/#website\",\"url\":\"https:\\\/\\\/memurunsesi.net\\\/\",\"name\":\"Memurun Sesi\",\"description\":\"G\u00fcncel ve Do\u011fru Haber\",\"publisher\":{\"@id\":\"https:\\\/\\\/memurunsesi.net\\\/#organization\"},\"potentialAction\":[{\"@type\":\"SearchAction\",\"target\":{\"@type\":\"EntryPoint\",\"urlTemplate\":\"https:\\\/\\\/memurunsesi.net\\\/?s={search_term_string}\"},\"query-input\":{\"@type\":\"PropertyValueSpecification\",\"valueRequired\":true,\"valueName\":\"search_term_string\"}}],\"inLanguage\":\"tr\"},{\"@type\":\"Organization\",\"@id\":\"https:\\\/\\\/memurunsesi.net\\\/#organization\",\"name\":\"Memurun Sesi\",\"url\":\"https:\\\/\\\/memurunsesi.net\\\/\",\"logo\":{\"@type\":\"ImageObject\",\"inLanguage\":\"tr\",\"@id\":\"https:\\\/\\\/memurunsesi.net\\\/#\\\/schema\\\/logo\\\/image\\\/\",\"url\":\"https:\\\/\\\/memurunsesi.net\\\/wp-content\\\/uploads\\\/2025\\\/11\\\/cropped-MEMURUN-SESI.png\",\"contentUrl\":\"https:\\\/\\\/memurunsesi.net\\\/wp-content\\\/uploads\\\/2025\\\/11\\\/cropped-MEMURUN-SESI.png\",\"width\":238,\"height\":57,\"caption\":\"Memurun Sesi\"},\"image\":{\"@id\":\"https:\\\/\\\/memurunsesi.net\\\/#\\\/schema\\\/logo\\\/image\\\/\"},\"sameAs\":[\"https:\\\/\\\/www.facebook.com\\\/unipersen\\\/?locale=tr_TR\",\"https:\\\/\\\/x.com\\\/unipersen\"]},{\"@type\":\"Person\",\"@id\":\"https:\\\/\\\/memurunsesi.net\\\/#\\\/schema\\\/person\\\/f21c2d73b89f6ee1d80b0a1803e38587\",\"name\":\"Memurun Sesi Haber Merkezi\",\"image\":{\"@type\":\"ImageObject\",\"inLanguage\":\"tr\",\"@id\":\"https:\\\/\\\/secure.gravatar.com\\\/avatar\\\/6cf0505f452ee753f485014986fab09a434671d2b919ee76fc541025c5876a70?s=96&d=mm&r=g\",\"url\":\"https:\\\/\\\/secure.gravatar.com\\\/avatar\\\/6cf0505f452ee753f485014986fab09a434671d2b919ee76fc541025c5876a70?s=96&d=mm&r=g\",\"contentUrl\":\"https:\\\/\\\/secure.gravatar.com\\\/avatar\\\/6cf0505f452ee753f485014986fab09a434671d2b919ee76fc541025c5876a70?s=96&d=mm&r=g\",\"caption\":\"Memurun Sesi Haber Merkezi\"},\"sameAs\":[\"https:\\\/\\\/memurunsesi.net\"],\"url\":\"https:\\\/\\\/memurunsesi.net\\\/index.php\\\/author\\\/uniper\\\/\"}]}<\/script>\n<!-- \/ Yoast SEO plugin. -->","yoast_head_json":{"title":"Devler Ligi'nde 9 goll\u00fc ma\u00e7\u0131n kazanan\u0131 PSG - Memurun Sesi","description":"\u00a0UEFA \u015eampiyonlar Ligi yar\u0131 finalinde 9 gol\u00fcn at\u0131ld\u0131\u011f\u0131 ma\u00e7ta Paris Saint-Germain, evinde Bayern M\u00fcnih'i 5-4 ma\u011flup etti.","robots":{"index":"index","follow":"follow","max-snippet":"max-snippet:-1","max-image-preview":"max-image-preview:large","max-video-preview":"max-video-preview:-1"},"canonical":"https:\/\/memurunsesi.net\/index.php\/2026\/04\/29\/devler-liginde-9-gollu-macin-kazanani-psg\/","og_locale":"tr_TR","og_type":"article","og_title":"Devler Ligi'nde 9 goll\u00fc ma\u00e7\u0131n kazanan\u0131 PSG - Memurun Sesi","og_description":"\u00a0UEFA \u015eampiyonlar Ligi yar\u0131 finalinde 9 gol\u00fcn at\u0131ld\u0131\u011f\u0131 ma\u00e7ta Paris Saint-Germain, evinde Bayern M\u00fcnih'i 5-4 ma\u011flup etti.","og_url":"https:\/\/memurunsesi.net\/index.php\/2026\/04\/29\/devler-liginde-9-gollu-macin-kazanani-psg\/","og_site_name":"Memurun Sesi","article_publisher":"https:\/\/www.facebook.com\/unipersen\/?locale=tr_TR","article_published_time":"2026-04-29T05:28:08+00:00","og_image":[{"width":2560,"height":1707,"url":"https:\/\/memurunsesi.net\/wp-content\/uploads\/2026\/04\/MAC-18-scaled.jpg","type":"image\/jpeg"}],"author":"Memurun Sesi Haber Merkezi","twitter_card":"summary_large_image","twitter_creator":"@unipersen","twitter_site":"@unipersen","twitter_misc":{"Yazan:":"Memurun Sesi Haber Merkezi","Tahmini okuma s\u00fcresi":"2 dakika"},"schema":{"@context":"https:\/\/schema.org","@graph":[{"@type":"Article","@id":"https:\/\/memurunsesi.net\/index.php\/2026\/04\/29\/devler-liginde-9-gollu-macin-kazanani-psg\/#article","isPartOf":{"@id":"https:\/\/memurunsesi.net\/index.php\/2026\/04\/29\/devler-liginde-9-gollu-macin-kazanani-psg\/"},"author":{"name":"Memurun Sesi Haber Merkezi","@id":"https:\/\/memurunsesi.net\/#\/schema\/person\/f21c2d73b89f6ee1d80b0a1803e38587"},"headline":"Devler Ligi&#8217;nde 9 goll\u00fc ma\u00e7\u0131n kazanan\u0131 PSG","datePublished":"2026-04-29T05:28:08+00:00","mainEntityOfPage":{"@id":"https:\/\/memurunsesi.net\/index.php\/2026\/04\/29\/devler-liginde-9-gollu-macin-kazanani-psg\/"},"wordCount":232,"commentCount":0,"publisher":{"@id":"https:\/\/memurunsesi.net\/#organization"},"image":{"@id":"https:\/\/memurunsesi.net\/index.php\/2026\/04\/29\/devler-liginde-9-gollu-macin-kazanani-psg\/#primaryimage"},"thumbnailUrl":"https:\/\/memurunsesi.net\/wp-content\/uploads\/2026\/04\/MAC-18-scaled.jpg","keywords":["ma\u00e7"],"articleSection":["Spor"],"inLanguage":"tr","potentialAction":[{"@type":"CommentAction","name":"Comment","target":["https:\/\/memurunsesi.net\/index.php\/2026\/04\/29\/devler-liginde-9-gollu-macin-kazanani-psg\/#respond"]}]},{"@type":"WebPage","@id":"https:\/\/memurunsesi.net\/index.php\/2026\/04\/29\/devler-liginde-9-gollu-macin-kazanani-psg\/","url":"https:\/\/memurunsesi.net\/index.php\/2026\/04\/29\/devler-liginde-9-gollu-macin-kazanani-psg\/","name":"Devler Ligi'nde 9 goll\u00fc ma\u00e7\u0131n kazanan\u0131 PSG - Memurun Sesi","isPartOf":{"@id":"https:\/\/memurunsesi.net\/#website"},"primaryImageOfPage":{"@id":"https:\/\/memurunsesi.net\/index.php\/2026\/04\/29\/devler-liginde-9-gollu-macin-kazanani-psg\/#primaryimage"},"image":{"@id":"https:\/\/memurunsesi.net\/index.php\/2026\/04\/29\/devler-liginde-9-gollu-macin-kazanani-psg\/#primaryimage"},"thumbnailUrl":"https:\/\/memurunsesi.net\/wp-content\/uploads\/2026\/04\/MAC-18-scaled.jpg","datePublished":"2026-04-29T05:28:08+00:00","description":"\u00a0UEFA \u015eampiyonlar Ligi yar\u0131 finalinde 9 gol\u00fcn at\u0131ld\u0131\u011f\u0131 ma\u00e7ta Paris Saint-Germain, evinde Bayern M\u00fcnih'i 5-4 ma\u011flup etti.","breadcrumb":{"@id":"https:\/\/memurunsesi.net\/index.php\/2026\/04\/29\/devler-liginde-9-gollu-macin-kazanani-psg\/#breadcrumb"},"inLanguage":"tr","potentialAction":[{"@type":"ReadAction","target":["https:\/\/memurunsesi.net\/index.php\/2026\/04\/29\/devler-liginde-9-gollu-macin-kazanani-psg\/"]}]},{"@type":"ImageObject","inLanguage":"tr","@id":"https:\/\/memurunsesi.net\/index.php\/2026\/04\/29\/devler-liginde-9-gollu-macin-kazanani-psg\/#primaryimage","url":"https:\/\/memurunsesi.net\/wp-content\/uploads\/2026\/04\/MAC-18-scaled.jpg","contentUrl":"https:\/\/memurunsesi.net\/wp-content\/uploads\/2026\/04\/MAC-18-scaled.jpg","width":2560,"height":1707,"caption":"epa12920253 Joao Neves of PSG (C) celebrates with his teammates after scoring the 2-1 goal during the UEFA Champions League semi-final match between Paris Saint-Germain and Bayern Munich in Paris, France 28 April 2026. EPA\/MOHAMMED BADRA"},{"@type":"BreadcrumbList","@id":"https:\/\/memurunsesi.net\/index.php\/2026\/04\/29\/devler-liginde-9-gollu-macin-kazanani-psg\/#breadcrumb","itemListElement":[{"@type":"ListItem","position":1,"name":"Anasayfa","item":"https:\/\/memurunsesi.net\/"},{"@type":"ListItem","position":2,"name":"Devler Ligi&#8217;nde 9 goll\u00fc ma\u00e7\u0131n kazanan\u0131 PSG"}]},{"@type":"WebSite","@id":"https:\/\/memurunsesi.net\/#website","url":"https:\/\/memurunsesi.net\/","name":"Memurun Sesi","description":"G\u00fcncel ve Do\u011fru Haber","publisher":{"@id":"https:\/\/memurunsesi.net\/#organization"},"potentialAction":[{"@type":"SearchAction","target":{"@type":"EntryPoint","urlTemplate":"https:\/\/memurunsesi.net\/?s={search_term_string}"},"query-input":{"@type":"PropertyValueSpecification","valueRequired":true,"valueName":"search_term_string"}}],"inLanguage":"tr"},{"@type":"Organization","@id":"https:\/\/memurunsesi.net\/#organization","name":"Memurun Sesi","url":"https:\/\/memurunsesi.net\/","logo":{"@type":"ImageObject","inLanguage":"tr","@id":"https:\/\/memurunsesi.net\/#\/schema\/logo\/image\/","url":"https:\/\/memurunsesi.net\/wp-content\/uploads\/2025\/11\/cropped-MEMURUN-SESI.png","contentUrl":"https:\/\/memurunsesi.net\/wp-content\/uploads\/2025\/11\/cropped-MEMURUN-SESI.png","width":238,"height":57,"caption":"Memurun Sesi"},"image":{"@id":"https:\/\/memurunsesi.net\/#\/schema\/logo\/image\/"},"sameAs":["https:\/\/www.facebook.com\/unipersen\/?locale=tr_TR","https:\/\/x.com\/unipersen"]},{"@type":"Person","@id":"https:\/\/memurunsesi.net\/#\/schema\/person\/f21c2d73b89f6ee1d80b0a1803e38587","name":"Memurun Sesi Haber Merkezi","image":{"@type":"ImageObject","inLanguage":"tr","@id":"https:\/\/secure.gravatar.com\/avatar\/6cf0505f452ee753f485014986fab09a434671d2b919ee76fc541025c5876a70?s=96&d=mm&r=g","url":"https:\/\/secure.gravatar.com\/avatar\/6cf0505f452ee753f485014986fab09a434671d2b919ee76fc541025c5876a70?s=96&d=mm&r=g","contentUrl":"https:\/\/secure.gravatar.com\/avatar\/6cf0505f452ee753f485014986fab09a434671d2b919ee76fc541025c5876a70?s=96&d=mm&r=g","caption":"Memurun Sesi Haber Merkezi"},"sameAs":["https:\/\/memurunsesi.net"],"url":"https:\/\/memurunsesi.net\/index.php\/author\/uniper\/"}]}},"_links":{"self":[{"href":"https:\/\/memurunsesi.net\/index.php\/wp-json\/wp\/v2\/posts\/19708","targetHints":{"allow":["GET"]}}],"collection":[{"href":"https:\/\/memurunsesi.net\/index.php\/wp-json\/wp\/v2\/posts"}],"about":[{"href":"https:\/\/memurunsesi.net\/index.php\/wp-json\/wp\/v2\/types\/post"}],"author":[{"embeddable":true,"href":"https:\/\/memurunsesi.net\/index.php\/wp-json\/wp\/v2\/users\/1"}],"replies":[{"embeddable":true,"href":"https:\/\/memurunsesi.net\/index.php\/wp-json\/wp\/v2\/comments?post=19708"}],"version-history":[{"count":1,"href":"https:\/\/memurunsesi.net\/index.php\/wp-json\/wp\/v2\/posts\/19708\/revisions"}],"predecessor-version":[{"id":19710,"href":"https:\/\/memurunsesi.net\/index.php\/wp-json\/wp\/v2\/posts\/19708\/revisions\/19710"}],"wp:featuredmedia":[{"embeddable":true,"href":"https:\/\/memurunsesi.net\/index.php\/wp-json\/wp\/v2\/media\/19709"}],"wp:attachment":[{"href":"https:\/\/memurunsesi.net\/index.php\/wp-json\/wp\/v2\/media?parent=19708"}],"wp:term":[{"taxonomy":"category","embeddable":true,"href":"https:\/\/memurunsesi.net\/index.php\/wp-json\/wp\/v2\/categories?post=19708"},{"taxonomy":"post_tag","embeddable":true,"href":"https:\/\/memurunsesi.net\/index.php\/wp-json\/wp\/v2\/tags?post=19708"}],"curies":[{"name":"wp","href":"https:\/\/api.w.org\/{rel}","templated":true}]}}