{"id":19711,"date":"2026-04-29T08:34:11","date_gmt":"2026-04-29T05:34:11","guid":{"rendered":"https:\/\/memurunsesi.net\/?p=19711"},"modified":"2026-04-29T08:34:11","modified_gmt":"2026-04-29T05:34:11","slug":"beykozda-servis-minibusu-ile-otomobil-carpisti-1i-agir-12-yarali","status":"publish","type":"post","link":"https:\/\/memurunsesi.net\/index.php\/2026\/04\/29\/beykozda-servis-minibusu-ile-otomobil-carpisti-1i-agir-12-yarali\/","title":{"rendered":"Beykoz\u2019da servis minib\u00fcs\u00fc ile otomobil \u00e7arp\u0131\u015ft\u0131: 1\u2019i a\u011f\u0131r 12 yaral\u0131"},"content":{"rendered":"<p>Beykoz&#8217;da servis minib\u00fcs\u00fc ile bir otomobilin \u00e7arp\u0131\u015fmas\u0131 sonucu meydana gelen trafik kazas\u0131nda 1\u2019i a\u011f\u0131r toplam 12 ki\u015fi yaraland\u0131. Otomobil i\u00e7erisinde s\u0131k\u0131\u015fan s\u00fcr\u00fcc\u00fc, itfaiye ekiplerinin m\u00fcdahalesiyle kurtar\u0131l\u0131rken, Kaymakdonduran Caddesi kaza nedeniyle bir s\u00fcreli\u011fine trafi\u011fe kapat\u0131ld\u0131.<br \/>\nKaza, 22.45 s\u0131ralar\u0131nda Beykoz Merkez Mahallesi&#8217;nde meydana geldi. Kaymakdonduran Caddesi \u00fczerinde seyir halindeki bir servis minib\u00fcs\u00fc ile bir otomobil hen\u00fcz belirlenemeyen bir nedenle \u00e7arp\u0131\u015ft\u0131. \u00c7arp\u0131\u015fman\u0131n \u015fiddetiyle hurdaya d\u00f6nen otomobilin s\u00fcr\u00fcc\u00fcs\u00fc ara\u00e7 i\u00e7erisinde s\u0131k\u0131\u015ft\u0131. \u0130hbar \u00fczerine olay yerine \u00e7ok say\u0131da itfaiye, polis ve sa\u011fl\u0131k ekibi sevk edildi. \u0130tfaiye ekiplerinin yo\u011fun \u00e7al\u0131\u015fmas\u0131 sonucu s\u0131k\u0131\u015ft\u0131\u011f\u0131 yerden \u00e7\u0131kar\u0131lan s\u00fcr\u00fcc\u00fcn\u00fcn durumunun a\u011f\u0131r oldu\u011fu belirlendi. Kazada servis minib\u00fcs\u00fcnde bulunan 11 ki\u015fi de yaraland\u0131. Yaral\u0131lar, olay yerindeki ilk m\u00fcdahalelerinin ard\u0131ndan ambulanslarla hastaneye kald\u0131r\u0131ld\u0131. Kaza nedeniyle trafik ak\u0131\u015f\u0131na kapat\u0131lan Kaymakdonduran Caddesi, ara\u00e7lar\u0131n \u00e7ekici yard\u0131m\u0131yla kald\u0131r\u0131lmas\u0131n\u0131n ard\u0131ndan yeniden normale d\u00f6nd\u00fc. Polis ekipleri kazayla ilgili inceleme ba\u015flatt\u0131.<\/p>\n<p>29.04.2026<\/p>\n","protected":false},"excerpt":{"rendered":"<p>Beykoz&#8217;da servis minib\u00fcs\u00fc ile bir otomobilin \u00e7arp\u0131\u015fmas\u0131 sonucu meydana gelen trafik kazas\u0131nda 1\u2019i a\u011f\u0131r toplam 12 ki\u015fi yaraland\u0131. Otomobil i\u00e7erisinde s\u0131k\u0131\u015fan s\u00fcr\u00fcc\u00fc, itfaiye ekiplerinin m\u00fcdahalesiyle kurtar\u0131l\u0131rken, Kaymakdonduran Caddesi kaza nedeniyle bir s\u00fcreli\u011fine trafi\u011fe kapat\u0131ld\u0131. Kaza, 22.45 s\u0131ralar\u0131nda Beykoz Merkez Mahallesi&#8217;nde meydana geldi. Kaymakdonduran Caddesi \u00fczerinde seyir halindeki bir servis minib\u00fcs\u00fc ile bir otomobil hen\u00fcz belirlenemeyen [&hellip;]<\/p>\n","protected":false},"author":1,"featured_media":19712,"comment_status":"open","ping_status":"open","sticky":false,"template":"","format":"standard","meta":{"footnotes":""},"categories":[45],"tags":[3702,3701],"class_list":["post-19711","post","type-post","status-publish","format-standard","has-post-thumbnail","hentry","category-gundem","tag-otomobil-carpisti","tag-servis-minibusu"],"yoast_head":"<!-- This site is optimized with the Yoast SEO plugin v27.4 - https:\/\/yoast.com\/product\/yoast-seo-wordpress\/ -->\n<title>Beykoz\u2019da servis minib\u00fcs\u00fc ile otomobil \u00e7arp\u0131\u015ft\u0131: 1\u2019i a\u011f\u0131r 12 yaral\u0131 - Memurun Sesi<\/title>\n<meta name=\"description\" content=\"\u00a0 \u00a0Beykoz&#039;da servis minib\u00fcs\u00fc ile bir otomobilin \u00e7arp\u0131\u015fmas\u0131 sonucu meydana gelen trafik kazas\u0131nda 1\u2019i a\u011f\u0131r toplam 12 ki\u015fi yaraland\u0131.\" \/>\n<meta name=\"robots\" content=\"index, follow, max-snippet:-1, max-image-preview:large, max-video-preview:-1\" \/>\n<link rel=\"canonical\" href=\"https:\/\/memurunsesi.net\/index.php\/2026\/04\/29\/beykozda-servis-minibusu-ile-otomobil-carpisti-1i-agir-12-yarali\/\" \/>\n<meta property=\"og:locale\" content=\"tr_TR\" \/>\n<meta property=\"og:type\" content=\"article\" \/>\n<meta property=\"og:title\" content=\"Beykoz\u2019da servis minib\u00fcs\u00fc ile otomobil \u00e7arp\u0131\u015ft\u0131: 1\u2019i a\u011f\u0131r 12 yaral\u0131 - Memurun Sesi\" \/>\n<meta property=\"og:description\" content=\"\u00a0 \u00a0Beykoz&#039;da servis minib\u00fcs\u00fc ile bir otomobilin \u00e7arp\u0131\u015fmas\u0131 sonucu meydana gelen trafik kazas\u0131nda 1\u2019i a\u011f\u0131r toplam 12 ki\u015fi yaraland\u0131.\" \/>\n<meta property=\"og:url\" content=\"https:\/\/memurunsesi.net\/index.php\/2026\/04\/29\/beykozda-servis-minibusu-ile-otomobil-carpisti-1i-agir-12-yarali\/\" \/>\n<meta property=\"og:site_name\" content=\"Memurun Sesi\" \/>\n<meta property=\"article:publisher\" content=\"https:\/\/www.facebook.com\/unipersen\/?locale=tr_TR\" \/>\n<meta property=\"article:published_time\" content=\"2026-04-29T05:34:11+00:00\" \/>\n<meta property=\"og:image\" content=\"https:\/\/memurunsesi.net\/wp-content\/uploads\/2026\/04\/SERVIS-1-scaled.jpg\" \/>\n\t<meta property=\"og:image:width\" content=\"2560\" \/>\n\t<meta property=\"og:image:height\" content=\"1920\" \/>\n\t<meta property=\"og:image:type\" content=\"image\/jpeg\" \/>\n<meta name=\"author\" content=\"Memurun Sesi Haber Merkezi\" \/>\n<meta name=\"twitter:card\" content=\"summary_large_image\" \/>\n<meta name=\"twitter:creator\" content=\"@unipersen\" \/>\n<meta name=\"twitter:site\" content=\"@unipersen\" \/>\n<meta name=\"twitter:label1\" content=\"Yazan:\" \/>\n\t<meta name=\"twitter:data1\" content=\"Memurun Sesi Haber Merkezi\" \/>\n\t<meta name=\"twitter:label2\" content=\"Tahmini okuma s\u00fcresi\" \/>\n\t<meta name=\"twitter:data2\" content=\"1 dakika\" \/>\n<script type=\"application\/ld+json\" class=\"yoast-schema-graph\">{\"@context\":\"https:\\\/\\\/schema.org\",\"@graph\":[{\"@type\":\"Article\",\"@id\":\"https:\\\/\\\/memurunsesi.net\\\/index.php\\\/2026\\\/04\\\/29\\\/beykozda-servis-minibusu-ile-otomobil-carpisti-1i-agir-12-yarali\\\/#article\",\"isPartOf\":{\"@id\":\"https:\\\/\\\/memurunsesi.net\\\/index.php\\\/2026\\\/04\\\/29\\\/beykozda-servis-minibusu-ile-otomobil-carpisti-1i-agir-12-yarali\\\/\"},\"author\":{\"name\":\"Memurun Sesi Haber Merkezi\",\"@id\":\"https:\\\/\\\/memurunsesi.net\\\/#\\\/schema\\\/person\\\/f21c2d73b89f6ee1d80b0a1803e38587\"},\"headline\":\"Beykoz\u2019da servis minib\u00fcs\u00fc ile otomobil \u00e7arp\u0131\u015ft\u0131: 1\u2019i a\u011f\u0131r 12 yaral\u0131\",\"datePublished\":\"2026-04-29T05:34:11+00:00\",\"mainEntityOfPage\":{\"@id\":\"https:\\\/\\\/memurunsesi.net\\\/index.php\\\/2026\\\/04\\\/29\\\/beykozda-servis-minibusu-ile-otomobil-carpisti-1i-agir-12-yarali\\\/\"},\"wordCount\":209,\"commentCount\":0,\"publisher\":{\"@id\":\"https:\\\/\\\/memurunsesi.net\\\/#organization\"},\"image\":{\"@id\":\"https:\\\/\\\/memurunsesi.net\\\/index.php\\\/2026\\\/04\\\/29\\\/beykozda-servis-minibusu-ile-otomobil-carpisti-1i-agir-12-yarali\\\/#primaryimage\"},\"thumbnailUrl\":\"https:\\\/\\\/memurunsesi.net\\\/wp-content\\\/uploads\\\/2026\\\/04\\\/SERVIS-1-scaled.jpg\",\"keywords\":[\"OTOMOB\u0130L \u00c7ARPI\u015eTI\",\"SERV\u0130S M\u0130N\u0130B\u00dcS\u00dc\"],\"articleSection\":[\"G\u00fcndem\"],\"inLanguage\":\"tr\",\"potentialAction\":[{\"@type\":\"CommentAction\",\"name\":\"Comment\",\"target\":[\"https:\\\/\\\/memurunsesi.net\\\/index.php\\\/2026\\\/04\\\/29\\\/beykozda-servis-minibusu-ile-otomobil-carpisti-1i-agir-12-yarali\\\/#respond\"]}]},{\"@type\":\"WebPage\",\"@id\":\"https:\\\/\\\/memurunsesi.net\\\/index.php\\\/2026\\\/04\\\/29\\\/beykozda-servis-minibusu-ile-otomobil-carpisti-1i-agir-12-yarali\\\/\",\"url\":\"https:\\\/\\\/memurunsesi.net\\\/index.php\\\/2026\\\/04\\\/29\\\/beykozda-servis-minibusu-ile-otomobil-carpisti-1i-agir-12-yarali\\\/\",\"name\":\"Beykoz\u2019da servis minib\u00fcs\u00fc ile otomobil \u00e7arp\u0131\u015ft\u0131: 1\u2019i a\u011f\u0131r 12 yaral\u0131 - Memurun Sesi\",\"isPartOf\":{\"@id\":\"https:\\\/\\\/memurunsesi.net\\\/#website\"},\"primaryImageOfPage\":{\"@id\":\"https:\\\/\\\/memurunsesi.net\\\/index.php\\\/2026\\\/04\\\/29\\\/beykozda-servis-minibusu-ile-otomobil-carpisti-1i-agir-12-yarali\\\/#primaryimage\"},\"image\":{\"@id\":\"https:\\\/\\\/memurunsesi.net\\\/index.php\\\/2026\\\/04\\\/29\\\/beykozda-servis-minibusu-ile-otomobil-carpisti-1i-agir-12-yarali\\\/#primaryimage\"},\"thumbnailUrl\":\"https:\\\/\\\/memurunsesi.net\\\/wp-content\\\/uploads\\\/2026\\\/04\\\/SERVIS-1-scaled.jpg\",\"datePublished\":\"2026-04-29T05:34:11+00:00\",\"description\":\"\u00a0 \u00a0Beykoz'da servis minib\u00fcs\u00fc ile bir otomobilin \u00e7arp\u0131\u015fmas\u0131 sonucu meydana gelen trafik kazas\u0131nda 1\u2019i a\u011f\u0131r toplam 12 ki\u015fi yaraland\u0131.\",\"breadcrumb\":{\"@id\":\"https:\\\/\\\/memurunsesi.net\\\/index.php\\\/2026\\\/04\\\/29\\\/beykozda-servis-minibusu-ile-otomobil-carpisti-1i-agir-12-yarali\\\/#breadcrumb\"},\"inLanguage\":\"tr\",\"potentialAction\":[{\"@type\":\"ReadAction\",\"target\":[\"https:\\\/\\\/memurunsesi.net\\\/index.php\\\/2026\\\/04\\\/29\\\/beykozda-servis-minibusu-ile-otomobil-carpisti-1i-agir-12-yarali\\\/\"]}]},{\"@type\":\"ImageObject\",\"inLanguage\":\"tr\",\"@id\":\"https:\\\/\\\/memurunsesi.net\\\/index.php\\\/2026\\\/04\\\/29\\\/beykozda-servis-minibusu-ile-otomobil-carpisti-1i-agir-12-yarali\\\/#primaryimage\",\"url\":\"https:\\\/\\\/memurunsesi.net\\\/wp-content\\\/uploads\\\/2026\\\/04\\\/SERVIS-1-scaled.jpg\",\"contentUrl\":\"https:\\\/\\\/memurunsesi.net\\\/wp-content\\\/uploads\\\/2026\\\/04\\\/SERVIS-1-scaled.jpg\",\"width\":2560,\"height\":1920,\"caption\":\"BEYKOZ'DA SERV\u0130S M\u0130N\u0130B\u00dcS\u00dc \u0130LE OTOMOB\u0130L \u00c7ARPI\u015eTI: 1'\u0130 A\u011eIR 12 YARALI BEYKOZ MERKEZ MAHALLES\u0130'NDE SERV\u0130S M\u0130N\u0130B\u00dcS\u00dc \u0130LE B\u0130R OTOMOB\u0130L\u0130N \u00c7ARPI\u015eMASI SONUCU MEYDANA GELEN TRAF\u0130K KAZASINDA 1'\u0130 A\u011eIR TOPLAM 12 K\u0130\u015e\u0130 YARALANDI. OTOMOB\u0130L \u0130\u00c7ER\u0130S\u0130NDE SIKI\u015eAN S\u00dcR\u00dcC\u00dc \u0130TFA\u0130YE EK\u0130PLER\u0130N\u0130N M\u00dcDAHALES\u0130YLE KURTARILIRKEN, KAYMAKDONDURAN CADDES\u0130 KAZA NEDEN\u0130YLE B\u0130R S\u00dcREL\u0130\u011e\u0130NE TRAF\u0130\u011eE KAPATILDI. \u0130STANBUL BEYKOZ MERKEZ MAHALLES\u0130 KAYMAKDONDURAN CADDES\u0130 \u00dcZER\u0130NDE SEY\u0130R HAL\u0130NDEK\u0130 B\u0130R SERV\u0130S M\u0130N\u0130B\u00dcS\u00dc \u0130LE B\u0130R OTOMOB\u0130L HEN\u00dcZ BEL\u0130RLENEMEYEN B\u0130R NEDENLE \u00c7ARPI\u015eTI. \u00c7ARPI\u015eMANIN \u015e\u0130DDET\u0130YLE HURDAYA D\u00d6NEN OTOMOB\u0130L\u0130N S\u00dcR\u00dcC\u00dcS\u00dc ARA\u00c7 \u0130\u00c7ER\u0130S\u0130NDE SIKI\u015eTI. \u0130HBAR \u00dcZER\u0130NE OLAY YER\u0130NE \u00c7OK SAYIDA \u0130TFA\u0130YE, POL\u0130S VE SA\u011eLIK EK\u0130B\u0130 SEVK ED\u0130LD\u0130. \u0130TFA\u0130YE EK\u0130PLER\u0130N\u0130N YO\u011eUN \u00c7ALI\u015eMASI SONUCU SIKI\u015eTI\u011eI YERDEN \u00c7IKARILAN S\u00dcR\u00dcC\u00dcN\u00dcN DURUMUNUN A\u011eIR OLDU\u011eU BEL\u0130RLEND\u0130. KAZADA SERV\u0130S M\u0130N\u0130B\u00dcS\u00dcNDE BULUNAN 11 K\u0130\u015e\u0130 DE YARALANDI. YARALILAR, OLAY YER\u0130NDEK\u0130 \u0130LK M\u00dcDAHALELER\u0130N\u0130N ARDINDAN AMBULANSLARLA HASTANEYE KALDIRILDI. KAZA NEDEN\u0130YLE TRAF\u0130K AKI\u015eINA KAPATILAN KAYMAKDONDURAN CADDES\u0130, ARA\u00c7LARIN \u00c7EK\u0130C\u0130 YARDIMIYLA KALDIRILMASININ ARDINDAN YEN\u0130DEN NORMALE D\u00d6ND\u00dc. POL\u0130S EK\u0130PLER\u0130 KAZAYLA \u0130LG\u0130L\u0130 \u0130NCELEME BA\u015eLATTI. (AHMET EM\u0130N \u015eENT\u00dcRK\\\/\u0130STANBUL-\u0130HA) Beykoz'da servis minib\u00fcs\u00fc ile bir otomobilin \u00e7arp\u0131\u015fmas\u0131 sonucu meydana gelen trafik kazas\u0131nda 1'i a\u011f\u0131r toplam 12 ki\u015fi yaraland\u0131. Otomobil i\u00e7erisinde s\u0131k\u0131\u015fan s\u00fcr\u00fcc\u00fc, itfaiye ekiplerinin m\u00fcdahalesiyle kurtar\u0131l\u0131rken, Kaymakdonduran Caddesi kaza nedeniyle bir s\u00fcreli\u011fine trafi\u011fe kapat\u0131ld\u0131.\"},{\"@type\":\"BreadcrumbList\",\"@id\":\"https:\\\/\\\/memurunsesi.net\\\/index.php\\\/2026\\\/04\\\/29\\\/beykozda-servis-minibusu-ile-otomobil-carpisti-1i-agir-12-yarali\\\/#breadcrumb\",\"itemListElement\":[{\"@type\":\"ListItem\",\"position\":1,\"name\":\"Anasayfa\",\"item\":\"https:\\\/\\\/memurunsesi.net\\\/\"},{\"@type\":\"ListItem\",\"position\":2,\"name\":\"Beykoz\u2019da servis minib\u00fcs\u00fc ile otomobil \u00e7arp\u0131\u015ft\u0131: 1\u2019i a\u011f\u0131r 12 yaral\u0131\"}]},{\"@type\":\"WebSite\",\"@id\":\"https:\\\/\\\/memurunsesi.net\\\/#website\",\"url\":\"https:\\\/\\\/memurunsesi.net\\\/\",\"name\":\"Memurun Sesi\",\"description\":\"G\u00fcncel ve Do\u011fru Haber\",\"publisher\":{\"@id\":\"https:\\\/\\\/memurunsesi.net\\\/#organization\"},\"potentialAction\":[{\"@type\":\"SearchAction\",\"target\":{\"@type\":\"EntryPoint\",\"urlTemplate\":\"https:\\\/\\\/memurunsesi.net\\\/?s={search_term_string}\"},\"query-input\":{\"@type\":\"PropertyValueSpecification\",\"valueRequired\":true,\"valueName\":\"search_term_string\"}}],\"inLanguage\":\"tr\"},{\"@type\":\"Organization\",\"@id\":\"https:\\\/\\\/memurunsesi.net\\\/#organization\",\"name\":\"Memurun Sesi\",\"url\":\"https:\\\/\\\/memurunsesi.net\\\/\",\"logo\":{\"@type\":\"ImageObject\",\"inLanguage\":\"tr\",\"@id\":\"https:\\\/\\\/memurunsesi.net\\\/#\\\/schema\\\/logo\\\/image\\\/\",\"url\":\"https:\\\/\\\/memurunsesi.net\\\/wp-content\\\/uploads\\\/2025\\\/11\\\/cropped-MEMURUN-SESI.png\",\"contentUrl\":\"https:\\\/\\\/memurunsesi.net\\\/wp-content\\\/uploads\\\/2025\\\/11\\\/cropped-MEMURUN-SESI.png\",\"width\":238,\"height\":57,\"caption\":\"Memurun Sesi\"},\"image\":{\"@id\":\"https:\\\/\\\/memurunsesi.net\\\/#\\\/schema\\\/logo\\\/image\\\/\"},\"sameAs\":[\"https:\\\/\\\/www.facebook.com\\\/unipersen\\\/?locale=tr_TR\",\"https:\\\/\\\/x.com\\\/unipersen\"]},{\"@type\":\"Person\",\"@id\":\"https:\\\/\\\/memurunsesi.net\\\/#\\\/schema\\\/person\\\/f21c2d73b89f6ee1d80b0a1803e38587\",\"name\":\"Memurun Sesi Haber Merkezi\",\"image\":{\"@type\":\"ImageObject\",\"inLanguage\":\"tr\",\"@id\":\"https:\\\/\\\/secure.gravatar.com\\\/avatar\\\/6cf0505f452ee753f485014986fab09a434671d2b919ee76fc541025c5876a70?s=96&d=mm&r=g\",\"url\":\"https:\\\/\\\/secure.gravatar.com\\\/avatar\\\/6cf0505f452ee753f485014986fab09a434671d2b919ee76fc541025c5876a70?s=96&d=mm&r=g\",\"contentUrl\":\"https:\\\/\\\/secure.gravatar.com\\\/avatar\\\/6cf0505f452ee753f485014986fab09a434671d2b919ee76fc541025c5876a70?s=96&d=mm&r=g\",\"caption\":\"Memurun Sesi Haber Merkezi\"},\"sameAs\":[\"https:\\\/\\\/memurunsesi.net\"],\"url\":\"https:\\\/\\\/memurunsesi.net\\\/index.php\\\/author\\\/uniper\\\/\"}]}<\/script>\n<!-- \/ Yoast SEO plugin. -->","yoast_head_json":{"title":"Beykoz\u2019da servis minib\u00fcs\u00fc ile otomobil \u00e7arp\u0131\u015ft\u0131: 1\u2019i a\u011f\u0131r 12 yaral\u0131 - Memurun Sesi","description":"\u00a0 \u00a0Beykoz'da servis minib\u00fcs\u00fc ile bir otomobilin \u00e7arp\u0131\u015fmas\u0131 sonucu meydana gelen trafik kazas\u0131nda 1\u2019i a\u011f\u0131r toplam 12 ki\u015fi yaraland\u0131.","robots":{"index":"index","follow":"follow","max-snippet":"max-snippet:-1","max-image-preview":"max-image-preview:large","max-video-preview":"max-video-preview:-1"},"canonical":"https:\/\/memurunsesi.net\/index.php\/2026\/04\/29\/beykozda-servis-minibusu-ile-otomobil-carpisti-1i-agir-12-yarali\/","og_locale":"tr_TR","og_type":"article","og_title":"Beykoz\u2019da servis minib\u00fcs\u00fc ile otomobil \u00e7arp\u0131\u015ft\u0131: 1\u2019i a\u011f\u0131r 12 yaral\u0131 - Memurun Sesi","og_description":"\u00a0 \u00a0Beykoz'da servis minib\u00fcs\u00fc ile bir otomobilin \u00e7arp\u0131\u015fmas\u0131 sonucu meydana gelen trafik kazas\u0131nda 1\u2019i a\u011f\u0131r toplam 12 ki\u015fi yaraland\u0131.","og_url":"https:\/\/memurunsesi.net\/index.php\/2026\/04\/29\/beykozda-servis-minibusu-ile-otomobil-carpisti-1i-agir-12-yarali\/","og_site_name":"Memurun Sesi","article_publisher":"https:\/\/www.facebook.com\/unipersen\/?locale=tr_TR","article_published_time":"2026-04-29T05:34:11+00:00","og_image":[{"width":2560,"height":1920,"url":"https:\/\/memurunsesi.net\/wp-content\/uploads\/2026\/04\/SERVIS-1-scaled.jpg","type":"image\/jpeg"}],"author":"Memurun Sesi Haber Merkezi","twitter_card":"summary_large_image","twitter_creator":"@unipersen","twitter_site":"@unipersen","twitter_misc":{"Yazan:":"Memurun Sesi Haber Merkezi","Tahmini okuma s\u00fcresi":"1 dakika"},"schema":{"@context":"https:\/\/schema.org","@graph":[{"@type":"Article","@id":"https:\/\/memurunsesi.net\/index.php\/2026\/04\/29\/beykozda-servis-minibusu-ile-otomobil-carpisti-1i-agir-12-yarali\/#article","isPartOf":{"@id":"https:\/\/memurunsesi.net\/index.php\/2026\/04\/29\/beykozda-servis-minibusu-ile-otomobil-carpisti-1i-agir-12-yarali\/"},"author":{"name":"Memurun Sesi Haber Merkezi","@id":"https:\/\/memurunsesi.net\/#\/schema\/person\/f21c2d73b89f6ee1d80b0a1803e38587"},"headline":"Beykoz\u2019da servis minib\u00fcs\u00fc ile otomobil \u00e7arp\u0131\u015ft\u0131: 1\u2019i a\u011f\u0131r 12 yaral\u0131","datePublished":"2026-04-29T05:34:11+00:00","mainEntityOfPage":{"@id":"https:\/\/memurunsesi.net\/index.php\/2026\/04\/29\/beykozda-servis-minibusu-ile-otomobil-carpisti-1i-agir-12-yarali\/"},"wordCount":209,"commentCount":0,"publisher":{"@id":"https:\/\/memurunsesi.net\/#organization"},"image":{"@id":"https:\/\/memurunsesi.net\/index.php\/2026\/04\/29\/beykozda-servis-minibusu-ile-otomobil-carpisti-1i-agir-12-yarali\/#primaryimage"},"thumbnailUrl":"https:\/\/memurunsesi.net\/wp-content\/uploads\/2026\/04\/SERVIS-1-scaled.jpg","keywords":["OTOMOB\u0130L \u00c7ARPI\u015eTI","SERV\u0130S M\u0130N\u0130B\u00dcS\u00dc"],"articleSection":["G\u00fcndem"],"inLanguage":"tr","potentialAction":[{"@type":"CommentAction","name":"Comment","target":["https:\/\/memurunsesi.net\/index.php\/2026\/04\/29\/beykozda-servis-minibusu-ile-otomobil-carpisti-1i-agir-12-yarali\/#respond"]}]},{"@type":"WebPage","@id":"https:\/\/memurunsesi.net\/index.php\/2026\/04\/29\/beykozda-servis-minibusu-ile-otomobil-carpisti-1i-agir-12-yarali\/","url":"https:\/\/memurunsesi.net\/index.php\/2026\/04\/29\/beykozda-servis-minibusu-ile-otomobil-carpisti-1i-agir-12-yarali\/","name":"Beykoz\u2019da servis minib\u00fcs\u00fc ile otomobil \u00e7arp\u0131\u015ft\u0131: 1\u2019i a\u011f\u0131r 12 yaral\u0131 - Memurun Sesi","isPartOf":{"@id":"https:\/\/memurunsesi.net\/#website"},"primaryImageOfPage":{"@id":"https:\/\/memurunsesi.net\/index.php\/2026\/04\/29\/beykozda-servis-minibusu-ile-otomobil-carpisti-1i-agir-12-yarali\/#primaryimage"},"image":{"@id":"https:\/\/memurunsesi.net\/index.php\/2026\/04\/29\/beykozda-servis-minibusu-ile-otomobil-carpisti-1i-agir-12-yarali\/#primaryimage"},"thumbnailUrl":"https:\/\/memurunsesi.net\/wp-content\/uploads\/2026\/04\/SERVIS-1-scaled.jpg","datePublished":"2026-04-29T05:34:11+00:00","description":"\u00a0 \u00a0Beykoz'da servis minib\u00fcs\u00fc ile bir otomobilin \u00e7arp\u0131\u015fmas\u0131 sonucu meydana gelen trafik kazas\u0131nda 1\u2019i a\u011f\u0131r toplam 12 ki\u015fi yaraland\u0131.","breadcrumb":{"@id":"https:\/\/memurunsesi.net\/index.php\/2026\/04\/29\/beykozda-servis-minibusu-ile-otomobil-carpisti-1i-agir-12-yarali\/#breadcrumb"},"inLanguage":"tr","potentialAction":[{"@type":"ReadAction","target":["https:\/\/memurunsesi.net\/index.php\/2026\/04\/29\/beykozda-servis-minibusu-ile-otomobil-carpisti-1i-agir-12-yarali\/"]}]},{"@type":"ImageObject","inLanguage":"tr","@id":"https:\/\/memurunsesi.net\/index.php\/2026\/04\/29\/beykozda-servis-minibusu-ile-otomobil-carpisti-1i-agir-12-yarali\/#primaryimage","url":"https:\/\/memurunsesi.net\/wp-content\/uploads\/2026\/04\/SERVIS-1-scaled.jpg","contentUrl":"https:\/\/memurunsesi.net\/wp-content\/uploads\/2026\/04\/SERVIS-1-scaled.jpg","width":2560,"height":1920,"caption":"BEYKOZ'DA SERV\u0130S M\u0130N\u0130B\u00dcS\u00dc \u0130LE OTOMOB\u0130L \u00c7ARPI\u015eTI: 1'\u0130 A\u011eIR 12 YARALI BEYKOZ MERKEZ MAHALLES\u0130'NDE SERV\u0130S M\u0130N\u0130B\u00dcS\u00dc \u0130LE B\u0130R OTOMOB\u0130L\u0130N \u00c7ARPI\u015eMASI SONUCU MEYDANA GELEN TRAF\u0130K KAZASINDA 1'\u0130 A\u011eIR TOPLAM 12 K\u0130\u015e\u0130 YARALANDI. OTOMOB\u0130L \u0130\u00c7ER\u0130S\u0130NDE SIKI\u015eAN S\u00dcR\u00dcC\u00dc \u0130TFA\u0130YE EK\u0130PLER\u0130N\u0130N M\u00dcDAHALES\u0130YLE KURTARILIRKEN, KAYMAKDONDURAN CADDES\u0130 KAZA NEDEN\u0130YLE B\u0130R S\u00dcREL\u0130\u011e\u0130NE TRAF\u0130\u011eE KAPATILDI. \u0130STANBUL BEYKOZ MERKEZ MAHALLES\u0130 KAYMAKDONDURAN CADDES\u0130 \u00dcZER\u0130NDE SEY\u0130R HAL\u0130NDEK\u0130 B\u0130R SERV\u0130S M\u0130N\u0130B\u00dcS\u00dc \u0130LE B\u0130R OTOMOB\u0130L HEN\u00dcZ BEL\u0130RLENEMEYEN B\u0130R NEDENLE \u00c7ARPI\u015eTI. \u00c7ARPI\u015eMANIN \u015e\u0130DDET\u0130YLE HURDAYA D\u00d6NEN OTOMOB\u0130L\u0130N S\u00dcR\u00dcC\u00dcS\u00dc ARA\u00c7 \u0130\u00c7ER\u0130S\u0130NDE SIKI\u015eTI. \u0130HBAR \u00dcZER\u0130NE OLAY YER\u0130NE \u00c7OK SAYIDA \u0130TFA\u0130YE, POL\u0130S VE SA\u011eLIK EK\u0130B\u0130 SEVK ED\u0130LD\u0130. \u0130TFA\u0130YE EK\u0130PLER\u0130N\u0130N YO\u011eUN \u00c7ALI\u015eMASI SONUCU SIKI\u015eTI\u011eI YERDEN \u00c7IKARILAN S\u00dcR\u00dcC\u00dcN\u00dcN DURUMUNUN A\u011eIR OLDU\u011eU BEL\u0130RLEND\u0130. KAZADA SERV\u0130S M\u0130N\u0130B\u00dcS\u00dcNDE BULUNAN 11 K\u0130\u015e\u0130 DE YARALANDI. YARALILAR, OLAY YER\u0130NDEK\u0130 \u0130LK M\u00dcDAHALELER\u0130N\u0130N ARDINDAN AMBULANSLARLA HASTANEYE KALDIRILDI. KAZA NEDEN\u0130YLE TRAF\u0130K AKI\u015eINA KAPATILAN KAYMAKDONDURAN CADDES\u0130, ARA\u00c7LARIN \u00c7EK\u0130C\u0130 YARDIMIYLA KALDIRILMASININ ARDINDAN YEN\u0130DEN NORMALE D\u00d6ND\u00dc. POL\u0130S EK\u0130PLER\u0130 KAZAYLA \u0130LG\u0130L\u0130 \u0130NCELEME BA\u015eLATTI. (AHMET EM\u0130N \u015eENT\u00dcRK\/\u0130STANBUL-\u0130HA) Beykoz'da servis minib\u00fcs\u00fc ile bir otomobilin \u00e7arp\u0131\u015fmas\u0131 sonucu meydana gelen trafik kazas\u0131nda 1'i a\u011f\u0131r toplam 12 ki\u015fi yaraland\u0131. Otomobil i\u00e7erisinde s\u0131k\u0131\u015fan s\u00fcr\u00fcc\u00fc, itfaiye ekiplerinin m\u00fcdahalesiyle kurtar\u0131l\u0131rken, Kaymakdonduran Caddesi kaza nedeniyle bir s\u00fcreli\u011fine trafi\u011fe kapat\u0131ld\u0131."},{"@type":"BreadcrumbList","@id":"https:\/\/memurunsesi.net\/index.php\/2026\/04\/29\/beykozda-servis-minibusu-ile-otomobil-carpisti-1i-agir-12-yarali\/#breadcrumb","itemListElement":[{"@type":"ListItem","position":1,"name":"Anasayfa","item":"https:\/\/memurunsesi.net\/"},{"@type":"ListItem","position":2,"name":"Beykoz\u2019da servis minib\u00fcs\u00fc ile otomobil \u00e7arp\u0131\u015ft\u0131: 1\u2019i a\u011f\u0131r 12 yaral\u0131"}]},{"@type":"WebSite","@id":"https:\/\/memurunsesi.net\/#website","url":"https:\/\/memurunsesi.net\/","name":"Memurun Sesi","description":"G\u00fcncel ve Do\u011fru Haber","publisher":{"@id":"https:\/\/memurunsesi.net\/#organization"},"potentialAction":[{"@type":"SearchAction","target":{"@type":"EntryPoint","urlTemplate":"https:\/\/memurunsesi.net\/?s={search_term_string}"},"query-input":{"@type":"PropertyValueSpecification","valueRequired":true,"valueName":"search_term_string"}}],"inLanguage":"tr"},{"@type":"Organization","@id":"https:\/\/memurunsesi.net\/#organization","name":"Memurun Sesi","url":"https:\/\/memurunsesi.net\/","logo":{"@type":"ImageObject","inLanguage":"tr","@id":"https:\/\/memurunsesi.net\/#\/schema\/logo\/image\/","url":"https:\/\/memurunsesi.net\/wp-content\/uploads\/2025\/11\/cropped-MEMURUN-SESI.png","contentUrl":"https:\/\/memurunsesi.net\/wp-content\/uploads\/2025\/11\/cropped-MEMURUN-SESI.png","width":238,"height":57,"caption":"Memurun Sesi"},"image":{"@id":"https:\/\/memurunsesi.net\/#\/schema\/logo\/image\/"},"sameAs":["https:\/\/www.facebook.com\/unipersen\/?locale=tr_TR","https:\/\/x.com\/unipersen"]},{"@type":"Person","@id":"https:\/\/memurunsesi.net\/#\/schema\/person\/f21c2d73b89f6ee1d80b0a1803e38587","name":"Memurun Sesi Haber Merkezi","image":{"@type":"ImageObject","inLanguage":"tr","@id":"https:\/\/secure.gravatar.com\/avatar\/6cf0505f452ee753f485014986fab09a434671d2b919ee76fc541025c5876a70?s=96&d=mm&r=g","url":"https:\/\/secure.gravatar.com\/avatar\/6cf0505f452ee753f485014986fab09a434671d2b919ee76fc541025c5876a70?s=96&d=mm&r=g","contentUrl":"https:\/\/secure.gravatar.com\/avatar\/6cf0505f452ee753f485014986fab09a434671d2b919ee76fc541025c5876a70?s=96&d=mm&r=g","caption":"Memurun Sesi Haber Merkezi"},"sameAs":["https:\/\/memurunsesi.net"],"url":"https:\/\/memurunsesi.net\/index.php\/author\/uniper\/"}]}},"_links":{"self":[{"href":"https:\/\/memurunsesi.net\/index.php\/wp-json\/wp\/v2\/posts\/19711","targetHints":{"allow":["GET"]}}],"collection":[{"href":"https:\/\/memurunsesi.net\/index.php\/wp-json\/wp\/v2\/posts"}],"about":[{"href":"https:\/\/memurunsesi.net\/index.php\/wp-json\/wp\/v2\/types\/post"}],"author":[{"embeddable":true,"href":"https:\/\/memurunsesi.net\/index.php\/wp-json\/wp\/v2\/users\/1"}],"replies":[{"embeddable":true,"href":"https:\/\/memurunsesi.net\/index.php\/wp-json\/wp\/v2\/comments?post=19711"}],"version-history":[{"count":1,"href":"https:\/\/memurunsesi.net\/index.php\/wp-json\/wp\/v2\/posts\/19711\/revisions"}],"predecessor-version":[{"id":19714,"href":"https:\/\/memurunsesi.net\/index.php\/wp-json\/wp\/v2\/posts\/19711\/revisions\/19714"}],"wp:featuredmedia":[{"embeddable":true,"href":"https:\/\/memurunsesi.net\/index.php\/wp-json\/wp\/v2\/media\/19712"}],"wp:attachment":[{"href":"https:\/\/memurunsesi.net\/index.php\/wp-json\/wp\/v2\/media?parent=19711"}],"wp:term":[{"taxonomy":"category","embeddable":true,"href":"https:\/\/memurunsesi.net\/index.php\/wp-json\/wp\/v2\/categories?post=19711"},{"taxonomy":"post_tag","embeddable":true,"href":"https:\/\/memurunsesi.net\/index.php\/wp-json\/wp\/v2\/tags?post=19711"}],"curies":[{"name":"wp","href":"https:\/\/api.w.org\/{rel}","templated":true}]}}