{"id":19715,"date":"2026-04-29T08:38:35","date_gmt":"2026-04-29T05:38:35","guid":{"rendered":"https:\/\/memurunsesi.net\/?p=19715"},"modified":"2026-04-29T08:38:35","modified_gmt":"2026-04-29T05:38:35","slug":"amasyada-manav-tezgahi-alev-topuna-dondu","status":"publish","type":"post","link":"https:\/\/memurunsesi.net\/index.php\/2026\/04\/29\/amasyada-manav-tezgahi-alev-topuna-dondu\/","title":{"rendered":"Amasya\u2019da manav tezgah\u0131 alev topuna d\u00f6nd\u00fc"},"content":{"rendered":"<p>Amasya\u2019da yol kenar\u0131ndaki bir manav tezgah\u0131, \u00e7\u0131kan yang\u0131nda alev topuna d\u00f6nd\u00fc. \u0130tfaiye ekibinin m\u00fcdahalesiyle s\u00f6nd\u00fcr\u00fclen yang\u0131nda tezgah k\u00fcl oldu.<br \/>\nEdinilen bilgiye g\u00f6re, G\u00f6ll\u00fc Ba\u011flar\u0131 Mahallesi civar\u0131nda karayolu kenar\u0131ndaki bir manav tezgah\u0131ndan \u00e7\u0131kan yang\u0131n k\u0131sa s\u00fcrede b\u00fcy\u00fcd\u00fc. \u0130hbar \u00fczerine itfaiye, polis ve acil sa\u011fl\u0131k ekipleri sevk edildi. Alevler ekiplerin m\u00fcdahalesiyle s\u00f6nd\u00fcr\u00fcld\u00fc. Tezgah\u0131n kullan\u0131lamaz hale geldi\u011fi yang\u0131n\u0131n \u00e7\u0131k\u0131\u015f nedenine ili\u015fkin inceleme ba\u015flat\u0131ld\u0131.<\/p>\n<p>29.04.2026<\/p>\n","protected":false},"excerpt":{"rendered":"<p>Amasya\u2019da yol kenar\u0131ndaki bir manav tezgah\u0131, \u00e7\u0131kan yang\u0131nda alev topuna d\u00f6nd\u00fc. \u0130tfaiye ekibinin m\u00fcdahalesiyle s\u00f6nd\u00fcr\u00fclen yang\u0131nda tezgah k\u00fcl oldu. Edinilen bilgiye g\u00f6re, G\u00f6ll\u00fc Ba\u011flar\u0131 Mahallesi civar\u0131nda karayolu kenar\u0131ndaki bir manav tezgah\u0131ndan \u00e7\u0131kan yang\u0131n k\u0131sa s\u00fcrede b\u00fcy\u00fcd\u00fc. \u0130hbar \u00fczerine itfaiye, polis ve acil sa\u011fl\u0131k ekipleri sevk edildi. Alevler ekiplerin m\u00fcdahalesiyle s\u00f6nd\u00fcr\u00fcld\u00fc. Tezgah\u0131n kullan\u0131lamaz hale geldi\u011fi yang\u0131n\u0131n [&hellip;]<\/p>\n","protected":false},"author":1,"featured_media":19716,"comment_status":"open","ping_status":"open","sticky":false,"template":"","format":"standard","meta":{"footnotes":""},"categories":[50],"tags":[3315,3704,3703],"class_list":["post-19715","post","type-post","status-publish","format-standard","has-post-thumbnail","hentry","category-tum-haberler","tag-dondu","tag-kule","tag-manav-tezgahi"],"yoast_head":"<!-- This site is optimized with the Yoast SEO plugin v27.4 - https:\/\/yoast.com\/product\/yoast-seo-wordpress\/ -->\n<title>Amasya\u2019da manav tezgah\u0131 alev topuna d\u00f6nd\u00fc - Memurun Sesi<\/title>\n<meta name=\"description\" content=\"\u00a0 \u00a0 Amasya\u2019da yol kenar\u0131ndaki bir manav tezgah\u0131, \u00e7\u0131kan yang\u0131nda alev topuna d\u00f6nd\u00fc. \u0130tfaiye ekibinin m\u00fcdahalesiyle s\u00f6nd\u00fcr\u00fclen yang\u0131nda tezgah k\u00fcl oldu.\" \/>\n<meta name=\"robots\" content=\"index, follow, max-snippet:-1, max-image-preview:large, max-video-preview:-1\" \/>\n<link rel=\"canonical\" href=\"https:\/\/memurunsesi.net\/index.php\/2026\/04\/29\/amasyada-manav-tezgahi-alev-topuna-dondu\/\" \/>\n<meta property=\"og:locale\" content=\"tr_TR\" \/>\n<meta property=\"og:type\" content=\"article\" \/>\n<meta property=\"og:title\" content=\"Amasya\u2019da manav tezgah\u0131 alev topuna d\u00f6nd\u00fc - Memurun Sesi\" \/>\n<meta property=\"og:description\" content=\"\u00a0 \u00a0 Amasya\u2019da yol kenar\u0131ndaki bir manav tezgah\u0131, \u00e7\u0131kan yang\u0131nda alev topuna d\u00f6nd\u00fc. \u0130tfaiye ekibinin m\u00fcdahalesiyle s\u00f6nd\u00fcr\u00fclen yang\u0131nda tezgah k\u00fcl oldu.\" \/>\n<meta property=\"og:url\" content=\"https:\/\/memurunsesi.net\/index.php\/2026\/04\/29\/amasyada-manav-tezgahi-alev-topuna-dondu\/\" \/>\n<meta property=\"og:site_name\" content=\"Memurun Sesi\" \/>\n<meta property=\"article:publisher\" content=\"https:\/\/www.facebook.com\/unipersen\/?locale=tr_TR\" \/>\n<meta property=\"article:published_time\" content=\"2026-04-29T05:38:35+00:00\" \/>\n<meta property=\"og:image\" content=\"https:\/\/memurunsesi.net\/wp-content\/uploads\/2026\/04\/MANAV.jpg\" \/>\n\t<meta property=\"og:image:width\" content=\"599\" \/>\n\t<meta property=\"og:image:height\" content=\"337\" \/>\n\t<meta property=\"og:image:type\" content=\"image\/jpeg\" \/>\n<meta name=\"author\" content=\"Memurun Sesi Haber Merkezi\" \/>\n<meta name=\"twitter:card\" content=\"summary_large_image\" \/>\n<meta name=\"twitter:creator\" content=\"@unipersen\" \/>\n<meta name=\"twitter:site\" content=\"@unipersen\" \/>\n<meta name=\"twitter:label1\" content=\"Yazan:\" \/>\n\t<meta name=\"twitter:data1\" content=\"Memurun Sesi Haber Merkezi\" \/>\n\t<meta name=\"twitter:label2\" content=\"Tahmini okuma s\u00fcresi\" \/>\n\t<meta name=\"twitter:data2\" content=\"1 dakika\" \/>\n<script type=\"application\/ld+json\" class=\"yoast-schema-graph\">{\"@context\":\"https:\\\/\\\/schema.org\",\"@graph\":[{\"@type\":\"Article\",\"@id\":\"https:\\\/\\\/memurunsesi.net\\\/index.php\\\/2026\\\/04\\\/29\\\/amasyada-manav-tezgahi-alev-topuna-dondu\\\/#article\",\"isPartOf\":{\"@id\":\"https:\\\/\\\/memurunsesi.net\\\/index.php\\\/2026\\\/04\\\/29\\\/amasyada-manav-tezgahi-alev-topuna-dondu\\\/\"},\"author\":{\"name\":\"Memurun Sesi Haber Merkezi\",\"@id\":\"https:\\\/\\\/memurunsesi.net\\\/#\\\/schema\\\/person\\\/f21c2d73b89f6ee1d80b0a1803e38587\"},\"headline\":\"Amasya\u2019da manav tezgah\u0131 alev topuna d\u00f6nd\u00fc\",\"datePublished\":\"2026-04-29T05:38:35+00:00\",\"mainEntityOfPage\":{\"@id\":\"https:\\\/\\\/memurunsesi.net\\\/index.php\\\/2026\\\/04\\\/29\\\/amasyada-manav-tezgahi-alev-topuna-dondu\\\/\"},\"wordCount\":103,\"commentCount\":0,\"publisher\":{\"@id\":\"https:\\\/\\\/memurunsesi.net\\\/#organization\"},\"image\":{\"@id\":\"https:\\\/\\\/memurunsesi.net\\\/index.php\\\/2026\\\/04\\\/29\\\/amasyada-manav-tezgahi-alev-topuna-dondu\\\/#primaryimage\"},\"thumbnailUrl\":\"https:\\\/\\\/memurunsesi.net\\\/wp-content\\\/uploads\\\/2026\\\/04\\\/MANAV.jpg\",\"keywords\":[\"d\u00f6nd\u00fc\",\"K\u00dcLE\",\"MANAV TEZGAHI\"],\"articleSection\":[\"T\u00fcm Haberler\"],\"inLanguage\":\"tr\",\"potentialAction\":[{\"@type\":\"CommentAction\",\"name\":\"Comment\",\"target\":[\"https:\\\/\\\/memurunsesi.net\\\/index.php\\\/2026\\\/04\\\/29\\\/amasyada-manav-tezgahi-alev-topuna-dondu\\\/#respond\"]}]},{\"@type\":\"WebPage\",\"@id\":\"https:\\\/\\\/memurunsesi.net\\\/index.php\\\/2026\\\/04\\\/29\\\/amasyada-manav-tezgahi-alev-topuna-dondu\\\/\",\"url\":\"https:\\\/\\\/memurunsesi.net\\\/index.php\\\/2026\\\/04\\\/29\\\/amasyada-manav-tezgahi-alev-topuna-dondu\\\/\",\"name\":\"Amasya\u2019da manav tezgah\u0131 alev topuna d\u00f6nd\u00fc - Memurun Sesi\",\"isPartOf\":{\"@id\":\"https:\\\/\\\/memurunsesi.net\\\/#website\"},\"primaryImageOfPage\":{\"@id\":\"https:\\\/\\\/memurunsesi.net\\\/index.php\\\/2026\\\/04\\\/29\\\/amasyada-manav-tezgahi-alev-topuna-dondu\\\/#primaryimage\"},\"image\":{\"@id\":\"https:\\\/\\\/memurunsesi.net\\\/index.php\\\/2026\\\/04\\\/29\\\/amasyada-manav-tezgahi-alev-topuna-dondu\\\/#primaryimage\"},\"thumbnailUrl\":\"https:\\\/\\\/memurunsesi.net\\\/wp-content\\\/uploads\\\/2026\\\/04\\\/MANAV.jpg\",\"datePublished\":\"2026-04-29T05:38:35+00:00\",\"description\":\"\u00a0 \u00a0 Amasya\u2019da yol kenar\u0131ndaki bir manav tezgah\u0131, \u00e7\u0131kan yang\u0131nda alev topuna d\u00f6nd\u00fc. \u0130tfaiye ekibinin m\u00fcdahalesiyle s\u00f6nd\u00fcr\u00fclen yang\u0131nda tezgah k\u00fcl oldu.\",\"breadcrumb\":{\"@id\":\"https:\\\/\\\/memurunsesi.net\\\/index.php\\\/2026\\\/04\\\/29\\\/amasyada-manav-tezgahi-alev-topuna-dondu\\\/#breadcrumb\"},\"inLanguage\":\"tr\",\"potentialAction\":[{\"@type\":\"ReadAction\",\"target\":[\"https:\\\/\\\/memurunsesi.net\\\/index.php\\\/2026\\\/04\\\/29\\\/amasyada-manav-tezgahi-alev-topuna-dondu\\\/\"]}]},{\"@type\":\"ImageObject\",\"inLanguage\":\"tr\",\"@id\":\"https:\\\/\\\/memurunsesi.net\\\/index.php\\\/2026\\\/04\\\/29\\\/amasyada-manav-tezgahi-alev-topuna-dondu\\\/#primaryimage\",\"url\":\"https:\\\/\\\/memurunsesi.net\\\/wp-content\\\/uploads\\\/2026\\\/04\\\/MANAV.jpg\",\"contentUrl\":\"https:\\\/\\\/memurunsesi.net\\\/wp-content\\\/uploads\\\/2026\\\/04\\\/MANAV.jpg\",\"width\":599,\"height\":337,\"caption\":\"AMASYA'DA YOL KENARINDAK\u0130 B\u0130R MANAV TEZGAHI, \u00c7IKAN YANGINDA ALEV TOPUNA D\u00d6ND\u00dc. \u0130TFA\u0130YE EK\u0130B\u0130N\u0130N M\u00dcDAHALES\u0130YLE S\u00d6ND\u00dcR\u00dcLEN YANGINDA TEZGAH K\u00dcL OLDU. (MURAT \u00c7EL\u0130K\\\/AMASYA-\u0130HA) Amasya'da yol kenar\u0131ndaki bir manav tezgah\u0131, \u00e7\u0131kan yang\u0131nda alev topuna d\u00f6nd\u00fc. \u0130tfaiye ekibinin m\u00fcdahalesiyle s\u00f6nd\u00fcr\u00fclen yang\u0131nda tezgah k\u00fcl oldu.\"},{\"@type\":\"BreadcrumbList\",\"@id\":\"https:\\\/\\\/memurunsesi.net\\\/index.php\\\/2026\\\/04\\\/29\\\/amasyada-manav-tezgahi-alev-topuna-dondu\\\/#breadcrumb\",\"itemListElement\":[{\"@type\":\"ListItem\",\"position\":1,\"name\":\"Anasayfa\",\"item\":\"https:\\\/\\\/memurunsesi.net\\\/\"},{\"@type\":\"ListItem\",\"position\":2,\"name\":\"Amasya\u2019da manav tezgah\u0131 alev topuna d\u00f6nd\u00fc\"}]},{\"@type\":\"WebSite\",\"@id\":\"https:\\\/\\\/memurunsesi.net\\\/#website\",\"url\":\"https:\\\/\\\/memurunsesi.net\\\/\",\"name\":\"Memurun Sesi\",\"description\":\"G\u00fcncel ve Do\u011fru Haber\",\"publisher\":{\"@id\":\"https:\\\/\\\/memurunsesi.net\\\/#organization\"},\"potentialAction\":[{\"@type\":\"SearchAction\",\"target\":{\"@type\":\"EntryPoint\",\"urlTemplate\":\"https:\\\/\\\/memurunsesi.net\\\/?s={search_term_string}\"},\"query-input\":{\"@type\":\"PropertyValueSpecification\",\"valueRequired\":true,\"valueName\":\"search_term_string\"}}],\"inLanguage\":\"tr\"},{\"@type\":\"Organization\",\"@id\":\"https:\\\/\\\/memurunsesi.net\\\/#organization\",\"name\":\"Memurun Sesi\",\"url\":\"https:\\\/\\\/memurunsesi.net\\\/\",\"logo\":{\"@type\":\"ImageObject\",\"inLanguage\":\"tr\",\"@id\":\"https:\\\/\\\/memurunsesi.net\\\/#\\\/schema\\\/logo\\\/image\\\/\",\"url\":\"https:\\\/\\\/memurunsesi.net\\\/wp-content\\\/uploads\\\/2025\\\/11\\\/cropped-MEMURUN-SESI.png\",\"contentUrl\":\"https:\\\/\\\/memurunsesi.net\\\/wp-content\\\/uploads\\\/2025\\\/11\\\/cropped-MEMURUN-SESI.png\",\"width\":238,\"height\":57,\"caption\":\"Memurun Sesi\"},\"image\":{\"@id\":\"https:\\\/\\\/memurunsesi.net\\\/#\\\/schema\\\/logo\\\/image\\\/\"},\"sameAs\":[\"https:\\\/\\\/www.facebook.com\\\/unipersen\\\/?locale=tr_TR\",\"https:\\\/\\\/x.com\\\/unipersen\"]},{\"@type\":\"Person\",\"@id\":\"https:\\\/\\\/memurunsesi.net\\\/#\\\/schema\\\/person\\\/f21c2d73b89f6ee1d80b0a1803e38587\",\"name\":\"Memurun Sesi Haber Merkezi\",\"image\":{\"@type\":\"ImageObject\",\"inLanguage\":\"tr\",\"@id\":\"https:\\\/\\\/secure.gravatar.com\\\/avatar\\\/6cf0505f452ee753f485014986fab09a434671d2b919ee76fc541025c5876a70?s=96&d=mm&r=g\",\"url\":\"https:\\\/\\\/secure.gravatar.com\\\/avatar\\\/6cf0505f452ee753f485014986fab09a434671d2b919ee76fc541025c5876a70?s=96&d=mm&r=g\",\"contentUrl\":\"https:\\\/\\\/secure.gravatar.com\\\/avatar\\\/6cf0505f452ee753f485014986fab09a434671d2b919ee76fc541025c5876a70?s=96&d=mm&r=g\",\"caption\":\"Memurun Sesi Haber Merkezi\"},\"sameAs\":[\"https:\\\/\\\/memurunsesi.net\"],\"url\":\"https:\\\/\\\/memurunsesi.net\\\/index.php\\\/author\\\/uniper\\\/\"}]}<\/script>\n<!-- \/ Yoast SEO plugin. -->","yoast_head_json":{"title":"Amasya\u2019da manav tezgah\u0131 alev topuna d\u00f6nd\u00fc - Memurun Sesi","description":"\u00a0 \u00a0 Amasya\u2019da yol kenar\u0131ndaki bir manav tezgah\u0131, \u00e7\u0131kan yang\u0131nda alev topuna d\u00f6nd\u00fc. \u0130tfaiye ekibinin m\u00fcdahalesiyle s\u00f6nd\u00fcr\u00fclen yang\u0131nda tezgah k\u00fcl oldu.","robots":{"index":"index","follow":"follow","max-snippet":"max-snippet:-1","max-image-preview":"max-image-preview:large","max-video-preview":"max-video-preview:-1"},"canonical":"https:\/\/memurunsesi.net\/index.php\/2026\/04\/29\/amasyada-manav-tezgahi-alev-topuna-dondu\/","og_locale":"tr_TR","og_type":"article","og_title":"Amasya\u2019da manav tezgah\u0131 alev topuna d\u00f6nd\u00fc - Memurun Sesi","og_description":"\u00a0 \u00a0 Amasya\u2019da yol kenar\u0131ndaki bir manav tezgah\u0131, \u00e7\u0131kan yang\u0131nda alev topuna d\u00f6nd\u00fc. \u0130tfaiye ekibinin m\u00fcdahalesiyle s\u00f6nd\u00fcr\u00fclen yang\u0131nda tezgah k\u00fcl oldu.","og_url":"https:\/\/memurunsesi.net\/index.php\/2026\/04\/29\/amasyada-manav-tezgahi-alev-topuna-dondu\/","og_site_name":"Memurun Sesi","article_publisher":"https:\/\/www.facebook.com\/unipersen\/?locale=tr_TR","article_published_time":"2026-04-29T05:38:35+00:00","og_image":[{"width":599,"height":337,"url":"https:\/\/memurunsesi.net\/wp-content\/uploads\/2026\/04\/MANAV.jpg","type":"image\/jpeg"}],"author":"Memurun Sesi Haber Merkezi","twitter_card":"summary_large_image","twitter_creator":"@unipersen","twitter_site":"@unipersen","twitter_misc":{"Yazan:":"Memurun Sesi Haber Merkezi","Tahmini okuma s\u00fcresi":"1 dakika"},"schema":{"@context":"https:\/\/schema.org","@graph":[{"@type":"Article","@id":"https:\/\/memurunsesi.net\/index.php\/2026\/04\/29\/amasyada-manav-tezgahi-alev-topuna-dondu\/#article","isPartOf":{"@id":"https:\/\/memurunsesi.net\/index.php\/2026\/04\/29\/amasyada-manav-tezgahi-alev-topuna-dondu\/"},"author":{"name":"Memurun Sesi Haber Merkezi","@id":"https:\/\/memurunsesi.net\/#\/schema\/person\/f21c2d73b89f6ee1d80b0a1803e38587"},"headline":"Amasya\u2019da manav tezgah\u0131 alev topuna d\u00f6nd\u00fc","datePublished":"2026-04-29T05:38:35+00:00","mainEntityOfPage":{"@id":"https:\/\/memurunsesi.net\/index.php\/2026\/04\/29\/amasyada-manav-tezgahi-alev-topuna-dondu\/"},"wordCount":103,"commentCount":0,"publisher":{"@id":"https:\/\/memurunsesi.net\/#organization"},"image":{"@id":"https:\/\/memurunsesi.net\/index.php\/2026\/04\/29\/amasyada-manav-tezgahi-alev-topuna-dondu\/#primaryimage"},"thumbnailUrl":"https:\/\/memurunsesi.net\/wp-content\/uploads\/2026\/04\/MANAV.jpg","keywords":["d\u00f6nd\u00fc","K\u00dcLE","MANAV TEZGAHI"],"articleSection":["T\u00fcm Haberler"],"inLanguage":"tr","potentialAction":[{"@type":"CommentAction","name":"Comment","target":["https:\/\/memurunsesi.net\/index.php\/2026\/04\/29\/amasyada-manav-tezgahi-alev-topuna-dondu\/#respond"]}]},{"@type":"WebPage","@id":"https:\/\/memurunsesi.net\/index.php\/2026\/04\/29\/amasyada-manav-tezgahi-alev-topuna-dondu\/","url":"https:\/\/memurunsesi.net\/index.php\/2026\/04\/29\/amasyada-manav-tezgahi-alev-topuna-dondu\/","name":"Amasya\u2019da manav tezgah\u0131 alev topuna d\u00f6nd\u00fc - Memurun Sesi","isPartOf":{"@id":"https:\/\/memurunsesi.net\/#website"},"primaryImageOfPage":{"@id":"https:\/\/memurunsesi.net\/index.php\/2026\/04\/29\/amasyada-manav-tezgahi-alev-topuna-dondu\/#primaryimage"},"image":{"@id":"https:\/\/memurunsesi.net\/index.php\/2026\/04\/29\/amasyada-manav-tezgahi-alev-topuna-dondu\/#primaryimage"},"thumbnailUrl":"https:\/\/memurunsesi.net\/wp-content\/uploads\/2026\/04\/MANAV.jpg","datePublished":"2026-04-29T05:38:35+00:00","description":"\u00a0 \u00a0 Amasya\u2019da yol kenar\u0131ndaki bir manav tezgah\u0131, \u00e7\u0131kan yang\u0131nda alev topuna d\u00f6nd\u00fc. \u0130tfaiye ekibinin m\u00fcdahalesiyle s\u00f6nd\u00fcr\u00fclen yang\u0131nda tezgah k\u00fcl oldu.","breadcrumb":{"@id":"https:\/\/memurunsesi.net\/index.php\/2026\/04\/29\/amasyada-manav-tezgahi-alev-topuna-dondu\/#breadcrumb"},"inLanguage":"tr","potentialAction":[{"@type":"ReadAction","target":["https:\/\/memurunsesi.net\/index.php\/2026\/04\/29\/amasyada-manav-tezgahi-alev-topuna-dondu\/"]}]},{"@type":"ImageObject","inLanguage":"tr","@id":"https:\/\/memurunsesi.net\/index.php\/2026\/04\/29\/amasyada-manav-tezgahi-alev-topuna-dondu\/#primaryimage","url":"https:\/\/memurunsesi.net\/wp-content\/uploads\/2026\/04\/MANAV.jpg","contentUrl":"https:\/\/memurunsesi.net\/wp-content\/uploads\/2026\/04\/MANAV.jpg","width":599,"height":337,"caption":"AMASYA'DA YOL KENARINDAK\u0130 B\u0130R MANAV TEZGAHI, \u00c7IKAN YANGINDA ALEV TOPUNA D\u00d6ND\u00dc. \u0130TFA\u0130YE EK\u0130B\u0130N\u0130N M\u00dcDAHALES\u0130YLE S\u00d6ND\u00dcR\u00dcLEN YANGINDA TEZGAH K\u00dcL OLDU. (MURAT \u00c7EL\u0130K\/AMASYA-\u0130HA) Amasya'da yol kenar\u0131ndaki bir manav tezgah\u0131, \u00e7\u0131kan yang\u0131nda alev topuna d\u00f6nd\u00fc. \u0130tfaiye ekibinin m\u00fcdahalesiyle s\u00f6nd\u00fcr\u00fclen yang\u0131nda tezgah k\u00fcl oldu."},{"@type":"BreadcrumbList","@id":"https:\/\/memurunsesi.net\/index.php\/2026\/04\/29\/amasyada-manav-tezgahi-alev-topuna-dondu\/#breadcrumb","itemListElement":[{"@type":"ListItem","position":1,"name":"Anasayfa","item":"https:\/\/memurunsesi.net\/"},{"@type":"ListItem","position":2,"name":"Amasya\u2019da manav tezgah\u0131 alev topuna d\u00f6nd\u00fc"}]},{"@type":"WebSite","@id":"https:\/\/memurunsesi.net\/#website","url":"https:\/\/memurunsesi.net\/","name":"Memurun Sesi","description":"G\u00fcncel ve Do\u011fru Haber","publisher":{"@id":"https:\/\/memurunsesi.net\/#organization"},"potentialAction":[{"@type":"SearchAction","target":{"@type":"EntryPoint","urlTemplate":"https:\/\/memurunsesi.net\/?s={search_term_string}"},"query-input":{"@type":"PropertyValueSpecification","valueRequired":true,"valueName":"search_term_string"}}],"inLanguage":"tr"},{"@type":"Organization","@id":"https:\/\/memurunsesi.net\/#organization","name":"Memurun Sesi","url":"https:\/\/memurunsesi.net\/","logo":{"@type":"ImageObject","inLanguage":"tr","@id":"https:\/\/memurunsesi.net\/#\/schema\/logo\/image\/","url":"https:\/\/memurunsesi.net\/wp-content\/uploads\/2025\/11\/cropped-MEMURUN-SESI.png","contentUrl":"https:\/\/memurunsesi.net\/wp-content\/uploads\/2025\/11\/cropped-MEMURUN-SESI.png","width":238,"height":57,"caption":"Memurun Sesi"},"image":{"@id":"https:\/\/memurunsesi.net\/#\/schema\/logo\/image\/"},"sameAs":["https:\/\/www.facebook.com\/unipersen\/?locale=tr_TR","https:\/\/x.com\/unipersen"]},{"@type":"Person","@id":"https:\/\/memurunsesi.net\/#\/schema\/person\/f21c2d73b89f6ee1d80b0a1803e38587","name":"Memurun Sesi Haber Merkezi","image":{"@type":"ImageObject","inLanguage":"tr","@id":"https:\/\/secure.gravatar.com\/avatar\/6cf0505f452ee753f485014986fab09a434671d2b919ee76fc541025c5876a70?s=96&d=mm&r=g","url":"https:\/\/secure.gravatar.com\/avatar\/6cf0505f452ee753f485014986fab09a434671d2b919ee76fc541025c5876a70?s=96&d=mm&r=g","contentUrl":"https:\/\/secure.gravatar.com\/avatar\/6cf0505f452ee753f485014986fab09a434671d2b919ee76fc541025c5876a70?s=96&d=mm&r=g","caption":"Memurun Sesi Haber Merkezi"},"sameAs":["https:\/\/memurunsesi.net"],"url":"https:\/\/memurunsesi.net\/index.php\/author\/uniper\/"}]}},"_links":{"self":[{"href":"https:\/\/memurunsesi.net\/index.php\/wp-json\/wp\/v2\/posts\/19715","targetHints":{"allow":["GET"]}}],"collection":[{"href":"https:\/\/memurunsesi.net\/index.php\/wp-json\/wp\/v2\/posts"}],"about":[{"href":"https:\/\/memurunsesi.net\/index.php\/wp-json\/wp\/v2\/types\/post"}],"author":[{"embeddable":true,"href":"https:\/\/memurunsesi.net\/index.php\/wp-json\/wp\/v2\/users\/1"}],"replies":[{"embeddable":true,"href":"https:\/\/memurunsesi.net\/index.php\/wp-json\/wp\/v2\/comments?post=19715"}],"version-history":[{"count":1,"href":"https:\/\/memurunsesi.net\/index.php\/wp-json\/wp\/v2\/posts\/19715\/revisions"}],"predecessor-version":[{"id":19717,"href":"https:\/\/memurunsesi.net\/index.php\/wp-json\/wp\/v2\/posts\/19715\/revisions\/19717"}],"wp:featuredmedia":[{"embeddable":true,"href":"https:\/\/memurunsesi.net\/index.php\/wp-json\/wp\/v2\/media\/19716"}],"wp:attachment":[{"href":"https:\/\/memurunsesi.net\/index.php\/wp-json\/wp\/v2\/media?parent=19715"}],"wp:term":[{"taxonomy":"category","embeddable":true,"href":"https:\/\/memurunsesi.net\/index.php\/wp-json\/wp\/v2\/categories?post=19715"},{"taxonomy":"post_tag","embeddable":true,"href":"https:\/\/memurunsesi.net\/index.php\/wp-json\/wp\/v2\/tags?post=19715"}],"curies":[{"name":"wp","href":"https:\/\/api.w.org\/{rel}","templated":true}]}}