{"id":19720,"date":"2026-04-29T08:50:43","date_gmt":"2026-04-29T05:50:43","guid":{"rendered":"https:\/\/memurunsesi.net\/?p=19720"},"modified":"2026-04-29T08:50:43","modified_gmt":"2026-04-29T05:50:43","slug":"artvinde-7-kisinin-yaralandigi-tunel-kazasi-kamerada","status":"publish","type":"post","link":"https:\/\/memurunsesi.net\/index.php\/2026\/04\/29\/artvinde-7-kisinin-yaralandigi-tunel-kazasi-kamerada\/","title":{"rendered":"Artvin&#8217;de 7 ki\u015finin yaraland\u0131\u011f\u0131 t\u00fcnel kazas\u0131 kamerada"},"content":{"rendered":"<p>Artvin-Erzurum karayolunun 7. kilometresindeki t\u00fcnelde, iki kamyonetin \u00e7arp\u0131\u015fmas\u0131 sonucu 7 ki\u015finin yaraland\u0131\u011f\u0131 kazan\u0131n g\u00fcvenlik kameras\u0131 g\u00f6r\u00fcnt\u00fcleri ortaya \u00e7\u0131kt\u0131.<br \/>\nKaza, 27 Nisan&#8217;da Artvin-Erzurum kara yolu \u00fczerindeki 4 kilometrelik t\u00fcnelde meydana geldi. Edinilen bilgilere g\u00f6re, Yusufeli istikametinden Artvin y\u00f6n\u00fcne seyreden Mehmet \u015e. idaresindeki Artvin Orman \u0130\u015fletme M\u00fcd\u00fcrl\u00fc\u011f\u00fc&#8217;ne ait 08 DE 524 plakal\u0131 kamyonet, t\u00fcnel i\u00e7inde \u015ferit ihlali yaparak kar\u015f\u0131 y\u00f6nden gelen Ali Fuat Beyaz&#8217;\u0131n kulland\u0131\u011f\u0131 08 ABB 956 plakal\u0131 kamyonetle \u00e7arp\u0131\u015ft\u0131.<br \/>\nKazada s\u00fcr\u00fcc\u00fcler Mehmet \u015e. ve Ali Fuat Beyaz ile ara\u00e7larda bulunan Orhan B\u0131y\u0131kl\u0131, \u015eenol Aydemir, Murat \u00d6zmen, Do\u011fan \u00dclker ve Se\u00e7kin \u00d6zay yaraland\u0131. \u0130hbar \u00fczerine olay yerine sa\u011fl\u0131k ekipleri sevk edilirken, yaral\u0131lar ilk m\u00fcdahalelerinin ard\u0131ndan Artvin Devlet Hastanesi&#8217;ne kald\u0131r\u0131ld\u0131.<br \/>\nYaral\u0131lar\u0131n hayati tehlikelerinin bulunmad\u0131\u011f\u0131 \u00f6\u011frenilirken, kazayla ilgili inceleme ba\u015flat\u0131ld\u0131. Kazan\u0131n t\u00fcnel i\u00e7indeki g\u00fcvenlik kameras\u0131na yans\u0131yan g\u00f6r\u00fcnt\u00fclerinde, s\u00fcr\u00fcc\u00fc kar\u015f\u0131 \u015feride ge\u00e7ti\u011fi ve kar\u015f\u0131 y\u00f6nden gelen ara\u00e7la \u00e7arp\u0131\u015ft\u0131\u011f\u0131 anlar yer ald\u0131.<\/p>\n<p>29.04.2026<\/p>\n","protected":false},"excerpt":{"rendered":"<p>Artvin-Erzurum karayolunun 7. kilometresindeki t\u00fcnelde, iki kamyonetin \u00e7arp\u0131\u015fmas\u0131 sonucu 7 ki\u015finin yaraland\u0131\u011f\u0131 kazan\u0131n g\u00fcvenlik kameras\u0131 g\u00f6r\u00fcnt\u00fcleri ortaya \u00e7\u0131kt\u0131. Kaza, 27 Nisan&#8217;da Artvin-Erzurum kara yolu \u00fczerindeki 4 kilometrelik t\u00fcnelde meydana geldi. Edinilen bilgilere g\u00f6re, Yusufeli istikametinden Artvin y\u00f6n\u00fcne seyreden Mehmet \u015e. idaresindeki Artvin Orman \u0130\u015fletme M\u00fcd\u00fcrl\u00fc\u011f\u00fc&#8217;ne ait 08 DE 524 plakal\u0131 kamyonet, t\u00fcnel i\u00e7inde \u015ferit ihlali [&hellip;]<\/p>\n","protected":false},"author":1,"featured_media":19721,"comment_status":"open","ping_status":"open","sticky":false,"template":"","format":"standard","meta":{"footnotes":""},"categories":[50],"tags":[1539,2538,866],"class_list":["post-19720","post","type-post","status-publish","format-standard","has-post-thumbnail","hentry","category-tum-haberler","tag-artvin","tag-tunelde","tag-zincirleme-kaza"],"yoast_head":"<!-- This site is optimized with the Yoast SEO plugin v27.4 - https:\/\/yoast.com\/product\/yoast-seo-wordpress\/ -->\n<title>Artvin&#039;de 7 ki\u015finin yaraland\u0131\u011f\u0131 t\u00fcnel kazas\u0131 kamerada - Memurun Sesi<\/title>\n<meta name=\"description\" content=\"\u00a0 \u00a0Artvin-Erzurum karayolunun 7. kilometresindeki t\u00fcnelde, iki kamyonetin \u00e7arp\u0131\u015fmas\u0131 sonucu 7 ki\u015finin yaraland\u0131\u011f\u0131 kazan\u0131n g\u00fcvenlik kameras\u0131 g\u00f6r\u00fcnt\u00fcleri ortaya \u00e7\u0131kt\u0131.\" \/>\n<meta name=\"robots\" content=\"index, follow, max-snippet:-1, max-image-preview:large, max-video-preview:-1\" \/>\n<link rel=\"canonical\" href=\"https:\/\/memurunsesi.net\/index.php\/2026\/04\/29\/artvinde-7-kisinin-yaralandigi-tunel-kazasi-kamerada\/\" \/>\n<meta property=\"og:locale\" content=\"tr_TR\" \/>\n<meta property=\"og:type\" content=\"article\" \/>\n<meta property=\"og:title\" content=\"Artvin&#039;de 7 ki\u015finin yaraland\u0131\u011f\u0131 t\u00fcnel kazas\u0131 kamerada - Memurun Sesi\" \/>\n<meta property=\"og:description\" content=\"\u00a0 \u00a0Artvin-Erzurum karayolunun 7. kilometresindeki t\u00fcnelde, iki kamyonetin \u00e7arp\u0131\u015fmas\u0131 sonucu 7 ki\u015finin yaraland\u0131\u011f\u0131 kazan\u0131n g\u00fcvenlik kameras\u0131 g\u00f6r\u00fcnt\u00fcleri ortaya \u00e7\u0131kt\u0131.\" \/>\n<meta property=\"og:url\" content=\"https:\/\/memurunsesi.net\/index.php\/2026\/04\/29\/artvinde-7-kisinin-yaralandigi-tunel-kazasi-kamerada\/\" \/>\n<meta property=\"og:site_name\" content=\"Memurun Sesi\" \/>\n<meta property=\"article:publisher\" content=\"https:\/\/www.facebook.com\/unipersen\/?locale=tr_TR\" \/>\n<meta property=\"article:published_time\" content=\"2026-04-29T05:50:43+00:00\" \/>\n<meta property=\"og:image\" content=\"https:\/\/memurunsesi.net\/wp-content\/uploads\/2026\/04\/artvin.jpg\" \/>\n\t<meta property=\"og:image:width\" content=\"1600\" \/>\n\t<meta property=\"og:image:height\" content=\"1200\" \/>\n\t<meta property=\"og:image:type\" content=\"image\/jpeg\" \/>\n<meta name=\"author\" content=\"Memurun Sesi Haber Merkezi\" \/>\n<meta name=\"twitter:card\" content=\"summary_large_image\" \/>\n<meta name=\"twitter:creator\" content=\"@unipersen\" \/>\n<meta name=\"twitter:site\" content=\"@unipersen\" \/>\n<meta name=\"twitter:label1\" content=\"Yazan:\" \/>\n\t<meta name=\"twitter:data1\" content=\"Memurun Sesi Haber Merkezi\" \/>\n\t<meta name=\"twitter:label2\" content=\"Tahmini okuma s\u00fcresi\" \/>\n\t<meta name=\"twitter:data2\" content=\"2 dakika\" \/>\n<script type=\"application\/ld+json\" class=\"yoast-schema-graph\">{\"@context\":\"https:\\\/\\\/schema.org\",\"@graph\":[{\"@type\":\"Article\",\"@id\":\"https:\\\/\\\/memurunsesi.net\\\/index.php\\\/2026\\\/04\\\/29\\\/artvinde-7-kisinin-yaralandigi-tunel-kazasi-kamerada\\\/#article\",\"isPartOf\":{\"@id\":\"https:\\\/\\\/memurunsesi.net\\\/index.php\\\/2026\\\/04\\\/29\\\/artvinde-7-kisinin-yaralandigi-tunel-kazasi-kamerada\\\/\"},\"author\":{\"name\":\"Memurun Sesi Haber Merkezi\",\"@id\":\"https:\\\/\\\/memurunsesi.net\\\/#\\\/schema\\\/person\\\/f21c2d73b89f6ee1d80b0a1803e38587\"},\"headline\":\"Artvin&#8217;de 7 ki\u015finin yaraland\u0131\u011f\u0131 t\u00fcnel kazas\u0131 kamerada\",\"datePublished\":\"2026-04-29T05:50:43+00:00\",\"mainEntityOfPage\":{\"@id\":\"https:\\\/\\\/memurunsesi.net\\\/index.php\\\/2026\\\/04\\\/29\\\/artvinde-7-kisinin-yaralandigi-tunel-kazasi-kamerada\\\/\"},\"wordCount\":193,\"commentCount\":0,\"publisher\":{\"@id\":\"https:\\\/\\\/memurunsesi.net\\\/#organization\"},\"image\":{\"@id\":\"https:\\\/\\\/memurunsesi.net\\\/index.php\\\/2026\\\/04\\\/29\\\/artvinde-7-kisinin-yaralandigi-tunel-kazasi-kamerada\\\/#primaryimage\"},\"thumbnailUrl\":\"https:\\\/\\\/memurunsesi.net\\\/wp-content\\\/uploads\\\/2026\\\/04\\\/artvin.jpg\",\"keywords\":[\"artvin\",\"t\u00fcnelde\",\"zincirleme kaza\"],\"articleSection\":[\"T\u00fcm Haberler\"],\"inLanguage\":\"tr\",\"potentialAction\":[{\"@type\":\"CommentAction\",\"name\":\"Comment\",\"target\":[\"https:\\\/\\\/memurunsesi.net\\\/index.php\\\/2026\\\/04\\\/29\\\/artvinde-7-kisinin-yaralandigi-tunel-kazasi-kamerada\\\/#respond\"]}]},{\"@type\":\"WebPage\",\"@id\":\"https:\\\/\\\/memurunsesi.net\\\/index.php\\\/2026\\\/04\\\/29\\\/artvinde-7-kisinin-yaralandigi-tunel-kazasi-kamerada\\\/\",\"url\":\"https:\\\/\\\/memurunsesi.net\\\/index.php\\\/2026\\\/04\\\/29\\\/artvinde-7-kisinin-yaralandigi-tunel-kazasi-kamerada\\\/\",\"name\":\"Artvin'de 7 ki\u015finin yaraland\u0131\u011f\u0131 t\u00fcnel kazas\u0131 kamerada - Memurun Sesi\",\"isPartOf\":{\"@id\":\"https:\\\/\\\/memurunsesi.net\\\/#website\"},\"primaryImageOfPage\":{\"@id\":\"https:\\\/\\\/memurunsesi.net\\\/index.php\\\/2026\\\/04\\\/29\\\/artvinde-7-kisinin-yaralandigi-tunel-kazasi-kamerada\\\/#primaryimage\"},\"image\":{\"@id\":\"https:\\\/\\\/memurunsesi.net\\\/index.php\\\/2026\\\/04\\\/29\\\/artvinde-7-kisinin-yaralandigi-tunel-kazasi-kamerada\\\/#primaryimage\"},\"thumbnailUrl\":\"https:\\\/\\\/memurunsesi.net\\\/wp-content\\\/uploads\\\/2026\\\/04\\\/artvin.jpg\",\"datePublished\":\"2026-04-29T05:50:43+00:00\",\"description\":\"\u00a0 \u00a0Artvin-Erzurum karayolunun 7. kilometresindeki t\u00fcnelde, iki kamyonetin \u00e7arp\u0131\u015fmas\u0131 sonucu 7 ki\u015finin yaraland\u0131\u011f\u0131 kazan\u0131n g\u00fcvenlik kameras\u0131 g\u00f6r\u00fcnt\u00fcleri ortaya \u00e7\u0131kt\u0131.\",\"breadcrumb\":{\"@id\":\"https:\\\/\\\/memurunsesi.net\\\/index.php\\\/2026\\\/04\\\/29\\\/artvinde-7-kisinin-yaralandigi-tunel-kazasi-kamerada\\\/#breadcrumb\"},\"inLanguage\":\"tr\",\"potentialAction\":[{\"@type\":\"ReadAction\",\"target\":[\"https:\\\/\\\/memurunsesi.net\\\/index.php\\\/2026\\\/04\\\/29\\\/artvinde-7-kisinin-yaralandigi-tunel-kazasi-kamerada\\\/\"]}]},{\"@type\":\"ImageObject\",\"inLanguage\":\"tr\",\"@id\":\"https:\\\/\\\/memurunsesi.net\\\/index.php\\\/2026\\\/04\\\/29\\\/artvinde-7-kisinin-yaralandigi-tunel-kazasi-kamerada\\\/#primaryimage\",\"url\":\"https:\\\/\\\/memurunsesi.net\\\/wp-content\\\/uploads\\\/2026\\\/04\\\/artvin.jpg\",\"contentUrl\":\"https:\\\/\\\/memurunsesi.net\\\/wp-content\\\/uploads\\\/2026\\\/04\\\/artvin.jpg\",\"width\":1600,\"height\":1200,\"caption\":\"\u0130K\u0130 KAMYONET\u0130N \u00c7ARPI\u015eTI\u011eI KAZADA 7 K\u0130\u015e\u0130 YARALANDI (ADEM G\u00dcNG\u00d6R\\\/ARTV\u0130N-\u0130HA) Artvin-Erzurum karayolunun 7. kilometresindeki t\u00fcnelde, iki kamyonetin \u00e7arp\u0131\u015fmas\u0131 sonucu 7 ki\u015finin yaraland\u0131\u011f\u0131 kazan\u0131n g\u00fcvenlik kameras\u0131 g\u00f6r\u00fcnt\u00fcleri ortaya \u00e7\u0131kt\u0131.\"},{\"@type\":\"BreadcrumbList\",\"@id\":\"https:\\\/\\\/memurunsesi.net\\\/index.php\\\/2026\\\/04\\\/29\\\/artvinde-7-kisinin-yaralandigi-tunel-kazasi-kamerada\\\/#breadcrumb\",\"itemListElement\":[{\"@type\":\"ListItem\",\"position\":1,\"name\":\"Anasayfa\",\"item\":\"https:\\\/\\\/memurunsesi.net\\\/\"},{\"@type\":\"ListItem\",\"position\":2,\"name\":\"Artvin&#8217;de 7 ki\u015finin yaraland\u0131\u011f\u0131 t\u00fcnel kazas\u0131 kamerada\"}]},{\"@type\":\"WebSite\",\"@id\":\"https:\\\/\\\/memurunsesi.net\\\/#website\",\"url\":\"https:\\\/\\\/memurunsesi.net\\\/\",\"name\":\"Memurun Sesi\",\"description\":\"G\u00fcncel ve Do\u011fru Haber\",\"publisher\":{\"@id\":\"https:\\\/\\\/memurunsesi.net\\\/#organization\"},\"potentialAction\":[{\"@type\":\"SearchAction\",\"target\":{\"@type\":\"EntryPoint\",\"urlTemplate\":\"https:\\\/\\\/memurunsesi.net\\\/?s={search_term_string}\"},\"query-input\":{\"@type\":\"PropertyValueSpecification\",\"valueRequired\":true,\"valueName\":\"search_term_string\"}}],\"inLanguage\":\"tr\"},{\"@type\":\"Organization\",\"@id\":\"https:\\\/\\\/memurunsesi.net\\\/#organization\",\"name\":\"Memurun Sesi\",\"url\":\"https:\\\/\\\/memurunsesi.net\\\/\",\"logo\":{\"@type\":\"ImageObject\",\"inLanguage\":\"tr\",\"@id\":\"https:\\\/\\\/memurunsesi.net\\\/#\\\/schema\\\/logo\\\/image\\\/\",\"url\":\"https:\\\/\\\/memurunsesi.net\\\/wp-content\\\/uploads\\\/2025\\\/11\\\/cropped-MEMURUN-SESI.png\",\"contentUrl\":\"https:\\\/\\\/memurunsesi.net\\\/wp-content\\\/uploads\\\/2025\\\/11\\\/cropped-MEMURUN-SESI.png\",\"width\":238,\"height\":57,\"caption\":\"Memurun Sesi\"},\"image\":{\"@id\":\"https:\\\/\\\/memurunsesi.net\\\/#\\\/schema\\\/logo\\\/image\\\/\"},\"sameAs\":[\"https:\\\/\\\/www.facebook.com\\\/unipersen\\\/?locale=tr_TR\",\"https:\\\/\\\/x.com\\\/unipersen\"]},{\"@type\":\"Person\",\"@id\":\"https:\\\/\\\/memurunsesi.net\\\/#\\\/schema\\\/person\\\/f21c2d73b89f6ee1d80b0a1803e38587\",\"name\":\"Memurun Sesi Haber Merkezi\",\"image\":{\"@type\":\"ImageObject\",\"inLanguage\":\"tr\",\"@id\":\"https:\\\/\\\/secure.gravatar.com\\\/avatar\\\/6cf0505f452ee753f485014986fab09a434671d2b919ee76fc541025c5876a70?s=96&d=mm&r=g\",\"url\":\"https:\\\/\\\/secure.gravatar.com\\\/avatar\\\/6cf0505f452ee753f485014986fab09a434671d2b919ee76fc541025c5876a70?s=96&d=mm&r=g\",\"contentUrl\":\"https:\\\/\\\/secure.gravatar.com\\\/avatar\\\/6cf0505f452ee753f485014986fab09a434671d2b919ee76fc541025c5876a70?s=96&d=mm&r=g\",\"caption\":\"Memurun Sesi Haber Merkezi\"},\"sameAs\":[\"https:\\\/\\\/memurunsesi.net\"],\"url\":\"https:\\\/\\\/memurunsesi.net\\\/index.php\\\/author\\\/uniper\\\/\"}]}<\/script>\n<!-- \/ Yoast SEO plugin. -->","yoast_head_json":{"title":"Artvin'de 7 ki\u015finin yaraland\u0131\u011f\u0131 t\u00fcnel kazas\u0131 kamerada - Memurun Sesi","description":"\u00a0 \u00a0Artvin-Erzurum karayolunun 7. kilometresindeki t\u00fcnelde, iki kamyonetin \u00e7arp\u0131\u015fmas\u0131 sonucu 7 ki\u015finin yaraland\u0131\u011f\u0131 kazan\u0131n g\u00fcvenlik kameras\u0131 g\u00f6r\u00fcnt\u00fcleri ortaya \u00e7\u0131kt\u0131.","robots":{"index":"index","follow":"follow","max-snippet":"max-snippet:-1","max-image-preview":"max-image-preview:large","max-video-preview":"max-video-preview:-1"},"canonical":"https:\/\/memurunsesi.net\/index.php\/2026\/04\/29\/artvinde-7-kisinin-yaralandigi-tunel-kazasi-kamerada\/","og_locale":"tr_TR","og_type":"article","og_title":"Artvin'de 7 ki\u015finin yaraland\u0131\u011f\u0131 t\u00fcnel kazas\u0131 kamerada - Memurun Sesi","og_description":"\u00a0 \u00a0Artvin-Erzurum karayolunun 7. kilometresindeki t\u00fcnelde, iki kamyonetin \u00e7arp\u0131\u015fmas\u0131 sonucu 7 ki\u015finin yaraland\u0131\u011f\u0131 kazan\u0131n g\u00fcvenlik kameras\u0131 g\u00f6r\u00fcnt\u00fcleri ortaya \u00e7\u0131kt\u0131.","og_url":"https:\/\/memurunsesi.net\/index.php\/2026\/04\/29\/artvinde-7-kisinin-yaralandigi-tunel-kazasi-kamerada\/","og_site_name":"Memurun Sesi","article_publisher":"https:\/\/www.facebook.com\/unipersen\/?locale=tr_TR","article_published_time":"2026-04-29T05:50:43+00:00","og_image":[{"width":1600,"height":1200,"url":"https:\/\/memurunsesi.net\/wp-content\/uploads\/2026\/04\/artvin.jpg","type":"image\/jpeg"}],"author":"Memurun Sesi Haber Merkezi","twitter_card":"summary_large_image","twitter_creator":"@unipersen","twitter_site":"@unipersen","twitter_misc":{"Yazan:":"Memurun Sesi Haber Merkezi","Tahmini okuma s\u00fcresi":"2 dakika"},"schema":{"@context":"https:\/\/schema.org","@graph":[{"@type":"Article","@id":"https:\/\/memurunsesi.net\/index.php\/2026\/04\/29\/artvinde-7-kisinin-yaralandigi-tunel-kazasi-kamerada\/#article","isPartOf":{"@id":"https:\/\/memurunsesi.net\/index.php\/2026\/04\/29\/artvinde-7-kisinin-yaralandigi-tunel-kazasi-kamerada\/"},"author":{"name":"Memurun Sesi Haber Merkezi","@id":"https:\/\/memurunsesi.net\/#\/schema\/person\/f21c2d73b89f6ee1d80b0a1803e38587"},"headline":"Artvin&#8217;de 7 ki\u015finin yaraland\u0131\u011f\u0131 t\u00fcnel kazas\u0131 kamerada","datePublished":"2026-04-29T05:50:43+00:00","mainEntityOfPage":{"@id":"https:\/\/memurunsesi.net\/index.php\/2026\/04\/29\/artvinde-7-kisinin-yaralandigi-tunel-kazasi-kamerada\/"},"wordCount":193,"commentCount":0,"publisher":{"@id":"https:\/\/memurunsesi.net\/#organization"},"image":{"@id":"https:\/\/memurunsesi.net\/index.php\/2026\/04\/29\/artvinde-7-kisinin-yaralandigi-tunel-kazasi-kamerada\/#primaryimage"},"thumbnailUrl":"https:\/\/memurunsesi.net\/wp-content\/uploads\/2026\/04\/artvin.jpg","keywords":["artvin","t\u00fcnelde","zincirleme kaza"],"articleSection":["T\u00fcm Haberler"],"inLanguage":"tr","potentialAction":[{"@type":"CommentAction","name":"Comment","target":["https:\/\/memurunsesi.net\/index.php\/2026\/04\/29\/artvinde-7-kisinin-yaralandigi-tunel-kazasi-kamerada\/#respond"]}]},{"@type":"WebPage","@id":"https:\/\/memurunsesi.net\/index.php\/2026\/04\/29\/artvinde-7-kisinin-yaralandigi-tunel-kazasi-kamerada\/","url":"https:\/\/memurunsesi.net\/index.php\/2026\/04\/29\/artvinde-7-kisinin-yaralandigi-tunel-kazasi-kamerada\/","name":"Artvin'de 7 ki\u015finin yaraland\u0131\u011f\u0131 t\u00fcnel kazas\u0131 kamerada - Memurun Sesi","isPartOf":{"@id":"https:\/\/memurunsesi.net\/#website"},"primaryImageOfPage":{"@id":"https:\/\/memurunsesi.net\/index.php\/2026\/04\/29\/artvinde-7-kisinin-yaralandigi-tunel-kazasi-kamerada\/#primaryimage"},"image":{"@id":"https:\/\/memurunsesi.net\/index.php\/2026\/04\/29\/artvinde-7-kisinin-yaralandigi-tunel-kazasi-kamerada\/#primaryimage"},"thumbnailUrl":"https:\/\/memurunsesi.net\/wp-content\/uploads\/2026\/04\/artvin.jpg","datePublished":"2026-04-29T05:50:43+00:00","description":"\u00a0 \u00a0Artvin-Erzurum karayolunun 7. kilometresindeki t\u00fcnelde, iki kamyonetin \u00e7arp\u0131\u015fmas\u0131 sonucu 7 ki\u015finin yaraland\u0131\u011f\u0131 kazan\u0131n g\u00fcvenlik kameras\u0131 g\u00f6r\u00fcnt\u00fcleri ortaya \u00e7\u0131kt\u0131.","breadcrumb":{"@id":"https:\/\/memurunsesi.net\/index.php\/2026\/04\/29\/artvinde-7-kisinin-yaralandigi-tunel-kazasi-kamerada\/#breadcrumb"},"inLanguage":"tr","potentialAction":[{"@type":"ReadAction","target":["https:\/\/memurunsesi.net\/index.php\/2026\/04\/29\/artvinde-7-kisinin-yaralandigi-tunel-kazasi-kamerada\/"]}]},{"@type":"ImageObject","inLanguage":"tr","@id":"https:\/\/memurunsesi.net\/index.php\/2026\/04\/29\/artvinde-7-kisinin-yaralandigi-tunel-kazasi-kamerada\/#primaryimage","url":"https:\/\/memurunsesi.net\/wp-content\/uploads\/2026\/04\/artvin.jpg","contentUrl":"https:\/\/memurunsesi.net\/wp-content\/uploads\/2026\/04\/artvin.jpg","width":1600,"height":1200,"caption":"\u0130K\u0130 KAMYONET\u0130N \u00c7ARPI\u015eTI\u011eI KAZADA 7 K\u0130\u015e\u0130 YARALANDI (ADEM G\u00dcNG\u00d6R\/ARTV\u0130N-\u0130HA) Artvin-Erzurum karayolunun 7. kilometresindeki t\u00fcnelde, iki kamyonetin \u00e7arp\u0131\u015fmas\u0131 sonucu 7 ki\u015finin yaraland\u0131\u011f\u0131 kazan\u0131n g\u00fcvenlik kameras\u0131 g\u00f6r\u00fcnt\u00fcleri ortaya \u00e7\u0131kt\u0131."},{"@type":"BreadcrumbList","@id":"https:\/\/memurunsesi.net\/index.php\/2026\/04\/29\/artvinde-7-kisinin-yaralandigi-tunel-kazasi-kamerada\/#breadcrumb","itemListElement":[{"@type":"ListItem","position":1,"name":"Anasayfa","item":"https:\/\/memurunsesi.net\/"},{"@type":"ListItem","position":2,"name":"Artvin&#8217;de 7 ki\u015finin yaraland\u0131\u011f\u0131 t\u00fcnel kazas\u0131 kamerada"}]},{"@type":"WebSite","@id":"https:\/\/memurunsesi.net\/#website","url":"https:\/\/memurunsesi.net\/","name":"Memurun Sesi","description":"G\u00fcncel ve Do\u011fru Haber","publisher":{"@id":"https:\/\/memurunsesi.net\/#organization"},"potentialAction":[{"@type":"SearchAction","target":{"@type":"EntryPoint","urlTemplate":"https:\/\/memurunsesi.net\/?s={search_term_string}"},"query-input":{"@type":"PropertyValueSpecification","valueRequired":true,"valueName":"search_term_string"}}],"inLanguage":"tr"},{"@type":"Organization","@id":"https:\/\/memurunsesi.net\/#organization","name":"Memurun Sesi","url":"https:\/\/memurunsesi.net\/","logo":{"@type":"ImageObject","inLanguage":"tr","@id":"https:\/\/memurunsesi.net\/#\/schema\/logo\/image\/","url":"https:\/\/memurunsesi.net\/wp-content\/uploads\/2025\/11\/cropped-MEMURUN-SESI.png","contentUrl":"https:\/\/memurunsesi.net\/wp-content\/uploads\/2025\/11\/cropped-MEMURUN-SESI.png","width":238,"height":57,"caption":"Memurun Sesi"},"image":{"@id":"https:\/\/memurunsesi.net\/#\/schema\/logo\/image\/"},"sameAs":["https:\/\/www.facebook.com\/unipersen\/?locale=tr_TR","https:\/\/x.com\/unipersen"]},{"@type":"Person","@id":"https:\/\/memurunsesi.net\/#\/schema\/person\/f21c2d73b89f6ee1d80b0a1803e38587","name":"Memurun Sesi Haber Merkezi","image":{"@type":"ImageObject","inLanguage":"tr","@id":"https:\/\/secure.gravatar.com\/avatar\/6cf0505f452ee753f485014986fab09a434671d2b919ee76fc541025c5876a70?s=96&d=mm&r=g","url":"https:\/\/secure.gravatar.com\/avatar\/6cf0505f452ee753f485014986fab09a434671d2b919ee76fc541025c5876a70?s=96&d=mm&r=g","contentUrl":"https:\/\/secure.gravatar.com\/avatar\/6cf0505f452ee753f485014986fab09a434671d2b919ee76fc541025c5876a70?s=96&d=mm&r=g","caption":"Memurun Sesi Haber Merkezi"},"sameAs":["https:\/\/memurunsesi.net"],"url":"https:\/\/memurunsesi.net\/index.php\/author\/uniper\/"}]}},"_links":{"self":[{"href":"https:\/\/memurunsesi.net\/index.php\/wp-json\/wp\/v2\/posts\/19720","targetHints":{"allow":["GET"]}}],"collection":[{"href":"https:\/\/memurunsesi.net\/index.php\/wp-json\/wp\/v2\/posts"}],"about":[{"href":"https:\/\/memurunsesi.net\/index.php\/wp-json\/wp\/v2\/types\/post"}],"author":[{"embeddable":true,"href":"https:\/\/memurunsesi.net\/index.php\/wp-json\/wp\/v2\/users\/1"}],"replies":[{"embeddable":true,"href":"https:\/\/memurunsesi.net\/index.php\/wp-json\/wp\/v2\/comments?post=19720"}],"version-history":[{"count":1,"href":"https:\/\/memurunsesi.net\/index.php\/wp-json\/wp\/v2\/posts\/19720\/revisions"}],"predecessor-version":[{"id":19722,"href":"https:\/\/memurunsesi.net\/index.php\/wp-json\/wp\/v2\/posts\/19720\/revisions\/19722"}],"wp:featuredmedia":[{"embeddable":true,"href":"https:\/\/memurunsesi.net\/index.php\/wp-json\/wp\/v2\/media\/19721"}],"wp:attachment":[{"href":"https:\/\/memurunsesi.net\/index.php\/wp-json\/wp\/v2\/media?parent=19720"}],"wp:term":[{"taxonomy":"category","embeddable":true,"href":"https:\/\/memurunsesi.net\/index.php\/wp-json\/wp\/v2\/categories?post=19720"},{"taxonomy":"post_tag","embeddable":true,"href":"https:\/\/memurunsesi.net\/index.php\/wp-json\/wp\/v2\/tags?post=19720"}],"curies":[{"name":"wp","href":"https:\/\/api.w.org\/{rel}","templated":true}]}}