{"id":19723,"date":"2026-04-29T08:55:59","date_gmt":"2026-04-29T05:55:59","guid":{"rendered":"https:\/\/memurunsesi.net\/?p=19723"},"modified":"2026-04-29T08:55:59","modified_gmt":"2026-04-29T05:55:59","slug":"corumun-kesfedilmeyi-bekleyen-sakli-cenneti","status":"publish","type":"post","link":"https:\/\/memurunsesi.net\/index.php\/2026\/04\/29\/corumun-kesfedilmeyi-bekleyen-sakli-cenneti\/","title":{"rendered":"\u00c7orum&#8217;un ke\u015ffedilmeyi bekleyen sakl\u0131 cenneti"},"content":{"rendered":"<p>&#8211; Kayalar\u0131n gizledi\u011fi \u015felaleyi g\u00f6ren hayranl\u0131\u011f\u0131n\u0131 gizleyemiyor<\/p>\n<p>\u00c7orum&#8217;da kayalar\u0131n aras\u0131nda y\u0131l\u0131n belli d\u00f6neminde akan \u015felale ziyaret\u00e7ilerini hayran b\u0131rak\u0131yor.<br \/>\nKent merkezine 30 kilometre uzakl\u0131ktaki Kad\u0131deresi k\u00f6y\u00fcnde bulunan &#8220;G\u00fcmg\u00fcm&#8221; olarak da bilinen Susuz \u015eelale, do\u011fal g\u00fczelli\u011fiyle g\u00f6renleri mest ediyor. Suyun olu\u015fturdu\u011fu b\u00fcy\u00fck\u00e7e bir ma\u011faran\u0131n i\u00e7ine d\u00f6k\u00fclen \u015felale, i\u00e7eri girilerek g\u00f6r\u00fclebiliyor. G\u00f6zlerden uzak kalmay\u0131 ba\u015faran ve y\u0131l\u0131n belli d\u00f6neminde akan do\u011fa harikas\u0131 \u015felale, ke\u015ffedilmeyi bekliyor.<br \/>\nKendi imkanlar\u0131yla b\u00f6lgede mesire alan\u0131 ve \u015felaleye ula\u015f\u0131labilmesi i\u00e7in patika yol yapan Kad\u0131deresi k\u00f6y\u00fc sakinleri, herkesi \u015felaleyi g\u00f6rmeye davet etti.<\/p>\n<p>&#8220;\u0130\u00e7erisi sudan dolay\u0131 \u00e7ok serin&#8221;<br \/>\n\u015eelaleyi g\u00f6ren herkesin \u00e7ok be\u011fendi\u011fini ifade eden k\u00f6y muhtar\u0131 Cesur Kaya, &#8220;K\u00f6y\u00fcm\u00fcz\u00fcn yakla\u015f\u0131k 200 metre \u00fcst\u00fcnde \u015felalemiz var. Bunun 100 metre yan\u0131na, k\u00f6y\u00fcm\u00fcz\u00fcn Avrupa&#8217;daki yard\u0131mla\u015fma derne\u011fi ve k\u00f6y halk\u0131 olarak bir mesire alan\u0131 yapt\u0131k. \u0130nsanlar\u0131n g\u00fczel vakit ge\u00e7irebilece\u011fi bir alan ve \u015felaleye y\u00fcr\u00fcnecek patika yol kazand\u0131rd\u0131k. \u0130n\u015fallah insanlar buray\u0131 g\u00fczel \u015fekilde kullan\u0131rlar, tertemiz b\u0131rak\u0131rlar. \u015eelaleye ma\u011fara gibi bir giri\u015ften girdikten sonra \u00fczerinde kubbe gibi bir ta\u015f var ve \u00e7ok g\u00fczel bir ambiyans var. G\u00f6ren hayran kal\u0131yor. \u0130\u00e7erisi sudan dolay\u0131 \u00e7ok serin. Herkesin g\u00f6rmesi laz\u0131m.<br \/>\n\u015eelaleyi ziyaret eden vatanda\u015flar ise g\u00fczellik kar\u015f\u0131s\u0131nda hayran kald\u0131klar\u0131n\u0131 ve herkesin g\u00f6rmesi gerekti\u011fini ifade etti.<\/p>\n<p>29.04.2026<\/p>\n","protected":false},"excerpt":{"rendered":"<p>&#8211; Kayalar\u0131n gizledi\u011fi \u015felaleyi g\u00f6ren hayranl\u0131\u011f\u0131n\u0131 gizleyemiyor \u00c7orum&#8217;da kayalar\u0131n aras\u0131nda y\u0131l\u0131n belli d\u00f6neminde akan \u015felale ziyaret\u00e7ilerini hayran b\u0131rak\u0131yor. Kent merkezine 30 kilometre uzakl\u0131ktaki Kad\u0131deresi k\u00f6y\u00fcnde bulunan &#8220;G\u00fcmg\u00fcm&#8221; olarak da bilinen Susuz \u015eelale, do\u011fal g\u00fczelli\u011fiyle g\u00f6renleri mest ediyor. Suyun olu\u015fturdu\u011fu b\u00fcy\u00fck\u00e7e bir ma\u011faran\u0131n i\u00e7ine d\u00f6k\u00fclen \u015felale, i\u00e7eri girilerek g\u00f6r\u00fclebiliyor. G\u00f6zlerden uzak kalmay\u0131 ba\u015faran ve y\u0131l\u0131n belli [&hellip;]<\/p>\n","protected":false},"author":1,"featured_media":19724,"comment_status":"open","ping_status":"open","sticky":false,"template":"","format":"standard","meta":{"footnotes":""},"categories":[1],"tags":[3710,3707,3712,3708,3709,3711],"class_list":["post-19723","post","type-post","status-publish","format-standard","has-post-thumbnail","hentry","category-genel","tag-akan-selale","tag-corumda","tag-hayran-birakiyor","tag-kayalarin-arasinda","tag-yilin-belli-doneminde","tag-ziyaretcilerini"],"yoast_head":"<!-- This site is optimized with the Yoast SEO plugin v27.4 - https:\/\/yoast.com\/product\/yoast-seo-wordpress\/ -->\n<title>\u00c7orum&#039;un ke\u015ffedilmeyi bekleyen sakl\u0131 cenneti - Memurun Sesi<\/title>\n<meta name=\"description\" content=\"\u00a0\u00c7orum&#039;da kayalar\u0131n aras\u0131nda y\u0131l\u0131n belli d\u00f6neminde akan \u015felale ziyaret\u00e7ilerini hayran b\u0131rak\u0131yor.\" \/>\n<meta name=\"robots\" content=\"index, follow, max-snippet:-1, max-image-preview:large, max-video-preview:-1\" \/>\n<link rel=\"canonical\" href=\"https:\/\/memurunsesi.net\/index.php\/2026\/04\/29\/corumun-kesfedilmeyi-bekleyen-sakli-cenneti\/\" \/>\n<meta property=\"og:locale\" content=\"tr_TR\" \/>\n<meta property=\"og:type\" content=\"article\" \/>\n<meta property=\"og:title\" content=\"\u00c7orum&#039;un ke\u015ffedilmeyi bekleyen sakl\u0131 cenneti - Memurun Sesi\" \/>\n<meta property=\"og:description\" content=\"\u00a0\u00c7orum&#039;da kayalar\u0131n aras\u0131nda y\u0131l\u0131n belli d\u00f6neminde akan \u015felale ziyaret\u00e7ilerini hayran b\u0131rak\u0131yor.\" \/>\n<meta property=\"og:url\" content=\"https:\/\/memurunsesi.net\/index.php\/2026\/04\/29\/corumun-kesfedilmeyi-bekleyen-sakli-cenneti\/\" \/>\n<meta property=\"og:site_name\" content=\"Memurun Sesi\" \/>\n<meta property=\"article:publisher\" content=\"https:\/\/www.facebook.com\/unipersen\/?locale=tr_TR\" \/>\n<meta property=\"article:published_time\" content=\"2026-04-29T05:55:59+00:00\" \/>\n<meta property=\"og:image\" content=\"https:\/\/memurunsesi.net\/wp-content\/uploads\/2026\/04\/corum-scaled.jpg\" \/>\n\t<meta property=\"og:image:width\" content=\"2560\" \/>\n\t<meta property=\"og:image:height\" content=\"1920\" \/>\n\t<meta property=\"og:image:type\" content=\"image\/jpeg\" \/>\n<meta name=\"author\" content=\"Memurun Sesi Haber Merkezi\" \/>\n<meta name=\"twitter:card\" content=\"summary_large_image\" \/>\n<meta name=\"twitter:creator\" content=\"@unipersen\" \/>\n<meta name=\"twitter:site\" content=\"@unipersen\" \/>\n<meta name=\"twitter:label1\" content=\"Yazan:\" \/>\n\t<meta name=\"twitter:data1\" content=\"Memurun Sesi Haber Merkezi\" \/>\n\t<meta name=\"twitter:label2\" content=\"Tahmini okuma s\u00fcresi\" \/>\n\t<meta name=\"twitter:data2\" content=\"2 dakika\" \/>\n<script type=\"application\/ld+json\" class=\"yoast-schema-graph\">{\"@context\":\"https:\\\/\\\/schema.org\",\"@graph\":[{\"@type\":\"Article\",\"@id\":\"https:\\\/\\\/memurunsesi.net\\\/index.php\\\/2026\\\/04\\\/29\\\/corumun-kesfedilmeyi-bekleyen-sakli-cenneti\\\/#article\",\"isPartOf\":{\"@id\":\"https:\\\/\\\/memurunsesi.net\\\/index.php\\\/2026\\\/04\\\/29\\\/corumun-kesfedilmeyi-bekleyen-sakli-cenneti\\\/\"},\"author\":{\"name\":\"Memurun Sesi Haber Merkezi\",\"@id\":\"https:\\\/\\\/memurunsesi.net\\\/#\\\/schema\\\/person\\\/f21c2d73b89f6ee1d80b0a1803e38587\"},\"headline\":\"\u00c7orum&#8217;un ke\u015ffedilmeyi bekleyen sakl\u0131 cenneti\",\"datePublished\":\"2026-04-29T05:55:59+00:00\",\"mainEntityOfPage\":{\"@id\":\"https:\\\/\\\/memurunsesi.net\\\/index.php\\\/2026\\\/04\\\/29\\\/corumun-kesfedilmeyi-bekleyen-sakli-cenneti\\\/\"},\"wordCount\":289,\"commentCount\":0,\"publisher\":{\"@id\":\"https:\\\/\\\/memurunsesi.net\\\/#organization\"},\"image\":{\"@id\":\"https:\\\/\\\/memurunsesi.net\\\/index.php\\\/2026\\\/04\\\/29\\\/corumun-kesfedilmeyi-bekleyen-sakli-cenneti\\\/#primaryimage\"},\"thumbnailUrl\":\"https:\\\/\\\/memurunsesi.net\\\/wp-content\\\/uploads\\\/2026\\\/04\\\/corum-scaled.jpg\",\"keywords\":[\"akan \u015felale\",\"\u00c7orum'da\",\"hayran b\u0131rak\u0131yor.\",\"kayalar\u0131n aras\u0131nda\",\"y\u0131l\u0131n belli d\u00f6neminde\",\"ziyaret\u00e7ilerini\"],\"inLanguage\":\"tr\",\"potentialAction\":[{\"@type\":\"CommentAction\",\"name\":\"Comment\",\"target\":[\"https:\\\/\\\/memurunsesi.net\\\/index.php\\\/2026\\\/04\\\/29\\\/corumun-kesfedilmeyi-bekleyen-sakli-cenneti\\\/#respond\"]}]},{\"@type\":\"WebPage\",\"@id\":\"https:\\\/\\\/memurunsesi.net\\\/index.php\\\/2026\\\/04\\\/29\\\/corumun-kesfedilmeyi-bekleyen-sakli-cenneti\\\/\",\"url\":\"https:\\\/\\\/memurunsesi.net\\\/index.php\\\/2026\\\/04\\\/29\\\/corumun-kesfedilmeyi-bekleyen-sakli-cenneti\\\/\",\"name\":\"\u00c7orum'un ke\u015ffedilmeyi bekleyen sakl\u0131 cenneti - Memurun Sesi\",\"isPartOf\":{\"@id\":\"https:\\\/\\\/memurunsesi.net\\\/#website\"},\"primaryImageOfPage\":{\"@id\":\"https:\\\/\\\/memurunsesi.net\\\/index.php\\\/2026\\\/04\\\/29\\\/corumun-kesfedilmeyi-bekleyen-sakli-cenneti\\\/#primaryimage\"},\"image\":{\"@id\":\"https:\\\/\\\/memurunsesi.net\\\/index.php\\\/2026\\\/04\\\/29\\\/corumun-kesfedilmeyi-bekleyen-sakli-cenneti\\\/#primaryimage\"},\"thumbnailUrl\":\"https:\\\/\\\/memurunsesi.net\\\/wp-content\\\/uploads\\\/2026\\\/04\\\/corum-scaled.jpg\",\"datePublished\":\"2026-04-29T05:55:59+00:00\",\"description\":\"\u00a0\u00c7orum'da kayalar\u0131n aras\u0131nda y\u0131l\u0131n belli d\u00f6neminde akan \u015felale ziyaret\u00e7ilerini hayran b\u0131rak\u0131yor.\",\"breadcrumb\":{\"@id\":\"https:\\\/\\\/memurunsesi.net\\\/index.php\\\/2026\\\/04\\\/29\\\/corumun-kesfedilmeyi-bekleyen-sakli-cenneti\\\/#breadcrumb\"},\"inLanguage\":\"tr\",\"potentialAction\":[{\"@type\":\"ReadAction\",\"target\":[\"https:\\\/\\\/memurunsesi.net\\\/index.php\\\/2026\\\/04\\\/29\\\/corumun-kesfedilmeyi-bekleyen-sakli-cenneti\\\/\"]}]},{\"@type\":\"ImageObject\",\"inLanguage\":\"tr\",\"@id\":\"https:\\\/\\\/memurunsesi.net\\\/index.php\\\/2026\\\/04\\\/29\\\/corumun-kesfedilmeyi-bekleyen-sakli-cenneti\\\/#primaryimage\",\"url\":\"https:\\\/\\\/memurunsesi.net\\\/wp-content\\\/uploads\\\/2026\\\/04\\\/corum-scaled.jpg\",\"contentUrl\":\"https:\\\/\\\/memurunsesi.net\\\/wp-content\\\/uploads\\\/2026\\\/04\\\/corum-scaled.jpg\",\"width\":2560,\"height\":1920},{\"@type\":\"BreadcrumbList\",\"@id\":\"https:\\\/\\\/memurunsesi.net\\\/index.php\\\/2026\\\/04\\\/29\\\/corumun-kesfedilmeyi-bekleyen-sakli-cenneti\\\/#breadcrumb\",\"itemListElement\":[{\"@type\":\"ListItem\",\"position\":1,\"name\":\"Anasayfa\",\"item\":\"https:\\\/\\\/memurunsesi.net\\\/\"},{\"@type\":\"ListItem\",\"position\":2,\"name\":\"\u00c7orum&#8217;un ke\u015ffedilmeyi bekleyen sakl\u0131 cenneti\"}]},{\"@type\":\"WebSite\",\"@id\":\"https:\\\/\\\/memurunsesi.net\\\/#website\",\"url\":\"https:\\\/\\\/memurunsesi.net\\\/\",\"name\":\"Memurun Sesi\",\"description\":\"G\u00fcncel ve Do\u011fru Haber\",\"publisher\":{\"@id\":\"https:\\\/\\\/memurunsesi.net\\\/#organization\"},\"potentialAction\":[{\"@type\":\"SearchAction\",\"target\":{\"@type\":\"EntryPoint\",\"urlTemplate\":\"https:\\\/\\\/memurunsesi.net\\\/?s={search_term_string}\"},\"query-input\":{\"@type\":\"PropertyValueSpecification\",\"valueRequired\":true,\"valueName\":\"search_term_string\"}}],\"inLanguage\":\"tr\"},{\"@type\":\"Organization\",\"@id\":\"https:\\\/\\\/memurunsesi.net\\\/#organization\",\"name\":\"Memurun Sesi\",\"url\":\"https:\\\/\\\/memurunsesi.net\\\/\",\"logo\":{\"@type\":\"ImageObject\",\"inLanguage\":\"tr\",\"@id\":\"https:\\\/\\\/memurunsesi.net\\\/#\\\/schema\\\/logo\\\/image\\\/\",\"url\":\"https:\\\/\\\/memurunsesi.net\\\/wp-content\\\/uploads\\\/2025\\\/11\\\/cropped-MEMURUN-SESI.png\",\"contentUrl\":\"https:\\\/\\\/memurunsesi.net\\\/wp-content\\\/uploads\\\/2025\\\/11\\\/cropped-MEMURUN-SESI.png\",\"width\":238,\"height\":57,\"caption\":\"Memurun Sesi\"},\"image\":{\"@id\":\"https:\\\/\\\/memurunsesi.net\\\/#\\\/schema\\\/logo\\\/image\\\/\"},\"sameAs\":[\"https:\\\/\\\/www.facebook.com\\\/unipersen\\\/?locale=tr_TR\",\"https:\\\/\\\/x.com\\\/unipersen\"]},{\"@type\":\"Person\",\"@id\":\"https:\\\/\\\/memurunsesi.net\\\/#\\\/schema\\\/person\\\/f21c2d73b89f6ee1d80b0a1803e38587\",\"name\":\"Memurun Sesi Haber Merkezi\",\"image\":{\"@type\":\"ImageObject\",\"inLanguage\":\"tr\",\"@id\":\"https:\\\/\\\/secure.gravatar.com\\\/avatar\\\/6cf0505f452ee753f485014986fab09a434671d2b919ee76fc541025c5876a70?s=96&d=mm&r=g\",\"url\":\"https:\\\/\\\/secure.gravatar.com\\\/avatar\\\/6cf0505f452ee753f485014986fab09a434671d2b919ee76fc541025c5876a70?s=96&d=mm&r=g\",\"contentUrl\":\"https:\\\/\\\/secure.gravatar.com\\\/avatar\\\/6cf0505f452ee753f485014986fab09a434671d2b919ee76fc541025c5876a70?s=96&d=mm&r=g\",\"caption\":\"Memurun Sesi Haber Merkezi\"},\"sameAs\":[\"https:\\\/\\\/memurunsesi.net\"],\"url\":\"https:\\\/\\\/memurunsesi.net\\\/index.php\\\/author\\\/uniper\\\/\"}]}<\/script>\n<!-- \/ Yoast SEO plugin. -->","yoast_head_json":{"title":"\u00c7orum'un ke\u015ffedilmeyi bekleyen sakl\u0131 cenneti - Memurun Sesi","description":"\u00a0\u00c7orum'da kayalar\u0131n aras\u0131nda y\u0131l\u0131n belli d\u00f6neminde akan \u015felale ziyaret\u00e7ilerini hayran b\u0131rak\u0131yor.","robots":{"index":"index","follow":"follow","max-snippet":"max-snippet:-1","max-image-preview":"max-image-preview:large","max-video-preview":"max-video-preview:-1"},"canonical":"https:\/\/memurunsesi.net\/index.php\/2026\/04\/29\/corumun-kesfedilmeyi-bekleyen-sakli-cenneti\/","og_locale":"tr_TR","og_type":"article","og_title":"\u00c7orum'un ke\u015ffedilmeyi bekleyen sakl\u0131 cenneti - Memurun Sesi","og_description":"\u00a0\u00c7orum'da kayalar\u0131n aras\u0131nda y\u0131l\u0131n belli d\u00f6neminde akan \u015felale ziyaret\u00e7ilerini hayran b\u0131rak\u0131yor.","og_url":"https:\/\/memurunsesi.net\/index.php\/2026\/04\/29\/corumun-kesfedilmeyi-bekleyen-sakli-cenneti\/","og_site_name":"Memurun Sesi","article_publisher":"https:\/\/www.facebook.com\/unipersen\/?locale=tr_TR","article_published_time":"2026-04-29T05:55:59+00:00","og_image":[{"width":2560,"height":1920,"url":"https:\/\/memurunsesi.net\/wp-content\/uploads\/2026\/04\/corum-scaled.jpg","type":"image\/jpeg"}],"author":"Memurun Sesi Haber Merkezi","twitter_card":"summary_large_image","twitter_creator":"@unipersen","twitter_site":"@unipersen","twitter_misc":{"Yazan:":"Memurun Sesi Haber Merkezi","Tahmini okuma s\u00fcresi":"2 dakika"},"schema":{"@context":"https:\/\/schema.org","@graph":[{"@type":"Article","@id":"https:\/\/memurunsesi.net\/index.php\/2026\/04\/29\/corumun-kesfedilmeyi-bekleyen-sakli-cenneti\/#article","isPartOf":{"@id":"https:\/\/memurunsesi.net\/index.php\/2026\/04\/29\/corumun-kesfedilmeyi-bekleyen-sakli-cenneti\/"},"author":{"name":"Memurun Sesi Haber Merkezi","@id":"https:\/\/memurunsesi.net\/#\/schema\/person\/f21c2d73b89f6ee1d80b0a1803e38587"},"headline":"\u00c7orum&#8217;un ke\u015ffedilmeyi bekleyen sakl\u0131 cenneti","datePublished":"2026-04-29T05:55:59+00:00","mainEntityOfPage":{"@id":"https:\/\/memurunsesi.net\/index.php\/2026\/04\/29\/corumun-kesfedilmeyi-bekleyen-sakli-cenneti\/"},"wordCount":289,"commentCount":0,"publisher":{"@id":"https:\/\/memurunsesi.net\/#organization"},"image":{"@id":"https:\/\/memurunsesi.net\/index.php\/2026\/04\/29\/corumun-kesfedilmeyi-bekleyen-sakli-cenneti\/#primaryimage"},"thumbnailUrl":"https:\/\/memurunsesi.net\/wp-content\/uploads\/2026\/04\/corum-scaled.jpg","keywords":["akan \u015felale","\u00c7orum'da","hayran b\u0131rak\u0131yor.","kayalar\u0131n aras\u0131nda","y\u0131l\u0131n belli d\u00f6neminde","ziyaret\u00e7ilerini"],"inLanguage":"tr","potentialAction":[{"@type":"CommentAction","name":"Comment","target":["https:\/\/memurunsesi.net\/index.php\/2026\/04\/29\/corumun-kesfedilmeyi-bekleyen-sakli-cenneti\/#respond"]}]},{"@type":"WebPage","@id":"https:\/\/memurunsesi.net\/index.php\/2026\/04\/29\/corumun-kesfedilmeyi-bekleyen-sakli-cenneti\/","url":"https:\/\/memurunsesi.net\/index.php\/2026\/04\/29\/corumun-kesfedilmeyi-bekleyen-sakli-cenneti\/","name":"\u00c7orum'un ke\u015ffedilmeyi bekleyen sakl\u0131 cenneti - Memurun Sesi","isPartOf":{"@id":"https:\/\/memurunsesi.net\/#website"},"primaryImageOfPage":{"@id":"https:\/\/memurunsesi.net\/index.php\/2026\/04\/29\/corumun-kesfedilmeyi-bekleyen-sakli-cenneti\/#primaryimage"},"image":{"@id":"https:\/\/memurunsesi.net\/index.php\/2026\/04\/29\/corumun-kesfedilmeyi-bekleyen-sakli-cenneti\/#primaryimage"},"thumbnailUrl":"https:\/\/memurunsesi.net\/wp-content\/uploads\/2026\/04\/corum-scaled.jpg","datePublished":"2026-04-29T05:55:59+00:00","description":"\u00a0\u00c7orum'da kayalar\u0131n aras\u0131nda y\u0131l\u0131n belli d\u00f6neminde akan \u015felale ziyaret\u00e7ilerini hayran b\u0131rak\u0131yor.","breadcrumb":{"@id":"https:\/\/memurunsesi.net\/index.php\/2026\/04\/29\/corumun-kesfedilmeyi-bekleyen-sakli-cenneti\/#breadcrumb"},"inLanguage":"tr","potentialAction":[{"@type":"ReadAction","target":["https:\/\/memurunsesi.net\/index.php\/2026\/04\/29\/corumun-kesfedilmeyi-bekleyen-sakli-cenneti\/"]}]},{"@type":"ImageObject","inLanguage":"tr","@id":"https:\/\/memurunsesi.net\/index.php\/2026\/04\/29\/corumun-kesfedilmeyi-bekleyen-sakli-cenneti\/#primaryimage","url":"https:\/\/memurunsesi.net\/wp-content\/uploads\/2026\/04\/corum-scaled.jpg","contentUrl":"https:\/\/memurunsesi.net\/wp-content\/uploads\/2026\/04\/corum-scaled.jpg","width":2560,"height":1920},{"@type":"BreadcrumbList","@id":"https:\/\/memurunsesi.net\/index.php\/2026\/04\/29\/corumun-kesfedilmeyi-bekleyen-sakli-cenneti\/#breadcrumb","itemListElement":[{"@type":"ListItem","position":1,"name":"Anasayfa","item":"https:\/\/memurunsesi.net\/"},{"@type":"ListItem","position":2,"name":"\u00c7orum&#8217;un ke\u015ffedilmeyi bekleyen sakl\u0131 cenneti"}]},{"@type":"WebSite","@id":"https:\/\/memurunsesi.net\/#website","url":"https:\/\/memurunsesi.net\/","name":"Memurun Sesi","description":"G\u00fcncel ve Do\u011fru Haber","publisher":{"@id":"https:\/\/memurunsesi.net\/#organization"},"potentialAction":[{"@type":"SearchAction","target":{"@type":"EntryPoint","urlTemplate":"https:\/\/memurunsesi.net\/?s={search_term_string}"},"query-input":{"@type":"PropertyValueSpecification","valueRequired":true,"valueName":"search_term_string"}}],"inLanguage":"tr"},{"@type":"Organization","@id":"https:\/\/memurunsesi.net\/#organization","name":"Memurun Sesi","url":"https:\/\/memurunsesi.net\/","logo":{"@type":"ImageObject","inLanguage":"tr","@id":"https:\/\/memurunsesi.net\/#\/schema\/logo\/image\/","url":"https:\/\/memurunsesi.net\/wp-content\/uploads\/2025\/11\/cropped-MEMURUN-SESI.png","contentUrl":"https:\/\/memurunsesi.net\/wp-content\/uploads\/2025\/11\/cropped-MEMURUN-SESI.png","width":238,"height":57,"caption":"Memurun Sesi"},"image":{"@id":"https:\/\/memurunsesi.net\/#\/schema\/logo\/image\/"},"sameAs":["https:\/\/www.facebook.com\/unipersen\/?locale=tr_TR","https:\/\/x.com\/unipersen"]},{"@type":"Person","@id":"https:\/\/memurunsesi.net\/#\/schema\/person\/f21c2d73b89f6ee1d80b0a1803e38587","name":"Memurun Sesi Haber Merkezi","image":{"@type":"ImageObject","inLanguage":"tr","@id":"https:\/\/secure.gravatar.com\/avatar\/6cf0505f452ee753f485014986fab09a434671d2b919ee76fc541025c5876a70?s=96&d=mm&r=g","url":"https:\/\/secure.gravatar.com\/avatar\/6cf0505f452ee753f485014986fab09a434671d2b919ee76fc541025c5876a70?s=96&d=mm&r=g","contentUrl":"https:\/\/secure.gravatar.com\/avatar\/6cf0505f452ee753f485014986fab09a434671d2b919ee76fc541025c5876a70?s=96&d=mm&r=g","caption":"Memurun Sesi Haber Merkezi"},"sameAs":["https:\/\/memurunsesi.net"],"url":"https:\/\/memurunsesi.net\/index.php\/author\/uniper\/"}]}},"_links":{"self":[{"href":"https:\/\/memurunsesi.net\/index.php\/wp-json\/wp\/v2\/posts\/19723","targetHints":{"allow":["GET"]}}],"collection":[{"href":"https:\/\/memurunsesi.net\/index.php\/wp-json\/wp\/v2\/posts"}],"about":[{"href":"https:\/\/memurunsesi.net\/index.php\/wp-json\/wp\/v2\/types\/post"}],"author":[{"embeddable":true,"href":"https:\/\/memurunsesi.net\/index.php\/wp-json\/wp\/v2\/users\/1"}],"replies":[{"embeddable":true,"href":"https:\/\/memurunsesi.net\/index.php\/wp-json\/wp\/v2\/comments?post=19723"}],"version-history":[{"count":1,"href":"https:\/\/memurunsesi.net\/index.php\/wp-json\/wp\/v2\/posts\/19723\/revisions"}],"predecessor-version":[{"id":19725,"href":"https:\/\/memurunsesi.net\/index.php\/wp-json\/wp\/v2\/posts\/19723\/revisions\/19725"}],"wp:featuredmedia":[{"embeddable":true,"href":"https:\/\/memurunsesi.net\/index.php\/wp-json\/wp\/v2\/media\/19724"}],"wp:attachment":[{"href":"https:\/\/memurunsesi.net\/index.php\/wp-json\/wp\/v2\/media?parent=19723"}],"wp:term":[{"taxonomy":"category","embeddable":true,"href":"https:\/\/memurunsesi.net\/index.php\/wp-json\/wp\/v2\/categories?post=19723"},{"taxonomy":"post_tag","embeddable":true,"href":"https:\/\/memurunsesi.net\/index.php\/wp-json\/wp\/v2\/tags?post=19723"}],"curies":[{"name":"wp","href":"https:\/\/api.w.org\/{rel}","templated":true}]}}