{"id":19726,"date":"2026-04-29T09:23:31","date_gmt":"2026-04-29T06:23:31","guid":{"rendered":"https:\/\/memurunsesi.net\/?p=19726"},"modified":"2026-04-29T09:23:31","modified_gmt":"2026-04-29T06:23:31","slug":"universite-idari-personelinden-yoke-becayis-tepkisi-magduriyet-artiyor","status":"publish","type":"post","link":"https:\/\/memurunsesi.net\/index.php\/2026\/04\/29\/universite-idari-personelinden-yoke-becayis-tepkisi-magduriyet-artiyor\/","title":{"rendered":"\u00dcniversite \u0130dari Personelinden Y\u00d6K\u2019e \u201cBecayi\u015f\u201d Tepkisi: Ma\u011fduriyet Art\u0131yor"},"content":{"rendered":"<p data-start=\"80\" data-end=\"433\">\u00a0 \u00a0 Ge\u00e7ti\u011fimiz y\u0131l \u00fcniversitelerde g\u00f6rev yapan idari personel i\u00e7in hayata ge\u00e7irilen becayi\u015f (kar\u015f\u0131l\u0131kl\u0131 yer de\u011fi\u015ftirme) uygulamas\u0131n\u0131n bu y\u0131l hen\u00fcz g\u00fcndeme al\u0131nmamas\u0131, \u00e7al\u0131\u015fanlar aras\u0131nda ciddi bir ma\u011fduriyet tart\u0131\u015fmas\u0131n\u0131 beraberinde getirdi. Personel, uygulaman\u0131n neden bu y\u0131l tekrar edilmedi\u011fine ili\u015fkin a\u00e7\u0131klama beklerken, konuya dair belirsizlik s\u00fcr\u00fcyor.<\/p>\n<p data-start=\"435\" data-end=\"796\">\u0130dari personel, \u00f6zellikle aile birli\u011fi, sa\u011fl\u0131k sorunlar\u0131 ve ekonomik gerek\u00e7elerle farkl\u0131 illerde g\u00f6rev yapan e\u015flerinin yan\u0131na gidebilmek i\u00e7in becayi\u015f uygulamas\u0131n\u0131n \u00f6nemli bir f\u0131rsat sundu\u011funu ifade ediyor. Ge\u00e7ti\u011fimiz y\u0131l yap\u0131lan d\u00fczenleme sayesinde bir\u00e7ok \u00e7al\u0131\u015fan\u0131n yer de\u011fi\u015fikli\u011fi yapabildi\u011fi hat\u0131rlat\u0131l\u0131rken, bu y\u0131l benzer bir ad\u0131m\u0131n at\u0131lmamas\u0131 tepki \u00e7ekiyor.<\/p>\n<p data-start=\"798\" data-end=\"1296\">\u00d6te yandan, becayi\u015f uygulamas\u0131n\u0131n usul ve esaslar\u0131n\u0131n net olarak belirlenmemi\u015f olmas\u0131 ve sistemin personelin b\u00fcy\u00fck bir k\u0131sm\u0131n\u0131n sorunlar\u0131na \u00e7\u00f6z\u00fcm olamamas\u0131 da ele\u015ftiri konusu oldu. Buna ra\u011fmen s\u00f6z konusu uygulama, pek \u00e7ok \u00e7al\u0131\u015fan i\u00e7in bir umut kap\u0131s\u0131 olmu\u015ftu. Personel temsilcileri, mevcut sistemin daha adil ve kapsay\u0131c\u0131 hale getirilmesi amac\u0131yla puan usul\u00fcne dayal\u0131 bir tayin sistemine d\u00f6n\u00fc\u015ft\u00fcr\u00fclmesi gerekti\u011fini ve bu \u015fekilde ma\u011fduriyetlerin daha etkin bi\u00e7imde giderilebilece\u011fini dile getiriyor.<\/p>\n<p data-start=\"1298\" data-end=\"1619\">Ayr\u0131ca becayi\u015f uygulamas\u0131n\u0131n son iki toplu s\u00f6zle\u015fmede yer almas\u0131na ra\u011fmen fiilen hayata ge\u00e7irilmemesi, \u00e7al\u0131\u015fanlar aras\u0131nda \u201ckazan\u0131lm\u0131\u015f haklar\u0131n uygulanmad\u0131\u011f\u0131\u201d y\u00f6n\u00fcnde ele\u015ftirilere neden oluyor. Personel temsilcileri, s\u00f6zle\u015fme h\u00fck\u00fcmlerinin uygulanmamas\u0131n\u0131n hukuki ve idari a\u00e7\u0131dan da soru i\u015faretleri do\u011furdu\u011funu belirtiyor.<\/p>\n<p data-start=\"1621\" data-end=\"1987\">Konuya ili\u015fkin \u00e7ok say\u0131da personel, <span class=\"hover:entity-accent entity-underline inline cursor-pointer align-baseline\"><span class=\"whitespace-normal\">Y\u00fcksek\u00f6\u011fretim Kurulu<\/span><\/span> (Y\u00d6K)\u2019e \u00e7a\u011fr\u0131da bulunarak s\u00fcrecin ak\u0131betine dair net bir a\u00e7\u0131klama yap\u0131lmas\u0131n\u0131 talep ediyor. \u00c7al\u0131\u015fanlar, \u201cGe\u00e7en y\u0131l m\u00fcmk\u00fcn olan bir uygulama bu y\u0131l neden yap\u0131lm\u0131yor?\u201d sorusuna yan\u0131t ararken, ya\u015fad\u0131klar\u0131 belirsizli\u011fin hem motivasyonu hem de \u00e7al\u0131\u015fma verimini olumsuz etkiledi\u011fini dile getiriyor.<\/p>\n<p data-start=\"1989\" data-end=\"2346\">Becayi\u015f hakk\u0131n\u0131n uygulanmamas\u0131 nedeniyle aile b\u00fct\u00fcnl\u00fc\u011f\u00fcn\u00fcn zedelendi\u011fine dikkat \u00e7eken personel, e\u015f ve \u00e7ocuklardan ayr\u0131 kalman\u0131n sosyal ve psikolojik sorunlara yol a\u00e7t\u0131\u011f\u0131n\u0131 vurguluyor. Artan ya\u015fam maliyetleriyle birlikte farkl\u0131 \u015fehirlerde iki ayr\u0131 d\u00fczen kurmak zorunda kalan \u00e7al\u0131\u015fanlar, bu durumun ekonomik a\u00e7\u0131dan da ciddi bir y\u00fck olu\u015fturdu\u011funu ifade ediyor.<\/p>\n<p data-start=\"2348\" data-end=\"2688\">Personel ve sendika temsilcileri, s\u00fcrecin h\u0131zland\u0131r\u0131lmas\u0131 ve ma\u011fduriyetlerin giderilmesi ad\u0131na <span class=\"hover:entity-accent entity-underline inline cursor-pointer align-baseline\"><span class=\"whitespace-normal\">Cumhurba\u015fkanl\u0131\u011f\u0131<\/span><\/span>\u2019n\u0131n konuya m\u00fcdahil olarak \u00e7\u00f6z\u00fcm \u00fcretmesini talep ediyor. Yetkililerden, toplu s\u00f6zle\u015fmede yer alan h\u00fck\u00fcmlerin ivedilikle uygulanmas\u0131 ve becayi\u015f s\u00fcrecinin yeniden ba\u015flat\u0131lmas\u0131 y\u00f6n\u00fcnde ad\u0131m at\u0131lmas\u0131 bekleniyor.<\/p>\n<p data-start=\"2690\" data-end=\"3046\" data-is-last-node=\"\" data-is-only-node=\"\">Y\u00d6K taraf\u0131ndan konuya ili\u015fkin hen\u00fcz resmi bir a\u00e7\u0131klama yap\u0131lmazken, idari personel ma\u011fduriyetlerinin giderilmesi ad\u0131na s\u00fcrecin yeniden de\u011ferlendirilmesi gerekti\u011fi ifade ediliyor. \u00c7al\u0131\u015fanlar, becayi\u015f uygulamas\u0131n\u0131n yeniden hayata ge\u00e7irilmesinin yan\u0131 s\u0131ra daha adil ve s\u00fcrd\u00fcr\u00fclebilir bir yer de\u011fi\u015ftirme sistemi olu\u015fturulmas\u0131n\u0131n ka\u00e7\u0131n\u0131lmaz oldu\u011funu vurguluyor.<\/p>\n<p data-start=\"2690\" data-end=\"3046\" data-is-last-node=\"\" data-is-only-node=\"\">29.04.2026<\/p>\n","protected":false},"excerpt":{"rendered":"<p>\u00a0 \u00a0 Ge\u00e7ti\u011fimiz y\u0131l \u00fcniversitelerde g\u00f6rev yapan idari personel i\u00e7in hayata ge\u00e7irilen becayi\u015f (kar\u015f\u0131l\u0131kl\u0131 yer de\u011fi\u015ftirme) uygulamas\u0131n\u0131n bu y\u0131l hen\u00fcz g\u00fcndeme al\u0131nmamas\u0131, \u00e7al\u0131\u015fanlar aras\u0131nda ciddi bir ma\u011fduriyet tart\u0131\u015fmas\u0131n\u0131 beraberinde getirdi. Personel, uygulaman\u0131n neden bu y\u0131l tekrar edilmedi\u011fine ili\u015fkin a\u00e7\u0131klama beklerken, konuya dair belirsizlik s\u00fcr\u00fcyor. \u0130dari personel, \u00f6zellikle aile birli\u011fi, sa\u011fl\u0131k sorunlar\u0131 ve ekonomik gerek\u00e7elerle farkl\u0131 [&hellip;]<\/p>\n","protected":false},"author":1,"featured_media":19761,"comment_status":"open","ping_status":"open","sticky":false,"template":"","format":"standard","meta":{"footnotes":""},"categories":[1],"tags":[3152,1272,1628,1631,3715,3714,3713,1086,2987,1088,1255],"class_list":["post-19726","post","type-post","status-publish","format-standard","has-post-thumbnail","hentry","category-genel","tag-aile-birligi","tag-becayis","tag-cumhurbaskanligi","tag-kamu-personeli","tag-magduriyet","tag-puan-usulu-tayin","tag-tayin-sistemi","tag-toplu-sozlesme","tag-universite-idari-personel","tag-yer-degisikligi","tag-yok"],"yoast_head":"<!-- This site is optimized with the Yoast SEO plugin v27.4 - https:\/\/yoast.com\/product\/yoast-seo-wordpress\/ -->\n<title>\u00dcniversite \u0130dari Personelinden Y\u00d6K\u2019e \u201cBecayi\u015f\u201d Tepkisi: Ma\u011fduriyet Art\u0131yor - Memurun Sesi<\/title>\n<meta name=\"description\" content=\"\u00dcniversite idari personelinin becayi\u015f beklentisi bu y\u0131l kar\u015f\u0131lanmad\u0131. Son iki toplu s\u00f6zle\u015fmede yer almas\u0131na ra\u011fmen uygulanmayan sistem, aile b\u00fct\u00fcnl\u00fc\u011f\u00fcn\u00fc zedelerken \u00e7al\u0131\u015fanlar Y\u00d6K ve Cumhurba\u015fkanl\u0131\u011f\u0131\u2019ndan \u00e7\u00f6z\u00fcm bekliyor.\" \/>\n<meta name=\"robots\" content=\"index, follow, max-snippet:-1, max-image-preview:large, max-video-preview:-1\" \/>\n<link rel=\"canonical\" href=\"https:\/\/memurunsesi.net\/index.php\/2026\/04\/29\/universite-idari-personelinden-yoke-becayis-tepkisi-magduriyet-artiyor\/\" \/>\n<meta property=\"og:locale\" content=\"tr_TR\" \/>\n<meta property=\"og:type\" content=\"article\" \/>\n<meta property=\"og:title\" content=\"\u00dcniversite \u0130dari Personelinden Y\u00d6K\u2019e \u201cBecayi\u015f\u201d Tepkisi: Ma\u011fduriyet Art\u0131yor - Memurun Sesi\" \/>\n<meta property=\"og:description\" content=\"\u00dcniversite idari personelinin becayi\u015f beklentisi bu y\u0131l kar\u015f\u0131lanmad\u0131. Son iki toplu s\u00f6zle\u015fmede yer almas\u0131na ra\u011fmen uygulanmayan sistem, aile b\u00fct\u00fcnl\u00fc\u011f\u00fcn\u00fc zedelerken \u00e7al\u0131\u015fanlar Y\u00d6K ve Cumhurba\u015fkanl\u0131\u011f\u0131\u2019ndan \u00e7\u00f6z\u00fcm bekliyor.\" \/>\n<meta property=\"og:url\" content=\"https:\/\/memurunsesi.net\/index.php\/2026\/04\/29\/universite-idari-personelinden-yoke-becayis-tepkisi-magduriyet-artiyor\/\" \/>\n<meta property=\"og:site_name\" content=\"Memurun Sesi\" \/>\n<meta property=\"article:publisher\" content=\"https:\/\/www.facebook.com\/unipersen\/?locale=tr_TR\" \/>\n<meta property=\"article:published_time\" content=\"2026-04-29T06:23:31+00:00\" \/>\n<meta property=\"og:image\" content=\"https:\/\/memurunsesi.net\/wp-content\/uploads\/2026\/04\/48.png\" \/>\n\t<meta property=\"og:image:width\" content=\"1080\" \/>\n\t<meta property=\"og:image:height\" content=\"720\" \/>\n\t<meta property=\"og:image:type\" content=\"image\/png\" \/>\n<meta name=\"author\" content=\"Memurun Sesi Haber Merkezi\" \/>\n<meta name=\"twitter:card\" content=\"summary_large_image\" \/>\n<meta name=\"twitter:creator\" content=\"@unipersen\" \/>\n<meta name=\"twitter:site\" content=\"@unipersen\" \/>\n<meta name=\"twitter:label1\" content=\"Yazan:\" \/>\n\t<meta name=\"twitter:data1\" content=\"Memurun Sesi Haber Merkezi\" \/>\n\t<meta name=\"twitter:label2\" content=\"Tahmini okuma s\u00fcresi\" \/>\n\t<meta name=\"twitter:data2\" content=\"3 dakika\" \/>\n<script type=\"application\/ld+json\" class=\"yoast-schema-graph\">{\"@context\":\"https:\\\/\\\/schema.org\",\"@graph\":[{\"@type\":\"Article\",\"@id\":\"https:\\\/\\\/memurunsesi.net\\\/index.php\\\/2026\\\/04\\\/29\\\/universite-idari-personelinden-yoke-becayis-tepkisi-magduriyet-artiyor\\\/#article\",\"isPartOf\":{\"@id\":\"https:\\\/\\\/memurunsesi.net\\\/index.php\\\/2026\\\/04\\\/29\\\/universite-idari-personelinden-yoke-becayis-tepkisi-magduriyet-artiyor\\\/\"},\"author\":{\"name\":\"Memurun Sesi Haber Merkezi\",\"@id\":\"https:\\\/\\\/memurunsesi.net\\\/#\\\/schema\\\/person\\\/f21c2d73b89f6ee1d80b0a1803e38587\"},\"headline\":\"\u00dcniversite \u0130dari Personelinden Y\u00d6K\u2019e \u201cBecayi\u015f\u201d Tepkisi: Ma\u011fduriyet Art\u0131yor\",\"datePublished\":\"2026-04-29T06:23:31+00:00\",\"mainEntityOfPage\":{\"@id\":\"https:\\\/\\\/memurunsesi.net\\\/index.php\\\/2026\\\/04\\\/29\\\/universite-idari-personelinden-yoke-becayis-tepkisi-magduriyet-artiyor\\\/\"},\"wordCount\":573,\"commentCount\":2,\"publisher\":{\"@id\":\"https:\\\/\\\/memurunsesi.net\\\/#organization\"},\"image\":{\"@id\":\"https:\\\/\\\/memurunsesi.net\\\/index.php\\\/2026\\\/04\\\/29\\\/universite-idari-personelinden-yoke-becayis-tepkisi-magduriyet-artiyor\\\/#primaryimage\"},\"thumbnailUrl\":\"https:\\\/\\\/memurunsesi.net\\\/wp-content\\\/uploads\\\/2026\\\/04\\\/48.png\",\"keywords\":[\"aile birli\u011fi\",\"becayi\u015f\",\"Cumhurba\u015fkanl\u0131\u011f\u0131\",\"kamu personeli\",\"ma\u011fduriyet\",\"puan usul\u00fc tayin\",\"tayin sistemi\",\"toplu s\u00f6zle\u015fme\",\"\u00fcniversite idari personel\",\"yer de\u011fi\u015fikli\u011fi\",\"Y\u00d6K\"],\"inLanguage\":\"tr\",\"potentialAction\":[{\"@type\":\"CommentAction\",\"name\":\"Comment\",\"target\":[\"https:\\\/\\\/memurunsesi.net\\\/index.php\\\/2026\\\/04\\\/29\\\/universite-idari-personelinden-yoke-becayis-tepkisi-magduriyet-artiyor\\\/#respond\"]}]},{\"@type\":\"WebPage\",\"@id\":\"https:\\\/\\\/memurunsesi.net\\\/index.php\\\/2026\\\/04\\\/29\\\/universite-idari-personelinden-yoke-becayis-tepkisi-magduriyet-artiyor\\\/\",\"url\":\"https:\\\/\\\/memurunsesi.net\\\/index.php\\\/2026\\\/04\\\/29\\\/universite-idari-personelinden-yoke-becayis-tepkisi-magduriyet-artiyor\\\/\",\"name\":\"\u00dcniversite \u0130dari Personelinden Y\u00d6K\u2019e \u201cBecayi\u015f\u201d Tepkisi: Ma\u011fduriyet Art\u0131yor - Memurun Sesi\",\"isPartOf\":{\"@id\":\"https:\\\/\\\/memurunsesi.net\\\/#website\"},\"primaryImageOfPage\":{\"@id\":\"https:\\\/\\\/memurunsesi.net\\\/index.php\\\/2026\\\/04\\\/29\\\/universite-idari-personelinden-yoke-becayis-tepkisi-magduriyet-artiyor\\\/#primaryimage\"},\"image\":{\"@id\":\"https:\\\/\\\/memurunsesi.net\\\/index.php\\\/2026\\\/04\\\/29\\\/universite-idari-personelinden-yoke-becayis-tepkisi-magduriyet-artiyor\\\/#primaryimage\"},\"thumbnailUrl\":\"https:\\\/\\\/memurunsesi.net\\\/wp-content\\\/uploads\\\/2026\\\/04\\\/48.png\",\"datePublished\":\"2026-04-29T06:23:31+00:00\",\"description\":\"\u00dcniversite idari personelinin becayi\u015f beklentisi bu y\u0131l kar\u015f\u0131lanmad\u0131. Son iki toplu s\u00f6zle\u015fmede yer almas\u0131na ra\u011fmen uygulanmayan sistem, aile b\u00fct\u00fcnl\u00fc\u011f\u00fcn\u00fc zedelerken \u00e7al\u0131\u015fanlar Y\u00d6K ve Cumhurba\u015fkanl\u0131\u011f\u0131\u2019ndan \u00e7\u00f6z\u00fcm bekliyor.\",\"breadcrumb\":{\"@id\":\"https:\\\/\\\/memurunsesi.net\\\/index.php\\\/2026\\\/04\\\/29\\\/universite-idari-personelinden-yoke-becayis-tepkisi-magduriyet-artiyor\\\/#breadcrumb\"},\"inLanguage\":\"tr\",\"potentialAction\":[{\"@type\":\"ReadAction\",\"target\":[\"https:\\\/\\\/memurunsesi.net\\\/index.php\\\/2026\\\/04\\\/29\\\/universite-idari-personelinden-yoke-becayis-tepkisi-magduriyet-artiyor\\\/\"]}]},{\"@type\":\"ImageObject\",\"inLanguage\":\"tr\",\"@id\":\"https:\\\/\\\/memurunsesi.net\\\/index.php\\\/2026\\\/04\\\/29\\\/universite-idari-personelinden-yoke-becayis-tepkisi-magduriyet-artiyor\\\/#primaryimage\",\"url\":\"https:\\\/\\\/memurunsesi.net\\\/wp-content\\\/uploads\\\/2026\\\/04\\\/48.png\",\"contentUrl\":\"https:\\\/\\\/memurunsesi.net\\\/wp-content\\\/uploads\\\/2026\\\/04\\\/48.png\",\"width\":1080,\"height\":720},{\"@type\":\"BreadcrumbList\",\"@id\":\"https:\\\/\\\/memurunsesi.net\\\/index.php\\\/2026\\\/04\\\/29\\\/universite-idari-personelinden-yoke-becayis-tepkisi-magduriyet-artiyor\\\/#breadcrumb\",\"itemListElement\":[{\"@type\":\"ListItem\",\"position\":1,\"name\":\"Anasayfa\",\"item\":\"https:\\\/\\\/memurunsesi.net\\\/\"},{\"@type\":\"ListItem\",\"position\":2,\"name\":\"\u00dcniversite \u0130dari Personelinden Y\u00d6K\u2019e \u201cBecayi\u015f\u201d Tepkisi: Ma\u011fduriyet Art\u0131yor\"}]},{\"@type\":\"WebSite\",\"@id\":\"https:\\\/\\\/memurunsesi.net\\\/#website\",\"url\":\"https:\\\/\\\/memurunsesi.net\\\/\",\"name\":\"Memurun Sesi\",\"description\":\"G\u00fcncel ve Do\u011fru Haber\",\"publisher\":{\"@id\":\"https:\\\/\\\/memurunsesi.net\\\/#organization\"},\"potentialAction\":[{\"@type\":\"SearchAction\",\"target\":{\"@type\":\"EntryPoint\",\"urlTemplate\":\"https:\\\/\\\/memurunsesi.net\\\/?s={search_term_string}\"},\"query-input\":{\"@type\":\"PropertyValueSpecification\",\"valueRequired\":true,\"valueName\":\"search_term_string\"}}],\"inLanguage\":\"tr\"},{\"@type\":\"Organization\",\"@id\":\"https:\\\/\\\/memurunsesi.net\\\/#organization\",\"name\":\"Memurun Sesi\",\"url\":\"https:\\\/\\\/memurunsesi.net\\\/\",\"logo\":{\"@type\":\"ImageObject\",\"inLanguage\":\"tr\",\"@id\":\"https:\\\/\\\/memurunsesi.net\\\/#\\\/schema\\\/logo\\\/image\\\/\",\"url\":\"https:\\\/\\\/memurunsesi.net\\\/wp-content\\\/uploads\\\/2025\\\/11\\\/cropped-MEMURUN-SESI.png\",\"contentUrl\":\"https:\\\/\\\/memurunsesi.net\\\/wp-content\\\/uploads\\\/2025\\\/11\\\/cropped-MEMURUN-SESI.png\",\"width\":238,\"height\":57,\"caption\":\"Memurun Sesi\"},\"image\":{\"@id\":\"https:\\\/\\\/memurunsesi.net\\\/#\\\/schema\\\/logo\\\/image\\\/\"},\"sameAs\":[\"https:\\\/\\\/www.facebook.com\\\/unipersen\\\/?locale=tr_TR\",\"https:\\\/\\\/x.com\\\/unipersen\"]},{\"@type\":\"Person\",\"@id\":\"https:\\\/\\\/memurunsesi.net\\\/#\\\/schema\\\/person\\\/f21c2d73b89f6ee1d80b0a1803e38587\",\"name\":\"Memurun Sesi Haber Merkezi\",\"image\":{\"@type\":\"ImageObject\",\"inLanguage\":\"tr\",\"@id\":\"https:\\\/\\\/secure.gravatar.com\\\/avatar\\\/6cf0505f452ee753f485014986fab09a434671d2b919ee76fc541025c5876a70?s=96&d=mm&r=g\",\"url\":\"https:\\\/\\\/secure.gravatar.com\\\/avatar\\\/6cf0505f452ee753f485014986fab09a434671d2b919ee76fc541025c5876a70?s=96&d=mm&r=g\",\"contentUrl\":\"https:\\\/\\\/secure.gravatar.com\\\/avatar\\\/6cf0505f452ee753f485014986fab09a434671d2b919ee76fc541025c5876a70?s=96&d=mm&r=g\",\"caption\":\"Memurun Sesi Haber Merkezi\"},\"sameAs\":[\"https:\\\/\\\/memurunsesi.net\"],\"url\":\"https:\\\/\\\/memurunsesi.net\\\/index.php\\\/author\\\/uniper\\\/\"}]}<\/script>\n<!-- \/ Yoast SEO plugin. -->","yoast_head_json":{"title":"\u00dcniversite \u0130dari Personelinden Y\u00d6K\u2019e \u201cBecayi\u015f\u201d Tepkisi: Ma\u011fduriyet Art\u0131yor - Memurun Sesi","description":"\u00dcniversite idari personelinin becayi\u015f beklentisi bu y\u0131l kar\u015f\u0131lanmad\u0131. Son iki toplu s\u00f6zle\u015fmede yer almas\u0131na ra\u011fmen uygulanmayan sistem, aile b\u00fct\u00fcnl\u00fc\u011f\u00fcn\u00fc zedelerken \u00e7al\u0131\u015fanlar Y\u00d6K ve Cumhurba\u015fkanl\u0131\u011f\u0131\u2019ndan \u00e7\u00f6z\u00fcm bekliyor.","robots":{"index":"index","follow":"follow","max-snippet":"max-snippet:-1","max-image-preview":"max-image-preview:large","max-video-preview":"max-video-preview:-1"},"canonical":"https:\/\/memurunsesi.net\/index.php\/2026\/04\/29\/universite-idari-personelinden-yoke-becayis-tepkisi-magduriyet-artiyor\/","og_locale":"tr_TR","og_type":"article","og_title":"\u00dcniversite \u0130dari Personelinden Y\u00d6K\u2019e \u201cBecayi\u015f\u201d Tepkisi: Ma\u011fduriyet Art\u0131yor - Memurun Sesi","og_description":"\u00dcniversite idari personelinin becayi\u015f beklentisi bu y\u0131l kar\u015f\u0131lanmad\u0131. Son iki toplu s\u00f6zle\u015fmede yer almas\u0131na ra\u011fmen uygulanmayan sistem, aile b\u00fct\u00fcnl\u00fc\u011f\u00fcn\u00fc zedelerken \u00e7al\u0131\u015fanlar Y\u00d6K ve Cumhurba\u015fkanl\u0131\u011f\u0131\u2019ndan \u00e7\u00f6z\u00fcm bekliyor.","og_url":"https:\/\/memurunsesi.net\/index.php\/2026\/04\/29\/universite-idari-personelinden-yoke-becayis-tepkisi-magduriyet-artiyor\/","og_site_name":"Memurun Sesi","article_publisher":"https:\/\/www.facebook.com\/unipersen\/?locale=tr_TR","article_published_time":"2026-04-29T06:23:31+00:00","og_image":[{"width":1080,"height":720,"url":"https:\/\/memurunsesi.net\/wp-content\/uploads\/2026\/04\/48.png","type":"image\/png"}],"author":"Memurun Sesi Haber Merkezi","twitter_card":"summary_large_image","twitter_creator":"@unipersen","twitter_site":"@unipersen","twitter_misc":{"Yazan:":"Memurun Sesi Haber Merkezi","Tahmini okuma s\u00fcresi":"3 dakika"},"schema":{"@context":"https:\/\/schema.org","@graph":[{"@type":"Article","@id":"https:\/\/memurunsesi.net\/index.php\/2026\/04\/29\/universite-idari-personelinden-yoke-becayis-tepkisi-magduriyet-artiyor\/#article","isPartOf":{"@id":"https:\/\/memurunsesi.net\/index.php\/2026\/04\/29\/universite-idari-personelinden-yoke-becayis-tepkisi-magduriyet-artiyor\/"},"author":{"name":"Memurun Sesi Haber Merkezi","@id":"https:\/\/memurunsesi.net\/#\/schema\/person\/f21c2d73b89f6ee1d80b0a1803e38587"},"headline":"\u00dcniversite \u0130dari Personelinden Y\u00d6K\u2019e \u201cBecayi\u015f\u201d Tepkisi: Ma\u011fduriyet Art\u0131yor","datePublished":"2026-04-29T06:23:31+00:00","mainEntityOfPage":{"@id":"https:\/\/memurunsesi.net\/index.php\/2026\/04\/29\/universite-idari-personelinden-yoke-becayis-tepkisi-magduriyet-artiyor\/"},"wordCount":573,"commentCount":2,"publisher":{"@id":"https:\/\/memurunsesi.net\/#organization"},"image":{"@id":"https:\/\/memurunsesi.net\/index.php\/2026\/04\/29\/universite-idari-personelinden-yoke-becayis-tepkisi-magduriyet-artiyor\/#primaryimage"},"thumbnailUrl":"https:\/\/memurunsesi.net\/wp-content\/uploads\/2026\/04\/48.png","keywords":["aile birli\u011fi","becayi\u015f","Cumhurba\u015fkanl\u0131\u011f\u0131","kamu personeli","ma\u011fduriyet","puan usul\u00fc tayin","tayin sistemi","toplu s\u00f6zle\u015fme","\u00fcniversite idari personel","yer de\u011fi\u015fikli\u011fi","Y\u00d6K"],"inLanguage":"tr","potentialAction":[{"@type":"CommentAction","name":"Comment","target":["https:\/\/memurunsesi.net\/index.php\/2026\/04\/29\/universite-idari-personelinden-yoke-becayis-tepkisi-magduriyet-artiyor\/#respond"]}]},{"@type":"WebPage","@id":"https:\/\/memurunsesi.net\/index.php\/2026\/04\/29\/universite-idari-personelinden-yoke-becayis-tepkisi-magduriyet-artiyor\/","url":"https:\/\/memurunsesi.net\/index.php\/2026\/04\/29\/universite-idari-personelinden-yoke-becayis-tepkisi-magduriyet-artiyor\/","name":"\u00dcniversite \u0130dari Personelinden Y\u00d6K\u2019e \u201cBecayi\u015f\u201d Tepkisi: Ma\u011fduriyet Art\u0131yor - Memurun Sesi","isPartOf":{"@id":"https:\/\/memurunsesi.net\/#website"},"primaryImageOfPage":{"@id":"https:\/\/memurunsesi.net\/index.php\/2026\/04\/29\/universite-idari-personelinden-yoke-becayis-tepkisi-magduriyet-artiyor\/#primaryimage"},"image":{"@id":"https:\/\/memurunsesi.net\/index.php\/2026\/04\/29\/universite-idari-personelinden-yoke-becayis-tepkisi-magduriyet-artiyor\/#primaryimage"},"thumbnailUrl":"https:\/\/memurunsesi.net\/wp-content\/uploads\/2026\/04\/48.png","datePublished":"2026-04-29T06:23:31+00:00","description":"\u00dcniversite idari personelinin becayi\u015f beklentisi bu y\u0131l kar\u015f\u0131lanmad\u0131. Son iki toplu s\u00f6zle\u015fmede yer almas\u0131na ra\u011fmen uygulanmayan sistem, aile b\u00fct\u00fcnl\u00fc\u011f\u00fcn\u00fc zedelerken \u00e7al\u0131\u015fanlar Y\u00d6K ve Cumhurba\u015fkanl\u0131\u011f\u0131\u2019ndan \u00e7\u00f6z\u00fcm bekliyor.","breadcrumb":{"@id":"https:\/\/memurunsesi.net\/index.php\/2026\/04\/29\/universite-idari-personelinden-yoke-becayis-tepkisi-magduriyet-artiyor\/#breadcrumb"},"inLanguage":"tr","potentialAction":[{"@type":"ReadAction","target":["https:\/\/memurunsesi.net\/index.php\/2026\/04\/29\/universite-idari-personelinden-yoke-becayis-tepkisi-magduriyet-artiyor\/"]}]},{"@type":"ImageObject","inLanguage":"tr","@id":"https:\/\/memurunsesi.net\/index.php\/2026\/04\/29\/universite-idari-personelinden-yoke-becayis-tepkisi-magduriyet-artiyor\/#primaryimage","url":"https:\/\/memurunsesi.net\/wp-content\/uploads\/2026\/04\/48.png","contentUrl":"https:\/\/memurunsesi.net\/wp-content\/uploads\/2026\/04\/48.png","width":1080,"height":720},{"@type":"BreadcrumbList","@id":"https:\/\/memurunsesi.net\/index.php\/2026\/04\/29\/universite-idari-personelinden-yoke-becayis-tepkisi-magduriyet-artiyor\/#breadcrumb","itemListElement":[{"@type":"ListItem","position":1,"name":"Anasayfa","item":"https:\/\/memurunsesi.net\/"},{"@type":"ListItem","position":2,"name":"\u00dcniversite \u0130dari Personelinden Y\u00d6K\u2019e \u201cBecayi\u015f\u201d Tepkisi: Ma\u011fduriyet Art\u0131yor"}]},{"@type":"WebSite","@id":"https:\/\/memurunsesi.net\/#website","url":"https:\/\/memurunsesi.net\/","name":"Memurun Sesi","description":"G\u00fcncel ve Do\u011fru Haber","publisher":{"@id":"https:\/\/memurunsesi.net\/#organization"},"potentialAction":[{"@type":"SearchAction","target":{"@type":"EntryPoint","urlTemplate":"https:\/\/memurunsesi.net\/?s={search_term_string}"},"query-input":{"@type":"PropertyValueSpecification","valueRequired":true,"valueName":"search_term_string"}}],"inLanguage":"tr"},{"@type":"Organization","@id":"https:\/\/memurunsesi.net\/#organization","name":"Memurun Sesi","url":"https:\/\/memurunsesi.net\/","logo":{"@type":"ImageObject","inLanguage":"tr","@id":"https:\/\/memurunsesi.net\/#\/schema\/logo\/image\/","url":"https:\/\/memurunsesi.net\/wp-content\/uploads\/2025\/11\/cropped-MEMURUN-SESI.png","contentUrl":"https:\/\/memurunsesi.net\/wp-content\/uploads\/2025\/11\/cropped-MEMURUN-SESI.png","width":238,"height":57,"caption":"Memurun Sesi"},"image":{"@id":"https:\/\/memurunsesi.net\/#\/schema\/logo\/image\/"},"sameAs":["https:\/\/www.facebook.com\/unipersen\/?locale=tr_TR","https:\/\/x.com\/unipersen"]},{"@type":"Person","@id":"https:\/\/memurunsesi.net\/#\/schema\/person\/f21c2d73b89f6ee1d80b0a1803e38587","name":"Memurun Sesi Haber Merkezi","image":{"@type":"ImageObject","inLanguage":"tr","@id":"https:\/\/secure.gravatar.com\/avatar\/6cf0505f452ee753f485014986fab09a434671d2b919ee76fc541025c5876a70?s=96&d=mm&r=g","url":"https:\/\/secure.gravatar.com\/avatar\/6cf0505f452ee753f485014986fab09a434671d2b919ee76fc541025c5876a70?s=96&d=mm&r=g","contentUrl":"https:\/\/secure.gravatar.com\/avatar\/6cf0505f452ee753f485014986fab09a434671d2b919ee76fc541025c5876a70?s=96&d=mm&r=g","caption":"Memurun Sesi Haber Merkezi"},"sameAs":["https:\/\/memurunsesi.net"],"url":"https:\/\/memurunsesi.net\/index.php\/author\/uniper\/"}]}},"_links":{"self":[{"href":"https:\/\/memurunsesi.net\/index.php\/wp-json\/wp\/v2\/posts\/19726","targetHints":{"allow":["GET"]}}],"collection":[{"href":"https:\/\/memurunsesi.net\/index.php\/wp-json\/wp\/v2\/posts"}],"about":[{"href":"https:\/\/memurunsesi.net\/index.php\/wp-json\/wp\/v2\/types\/post"}],"author":[{"embeddable":true,"href":"https:\/\/memurunsesi.net\/index.php\/wp-json\/wp\/v2\/users\/1"}],"replies":[{"embeddable":true,"href":"https:\/\/memurunsesi.net\/index.php\/wp-json\/wp\/v2\/comments?post=19726"}],"version-history":[{"count":1,"href":"https:\/\/memurunsesi.net\/index.php\/wp-json\/wp\/v2\/posts\/19726\/revisions"}],"predecessor-version":[{"id":19779,"href":"https:\/\/memurunsesi.net\/index.php\/wp-json\/wp\/v2\/posts\/19726\/revisions\/19779"}],"wp:featuredmedia":[{"embeddable":true,"href":"https:\/\/memurunsesi.net\/index.php\/wp-json\/wp\/v2\/media\/19761"}],"wp:attachment":[{"href":"https:\/\/memurunsesi.net\/index.php\/wp-json\/wp\/v2\/media?parent=19726"}],"wp:term":[{"taxonomy":"category","embeddable":true,"href":"https:\/\/memurunsesi.net\/index.php\/wp-json\/wp\/v2\/categories?post=19726"},{"taxonomy":"post_tag","embeddable":true,"href":"https:\/\/memurunsesi.net\/index.php\/wp-json\/wp\/v2\/tags?post=19726"}],"curies":[{"name":"wp","href":"https:\/\/api.w.org\/{rel}","templated":true}]}}