{"id":19780,"date":"2026-04-29T09:54:00","date_gmt":"2026-04-29T06:54:00","guid":{"rendered":"https:\/\/memurunsesi.net\/?p=19780"},"modified":"2026-04-29T09:54:00","modified_gmt":"2026-04-29T06:54:00","slug":"belediyede-100-bin-tlyi-asan-gelir-universite-personelinde-maas-tartismasini-alevlendirdi","status":"publish","type":"post","link":"https:\/\/memurunsesi.net\/index.php\/2026\/04\/29\/belediyede-100-bin-tlyi-asan-gelir-universite-personelinde-maas-tartismasini-alevlendirdi\/","title":{"rendered":"Belediyede 100 Bin TL\u2019yi A\u015fan Gelir, \u00dcniversite Personelinde Maa\u015f Tart\u0131\u015fmas\u0131n\u0131 Alevlendirdi"},"content":{"rendered":"<p data-start=\"97\" data-end=\"468\"><span class=\"hover:entity-accent entity-underline inline cursor-pointer align-baseline\"><span class=\"whitespace-normal\">\u00a0 \u00a0Buca Belediyesi<\/span><\/span>\u2019nde imzalanan son s\u00f6zle\u015fmeyle memurlara 37 bin TL sosyal denge tazminat\u0131 (SDT) ve 3 bin 133 TL yol paras\u0131 verilmesi, kamu kurumlar\u0131 aras\u0131ndaki maa\u015f farklar\u0131n\u0131 yeniden g\u00fcndeme ta\u015f\u0131d\u0131. En d\u00fc\u015f\u00fck memur maa\u015f\u0131n\u0131n 61.890 TL oldu\u011fu dikkate al\u0131nd\u0131\u011f\u0131nda, belediyede g\u00f6rev yapan bir memurun toplam gelirinin 102.023 TL\u2019ye ula\u015fmas\u0131 dikkat \u00e7ekti.<\/p>\n<p data-start=\"470\" data-end=\"733\">Bu geli\u015fme, \u00f6zellikle \u00fcniversitelerde g\u00f6rev yapan akademik ve idari personel aras\u0131nda ciddi bir kar\u015f\u0131la\u015ft\u0131rmaya neden oldu. \u00dcniversite \u00e7al\u0131\u015fanlar\u0131, benzer kamu hizmeti y\u00fcr\u00fctmelerine ra\u011fmen belediye personeline k\u0131yasla daha d\u00fc\u015f\u00fck gelir elde ettiklerini belirtiyor.<\/p>\n<p data-start=\"735\" data-end=\"1124\">\u0130dari personel temsilcileri, \u00fcniversitelerde g\u00f6rev yapan \u00e7al\u0131\u015fanlar\u0131n hem maa\u015f hem de sosyal haklar a\u00e7\u0131s\u0131ndan geride kald\u0131\u011f\u0131n\u0131 ifade ederken, \u00f6zellikle \u201cy\u00fcksek\u00f6\u011fretim tazminat\u0131\u201dn\u0131n sadece akademik personele de\u011fil, idari personele de verilmesi gerekti\u011fini vurguluyor. Bu d\u00fczenlemenin, kurum i\u00e7i dengeyi sa\u011flayaca\u011f\u0131 ve \u00e7al\u0131\u015fanlar aras\u0131ndaki gelir adaletsizli\u011fini azaltaca\u011f\u0131 dile getiriliyor.<\/p>\n<p data-start=\"1126\" data-end=\"1425\">\u00d6te yandan artan kira fiyatlar\u0131 ve ya\u015fam maliyetleri, \u00fcniversite idari personelinin en b\u00fcy\u00fck sorunlar\u0131 aras\u0131nda yer al\u0131yor. B\u00fcy\u00fck \u015fehirlerde g\u00f6rev yapan personel, bar\u0131nma ve ge\u00e7inme konusunda ciddi s\u0131k\u0131nt\u0131lar ya\u015fad\u0131klar\u0131n\u0131, maa\u015flar\u0131n\u0131n temel ihtiya\u00e7lar\u0131 kar\u015f\u0131lamakta yetersiz kald\u0131\u011f\u0131n\u0131 ifade ediyor.<\/p>\n<p data-start=\"1427\" data-end=\"1781\">Akademik personel cephesinde ise farkl\u0131 bir ele\u015ftiri \u00f6ne \u00e7\u0131k\u0131yor. Baz\u0131 iddialara g\u00f6re, ekonomik ko\u015fullar ve te\u015fvik sistemlerindeki yetersizlikler nedeniyle akademik personelin bir k\u0131sm\u0131 bilimsel \u00fcretimden uzakla\u015farak aktif akademik \u00e7al\u0131\u015fma yapmamay\u0131 tercih edebiliyor. Bu durumun da \u00fcniversitelerin bilimsel verimlili\u011fini olumsuz etkiledi\u011fi belirtiliyor.<\/p>\n<p data-start=\"1783\" data-end=\"2171\">Konuya ili\u015fkin de\u011ferlendirmelerde bulunan \u00e7al\u0131\u015fanlar, <span class=\"hover:entity-accent entity-underline inline cursor-pointer align-baseline\"><span class=\"whitespace-normal\">Y\u00fcksek\u00f6\u011fretim Kurulu<\/span><\/span> (Y\u00d6K) ba\u015fta olmak \u00fczere ilgili kurumlar\u0131n \u00fcniversite personelinin \u00f6zl\u00fck haklar\u0131n\u0131 yeniden ele almas\u0131 gerekti\u011fini ifade ediyor. \u00d6zellikle idari personelin ekonomik ko\u015fullar\u0131n\u0131n iyile\u015ftirilmesi, ek tazminatlar\u0131n geni\u015fletilmesi ve daha adil bir \u00fccret politikas\u0131n\u0131n hayata ge\u00e7irilmesi talep ediliyor.<\/p>\n<p data-start=\"2173\" data-end=\"2492\" data-is-last-node=\"\" data-is-only-node=\"\">Uzmanlar ise kamu kurumlar\u0131 aras\u0131ndaki \u00fccret dengesizli\u011finin uzun vadede personel motivasyonu ve hizmet kalitesi \u00fczerinde olumsuz etkiler do\u011furabilece\u011fine dikkat \u00e7ekiyor. \u00dcniversite idari personeli, ya\u015fanan bu gelir farklar\u0131n\u0131n giderilmesi ve \u00e7al\u0131\u015fma ko\u015fullar\u0131n\u0131n iyile\u015ftirilmesi i\u00e7in somut ad\u0131mlar at\u0131lmas\u0131n\u0131 bekliyor.<\/p>\n<p data-start=\"2173\" data-end=\"2492\" data-is-last-node=\"\" data-is-only-node=\"\">29.04.2026<\/p>\n","protected":false},"excerpt":{"rendered":"<p>\u00a0 \u00a0Buca Belediyesi\u2019nde imzalanan son s\u00f6zle\u015fmeyle memurlara 37 bin TL sosyal denge tazminat\u0131 (SDT) ve 3 bin 133 TL yol paras\u0131 verilmesi, kamu kurumlar\u0131 aras\u0131ndaki maa\u015f farklar\u0131n\u0131 yeniden g\u00fcndeme ta\u015f\u0131d\u0131. En d\u00fc\u015f\u00fck memur maa\u015f\u0131n\u0131n 61.890 TL oldu\u011fu dikkate al\u0131nd\u0131\u011f\u0131nda, belediyede g\u00f6rev yapan bir memurun toplam gelirinin 102.023 TL\u2019ye ula\u015fmas\u0131 dikkat \u00e7ekti. Bu geli\u015fme, \u00f6zellikle \u00fcniversitelerde [&hellip;]<\/p>\n","protected":false},"author":1,"featured_media":17366,"comment_status":"open","ping_status":"open","sticky":false,"template":"","format":"standard","meta":{"footnotes":""},"categories":[1],"tags":[2213,3718,3716,3717,282,1330,1331,2988,3363,1255,917],"class_list":["post-19780","post","type-post","status-publish","format-standard","has-post-thumbnail","hentry","category-genel","tag-akademik-personel","tag-barinma-sorunu","tag-buca-belediyesi","tag-gecim-sikintisi","tag-idari-personel","tag-kamu-calisanlari","tag-maas-adaletsizligi","tag-memur-maaslari","tag-universite-personeli","tag-yok","tag-yuksekogretim-tazminati"],"yoast_head":"<!-- This site is optimized with the Yoast SEO plugin v27.4 - https:\/\/yoast.com\/product\/yoast-seo-wordpress\/ -->\n<title>Belediyede 100 Bin TL\u2019yi A\u015fan Gelir, \u00dcniversite Personelinde Maa\u015f Tart\u0131\u015fmas\u0131n\u0131 Alevlendirdi - Memurun Sesi<\/title>\n<meta name=\"description\" content=\"Buca Belediyesi\u2019nde memur maa\u015flar\u0131 100 bin TL\u2019yi a\u015farken, \u00fcniversite akademik ve idari personelinin daha d\u00fc\u015f\u00fck gelirle ge\u00e7inmeye \u00e7al\u0131\u015fmas\u0131 maa\u015f adaletsizli\u011fi tart\u0131\u015fmalar\u0131n\u0131 art\u0131rd\u0131. \u0130dari personel, y\u00fcksek\u00f6\u011fretim tazminat\u0131n\u0131n kendilerine de verilmesini talep ediyor.\" \/>\n<meta name=\"robots\" content=\"index, follow, max-snippet:-1, max-image-preview:large, max-video-preview:-1\" \/>\n<link rel=\"canonical\" href=\"https:\/\/memurunsesi.net\/index.php\/2026\/04\/29\/belediyede-100-bin-tlyi-asan-gelir-universite-personelinde-maas-tartismasini-alevlendirdi\/\" \/>\n<meta property=\"og:locale\" content=\"tr_TR\" \/>\n<meta property=\"og:type\" content=\"article\" \/>\n<meta property=\"og:title\" content=\"Belediyede 100 Bin TL\u2019yi A\u015fan Gelir, \u00dcniversite Personelinde Maa\u015f Tart\u0131\u015fmas\u0131n\u0131 Alevlendirdi - Memurun Sesi\" \/>\n<meta property=\"og:description\" content=\"Buca Belediyesi\u2019nde memur maa\u015flar\u0131 100 bin TL\u2019yi a\u015farken, \u00fcniversite akademik ve idari personelinin daha d\u00fc\u015f\u00fck gelirle ge\u00e7inmeye \u00e7al\u0131\u015fmas\u0131 maa\u015f adaletsizli\u011fi tart\u0131\u015fmalar\u0131n\u0131 art\u0131rd\u0131. \u0130dari personel, y\u00fcksek\u00f6\u011fretim tazminat\u0131n\u0131n kendilerine de verilmesini talep ediyor.\" \/>\n<meta property=\"og:url\" content=\"https:\/\/memurunsesi.net\/index.php\/2026\/04\/29\/belediyede-100-bin-tlyi-asan-gelir-universite-personelinde-maas-tartismasini-alevlendirdi\/\" \/>\n<meta property=\"og:site_name\" content=\"Memurun Sesi\" \/>\n<meta property=\"article:publisher\" content=\"https:\/\/www.facebook.com\/unipersen\/?locale=tr_TR\" \/>\n<meta property=\"article:published_time\" content=\"2026-04-29T06:54:00+00:00\" \/>\n<meta property=\"og:image\" content=\"https:\/\/memurunsesi.net\/wp-content\/uploads\/2026\/02\/YOK.jpg\" \/>\n\t<meta property=\"og:image:width\" content=\"864\" \/>\n\t<meta property=\"og:image:height\" content=\"486\" \/>\n\t<meta property=\"og:image:type\" content=\"image\/jpeg\" \/>\n<meta name=\"author\" content=\"Memurun Sesi Haber Merkezi\" \/>\n<meta name=\"twitter:card\" content=\"summary_large_image\" \/>\n<meta name=\"twitter:creator\" content=\"@unipersen\" \/>\n<meta name=\"twitter:site\" content=\"@unipersen\" \/>\n<meta name=\"twitter:label1\" content=\"Yazan:\" \/>\n\t<meta name=\"twitter:data1\" content=\"Memurun Sesi Haber Merkezi\" \/>\n\t<meta name=\"twitter:label2\" content=\"Tahmini okuma s\u00fcresi\" \/>\n\t<meta name=\"twitter:data2\" content=\"2 dakika\" \/>\n<script type=\"application\/ld+json\" class=\"yoast-schema-graph\">{\"@context\":\"https:\\\/\\\/schema.org\",\"@graph\":[{\"@type\":\"Article\",\"@id\":\"https:\\\/\\\/memurunsesi.net\\\/index.php\\\/2026\\\/04\\\/29\\\/belediyede-100-bin-tlyi-asan-gelir-universite-personelinde-maas-tartismasini-alevlendirdi\\\/#article\",\"isPartOf\":{\"@id\":\"https:\\\/\\\/memurunsesi.net\\\/index.php\\\/2026\\\/04\\\/29\\\/belediyede-100-bin-tlyi-asan-gelir-universite-personelinde-maas-tartismasini-alevlendirdi\\\/\"},\"author\":{\"name\":\"Memurun Sesi Haber Merkezi\",\"@id\":\"https:\\\/\\\/memurunsesi.net\\\/#\\\/schema\\\/person\\\/f21c2d73b89f6ee1d80b0a1803e38587\"},\"headline\":\"Belediyede 100 Bin TL\u2019yi A\u015fan Gelir, \u00dcniversite Personelinde Maa\u015f Tart\u0131\u015fmas\u0131n\u0131 Alevlendirdi\",\"datePublished\":\"2026-04-29T06:54:00+00:00\",\"mainEntityOfPage\":{\"@id\":\"https:\\\/\\\/memurunsesi.net\\\/index.php\\\/2026\\\/04\\\/29\\\/belediyede-100-bin-tlyi-asan-gelir-universite-personelinde-maas-tartismasini-alevlendirdi\\\/\"},\"wordCount\":407,\"commentCount\":2,\"publisher\":{\"@id\":\"https:\\\/\\\/memurunsesi.net\\\/#organization\"},\"image\":{\"@id\":\"https:\\\/\\\/memurunsesi.net\\\/index.php\\\/2026\\\/04\\\/29\\\/belediyede-100-bin-tlyi-asan-gelir-universite-personelinde-maas-tartismasini-alevlendirdi\\\/#primaryimage\"},\"thumbnailUrl\":\"https:\\\/\\\/memurunsesi.net\\\/wp-content\\\/uploads\\\/2026\\\/02\\\/YOK.jpg\",\"keywords\":[\"akademik personel\",\"bar\u0131nma sorunu\",\"buca belediyesi\",\"ge\u00e7im s\u0131k\u0131nt\u0131s\u0131\",\"idari personel\",\"kamu \u00e7al\u0131\u015fanlar\u0131\",\"maa\u015f adaletsizli\u011fi\",\"memur maa\u015flar\u0131\",\"\u00fcniversite personeli\",\"Y\u00d6K\",\"Y\u00fcksek\u00f6\u011fretim Tazminat\u0131\"],\"inLanguage\":\"tr\",\"potentialAction\":[{\"@type\":\"CommentAction\",\"name\":\"Comment\",\"target\":[\"https:\\\/\\\/memurunsesi.net\\\/index.php\\\/2026\\\/04\\\/29\\\/belediyede-100-bin-tlyi-asan-gelir-universite-personelinde-maas-tartismasini-alevlendirdi\\\/#respond\"]}]},{\"@type\":\"WebPage\",\"@id\":\"https:\\\/\\\/memurunsesi.net\\\/index.php\\\/2026\\\/04\\\/29\\\/belediyede-100-bin-tlyi-asan-gelir-universite-personelinde-maas-tartismasini-alevlendirdi\\\/\",\"url\":\"https:\\\/\\\/memurunsesi.net\\\/index.php\\\/2026\\\/04\\\/29\\\/belediyede-100-bin-tlyi-asan-gelir-universite-personelinde-maas-tartismasini-alevlendirdi\\\/\",\"name\":\"Belediyede 100 Bin TL\u2019yi A\u015fan Gelir, \u00dcniversite Personelinde Maa\u015f Tart\u0131\u015fmas\u0131n\u0131 Alevlendirdi - Memurun Sesi\",\"isPartOf\":{\"@id\":\"https:\\\/\\\/memurunsesi.net\\\/#website\"},\"primaryImageOfPage\":{\"@id\":\"https:\\\/\\\/memurunsesi.net\\\/index.php\\\/2026\\\/04\\\/29\\\/belediyede-100-bin-tlyi-asan-gelir-universite-personelinde-maas-tartismasini-alevlendirdi\\\/#primaryimage\"},\"image\":{\"@id\":\"https:\\\/\\\/memurunsesi.net\\\/index.php\\\/2026\\\/04\\\/29\\\/belediyede-100-bin-tlyi-asan-gelir-universite-personelinde-maas-tartismasini-alevlendirdi\\\/#primaryimage\"},\"thumbnailUrl\":\"https:\\\/\\\/memurunsesi.net\\\/wp-content\\\/uploads\\\/2026\\\/02\\\/YOK.jpg\",\"datePublished\":\"2026-04-29T06:54:00+00:00\",\"description\":\"Buca Belediyesi\u2019nde memur maa\u015flar\u0131 100 bin TL\u2019yi a\u015farken, \u00fcniversite akademik ve idari personelinin daha d\u00fc\u015f\u00fck gelirle ge\u00e7inmeye \u00e7al\u0131\u015fmas\u0131 maa\u015f adaletsizli\u011fi tart\u0131\u015fmalar\u0131n\u0131 art\u0131rd\u0131. \u0130dari personel, y\u00fcksek\u00f6\u011fretim tazminat\u0131n\u0131n kendilerine de verilmesini talep ediyor.\",\"breadcrumb\":{\"@id\":\"https:\\\/\\\/memurunsesi.net\\\/index.php\\\/2026\\\/04\\\/29\\\/belediyede-100-bin-tlyi-asan-gelir-universite-personelinde-maas-tartismasini-alevlendirdi\\\/#breadcrumb\"},\"inLanguage\":\"tr\",\"potentialAction\":[{\"@type\":\"ReadAction\",\"target\":[\"https:\\\/\\\/memurunsesi.net\\\/index.php\\\/2026\\\/04\\\/29\\\/belediyede-100-bin-tlyi-asan-gelir-universite-personelinde-maas-tartismasini-alevlendirdi\\\/\"]}]},{\"@type\":\"ImageObject\",\"inLanguage\":\"tr\",\"@id\":\"https:\\\/\\\/memurunsesi.net\\\/index.php\\\/2026\\\/04\\\/29\\\/belediyede-100-bin-tlyi-asan-gelir-universite-personelinde-maas-tartismasini-alevlendirdi\\\/#primaryimage\",\"url\":\"https:\\\/\\\/memurunsesi.net\\\/wp-content\\\/uploads\\\/2026\\\/02\\\/YOK.jpg\",\"contentUrl\":\"https:\\\/\\\/memurunsesi.net\\\/wp-content\\\/uploads\\\/2026\\\/02\\\/YOK.jpg\",\"width\":864,\"height\":486},{\"@type\":\"BreadcrumbList\",\"@id\":\"https:\\\/\\\/memurunsesi.net\\\/index.php\\\/2026\\\/04\\\/29\\\/belediyede-100-bin-tlyi-asan-gelir-universite-personelinde-maas-tartismasini-alevlendirdi\\\/#breadcrumb\",\"itemListElement\":[{\"@type\":\"ListItem\",\"position\":1,\"name\":\"Anasayfa\",\"item\":\"https:\\\/\\\/memurunsesi.net\\\/\"},{\"@type\":\"ListItem\",\"position\":2,\"name\":\"Belediyede 100 Bin TL\u2019yi A\u015fan Gelir, \u00dcniversite Personelinde Maa\u015f Tart\u0131\u015fmas\u0131n\u0131 Alevlendirdi\"}]},{\"@type\":\"WebSite\",\"@id\":\"https:\\\/\\\/memurunsesi.net\\\/#website\",\"url\":\"https:\\\/\\\/memurunsesi.net\\\/\",\"name\":\"Memurun Sesi\",\"description\":\"G\u00fcncel ve Do\u011fru Haber\",\"publisher\":{\"@id\":\"https:\\\/\\\/memurunsesi.net\\\/#organization\"},\"potentialAction\":[{\"@type\":\"SearchAction\",\"target\":{\"@type\":\"EntryPoint\",\"urlTemplate\":\"https:\\\/\\\/memurunsesi.net\\\/?s={search_term_string}\"},\"query-input\":{\"@type\":\"PropertyValueSpecification\",\"valueRequired\":true,\"valueName\":\"search_term_string\"}}],\"inLanguage\":\"tr\"},{\"@type\":\"Organization\",\"@id\":\"https:\\\/\\\/memurunsesi.net\\\/#organization\",\"name\":\"Memurun Sesi\",\"url\":\"https:\\\/\\\/memurunsesi.net\\\/\",\"logo\":{\"@type\":\"ImageObject\",\"inLanguage\":\"tr\",\"@id\":\"https:\\\/\\\/memurunsesi.net\\\/#\\\/schema\\\/logo\\\/image\\\/\",\"url\":\"https:\\\/\\\/memurunsesi.net\\\/wp-content\\\/uploads\\\/2025\\\/11\\\/cropped-MEMURUN-SESI.png\",\"contentUrl\":\"https:\\\/\\\/memurunsesi.net\\\/wp-content\\\/uploads\\\/2025\\\/11\\\/cropped-MEMURUN-SESI.png\",\"width\":238,\"height\":57,\"caption\":\"Memurun Sesi\"},\"image\":{\"@id\":\"https:\\\/\\\/memurunsesi.net\\\/#\\\/schema\\\/logo\\\/image\\\/\"},\"sameAs\":[\"https:\\\/\\\/www.facebook.com\\\/unipersen\\\/?locale=tr_TR\",\"https:\\\/\\\/x.com\\\/unipersen\"]},{\"@type\":\"Person\",\"@id\":\"https:\\\/\\\/memurunsesi.net\\\/#\\\/schema\\\/person\\\/f21c2d73b89f6ee1d80b0a1803e38587\",\"name\":\"Memurun Sesi Haber Merkezi\",\"image\":{\"@type\":\"ImageObject\",\"inLanguage\":\"tr\",\"@id\":\"https:\\\/\\\/secure.gravatar.com\\\/avatar\\\/6cf0505f452ee753f485014986fab09a434671d2b919ee76fc541025c5876a70?s=96&d=mm&r=g\",\"url\":\"https:\\\/\\\/secure.gravatar.com\\\/avatar\\\/6cf0505f452ee753f485014986fab09a434671d2b919ee76fc541025c5876a70?s=96&d=mm&r=g\",\"contentUrl\":\"https:\\\/\\\/secure.gravatar.com\\\/avatar\\\/6cf0505f452ee753f485014986fab09a434671d2b919ee76fc541025c5876a70?s=96&d=mm&r=g\",\"caption\":\"Memurun Sesi Haber Merkezi\"},\"sameAs\":[\"https:\\\/\\\/memurunsesi.net\"],\"url\":\"https:\\\/\\\/memurunsesi.net\\\/index.php\\\/author\\\/uniper\\\/\"}]}<\/script>\n<!-- \/ Yoast SEO plugin. -->","yoast_head_json":{"title":"Belediyede 100 Bin TL\u2019yi A\u015fan Gelir, \u00dcniversite Personelinde Maa\u015f Tart\u0131\u015fmas\u0131n\u0131 Alevlendirdi - Memurun Sesi","description":"Buca Belediyesi\u2019nde memur maa\u015flar\u0131 100 bin TL\u2019yi a\u015farken, \u00fcniversite akademik ve idari personelinin daha d\u00fc\u015f\u00fck gelirle ge\u00e7inmeye \u00e7al\u0131\u015fmas\u0131 maa\u015f adaletsizli\u011fi tart\u0131\u015fmalar\u0131n\u0131 art\u0131rd\u0131. \u0130dari personel, y\u00fcksek\u00f6\u011fretim tazminat\u0131n\u0131n kendilerine de verilmesini talep ediyor.","robots":{"index":"index","follow":"follow","max-snippet":"max-snippet:-1","max-image-preview":"max-image-preview:large","max-video-preview":"max-video-preview:-1"},"canonical":"https:\/\/memurunsesi.net\/index.php\/2026\/04\/29\/belediyede-100-bin-tlyi-asan-gelir-universite-personelinde-maas-tartismasini-alevlendirdi\/","og_locale":"tr_TR","og_type":"article","og_title":"Belediyede 100 Bin TL\u2019yi A\u015fan Gelir, \u00dcniversite Personelinde Maa\u015f Tart\u0131\u015fmas\u0131n\u0131 Alevlendirdi - Memurun Sesi","og_description":"Buca Belediyesi\u2019nde memur maa\u015flar\u0131 100 bin TL\u2019yi a\u015farken, \u00fcniversite akademik ve idari personelinin daha d\u00fc\u015f\u00fck gelirle ge\u00e7inmeye \u00e7al\u0131\u015fmas\u0131 maa\u015f adaletsizli\u011fi tart\u0131\u015fmalar\u0131n\u0131 art\u0131rd\u0131. \u0130dari personel, y\u00fcksek\u00f6\u011fretim tazminat\u0131n\u0131n kendilerine de verilmesini talep ediyor.","og_url":"https:\/\/memurunsesi.net\/index.php\/2026\/04\/29\/belediyede-100-bin-tlyi-asan-gelir-universite-personelinde-maas-tartismasini-alevlendirdi\/","og_site_name":"Memurun Sesi","article_publisher":"https:\/\/www.facebook.com\/unipersen\/?locale=tr_TR","article_published_time":"2026-04-29T06:54:00+00:00","og_image":[{"width":864,"height":486,"url":"https:\/\/memurunsesi.net\/wp-content\/uploads\/2026\/02\/YOK.jpg","type":"image\/jpeg"}],"author":"Memurun Sesi Haber Merkezi","twitter_card":"summary_large_image","twitter_creator":"@unipersen","twitter_site":"@unipersen","twitter_misc":{"Yazan:":"Memurun Sesi Haber Merkezi","Tahmini okuma s\u00fcresi":"2 dakika"},"schema":{"@context":"https:\/\/schema.org","@graph":[{"@type":"Article","@id":"https:\/\/memurunsesi.net\/index.php\/2026\/04\/29\/belediyede-100-bin-tlyi-asan-gelir-universite-personelinde-maas-tartismasini-alevlendirdi\/#article","isPartOf":{"@id":"https:\/\/memurunsesi.net\/index.php\/2026\/04\/29\/belediyede-100-bin-tlyi-asan-gelir-universite-personelinde-maas-tartismasini-alevlendirdi\/"},"author":{"name":"Memurun Sesi Haber Merkezi","@id":"https:\/\/memurunsesi.net\/#\/schema\/person\/f21c2d73b89f6ee1d80b0a1803e38587"},"headline":"Belediyede 100 Bin TL\u2019yi A\u015fan Gelir, \u00dcniversite Personelinde Maa\u015f Tart\u0131\u015fmas\u0131n\u0131 Alevlendirdi","datePublished":"2026-04-29T06:54:00+00:00","mainEntityOfPage":{"@id":"https:\/\/memurunsesi.net\/index.php\/2026\/04\/29\/belediyede-100-bin-tlyi-asan-gelir-universite-personelinde-maas-tartismasini-alevlendirdi\/"},"wordCount":407,"commentCount":2,"publisher":{"@id":"https:\/\/memurunsesi.net\/#organization"},"image":{"@id":"https:\/\/memurunsesi.net\/index.php\/2026\/04\/29\/belediyede-100-bin-tlyi-asan-gelir-universite-personelinde-maas-tartismasini-alevlendirdi\/#primaryimage"},"thumbnailUrl":"https:\/\/memurunsesi.net\/wp-content\/uploads\/2026\/02\/YOK.jpg","keywords":["akademik personel","bar\u0131nma sorunu","buca belediyesi","ge\u00e7im s\u0131k\u0131nt\u0131s\u0131","idari personel","kamu \u00e7al\u0131\u015fanlar\u0131","maa\u015f adaletsizli\u011fi","memur maa\u015flar\u0131","\u00fcniversite personeli","Y\u00d6K","Y\u00fcksek\u00f6\u011fretim Tazminat\u0131"],"inLanguage":"tr","potentialAction":[{"@type":"CommentAction","name":"Comment","target":["https:\/\/memurunsesi.net\/index.php\/2026\/04\/29\/belediyede-100-bin-tlyi-asan-gelir-universite-personelinde-maas-tartismasini-alevlendirdi\/#respond"]}]},{"@type":"WebPage","@id":"https:\/\/memurunsesi.net\/index.php\/2026\/04\/29\/belediyede-100-bin-tlyi-asan-gelir-universite-personelinde-maas-tartismasini-alevlendirdi\/","url":"https:\/\/memurunsesi.net\/index.php\/2026\/04\/29\/belediyede-100-bin-tlyi-asan-gelir-universite-personelinde-maas-tartismasini-alevlendirdi\/","name":"Belediyede 100 Bin TL\u2019yi A\u015fan Gelir, \u00dcniversite Personelinde Maa\u015f Tart\u0131\u015fmas\u0131n\u0131 Alevlendirdi - Memurun Sesi","isPartOf":{"@id":"https:\/\/memurunsesi.net\/#website"},"primaryImageOfPage":{"@id":"https:\/\/memurunsesi.net\/index.php\/2026\/04\/29\/belediyede-100-bin-tlyi-asan-gelir-universite-personelinde-maas-tartismasini-alevlendirdi\/#primaryimage"},"image":{"@id":"https:\/\/memurunsesi.net\/index.php\/2026\/04\/29\/belediyede-100-bin-tlyi-asan-gelir-universite-personelinde-maas-tartismasini-alevlendirdi\/#primaryimage"},"thumbnailUrl":"https:\/\/memurunsesi.net\/wp-content\/uploads\/2026\/02\/YOK.jpg","datePublished":"2026-04-29T06:54:00+00:00","description":"Buca Belediyesi\u2019nde memur maa\u015flar\u0131 100 bin TL\u2019yi a\u015farken, \u00fcniversite akademik ve idari personelinin daha d\u00fc\u015f\u00fck gelirle ge\u00e7inmeye \u00e7al\u0131\u015fmas\u0131 maa\u015f adaletsizli\u011fi tart\u0131\u015fmalar\u0131n\u0131 art\u0131rd\u0131. \u0130dari personel, y\u00fcksek\u00f6\u011fretim tazminat\u0131n\u0131n kendilerine de verilmesini talep ediyor.","breadcrumb":{"@id":"https:\/\/memurunsesi.net\/index.php\/2026\/04\/29\/belediyede-100-bin-tlyi-asan-gelir-universite-personelinde-maas-tartismasini-alevlendirdi\/#breadcrumb"},"inLanguage":"tr","potentialAction":[{"@type":"ReadAction","target":["https:\/\/memurunsesi.net\/index.php\/2026\/04\/29\/belediyede-100-bin-tlyi-asan-gelir-universite-personelinde-maas-tartismasini-alevlendirdi\/"]}]},{"@type":"ImageObject","inLanguage":"tr","@id":"https:\/\/memurunsesi.net\/index.php\/2026\/04\/29\/belediyede-100-bin-tlyi-asan-gelir-universite-personelinde-maas-tartismasini-alevlendirdi\/#primaryimage","url":"https:\/\/memurunsesi.net\/wp-content\/uploads\/2026\/02\/YOK.jpg","contentUrl":"https:\/\/memurunsesi.net\/wp-content\/uploads\/2026\/02\/YOK.jpg","width":864,"height":486},{"@type":"BreadcrumbList","@id":"https:\/\/memurunsesi.net\/index.php\/2026\/04\/29\/belediyede-100-bin-tlyi-asan-gelir-universite-personelinde-maas-tartismasini-alevlendirdi\/#breadcrumb","itemListElement":[{"@type":"ListItem","position":1,"name":"Anasayfa","item":"https:\/\/memurunsesi.net\/"},{"@type":"ListItem","position":2,"name":"Belediyede 100 Bin TL\u2019yi A\u015fan Gelir, \u00dcniversite Personelinde Maa\u015f Tart\u0131\u015fmas\u0131n\u0131 Alevlendirdi"}]},{"@type":"WebSite","@id":"https:\/\/memurunsesi.net\/#website","url":"https:\/\/memurunsesi.net\/","name":"Memurun Sesi","description":"G\u00fcncel ve Do\u011fru Haber","publisher":{"@id":"https:\/\/memurunsesi.net\/#organization"},"potentialAction":[{"@type":"SearchAction","target":{"@type":"EntryPoint","urlTemplate":"https:\/\/memurunsesi.net\/?s={search_term_string}"},"query-input":{"@type":"PropertyValueSpecification","valueRequired":true,"valueName":"search_term_string"}}],"inLanguage":"tr"},{"@type":"Organization","@id":"https:\/\/memurunsesi.net\/#organization","name":"Memurun Sesi","url":"https:\/\/memurunsesi.net\/","logo":{"@type":"ImageObject","inLanguage":"tr","@id":"https:\/\/memurunsesi.net\/#\/schema\/logo\/image\/","url":"https:\/\/memurunsesi.net\/wp-content\/uploads\/2025\/11\/cropped-MEMURUN-SESI.png","contentUrl":"https:\/\/memurunsesi.net\/wp-content\/uploads\/2025\/11\/cropped-MEMURUN-SESI.png","width":238,"height":57,"caption":"Memurun Sesi"},"image":{"@id":"https:\/\/memurunsesi.net\/#\/schema\/logo\/image\/"},"sameAs":["https:\/\/www.facebook.com\/unipersen\/?locale=tr_TR","https:\/\/x.com\/unipersen"]},{"@type":"Person","@id":"https:\/\/memurunsesi.net\/#\/schema\/person\/f21c2d73b89f6ee1d80b0a1803e38587","name":"Memurun Sesi Haber Merkezi","image":{"@type":"ImageObject","inLanguage":"tr","@id":"https:\/\/secure.gravatar.com\/avatar\/6cf0505f452ee753f485014986fab09a434671d2b919ee76fc541025c5876a70?s=96&d=mm&r=g","url":"https:\/\/secure.gravatar.com\/avatar\/6cf0505f452ee753f485014986fab09a434671d2b919ee76fc541025c5876a70?s=96&d=mm&r=g","contentUrl":"https:\/\/secure.gravatar.com\/avatar\/6cf0505f452ee753f485014986fab09a434671d2b919ee76fc541025c5876a70?s=96&d=mm&r=g","caption":"Memurun Sesi Haber Merkezi"},"sameAs":["https:\/\/memurunsesi.net"],"url":"https:\/\/memurunsesi.net\/index.php\/author\/uniper\/"}]}},"_links":{"self":[{"href":"https:\/\/memurunsesi.net\/index.php\/wp-json\/wp\/v2\/posts\/19780","targetHints":{"allow":["GET"]}}],"collection":[{"href":"https:\/\/memurunsesi.net\/index.php\/wp-json\/wp\/v2\/posts"}],"about":[{"href":"https:\/\/memurunsesi.net\/index.php\/wp-json\/wp\/v2\/types\/post"}],"author":[{"embeddable":true,"href":"https:\/\/memurunsesi.net\/index.php\/wp-json\/wp\/v2\/users\/1"}],"replies":[{"embeddable":true,"href":"https:\/\/memurunsesi.net\/index.php\/wp-json\/wp\/v2\/comments?post=19780"}],"version-history":[{"count":1,"href":"https:\/\/memurunsesi.net\/index.php\/wp-json\/wp\/v2\/posts\/19780\/revisions"}],"predecessor-version":[{"id":19781,"href":"https:\/\/memurunsesi.net\/index.php\/wp-json\/wp\/v2\/posts\/19780\/revisions\/19781"}],"wp:featuredmedia":[{"embeddable":true,"href":"https:\/\/memurunsesi.net\/index.php\/wp-json\/wp\/v2\/media\/17366"}],"wp:attachment":[{"href":"https:\/\/memurunsesi.net\/index.php\/wp-json\/wp\/v2\/media?parent=19780"}],"wp:term":[{"taxonomy":"category","embeddable":true,"href":"https:\/\/memurunsesi.net\/index.php\/wp-json\/wp\/v2\/categories?post=19780"},{"taxonomy":"post_tag","embeddable":true,"href":"https:\/\/memurunsesi.net\/index.php\/wp-json\/wp\/v2\/tags?post=19780"}],"curies":[{"name":"wp","href":"https:\/\/api.w.org\/{rel}","templated":true}]}}