{"id":19786,"date":"2026-04-30T13:47:28","date_gmt":"2026-04-30T10:47:28","guid":{"rendered":"https:\/\/memurunsesi.net\/?p=19786"},"modified":"2026-04-30T13:47:28","modified_gmt":"2026-04-30T10:47:28","slug":"antalyada-baklava-ve-lokum-uretim-tesisinde-kazan-patladi-1-yarali","status":"publish","type":"post","link":"https:\/\/memurunsesi.net\/index.php\/2026\/04\/30\/antalyada-baklava-ve-lokum-uretim-tesisinde-kazan-patladi-1-yarali\/","title":{"rendered":"Antalya\u2019da baklava ve lokum \u00fcretim tesisinde kazan patlad\u0131: 1 yaral\u0131"},"content":{"rendered":"<p>Antalya\u2019da baklava ve lokum \u00fcretim tesisinde kazan\u0131n patlamas\u0131 sonucu 1 ki\u015fi yaraland\u0131.<br \/>\nOlay, saat 12.30 s\u0131ralar\u0131nda Kepez il\u00e7esi Ayano\u011flu Mahallesi&#8217;nde 1809 ile 1820. Sokak kesi\u015fiminde bulunan bir baklava ve lokum \u00fcretim tesisinde meydana geldi. Edinilen bilgiye g\u00f6re, tesiste lokum yap\u0131m\u0131nda kullan\u0131lan ve i\u00e7erisinde kaynar su bulunan kazan hen\u00fcz belirlenemeyen bir sebeple patlad\u0131. B\u00fcy\u00fck bir g\u00fcr\u00fclt\u00fcyle patlayan kazan\u0131n yan\u0131nda \u00e7al\u0131\u015fmakta olan Emrah K. yaraland\u0131. Patlamay\u0131 duyan \u00e7evredeki vatanda\u015flar b\u00fcy\u00fck panik ya\u015farken, olay\u0131n 112 Acil \u00c7a\u011fr\u0131 Merkezi\u2019ne bildirilmesi \u00fczerine olay yerine polis, itfaiye ve sa\u011fl\u0131k ekipleri sevk edildi. K\u0131sa s\u00fcrede verilen adrese gelen itfaiye ekipleri gerekli kontrolleri yaparken, kazandaki kaynar su ve bas\u0131n\u00e7 nedeniyle y\u00fcz\u00fcnde ve v\u00fccudunun \u00fcst k\u0131sm\u0131nda ileri derecede yan\u0131klar olu\u015fan Emrah K. ilk m\u00fcdahalenin ard\u0131ndan ambulansla Antalya \u015eehir Hastanesi\u2019ne kald\u0131r\u0131ld\u0131.<\/p>\n<p>30.04.2026<\/p>\n","protected":false},"excerpt":{"rendered":"<p>Antalya\u2019da baklava ve lokum \u00fcretim tesisinde kazan\u0131n patlamas\u0131 sonucu 1 ki\u015fi yaraland\u0131. Olay, saat 12.30 s\u0131ralar\u0131nda Kepez il\u00e7esi Ayano\u011flu Mahallesi&#8217;nde 1809 ile 1820. Sokak kesi\u015fiminde bulunan bir baklava ve lokum \u00fcretim tesisinde meydana geldi. Edinilen bilgiye g\u00f6re, tesiste lokum yap\u0131m\u0131nda kullan\u0131lan ve i\u00e7erisinde kaynar su bulunan kazan hen\u00fcz belirlenemeyen bir sebeple patlad\u0131. B\u00fcy\u00fck bir g\u00fcr\u00fclt\u00fcyle [&hellip;]<\/p>\n","protected":false},"author":1,"featured_media":19787,"comment_status":"open","ping_status":"open","sticky":false,"template":"","format":"standard","meta":{"footnotes":""},"categories":[50],"tags":[3728,3723,3724,3726,3727,3725],"class_list":["post-19786","post","type-post","status-publish","format-standard","has-post-thumbnail","hentry","category-tum-haberler","tag-1-kisi-yaralandi","tag-antalyada","tag-baklava-ve-lokum","tag-kazanin","tag-patlamasi-sonucu","tag-uretim-tesisinde"],"yoast_head":"<!-- This site is optimized with the Yoast SEO plugin v27.4 - https:\/\/yoast.com\/product\/yoast-seo-wordpress\/ -->\n<title>Antalya\u2019da baklava ve lokum \u00fcretim tesisinde kazan patlad\u0131: 1 yaral\u0131 - Memurun Sesi<\/title>\n<meta name=\"description\" content=\"\u00a0Antalya\u2019da baklava ve lokum \u00fcretim tesisinde kazan\u0131n patlamas\u0131 sonucu 1 ki\u015fi yaraland\u0131.\" \/>\n<meta name=\"robots\" content=\"index, follow, max-snippet:-1, max-image-preview:large, max-video-preview:-1\" \/>\n<link rel=\"canonical\" href=\"https:\/\/memurunsesi.net\/index.php\/2026\/04\/30\/antalyada-baklava-ve-lokum-uretim-tesisinde-kazan-patladi-1-yarali\/\" \/>\n<meta property=\"og:locale\" content=\"tr_TR\" \/>\n<meta property=\"og:type\" content=\"article\" \/>\n<meta property=\"og:title\" content=\"Antalya\u2019da baklava ve lokum \u00fcretim tesisinde kazan patlad\u0131: 1 yaral\u0131 - Memurun Sesi\" \/>\n<meta property=\"og:description\" content=\"\u00a0Antalya\u2019da baklava ve lokum \u00fcretim tesisinde kazan\u0131n patlamas\u0131 sonucu 1 ki\u015fi yaraland\u0131.\" \/>\n<meta property=\"og:url\" content=\"https:\/\/memurunsesi.net\/index.php\/2026\/04\/30\/antalyada-baklava-ve-lokum-uretim-tesisinde-kazan-patladi-1-yarali\/\" \/>\n<meta property=\"og:site_name\" content=\"Memurun Sesi\" \/>\n<meta property=\"article:publisher\" content=\"https:\/\/www.facebook.com\/unipersen\/?locale=tr_TR\" \/>\n<meta property=\"article:published_time\" content=\"2026-04-30T10:47:28+00:00\" \/>\n<meta property=\"og:image\" content=\"https:\/\/memurunsesi.net\/wp-content\/uploads\/2026\/04\/PATLAMA-2-scaled.jpg\" \/>\n\t<meta property=\"og:image:width\" content=\"2560\" \/>\n\t<meta property=\"og:image:height\" content=\"1440\" \/>\n\t<meta property=\"og:image:type\" content=\"image\/jpeg\" \/>\n<meta name=\"author\" content=\"Memurun Sesi Haber Merkezi\" \/>\n<meta name=\"twitter:card\" content=\"summary_large_image\" \/>\n<meta name=\"twitter:creator\" content=\"@unipersen\" \/>\n<meta name=\"twitter:site\" content=\"@unipersen\" \/>\n<meta name=\"twitter:label1\" content=\"Yazan:\" \/>\n\t<meta name=\"twitter:data1\" content=\"Memurun Sesi Haber Merkezi\" \/>\n\t<meta name=\"twitter:label2\" content=\"Tahmini okuma s\u00fcresi\" \/>\n\t<meta name=\"twitter:data2\" content=\"1 dakika\" \/>\n<script type=\"application\/ld+json\" class=\"yoast-schema-graph\">{\"@context\":\"https:\\\/\\\/schema.org\",\"@graph\":[{\"@type\":\"Article\",\"@id\":\"https:\\\/\\\/memurunsesi.net\\\/index.php\\\/2026\\\/04\\\/30\\\/antalyada-baklava-ve-lokum-uretim-tesisinde-kazan-patladi-1-yarali\\\/#article\",\"isPartOf\":{\"@id\":\"https:\\\/\\\/memurunsesi.net\\\/index.php\\\/2026\\\/04\\\/30\\\/antalyada-baklava-ve-lokum-uretim-tesisinde-kazan-patladi-1-yarali\\\/\"},\"author\":{\"name\":\"Memurun Sesi Haber Merkezi\",\"@id\":\"https:\\\/\\\/memurunsesi.net\\\/#\\\/schema\\\/person\\\/f21c2d73b89f6ee1d80b0a1803e38587\"},\"headline\":\"Antalya\u2019da baklava ve lokum \u00fcretim tesisinde kazan patlad\u0131: 1 yaral\u0131\",\"datePublished\":\"2026-04-30T10:47:28+00:00\",\"mainEntityOfPage\":{\"@id\":\"https:\\\/\\\/memurunsesi.net\\\/index.php\\\/2026\\\/04\\\/30\\\/antalyada-baklava-ve-lokum-uretim-tesisinde-kazan-patladi-1-yarali\\\/\"},\"wordCount\":173,\"commentCount\":0,\"publisher\":{\"@id\":\"https:\\\/\\\/memurunsesi.net\\\/#organization\"},\"image\":{\"@id\":\"https:\\\/\\\/memurunsesi.net\\\/index.php\\\/2026\\\/04\\\/30\\\/antalyada-baklava-ve-lokum-uretim-tesisinde-kazan-patladi-1-yarali\\\/#primaryimage\"},\"thumbnailUrl\":\"https:\\\/\\\/memurunsesi.net\\\/wp-content\\\/uploads\\\/2026\\\/04\\\/PATLAMA-2-scaled.jpg\",\"keywords\":[\"1 ki\u015fi yaraland\u0131.\",\"Antalya\u2019da\",\"baklava ve lokum\",\"kazan\u0131n\",\"patlamas\u0131 sonucu\",\"\u00fcretim tesisinde\"],\"articleSection\":[\"T\u00fcm Haberler\"],\"inLanguage\":\"tr\",\"potentialAction\":[{\"@type\":\"CommentAction\",\"name\":\"Comment\",\"target\":[\"https:\\\/\\\/memurunsesi.net\\\/index.php\\\/2026\\\/04\\\/30\\\/antalyada-baklava-ve-lokum-uretim-tesisinde-kazan-patladi-1-yarali\\\/#respond\"]}]},{\"@type\":\"WebPage\",\"@id\":\"https:\\\/\\\/memurunsesi.net\\\/index.php\\\/2026\\\/04\\\/30\\\/antalyada-baklava-ve-lokum-uretim-tesisinde-kazan-patladi-1-yarali\\\/\",\"url\":\"https:\\\/\\\/memurunsesi.net\\\/index.php\\\/2026\\\/04\\\/30\\\/antalyada-baklava-ve-lokum-uretim-tesisinde-kazan-patladi-1-yarali\\\/\",\"name\":\"Antalya\u2019da baklava ve lokum \u00fcretim tesisinde kazan patlad\u0131: 1 yaral\u0131 - Memurun Sesi\",\"isPartOf\":{\"@id\":\"https:\\\/\\\/memurunsesi.net\\\/#website\"},\"primaryImageOfPage\":{\"@id\":\"https:\\\/\\\/memurunsesi.net\\\/index.php\\\/2026\\\/04\\\/30\\\/antalyada-baklava-ve-lokum-uretim-tesisinde-kazan-patladi-1-yarali\\\/#primaryimage\"},\"image\":{\"@id\":\"https:\\\/\\\/memurunsesi.net\\\/index.php\\\/2026\\\/04\\\/30\\\/antalyada-baklava-ve-lokum-uretim-tesisinde-kazan-patladi-1-yarali\\\/#primaryimage\"},\"thumbnailUrl\":\"https:\\\/\\\/memurunsesi.net\\\/wp-content\\\/uploads\\\/2026\\\/04\\\/PATLAMA-2-scaled.jpg\",\"datePublished\":\"2026-04-30T10:47:28+00:00\",\"description\":\"\u00a0Antalya\u2019da baklava ve lokum \u00fcretim tesisinde kazan\u0131n patlamas\u0131 sonucu 1 ki\u015fi yaraland\u0131.\",\"breadcrumb\":{\"@id\":\"https:\\\/\\\/memurunsesi.net\\\/index.php\\\/2026\\\/04\\\/30\\\/antalyada-baklava-ve-lokum-uretim-tesisinde-kazan-patladi-1-yarali\\\/#breadcrumb\"},\"inLanguage\":\"tr\",\"potentialAction\":[{\"@type\":\"ReadAction\",\"target\":[\"https:\\\/\\\/memurunsesi.net\\\/index.php\\\/2026\\\/04\\\/30\\\/antalyada-baklava-ve-lokum-uretim-tesisinde-kazan-patladi-1-yarali\\\/\"]}]},{\"@type\":\"ImageObject\",\"inLanguage\":\"tr\",\"@id\":\"https:\\\/\\\/memurunsesi.net\\\/index.php\\\/2026\\\/04\\\/30\\\/antalyada-baklava-ve-lokum-uretim-tesisinde-kazan-patladi-1-yarali\\\/#primaryimage\",\"url\":\"https:\\\/\\\/memurunsesi.net\\\/wp-content\\\/uploads\\\/2026\\\/04\\\/PATLAMA-2-scaled.jpg\",\"contentUrl\":\"https:\\\/\\\/memurunsesi.net\\\/wp-content\\\/uploads\\\/2026\\\/04\\\/PATLAMA-2-scaled.jpg\",\"width\":2560,\"height\":1440,\"caption\":\"ANTALYA'DA BAKLAVA VE LOKUM \u00dcRET\u0130M TES\u0130S\u0130NDE PATLAYAN KAZAN NEDEN\u0130YLE B\u0130R K\u0130\u015e\u0130 YARALANDI. (RAMAZAN BOZCA\\\/ANTALYA-\u0130HA) Antalya'da baklava ve lokum \u00fcretim tesisinde kazan\u0131n patlamas\u0131 sonucu 1 ki\u015fi yaraland\u0131.\"},{\"@type\":\"BreadcrumbList\",\"@id\":\"https:\\\/\\\/memurunsesi.net\\\/index.php\\\/2026\\\/04\\\/30\\\/antalyada-baklava-ve-lokum-uretim-tesisinde-kazan-patladi-1-yarali\\\/#breadcrumb\",\"itemListElement\":[{\"@type\":\"ListItem\",\"position\":1,\"name\":\"Anasayfa\",\"item\":\"https:\\\/\\\/memurunsesi.net\\\/\"},{\"@type\":\"ListItem\",\"position\":2,\"name\":\"Antalya\u2019da baklava ve lokum \u00fcretim tesisinde kazan patlad\u0131: 1 yaral\u0131\"}]},{\"@type\":\"WebSite\",\"@id\":\"https:\\\/\\\/memurunsesi.net\\\/#website\",\"url\":\"https:\\\/\\\/memurunsesi.net\\\/\",\"name\":\"Memurun Sesi\",\"description\":\"G\u00fcncel ve Do\u011fru Haber\",\"publisher\":{\"@id\":\"https:\\\/\\\/memurunsesi.net\\\/#organization\"},\"potentialAction\":[{\"@type\":\"SearchAction\",\"target\":{\"@type\":\"EntryPoint\",\"urlTemplate\":\"https:\\\/\\\/memurunsesi.net\\\/?s={search_term_string}\"},\"query-input\":{\"@type\":\"PropertyValueSpecification\",\"valueRequired\":true,\"valueName\":\"search_term_string\"}}],\"inLanguage\":\"tr\"},{\"@type\":\"Organization\",\"@id\":\"https:\\\/\\\/memurunsesi.net\\\/#organization\",\"name\":\"Memurun Sesi\",\"url\":\"https:\\\/\\\/memurunsesi.net\\\/\",\"logo\":{\"@type\":\"ImageObject\",\"inLanguage\":\"tr\",\"@id\":\"https:\\\/\\\/memurunsesi.net\\\/#\\\/schema\\\/logo\\\/image\\\/\",\"url\":\"https:\\\/\\\/memurunsesi.net\\\/wp-content\\\/uploads\\\/2025\\\/11\\\/cropped-MEMURUN-SESI.png\",\"contentUrl\":\"https:\\\/\\\/memurunsesi.net\\\/wp-content\\\/uploads\\\/2025\\\/11\\\/cropped-MEMURUN-SESI.png\",\"width\":238,\"height\":57,\"caption\":\"Memurun Sesi\"},\"image\":{\"@id\":\"https:\\\/\\\/memurunsesi.net\\\/#\\\/schema\\\/logo\\\/image\\\/\"},\"sameAs\":[\"https:\\\/\\\/www.facebook.com\\\/unipersen\\\/?locale=tr_TR\",\"https:\\\/\\\/x.com\\\/unipersen\"]},{\"@type\":\"Person\",\"@id\":\"https:\\\/\\\/memurunsesi.net\\\/#\\\/schema\\\/person\\\/f21c2d73b89f6ee1d80b0a1803e38587\",\"name\":\"Memurun Sesi Haber Merkezi\",\"image\":{\"@type\":\"ImageObject\",\"inLanguage\":\"tr\",\"@id\":\"https:\\\/\\\/secure.gravatar.com\\\/avatar\\\/6cf0505f452ee753f485014986fab09a434671d2b919ee76fc541025c5876a70?s=96&d=mm&r=g\",\"url\":\"https:\\\/\\\/secure.gravatar.com\\\/avatar\\\/6cf0505f452ee753f485014986fab09a434671d2b919ee76fc541025c5876a70?s=96&d=mm&r=g\",\"contentUrl\":\"https:\\\/\\\/secure.gravatar.com\\\/avatar\\\/6cf0505f452ee753f485014986fab09a434671d2b919ee76fc541025c5876a70?s=96&d=mm&r=g\",\"caption\":\"Memurun Sesi Haber Merkezi\"},\"sameAs\":[\"https:\\\/\\\/memurunsesi.net\"],\"url\":\"https:\\\/\\\/memurunsesi.net\\\/index.php\\\/author\\\/uniper\\\/\"}]}<\/script>\n<!-- \/ Yoast SEO plugin. -->","yoast_head_json":{"title":"Antalya\u2019da baklava ve lokum \u00fcretim tesisinde kazan patlad\u0131: 1 yaral\u0131 - Memurun Sesi","description":"\u00a0Antalya\u2019da baklava ve lokum \u00fcretim tesisinde kazan\u0131n patlamas\u0131 sonucu 1 ki\u015fi yaraland\u0131.","robots":{"index":"index","follow":"follow","max-snippet":"max-snippet:-1","max-image-preview":"max-image-preview:large","max-video-preview":"max-video-preview:-1"},"canonical":"https:\/\/memurunsesi.net\/index.php\/2026\/04\/30\/antalyada-baklava-ve-lokum-uretim-tesisinde-kazan-patladi-1-yarali\/","og_locale":"tr_TR","og_type":"article","og_title":"Antalya\u2019da baklava ve lokum \u00fcretim tesisinde kazan patlad\u0131: 1 yaral\u0131 - Memurun Sesi","og_description":"\u00a0Antalya\u2019da baklava ve lokum \u00fcretim tesisinde kazan\u0131n patlamas\u0131 sonucu 1 ki\u015fi yaraland\u0131.","og_url":"https:\/\/memurunsesi.net\/index.php\/2026\/04\/30\/antalyada-baklava-ve-lokum-uretim-tesisinde-kazan-patladi-1-yarali\/","og_site_name":"Memurun Sesi","article_publisher":"https:\/\/www.facebook.com\/unipersen\/?locale=tr_TR","article_published_time":"2026-04-30T10:47:28+00:00","og_image":[{"width":2560,"height":1440,"url":"https:\/\/memurunsesi.net\/wp-content\/uploads\/2026\/04\/PATLAMA-2-scaled.jpg","type":"image\/jpeg"}],"author":"Memurun Sesi Haber Merkezi","twitter_card":"summary_large_image","twitter_creator":"@unipersen","twitter_site":"@unipersen","twitter_misc":{"Yazan:":"Memurun Sesi Haber Merkezi","Tahmini okuma s\u00fcresi":"1 dakika"},"schema":{"@context":"https:\/\/schema.org","@graph":[{"@type":"Article","@id":"https:\/\/memurunsesi.net\/index.php\/2026\/04\/30\/antalyada-baklava-ve-lokum-uretim-tesisinde-kazan-patladi-1-yarali\/#article","isPartOf":{"@id":"https:\/\/memurunsesi.net\/index.php\/2026\/04\/30\/antalyada-baklava-ve-lokum-uretim-tesisinde-kazan-patladi-1-yarali\/"},"author":{"name":"Memurun Sesi Haber Merkezi","@id":"https:\/\/memurunsesi.net\/#\/schema\/person\/f21c2d73b89f6ee1d80b0a1803e38587"},"headline":"Antalya\u2019da baklava ve lokum \u00fcretim tesisinde kazan patlad\u0131: 1 yaral\u0131","datePublished":"2026-04-30T10:47:28+00:00","mainEntityOfPage":{"@id":"https:\/\/memurunsesi.net\/index.php\/2026\/04\/30\/antalyada-baklava-ve-lokum-uretim-tesisinde-kazan-patladi-1-yarali\/"},"wordCount":173,"commentCount":0,"publisher":{"@id":"https:\/\/memurunsesi.net\/#organization"},"image":{"@id":"https:\/\/memurunsesi.net\/index.php\/2026\/04\/30\/antalyada-baklava-ve-lokum-uretim-tesisinde-kazan-patladi-1-yarali\/#primaryimage"},"thumbnailUrl":"https:\/\/memurunsesi.net\/wp-content\/uploads\/2026\/04\/PATLAMA-2-scaled.jpg","keywords":["1 ki\u015fi yaraland\u0131.","Antalya\u2019da","baklava ve lokum","kazan\u0131n","patlamas\u0131 sonucu","\u00fcretim tesisinde"],"articleSection":["T\u00fcm Haberler"],"inLanguage":"tr","potentialAction":[{"@type":"CommentAction","name":"Comment","target":["https:\/\/memurunsesi.net\/index.php\/2026\/04\/30\/antalyada-baklava-ve-lokum-uretim-tesisinde-kazan-patladi-1-yarali\/#respond"]}]},{"@type":"WebPage","@id":"https:\/\/memurunsesi.net\/index.php\/2026\/04\/30\/antalyada-baklava-ve-lokum-uretim-tesisinde-kazan-patladi-1-yarali\/","url":"https:\/\/memurunsesi.net\/index.php\/2026\/04\/30\/antalyada-baklava-ve-lokum-uretim-tesisinde-kazan-patladi-1-yarali\/","name":"Antalya\u2019da baklava ve lokum \u00fcretim tesisinde kazan patlad\u0131: 1 yaral\u0131 - Memurun Sesi","isPartOf":{"@id":"https:\/\/memurunsesi.net\/#website"},"primaryImageOfPage":{"@id":"https:\/\/memurunsesi.net\/index.php\/2026\/04\/30\/antalyada-baklava-ve-lokum-uretim-tesisinde-kazan-patladi-1-yarali\/#primaryimage"},"image":{"@id":"https:\/\/memurunsesi.net\/index.php\/2026\/04\/30\/antalyada-baklava-ve-lokum-uretim-tesisinde-kazan-patladi-1-yarali\/#primaryimage"},"thumbnailUrl":"https:\/\/memurunsesi.net\/wp-content\/uploads\/2026\/04\/PATLAMA-2-scaled.jpg","datePublished":"2026-04-30T10:47:28+00:00","description":"\u00a0Antalya\u2019da baklava ve lokum \u00fcretim tesisinde kazan\u0131n patlamas\u0131 sonucu 1 ki\u015fi yaraland\u0131.","breadcrumb":{"@id":"https:\/\/memurunsesi.net\/index.php\/2026\/04\/30\/antalyada-baklava-ve-lokum-uretim-tesisinde-kazan-patladi-1-yarali\/#breadcrumb"},"inLanguage":"tr","potentialAction":[{"@type":"ReadAction","target":["https:\/\/memurunsesi.net\/index.php\/2026\/04\/30\/antalyada-baklava-ve-lokum-uretim-tesisinde-kazan-patladi-1-yarali\/"]}]},{"@type":"ImageObject","inLanguage":"tr","@id":"https:\/\/memurunsesi.net\/index.php\/2026\/04\/30\/antalyada-baklava-ve-lokum-uretim-tesisinde-kazan-patladi-1-yarali\/#primaryimage","url":"https:\/\/memurunsesi.net\/wp-content\/uploads\/2026\/04\/PATLAMA-2-scaled.jpg","contentUrl":"https:\/\/memurunsesi.net\/wp-content\/uploads\/2026\/04\/PATLAMA-2-scaled.jpg","width":2560,"height":1440,"caption":"ANTALYA'DA BAKLAVA VE LOKUM \u00dcRET\u0130M TES\u0130S\u0130NDE PATLAYAN KAZAN NEDEN\u0130YLE B\u0130R K\u0130\u015e\u0130 YARALANDI. (RAMAZAN BOZCA\/ANTALYA-\u0130HA) Antalya'da baklava ve lokum \u00fcretim tesisinde kazan\u0131n patlamas\u0131 sonucu 1 ki\u015fi yaraland\u0131."},{"@type":"BreadcrumbList","@id":"https:\/\/memurunsesi.net\/index.php\/2026\/04\/30\/antalyada-baklava-ve-lokum-uretim-tesisinde-kazan-patladi-1-yarali\/#breadcrumb","itemListElement":[{"@type":"ListItem","position":1,"name":"Anasayfa","item":"https:\/\/memurunsesi.net\/"},{"@type":"ListItem","position":2,"name":"Antalya\u2019da baklava ve lokum \u00fcretim tesisinde kazan patlad\u0131: 1 yaral\u0131"}]},{"@type":"WebSite","@id":"https:\/\/memurunsesi.net\/#website","url":"https:\/\/memurunsesi.net\/","name":"Memurun Sesi","description":"G\u00fcncel ve Do\u011fru Haber","publisher":{"@id":"https:\/\/memurunsesi.net\/#organization"},"potentialAction":[{"@type":"SearchAction","target":{"@type":"EntryPoint","urlTemplate":"https:\/\/memurunsesi.net\/?s={search_term_string}"},"query-input":{"@type":"PropertyValueSpecification","valueRequired":true,"valueName":"search_term_string"}}],"inLanguage":"tr"},{"@type":"Organization","@id":"https:\/\/memurunsesi.net\/#organization","name":"Memurun Sesi","url":"https:\/\/memurunsesi.net\/","logo":{"@type":"ImageObject","inLanguage":"tr","@id":"https:\/\/memurunsesi.net\/#\/schema\/logo\/image\/","url":"https:\/\/memurunsesi.net\/wp-content\/uploads\/2025\/11\/cropped-MEMURUN-SESI.png","contentUrl":"https:\/\/memurunsesi.net\/wp-content\/uploads\/2025\/11\/cropped-MEMURUN-SESI.png","width":238,"height":57,"caption":"Memurun Sesi"},"image":{"@id":"https:\/\/memurunsesi.net\/#\/schema\/logo\/image\/"},"sameAs":["https:\/\/www.facebook.com\/unipersen\/?locale=tr_TR","https:\/\/x.com\/unipersen"]},{"@type":"Person","@id":"https:\/\/memurunsesi.net\/#\/schema\/person\/f21c2d73b89f6ee1d80b0a1803e38587","name":"Memurun Sesi Haber Merkezi","image":{"@type":"ImageObject","inLanguage":"tr","@id":"https:\/\/secure.gravatar.com\/avatar\/6cf0505f452ee753f485014986fab09a434671d2b919ee76fc541025c5876a70?s=96&d=mm&r=g","url":"https:\/\/secure.gravatar.com\/avatar\/6cf0505f452ee753f485014986fab09a434671d2b919ee76fc541025c5876a70?s=96&d=mm&r=g","contentUrl":"https:\/\/secure.gravatar.com\/avatar\/6cf0505f452ee753f485014986fab09a434671d2b919ee76fc541025c5876a70?s=96&d=mm&r=g","caption":"Memurun Sesi Haber Merkezi"},"sameAs":["https:\/\/memurunsesi.net"],"url":"https:\/\/memurunsesi.net\/index.php\/author\/uniper\/"}]}},"_links":{"self":[{"href":"https:\/\/memurunsesi.net\/index.php\/wp-json\/wp\/v2\/posts\/19786","targetHints":{"allow":["GET"]}}],"collection":[{"href":"https:\/\/memurunsesi.net\/index.php\/wp-json\/wp\/v2\/posts"}],"about":[{"href":"https:\/\/memurunsesi.net\/index.php\/wp-json\/wp\/v2\/types\/post"}],"author":[{"embeddable":true,"href":"https:\/\/memurunsesi.net\/index.php\/wp-json\/wp\/v2\/users\/1"}],"replies":[{"embeddable":true,"href":"https:\/\/memurunsesi.net\/index.php\/wp-json\/wp\/v2\/comments?post=19786"}],"version-history":[{"count":1,"href":"https:\/\/memurunsesi.net\/index.php\/wp-json\/wp\/v2\/posts\/19786\/revisions"}],"predecessor-version":[{"id":19788,"href":"https:\/\/memurunsesi.net\/index.php\/wp-json\/wp\/v2\/posts\/19786\/revisions\/19788"}],"wp:featuredmedia":[{"embeddable":true,"href":"https:\/\/memurunsesi.net\/index.php\/wp-json\/wp\/v2\/media\/19787"}],"wp:attachment":[{"href":"https:\/\/memurunsesi.net\/index.php\/wp-json\/wp\/v2\/media?parent=19786"}],"wp:term":[{"taxonomy":"category","embeddable":true,"href":"https:\/\/memurunsesi.net\/index.php\/wp-json\/wp\/v2\/categories?post=19786"},{"taxonomy":"post_tag","embeddable":true,"href":"https:\/\/memurunsesi.net\/index.php\/wp-json\/wp\/v2\/tags?post=19786"}],"curies":[{"name":"wp","href":"https:\/\/api.w.org\/{rel}","templated":true}]}}