{"id":19789,"date":"2026-04-30T13:53:00","date_gmt":"2026-04-30T10:53:00","guid":{"rendered":"https:\/\/memurunsesi.net\/?p=19789"},"modified":"2026-04-30T13:53:00","modified_gmt":"2026-04-30T10:53:00","slug":"bursada-avukat-cinayeti-7-supheli-gozaltinda","status":"publish","type":"post","link":"https:\/\/memurunsesi.net\/index.php\/2026\/04\/30\/bursada-avukat-cinayeti-7-supheli-gozaltinda\/","title":{"rendered":"Bursa\u2019da avukat cinayeti: 7 \u015f\u00fcpheli g\u00f6zalt\u0131nda"},"content":{"rendered":"<p>Bursa\u2019n\u0131n G\u00fcrsu il\u00e7esinde Avukat Hatice Kocaefe\u2019nin \u00f6ld\u00fcr\u00fclmesi olay\u0131 ile ilgili 7 ki\u015fi g\u00f6zalt\u0131na al\u0131nd\u0131.<br \/>\nBursa Cumhuriyet Ba\u015fsavc\u0131l\u0131\u011f\u0131 talimatlar\u0131 do\u011frultusunda Bursa Emniyet M\u00fcd\u00fcrl\u00fc\u011f\u00fc taraf\u0131ndan y\u00fcr\u00fct\u00fclen soru\u015fturma kapsam\u0131nda olay\u0131n asli faili ile birlikte toplam 7 \u015f\u00fcphelinin g\u00f6zalt\u0131na al\u0131nd\u0131\u011f\u0131, \u015f\u00fcpheliler hakk\u0131nda soru\u015fturma i\u015flemleri s\u00fcrerken, dosya hakk\u0131nda gizlilik karar\u0131 al\u0131nd\u0131\u011f\u0131 bildirildi.<br \/>\nAvukat Hatice Kocaefe, ge\u00e7ti\u011fimiz g\u00fcn Bursa\u2019da u\u011frad\u0131\u011f\u0131 sald\u0131r\u0131 sonucu ya\u015fam\u0131n\u0131 yitirmi\u015fti. Cinayet, hukuk camias\u0131nda ve toplumda derin \u00fcz\u00fcnt\u00fcye sebep olurken barolar, meslekta\u015flar\u0131 ve sivil toplum kurulu\u015flar\u0131 sald\u0131r\u0131y\u0131 k\u0131nad\u0131. Bursa Cumhuriyet Ba\u015fsavc\u0131l\u0131\u011f\u0131 taraf\u0131ndan yap\u0131lan bilgilendirmede soru\u015fturman\u0131n her y\u00f6n\u00fcyle titizlikle y\u00fcr\u00fct\u00fcld\u00fc\u011f\u00fc, kamuoyunun geli\u015fmeleri resmi a\u00e7\u0131klamalar \u00fczerinden takip etmesi gerekti\u011fi belirtildi.<\/p>\n<p>30.04.2026<\/p>\n","protected":false},"excerpt":{"rendered":"<p>Bursa\u2019n\u0131n G\u00fcrsu il\u00e7esinde Avukat Hatice Kocaefe\u2019nin \u00f6ld\u00fcr\u00fclmesi olay\u0131 ile ilgili 7 ki\u015fi g\u00f6zalt\u0131na al\u0131nd\u0131. Bursa Cumhuriyet Ba\u015fsavc\u0131l\u0131\u011f\u0131 talimatlar\u0131 do\u011frultusunda Bursa Emniyet M\u00fcd\u00fcrl\u00fc\u011f\u00fc taraf\u0131ndan y\u00fcr\u00fct\u00fclen soru\u015fturma kapsam\u0131nda olay\u0131n asli faili ile birlikte toplam 7 \u015f\u00fcphelinin g\u00f6zalt\u0131na al\u0131nd\u0131\u011f\u0131, \u015f\u00fcpheliler hakk\u0131nda soru\u015fturma i\u015flemleri s\u00fcrerken, dosya hakk\u0131nda gizlilik karar\u0131 al\u0131nd\u0131\u011f\u0131 bildirildi. Avukat Hatice Kocaefe, ge\u00e7ti\u011fimiz g\u00fcn Bursa\u2019da u\u011frad\u0131\u011f\u0131 sald\u0131r\u0131 [&hellip;]<\/p>\n","protected":false},"author":1,"featured_media":19790,"comment_status":"open","ping_status":"open","sticky":false,"template":"","format":"standard","meta":{"footnotes":""},"categories":[50],"tags":[3729],"class_list":["post-19789","post","type-post","status-publish","format-standard","has-post-thumbnail","hentry","category-tum-haberler","tag-avukat-olduruldu"],"yoast_head":"<!-- This site is optimized with the Yoast SEO plugin v27.4 - https:\/\/yoast.com\/product\/yoast-seo-wordpress\/ -->\n<title>Bursa\u2019da avukat cinayeti: 7 \u015f\u00fcpheli g\u00f6zalt\u0131nda - Memurun Sesi<\/title>\n<meta name=\"description\" content=\"\u00a0Bursa\u2019n\u0131n G\u00fcrsu il\u00e7esinde Avukat Hatice Kocaefe\u2019nin \u00f6ld\u00fcr\u00fclmesi olay\u0131 ile ilgili 7 ki\u015fi g\u00f6zalt\u0131na al\u0131nd\u0131.\" \/>\n<meta name=\"robots\" content=\"index, follow, max-snippet:-1, max-image-preview:large, max-video-preview:-1\" \/>\n<link rel=\"canonical\" href=\"https:\/\/memurunsesi.net\/index.php\/2026\/04\/30\/bursada-avukat-cinayeti-7-supheli-gozaltinda\/\" \/>\n<meta property=\"og:locale\" content=\"tr_TR\" \/>\n<meta property=\"og:type\" content=\"article\" \/>\n<meta property=\"og:title\" content=\"Bursa\u2019da avukat cinayeti: 7 \u015f\u00fcpheli g\u00f6zalt\u0131nda - Memurun Sesi\" \/>\n<meta property=\"og:description\" content=\"\u00a0Bursa\u2019n\u0131n G\u00fcrsu il\u00e7esinde Avukat Hatice Kocaefe\u2019nin \u00f6ld\u00fcr\u00fclmesi olay\u0131 ile ilgili 7 ki\u015fi g\u00f6zalt\u0131na al\u0131nd\u0131.\" \/>\n<meta property=\"og:url\" content=\"https:\/\/memurunsesi.net\/index.php\/2026\/04\/30\/bursada-avukat-cinayeti-7-supheli-gozaltinda\/\" \/>\n<meta property=\"og:site_name\" content=\"Memurun Sesi\" \/>\n<meta property=\"article:publisher\" content=\"https:\/\/www.facebook.com\/unipersen\/?locale=tr_TR\" \/>\n<meta property=\"article:published_time\" content=\"2026-04-30T10:53:00+00:00\" \/>\n<meta property=\"og:image\" content=\"https:\/\/memurunsesi.net\/wp-content\/uploads\/2026\/04\/avukat-2.jpg\" \/>\n\t<meta property=\"og:image:width\" content=\"750\" \/>\n\t<meta property=\"og:image:height\" content=\"498\" \/>\n\t<meta property=\"og:image:type\" content=\"image\/jpeg\" \/>\n<meta name=\"author\" content=\"Memurun Sesi Haber Merkezi\" \/>\n<meta name=\"twitter:card\" content=\"summary_large_image\" \/>\n<meta name=\"twitter:creator\" content=\"@unipersen\" \/>\n<meta name=\"twitter:site\" content=\"@unipersen\" \/>\n<meta name=\"twitter:label1\" content=\"Yazan:\" \/>\n\t<meta name=\"twitter:data1\" content=\"Memurun Sesi Haber Merkezi\" \/>\n\t<meta name=\"twitter:label2\" content=\"Tahmini okuma s\u00fcresi\" \/>\n\t<meta name=\"twitter:data2\" content=\"1 dakika\" \/>\n<script type=\"application\/ld+json\" class=\"yoast-schema-graph\">{\"@context\":\"https:\\\/\\\/schema.org\",\"@graph\":[{\"@type\":\"Article\",\"@id\":\"https:\\\/\\\/memurunsesi.net\\\/index.php\\\/2026\\\/04\\\/30\\\/bursada-avukat-cinayeti-7-supheli-gozaltinda\\\/#article\",\"isPartOf\":{\"@id\":\"https:\\\/\\\/memurunsesi.net\\\/index.php\\\/2026\\\/04\\\/30\\\/bursada-avukat-cinayeti-7-supheli-gozaltinda\\\/\"},\"author\":{\"name\":\"Memurun Sesi Haber Merkezi\",\"@id\":\"https:\\\/\\\/memurunsesi.net\\\/#\\\/schema\\\/person\\\/f21c2d73b89f6ee1d80b0a1803e38587\"},\"headline\":\"Bursa\u2019da avukat cinayeti: 7 \u015f\u00fcpheli g\u00f6zalt\u0131nda\",\"datePublished\":\"2026-04-30T10:53:00+00:00\",\"mainEntityOfPage\":{\"@id\":\"https:\\\/\\\/memurunsesi.net\\\/index.php\\\/2026\\\/04\\\/30\\\/bursada-avukat-cinayeti-7-supheli-gozaltinda\\\/\"},\"wordCount\":164,\"commentCount\":0,\"publisher\":{\"@id\":\"https:\\\/\\\/memurunsesi.net\\\/#organization\"},\"image\":{\"@id\":\"https:\\\/\\\/memurunsesi.net\\\/index.php\\\/2026\\\/04\\\/30\\\/bursada-avukat-cinayeti-7-supheli-gozaltinda\\\/#primaryimage\"},\"thumbnailUrl\":\"https:\\\/\\\/memurunsesi.net\\\/wp-content\\\/uploads\\\/2026\\\/04\\\/avukat-2.jpg\",\"keywords\":[\"AVUKAT \u00d6LD\u00dcR\u00dcLD\u00dc\"],\"articleSection\":[\"T\u00fcm Haberler\"],\"inLanguage\":\"tr\",\"potentialAction\":[{\"@type\":\"CommentAction\",\"name\":\"Comment\",\"target\":[\"https:\\\/\\\/memurunsesi.net\\\/index.php\\\/2026\\\/04\\\/30\\\/bursada-avukat-cinayeti-7-supheli-gozaltinda\\\/#respond\"]}]},{\"@type\":\"WebPage\",\"@id\":\"https:\\\/\\\/memurunsesi.net\\\/index.php\\\/2026\\\/04\\\/30\\\/bursada-avukat-cinayeti-7-supheli-gozaltinda\\\/\",\"url\":\"https:\\\/\\\/memurunsesi.net\\\/index.php\\\/2026\\\/04\\\/30\\\/bursada-avukat-cinayeti-7-supheli-gozaltinda\\\/\",\"name\":\"Bursa\u2019da avukat cinayeti: 7 \u015f\u00fcpheli g\u00f6zalt\u0131nda - Memurun Sesi\",\"isPartOf\":{\"@id\":\"https:\\\/\\\/memurunsesi.net\\\/#website\"},\"primaryImageOfPage\":{\"@id\":\"https:\\\/\\\/memurunsesi.net\\\/index.php\\\/2026\\\/04\\\/30\\\/bursada-avukat-cinayeti-7-supheli-gozaltinda\\\/#primaryimage\"},\"image\":{\"@id\":\"https:\\\/\\\/memurunsesi.net\\\/index.php\\\/2026\\\/04\\\/30\\\/bursada-avukat-cinayeti-7-supheli-gozaltinda\\\/#primaryimage\"},\"thumbnailUrl\":\"https:\\\/\\\/memurunsesi.net\\\/wp-content\\\/uploads\\\/2026\\\/04\\\/avukat-2.jpg\",\"datePublished\":\"2026-04-30T10:53:00+00:00\",\"description\":\"\u00a0Bursa\u2019n\u0131n G\u00fcrsu il\u00e7esinde Avukat Hatice Kocaefe\u2019nin \u00f6ld\u00fcr\u00fclmesi olay\u0131 ile ilgili 7 ki\u015fi g\u00f6zalt\u0131na al\u0131nd\u0131.\",\"breadcrumb\":{\"@id\":\"https:\\\/\\\/memurunsesi.net\\\/index.php\\\/2026\\\/04\\\/30\\\/bursada-avukat-cinayeti-7-supheli-gozaltinda\\\/#breadcrumb\"},\"inLanguage\":\"tr\",\"potentialAction\":[{\"@type\":\"ReadAction\",\"target\":[\"https:\\\/\\\/memurunsesi.net\\\/index.php\\\/2026\\\/04\\\/30\\\/bursada-avukat-cinayeti-7-supheli-gozaltinda\\\/\"]}]},{\"@type\":\"ImageObject\",\"inLanguage\":\"tr\",\"@id\":\"https:\\\/\\\/memurunsesi.net\\\/index.php\\\/2026\\\/04\\\/30\\\/bursada-avukat-cinayeti-7-supheli-gozaltinda\\\/#primaryimage\",\"url\":\"https:\\\/\\\/memurunsesi.net\\\/wp-content\\\/uploads\\\/2026\\\/04\\\/avukat-2.jpg\",\"contentUrl\":\"https:\\\/\\\/memurunsesi.net\\\/wp-content\\\/uploads\\\/2026\\\/04\\\/avukat-2.jpg\",\"width\":750,\"height\":498,\"caption\":\"BURSA'DA 25 YA\u015eINDAK\u0130 AVUKATA S\u0130LAHLI SALDIRI D\u00dcZENLEYEN \u015e\u00dcPHEL\u0130 YAKALANDI (AHMET BURAK \u00d6ZT\u00dcRK\\\/BURSA-\u0130HA) Bursa'n\u0131n G\u00fcrsu il\u00e7esinde gen\u00e7 avukat Hatice Kocaefe'nin hayat\u0131n\u0131 kaybetti\u011fi silahl\u0131 sald\u0131r\u0131n\u0131n faili yakaland\u0131. 5 milyonluk alacak davas\u0131 nedeniyle \u00e7\u0131kt\u0131\u011f\u0131 \u00f6ne s\u00fcr\u00fclen olayda deh\u015fet anlar\u0131 kameraya yans\u0131rken, \u015f\u00fcpheli Hakk\u0131 \u00c7., Bursa Asayi\u015f \u015eube M\u00fcd\u00fcrl\u00fc\u011f\u00fc ekiplerince d\u00fczenlenen operasyonla g\u00f6zalt\u0131na al\u0131nd\u0131.\"},{\"@type\":\"BreadcrumbList\",\"@id\":\"https:\\\/\\\/memurunsesi.net\\\/index.php\\\/2026\\\/04\\\/30\\\/bursada-avukat-cinayeti-7-supheli-gozaltinda\\\/#breadcrumb\",\"itemListElement\":[{\"@type\":\"ListItem\",\"position\":1,\"name\":\"Anasayfa\",\"item\":\"https:\\\/\\\/memurunsesi.net\\\/\"},{\"@type\":\"ListItem\",\"position\":2,\"name\":\"Bursa\u2019da avukat cinayeti: 7 \u015f\u00fcpheli g\u00f6zalt\u0131nda\"}]},{\"@type\":\"WebSite\",\"@id\":\"https:\\\/\\\/memurunsesi.net\\\/#website\",\"url\":\"https:\\\/\\\/memurunsesi.net\\\/\",\"name\":\"Memurun Sesi\",\"description\":\"G\u00fcncel ve Do\u011fru Haber\",\"publisher\":{\"@id\":\"https:\\\/\\\/memurunsesi.net\\\/#organization\"},\"potentialAction\":[{\"@type\":\"SearchAction\",\"target\":{\"@type\":\"EntryPoint\",\"urlTemplate\":\"https:\\\/\\\/memurunsesi.net\\\/?s={search_term_string}\"},\"query-input\":{\"@type\":\"PropertyValueSpecification\",\"valueRequired\":true,\"valueName\":\"search_term_string\"}}],\"inLanguage\":\"tr\"},{\"@type\":\"Organization\",\"@id\":\"https:\\\/\\\/memurunsesi.net\\\/#organization\",\"name\":\"Memurun Sesi\",\"url\":\"https:\\\/\\\/memurunsesi.net\\\/\",\"logo\":{\"@type\":\"ImageObject\",\"inLanguage\":\"tr\",\"@id\":\"https:\\\/\\\/memurunsesi.net\\\/#\\\/schema\\\/logo\\\/image\\\/\",\"url\":\"https:\\\/\\\/memurunsesi.net\\\/wp-content\\\/uploads\\\/2025\\\/11\\\/cropped-MEMURUN-SESI.png\",\"contentUrl\":\"https:\\\/\\\/memurunsesi.net\\\/wp-content\\\/uploads\\\/2025\\\/11\\\/cropped-MEMURUN-SESI.png\",\"width\":238,\"height\":57,\"caption\":\"Memurun Sesi\"},\"image\":{\"@id\":\"https:\\\/\\\/memurunsesi.net\\\/#\\\/schema\\\/logo\\\/image\\\/\"},\"sameAs\":[\"https:\\\/\\\/www.facebook.com\\\/unipersen\\\/?locale=tr_TR\",\"https:\\\/\\\/x.com\\\/unipersen\"]},{\"@type\":\"Person\",\"@id\":\"https:\\\/\\\/memurunsesi.net\\\/#\\\/schema\\\/person\\\/f21c2d73b89f6ee1d80b0a1803e38587\",\"name\":\"Memurun Sesi Haber Merkezi\",\"image\":{\"@type\":\"ImageObject\",\"inLanguage\":\"tr\",\"@id\":\"https:\\\/\\\/secure.gravatar.com\\\/avatar\\\/6cf0505f452ee753f485014986fab09a434671d2b919ee76fc541025c5876a70?s=96&d=mm&r=g\",\"url\":\"https:\\\/\\\/secure.gravatar.com\\\/avatar\\\/6cf0505f452ee753f485014986fab09a434671d2b919ee76fc541025c5876a70?s=96&d=mm&r=g\",\"contentUrl\":\"https:\\\/\\\/secure.gravatar.com\\\/avatar\\\/6cf0505f452ee753f485014986fab09a434671d2b919ee76fc541025c5876a70?s=96&d=mm&r=g\",\"caption\":\"Memurun Sesi Haber Merkezi\"},\"sameAs\":[\"https:\\\/\\\/memurunsesi.net\"],\"url\":\"https:\\\/\\\/memurunsesi.net\\\/index.php\\\/author\\\/uniper\\\/\"}]}<\/script>\n<!-- \/ Yoast SEO plugin. -->","yoast_head_json":{"title":"Bursa\u2019da avukat cinayeti: 7 \u015f\u00fcpheli g\u00f6zalt\u0131nda - Memurun Sesi","description":"\u00a0Bursa\u2019n\u0131n G\u00fcrsu il\u00e7esinde Avukat Hatice Kocaefe\u2019nin \u00f6ld\u00fcr\u00fclmesi olay\u0131 ile ilgili 7 ki\u015fi g\u00f6zalt\u0131na al\u0131nd\u0131.","robots":{"index":"index","follow":"follow","max-snippet":"max-snippet:-1","max-image-preview":"max-image-preview:large","max-video-preview":"max-video-preview:-1"},"canonical":"https:\/\/memurunsesi.net\/index.php\/2026\/04\/30\/bursada-avukat-cinayeti-7-supheli-gozaltinda\/","og_locale":"tr_TR","og_type":"article","og_title":"Bursa\u2019da avukat cinayeti: 7 \u015f\u00fcpheli g\u00f6zalt\u0131nda - Memurun Sesi","og_description":"\u00a0Bursa\u2019n\u0131n G\u00fcrsu il\u00e7esinde Avukat Hatice Kocaefe\u2019nin \u00f6ld\u00fcr\u00fclmesi olay\u0131 ile ilgili 7 ki\u015fi g\u00f6zalt\u0131na al\u0131nd\u0131.","og_url":"https:\/\/memurunsesi.net\/index.php\/2026\/04\/30\/bursada-avukat-cinayeti-7-supheli-gozaltinda\/","og_site_name":"Memurun Sesi","article_publisher":"https:\/\/www.facebook.com\/unipersen\/?locale=tr_TR","article_published_time":"2026-04-30T10:53:00+00:00","og_image":[{"width":750,"height":498,"url":"https:\/\/memurunsesi.net\/wp-content\/uploads\/2026\/04\/avukat-2.jpg","type":"image\/jpeg"}],"author":"Memurun Sesi Haber Merkezi","twitter_card":"summary_large_image","twitter_creator":"@unipersen","twitter_site":"@unipersen","twitter_misc":{"Yazan:":"Memurun Sesi Haber Merkezi","Tahmini okuma s\u00fcresi":"1 dakika"},"schema":{"@context":"https:\/\/schema.org","@graph":[{"@type":"Article","@id":"https:\/\/memurunsesi.net\/index.php\/2026\/04\/30\/bursada-avukat-cinayeti-7-supheli-gozaltinda\/#article","isPartOf":{"@id":"https:\/\/memurunsesi.net\/index.php\/2026\/04\/30\/bursada-avukat-cinayeti-7-supheli-gozaltinda\/"},"author":{"name":"Memurun Sesi Haber Merkezi","@id":"https:\/\/memurunsesi.net\/#\/schema\/person\/f21c2d73b89f6ee1d80b0a1803e38587"},"headline":"Bursa\u2019da avukat cinayeti: 7 \u015f\u00fcpheli g\u00f6zalt\u0131nda","datePublished":"2026-04-30T10:53:00+00:00","mainEntityOfPage":{"@id":"https:\/\/memurunsesi.net\/index.php\/2026\/04\/30\/bursada-avukat-cinayeti-7-supheli-gozaltinda\/"},"wordCount":164,"commentCount":0,"publisher":{"@id":"https:\/\/memurunsesi.net\/#organization"},"image":{"@id":"https:\/\/memurunsesi.net\/index.php\/2026\/04\/30\/bursada-avukat-cinayeti-7-supheli-gozaltinda\/#primaryimage"},"thumbnailUrl":"https:\/\/memurunsesi.net\/wp-content\/uploads\/2026\/04\/avukat-2.jpg","keywords":["AVUKAT \u00d6LD\u00dcR\u00dcLD\u00dc"],"articleSection":["T\u00fcm Haberler"],"inLanguage":"tr","potentialAction":[{"@type":"CommentAction","name":"Comment","target":["https:\/\/memurunsesi.net\/index.php\/2026\/04\/30\/bursada-avukat-cinayeti-7-supheli-gozaltinda\/#respond"]}]},{"@type":"WebPage","@id":"https:\/\/memurunsesi.net\/index.php\/2026\/04\/30\/bursada-avukat-cinayeti-7-supheli-gozaltinda\/","url":"https:\/\/memurunsesi.net\/index.php\/2026\/04\/30\/bursada-avukat-cinayeti-7-supheli-gozaltinda\/","name":"Bursa\u2019da avukat cinayeti: 7 \u015f\u00fcpheli g\u00f6zalt\u0131nda - Memurun Sesi","isPartOf":{"@id":"https:\/\/memurunsesi.net\/#website"},"primaryImageOfPage":{"@id":"https:\/\/memurunsesi.net\/index.php\/2026\/04\/30\/bursada-avukat-cinayeti-7-supheli-gozaltinda\/#primaryimage"},"image":{"@id":"https:\/\/memurunsesi.net\/index.php\/2026\/04\/30\/bursada-avukat-cinayeti-7-supheli-gozaltinda\/#primaryimage"},"thumbnailUrl":"https:\/\/memurunsesi.net\/wp-content\/uploads\/2026\/04\/avukat-2.jpg","datePublished":"2026-04-30T10:53:00+00:00","description":"\u00a0Bursa\u2019n\u0131n G\u00fcrsu il\u00e7esinde Avukat Hatice Kocaefe\u2019nin \u00f6ld\u00fcr\u00fclmesi olay\u0131 ile ilgili 7 ki\u015fi g\u00f6zalt\u0131na al\u0131nd\u0131.","breadcrumb":{"@id":"https:\/\/memurunsesi.net\/index.php\/2026\/04\/30\/bursada-avukat-cinayeti-7-supheli-gozaltinda\/#breadcrumb"},"inLanguage":"tr","potentialAction":[{"@type":"ReadAction","target":["https:\/\/memurunsesi.net\/index.php\/2026\/04\/30\/bursada-avukat-cinayeti-7-supheli-gozaltinda\/"]}]},{"@type":"ImageObject","inLanguage":"tr","@id":"https:\/\/memurunsesi.net\/index.php\/2026\/04\/30\/bursada-avukat-cinayeti-7-supheli-gozaltinda\/#primaryimage","url":"https:\/\/memurunsesi.net\/wp-content\/uploads\/2026\/04\/avukat-2.jpg","contentUrl":"https:\/\/memurunsesi.net\/wp-content\/uploads\/2026\/04\/avukat-2.jpg","width":750,"height":498,"caption":"BURSA'DA 25 YA\u015eINDAK\u0130 AVUKATA S\u0130LAHLI SALDIRI D\u00dcZENLEYEN \u015e\u00dcPHEL\u0130 YAKALANDI (AHMET BURAK \u00d6ZT\u00dcRK\/BURSA-\u0130HA) Bursa'n\u0131n G\u00fcrsu il\u00e7esinde gen\u00e7 avukat Hatice Kocaefe'nin hayat\u0131n\u0131 kaybetti\u011fi silahl\u0131 sald\u0131r\u0131n\u0131n faili yakaland\u0131. 5 milyonluk alacak davas\u0131 nedeniyle \u00e7\u0131kt\u0131\u011f\u0131 \u00f6ne s\u00fcr\u00fclen olayda deh\u015fet anlar\u0131 kameraya yans\u0131rken, \u015f\u00fcpheli Hakk\u0131 \u00c7., Bursa Asayi\u015f \u015eube M\u00fcd\u00fcrl\u00fc\u011f\u00fc ekiplerince d\u00fczenlenen operasyonla g\u00f6zalt\u0131na al\u0131nd\u0131."},{"@type":"BreadcrumbList","@id":"https:\/\/memurunsesi.net\/index.php\/2026\/04\/30\/bursada-avukat-cinayeti-7-supheli-gozaltinda\/#breadcrumb","itemListElement":[{"@type":"ListItem","position":1,"name":"Anasayfa","item":"https:\/\/memurunsesi.net\/"},{"@type":"ListItem","position":2,"name":"Bursa\u2019da avukat cinayeti: 7 \u015f\u00fcpheli g\u00f6zalt\u0131nda"}]},{"@type":"WebSite","@id":"https:\/\/memurunsesi.net\/#website","url":"https:\/\/memurunsesi.net\/","name":"Memurun Sesi","description":"G\u00fcncel ve Do\u011fru Haber","publisher":{"@id":"https:\/\/memurunsesi.net\/#organization"},"potentialAction":[{"@type":"SearchAction","target":{"@type":"EntryPoint","urlTemplate":"https:\/\/memurunsesi.net\/?s={search_term_string}"},"query-input":{"@type":"PropertyValueSpecification","valueRequired":true,"valueName":"search_term_string"}}],"inLanguage":"tr"},{"@type":"Organization","@id":"https:\/\/memurunsesi.net\/#organization","name":"Memurun Sesi","url":"https:\/\/memurunsesi.net\/","logo":{"@type":"ImageObject","inLanguage":"tr","@id":"https:\/\/memurunsesi.net\/#\/schema\/logo\/image\/","url":"https:\/\/memurunsesi.net\/wp-content\/uploads\/2025\/11\/cropped-MEMURUN-SESI.png","contentUrl":"https:\/\/memurunsesi.net\/wp-content\/uploads\/2025\/11\/cropped-MEMURUN-SESI.png","width":238,"height":57,"caption":"Memurun Sesi"},"image":{"@id":"https:\/\/memurunsesi.net\/#\/schema\/logo\/image\/"},"sameAs":["https:\/\/www.facebook.com\/unipersen\/?locale=tr_TR","https:\/\/x.com\/unipersen"]},{"@type":"Person","@id":"https:\/\/memurunsesi.net\/#\/schema\/person\/f21c2d73b89f6ee1d80b0a1803e38587","name":"Memurun Sesi Haber Merkezi","image":{"@type":"ImageObject","inLanguage":"tr","@id":"https:\/\/secure.gravatar.com\/avatar\/6cf0505f452ee753f485014986fab09a434671d2b919ee76fc541025c5876a70?s=96&d=mm&r=g","url":"https:\/\/secure.gravatar.com\/avatar\/6cf0505f452ee753f485014986fab09a434671d2b919ee76fc541025c5876a70?s=96&d=mm&r=g","contentUrl":"https:\/\/secure.gravatar.com\/avatar\/6cf0505f452ee753f485014986fab09a434671d2b919ee76fc541025c5876a70?s=96&d=mm&r=g","caption":"Memurun Sesi Haber Merkezi"},"sameAs":["https:\/\/memurunsesi.net"],"url":"https:\/\/memurunsesi.net\/index.php\/author\/uniper\/"}]}},"_links":{"self":[{"href":"https:\/\/memurunsesi.net\/index.php\/wp-json\/wp\/v2\/posts\/19789","targetHints":{"allow":["GET"]}}],"collection":[{"href":"https:\/\/memurunsesi.net\/index.php\/wp-json\/wp\/v2\/posts"}],"about":[{"href":"https:\/\/memurunsesi.net\/index.php\/wp-json\/wp\/v2\/types\/post"}],"author":[{"embeddable":true,"href":"https:\/\/memurunsesi.net\/index.php\/wp-json\/wp\/v2\/users\/1"}],"replies":[{"embeddable":true,"href":"https:\/\/memurunsesi.net\/index.php\/wp-json\/wp\/v2\/comments?post=19789"}],"version-history":[{"count":1,"href":"https:\/\/memurunsesi.net\/index.php\/wp-json\/wp\/v2\/posts\/19789\/revisions"}],"predecessor-version":[{"id":19791,"href":"https:\/\/memurunsesi.net\/index.php\/wp-json\/wp\/v2\/posts\/19789\/revisions\/19791"}],"wp:featuredmedia":[{"embeddable":true,"href":"https:\/\/memurunsesi.net\/index.php\/wp-json\/wp\/v2\/media\/19790"}],"wp:attachment":[{"href":"https:\/\/memurunsesi.net\/index.php\/wp-json\/wp\/v2\/media?parent=19789"}],"wp:term":[{"taxonomy":"category","embeddable":true,"href":"https:\/\/memurunsesi.net\/index.php\/wp-json\/wp\/v2\/categories?post=19789"},{"taxonomy":"post_tag","embeddable":true,"href":"https:\/\/memurunsesi.net\/index.php\/wp-json\/wp\/v2\/tags?post=19789"}],"curies":[{"name":"wp","href":"https:\/\/api.w.org\/{rel}","templated":true}]}}