{"id":19793,"date":"2026-04-30T14:02:59","date_gmt":"2026-04-30T11:02:59","guid":{"rendered":"https:\/\/memurunsesi.net\/?p=19793"},"modified":"2026-04-30T14:02:59","modified_gmt":"2026-04-30T11:02:59","slug":"corumda-kaybolan-yasli-adam-2-gun-sonra-dagda-uyurken-bulundu","status":"publish","type":"post","link":"https:\/\/memurunsesi.net\/index.php\/2026\/04\/30\/corumda-kaybolan-yasli-adam-2-gun-sonra-dagda-uyurken-bulundu\/","title":{"rendered":"\u00c7orum&#8217;da kaybolan ya\u015fl\u0131 adam 2 g\u00fcn sonra da\u011fda uyurken bulundu"},"content":{"rendered":"<p>\u00c7orum&#8217;un \u0130skilip il\u00e7esinde kaybolan 86 ya\u015f\u0131ndaki ya\u015fl\u0131 adam, ekipler taraf\u0131ndan 2 g\u00fcn sonra da\u011fda uyurken bulundu.<br \/>\nEdinilen bilgiye g\u00f6re, \u0130skilip il\u00e7esi Mutaflar Mahallesi Samutun Tepe mevkiinde ikamet eden 86 ya\u015f\u0131ndaki Ahmet Sa\u011flam, 2 g\u00fcn \u00f6nce gitti\u011fi ba\u011fdan geri d\u00f6nmedi. Ya\u015fl\u0131 adamdan haber alamayan ailesi durumu 112 Acil \u00c7a\u011fr\u0131 Merkezi&#8217;ne bildirdi. \u0130hbar \u00fczerine b\u00f6lgeye sevk edilen AFAD, jandarma, \u0130skilip Belediyesi ekipleri taraf\u0131ndan arama \u00e7al\u0131\u015fmas\u0131 ba\u015flat\u0131ld\u0131. Ekipler taraf\u0131ndan 2 g\u00fcnd\u00fcr devam eden \u00e7al\u0131\u015fmalar neticesinde, ya\u015fl\u0131 adam da\u011fda uyurken bulundu. Sa\u011fl\u0131k durumunun iyi oldu\u011fu belirlenen ya\u015fl\u0131 adam, hastaneye kald\u0131r\u0131ld\u0131.<br \/>\nAhmet Sa\u011flam&#8217;\u0131n akrabas\u0131 M\u00fcrsel Kabalak, &#8220;D\u00fcn ba\u011fda yengemle yemek yemi\u015fler, yengem eve gitmi\u015f, day\u0131m ba\u011fda kalm\u0131\u015f. Ba\u011fdan ayr\u0131ld\u0131ktan sonra kaybolmu\u015f. Daha sonra o\u011flu annesini aray\u0131nca, babas\u0131n\u0131n eve gelmedi\u011fini \u00f6\u011frenmi\u015f. O gece aram\u0131\u015flar, bulamam\u0131\u015flar. D\u00fcn bulundu\u011fu b\u00f6lgeleri biz arad\u0131k ama hi\u00e7bir izi yoktu. Bug\u00fcn de dronla arad\u0131lar, \u00f6nce yan\u0131ndaki \u00e7uval\u0131n\u0131 bulmu\u015flar. Daha sonra ben de ayakkab\u0131lar\u0131n\u0131 buldum. Ekip de gelip b\u00f6lgeyi tararken buldu. Yan\u0131na gitti\u011fimizde uyuyordu, uyand\u0131rd\u0131k. Sa\u011fl\u0131k durumu iyiydi, bizimle konu\u015ftular. Sonra ambulansla hastaneye g\u00f6t\u00fcrd\u00fcler&#8221; dedi.<\/p>\n<p>30.04.2026<\/p>\n","protected":false},"excerpt":{"rendered":"<p>\u00c7orum&#8217;un \u0130skilip il\u00e7esinde kaybolan 86 ya\u015f\u0131ndaki ya\u015fl\u0131 adam, ekipler taraf\u0131ndan 2 g\u00fcn sonra da\u011fda uyurken bulundu. Edinilen bilgiye g\u00f6re, \u0130skilip il\u00e7esi Mutaflar Mahallesi Samutun Tepe mevkiinde ikamet eden 86 ya\u015f\u0131ndaki Ahmet Sa\u011flam, 2 g\u00fcn \u00f6nce gitti\u011fi ba\u011fdan geri d\u00f6nmedi. Ya\u015fl\u0131 adamdan haber alamayan ailesi durumu 112 Acil \u00c7a\u011fr\u0131 Merkezi&#8217;ne bildirdi. \u0130hbar \u00fczerine b\u00f6lgeye sevk edilen [&hellip;]<\/p>\n","protected":false},"author":1,"featured_media":19794,"comment_status":"open","ping_status":"open","sticky":false,"template":"","format":"standard","meta":{"footnotes":""},"categories":[45],"tags":[3734,3730,3735,3626,3732,3731,3736,3733],"class_list":["post-19793","post","type-post","status-publish","format-standard","has-post-thumbnail","hentry","category-gundem","tag-2-gun-sonra","tag-corumun","tag-dagda","tag-ekipler-tarafindan","tag-ilcesinde-kaybolan-86","tag-iskilip","tag-uyurken-bulundu","tag-yasindaki-yasli-adam"],"yoast_head":"<!-- This site is optimized with the Yoast SEO plugin v27.4 - https:\/\/yoast.com\/product\/yoast-seo-wordpress\/ -->\n<title>\u00c7orum&#039;da kaybolan ya\u015fl\u0131 adam 2 g\u00fcn sonra da\u011fda uyurken bulundu - Memurun Sesi<\/title>\n<meta name=\"description\" content=\"\u00c7orum&#039;un \u0130skilip il\u00e7esinde kaybolan 86 ya\u015f\u0131ndaki ya\u015fl\u0131 adam, ekipler taraf\u0131ndan 2 g\u00fcn sonra da\u011fda uyurken bulundu.\" \/>\n<meta name=\"robots\" content=\"index, follow, max-snippet:-1, max-image-preview:large, max-video-preview:-1\" \/>\n<link rel=\"canonical\" href=\"https:\/\/memurunsesi.net\/index.php\/2026\/04\/30\/corumda-kaybolan-yasli-adam-2-gun-sonra-dagda-uyurken-bulundu\/\" \/>\n<meta property=\"og:locale\" content=\"tr_TR\" \/>\n<meta property=\"og:type\" content=\"article\" \/>\n<meta property=\"og:title\" content=\"\u00c7orum&#039;da kaybolan ya\u015fl\u0131 adam 2 g\u00fcn sonra da\u011fda uyurken bulundu - Memurun Sesi\" \/>\n<meta property=\"og:description\" content=\"\u00c7orum&#039;un \u0130skilip il\u00e7esinde kaybolan 86 ya\u015f\u0131ndaki ya\u015fl\u0131 adam, ekipler taraf\u0131ndan 2 g\u00fcn sonra da\u011fda uyurken bulundu.\" \/>\n<meta property=\"og:url\" content=\"https:\/\/memurunsesi.net\/index.php\/2026\/04\/30\/corumda-kaybolan-yasli-adam-2-gun-sonra-dagda-uyurken-bulundu\/\" \/>\n<meta property=\"og:site_name\" content=\"Memurun Sesi\" \/>\n<meta property=\"article:publisher\" content=\"https:\/\/www.facebook.com\/unipersen\/?locale=tr_TR\" \/>\n<meta property=\"article:published_time\" content=\"2026-04-30T11:02:59+00:00\" \/>\n<meta property=\"og:image\" content=\"https:\/\/memurunsesi.net\/wp-content\/uploads\/2026\/04\/yasli-scaled.jpg\" \/>\n\t<meta property=\"og:image:width\" content=\"2560\" \/>\n\t<meta property=\"og:image:height\" content=\"1808\" \/>\n\t<meta property=\"og:image:type\" content=\"image\/jpeg\" \/>\n<meta name=\"author\" content=\"Memurun Sesi Haber Merkezi\" \/>\n<meta name=\"twitter:card\" content=\"summary_large_image\" \/>\n<meta name=\"twitter:creator\" content=\"@unipersen\" \/>\n<meta name=\"twitter:site\" content=\"@unipersen\" \/>\n<meta name=\"twitter:label1\" content=\"Yazan:\" \/>\n\t<meta name=\"twitter:data1\" content=\"Memurun Sesi Haber Merkezi\" \/>\n\t<meta name=\"twitter:label2\" content=\"Tahmini okuma s\u00fcresi\" \/>\n\t<meta name=\"twitter:data2\" content=\"2 dakika\" \/>\n<script type=\"application\/ld+json\" class=\"yoast-schema-graph\">{\"@context\":\"https:\\\/\\\/schema.org\",\"@graph\":[{\"@type\":\"Article\",\"@id\":\"https:\\\/\\\/memurunsesi.net\\\/index.php\\\/2026\\\/04\\\/30\\\/corumda-kaybolan-yasli-adam-2-gun-sonra-dagda-uyurken-bulundu\\\/#article\",\"isPartOf\":{\"@id\":\"https:\\\/\\\/memurunsesi.net\\\/index.php\\\/2026\\\/04\\\/30\\\/corumda-kaybolan-yasli-adam-2-gun-sonra-dagda-uyurken-bulundu\\\/\"},\"author\":{\"name\":\"Memurun Sesi Haber Merkezi\",\"@id\":\"https:\\\/\\\/memurunsesi.net\\\/#\\\/schema\\\/person\\\/f21c2d73b89f6ee1d80b0a1803e38587\"},\"headline\":\"\u00c7orum&#8217;da kaybolan ya\u015fl\u0131 adam 2 g\u00fcn sonra da\u011fda uyurken bulundu\",\"datePublished\":\"2026-04-30T11:02:59+00:00\",\"mainEntityOfPage\":{\"@id\":\"https:\\\/\\\/memurunsesi.net\\\/index.php\\\/2026\\\/04\\\/30\\\/corumda-kaybolan-yasli-adam-2-gun-sonra-dagda-uyurken-bulundu\\\/\"},\"wordCount\":245,\"commentCount\":0,\"publisher\":{\"@id\":\"https:\\\/\\\/memurunsesi.net\\\/#organization\"},\"image\":{\"@id\":\"https:\\\/\\\/memurunsesi.net\\\/index.php\\\/2026\\\/04\\\/30\\\/corumda-kaybolan-yasli-adam-2-gun-sonra-dagda-uyurken-bulundu\\\/#primaryimage\"},\"thumbnailUrl\":\"https:\\\/\\\/memurunsesi.net\\\/wp-content\\\/uploads\\\/2026\\\/04\\\/yasli-scaled.jpg\",\"keywords\":[\"2 g\u00fcn sonra\",\"\u00c7orum'un\",\"da\u011fda\",\"ekipler taraf\u0131ndan\",\"il\u00e7esinde kaybolan 86\",\"\u0130skilip\",\"uyurken bulundu.\",\"ya\u015f\u0131ndaki ya\u015fl\u0131 adam\"],\"articleSection\":[\"G\u00fcndem\"],\"inLanguage\":\"tr\",\"potentialAction\":[{\"@type\":\"CommentAction\",\"name\":\"Comment\",\"target\":[\"https:\\\/\\\/memurunsesi.net\\\/index.php\\\/2026\\\/04\\\/30\\\/corumda-kaybolan-yasli-adam-2-gun-sonra-dagda-uyurken-bulundu\\\/#respond\"]}]},{\"@type\":\"WebPage\",\"@id\":\"https:\\\/\\\/memurunsesi.net\\\/index.php\\\/2026\\\/04\\\/30\\\/corumda-kaybolan-yasli-adam-2-gun-sonra-dagda-uyurken-bulundu\\\/\",\"url\":\"https:\\\/\\\/memurunsesi.net\\\/index.php\\\/2026\\\/04\\\/30\\\/corumda-kaybolan-yasli-adam-2-gun-sonra-dagda-uyurken-bulundu\\\/\",\"name\":\"\u00c7orum'da kaybolan ya\u015fl\u0131 adam 2 g\u00fcn sonra da\u011fda uyurken bulundu - Memurun Sesi\",\"isPartOf\":{\"@id\":\"https:\\\/\\\/memurunsesi.net\\\/#website\"},\"primaryImageOfPage\":{\"@id\":\"https:\\\/\\\/memurunsesi.net\\\/index.php\\\/2026\\\/04\\\/30\\\/corumda-kaybolan-yasli-adam-2-gun-sonra-dagda-uyurken-bulundu\\\/#primaryimage\"},\"image\":{\"@id\":\"https:\\\/\\\/memurunsesi.net\\\/index.php\\\/2026\\\/04\\\/30\\\/corumda-kaybolan-yasli-adam-2-gun-sonra-dagda-uyurken-bulundu\\\/#primaryimage\"},\"thumbnailUrl\":\"https:\\\/\\\/memurunsesi.net\\\/wp-content\\\/uploads\\\/2026\\\/04\\\/yasli-scaled.jpg\",\"datePublished\":\"2026-04-30T11:02:59+00:00\",\"description\":\"\u00c7orum'un \u0130skilip il\u00e7esinde kaybolan 86 ya\u015f\u0131ndaki ya\u015fl\u0131 adam, ekipler taraf\u0131ndan 2 g\u00fcn sonra da\u011fda uyurken bulundu.\",\"breadcrumb\":{\"@id\":\"https:\\\/\\\/memurunsesi.net\\\/index.php\\\/2026\\\/04\\\/30\\\/corumda-kaybolan-yasli-adam-2-gun-sonra-dagda-uyurken-bulundu\\\/#breadcrumb\"},\"inLanguage\":\"tr\",\"potentialAction\":[{\"@type\":\"ReadAction\",\"target\":[\"https:\\\/\\\/memurunsesi.net\\\/index.php\\\/2026\\\/04\\\/30\\\/corumda-kaybolan-yasli-adam-2-gun-sonra-dagda-uyurken-bulundu\\\/\"]}]},{\"@type\":\"ImageObject\",\"inLanguage\":\"tr\",\"@id\":\"https:\\\/\\\/memurunsesi.net\\\/index.php\\\/2026\\\/04\\\/30\\\/corumda-kaybolan-yasli-adam-2-gun-sonra-dagda-uyurken-bulundu\\\/#primaryimage\",\"url\":\"https:\\\/\\\/memurunsesi.net\\\/wp-content\\\/uploads\\\/2026\\\/04\\\/yasli-scaled.jpg\",\"contentUrl\":\"https:\\\/\\\/memurunsesi.net\\\/wp-content\\\/uploads\\\/2026\\\/04\\\/yasli-scaled.jpg\",\"width\":2560,\"height\":1808,\"caption\":\"\u00c7ORUM'UN \u0130SK\u0130L\u0130P \u0130L\u00c7ES\u0130NDE KAYBOLAN YA\u015eLI ADAM, EK\u0130PLER TARAFINDAN \u0130K\u0130 G\u00dcN SONRA DA\u011eDA UYURKEN BULUNDU. (B\u0130LAL ARICI\\\/\u00c7ORUM-\u0130HA) \u00c7orum'un \u0130skilip il\u00e7esinde kaybolan 86 ya\u015f\u0131ndaki ya\u015fl\u0131 adam, ekipler taraf\u0131ndan 2 g\u00fcn sonra da\u011fda uyurken bulundu.\"},{\"@type\":\"BreadcrumbList\",\"@id\":\"https:\\\/\\\/memurunsesi.net\\\/index.php\\\/2026\\\/04\\\/30\\\/corumda-kaybolan-yasli-adam-2-gun-sonra-dagda-uyurken-bulundu\\\/#breadcrumb\",\"itemListElement\":[{\"@type\":\"ListItem\",\"position\":1,\"name\":\"Anasayfa\",\"item\":\"https:\\\/\\\/memurunsesi.net\\\/\"},{\"@type\":\"ListItem\",\"position\":2,\"name\":\"\u00c7orum&#8217;da kaybolan ya\u015fl\u0131 adam 2 g\u00fcn sonra da\u011fda uyurken bulundu\"}]},{\"@type\":\"WebSite\",\"@id\":\"https:\\\/\\\/memurunsesi.net\\\/#website\",\"url\":\"https:\\\/\\\/memurunsesi.net\\\/\",\"name\":\"Memurun Sesi\",\"description\":\"G\u00fcncel ve Do\u011fru Haber\",\"publisher\":{\"@id\":\"https:\\\/\\\/memurunsesi.net\\\/#organization\"},\"potentialAction\":[{\"@type\":\"SearchAction\",\"target\":{\"@type\":\"EntryPoint\",\"urlTemplate\":\"https:\\\/\\\/memurunsesi.net\\\/?s={search_term_string}\"},\"query-input\":{\"@type\":\"PropertyValueSpecification\",\"valueRequired\":true,\"valueName\":\"search_term_string\"}}],\"inLanguage\":\"tr\"},{\"@type\":\"Organization\",\"@id\":\"https:\\\/\\\/memurunsesi.net\\\/#organization\",\"name\":\"Memurun Sesi\",\"url\":\"https:\\\/\\\/memurunsesi.net\\\/\",\"logo\":{\"@type\":\"ImageObject\",\"inLanguage\":\"tr\",\"@id\":\"https:\\\/\\\/memurunsesi.net\\\/#\\\/schema\\\/logo\\\/image\\\/\",\"url\":\"https:\\\/\\\/memurunsesi.net\\\/wp-content\\\/uploads\\\/2025\\\/11\\\/cropped-MEMURUN-SESI.png\",\"contentUrl\":\"https:\\\/\\\/memurunsesi.net\\\/wp-content\\\/uploads\\\/2025\\\/11\\\/cropped-MEMURUN-SESI.png\",\"width\":238,\"height\":57,\"caption\":\"Memurun Sesi\"},\"image\":{\"@id\":\"https:\\\/\\\/memurunsesi.net\\\/#\\\/schema\\\/logo\\\/image\\\/\"},\"sameAs\":[\"https:\\\/\\\/www.facebook.com\\\/unipersen\\\/?locale=tr_TR\",\"https:\\\/\\\/x.com\\\/unipersen\"]},{\"@type\":\"Person\",\"@id\":\"https:\\\/\\\/memurunsesi.net\\\/#\\\/schema\\\/person\\\/f21c2d73b89f6ee1d80b0a1803e38587\",\"name\":\"Memurun Sesi Haber Merkezi\",\"image\":{\"@type\":\"ImageObject\",\"inLanguage\":\"tr\",\"@id\":\"https:\\\/\\\/secure.gravatar.com\\\/avatar\\\/6cf0505f452ee753f485014986fab09a434671d2b919ee76fc541025c5876a70?s=96&d=mm&r=g\",\"url\":\"https:\\\/\\\/secure.gravatar.com\\\/avatar\\\/6cf0505f452ee753f485014986fab09a434671d2b919ee76fc541025c5876a70?s=96&d=mm&r=g\",\"contentUrl\":\"https:\\\/\\\/secure.gravatar.com\\\/avatar\\\/6cf0505f452ee753f485014986fab09a434671d2b919ee76fc541025c5876a70?s=96&d=mm&r=g\",\"caption\":\"Memurun Sesi Haber Merkezi\"},\"sameAs\":[\"https:\\\/\\\/memurunsesi.net\"],\"url\":\"https:\\\/\\\/memurunsesi.net\\\/index.php\\\/author\\\/uniper\\\/\"}]}<\/script>\n<!-- \/ Yoast SEO plugin. -->","yoast_head_json":{"title":"\u00c7orum'da kaybolan ya\u015fl\u0131 adam 2 g\u00fcn sonra da\u011fda uyurken bulundu - Memurun Sesi","description":"\u00c7orum'un \u0130skilip il\u00e7esinde kaybolan 86 ya\u015f\u0131ndaki ya\u015fl\u0131 adam, ekipler taraf\u0131ndan 2 g\u00fcn sonra da\u011fda uyurken bulundu.","robots":{"index":"index","follow":"follow","max-snippet":"max-snippet:-1","max-image-preview":"max-image-preview:large","max-video-preview":"max-video-preview:-1"},"canonical":"https:\/\/memurunsesi.net\/index.php\/2026\/04\/30\/corumda-kaybolan-yasli-adam-2-gun-sonra-dagda-uyurken-bulundu\/","og_locale":"tr_TR","og_type":"article","og_title":"\u00c7orum'da kaybolan ya\u015fl\u0131 adam 2 g\u00fcn sonra da\u011fda uyurken bulundu - Memurun Sesi","og_description":"\u00c7orum'un \u0130skilip il\u00e7esinde kaybolan 86 ya\u015f\u0131ndaki ya\u015fl\u0131 adam, ekipler taraf\u0131ndan 2 g\u00fcn sonra da\u011fda uyurken bulundu.","og_url":"https:\/\/memurunsesi.net\/index.php\/2026\/04\/30\/corumda-kaybolan-yasli-adam-2-gun-sonra-dagda-uyurken-bulundu\/","og_site_name":"Memurun Sesi","article_publisher":"https:\/\/www.facebook.com\/unipersen\/?locale=tr_TR","article_published_time":"2026-04-30T11:02:59+00:00","og_image":[{"width":2560,"height":1808,"url":"https:\/\/memurunsesi.net\/wp-content\/uploads\/2026\/04\/yasli-scaled.jpg","type":"image\/jpeg"}],"author":"Memurun Sesi Haber Merkezi","twitter_card":"summary_large_image","twitter_creator":"@unipersen","twitter_site":"@unipersen","twitter_misc":{"Yazan:":"Memurun Sesi Haber Merkezi","Tahmini okuma s\u00fcresi":"2 dakika"},"schema":{"@context":"https:\/\/schema.org","@graph":[{"@type":"Article","@id":"https:\/\/memurunsesi.net\/index.php\/2026\/04\/30\/corumda-kaybolan-yasli-adam-2-gun-sonra-dagda-uyurken-bulundu\/#article","isPartOf":{"@id":"https:\/\/memurunsesi.net\/index.php\/2026\/04\/30\/corumda-kaybolan-yasli-adam-2-gun-sonra-dagda-uyurken-bulundu\/"},"author":{"name":"Memurun Sesi Haber Merkezi","@id":"https:\/\/memurunsesi.net\/#\/schema\/person\/f21c2d73b89f6ee1d80b0a1803e38587"},"headline":"\u00c7orum&#8217;da kaybolan ya\u015fl\u0131 adam 2 g\u00fcn sonra da\u011fda uyurken bulundu","datePublished":"2026-04-30T11:02:59+00:00","mainEntityOfPage":{"@id":"https:\/\/memurunsesi.net\/index.php\/2026\/04\/30\/corumda-kaybolan-yasli-adam-2-gun-sonra-dagda-uyurken-bulundu\/"},"wordCount":245,"commentCount":0,"publisher":{"@id":"https:\/\/memurunsesi.net\/#organization"},"image":{"@id":"https:\/\/memurunsesi.net\/index.php\/2026\/04\/30\/corumda-kaybolan-yasli-adam-2-gun-sonra-dagda-uyurken-bulundu\/#primaryimage"},"thumbnailUrl":"https:\/\/memurunsesi.net\/wp-content\/uploads\/2026\/04\/yasli-scaled.jpg","keywords":["2 g\u00fcn sonra","\u00c7orum'un","da\u011fda","ekipler taraf\u0131ndan","il\u00e7esinde kaybolan 86","\u0130skilip","uyurken bulundu.","ya\u015f\u0131ndaki ya\u015fl\u0131 adam"],"articleSection":["G\u00fcndem"],"inLanguage":"tr","potentialAction":[{"@type":"CommentAction","name":"Comment","target":["https:\/\/memurunsesi.net\/index.php\/2026\/04\/30\/corumda-kaybolan-yasli-adam-2-gun-sonra-dagda-uyurken-bulundu\/#respond"]}]},{"@type":"WebPage","@id":"https:\/\/memurunsesi.net\/index.php\/2026\/04\/30\/corumda-kaybolan-yasli-adam-2-gun-sonra-dagda-uyurken-bulundu\/","url":"https:\/\/memurunsesi.net\/index.php\/2026\/04\/30\/corumda-kaybolan-yasli-adam-2-gun-sonra-dagda-uyurken-bulundu\/","name":"\u00c7orum'da kaybolan ya\u015fl\u0131 adam 2 g\u00fcn sonra da\u011fda uyurken bulundu - Memurun Sesi","isPartOf":{"@id":"https:\/\/memurunsesi.net\/#website"},"primaryImageOfPage":{"@id":"https:\/\/memurunsesi.net\/index.php\/2026\/04\/30\/corumda-kaybolan-yasli-adam-2-gun-sonra-dagda-uyurken-bulundu\/#primaryimage"},"image":{"@id":"https:\/\/memurunsesi.net\/index.php\/2026\/04\/30\/corumda-kaybolan-yasli-adam-2-gun-sonra-dagda-uyurken-bulundu\/#primaryimage"},"thumbnailUrl":"https:\/\/memurunsesi.net\/wp-content\/uploads\/2026\/04\/yasli-scaled.jpg","datePublished":"2026-04-30T11:02:59+00:00","description":"\u00c7orum'un \u0130skilip il\u00e7esinde kaybolan 86 ya\u015f\u0131ndaki ya\u015fl\u0131 adam, ekipler taraf\u0131ndan 2 g\u00fcn sonra da\u011fda uyurken bulundu.","breadcrumb":{"@id":"https:\/\/memurunsesi.net\/index.php\/2026\/04\/30\/corumda-kaybolan-yasli-adam-2-gun-sonra-dagda-uyurken-bulundu\/#breadcrumb"},"inLanguage":"tr","potentialAction":[{"@type":"ReadAction","target":["https:\/\/memurunsesi.net\/index.php\/2026\/04\/30\/corumda-kaybolan-yasli-adam-2-gun-sonra-dagda-uyurken-bulundu\/"]}]},{"@type":"ImageObject","inLanguage":"tr","@id":"https:\/\/memurunsesi.net\/index.php\/2026\/04\/30\/corumda-kaybolan-yasli-adam-2-gun-sonra-dagda-uyurken-bulundu\/#primaryimage","url":"https:\/\/memurunsesi.net\/wp-content\/uploads\/2026\/04\/yasli-scaled.jpg","contentUrl":"https:\/\/memurunsesi.net\/wp-content\/uploads\/2026\/04\/yasli-scaled.jpg","width":2560,"height":1808,"caption":"\u00c7ORUM'UN \u0130SK\u0130L\u0130P \u0130L\u00c7ES\u0130NDE KAYBOLAN YA\u015eLI ADAM, EK\u0130PLER TARAFINDAN \u0130K\u0130 G\u00dcN SONRA DA\u011eDA UYURKEN BULUNDU. (B\u0130LAL ARICI\/\u00c7ORUM-\u0130HA) \u00c7orum'un \u0130skilip il\u00e7esinde kaybolan 86 ya\u015f\u0131ndaki ya\u015fl\u0131 adam, ekipler taraf\u0131ndan 2 g\u00fcn sonra da\u011fda uyurken bulundu."},{"@type":"BreadcrumbList","@id":"https:\/\/memurunsesi.net\/index.php\/2026\/04\/30\/corumda-kaybolan-yasli-adam-2-gun-sonra-dagda-uyurken-bulundu\/#breadcrumb","itemListElement":[{"@type":"ListItem","position":1,"name":"Anasayfa","item":"https:\/\/memurunsesi.net\/"},{"@type":"ListItem","position":2,"name":"\u00c7orum&#8217;da kaybolan ya\u015fl\u0131 adam 2 g\u00fcn sonra da\u011fda uyurken bulundu"}]},{"@type":"WebSite","@id":"https:\/\/memurunsesi.net\/#website","url":"https:\/\/memurunsesi.net\/","name":"Memurun Sesi","description":"G\u00fcncel ve Do\u011fru Haber","publisher":{"@id":"https:\/\/memurunsesi.net\/#organization"},"potentialAction":[{"@type":"SearchAction","target":{"@type":"EntryPoint","urlTemplate":"https:\/\/memurunsesi.net\/?s={search_term_string}"},"query-input":{"@type":"PropertyValueSpecification","valueRequired":true,"valueName":"search_term_string"}}],"inLanguage":"tr"},{"@type":"Organization","@id":"https:\/\/memurunsesi.net\/#organization","name":"Memurun Sesi","url":"https:\/\/memurunsesi.net\/","logo":{"@type":"ImageObject","inLanguage":"tr","@id":"https:\/\/memurunsesi.net\/#\/schema\/logo\/image\/","url":"https:\/\/memurunsesi.net\/wp-content\/uploads\/2025\/11\/cropped-MEMURUN-SESI.png","contentUrl":"https:\/\/memurunsesi.net\/wp-content\/uploads\/2025\/11\/cropped-MEMURUN-SESI.png","width":238,"height":57,"caption":"Memurun Sesi"},"image":{"@id":"https:\/\/memurunsesi.net\/#\/schema\/logo\/image\/"},"sameAs":["https:\/\/www.facebook.com\/unipersen\/?locale=tr_TR","https:\/\/x.com\/unipersen"]},{"@type":"Person","@id":"https:\/\/memurunsesi.net\/#\/schema\/person\/f21c2d73b89f6ee1d80b0a1803e38587","name":"Memurun Sesi Haber Merkezi","image":{"@type":"ImageObject","inLanguage":"tr","@id":"https:\/\/secure.gravatar.com\/avatar\/6cf0505f452ee753f485014986fab09a434671d2b919ee76fc541025c5876a70?s=96&d=mm&r=g","url":"https:\/\/secure.gravatar.com\/avatar\/6cf0505f452ee753f485014986fab09a434671d2b919ee76fc541025c5876a70?s=96&d=mm&r=g","contentUrl":"https:\/\/secure.gravatar.com\/avatar\/6cf0505f452ee753f485014986fab09a434671d2b919ee76fc541025c5876a70?s=96&d=mm&r=g","caption":"Memurun Sesi Haber Merkezi"},"sameAs":["https:\/\/memurunsesi.net"],"url":"https:\/\/memurunsesi.net\/index.php\/author\/uniper\/"}]}},"_links":{"self":[{"href":"https:\/\/memurunsesi.net\/index.php\/wp-json\/wp\/v2\/posts\/19793","targetHints":{"allow":["GET"]}}],"collection":[{"href":"https:\/\/memurunsesi.net\/index.php\/wp-json\/wp\/v2\/posts"}],"about":[{"href":"https:\/\/memurunsesi.net\/index.php\/wp-json\/wp\/v2\/types\/post"}],"author":[{"embeddable":true,"href":"https:\/\/memurunsesi.net\/index.php\/wp-json\/wp\/v2\/users\/1"}],"replies":[{"embeddable":true,"href":"https:\/\/memurunsesi.net\/index.php\/wp-json\/wp\/v2\/comments?post=19793"}],"version-history":[{"count":1,"href":"https:\/\/memurunsesi.net\/index.php\/wp-json\/wp\/v2\/posts\/19793\/revisions"}],"predecessor-version":[{"id":19795,"href":"https:\/\/memurunsesi.net\/index.php\/wp-json\/wp\/v2\/posts\/19793\/revisions\/19795"}],"wp:featuredmedia":[{"embeddable":true,"href":"https:\/\/memurunsesi.net\/index.php\/wp-json\/wp\/v2\/media\/19794"}],"wp:attachment":[{"href":"https:\/\/memurunsesi.net\/index.php\/wp-json\/wp\/v2\/media?parent=19793"}],"wp:term":[{"taxonomy":"category","embeddable":true,"href":"https:\/\/memurunsesi.net\/index.php\/wp-json\/wp\/v2\/categories?post=19793"},{"taxonomy":"post_tag","embeddable":true,"href":"https:\/\/memurunsesi.net\/index.php\/wp-json\/wp\/v2\/tags?post=19793"}],"curies":[{"name":"wp","href":"https:\/\/api.w.org\/{rel}","templated":true}]}}