{"id":19796,"date":"2026-04-30T14:07:33","date_gmt":"2026-04-30T11:07:33","guid":{"rendered":"https:\/\/memurunsesi.net\/?p=19796"},"modified":"2026-04-30T14:07:33","modified_gmt":"2026-04-30T11:07:33","slug":"1-mayista-ankara-istanbul-ve-izmirde-rayli-sistem-hatlari-ucretsiz-olacak","status":"publish","type":"post","link":"https:\/\/memurunsesi.net\/index.php\/2026\/04\/30\/1-mayista-ankara-istanbul-ve-izmirde-rayli-sistem-hatlari-ucretsiz-olacak\/","title":{"rendered":"1 May\u0131s&#8217;ta Ankara, \u0130stanbul ve \u0130zmir&#8217;de rayl\u0131 sistem hatlar\u0131 \u00fccretsiz olacak"},"content":{"rendered":"<p>Ula\u015ft\u0131rma ve Altyap\u0131 Bakan\u0131 Abdulkadir Uralo\u011flu, 1 May\u0131s Emek ve Dayan\u0131\u015fma G\u00fcn\u00fc&#8217;nde Ankara, \u0130stanbul ve \u0130zmir&#8217;de bakanl\u0131\u011fa ba\u011fl\u0131 kent i\u00e7i rayl\u0131 sistem hatlar\u0131n\u0131n \u00fccretsiz hizmet verece\u011fini bildirdi.<br \/>\nUla\u015ft\u0131rma ve Altyap\u0131 Bakan\u0131 Abdulkadir Uralo\u011flu, 30 Nisan 2026 tarihli Resmi Gazete&#8217;de yay\u0131mlanan Cumhurba\u015fkan\u0131 Karar\u0131&#8217;na g\u00f6re 1 May\u0131s Emek ve Dayan\u0131\u015fma G\u00fcn\u00fc&#8217;nde Ankara, \u0130stanbul ve \u0130zmir&#8217;de Bakanl\u0131\u011fa ba\u011fl\u0131 kent i\u00e7i rayl\u0131 sistem hatlar\u0131n\u0131n \u00fccretsiz hizmet verece\u011fini a\u00e7\u0131klad\u0131. Bakan Uralo\u011flu yapt\u0131\u011f\u0131 a\u00e7\u0131klamada, &#8220;\u0130stanbul&#8217;da Marmaray, Sirkeci-Kazl\u0131\u00e7e\u015fme Rayl\u0131 Sistem Hatt\u0131 ile Gayrettepe-\u0130stanbul Havaliman\u0131-Arnavutk\u00f6y Metrosu, Ankara&#8217;da Ba\u015fkentray ve \u0130zmir&#8217;de \u0130ZBAN \u00fccretsiz hizmet verecek&#8221; ifadelerini kulland\u0131.<\/p>\n<p>30.04.2026<\/p>\n","protected":false},"excerpt":{"rendered":"<p>Ula\u015ft\u0131rma ve Altyap\u0131 Bakan\u0131 Abdulkadir Uralo\u011flu, 1 May\u0131s Emek ve Dayan\u0131\u015fma G\u00fcn\u00fc&#8217;nde Ankara, \u0130stanbul ve \u0130zmir&#8217;de bakanl\u0131\u011fa ba\u011fl\u0131 kent i\u00e7i rayl\u0131 sistem hatlar\u0131n\u0131n \u00fccretsiz hizmet verece\u011fini bildirdi. Ula\u015ft\u0131rma ve Altyap\u0131 Bakan\u0131 Abdulkadir Uralo\u011flu, 30 Nisan 2026 tarihli Resmi Gazete&#8217;de yay\u0131mlanan Cumhurba\u015fkan\u0131 Karar\u0131&#8217;na g\u00f6re 1 May\u0131s Emek ve Dayan\u0131\u015fma G\u00fcn\u00fc&#8217;nde Ankara, \u0130stanbul ve \u0130zmir&#8217;de Bakanl\u0131\u011fa ba\u011fl\u0131 [&hellip;]<\/p>\n","protected":false},"author":1,"featured_media":19797,"comment_status":"open","ping_status":"open","sticky":false,"template":"","format":"standard","meta":{"footnotes":""},"categories":[1],"tags":[3737,1759,3741,3738,3739,3740,3742,3743,3744],"class_list":["post-19796","post","type-post","status-publish","format-standard","has-post-thumbnail","hentry","category-genel","tag-1-mayis","tag-ankara","tag-bakanliga-bagli-kent-ici-rayli","tag-emek-ve-dayanisma","tag-gununde","tag-istanbul-ve-izmirde","tag-sistem-hatlarinin","tag-ucretsiz-hizmet","tag-verecegini-bildirdi"],"yoast_head":"<!-- This site is optimized with the Yoast SEO plugin v27.4 - https:\/\/yoast.com\/product\/yoast-seo-wordpress\/ -->\n<title>1 May\u0131s&#039;ta Ankara, \u0130stanbul ve \u0130zmir&#039;de rayl\u0131 sistem hatlar\u0131 \u00fccretsiz olacak - Memurun Sesi<\/title>\n<meta name=\"description\" content=\"\u00a0Ula\u015ft\u0131rma ve Altyap\u0131 Bakan\u0131 Abdulkadir Uralo\u011flu, 1 May\u0131s Emek ve Dayan\u0131\u015fma G\u00fcn\u00fc&#039;nde Ankara, \u0130stanbul ve \u0130zmir&#039;de bakanl\u0131\u011fa ba\u011fl\u0131 kent i\u00e7i rayl\u0131 sistem hatlar\u0131n\u0131n \u00fccretsiz hizmet verece\u011fini bildirdi.\" \/>\n<meta name=\"robots\" content=\"index, follow, max-snippet:-1, max-image-preview:large, max-video-preview:-1\" \/>\n<link rel=\"canonical\" href=\"https:\/\/memurunsesi.net\/index.php\/2026\/04\/30\/1-mayista-ankara-istanbul-ve-izmirde-rayli-sistem-hatlari-ucretsiz-olacak\/\" \/>\n<meta property=\"og:locale\" content=\"tr_TR\" \/>\n<meta property=\"og:type\" content=\"article\" \/>\n<meta property=\"og:title\" content=\"1 May\u0131s&#039;ta Ankara, \u0130stanbul ve \u0130zmir&#039;de rayl\u0131 sistem hatlar\u0131 \u00fccretsiz olacak - Memurun Sesi\" \/>\n<meta property=\"og:description\" content=\"\u00a0Ula\u015ft\u0131rma ve Altyap\u0131 Bakan\u0131 Abdulkadir Uralo\u011flu, 1 May\u0131s Emek ve Dayan\u0131\u015fma G\u00fcn\u00fc&#039;nde Ankara, \u0130stanbul ve \u0130zmir&#039;de bakanl\u0131\u011fa ba\u011fl\u0131 kent i\u00e7i rayl\u0131 sistem hatlar\u0131n\u0131n \u00fccretsiz hizmet verece\u011fini bildirdi.\" \/>\n<meta property=\"og:url\" content=\"https:\/\/memurunsesi.net\/index.php\/2026\/04\/30\/1-mayista-ankara-istanbul-ve-izmirde-rayli-sistem-hatlari-ucretsiz-olacak\/\" \/>\n<meta property=\"og:site_name\" content=\"Memurun Sesi\" \/>\n<meta property=\"article:publisher\" content=\"https:\/\/www.facebook.com\/unipersen\/?locale=tr_TR\" \/>\n<meta property=\"article:published_time\" content=\"2026-04-30T11:07:33+00:00\" \/>\n<meta property=\"og:image\" content=\"https:\/\/memurunsesi.net\/wp-content\/uploads\/2026\/04\/haber-26.jpg\" \/>\n\t<meta property=\"og:image:width\" content=\"2560\" \/>\n\t<meta property=\"og:image:height\" content=\"1706\" \/>\n\t<meta property=\"og:image:type\" content=\"image\/jpeg\" \/>\n<meta name=\"author\" content=\"Memurun Sesi Haber Merkezi\" \/>\n<meta name=\"twitter:card\" content=\"summary_large_image\" \/>\n<meta name=\"twitter:creator\" content=\"@unipersen\" \/>\n<meta name=\"twitter:site\" content=\"@unipersen\" \/>\n<meta name=\"twitter:label1\" content=\"Yazan:\" \/>\n\t<meta name=\"twitter:data1\" content=\"Memurun Sesi Haber Merkezi\" \/>\n\t<meta name=\"twitter:label2\" content=\"Tahmini okuma s\u00fcresi\" \/>\n\t<meta name=\"twitter:data2\" content=\"1 dakika\" \/>\n<script type=\"application\/ld+json\" class=\"yoast-schema-graph\">{\"@context\":\"https:\\\/\\\/schema.org\",\"@graph\":[{\"@type\":\"Article\",\"@id\":\"https:\\\/\\\/memurunsesi.net\\\/index.php\\\/2026\\\/04\\\/30\\\/1-mayista-ankara-istanbul-ve-izmirde-rayli-sistem-hatlari-ucretsiz-olacak\\\/#article\",\"isPartOf\":{\"@id\":\"https:\\\/\\\/memurunsesi.net\\\/index.php\\\/2026\\\/04\\\/30\\\/1-mayista-ankara-istanbul-ve-izmirde-rayli-sistem-hatlari-ucretsiz-olacak\\\/\"},\"author\":{\"name\":\"Memurun Sesi Haber Merkezi\",\"@id\":\"https:\\\/\\\/memurunsesi.net\\\/#\\\/schema\\\/person\\\/f21c2d73b89f6ee1d80b0a1803e38587\"},\"headline\":\"1 May\u0131s&#8217;ta Ankara, \u0130stanbul ve \u0130zmir&#8217;de rayl\u0131 sistem hatlar\u0131 \u00fccretsiz olacak\",\"datePublished\":\"2026-04-30T11:07:33+00:00\",\"mainEntityOfPage\":{\"@id\":\"https:\\\/\\\/memurunsesi.net\\\/index.php\\\/2026\\\/04\\\/30\\\/1-mayista-ankara-istanbul-ve-izmirde-rayli-sistem-hatlari-ucretsiz-olacak\\\/\"},\"wordCount\":142,\"commentCount\":0,\"publisher\":{\"@id\":\"https:\\\/\\\/memurunsesi.net\\\/#organization\"},\"image\":{\"@id\":\"https:\\\/\\\/memurunsesi.net\\\/index.php\\\/2026\\\/04\\\/30\\\/1-mayista-ankara-istanbul-ve-izmirde-rayli-sistem-hatlari-ucretsiz-olacak\\\/#primaryimage\"},\"thumbnailUrl\":\"https:\\\/\\\/memurunsesi.net\\\/wp-content\\\/uploads\\\/2026\\\/04\\\/haber-26.jpg\",\"keywords\":[\"1 May\u0131s\",\"Ankara\",\"bakanl\u0131\u011fa ba\u011fl\u0131 kent i\u00e7i rayl\u0131\",\"Emek ve Dayan\u0131\u015fma\",\"G\u00fcn\u00fc'nde\",\"\u0130stanbul ve \u0130zmir'de\",\"sistem hatlar\u0131n\u0131n\",\"\u00fccretsiz hizmet\",\"verece\u011fini bildirdi.\"],\"inLanguage\":\"tr\",\"potentialAction\":[{\"@type\":\"CommentAction\",\"name\":\"Comment\",\"target\":[\"https:\\\/\\\/memurunsesi.net\\\/index.php\\\/2026\\\/04\\\/30\\\/1-mayista-ankara-istanbul-ve-izmirde-rayli-sistem-hatlari-ucretsiz-olacak\\\/#respond\"]}]},{\"@type\":\"WebPage\",\"@id\":\"https:\\\/\\\/memurunsesi.net\\\/index.php\\\/2026\\\/04\\\/30\\\/1-mayista-ankara-istanbul-ve-izmirde-rayli-sistem-hatlari-ucretsiz-olacak\\\/\",\"url\":\"https:\\\/\\\/memurunsesi.net\\\/index.php\\\/2026\\\/04\\\/30\\\/1-mayista-ankara-istanbul-ve-izmirde-rayli-sistem-hatlari-ucretsiz-olacak\\\/\",\"name\":\"1 May\u0131s'ta Ankara, \u0130stanbul ve \u0130zmir'de rayl\u0131 sistem hatlar\u0131 \u00fccretsiz olacak - Memurun Sesi\",\"isPartOf\":{\"@id\":\"https:\\\/\\\/memurunsesi.net\\\/#website\"},\"primaryImageOfPage\":{\"@id\":\"https:\\\/\\\/memurunsesi.net\\\/index.php\\\/2026\\\/04\\\/30\\\/1-mayista-ankara-istanbul-ve-izmirde-rayli-sistem-hatlari-ucretsiz-olacak\\\/#primaryimage\"},\"image\":{\"@id\":\"https:\\\/\\\/memurunsesi.net\\\/index.php\\\/2026\\\/04\\\/30\\\/1-mayista-ankara-istanbul-ve-izmirde-rayli-sistem-hatlari-ucretsiz-olacak\\\/#primaryimage\"},\"thumbnailUrl\":\"https:\\\/\\\/memurunsesi.net\\\/wp-content\\\/uploads\\\/2026\\\/04\\\/haber-26.jpg\",\"datePublished\":\"2026-04-30T11:07:33+00:00\",\"description\":\"\u00a0Ula\u015ft\u0131rma ve Altyap\u0131 Bakan\u0131 Abdulkadir Uralo\u011flu, 1 May\u0131s Emek ve Dayan\u0131\u015fma G\u00fcn\u00fc'nde Ankara, \u0130stanbul ve \u0130zmir'de bakanl\u0131\u011fa ba\u011fl\u0131 kent i\u00e7i rayl\u0131 sistem hatlar\u0131n\u0131n \u00fccretsiz hizmet verece\u011fini bildirdi.\",\"breadcrumb\":{\"@id\":\"https:\\\/\\\/memurunsesi.net\\\/index.php\\\/2026\\\/04\\\/30\\\/1-mayista-ankara-istanbul-ve-izmirde-rayli-sistem-hatlari-ucretsiz-olacak\\\/#breadcrumb\"},\"inLanguage\":\"tr\",\"potentialAction\":[{\"@type\":\"ReadAction\",\"target\":[\"https:\\\/\\\/memurunsesi.net\\\/index.php\\\/2026\\\/04\\\/30\\\/1-mayista-ankara-istanbul-ve-izmirde-rayli-sistem-hatlari-ucretsiz-olacak\\\/\"]}]},{\"@type\":\"ImageObject\",\"inLanguage\":\"tr\",\"@id\":\"https:\\\/\\\/memurunsesi.net\\\/index.php\\\/2026\\\/04\\\/30\\\/1-mayista-ankara-istanbul-ve-izmirde-rayli-sistem-hatlari-ucretsiz-olacak\\\/#primaryimage\",\"url\":\"https:\\\/\\\/memurunsesi.net\\\/wp-content\\\/uploads\\\/2026\\\/04\\\/haber-26.jpg\",\"contentUrl\":\"https:\\\/\\\/memurunsesi.net\\\/wp-content\\\/uploads\\\/2026\\\/04\\\/haber-26.jpg\",\"width\":2560,\"height\":1706,\"caption\":\"ULA\u015eTIRMA VE ALTYAPI BAKANI ABDULKAD\u0130R URALO\u011eLU, 1 MAYIS EMEK VE DAYANI\u015eMA G\u00dcN\u00dc'NDE ANKARA, \u0130STANBUL VE \u0130ZM\u0130R'DE BAKANLI\u011eA BA\u011eLI KENT \u0130\u00c7\u0130 RAYLI S\u0130STEM HATLARININ \u00dcCRETS\u0130Z H\u0130ZMET VERECE\u011e\u0130N\u0130 B\u0130LD\u0130RD\u0130. (AR\u015e\u0130V) (\u0130HA\\\/ANKARA-\u0130HA) Ula\u015ft\u0131rma ve Altyap\u0131 Bakan\u0131 Abdulkadir Uralo\u011flu, 1 May\u0131s Emek ve Dayan\u0131\u015fma G\u00fcn\u00fc'nde Ankara, \u0130stanbul ve \u0130zmir'de bakanl\u0131\u011fa ba\u011fl\u0131 kent i\u00e7i rayl\u0131 sistem hatlar\u0131n\u0131n \u00fccretsiz hizmet verece\u011fini bildirdi.\"},{\"@type\":\"BreadcrumbList\",\"@id\":\"https:\\\/\\\/memurunsesi.net\\\/index.php\\\/2026\\\/04\\\/30\\\/1-mayista-ankara-istanbul-ve-izmirde-rayli-sistem-hatlari-ucretsiz-olacak\\\/#breadcrumb\",\"itemListElement\":[{\"@type\":\"ListItem\",\"position\":1,\"name\":\"Anasayfa\",\"item\":\"https:\\\/\\\/memurunsesi.net\\\/\"},{\"@type\":\"ListItem\",\"position\":2,\"name\":\"1 May\u0131s&#8217;ta Ankara, \u0130stanbul ve \u0130zmir&#8217;de rayl\u0131 sistem hatlar\u0131 \u00fccretsiz olacak\"}]},{\"@type\":\"WebSite\",\"@id\":\"https:\\\/\\\/memurunsesi.net\\\/#website\",\"url\":\"https:\\\/\\\/memurunsesi.net\\\/\",\"name\":\"Memurun Sesi\",\"description\":\"G\u00fcncel ve Do\u011fru Haber\",\"publisher\":{\"@id\":\"https:\\\/\\\/memurunsesi.net\\\/#organization\"},\"potentialAction\":[{\"@type\":\"SearchAction\",\"target\":{\"@type\":\"EntryPoint\",\"urlTemplate\":\"https:\\\/\\\/memurunsesi.net\\\/?s={search_term_string}\"},\"query-input\":{\"@type\":\"PropertyValueSpecification\",\"valueRequired\":true,\"valueName\":\"search_term_string\"}}],\"inLanguage\":\"tr\"},{\"@type\":\"Organization\",\"@id\":\"https:\\\/\\\/memurunsesi.net\\\/#organization\",\"name\":\"Memurun Sesi\",\"url\":\"https:\\\/\\\/memurunsesi.net\\\/\",\"logo\":{\"@type\":\"ImageObject\",\"inLanguage\":\"tr\",\"@id\":\"https:\\\/\\\/memurunsesi.net\\\/#\\\/schema\\\/logo\\\/image\\\/\",\"url\":\"https:\\\/\\\/memurunsesi.net\\\/wp-content\\\/uploads\\\/2025\\\/11\\\/cropped-MEMURUN-SESI.png\",\"contentUrl\":\"https:\\\/\\\/memurunsesi.net\\\/wp-content\\\/uploads\\\/2025\\\/11\\\/cropped-MEMURUN-SESI.png\",\"width\":238,\"height\":57,\"caption\":\"Memurun Sesi\"},\"image\":{\"@id\":\"https:\\\/\\\/memurunsesi.net\\\/#\\\/schema\\\/logo\\\/image\\\/\"},\"sameAs\":[\"https:\\\/\\\/www.facebook.com\\\/unipersen\\\/?locale=tr_TR\",\"https:\\\/\\\/x.com\\\/unipersen\"]},{\"@type\":\"Person\",\"@id\":\"https:\\\/\\\/memurunsesi.net\\\/#\\\/schema\\\/person\\\/f21c2d73b89f6ee1d80b0a1803e38587\",\"name\":\"Memurun Sesi Haber Merkezi\",\"image\":{\"@type\":\"ImageObject\",\"inLanguage\":\"tr\",\"@id\":\"https:\\\/\\\/secure.gravatar.com\\\/avatar\\\/6cf0505f452ee753f485014986fab09a434671d2b919ee76fc541025c5876a70?s=96&d=mm&r=g\",\"url\":\"https:\\\/\\\/secure.gravatar.com\\\/avatar\\\/6cf0505f452ee753f485014986fab09a434671d2b919ee76fc541025c5876a70?s=96&d=mm&r=g\",\"contentUrl\":\"https:\\\/\\\/secure.gravatar.com\\\/avatar\\\/6cf0505f452ee753f485014986fab09a434671d2b919ee76fc541025c5876a70?s=96&d=mm&r=g\",\"caption\":\"Memurun Sesi Haber Merkezi\"},\"sameAs\":[\"https:\\\/\\\/memurunsesi.net\"],\"url\":\"https:\\\/\\\/memurunsesi.net\\\/index.php\\\/author\\\/uniper\\\/\"}]}<\/script>\n<!-- \/ Yoast SEO plugin. -->","yoast_head_json":{"title":"1 May\u0131s'ta Ankara, \u0130stanbul ve \u0130zmir'de rayl\u0131 sistem hatlar\u0131 \u00fccretsiz olacak - Memurun Sesi","description":"\u00a0Ula\u015ft\u0131rma ve Altyap\u0131 Bakan\u0131 Abdulkadir Uralo\u011flu, 1 May\u0131s Emek ve Dayan\u0131\u015fma G\u00fcn\u00fc'nde Ankara, \u0130stanbul ve \u0130zmir'de bakanl\u0131\u011fa ba\u011fl\u0131 kent i\u00e7i rayl\u0131 sistem hatlar\u0131n\u0131n \u00fccretsiz hizmet verece\u011fini bildirdi.","robots":{"index":"index","follow":"follow","max-snippet":"max-snippet:-1","max-image-preview":"max-image-preview:large","max-video-preview":"max-video-preview:-1"},"canonical":"https:\/\/memurunsesi.net\/index.php\/2026\/04\/30\/1-mayista-ankara-istanbul-ve-izmirde-rayli-sistem-hatlari-ucretsiz-olacak\/","og_locale":"tr_TR","og_type":"article","og_title":"1 May\u0131s'ta Ankara, \u0130stanbul ve \u0130zmir'de rayl\u0131 sistem hatlar\u0131 \u00fccretsiz olacak - Memurun Sesi","og_description":"\u00a0Ula\u015ft\u0131rma ve Altyap\u0131 Bakan\u0131 Abdulkadir Uralo\u011flu, 1 May\u0131s Emek ve Dayan\u0131\u015fma G\u00fcn\u00fc'nde Ankara, \u0130stanbul ve \u0130zmir'de bakanl\u0131\u011fa ba\u011fl\u0131 kent i\u00e7i rayl\u0131 sistem hatlar\u0131n\u0131n \u00fccretsiz hizmet verece\u011fini bildirdi.","og_url":"https:\/\/memurunsesi.net\/index.php\/2026\/04\/30\/1-mayista-ankara-istanbul-ve-izmirde-rayli-sistem-hatlari-ucretsiz-olacak\/","og_site_name":"Memurun Sesi","article_publisher":"https:\/\/www.facebook.com\/unipersen\/?locale=tr_TR","article_published_time":"2026-04-30T11:07:33+00:00","og_image":[{"width":2560,"height":1706,"url":"https:\/\/memurunsesi.net\/wp-content\/uploads\/2026\/04\/haber-26.jpg","type":"image\/jpeg"}],"author":"Memurun Sesi Haber Merkezi","twitter_card":"summary_large_image","twitter_creator":"@unipersen","twitter_site":"@unipersen","twitter_misc":{"Yazan:":"Memurun Sesi Haber Merkezi","Tahmini okuma s\u00fcresi":"1 dakika"},"schema":{"@context":"https:\/\/schema.org","@graph":[{"@type":"Article","@id":"https:\/\/memurunsesi.net\/index.php\/2026\/04\/30\/1-mayista-ankara-istanbul-ve-izmirde-rayli-sistem-hatlari-ucretsiz-olacak\/#article","isPartOf":{"@id":"https:\/\/memurunsesi.net\/index.php\/2026\/04\/30\/1-mayista-ankara-istanbul-ve-izmirde-rayli-sistem-hatlari-ucretsiz-olacak\/"},"author":{"name":"Memurun Sesi Haber Merkezi","@id":"https:\/\/memurunsesi.net\/#\/schema\/person\/f21c2d73b89f6ee1d80b0a1803e38587"},"headline":"1 May\u0131s&#8217;ta Ankara, \u0130stanbul ve \u0130zmir&#8217;de rayl\u0131 sistem hatlar\u0131 \u00fccretsiz olacak","datePublished":"2026-04-30T11:07:33+00:00","mainEntityOfPage":{"@id":"https:\/\/memurunsesi.net\/index.php\/2026\/04\/30\/1-mayista-ankara-istanbul-ve-izmirde-rayli-sistem-hatlari-ucretsiz-olacak\/"},"wordCount":142,"commentCount":0,"publisher":{"@id":"https:\/\/memurunsesi.net\/#organization"},"image":{"@id":"https:\/\/memurunsesi.net\/index.php\/2026\/04\/30\/1-mayista-ankara-istanbul-ve-izmirde-rayli-sistem-hatlari-ucretsiz-olacak\/#primaryimage"},"thumbnailUrl":"https:\/\/memurunsesi.net\/wp-content\/uploads\/2026\/04\/haber-26.jpg","keywords":["1 May\u0131s","Ankara","bakanl\u0131\u011fa ba\u011fl\u0131 kent i\u00e7i rayl\u0131","Emek ve Dayan\u0131\u015fma","G\u00fcn\u00fc'nde","\u0130stanbul ve \u0130zmir'de","sistem hatlar\u0131n\u0131n","\u00fccretsiz hizmet","verece\u011fini bildirdi."],"inLanguage":"tr","potentialAction":[{"@type":"CommentAction","name":"Comment","target":["https:\/\/memurunsesi.net\/index.php\/2026\/04\/30\/1-mayista-ankara-istanbul-ve-izmirde-rayli-sistem-hatlari-ucretsiz-olacak\/#respond"]}]},{"@type":"WebPage","@id":"https:\/\/memurunsesi.net\/index.php\/2026\/04\/30\/1-mayista-ankara-istanbul-ve-izmirde-rayli-sistem-hatlari-ucretsiz-olacak\/","url":"https:\/\/memurunsesi.net\/index.php\/2026\/04\/30\/1-mayista-ankara-istanbul-ve-izmirde-rayli-sistem-hatlari-ucretsiz-olacak\/","name":"1 May\u0131s'ta Ankara, \u0130stanbul ve \u0130zmir'de rayl\u0131 sistem hatlar\u0131 \u00fccretsiz olacak - Memurun Sesi","isPartOf":{"@id":"https:\/\/memurunsesi.net\/#website"},"primaryImageOfPage":{"@id":"https:\/\/memurunsesi.net\/index.php\/2026\/04\/30\/1-mayista-ankara-istanbul-ve-izmirde-rayli-sistem-hatlari-ucretsiz-olacak\/#primaryimage"},"image":{"@id":"https:\/\/memurunsesi.net\/index.php\/2026\/04\/30\/1-mayista-ankara-istanbul-ve-izmirde-rayli-sistem-hatlari-ucretsiz-olacak\/#primaryimage"},"thumbnailUrl":"https:\/\/memurunsesi.net\/wp-content\/uploads\/2026\/04\/haber-26.jpg","datePublished":"2026-04-30T11:07:33+00:00","description":"\u00a0Ula\u015ft\u0131rma ve Altyap\u0131 Bakan\u0131 Abdulkadir Uralo\u011flu, 1 May\u0131s Emek ve Dayan\u0131\u015fma G\u00fcn\u00fc'nde Ankara, \u0130stanbul ve \u0130zmir'de bakanl\u0131\u011fa ba\u011fl\u0131 kent i\u00e7i rayl\u0131 sistem hatlar\u0131n\u0131n \u00fccretsiz hizmet verece\u011fini bildirdi.","breadcrumb":{"@id":"https:\/\/memurunsesi.net\/index.php\/2026\/04\/30\/1-mayista-ankara-istanbul-ve-izmirde-rayli-sistem-hatlari-ucretsiz-olacak\/#breadcrumb"},"inLanguage":"tr","potentialAction":[{"@type":"ReadAction","target":["https:\/\/memurunsesi.net\/index.php\/2026\/04\/30\/1-mayista-ankara-istanbul-ve-izmirde-rayli-sistem-hatlari-ucretsiz-olacak\/"]}]},{"@type":"ImageObject","inLanguage":"tr","@id":"https:\/\/memurunsesi.net\/index.php\/2026\/04\/30\/1-mayista-ankara-istanbul-ve-izmirde-rayli-sistem-hatlari-ucretsiz-olacak\/#primaryimage","url":"https:\/\/memurunsesi.net\/wp-content\/uploads\/2026\/04\/haber-26.jpg","contentUrl":"https:\/\/memurunsesi.net\/wp-content\/uploads\/2026\/04\/haber-26.jpg","width":2560,"height":1706,"caption":"ULA\u015eTIRMA VE ALTYAPI BAKANI ABDULKAD\u0130R URALO\u011eLU, 1 MAYIS EMEK VE DAYANI\u015eMA G\u00dcN\u00dc'NDE ANKARA, \u0130STANBUL VE \u0130ZM\u0130R'DE BAKANLI\u011eA BA\u011eLI KENT \u0130\u00c7\u0130 RAYLI S\u0130STEM HATLARININ \u00dcCRETS\u0130Z H\u0130ZMET VERECE\u011e\u0130N\u0130 B\u0130LD\u0130RD\u0130. (AR\u015e\u0130V) (\u0130HA\/ANKARA-\u0130HA) Ula\u015ft\u0131rma ve Altyap\u0131 Bakan\u0131 Abdulkadir Uralo\u011flu, 1 May\u0131s Emek ve Dayan\u0131\u015fma G\u00fcn\u00fc'nde Ankara, \u0130stanbul ve \u0130zmir'de bakanl\u0131\u011fa ba\u011fl\u0131 kent i\u00e7i rayl\u0131 sistem hatlar\u0131n\u0131n \u00fccretsiz hizmet verece\u011fini bildirdi."},{"@type":"BreadcrumbList","@id":"https:\/\/memurunsesi.net\/index.php\/2026\/04\/30\/1-mayista-ankara-istanbul-ve-izmirde-rayli-sistem-hatlari-ucretsiz-olacak\/#breadcrumb","itemListElement":[{"@type":"ListItem","position":1,"name":"Anasayfa","item":"https:\/\/memurunsesi.net\/"},{"@type":"ListItem","position":2,"name":"1 May\u0131s&#8217;ta Ankara, \u0130stanbul ve \u0130zmir&#8217;de rayl\u0131 sistem hatlar\u0131 \u00fccretsiz olacak"}]},{"@type":"WebSite","@id":"https:\/\/memurunsesi.net\/#website","url":"https:\/\/memurunsesi.net\/","name":"Memurun Sesi","description":"G\u00fcncel ve Do\u011fru Haber","publisher":{"@id":"https:\/\/memurunsesi.net\/#organization"},"potentialAction":[{"@type":"SearchAction","target":{"@type":"EntryPoint","urlTemplate":"https:\/\/memurunsesi.net\/?s={search_term_string}"},"query-input":{"@type":"PropertyValueSpecification","valueRequired":true,"valueName":"search_term_string"}}],"inLanguage":"tr"},{"@type":"Organization","@id":"https:\/\/memurunsesi.net\/#organization","name":"Memurun Sesi","url":"https:\/\/memurunsesi.net\/","logo":{"@type":"ImageObject","inLanguage":"tr","@id":"https:\/\/memurunsesi.net\/#\/schema\/logo\/image\/","url":"https:\/\/memurunsesi.net\/wp-content\/uploads\/2025\/11\/cropped-MEMURUN-SESI.png","contentUrl":"https:\/\/memurunsesi.net\/wp-content\/uploads\/2025\/11\/cropped-MEMURUN-SESI.png","width":238,"height":57,"caption":"Memurun Sesi"},"image":{"@id":"https:\/\/memurunsesi.net\/#\/schema\/logo\/image\/"},"sameAs":["https:\/\/www.facebook.com\/unipersen\/?locale=tr_TR","https:\/\/x.com\/unipersen"]},{"@type":"Person","@id":"https:\/\/memurunsesi.net\/#\/schema\/person\/f21c2d73b89f6ee1d80b0a1803e38587","name":"Memurun Sesi Haber Merkezi","image":{"@type":"ImageObject","inLanguage":"tr","@id":"https:\/\/secure.gravatar.com\/avatar\/6cf0505f452ee753f485014986fab09a434671d2b919ee76fc541025c5876a70?s=96&d=mm&r=g","url":"https:\/\/secure.gravatar.com\/avatar\/6cf0505f452ee753f485014986fab09a434671d2b919ee76fc541025c5876a70?s=96&d=mm&r=g","contentUrl":"https:\/\/secure.gravatar.com\/avatar\/6cf0505f452ee753f485014986fab09a434671d2b919ee76fc541025c5876a70?s=96&d=mm&r=g","caption":"Memurun Sesi Haber Merkezi"},"sameAs":["https:\/\/memurunsesi.net"],"url":"https:\/\/memurunsesi.net\/index.php\/author\/uniper\/"}]}},"_links":{"self":[{"href":"https:\/\/memurunsesi.net\/index.php\/wp-json\/wp\/v2\/posts\/19796","targetHints":{"allow":["GET"]}}],"collection":[{"href":"https:\/\/memurunsesi.net\/index.php\/wp-json\/wp\/v2\/posts"}],"about":[{"href":"https:\/\/memurunsesi.net\/index.php\/wp-json\/wp\/v2\/types\/post"}],"author":[{"embeddable":true,"href":"https:\/\/memurunsesi.net\/index.php\/wp-json\/wp\/v2\/users\/1"}],"replies":[{"embeddable":true,"href":"https:\/\/memurunsesi.net\/index.php\/wp-json\/wp\/v2\/comments?post=19796"}],"version-history":[{"count":1,"href":"https:\/\/memurunsesi.net\/index.php\/wp-json\/wp\/v2\/posts\/19796\/revisions"}],"predecessor-version":[{"id":19798,"href":"https:\/\/memurunsesi.net\/index.php\/wp-json\/wp\/v2\/posts\/19796\/revisions\/19798"}],"wp:featuredmedia":[{"embeddable":true,"href":"https:\/\/memurunsesi.net\/index.php\/wp-json\/wp\/v2\/media\/19797"}],"wp:attachment":[{"href":"https:\/\/memurunsesi.net\/index.php\/wp-json\/wp\/v2\/media?parent=19796"}],"wp:term":[{"taxonomy":"category","embeddable":true,"href":"https:\/\/memurunsesi.net\/index.php\/wp-json\/wp\/v2\/categories?post=19796"},{"taxonomy":"post_tag","embeddable":true,"href":"https:\/\/memurunsesi.net\/index.php\/wp-json\/wp\/v2\/tags?post=19796"}],"curies":[{"name":"wp","href":"https:\/\/api.w.org\/{rel}","templated":true}]}}