{"id":19799,"date":"2026-04-30T18:05:06","date_gmt":"2026-04-30T15:05:06","guid":{"rendered":"https:\/\/memurunsesi.net\/?p=19799"},"modified":"2026-04-30T18:05:06","modified_gmt":"2026-04-30T15:05:06","slug":"izmirde-1i-polis-3-kisinin-hayatini-kaybettigi-kazada-lojistik-firmasinin-sahibi-gozaltina-alindi","status":"publish","type":"post","link":"https:\/\/memurunsesi.net\/index.php\/2026\/04\/30\/izmirde-1i-polis-3-kisinin-hayatini-kaybettigi-kazada-lojistik-firmasinin-sahibi-gozaltina-alindi\/","title":{"rendered":"\u0130zmir&#8217;de 1&#8217;i polis 3 ki\u015finin hayat\u0131n\u0131 kaybetti\u011fi kazada lojistik firmas\u0131n\u0131n sahibi g\u00f6zalt\u0131na al\u0131nd\u0131"},"content":{"rendered":"<p>\u0130zmir&#8217;in Bornova il\u00e7esinde t\u0131r\u0131n kar\u015f\u0131 \u015feride ge\u00e7erek aralar\u0131nda polis otosunun da bulundu\u011fu 10 araca \u00e7arpmas\u0131 sonucu 1&#8217;i polis 3 ki\u015finin hayat\u0131n\u0131 kaybetti\u011fi kazayla ilgili, arac\u0131 i\u015fleten lojistik firmas\u0131n\u0131n yetkilisi g\u00f6zalt\u0131na al\u0131nd\u0131.<br \/>\nKaza, d\u00fcn saat 16.30 s\u0131ralar\u0131nda Evka-3 sapa\u011f\u0131 57. Top\u00e7u Tugay\u0131 \u00f6n\u00fcnde meydana geldi. Edinilen bilgiye g\u00f6re, 45 KB 8376 plakal\u0131 t\u0131r, s\u00fcr\u00fcc\u00fcs\u00fcn\u00fcn direksiyon hakimiyetini kaybetmesi sonucu kontrolden \u00e7\u0131karak kar\u015f\u0131 \u015feride ge\u00e7ti. T\u0131r, aralar\u0131nda bir polis ekip arac\u0131n\u0131n da bulundu\u011fu toplam 10 araca \u00e7arparak durabildi. Kazada, polis ekip arac\u0131nda g\u00f6revli polis memuru Serkan H\u0131zl\u0131 (34) \u015fehit olurken, kazaya kar\u0131\u015fan t\u0131r \u015fof\u00f6r\u00fc ve bir motosiklet s\u00fcr\u00fcc\u00fcs\u00fc daha olay yerinde hayat\u0131n\u0131 kaybetti. Yaralanan di\u011fer 4 ki\u015finin hastanedeki tedavileri devam ediyor.<br \/>\nOlay\u0131n ard\u0131ndan ba\u015flat\u0131lan geni\u015f \u00e7apl\u0131 soru\u015fturma kapsam\u0131nda, t\u0131r\u0131 i\u015fleten lojistik firmas\u0131n\u0131n sahibi R.A. polis ekipleri taraf\u0131ndan g\u00f6zalt\u0131na al\u0131nd\u0131. \u015e\u00fcpheli R.A. hakk\u0131nda ba\u015flat\u0131lan adli i\u015flemlerin s\u00fcrd\u00fc\u011f\u00fc \u00f6\u011frenildi.<\/p>\n<p>30.04.2026<\/p>\n","protected":false},"excerpt":{"rendered":"<p>\u0130zmir&#8217;in Bornova il\u00e7esinde t\u0131r\u0131n kar\u015f\u0131 \u015feride ge\u00e7erek aralar\u0131nda polis otosunun da bulundu\u011fu 10 araca \u00e7arpmas\u0131 sonucu 1&#8217;i polis 3 ki\u015finin hayat\u0131n\u0131 kaybetti\u011fi kazayla ilgili, arac\u0131 i\u015fleten lojistik firmas\u0131n\u0131n yetkilisi g\u00f6zalt\u0131na al\u0131nd\u0131. Kaza, d\u00fcn saat 16.30 s\u0131ralar\u0131nda Evka-3 sapa\u011f\u0131 57. Top\u00e7u Tugay\u0131 \u00f6n\u00fcnde meydana geldi. Edinilen bilgiye g\u00f6re, 45 KB 8376 plakal\u0131 t\u0131r, s\u00fcr\u00fcc\u00fcs\u00fcn\u00fcn direksiyon hakimiyetini [&hellip;]<\/p>\n","protected":false},"author":1,"featured_media":0,"comment_status":"open","ping_status":"open","sticky":false,"template":"","format":"standard","meta":{"footnotes":""},"categories":[1],"tags":[3749,3753,3747,3748,3754,3746,623,3752,3751,3750,3745],"class_list":["post-19799","post","type-post","status-publish","format-standard","hentry","category-genel","tag-10-araca-carpmasi","tag-araci-isleten-lojistik","tag-aralarinda-polis-otosunun-da","tag-bulundugu","tag-firmasinin-yetkilisi","tag-gecerek","tag-gozaltina-alindi","tag-ilgili","tag-kaybettigi-kazayla","tag-sonucu-1i-polis-3-kisinin-hayatini","tag-tirin-karsi-seride"],"yoast_head":"<!-- This site is optimized with the Yoast SEO plugin v27.4 - https:\/\/yoast.com\/product\/yoast-seo-wordpress\/ -->\n<title>\u0130zmir&#039;de 1&#039;i polis 3 ki\u015finin hayat\u0131n\u0131 kaybetti\u011fi kazada lojistik firmas\u0131n\u0131n sahibi g\u00f6zalt\u0131na al\u0131nd\u0131 - Memurun Sesi<\/title>\n<meta name=\"description\" content=\"\u0130zmir&#039;in Bornova il\u00e7esinde t\u0131r\u0131n kar\u015f\u0131 \u015feride ge\u00e7erek aralar\u0131nda polis otosunun da bulundu\u011fu 10 araca \u00e7arpmas\u0131 sonucu 1&#039;i polis 3 ki\u015finin hayat\u0131n\u0131 kaybetti\u011fi kazayla ilgili, arac\u0131 i\u015fleten lojistik firmas\u0131n\u0131n yetkilisi g\u00f6zalt\u0131na al\u0131nd\u0131.\" \/>\n<meta name=\"robots\" content=\"index, follow, max-snippet:-1, max-image-preview:large, max-video-preview:-1\" \/>\n<link rel=\"canonical\" href=\"https:\/\/memurunsesi.net\/index.php\/2026\/04\/30\/izmirde-1i-polis-3-kisinin-hayatini-kaybettigi-kazada-lojistik-firmasinin-sahibi-gozaltina-alindi\/\" \/>\n<meta property=\"og:locale\" content=\"tr_TR\" \/>\n<meta property=\"og:type\" content=\"article\" \/>\n<meta property=\"og:title\" content=\"\u0130zmir&#039;de 1&#039;i polis 3 ki\u015finin hayat\u0131n\u0131 kaybetti\u011fi kazada lojistik firmas\u0131n\u0131n sahibi g\u00f6zalt\u0131na al\u0131nd\u0131 - Memurun Sesi\" \/>\n<meta property=\"og:description\" content=\"\u0130zmir&#039;in Bornova il\u00e7esinde t\u0131r\u0131n kar\u015f\u0131 \u015feride ge\u00e7erek aralar\u0131nda polis otosunun da bulundu\u011fu 10 araca \u00e7arpmas\u0131 sonucu 1&#039;i polis 3 ki\u015finin hayat\u0131n\u0131 kaybetti\u011fi kazayla ilgili, arac\u0131 i\u015fleten lojistik firmas\u0131n\u0131n yetkilisi g\u00f6zalt\u0131na al\u0131nd\u0131.\" \/>\n<meta property=\"og:url\" content=\"https:\/\/memurunsesi.net\/index.php\/2026\/04\/30\/izmirde-1i-polis-3-kisinin-hayatini-kaybettigi-kazada-lojistik-firmasinin-sahibi-gozaltina-alindi\/\" \/>\n<meta property=\"og:site_name\" content=\"Memurun Sesi\" \/>\n<meta property=\"article:publisher\" content=\"https:\/\/www.facebook.com\/unipersen\/?locale=tr_TR\" \/>\n<meta property=\"article:published_time\" content=\"2026-04-30T15:05:06+00:00\" \/>\n<meta name=\"author\" content=\"Memurun Sesi Haber Merkezi\" \/>\n<meta name=\"twitter:card\" content=\"summary_large_image\" \/>\n<meta name=\"twitter:creator\" content=\"@unipersen\" \/>\n<meta name=\"twitter:site\" content=\"@unipersen\" \/>\n<meta name=\"twitter:label1\" content=\"Yazan:\" \/>\n\t<meta name=\"twitter:data1\" content=\"Memurun Sesi Haber Merkezi\" \/>\n\t<meta name=\"twitter:label2\" content=\"Tahmini okuma s\u00fcresi\" \/>\n\t<meta name=\"twitter:data2\" content=\"2 dakika\" \/>\n<script type=\"application\/ld+json\" class=\"yoast-schema-graph\">{\"@context\":\"https:\\\/\\\/schema.org\",\"@graph\":[{\"@type\":\"Article\",\"@id\":\"https:\\\/\\\/memurunsesi.net\\\/index.php\\\/2026\\\/04\\\/30\\\/izmirde-1i-polis-3-kisinin-hayatini-kaybettigi-kazada-lojistik-firmasinin-sahibi-gozaltina-alindi\\\/#article\",\"isPartOf\":{\"@id\":\"https:\\\/\\\/memurunsesi.net\\\/index.php\\\/2026\\\/04\\\/30\\\/izmirde-1i-polis-3-kisinin-hayatini-kaybettigi-kazada-lojistik-firmasinin-sahibi-gozaltina-alindi\\\/\"},\"author\":{\"name\":\"Memurun Sesi Haber Merkezi\",\"@id\":\"https:\\\/\\\/memurunsesi.net\\\/#\\\/schema\\\/person\\\/f21c2d73b89f6ee1d80b0a1803e38587\"},\"headline\":\"\u0130zmir&#8217;de 1&#8217;i polis 3 ki\u015finin hayat\u0131n\u0131 kaybetti\u011fi kazada lojistik firmas\u0131n\u0131n sahibi g\u00f6zalt\u0131na al\u0131nd\u0131\",\"datePublished\":\"2026-04-30T15:05:06+00:00\",\"mainEntityOfPage\":{\"@id\":\"https:\\\/\\\/memurunsesi.net\\\/index.php\\\/2026\\\/04\\\/30\\\/izmirde-1i-polis-3-kisinin-hayatini-kaybettigi-kazada-lojistik-firmasinin-sahibi-gozaltina-alindi\\\/\"},\"wordCount\":213,\"commentCount\":0,\"publisher\":{\"@id\":\"https:\\\/\\\/memurunsesi.net\\\/#organization\"},\"keywords\":[\"10 araca \u00e7arpmas\u0131\",\"arac\u0131 i\u015fleten lojistik\",\"aralar\u0131nda polis otosunun da\",\"bulundu\u011fu\",\"firmas\u0131n\u0131n yetkilisi\",\"ge\u00e7erek\",\"g\u00f6zalt\u0131na al\u0131nd\u0131\",\"ilgili\",\"kaybetti\u011fi kazayla\",\"sonucu 1'i polis 3 ki\u015finin hayat\u0131n\u0131\",\"t\u0131r\u0131n kar\u015f\u0131 \u015feride\"],\"inLanguage\":\"tr\",\"potentialAction\":[{\"@type\":\"CommentAction\",\"name\":\"Comment\",\"target\":[\"https:\\\/\\\/memurunsesi.net\\\/index.php\\\/2026\\\/04\\\/30\\\/izmirde-1i-polis-3-kisinin-hayatini-kaybettigi-kazada-lojistik-firmasinin-sahibi-gozaltina-alindi\\\/#respond\"]}]},{\"@type\":\"WebPage\",\"@id\":\"https:\\\/\\\/memurunsesi.net\\\/index.php\\\/2026\\\/04\\\/30\\\/izmirde-1i-polis-3-kisinin-hayatini-kaybettigi-kazada-lojistik-firmasinin-sahibi-gozaltina-alindi\\\/\",\"url\":\"https:\\\/\\\/memurunsesi.net\\\/index.php\\\/2026\\\/04\\\/30\\\/izmirde-1i-polis-3-kisinin-hayatini-kaybettigi-kazada-lojistik-firmasinin-sahibi-gozaltina-alindi\\\/\",\"name\":\"\u0130zmir'de 1'i polis 3 ki\u015finin hayat\u0131n\u0131 kaybetti\u011fi kazada lojistik firmas\u0131n\u0131n sahibi g\u00f6zalt\u0131na al\u0131nd\u0131 - Memurun Sesi\",\"isPartOf\":{\"@id\":\"https:\\\/\\\/memurunsesi.net\\\/#website\"},\"datePublished\":\"2026-04-30T15:05:06+00:00\",\"description\":\"\u0130zmir'in Bornova il\u00e7esinde t\u0131r\u0131n kar\u015f\u0131 \u015feride ge\u00e7erek aralar\u0131nda polis otosunun da bulundu\u011fu 10 araca \u00e7arpmas\u0131 sonucu 1'i polis 3 ki\u015finin hayat\u0131n\u0131 kaybetti\u011fi kazayla ilgili, arac\u0131 i\u015fleten lojistik firmas\u0131n\u0131n yetkilisi g\u00f6zalt\u0131na al\u0131nd\u0131.\",\"breadcrumb\":{\"@id\":\"https:\\\/\\\/memurunsesi.net\\\/index.php\\\/2026\\\/04\\\/30\\\/izmirde-1i-polis-3-kisinin-hayatini-kaybettigi-kazada-lojistik-firmasinin-sahibi-gozaltina-alindi\\\/#breadcrumb\"},\"inLanguage\":\"tr\",\"potentialAction\":[{\"@type\":\"ReadAction\",\"target\":[\"https:\\\/\\\/memurunsesi.net\\\/index.php\\\/2026\\\/04\\\/30\\\/izmirde-1i-polis-3-kisinin-hayatini-kaybettigi-kazada-lojistik-firmasinin-sahibi-gozaltina-alindi\\\/\"]}]},{\"@type\":\"BreadcrumbList\",\"@id\":\"https:\\\/\\\/memurunsesi.net\\\/index.php\\\/2026\\\/04\\\/30\\\/izmirde-1i-polis-3-kisinin-hayatini-kaybettigi-kazada-lojistik-firmasinin-sahibi-gozaltina-alindi\\\/#breadcrumb\",\"itemListElement\":[{\"@type\":\"ListItem\",\"position\":1,\"name\":\"Anasayfa\",\"item\":\"https:\\\/\\\/memurunsesi.net\\\/\"},{\"@type\":\"ListItem\",\"position\":2,\"name\":\"\u0130zmir&#8217;de 1&#8217;i polis 3 ki\u015finin hayat\u0131n\u0131 kaybetti\u011fi kazada lojistik firmas\u0131n\u0131n sahibi g\u00f6zalt\u0131na al\u0131nd\u0131\"}]},{\"@type\":\"WebSite\",\"@id\":\"https:\\\/\\\/memurunsesi.net\\\/#website\",\"url\":\"https:\\\/\\\/memurunsesi.net\\\/\",\"name\":\"Memurun Sesi\",\"description\":\"G\u00fcncel ve Do\u011fru Haber\",\"publisher\":{\"@id\":\"https:\\\/\\\/memurunsesi.net\\\/#organization\"},\"potentialAction\":[{\"@type\":\"SearchAction\",\"target\":{\"@type\":\"EntryPoint\",\"urlTemplate\":\"https:\\\/\\\/memurunsesi.net\\\/?s={search_term_string}\"},\"query-input\":{\"@type\":\"PropertyValueSpecification\",\"valueRequired\":true,\"valueName\":\"search_term_string\"}}],\"inLanguage\":\"tr\"},{\"@type\":\"Organization\",\"@id\":\"https:\\\/\\\/memurunsesi.net\\\/#organization\",\"name\":\"Memurun Sesi\",\"url\":\"https:\\\/\\\/memurunsesi.net\\\/\",\"logo\":{\"@type\":\"ImageObject\",\"inLanguage\":\"tr\",\"@id\":\"https:\\\/\\\/memurunsesi.net\\\/#\\\/schema\\\/logo\\\/image\\\/\",\"url\":\"https:\\\/\\\/memurunsesi.net\\\/wp-content\\\/uploads\\\/2025\\\/11\\\/cropped-MEMURUN-SESI.png\",\"contentUrl\":\"https:\\\/\\\/memurunsesi.net\\\/wp-content\\\/uploads\\\/2025\\\/11\\\/cropped-MEMURUN-SESI.png\",\"width\":238,\"height\":57,\"caption\":\"Memurun Sesi\"},\"image\":{\"@id\":\"https:\\\/\\\/memurunsesi.net\\\/#\\\/schema\\\/logo\\\/image\\\/\"},\"sameAs\":[\"https:\\\/\\\/www.facebook.com\\\/unipersen\\\/?locale=tr_TR\",\"https:\\\/\\\/x.com\\\/unipersen\"]},{\"@type\":\"Person\",\"@id\":\"https:\\\/\\\/memurunsesi.net\\\/#\\\/schema\\\/person\\\/f21c2d73b89f6ee1d80b0a1803e38587\",\"name\":\"Memurun Sesi Haber Merkezi\",\"image\":{\"@type\":\"ImageObject\",\"inLanguage\":\"tr\",\"@id\":\"https:\\\/\\\/secure.gravatar.com\\\/avatar\\\/6cf0505f452ee753f485014986fab09a434671d2b919ee76fc541025c5876a70?s=96&d=mm&r=g\",\"url\":\"https:\\\/\\\/secure.gravatar.com\\\/avatar\\\/6cf0505f452ee753f485014986fab09a434671d2b919ee76fc541025c5876a70?s=96&d=mm&r=g\",\"contentUrl\":\"https:\\\/\\\/secure.gravatar.com\\\/avatar\\\/6cf0505f452ee753f485014986fab09a434671d2b919ee76fc541025c5876a70?s=96&d=mm&r=g\",\"caption\":\"Memurun Sesi Haber Merkezi\"},\"sameAs\":[\"https:\\\/\\\/memurunsesi.net\"],\"url\":\"https:\\\/\\\/memurunsesi.net\\\/index.php\\\/author\\\/uniper\\\/\"}]}<\/script>\n<!-- \/ Yoast SEO plugin. -->","yoast_head_json":{"title":"\u0130zmir'de 1'i polis 3 ki\u015finin hayat\u0131n\u0131 kaybetti\u011fi kazada lojistik firmas\u0131n\u0131n sahibi g\u00f6zalt\u0131na al\u0131nd\u0131 - Memurun Sesi","description":"\u0130zmir'in Bornova il\u00e7esinde t\u0131r\u0131n kar\u015f\u0131 \u015feride ge\u00e7erek aralar\u0131nda polis otosunun da bulundu\u011fu 10 araca \u00e7arpmas\u0131 sonucu 1'i polis 3 ki\u015finin hayat\u0131n\u0131 kaybetti\u011fi kazayla ilgili, arac\u0131 i\u015fleten lojistik firmas\u0131n\u0131n yetkilisi g\u00f6zalt\u0131na al\u0131nd\u0131.","robots":{"index":"index","follow":"follow","max-snippet":"max-snippet:-1","max-image-preview":"max-image-preview:large","max-video-preview":"max-video-preview:-1"},"canonical":"https:\/\/memurunsesi.net\/index.php\/2026\/04\/30\/izmirde-1i-polis-3-kisinin-hayatini-kaybettigi-kazada-lojistik-firmasinin-sahibi-gozaltina-alindi\/","og_locale":"tr_TR","og_type":"article","og_title":"\u0130zmir'de 1'i polis 3 ki\u015finin hayat\u0131n\u0131 kaybetti\u011fi kazada lojistik firmas\u0131n\u0131n sahibi g\u00f6zalt\u0131na al\u0131nd\u0131 - Memurun Sesi","og_description":"\u0130zmir'in Bornova il\u00e7esinde t\u0131r\u0131n kar\u015f\u0131 \u015feride ge\u00e7erek aralar\u0131nda polis otosunun da bulundu\u011fu 10 araca \u00e7arpmas\u0131 sonucu 1'i polis 3 ki\u015finin hayat\u0131n\u0131 kaybetti\u011fi kazayla ilgili, arac\u0131 i\u015fleten lojistik firmas\u0131n\u0131n yetkilisi g\u00f6zalt\u0131na al\u0131nd\u0131.","og_url":"https:\/\/memurunsesi.net\/index.php\/2026\/04\/30\/izmirde-1i-polis-3-kisinin-hayatini-kaybettigi-kazada-lojistik-firmasinin-sahibi-gozaltina-alindi\/","og_site_name":"Memurun Sesi","article_publisher":"https:\/\/www.facebook.com\/unipersen\/?locale=tr_TR","article_published_time":"2026-04-30T15:05:06+00:00","author":"Memurun Sesi Haber Merkezi","twitter_card":"summary_large_image","twitter_creator":"@unipersen","twitter_site":"@unipersen","twitter_misc":{"Yazan:":"Memurun Sesi Haber Merkezi","Tahmini okuma s\u00fcresi":"2 dakika"},"schema":{"@context":"https:\/\/schema.org","@graph":[{"@type":"Article","@id":"https:\/\/memurunsesi.net\/index.php\/2026\/04\/30\/izmirde-1i-polis-3-kisinin-hayatini-kaybettigi-kazada-lojistik-firmasinin-sahibi-gozaltina-alindi\/#article","isPartOf":{"@id":"https:\/\/memurunsesi.net\/index.php\/2026\/04\/30\/izmirde-1i-polis-3-kisinin-hayatini-kaybettigi-kazada-lojistik-firmasinin-sahibi-gozaltina-alindi\/"},"author":{"name":"Memurun Sesi Haber Merkezi","@id":"https:\/\/memurunsesi.net\/#\/schema\/person\/f21c2d73b89f6ee1d80b0a1803e38587"},"headline":"\u0130zmir&#8217;de 1&#8217;i polis 3 ki\u015finin hayat\u0131n\u0131 kaybetti\u011fi kazada lojistik firmas\u0131n\u0131n sahibi g\u00f6zalt\u0131na al\u0131nd\u0131","datePublished":"2026-04-30T15:05:06+00:00","mainEntityOfPage":{"@id":"https:\/\/memurunsesi.net\/index.php\/2026\/04\/30\/izmirde-1i-polis-3-kisinin-hayatini-kaybettigi-kazada-lojistik-firmasinin-sahibi-gozaltina-alindi\/"},"wordCount":213,"commentCount":0,"publisher":{"@id":"https:\/\/memurunsesi.net\/#organization"},"keywords":["10 araca \u00e7arpmas\u0131","arac\u0131 i\u015fleten lojistik","aralar\u0131nda polis otosunun da","bulundu\u011fu","firmas\u0131n\u0131n yetkilisi","ge\u00e7erek","g\u00f6zalt\u0131na al\u0131nd\u0131","ilgili","kaybetti\u011fi kazayla","sonucu 1'i polis 3 ki\u015finin hayat\u0131n\u0131","t\u0131r\u0131n kar\u015f\u0131 \u015feride"],"inLanguage":"tr","potentialAction":[{"@type":"CommentAction","name":"Comment","target":["https:\/\/memurunsesi.net\/index.php\/2026\/04\/30\/izmirde-1i-polis-3-kisinin-hayatini-kaybettigi-kazada-lojistik-firmasinin-sahibi-gozaltina-alindi\/#respond"]}]},{"@type":"WebPage","@id":"https:\/\/memurunsesi.net\/index.php\/2026\/04\/30\/izmirde-1i-polis-3-kisinin-hayatini-kaybettigi-kazada-lojistik-firmasinin-sahibi-gozaltina-alindi\/","url":"https:\/\/memurunsesi.net\/index.php\/2026\/04\/30\/izmirde-1i-polis-3-kisinin-hayatini-kaybettigi-kazada-lojistik-firmasinin-sahibi-gozaltina-alindi\/","name":"\u0130zmir'de 1'i polis 3 ki\u015finin hayat\u0131n\u0131 kaybetti\u011fi kazada lojistik firmas\u0131n\u0131n sahibi g\u00f6zalt\u0131na al\u0131nd\u0131 - Memurun Sesi","isPartOf":{"@id":"https:\/\/memurunsesi.net\/#website"},"datePublished":"2026-04-30T15:05:06+00:00","description":"\u0130zmir'in Bornova il\u00e7esinde t\u0131r\u0131n kar\u015f\u0131 \u015feride ge\u00e7erek aralar\u0131nda polis otosunun da bulundu\u011fu 10 araca \u00e7arpmas\u0131 sonucu 1'i polis 3 ki\u015finin hayat\u0131n\u0131 kaybetti\u011fi kazayla ilgili, arac\u0131 i\u015fleten lojistik firmas\u0131n\u0131n yetkilisi g\u00f6zalt\u0131na al\u0131nd\u0131.","breadcrumb":{"@id":"https:\/\/memurunsesi.net\/index.php\/2026\/04\/30\/izmirde-1i-polis-3-kisinin-hayatini-kaybettigi-kazada-lojistik-firmasinin-sahibi-gozaltina-alindi\/#breadcrumb"},"inLanguage":"tr","potentialAction":[{"@type":"ReadAction","target":["https:\/\/memurunsesi.net\/index.php\/2026\/04\/30\/izmirde-1i-polis-3-kisinin-hayatini-kaybettigi-kazada-lojistik-firmasinin-sahibi-gozaltina-alindi\/"]}]},{"@type":"BreadcrumbList","@id":"https:\/\/memurunsesi.net\/index.php\/2026\/04\/30\/izmirde-1i-polis-3-kisinin-hayatini-kaybettigi-kazada-lojistik-firmasinin-sahibi-gozaltina-alindi\/#breadcrumb","itemListElement":[{"@type":"ListItem","position":1,"name":"Anasayfa","item":"https:\/\/memurunsesi.net\/"},{"@type":"ListItem","position":2,"name":"\u0130zmir&#8217;de 1&#8217;i polis 3 ki\u015finin hayat\u0131n\u0131 kaybetti\u011fi kazada lojistik firmas\u0131n\u0131n sahibi g\u00f6zalt\u0131na al\u0131nd\u0131"}]},{"@type":"WebSite","@id":"https:\/\/memurunsesi.net\/#website","url":"https:\/\/memurunsesi.net\/","name":"Memurun Sesi","description":"G\u00fcncel ve Do\u011fru Haber","publisher":{"@id":"https:\/\/memurunsesi.net\/#organization"},"potentialAction":[{"@type":"SearchAction","target":{"@type":"EntryPoint","urlTemplate":"https:\/\/memurunsesi.net\/?s={search_term_string}"},"query-input":{"@type":"PropertyValueSpecification","valueRequired":true,"valueName":"search_term_string"}}],"inLanguage":"tr"},{"@type":"Organization","@id":"https:\/\/memurunsesi.net\/#organization","name":"Memurun Sesi","url":"https:\/\/memurunsesi.net\/","logo":{"@type":"ImageObject","inLanguage":"tr","@id":"https:\/\/memurunsesi.net\/#\/schema\/logo\/image\/","url":"https:\/\/memurunsesi.net\/wp-content\/uploads\/2025\/11\/cropped-MEMURUN-SESI.png","contentUrl":"https:\/\/memurunsesi.net\/wp-content\/uploads\/2025\/11\/cropped-MEMURUN-SESI.png","width":238,"height":57,"caption":"Memurun Sesi"},"image":{"@id":"https:\/\/memurunsesi.net\/#\/schema\/logo\/image\/"},"sameAs":["https:\/\/www.facebook.com\/unipersen\/?locale=tr_TR","https:\/\/x.com\/unipersen"]},{"@type":"Person","@id":"https:\/\/memurunsesi.net\/#\/schema\/person\/f21c2d73b89f6ee1d80b0a1803e38587","name":"Memurun Sesi Haber Merkezi","image":{"@type":"ImageObject","inLanguage":"tr","@id":"https:\/\/secure.gravatar.com\/avatar\/6cf0505f452ee753f485014986fab09a434671d2b919ee76fc541025c5876a70?s=96&d=mm&r=g","url":"https:\/\/secure.gravatar.com\/avatar\/6cf0505f452ee753f485014986fab09a434671d2b919ee76fc541025c5876a70?s=96&d=mm&r=g","contentUrl":"https:\/\/secure.gravatar.com\/avatar\/6cf0505f452ee753f485014986fab09a434671d2b919ee76fc541025c5876a70?s=96&d=mm&r=g","caption":"Memurun Sesi Haber Merkezi"},"sameAs":["https:\/\/memurunsesi.net"],"url":"https:\/\/memurunsesi.net\/index.php\/author\/uniper\/"}]}},"_links":{"self":[{"href":"https:\/\/memurunsesi.net\/index.php\/wp-json\/wp\/v2\/posts\/19799","targetHints":{"allow":["GET"]}}],"collection":[{"href":"https:\/\/memurunsesi.net\/index.php\/wp-json\/wp\/v2\/posts"}],"about":[{"href":"https:\/\/memurunsesi.net\/index.php\/wp-json\/wp\/v2\/types\/post"}],"author":[{"embeddable":true,"href":"https:\/\/memurunsesi.net\/index.php\/wp-json\/wp\/v2\/users\/1"}],"replies":[{"embeddable":true,"href":"https:\/\/memurunsesi.net\/index.php\/wp-json\/wp\/v2\/comments?post=19799"}],"version-history":[{"count":1,"href":"https:\/\/memurunsesi.net\/index.php\/wp-json\/wp\/v2\/posts\/19799\/revisions"}],"predecessor-version":[{"id":19801,"href":"https:\/\/memurunsesi.net\/index.php\/wp-json\/wp\/v2\/posts\/19799\/revisions\/19801"}],"wp:attachment":[{"href":"https:\/\/memurunsesi.net\/index.php\/wp-json\/wp\/v2\/media?parent=19799"}],"wp:term":[{"taxonomy":"category","embeddable":true,"href":"https:\/\/memurunsesi.net\/index.php\/wp-json\/wp\/v2\/categories?post=19799"},{"taxonomy":"post_tag","embeddable":true,"href":"https:\/\/memurunsesi.net\/index.php\/wp-json\/wp\/v2\/tags?post=19799"}],"curies":[{"name":"wp","href":"https:\/\/api.w.org\/{rel}","templated":true}]}}