{"id":19807,"date":"2026-04-30T22:07:18","date_gmt":"2026-04-30T19:07:18","guid":{"rendered":"https:\/\/memurunsesi.net\/?p=19807"},"modified":"2026-04-30T22:07:18","modified_gmt":"2026-04-30T19:07:18","slug":"itu-yonetimine-uyari-niteliginde-cagri-disiplin-sureci-ve-kurumsal-isleyis-tartisma-yaratiyor","status":"publish","type":"post","link":"https:\/\/memurunsesi.net\/index.php\/2026\/04\/30\/itu-yonetimine-uyari-niteliginde-cagri-disiplin-sureci-ve-kurumsal-isleyis-tartisma-yaratiyor\/","title":{"rendered":"\u0130T\u00dc Y\u00f6netimine Uyar\u0131 Niteli\u011finde \u00c7a\u011fr\u0131: Disiplin S\u00fcreci ve Kurumsal \u0130\u015fleyi\u015f Tart\u0131\u015fma Yarat\u0131yor"},"content":{"rendered":"<p data-start=\"394\" data-end=\"727\"><span class=\"hover:entity-accent entity-underline inline cursor-pointer align-baseline\"><span class=\"whitespace-normal\">\u00a0 \u00a0 \u00a0\u0130stanbul Teknik \u00dcniversitesi<\/span><\/span> y\u00f6netiminde son d\u00f6nemde ya\u015fanan geli\u015fmeler, hem \u00e7al\u0131\u015fanlar hem de kamuoyu nezdinde dikkat \u00e7ekici bir tart\u0131\u015fmay\u0131 beraberinde getirmektedir. \u00d6zellikle bir personel hakk\u0131nda y\u00fcr\u00fct\u00fclen disiplin s\u00fcreci ve sonras\u0131nda geli\u015fen uygulamalar, kurum i\u00e7i i\u015fleyi\u015fe ili\u015fkin ciddi soru i\u015faretleri do\u011furmaktad\u0131r.<\/p>\n<p data-start=\"729\" data-end=\"1228\">\u00dcniversitede g\u00f6rev yapmakta olan Y.\u00c7. isimli personel hakk\u0131nda y\u00fcr\u00fct\u00fclen disiplin soru\u015fturmas\u0131 sonucunda, Fak\u00fclte Disiplin Kurulu taraf\u0131ndan \u201cayl\u0131ktan kesme cezas\u0131\u201d verildi\u011fi; yap\u0131lan itiraz \u00fczerine bu cezan\u0131n \u00dcniversite Disiplin Kurulu taraf\u0131ndan da onayland\u0131\u011f\u0131 ve ilgiliye tebli\u011f edildi\u011fi \u00f6\u011frenilmi\u015ftir. Ancak s\u00fcrecin bununla s\u0131n\u0131rl\u0131 kalmad\u0131\u011f\u0131, s\u00f6z konusu ceza gerek\u00e7e g\u00f6sterilerek aday memur stat\u00fcs\u00fcndeki personelin g\u00f6revine son verilmesi y\u00f6n\u00fcnde i\u015flem ba\u015flat\u0131ld\u0131\u011f\u0131 bilgisi kamuoyuna yans\u0131m\u0131\u015ft\u0131r.<\/p>\n<p data-start=\"1230\" data-end=\"1515\">Edinilen bilgilere g\u00f6re, 28 Nisan 2026 tarihi itibar\u0131yla ilgili personelin ili\u015fi\u011finin kesilmesine y\u00f6nelik ad\u0131mlar\u0131n at\u0131ld\u0131\u011f\u0131 ifade edilmektedir. Bu durum, disiplin cezas\u0131n\u0131n niteli\u011fi ile uygulanan yapt\u0131r\u0131m aras\u0131ndaki \u00f6l\u00e7\u00fcl\u00fcl\u00fck ilkesinin yeniden de\u011ferlendirilmesini gerekli k\u0131lmaktad\u0131r.<\/p>\n<p data-start=\"1517\" data-end=\"1942\">S\u00f6z konusu personelin Makine Teknisyeni kadrosuna, merkezi yerle\u015ftirme kapsam\u0131nda ve gerekli nitelikleri sa\u011flayarak atand\u0131\u011f\u0131; e\u011fitim ald\u0131\u011f\u0131 alan ile g\u00f6rev tan\u0131m\u0131 aras\u0131nda do\u011frudan bir ili\u015fki bulundu\u011fu bilinmektedir. Ancak iddialara g\u00f6re, personelin g\u00f6rev tan\u0131m\u0131 d\u0131\u015f\u0131nda i\u015flerde g\u00f6revlendirilmek istendi\u011fi, kendisinin ise g\u00f6rev tan\u0131m\u0131na uygun i\u015flerde \u00e7al\u0131\u015fmak istedi\u011fini ifade etmesi nedeniyle sorun ya\u015fad\u0131\u011f\u0131 belirtilmektedir.<\/p>\n<p data-start=\"1944\" data-end=\"2336\">Soru\u015fturma dosyas\u0131n\u0131n b\u00fct\u00fcnc\u00fcl bir \u015fekilde incelenmesi h\u00e2linde; ilgili personelin a\u011f\u0131r disiplin su\u00e7u kapsam\u0131nda de\u011ferlendirilebilecek bir fiilinin bulunmad\u0131\u011f\u0131, esasen g\u00f6rev tan\u0131m\u0131na uygun \u00e7al\u0131\u015fma talebini dile getirdi\u011fi anla\u015f\u0131lmaktad\u0131r. Bu \u00e7er\u00e7evede, verilen cezan\u0131n ard\u0131ndan g\u00f6revden \u00e7\u0131karma s\u00fcrecinin ba\u015flat\u0131lmas\u0131; hakkaniyet, \u00f6l\u00e7\u00fcl\u00fcl\u00fck ve kamu yarar\u0131 ilkeleri a\u00e7\u0131s\u0131ndan tart\u0131\u015fmaya a\u00e7\u0131kt\u0131r.<\/p>\n<p data-start=\"2338\" data-end=\"2564\">\u00d6te yandan, personelin kendi iste\u011fiyle Makine Fak\u00fcltesine ge\u00e7i\u015f talebinde bulunmas\u0131 da, g\u00f6revden ka\u00e7\u0131nma de\u011fil; aksine daha verimli ve niteliklerine uygun bir \u015fekilde \u00e7al\u0131\u015fma iradesinin g\u00f6stergesi olarak de\u011ferlendirilmektedir.<\/p>\n<p data-start=\"2566\" data-end=\"2613\"><strong data-start=\"2566\" data-end=\"2613\">Mimarl\u0131k Fak\u00fcltesine Y\u00f6nelik Ciddi \u0130ddialar<\/strong><\/p>\n<p data-start=\"2615\" data-end=\"3037\">T\u00fcm bu geli\u015fmelerin yan\u0131 s\u0131ra, \u00f6zellikle Mimarl\u0131k Fak\u00fcltesi b\u00fcnyesinde g\u00f6rev yapan baz\u0131 y\u00f6neticilere ili\u015fkin dikkat \u00e7ekici iddialar da g\u00fcndeme gelmektedir. Kurum i\u00e7inde \u00e7al\u0131\u015fanlar taraf\u0131ndan iletilen bilgilere g\u00f6re; s\u00f6z konusu s\u00fcre\u00e7 sonras\u0131 baz\u0131 y\u00f6neticilerin \u00e7al\u0131\u015fanlar \u00fczerinde bask\u0131 kurdu\u011fu, tehditk\u00e2r bir dil kulland\u0131\u011f\u0131 ve personelin ciddi bir psikolojik bask\u0131 alt\u0131nda \u00e7al\u0131\u015fmak zorunda b\u0131rak\u0131ld\u0131\u011f\u0131 ileri s\u00fcr\u00fclmektedir.<\/p>\n<p data-start=\"3039\" data-end=\"3433\">Yine iddialara g\u00f6re, fak\u00fclteden ayr\u0131labilen personelin farkl\u0131 birimlere ge\u00e7erek \u00e7\u00f6z\u00fcm arad\u0131\u011f\u0131; g\u00f6revine devam eden \u00e7al\u0131\u015fanlar\u0131n ise benzer bir durum ya\u015famamak ad\u0131na sessiz kalmak zorunda hissetti\u011fi ifade edilmektedir. \u00c7al\u0131\u015fanlar\u0131n, g\u00f6revlerini yerine getirirken y\u00f6neticiler taraf\u0131ndan hakarete varan s\u00f6ylemlere maruz kald\u0131\u011f\u0131 ve bu y\u00f6ndeki \u015fik\u00e2yetlerin ise kar\u015f\u0131l\u0131ks\u0131z kald\u0131\u011f\u0131 \u00f6ne s\u00fcr\u00fclmektedir.<\/p>\n<p data-start=\"3435\" data-end=\"3706\">Bu durum, kurum i\u00e7inde e\u015fitlik, adalet ve hesap verebilirlik ilkelerinin yeterince i\u015fletilip i\u015fletilmedi\u011fi sorusunu g\u00fcndeme getirmektedir. \u0130ddialar, belirli y\u00f6neticilerin denetim d\u0131\u015f\u0131nda kald\u0131\u011f\u0131 ve haklar\u0131nda gerekli idari i\u015flemlerin yap\u0131lmad\u0131\u011f\u0131 y\u00f6n\u00fcnde yo\u011funla\u015fmaktad\u0131r.<\/p>\n<p data-start=\"3708\" data-end=\"3750\"><strong data-start=\"3708\" data-end=\"3750\">Kurumsal \u0130tibar ve Y\u00f6netim Sorumlulu\u011fu<\/strong><\/p>\n<p data-start=\"3752\" data-end=\"3970\">K\u00f6kl\u00fc ge\u00e7mi\u015fi ve akademik ba\u015far\u0131lar\u0131yla \u00f6ne \u00e7\u0131kan <span class=\"hover:entity-accent entity-underline inline cursor-pointer align-baseline\"><span class=\"whitespace-normal\">\u0130stanbul Teknik \u00dcniversitesi<\/span><\/span>\u2019nin bu t\u00fcr iddialarla an\u0131lmas\u0131, hem kurum k\u00fclt\u00fcr\u00fc hem de kamuoyu alg\u0131s\u0131 a\u00e7\u0131s\u0131ndan son derece olumsuz bir tablo ortaya koymaktad\u0131r.<\/p>\n<p data-start=\"3972\" data-end=\"4257\">Kamu kurumlar\u0131n\u0131n hi\u00e7bir \u015fekilde ki\u015fisel tasarruf alan\u0131 olmad\u0131\u011f\u0131; liyakat, hukuk ve kamu yarar\u0131 ilkeleri do\u011frultusunda y\u00f6netilmesi gerekti\u011fi a\u00e7\u0131kt\u0131r. \u00c7al\u0131\u015fanlar\u0131n kendilerini g\u00fcvende hissetmedi\u011fi, bask\u0131 alt\u0131nda \u00e7al\u0131\u015ft\u0131\u011f\u0131n\u0131 ifade etti\u011fi bir ortam\u0131n s\u00fcrd\u00fcr\u00fclebilir olmad\u0131\u011f\u0131 da ortadad\u0131r.<\/p>\n<p data-start=\"4259\" data-end=\"4529\">Bu noktada \u00fcniversite y\u00f6netimine d\u00fc\u015fen sorumluluk; hem s\u00f6z konusu disiplin s\u00fcrecini hem de Mimarl\u0131k Fak\u00fcltesi ba\u015fta olmak \u00fczere dile getirilen iddialar\u0131 \u015feffaf bir \u015fekilde incelemek, gerekli idari mekanizmalar\u0131 i\u015fletmek ve \u00e7al\u0131\u015fanlar\u0131n haklar\u0131n\u0131 g\u00fcvence alt\u0131na almakt\u0131r.<\/p>\n<p data-start=\"4531\" data-end=\"4716\">Yetkililerin konuya ili\u015fkin gerekli ad\u0131mlar\u0131 ivedilikle atmas\u0131, hem kurum i\u00e7i bar\u0131\u015f\u0131n sa\u011flanmas\u0131 hem de \u00fcniversitenin bilimsel sayg\u0131nl\u0131\u011f\u0131n\u0131n korunmas\u0131 a\u00e7\u0131s\u0131ndan b\u00fcy\u00fck \u00f6nem ta\u015f\u0131maktad\u0131r.<\/p>\n<p data-start=\"4531\" data-end=\"4716\">30.04.2026<\/p>\n","protected":false},"excerpt":{"rendered":"<p>\u00a0 \u00a0 \u00a0\u0130stanbul Teknik \u00dcniversitesi y\u00f6netiminde son d\u00f6nemde ya\u015fanan geli\u015fmeler, hem \u00e7al\u0131\u015fanlar hem de kamuoyu nezdinde dikkat \u00e7ekici bir tart\u0131\u015fmay\u0131 beraberinde getirmektedir. \u00d6zellikle bir personel hakk\u0131nda y\u00fcr\u00fct\u00fclen disiplin s\u00fcreci ve sonras\u0131nda geli\u015fen uygulamalar, kurum i\u00e7i i\u015fleyi\u015fe ili\u015fkin ciddi soru i\u015faretleri do\u011furmaktad\u0131r. \u00dcniversitede g\u00f6rev yapmakta olan Y.\u00c7. isimli personel hakk\u0131nda y\u00fcr\u00fct\u00fclen disiplin soru\u015fturmas\u0131 sonucunda, Fak\u00fclte Disiplin [&hellip;]<\/p>\n","protected":false},"author":1,"featured_media":19808,"comment_status":"open","ping_status":"open","sticky":false,"template":"","format":"standard","meta":{"footnotes":""},"categories":[1],"tags":[1048,3301,3758,1422,3755,1856,1631,1044,1528,3759,3756,3757,2034,1447,1853],"class_list":["post-19807","post","type-post","status-publish","format-standard","has-post-thumbnail","hentry","category-genel","tag-aday-memur","tag-disiplin-sorusturmasi","tag-idari-sorusturma","tag-istanbul-teknik-universitesi","tag-itu","tag-kamu-kurumlari","tag-kamu-personeli","tag-liyakat","tag-memur-haklari","tag-memur-magduriyeti","tag-mimarlik-fakultesi","tag-personel-baskisi","tag-turkiye-gundemi","tag-universite-haberleri","tag-universite-yonetimi"],"yoast_head":"<!-- This site is optimized with the Yoast SEO plugin v27.4 - https:\/\/yoast.com\/product\/yoast-seo-wordpress\/ -->\n<title>\u0130T\u00dc Y\u00f6netimine Uyar\u0131 Niteli\u011finde \u00c7a\u011fr\u0131: Disiplin S\u00fcreci ve Kurumsal \u0130\u015fleyi\u015f Tart\u0131\u015fma Yarat\u0131yor - Memurun Sesi<\/title>\n<meta name=\"description\" content=\"\u0130stanbul Teknik \u00dcniversitesi\u2019nde disiplin s\u00fcreci ve Mimarl\u0131k Fak\u00fcltesi\u2019ne y\u00f6nelik iddialar tart\u0131\u015fma yaratt\u0131. Personel bask\u0131, liyakat ve y\u00f6netim uygulamalar\u0131 mercek alt\u0131nda.\" \/>\n<meta name=\"robots\" content=\"index, follow, max-snippet:-1, max-image-preview:large, max-video-preview:-1\" \/>\n<link rel=\"canonical\" href=\"https:\/\/memurunsesi.net\/index.php\/2026\/04\/30\/itu-yonetimine-uyari-niteliginde-cagri-disiplin-sureci-ve-kurumsal-isleyis-tartisma-yaratiyor\/\" \/>\n<meta property=\"og:locale\" content=\"tr_TR\" \/>\n<meta property=\"og:type\" content=\"article\" \/>\n<meta property=\"og:title\" content=\"\u0130T\u00dc Y\u00f6netimine Uyar\u0131 Niteli\u011finde \u00c7a\u011fr\u0131: Disiplin S\u00fcreci ve Kurumsal \u0130\u015fleyi\u015f Tart\u0131\u015fma Yarat\u0131yor - Memurun Sesi\" \/>\n<meta property=\"og:description\" content=\"\u0130stanbul Teknik \u00dcniversitesi\u2019nde disiplin s\u00fcreci ve Mimarl\u0131k Fak\u00fcltesi\u2019ne y\u00f6nelik iddialar tart\u0131\u015fma yaratt\u0131. Personel bask\u0131, liyakat ve y\u00f6netim uygulamalar\u0131 mercek alt\u0131nda.\" \/>\n<meta property=\"og:url\" content=\"https:\/\/memurunsesi.net\/index.php\/2026\/04\/30\/itu-yonetimine-uyari-niteliginde-cagri-disiplin-sureci-ve-kurumsal-isleyis-tartisma-yaratiyor\/\" \/>\n<meta property=\"og:site_name\" content=\"Memurun Sesi\" \/>\n<meta property=\"article:publisher\" content=\"https:\/\/www.facebook.com\/unipersen\/?locale=tr_TR\" \/>\n<meta property=\"article:published_time\" content=\"2026-04-30T19:07:18+00:00\" \/>\n<meta property=\"og:image\" content=\"https:\/\/memurunsesi.net\/wp-content\/uploads\/2026\/04\/itu.jpeg\" \/>\n\t<meta property=\"og:image:width\" content=\"1536\" \/>\n\t<meta property=\"og:image:height\" content=\"1024\" \/>\n\t<meta property=\"og:image:type\" content=\"image\/jpeg\" \/>\n<meta name=\"author\" content=\"Memurun Sesi Haber Merkezi\" \/>\n<meta name=\"twitter:card\" content=\"summary_large_image\" \/>\n<meta name=\"twitter:creator\" content=\"@unipersen\" \/>\n<meta name=\"twitter:site\" content=\"@unipersen\" \/>\n<meta name=\"twitter:label1\" content=\"Yazan:\" \/>\n\t<meta name=\"twitter:data1\" content=\"Memurun Sesi Haber Merkezi\" \/>\n\t<meta name=\"twitter:label2\" content=\"Tahmini okuma s\u00fcresi\" \/>\n\t<meta name=\"twitter:data2\" content=\"4 dakika\" \/>\n<script type=\"application\/ld+json\" class=\"yoast-schema-graph\">{\"@context\":\"https:\\\/\\\/schema.org\",\"@graph\":[{\"@type\":\"Article\",\"@id\":\"https:\\\/\\\/memurunsesi.net\\\/index.php\\\/2026\\\/04\\\/30\\\/itu-yonetimine-uyari-niteliginde-cagri-disiplin-sureci-ve-kurumsal-isleyis-tartisma-yaratiyor\\\/#article\",\"isPartOf\":{\"@id\":\"https:\\\/\\\/memurunsesi.net\\\/index.php\\\/2026\\\/04\\\/30\\\/itu-yonetimine-uyari-niteliginde-cagri-disiplin-sureci-ve-kurumsal-isleyis-tartisma-yaratiyor\\\/\"},\"author\":{\"name\":\"Memurun Sesi Haber Merkezi\",\"@id\":\"https:\\\/\\\/memurunsesi.net\\\/#\\\/schema\\\/person\\\/f21c2d73b89f6ee1d80b0a1803e38587\"},\"headline\":\"\u0130T\u00dc Y\u00f6netimine Uyar\u0131 Niteli\u011finde \u00c7a\u011fr\u0131: Disiplin S\u00fcreci ve Kurumsal \u0130\u015fleyi\u015f Tart\u0131\u015fma Yarat\u0131yor\",\"datePublished\":\"2026-04-30T19:07:18+00:00\",\"mainEntityOfPage\":{\"@id\":\"https:\\\/\\\/memurunsesi.net\\\/index.php\\\/2026\\\/04\\\/30\\\/itu-yonetimine-uyari-niteliginde-cagri-disiplin-sureci-ve-kurumsal-isleyis-tartisma-yaratiyor\\\/\"},\"wordCount\":801,\"commentCount\":0,\"publisher\":{\"@id\":\"https:\\\/\\\/memurunsesi.net\\\/#organization\"},\"image\":{\"@id\":\"https:\\\/\\\/memurunsesi.net\\\/index.php\\\/2026\\\/04\\\/30\\\/itu-yonetimine-uyari-niteliginde-cagri-disiplin-sureci-ve-kurumsal-isleyis-tartisma-yaratiyor\\\/#primaryimage\"},\"thumbnailUrl\":\"https:\\\/\\\/memurunsesi.net\\\/wp-content\\\/uploads\\\/2026\\\/04\\\/itu.jpeg\",\"keywords\":[\"aday memur\",\"disiplin soru\u015fturmas\u0131\",\"idari soru\u015fturma\",\"\u0130stanbul Teknik \u00dcniversitesi\",\"\u0130T\u00dc\",\"kamu kurumlar\u0131\",\"kamu personeli\",\"liyakat\",\"memur haklar\u0131\",\"memur ma\u011fduriyeti\",\"Mimarl\u0131k Fak\u00fcltesi\",\"personel bask\u0131s\u0131\",\"T\u00fcrkiye g\u00fcndemi\",\"\u00fcniversite haberleri\",\"\u00fcniversite y\u00f6netimi\"],\"inLanguage\":\"tr\",\"potentialAction\":[{\"@type\":\"CommentAction\",\"name\":\"Comment\",\"target\":[\"https:\\\/\\\/memurunsesi.net\\\/index.php\\\/2026\\\/04\\\/30\\\/itu-yonetimine-uyari-niteliginde-cagri-disiplin-sureci-ve-kurumsal-isleyis-tartisma-yaratiyor\\\/#respond\"]}]},{\"@type\":\"WebPage\",\"@id\":\"https:\\\/\\\/memurunsesi.net\\\/index.php\\\/2026\\\/04\\\/30\\\/itu-yonetimine-uyari-niteliginde-cagri-disiplin-sureci-ve-kurumsal-isleyis-tartisma-yaratiyor\\\/\",\"url\":\"https:\\\/\\\/memurunsesi.net\\\/index.php\\\/2026\\\/04\\\/30\\\/itu-yonetimine-uyari-niteliginde-cagri-disiplin-sureci-ve-kurumsal-isleyis-tartisma-yaratiyor\\\/\",\"name\":\"\u0130T\u00dc Y\u00f6netimine Uyar\u0131 Niteli\u011finde \u00c7a\u011fr\u0131: Disiplin S\u00fcreci ve Kurumsal \u0130\u015fleyi\u015f Tart\u0131\u015fma Yarat\u0131yor - Memurun Sesi\",\"isPartOf\":{\"@id\":\"https:\\\/\\\/memurunsesi.net\\\/#website\"},\"primaryImageOfPage\":{\"@id\":\"https:\\\/\\\/memurunsesi.net\\\/index.php\\\/2026\\\/04\\\/30\\\/itu-yonetimine-uyari-niteliginde-cagri-disiplin-sureci-ve-kurumsal-isleyis-tartisma-yaratiyor\\\/#primaryimage\"},\"image\":{\"@id\":\"https:\\\/\\\/memurunsesi.net\\\/index.php\\\/2026\\\/04\\\/30\\\/itu-yonetimine-uyari-niteliginde-cagri-disiplin-sureci-ve-kurumsal-isleyis-tartisma-yaratiyor\\\/#primaryimage\"},\"thumbnailUrl\":\"https:\\\/\\\/memurunsesi.net\\\/wp-content\\\/uploads\\\/2026\\\/04\\\/itu.jpeg\",\"datePublished\":\"2026-04-30T19:07:18+00:00\",\"description\":\"\u0130stanbul Teknik \u00dcniversitesi\u2019nde disiplin s\u00fcreci ve Mimarl\u0131k Fak\u00fcltesi\u2019ne y\u00f6nelik iddialar tart\u0131\u015fma yaratt\u0131. Personel bask\u0131, liyakat ve y\u00f6netim uygulamalar\u0131 mercek alt\u0131nda.\",\"breadcrumb\":{\"@id\":\"https:\\\/\\\/memurunsesi.net\\\/index.php\\\/2026\\\/04\\\/30\\\/itu-yonetimine-uyari-niteliginde-cagri-disiplin-sureci-ve-kurumsal-isleyis-tartisma-yaratiyor\\\/#breadcrumb\"},\"inLanguage\":\"tr\",\"potentialAction\":[{\"@type\":\"ReadAction\",\"target\":[\"https:\\\/\\\/memurunsesi.net\\\/index.php\\\/2026\\\/04\\\/30\\\/itu-yonetimine-uyari-niteliginde-cagri-disiplin-sureci-ve-kurumsal-isleyis-tartisma-yaratiyor\\\/\"]}]},{\"@type\":\"ImageObject\",\"inLanguage\":\"tr\",\"@id\":\"https:\\\/\\\/memurunsesi.net\\\/index.php\\\/2026\\\/04\\\/30\\\/itu-yonetimine-uyari-niteliginde-cagri-disiplin-sureci-ve-kurumsal-isleyis-tartisma-yaratiyor\\\/#primaryimage\",\"url\":\"https:\\\/\\\/memurunsesi.net\\\/wp-content\\\/uploads\\\/2026\\\/04\\\/itu.jpeg\",\"contentUrl\":\"https:\\\/\\\/memurunsesi.net\\\/wp-content\\\/uploads\\\/2026\\\/04\\\/itu.jpeg\",\"width\":1536,\"height\":1024},{\"@type\":\"BreadcrumbList\",\"@id\":\"https:\\\/\\\/memurunsesi.net\\\/index.php\\\/2026\\\/04\\\/30\\\/itu-yonetimine-uyari-niteliginde-cagri-disiplin-sureci-ve-kurumsal-isleyis-tartisma-yaratiyor\\\/#breadcrumb\",\"itemListElement\":[{\"@type\":\"ListItem\",\"position\":1,\"name\":\"Anasayfa\",\"item\":\"https:\\\/\\\/memurunsesi.net\\\/\"},{\"@type\":\"ListItem\",\"position\":2,\"name\":\"\u0130T\u00dc Y\u00f6netimine Uyar\u0131 Niteli\u011finde \u00c7a\u011fr\u0131: Disiplin S\u00fcreci ve Kurumsal \u0130\u015fleyi\u015f Tart\u0131\u015fma Yarat\u0131yor\"}]},{\"@type\":\"WebSite\",\"@id\":\"https:\\\/\\\/memurunsesi.net\\\/#website\",\"url\":\"https:\\\/\\\/memurunsesi.net\\\/\",\"name\":\"Memurun Sesi\",\"description\":\"G\u00fcncel ve Do\u011fru Haber\",\"publisher\":{\"@id\":\"https:\\\/\\\/memurunsesi.net\\\/#organization\"},\"potentialAction\":[{\"@type\":\"SearchAction\",\"target\":{\"@type\":\"EntryPoint\",\"urlTemplate\":\"https:\\\/\\\/memurunsesi.net\\\/?s={search_term_string}\"},\"query-input\":{\"@type\":\"PropertyValueSpecification\",\"valueRequired\":true,\"valueName\":\"search_term_string\"}}],\"inLanguage\":\"tr\"},{\"@type\":\"Organization\",\"@id\":\"https:\\\/\\\/memurunsesi.net\\\/#organization\",\"name\":\"Memurun Sesi\",\"url\":\"https:\\\/\\\/memurunsesi.net\\\/\",\"logo\":{\"@type\":\"ImageObject\",\"inLanguage\":\"tr\",\"@id\":\"https:\\\/\\\/memurunsesi.net\\\/#\\\/schema\\\/logo\\\/image\\\/\",\"url\":\"https:\\\/\\\/memurunsesi.net\\\/wp-content\\\/uploads\\\/2025\\\/11\\\/cropped-MEMURUN-SESI.png\",\"contentUrl\":\"https:\\\/\\\/memurunsesi.net\\\/wp-content\\\/uploads\\\/2025\\\/11\\\/cropped-MEMURUN-SESI.png\",\"width\":238,\"height\":57,\"caption\":\"Memurun Sesi\"},\"image\":{\"@id\":\"https:\\\/\\\/memurunsesi.net\\\/#\\\/schema\\\/logo\\\/image\\\/\"},\"sameAs\":[\"https:\\\/\\\/www.facebook.com\\\/unipersen\\\/?locale=tr_TR\",\"https:\\\/\\\/x.com\\\/unipersen\"]},{\"@type\":\"Person\",\"@id\":\"https:\\\/\\\/memurunsesi.net\\\/#\\\/schema\\\/person\\\/f21c2d73b89f6ee1d80b0a1803e38587\",\"name\":\"Memurun Sesi Haber Merkezi\",\"image\":{\"@type\":\"ImageObject\",\"inLanguage\":\"tr\",\"@id\":\"https:\\\/\\\/secure.gravatar.com\\\/avatar\\\/6cf0505f452ee753f485014986fab09a434671d2b919ee76fc541025c5876a70?s=96&d=mm&r=g\",\"url\":\"https:\\\/\\\/secure.gravatar.com\\\/avatar\\\/6cf0505f452ee753f485014986fab09a434671d2b919ee76fc541025c5876a70?s=96&d=mm&r=g\",\"contentUrl\":\"https:\\\/\\\/secure.gravatar.com\\\/avatar\\\/6cf0505f452ee753f485014986fab09a434671d2b919ee76fc541025c5876a70?s=96&d=mm&r=g\",\"caption\":\"Memurun Sesi Haber Merkezi\"},\"sameAs\":[\"https:\\\/\\\/memurunsesi.net\"],\"url\":\"https:\\\/\\\/memurunsesi.net\\\/index.php\\\/author\\\/uniper\\\/\"}]}<\/script>\n<!-- \/ Yoast SEO plugin. -->","yoast_head_json":{"title":"\u0130T\u00dc Y\u00f6netimine Uyar\u0131 Niteli\u011finde \u00c7a\u011fr\u0131: Disiplin S\u00fcreci ve Kurumsal \u0130\u015fleyi\u015f Tart\u0131\u015fma Yarat\u0131yor - Memurun Sesi","description":"\u0130stanbul Teknik \u00dcniversitesi\u2019nde disiplin s\u00fcreci ve Mimarl\u0131k Fak\u00fcltesi\u2019ne y\u00f6nelik iddialar tart\u0131\u015fma yaratt\u0131. Personel bask\u0131, liyakat ve y\u00f6netim uygulamalar\u0131 mercek alt\u0131nda.","robots":{"index":"index","follow":"follow","max-snippet":"max-snippet:-1","max-image-preview":"max-image-preview:large","max-video-preview":"max-video-preview:-1"},"canonical":"https:\/\/memurunsesi.net\/index.php\/2026\/04\/30\/itu-yonetimine-uyari-niteliginde-cagri-disiplin-sureci-ve-kurumsal-isleyis-tartisma-yaratiyor\/","og_locale":"tr_TR","og_type":"article","og_title":"\u0130T\u00dc Y\u00f6netimine Uyar\u0131 Niteli\u011finde \u00c7a\u011fr\u0131: Disiplin S\u00fcreci ve Kurumsal \u0130\u015fleyi\u015f Tart\u0131\u015fma Yarat\u0131yor - Memurun Sesi","og_description":"\u0130stanbul Teknik \u00dcniversitesi\u2019nde disiplin s\u00fcreci ve Mimarl\u0131k Fak\u00fcltesi\u2019ne y\u00f6nelik iddialar tart\u0131\u015fma yaratt\u0131. Personel bask\u0131, liyakat ve y\u00f6netim uygulamalar\u0131 mercek alt\u0131nda.","og_url":"https:\/\/memurunsesi.net\/index.php\/2026\/04\/30\/itu-yonetimine-uyari-niteliginde-cagri-disiplin-sureci-ve-kurumsal-isleyis-tartisma-yaratiyor\/","og_site_name":"Memurun Sesi","article_publisher":"https:\/\/www.facebook.com\/unipersen\/?locale=tr_TR","article_published_time":"2026-04-30T19:07:18+00:00","og_image":[{"width":1536,"height":1024,"url":"https:\/\/memurunsesi.net\/wp-content\/uploads\/2026\/04\/itu.jpeg","type":"image\/jpeg"}],"author":"Memurun Sesi Haber Merkezi","twitter_card":"summary_large_image","twitter_creator":"@unipersen","twitter_site":"@unipersen","twitter_misc":{"Yazan:":"Memurun Sesi Haber Merkezi","Tahmini okuma s\u00fcresi":"4 dakika"},"schema":{"@context":"https:\/\/schema.org","@graph":[{"@type":"Article","@id":"https:\/\/memurunsesi.net\/index.php\/2026\/04\/30\/itu-yonetimine-uyari-niteliginde-cagri-disiplin-sureci-ve-kurumsal-isleyis-tartisma-yaratiyor\/#article","isPartOf":{"@id":"https:\/\/memurunsesi.net\/index.php\/2026\/04\/30\/itu-yonetimine-uyari-niteliginde-cagri-disiplin-sureci-ve-kurumsal-isleyis-tartisma-yaratiyor\/"},"author":{"name":"Memurun Sesi Haber Merkezi","@id":"https:\/\/memurunsesi.net\/#\/schema\/person\/f21c2d73b89f6ee1d80b0a1803e38587"},"headline":"\u0130T\u00dc Y\u00f6netimine Uyar\u0131 Niteli\u011finde \u00c7a\u011fr\u0131: Disiplin S\u00fcreci ve Kurumsal \u0130\u015fleyi\u015f Tart\u0131\u015fma Yarat\u0131yor","datePublished":"2026-04-30T19:07:18+00:00","mainEntityOfPage":{"@id":"https:\/\/memurunsesi.net\/index.php\/2026\/04\/30\/itu-yonetimine-uyari-niteliginde-cagri-disiplin-sureci-ve-kurumsal-isleyis-tartisma-yaratiyor\/"},"wordCount":801,"commentCount":0,"publisher":{"@id":"https:\/\/memurunsesi.net\/#organization"},"image":{"@id":"https:\/\/memurunsesi.net\/index.php\/2026\/04\/30\/itu-yonetimine-uyari-niteliginde-cagri-disiplin-sureci-ve-kurumsal-isleyis-tartisma-yaratiyor\/#primaryimage"},"thumbnailUrl":"https:\/\/memurunsesi.net\/wp-content\/uploads\/2026\/04\/itu.jpeg","keywords":["aday memur","disiplin soru\u015fturmas\u0131","idari soru\u015fturma","\u0130stanbul Teknik \u00dcniversitesi","\u0130T\u00dc","kamu kurumlar\u0131","kamu personeli","liyakat","memur haklar\u0131","memur ma\u011fduriyeti","Mimarl\u0131k Fak\u00fcltesi","personel bask\u0131s\u0131","T\u00fcrkiye g\u00fcndemi","\u00fcniversite haberleri","\u00fcniversite y\u00f6netimi"],"inLanguage":"tr","potentialAction":[{"@type":"CommentAction","name":"Comment","target":["https:\/\/memurunsesi.net\/index.php\/2026\/04\/30\/itu-yonetimine-uyari-niteliginde-cagri-disiplin-sureci-ve-kurumsal-isleyis-tartisma-yaratiyor\/#respond"]}]},{"@type":"WebPage","@id":"https:\/\/memurunsesi.net\/index.php\/2026\/04\/30\/itu-yonetimine-uyari-niteliginde-cagri-disiplin-sureci-ve-kurumsal-isleyis-tartisma-yaratiyor\/","url":"https:\/\/memurunsesi.net\/index.php\/2026\/04\/30\/itu-yonetimine-uyari-niteliginde-cagri-disiplin-sureci-ve-kurumsal-isleyis-tartisma-yaratiyor\/","name":"\u0130T\u00dc Y\u00f6netimine Uyar\u0131 Niteli\u011finde \u00c7a\u011fr\u0131: Disiplin S\u00fcreci ve Kurumsal \u0130\u015fleyi\u015f Tart\u0131\u015fma Yarat\u0131yor - Memurun Sesi","isPartOf":{"@id":"https:\/\/memurunsesi.net\/#website"},"primaryImageOfPage":{"@id":"https:\/\/memurunsesi.net\/index.php\/2026\/04\/30\/itu-yonetimine-uyari-niteliginde-cagri-disiplin-sureci-ve-kurumsal-isleyis-tartisma-yaratiyor\/#primaryimage"},"image":{"@id":"https:\/\/memurunsesi.net\/index.php\/2026\/04\/30\/itu-yonetimine-uyari-niteliginde-cagri-disiplin-sureci-ve-kurumsal-isleyis-tartisma-yaratiyor\/#primaryimage"},"thumbnailUrl":"https:\/\/memurunsesi.net\/wp-content\/uploads\/2026\/04\/itu.jpeg","datePublished":"2026-04-30T19:07:18+00:00","description":"\u0130stanbul Teknik \u00dcniversitesi\u2019nde disiplin s\u00fcreci ve Mimarl\u0131k Fak\u00fcltesi\u2019ne y\u00f6nelik iddialar tart\u0131\u015fma yaratt\u0131. Personel bask\u0131, liyakat ve y\u00f6netim uygulamalar\u0131 mercek alt\u0131nda.","breadcrumb":{"@id":"https:\/\/memurunsesi.net\/index.php\/2026\/04\/30\/itu-yonetimine-uyari-niteliginde-cagri-disiplin-sureci-ve-kurumsal-isleyis-tartisma-yaratiyor\/#breadcrumb"},"inLanguage":"tr","potentialAction":[{"@type":"ReadAction","target":["https:\/\/memurunsesi.net\/index.php\/2026\/04\/30\/itu-yonetimine-uyari-niteliginde-cagri-disiplin-sureci-ve-kurumsal-isleyis-tartisma-yaratiyor\/"]}]},{"@type":"ImageObject","inLanguage":"tr","@id":"https:\/\/memurunsesi.net\/index.php\/2026\/04\/30\/itu-yonetimine-uyari-niteliginde-cagri-disiplin-sureci-ve-kurumsal-isleyis-tartisma-yaratiyor\/#primaryimage","url":"https:\/\/memurunsesi.net\/wp-content\/uploads\/2026\/04\/itu.jpeg","contentUrl":"https:\/\/memurunsesi.net\/wp-content\/uploads\/2026\/04\/itu.jpeg","width":1536,"height":1024},{"@type":"BreadcrumbList","@id":"https:\/\/memurunsesi.net\/index.php\/2026\/04\/30\/itu-yonetimine-uyari-niteliginde-cagri-disiplin-sureci-ve-kurumsal-isleyis-tartisma-yaratiyor\/#breadcrumb","itemListElement":[{"@type":"ListItem","position":1,"name":"Anasayfa","item":"https:\/\/memurunsesi.net\/"},{"@type":"ListItem","position":2,"name":"\u0130T\u00dc Y\u00f6netimine Uyar\u0131 Niteli\u011finde \u00c7a\u011fr\u0131: Disiplin S\u00fcreci ve Kurumsal \u0130\u015fleyi\u015f Tart\u0131\u015fma Yarat\u0131yor"}]},{"@type":"WebSite","@id":"https:\/\/memurunsesi.net\/#website","url":"https:\/\/memurunsesi.net\/","name":"Memurun Sesi","description":"G\u00fcncel ve Do\u011fru Haber","publisher":{"@id":"https:\/\/memurunsesi.net\/#organization"},"potentialAction":[{"@type":"SearchAction","target":{"@type":"EntryPoint","urlTemplate":"https:\/\/memurunsesi.net\/?s={search_term_string}"},"query-input":{"@type":"PropertyValueSpecification","valueRequired":true,"valueName":"search_term_string"}}],"inLanguage":"tr"},{"@type":"Organization","@id":"https:\/\/memurunsesi.net\/#organization","name":"Memurun Sesi","url":"https:\/\/memurunsesi.net\/","logo":{"@type":"ImageObject","inLanguage":"tr","@id":"https:\/\/memurunsesi.net\/#\/schema\/logo\/image\/","url":"https:\/\/memurunsesi.net\/wp-content\/uploads\/2025\/11\/cropped-MEMURUN-SESI.png","contentUrl":"https:\/\/memurunsesi.net\/wp-content\/uploads\/2025\/11\/cropped-MEMURUN-SESI.png","width":238,"height":57,"caption":"Memurun Sesi"},"image":{"@id":"https:\/\/memurunsesi.net\/#\/schema\/logo\/image\/"},"sameAs":["https:\/\/www.facebook.com\/unipersen\/?locale=tr_TR","https:\/\/x.com\/unipersen"]},{"@type":"Person","@id":"https:\/\/memurunsesi.net\/#\/schema\/person\/f21c2d73b89f6ee1d80b0a1803e38587","name":"Memurun Sesi Haber Merkezi","image":{"@type":"ImageObject","inLanguage":"tr","@id":"https:\/\/secure.gravatar.com\/avatar\/6cf0505f452ee753f485014986fab09a434671d2b919ee76fc541025c5876a70?s=96&d=mm&r=g","url":"https:\/\/secure.gravatar.com\/avatar\/6cf0505f452ee753f485014986fab09a434671d2b919ee76fc541025c5876a70?s=96&d=mm&r=g","contentUrl":"https:\/\/secure.gravatar.com\/avatar\/6cf0505f452ee753f485014986fab09a434671d2b919ee76fc541025c5876a70?s=96&d=mm&r=g","caption":"Memurun Sesi Haber Merkezi"},"sameAs":["https:\/\/memurunsesi.net"],"url":"https:\/\/memurunsesi.net\/index.php\/author\/uniper\/"}]}},"_links":{"self":[{"href":"https:\/\/memurunsesi.net\/index.php\/wp-json\/wp\/v2\/posts\/19807","targetHints":{"allow":["GET"]}}],"collection":[{"href":"https:\/\/memurunsesi.net\/index.php\/wp-json\/wp\/v2\/posts"}],"about":[{"href":"https:\/\/memurunsesi.net\/index.php\/wp-json\/wp\/v2\/types\/post"}],"author":[{"embeddable":true,"href":"https:\/\/memurunsesi.net\/index.php\/wp-json\/wp\/v2\/users\/1"}],"replies":[{"embeddable":true,"href":"https:\/\/memurunsesi.net\/index.php\/wp-json\/wp\/v2\/comments?post=19807"}],"version-history":[{"count":1,"href":"https:\/\/memurunsesi.net\/index.php\/wp-json\/wp\/v2\/posts\/19807\/revisions"}],"predecessor-version":[{"id":19809,"href":"https:\/\/memurunsesi.net\/index.php\/wp-json\/wp\/v2\/posts\/19807\/revisions\/19809"}],"wp:featuredmedia":[{"embeddable":true,"href":"https:\/\/memurunsesi.net\/index.php\/wp-json\/wp\/v2\/media\/19808"}],"wp:attachment":[{"href":"https:\/\/memurunsesi.net\/index.php\/wp-json\/wp\/v2\/media?parent=19807"}],"wp:term":[{"taxonomy":"category","embeddable":true,"href":"https:\/\/memurunsesi.net\/index.php\/wp-json\/wp\/v2\/categories?post=19807"},{"taxonomy":"post_tag","embeddable":true,"href":"https:\/\/memurunsesi.net\/index.php\/wp-json\/wp\/v2\/tags?post=19807"}],"curies":[{"name":"wp","href":"https:\/\/api.w.org\/{rel}","templated":true}]}}