{"id":19813,"date":"2026-05-01T02:46:23","date_gmt":"2026-04-30T23:46:23","guid":{"rendered":"https:\/\/memurunsesi.net\/?p=19813"},"modified":"2026-05-01T02:46:23","modified_gmt":"2026-04-30T23:46:23","slug":"adanada-zincirleme-kaza-1-olu-4-yarali","status":"publish","type":"post","link":"https:\/\/memurunsesi.net\/index.php\/2026\/05\/01\/adanada-zincirleme-kaza-1-olu-4-yarali\/","title":{"rendered":"Adana&#8217;da zincirleme kaza: 1 \u00f6l\u00fc, 4 yaral\u0131"},"content":{"rendered":"<p>&#8211; Kazaya sebebiyet verdi\u011fi iddia edilen s\u00fcr\u00fcc\u00fc olay yerinden ka\u00e7t\u0131<\/p>\n<p>Adana&#8217;n\u0131n Kozan il\u00e7esinde \u00fc\u00e7 arac\u0131n kar\u0131\u015ft\u0131\u011f\u0131 zincirleme kazada 1 ki\u015fi hayat\u0131n\u0131 kaybederken, 4 ki\u015fi yaraland\u0131. Kazaya sebebiyet verdi\u011fi \u00f6ne s\u00fcr\u00fclen s\u00fcr\u00fcc\u00fc ise olay yerinden ka\u00e7arak izini kaybettirdi.<br \/>\nKaza, saat 22.00 s\u0131ralar\u0131nda Kozan il\u00e7esine ba\u011fl\u0131 \u00c7anakl\u0131 Mahallesi G\u00fcneri Caddesi&#8217;nde meydana geldi. Al\u0131nan bilgiye g\u00f6re, O.M. y\u00f6netimindeki 01 BFL 527 plakal\u0131 otomobilin direksiyon h\u00e2kimiyetini kaybetti. Kontrolden \u00e7\u0131kan otomobil, yol kenar\u0131nda duran T.A.&#8217;ya ait 01 AVJ 096 plakal\u0131 araca ard\u0131ndan Yakup A\u011fca kontrol\u00fcndeki 01 BBM 259 plakal\u0131 otomobile \u00e7arpt\u0131. Kazada 01 BBM 259 plakal\u0131 ara\u00e7ta bulunan G\u00fclseren A\u011fca (64) ve di\u011fer 4 yaral\u0131 hastaneye kald\u0131r\u0131ld\u0131. Kozan Devlet Hastanesinde yap\u0131lan t\u00fcm m\u00fcdahalelere ra\u011fmen G\u00fclseren A\u011fca kurtar\u0131lamad\u0131. Di\u011fer ara\u00e7larda bulunan 4 yaral\u0131n\u0131n ise hastanedeki tedavilerinin devam etti\u011fi \u00f6\u011frenildi.<br \/>\nZincirleme kazaya sebebiyet veren O.M., kaza sonras\u0131 olay yerinden ka\u00e7t\u0131. Polis, O.M.&#8217;yi yakalamak i\u00e7in \u00e7al\u0131\u015fma ba\u015flatt\u0131.<\/p>\n<p>1.05.2026<\/p>\n","protected":false},"excerpt":{"rendered":"<p>&#8211; Kazaya sebebiyet verdi\u011fi iddia edilen s\u00fcr\u00fcc\u00fc olay yerinden ka\u00e7t\u0131 Adana&#8217;n\u0131n Kozan il\u00e7esinde \u00fc\u00e7 arac\u0131n kar\u0131\u015ft\u0131\u011f\u0131 zincirleme kazada 1 ki\u015fi hayat\u0131n\u0131 kaybederken, 4 ki\u015fi yaraland\u0131. Kazaya sebebiyet verdi\u011fi \u00f6ne s\u00fcr\u00fclen s\u00fcr\u00fcc\u00fc ise olay yerinden ka\u00e7arak izini kaybettirdi. Kaza, saat 22.00 s\u0131ralar\u0131nda Kozan il\u00e7esine ba\u011fl\u0131 \u00c7anakl\u0131 Mahallesi G\u00fcneri Caddesi&#8217;nde meydana geldi. Al\u0131nan bilgiye g\u00f6re, O.M. y\u00f6netimindeki [&hellip;]<\/p>\n","protected":false},"author":1,"featured_media":19814,"comment_status":"open","ping_status":"open","sticky":false,"template":"","format":"standard","meta":{"footnotes":""},"categories":[50],"tags":[3762,3321,3760,3761],"class_list":["post-19813","post","type-post","status-publish","format-standard","has-post-thumbnail","hentry","category-tum-haberler","tag-1-kisi-hayatini-kaybederken","tag-4-kisi-yaralandi","tag-uc-aracin-karistigi","tag-zincirleme-kazada"],"yoast_head":"<!-- This site is optimized with the Yoast SEO plugin v27.4 - https:\/\/yoast.com\/product\/yoast-seo-wordpress\/ -->\n<title>Adana&#039;da zincirleme kaza: 1 \u00f6l\u00fc, 4 yaral\u0131 - Memurun Sesi<\/title>\n<meta name=\"description\" content=\"\u00a0Adana&#039;n\u0131n Kozan il\u00e7esinde \u00fc\u00e7 arac\u0131n kar\u0131\u015ft\u0131\u011f\u0131 zincirleme kazada 1 ki\u015fi hayat\u0131n\u0131 kaybederken, 4 ki\u015fi yaraland\u0131. Kazaya sebebiyet verdi\u011fi \u00f6ne s\u00fcr\u00fclen s\u00fcr\u00fcc\u00fc ise olay yerinden ka\u00e7arak izini kaybettirdi.\" \/>\n<meta name=\"robots\" content=\"index, follow, max-snippet:-1, max-image-preview:large, max-video-preview:-1\" \/>\n<link rel=\"canonical\" href=\"https:\/\/memurunsesi.net\/index.php\/2026\/05\/01\/adanada-zincirleme-kaza-1-olu-4-yarali\/\" \/>\n<meta property=\"og:locale\" content=\"tr_TR\" \/>\n<meta property=\"og:type\" content=\"article\" \/>\n<meta property=\"og:title\" content=\"Adana&#039;da zincirleme kaza: 1 \u00f6l\u00fc, 4 yaral\u0131 - Memurun Sesi\" \/>\n<meta property=\"og:description\" content=\"\u00a0Adana&#039;n\u0131n Kozan il\u00e7esinde \u00fc\u00e7 arac\u0131n kar\u0131\u015ft\u0131\u011f\u0131 zincirleme kazada 1 ki\u015fi hayat\u0131n\u0131 kaybederken, 4 ki\u015fi yaraland\u0131. Kazaya sebebiyet verdi\u011fi \u00f6ne s\u00fcr\u00fclen s\u00fcr\u00fcc\u00fc ise olay yerinden ka\u00e7arak izini kaybettirdi.\" \/>\n<meta property=\"og:url\" content=\"https:\/\/memurunsesi.net\/index.php\/2026\/05\/01\/adanada-zincirleme-kaza-1-olu-4-yarali\/\" \/>\n<meta property=\"og:site_name\" content=\"Memurun Sesi\" \/>\n<meta property=\"article:publisher\" content=\"https:\/\/www.facebook.com\/unipersen\/?locale=tr_TR\" \/>\n<meta property=\"article:published_time\" content=\"2026-04-30T23:46:23+00:00\" \/>\n<meta property=\"og:image\" content=\"https:\/\/memurunsesi.net\/wp-content\/uploads\/2026\/05\/adana-2.jpg\" \/>\n\t<meta property=\"og:image:width\" content=\"1920\" \/>\n\t<meta property=\"og:image:height\" content=\"1080\" \/>\n\t<meta property=\"og:image:type\" content=\"image\/jpeg\" \/>\n<meta name=\"author\" content=\"Memurun Sesi Haber Merkezi\" \/>\n<meta name=\"twitter:card\" content=\"summary_large_image\" \/>\n<meta name=\"twitter:creator\" content=\"@unipersen\" \/>\n<meta name=\"twitter:site\" content=\"@unipersen\" \/>\n<meta name=\"twitter:label1\" content=\"Yazan:\" \/>\n\t<meta name=\"twitter:data1\" content=\"Memurun Sesi Haber Merkezi\" \/>\n\t<meta name=\"twitter:label2\" content=\"Tahmini okuma s\u00fcresi\" \/>\n\t<meta name=\"twitter:data2\" content=\"2 dakika\" \/>\n<script type=\"application\/ld+json\" class=\"yoast-schema-graph\">{\"@context\":\"https:\\\/\\\/schema.org\",\"@graph\":[{\"@type\":\"Article\",\"@id\":\"https:\\\/\\\/memurunsesi.net\\\/index.php\\\/2026\\\/05\\\/01\\\/adanada-zincirleme-kaza-1-olu-4-yarali\\\/#article\",\"isPartOf\":{\"@id\":\"https:\\\/\\\/memurunsesi.net\\\/index.php\\\/2026\\\/05\\\/01\\\/adanada-zincirleme-kaza-1-olu-4-yarali\\\/\"},\"author\":{\"name\":\"Memurun Sesi Haber Merkezi\",\"@id\":\"https:\\\/\\\/memurunsesi.net\\\/#\\\/schema\\\/person\\\/f21c2d73b89f6ee1d80b0a1803e38587\"},\"headline\":\"Adana&#8217;da zincirleme kaza: 1 \u00f6l\u00fc, 4 yaral\u0131\",\"datePublished\":\"2026-04-30T23:46:23+00:00\",\"mainEntityOfPage\":{\"@id\":\"https:\\\/\\\/memurunsesi.net\\\/index.php\\\/2026\\\/05\\\/01\\\/adanada-zincirleme-kaza-1-olu-4-yarali\\\/\"},\"wordCount\":190,\"commentCount\":0,\"publisher\":{\"@id\":\"https:\\\/\\\/memurunsesi.net\\\/#organization\"},\"image\":{\"@id\":\"https:\\\/\\\/memurunsesi.net\\\/index.php\\\/2026\\\/05\\\/01\\\/adanada-zincirleme-kaza-1-olu-4-yarali\\\/#primaryimage\"},\"thumbnailUrl\":\"https:\\\/\\\/memurunsesi.net\\\/wp-content\\\/uploads\\\/2026\\\/05\\\/adana-2.jpg\",\"keywords\":[\"1 ki\u015fi hayat\u0131n\u0131 kaybederken\",\"4 ki\u015fi yaraland\u0131.\",\"\u00fc\u00e7 arac\u0131n kar\u0131\u015ft\u0131\u011f\u0131\",\"zincirleme kazada\"],\"articleSection\":[\"T\u00fcm Haberler\"],\"inLanguage\":\"tr\",\"potentialAction\":[{\"@type\":\"CommentAction\",\"name\":\"Comment\",\"target\":[\"https:\\\/\\\/memurunsesi.net\\\/index.php\\\/2026\\\/05\\\/01\\\/adanada-zincirleme-kaza-1-olu-4-yarali\\\/#respond\"]}]},{\"@type\":\"WebPage\",\"@id\":\"https:\\\/\\\/memurunsesi.net\\\/index.php\\\/2026\\\/05\\\/01\\\/adanada-zincirleme-kaza-1-olu-4-yarali\\\/\",\"url\":\"https:\\\/\\\/memurunsesi.net\\\/index.php\\\/2026\\\/05\\\/01\\\/adanada-zincirleme-kaza-1-olu-4-yarali\\\/\",\"name\":\"Adana'da zincirleme kaza: 1 \u00f6l\u00fc, 4 yaral\u0131 - Memurun Sesi\",\"isPartOf\":{\"@id\":\"https:\\\/\\\/memurunsesi.net\\\/#website\"},\"primaryImageOfPage\":{\"@id\":\"https:\\\/\\\/memurunsesi.net\\\/index.php\\\/2026\\\/05\\\/01\\\/adanada-zincirleme-kaza-1-olu-4-yarali\\\/#primaryimage\"},\"image\":{\"@id\":\"https:\\\/\\\/memurunsesi.net\\\/index.php\\\/2026\\\/05\\\/01\\\/adanada-zincirleme-kaza-1-olu-4-yarali\\\/#primaryimage\"},\"thumbnailUrl\":\"https:\\\/\\\/memurunsesi.net\\\/wp-content\\\/uploads\\\/2026\\\/05\\\/adana-2.jpg\",\"datePublished\":\"2026-04-30T23:46:23+00:00\",\"description\":\"\u00a0Adana'n\u0131n Kozan il\u00e7esinde \u00fc\u00e7 arac\u0131n kar\u0131\u015ft\u0131\u011f\u0131 zincirleme kazada 1 ki\u015fi hayat\u0131n\u0131 kaybederken, 4 ki\u015fi yaraland\u0131. Kazaya sebebiyet verdi\u011fi \u00f6ne s\u00fcr\u00fclen s\u00fcr\u00fcc\u00fc ise olay yerinden ka\u00e7arak izini kaybettirdi.\",\"breadcrumb\":{\"@id\":\"https:\\\/\\\/memurunsesi.net\\\/index.php\\\/2026\\\/05\\\/01\\\/adanada-zincirleme-kaza-1-olu-4-yarali\\\/#breadcrumb\"},\"inLanguage\":\"tr\",\"potentialAction\":[{\"@type\":\"ReadAction\",\"target\":[\"https:\\\/\\\/memurunsesi.net\\\/index.php\\\/2026\\\/05\\\/01\\\/adanada-zincirleme-kaza-1-olu-4-yarali\\\/\"]}]},{\"@type\":\"ImageObject\",\"inLanguage\":\"tr\",\"@id\":\"https:\\\/\\\/memurunsesi.net\\\/index.php\\\/2026\\\/05\\\/01\\\/adanada-zincirleme-kaza-1-olu-4-yarali\\\/#primaryimage\",\"url\":\"https:\\\/\\\/memurunsesi.net\\\/wp-content\\\/uploads\\\/2026\\\/05\\\/adana-2.jpg\",\"contentUrl\":\"https:\\\/\\\/memurunsesi.net\\\/wp-content\\\/uploads\\\/2026\\\/05\\\/adana-2.jpg\",\"width\":1920,\"height\":1080,\"caption\":\"ADANA'NIN KOZAN \u0130L\u00c7ES\u0130NDE 3 ARACIN KARI\u015eTI\u011eI Z\u0130NC\u0130RLEMEDE KAZADA 1 K\u0130\u015e\u0130 \u00d6L\u00dcRKEN 4 K\u0130\u015e\u0130 YARALANDI. Z\u0130NC\u0130RLEME KAZAYA SEBEB\u0130YET VERD\u0130\u011e\u0130 \u00d6NE S\u00dcR\u00dcLEN S\u00dcR\u00dcC\u00dc \u0130SE KAZA YER\u0130NDEN KA\u00c7ARAK \u0130Z\u0130N\u0130 KAYBETT\u0130RD\u0130. (BER\u0130L SOLMU\u015eG\u00dcL - FARUK Y\u0130\u011eENO\u011eLU\\\/ADANA-\u0130HA) Adana'n\u0131n Kozan il\u00e7esinde \u00fc\u00e7 arac\u0131n kar\u0131\u015ft\u0131\u011f\u0131 zincirleme kazada 1 ki\u015fi hayat\u0131n\u0131 kaybederken, 4 ki\u015fi yaraland\u0131. Kazaya sebebiyet verdi\u011fi \u00f6ne s\u00fcr\u00fclen s\u00fcr\u00fcc\u00fc ise olay yerinden ka\u00e7arak izini kaybettirdi.\"},{\"@type\":\"BreadcrumbList\",\"@id\":\"https:\\\/\\\/memurunsesi.net\\\/index.php\\\/2026\\\/05\\\/01\\\/adanada-zincirleme-kaza-1-olu-4-yarali\\\/#breadcrumb\",\"itemListElement\":[{\"@type\":\"ListItem\",\"position\":1,\"name\":\"Anasayfa\",\"item\":\"https:\\\/\\\/memurunsesi.net\\\/\"},{\"@type\":\"ListItem\",\"position\":2,\"name\":\"Adana&#8217;da zincirleme kaza: 1 \u00f6l\u00fc, 4 yaral\u0131\"}]},{\"@type\":\"WebSite\",\"@id\":\"https:\\\/\\\/memurunsesi.net\\\/#website\",\"url\":\"https:\\\/\\\/memurunsesi.net\\\/\",\"name\":\"Memurun Sesi\",\"description\":\"G\u00fcncel ve Do\u011fru Haber\",\"publisher\":{\"@id\":\"https:\\\/\\\/memurunsesi.net\\\/#organization\"},\"potentialAction\":[{\"@type\":\"SearchAction\",\"target\":{\"@type\":\"EntryPoint\",\"urlTemplate\":\"https:\\\/\\\/memurunsesi.net\\\/?s={search_term_string}\"},\"query-input\":{\"@type\":\"PropertyValueSpecification\",\"valueRequired\":true,\"valueName\":\"search_term_string\"}}],\"inLanguage\":\"tr\"},{\"@type\":\"Organization\",\"@id\":\"https:\\\/\\\/memurunsesi.net\\\/#organization\",\"name\":\"Memurun Sesi\",\"url\":\"https:\\\/\\\/memurunsesi.net\\\/\",\"logo\":{\"@type\":\"ImageObject\",\"inLanguage\":\"tr\",\"@id\":\"https:\\\/\\\/memurunsesi.net\\\/#\\\/schema\\\/logo\\\/image\\\/\",\"url\":\"https:\\\/\\\/memurunsesi.net\\\/wp-content\\\/uploads\\\/2025\\\/11\\\/cropped-MEMURUN-SESI.png\",\"contentUrl\":\"https:\\\/\\\/memurunsesi.net\\\/wp-content\\\/uploads\\\/2025\\\/11\\\/cropped-MEMURUN-SESI.png\",\"width\":238,\"height\":57,\"caption\":\"Memurun Sesi\"},\"image\":{\"@id\":\"https:\\\/\\\/memurunsesi.net\\\/#\\\/schema\\\/logo\\\/image\\\/\"},\"sameAs\":[\"https:\\\/\\\/www.facebook.com\\\/unipersen\\\/?locale=tr_TR\",\"https:\\\/\\\/x.com\\\/unipersen\"]},{\"@type\":\"Person\",\"@id\":\"https:\\\/\\\/memurunsesi.net\\\/#\\\/schema\\\/person\\\/f21c2d73b89f6ee1d80b0a1803e38587\",\"name\":\"Memurun Sesi Haber Merkezi\",\"image\":{\"@type\":\"ImageObject\",\"inLanguage\":\"tr\",\"@id\":\"https:\\\/\\\/secure.gravatar.com\\\/avatar\\\/6cf0505f452ee753f485014986fab09a434671d2b919ee76fc541025c5876a70?s=96&d=mm&r=g\",\"url\":\"https:\\\/\\\/secure.gravatar.com\\\/avatar\\\/6cf0505f452ee753f485014986fab09a434671d2b919ee76fc541025c5876a70?s=96&d=mm&r=g\",\"contentUrl\":\"https:\\\/\\\/secure.gravatar.com\\\/avatar\\\/6cf0505f452ee753f485014986fab09a434671d2b919ee76fc541025c5876a70?s=96&d=mm&r=g\",\"caption\":\"Memurun Sesi Haber Merkezi\"},\"sameAs\":[\"https:\\\/\\\/memurunsesi.net\"],\"url\":\"https:\\\/\\\/memurunsesi.net\\\/index.php\\\/author\\\/uniper\\\/\"}]}<\/script>\n<!-- \/ Yoast SEO plugin. -->","yoast_head_json":{"title":"Adana'da zincirleme kaza: 1 \u00f6l\u00fc, 4 yaral\u0131 - Memurun Sesi","description":"\u00a0Adana'n\u0131n Kozan il\u00e7esinde \u00fc\u00e7 arac\u0131n kar\u0131\u015ft\u0131\u011f\u0131 zincirleme kazada 1 ki\u015fi hayat\u0131n\u0131 kaybederken, 4 ki\u015fi yaraland\u0131. Kazaya sebebiyet verdi\u011fi \u00f6ne s\u00fcr\u00fclen s\u00fcr\u00fcc\u00fc ise olay yerinden ka\u00e7arak izini kaybettirdi.","robots":{"index":"index","follow":"follow","max-snippet":"max-snippet:-1","max-image-preview":"max-image-preview:large","max-video-preview":"max-video-preview:-1"},"canonical":"https:\/\/memurunsesi.net\/index.php\/2026\/05\/01\/adanada-zincirleme-kaza-1-olu-4-yarali\/","og_locale":"tr_TR","og_type":"article","og_title":"Adana'da zincirleme kaza: 1 \u00f6l\u00fc, 4 yaral\u0131 - Memurun Sesi","og_description":"\u00a0Adana'n\u0131n Kozan il\u00e7esinde \u00fc\u00e7 arac\u0131n kar\u0131\u015ft\u0131\u011f\u0131 zincirleme kazada 1 ki\u015fi hayat\u0131n\u0131 kaybederken, 4 ki\u015fi yaraland\u0131. Kazaya sebebiyet verdi\u011fi \u00f6ne s\u00fcr\u00fclen s\u00fcr\u00fcc\u00fc ise olay yerinden ka\u00e7arak izini kaybettirdi.","og_url":"https:\/\/memurunsesi.net\/index.php\/2026\/05\/01\/adanada-zincirleme-kaza-1-olu-4-yarali\/","og_site_name":"Memurun Sesi","article_publisher":"https:\/\/www.facebook.com\/unipersen\/?locale=tr_TR","article_published_time":"2026-04-30T23:46:23+00:00","og_image":[{"width":1920,"height":1080,"url":"https:\/\/memurunsesi.net\/wp-content\/uploads\/2026\/05\/adana-2.jpg","type":"image\/jpeg"}],"author":"Memurun Sesi Haber Merkezi","twitter_card":"summary_large_image","twitter_creator":"@unipersen","twitter_site":"@unipersen","twitter_misc":{"Yazan:":"Memurun Sesi Haber Merkezi","Tahmini okuma s\u00fcresi":"2 dakika"},"schema":{"@context":"https:\/\/schema.org","@graph":[{"@type":"Article","@id":"https:\/\/memurunsesi.net\/index.php\/2026\/05\/01\/adanada-zincirleme-kaza-1-olu-4-yarali\/#article","isPartOf":{"@id":"https:\/\/memurunsesi.net\/index.php\/2026\/05\/01\/adanada-zincirleme-kaza-1-olu-4-yarali\/"},"author":{"name":"Memurun Sesi Haber Merkezi","@id":"https:\/\/memurunsesi.net\/#\/schema\/person\/f21c2d73b89f6ee1d80b0a1803e38587"},"headline":"Adana&#8217;da zincirleme kaza: 1 \u00f6l\u00fc, 4 yaral\u0131","datePublished":"2026-04-30T23:46:23+00:00","mainEntityOfPage":{"@id":"https:\/\/memurunsesi.net\/index.php\/2026\/05\/01\/adanada-zincirleme-kaza-1-olu-4-yarali\/"},"wordCount":190,"commentCount":0,"publisher":{"@id":"https:\/\/memurunsesi.net\/#organization"},"image":{"@id":"https:\/\/memurunsesi.net\/index.php\/2026\/05\/01\/adanada-zincirleme-kaza-1-olu-4-yarali\/#primaryimage"},"thumbnailUrl":"https:\/\/memurunsesi.net\/wp-content\/uploads\/2026\/05\/adana-2.jpg","keywords":["1 ki\u015fi hayat\u0131n\u0131 kaybederken","4 ki\u015fi yaraland\u0131.","\u00fc\u00e7 arac\u0131n kar\u0131\u015ft\u0131\u011f\u0131","zincirleme kazada"],"articleSection":["T\u00fcm Haberler"],"inLanguage":"tr","potentialAction":[{"@type":"CommentAction","name":"Comment","target":["https:\/\/memurunsesi.net\/index.php\/2026\/05\/01\/adanada-zincirleme-kaza-1-olu-4-yarali\/#respond"]}]},{"@type":"WebPage","@id":"https:\/\/memurunsesi.net\/index.php\/2026\/05\/01\/adanada-zincirleme-kaza-1-olu-4-yarali\/","url":"https:\/\/memurunsesi.net\/index.php\/2026\/05\/01\/adanada-zincirleme-kaza-1-olu-4-yarali\/","name":"Adana'da zincirleme kaza: 1 \u00f6l\u00fc, 4 yaral\u0131 - Memurun Sesi","isPartOf":{"@id":"https:\/\/memurunsesi.net\/#website"},"primaryImageOfPage":{"@id":"https:\/\/memurunsesi.net\/index.php\/2026\/05\/01\/adanada-zincirleme-kaza-1-olu-4-yarali\/#primaryimage"},"image":{"@id":"https:\/\/memurunsesi.net\/index.php\/2026\/05\/01\/adanada-zincirleme-kaza-1-olu-4-yarali\/#primaryimage"},"thumbnailUrl":"https:\/\/memurunsesi.net\/wp-content\/uploads\/2026\/05\/adana-2.jpg","datePublished":"2026-04-30T23:46:23+00:00","description":"\u00a0Adana'n\u0131n Kozan il\u00e7esinde \u00fc\u00e7 arac\u0131n kar\u0131\u015ft\u0131\u011f\u0131 zincirleme kazada 1 ki\u015fi hayat\u0131n\u0131 kaybederken, 4 ki\u015fi yaraland\u0131. Kazaya sebebiyet verdi\u011fi \u00f6ne s\u00fcr\u00fclen s\u00fcr\u00fcc\u00fc ise olay yerinden ka\u00e7arak izini kaybettirdi.","breadcrumb":{"@id":"https:\/\/memurunsesi.net\/index.php\/2026\/05\/01\/adanada-zincirleme-kaza-1-olu-4-yarali\/#breadcrumb"},"inLanguage":"tr","potentialAction":[{"@type":"ReadAction","target":["https:\/\/memurunsesi.net\/index.php\/2026\/05\/01\/adanada-zincirleme-kaza-1-olu-4-yarali\/"]}]},{"@type":"ImageObject","inLanguage":"tr","@id":"https:\/\/memurunsesi.net\/index.php\/2026\/05\/01\/adanada-zincirleme-kaza-1-olu-4-yarali\/#primaryimage","url":"https:\/\/memurunsesi.net\/wp-content\/uploads\/2026\/05\/adana-2.jpg","contentUrl":"https:\/\/memurunsesi.net\/wp-content\/uploads\/2026\/05\/adana-2.jpg","width":1920,"height":1080,"caption":"ADANA'NIN KOZAN \u0130L\u00c7ES\u0130NDE 3 ARACIN KARI\u015eTI\u011eI Z\u0130NC\u0130RLEMEDE KAZADA 1 K\u0130\u015e\u0130 \u00d6L\u00dcRKEN 4 K\u0130\u015e\u0130 YARALANDI. Z\u0130NC\u0130RLEME KAZAYA SEBEB\u0130YET VERD\u0130\u011e\u0130 \u00d6NE S\u00dcR\u00dcLEN S\u00dcR\u00dcC\u00dc \u0130SE KAZA YER\u0130NDEN KA\u00c7ARAK \u0130Z\u0130N\u0130 KAYBETT\u0130RD\u0130. (BER\u0130L SOLMU\u015eG\u00dcL - FARUK Y\u0130\u011eENO\u011eLU\/ADANA-\u0130HA) Adana'n\u0131n Kozan il\u00e7esinde \u00fc\u00e7 arac\u0131n kar\u0131\u015ft\u0131\u011f\u0131 zincirleme kazada 1 ki\u015fi hayat\u0131n\u0131 kaybederken, 4 ki\u015fi yaraland\u0131. Kazaya sebebiyet verdi\u011fi \u00f6ne s\u00fcr\u00fclen s\u00fcr\u00fcc\u00fc ise olay yerinden ka\u00e7arak izini kaybettirdi."},{"@type":"BreadcrumbList","@id":"https:\/\/memurunsesi.net\/index.php\/2026\/05\/01\/adanada-zincirleme-kaza-1-olu-4-yarali\/#breadcrumb","itemListElement":[{"@type":"ListItem","position":1,"name":"Anasayfa","item":"https:\/\/memurunsesi.net\/"},{"@type":"ListItem","position":2,"name":"Adana&#8217;da zincirleme kaza: 1 \u00f6l\u00fc, 4 yaral\u0131"}]},{"@type":"WebSite","@id":"https:\/\/memurunsesi.net\/#website","url":"https:\/\/memurunsesi.net\/","name":"Memurun Sesi","description":"G\u00fcncel ve Do\u011fru Haber","publisher":{"@id":"https:\/\/memurunsesi.net\/#organization"},"potentialAction":[{"@type":"SearchAction","target":{"@type":"EntryPoint","urlTemplate":"https:\/\/memurunsesi.net\/?s={search_term_string}"},"query-input":{"@type":"PropertyValueSpecification","valueRequired":true,"valueName":"search_term_string"}}],"inLanguage":"tr"},{"@type":"Organization","@id":"https:\/\/memurunsesi.net\/#organization","name":"Memurun Sesi","url":"https:\/\/memurunsesi.net\/","logo":{"@type":"ImageObject","inLanguage":"tr","@id":"https:\/\/memurunsesi.net\/#\/schema\/logo\/image\/","url":"https:\/\/memurunsesi.net\/wp-content\/uploads\/2025\/11\/cropped-MEMURUN-SESI.png","contentUrl":"https:\/\/memurunsesi.net\/wp-content\/uploads\/2025\/11\/cropped-MEMURUN-SESI.png","width":238,"height":57,"caption":"Memurun Sesi"},"image":{"@id":"https:\/\/memurunsesi.net\/#\/schema\/logo\/image\/"},"sameAs":["https:\/\/www.facebook.com\/unipersen\/?locale=tr_TR","https:\/\/x.com\/unipersen"]},{"@type":"Person","@id":"https:\/\/memurunsesi.net\/#\/schema\/person\/f21c2d73b89f6ee1d80b0a1803e38587","name":"Memurun Sesi Haber Merkezi","image":{"@type":"ImageObject","inLanguage":"tr","@id":"https:\/\/secure.gravatar.com\/avatar\/6cf0505f452ee753f485014986fab09a434671d2b919ee76fc541025c5876a70?s=96&d=mm&r=g","url":"https:\/\/secure.gravatar.com\/avatar\/6cf0505f452ee753f485014986fab09a434671d2b919ee76fc541025c5876a70?s=96&d=mm&r=g","contentUrl":"https:\/\/secure.gravatar.com\/avatar\/6cf0505f452ee753f485014986fab09a434671d2b919ee76fc541025c5876a70?s=96&d=mm&r=g","caption":"Memurun Sesi Haber Merkezi"},"sameAs":["https:\/\/memurunsesi.net"],"url":"https:\/\/memurunsesi.net\/index.php\/author\/uniper\/"}]}},"_links":{"self":[{"href":"https:\/\/memurunsesi.net\/index.php\/wp-json\/wp\/v2\/posts\/19813","targetHints":{"allow":["GET"]}}],"collection":[{"href":"https:\/\/memurunsesi.net\/index.php\/wp-json\/wp\/v2\/posts"}],"about":[{"href":"https:\/\/memurunsesi.net\/index.php\/wp-json\/wp\/v2\/types\/post"}],"author":[{"embeddable":true,"href":"https:\/\/memurunsesi.net\/index.php\/wp-json\/wp\/v2\/users\/1"}],"replies":[{"embeddable":true,"href":"https:\/\/memurunsesi.net\/index.php\/wp-json\/wp\/v2\/comments?post=19813"}],"version-history":[{"count":1,"href":"https:\/\/memurunsesi.net\/index.php\/wp-json\/wp\/v2\/posts\/19813\/revisions"}],"predecessor-version":[{"id":19815,"href":"https:\/\/memurunsesi.net\/index.php\/wp-json\/wp\/v2\/posts\/19813\/revisions\/19815"}],"wp:featuredmedia":[{"embeddable":true,"href":"https:\/\/memurunsesi.net\/index.php\/wp-json\/wp\/v2\/media\/19814"}],"wp:attachment":[{"href":"https:\/\/memurunsesi.net\/index.php\/wp-json\/wp\/v2\/media?parent=19813"}],"wp:term":[{"taxonomy":"category","embeddable":true,"href":"https:\/\/memurunsesi.net\/index.php\/wp-json\/wp\/v2\/categories?post=19813"},{"taxonomy":"post_tag","embeddable":true,"href":"https:\/\/memurunsesi.net\/index.php\/wp-json\/wp\/v2\/tags?post=19813"}],"curies":[{"name":"wp","href":"https:\/\/api.w.org\/{rel}","templated":true}]}}