{"id":19816,"date":"2026-05-01T02:49:38","date_gmt":"2026-04-30T23:49:38","guid":{"rendered":"https:\/\/memurunsesi.net\/?p=19816"},"modified":"2026-05-01T02:49:38","modified_gmt":"2026-04-30T23:49:38","slug":"boluda-otomobil-ile-motosiklet-carpisti-1-yarali","status":"publish","type":"post","link":"https:\/\/memurunsesi.net\/index.php\/2026\/05\/01\/boluda-otomobil-ile-motosiklet-carpisti-1-yarali\/","title":{"rendered":"Bolu\u2019da otomobil ile motosiklet \u00e7arp\u0131\u015ft\u0131: 1 yaral\u0131"},"content":{"rendered":"<p>Bolu&#8217;da trafik \u0131\u015f\u0131klar\u0131nda otomobil ile motosikletin \u00e7arp\u0131\u015fmas\u0131 sonucu motosiklet s\u00fcr\u00fcc\u00fcs\u00fc yaraland\u0131.<br \/>\nKaza, gece saatlerinde D-100 karayolu G\u00f6ly\u00fcz\u00fc \u0131\u015f\u0131klar\u0131 mevkisinde meydana geldi. Edinilen bilgilere g\u00f6re, \u0131\u015f\u0131klardan hareket eden M.A. idaresindeki 14 ADM 870 plakal\u0131 motosiklet ile ayn\u0131 y\u00f6nde seyreden \u0130.\u00c7. y\u00f6netimindeki 27 BEY 776 plakal\u0131 otomobil, ya\u011f\u0131\u015f nedeniyle kayganla\u015fan yolda duramayarak \u00e7arp\u0131\u015ft\u0131. \u00c7arp\u0131\u015fman\u0131n etkisiyle motosiklet s\u00fcr\u00fcc\u00fcs\u00fc yaraland\u0131.\u0130hbar \u00fczerine olay yerine sa\u011fl\u0131k ve polis ekipleri sevk edildi. Sa\u011fl\u0131k ekiplerince ilk m\u00fcdahalesi yap\u0131lan yaral\u0131, ambulansla K\u00f6ro\u011flu Devlet Hastanesi\u2019ne kald\u0131r\u0131ld\u0131.<br \/>\nKazayla ilgili inceleme ba\u015flat\u0131ld\u0131.<\/p>\n<p>1.05.2026<\/p>\n","protected":false},"excerpt":{"rendered":"<p>Bolu&#8217;da trafik \u0131\u015f\u0131klar\u0131nda otomobil ile motosikletin \u00e7arp\u0131\u015fmas\u0131 sonucu motosiklet s\u00fcr\u00fcc\u00fcs\u00fc yaraland\u0131. Kaza, gece saatlerinde D-100 karayolu G\u00f6ly\u00fcz\u00fc \u0131\u015f\u0131klar\u0131 mevkisinde meydana geldi. Edinilen bilgilere g\u00f6re, \u0131\u015f\u0131klardan hareket eden M.A. idaresindeki 14 ADM 870 plakal\u0131 motosiklet ile ayn\u0131 y\u00f6nde seyreden \u0130.\u00c7. y\u00f6netimindeki 27 BEY 776 plakal\u0131 otomobil, ya\u011f\u0131\u015f nedeniyle kayganla\u015fan yolda duramayarak \u00e7arp\u0131\u015ft\u0131. \u00c7arp\u0131\u015fman\u0131n etkisiyle motosiklet s\u00fcr\u00fcc\u00fcs\u00fc [&hellip;]<\/p>\n","protected":false},"author":1,"featured_media":19817,"comment_status":"open","ping_status":"open","sticky":false,"template":"","format":"standard","meta":{"footnotes":""},"categories":[45],"tags":[2565,70,3763,232,72,187],"class_list":["post-19816","post","type-post","status-publish","format-standard","has-post-thumbnail","hentry","category-gundem","tag-1-kisi-yarali","tag-kaza","tag-motot","tag-otomobil","tag-trafik","tag-trafik-kazasi"],"yoast_head":"<!-- This site is optimized with the Yoast SEO plugin v27.4 - https:\/\/yoast.com\/product\/yoast-seo-wordpress\/ -->\n<title>Bolu\u2019da otomobil ile motosiklet \u00e7arp\u0131\u015ft\u0131: 1 yaral\u0131 - Memurun Sesi<\/title>\n<meta name=\"description\" content=\"Bolu&#039;da trafik \u0131\u015f\u0131klar\u0131nda otomobil ile motosikletin \u00e7arp\u0131\u015fmas\u0131 sonucu motosiklet s\u00fcr\u00fcc\u00fcs\u00fc yaraland\u0131.\" \/>\n<meta name=\"robots\" content=\"index, follow, max-snippet:-1, max-image-preview:large, max-video-preview:-1\" \/>\n<link rel=\"canonical\" href=\"https:\/\/memurunsesi.net\/index.php\/2026\/05\/01\/boluda-otomobil-ile-motosiklet-carpisti-1-yarali\/\" \/>\n<meta property=\"og:locale\" content=\"tr_TR\" \/>\n<meta property=\"og:type\" content=\"article\" \/>\n<meta property=\"og:title\" content=\"Bolu\u2019da otomobil ile motosiklet \u00e7arp\u0131\u015ft\u0131: 1 yaral\u0131 - Memurun Sesi\" \/>\n<meta property=\"og:description\" content=\"Bolu&#039;da trafik \u0131\u015f\u0131klar\u0131nda otomobil ile motosikletin \u00e7arp\u0131\u015fmas\u0131 sonucu motosiklet s\u00fcr\u00fcc\u00fcs\u00fc yaraland\u0131.\" \/>\n<meta property=\"og:url\" content=\"https:\/\/memurunsesi.net\/index.php\/2026\/05\/01\/boluda-otomobil-ile-motosiklet-carpisti-1-yarali\/\" \/>\n<meta property=\"og:site_name\" content=\"Memurun Sesi\" \/>\n<meta property=\"article:publisher\" content=\"https:\/\/www.facebook.com\/unipersen\/?locale=tr_TR\" \/>\n<meta property=\"article:published_time\" content=\"2026-04-30T23:49:38+00:00\" \/>\n<meta property=\"og:image\" content=\"https:\/\/memurunsesi.net\/wp-content\/uploads\/2026\/05\/motor-2-scaled.jpg\" \/>\n\t<meta property=\"og:image:width\" content=\"2560\" \/>\n\t<meta property=\"og:image:height\" content=\"1440\" \/>\n\t<meta property=\"og:image:type\" content=\"image\/jpeg\" \/>\n<meta name=\"author\" content=\"Memurun Sesi Haber Merkezi\" \/>\n<meta name=\"twitter:card\" content=\"summary_large_image\" \/>\n<meta name=\"twitter:creator\" content=\"@unipersen\" \/>\n<meta name=\"twitter:site\" content=\"@unipersen\" \/>\n<meta name=\"twitter:label1\" content=\"Yazan:\" \/>\n\t<meta name=\"twitter:data1\" content=\"Memurun Sesi Haber Merkezi\" \/>\n\t<meta name=\"twitter:label2\" content=\"Tahmini okuma s\u00fcresi\" \/>\n\t<meta name=\"twitter:data2\" content=\"1 dakika\" \/>\n<script type=\"application\/ld+json\" class=\"yoast-schema-graph\">{\"@context\":\"https:\\\/\\\/schema.org\",\"@graph\":[{\"@type\":\"Article\",\"@id\":\"https:\\\/\\\/memurunsesi.net\\\/index.php\\\/2026\\\/05\\\/01\\\/boluda-otomobil-ile-motosiklet-carpisti-1-yarali\\\/#article\",\"isPartOf\":{\"@id\":\"https:\\\/\\\/memurunsesi.net\\\/index.php\\\/2026\\\/05\\\/01\\\/boluda-otomobil-ile-motosiklet-carpisti-1-yarali\\\/\"},\"author\":{\"name\":\"Memurun Sesi Haber Merkezi\",\"@id\":\"https:\\\/\\\/memurunsesi.net\\\/#\\\/schema\\\/person\\\/f21c2d73b89f6ee1d80b0a1803e38587\"},\"headline\":\"Bolu\u2019da otomobil ile motosiklet \u00e7arp\u0131\u015ft\u0131: 1 yaral\u0131\",\"datePublished\":\"2026-04-30T23:49:38+00:00\",\"mainEntityOfPage\":{\"@id\":\"https:\\\/\\\/memurunsesi.net\\\/index.php\\\/2026\\\/05\\\/01\\\/boluda-otomobil-ile-motosiklet-carpisti-1-yarali\\\/\"},\"wordCount\":116,\"commentCount\":0,\"publisher\":{\"@id\":\"https:\\\/\\\/memurunsesi.net\\\/#organization\"},\"image\":{\"@id\":\"https:\\\/\\\/memurunsesi.net\\\/index.php\\\/2026\\\/05\\\/01\\\/boluda-otomobil-ile-motosiklet-carpisti-1-yarali\\\/#primaryimage\"},\"thumbnailUrl\":\"https:\\\/\\\/memurunsesi.net\\\/wp-content\\\/uploads\\\/2026\\\/05\\\/motor-2-scaled.jpg\",\"keywords\":[\"1 ki\u015fi yaral\u0131\",\"kaza\",\"motot\",\"OTOMOB\u0130L\",\"trafik\",\"trafik kazas\u0131\"],\"articleSection\":[\"G\u00fcndem\"],\"inLanguage\":\"tr\",\"potentialAction\":[{\"@type\":\"CommentAction\",\"name\":\"Comment\",\"target\":[\"https:\\\/\\\/memurunsesi.net\\\/index.php\\\/2026\\\/05\\\/01\\\/boluda-otomobil-ile-motosiklet-carpisti-1-yarali\\\/#respond\"]}]},{\"@type\":\"WebPage\",\"@id\":\"https:\\\/\\\/memurunsesi.net\\\/index.php\\\/2026\\\/05\\\/01\\\/boluda-otomobil-ile-motosiklet-carpisti-1-yarali\\\/\",\"url\":\"https:\\\/\\\/memurunsesi.net\\\/index.php\\\/2026\\\/05\\\/01\\\/boluda-otomobil-ile-motosiklet-carpisti-1-yarali\\\/\",\"name\":\"Bolu\u2019da otomobil ile motosiklet \u00e7arp\u0131\u015ft\u0131: 1 yaral\u0131 - Memurun Sesi\",\"isPartOf\":{\"@id\":\"https:\\\/\\\/memurunsesi.net\\\/#website\"},\"primaryImageOfPage\":{\"@id\":\"https:\\\/\\\/memurunsesi.net\\\/index.php\\\/2026\\\/05\\\/01\\\/boluda-otomobil-ile-motosiklet-carpisti-1-yarali\\\/#primaryimage\"},\"image\":{\"@id\":\"https:\\\/\\\/memurunsesi.net\\\/index.php\\\/2026\\\/05\\\/01\\\/boluda-otomobil-ile-motosiklet-carpisti-1-yarali\\\/#primaryimage\"},\"thumbnailUrl\":\"https:\\\/\\\/memurunsesi.net\\\/wp-content\\\/uploads\\\/2026\\\/05\\\/motor-2-scaled.jpg\",\"datePublished\":\"2026-04-30T23:49:38+00:00\",\"description\":\"Bolu'da trafik \u0131\u015f\u0131klar\u0131nda otomobil ile motosikletin \u00e7arp\u0131\u015fmas\u0131 sonucu motosiklet s\u00fcr\u00fcc\u00fcs\u00fc yaraland\u0131.\",\"breadcrumb\":{\"@id\":\"https:\\\/\\\/memurunsesi.net\\\/index.php\\\/2026\\\/05\\\/01\\\/boluda-otomobil-ile-motosiklet-carpisti-1-yarali\\\/#breadcrumb\"},\"inLanguage\":\"tr\",\"potentialAction\":[{\"@type\":\"ReadAction\",\"target\":[\"https:\\\/\\\/memurunsesi.net\\\/index.php\\\/2026\\\/05\\\/01\\\/boluda-otomobil-ile-motosiklet-carpisti-1-yarali\\\/\"]}]},{\"@type\":\"ImageObject\",\"inLanguage\":\"tr\",\"@id\":\"https:\\\/\\\/memurunsesi.net\\\/index.php\\\/2026\\\/05\\\/01\\\/boluda-otomobil-ile-motosiklet-carpisti-1-yarali\\\/#primaryimage\",\"url\":\"https:\\\/\\\/memurunsesi.net\\\/wp-content\\\/uploads\\\/2026\\\/05\\\/motor-2-scaled.jpg\",\"contentUrl\":\"https:\\\/\\\/memurunsesi.net\\\/wp-content\\\/uploads\\\/2026\\\/05\\\/motor-2-scaled.jpg\",\"width\":2560,\"height\":1440,\"caption\":\"BOLU'DA TRAF\u0130K I\u015eIKLARINDA OTOMOB\u0130L \u0130LE MOTOS\u0130KLET\u0130N \u00c7ARPI\u015eMASI SONUCU MOTOS\u0130KLET S\u00dcR\u00dcC\u00dcS\u00dc YARALANDI. (YA\u011eIZ EKMEN\\\/BOLU-\u0130HA) Bolu'da trafik \u0131\u015f\u0131klar\u0131nda otomobil ile motosikletin \u00e7arp\u0131\u015fmas\u0131 sonucu motosiklet s\u00fcr\u00fcc\u00fcs\u00fc yaraland\u0131.\"},{\"@type\":\"BreadcrumbList\",\"@id\":\"https:\\\/\\\/memurunsesi.net\\\/index.php\\\/2026\\\/05\\\/01\\\/boluda-otomobil-ile-motosiklet-carpisti-1-yarali\\\/#breadcrumb\",\"itemListElement\":[{\"@type\":\"ListItem\",\"position\":1,\"name\":\"Anasayfa\",\"item\":\"https:\\\/\\\/memurunsesi.net\\\/\"},{\"@type\":\"ListItem\",\"position\":2,\"name\":\"Bolu\u2019da otomobil ile motosiklet \u00e7arp\u0131\u015ft\u0131: 1 yaral\u0131\"}]},{\"@type\":\"WebSite\",\"@id\":\"https:\\\/\\\/memurunsesi.net\\\/#website\",\"url\":\"https:\\\/\\\/memurunsesi.net\\\/\",\"name\":\"Memurun Sesi\",\"description\":\"G\u00fcncel ve Do\u011fru Haber\",\"publisher\":{\"@id\":\"https:\\\/\\\/memurunsesi.net\\\/#organization\"},\"potentialAction\":[{\"@type\":\"SearchAction\",\"target\":{\"@type\":\"EntryPoint\",\"urlTemplate\":\"https:\\\/\\\/memurunsesi.net\\\/?s={search_term_string}\"},\"query-input\":{\"@type\":\"PropertyValueSpecification\",\"valueRequired\":true,\"valueName\":\"search_term_string\"}}],\"inLanguage\":\"tr\"},{\"@type\":\"Organization\",\"@id\":\"https:\\\/\\\/memurunsesi.net\\\/#organization\",\"name\":\"Memurun Sesi\",\"url\":\"https:\\\/\\\/memurunsesi.net\\\/\",\"logo\":{\"@type\":\"ImageObject\",\"inLanguage\":\"tr\",\"@id\":\"https:\\\/\\\/memurunsesi.net\\\/#\\\/schema\\\/logo\\\/image\\\/\",\"url\":\"https:\\\/\\\/memurunsesi.net\\\/wp-content\\\/uploads\\\/2025\\\/11\\\/cropped-MEMURUN-SESI.png\",\"contentUrl\":\"https:\\\/\\\/memurunsesi.net\\\/wp-content\\\/uploads\\\/2025\\\/11\\\/cropped-MEMURUN-SESI.png\",\"width\":238,\"height\":57,\"caption\":\"Memurun Sesi\"},\"image\":{\"@id\":\"https:\\\/\\\/memurunsesi.net\\\/#\\\/schema\\\/logo\\\/image\\\/\"},\"sameAs\":[\"https:\\\/\\\/www.facebook.com\\\/unipersen\\\/?locale=tr_TR\",\"https:\\\/\\\/x.com\\\/unipersen\"]},{\"@type\":\"Person\",\"@id\":\"https:\\\/\\\/memurunsesi.net\\\/#\\\/schema\\\/person\\\/f21c2d73b89f6ee1d80b0a1803e38587\",\"name\":\"Memurun Sesi Haber Merkezi\",\"image\":{\"@type\":\"ImageObject\",\"inLanguage\":\"tr\",\"@id\":\"https:\\\/\\\/secure.gravatar.com\\\/avatar\\\/6cf0505f452ee753f485014986fab09a434671d2b919ee76fc541025c5876a70?s=96&d=mm&r=g\",\"url\":\"https:\\\/\\\/secure.gravatar.com\\\/avatar\\\/6cf0505f452ee753f485014986fab09a434671d2b919ee76fc541025c5876a70?s=96&d=mm&r=g\",\"contentUrl\":\"https:\\\/\\\/secure.gravatar.com\\\/avatar\\\/6cf0505f452ee753f485014986fab09a434671d2b919ee76fc541025c5876a70?s=96&d=mm&r=g\",\"caption\":\"Memurun Sesi Haber Merkezi\"},\"sameAs\":[\"https:\\\/\\\/memurunsesi.net\"],\"url\":\"https:\\\/\\\/memurunsesi.net\\\/index.php\\\/author\\\/uniper\\\/\"}]}<\/script>\n<!-- \/ Yoast SEO plugin. -->","yoast_head_json":{"title":"Bolu\u2019da otomobil ile motosiklet \u00e7arp\u0131\u015ft\u0131: 1 yaral\u0131 - Memurun Sesi","description":"Bolu'da trafik \u0131\u015f\u0131klar\u0131nda otomobil ile motosikletin \u00e7arp\u0131\u015fmas\u0131 sonucu motosiklet s\u00fcr\u00fcc\u00fcs\u00fc yaraland\u0131.","robots":{"index":"index","follow":"follow","max-snippet":"max-snippet:-1","max-image-preview":"max-image-preview:large","max-video-preview":"max-video-preview:-1"},"canonical":"https:\/\/memurunsesi.net\/index.php\/2026\/05\/01\/boluda-otomobil-ile-motosiklet-carpisti-1-yarali\/","og_locale":"tr_TR","og_type":"article","og_title":"Bolu\u2019da otomobil ile motosiklet \u00e7arp\u0131\u015ft\u0131: 1 yaral\u0131 - Memurun Sesi","og_description":"Bolu'da trafik \u0131\u015f\u0131klar\u0131nda otomobil ile motosikletin \u00e7arp\u0131\u015fmas\u0131 sonucu motosiklet s\u00fcr\u00fcc\u00fcs\u00fc yaraland\u0131.","og_url":"https:\/\/memurunsesi.net\/index.php\/2026\/05\/01\/boluda-otomobil-ile-motosiklet-carpisti-1-yarali\/","og_site_name":"Memurun Sesi","article_publisher":"https:\/\/www.facebook.com\/unipersen\/?locale=tr_TR","article_published_time":"2026-04-30T23:49:38+00:00","og_image":[{"width":2560,"height":1440,"url":"https:\/\/memurunsesi.net\/wp-content\/uploads\/2026\/05\/motor-2-scaled.jpg","type":"image\/jpeg"}],"author":"Memurun Sesi Haber Merkezi","twitter_card":"summary_large_image","twitter_creator":"@unipersen","twitter_site":"@unipersen","twitter_misc":{"Yazan:":"Memurun Sesi Haber Merkezi","Tahmini okuma s\u00fcresi":"1 dakika"},"schema":{"@context":"https:\/\/schema.org","@graph":[{"@type":"Article","@id":"https:\/\/memurunsesi.net\/index.php\/2026\/05\/01\/boluda-otomobil-ile-motosiklet-carpisti-1-yarali\/#article","isPartOf":{"@id":"https:\/\/memurunsesi.net\/index.php\/2026\/05\/01\/boluda-otomobil-ile-motosiklet-carpisti-1-yarali\/"},"author":{"name":"Memurun Sesi Haber Merkezi","@id":"https:\/\/memurunsesi.net\/#\/schema\/person\/f21c2d73b89f6ee1d80b0a1803e38587"},"headline":"Bolu\u2019da otomobil ile motosiklet \u00e7arp\u0131\u015ft\u0131: 1 yaral\u0131","datePublished":"2026-04-30T23:49:38+00:00","mainEntityOfPage":{"@id":"https:\/\/memurunsesi.net\/index.php\/2026\/05\/01\/boluda-otomobil-ile-motosiklet-carpisti-1-yarali\/"},"wordCount":116,"commentCount":0,"publisher":{"@id":"https:\/\/memurunsesi.net\/#organization"},"image":{"@id":"https:\/\/memurunsesi.net\/index.php\/2026\/05\/01\/boluda-otomobil-ile-motosiklet-carpisti-1-yarali\/#primaryimage"},"thumbnailUrl":"https:\/\/memurunsesi.net\/wp-content\/uploads\/2026\/05\/motor-2-scaled.jpg","keywords":["1 ki\u015fi yaral\u0131","kaza","motot","OTOMOB\u0130L","trafik","trafik kazas\u0131"],"articleSection":["G\u00fcndem"],"inLanguage":"tr","potentialAction":[{"@type":"CommentAction","name":"Comment","target":["https:\/\/memurunsesi.net\/index.php\/2026\/05\/01\/boluda-otomobil-ile-motosiklet-carpisti-1-yarali\/#respond"]}]},{"@type":"WebPage","@id":"https:\/\/memurunsesi.net\/index.php\/2026\/05\/01\/boluda-otomobil-ile-motosiklet-carpisti-1-yarali\/","url":"https:\/\/memurunsesi.net\/index.php\/2026\/05\/01\/boluda-otomobil-ile-motosiklet-carpisti-1-yarali\/","name":"Bolu\u2019da otomobil ile motosiklet \u00e7arp\u0131\u015ft\u0131: 1 yaral\u0131 - Memurun Sesi","isPartOf":{"@id":"https:\/\/memurunsesi.net\/#website"},"primaryImageOfPage":{"@id":"https:\/\/memurunsesi.net\/index.php\/2026\/05\/01\/boluda-otomobil-ile-motosiklet-carpisti-1-yarali\/#primaryimage"},"image":{"@id":"https:\/\/memurunsesi.net\/index.php\/2026\/05\/01\/boluda-otomobil-ile-motosiklet-carpisti-1-yarali\/#primaryimage"},"thumbnailUrl":"https:\/\/memurunsesi.net\/wp-content\/uploads\/2026\/05\/motor-2-scaled.jpg","datePublished":"2026-04-30T23:49:38+00:00","description":"Bolu'da trafik \u0131\u015f\u0131klar\u0131nda otomobil ile motosikletin \u00e7arp\u0131\u015fmas\u0131 sonucu motosiklet s\u00fcr\u00fcc\u00fcs\u00fc yaraland\u0131.","breadcrumb":{"@id":"https:\/\/memurunsesi.net\/index.php\/2026\/05\/01\/boluda-otomobil-ile-motosiklet-carpisti-1-yarali\/#breadcrumb"},"inLanguage":"tr","potentialAction":[{"@type":"ReadAction","target":["https:\/\/memurunsesi.net\/index.php\/2026\/05\/01\/boluda-otomobil-ile-motosiklet-carpisti-1-yarali\/"]}]},{"@type":"ImageObject","inLanguage":"tr","@id":"https:\/\/memurunsesi.net\/index.php\/2026\/05\/01\/boluda-otomobil-ile-motosiklet-carpisti-1-yarali\/#primaryimage","url":"https:\/\/memurunsesi.net\/wp-content\/uploads\/2026\/05\/motor-2-scaled.jpg","contentUrl":"https:\/\/memurunsesi.net\/wp-content\/uploads\/2026\/05\/motor-2-scaled.jpg","width":2560,"height":1440,"caption":"BOLU'DA TRAF\u0130K I\u015eIKLARINDA OTOMOB\u0130L \u0130LE MOTOS\u0130KLET\u0130N \u00c7ARPI\u015eMASI SONUCU MOTOS\u0130KLET S\u00dcR\u00dcC\u00dcS\u00dc YARALANDI. (YA\u011eIZ EKMEN\/BOLU-\u0130HA) Bolu'da trafik \u0131\u015f\u0131klar\u0131nda otomobil ile motosikletin \u00e7arp\u0131\u015fmas\u0131 sonucu motosiklet s\u00fcr\u00fcc\u00fcs\u00fc yaraland\u0131."},{"@type":"BreadcrumbList","@id":"https:\/\/memurunsesi.net\/index.php\/2026\/05\/01\/boluda-otomobil-ile-motosiklet-carpisti-1-yarali\/#breadcrumb","itemListElement":[{"@type":"ListItem","position":1,"name":"Anasayfa","item":"https:\/\/memurunsesi.net\/"},{"@type":"ListItem","position":2,"name":"Bolu\u2019da otomobil ile motosiklet \u00e7arp\u0131\u015ft\u0131: 1 yaral\u0131"}]},{"@type":"WebSite","@id":"https:\/\/memurunsesi.net\/#website","url":"https:\/\/memurunsesi.net\/","name":"Memurun Sesi","description":"G\u00fcncel ve Do\u011fru Haber","publisher":{"@id":"https:\/\/memurunsesi.net\/#organization"},"potentialAction":[{"@type":"SearchAction","target":{"@type":"EntryPoint","urlTemplate":"https:\/\/memurunsesi.net\/?s={search_term_string}"},"query-input":{"@type":"PropertyValueSpecification","valueRequired":true,"valueName":"search_term_string"}}],"inLanguage":"tr"},{"@type":"Organization","@id":"https:\/\/memurunsesi.net\/#organization","name":"Memurun Sesi","url":"https:\/\/memurunsesi.net\/","logo":{"@type":"ImageObject","inLanguage":"tr","@id":"https:\/\/memurunsesi.net\/#\/schema\/logo\/image\/","url":"https:\/\/memurunsesi.net\/wp-content\/uploads\/2025\/11\/cropped-MEMURUN-SESI.png","contentUrl":"https:\/\/memurunsesi.net\/wp-content\/uploads\/2025\/11\/cropped-MEMURUN-SESI.png","width":238,"height":57,"caption":"Memurun Sesi"},"image":{"@id":"https:\/\/memurunsesi.net\/#\/schema\/logo\/image\/"},"sameAs":["https:\/\/www.facebook.com\/unipersen\/?locale=tr_TR","https:\/\/x.com\/unipersen"]},{"@type":"Person","@id":"https:\/\/memurunsesi.net\/#\/schema\/person\/f21c2d73b89f6ee1d80b0a1803e38587","name":"Memurun Sesi Haber Merkezi","image":{"@type":"ImageObject","inLanguage":"tr","@id":"https:\/\/secure.gravatar.com\/avatar\/6cf0505f452ee753f485014986fab09a434671d2b919ee76fc541025c5876a70?s=96&d=mm&r=g","url":"https:\/\/secure.gravatar.com\/avatar\/6cf0505f452ee753f485014986fab09a434671d2b919ee76fc541025c5876a70?s=96&d=mm&r=g","contentUrl":"https:\/\/secure.gravatar.com\/avatar\/6cf0505f452ee753f485014986fab09a434671d2b919ee76fc541025c5876a70?s=96&d=mm&r=g","caption":"Memurun Sesi Haber Merkezi"},"sameAs":["https:\/\/memurunsesi.net"],"url":"https:\/\/memurunsesi.net\/index.php\/author\/uniper\/"}]}},"_links":{"self":[{"href":"https:\/\/memurunsesi.net\/index.php\/wp-json\/wp\/v2\/posts\/19816","targetHints":{"allow":["GET"]}}],"collection":[{"href":"https:\/\/memurunsesi.net\/index.php\/wp-json\/wp\/v2\/posts"}],"about":[{"href":"https:\/\/memurunsesi.net\/index.php\/wp-json\/wp\/v2\/types\/post"}],"author":[{"embeddable":true,"href":"https:\/\/memurunsesi.net\/index.php\/wp-json\/wp\/v2\/users\/1"}],"replies":[{"embeddable":true,"href":"https:\/\/memurunsesi.net\/index.php\/wp-json\/wp\/v2\/comments?post=19816"}],"version-history":[{"count":1,"href":"https:\/\/memurunsesi.net\/index.php\/wp-json\/wp\/v2\/posts\/19816\/revisions"}],"predecessor-version":[{"id":19818,"href":"https:\/\/memurunsesi.net\/index.php\/wp-json\/wp\/v2\/posts\/19816\/revisions\/19818"}],"wp:featuredmedia":[{"embeddable":true,"href":"https:\/\/memurunsesi.net\/index.php\/wp-json\/wp\/v2\/media\/19817"}],"wp:attachment":[{"href":"https:\/\/memurunsesi.net\/index.php\/wp-json\/wp\/v2\/media?parent=19816"}],"wp:term":[{"taxonomy":"category","embeddable":true,"href":"https:\/\/memurunsesi.net\/index.php\/wp-json\/wp\/v2\/categories?post=19816"},{"taxonomy":"post_tag","embeddable":true,"href":"https:\/\/memurunsesi.net\/index.php\/wp-json\/wp\/v2\/tags?post=19816"}],"curies":[{"name":"wp","href":"https:\/\/api.w.org\/{rel}","templated":true}]}}