{"id":19819,"date":"2026-05-01T02:52:33","date_gmt":"2026-04-30T23:52:33","guid":{"rendered":"https:\/\/memurunsesi.net\/?p=19819"},"modified":"2026-05-01T02:52:33","modified_gmt":"2026-04-30T23:52:33","slug":"sosyal-hizmetler-kanunu-resmi-gazetede-yayimlandi","status":"publish","type":"post","link":"https:\/\/memurunsesi.net\/index.php\/2026\/05\/01\/sosyal-hizmetler-kanunu-resmi-gazetede-yayimlandi\/","title":{"rendered":"Sosyal Hizmetler Kanunu Resmi Gazete&#8217;de yay\u0131mland\u0131"},"content":{"rendered":"<p>Aile ve Sosyal Hizmetler Bakan\u0131 Mahinur \u00d6zdemir G\u00f6kta\u015f, Resmi Gazete&#8217;de yay\u0131mlarak y\u00fcr\u00fcrl\u00fc\u011fe giren Sosyal Hizmetler Kanunu hakk\u0131nda, &#8220;Ailelerimizi, annelerimizi, \u00e7ocuklar\u0131m\u0131z\u0131 ve b\u00fcy\u00fcklerimizi yak\u0131ndan ilgilendiren \u00f6nemli d\u00fczenlemeleri kaps\u0131yor&#8221; dedi.<br \/>\n&#8216;Sosyal Hizmetler Kanunu ve Baz\u0131 Kanunlarda De\u011fi\u015fiklik Yap\u0131lmas\u0131na Dair Kanun&#8217; Resmi Gazete&#8217;de yay\u0131mland\u0131. Bakan G\u00f6kta\u015f, kanuna ili\u015fkin sosyal medya hesab\u0131ndan yapt\u0131\u011f\u0131 payla\u015f\u0131mda, &#8220;Cumhurba\u015fkan\u0131m\u0131z Recep Tayyip Erdo\u011fan\u2019\u0131n imzas\u0131yla Resmi Gazete\u2019de yay\u0131mlanarak y\u00fcr\u00fcrl\u00fc\u011fe giren Sosyal Hizmetler Kanunu, ailelerimizi, annelerimizi, \u00e7ocuklar\u0131m\u0131z\u0131 ve b\u00fcy\u00fcklerimizi yak\u0131ndan ilgilendiren \u00f6nemli d\u00fczenlemeleri kaps\u0131yor. Bu k\u0131ymetli ad\u0131m, Aile ve N\u00fcfus On Y\u0131l\u0131 vizyonumuzun g\u00fc\u00e7l\u00fc bir yans\u0131mas\u0131. Ailelerimizi g\u00fc\u00e7lendiren, annelerimizi destekleyen, \u00e7ocuklar\u0131m\u0131z\u0131n g\u00fcvenli\u011fini \u00f6nceleyen, ya\u015fl\u0131lar\u0131m\u0131z\u0131n ya\u015fam kalitesini art\u0131ran sosyal hizmetlerimizi kararl\u0131l\u0131kla hayata ge\u00e7irmeye devam edece\u011fiz. Bu s\u00fcrece destek veren AK Parti Grubumuz ve Cumhur \u0130ttifak\u0131m\u0131z ba\u015fta olmak \u00fczere t\u00fcm milletvekillerimize g\u00f6n\u00fclden te\u015fekk\u00fcr ediyorum. \u00dclkemize ve aziz milletimize hay\u0131rl\u0131, u\u011furlu olsun&#8221; ifadelerini kulland\u0131.<\/p>\n<p>1.05.2026<\/p>\n","protected":false},"excerpt":{"rendered":"<p>Aile ve Sosyal Hizmetler Bakan\u0131 Mahinur \u00d6zdemir G\u00f6kta\u015f, Resmi Gazete&#8217;de yay\u0131mlarak y\u00fcr\u00fcrl\u00fc\u011fe giren Sosyal Hizmetler Kanunu hakk\u0131nda, &#8220;Ailelerimizi, annelerimizi, \u00e7ocuklar\u0131m\u0131z\u0131 ve b\u00fcy\u00fcklerimizi yak\u0131ndan ilgilendiren \u00f6nemli d\u00fczenlemeleri kaps\u0131yor&#8221; dedi. &#8216;Sosyal Hizmetler Kanunu ve Baz\u0131 Kanunlarda De\u011fi\u015fiklik Yap\u0131lmas\u0131na Dair Kanun&#8217; Resmi Gazete&#8217;de yay\u0131mland\u0131. Bakan G\u00f6kta\u015f, kanuna ili\u015fkin sosyal medya hesab\u0131ndan yapt\u0131\u011f\u0131 payla\u015f\u0131mda, &#8220;Cumhurba\u015fkan\u0131m\u0131z Recep Tayyip Erdo\u011fan\u2019\u0131n imzas\u0131yla [&hellip;]<\/p>\n","protected":false},"author":1,"featured_media":19431,"comment_status":"open","ping_status":"open","sticky":false,"template":"","format":"standard","meta":{"footnotes":""},"categories":[45],"tags":[3766,3767,3768,3765,3764,3770,2709,3769],"class_list":["post-19819","post","type-post","status-publish","format-standard","has-post-thumbnail","hentry","category-gundem","tag-ailelerimizi","tag-annelerimizi","tag-cocuklarimizi-ve-buyuklerimizi","tag-hakkinda","tag-kanunu","tag-onemli-duzenlemeler","tag-sosyal-hizmetler","tag-yakindan-ilgilendiren"],"yoast_head":"<!-- This site is optimized with the Yoast SEO plugin v27.4 - https:\/\/yoast.com\/product\/yoast-seo-wordpress\/ -->\n<title>Sosyal Hizmetler Kanunu Resmi Gazete&#039;de yay\u0131mland\u0131 - Memurun Sesi<\/title>\n<meta name=\"description\" content=\"\u00a0 Aile ve Sosyal Hizmetler Bakan\u0131 Mahinur \u00d6zdemir G\u00f6kta\u015f, Resmi Gazete&#039;de yay\u0131mlarak y\u00fcr\u00fcrl\u00fc\u011fe giren Sosyal Hizmetler Kanunu hakk\u0131nda, &quot;Ailelerimizi, annelerimizi, \u00e7ocuklar\u0131m\u0131z\u0131 ve b\u00fcy\u00fcklerimizi yak\u0131ndan ilgilendiren \u00f6nemli d\u00fczenlemeleri kaps\u0131yor\" \/>\n<meta name=\"robots\" content=\"index, follow, max-snippet:-1, max-image-preview:large, max-video-preview:-1\" \/>\n<link rel=\"canonical\" href=\"https:\/\/memurunsesi.net\/index.php\/2026\/05\/01\/sosyal-hizmetler-kanunu-resmi-gazetede-yayimlandi\/\" \/>\n<meta property=\"og:locale\" content=\"tr_TR\" \/>\n<meta property=\"og:type\" content=\"article\" \/>\n<meta property=\"og:title\" content=\"Sosyal Hizmetler Kanunu Resmi Gazete&#039;de yay\u0131mland\u0131 - Memurun Sesi\" \/>\n<meta property=\"og:description\" content=\"\u00a0 Aile ve Sosyal Hizmetler Bakan\u0131 Mahinur \u00d6zdemir G\u00f6kta\u015f, Resmi Gazete&#039;de yay\u0131mlarak y\u00fcr\u00fcrl\u00fc\u011fe giren Sosyal Hizmetler Kanunu hakk\u0131nda, &quot;Ailelerimizi, annelerimizi, \u00e7ocuklar\u0131m\u0131z\u0131 ve b\u00fcy\u00fcklerimizi yak\u0131ndan ilgilendiren \u00f6nemli d\u00fczenlemeleri kaps\u0131yor\" \/>\n<meta property=\"og:url\" content=\"https:\/\/memurunsesi.net\/index.php\/2026\/05\/01\/sosyal-hizmetler-kanunu-resmi-gazetede-yayimlandi\/\" \/>\n<meta property=\"og:site_name\" content=\"Memurun Sesi\" \/>\n<meta property=\"article:publisher\" content=\"https:\/\/www.facebook.com\/unipersen\/?locale=tr_TR\" \/>\n<meta property=\"article:published_time\" content=\"2026-04-30T23:52:33+00:00\" \/>\n<meta property=\"og:image\" content=\"https:\/\/memurunsesi.net\/wp-content\/uploads\/2026\/04\/resmi-gazete.png\" \/>\n\t<meta property=\"og:image:width\" content=\"1080\" \/>\n\t<meta property=\"og:image:height\" content=\"720\" \/>\n\t<meta property=\"og:image:type\" content=\"image\/png\" \/>\n<meta name=\"author\" content=\"Memurun Sesi Haber Merkezi\" \/>\n<meta name=\"twitter:card\" content=\"summary_large_image\" \/>\n<meta name=\"twitter:creator\" content=\"@unipersen\" \/>\n<meta name=\"twitter:site\" content=\"@unipersen\" \/>\n<meta name=\"twitter:label1\" content=\"Yazan:\" \/>\n\t<meta name=\"twitter:data1\" content=\"Memurun Sesi Haber Merkezi\" \/>\n\t<meta name=\"twitter:label2\" content=\"Tahmini okuma s\u00fcresi\" \/>\n\t<meta name=\"twitter:data2\" content=\"1 dakika\" \/>\n<script type=\"application\/ld+json\" class=\"yoast-schema-graph\">{\"@context\":\"https:\\\/\\\/schema.org\",\"@graph\":[{\"@type\":\"Article\",\"@id\":\"https:\\\/\\\/memurunsesi.net\\\/index.php\\\/2026\\\/05\\\/01\\\/sosyal-hizmetler-kanunu-resmi-gazetede-yayimlandi\\\/#article\",\"isPartOf\":{\"@id\":\"https:\\\/\\\/memurunsesi.net\\\/index.php\\\/2026\\\/05\\\/01\\\/sosyal-hizmetler-kanunu-resmi-gazetede-yayimlandi\\\/\"},\"author\":{\"name\":\"Memurun Sesi Haber Merkezi\",\"@id\":\"https:\\\/\\\/memurunsesi.net\\\/#\\\/schema\\\/person\\\/f21c2d73b89f6ee1d80b0a1803e38587\"},\"headline\":\"Sosyal Hizmetler Kanunu Resmi Gazete&#8217;de yay\u0131mland\u0131\",\"datePublished\":\"2026-04-30T23:52:33+00:00\",\"mainEntityOfPage\":{\"@id\":\"https:\\\/\\\/memurunsesi.net\\\/index.php\\\/2026\\\/05\\\/01\\\/sosyal-hizmetler-kanunu-resmi-gazetede-yayimlandi\\\/\"},\"wordCount\":214,\"commentCount\":0,\"publisher\":{\"@id\":\"https:\\\/\\\/memurunsesi.net\\\/#organization\"},\"image\":{\"@id\":\"https:\\\/\\\/memurunsesi.net\\\/index.php\\\/2026\\\/05\\\/01\\\/sosyal-hizmetler-kanunu-resmi-gazetede-yayimlandi\\\/#primaryimage\"},\"thumbnailUrl\":\"https:\\\/\\\/memurunsesi.net\\\/wp-content\\\/uploads\\\/2026\\\/04\\\/resmi-gazete.png\",\"keywords\":[\"\\\"Ailelerimizi\",\"annelerimizi\",\"\u00e7ocuklar\u0131m\u0131z\u0131 ve b\u00fcy\u00fcklerimizi\",\"hakk\u0131nda\",\"Kanunu\",\"\u00f6nemli d\u00fczenlemeler\",\"sosyal hizmetler\",\"yak\u0131ndan ilgilendiren\"],\"articleSection\":[\"G\u00fcndem\"],\"inLanguage\":\"tr\",\"potentialAction\":[{\"@type\":\"CommentAction\",\"name\":\"Comment\",\"target\":[\"https:\\\/\\\/memurunsesi.net\\\/index.php\\\/2026\\\/05\\\/01\\\/sosyal-hizmetler-kanunu-resmi-gazetede-yayimlandi\\\/#respond\"]}]},{\"@type\":\"WebPage\",\"@id\":\"https:\\\/\\\/memurunsesi.net\\\/index.php\\\/2026\\\/05\\\/01\\\/sosyal-hizmetler-kanunu-resmi-gazetede-yayimlandi\\\/\",\"url\":\"https:\\\/\\\/memurunsesi.net\\\/index.php\\\/2026\\\/05\\\/01\\\/sosyal-hizmetler-kanunu-resmi-gazetede-yayimlandi\\\/\",\"name\":\"Sosyal Hizmetler Kanunu Resmi Gazete'de yay\u0131mland\u0131 - Memurun Sesi\",\"isPartOf\":{\"@id\":\"https:\\\/\\\/memurunsesi.net\\\/#website\"},\"primaryImageOfPage\":{\"@id\":\"https:\\\/\\\/memurunsesi.net\\\/index.php\\\/2026\\\/05\\\/01\\\/sosyal-hizmetler-kanunu-resmi-gazetede-yayimlandi\\\/#primaryimage\"},\"image\":{\"@id\":\"https:\\\/\\\/memurunsesi.net\\\/index.php\\\/2026\\\/05\\\/01\\\/sosyal-hizmetler-kanunu-resmi-gazetede-yayimlandi\\\/#primaryimage\"},\"thumbnailUrl\":\"https:\\\/\\\/memurunsesi.net\\\/wp-content\\\/uploads\\\/2026\\\/04\\\/resmi-gazete.png\",\"datePublished\":\"2026-04-30T23:52:33+00:00\",\"description\":\"\u00a0 Aile ve Sosyal Hizmetler Bakan\u0131 Mahinur \u00d6zdemir G\u00f6kta\u015f, Resmi Gazete'de yay\u0131mlarak y\u00fcr\u00fcrl\u00fc\u011fe giren Sosyal Hizmetler Kanunu hakk\u0131nda, \\\"Ailelerimizi, annelerimizi, \u00e7ocuklar\u0131m\u0131z\u0131 ve b\u00fcy\u00fcklerimizi yak\u0131ndan ilgilendiren \u00f6nemli d\u00fczenlemeleri kaps\u0131yor\",\"breadcrumb\":{\"@id\":\"https:\\\/\\\/memurunsesi.net\\\/index.php\\\/2026\\\/05\\\/01\\\/sosyal-hizmetler-kanunu-resmi-gazetede-yayimlandi\\\/#breadcrumb\"},\"inLanguage\":\"tr\",\"potentialAction\":[{\"@type\":\"ReadAction\",\"target\":[\"https:\\\/\\\/memurunsesi.net\\\/index.php\\\/2026\\\/05\\\/01\\\/sosyal-hizmetler-kanunu-resmi-gazetede-yayimlandi\\\/\"]}]},{\"@type\":\"ImageObject\",\"inLanguage\":\"tr\",\"@id\":\"https:\\\/\\\/memurunsesi.net\\\/index.php\\\/2026\\\/05\\\/01\\\/sosyal-hizmetler-kanunu-resmi-gazetede-yayimlandi\\\/#primaryimage\",\"url\":\"https:\\\/\\\/memurunsesi.net\\\/wp-content\\\/uploads\\\/2026\\\/04\\\/resmi-gazete.png\",\"contentUrl\":\"https:\\\/\\\/memurunsesi.net\\\/wp-content\\\/uploads\\\/2026\\\/04\\\/resmi-gazete.png\",\"width\":1080,\"height\":720},{\"@type\":\"BreadcrumbList\",\"@id\":\"https:\\\/\\\/memurunsesi.net\\\/index.php\\\/2026\\\/05\\\/01\\\/sosyal-hizmetler-kanunu-resmi-gazetede-yayimlandi\\\/#breadcrumb\",\"itemListElement\":[{\"@type\":\"ListItem\",\"position\":1,\"name\":\"Anasayfa\",\"item\":\"https:\\\/\\\/memurunsesi.net\\\/\"},{\"@type\":\"ListItem\",\"position\":2,\"name\":\"Sosyal Hizmetler Kanunu Resmi Gazete&#8217;de yay\u0131mland\u0131\"}]},{\"@type\":\"WebSite\",\"@id\":\"https:\\\/\\\/memurunsesi.net\\\/#website\",\"url\":\"https:\\\/\\\/memurunsesi.net\\\/\",\"name\":\"Memurun Sesi\",\"description\":\"G\u00fcncel ve Do\u011fru Haber\",\"publisher\":{\"@id\":\"https:\\\/\\\/memurunsesi.net\\\/#organization\"},\"potentialAction\":[{\"@type\":\"SearchAction\",\"target\":{\"@type\":\"EntryPoint\",\"urlTemplate\":\"https:\\\/\\\/memurunsesi.net\\\/?s={search_term_string}\"},\"query-input\":{\"@type\":\"PropertyValueSpecification\",\"valueRequired\":true,\"valueName\":\"search_term_string\"}}],\"inLanguage\":\"tr\"},{\"@type\":\"Organization\",\"@id\":\"https:\\\/\\\/memurunsesi.net\\\/#organization\",\"name\":\"Memurun Sesi\",\"url\":\"https:\\\/\\\/memurunsesi.net\\\/\",\"logo\":{\"@type\":\"ImageObject\",\"inLanguage\":\"tr\",\"@id\":\"https:\\\/\\\/memurunsesi.net\\\/#\\\/schema\\\/logo\\\/image\\\/\",\"url\":\"https:\\\/\\\/memurunsesi.net\\\/wp-content\\\/uploads\\\/2025\\\/11\\\/cropped-MEMURUN-SESI.png\",\"contentUrl\":\"https:\\\/\\\/memurunsesi.net\\\/wp-content\\\/uploads\\\/2025\\\/11\\\/cropped-MEMURUN-SESI.png\",\"width\":238,\"height\":57,\"caption\":\"Memurun Sesi\"},\"image\":{\"@id\":\"https:\\\/\\\/memurunsesi.net\\\/#\\\/schema\\\/logo\\\/image\\\/\"},\"sameAs\":[\"https:\\\/\\\/www.facebook.com\\\/unipersen\\\/?locale=tr_TR\",\"https:\\\/\\\/x.com\\\/unipersen\"]},{\"@type\":\"Person\",\"@id\":\"https:\\\/\\\/memurunsesi.net\\\/#\\\/schema\\\/person\\\/f21c2d73b89f6ee1d80b0a1803e38587\",\"name\":\"Memurun Sesi Haber Merkezi\",\"image\":{\"@type\":\"ImageObject\",\"inLanguage\":\"tr\",\"@id\":\"https:\\\/\\\/secure.gravatar.com\\\/avatar\\\/6cf0505f452ee753f485014986fab09a434671d2b919ee76fc541025c5876a70?s=96&d=mm&r=g\",\"url\":\"https:\\\/\\\/secure.gravatar.com\\\/avatar\\\/6cf0505f452ee753f485014986fab09a434671d2b919ee76fc541025c5876a70?s=96&d=mm&r=g\",\"contentUrl\":\"https:\\\/\\\/secure.gravatar.com\\\/avatar\\\/6cf0505f452ee753f485014986fab09a434671d2b919ee76fc541025c5876a70?s=96&d=mm&r=g\",\"caption\":\"Memurun Sesi Haber Merkezi\"},\"sameAs\":[\"https:\\\/\\\/memurunsesi.net\"],\"url\":\"https:\\\/\\\/memurunsesi.net\\\/index.php\\\/author\\\/uniper\\\/\"}]}<\/script>\n<!-- \/ Yoast SEO plugin. -->","yoast_head_json":{"title":"Sosyal Hizmetler Kanunu Resmi Gazete'de yay\u0131mland\u0131 - Memurun Sesi","description":"\u00a0 Aile ve Sosyal Hizmetler Bakan\u0131 Mahinur \u00d6zdemir G\u00f6kta\u015f, Resmi Gazete'de yay\u0131mlarak y\u00fcr\u00fcrl\u00fc\u011fe giren Sosyal Hizmetler Kanunu hakk\u0131nda, \"Ailelerimizi, annelerimizi, \u00e7ocuklar\u0131m\u0131z\u0131 ve b\u00fcy\u00fcklerimizi yak\u0131ndan ilgilendiren \u00f6nemli d\u00fczenlemeleri kaps\u0131yor","robots":{"index":"index","follow":"follow","max-snippet":"max-snippet:-1","max-image-preview":"max-image-preview:large","max-video-preview":"max-video-preview:-1"},"canonical":"https:\/\/memurunsesi.net\/index.php\/2026\/05\/01\/sosyal-hizmetler-kanunu-resmi-gazetede-yayimlandi\/","og_locale":"tr_TR","og_type":"article","og_title":"Sosyal Hizmetler Kanunu Resmi Gazete'de yay\u0131mland\u0131 - Memurun Sesi","og_description":"\u00a0 Aile ve Sosyal Hizmetler Bakan\u0131 Mahinur \u00d6zdemir G\u00f6kta\u015f, Resmi Gazete'de yay\u0131mlarak y\u00fcr\u00fcrl\u00fc\u011fe giren Sosyal Hizmetler Kanunu hakk\u0131nda, \"Ailelerimizi, annelerimizi, \u00e7ocuklar\u0131m\u0131z\u0131 ve b\u00fcy\u00fcklerimizi yak\u0131ndan ilgilendiren \u00f6nemli d\u00fczenlemeleri kaps\u0131yor","og_url":"https:\/\/memurunsesi.net\/index.php\/2026\/05\/01\/sosyal-hizmetler-kanunu-resmi-gazetede-yayimlandi\/","og_site_name":"Memurun Sesi","article_publisher":"https:\/\/www.facebook.com\/unipersen\/?locale=tr_TR","article_published_time":"2026-04-30T23:52:33+00:00","og_image":[{"width":1080,"height":720,"url":"https:\/\/memurunsesi.net\/wp-content\/uploads\/2026\/04\/resmi-gazete.png","type":"image\/png"}],"author":"Memurun Sesi Haber Merkezi","twitter_card":"summary_large_image","twitter_creator":"@unipersen","twitter_site":"@unipersen","twitter_misc":{"Yazan:":"Memurun Sesi Haber Merkezi","Tahmini okuma s\u00fcresi":"1 dakika"},"schema":{"@context":"https:\/\/schema.org","@graph":[{"@type":"Article","@id":"https:\/\/memurunsesi.net\/index.php\/2026\/05\/01\/sosyal-hizmetler-kanunu-resmi-gazetede-yayimlandi\/#article","isPartOf":{"@id":"https:\/\/memurunsesi.net\/index.php\/2026\/05\/01\/sosyal-hizmetler-kanunu-resmi-gazetede-yayimlandi\/"},"author":{"name":"Memurun Sesi Haber Merkezi","@id":"https:\/\/memurunsesi.net\/#\/schema\/person\/f21c2d73b89f6ee1d80b0a1803e38587"},"headline":"Sosyal Hizmetler Kanunu Resmi Gazete&#8217;de yay\u0131mland\u0131","datePublished":"2026-04-30T23:52:33+00:00","mainEntityOfPage":{"@id":"https:\/\/memurunsesi.net\/index.php\/2026\/05\/01\/sosyal-hizmetler-kanunu-resmi-gazetede-yayimlandi\/"},"wordCount":214,"commentCount":0,"publisher":{"@id":"https:\/\/memurunsesi.net\/#organization"},"image":{"@id":"https:\/\/memurunsesi.net\/index.php\/2026\/05\/01\/sosyal-hizmetler-kanunu-resmi-gazetede-yayimlandi\/#primaryimage"},"thumbnailUrl":"https:\/\/memurunsesi.net\/wp-content\/uploads\/2026\/04\/resmi-gazete.png","keywords":["\"Ailelerimizi","annelerimizi","\u00e7ocuklar\u0131m\u0131z\u0131 ve b\u00fcy\u00fcklerimizi","hakk\u0131nda","Kanunu","\u00f6nemli d\u00fczenlemeler","sosyal hizmetler","yak\u0131ndan ilgilendiren"],"articleSection":["G\u00fcndem"],"inLanguage":"tr","potentialAction":[{"@type":"CommentAction","name":"Comment","target":["https:\/\/memurunsesi.net\/index.php\/2026\/05\/01\/sosyal-hizmetler-kanunu-resmi-gazetede-yayimlandi\/#respond"]}]},{"@type":"WebPage","@id":"https:\/\/memurunsesi.net\/index.php\/2026\/05\/01\/sosyal-hizmetler-kanunu-resmi-gazetede-yayimlandi\/","url":"https:\/\/memurunsesi.net\/index.php\/2026\/05\/01\/sosyal-hizmetler-kanunu-resmi-gazetede-yayimlandi\/","name":"Sosyal Hizmetler Kanunu Resmi Gazete'de yay\u0131mland\u0131 - Memurun Sesi","isPartOf":{"@id":"https:\/\/memurunsesi.net\/#website"},"primaryImageOfPage":{"@id":"https:\/\/memurunsesi.net\/index.php\/2026\/05\/01\/sosyal-hizmetler-kanunu-resmi-gazetede-yayimlandi\/#primaryimage"},"image":{"@id":"https:\/\/memurunsesi.net\/index.php\/2026\/05\/01\/sosyal-hizmetler-kanunu-resmi-gazetede-yayimlandi\/#primaryimage"},"thumbnailUrl":"https:\/\/memurunsesi.net\/wp-content\/uploads\/2026\/04\/resmi-gazete.png","datePublished":"2026-04-30T23:52:33+00:00","description":"\u00a0 Aile ve Sosyal Hizmetler Bakan\u0131 Mahinur \u00d6zdemir G\u00f6kta\u015f, Resmi Gazete'de yay\u0131mlarak y\u00fcr\u00fcrl\u00fc\u011fe giren Sosyal Hizmetler Kanunu hakk\u0131nda, \"Ailelerimizi, annelerimizi, \u00e7ocuklar\u0131m\u0131z\u0131 ve b\u00fcy\u00fcklerimizi yak\u0131ndan ilgilendiren \u00f6nemli d\u00fczenlemeleri kaps\u0131yor","breadcrumb":{"@id":"https:\/\/memurunsesi.net\/index.php\/2026\/05\/01\/sosyal-hizmetler-kanunu-resmi-gazetede-yayimlandi\/#breadcrumb"},"inLanguage":"tr","potentialAction":[{"@type":"ReadAction","target":["https:\/\/memurunsesi.net\/index.php\/2026\/05\/01\/sosyal-hizmetler-kanunu-resmi-gazetede-yayimlandi\/"]}]},{"@type":"ImageObject","inLanguage":"tr","@id":"https:\/\/memurunsesi.net\/index.php\/2026\/05\/01\/sosyal-hizmetler-kanunu-resmi-gazetede-yayimlandi\/#primaryimage","url":"https:\/\/memurunsesi.net\/wp-content\/uploads\/2026\/04\/resmi-gazete.png","contentUrl":"https:\/\/memurunsesi.net\/wp-content\/uploads\/2026\/04\/resmi-gazete.png","width":1080,"height":720},{"@type":"BreadcrumbList","@id":"https:\/\/memurunsesi.net\/index.php\/2026\/05\/01\/sosyal-hizmetler-kanunu-resmi-gazetede-yayimlandi\/#breadcrumb","itemListElement":[{"@type":"ListItem","position":1,"name":"Anasayfa","item":"https:\/\/memurunsesi.net\/"},{"@type":"ListItem","position":2,"name":"Sosyal Hizmetler Kanunu Resmi Gazete&#8217;de yay\u0131mland\u0131"}]},{"@type":"WebSite","@id":"https:\/\/memurunsesi.net\/#website","url":"https:\/\/memurunsesi.net\/","name":"Memurun Sesi","description":"G\u00fcncel ve Do\u011fru Haber","publisher":{"@id":"https:\/\/memurunsesi.net\/#organization"},"potentialAction":[{"@type":"SearchAction","target":{"@type":"EntryPoint","urlTemplate":"https:\/\/memurunsesi.net\/?s={search_term_string}"},"query-input":{"@type":"PropertyValueSpecification","valueRequired":true,"valueName":"search_term_string"}}],"inLanguage":"tr"},{"@type":"Organization","@id":"https:\/\/memurunsesi.net\/#organization","name":"Memurun Sesi","url":"https:\/\/memurunsesi.net\/","logo":{"@type":"ImageObject","inLanguage":"tr","@id":"https:\/\/memurunsesi.net\/#\/schema\/logo\/image\/","url":"https:\/\/memurunsesi.net\/wp-content\/uploads\/2025\/11\/cropped-MEMURUN-SESI.png","contentUrl":"https:\/\/memurunsesi.net\/wp-content\/uploads\/2025\/11\/cropped-MEMURUN-SESI.png","width":238,"height":57,"caption":"Memurun Sesi"},"image":{"@id":"https:\/\/memurunsesi.net\/#\/schema\/logo\/image\/"},"sameAs":["https:\/\/www.facebook.com\/unipersen\/?locale=tr_TR","https:\/\/x.com\/unipersen"]},{"@type":"Person","@id":"https:\/\/memurunsesi.net\/#\/schema\/person\/f21c2d73b89f6ee1d80b0a1803e38587","name":"Memurun Sesi Haber Merkezi","image":{"@type":"ImageObject","inLanguage":"tr","@id":"https:\/\/secure.gravatar.com\/avatar\/6cf0505f452ee753f485014986fab09a434671d2b919ee76fc541025c5876a70?s=96&d=mm&r=g","url":"https:\/\/secure.gravatar.com\/avatar\/6cf0505f452ee753f485014986fab09a434671d2b919ee76fc541025c5876a70?s=96&d=mm&r=g","contentUrl":"https:\/\/secure.gravatar.com\/avatar\/6cf0505f452ee753f485014986fab09a434671d2b919ee76fc541025c5876a70?s=96&d=mm&r=g","caption":"Memurun Sesi Haber Merkezi"},"sameAs":["https:\/\/memurunsesi.net"],"url":"https:\/\/memurunsesi.net\/index.php\/author\/uniper\/"}]}},"_links":{"self":[{"href":"https:\/\/memurunsesi.net\/index.php\/wp-json\/wp\/v2\/posts\/19819","targetHints":{"allow":["GET"]}}],"collection":[{"href":"https:\/\/memurunsesi.net\/index.php\/wp-json\/wp\/v2\/posts"}],"about":[{"href":"https:\/\/memurunsesi.net\/index.php\/wp-json\/wp\/v2\/types\/post"}],"author":[{"embeddable":true,"href":"https:\/\/memurunsesi.net\/index.php\/wp-json\/wp\/v2\/users\/1"}],"replies":[{"embeddable":true,"href":"https:\/\/memurunsesi.net\/index.php\/wp-json\/wp\/v2\/comments?post=19819"}],"version-history":[{"count":1,"href":"https:\/\/memurunsesi.net\/index.php\/wp-json\/wp\/v2\/posts\/19819\/revisions"}],"predecessor-version":[{"id":19820,"href":"https:\/\/memurunsesi.net\/index.php\/wp-json\/wp\/v2\/posts\/19819\/revisions\/19820"}],"wp:featuredmedia":[{"embeddable":true,"href":"https:\/\/memurunsesi.net\/index.php\/wp-json\/wp\/v2\/media\/19431"}],"wp:attachment":[{"href":"https:\/\/memurunsesi.net\/index.php\/wp-json\/wp\/v2\/media?parent=19819"}],"wp:term":[{"taxonomy":"category","embeddable":true,"href":"https:\/\/memurunsesi.net\/index.php\/wp-json\/wp\/v2\/categories?post=19819"},{"taxonomy":"post_tag","embeddable":true,"href":"https:\/\/memurunsesi.net\/index.php\/wp-json\/wp\/v2\/tags?post=19819"}],"curies":[{"name":"wp","href":"https:\/\/api.w.org\/{rel}","templated":true}]}}