{"id":19831,"date":"2026-05-01T03:09:25","date_gmt":"2026-05-01T00:09:25","guid":{"rendered":"https:\/\/memurunsesi.net\/?p=19831"},"modified":"2026-05-01T03:09:25","modified_gmt":"2026-05-01T00:09:25","slug":"konak-belediyesinde-calisan-isciler-geriye-donuk-haklari-icin-oturma-eylemi-baslatti","status":"publish","type":"post","link":"https:\/\/memurunsesi.net\/index.php\/2026\/05\/01\/konak-belediyesinde-calisan-isciler-geriye-donuk-haklari-icin-oturma-eylemi-baslatti\/","title":{"rendered":"Konak Belediyesinde \u00e7al\u0131\u015fan i\u015f\u00e7iler geriye d\u00f6n\u00fck haklar\u0131 i\u00e7in oturma eylemi ba\u015flatt\u0131"},"content":{"rendered":"<p>\u0130zmir\u2019de Konak Belediyesinde \u00e7al\u0131\u015fan i\u015f\u00e7iler, Toplu \u0130\u015f S\u00f6zle\u015fmesi (T\u0130S) g\u00f6r\u00fc\u015fmelerinde elde edilen geriye d\u00f6n\u00fck haklar\u0131n\u0131n \u00f6denmemesi nedeniyle belediye binas\u0131 i\u00e7inde ba\u015flatt\u0131klar\u0131 oturma eylemini s\u00fcrd\u00fcr\u00fcyor.<br \/>\nKonak Belediyesi\u2019nin yan\u0131 s\u0131ra Kar\u015f\u0131yaka, Buca, Narl\u0131dere ve Bayrakl\u0131 belediyelerinde de \u00e7al\u0131\u015fanlar, kazan\u0131lm\u0131\u015f haklar\u0131n\u0131n korunmas\u0131 talebiyle eylemlerini s\u00fcrd\u00fcr\u00fcyor. Toplu \u0130\u015f S\u00f6zle\u015fmesi g\u00f6r\u00fc\u015fmelerinde ya\u015fanan t\u0131kan\u0131kl\u0131klar nedeniyle il\u00e7e belediyelerindeki i\u015f b\u0131rakma eylemleri \u0130zmir genelinde yay\u0131l\u0131rken, Konak Belediyesinde de protestolar devam ediyor.<br \/>\nDaha \u00f6nce Konak Belediye binas\u0131 \u00f6n\u00fcnde eylem yapan D\u0130SK Genel-\u0130\u015f \u0130zmir 5 No\u2019lu \u015eube Ba\u015fkan\u0131 ve i\u015fyeri temsilcileri, bug\u00fcn mesai saatleri i\u00e7inde belediye binas\u0131 koridorlar\u0131nda sloganlar atarak oturma eylemine ge\u00e7ti. \u0130\u015f\u00e7iler, uzun s\u00fcredir haklar\u0131n\u0131 alamad\u0131klar\u0131n\u0131 belirterek taleplerini dile getirdi.<br \/>\nYakla\u015f\u0131k 15 ayd\u0131r \u00f6demelerin yap\u0131lmad\u0131\u011f\u0131n\u0131 ifade eden \u00e7al\u0131\u015fanlar, insanca ya\u015fam ve \u00e7al\u0131\u015fma \u015fartlar\u0131 istediklerini vurgulad\u0131. Huzur i\u00e7inde \u00e7al\u0131\u015fmak istediklerini s\u00f6yleyen i\u015f\u00e7iler, talepleri kar\u015f\u0131lanana kadar eylemlerine devam edeceklerini belirtti. Sloganlar\u0131n ard\u0131ndan grup oturma eylemine ba\u015flad\u0131.<\/p>\n<p>01.05.2026<\/p>\n","protected":false},"excerpt":{"rendered":"<p>\u0130zmir\u2019de Konak Belediyesinde \u00e7al\u0131\u015fan i\u015f\u00e7iler, Toplu \u0130\u015f S\u00f6zle\u015fmesi (T\u0130S) g\u00f6r\u00fc\u015fmelerinde elde edilen geriye d\u00f6n\u00fck haklar\u0131n\u0131n \u00f6denmemesi nedeniyle belediye binas\u0131 i\u00e7inde ba\u015flatt\u0131klar\u0131 oturma eylemini s\u00fcrd\u00fcr\u00fcyor. Konak Belediyesi\u2019nin yan\u0131 s\u0131ra Kar\u015f\u0131yaka, Buca, Narl\u0131dere ve Bayrakl\u0131 belediyelerinde de \u00e7al\u0131\u015fanlar, kazan\u0131lm\u0131\u015f haklar\u0131n\u0131n korunmas\u0131 talebiyle eylemlerini s\u00fcrd\u00fcr\u00fcyor. Toplu \u0130\u015f S\u00f6zle\u015fmesi g\u00f6r\u00fc\u015fmelerinde ya\u015fanan t\u0131kan\u0131kl\u0131klar nedeniyle il\u00e7e belediyelerindeki i\u015f b\u0131rakma eylemleri \u0130zmir [&hellip;]<\/p>\n","protected":false},"author":1,"featured_media":19832,"comment_status":"open","ping_status":"open","sticky":false,"template":"","format":"standard","meta":{"footnotes":""},"categories":[1],"tags":[3797,3803,3802,3795,3799,3798,3805,3793,3794,3801,3800,3804,3796],"class_list":["post-19831","post","type-post","status-publish","format-standard","has-post-thumbnail","hentry","category-genel","tag-tis-gorusmelerinde","tag-baslattiklari","tag-binasi-icinde","tag-calisan-isciler","tag-donuk-haklarinin","tag-elde-edilen-geriye","tag-eylemini-surduruyor","tag-izmirde","tag-konak-belediyesinde","tag-nedeniyle-belediye","tag-odenmemesi","tag-oturma","tag-toplu-is-sozlesmesi"],"yoast_head":"<!-- This site is optimized with the Yoast SEO plugin v27.4 - https:\/\/yoast.com\/product\/yoast-seo-wordpress\/ -->\n<title>Konak Belediyesinde \u00e7al\u0131\u015fan i\u015f\u00e7iler geriye d\u00f6n\u00fck haklar\u0131 i\u00e7in oturma eylemi ba\u015flatt\u0131 - Memurun Sesi<\/title>\n<meta name=\"description\" content=\"\u00a0\u0130zmir\u2019de Konak Belediyesinde \u00e7al\u0131\u015fan i\u015f\u00e7iler, Toplu \u0130\u015f S\u00f6zle\u015fmesi (T\u0130S) g\u00f6r\u00fc\u015fmelerinde elde edilen geriye d\u00f6n\u00fck haklar\u0131n\u0131n \u00f6denmemesi nedeniyle belediye binas\u0131 i\u00e7inde ba\u015flatt\u0131klar\u0131 oturma eylemini s\u00fcrd\u00fcr\u00fcyor.\" \/>\n<meta name=\"robots\" content=\"index, follow, max-snippet:-1, max-image-preview:large, max-video-preview:-1\" \/>\n<link rel=\"canonical\" href=\"https:\/\/memurunsesi.net\/index.php\/2026\/05\/01\/konak-belediyesinde-calisan-isciler-geriye-donuk-haklari-icin-oturma-eylemi-baslatti\/\" \/>\n<meta property=\"og:locale\" content=\"tr_TR\" \/>\n<meta property=\"og:type\" content=\"article\" \/>\n<meta property=\"og:title\" content=\"Konak Belediyesinde \u00e7al\u0131\u015fan i\u015f\u00e7iler geriye d\u00f6n\u00fck haklar\u0131 i\u00e7in oturma eylemi ba\u015flatt\u0131 - Memurun Sesi\" \/>\n<meta property=\"og:description\" content=\"\u00a0\u0130zmir\u2019de Konak Belediyesinde \u00e7al\u0131\u015fan i\u015f\u00e7iler, Toplu \u0130\u015f S\u00f6zle\u015fmesi (T\u0130S) g\u00f6r\u00fc\u015fmelerinde elde edilen geriye d\u00f6n\u00fck haklar\u0131n\u0131n \u00f6denmemesi nedeniyle belediye binas\u0131 i\u00e7inde ba\u015flatt\u0131klar\u0131 oturma eylemini s\u00fcrd\u00fcr\u00fcyor.\" \/>\n<meta property=\"og:url\" content=\"https:\/\/memurunsesi.net\/index.php\/2026\/05\/01\/konak-belediyesinde-calisan-isciler-geriye-donuk-haklari-icin-oturma-eylemi-baslatti\/\" \/>\n<meta property=\"og:site_name\" content=\"Memurun Sesi\" \/>\n<meta property=\"article:publisher\" content=\"https:\/\/www.facebook.com\/unipersen\/?locale=tr_TR\" \/>\n<meta property=\"article:published_time\" content=\"2026-05-01T00:09:25+00:00\" \/>\n<meta property=\"og:image\" content=\"https:\/\/memurunsesi.net\/wp-content\/uploads\/2026\/05\/belediye.jpg\" \/>\n\t<meta property=\"og:image:width\" content=\"1179\" \/>\n\t<meta property=\"og:image:height\" content=\"635\" \/>\n\t<meta property=\"og:image:type\" content=\"image\/jpeg\" \/>\n<meta name=\"author\" content=\"Memurun Sesi Haber Merkezi\" \/>\n<meta name=\"twitter:card\" content=\"summary_large_image\" \/>\n<meta name=\"twitter:creator\" content=\"@unipersen\" \/>\n<meta name=\"twitter:site\" content=\"@unipersen\" \/>\n<meta name=\"twitter:label1\" content=\"Yazan:\" \/>\n\t<meta name=\"twitter:data1\" content=\"Memurun Sesi Haber Merkezi\" \/>\n\t<meta name=\"twitter:label2\" content=\"Tahmini okuma s\u00fcresi\" \/>\n\t<meta name=\"twitter:data2\" content=\"2 dakika\" \/>\n<script type=\"application\/ld+json\" class=\"yoast-schema-graph\">{\"@context\":\"https:\\\/\\\/schema.org\",\"@graph\":[{\"@type\":\"Article\",\"@id\":\"https:\\\/\\\/memurunsesi.net\\\/index.php\\\/2026\\\/05\\\/01\\\/konak-belediyesinde-calisan-isciler-geriye-donuk-haklari-icin-oturma-eylemi-baslatti\\\/#article\",\"isPartOf\":{\"@id\":\"https:\\\/\\\/memurunsesi.net\\\/index.php\\\/2026\\\/05\\\/01\\\/konak-belediyesinde-calisan-isciler-geriye-donuk-haklari-icin-oturma-eylemi-baslatti\\\/\"},\"author\":{\"name\":\"Memurun Sesi Haber Merkezi\",\"@id\":\"https:\\\/\\\/memurunsesi.net\\\/#\\\/schema\\\/person\\\/f21c2d73b89f6ee1d80b0a1803e38587\"},\"headline\":\"Konak Belediyesinde \u00e7al\u0131\u015fan i\u015f\u00e7iler geriye d\u00f6n\u00fck haklar\u0131 i\u00e7in oturma eylemi ba\u015flatt\u0131\",\"datePublished\":\"2026-05-01T00:09:25+00:00\",\"mainEntityOfPage\":{\"@id\":\"https:\\\/\\\/memurunsesi.net\\\/index.php\\\/2026\\\/05\\\/01\\\/konak-belediyesinde-calisan-isciler-geriye-donuk-haklari-icin-oturma-eylemi-baslatti\\\/\"},\"wordCount\":218,\"commentCount\":0,\"publisher\":{\"@id\":\"https:\\\/\\\/memurunsesi.net\\\/#organization\"},\"image\":{\"@id\":\"https:\\\/\\\/memurunsesi.net\\\/index.php\\\/2026\\\/05\\\/01\\\/konak-belediyesinde-calisan-isciler-geriye-donuk-haklari-icin-oturma-eylemi-baslatti\\\/#primaryimage\"},\"thumbnailUrl\":\"https:\\\/\\\/memurunsesi.net\\\/wp-content\\\/uploads\\\/2026\\\/05\\\/belediye.jpg\",\"keywords\":[\"(T\u0130S) g\u00f6r\u00fc\u015fmelerinde\",\"ba\u015flatt\u0131klar\u0131\",\"binas\u0131 i\u00e7inde\",\"\u00e7al\u0131\u015fan i\u015f\u00e7iler\",\"d\u00f6n\u00fck haklar\u0131n\u0131n\",\"elde edilen geriye\",\"eylemini s\u00fcrd\u00fcr\u00fcyor.\",\"\u0130zmir\u2019de\",\"Konak Belediyesinde\",\"nedeniyle belediye\",\"\u00f6denmemesi\",\"oturma\",\"Toplu \u0130\u015f S\u00f6zle\u015fmesi\"],\"inLanguage\":\"tr\",\"potentialAction\":[{\"@type\":\"CommentAction\",\"name\":\"Comment\",\"target\":[\"https:\\\/\\\/memurunsesi.net\\\/index.php\\\/2026\\\/05\\\/01\\\/konak-belediyesinde-calisan-isciler-geriye-donuk-haklari-icin-oturma-eylemi-baslatti\\\/#respond\"]}]},{\"@type\":\"WebPage\",\"@id\":\"https:\\\/\\\/memurunsesi.net\\\/index.php\\\/2026\\\/05\\\/01\\\/konak-belediyesinde-calisan-isciler-geriye-donuk-haklari-icin-oturma-eylemi-baslatti\\\/\",\"url\":\"https:\\\/\\\/memurunsesi.net\\\/index.php\\\/2026\\\/05\\\/01\\\/konak-belediyesinde-calisan-isciler-geriye-donuk-haklari-icin-oturma-eylemi-baslatti\\\/\",\"name\":\"Konak Belediyesinde \u00e7al\u0131\u015fan i\u015f\u00e7iler geriye d\u00f6n\u00fck haklar\u0131 i\u00e7in oturma eylemi ba\u015flatt\u0131 - Memurun Sesi\",\"isPartOf\":{\"@id\":\"https:\\\/\\\/memurunsesi.net\\\/#website\"},\"primaryImageOfPage\":{\"@id\":\"https:\\\/\\\/memurunsesi.net\\\/index.php\\\/2026\\\/05\\\/01\\\/konak-belediyesinde-calisan-isciler-geriye-donuk-haklari-icin-oturma-eylemi-baslatti\\\/#primaryimage\"},\"image\":{\"@id\":\"https:\\\/\\\/memurunsesi.net\\\/index.php\\\/2026\\\/05\\\/01\\\/konak-belediyesinde-calisan-isciler-geriye-donuk-haklari-icin-oturma-eylemi-baslatti\\\/#primaryimage\"},\"thumbnailUrl\":\"https:\\\/\\\/memurunsesi.net\\\/wp-content\\\/uploads\\\/2026\\\/05\\\/belediye.jpg\",\"datePublished\":\"2026-05-01T00:09:25+00:00\",\"description\":\"\u00a0\u0130zmir\u2019de Konak Belediyesinde \u00e7al\u0131\u015fan i\u015f\u00e7iler, Toplu \u0130\u015f S\u00f6zle\u015fmesi (T\u0130S) g\u00f6r\u00fc\u015fmelerinde elde edilen geriye d\u00f6n\u00fck haklar\u0131n\u0131n \u00f6denmemesi nedeniyle belediye binas\u0131 i\u00e7inde ba\u015flatt\u0131klar\u0131 oturma eylemini s\u00fcrd\u00fcr\u00fcyor.\",\"breadcrumb\":{\"@id\":\"https:\\\/\\\/memurunsesi.net\\\/index.php\\\/2026\\\/05\\\/01\\\/konak-belediyesinde-calisan-isciler-geriye-donuk-haklari-icin-oturma-eylemi-baslatti\\\/#breadcrumb\"},\"inLanguage\":\"tr\",\"potentialAction\":[{\"@type\":\"ReadAction\",\"target\":[\"https:\\\/\\\/memurunsesi.net\\\/index.php\\\/2026\\\/05\\\/01\\\/konak-belediyesinde-calisan-isciler-geriye-donuk-haklari-icin-oturma-eylemi-baslatti\\\/\"]}]},{\"@type\":\"ImageObject\",\"inLanguage\":\"tr\",\"@id\":\"https:\\\/\\\/memurunsesi.net\\\/index.php\\\/2026\\\/05\\\/01\\\/konak-belediyesinde-calisan-isciler-geriye-donuk-haklari-icin-oturma-eylemi-baslatti\\\/#primaryimage\",\"url\":\"https:\\\/\\\/memurunsesi.net\\\/wp-content\\\/uploads\\\/2026\\\/05\\\/belediye.jpg\",\"contentUrl\":\"https:\\\/\\\/memurunsesi.net\\\/wp-content\\\/uploads\\\/2026\\\/05\\\/belediye.jpg\",\"width\":1179,\"height\":635,\"caption\":\"KONAK BEKED\u0130YES\u0130 EYLEM (\u0130HA\\\/\u0130ZM\u0130R-\u0130HA) \u0130zmir'de Konak Belediyesinde \u00e7al\u0131\u015fan i\u015f\u00e7iler, Toplu \u0130\u015f S\u00f6zle\u015fmesi (T\u0130S) g\u00f6r\u00fc\u015fmelerinde elde edilen geriye d\u00f6n\u00fck haklar\u0131n\u0131n \u00f6denmemesi nedeniyle belediye binas\u0131 i\u00e7inde ba\u015flatt\u0131klar\u0131 oturma eylemini s\u00fcrd\u00fcr\u00fcyor.\"},{\"@type\":\"BreadcrumbList\",\"@id\":\"https:\\\/\\\/memurunsesi.net\\\/index.php\\\/2026\\\/05\\\/01\\\/konak-belediyesinde-calisan-isciler-geriye-donuk-haklari-icin-oturma-eylemi-baslatti\\\/#breadcrumb\",\"itemListElement\":[{\"@type\":\"ListItem\",\"position\":1,\"name\":\"Anasayfa\",\"item\":\"https:\\\/\\\/memurunsesi.net\\\/\"},{\"@type\":\"ListItem\",\"position\":2,\"name\":\"Konak Belediyesinde \u00e7al\u0131\u015fan i\u015f\u00e7iler geriye d\u00f6n\u00fck haklar\u0131 i\u00e7in oturma eylemi ba\u015flatt\u0131\"}]},{\"@type\":\"WebSite\",\"@id\":\"https:\\\/\\\/memurunsesi.net\\\/#website\",\"url\":\"https:\\\/\\\/memurunsesi.net\\\/\",\"name\":\"Memurun Sesi\",\"description\":\"G\u00fcncel ve Do\u011fru Haber\",\"publisher\":{\"@id\":\"https:\\\/\\\/memurunsesi.net\\\/#organization\"},\"potentialAction\":[{\"@type\":\"SearchAction\",\"target\":{\"@type\":\"EntryPoint\",\"urlTemplate\":\"https:\\\/\\\/memurunsesi.net\\\/?s={search_term_string}\"},\"query-input\":{\"@type\":\"PropertyValueSpecification\",\"valueRequired\":true,\"valueName\":\"search_term_string\"}}],\"inLanguage\":\"tr\"},{\"@type\":\"Organization\",\"@id\":\"https:\\\/\\\/memurunsesi.net\\\/#organization\",\"name\":\"Memurun Sesi\",\"url\":\"https:\\\/\\\/memurunsesi.net\\\/\",\"logo\":{\"@type\":\"ImageObject\",\"inLanguage\":\"tr\",\"@id\":\"https:\\\/\\\/memurunsesi.net\\\/#\\\/schema\\\/logo\\\/image\\\/\",\"url\":\"https:\\\/\\\/memurunsesi.net\\\/wp-content\\\/uploads\\\/2025\\\/11\\\/cropped-MEMURUN-SESI.png\",\"contentUrl\":\"https:\\\/\\\/memurunsesi.net\\\/wp-content\\\/uploads\\\/2025\\\/11\\\/cropped-MEMURUN-SESI.png\",\"width\":238,\"height\":57,\"caption\":\"Memurun Sesi\"},\"image\":{\"@id\":\"https:\\\/\\\/memurunsesi.net\\\/#\\\/schema\\\/logo\\\/image\\\/\"},\"sameAs\":[\"https:\\\/\\\/www.facebook.com\\\/unipersen\\\/?locale=tr_TR\",\"https:\\\/\\\/x.com\\\/unipersen\"]},{\"@type\":\"Person\",\"@id\":\"https:\\\/\\\/memurunsesi.net\\\/#\\\/schema\\\/person\\\/f21c2d73b89f6ee1d80b0a1803e38587\",\"name\":\"Memurun Sesi Haber Merkezi\",\"image\":{\"@type\":\"ImageObject\",\"inLanguage\":\"tr\",\"@id\":\"https:\\\/\\\/secure.gravatar.com\\\/avatar\\\/6cf0505f452ee753f485014986fab09a434671d2b919ee76fc541025c5876a70?s=96&d=mm&r=g\",\"url\":\"https:\\\/\\\/secure.gravatar.com\\\/avatar\\\/6cf0505f452ee753f485014986fab09a434671d2b919ee76fc541025c5876a70?s=96&d=mm&r=g\",\"contentUrl\":\"https:\\\/\\\/secure.gravatar.com\\\/avatar\\\/6cf0505f452ee753f485014986fab09a434671d2b919ee76fc541025c5876a70?s=96&d=mm&r=g\",\"caption\":\"Memurun Sesi Haber Merkezi\"},\"sameAs\":[\"https:\\\/\\\/memurunsesi.net\"],\"url\":\"https:\\\/\\\/memurunsesi.net\\\/index.php\\\/author\\\/uniper\\\/\"}]}<\/script>\n<!-- \/ Yoast SEO plugin. -->","yoast_head_json":{"title":"Konak Belediyesinde \u00e7al\u0131\u015fan i\u015f\u00e7iler geriye d\u00f6n\u00fck haklar\u0131 i\u00e7in oturma eylemi ba\u015flatt\u0131 - Memurun Sesi","description":"\u00a0\u0130zmir\u2019de Konak Belediyesinde \u00e7al\u0131\u015fan i\u015f\u00e7iler, Toplu \u0130\u015f S\u00f6zle\u015fmesi (T\u0130S) g\u00f6r\u00fc\u015fmelerinde elde edilen geriye d\u00f6n\u00fck haklar\u0131n\u0131n \u00f6denmemesi nedeniyle belediye binas\u0131 i\u00e7inde ba\u015flatt\u0131klar\u0131 oturma eylemini s\u00fcrd\u00fcr\u00fcyor.","robots":{"index":"index","follow":"follow","max-snippet":"max-snippet:-1","max-image-preview":"max-image-preview:large","max-video-preview":"max-video-preview:-1"},"canonical":"https:\/\/memurunsesi.net\/index.php\/2026\/05\/01\/konak-belediyesinde-calisan-isciler-geriye-donuk-haklari-icin-oturma-eylemi-baslatti\/","og_locale":"tr_TR","og_type":"article","og_title":"Konak Belediyesinde \u00e7al\u0131\u015fan i\u015f\u00e7iler geriye d\u00f6n\u00fck haklar\u0131 i\u00e7in oturma eylemi ba\u015flatt\u0131 - Memurun Sesi","og_description":"\u00a0\u0130zmir\u2019de Konak Belediyesinde \u00e7al\u0131\u015fan i\u015f\u00e7iler, Toplu \u0130\u015f S\u00f6zle\u015fmesi (T\u0130S) g\u00f6r\u00fc\u015fmelerinde elde edilen geriye d\u00f6n\u00fck haklar\u0131n\u0131n \u00f6denmemesi nedeniyle belediye binas\u0131 i\u00e7inde ba\u015flatt\u0131klar\u0131 oturma eylemini s\u00fcrd\u00fcr\u00fcyor.","og_url":"https:\/\/memurunsesi.net\/index.php\/2026\/05\/01\/konak-belediyesinde-calisan-isciler-geriye-donuk-haklari-icin-oturma-eylemi-baslatti\/","og_site_name":"Memurun Sesi","article_publisher":"https:\/\/www.facebook.com\/unipersen\/?locale=tr_TR","article_published_time":"2026-05-01T00:09:25+00:00","og_image":[{"width":1179,"height":635,"url":"https:\/\/memurunsesi.net\/wp-content\/uploads\/2026\/05\/belediye.jpg","type":"image\/jpeg"}],"author":"Memurun Sesi Haber Merkezi","twitter_card":"summary_large_image","twitter_creator":"@unipersen","twitter_site":"@unipersen","twitter_misc":{"Yazan:":"Memurun Sesi Haber Merkezi","Tahmini okuma s\u00fcresi":"2 dakika"},"schema":{"@context":"https:\/\/schema.org","@graph":[{"@type":"Article","@id":"https:\/\/memurunsesi.net\/index.php\/2026\/05\/01\/konak-belediyesinde-calisan-isciler-geriye-donuk-haklari-icin-oturma-eylemi-baslatti\/#article","isPartOf":{"@id":"https:\/\/memurunsesi.net\/index.php\/2026\/05\/01\/konak-belediyesinde-calisan-isciler-geriye-donuk-haklari-icin-oturma-eylemi-baslatti\/"},"author":{"name":"Memurun Sesi Haber Merkezi","@id":"https:\/\/memurunsesi.net\/#\/schema\/person\/f21c2d73b89f6ee1d80b0a1803e38587"},"headline":"Konak Belediyesinde \u00e7al\u0131\u015fan i\u015f\u00e7iler geriye d\u00f6n\u00fck haklar\u0131 i\u00e7in oturma eylemi ba\u015flatt\u0131","datePublished":"2026-05-01T00:09:25+00:00","mainEntityOfPage":{"@id":"https:\/\/memurunsesi.net\/index.php\/2026\/05\/01\/konak-belediyesinde-calisan-isciler-geriye-donuk-haklari-icin-oturma-eylemi-baslatti\/"},"wordCount":218,"commentCount":0,"publisher":{"@id":"https:\/\/memurunsesi.net\/#organization"},"image":{"@id":"https:\/\/memurunsesi.net\/index.php\/2026\/05\/01\/konak-belediyesinde-calisan-isciler-geriye-donuk-haklari-icin-oturma-eylemi-baslatti\/#primaryimage"},"thumbnailUrl":"https:\/\/memurunsesi.net\/wp-content\/uploads\/2026\/05\/belediye.jpg","keywords":["(T\u0130S) g\u00f6r\u00fc\u015fmelerinde","ba\u015flatt\u0131klar\u0131","binas\u0131 i\u00e7inde","\u00e7al\u0131\u015fan i\u015f\u00e7iler","d\u00f6n\u00fck haklar\u0131n\u0131n","elde edilen geriye","eylemini s\u00fcrd\u00fcr\u00fcyor.","\u0130zmir\u2019de","Konak Belediyesinde","nedeniyle belediye","\u00f6denmemesi","oturma","Toplu \u0130\u015f S\u00f6zle\u015fmesi"],"inLanguage":"tr","potentialAction":[{"@type":"CommentAction","name":"Comment","target":["https:\/\/memurunsesi.net\/index.php\/2026\/05\/01\/konak-belediyesinde-calisan-isciler-geriye-donuk-haklari-icin-oturma-eylemi-baslatti\/#respond"]}]},{"@type":"WebPage","@id":"https:\/\/memurunsesi.net\/index.php\/2026\/05\/01\/konak-belediyesinde-calisan-isciler-geriye-donuk-haklari-icin-oturma-eylemi-baslatti\/","url":"https:\/\/memurunsesi.net\/index.php\/2026\/05\/01\/konak-belediyesinde-calisan-isciler-geriye-donuk-haklari-icin-oturma-eylemi-baslatti\/","name":"Konak Belediyesinde \u00e7al\u0131\u015fan i\u015f\u00e7iler geriye d\u00f6n\u00fck haklar\u0131 i\u00e7in oturma eylemi ba\u015flatt\u0131 - Memurun Sesi","isPartOf":{"@id":"https:\/\/memurunsesi.net\/#website"},"primaryImageOfPage":{"@id":"https:\/\/memurunsesi.net\/index.php\/2026\/05\/01\/konak-belediyesinde-calisan-isciler-geriye-donuk-haklari-icin-oturma-eylemi-baslatti\/#primaryimage"},"image":{"@id":"https:\/\/memurunsesi.net\/index.php\/2026\/05\/01\/konak-belediyesinde-calisan-isciler-geriye-donuk-haklari-icin-oturma-eylemi-baslatti\/#primaryimage"},"thumbnailUrl":"https:\/\/memurunsesi.net\/wp-content\/uploads\/2026\/05\/belediye.jpg","datePublished":"2026-05-01T00:09:25+00:00","description":"\u00a0\u0130zmir\u2019de Konak Belediyesinde \u00e7al\u0131\u015fan i\u015f\u00e7iler, Toplu \u0130\u015f S\u00f6zle\u015fmesi (T\u0130S) g\u00f6r\u00fc\u015fmelerinde elde edilen geriye d\u00f6n\u00fck haklar\u0131n\u0131n \u00f6denmemesi nedeniyle belediye binas\u0131 i\u00e7inde ba\u015flatt\u0131klar\u0131 oturma eylemini s\u00fcrd\u00fcr\u00fcyor.","breadcrumb":{"@id":"https:\/\/memurunsesi.net\/index.php\/2026\/05\/01\/konak-belediyesinde-calisan-isciler-geriye-donuk-haklari-icin-oturma-eylemi-baslatti\/#breadcrumb"},"inLanguage":"tr","potentialAction":[{"@type":"ReadAction","target":["https:\/\/memurunsesi.net\/index.php\/2026\/05\/01\/konak-belediyesinde-calisan-isciler-geriye-donuk-haklari-icin-oturma-eylemi-baslatti\/"]}]},{"@type":"ImageObject","inLanguage":"tr","@id":"https:\/\/memurunsesi.net\/index.php\/2026\/05\/01\/konak-belediyesinde-calisan-isciler-geriye-donuk-haklari-icin-oturma-eylemi-baslatti\/#primaryimage","url":"https:\/\/memurunsesi.net\/wp-content\/uploads\/2026\/05\/belediye.jpg","contentUrl":"https:\/\/memurunsesi.net\/wp-content\/uploads\/2026\/05\/belediye.jpg","width":1179,"height":635,"caption":"KONAK BEKED\u0130YES\u0130 EYLEM (\u0130HA\/\u0130ZM\u0130R-\u0130HA) \u0130zmir'de Konak Belediyesinde \u00e7al\u0131\u015fan i\u015f\u00e7iler, Toplu \u0130\u015f S\u00f6zle\u015fmesi (T\u0130S) g\u00f6r\u00fc\u015fmelerinde elde edilen geriye d\u00f6n\u00fck haklar\u0131n\u0131n \u00f6denmemesi nedeniyle belediye binas\u0131 i\u00e7inde ba\u015flatt\u0131klar\u0131 oturma eylemini s\u00fcrd\u00fcr\u00fcyor."},{"@type":"BreadcrumbList","@id":"https:\/\/memurunsesi.net\/index.php\/2026\/05\/01\/konak-belediyesinde-calisan-isciler-geriye-donuk-haklari-icin-oturma-eylemi-baslatti\/#breadcrumb","itemListElement":[{"@type":"ListItem","position":1,"name":"Anasayfa","item":"https:\/\/memurunsesi.net\/"},{"@type":"ListItem","position":2,"name":"Konak Belediyesinde \u00e7al\u0131\u015fan i\u015f\u00e7iler geriye d\u00f6n\u00fck haklar\u0131 i\u00e7in oturma eylemi ba\u015flatt\u0131"}]},{"@type":"WebSite","@id":"https:\/\/memurunsesi.net\/#website","url":"https:\/\/memurunsesi.net\/","name":"Memurun Sesi","description":"G\u00fcncel ve Do\u011fru Haber","publisher":{"@id":"https:\/\/memurunsesi.net\/#organization"},"potentialAction":[{"@type":"SearchAction","target":{"@type":"EntryPoint","urlTemplate":"https:\/\/memurunsesi.net\/?s={search_term_string}"},"query-input":{"@type":"PropertyValueSpecification","valueRequired":true,"valueName":"search_term_string"}}],"inLanguage":"tr"},{"@type":"Organization","@id":"https:\/\/memurunsesi.net\/#organization","name":"Memurun Sesi","url":"https:\/\/memurunsesi.net\/","logo":{"@type":"ImageObject","inLanguage":"tr","@id":"https:\/\/memurunsesi.net\/#\/schema\/logo\/image\/","url":"https:\/\/memurunsesi.net\/wp-content\/uploads\/2025\/11\/cropped-MEMURUN-SESI.png","contentUrl":"https:\/\/memurunsesi.net\/wp-content\/uploads\/2025\/11\/cropped-MEMURUN-SESI.png","width":238,"height":57,"caption":"Memurun Sesi"},"image":{"@id":"https:\/\/memurunsesi.net\/#\/schema\/logo\/image\/"},"sameAs":["https:\/\/www.facebook.com\/unipersen\/?locale=tr_TR","https:\/\/x.com\/unipersen"]},{"@type":"Person","@id":"https:\/\/memurunsesi.net\/#\/schema\/person\/f21c2d73b89f6ee1d80b0a1803e38587","name":"Memurun Sesi Haber Merkezi","image":{"@type":"ImageObject","inLanguage":"tr","@id":"https:\/\/secure.gravatar.com\/avatar\/6cf0505f452ee753f485014986fab09a434671d2b919ee76fc541025c5876a70?s=96&d=mm&r=g","url":"https:\/\/secure.gravatar.com\/avatar\/6cf0505f452ee753f485014986fab09a434671d2b919ee76fc541025c5876a70?s=96&d=mm&r=g","contentUrl":"https:\/\/secure.gravatar.com\/avatar\/6cf0505f452ee753f485014986fab09a434671d2b919ee76fc541025c5876a70?s=96&d=mm&r=g","caption":"Memurun Sesi Haber Merkezi"},"sameAs":["https:\/\/memurunsesi.net"],"url":"https:\/\/memurunsesi.net\/index.php\/author\/uniper\/"}]}},"_links":{"self":[{"href":"https:\/\/memurunsesi.net\/index.php\/wp-json\/wp\/v2\/posts\/19831","targetHints":{"allow":["GET"]}}],"collection":[{"href":"https:\/\/memurunsesi.net\/index.php\/wp-json\/wp\/v2\/posts"}],"about":[{"href":"https:\/\/memurunsesi.net\/index.php\/wp-json\/wp\/v2\/types\/post"}],"author":[{"embeddable":true,"href":"https:\/\/memurunsesi.net\/index.php\/wp-json\/wp\/v2\/users\/1"}],"replies":[{"embeddable":true,"href":"https:\/\/memurunsesi.net\/index.php\/wp-json\/wp\/v2\/comments?post=19831"}],"version-history":[{"count":1,"href":"https:\/\/memurunsesi.net\/index.php\/wp-json\/wp\/v2\/posts\/19831\/revisions"}],"predecessor-version":[{"id":19833,"href":"https:\/\/memurunsesi.net\/index.php\/wp-json\/wp\/v2\/posts\/19831\/revisions\/19833"}],"wp:featuredmedia":[{"embeddable":true,"href":"https:\/\/memurunsesi.net\/index.php\/wp-json\/wp\/v2\/media\/19832"}],"wp:attachment":[{"href":"https:\/\/memurunsesi.net\/index.php\/wp-json\/wp\/v2\/media?parent=19831"}],"wp:term":[{"taxonomy":"category","embeddable":true,"href":"https:\/\/memurunsesi.net\/index.php\/wp-json\/wp\/v2\/categories?post=19831"},{"taxonomy":"post_tag","embeddable":true,"href":"https:\/\/memurunsesi.net\/index.php\/wp-json\/wp\/v2\/tags?post=19831"}],"curies":[{"name":"wp","href":"https:\/\/api.w.org\/{rel}","templated":true}]}}