{"id":19874,"date":"2026-05-03T07:52:33","date_gmt":"2026-05-03T04:52:33","guid":{"rendered":"https:\/\/memurunsesi.net\/?p=19874"},"modified":"2026-05-03T07:52:33","modified_gmt":"2026-05-03T04:52:33","slug":"sokak-ortasinda-tufekle-dolasan-cocuk-kovalamaca-sonucu-yakalandi","status":"publish","type":"post","link":"https:\/\/memurunsesi.net\/index.php\/2026\/05\/03\/sokak-ortasinda-tufekle-dolasan-cocuk-kovalamaca-sonucu-yakalandi\/","title":{"rendered":"Sokak ortas\u0131nda t\u00fcfekle dola\u015fan \u00e7ocuk, kovalamaca sonucu yakaland\u0131"},"content":{"rendered":"<p>Kayseri\u2019nin Kocasinan il\u00e7esinde elinde pompal\u0131 t\u00fcfekle dola\u015fan bir \u00e7ocuk, polis ekiplerini g\u00f6r\u00fcnce silah\u0131 atarak ka\u00e7t\u0131. \u015e\u00fcpheli \u00e7ocuk ve yan\u0131ndaki 3 arkada\u015f\u0131, ya\u015fanan kovalamaca sonucu yakaland\u0131.<br \/>\nEdinilen bilgiye g\u00f6re, il\u00e7eye ba\u011fl\u0131 Fevzi \u00c7akmak Mahallesi Fuzuli Caddesi \u00fczerinde ellerinde t\u00fcfekle dola\u015fan 4 ki\u015finin oldu\u011fu ihbar\u0131n\u0131 alan polis ekipleri \u00e7evrede \u00e7al\u0131\u015fma yapt\u0131. Ekipler taraf\u0131ndan yap\u0131lan ara\u015ft\u0131rmalar s\u0131ras\u0131nda t\u00fcfekle dola\u015fan Y.K. (15) ve 3 arkada\u015f\u0131 tespit edildi. Ekipleri g\u00f6ren Y.K. ve 3 arkada\u015f\u0131 t\u00fcfe\u011fi kald\u0131r\u0131ma atarak, ka\u00e7maya ba\u015flad\u0131. Polisleri fark eden Y.K. ve yan\u0131ndakiler, t\u00fcfe\u011fi kald\u0131r\u0131ma atarak ka\u00e7maya ba\u015flad\u0131. K\u0131sa s\u00fcren kovalamaca sonucu \u015f\u00fcpheliler yakalan\u0131rken, t\u00fcfek muhafaza alt\u0131na al\u0131nd\u0131. G\u00f6zalt\u0131na al\u0131nan Y.K. ve 3 arkada\u015f\u0131, ifadeleri al\u0131nmak \u00fczere karakola g\u00f6t\u00fcr\u00fcld\u00fc.<br \/>\nOlayla ilgili soru\u015fturma ba\u015flat\u0131ld\u0131.<\/p>\n<p>3.05.2026<\/p>\n","protected":false},"excerpt":{"rendered":"<p>Kayseri\u2019nin Kocasinan il\u00e7esinde elinde pompal\u0131 t\u00fcfekle dola\u015fan bir \u00e7ocuk, polis ekiplerini g\u00f6r\u00fcnce silah\u0131 atarak ka\u00e7t\u0131. \u015e\u00fcpheli \u00e7ocuk ve yan\u0131ndaki 3 arkada\u015f\u0131, ya\u015fanan kovalamaca sonucu yakaland\u0131. Edinilen bilgiye g\u00f6re, il\u00e7eye ba\u011fl\u0131 Fevzi \u00c7akmak Mahallesi Fuzuli Caddesi \u00fczerinde ellerinde t\u00fcfekle dola\u015fan 4 ki\u015finin oldu\u011fu ihbar\u0131n\u0131 alan polis ekipleri \u00e7evrede \u00e7al\u0131\u015fma yapt\u0131. Ekipler taraf\u0131ndan yap\u0131lan ara\u015ft\u0131rmalar s\u0131ras\u0131nda t\u00fcfekle [&hellip;]<\/p>\n","protected":false},"author":1,"featured_media":19875,"comment_status":"open","ping_status":"open","sticky":false,"template":"","format":"standard","meta":{"footnotes":""},"categories":[50],"tags":[3827,2604,2010,2667,3826,1119],"class_list":["post-19874","post","type-post","status-publish","format-standard","has-post-thumbnail","hentry","category-tum-haberler","tag-dolasan-cocuk","tag-ile","tag-polis-tarafindan","tag-pompali-tufek","tag-sokaklarda","tag-yakalandi"],"yoast_head":"<!-- This site is optimized with the Yoast SEO plugin v27.5 - https:\/\/yoast.com\/product\/yoast-seo-wordpress\/ -->\n<title>Sokak ortas\u0131nda t\u00fcfekle dola\u015fan \u00e7ocuk, kovalamaca sonucu yakaland\u0131 - Memurun Sesi<\/title>\n<meta name=\"description\" content=\"Kayseri\u2019nin Kocasinan il\u00e7esinde elinde pompal\u0131 t\u00fcfekle dola\u015fan bir \u00e7ocuk, polis ekiplerini g\u00f6r\u00fcnce silah\u0131 atarak ka\u00e7t\u0131. \u015e\u00fcpheli \u00e7ocuk ve yan\u0131ndaki 3 arkada\u015f\u0131, ya\u015fanan kovalamaca sonucu yakaland\u0131.\" \/>\n<meta name=\"robots\" content=\"index, follow, max-snippet:-1, max-image-preview:large, max-video-preview:-1\" \/>\n<link rel=\"canonical\" href=\"https:\/\/memurunsesi.net\/index.php\/2026\/05\/03\/sokak-ortasinda-tufekle-dolasan-cocuk-kovalamaca-sonucu-yakalandi\/\" \/>\n<meta property=\"og:locale\" content=\"tr_TR\" \/>\n<meta property=\"og:type\" content=\"article\" \/>\n<meta property=\"og:title\" content=\"Sokak ortas\u0131nda t\u00fcfekle dola\u015fan \u00e7ocuk, kovalamaca sonucu yakaland\u0131 - Memurun Sesi\" \/>\n<meta property=\"og:description\" content=\"Kayseri\u2019nin Kocasinan il\u00e7esinde elinde pompal\u0131 t\u00fcfekle dola\u015fan bir \u00e7ocuk, polis ekiplerini g\u00f6r\u00fcnce silah\u0131 atarak ka\u00e7t\u0131. \u015e\u00fcpheli \u00e7ocuk ve yan\u0131ndaki 3 arkada\u015f\u0131, ya\u015fanan kovalamaca sonucu yakaland\u0131.\" \/>\n<meta property=\"og:url\" content=\"https:\/\/memurunsesi.net\/index.php\/2026\/05\/03\/sokak-ortasinda-tufekle-dolasan-cocuk-kovalamaca-sonucu-yakalandi\/\" \/>\n<meta property=\"og:site_name\" content=\"Memurun Sesi\" \/>\n<meta property=\"article:publisher\" content=\"https:\/\/www.facebook.com\/unipersen\/?locale=tr_TR\" \/>\n<meta property=\"article:published_time\" content=\"2026-05-03T04:52:33+00:00\" \/>\n<meta property=\"og:image\" content=\"https:\/\/memurunsesi.net\/wp-content\/uploads\/2026\/05\/polis-6.jpg\" \/>\n\t<meta property=\"og:image:width\" content=\"1600\" \/>\n\t<meta property=\"og:image:height\" content=\"900\" \/>\n\t<meta property=\"og:image:type\" content=\"image\/jpeg\" \/>\n<meta name=\"author\" content=\"Memurun Sesi Haber Merkezi\" \/>\n<meta name=\"twitter:card\" content=\"summary_large_image\" \/>\n<meta name=\"twitter:creator\" content=\"@unipersen\" \/>\n<meta name=\"twitter:site\" content=\"@unipersen\" \/>\n<meta name=\"twitter:label1\" content=\"Yazan:\" \/>\n\t<meta name=\"twitter:data1\" content=\"Memurun Sesi Haber Merkezi\" \/>\n\t<meta name=\"twitter:label2\" content=\"Tahmini okuma s\u00fcresi\" \/>\n\t<meta name=\"twitter:data2\" content=\"1 dakika\" \/>\n<script type=\"application\/ld+json\" class=\"yoast-schema-graph\">{\"@context\":\"https:\\\/\\\/schema.org\",\"@graph\":[{\"@type\":\"Article\",\"@id\":\"https:\\\/\\\/memurunsesi.net\\\/index.php\\\/2026\\\/05\\\/03\\\/sokak-ortasinda-tufekle-dolasan-cocuk-kovalamaca-sonucu-yakalandi\\\/#article\",\"isPartOf\":{\"@id\":\"https:\\\/\\\/memurunsesi.net\\\/index.php\\\/2026\\\/05\\\/03\\\/sokak-ortasinda-tufekle-dolasan-cocuk-kovalamaca-sonucu-yakalandi\\\/\"},\"author\":{\"name\":\"Memurun Sesi Haber Merkezi\",\"@id\":\"https:\\\/\\\/memurunsesi.net\\\/#\\\/schema\\\/person\\\/f21c2d73b89f6ee1d80b0a1803e38587\"},\"headline\":\"Sokak ortas\u0131nda t\u00fcfekle dola\u015fan \u00e7ocuk, kovalamaca sonucu yakaland\u0131\",\"datePublished\":\"2026-05-03T04:52:33+00:00\",\"mainEntityOfPage\":{\"@id\":\"https:\\\/\\\/memurunsesi.net\\\/index.php\\\/2026\\\/05\\\/03\\\/sokak-ortasinda-tufekle-dolasan-cocuk-kovalamaca-sonucu-yakalandi\\\/\"},\"wordCount\":175,\"commentCount\":0,\"publisher\":{\"@id\":\"https:\\\/\\\/memurunsesi.net\\\/#organization\"},\"image\":{\"@id\":\"https:\\\/\\\/memurunsesi.net\\\/index.php\\\/2026\\\/05\\\/03\\\/sokak-ortasinda-tufekle-dolasan-cocuk-kovalamaca-sonucu-yakalandi\\\/#primaryimage\"},\"thumbnailUrl\":\"https:\\\/\\\/memurunsesi.net\\\/wp-content\\\/uploads\\\/2026\\\/05\\\/polis-6.jpg\",\"keywords\":[\"dola\u015fan \u00e7ocuk\",\"ile\",\"polis taraf\u0131ndan\",\"pompal\u0131 t\u00fcfek\",\"sokaklarda\",\"yakaland\u0131\"],\"articleSection\":[\"T\u00fcm Haberler\"],\"inLanguage\":\"tr\",\"potentialAction\":[{\"@type\":\"CommentAction\",\"name\":\"Comment\",\"target\":[\"https:\\\/\\\/memurunsesi.net\\\/index.php\\\/2026\\\/05\\\/03\\\/sokak-ortasinda-tufekle-dolasan-cocuk-kovalamaca-sonucu-yakalandi\\\/#respond\"]}]},{\"@type\":\"WebPage\",\"@id\":\"https:\\\/\\\/memurunsesi.net\\\/index.php\\\/2026\\\/05\\\/03\\\/sokak-ortasinda-tufekle-dolasan-cocuk-kovalamaca-sonucu-yakalandi\\\/\",\"url\":\"https:\\\/\\\/memurunsesi.net\\\/index.php\\\/2026\\\/05\\\/03\\\/sokak-ortasinda-tufekle-dolasan-cocuk-kovalamaca-sonucu-yakalandi\\\/\",\"name\":\"Sokak ortas\u0131nda t\u00fcfekle dola\u015fan \u00e7ocuk, kovalamaca sonucu yakaland\u0131 - Memurun Sesi\",\"isPartOf\":{\"@id\":\"https:\\\/\\\/memurunsesi.net\\\/#website\"},\"primaryImageOfPage\":{\"@id\":\"https:\\\/\\\/memurunsesi.net\\\/index.php\\\/2026\\\/05\\\/03\\\/sokak-ortasinda-tufekle-dolasan-cocuk-kovalamaca-sonucu-yakalandi\\\/#primaryimage\"},\"image\":{\"@id\":\"https:\\\/\\\/memurunsesi.net\\\/index.php\\\/2026\\\/05\\\/03\\\/sokak-ortasinda-tufekle-dolasan-cocuk-kovalamaca-sonucu-yakalandi\\\/#primaryimage\"},\"thumbnailUrl\":\"https:\\\/\\\/memurunsesi.net\\\/wp-content\\\/uploads\\\/2026\\\/05\\\/polis-6.jpg\",\"datePublished\":\"2026-05-03T04:52:33+00:00\",\"description\":\"Kayseri\u2019nin Kocasinan il\u00e7esinde elinde pompal\u0131 t\u00fcfekle dola\u015fan bir \u00e7ocuk, polis ekiplerini g\u00f6r\u00fcnce silah\u0131 atarak ka\u00e7t\u0131. \u015e\u00fcpheli \u00e7ocuk ve yan\u0131ndaki 3 arkada\u015f\u0131, ya\u015fanan kovalamaca sonucu yakaland\u0131.\",\"breadcrumb\":{\"@id\":\"https:\\\/\\\/memurunsesi.net\\\/index.php\\\/2026\\\/05\\\/03\\\/sokak-ortasinda-tufekle-dolasan-cocuk-kovalamaca-sonucu-yakalandi\\\/#breadcrumb\"},\"inLanguage\":\"tr\",\"potentialAction\":[{\"@type\":\"ReadAction\",\"target\":[\"https:\\\/\\\/memurunsesi.net\\\/index.php\\\/2026\\\/05\\\/03\\\/sokak-ortasinda-tufekle-dolasan-cocuk-kovalamaca-sonucu-yakalandi\\\/\"]}]},{\"@type\":\"ImageObject\",\"inLanguage\":\"tr\",\"@id\":\"https:\\\/\\\/memurunsesi.net\\\/index.php\\\/2026\\\/05\\\/03\\\/sokak-ortasinda-tufekle-dolasan-cocuk-kovalamaca-sonucu-yakalandi\\\/#primaryimage\",\"url\":\"https:\\\/\\\/memurunsesi.net\\\/wp-content\\\/uploads\\\/2026\\\/05\\\/polis-6.jpg\",\"contentUrl\":\"https:\\\/\\\/memurunsesi.net\\\/wp-content\\\/uploads\\\/2026\\\/05\\\/polis-6.jpg\",\"width\":1600,\"height\":900,\"caption\":\"KAYSER\u0130'N\u0130N KOCAS\u0130NAN \u0130L\u00c7ES\u0130NDE EL\u0130NDE POMPALI T\u00dcFEKLE DOLA\u015eAN \u00c7OCUK POL\u0130S EK\u0130PLER\u0130N\u0130 G\u00d6R\u00dcNCE T\u00dcFE\u011e\u0130 ATARAK, KA\u00c7TI. \u015e\u00dcPHEL\u0130 \u015eAHIS VE YANINDA BULUNAN 3 ARKADA\u015eI KOVALAMACA SONUCU YAKALANDI. (M\u00dcKREM\u0130N KAYA\\\/KAYSER\u0130-\u0130HA) Kayseri'nin Kocasinan il\u00e7esinde elinde pompal\u0131 t\u00fcfekle dola\u015fan bir \u00e7ocuk, polis ekiplerini g\u00f6r\u00fcnce silah\u0131 atarak ka\u00e7t\u0131. \u015e\u00fcpheli \u00e7ocuk ve yan\u0131ndaki 3 arkada\u015f\u0131, ya\u015fanan kovalamaca sonucu yakaland\u0131.\"},{\"@type\":\"BreadcrumbList\",\"@id\":\"https:\\\/\\\/memurunsesi.net\\\/index.php\\\/2026\\\/05\\\/03\\\/sokak-ortasinda-tufekle-dolasan-cocuk-kovalamaca-sonucu-yakalandi\\\/#breadcrumb\",\"itemListElement\":[{\"@type\":\"ListItem\",\"position\":1,\"name\":\"Anasayfa\",\"item\":\"https:\\\/\\\/memurunsesi.net\\\/\"},{\"@type\":\"ListItem\",\"position\":2,\"name\":\"Sokak ortas\u0131nda t\u00fcfekle dola\u015fan \u00e7ocuk, kovalamaca sonucu yakaland\u0131\"}]},{\"@type\":\"WebSite\",\"@id\":\"https:\\\/\\\/memurunsesi.net\\\/#website\",\"url\":\"https:\\\/\\\/memurunsesi.net\\\/\",\"name\":\"Memurun Sesi\",\"description\":\"G\u00fcncel ve Do\u011fru Haber\",\"publisher\":{\"@id\":\"https:\\\/\\\/memurunsesi.net\\\/#organization\"},\"potentialAction\":[{\"@type\":\"SearchAction\",\"target\":{\"@type\":\"EntryPoint\",\"urlTemplate\":\"https:\\\/\\\/memurunsesi.net\\\/?s={search_term_string}\"},\"query-input\":{\"@type\":\"PropertyValueSpecification\",\"valueRequired\":true,\"valueName\":\"search_term_string\"}}],\"inLanguage\":\"tr\"},{\"@type\":\"Organization\",\"@id\":\"https:\\\/\\\/memurunsesi.net\\\/#organization\",\"name\":\"Memurun Sesi\",\"url\":\"https:\\\/\\\/memurunsesi.net\\\/\",\"logo\":{\"@type\":\"ImageObject\",\"inLanguage\":\"tr\",\"@id\":\"https:\\\/\\\/memurunsesi.net\\\/#\\\/schema\\\/logo\\\/image\\\/\",\"url\":\"https:\\\/\\\/memurunsesi.net\\\/wp-content\\\/uploads\\\/2025\\\/11\\\/cropped-MEMURUN-SESI.png\",\"contentUrl\":\"https:\\\/\\\/memurunsesi.net\\\/wp-content\\\/uploads\\\/2025\\\/11\\\/cropped-MEMURUN-SESI.png\",\"width\":238,\"height\":57,\"caption\":\"Memurun Sesi\"},\"image\":{\"@id\":\"https:\\\/\\\/memurunsesi.net\\\/#\\\/schema\\\/logo\\\/image\\\/\"},\"sameAs\":[\"https:\\\/\\\/www.facebook.com\\\/unipersen\\\/?locale=tr_TR\",\"https:\\\/\\\/x.com\\\/unipersen\"]},{\"@type\":\"Person\",\"@id\":\"https:\\\/\\\/memurunsesi.net\\\/#\\\/schema\\\/person\\\/f21c2d73b89f6ee1d80b0a1803e38587\",\"name\":\"Memurun Sesi Haber Merkezi\",\"image\":{\"@type\":\"ImageObject\",\"inLanguage\":\"tr\",\"@id\":\"https:\\\/\\\/secure.gravatar.com\\\/avatar\\\/6cf0505f452ee753f485014986fab09a434671d2b919ee76fc541025c5876a70?s=96&d=mm&r=g\",\"url\":\"https:\\\/\\\/secure.gravatar.com\\\/avatar\\\/6cf0505f452ee753f485014986fab09a434671d2b919ee76fc541025c5876a70?s=96&d=mm&r=g\",\"contentUrl\":\"https:\\\/\\\/secure.gravatar.com\\\/avatar\\\/6cf0505f452ee753f485014986fab09a434671d2b919ee76fc541025c5876a70?s=96&d=mm&r=g\",\"caption\":\"Memurun Sesi Haber Merkezi\"},\"sameAs\":[\"https:\\\/\\\/memurunsesi.net\"],\"url\":\"https:\\\/\\\/memurunsesi.net\\\/index.php\\\/author\\\/uniper\\\/\"}]}<\/script>\n<!-- \/ Yoast SEO plugin. -->","yoast_head_json":{"title":"Sokak ortas\u0131nda t\u00fcfekle dola\u015fan \u00e7ocuk, kovalamaca sonucu yakaland\u0131 - Memurun Sesi","description":"Kayseri\u2019nin Kocasinan il\u00e7esinde elinde pompal\u0131 t\u00fcfekle dola\u015fan bir \u00e7ocuk, polis ekiplerini g\u00f6r\u00fcnce silah\u0131 atarak ka\u00e7t\u0131. \u015e\u00fcpheli \u00e7ocuk ve yan\u0131ndaki 3 arkada\u015f\u0131, ya\u015fanan kovalamaca sonucu yakaland\u0131.","robots":{"index":"index","follow":"follow","max-snippet":"max-snippet:-1","max-image-preview":"max-image-preview:large","max-video-preview":"max-video-preview:-1"},"canonical":"https:\/\/memurunsesi.net\/index.php\/2026\/05\/03\/sokak-ortasinda-tufekle-dolasan-cocuk-kovalamaca-sonucu-yakalandi\/","og_locale":"tr_TR","og_type":"article","og_title":"Sokak ortas\u0131nda t\u00fcfekle dola\u015fan \u00e7ocuk, kovalamaca sonucu yakaland\u0131 - Memurun Sesi","og_description":"Kayseri\u2019nin Kocasinan il\u00e7esinde elinde pompal\u0131 t\u00fcfekle dola\u015fan bir \u00e7ocuk, polis ekiplerini g\u00f6r\u00fcnce silah\u0131 atarak ka\u00e7t\u0131. \u015e\u00fcpheli \u00e7ocuk ve yan\u0131ndaki 3 arkada\u015f\u0131, ya\u015fanan kovalamaca sonucu yakaland\u0131.","og_url":"https:\/\/memurunsesi.net\/index.php\/2026\/05\/03\/sokak-ortasinda-tufekle-dolasan-cocuk-kovalamaca-sonucu-yakalandi\/","og_site_name":"Memurun Sesi","article_publisher":"https:\/\/www.facebook.com\/unipersen\/?locale=tr_TR","article_published_time":"2026-05-03T04:52:33+00:00","og_image":[{"width":1600,"height":900,"url":"https:\/\/memurunsesi.net\/wp-content\/uploads\/2026\/05\/polis-6.jpg","type":"image\/jpeg"}],"author":"Memurun Sesi Haber Merkezi","twitter_card":"summary_large_image","twitter_creator":"@unipersen","twitter_site":"@unipersen","twitter_misc":{"Yazan:":"Memurun Sesi Haber Merkezi","Tahmini okuma s\u00fcresi":"1 dakika"},"schema":{"@context":"https:\/\/schema.org","@graph":[{"@type":"Article","@id":"https:\/\/memurunsesi.net\/index.php\/2026\/05\/03\/sokak-ortasinda-tufekle-dolasan-cocuk-kovalamaca-sonucu-yakalandi\/#article","isPartOf":{"@id":"https:\/\/memurunsesi.net\/index.php\/2026\/05\/03\/sokak-ortasinda-tufekle-dolasan-cocuk-kovalamaca-sonucu-yakalandi\/"},"author":{"name":"Memurun Sesi Haber Merkezi","@id":"https:\/\/memurunsesi.net\/#\/schema\/person\/f21c2d73b89f6ee1d80b0a1803e38587"},"headline":"Sokak ortas\u0131nda t\u00fcfekle dola\u015fan \u00e7ocuk, kovalamaca sonucu yakaland\u0131","datePublished":"2026-05-03T04:52:33+00:00","mainEntityOfPage":{"@id":"https:\/\/memurunsesi.net\/index.php\/2026\/05\/03\/sokak-ortasinda-tufekle-dolasan-cocuk-kovalamaca-sonucu-yakalandi\/"},"wordCount":175,"commentCount":0,"publisher":{"@id":"https:\/\/memurunsesi.net\/#organization"},"image":{"@id":"https:\/\/memurunsesi.net\/index.php\/2026\/05\/03\/sokak-ortasinda-tufekle-dolasan-cocuk-kovalamaca-sonucu-yakalandi\/#primaryimage"},"thumbnailUrl":"https:\/\/memurunsesi.net\/wp-content\/uploads\/2026\/05\/polis-6.jpg","keywords":["dola\u015fan \u00e7ocuk","ile","polis taraf\u0131ndan","pompal\u0131 t\u00fcfek","sokaklarda","yakaland\u0131"],"articleSection":["T\u00fcm Haberler"],"inLanguage":"tr","potentialAction":[{"@type":"CommentAction","name":"Comment","target":["https:\/\/memurunsesi.net\/index.php\/2026\/05\/03\/sokak-ortasinda-tufekle-dolasan-cocuk-kovalamaca-sonucu-yakalandi\/#respond"]}]},{"@type":"WebPage","@id":"https:\/\/memurunsesi.net\/index.php\/2026\/05\/03\/sokak-ortasinda-tufekle-dolasan-cocuk-kovalamaca-sonucu-yakalandi\/","url":"https:\/\/memurunsesi.net\/index.php\/2026\/05\/03\/sokak-ortasinda-tufekle-dolasan-cocuk-kovalamaca-sonucu-yakalandi\/","name":"Sokak ortas\u0131nda t\u00fcfekle dola\u015fan \u00e7ocuk, kovalamaca sonucu yakaland\u0131 - Memurun Sesi","isPartOf":{"@id":"https:\/\/memurunsesi.net\/#website"},"primaryImageOfPage":{"@id":"https:\/\/memurunsesi.net\/index.php\/2026\/05\/03\/sokak-ortasinda-tufekle-dolasan-cocuk-kovalamaca-sonucu-yakalandi\/#primaryimage"},"image":{"@id":"https:\/\/memurunsesi.net\/index.php\/2026\/05\/03\/sokak-ortasinda-tufekle-dolasan-cocuk-kovalamaca-sonucu-yakalandi\/#primaryimage"},"thumbnailUrl":"https:\/\/memurunsesi.net\/wp-content\/uploads\/2026\/05\/polis-6.jpg","datePublished":"2026-05-03T04:52:33+00:00","description":"Kayseri\u2019nin Kocasinan il\u00e7esinde elinde pompal\u0131 t\u00fcfekle dola\u015fan bir \u00e7ocuk, polis ekiplerini g\u00f6r\u00fcnce silah\u0131 atarak ka\u00e7t\u0131. \u015e\u00fcpheli \u00e7ocuk ve yan\u0131ndaki 3 arkada\u015f\u0131, ya\u015fanan kovalamaca sonucu yakaland\u0131.","breadcrumb":{"@id":"https:\/\/memurunsesi.net\/index.php\/2026\/05\/03\/sokak-ortasinda-tufekle-dolasan-cocuk-kovalamaca-sonucu-yakalandi\/#breadcrumb"},"inLanguage":"tr","potentialAction":[{"@type":"ReadAction","target":["https:\/\/memurunsesi.net\/index.php\/2026\/05\/03\/sokak-ortasinda-tufekle-dolasan-cocuk-kovalamaca-sonucu-yakalandi\/"]}]},{"@type":"ImageObject","inLanguage":"tr","@id":"https:\/\/memurunsesi.net\/index.php\/2026\/05\/03\/sokak-ortasinda-tufekle-dolasan-cocuk-kovalamaca-sonucu-yakalandi\/#primaryimage","url":"https:\/\/memurunsesi.net\/wp-content\/uploads\/2026\/05\/polis-6.jpg","contentUrl":"https:\/\/memurunsesi.net\/wp-content\/uploads\/2026\/05\/polis-6.jpg","width":1600,"height":900,"caption":"KAYSER\u0130'N\u0130N KOCAS\u0130NAN \u0130L\u00c7ES\u0130NDE EL\u0130NDE POMPALI T\u00dcFEKLE DOLA\u015eAN \u00c7OCUK POL\u0130S EK\u0130PLER\u0130N\u0130 G\u00d6R\u00dcNCE T\u00dcFE\u011e\u0130 ATARAK, KA\u00c7TI. \u015e\u00dcPHEL\u0130 \u015eAHIS VE YANINDA BULUNAN 3 ARKADA\u015eI KOVALAMACA SONUCU YAKALANDI. (M\u00dcKREM\u0130N KAYA\/KAYSER\u0130-\u0130HA) Kayseri'nin Kocasinan il\u00e7esinde elinde pompal\u0131 t\u00fcfekle dola\u015fan bir \u00e7ocuk, polis ekiplerini g\u00f6r\u00fcnce silah\u0131 atarak ka\u00e7t\u0131. \u015e\u00fcpheli \u00e7ocuk ve yan\u0131ndaki 3 arkada\u015f\u0131, ya\u015fanan kovalamaca sonucu yakaland\u0131."},{"@type":"BreadcrumbList","@id":"https:\/\/memurunsesi.net\/index.php\/2026\/05\/03\/sokak-ortasinda-tufekle-dolasan-cocuk-kovalamaca-sonucu-yakalandi\/#breadcrumb","itemListElement":[{"@type":"ListItem","position":1,"name":"Anasayfa","item":"https:\/\/memurunsesi.net\/"},{"@type":"ListItem","position":2,"name":"Sokak ortas\u0131nda t\u00fcfekle dola\u015fan \u00e7ocuk, kovalamaca sonucu yakaland\u0131"}]},{"@type":"WebSite","@id":"https:\/\/memurunsesi.net\/#website","url":"https:\/\/memurunsesi.net\/","name":"Memurun Sesi","description":"G\u00fcncel ve Do\u011fru Haber","publisher":{"@id":"https:\/\/memurunsesi.net\/#organization"},"potentialAction":[{"@type":"SearchAction","target":{"@type":"EntryPoint","urlTemplate":"https:\/\/memurunsesi.net\/?s={search_term_string}"},"query-input":{"@type":"PropertyValueSpecification","valueRequired":true,"valueName":"search_term_string"}}],"inLanguage":"tr"},{"@type":"Organization","@id":"https:\/\/memurunsesi.net\/#organization","name":"Memurun Sesi","url":"https:\/\/memurunsesi.net\/","logo":{"@type":"ImageObject","inLanguage":"tr","@id":"https:\/\/memurunsesi.net\/#\/schema\/logo\/image\/","url":"https:\/\/memurunsesi.net\/wp-content\/uploads\/2025\/11\/cropped-MEMURUN-SESI.png","contentUrl":"https:\/\/memurunsesi.net\/wp-content\/uploads\/2025\/11\/cropped-MEMURUN-SESI.png","width":238,"height":57,"caption":"Memurun Sesi"},"image":{"@id":"https:\/\/memurunsesi.net\/#\/schema\/logo\/image\/"},"sameAs":["https:\/\/www.facebook.com\/unipersen\/?locale=tr_TR","https:\/\/x.com\/unipersen"]},{"@type":"Person","@id":"https:\/\/memurunsesi.net\/#\/schema\/person\/f21c2d73b89f6ee1d80b0a1803e38587","name":"Memurun Sesi Haber Merkezi","image":{"@type":"ImageObject","inLanguage":"tr","@id":"https:\/\/secure.gravatar.com\/avatar\/6cf0505f452ee753f485014986fab09a434671d2b919ee76fc541025c5876a70?s=96&d=mm&r=g","url":"https:\/\/secure.gravatar.com\/avatar\/6cf0505f452ee753f485014986fab09a434671d2b919ee76fc541025c5876a70?s=96&d=mm&r=g","contentUrl":"https:\/\/secure.gravatar.com\/avatar\/6cf0505f452ee753f485014986fab09a434671d2b919ee76fc541025c5876a70?s=96&d=mm&r=g","caption":"Memurun Sesi Haber Merkezi"},"sameAs":["https:\/\/memurunsesi.net"],"url":"https:\/\/memurunsesi.net\/index.php\/author\/uniper\/"}]}},"_links":{"self":[{"href":"https:\/\/memurunsesi.net\/index.php\/wp-json\/wp\/v2\/posts\/19874","targetHints":{"allow":["GET"]}}],"collection":[{"href":"https:\/\/memurunsesi.net\/index.php\/wp-json\/wp\/v2\/posts"}],"about":[{"href":"https:\/\/memurunsesi.net\/index.php\/wp-json\/wp\/v2\/types\/post"}],"author":[{"embeddable":true,"href":"https:\/\/memurunsesi.net\/index.php\/wp-json\/wp\/v2\/users\/1"}],"replies":[{"embeddable":true,"href":"https:\/\/memurunsesi.net\/index.php\/wp-json\/wp\/v2\/comments?post=19874"}],"version-history":[{"count":1,"href":"https:\/\/memurunsesi.net\/index.php\/wp-json\/wp\/v2\/posts\/19874\/revisions"}],"predecessor-version":[{"id":19877,"href":"https:\/\/memurunsesi.net\/index.php\/wp-json\/wp\/v2\/posts\/19874\/revisions\/19877"}],"wp:featuredmedia":[{"embeddable":true,"href":"https:\/\/memurunsesi.net\/index.php\/wp-json\/wp\/v2\/media\/19875"}],"wp:attachment":[{"href":"https:\/\/memurunsesi.net\/index.php\/wp-json\/wp\/v2\/media?parent=19874"}],"wp:term":[{"taxonomy":"category","embeddable":true,"href":"https:\/\/memurunsesi.net\/index.php\/wp-json\/wp\/v2\/categories?post=19874"},{"taxonomy":"post_tag","embeddable":true,"href":"https:\/\/memurunsesi.net\/index.php\/wp-json\/wp\/v2\/tags?post=19874"}],"curies":[{"name":"wp","href":"https:\/\/api.w.org\/{rel}","templated":true}]}}