{"id":19878,"date":"2026-05-03T07:57:07","date_gmt":"2026-05-03T04:57:07","guid":{"rendered":"https:\/\/memurunsesi.net\/?p=19878"},"modified":"2026-05-03T07:57:07","modified_gmt":"2026-05-03T04:57:07","slug":"safranboluda-2-katli-mustakil-evde-yangin-panigi","status":"publish","type":"post","link":"https:\/\/memurunsesi.net\/index.php\/2026\/05\/03\/safranboluda-2-katli-mustakil-evde-yangin-panigi\/","title":{"rendered":"Safranbolu&#8217;da 2 katl\u0131 m\u00fcstakil evde yang\u0131n pani\u011fi"},"content":{"rendered":"<p>Karab\u00fck\u2019\u00fcn Safranbolu il\u00e7esinde iki katl\u0131 m\u00fcstakil bir evde \u00e7\u0131kan yang\u0131na m\u00fcdahale eden itfaiye eri ba\u015f\u0131ndan yaraland\u0131. Dumandan etkilenen ve tansiyonu y\u00fckselen ev sahibi ise ambulansta tedavi edildi.<br \/>\nYang\u0131n, Bar\u0131\u015f Mahallesi Utku Sokak \u00fczerinde bulunan iki katl\u0131 m\u00fcstakil evde meydana geldi. Hen\u00fcz belirlenemeyen bir nedenle \u00e7\u0131kan yang\u0131n\u0131 fark eden \u00e7evre sakinleri, durumu 112 Acil \u00c7a\u011fr\u0131 Merkezi\u2019ne bildirdi. \u0130hbar \u00fczerine olay yerine itfaiye, polis ve sa\u011fl\u0131k ekipleri sevk edildi.<br \/>\nK\u0131sa s\u00fcrede adrese ula\u015fan itfaiye ekipleri, alevlerin t\u00fcm evi sarmamas\u0131 i\u00e7in yo\u011fun \u00e7aba harcad\u0131. S\u00f6nd\u00fcrme \u00e7al\u0131\u015fmalar\u0131 s\u0131ras\u0131nda bir itfaiye eri, ald\u0131\u011f\u0131 darbe sonucu ba\u015f\u0131ndan yaraland\u0131. Yang\u0131n s\u0131ras\u0131nda panik ya\u015fayan, tansiyonu y\u00fckselen ev sahibi ile yaral\u0131 itfaiye erine ilk m\u00fcdahale olay yerinde haz\u0131r bekletilen ambulansta yap\u0131ld\u0131.<br \/>\n\u0130tfaiye ekiplerinin yakla\u015f\u0131k bir saat s\u00fcren \u00e7al\u0131\u015fmas\u0131 sonucu yang\u0131n kontrol alt\u0131na al\u0131narak s\u00f6nd\u00fcr\u00fcld\u00fc. Yang\u0131nda iki katl\u0131 m\u00fcstakil evde maddi hasar meydana geldi.<br \/>\nYang\u0131n\u0131n \u00e7\u0131k\u0131\u015f nedeninin belirlenmesi i\u00e7in inceleme ba\u015flat\u0131ld\u0131.<\/p>\n<p>3.05.2026<\/p>\n","protected":false},"excerpt":{"rendered":"<p>Karab\u00fck\u2019\u00fcn Safranbolu il\u00e7esinde iki katl\u0131 m\u00fcstakil bir evde \u00e7\u0131kan yang\u0131na m\u00fcdahale eden itfaiye eri ba\u015f\u0131ndan yaraland\u0131. Dumandan etkilenen ve tansiyonu y\u00fckselen ev sahibi ise ambulansta tedavi edildi. Yang\u0131n, Bar\u0131\u015f Mahallesi Utku Sokak \u00fczerinde bulunan iki katl\u0131 m\u00fcstakil evde meydana geldi. Hen\u00fcz belirlenemeyen bir nedenle \u00e7\u0131kan yang\u0131n\u0131 fark eden \u00e7evre sakinleri, durumu 112 Acil \u00c7a\u011fr\u0131 Merkezi\u2019ne [&hellip;]<\/p>\n","protected":false},"author":1,"featured_media":19879,"comment_status":"open","ping_status":"open","sticky":false,"template":"","format":"standard","meta":{"footnotes":""},"categories":[45],"tags":[3840,3835,3831,3832,3836,3841,3837,3839,3830,3834,3828,3833,3829,3838],"class_list":["post-19878","post","type-post","status-publish","format-standard","has-post-thumbnail","hentry","category-gundem","tag-ambulansta-tedavi","tag-basindan-yaralandi","tag-bir-evde","tag-cikan-yangina","tag-dumandan","tag-edildi","tag-etkilenen","tag-ev-sahibi","tag-iki-katli-mustakil","tag-itfaiye-eri","tag-karabukun","tag-mudahale-eden","tag-safranbolu","tag-tansiyonu-yukselen"],"yoast_head":"<!-- This site is optimized with the Yoast SEO plugin v27.5 - https:\/\/yoast.com\/product\/yoast-seo-wordpress\/ -->\n<title>Safranbolu&#039;da 2 katl\u0131 m\u00fcstakil evde yang\u0131n pani\u011fi - Memurun Sesi<\/title>\n<meta name=\"description\" content=\"Karab\u00fck\u2019\u00fcn Safranbolu il\u00e7esinde iki katl\u0131 m\u00fcstakil bir evde \u00e7\u0131kan yang\u0131na m\u00fcdahale eden itfaiye eri ba\u015f\u0131ndan yaraland\u0131. Dumandan etkilenen ve tansiyonu y\u00fckselen ev sahibi ise ambulansta tedavi edildi.\" \/>\n<meta name=\"robots\" content=\"index, follow, max-snippet:-1, max-image-preview:large, max-video-preview:-1\" \/>\n<link rel=\"canonical\" href=\"https:\/\/memurunsesi.net\/index.php\/2026\/05\/03\/safranboluda-2-katli-mustakil-evde-yangin-panigi\/\" \/>\n<meta property=\"og:locale\" content=\"tr_TR\" \/>\n<meta property=\"og:type\" content=\"article\" \/>\n<meta property=\"og:title\" content=\"Safranbolu&#039;da 2 katl\u0131 m\u00fcstakil evde yang\u0131n pani\u011fi - Memurun Sesi\" \/>\n<meta property=\"og:description\" content=\"Karab\u00fck\u2019\u00fcn Safranbolu il\u00e7esinde iki katl\u0131 m\u00fcstakil bir evde \u00e7\u0131kan yang\u0131na m\u00fcdahale eden itfaiye eri ba\u015f\u0131ndan yaraland\u0131. Dumandan etkilenen ve tansiyonu y\u00fckselen ev sahibi ise ambulansta tedavi edildi.\" \/>\n<meta property=\"og:url\" content=\"https:\/\/memurunsesi.net\/index.php\/2026\/05\/03\/safranboluda-2-katli-mustakil-evde-yangin-panigi\/\" \/>\n<meta property=\"og:site_name\" content=\"Memurun Sesi\" \/>\n<meta property=\"article:publisher\" content=\"https:\/\/www.facebook.com\/unipersen\/?locale=tr_TR\" \/>\n<meta property=\"article:published_time\" content=\"2026-05-03T04:57:07+00:00\" \/>\n<meta property=\"og:image\" content=\"https:\/\/memurunsesi.net\/wp-content\/uploads\/2026\/05\/karabuk-4.jpg\" \/>\n\t<meta property=\"og:image:width\" content=\"2048\" \/>\n\t<meta property=\"og:image:height\" content=\"1152\" \/>\n\t<meta property=\"og:image:type\" content=\"image\/jpeg\" \/>\n<meta name=\"author\" content=\"Memurun Sesi Haber Merkezi\" \/>\n<meta name=\"twitter:card\" content=\"summary_large_image\" \/>\n<meta name=\"twitter:creator\" content=\"@unipersen\" \/>\n<meta name=\"twitter:site\" content=\"@unipersen\" \/>\n<meta name=\"twitter:label1\" content=\"Yazan:\" \/>\n\t<meta name=\"twitter:data1\" content=\"Memurun Sesi Haber Merkezi\" \/>\n\t<meta name=\"twitter:label2\" content=\"Tahmini okuma s\u00fcresi\" \/>\n\t<meta name=\"twitter:data2\" content=\"2 dakika\" \/>\n<script type=\"application\/ld+json\" class=\"yoast-schema-graph\">{\"@context\":\"https:\\\/\\\/schema.org\",\"@graph\":[{\"@type\":\"Article\",\"@id\":\"https:\\\/\\\/memurunsesi.net\\\/index.php\\\/2026\\\/05\\\/03\\\/safranboluda-2-katli-mustakil-evde-yangin-panigi\\\/#article\",\"isPartOf\":{\"@id\":\"https:\\\/\\\/memurunsesi.net\\\/index.php\\\/2026\\\/05\\\/03\\\/safranboluda-2-katli-mustakil-evde-yangin-panigi\\\/\"},\"author\":{\"name\":\"Memurun Sesi Haber Merkezi\",\"@id\":\"https:\\\/\\\/memurunsesi.net\\\/#\\\/schema\\\/person\\\/f21c2d73b89f6ee1d80b0a1803e38587\"},\"headline\":\"Safranbolu&#8217;da 2 katl\u0131 m\u00fcstakil evde yang\u0131n pani\u011fi\",\"datePublished\":\"2026-05-03T04:57:07+00:00\",\"mainEntityOfPage\":{\"@id\":\"https:\\\/\\\/memurunsesi.net\\\/index.php\\\/2026\\\/05\\\/03\\\/safranboluda-2-katli-mustakil-evde-yangin-panigi\\\/\"},\"wordCount\":202,\"commentCount\":0,\"publisher\":{\"@id\":\"https:\\\/\\\/memurunsesi.net\\\/#organization\"},\"image\":{\"@id\":\"https:\\\/\\\/memurunsesi.net\\\/index.php\\\/2026\\\/05\\\/03\\\/safranboluda-2-katli-mustakil-evde-yangin-panigi\\\/#primaryimage\"},\"thumbnailUrl\":\"https:\\\/\\\/memurunsesi.net\\\/wp-content\\\/uploads\\\/2026\\\/05\\\/karabuk-4.jpg\",\"keywords\":[\"ambulansta tedavi\",\"ba\u015f\u0131ndan yaraland\u0131\",\"bir evde\",\"\u00e7\u0131kan yang\u0131na\",\"Dumandan\",\"edildi.\",\"etkilenen\",\"ev sahibi\",\"iki katl\u0131 m\u00fcstakil\",\"itfaiye eri\",\"Karab\u00fck\u2019\u00fcn\",\"m\u00fcdahale eden\",\"Safranbolu\",\"tansiyonu y\u00fckselen\"],\"articleSection\":[\"G\u00fcndem\"],\"inLanguage\":\"tr\",\"potentialAction\":[{\"@type\":\"CommentAction\",\"name\":\"Comment\",\"target\":[\"https:\\\/\\\/memurunsesi.net\\\/index.php\\\/2026\\\/05\\\/03\\\/safranboluda-2-katli-mustakil-evde-yangin-panigi\\\/#respond\"]}]},{\"@type\":\"WebPage\",\"@id\":\"https:\\\/\\\/memurunsesi.net\\\/index.php\\\/2026\\\/05\\\/03\\\/safranboluda-2-katli-mustakil-evde-yangin-panigi\\\/\",\"url\":\"https:\\\/\\\/memurunsesi.net\\\/index.php\\\/2026\\\/05\\\/03\\\/safranboluda-2-katli-mustakil-evde-yangin-panigi\\\/\",\"name\":\"Safranbolu'da 2 katl\u0131 m\u00fcstakil evde yang\u0131n pani\u011fi - Memurun Sesi\",\"isPartOf\":{\"@id\":\"https:\\\/\\\/memurunsesi.net\\\/#website\"},\"primaryImageOfPage\":{\"@id\":\"https:\\\/\\\/memurunsesi.net\\\/index.php\\\/2026\\\/05\\\/03\\\/safranboluda-2-katli-mustakil-evde-yangin-panigi\\\/#primaryimage\"},\"image\":{\"@id\":\"https:\\\/\\\/memurunsesi.net\\\/index.php\\\/2026\\\/05\\\/03\\\/safranboluda-2-katli-mustakil-evde-yangin-panigi\\\/#primaryimage\"},\"thumbnailUrl\":\"https:\\\/\\\/memurunsesi.net\\\/wp-content\\\/uploads\\\/2026\\\/05\\\/karabuk-4.jpg\",\"datePublished\":\"2026-05-03T04:57:07+00:00\",\"description\":\"Karab\u00fck\u2019\u00fcn Safranbolu il\u00e7esinde iki katl\u0131 m\u00fcstakil bir evde \u00e7\u0131kan yang\u0131na m\u00fcdahale eden itfaiye eri ba\u015f\u0131ndan yaraland\u0131. Dumandan etkilenen ve tansiyonu y\u00fckselen ev sahibi ise ambulansta tedavi edildi.\",\"breadcrumb\":{\"@id\":\"https:\\\/\\\/memurunsesi.net\\\/index.php\\\/2026\\\/05\\\/03\\\/safranboluda-2-katli-mustakil-evde-yangin-panigi\\\/#breadcrumb\"},\"inLanguage\":\"tr\",\"potentialAction\":[{\"@type\":\"ReadAction\",\"target\":[\"https:\\\/\\\/memurunsesi.net\\\/index.php\\\/2026\\\/05\\\/03\\\/safranboluda-2-katli-mustakil-evde-yangin-panigi\\\/\"]}]},{\"@type\":\"ImageObject\",\"inLanguage\":\"tr\",\"@id\":\"https:\\\/\\\/memurunsesi.net\\\/index.php\\\/2026\\\/05\\\/03\\\/safranboluda-2-katli-mustakil-evde-yangin-panigi\\\/#primaryimage\",\"url\":\"https:\\\/\\\/memurunsesi.net\\\/wp-content\\\/uploads\\\/2026\\\/05\\\/karabuk-4.jpg\",\"contentUrl\":\"https:\\\/\\\/memurunsesi.net\\\/wp-content\\\/uploads\\\/2026\\\/05\\\/karabuk-4.jpg\",\"width\":2048,\"height\":1152,\"caption\":\"KARAB\u00dcK'\u00dcN SAFRANBOLU \u0130L\u00c7ES\u0130NDE \u0130K\u0130 KATLI M\u00dcSTAK\u0130L EVDE \u00c7IKAN YANGINA M\u00dcDAHALE EDEN B\u0130R \u0130TFA\u0130YE ER\u0130 BA\u015eINDAN YARALANDI, DUMANDAN ETK\u0130LENEN VE TANS\u0130YONU Y\u00dcKSELEN EV SAH\u0130B\u0130 AMBULANSTA TEDAV\u0130 ED\u0130LD\u0130. (\u0130BRAH\u0130M B\u0130LG\u0130N\\\/KARAB\u00dcK-\u0130HA) Karab\u00fck'\u00fcn Safranbolu il\u00e7esinde iki katl\u0131 m\u00fcstakil bir evde \u00e7\u0131kan yang\u0131na m\u00fcdahale eden itfaiye eri ba\u015f\u0131ndan yaraland\u0131. Dumandan etkilenen ve tansiyonu y\u00fckselen ev sahibi ise ambulansta tedavi edildi.\"},{\"@type\":\"BreadcrumbList\",\"@id\":\"https:\\\/\\\/memurunsesi.net\\\/index.php\\\/2026\\\/05\\\/03\\\/safranboluda-2-katli-mustakil-evde-yangin-panigi\\\/#breadcrumb\",\"itemListElement\":[{\"@type\":\"ListItem\",\"position\":1,\"name\":\"Anasayfa\",\"item\":\"https:\\\/\\\/memurunsesi.net\\\/\"},{\"@type\":\"ListItem\",\"position\":2,\"name\":\"Safranbolu&#8217;da 2 katl\u0131 m\u00fcstakil evde yang\u0131n pani\u011fi\"}]},{\"@type\":\"WebSite\",\"@id\":\"https:\\\/\\\/memurunsesi.net\\\/#website\",\"url\":\"https:\\\/\\\/memurunsesi.net\\\/\",\"name\":\"Memurun Sesi\",\"description\":\"G\u00fcncel ve Do\u011fru Haber\",\"publisher\":{\"@id\":\"https:\\\/\\\/memurunsesi.net\\\/#organization\"},\"potentialAction\":[{\"@type\":\"SearchAction\",\"target\":{\"@type\":\"EntryPoint\",\"urlTemplate\":\"https:\\\/\\\/memurunsesi.net\\\/?s={search_term_string}\"},\"query-input\":{\"@type\":\"PropertyValueSpecification\",\"valueRequired\":true,\"valueName\":\"search_term_string\"}}],\"inLanguage\":\"tr\"},{\"@type\":\"Organization\",\"@id\":\"https:\\\/\\\/memurunsesi.net\\\/#organization\",\"name\":\"Memurun Sesi\",\"url\":\"https:\\\/\\\/memurunsesi.net\\\/\",\"logo\":{\"@type\":\"ImageObject\",\"inLanguage\":\"tr\",\"@id\":\"https:\\\/\\\/memurunsesi.net\\\/#\\\/schema\\\/logo\\\/image\\\/\",\"url\":\"https:\\\/\\\/memurunsesi.net\\\/wp-content\\\/uploads\\\/2025\\\/11\\\/cropped-MEMURUN-SESI.png\",\"contentUrl\":\"https:\\\/\\\/memurunsesi.net\\\/wp-content\\\/uploads\\\/2025\\\/11\\\/cropped-MEMURUN-SESI.png\",\"width\":238,\"height\":57,\"caption\":\"Memurun Sesi\"},\"image\":{\"@id\":\"https:\\\/\\\/memurunsesi.net\\\/#\\\/schema\\\/logo\\\/image\\\/\"},\"sameAs\":[\"https:\\\/\\\/www.facebook.com\\\/unipersen\\\/?locale=tr_TR\",\"https:\\\/\\\/x.com\\\/unipersen\"]},{\"@type\":\"Person\",\"@id\":\"https:\\\/\\\/memurunsesi.net\\\/#\\\/schema\\\/person\\\/f21c2d73b89f6ee1d80b0a1803e38587\",\"name\":\"Memurun Sesi Haber Merkezi\",\"image\":{\"@type\":\"ImageObject\",\"inLanguage\":\"tr\",\"@id\":\"https:\\\/\\\/secure.gravatar.com\\\/avatar\\\/6cf0505f452ee753f485014986fab09a434671d2b919ee76fc541025c5876a70?s=96&d=mm&r=g\",\"url\":\"https:\\\/\\\/secure.gravatar.com\\\/avatar\\\/6cf0505f452ee753f485014986fab09a434671d2b919ee76fc541025c5876a70?s=96&d=mm&r=g\",\"contentUrl\":\"https:\\\/\\\/secure.gravatar.com\\\/avatar\\\/6cf0505f452ee753f485014986fab09a434671d2b919ee76fc541025c5876a70?s=96&d=mm&r=g\",\"caption\":\"Memurun Sesi Haber Merkezi\"},\"sameAs\":[\"https:\\\/\\\/memurunsesi.net\"],\"url\":\"https:\\\/\\\/memurunsesi.net\\\/index.php\\\/author\\\/uniper\\\/\"}]}<\/script>\n<!-- \/ Yoast SEO plugin. -->","yoast_head_json":{"title":"Safranbolu'da 2 katl\u0131 m\u00fcstakil evde yang\u0131n pani\u011fi - Memurun Sesi","description":"Karab\u00fck\u2019\u00fcn Safranbolu il\u00e7esinde iki katl\u0131 m\u00fcstakil bir evde \u00e7\u0131kan yang\u0131na m\u00fcdahale eden itfaiye eri ba\u015f\u0131ndan yaraland\u0131. Dumandan etkilenen ve tansiyonu y\u00fckselen ev sahibi ise ambulansta tedavi edildi.","robots":{"index":"index","follow":"follow","max-snippet":"max-snippet:-1","max-image-preview":"max-image-preview:large","max-video-preview":"max-video-preview:-1"},"canonical":"https:\/\/memurunsesi.net\/index.php\/2026\/05\/03\/safranboluda-2-katli-mustakil-evde-yangin-panigi\/","og_locale":"tr_TR","og_type":"article","og_title":"Safranbolu'da 2 katl\u0131 m\u00fcstakil evde yang\u0131n pani\u011fi - Memurun Sesi","og_description":"Karab\u00fck\u2019\u00fcn Safranbolu il\u00e7esinde iki katl\u0131 m\u00fcstakil bir evde \u00e7\u0131kan yang\u0131na m\u00fcdahale eden itfaiye eri ba\u015f\u0131ndan yaraland\u0131. Dumandan etkilenen ve tansiyonu y\u00fckselen ev sahibi ise ambulansta tedavi edildi.","og_url":"https:\/\/memurunsesi.net\/index.php\/2026\/05\/03\/safranboluda-2-katli-mustakil-evde-yangin-panigi\/","og_site_name":"Memurun Sesi","article_publisher":"https:\/\/www.facebook.com\/unipersen\/?locale=tr_TR","article_published_time":"2026-05-03T04:57:07+00:00","og_image":[{"width":2048,"height":1152,"url":"https:\/\/memurunsesi.net\/wp-content\/uploads\/2026\/05\/karabuk-4.jpg","type":"image\/jpeg"}],"author":"Memurun Sesi Haber Merkezi","twitter_card":"summary_large_image","twitter_creator":"@unipersen","twitter_site":"@unipersen","twitter_misc":{"Yazan:":"Memurun Sesi Haber Merkezi","Tahmini okuma s\u00fcresi":"2 dakika"},"schema":{"@context":"https:\/\/schema.org","@graph":[{"@type":"Article","@id":"https:\/\/memurunsesi.net\/index.php\/2026\/05\/03\/safranboluda-2-katli-mustakil-evde-yangin-panigi\/#article","isPartOf":{"@id":"https:\/\/memurunsesi.net\/index.php\/2026\/05\/03\/safranboluda-2-katli-mustakil-evde-yangin-panigi\/"},"author":{"name":"Memurun Sesi Haber Merkezi","@id":"https:\/\/memurunsesi.net\/#\/schema\/person\/f21c2d73b89f6ee1d80b0a1803e38587"},"headline":"Safranbolu&#8217;da 2 katl\u0131 m\u00fcstakil evde yang\u0131n pani\u011fi","datePublished":"2026-05-03T04:57:07+00:00","mainEntityOfPage":{"@id":"https:\/\/memurunsesi.net\/index.php\/2026\/05\/03\/safranboluda-2-katli-mustakil-evde-yangin-panigi\/"},"wordCount":202,"commentCount":0,"publisher":{"@id":"https:\/\/memurunsesi.net\/#organization"},"image":{"@id":"https:\/\/memurunsesi.net\/index.php\/2026\/05\/03\/safranboluda-2-katli-mustakil-evde-yangin-panigi\/#primaryimage"},"thumbnailUrl":"https:\/\/memurunsesi.net\/wp-content\/uploads\/2026\/05\/karabuk-4.jpg","keywords":["ambulansta tedavi","ba\u015f\u0131ndan yaraland\u0131","bir evde","\u00e7\u0131kan yang\u0131na","Dumandan","edildi.","etkilenen","ev sahibi","iki katl\u0131 m\u00fcstakil","itfaiye eri","Karab\u00fck\u2019\u00fcn","m\u00fcdahale eden","Safranbolu","tansiyonu y\u00fckselen"],"articleSection":["G\u00fcndem"],"inLanguage":"tr","potentialAction":[{"@type":"CommentAction","name":"Comment","target":["https:\/\/memurunsesi.net\/index.php\/2026\/05\/03\/safranboluda-2-katli-mustakil-evde-yangin-panigi\/#respond"]}]},{"@type":"WebPage","@id":"https:\/\/memurunsesi.net\/index.php\/2026\/05\/03\/safranboluda-2-katli-mustakil-evde-yangin-panigi\/","url":"https:\/\/memurunsesi.net\/index.php\/2026\/05\/03\/safranboluda-2-katli-mustakil-evde-yangin-panigi\/","name":"Safranbolu'da 2 katl\u0131 m\u00fcstakil evde yang\u0131n pani\u011fi - Memurun Sesi","isPartOf":{"@id":"https:\/\/memurunsesi.net\/#website"},"primaryImageOfPage":{"@id":"https:\/\/memurunsesi.net\/index.php\/2026\/05\/03\/safranboluda-2-katli-mustakil-evde-yangin-panigi\/#primaryimage"},"image":{"@id":"https:\/\/memurunsesi.net\/index.php\/2026\/05\/03\/safranboluda-2-katli-mustakil-evde-yangin-panigi\/#primaryimage"},"thumbnailUrl":"https:\/\/memurunsesi.net\/wp-content\/uploads\/2026\/05\/karabuk-4.jpg","datePublished":"2026-05-03T04:57:07+00:00","description":"Karab\u00fck\u2019\u00fcn Safranbolu il\u00e7esinde iki katl\u0131 m\u00fcstakil bir evde \u00e7\u0131kan yang\u0131na m\u00fcdahale eden itfaiye eri ba\u015f\u0131ndan yaraland\u0131. Dumandan etkilenen ve tansiyonu y\u00fckselen ev sahibi ise ambulansta tedavi edildi.","breadcrumb":{"@id":"https:\/\/memurunsesi.net\/index.php\/2026\/05\/03\/safranboluda-2-katli-mustakil-evde-yangin-panigi\/#breadcrumb"},"inLanguage":"tr","potentialAction":[{"@type":"ReadAction","target":["https:\/\/memurunsesi.net\/index.php\/2026\/05\/03\/safranboluda-2-katli-mustakil-evde-yangin-panigi\/"]}]},{"@type":"ImageObject","inLanguage":"tr","@id":"https:\/\/memurunsesi.net\/index.php\/2026\/05\/03\/safranboluda-2-katli-mustakil-evde-yangin-panigi\/#primaryimage","url":"https:\/\/memurunsesi.net\/wp-content\/uploads\/2026\/05\/karabuk-4.jpg","contentUrl":"https:\/\/memurunsesi.net\/wp-content\/uploads\/2026\/05\/karabuk-4.jpg","width":2048,"height":1152,"caption":"KARAB\u00dcK'\u00dcN SAFRANBOLU \u0130L\u00c7ES\u0130NDE \u0130K\u0130 KATLI M\u00dcSTAK\u0130L EVDE \u00c7IKAN YANGINA M\u00dcDAHALE EDEN B\u0130R \u0130TFA\u0130YE ER\u0130 BA\u015eINDAN YARALANDI, DUMANDAN ETK\u0130LENEN VE TANS\u0130YONU Y\u00dcKSELEN EV SAH\u0130B\u0130 AMBULANSTA TEDAV\u0130 ED\u0130LD\u0130. (\u0130BRAH\u0130M B\u0130LG\u0130N\/KARAB\u00dcK-\u0130HA) Karab\u00fck'\u00fcn Safranbolu il\u00e7esinde iki katl\u0131 m\u00fcstakil bir evde \u00e7\u0131kan yang\u0131na m\u00fcdahale eden itfaiye eri ba\u015f\u0131ndan yaraland\u0131. Dumandan etkilenen ve tansiyonu y\u00fckselen ev sahibi ise ambulansta tedavi edildi."},{"@type":"BreadcrumbList","@id":"https:\/\/memurunsesi.net\/index.php\/2026\/05\/03\/safranboluda-2-katli-mustakil-evde-yangin-panigi\/#breadcrumb","itemListElement":[{"@type":"ListItem","position":1,"name":"Anasayfa","item":"https:\/\/memurunsesi.net\/"},{"@type":"ListItem","position":2,"name":"Safranbolu&#8217;da 2 katl\u0131 m\u00fcstakil evde yang\u0131n pani\u011fi"}]},{"@type":"WebSite","@id":"https:\/\/memurunsesi.net\/#website","url":"https:\/\/memurunsesi.net\/","name":"Memurun Sesi","description":"G\u00fcncel ve Do\u011fru Haber","publisher":{"@id":"https:\/\/memurunsesi.net\/#organization"},"potentialAction":[{"@type":"SearchAction","target":{"@type":"EntryPoint","urlTemplate":"https:\/\/memurunsesi.net\/?s={search_term_string}"},"query-input":{"@type":"PropertyValueSpecification","valueRequired":true,"valueName":"search_term_string"}}],"inLanguage":"tr"},{"@type":"Organization","@id":"https:\/\/memurunsesi.net\/#organization","name":"Memurun Sesi","url":"https:\/\/memurunsesi.net\/","logo":{"@type":"ImageObject","inLanguage":"tr","@id":"https:\/\/memurunsesi.net\/#\/schema\/logo\/image\/","url":"https:\/\/memurunsesi.net\/wp-content\/uploads\/2025\/11\/cropped-MEMURUN-SESI.png","contentUrl":"https:\/\/memurunsesi.net\/wp-content\/uploads\/2025\/11\/cropped-MEMURUN-SESI.png","width":238,"height":57,"caption":"Memurun Sesi"},"image":{"@id":"https:\/\/memurunsesi.net\/#\/schema\/logo\/image\/"},"sameAs":["https:\/\/www.facebook.com\/unipersen\/?locale=tr_TR","https:\/\/x.com\/unipersen"]},{"@type":"Person","@id":"https:\/\/memurunsesi.net\/#\/schema\/person\/f21c2d73b89f6ee1d80b0a1803e38587","name":"Memurun Sesi Haber Merkezi","image":{"@type":"ImageObject","inLanguage":"tr","@id":"https:\/\/secure.gravatar.com\/avatar\/6cf0505f452ee753f485014986fab09a434671d2b919ee76fc541025c5876a70?s=96&d=mm&r=g","url":"https:\/\/secure.gravatar.com\/avatar\/6cf0505f452ee753f485014986fab09a434671d2b919ee76fc541025c5876a70?s=96&d=mm&r=g","contentUrl":"https:\/\/secure.gravatar.com\/avatar\/6cf0505f452ee753f485014986fab09a434671d2b919ee76fc541025c5876a70?s=96&d=mm&r=g","caption":"Memurun Sesi Haber Merkezi"},"sameAs":["https:\/\/memurunsesi.net"],"url":"https:\/\/memurunsesi.net\/index.php\/author\/uniper\/"}]}},"_links":{"self":[{"href":"https:\/\/memurunsesi.net\/index.php\/wp-json\/wp\/v2\/posts\/19878","targetHints":{"allow":["GET"]}}],"collection":[{"href":"https:\/\/memurunsesi.net\/index.php\/wp-json\/wp\/v2\/posts"}],"about":[{"href":"https:\/\/memurunsesi.net\/index.php\/wp-json\/wp\/v2\/types\/post"}],"author":[{"embeddable":true,"href":"https:\/\/memurunsesi.net\/index.php\/wp-json\/wp\/v2\/users\/1"}],"replies":[{"embeddable":true,"href":"https:\/\/memurunsesi.net\/index.php\/wp-json\/wp\/v2\/comments?post=19878"}],"version-history":[{"count":1,"href":"https:\/\/memurunsesi.net\/index.php\/wp-json\/wp\/v2\/posts\/19878\/revisions"}],"predecessor-version":[{"id":19880,"href":"https:\/\/memurunsesi.net\/index.php\/wp-json\/wp\/v2\/posts\/19878\/revisions\/19880"}],"wp:featuredmedia":[{"embeddable":true,"href":"https:\/\/memurunsesi.net\/index.php\/wp-json\/wp\/v2\/media\/19879"}],"wp:attachment":[{"href":"https:\/\/memurunsesi.net\/index.php\/wp-json\/wp\/v2\/media?parent=19878"}],"wp:term":[{"taxonomy":"category","embeddable":true,"href":"https:\/\/memurunsesi.net\/index.php\/wp-json\/wp\/v2\/categories?post=19878"},{"taxonomy":"post_tag","embeddable":true,"href":"https:\/\/memurunsesi.net\/index.php\/wp-json\/wp\/v2\/tags?post=19878"}],"curies":[{"name":"wp","href":"https:\/\/api.w.org\/{rel}","templated":true}]}}