{"id":19881,"date":"2026-05-03T08:01:12","date_gmt":"2026-05-03T05:01:12","guid":{"rendered":"https:\/\/memurunsesi.net\/?p=19881"},"modified":"2026-05-03T09:45:31","modified_gmt":"2026-05-03T06:45:31","slug":"hatayda-alevlere-teslim-olan-arac-vatandaslarin-merakli-bakislari-arasinda-yandi","status":"publish","type":"post","link":"https:\/\/memurunsesi.net\/index.php\/2026\/05\/03\/hatayda-alevlere-teslim-olan-arac-vatandaslarin-merakli-bakislari-arasinda-yandi\/","title":{"rendered":"Hatay&#8217;da alevlere teslim olan ara\u00e7, vatanda\u015flar\u0131n merakl\u0131 bak\u0131\u015flar\u0131 aras\u0131nda yand\u0131"},"content":{"rendered":"<p>Hatay&#8217;da seyir halindeyken alevlere teslim olan hafif ticari ara\u00e7, vatanda\u015flar\u0131n merakl\u0131 bak\u0131\u015flar\u0131 aras\u0131nda yanarak kullan\u0131lmaz hale geldi.<br \/>\nYang\u0131n, Arsuz-\u0130skenderun yolu Arpaderesi Mahallesi mevkiinde meydana geldi. Seyir halindeki Fiat marka hafif ticari ara\u00e7ta hen\u00fcz belirlenemeyen bir nedenle yang\u0131n \u00e7\u0131kt\u0131. K\u0131sa s\u00fcrede b\u00fcy\u00fcyen alevler t\u00fcm arac\u0131 sard\u0131. \u0130hbar \u00fczerine b\u00f6lgeye itfaiye ekipleri sevk edildi. Yang\u0131n nedeniyle trafik durma noktas\u0131na gelirken ara\u00e7, \u00e7evredeki vatanda\u015flar\u0131n bak\u0131\u015flar\u0131 aras\u0131nda k\u00fcle d\u00f6nd\u00fc. \u0130tfaiye ekiplerinin m\u00fcdahalesiyle s\u00f6nd\u00fcr\u00fclen ara\u00e7, yang\u0131n sonras\u0131 kullan\u0131lmaz hale geldi.<\/p>\n<p>3.05.2026<\/p>\n","protected":false},"excerpt":{"rendered":"<p>Hatay&#8217;da seyir halindeyken alevlere teslim olan hafif ticari ara\u00e7, vatanda\u015flar\u0131n merakl\u0131 bak\u0131\u015flar\u0131 aras\u0131nda yanarak kullan\u0131lmaz hale geldi. Yang\u0131n, Arsuz-\u0130skenderun yolu Arpaderesi Mahallesi mevkiinde meydana geldi. Seyir halindeki Fiat marka hafif ticari ara\u00e7ta hen\u00fcz belirlenemeyen bir nedenle yang\u0131n \u00e7\u0131kt\u0131. K\u0131sa s\u00fcrede b\u00fcy\u00fcyen alevler t\u00fcm arac\u0131 sard\u0131. \u0130hbar \u00fczerine b\u00f6lgeye itfaiye ekipleri sevk edildi. Yang\u0131n nedeniyle trafik [&hellip;]<\/p>\n","protected":false},"author":1,"featured_media":19907,"comment_status":"open","ping_status":"open","sticky":false,"template":"","format":"standard","meta":{"footnotes":""},"categories":[50],"tags":[3842,193,3846,3845,3113,3058,3843,3844],"class_list":["post-19881","post","type-post","status-publish","format-standard","has-post-thumbnail","hentry","category-tum-haberler","tag-alevlere","tag-arac","tag-geldi","tag-hale","tag-oldu","tag-seyir-halindeki","tag-teslim","tag-yanarak-kullanilmaz"],"yoast_head":"<!-- This site is optimized with the Yoast SEO plugin v27.5 - https:\/\/yoast.com\/product\/yoast-seo-wordpress\/ -->\n<title>Hatay&#039;da alevlere teslim olan ara\u00e7, vatanda\u015flar\u0131n merakl\u0131 bak\u0131\u015flar\u0131 aras\u0131nda yand\u0131 - Memurun Sesi<\/title>\n<meta name=\"description\" content=\"\u00a0 Hatay&#039;da seyir halindeyken alevlere teslim olan hafif ticari ara\u00e7, vatanda\u015flar\u0131n merakl\u0131 bak\u0131\u015flar\u0131 aras\u0131nda yanarak kullan\u0131lmaz hale geldi.\" \/>\n<meta name=\"robots\" content=\"index, follow, max-snippet:-1, max-image-preview:large, max-video-preview:-1\" \/>\n<link rel=\"canonical\" href=\"https:\/\/memurunsesi.net\/index.php\/2026\/05\/03\/hatayda-alevlere-teslim-olan-arac-vatandaslarin-merakli-bakislari-arasinda-yandi\/\" \/>\n<meta property=\"og:locale\" content=\"tr_TR\" \/>\n<meta property=\"og:type\" content=\"article\" \/>\n<meta property=\"og:title\" content=\"Hatay&#039;da alevlere teslim olan ara\u00e7, vatanda\u015flar\u0131n merakl\u0131 bak\u0131\u015flar\u0131 aras\u0131nda yand\u0131 - Memurun Sesi\" \/>\n<meta property=\"og:description\" content=\"\u00a0 Hatay&#039;da seyir halindeyken alevlere teslim olan hafif ticari ara\u00e7, vatanda\u015flar\u0131n merakl\u0131 bak\u0131\u015flar\u0131 aras\u0131nda yanarak kullan\u0131lmaz hale geldi.\" \/>\n<meta property=\"og:url\" content=\"https:\/\/memurunsesi.net\/index.php\/2026\/05\/03\/hatayda-alevlere-teslim-olan-arac-vatandaslarin-merakli-bakislari-arasinda-yandi\/\" \/>\n<meta property=\"og:site_name\" content=\"Memurun Sesi\" \/>\n<meta property=\"article:publisher\" content=\"https:\/\/www.facebook.com\/unipersen\/?locale=tr_TR\" \/>\n<meta property=\"article:published_time\" content=\"2026-05-03T05:01:12+00:00\" \/>\n<meta property=\"article:modified_time\" content=\"2026-05-03T06:45:31+00:00\" \/>\n<meta property=\"og:image\" content=\"https:\/\/memurunsesi.net\/wp-content\/uploads\/2026\/05\/hatay-2.jpg\" \/>\n\t<meta property=\"og:image:width\" content=\"1200\" \/>\n\t<meta property=\"og:image:height\" content=\"900\" \/>\n\t<meta property=\"og:image:type\" content=\"image\/jpeg\" \/>\n<meta name=\"author\" content=\"Memurun Sesi Haber Merkezi\" \/>\n<meta name=\"twitter:card\" content=\"summary_large_image\" \/>\n<meta name=\"twitter:creator\" content=\"@unipersen\" \/>\n<meta name=\"twitter:site\" content=\"@unipersen\" \/>\n<meta name=\"twitter:label1\" content=\"Yazan:\" \/>\n\t<meta name=\"twitter:data1\" content=\"Memurun Sesi Haber Merkezi\" \/>\n\t<meta name=\"twitter:label2\" content=\"Tahmini okuma s\u00fcresi\" \/>\n\t<meta name=\"twitter:data2\" content=\"1 dakika\" \/>\n<script type=\"application\/ld+json\" class=\"yoast-schema-graph\">{\"@context\":\"https:\\\/\\\/schema.org\",\"@graph\":[{\"@type\":\"Article\",\"@id\":\"https:\\\/\\\/memurunsesi.net\\\/index.php\\\/2026\\\/05\\\/03\\\/hatayda-alevlere-teslim-olan-arac-vatandaslarin-merakli-bakislari-arasinda-yandi\\\/#article\",\"isPartOf\":{\"@id\":\"https:\\\/\\\/memurunsesi.net\\\/index.php\\\/2026\\\/05\\\/03\\\/hatayda-alevlere-teslim-olan-arac-vatandaslarin-merakli-bakislari-arasinda-yandi\\\/\"},\"author\":{\"name\":\"Memurun Sesi Haber Merkezi\",\"@id\":\"https:\\\/\\\/memurunsesi.net\\\/#\\\/schema\\\/person\\\/f21c2d73b89f6ee1d80b0a1803e38587\"},\"headline\":\"Hatay&#8217;da alevlere teslim olan ara\u00e7, vatanda\u015flar\u0131n merakl\u0131 bak\u0131\u015flar\u0131 aras\u0131nda yand\u0131\",\"datePublished\":\"2026-05-03T05:01:12+00:00\",\"dateModified\":\"2026-05-03T06:45:31+00:00\",\"mainEntityOfPage\":{\"@id\":\"https:\\\/\\\/memurunsesi.net\\\/index.php\\\/2026\\\/05\\\/03\\\/hatayda-alevlere-teslim-olan-arac-vatandaslarin-merakli-bakislari-arasinda-yandi\\\/\"},\"wordCount\":121,\"commentCount\":0,\"publisher\":{\"@id\":\"https:\\\/\\\/memurunsesi.net\\\/#organization\"},\"image\":{\"@id\":\"https:\\\/\\\/memurunsesi.net\\\/index.php\\\/2026\\\/05\\\/03\\\/hatayda-alevlere-teslim-olan-arac-vatandaslarin-merakli-bakislari-arasinda-yandi\\\/#primaryimage\"},\"thumbnailUrl\":\"https:\\\/\\\/memurunsesi.net\\\/wp-content\\\/uploads\\\/2026\\\/05\\\/hatay-2.jpg\",\"keywords\":[\"alevlere\",\"ara\u00e7\",\"geldi\",\"hale\",\"\u00f6ld\u00fc\",\"seyir halindeki\",\"teslim\",\"yanarak kullan\u0131lmaz\"],\"articleSection\":[\"T\u00fcm Haberler\"],\"inLanguage\":\"tr\",\"potentialAction\":[{\"@type\":\"CommentAction\",\"name\":\"Comment\",\"target\":[\"https:\\\/\\\/memurunsesi.net\\\/index.php\\\/2026\\\/05\\\/03\\\/hatayda-alevlere-teslim-olan-arac-vatandaslarin-merakli-bakislari-arasinda-yandi\\\/#respond\"]}]},{\"@type\":\"WebPage\",\"@id\":\"https:\\\/\\\/memurunsesi.net\\\/index.php\\\/2026\\\/05\\\/03\\\/hatayda-alevlere-teslim-olan-arac-vatandaslarin-merakli-bakislari-arasinda-yandi\\\/\",\"url\":\"https:\\\/\\\/memurunsesi.net\\\/index.php\\\/2026\\\/05\\\/03\\\/hatayda-alevlere-teslim-olan-arac-vatandaslarin-merakli-bakislari-arasinda-yandi\\\/\",\"name\":\"Hatay'da alevlere teslim olan ara\u00e7, vatanda\u015flar\u0131n merakl\u0131 bak\u0131\u015flar\u0131 aras\u0131nda yand\u0131 - Memurun Sesi\",\"isPartOf\":{\"@id\":\"https:\\\/\\\/memurunsesi.net\\\/#website\"},\"primaryImageOfPage\":{\"@id\":\"https:\\\/\\\/memurunsesi.net\\\/index.php\\\/2026\\\/05\\\/03\\\/hatayda-alevlere-teslim-olan-arac-vatandaslarin-merakli-bakislari-arasinda-yandi\\\/#primaryimage\"},\"image\":{\"@id\":\"https:\\\/\\\/memurunsesi.net\\\/index.php\\\/2026\\\/05\\\/03\\\/hatayda-alevlere-teslim-olan-arac-vatandaslarin-merakli-bakislari-arasinda-yandi\\\/#primaryimage\"},\"thumbnailUrl\":\"https:\\\/\\\/memurunsesi.net\\\/wp-content\\\/uploads\\\/2026\\\/05\\\/hatay-2.jpg\",\"datePublished\":\"2026-05-03T05:01:12+00:00\",\"dateModified\":\"2026-05-03T06:45:31+00:00\",\"description\":\"\u00a0 Hatay'da seyir halindeyken alevlere teslim olan hafif ticari ara\u00e7, vatanda\u015flar\u0131n merakl\u0131 bak\u0131\u015flar\u0131 aras\u0131nda yanarak kullan\u0131lmaz hale geldi.\",\"breadcrumb\":{\"@id\":\"https:\\\/\\\/memurunsesi.net\\\/index.php\\\/2026\\\/05\\\/03\\\/hatayda-alevlere-teslim-olan-arac-vatandaslarin-merakli-bakislari-arasinda-yandi\\\/#breadcrumb\"},\"inLanguage\":\"tr\",\"potentialAction\":[{\"@type\":\"ReadAction\",\"target\":[\"https:\\\/\\\/memurunsesi.net\\\/index.php\\\/2026\\\/05\\\/03\\\/hatayda-alevlere-teslim-olan-arac-vatandaslarin-merakli-bakislari-arasinda-yandi\\\/\"]}]},{\"@type\":\"ImageObject\",\"inLanguage\":\"tr\",\"@id\":\"https:\\\/\\\/memurunsesi.net\\\/index.php\\\/2026\\\/05\\\/03\\\/hatayda-alevlere-teslim-olan-arac-vatandaslarin-merakli-bakislari-arasinda-yandi\\\/#primaryimage\",\"url\":\"https:\\\/\\\/memurunsesi.net\\\/wp-content\\\/uploads\\\/2026\\\/05\\\/hatay-2.jpg\",\"contentUrl\":\"https:\\\/\\\/memurunsesi.net\\\/wp-content\\\/uploads\\\/2026\\\/05\\\/hatay-2.jpg\",\"width\":1200,\"height\":900,\"caption\":\"HATAY'DA SEY\u0130R HAL\u0130NDEYKEN ALEVLERE TESL\u0130M OLAN F\u0130AT MARKA HAF\u0130F T\u0130CAR\u0130 ARA\u00c7, VATANDA\u015eLARIN MERAKLI BAKI\u015eLARI ARASINDA YANARAK KULLANILMAZ HALE GELD\u0130. (CEMAL KILIN\u00c7 - SELAHATT\u0130N \u00c7ET\u0130N\\\/HATAY-\u0130HA) Hatay'da seyir halindeyken alevlere teslim olan hafif ticari ara\u00e7, vatanda\u015flar\u0131n merakl\u0131 bak\u0131\u015flar\u0131 aras\u0131nda yanarak kullan\u0131lmaz hale geldi.\"},{\"@type\":\"BreadcrumbList\",\"@id\":\"https:\\\/\\\/memurunsesi.net\\\/index.php\\\/2026\\\/05\\\/03\\\/hatayda-alevlere-teslim-olan-arac-vatandaslarin-merakli-bakislari-arasinda-yandi\\\/#breadcrumb\",\"itemListElement\":[{\"@type\":\"ListItem\",\"position\":1,\"name\":\"Anasayfa\",\"item\":\"https:\\\/\\\/memurunsesi.net\\\/\"},{\"@type\":\"ListItem\",\"position\":2,\"name\":\"Hatay&#8217;da alevlere teslim olan ara\u00e7, vatanda\u015flar\u0131n merakl\u0131 bak\u0131\u015flar\u0131 aras\u0131nda yand\u0131\"}]},{\"@type\":\"WebSite\",\"@id\":\"https:\\\/\\\/memurunsesi.net\\\/#website\",\"url\":\"https:\\\/\\\/memurunsesi.net\\\/\",\"name\":\"Memurun Sesi\",\"description\":\"G\u00fcncel ve Do\u011fru Haber\",\"publisher\":{\"@id\":\"https:\\\/\\\/memurunsesi.net\\\/#organization\"},\"potentialAction\":[{\"@type\":\"SearchAction\",\"target\":{\"@type\":\"EntryPoint\",\"urlTemplate\":\"https:\\\/\\\/memurunsesi.net\\\/?s={search_term_string}\"},\"query-input\":{\"@type\":\"PropertyValueSpecification\",\"valueRequired\":true,\"valueName\":\"search_term_string\"}}],\"inLanguage\":\"tr\"},{\"@type\":\"Organization\",\"@id\":\"https:\\\/\\\/memurunsesi.net\\\/#organization\",\"name\":\"Memurun Sesi\",\"url\":\"https:\\\/\\\/memurunsesi.net\\\/\",\"logo\":{\"@type\":\"ImageObject\",\"inLanguage\":\"tr\",\"@id\":\"https:\\\/\\\/memurunsesi.net\\\/#\\\/schema\\\/logo\\\/image\\\/\",\"url\":\"https:\\\/\\\/memurunsesi.net\\\/wp-content\\\/uploads\\\/2025\\\/11\\\/cropped-MEMURUN-SESI.png\",\"contentUrl\":\"https:\\\/\\\/memurunsesi.net\\\/wp-content\\\/uploads\\\/2025\\\/11\\\/cropped-MEMURUN-SESI.png\",\"width\":238,\"height\":57,\"caption\":\"Memurun Sesi\"},\"image\":{\"@id\":\"https:\\\/\\\/memurunsesi.net\\\/#\\\/schema\\\/logo\\\/image\\\/\"},\"sameAs\":[\"https:\\\/\\\/www.facebook.com\\\/unipersen\\\/?locale=tr_TR\",\"https:\\\/\\\/x.com\\\/unipersen\"]},{\"@type\":\"Person\",\"@id\":\"https:\\\/\\\/memurunsesi.net\\\/#\\\/schema\\\/person\\\/f21c2d73b89f6ee1d80b0a1803e38587\",\"name\":\"Memurun Sesi Haber Merkezi\",\"image\":{\"@type\":\"ImageObject\",\"inLanguage\":\"tr\",\"@id\":\"https:\\\/\\\/secure.gravatar.com\\\/avatar\\\/6cf0505f452ee753f485014986fab09a434671d2b919ee76fc541025c5876a70?s=96&d=mm&r=g\",\"url\":\"https:\\\/\\\/secure.gravatar.com\\\/avatar\\\/6cf0505f452ee753f485014986fab09a434671d2b919ee76fc541025c5876a70?s=96&d=mm&r=g\",\"contentUrl\":\"https:\\\/\\\/secure.gravatar.com\\\/avatar\\\/6cf0505f452ee753f485014986fab09a434671d2b919ee76fc541025c5876a70?s=96&d=mm&r=g\",\"caption\":\"Memurun Sesi Haber Merkezi\"},\"sameAs\":[\"https:\\\/\\\/memurunsesi.net\"],\"url\":\"https:\\\/\\\/memurunsesi.net\\\/index.php\\\/author\\\/uniper\\\/\"}]}<\/script>\n<!-- \/ Yoast SEO plugin. -->","yoast_head_json":{"title":"Hatay'da alevlere teslim olan ara\u00e7, vatanda\u015flar\u0131n merakl\u0131 bak\u0131\u015flar\u0131 aras\u0131nda yand\u0131 - Memurun Sesi","description":"\u00a0 Hatay'da seyir halindeyken alevlere teslim olan hafif ticari ara\u00e7, vatanda\u015flar\u0131n merakl\u0131 bak\u0131\u015flar\u0131 aras\u0131nda yanarak kullan\u0131lmaz hale geldi.","robots":{"index":"index","follow":"follow","max-snippet":"max-snippet:-1","max-image-preview":"max-image-preview:large","max-video-preview":"max-video-preview:-1"},"canonical":"https:\/\/memurunsesi.net\/index.php\/2026\/05\/03\/hatayda-alevlere-teslim-olan-arac-vatandaslarin-merakli-bakislari-arasinda-yandi\/","og_locale":"tr_TR","og_type":"article","og_title":"Hatay'da alevlere teslim olan ara\u00e7, vatanda\u015flar\u0131n merakl\u0131 bak\u0131\u015flar\u0131 aras\u0131nda yand\u0131 - Memurun Sesi","og_description":"\u00a0 Hatay'da seyir halindeyken alevlere teslim olan hafif ticari ara\u00e7, vatanda\u015flar\u0131n merakl\u0131 bak\u0131\u015flar\u0131 aras\u0131nda yanarak kullan\u0131lmaz hale geldi.","og_url":"https:\/\/memurunsesi.net\/index.php\/2026\/05\/03\/hatayda-alevlere-teslim-olan-arac-vatandaslarin-merakli-bakislari-arasinda-yandi\/","og_site_name":"Memurun Sesi","article_publisher":"https:\/\/www.facebook.com\/unipersen\/?locale=tr_TR","article_published_time":"2026-05-03T05:01:12+00:00","article_modified_time":"2026-05-03T06:45:31+00:00","og_image":[{"width":1200,"height":900,"url":"https:\/\/memurunsesi.net\/wp-content\/uploads\/2026\/05\/hatay-2.jpg","type":"image\/jpeg"}],"author":"Memurun Sesi Haber Merkezi","twitter_card":"summary_large_image","twitter_creator":"@unipersen","twitter_site":"@unipersen","twitter_misc":{"Yazan:":"Memurun Sesi Haber Merkezi","Tahmini okuma s\u00fcresi":"1 dakika"},"schema":{"@context":"https:\/\/schema.org","@graph":[{"@type":"Article","@id":"https:\/\/memurunsesi.net\/index.php\/2026\/05\/03\/hatayda-alevlere-teslim-olan-arac-vatandaslarin-merakli-bakislari-arasinda-yandi\/#article","isPartOf":{"@id":"https:\/\/memurunsesi.net\/index.php\/2026\/05\/03\/hatayda-alevlere-teslim-olan-arac-vatandaslarin-merakli-bakislari-arasinda-yandi\/"},"author":{"name":"Memurun Sesi Haber Merkezi","@id":"https:\/\/memurunsesi.net\/#\/schema\/person\/f21c2d73b89f6ee1d80b0a1803e38587"},"headline":"Hatay&#8217;da alevlere teslim olan ara\u00e7, vatanda\u015flar\u0131n merakl\u0131 bak\u0131\u015flar\u0131 aras\u0131nda yand\u0131","datePublished":"2026-05-03T05:01:12+00:00","dateModified":"2026-05-03T06:45:31+00:00","mainEntityOfPage":{"@id":"https:\/\/memurunsesi.net\/index.php\/2026\/05\/03\/hatayda-alevlere-teslim-olan-arac-vatandaslarin-merakli-bakislari-arasinda-yandi\/"},"wordCount":121,"commentCount":0,"publisher":{"@id":"https:\/\/memurunsesi.net\/#organization"},"image":{"@id":"https:\/\/memurunsesi.net\/index.php\/2026\/05\/03\/hatayda-alevlere-teslim-olan-arac-vatandaslarin-merakli-bakislari-arasinda-yandi\/#primaryimage"},"thumbnailUrl":"https:\/\/memurunsesi.net\/wp-content\/uploads\/2026\/05\/hatay-2.jpg","keywords":["alevlere","ara\u00e7","geldi","hale","\u00f6ld\u00fc","seyir halindeki","teslim","yanarak kullan\u0131lmaz"],"articleSection":["T\u00fcm Haberler"],"inLanguage":"tr","potentialAction":[{"@type":"CommentAction","name":"Comment","target":["https:\/\/memurunsesi.net\/index.php\/2026\/05\/03\/hatayda-alevlere-teslim-olan-arac-vatandaslarin-merakli-bakislari-arasinda-yandi\/#respond"]}]},{"@type":"WebPage","@id":"https:\/\/memurunsesi.net\/index.php\/2026\/05\/03\/hatayda-alevlere-teslim-olan-arac-vatandaslarin-merakli-bakislari-arasinda-yandi\/","url":"https:\/\/memurunsesi.net\/index.php\/2026\/05\/03\/hatayda-alevlere-teslim-olan-arac-vatandaslarin-merakli-bakislari-arasinda-yandi\/","name":"Hatay'da alevlere teslim olan ara\u00e7, vatanda\u015flar\u0131n merakl\u0131 bak\u0131\u015flar\u0131 aras\u0131nda yand\u0131 - Memurun Sesi","isPartOf":{"@id":"https:\/\/memurunsesi.net\/#website"},"primaryImageOfPage":{"@id":"https:\/\/memurunsesi.net\/index.php\/2026\/05\/03\/hatayda-alevlere-teslim-olan-arac-vatandaslarin-merakli-bakislari-arasinda-yandi\/#primaryimage"},"image":{"@id":"https:\/\/memurunsesi.net\/index.php\/2026\/05\/03\/hatayda-alevlere-teslim-olan-arac-vatandaslarin-merakli-bakislari-arasinda-yandi\/#primaryimage"},"thumbnailUrl":"https:\/\/memurunsesi.net\/wp-content\/uploads\/2026\/05\/hatay-2.jpg","datePublished":"2026-05-03T05:01:12+00:00","dateModified":"2026-05-03T06:45:31+00:00","description":"\u00a0 Hatay'da seyir halindeyken alevlere teslim olan hafif ticari ara\u00e7, vatanda\u015flar\u0131n merakl\u0131 bak\u0131\u015flar\u0131 aras\u0131nda yanarak kullan\u0131lmaz hale geldi.","breadcrumb":{"@id":"https:\/\/memurunsesi.net\/index.php\/2026\/05\/03\/hatayda-alevlere-teslim-olan-arac-vatandaslarin-merakli-bakislari-arasinda-yandi\/#breadcrumb"},"inLanguage":"tr","potentialAction":[{"@type":"ReadAction","target":["https:\/\/memurunsesi.net\/index.php\/2026\/05\/03\/hatayda-alevlere-teslim-olan-arac-vatandaslarin-merakli-bakislari-arasinda-yandi\/"]}]},{"@type":"ImageObject","inLanguage":"tr","@id":"https:\/\/memurunsesi.net\/index.php\/2026\/05\/03\/hatayda-alevlere-teslim-olan-arac-vatandaslarin-merakli-bakislari-arasinda-yandi\/#primaryimage","url":"https:\/\/memurunsesi.net\/wp-content\/uploads\/2026\/05\/hatay-2.jpg","contentUrl":"https:\/\/memurunsesi.net\/wp-content\/uploads\/2026\/05\/hatay-2.jpg","width":1200,"height":900,"caption":"HATAY'DA SEY\u0130R HAL\u0130NDEYKEN ALEVLERE TESL\u0130M OLAN F\u0130AT MARKA HAF\u0130F T\u0130CAR\u0130 ARA\u00c7, VATANDA\u015eLARIN MERAKLI BAKI\u015eLARI ARASINDA YANARAK KULLANILMAZ HALE GELD\u0130. (CEMAL KILIN\u00c7 - SELAHATT\u0130N \u00c7ET\u0130N\/HATAY-\u0130HA) Hatay'da seyir halindeyken alevlere teslim olan hafif ticari ara\u00e7, vatanda\u015flar\u0131n merakl\u0131 bak\u0131\u015flar\u0131 aras\u0131nda yanarak kullan\u0131lmaz hale geldi."},{"@type":"BreadcrumbList","@id":"https:\/\/memurunsesi.net\/index.php\/2026\/05\/03\/hatayda-alevlere-teslim-olan-arac-vatandaslarin-merakli-bakislari-arasinda-yandi\/#breadcrumb","itemListElement":[{"@type":"ListItem","position":1,"name":"Anasayfa","item":"https:\/\/memurunsesi.net\/"},{"@type":"ListItem","position":2,"name":"Hatay&#8217;da alevlere teslim olan ara\u00e7, vatanda\u015flar\u0131n merakl\u0131 bak\u0131\u015flar\u0131 aras\u0131nda yand\u0131"}]},{"@type":"WebSite","@id":"https:\/\/memurunsesi.net\/#website","url":"https:\/\/memurunsesi.net\/","name":"Memurun Sesi","description":"G\u00fcncel ve Do\u011fru Haber","publisher":{"@id":"https:\/\/memurunsesi.net\/#organization"},"potentialAction":[{"@type":"SearchAction","target":{"@type":"EntryPoint","urlTemplate":"https:\/\/memurunsesi.net\/?s={search_term_string}"},"query-input":{"@type":"PropertyValueSpecification","valueRequired":true,"valueName":"search_term_string"}}],"inLanguage":"tr"},{"@type":"Organization","@id":"https:\/\/memurunsesi.net\/#organization","name":"Memurun Sesi","url":"https:\/\/memurunsesi.net\/","logo":{"@type":"ImageObject","inLanguage":"tr","@id":"https:\/\/memurunsesi.net\/#\/schema\/logo\/image\/","url":"https:\/\/memurunsesi.net\/wp-content\/uploads\/2025\/11\/cropped-MEMURUN-SESI.png","contentUrl":"https:\/\/memurunsesi.net\/wp-content\/uploads\/2025\/11\/cropped-MEMURUN-SESI.png","width":238,"height":57,"caption":"Memurun Sesi"},"image":{"@id":"https:\/\/memurunsesi.net\/#\/schema\/logo\/image\/"},"sameAs":["https:\/\/www.facebook.com\/unipersen\/?locale=tr_TR","https:\/\/x.com\/unipersen"]},{"@type":"Person","@id":"https:\/\/memurunsesi.net\/#\/schema\/person\/f21c2d73b89f6ee1d80b0a1803e38587","name":"Memurun Sesi Haber Merkezi","image":{"@type":"ImageObject","inLanguage":"tr","@id":"https:\/\/secure.gravatar.com\/avatar\/6cf0505f452ee753f485014986fab09a434671d2b919ee76fc541025c5876a70?s=96&d=mm&r=g","url":"https:\/\/secure.gravatar.com\/avatar\/6cf0505f452ee753f485014986fab09a434671d2b919ee76fc541025c5876a70?s=96&d=mm&r=g","contentUrl":"https:\/\/secure.gravatar.com\/avatar\/6cf0505f452ee753f485014986fab09a434671d2b919ee76fc541025c5876a70?s=96&d=mm&r=g","caption":"Memurun Sesi Haber Merkezi"},"sameAs":["https:\/\/memurunsesi.net"],"url":"https:\/\/memurunsesi.net\/index.php\/author\/uniper\/"}]}},"_links":{"self":[{"href":"https:\/\/memurunsesi.net\/index.php\/wp-json\/wp\/v2\/posts\/19881","targetHints":{"allow":["GET"]}}],"collection":[{"href":"https:\/\/memurunsesi.net\/index.php\/wp-json\/wp\/v2\/posts"}],"about":[{"href":"https:\/\/memurunsesi.net\/index.php\/wp-json\/wp\/v2\/types\/post"}],"author":[{"embeddable":true,"href":"https:\/\/memurunsesi.net\/index.php\/wp-json\/wp\/v2\/users\/1"}],"replies":[{"embeddable":true,"href":"https:\/\/memurunsesi.net\/index.php\/wp-json\/wp\/v2\/comments?post=19881"}],"version-history":[{"count":1,"href":"https:\/\/memurunsesi.net\/index.php\/wp-json\/wp\/v2\/posts\/19881\/revisions"}],"predecessor-version":[{"id":19884,"href":"https:\/\/memurunsesi.net\/index.php\/wp-json\/wp\/v2\/posts\/19881\/revisions\/19884"}],"wp:featuredmedia":[{"embeddable":true,"href":"https:\/\/memurunsesi.net\/index.php\/wp-json\/wp\/v2\/media\/19907"}],"wp:attachment":[{"href":"https:\/\/memurunsesi.net\/index.php\/wp-json\/wp\/v2\/media?parent=19881"}],"wp:term":[{"taxonomy":"category","embeddable":true,"href":"https:\/\/memurunsesi.net\/index.php\/wp-json\/wp\/v2\/categories?post=19881"},{"taxonomy":"post_tag","embeddable":true,"href":"https:\/\/memurunsesi.net\/index.php\/wp-json\/wp\/v2\/tags?post=19881"}],"curies":[{"name":"wp","href":"https:\/\/api.w.org\/{rel}","templated":true}]}}