{"id":19885,"date":"2026-05-03T08:03:21","date_gmt":"2026-05-03T05:03:21","guid":{"rendered":"https:\/\/memurunsesi.net\/?p=19885"},"modified":"2026-05-03T08:03:21","modified_gmt":"2026-05-03T05:03:21","slug":"umut-nayir-ucuncu-olmayi-garantiledik-halen-ikincilik-sansimiz-var","status":"publish","type":"post","link":"https:\/\/memurunsesi.net\/index.php\/2026\/05\/03\/umut-nayir-ucuncu-olmayi-garantiledik-halen-ikincilik-sansimiz-var\/","title":{"rendered":"Umut Nayir: &#8220;\u00dc\u00e7\u00fcnc\u00fc olmay\u0131 garantiledik halen ikincilik \u015fans\u0131m\u0131z var&#8221;"},"content":{"rendered":"<p>Trabzonsporlu futbolcu Umut Nayir, G\u00f6ztepe&#8217;nin oynamas\u0131 zor bir tak\u0131m oldu\u011funu belirterek, &#8220;Esas\u0131nda ilk yar\u0131da 10 ki\u015fi kalmam\u0131za ra\u011fmen g\u00f6sterdi\u011fimiz co\u015fkuyu belki ba\u015ftan g\u00f6stersek ikincilik yar\u0131\u015f\u0131nda daha iddial\u0131 olabilirdik&#8221; dedi.<br \/>\nTrendyol S\u00fcper Lig&#8217;in 32. haftas\u0131nda Trabzonspor, sahas\u0131nda G\u00f6ztepe ile 1-1 berabere kald\u0131. Ma\u00e7\u0131n ard\u0131ndan bas\u0131n mensuplar\u0131n\u0131 sorular\u0131n\u0131 yan\u0131tlayan bordo-mavili futbolcu Umut Nayir, G\u00f6ztepe&#8217;nin analizi \u00e7ok kolay bir tak\u0131m oldu\u011funu dile getirerek, &#8220;G\u00f6ztepe analizi \u00e7ok kolay bir tak\u0131m. Oyuncular de\u011fi\u015fse de birka\u00e7 senedir ayn\u0131 sistemi ve organizasyonu oynamaya \u00e7al\u0131\u015f\u0131yorlar. Ama oynamas\u0131 zor bir tak\u0131m. Fiziksellikleri \u00e7ok \u00f6n planda, y\u00fcksek \u015fiddetli oynamaya \u00e7al\u0131\u015f\u0131yorlar. Agresiflikleri \u00e7ok y\u00fcksek. Onlar\u0131n co\u015fkusuna, agresifli\u011fine cevap vermezseniz bizim gibi b\u00fcy\u00fck bir tak\u0131ma kar\u015f\u0131 deplasmanda bile istediklerini oyunu oynayabiliyorlar. Esas\u0131nda ilk yar\u0131da 10 ki\u015fi kalmam\u0131za ra\u011fmen g\u00f6sterdi\u011fimiz co\u015fkuyu belki ba\u015ftan g\u00f6stersek ikincilik yar\u0131\u015f\u0131nda daha iddial\u0131 olabilirdik. Fikst\u00fcr k\u0131sald\u0131 \u00f6n\u00fcm\u00fczde kritik kupa ma\u00e7\u0131 var. Onun \u00f6ncesinde b\u00f6yle zor bir tak\u0131ma kar\u015f\u0131 10 ki\u015fi de kalsak dirayet g\u00f6sterebilmek ve geri d\u00f6nebilmek de\u011ferli diye d\u00fc\u015f\u00fcn\u00fcyorum. Ligin son d\u00f6neminde formasyonlardan, stratejilerden ba\u011f\u0131ms\u0131z o duygular\u0131 koruyabilmek \u00f6nemli oluyor. Baz\u0131 hedefsiz tak\u0131mlar\u0131 g\u00f6r\u00fcyorsunuz \u00e7ok iddial\u0131yken \u00e7ok kolay kaybedebiliyorlar. Bizim hedefimiz vard\u0131 ama ilk yar\u0131 onu yans\u0131tamad\u0131k&#8221; \u015feklinde konu\u015ftu.<\/p>\n<p>&#8220;Ne kadar yapabilirsem \u00fcst\u00fcne koymaya \u00e7al\u0131\u015f\u0131yorum&#8221;<br \/>\n&#8220;H\u00fccum oyuncusu olunca her zaman gol atmak istiyorsunuz&#8221; diyen Nayir, &#8220;Ma\u00e7taki senaryolarda bunu anlatmak kolay olmuyor. Forveti oyuncusu i\u00e7eride ama rol\u00fc bazen orta saha bazen ba\u015fka bir mevki olabiliyor. Bulundu\u011fum yerlerden gocunmuyorum. Ne kadar yapabilirsem \u00fcst\u00fcne koymaya \u00e7al\u0131\u015f\u0131yorum. Bug\u00fcn bir katk\u0131 verebildim mutluyum&#8221; diye konu\u015ftu.<br \/>\nLigde ikincilik \u015fanslar\u0131n\u0131n oldu\u011funu vurgulayan Nayir, &#8220;Fatih hoca ben buraya kat\u0131lmadan \u00f6nce bas\u0131n toplant\u0131lar\u0131nda ilk haftalardan beri 1 veya 4 nerede bitirebilirsek bizim i\u00e7in uygun demi\u015fti. 4&#8217;\u00fc garantiledik sonra 3&#8217;\u00fc garantileyelim dedik. 3&#8217;\u00fc garantiledik halen ikincilik \u015fans\u0131m\u0131z var. Onu kovalayaca\u011f\u0131z. G\u00fczel bir ma\u00e7 olaca\u011f\u0131n\u0131 d\u00fc\u015f\u00fcn\u00fcyorum. \u0130\u015fimize bak\u0131p sonra kupa ma\u00e7\u0131na haz\u0131r olmaya \u00e7al\u0131\u015faca\u011f\u0131z&#8221; ifadelerini kulland\u0131.<\/p>\n<p>2.05.2026<\/p>\n","protected":false},"excerpt":{"rendered":"<p>Trabzonsporlu futbolcu Umut Nayir, G\u00f6ztepe&#8217;nin oynamas\u0131 zor bir tak\u0131m oldu\u011funu belirterek, &#8220;Esas\u0131nda ilk yar\u0131da 10 ki\u015fi kalmam\u0131za ra\u011fmen g\u00f6sterdi\u011fimiz co\u015fkuyu belki ba\u015ftan g\u00f6stersek ikincilik yar\u0131\u015f\u0131nda daha iddial\u0131 olabilirdik&#8221; dedi. Trendyol S\u00fcper Lig&#8217;in 32. haftas\u0131nda Trabzonspor, sahas\u0131nda G\u00f6ztepe ile 1-1 berabere kald\u0131. Ma\u00e7\u0131n ard\u0131ndan bas\u0131n mensuplar\u0131n\u0131 sorular\u0131n\u0131 yan\u0131tlayan bordo-mavili futbolcu Umut Nayir, G\u00f6ztepe&#8217;nin analizi \u00e7ok kolay [&hellip;]<\/p>\n","protected":false},"author":1,"featured_media":19886,"comment_status":"open","ping_status":"open","sticky":false,"template":"","format":"standard","meta":{"footnotes":""},"categories":[57],"tags":[199],"class_list":["post-19885","post","type-post","status-publish","format-standard","has-post-thumbnail","hentry","category-spor","tag-mac"],"yoast_head":"<!-- This site is optimized with the Yoast SEO plugin v27.5 - https:\/\/yoast.com\/product\/yoast-seo-wordpress\/ -->\n<title>Umut Nayir: &quot;\u00dc\u00e7\u00fcnc\u00fc olmay\u0131 garantiledik halen ikincilik \u015fans\u0131m\u0131z var&quot; - Memurun Sesi<\/title>\n<meta name=\"description\" content=\"Trabzonsporlu futbolcu Umut Nayir, G\u00f6ztepe&#039;nin oynamas\u0131 zor bir tak\u0131m oldu\u011funu belirterek, &quot;Esas\u0131nda ilk yar\u0131da 10 ki\u015fi kalmam\u0131za ra\u011fmen g\u00f6sterdi\u011fimiz co\u015fkuyu belki ba\u015ftan g\u00f6stersek ikincilik yar\u0131\u015f\u0131nda daha iddial\u0131 olabilirdik&quot; dedi.\" \/>\n<meta name=\"robots\" content=\"index, follow, max-snippet:-1, max-image-preview:large, max-video-preview:-1\" \/>\n<link rel=\"canonical\" href=\"https:\/\/memurunsesi.net\/index.php\/2026\/05\/03\/umut-nayir-ucuncu-olmayi-garantiledik-halen-ikincilik-sansimiz-var\/\" \/>\n<meta property=\"og:locale\" content=\"tr_TR\" \/>\n<meta property=\"og:type\" content=\"article\" \/>\n<meta property=\"og:title\" content=\"Umut Nayir: &quot;\u00dc\u00e7\u00fcnc\u00fc olmay\u0131 garantiledik halen ikincilik \u015fans\u0131m\u0131z var&quot; - Memurun Sesi\" \/>\n<meta property=\"og:description\" content=\"Trabzonsporlu futbolcu Umut Nayir, G\u00f6ztepe&#039;nin oynamas\u0131 zor bir tak\u0131m oldu\u011funu belirterek, &quot;Esas\u0131nda ilk yar\u0131da 10 ki\u015fi kalmam\u0131za ra\u011fmen g\u00f6sterdi\u011fimiz co\u015fkuyu belki ba\u015ftan g\u00f6stersek ikincilik yar\u0131\u015f\u0131nda daha iddial\u0131 olabilirdik&quot; dedi.\" \/>\n<meta property=\"og:url\" content=\"https:\/\/memurunsesi.net\/index.php\/2026\/05\/03\/umut-nayir-ucuncu-olmayi-garantiledik-halen-ikincilik-sansimiz-var\/\" \/>\n<meta property=\"og:site_name\" content=\"Memurun Sesi\" \/>\n<meta property=\"article:publisher\" content=\"https:\/\/www.facebook.com\/unipersen\/?locale=tr_TR\" \/>\n<meta property=\"article:published_time\" content=\"2026-05-03T05:03:21+00:00\" \/>\n<meta property=\"og:image\" content=\"https:\/\/memurunsesi.net\/wp-content\/uploads\/2026\/05\/mac-38-scaled.jpg\" \/>\n\t<meta property=\"og:image:width\" content=\"2560\" \/>\n\t<meta property=\"og:image:height\" content=\"1440\" \/>\n\t<meta property=\"og:image:type\" content=\"image\/jpeg\" \/>\n<meta name=\"author\" content=\"Memurun Sesi Haber Merkezi\" \/>\n<meta name=\"twitter:card\" content=\"summary_large_image\" \/>\n<meta name=\"twitter:creator\" content=\"@unipersen\" \/>\n<meta name=\"twitter:site\" content=\"@unipersen\" \/>\n<meta name=\"twitter:label1\" content=\"Yazan:\" \/>\n\t<meta name=\"twitter:data1\" content=\"Memurun Sesi Haber Merkezi\" \/>\n\t<meta name=\"twitter:label2\" content=\"Tahmini okuma s\u00fcresi\" \/>\n\t<meta name=\"twitter:data2\" content=\"2 dakika\" \/>\n<script type=\"application\/ld+json\" class=\"yoast-schema-graph\">{\"@context\":\"https:\\\/\\\/schema.org\",\"@graph\":[{\"@type\":\"Article\",\"@id\":\"https:\\\/\\\/memurunsesi.net\\\/index.php\\\/2026\\\/05\\\/03\\\/umut-nayir-ucuncu-olmayi-garantiledik-halen-ikincilik-sansimiz-var\\\/#article\",\"isPartOf\":{\"@id\":\"https:\\\/\\\/memurunsesi.net\\\/index.php\\\/2026\\\/05\\\/03\\\/umut-nayir-ucuncu-olmayi-garantiledik-halen-ikincilik-sansimiz-var\\\/\"},\"author\":{\"name\":\"Memurun Sesi Haber Merkezi\",\"@id\":\"https:\\\/\\\/memurunsesi.net\\\/#\\\/schema\\\/person\\\/f21c2d73b89f6ee1d80b0a1803e38587\"},\"headline\":\"Umut Nayir: &#8220;\u00dc\u00e7\u00fcnc\u00fc olmay\u0131 garantiledik halen ikincilik \u015fans\u0131m\u0131z var&#8221;\",\"datePublished\":\"2026-05-03T05:03:21+00:00\",\"mainEntityOfPage\":{\"@id\":\"https:\\\/\\\/memurunsesi.net\\\/index.php\\\/2026\\\/05\\\/03\\\/umut-nayir-ucuncu-olmayi-garantiledik-halen-ikincilik-sansimiz-var\\\/\"},\"wordCount\":400,\"commentCount\":0,\"publisher\":{\"@id\":\"https:\\\/\\\/memurunsesi.net\\\/#organization\"},\"image\":{\"@id\":\"https:\\\/\\\/memurunsesi.net\\\/index.php\\\/2026\\\/05\\\/03\\\/umut-nayir-ucuncu-olmayi-garantiledik-halen-ikincilik-sansimiz-var\\\/#primaryimage\"},\"thumbnailUrl\":\"https:\\\/\\\/memurunsesi.net\\\/wp-content\\\/uploads\\\/2026\\\/05\\\/mac-38-scaled.jpg\",\"keywords\":[\"ma\u00e7\"],\"articleSection\":[\"Spor\"],\"inLanguage\":\"tr\",\"potentialAction\":[{\"@type\":\"CommentAction\",\"name\":\"Comment\",\"target\":[\"https:\\\/\\\/memurunsesi.net\\\/index.php\\\/2026\\\/05\\\/03\\\/umut-nayir-ucuncu-olmayi-garantiledik-halen-ikincilik-sansimiz-var\\\/#respond\"]}]},{\"@type\":\"WebPage\",\"@id\":\"https:\\\/\\\/memurunsesi.net\\\/index.php\\\/2026\\\/05\\\/03\\\/umut-nayir-ucuncu-olmayi-garantiledik-halen-ikincilik-sansimiz-var\\\/\",\"url\":\"https:\\\/\\\/memurunsesi.net\\\/index.php\\\/2026\\\/05\\\/03\\\/umut-nayir-ucuncu-olmayi-garantiledik-halen-ikincilik-sansimiz-var\\\/\",\"name\":\"Umut Nayir: \\\"\u00dc\u00e7\u00fcnc\u00fc olmay\u0131 garantiledik halen ikincilik \u015fans\u0131m\u0131z var\\\" - Memurun Sesi\",\"isPartOf\":{\"@id\":\"https:\\\/\\\/memurunsesi.net\\\/#website\"},\"primaryImageOfPage\":{\"@id\":\"https:\\\/\\\/memurunsesi.net\\\/index.php\\\/2026\\\/05\\\/03\\\/umut-nayir-ucuncu-olmayi-garantiledik-halen-ikincilik-sansimiz-var\\\/#primaryimage\"},\"image\":{\"@id\":\"https:\\\/\\\/memurunsesi.net\\\/index.php\\\/2026\\\/05\\\/03\\\/umut-nayir-ucuncu-olmayi-garantiledik-halen-ikincilik-sansimiz-var\\\/#primaryimage\"},\"thumbnailUrl\":\"https:\\\/\\\/memurunsesi.net\\\/wp-content\\\/uploads\\\/2026\\\/05\\\/mac-38-scaled.jpg\",\"datePublished\":\"2026-05-03T05:03:21+00:00\",\"description\":\"Trabzonsporlu futbolcu Umut Nayir, G\u00f6ztepe'nin oynamas\u0131 zor bir tak\u0131m oldu\u011funu belirterek, \\\"Esas\u0131nda ilk yar\u0131da 10 ki\u015fi kalmam\u0131za ra\u011fmen g\u00f6sterdi\u011fimiz co\u015fkuyu belki ba\u015ftan g\u00f6stersek ikincilik yar\u0131\u015f\u0131nda daha iddial\u0131 olabilirdik\\\" dedi.\",\"breadcrumb\":{\"@id\":\"https:\\\/\\\/memurunsesi.net\\\/index.php\\\/2026\\\/05\\\/03\\\/umut-nayir-ucuncu-olmayi-garantiledik-halen-ikincilik-sansimiz-var\\\/#breadcrumb\"},\"inLanguage\":\"tr\",\"potentialAction\":[{\"@type\":\"ReadAction\",\"target\":[\"https:\\\/\\\/memurunsesi.net\\\/index.php\\\/2026\\\/05\\\/03\\\/umut-nayir-ucuncu-olmayi-garantiledik-halen-ikincilik-sansimiz-var\\\/\"]}]},{\"@type\":\"ImageObject\",\"inLanguage\":\"tr\",\"@id\":\"https:\\\/\\\/memurunsesi.net\\\/index.php\\\/2026\\\/05\\\/03\\\/umut-nayir-ucuncu-olmayi-garantiledik-halen-ikincilik-sansimiz-var\\\/#primaryimage\",\"url\":\"https:\\\/\\\/memurunsesi.net\\\/wp-content\\\/uploads\\\/2026\\\/05\\\/mac-38-scaled.jpg\",\"contentUrl\":\"https:\\\/\\\/memurunsesi.net\\\/wp-content\\\/uploads\\\/2026\\\/05\\\/mac-38-scaled.jpg\",\"width\":2560,\"height\":1440,\"caption\":\"TRABZONSPORLU FUTBOLCU UMUT NAY\u0130R, G\u00d6ZTEPE'N\u0130N OYNAMASI ZOR B\u0130R TAKIM OLDU\u011eUNU BEL\u0130RTEREK, \\\"ESASINDA \u0130LK YARIDA 10 K\u0130\u015e\u0130 KALMAMIZA RA\u011eMEN G\u00d6STERD\u0130\u011e\u0130M\u0130Z CO\u015eKUYU BELK\u0130 BA\u015eTAN G\u00d6STERSEK \u0130K\u0130NC\u0130L\u0130K YARI\u015eINDA DAHA \u0130DD\u0130ALI OLAB\u0130L\u0130RD\u0130K\\\" DED\u0130. (BEK\u0130R KOCA\\\/TRABZON-\u0130HA) Trabzonsporlu futbolcu Umut Nayir, G\u00f6ztepe'nin oynamas\u0131 zor bir tak\u0131m oldu\u011funu belirterek, \\\"Esas\u0131nda ilk yar\u0131da 10 ki\u015fi kalmam\u0131za ra\u011fmen g\u00f6sterdi\u011fimiz co\u015fkuyu belki ba\u015ftan g\u00f6stersek ikincilik yar\u0131\u015f\u0131nda daha iddial\u0131 olabilirdik\\\" dedi.\"},{\"@type\":\"BreadcrumbList\",\"@id\":\"https:\\\/\\\/memurunsesi.net\\\/index.php\\\/2026\\\/05\\\/03\\\/umut-nayir-ucuncu-olmayi-garantiledik-halen-ikincilik-sansimiz-var\\\/#breadcrumb\",\"itemListElement\":[{\"@type\":\"ListItem\",\"position\":1,\"name\":\"Anasayfa\",\"item\":\"https:\\\/\\\/memurunsesi.net\\\/\"},{\"@type\":\"ListItem\",\"position\":2,\"name\":\"Umut Nayir: &#8220;\u00dc\u00e7\u00fcnc\u00fc olmay\u0131 garantiledik halen ikincilik \u015fans\u0131m\u0131z var&#8221;\"}]},{\"@type\":\"WebSite\",\"@id\":\"https:\\\/\\\/memurunsesi.net\\\/#website\",\"url\":\"https:\\\/\\\/memurunsesi.net\\\/\",\"name\":\"Memurun Sesi\",\"description\":\"G\u00fcncel ve Do\u011fru Haber\",\"publisher\":{\"@id\":\"https:\\\/\\\/memurunsesi.net\\\/#organization\"},\"potentialAction\":[{\"@type\":\"SearchAction\",\"target\":{\"@type\":\"EntryPoint\",\"urlTemplate\":\"https:\\\/\\\/memurunsesi.net\\\/?s={search_term_string}\"},\"query-input\":{\"@type\":\"PropertyValueSpecification\",\"valueRequired\":true,\"valueName\":\"search_term_string\"}}],\"inLanguage\":\"tr\"},{\"@type\":\"Organization\",\"@id\":\"https:\\\/\\\/memurunsesi.net\\\/#organization\",\"name\":\"Memurun Sesi\",\"url\":\"https:\\\/\\\/memurunsesi.net\\\/\",\"logo\":{\"@type\":\"ImageObject\",\"inLanguage\":\"tr\",\"@id\":\"https:\\\/\\\/memurunsesi.net\\\/#\\\/schema\\\/logo\\\/image\\\/\",\"url\":\"https:\\\/\\\/memurunsesi.net\\\/wp-content\\\/uploads\\\/2025\\\/11\\\/cropped-MEMURUN-SESI.png\",\"contentUrl\":\"https:\\\/\\\/memurunsesi.net\\\/wp-content\\\/uploads\\\/2025\\\/11\\\/cropped-MEMURUN-SESI.png\",\"width\":238,\"height\":57,\"caption\":\"Memurun Sesi\"},\"image\":{\"@id\":\"https:\\\/\\\/memurunsesi.net\\\/#\\\/schema\\\/logo\\\/image\\\/\"},\"sameAs\":[\"https:\\\/\\\/www.facebook.com\\\/unipersen\\\/?locale=tr_TR\",\"https:\\\/\\\/x.com\\\/unipersen\"]},{\"@type\":\"Person\",\"@id\":\"https:\\\/\\\/memurunsesi.net\\\/#\\\/schema\\\/person\\\/f21c2d73b89f6ee1d80b0a1803e38587\",\"name\":\"Memurun Sesi Haber Merkezi\",\"image\":{\"@type\":\"ImageObject\",\"inLanguage\":\"tr\",\"@id\":\"https:\\\/\\\/secure.gravatar.com\\\/avatar\\\/6cf0505f452ee753f485014986fab09a434671d2b919ee76fc541025c5876a70?s=96&d=mm&r=g\",\"url\":\"https:\\\/\\\/secure.gravatar.com\\\/avatar\\\/6cf0505f452ee753f485014986fab09a434671d2b919ee76fc541025c5876a70?s=96&d=mm&r=g\",\"contentUrl\":\"https:\\\/\\\/secure.gravatar.com\\\/avatar\\\/6cf0505f452ee753f485014986fab09a434671d2b919ee76fc541025c5876a70?s=96&d=mm&r=g\",\"caption\":\"Memurun Sesi Haber Merkezi\"},\"sameAs\":[\"https:\\\/\\\/memurunsesi.net\"],\"url\":\"https:\\\/\\\/memurunsesi.net\\\/index.php\\\/author\\\/uniper\\\/\"}]}<\/script>\n<!-- \/ Yoast SEO plugin. -->","yoast_head_json":{"title":"Umut Nayir: \"\u00dc\u00e7\u00fcnc\u00fc olmay\u0131 garantiledik halen ikincilik \u015fans\u0131m\u0131z var\" - Memurun Sesi","description":"Trabzonsporlu futbolcu Umut Nayir, G\u00f6ztepe'nin oynamas\u0131 zor bir tak\u0131m oldu\u011funu belirterek, \"Esas\u0131nda ilk yar\u0131da 10 ki\u015fi kalmam\u0131za ra\u011fmen g\u00f6sterdi\u011fimiz co\u015fkuyu belki ba\u015ftan g\u00f6stersek ikincilik yar\u0131\u015f\u0131nda daha iddial\u0131 olabilirdik\" dedi.","robots":{"index":"index","follow":"follow","max-snippet":"max-snippet:-1","max-image-preview":"max-image-preview:large","max-video-preview":"max-video-preview:-1"},"canonical":"https:\/\/memurunsesi.net\/index.php\/2026\/05\/03\/umut-nayir-ucuncu-olmayi-garantiledik-halen-ikincilik-sansimiz-var\/","og_locale":"tr_TR","og_type":"article","og_title":"Umut Nayir: \"\u00dc\u00e7\u00fcnc\u00fc olmay\u0131 garantiledik halen ikincilik \u015fans\u0131m\u0131z var\" - Memurun Sesi","og_description":"Trabzonsporlu futbolcu Umut Nayir, G\u00f6ztepe'nin oynamas\u0131 zor bir tak\u0131m oldu\u011funu belirterek, \"Esas\u0131nda ilk yar\u0131da 10 ki\u015fi kalmam\u0131za ra\u011fmen g\u00f6sterdi\u011fimiz co\u015fkuyu belki ba\u015ftan g\u00f6stersek ikincilik yar\u0131\u015f\u0131nda daha iddial\u0131 olabilirdik\" dedi.","og_url":"https:\/\/memurunsesi.net\/index.php\/2026\/05\/03\/umut-nayir-ucuncu-olmayi-garantiledik-halen-ikincilik-sansimiz-var\/","og_site_name":"Memurun Sesi","article_publisher":"https:\/\/www.facebook.com\/unipersen\/?locale=tr_TR","article_published_time":"2026-05-03T05:03:21+00:00","og_image":[{"width":2560,"height":1440,"url":"https:\/\/memurunsesi.net\/wp-content\/uploads\/2026\/05\/mac-38-scaled.jpg","type":"image\/jpeg"}],"author":"Memurun Sesi Haber Merkezi","twitter_card":"summary_large_image","twitter_creator":"@unipersen","twitter_site":"@unipersen","twitter_misc":{"Yazan:":"Memurun Sesi Haber Merkezi","Tahmini okuma s\u00fcresi":"2 dakika"},"schema":{"@context":"https:\/\/schema.org","@graph":[{"@type":"Article","@id":"https:\/\/memurunsesi.net\/index.php\/2026\/05\/03\/umut-nayir-ucuncu-olmayi-garantiledik-halen-ikincilik-sansimiz-var\/#article","isPartOf":{"@id":"https:\/\/memurunsesi.net\/index.php\/2026\/05\/03\/umut-nayir-ucuncu-olmayi-garantiledik-halen-ikincilik-sansimiz-var\/"},"author":{"name":"Memurun Sesi Haber Merkezi","@id":"https:\/\/memurunsesi.net\/#\/schema\/person\/f21c2d73b89f6ee1d80b0a1803e38587"},"headline":"Umut Nayir: &#8220;\u00dc\u00e7\u00fcnc\u00fc olmay\u0131 garantiledik halen ikincilik \u015fans\u0131m\u0131z var&#8221;","datePublished":"2026-05-03T05:03:21+00:00","mainEntityOfPage":{"@id":"https:\/\/memurunsesi.net\/index.php\/2026\/05\/03\/umut-nayir-ucuncu-olmayi-garantiledik-halen-ikincilik-sansimiz-var\/"},"wordCount":400,"commentCount":0,"publisher":{"@id":"https:\/\/memurunsesi.net\/#organization"},"image":{"@id":"https:\/\/memurunsesi.net\/index.php\/2026\/05\/03\/umut-nayir-ucuncu-olmayi-garantiledik-halen-ikincilik-sansimiz-var\/#primaryimage"},"thumbnailUrl":"https:\/\/memurunsesi.net\/wp-content\/uploads\/2026\/05\/mac-38-scaled.jpg","keywords":["ma\u00e7"],"articleSection":["Spor"],"inLanguage":"tr","potentialAction":[{"@type":"CommentAction","name":"Comment","target":["https:\/\/memurunsesi.net\/index.php\/2026\/05\/03\/umut-nayir-ucuncu-olmayi-garantiledik-halen-ikincilik-sansimiz-var\/#respond"]}]},{"@type":"WebPage","@id":"https:\/\/memurunsesi.net\/index.php\/2026\/05\/03\/umut-nayir-ucuncu-olmayi-garantiledik-halen-ikincilik-sansimiz-var\/","url":"https:\/\/memurunsesi.net\/index.php\/2026\/05\/03\/umut-nayir-ucuncu-olmayi-garantiledik-halen-ikincilik-sansimiz-var\/","name":"Umut Nayir: \"\u00dc\u00e7\u00fcnc\u00fc olmay\u0131 garantiledik halen ikincilik \u015fans\u0131m\u0131z var\" - Memurun Sesi","isPartOf":{"@id":"https:\/\/memurunsesi.net\/#website"},"primaryImageOfPage":{"@id":"https:\/\/memurunsesi.net\/index.php\/2026\/05\/03\/umut-nayir-ucuncu-olmayi-garantiledik-halen-ikincilik-sansimiz-var\/#primaryimage"},"image":{"@id":"https:\/\/memurunsesi.net\/index.php\/2026\/05\/03\/umut-nayir-ucuncu-olmayi-garantiledik-halen-ikincilik-sansimiz-var\/#primaryimage"},"thumbnailUrl":"https:\/\/memurunsesi.net\/wp-content\/uploads\/2026\/05\/mac-38-scaled.jpg","datePublished":"2026-05-03T05:03:21+00:00","description":"Trabzonsporlu futbolcu Umut Nayir, G\u00f6ztepe'nin oynamas\u0131 zor bir tak\u0131m oldu\u011funu belirterek, \"Esas\u0131nda ilk yar\u0131da 10 ki\u015fi kalmam\u0131za ra\u011fmen g\u00f6sterdi\u011fimiz co\u015fkuyu belki ba\u015ftan g\u00f6stersek ikincilik yar\u0131\u015f\u0131nda daha iddial\u0131 olabilirdik\" dedi.","breadcrumb":{"@id":"https:\/\/memurunsesi.net\/index.php\/2026\/05\/03\/umut-nayir-ucuncu-olmayi-garantiledik-halen-ikincilik-sansimiz-var\/#breadcrumb"},"inLanguage":"tr","potentialAction":[{"@type":"ReadAction","target":["https:\/\/memurunsesi.net\/index.php\/2026\/05\/03\/umut-nayir-ucuncu-olmayi-garantiledik-halen-ikincilik-sansimiz-var\/"]}]},{"@type":"ImageObject","inLanguage":"tr","@id":"https:\/\/memurunsesi.net\/index.php\/2026\/05\/03\/umut-nayir-ucuncu-olmayi-garantiledik-halen-ikincilik-sansimiz-var\/#primaryimage","url":"https:\/\/memurunsesi.net\/wp-content\/uploads\/2026\/05\/mac-38-scaled.jpg","contentUrl":"https:\/\/memurunsesi.net\/wp-content\/uploads\/2026\/05\/mac-38-scaled.jpg","width":2560,"height":1440,"caption":"TRABZONSPORLU FUTBOLCU UMUT NAY\u0130R, G\u00d6ZTEPE'N\u0130N OYNAMASI ZOR B\u0130R TAKIM OLDU\u011eUNU BEL\u0130RTEREK, \"ESASINDA \u0130LK YARIDA 10 K\u0130\u015e\u0130 KALMAMIZA RA\u011eMEN G\u00d6STERD\u0130\u011e\u0130M\u0130Z CO\u015eKUYU BELK\u0130 BA\u015eTAN G\u00d6STERSEK \u0130K\u0130NC\u0130L\u0130K YARI\u015eINDA DAHA \u0130DD\u0130ALI OLAB\u0130L\u0130RD\u0130K\" DED\u0130. (BEK\u0130R KOCA\/TRABZON-\u0130HA) Trabzonsporlu futbolcu Umut Nayir, G\u00f6ztepe'nin oynamas\u0131 zor bir tak\u0131m oldu\u011funu belirterek, \"Esas\u0131nda ilk yar\u0131da 10 ki\u015fi kalmam\u0131za ra\u011fmen g\u00f6sterdi\u011fimiz co\u015fkuyu belki ba\u015ftan g\u00f6stersek ikincilik yar\u0131\u015f\u0131nda daha iddial\u0131 olabilirdik\" dedi."},{"@type":"BreadcrumbList","@id":"https:\/\/memurunsesi.net\/index.php\/2026\/05\/03\/umut-nayir-ucuncu-olmayi-garantiledik-halen-ikincilik-sansimiz-var\/#breadcrumb","itemListElement":[{"@type":"ListItem","position":1,"name":"Anasayfa","item":"https:\/\/memurunsesi.net\/"},{"@type":"ListItem","position":2,"name":"Umut Nayir: &#8220;\u00dc\u00e7\u00fcnc\u00fc olmay\u0131 garantiledik halen ikincilik \u015fans\u0131m\u0131z var&#8221;"}]},{"@type":"WebSite","@id":"https:\/\/memurunsesi.net\/#website","url":"https:\/\/memurunsesi.net\/","name":"Memurun Sesi","description":"G\u00fcncel ve Do\u011fru Haber","publisher":{"@id":"https:\/\/memurunsesi.net\/#organization"},"potentialAction":[{"@type":"SearchAction","target":{"@type":"EntryPoint","urlTemplate":"https:\/\/memurunsesi.net\/?s={search_term_string}"},"query-input":{"@type":"PropertyValueSpecification","valueRequired":true,"valueName":"search_term_string"}}],"inLanguage":"tr"},{"@type":"Organization","@id":"https:\/\/memurunsesi.net\/#organization","name":"Memurun Sesi","url":"https:\/\/memurunsesi.net\/","logo":{"@type":"ImageObject","inLanguage":"tr","@id":"https:\/\/memurunsesi.net\/#\/schema\/logo\/image\/","url":"https:\/\/memurunsesi.net\/wp-content\/uploads\/2025\/11\/cropped-MEMURUN-SESI.png","contentUrl":"https:\/\/memurunsesi.net\/wp-content\/uploads\/2025\/11\/cropped-MEMURUN-SESI.png","width":238,"height":57,"caption":"Memurun Sesi"},"image":{"@id":"https:\/\/memurunsesi.net\/#\/schema\/logo\/image\/"},"sameAs":["https:\/\/www.facebook.com\/unipersen\/?locale=tr_TR","https:\/\/x.com\/unipersen"]},{"@type":"Person","@id":"https:\/\/memurunsesi.net\/#\/schema\/person\/f21c2d73b89f6ee1d80b0a1803e38587","name":"Memurun Sesi Haber Merkezi","image":{"@type":"ImageObject","inLanguage":"tr","@id":"https:\/\/secure.gravatar.com\/avatar\/6cf0505f452ee753f485014986fab09a434671d2b919ee76fc541025c5876a70?s=96&d=mm&r=g","url":"https:\/\/secure.gravatar.com\/avatar\/6cf0505f452ee753f485014986fab09a434671d2b919ee76fc541025c5876a70?s=96&d=mm&r=g","contentUrl":"https:\/\/secure.gravatar.com\/avatar\/6cf0505f452ee753f485014986fab09a434671d2b919ee76fc541025c5876a70?s=96&d=mm&r=g","caption":"Memurun Sesi Haber Merkezi"},"sameAs":["https:\/\/memurunsesi.net"],"url":"https:\/\/memurunsesi.net\/index.php\/author\/uniper\/"}]}},"_links":{"self":[{"href":"https:\/\/memurunsesi.net\/index.php\/wp-json\/wp\/v2\/posts\/19885","targetHints":{"allow":["GET"]}}],"collection":[{"href":"https:\/\/memurunsesi.net\/index.php\/wp-json\/wp\/v2\/posts"}],"about":[{"href":"https:\/\/memurunsesi.net\/index.php\/wp-json\/wp\/v2\/types\/post"}],"author":[{"embeddable":true,"href":"https:\/\/memurunsesi.net\/index.php\/wp-json\/wp\/v2\/users\/1"}],"replies":[{"embeddable":true,"href":"https:\/\/memurunsesi.net\/index.php\/wp-json\/wp\/v2\/comments?post=19885"}],"version-history":[{"count":1,"href":"https:\/\/memurunsesi.net\/index.php\/wp-json\/wp\/v2\/posts\/19885\/revisions"}],"predecessor-version":[{"id":19887,"href":"https:\/\/memurunsesi.net\/index.php\/wp-json\/wp\/v2\/posts\/19885\/revisions\/19887"}],"wp:featuredmedia":[{"embeddable":true,"href":"https:\/\/memurunsesi.net\/index.php\/wp-json\/wp\/v2\/media\/19886"}],"wp:attachment":[{"href":"https:\/\/memurunsesi.net\/index.php\/wp-json\/wp\/v2\/media?parent=19885"}],"wp:term":[{"taxonomy":"category","embeddable":true,"href":"https:\/\/memurunsesi.net\/index.php\/wp-json\/wp\/v2\/categories?post=19885"},{"taxonomy":"post_tag","embeddable":true,"href":"https:\/\/memurunsesi.net\/index.php\/wp-json\/wp\/v2\/tags?post=19885"}],"curies":[{"name":"wp","href":"https:\/\/api.w.org\/{rel}","templated":true}]}}