{"id":19888,"date":"2026-05-03T08:05:08","date_gmt":"2026-05-03T05:05:08","guid":{"rendered":"https:\/\/memurunsesi.net\/?p=19888"},"modified":"2026-05-03T08:05:59","modified_gmt":"2026-05-03T05:05:59","slug":"zonguldakta-trafik-kazasi-kamerada-2-yarali","status":"publish","type":"post","link":"https:\/\/memurunsesi.net\/index.php\/2026\/05\/03\/zonguldakta-trafik-kazasi-kamerada-2-yarali\/","title":{"rendered":"Zonguldak&#8217;ta trafik kazas\u0131 kamerada: 2 yaral\u0131"},"content":{"rendered":"<p>Zonguldak\u2019\u0131n Karadeniz Ere\u011fli il\u00e7esine ba\u011fl\u0131 G\u00fcl\u00fc\u00e7 beldesinde meydana gelen trafik kazas\u0131nda 2 ki\u015fi yaraland\u0131. Kaza an\u0131 g\u00fcvenlik kameras\u0131na yans\u0131d\u0131.<br \/>\nEdinilen bilgilere g\u00f6re, C.E. idaresindeki 67 TN 846 plakal\u0131 otomobil, kar\u015f\u0131 y\u00f6nden gelen M.T. y\u00f6netimindeki 21 AGU 680 plakal\u0131 otomobil ile \u00e7arp\u0131\u015ft\u0131. Kazada s\u00fcr\u00fcc\u00fc C.E. ile ara\u00e7ta yolcu olarak bulunan H.E. yaraland\u0131. \u0130hbar \u00fczerine olay yerine sa\u011fl\u0131k ekipleri sevk edildi. K\u0131sa s\u00fcrede b\u00f6lgeye ula\u015fan ekipler, yaral\u0131lara ilk m\u00fcdahaleyi yapt\u0131ktan sonra ambulansla Karadeniz Ere\u011fli Devlet Hastanesi\u2019ne kald\u0131rd\u0131.<br \/>\nYaral\u0131lar\u0131n tedavisine ba\u015flan\u0131rken, sa\u011fl\u0131k durumlar\u0131n\u0131n iyi oldu\u011fu \u00f6\u011frenildi. Kazayla ilgili inceleme ba\u015flat\u0131ld\u0131.<\/p>\n<p>3.05.2026<\/p>\n","protected":false},"excerpt":{"rendered":"<p>Zonguldak\u2019\u0131n Karadeniz Ere\u011fli il\u00e7esine ba\u011fl\u0131 G\u00fcl\u00fc\u00e7 beldesinde meydana gelen trafik kazas\u0131nda 2 ki\u015fi yaraland\u0131. Kaza an\u0131 g\u00fcvenlik kameras\u0131na yans\u0131d\u0131. Edinilen bilgilere g\u00f6re, C.E. idaresindeki 67 TN 846 plakal\u0131 otomobil, kar\u015f\u0131 y\u00f6nden gelen M.T. y\u00f6netimindeki 21 AGU 680 plakal\u0131 otomobil ile \u00e7arp\u0131\u015ft\u0131. Kazada s\u00fcr\u00fcc\u00fc C.E. ile ara\u00e7ta yolcu olarak bulunan H.E. yaraland\u0131. \u0130hbar \u00fczerine olay yerine [&hellip;]<\/p>\n","protected":false},"author":1,"featured_media":19890,"comment_status":"open","ping_status":"open","sticky":false,"template":"","format":"standard","meta":{"footnotes":""},"categories":[45],"tags":[3847,187],"class_list":["post-19888","post","type-post","status-publish","format-standard","has-post-thumbnail","hentry","category-gundem","tag-iki-kisi-yaralandi","tag-trafik-kazasi"],"yoast_head":"<!-- This site is optimized with the Yoast SEO plugin v27.5 - https:\/\/yoast.com\/product\/yoast-seo-wordpress\/ -->\n<title>Zonguldak&#039;ta trafik kazas\u0131 kamerada: 2 yaral\u0131 - Memurun Sesi<\/title>\n<meta name=\"description\" content=\"\u00a0 Zonguldak\u2019\u0131n Karadeniz Ere\u011fli il\u00e7esine ba\u011fl\u0131 G\u00fcl\u00fc\u00e7 beldesinde meydana gelen trafik kazas\u0131nda 2 ki\u015fi yaraland\u0131. Kaza an\u0131 g\u00fcvenlik kameras\u0131na yans\u0131d\u0131.\" \/>\n<meta name=\"robots\" content=\"index, follow, max-snippet:-1, max-image-preview:large, max-video-preview:-1\" \/>\n<link rel=\"canonical\" href=\"https:\/\/memurunsesi.net\/index.php\/2026\/05\/03\/zonguldakta-trafik-kazasi-kamerada-2-yarali\/\" \/>\n<meta property=\"og:locale\" content=\"tr_TR\" \/>\n<meta property=\"og:type\" content=\"article\" \/>\n<meta property=\"og:title\" content=\"Zonguldak&#039;ta trafik kazas\u0131 kamerada: 2 yaral\u0131 - Memurun Sesi\" \/>\n<meta property=\"og:description\" content=\"\u00a0 Zonguldak\u2019\u0131n Karadeniz Ere\u011fli il\u00e7esine ba\u011fl\u0131 G\u00fcl\u00fc\u00e7 beldesinde meydana gelen trafik kazas\u0131nda 2 ki\u015fi yaraland\u0131. Kaza an\u0131 g\u00fcvenlik kameras\u0131na yans\u0131d\u0131.\" \/>\n<meta property=\"og:url\" content=\"https:\/\/memurunsesi.net\/index.php\/2026\/05\/03\/zonguldakta-trafik-kazasi-kamerada-2-yarali\/\" \/>\n<meta property=\"og:site_name\" content=\"Memurun Sesi\" \/>\n<meta property=\"article:publisher\" content=\"https:\/\/www.facebook.com\/unipersen\/?locale=tr_TR\" \/>\n<meta property=\"article:published_time\" content=\"2026-05-03T05:05:08+00:00\" \/>\n<meta property=\"article:modified_time\" content=\"2026-05-03T05:05:59+00:00\" \/>\n<meta property=\"og:image\" content=\"https:\/\/memurunsesi.net\/wp-content\/uploads\/2026\/05\/trafik-6.jpg\" \/>\n\t<meta property=\"og:image:width\" content=\"1200\" \/>\n\t<meta property=\"og:image:height\" content=\"1600\" \/>\n\t<meta property=\"og:image:type\" content=\"image\/jpeg\" \/>\n<meta name=\"author\" content=\"Memurun Sesi Haber Merkezi\" \/>\n<meta name=\"twitter:card\" content=\"summary_large_image\" \/>\n<meta name=\"twitter:creator\" content=\"@unipersen\" \/>\n<meta name=\"twitter:site\" content=\"@unipersen\" \/>\n<meta name=\"twitter:label1\" content=\"Yazan:\" \/>\n\t<meta name=\"twitter:data1\" content=\"Memurun Sesi Haber Merkezi\" \/>\n\t<meta name=\"twitter:label2\" content=\"Tahmini okuma s\u00fcresi\" \/>\n\t<meta name=\"twitter:data2\" content=\"1 dakika\" \/>\n<script type=\"application\/ld+json\" class=\"yoast-schema-graph\">{\"@context\":\"https:\\\/\\\/schema.org\",\"@graph\":[{\"@type\":\"Article\",\"@id\":\"https:\\\/\\\/memurunsesi.net\\\/index.php\\\/2026\\\/05\\\/03\\\/zonguldakta-trafik-kazasi-kamerada-2-yarali\\\/#article\",\"isPartOf\":{\"@id\":\"https:\\\/\\\/memurunsesi.net\\\/index.php\\\/2026\\\/05\\\/03\\\/zonguldakta-trafik-kazasi-kamerada-2-yarali\\\/\"},\"author\":{\"name\":\"Memurun Sesi Haber Merkezi\",\"@id\":\"https:\\\/\\\/memurunsesi.net\\\/#\\\/schema\\\/person\\\/f21c2d73b89f6ee1d80b0a1803e38587\"},\"headline\":\"Zonguldak&#8217;ta trafik kazas\u0131 kamerada: 2 yaral\u0131\",\"datePublished\":\"2026-05-03T05:05:08+00:00\",\"dateModified\":\"2026-05-03T05:05:59+00:00\",\"mainEntityOfPage\":{\"@id\":\"https:\\\/\\\/memurunsesi.net\\\/index.php\\\/2026\\\/05\\\/03\\\/zonguldakta-trafik-kazasi-kamerada-2-yarali\\\/\"},\"wordCount\":132,\"commentCount\":0,\"publisher\":{\"@id\":\"https:\\\/\\\/memurunsesi.net\\\/#organization\"},\"image\":{\"@id\":\"https:\\\/\\\/memurunsesi.net\\\/index.php\\\/2026\\\/05\\\/03\\\/zonguldakta-trafik-kazasi-kamerada-2-yarali\\\/#primaryimage\"},\"thumbnailUrl\":\"https:\\\/\\\/memurunsesi.net\\\/wp-content\\\/uploads\\\/2026\\\/05\\\/trafik-6.jpg\",\"keywords\":[\"iki ki\u015fi yaraland\u0131\",\"trafik kazas\u0131\"],\"articleSection\":[\"G\u00fcndem\"],\"inLanguage\":\"tr\",\"potentialAction\":[{\"@type\":\"CommentAction\",\"name\":\"Comment\",\"target\":[\"https:\\\/\\\/memurunsesi.net\\\/index.php\\\/2026\\\/05\\\/03\\\/zonguldakta-trafik-kazasi-kamerada-2-yarali\\\/#respond\"]}]},{\"@type\":\"WebPage\",\"@id\":\"https:\\\/\\\/memurunsesi.net\\\/index.php\\\/2026\\\/05\\\/03\\\/zonguldakta-trafik-kazasi-kamerada-2-yarali\\\/\",\"url\":\"https:\\\/\\\/memurunsesi.net\\\/index.php\\\/2026\\\/05\\\/03\\\/zonguldakta-trafik-kazasi-kamerada-2-yarali\\\/\",\"name\":\"Zonguldak'ta trafik kazas\u0131 kamerada: 2 yaral\u0131 - Memurun Sesi\",\"isPartOf\":{\"@id\":\"https:\\\/\\\/memurunsesi.net\\\/#website\"},\"primaryImageOfPage\":{\"@id\":\"https:\\\/\\\/memurunsesi.net\\\/index.php\\\/2026\\\/05\\\/03\\\/zonguldakta-trafik-kazasi-kamerada-2-yarali\\\/#primaryimage\"},\"image\":{\"@id\":\"https:\\\/\\\/memurunsesi.net\\\/index.php\\\/2026\\\/05\\\/03\\\/zonguldakta-trafik-kazasi-kamerada-2-yarali\\\/#primaryimage\"},\"thumbnailUrl\":\"https:\\\/\\\/memurunsesi.net\\\/wp-content\\\/uploads\\\/2026\\\/05\\\/trafik-6.jpg\",\"datePublished\":\"2026-05-03T05:05:08+00:00\",\"dateModified\":\"2026-05-03T05:05:59+00:00\",\"description\":\"\u00a0 Zonguldak\u2019\u0131n Karadeniz Ere\u011fli il\u00e7esine ba\u011fl\u0131 G\u00fcl\u00fc\u00e7 beldesinde meydana gelen trafik kazas\u0131nda 2 ki\u015fi yaraland\u0131. Kaza an\u0131 g\u00fcvenlik kameras\u0131na yans\u0131d\u0131.\",\"breadcrumb\":{\"@id\":\"https:\\\/\\\/memurunsesi.net\\\/index.php\\\/2026\\\/05\\\/03\\\/zonguldakta-trafik-kazasi-kamerada-2-yarali\\\/#breadcrumb\"},\"inLanguage\":\"tr\",\"potentialAction\":[{\"@type\":\"ReadAction\",\"target\":[\"https:\\\/\\\/memurunsesi.net\\\/index.php\\\/2026\\\/05\\\/03\\\/zonguldakta-trafik-kazasi-kamerada-2-yarali\\\/\"]}]},{\"@type\":\"ImageObject\",\"inLanguage\":\"tr\",\"@id\":\"https:\\\/\\\/memurunsesi.net\\\/index.php\\\/2026\\\/05\\\/03\\\/zonguldakta-trafik-kazasi-kamerada-2-yarali\\\/#primaryimage\",\"url\":\"https:\\\/\\\/memurunsesi.net\\\/wp-content\\\/uploads\\\/2026\\\/05\\\/trafik-6.jpg\",\"contentUrl\":\"https:\\\/\\\/memurunsesi.net\\\/wp-content\\\/uploads\\\/2026\\\/05\\\/trafik-6.jpg\",\"width\":1200,\"height\":1600,\"caption\":\"ZONGULDAK'IN KARADEN\u0130Z ERE\u011eL\u0130 \u0130L\u00c7ES\u0130NE BA\u011eLI G\u00dcL\u00dc\u00c7 BELDES\u0130NDE MEYDANA GELEN TRAF\u0130K KAZASINDA 2 K\u0130\u015e\u0130 YARALANDI. KAZA ANI G\u00dcVENL\u0130K KAMERASINA YANSIDI. (ZEYNEP KO\u00c7\\\/ZONGULDAK-\u0130HA) Zonguldak'\u0131n Karadeniz Ere\u011fli il\u00e7esine ba\u011fl\u0131 G\u00fcl\u00fc\u00e7 beldesinde meydana gelen trafik kazas\u0131nda 2 ki\u015fi yaraland\u0131. Kaza an\u0131 g\u00fcvenlik kameras\u0131na yans\u0131d\u0131.\"},{\"@type\":\"BreadcrumbList\",\"@id\":\"https:\\\/\\\/memurunsesi.net\\\/index.php\\\/2026\\\/05\\\/03\\\/zonguldakta-trafik-kazasi-kamerada-2-yarali\\\/#breadcrumb\",\"itemListElement\":[{\"@type\":\"ListItem\",\"position\":1,\"name\":\"Anasayfa\",\"item\":\"https:\\\/\\\/memurunsesi.net\\\/\"},{\"@type\":\"ListItem\",\"position\":2,\"name\":\"Zonguldak&#8217;ta trafik kazas\u0131 kamerada: 2 yaral\u0131\"}]},{\"@type\":\"WebSite\",\"@id\":\"https:\\\/\\\/memurunsesi.net\\\/#website\",\"url\":\"https:\\\/\\\/memurunsesi.net\\\/\",\"name\":\"Memurun Sesi\",\"description\":\"G\u00fcncel ve Do\u011fru Haber\",\"publisher\":{\"@id\":\"https:\\\/\\\/memurunsesi.net\\\/#organization\"},\"potentialAction\":[{\"@type\":\"SearchAction\",\"target\":{\"@type\":\"EntryPoint\",\"urlTemplate\":\"https:\\\/\\\/memurunsesi.net\\\/?s={search_term_string}\"},\"query-input\":{\"@type\":\"PropertyValueSpecification\",\"valueRequired\":true,\"valueName\":\"search_term_string\"}}],\"inLanguage\":\"tr\"},{\"@type\":\"Organization\",\"@id\":\"https:\\\/\\\/memurunsesi.net\\\/#organization\",\"name\":\"Memurun Sesi\",\"url\":\"https:\\\/\\\/memurunsesi.net\\\/\",\"logo\":{\"@type\":\"ImageObject\",\"inLanguage\":\"tr\",\"@id\":\"https:\\\/\\\/memurunsesi.net\\\/#\\\/schema\\\/logo\\\/image\\\/\",\"url\":\"https:\\\/\\\/memurunsesi.net\\\/wp-content\\\/uploads\\\/2025\\\/11\\\/cropped-MEMURUN-SESI.png\",\"contentUrl\":\"https:\\\/\\\/memurunsesi.net\\\/wp-content\\\/uploads\\\/2025\\\/11\\\/cropped-MEMURUN-SESI.png\",\"width\":238,\"height\":57,\"caption\":\"Memurun Sesi\"},\"image\":{\"@id\":\"https:\\\/\\\/memurunsesi.net\\\/#\\\/schema\\\/logo\\\/image\\\/\"},\"sameAs\":[\"https:\\\/\\\/www.facebook.com\\\/unipersen\\\/?locale=tr_TR\",\"https:\\\/\\\/x.com\\\/unipersen\"]},{\"@type\":\"Person\",\"@id\":\"https:\\\/\\\/memurunsesi.net\\\/#\\\/schema\\\/person\\\/f21c2d73b89f6ee1d80b0a1803e38587\",\"name\":\"Memurun Sesi Haber Merkezi\",\"image\":{\"@type\":\"ImageObject\",\"inLanguage\":\"tr\",\"@id\":\"https:\\\/\\\/secure.gravatar.com\\\/avatar\\\/6cf0505f452ee753f485014986fab09a434671d2b919ee76fc541025c5876a70?s=96&d=mm&r=g\",\"url\":\"https:\\\/\\\/secure.gravatar.com\\\/avatar\\\/6cf0505f452ee753f485014986fab09a434671d2b919ee76fc541025c5876a70?s=96&d=mm&r=g\",\"contentUrl\":\"https:\\\/\\\/secure.gravatar.com\\\/avatar\\\/6cf0505f452ee753f485014986fab09a434671d2b919ee76fc541025c5876a70?s=96&d=mm&r=g\",\"caption\":\"Memurun Sesi Haber Merkezi\"},\"sameAs\":[\"https:\\\/\\\/memurunsesi.net\"],\"url\":\"https:\\\/\\\/memurunsesi.net\\\/index.php\\\/author\\\/uniper\\\/\"}]}<\/script>\n<!-- \/ Yoast SEO plugin. -->","yoast_head_json":{"title":"Zonguldak'ta trafik kazas\u0131 kamerada: 2 yaral\u0131 - Memurun Sesi","description":"\u00a0 Zonguldak\u2019\u0131n Karadeniz Ere\u011fli il\u00e7esine ba\u011fl\u0131 G\u00fcl\u00fc\u00e7 beldesinde meydana gelen trafik kazas\u0131nda 2 ki\u015fi yaraland\u0131. Kaza an\u0131 g\u00fcvenlik kameras\u0131na yans\u0131d\u0131.","robots":{"index":"index","follow":"follow","max-snippet":"max-snippet:-1","max-image-preview":"max-image-preview:large","max-video-preview":"max-video-preview:-1"},"canonical":"https:\/\/memurunsesi.net\/index.php\/2026\/05\/03\/zonguldakta-trafik-kazasi-kamerada-2-yarali\/","og_locale":"tr_TR","og_type":"article","og_title":"Zonguldak'ta trafik kazas\u0131 kamerada: 2 yaral\u0131 - Memurun Sesi","og_description":"\u00a0 Zonguldak\u2019\u0131n Karadeniz Ere\u011fli il\u00e7esine ba\u011fl\u0131 G\u00fcl\u00fc\u00e7 beldesinde meydana gelen trafik kazas\u0131nda 2 ki\u015fi yaraland\u0131. Kaza an\u0131 g\u00fcvenlik kameras\u0131na yans\u0131d\u0131.","og_url":"https:\/\/memurunsesi.net\/index.php\/2026\/05\/03\/zonguldakta-trafik-kazasi-kamerada-2-yarali\/","og_site_name":"Memurun Sesi","article_publisher":"https:\/\/www.facebook.com\/unipersen\/?locale=tr_TR","article_published_time":"2026-05-03T05:05:08+00:00","article_modified_time":"2026-05-03T05:05:59+00:00","og_image":[{"width":1200,"height":1600,"url":"https:\/\/memurunsesi.net\/wp-content\/uploads\/2026\/05\/trafik-6.jpg","type":"image\/jpeg"}],"author":"Memurun Sesi Haber Merkezi","twitter_card":"summary_large_image","twitter_creator":"@unipersen","twitter_site":"@unipersen","twitter_misc":{"Yazan:":"Memurun Sesi Haber Merkezi","Tahmini okuma s\u00fcresi":"1 dakika"},"schema":{"@context":"https:\/\/schema.org","@graph":[{"@type":"Article","@id":"https:\/\/memurunsesi.net\/index.php\/2026\/05\/03\/zonguldakta-trafik-kazasi-kamerada-2-yarali\/#article","isPartOf":{"@id":"https:\/\/memurunsesi.net\/index.php\/2026\/05\/03\/zonguldakta-trafik-kazasi-kamerada-2-yarali\/"},"author":{"name":"Memurun Sesi Haber Merkezi","@id":"https:\/\/memurunsesi.net\/#\/schema\/person\/f21c2d73b89f6ee1d80b0a1803e38587"},"headline":"Zonguldak&#8217;ta trafik kazas\u0131 kamerada: 2 yaral\u0131","datePublished":"2026-05-03T05:05:08+00:00","dateModified":"2026-05-03T05:05:59+00:00","mainEntityOfPage":{"@id":"https:\/\/memurunsesi.net\/index.php\/2026\/05\/03\/zonguldakta-trafik-kazasi-kamerada-2-yarali\/"},"wordCount":132,"commentCount":0,"publisher":{"@id":"https:\/\/memurunsesi.net\/#organization"},"image":{"@id":"https:\/\/memurunsesi.net\/index.php\/2026\/05\/03\/zonguldakta-trafik-kazasi-kamerada-2-yarali\/#primaryimage"},"thumbnailUrl":"https:\/\/memurunsesi.net\/wp-content\/uploads\/2026\/05\/trafik-6.jpg","keywords":["iki ki\u015fi yaraland\u0131","trafik kazas\u0131"],"articleSection":["G\u00fcndem"],"inLanguage":"tr","potentialAction":[{"@type":"CommentAction","name":"Comment","target":["https:\/\/memurunsesi.net\/index.php\/2026\/05\/03\/zonguldakta-trafik-kazasi-kamerada-2-yarali\/#respond"]}]},{"@type":"WebPage","@id":"https:\/\/memurunsesi.net\/index.php\/2026\/05\/03\/zonguldakta-trafik-kazasi-kamerada-2-yarali\/","url":"https:\/\/memurunsesi.net\/index.php\/2026\/05\/03\/zonguldakta-trafik-kazasi-kamerada-2-yarali\/","name":"Zonguldak'ta trafik kazas\u0131 kamerada: 2 yaral\u0131 - Memurun Sesi","isPartOf":{"@id":"https:\/\/memurunsesi.net\/#website"},"primaryImageOfPage":{"@id":"https:\/\/memurunsesi.net\/index.php\/2026\/05\/03\/zonguldakta-trafik-kazasi-kamerada-2-yarali\/#primaryimage"},"image":{"@id":"https:\/\/memurunsesi.net\/index.php\/2026\/05\/03\/zonguldakta-trafik-kazasi-kamerada-2-yarali\/#primaryimage"},"thumbnailUrl":"https:\/\/memurunsesi.net\/wp-content\/uploads\/2026\/05\/trafik-6.jpg","datePublished":"2026-05-03T05:05:08+00:00","dateModified":"2026-05-03T05:05:59+00:00","description":"\u00a0 Zonguldak\u2019\u0131n Karadeniz Ere\u011fli il\u00e7esine ba\u011fl\u0131 G\u00fcl\u00fc\u00e7 beldesinde meydana gelen trafik kazas\u0131nda 2 ki\u015fi yaraland\u0131. Kaza an\u0131 g\u00fcvenlik kameras\u0131na yans\u0131d\u0131.","breadcrumb":{"@id":"https:\/\/memurunsesi.net\/index.php\/2026\/05\/03\/zonguldakta-trafik-kazasi-kamerada-2-yarali\/#breadcrumb"},"inLanguage":"tr","potentialAction":[{"@type":"ReadAction","target":["https:\/\/memurunsesi.net\/index.php\/2026\/05\/03\/zonguldakta-trafik-kazasi-kamerada-2-yarali\/"]}]},{"@type":"ImageObject","inLanguage":"tr","@id":"https:\/\/memurunsesi.net\/index.php\/2026\/05\/03\/zonguldakta-trafik-kazasi-kamerada-2-yarali\/#primaryimage","url":"https:\/\/memurunsesi.net\/wp-content\/uploads\/2026\/05\/trafik-6.jpg","contentUrl":"https:\/\/memurunsesi.net\/wp-content\/uploads\/2026\/05\/trafik-6.jpg","width":1200,"height":1600,"caption":"ZONGULDAK'IN KARADEN\u0130Z ERE\u011eL\u0130 \u0130L\u00c7ES\u0130NE BA\u011eLI G\u00dcL\u00dc\u00c7 BELDES\u0130NDE MEYDANA GELEN TRAF\u0130K KAZASINDA 2 K\u0130\u015e\u0130 YARALANDI. KAZA ANI G\u00dcVENL\u0130K KAMERASINA YANSIDI. (ZEYNEP KO\u00c7\/ZONGULDAK-\u0130HA) Zonguldak'\u0131n Karadeniz Ere\u011fli il\u00e7esine ba\u011fl\u0131 G\u00fcl\u00fc\u00e7 beldesinde meydana gelen trafik kazas\u0131nda 2 ki\u015fi yaraland\u0131. Kaza an\u0131 g\u00fcvenlik kameras\u0131na yans\u0131d\u0131."},{"@type":"BreadcrumbList","@id":"https:\/\/memurunsesi.net\/index.php\/2026\/05\/03\/zonguldakta-trafik-kazasi-kamerada-2-yarali\/#breadcrumb","itemListElement":[{"@type":"ListItem","position":1,"name":"Anasayfa","item":"https:\/\/memurunsesi.net\/"},{"@type":"ListItem","position":2,"name":"Zonguldak&#8217;ta trafik kazas\u0131 kamerada: 2 yaral\u0131"}]},{"@type":"WebSite","@id":"https:\/\/memurunsesi.net\/#website","url":"https:\/\/memurunsesi.net\/","name":"Memurun Sesi","description":"G\u00fcncel ve Do\u011fru Haber","publisher":{"@id":"https:\/\/memurunsesi.net\/#organization"},"potentialAction":[{"@type":"SearchAction","target":{"@type":"EntryPoint","urlTemplate":"https:\/\/memurunsesi.net\/?s={search_term_string}"},"query-input":{"@type":"PropertyValueSpecification","valueRequired":true,"valueName":"search_term_string"}}],"inLanguage":"tr"},{"@type":"Organization","@id":"https:\/\/memurunsesi.net\/#organization","name":"Memurun Sesi","url":"https:\/\/memurunsesi.net\/","logo":{"@type":"ImageObject","inLanguage":"tr","@id":"https:\/\/memurunsesi.net\/#\/schema\/logo\/image\/","url":"https:\/\/memurunsesi.net\/wp-content\/uploads\/2025\/11\/cropped-MEMURUN-SESI.png","contentUrl":"https:\/\/memurunsesi.net\/wp-content\/uploads\/2025\/11\/cropped-MEMURUN-SESI.png","width":238,"height":57,"caption":"Memurun Sesi"},"image":{"@id":"https:\/\/memurunsesi.net\/#\/schema\/logo\/image\/"},"sameAs":["https:\/\/www.facebook.com\/unipersen\/?locale=tr_TR","https:\/\/x.com\/unipersen"]},{"@type":"Person","@id":"https:\/\/memurunsesi.net\/#\/schema\/person\/f21c2d73b89f6ee1d80b0a1803e38587","name":"Memurun Sesi Haber Merkezi","image":{"@type":"ImageObject","inLanguage":"tr","@id":"https:\/\/secure.gravatar.com\/avatar\/6cf0505f452ee753f485014986fab09a434671d2b919ee76fc541025c5876a70?s=96&d=mm&r=g","url":"https:\/\/secure.gravatar.com\/avatar\/6cf0505f452ee753f485014986fab09a434671d2b919ee76fc541025c5876a70?s=96&d=mm&r=g","contentUrl":"https:\/\/secure.gravatar.com\/avatar\/6cf0505f452ee753f485014986fab09a434671d2b919ee76fc541025c5876a70?s=96&d=mm&r=g","caption":"Memurun Sesi Haber Merkezi"},"sameAs":["https:\/\/memurunsesi.net"],"url":"https:\/\/memurunsesi.net\/index.php\/author\/uniper\/"}]}},"_links":{"self":[{"href":"https:\/\/memurunsesi.net\/index.php\/wp-json\/wp\/v2\/posts\/19888","targetHints":{"allow":["GET"]}}],"collection":[{"href":"https:\/\/memurunsesi.net\/index.php\/wp-json\/wp\/v2\/posts"}],"about":[{"href":"https:\/\/memurunsesi.net\/index.php\/wp-json\/wp\/v2\/types\/post"}],"author":[{"embeddable":true,"href":"https:\/\/memurunsesi.net\/index.php\/wp-json\/wp\/v2\/users\/1"}],"replies":[{"embeddable":true,"href":"https:\/\/memurunsesi.net\/index.php\/wp-json\/wp\/v2\/comments?post=19888"}],"version-history":[{"count":1,"href":"https:\/\/memurunsesi.net\/index.php\/wp-json\/wp\/v2\/posts\/19888\/revisions"}],"predecessor-version":[{"id":19889,"href":"https:\/\/memurunsesi.net\/index.php\/wp-json\/wp\/v2\/posts\/19888\/revisions\/19889"}],"wp:featuredmedia":[{"embeddable":true,"href":"https:\/\/memurunsesi.net\/index.php\/wp-json\/wp\/v2\/media\/19890"}],"wp:attachment":[{"href":"https:\/\/memurunsesi.net\/index.php\/wp-json\/wp\/v2\/media?parent=19888"}],"wp:term":[{"taxonomy":"category","embeddable":true,"href":"https:\/\/memurunsesi.net\/index.php\/wp-json\/wp\/v2\/categories?post=19888"},{"taxonomy":"post_tag","embeddable":true,"href":"https:\/\/memurunsesi.net\/index.php\/wp-json\/wp\/v2\/tags?post=19888"}],"curies":[{"name":"wp","href":"https:\/\/api.w.org\/{rel}","templated":true}]}}