{"id":19893,"date":"2026-05-03T08:33:42","date_gmt":"2026-05-03T05:33:42","guid":{"rendered":"https:\/\/memurunsesi.net\/?p=19893"},"modified":"2026-05-03T08:33:42","modified_gmt":"2026-05-03T05:33:42","slug":"karsta-kis-uzadi-ekim-gecikti-ciftci-zamanla-yarisiyor","status":"publish","type":"post","link":"https:\/\/memurunsesi.net\/index.php\/2026\/05\/03\/karsta-kis-uzadi-ekim-gecikti-ciftci-zamanla-yarisiyor\/","title":{"rendered":"Kars\u2019ta k\u0131\u015f uzad\u0131, ekim gecikti: \u00c7ift\u00e7i zamanla yar\u0131\u015f\u0131yor"},"content":{"rendered":"<p>Kars\u2019ta bu y\u0131l mevsim normallerinin \u00fczerinde seyreden so\u011fuk hava ve uzayan k\u0131\u015f, tar\u0131m takvimini alt\u00fcst etti. Her y\u0131l nisan ay\u0131nda ba\u015flayan ekim mesaisi, bu y\u0131l may\u0131s ay\u0131na sarkt\u0131. Topra\u011f\u0131n ge\u00e7 \u0131s\u0131nmas\u0131 ve don riskinin uzun s\u00fcre devam etmesi, \u00e7ift\u00e7ileri hem zaman hem de verim a\u00e7\u0131s\u0131ndan zorlu bir s\u00fcrecin i\u00e7ine s\u00fcr\u00fckledi.<br \/>\nSabah\u0131n ilk \u0131\u015f\u0131klar\u0131yla birlikte tarlalar\u0131na giden \u00fcreticiler, gecikmenin olu\u015fturdu\u011fu bask\u0131y\u0131 imece usul\u00fcyle a\u015fmaya \u00e7al\u0131\u015f\u0131yor. Aile bireyleri, kom\u015fular ve yak\u0131nlar el birli\u011fiyle \u00e7al\u0131\u015farak ekim s\u00fcrecini h\u0131zland\u0131rmaya u\u011fra\u015f\u0131yor. G\u00fcn boyu s\u00fcren yo\u011fun mesai, ak\u015fam saatlerine kadar devam ederken, \u00e7ift\u00e7iler bir yandan da hava durumu yak\u0131ndan takip ediyor.<br \/>\nTarlar\u0131n\u0131 imece usul\u00fc yard\u0131mla\u015farak ektiklerini ifade eden Alican Ald\u0131m, &#8220;Bu y\u0131l ge\u00e7 oldu, kar ya\u011f\u0131\u015flar\u0131ndan dolay\u0131, biz de \u015fuan yeti\u015ftirmeye \u00e7al\u0131\u015f\u0131yoruz. 600-700 d\u00f6n\u00fcm s\u00fcr\u00fcyoruz&#8221; dedi.<br \/>\nUzayan k\u0131\u015f yaln\u0131zca ekim takvimini de\u011fil, \u00fcr\u00fcn desenini de etkiliyor. \u00d6zellikle arpa, bu\u011fday ve yem bitkileri gibi temel \u00fcr\u00fcnlerdeki gecikmenin, hasat d\u00f6neminin de ileri kaymas\u0131na neden olaca\u011f\u0131 belirtiliyor.<br \/>\n\u00dcreticiler; bir taraftan y\u00fcksek kesimlerdeki so\u011fuk havaya, di\u011fer taraftan ya\u011fmura ald\u0131r\u0131\u015f etmeden ekim mesaisini s\u00fcrd\u00fcr\u00fcyor. Kars\u2019ta baz\u0131 b\u00f6lgelerde \u00e7ift\u00e7iler ekimlerini tamamlarken, \u00f6zellikle 2 bin rak\u0131m\u0131n \u00fczerindeki b\u00f6lgelerde ise tarlalar yeni yeni s\u00fcr\u00fclerek ekim yap\u0131l\u0131yor. Zamanla yar\u0131\u015fan \u00fcreticiler, k\u0131sa s\u00fcrede ekim i\u015flerini bitirmeyi hedefliyor.<\/p>\n<p>3.05.2026<\/p>\n","protected":false},"excerpt":{"rendered":"<p>Kars\u2019ta bu y\u0131l mevsim normallerinin \u00fczerinde seyreden so\u011fuk hava ve uzayan k\u0131\u015f, tar\u0131m takvimini alt\u00fcst etti. Her y\u0131l nisan ay\u0131nda ba\u015flayan ekim mesaisi, bu y\u0131l may\u0131s ay\u0131na sarkt\u0131. Topra\u011f\u0131n ge\u00e7 \u0131s\u0131nmas\u0131 ve don riskinin uzun s\u00fcre devam etmesi, \u00e7ift\u00e7ileri hem zaman hem de verim a\u00e7\u0131s\u0131ndan zorlu bir s\u00fcrecin i\u00e7ine s\u00fcr\u00fckledi. Sabah\u0131n ilk \u0131\u015f\u0131klar\u0131yla birlikte tarlalar\u0131na [&hellip;]<\/p>\n","protected":false},"author":1,"featured_media":19894,"comment_status":"open","ping_status":"open","sticky":false,"template":"","format":"standard","meta":{"footnotes":""},"categories":[1],"tags":[2218,3848,3849,3850],"class_list":["post-19893","post","type-post","status-publish","format-standard","has-post-thumbnail","hentry","category-genel","tag-ciftci","tag-karsta","tag-kis-uzadi","tag-zamanla-yarisiyor"],"yoast_head":"<!-- This site is optimized with the Yoast SEO plugin v27.5 - https:\/\/yoast.com\/product\/yoast-seo-wordpress\/ -->\n<title>Kars\u2019ta k\u0131\u015f uzad\u0131, ekim gecikti: \u00c7ift\u00e7i zamanla yar\u0131\u015f\u0131yor - Memurun Sesi<\/title>\n<meta name=\"description\" content=\"\u00a0 \u00a0Kars\u2019ta bu y\u0131l mevsim normallerinin \u00fczerinde seyreden so\u011fuk hava ve uzayan k\u0131\u015f, tar\u0131m takvimini alt\u00fcst etti. Her y\u0131l nisan ay\u0131nda ba\u015flayan ekim mesaisi, bu y\u0131l may\u0131s ay\u0131na sarkt\u0131.\" \/>\n<meta name=\"robots\" content=\"index, follow, max-snippet:-1, max-image-preview:large, max-video-preview:-1\" \/>\n<link rel=\"canonical\" href=\"https:\/\/memurunsesi.net\/index.php\/2026\/05\/03\/karsta-kis-uzadi-ekim-gecikti-ciftci-zamanla-yarisiyor\/\" \/>\n<meta property=\"og:locale\" content=\"tr_TR\" \/>\n<meta property=\"og:type\" content=\"article\" \/>\n<meta property=\"og:title\" content=\"Kars\u2019ta k\u0131\u015f uzad\u0131, ekim gecikti: \u00c7ift\u00e7i zamanla yar\u0131\u015f\u0131yor - Memurun Sesi\" \/>\n<meta property=\"og:description\" content=\"\u00a0 \u00a0Kars\u2019ta bu y\u0131l mevsim normallerinin \u00fczerinde seyreden so\u011fuk hava ve uzayan k\u0131\u015f, tar\u0131m takvimini alt\u00fcst etti. Her y\u0131l nisan ay\u0131nda ba\u015flayan ekim mesaisi, bu y\u0131l may\u0131s ay\u0131na sarkt\u0131.\" \/>\n<meta property=\"og:url\" content=\"https:\/\/memurunsesi.net\/index.php\/2026\/05\/03\/karsta-kis-uzadi-ekim-gecikti-ciftci-zamanla-yarisiyor\/\" \/>\n<meta property=\"og:site_name\" content=\"Memurun Sesi\" \/>\n<meta property=\"article:publisher\" content=\"https:\/\/www.facebook.com\/unipersen\/?locale=tr_TR\" \/>\n<meta property=\"article:published_time\" content=\"2026-05-03T05:33:42+00:00\" \/>\n<meta property=\"og:image\" content=\"https:\/\/memurunsesi.net\/wp-content\/uploads\/2026\/05\/ciftci-scaled.jpg\" \/>\n\t<meta property=\"og:image:width\" content=\"2560\" \/>\n\t<meta property=\"og:image:height\" content=\"1439\" \/>\n\t<meta property=\"og:image:type\" content=\"image\/jpeg\" \/>\n<meta name=\"author\" content=\"Memurun Sesi Haber Merkezi\" \/>\n<meta name=\"twitter:card\" content=\"summary_large_image\" \/>\n<meta name=\"twitter:creator\" content=\"@unipersen\" \/>\n<meta name=\"twitter:site\" content=\"@unipersen\" \/>\n<meta name=\"twitter:label1\" content=\"Yazan:\" \/>\n\t<meta name=\"twitter:data1\" content=\"Memurun Sesi Haber Merkezi\" \/>\n\t<meta name=\"twitter:label2\" content=\"Tahmini okuma s\u00fcresi\" \/>\n\t<meta name=\"twitter:data2\" content=\"2 dakika\" \/>\n<script type=\"application\/ld+json\" class=\"yoast-schema-graph\">{\"@context\":\"https:\\\/\\\/schema.org\",\"@graph\":[{\"@type\":\"Article\",\"@id\":\"https:\\\/\\\/memurunsesi.net\\\/index.php\\\/2026\\\/05\\\/03\\\/karsta-kis-uzadi-ekim-gecikti-ciftci-zamanla-yarisiyor\\\/#article\",\"isPartOf\":{\"@id\":\"https:\\\/\\\/memurunsesi.net\\\/index.php\\\/2026\\\/05\\\/03\\\/karsta-kis-uzadi-ekim-gecikti-ciftci-zamanla-yarisiyor\\\/\"},\"author\":{\"name\":\"Memurun Sesi Haber Merkezi\",\"@id\":\"https:\\\/\\\/memurunsesi.net\\\/#\\\/schema\\\/person\\\/f21c2d73b89f6ee1d80b0a1803e38587\"},\"headline\":\"Kars\u2019ta k\u0131\u015f uzad\u0131, ekim gecikti: \u00c7ift\u00e7i zamanla yar\u0131\u015f\u0131yor\",\"datePublished\":\"2026-05-03T05:33:42+00:00\",\"mainEntityOfPage\":{\"@id\":\"https:\\\/\\\/memurunsesi.net\\\/index.php\\\/2026\\\/05\\\/03\\\/karsta-kis-uzadi-ekim-gecikti-ciftci-zamanla-yarisiyor\\\/\"},\"wordCount\":288,\"commentCount\":0,\"publisher\":{\"@id\":\"https:\\\/\\\/memurunsesi.net\\\/#organization\"},\"image\":{\"@id\":\"https:\\\/\\\/memurunsesi.net\\\/index.php\\\/2026\\\/05\\\/03\\\/karsta-kis-uzadi-ekim-gecikti-ciftci-zamanla-yarisiyor\\\/#primaryimage\"},\"thumbnailUrl\":\"https:\\\/\\\/memurunsesi.net\\\/wp-content\\\/uploads\\\/2026\\\/05\\\/ciftci-scaled.jpg\",\"keywords\":[\"\u00e7ift\u00e7i\",\"karsta\",\"k\u0131\u015f uzad\u0131\",\"zamanla yar\u0131\u015f\u0131yor\"],\"inLanguage\":\"tr\",\"potentialAction\":[{\"@type\":\"CommentAction\",\"name\":\"Comment\",\"target\":[\"https:\\\/\\\/memurunsesi.net\\\/index.php\\\/2026\\\/05\\\/03\\\/karsta-kis-uzadi-ekim-gecikti-ciftci-zamanla-yarisiyor\\\/#respond\"]}]},{\"@type\":\"WebPage\",\"@id\":\"https:\\\/\\\/memurunsesi.net\\\/index.php\\\/2026\\\/05\\\/03\\\/karsta-kis-uzadi-ekim-gecikti-ciftci-zamanla-yarisiyor\\\/\",\"url\":\"https:\\\/\\\/memurunsesi.net\\\/index.php\\\/2026\\\/05\\\/03\\\/karsta-kis-uzadi-ekim-gecikti-ciftci-zamanla-yarisiyor\\\/\",\"name\":\"Kars\u2019ta k\u0131\u015f uzad\u0131, ekim gecikti: \u00c7ift\u00e7i zamanla yar\u0131\u015f\u0131yor - Memurun Sesi\",\"isPartOf\":{\"@id\":\"https:\\\/\\\/memurunsesi.net\\\/#website\"},\"primaryImageOfPage\":{\"@id\":\"https:\\\/\\\/memurunsesi.net\\\/index.php\\\/2026\\\/05\\\/03\\\/karsta-kis-uzadi-ekim-gecikti-ciftci-zamanla-yarisiyor\\\/#primaryimage\"},\"image\":{\"@id\":\"https:\\\/\\\/memurunsesi.net\\\/index.php\\\/2026\\\/05\\\/03\\\/karsta-kis-uzadi-ekim-gecikti-ciftci-zamanla-yarisiyor\\\/#primaryimage\"},\"thumbnailUrl\":\"https:\\\/\\\/memurunsesi.net\\\/wp-content\\\/uploads\\\/2026\\\/05\\\/ciftci-scaled.jpg\",\"datePublished\":\"2026-05-03T05:33:42+00:00\",\"description\":\"\u00a0 \u00a0Kars\u2019ta bu y\u0131l mevsim normallerinin \u00fczerinde seyreden so\u011fuk hava ve uzayan k\u0131\u015f, tar\u0131m takvimini alt\u00fcst etti. Her y\u0131l nisan ay\u0131nda ba\u015flayan ekim mesaisi, bu y\u0131l may\u0131s ay\u0131na sarkt\u0131.\",\"breadcrumb\":{\"@id\":\"https:\\\/\\\/memurunsesi.net\\\/index.php\\\/2026\\\/05\\\/03\\\/karsta-kis-uzadi-ekim-gecikti-ciftci-zamanla-yarisiyor\\\/#breadcrumb\"},\"inLanguage\":\"tr\",\"potentialAction\":[{\"@type\":\"ReadAction\",\"target\":[\"https:\\\/\\\/memurunsesi.net\\\/index.php\\\/2026\\\/05\\\/03\\\/karsta-kis-uzadi-ekim-gecikti-ciftci-zamanla-yarisiyor\\\/\"]}]},{\"@type\":\"ImageObject\",\"inLanguage\":\"tr\",\"@id\":\"https:\\\/\\\/memurunsesi.net\\\/index.php\\\/2026\\\/05\\\/03\\\/karsta-kis-uzadi-ekim-gecikti-ciftci-zamanla-yarisiyor\\\/#primaryimage\",\"url\":\"https:\\\/\\\/memurunsesi.net\\\/wp-content\\\/uploads\\\/2026\\\/05\\\/ciftci-scaled.jpg\",\"contentUrl\":\"https:\\\/\\\/memurunsesi.net\\\/wp-content\\\/uploads\\\/2026\\\/05\\\/ciftci-scaled.jpg\",\"width\":2560,\"height\":1439},{\"@type\":\"BreadcrumbList\",\"@id\":\"https:\\\/\\\/memurunsesi.net\\\/index.php\\\/2026\\\/05\\\/03\\\/karsta-kis-uzadi-ekim-gecikti-ciftci-zamanla-yarisiyor\\\/#breadcrumb\",\"itemListElement\":[{\"@type\":\"ListItem\",\"position\":1,\"name\":\"Anasayfa\",\"item\":\"https:\\\/\\\/memurunsesi.net\\\/\"},{\"@type\":\"ListItem\",\"position\":2,\"name\":\"Kars\u2019ta k\u0131\u015f uzad\u0131, ekim gecikti: \u00c7ift\u00e7i zamanla yar\u0131\u015f\u0131yor\"}]},{\"@type\":\"WebSite\",\"@id\":\"https:\\\/\\\/memurunsesi.net\\\/#website\",\"url\":\"https:\\\/\\\/memurunsesi.net\\\/\",\"name\":\"Memurun Sesi\",\"description\":\"G\u00fcncel ve Do\u011fru Haber\",\"publisher\":{\"@id\":\"https:\\\/\\\/memurunsesi.net\\\/#organization\"},\"potentialAction\":[{\"@type\":\"SearchAction\",\"target\":{\"@type\":\"EntryPoint\",\"urlTemplate\":\"https:\\\/\\\/memurunsesi.net\\\/?s={search_term_string}\"},\"query-input\":{\"@type\":\"PropertyValueSpecification\",\"valueRequired\":true,\"valueName\":\"search_term_string\"}}],\"inLanguage\":\"tr\"},{\"@type\":\"Organization\",\"@id\":\"https:\\\/\\\/memurunsesi.net\\\/#organization\",\"name\":\"Memurun Sesi\",\"url\":\"https:\\\/\\\/memurunsesi.net\\\/\",\"logo\":{\"@type\":\"ImageObject\",\"inLanguage\":\"tr\",\"@id\":\"https:\\\/\\\/memurunsesi.net\\\/#\\\/schema\\\/logo\\\/image\\\/\",\"url\":\"https:\\\/\\\/memurunsesi.net\\\/wp-content\\\/uploads\\\/2025\\\/11\\\/cropped-MEMURUN-SESI.png\",\"contentUrl\":\"https:\\\/\\\/memurunsesi.net\\\/wp-content\\\/uploads\\\/2025\\\/11\\\/cropped-MEMURUN-SESI.png\",\"width\":238,\"height\":57,\"caption\":\"Memurun Sesi\"},\"image\":{\"@id\":\"https:\\\/\\\/memurunsesi.net\\\/#\\\/schema\\\/logo\\\/image\\\/\"},\"sameAs\":[\"https:\\\/\\\/www.facebook.com\\\/unipersen\\\/?locale=tr_TR\",\"https:\\\/\\\/x.com\\\/unipersen\"]},{\"@type\":\"Person\",\"@id\":\"https:\\\/\\\/memurunsesi.net\\\/#\\\/schema\\\/person\\\/f21c2d73b89f6ee1d80b0a1803e38587\",\"name\":\"Memurun Sesi Haber Merkezi\",\"image\":{\"@type\":\"ImageObject\",\"inLanguage\":\"tr\",\"@id\":\"https:\\\/\\\/secure.gravatar.com\\\/avatar\\\/6cf0505f452ee753f485014986fab09a434671d2b919ee76fc541025c5876a70?s=96&d=mm&r=g\",\"url\":\"https:\\\/\\\/secure.gravatar.com\\\/avatar\\\/6cf0505f452ee753f485014986fab09a434671d2b919ee76fc541025c5876a70?s=96&d=mm&r=g\",\"contentUrl\":\"https:\\\/\\\/secure.gravatar.com\\\/avatar\\\/6cf0505f452ee753f485014986fab09a434671d2b919ee76fc541025c5876a70?s=96&d=mm&r=g\",\"caption\":\"Memurun Sesi Haber Merkezi\"},\"sameAs\":[\"https:\\\/\\\/memurunsesi.net\"],\"url\":\"https:\\\/\\\/memurunsesi.net\\\/index.php\\\/author\\\/uniper\\\/\"}]}<\/script>\n<!-- \/ Yoast SEO plugin. -->","yoast_head_json":{"title":"Kars\u2019ta k\u0131\u015f uzad\u0131, ekim gecikti: \u00c7ift\u00e7i zamanla yar\u0131\u015f\u0131yor - Memurun Sesi","description":"\u00a0 \u00a0Kars\u2019ta bu y\u0131l mevsim normallerinin \u00fczerinde seyreden so\u011fuk hava ve uzayan k\u0131\u015f, tar\u0131m takvimini alt\u00fcst etti. Her y\u0131l nisan ay\u0131nda ba\u015flayan ekim mesaisi, bu y\u0131l may\u0131s ay\u0131na sarkt\u0131.","robots":{"index":"index","follow":"follow","max-snippet":"max-snippet:-1","max-image-preview":"max-image-preview:large","max-video-preview":"max-video-preview:-1"},"canonical":"https:\/\/memurunsesi.net\/index.php\/2026\/05\/03\/karsta-kis-uzadi-ekim-gecikti-ciftci-zamanla-yarisiyor\/","og_locale":"tr_TR","og_type":"article","og_title":"Kars\u2019ta k\u0131\u015f uzad\u0131, ekim gecikti: \u00c7ift\u00e7i zamanla yar\u0131\u015f\u0131yor - Memurun Sesi","og_description":"\u00a0 \u00a0Kars\u2019ta bu y\u0131l mevsim normallerinin \u00fczerinde seyreden so\u011fuk hava ve uzayan k\u0131\u015f, tar\u0131m takvimini alt\u00fcst etti. Her y\u0131l nisan ay\u0131nda ba\u015flayan ekim mesaisi, bu y\u0131l may\u0131s ay\u0131na sarkt\u0131.","og_url":"https:\/\/memurunsesi.net\/index.php\/2026\/05\/03\/karsta-kis-uzadi-ekim-gecikti-ciftci-zamanla-yarisiyor\/","og_site_name":"Memurun Sesi","article_publisher":"https:\/\/www.facebook.com\/unipersen\/?locale=tr_TR","article_published_time":"2026-05-03T05:33:42+00:00","og_image":[{"width":2560,"height":1439,"url":"https:\/\/memurunsesi.net\/wp-content\/uploads\/2026\/05\/ciftci-scaled.jpg","type":"image\/jpeg"}],"author":"Memurun Sesi Haber Merkezi","twitter_card":"summary_large_image","twitter_creator":"@unipersen","twitter_site":"@unipersen","twitter_misc":{"Yazan:":"Memurun Sesi Haber Merkezi","Tahmini okuma s\u00fcresi":"2 dakika"},"schema":{"@context":"https:\/\/schema.org","@graph":[{"@type":"Article","@id":"https:\/\/memurunsesi.net\/index.php\/2026\/05\/03\/karsta-kis-uzadi-ekim-gecikti-ciftci-zamanla-yarisiyor\/#article","isPartOf":{"@id":"https:\/\/memurunsesi.net\/index.php\/2026\/05\/03\/karsta-kis-uzadi-ekim-gecikti-ciftci-zamanla-yarisiyor\/"},"author":{"name":"Memurun Sesi Haber Merkezi","@id":"https:\/\/memurunsesi.net\/#\/schema\/person\/f21c2d73b89f6ee1d80b0a1803e38587"},"headline":"Kars\u2019ta k\u0131\u015f uzad\u0131, ekim gecikti: \u00c7ift\u00e7i zamanla yar\u0131\u015f\u0131yor","datePublished":"2026-05-03T05:33:42+00:00","mainEntityOfPage":{"@id":"https:\/\/memurunsesi.net\/index.php\/2026\/05\/03\/karsta-kis-uzadi-ekim-gecikti-ciftci-zamanla-yarisiyor\/"},"wordCount":288,"commentCount":0,"publisher":{"@id":"https:\/\/memurunsesi.net\/#organization"},"image":{"@id":"https:\/\/memurunsesi.net\/index.php\/2026\/05\/03\/karsta-kis-uzadi-ekim-gecikti-ciftci-zamanla-yarisiyor\/#primaryimage"},"thumbnailUrl":"https:\/\/memurunsesi.net\/wp-content\/uploads\/2026\/05\/ciftci-scaled.jpg","keywords":["\u00e7ift\u00e7i","karsta","k\u0131\u015f uzad\u0131","zamanla yar\u0131\u015f\u0131yor"],"inLanguage":"tr","potentialAction":[{"@type":"CommentAction","name":"Comment","target":["https:\/\/memurunsesi.net\/index.php\/2026\/05\/03\/karsta-kis-uzadi-ekim-gecikti-ciftci-zamanla-yarisiyor\/#respond"]}]},{"@type":"WebPage","@id":"https:\/\/memurunsesi.net\/index.php\/2026\/05\/03\/karsta-kis-uzadi-ekim-gecikti-ciftci-zamanla-yarisiyor\/","url":"https:\/\/memurunsesi.net\/index.php\/2026\/05\/03\/karsta-kis-uzadi-ekim-gecikti-ciftci-zamanla-yarisiyor\/","name":"Kars\u2019ta k\u0131\u015f uzad\u0131, ekim gecikti: \u00c7ift\u00e7i zamanla yar\u0131\u015f\u0131yor - Memurun Sesi","isPartOf":{"@id":"https:\/\/memurunsesi.net\/#website"},"primaryImageOfPage":{"@id":"https:\/\/memurunsesi.net\/index.php\/2026\/05\/03\/karsta-kis-uzadi-ekim-gecikti-ciftci-zamanla-yarisiyor\/#primaryimage"},"image":{"@id":"https:\/\/memurunsesi.net\/index.php\/2026\/05\/03\/karsta-kis-uzadi-ekim-gecikti-ciftci-zamanla-yarisiyor\/#primaryimage"},"thumbnailUrl":"https:\/\/memurunsesi.net\/wp-content\/uploads\/2026\/05\/ciftci-scaled.jpg","datePublished":"2026-05-03T05:33:42+00:00","description":"\u00a0 \u00a0Kars\u2019ta bu y\u0131l mevsim normallerinin \u00fczerinde seyreden so\u011fuk hava ve uzayan k\u0131\u015f, tar\u0131m takvimini alt\u00fcst etti. Her y\u0131l nisan ay\u0131nda ba\u015flayan ekim mesaisi, bu y\u0131l may\u0131s ay\u0131na sarkt\u0131.","breadcrumb":{"@id":"https:\/\/memurunsesi.net\/index.php\/2026\/05\/03\/karsta-kis-uzadi-ekim-gecikti-ciftci-zamanla-yarisiyor\/#breadcrumb"},"inLanguage":"tr","potentialAction":[{"@type":"ReadAction","target":["https:\/\/memurunsesi.net\/index.php\/2026\/05\/03\/karsta-kis-uzadi-ekim-gecikti-ciftci-zamanla-yarisiyor\/"]}]},{"@type":"ImageObject","inLanguage":"tr","@id":"https:\/\/memurunsesi.net\/index.php\/2026\/05\/03\/karsta-kis-uzadi-ekim-gecikti-ciftci-zamanla-yarisiyor\/#primaryimage","url":"https:\/\/memurunsesi.net\/wp-content\/uploads\/2026\/05\/ciftci-scaled.jpg","contentUrl":"https:\/\/memurunsesi.net\/wp-content\/uploads\/2026\/05\/ciftci-scaled.jpg","width":2560,"height":1439},{"@type":"BreadcrumbList","@id":"https:\/\/memurunsesi.net\/index.php\/2026\/05\/03\/karsta-kis-uzadi-ekim-gecikti-ciftci-zamanla-yarisiyor\/#breadcrumb","itemListElement":[{"@type":"ListItem","position":1,"name":"Anasayfa","item":"https:\/\/memurunsesi.net\/"},{"@type":"ListItem","position":2,"name":"Kars\u2019ta k\u0131\u015f uzad\u0131, ekim gecikti: \u00c7ift\u00e7i zamanla yar\u0131\u015f\u0131yor"}]},{"@type":"WebSite","@id":"https:\/\/memurunsesi.net\/#website","url":"https:\/\/memurunsesi.net\/","name":"Memurun Sesi","description":"G\u00fcncel ve Do\u011fru Haber","publisher":{"@id":"https:\/\/memurunsesi.net\/#organization"},"potentialAction":[{"@type":"SearchAction","target":{"@type":"EntryPoint","urlTemplate":"https:\/\/memurunsesi.net\/?s={search_term_string}"},"query-input":{"@type":"PropertyValueSpecification","valueRequired":true,"valueName":"search_term_string"}}],"inLanguage":"tr"},{"@type":"Organization","@id":"https:\/\/memurunsesi.net\/#organization","name":"Memurun Sesi","url":"https:\/\/memurunsesi.net\/","logo":{"@type":"ImageObject","inLanguage":"tr","@id":"https:\/\/memurunsesi.net\/#\/schema\/logo\/image\/","url":"https:\/\/memurunsesi.net\/wp-content\/uploads\/2025\/11\/cropped-MEMURUN-SESI.png","contentUrl":"https:\/\/memurunsesi.net\/wp-content\/uploads\/2025\/11\/cropped-MEMURUN-SESI.png","width":238,"height":57,"caption":"Memurun Sesi"},"image":{"@id":"https:\/\/memurunsesi.net\/#\/schema\/logo\/image\/"},"sameAs":["https:\/\/www.facebook.com\/unipersen\/?locale=tr_TR","https:\/\/x.com\/unipersen"]},{"@type":"Person","@id":"https:\/\/memurunsesi.net\/#\/schema\/person\/f21c2d73b89f6ee1d80b0a1803e38587","name":"Memurun Sesi Haber Merkezi","image":{"@type":"ImageObject","inLanguage":"tr","@id":"https:\/\/secure.gravatar.com\/avatar\/6cf0505f452ee753f485014986fab09a434671d2b919ee76fc541025c5876a70?s=96&d=mm&r=g","url":"https:\/\/secure.gravatar.com\/avatar\/6cf0505f452ee753f485014986fab09a434671d2b919ee76fc541025c5876a70?s=96&d=mm&r=g","contentUrl":"https:\/\/secure.gravatar.com\/avatar\/6cf0505f452ee753f485014986fab09a434671d2b919ee76fc541025c5876a70?s=96&d=mm&r=g","caption":"Memurun Sesi Haber Merkezi"},"sameAs":["https:\/\/memurunsesi.net"],"url":"https:\/\/memurunsesi.net\/index.php\/author\/uniper\/"}]}},"_links":{"self":[{"href":"https:\/\/memurunsesi.net\/index.php\/wp-json\/wp\/v2\/posts\/19893","targetHints":{"allow":["GET"]}}],"collection":[{"href":"https:\/\/memurunsesi.net\/index.php\/wp-json\/wp\/v2\/posts"}],"about":[{"href":"https:\/\/memurunsesi.net\/index.php\/wp-json\/wp\/v2\/types\/post"}],"author":[{"embeddable":true,"href":"https:\/\/memurunsesi.net\/index.php\/wp-json\/wp\/v2\/users\/1"}],"replies":[{"embeddable":true,"href":"https:\/\/memurunsesi.net\/index.php\/wp-json\/wp\/v2\/comments?post=19893"}],"version-history":[{"count":1,"href":"https:\/\/memurunsesi.net\/index.php\/wp-json\/wp\/v2\/posts\/19893\/revisions"}],"predecessor-version":[{"id":19895,"href":"https:\/\/memurunsesi.net\/index.php\/wp-json\/wp\/v2\/posts\/19893\/revisions\/19895"}],"wp:featuredmedia":[{"embeddable":true,"href":"https:\/\/memurunsesi.net\/index.php\/wp-json\/wp\/v2\/media\/19894"}],"wp:attachment":[{"href":"https:\/\/memurunsesi.net\/index.php\/wp-json\/wp\/v2\/media?parent=19893"}],"wp:term":[{"taxonomy":"category","embeddable":true,"href":"https:\/\/memurunsesi.net\/index.php\/wp-json\/wp\/v2\/categories?post=19893"},{"taxonomy":"post_tag","embeddable":true,"href":"https:\/\/memurunsesi.net\/index.php\/wp-json\/wp\/v2\/tags?post=19893"}],"curies":[{"name":"wp","href":"https:\/\/api.w.org\/{rel}","templated":true}]}}