{"id":19896,"date":"2026-05-03T09:15:28","date_gmt":"2026-05-03T06:15:28","guid":{"rendered":"https:\/\/memurunsesi.net\/?p=19896"},"modified":"2026-05-03T09:15:28","modified_gmt":"2026-05-03T06:15:28","slug":"kopeklerin-saldirisinda-kabusu-yasayan-kardeslerin-biri-yaralandi-digerindeyse-kafa-sallama-travmasi-olustu","status":"publish","type":"post","link":"https:\/\/memurunsesi.net\/index.php\/2026\/05\/03\/kopeklerin-saldirisinda-kabusu-yasayan-kardeslerin-biri-yaralandi-digerindeyse-kafa-sallama-travmasi-olustu\/","title":{"rendered":"K\u00f6peklerin sald\u0131r\u0131s\u0131nda kabusu ya\u015fayan karde\u015flerin biri yaraland\u0131, di\u011ferindeyse kafa sallama travmas\u0131 olu\u015ftu"},"content":{"rendered":"<p>Hatay&#8217;\u0131n Reyhanl\u0131 il\u00e7esi markete giden iki k\u0131z karde\u015f, k\u00f6peklerin sald\u0131r\u0131s\u0131na u\u011frad\u0131. K\u00f6peklerin sald\u0131r\u0131s\u0131na u\u011frayan karde\u015flerin biri baca\u011f\u0131ndan yaralan\u0131rken di\u011ferinde ise korkudan dolay\u0131 kafa sallama travmas\u0131 olu\u015ftu.<br \/>\nOlay, 28 Nisan tarihinde Reyhanl\u0131 il\u00e7esi C\u00fcdeyde Mahallesi&#8217;nde ya\u015fand\u0131. Mahallede bir apartmanda ya\u015fayan \u0130.B.(14) ile E.E.B.(13) karde\u015fler, al\u0131\u015fveri\u015f yapmak i\u00e7in markete gittikleri esnada kabusu ya\u015fad\u0131lar. Markete do\u011fru giderken karde\u015fler, iki k\u00f6pe\u011fin sald\u0131r\u0131s\u0131na u\u011frad\u0131. K\u00f6peklerin karde\u015fine sald\u0131rd\u0131\u011f\u0131 g\u00f6ren \u0130.B., k\u00f6peklerin dikkatini da\u011f\u0131tarak ka\u00e7maya \u00e7al\u0131\u015f\u0131rken aya\u011f\u0131 tak\u0131ld\u0131 ve d\u00fc\u015ft\u00fc. Aya\u011f\u0131 tak\u0131lan ve yere d\u00fc\u015fen \u00e7ocu\u011fun \u00fczerine k\u00f6pekler \u00e7ulland\u0131. K\u00f6peklerin sald\u0131r\u0131s\u0131ndan ka\u00e7mak i\u00e7in bo\u011fu\u015fan \u0130.B., bo\u011fu\u015ftu\u011fu k\u00f6pe\u011fin \u00e7ivili tasmas\u0131n\u0131n aya\u011f\u0131na tak\u0131lmas\u0131yla yaraland\u0131. K\u00f6pek sald\u0131r\u0131s\u0131na maruz kalan karde\u015fleri g\u00f6ren vatanda\u015flar durumu 112 Acil \u00c7a\u011fr\u0131 Merkezi&#8217;ne bildirdi. Olay yerine sa\u011fl\u0131k ekipleri sevk edildi. Sa\u011fl\u0131k ekiplerinin ilk m\u00fcdahalesinin ard\u0131ndan 2 karde\u015f hastanede tedavi alt\u0131na al\u0131nd\u0131. K\u00f6peklerin sald\u0131r\u0131s\u0131n\u0131n olu\u015fturdu\u011fu travma etkisinde kalan E.E.B., kafas\u0131n\u0131 gayri ihtiyar\u00ee s\u00fcrekli olarak hareket ettirmeye ba\u015flad\u0131. Ka\u00e7arken aya\u011f\u0131 tak\u0131lan ve k\u00f6pekler \u00fczerine \u00e7ullanan \u0130.B.&#8217;de ise yaralanmalar olu\u015ftu. Karde\u015flere sald\u0131ran k\u00f6pekler, Reyhanl\u0131 Belediyesi ekipleri taraf\u0131ndan yakalanarak bar\u0131na\u011fa g\u00f6t\u00fcr\u00fcld\u00fc.<\/p>\n<p>&#8220;Tasmal\u0131 k\u00f6pek \u00fcst\u00fcme do\u011fru \u00e7\u0131kt\u0131\u011f\u0131nda o esnada k\u00f6pe\u011fin tasma k\u0131sm\u0131 aya\u011f\u0131ma do\u011fru batt\u0131 ve aya\u011f\u0131mda yaralanma oldu&#8221;<br \/>\nKarde\u015fini k\u00f6peklerden kurtarmak isterken aya\u011f\u0131n\u0131n tak\u0131ld\u0131\u011f\u0131n\u0131 ve d\u00fc\u015ft\u00fc\u011f\u00fcn\u00fc ard\u0131ndan k\u00f6peklerin \u00fczerine \u00e7ulland\u0131\u011f\u0131n\u0131 ifade eden \u0130. B., &#8220;Biz markete do\u011fru gidiyorduk ve k\u00f6pekleri g\u00f6rmedik. Yoku\u015ftan \u00e7\u0131karken k\u00f6pekler bir anda \u00fcst\u00fcm\u00fcze do\u011fru sald\u0131rmaya ba\u015flad\u0131. \u0130lk karde\u015fime sald\u0131rmaya ba\u015flad\u0131lar. Ben de karde\u015fimi kurtarmak i\u00e7in k\u00f6peklerin aras\u0131na tekrar gittim. Karde\u015fimi b\u0131rakmas\u0131 i\u00e7in dikkatini da\u011f\u0131tmaya \u00e7al\u0131\u015ft\u0131m. K\u00f6pekler bir anda karde\u015fimi b\u0131rak\u0131p bana do\u011fru ko\u015fmaya ba\u015flad\u0131. Bana do\u011fru ko\u015farken de benim aya\u011f\u0131m d\u00f6nd\u00fc ve dengemi kaybedip d\u00fc\u015ft\u00fcm. Sonra k\u00f6pekler bir anda \u00fcst\u00fcme \u00e7\u0131kt\u0131. Tasmal\u0131 k\u00f6pek \u00fcst\u00fcme do\u011fru \u00e7\u0131kt\u0131. Ben de \u00fcst\u00fcmden savu\u015fturmaya \u00e7al\u0131\u015ft\u0131m. O esnada k\u00f6pe\u011fin tasma k\u0131sm\u0131 aya\u011f\u0131ma do\u011fru batt\u0131 ve aya\u011f\u0131mda yaralanma oldu&#8221; dedi.<\/p>\n<p>&#8220;K\u00f6pek sald\u0131r\u0131s\u0131ndan dolay\u0131 \u00e7ok korktu ve o y\u00fczden s\u00fcrekli kafas\u0131n\u0131 sallama hareketi oluyor&#8221;<br \/>\nK\u00f6pek sald\u0131r\u0131s\u0131ndan dolay\u0131 panik ve korku ya\u015fayan karde\u015finin s\u00fcrekli olarak kafas\u0131n\u0131 sallad\u0131\u011f\u0131n\u0131 ifade eden \u0130.B. &#8220;K\u00f6pek sald\u0131r\u0131lar\u0131 birka\u00e7 kere daha ya\u015fand\u0131. Bu arada karde\u015fim kuca\u011f\u0131mdayken, b\u00f6yle k\u00f6pekler sald\u0131rd\u0131 ama hemen b\u0131rakt\u0131lar beni. Bu sefer d\u00fc\u015ft\u00fc\u011f\u00fcmde direkt \u00fcst\u00fcme \u00e7\u0131kt\u0131lar. Lisede 9&#8217;uncu s\u0131n\u0131fa gidiyorum ama \u015fimdi okula gidemiyorum, doktor rapor verdi. E\u011fer sahip \u00e7\u0131kam\u0131yorlarsa k\u00f6peklerini bar\u0131na\u011fa versinler, hi\u00e7birimiz soka\u011fa ve parka \u00e7\u0131kam\u0131yoruz. \u00c7ocuklar parklara \u00e7\u0131kam\u0131yor. Yetkililer k\u00f6peklere sahip \u00e7\u0131ks\u0131n. \u015eimdi hala a\u011fr\u0131lar\u0131m var, bacaklar\u0131m ac\u0131yor ve aya\u011fa kalkam\u0131yorum. Karde\u015fim de \u015fu an kafa k\u0131sm\u0131nda bir \u015feyler var. K\u00f6pek sald\u0131r\u0131s\u0131ndan dolay\u0131 \u00e7ok korktu. O y\u00fczden s\u00fcrekli kafas\u0131n\u0131 sallama hareketi oluyor. Biz hayvanlar\u0131 seviyoruz ama hayvanlar\u0131n da bu \u015fekil ba\u015f\u0131bo\u015f dolanmas\u0131n\u0131 istemiyoruz&#8221; ifadelerini kulland\u0131.<\/p>\n<p>3.05.2026<\/p>\n","protected":false},"excerpt":{"rendered":"<p>Hatay&#8217;\u0131n Reyhanl\u0131 il\u00e7esi markete giden iki k\u0131z karde\u015f, k\u00f6peklerin sald\u0131r\u0131s\u0131na u\u011frad\u0131. K\u00f6peklerin sald\u0131r\u0131s\u0131na u\u011frayan karde\u015flerin biri baca\u011f\u0131ndan yaralan\u0131rken di\u011ferinde ise korkudan dolay\u0131 kafa sallama travmas\u0131 olu\u015ftu. Olay, 28 Nisan tarihinde Reyhanl\u0131 il\u00e7esi C\u00fcdeyde Mahallesi&#8217;nde ya\u015fand\u0131. Mahallede bir apartmanda ya\u015fayan \u0130.B.(14) ile E.E.B.(13) karde\u015fler, al\u0131\u015fveri\u015f yapmak i\u00e7in markete gittikleri esnada kabusu ya\u015fad\u0131lar. Markete do\u011fru giderken karde\u015fler, [&hellip;]<\/p>\n","protected":false},"author":1,"featured_media":19897,"comment_status":"open","ping_status":"open","sticky":false,"template":"","format":"standard","meta":{"footnotes":""},"categories":[1],"tags":[3851,3852,3853],"class_list":["post-19896","post","type-post","status-publish","format-standard","has-post-thumbnail","hentry","category-genel","tag-iki-kiz-kardes","tag-kopeklerin","tag-saldirisina-ugradi"],"yoast_head":"<!-- This site is optimized with the Yoast SEO plugin v27.5 - https:\/\/yoast.com\/product\/yoast-seo-wordpress\/ -->\n<title>K\u00f6peklerin sald\u0131r\u0131s\u0131nda kabusu ya\u015fayan karde\u015flerin biri yaraland\u0131, di\u011ferindeyse kafa sallama travmas\u0131 olu\u015ftu - Memurun Sesi<\/title>\n<meta name=\"description\" content=\"Hatay&#039;\u0131n Reyhanl\u0131 il\u00e7esi markete giden iki k\u0131z karde\u015f, k\u00f6peklerin sald\u0131r\u0131s\u0131na u\u011frad\u0131. K\u00f6peklerin sald\u0131r\u0131s\u0131na u\u011frayan karde\u015flerin biri baca\u011f\u0131ndan yaralan\u0131rken di\u011ferinde ise korkudan dolay\u0131 kafa sallama travmas\u0131 olu\u015ftu.\" \/>\n<meta name=\"robots\" content=\"index, follow, max-snippet:-1, max-image-preview:large, max-video-preview:-1\" \/>\n<link rel=\"canonical\" href=\"https:\/\/memurunsesi.net\/index.php\/2026\/05\/03\/kopeklerin-saldirisinda-kabusu-yasayan-kardeslerin-biri-yaralandi-digerindeyse-kafa-sallama-travmasi-olustu\/\" \/>\n<meta property=\"og:locale\" content=\"tr_TR\" \/>\n<meta property=\"og:type\" content=\"article\" \/>\n<meta property=\"og:title\" content=\"K\u00f6peklerin sald\u0131r\u0131s\u0131nda kabusu ya\u015fayan karde\u015flerin biri yaraland\u0131, di\u011ferindeyse kafa sallama travmas\u0131 olu\u015ftu - Memurun Sesi\" \/>\n<meta property=\"og:description\" content=\"Hatay&#039;\u0131n Reyhanl\u0131 il\u00e7esi markete giden iki k\u0131z karde\u015f, k\u00f6peklerin sald\u0131r\u0131s\u0131na u\u011frad\u0131. K\u00f6peklerin sald\u0131r\u0131s\u0131na u\u011frayan karde\u015flerin biri baca\u011f\u0131ndan yaralan\u0131rken di\u011ferinde ise korkudan dolay\u0131 kafa sallama travmas\u0131 olu\u015ftu.\" \/>\n<meta property=\"og:url\" content=\"https:\/\/memurunsesi.net\/index.php\/2026\/05\/03\/kopeklerin-saldirisinda-kabusu-yasayan-kardeslerin-biri-yaralandi-digerindeyse-kafa-sallama-travmasi-olustu\/\" \/>\n<meta property=\"og:site_name\" content=\"Memurun Sesi\" \/>\n<meta property=\"article:publisher\" content=\"https:\/\/www.facebook.com\/unipersen\/?locale=tr_TR\" \/>\n<meta property=\"article:published_time\" content=\"2026-05-03T06:15:28+00:00\" \/>\n<meta property=\"og:image\" content=\"https:\/\/memurunsesi.net\/wp-content\/uploads\/2026\/05\/kopek-saldirisi.jpg\" \/>\n\t<meta property=\"og:image:width\" content=\"750\" \/>\n\t<meta property=\"og:image:height\" content=\"500\" \/>\n\t<meta property=\"og:image:type\" content=\"image\/jpeg\" \/>\n<meta name=\"author\" content=\"Memurun Sesi Haber Merkezi\" \/>\n<meta name=\"twitter:card\" content=\"summary_large_image\" \/>\n<meta name=\"twitter:creator\" content=\"@unipersen\" \/>\n<meta name=\"twitter:site\" content=\"@unipersen\" \/>\n<meta name=\"twitter:label1\" content=\"Yazan:\" \/>\n\t<meta name=\"twitter:data1\" content=\"Memurun Sesi Haber Merkezi\" \/>\n\t<meta name=\"twitter:label2\" content=\"Tahmini okuma s\u00fcresi\" \/>\n\t<meta name=\"twitter:data2\" content=\"3 dakika\" \/>\n<script type=\"application\/ld+json\" class=\"yoast-schema-graph\">{\"@context\":\"https:\\\/\\\/schema.org\",\"@graph\":[{\"@type\":\"Article\",\"@id\":\"https:\\\/\\\/memurunsesi.net\\\/index.php\\\/2026\\\/05\\\/03\\\/kopeklerin-saldirisinda-kabusu-yasayan-kardeslerin-biri-yaralandi-digerindeyse-kafa-sallama-travmasi-olustu\\\/#article\",\"isPartOf\":{\"@id\":\"https:\\\/\\\/memurunsesi.net\\\/index.php\\\/2026\\\/05\\\/03\\\/kopeklerin-saldirisinda-kabusu-yasayan-kardeslerin-biri-yaralandi-digerindeyse-kafa-sallama-travmasi-olustu\\\/\"},\"author\":{\"name\":\"Memurun Sesi Haber Merkezi\",\"@id\":\"https:\\\/\\\/memurunsesi.net\\\/#\\\/schema\\\/person\\\/f21c2d73b89f6ee1d80b0a1803e38587\"},\"headline\":\"K\u00f6peklerin sald\u0131r\u0131s\u0131nda kabusu ya\u015fayan karde\u015flerin biri yaraland\u0131, di\u011ferindeyse kafa sallama travmas\u0131 olu\u015ftu\",\"datePublished\":\"2026-05-03T06:15:28+00:00\",\"mainEntityOfPage\":{\"@id\":\"https:\\\/\\\/memurunsesi.net\\\/index.php\\\/2026\\\/05\\\/03\\\/kopeklerin-saldirisinda-kabusu-yasayan-kardeslerin-biri-yaralandi-digerindeyse-kafa-sallama-travmasi-olustu\\\/\"},\"wordCount\":667,\"commentCount\":0,\"publisher\":{\"@id\":\"https:\\\/\\\/memurunsesi.net\\\/#organization\"},\"image\":{\"@id\":\"https:\\\/\\\/memurunsesi.net\\\/index.php\\\/2026\\\/05\\\/03\\\/kopeklerin-saldirisinda-kabusu-yasayan-kardeslerin-biri-yaralandi-digerindeyse-kafa-sallama-travmasi-olustu\\\/#primaryimage\"},\"thumbnailUrl\":\"https:\\\/\\\/memurunsesi.net\\\/wp-content\\\/uploads\\\/2026\\\/05\\\/kopek-saldirisi.jpg\",\"keywords\":[\"iki k\u0131z karde\u015f\",\"k\u00f6peklerin\",\"sald\u0131r\u0131s\u0131na ugrad\u0131\"],\"inLanguage\":\"tr\",\"potentialAction\":[{\"@type\":\"CommentAction\",\"name\":\"Comment\",\"target\":[\"https:\\\/\\\/memurunsesi.net\\\/index.php\\\/2026\\\/05\\\/03\\\/kopeklerin-saldirisinda-kabusu-yasayan-kardeslerin-biri-yaralandi-digerindeyse-kafa-sallama-travmasi-olustu\\\/#respond\"]}]},{\"@type\":\"WebPage\",\"@id\":\"https:\\\/\\\/memurunsesi.net\\\/index.php\\\/2026\\\/05\\\/03\\\/kopeklerin-saldirisinda-kabusu-yasayan-kardeslerin-biri-yaralandi-digerindeyse-kafa-sallama-travmasi-olustu\\\/\",\"url\":\"https:\\\/\\\/memurunsesi.net\\\/index.php\\\/2026\\\/05\\\/03\\\/kopeklerin-saldirisinda-kabusu-yasayan-kardeslerin-biri-yaralandi-digerindeyse-kafa-sallama-travmasi-olustu\\\/\",\"name\":\"K\u00f6peklerin sald\u0131r\u0131s\u0131nda kabusu ya\u015fayan karde\u015flerin biri yaraland\u0131, di\u011ferindeyse kafa sallama travmas\u0131 olu\u015ftu - Memurun Sesi\",\"isPartOf\":{\"@id\":\"https:\\\/\\\/memurunsesi.net\\\/#website\"},\"primaryImageOfPage\":{\"@id\":\"https:\\\/\\\/memurunsesi.net\\\/index.php\\\/2026\\\/05\\\/03\\\/kopeklerin-saldirisinda-kabusu-yasayan-kardeslerin-biri-yaralandi-digerindeyse-kafa-sallama-travmasi-olustu\\\/#primaryimage\"},\"image\":{\"@id\":\"https:\\\/\\\/memurunsesi.net\\\/index.php\\\/2026\\\/05\\\/03\\\/kopeklerin-saldirisinda-kabusu-yasayan-kardeslerin-biri-yaralandi-digerindeyse-kafa-sallama-travmasi-olustu\\\/#primaryimage\"},\"thumbnailUrl\":\"https:\\\/\\\/memurunsesi.net\\\/wp-content\\\/uploads\\\/2026\\\/05\\\/kopek-saldirisi.jpg\",\"datePublished\":\"2026-05-03T06:15:28+00:00\",\"description\":\"Hatay'\u0131n Reyhanl\u0131 il\u00e7esi markete giden iki k\u0131z karde\u015f, k\u00f6peklerin sald\u0131r\u0131s\u0131na u\u011frad\u0131. K\u00f6peklerin sald\u0131r\u0131s\u0131na u\u011frayan karde\u015flerin biri baca\u011f\u0131ndan yaralan\u0131rken di\u011ferinde ise korkudan dolay\u0131 kafa sallama travmas\u0131 olu\u015ftu.\",\"breadcrumb\":{\"@id\":\"https:\\\/\\\/memurunsesi.net\\\/index.php\\\/2026\\\/05\\\/03\\\/kopeklerin-saldirisinda-kabusu-yasayan-kardeslerin-biri-yaralandi-digerindeyse-kafa-sallama-travmasi-olustu\\\/#breadcrumb\"},\"inLanguage\":\"tr\",\"potentialAction\":[{\"@type\":\"ReadAction\",\"target\":[\"https:\\\/\\\/memurunsesi.net\\\/index.php\\\/2026\\\/05\\\/03\\\/kopeklerin-saldirisinda-kabusu-yasayan-kardeslerin-biri-yaralandi-digerindeyse-kafa-sallama-travmasi-olustu\\\/\"]}]},{\"@type\":\"ImageObject\",\"inLanguage\":\"tr\",\"@id\":\"https:\\\/\\\/memurunsesi.net\\\/index.php\\\/2026\\\/05\\\/03\\\/kopeklerin-saldirisinda-kabusu-yasayan-kardeslerin-biri-yaralandi-digerindeyse-kafa-sallama-travmasi-olustu\\\/#primaryimage\",\"url\":\"https:\\\/\\\/memurunsesi.net\\\/wp-content\\\/uploads\\\/2026\\\/05\\\/kopek-saldirisi.jpg\",\"contentUrl\":\"https:\\\/\\\/memurunsesi.net\\\/wp-content\\\/uploads\\\/2026\\\/05\\\/kopek-saldirisi.jpg\",\"width\":750,\"height\":500,\"caption\":\"HATAY'IN REYHANLI \u0130L\u00c7ES\u0130 MARKETE G\u0130DEN \u0130K\u0130 KIZ KARDE\u015e, K\u00d6PEKLER\u0130N SALDIRISINA U\u011eRADI. K\u00d6PEKLER\u0130N SALDIRISINA U\u011eRAYAN KARDE\u015eLER\u0130 BACA\u011eINDAN YARALANIRKEN D\u0130\u011eER\u0130NDE \u0130SE KORKUDAN DOLAYI TRAVMA OLU\u015eTU. (RAMAZAN \u0130LIN\\\/HATAY-\u0130HA) Hatay'\u0131n Reyhanl\u0131 il\u00e7esi markete giden iki k\u0131z karde\u015f, k\u00f6peklerin sald\u0131r\u0131s\u0131na u\u011frad\u0131. K\u00f6peklerin sald\u0131r\u0131s\u0131na u\u011frayan karde\u015flerin biri baca\u011f\u0131ndan yaralan\u0131rken di\u011ferinde ise korkudan dolay\u0131 kafa sallama travmas\u0131 olu\u015ftu.\"},{\"@type\":\"BreadcrumbList\",\"@id\":\"https:\\\/\\\/memurunsesi.net\\\/index.php\\\/2026\\\/05\\\/03\\\/kopeklerin-saldirisinda-kabusu-yasayan-kardeslerin-biri-yaralandi-digerindeyse-kafa-sallama-travmasi-olustu\\\/#breadcrumb\",\"itemListElement\":[{\"@type\":\"ListItem\",\"position\":1,\"name\":\"Anasayfa\",\"item\":\"https:\\\/\\\/memurunsesi.net\\\/\"},{\"@type\":\"ListItem\",\"position\":2,\"name\":\"K\u00f6peklerin sald\u0131r\u0131s\u0131nda kabusu ya\u015fayan karde\u015flerin biri yaraland\u0131, di\u011ferindeyse kafa sallama travmas\u0131 olu\u015ftu\"}]},{\"@type\":\"WebSite\",\"@id\":\"https:\\\/\\\/memurunsesi.net\\\/#website\",\"url\":\"https:\\\/\\\/memurunsesi.net\\\/\",\"name\":\"Memurun Sesi\",\"description\":\"G\u00fcncel ve Do\u011fru Haber\",\"publisher\":{\"@id\":\"https:\\\/\\\/memurunsesi.net\\\/#organization\"},\"potentialAction\":[{\"@type\":\"SearchAction\",\"target\":{\"@type\":\"EntryPoint\",\"urlTemplate\":\"https:\\\/\\\/memurunsesi.net\\\/?s={search_term_string}\"},\"query-input\":{\"@type\":\"PropertyValueSpecification\",\"valueRequired\":true,\"valueName\":\"search_term_string\"}}],\"inLanguage\":\"tr\"},{\"@type\":\"Organization\",\"@id\":\"https:\\\/\\\/memurunsesi.net\\\/#organization\",\"name\":\"Memurun Sesi\",\"url\":\"https:\\\/\\\/memurunsesi.net\\\/\",\"logo\":{\"@type\":\"ImageObject\",\"inLanguage\":\"tr\",\"@id\":\"https:\\\/\\\/memurunsesi.net\\\/#\\\/schema\\\/logo\\\/image\\\/\",\"url\":\"https:\\\/\\\/memurunsesi.net\\\/wp-content\\\/uploads\\\/2025\\\/11\\\/cropped-MEMURUN-SESI.png\",\"contentUrl\":\"https:\\\/\\\/memurunsesi.net\\\/wp-content\\\/uploads\\\/2025\\\/11\\\/cropped-MEMURUN-SESI.png\",\"width\":238,\"height\":57,\"caption\":\"Memurun Sesi\"},\"image\":{\"@id\":\"https:\\\/\\\/memurunsesi.net\\\/#\\\/schema\\\/logo\\\/image\\\/\"},\"sameAs\":[\"https:\\\/\\\/www.facebook.com\\\/unipersen\\\/?locale=tr_TR\",\"https:\\\/\\\/x.com\\\/unipersen\"]},{\"@type\":\"Person\",\"@id\":\"https:\\\/\\\/memurunsesi.net\\\/#\\\/schema\\\/person\\\/f21c2d73b89f6ee1d80b0a1803e38587\",\"name\":\"Memurun Sesi Haber Merkezi\",\"image\":{\"@type\":\"ImageObject\",\"inLanguage\":\"tr\",\"@id\":\"https:\\\/\\\/secure.gravatar.com\\\/avatar\\\/6cf0505f452ee753f485014986fab09a434671d2b919ee76fc541025c5876a70?s=96&d=mm&r=g\",\"url\":\"https:\\\/\\\/secure.gravatar.com\\\/avatar\\\/6cf0505f452ee753f485014986fab09a434671d2b919ee76fc541025c5876a70?s=96&d=mm&r=g\",\"contentUrl\":\"https:\\\/\\\/secure.gravatar.com\\\/avatar\\\/6cf0505f452ee753f485014986fab09a434671d2b919ee76fc541025c5876a70?s=96&d=mm&r=g\",\"caption\":\"Memurun Sesi Haber Merkezi\"},\"sameAs\":[\"https:\\\/\\\/memurunsesi.net\"],\"url\":\"https:\\\/\\\/memurunsesi.net\\\/index.php\\\/author\\\/uniper\\\/\"}]}<\/script>\n<!-- \/ Yoast SEO plugin. -->","yoast_head_json":{"title":"K\u00f6peklerin sald\u0131r\u0131s\u0131nda kabusu ya\u015fayan karde\u015flerin biri yaraland\u0131, di\u011ferindeyse kafa sallama travmas\u0131 olu\u015ftu - Memurun Sesi","description":"Hatay'\u0131n Reyhanl\u0131 il\u00e7esi markete giden iki k\u0131z karde\u015f, k\u00f6peklerin sald\u0131r\u0131s\u0131na u\u011frad\u0131. K\u00f6peklerin sald\u0131r\u0131s\u0131na u\u011frayan karde\u015flerin biri baca\u011f\u0131ndan yaralan\u0131rken di\u011ferinde ise korkudan dolay\u0131 kafa sallama travmas\u0131 olu\u015ftu.","robots":{"index":"index","follow":"follow","max-snippet":"max-snippet:-1","max-image-preview":"max-image-preview:large","max-video-preview":"max-video-preview:-1"},"canonical":"https:\/\/memurunsesi.net\/index.php\/2026\/05\/03\/kopeklerin-saldirisinda-kabusu-yasayan-kardeslerin-biri-yaralandi-digerindeyse-kafa-sallama-travmasi-olustu\/","og_locale":"tr_TR","og_type":"article","og_title":"K\u00f6peklerin sald\u0131r\u0131s\u0131nda kabusu ya\u015fayan karde\u015flerin biri yaraland\u0131, di\u011ferindeyse kafa sallama travmas\u0131 olu\u015ftu - Memurun Sesi","og_description":"Hatay'\u0131n Reyhanl\u0131 il\u00e7esi markete giden iki k\u0131z karde\u015f, k\u00f6peklerin sald\u0131r\u0131s\u0131na u\u011frad\u0131. K\u00f6peklerin sald\u0131r\u0131s\u0131na u\u011frayan karde\u015flerin biri baca\u011f\u0131ndan yaralan\u0131rken di\u011ferinde ise korkudan dolay\u0131 kafa sallama travmas\u0131 olu\u015ftu.","og_url":"https:\/\/memurunsesi.net\/index.php\/2026\/05\/03\/kopeklerin-saldirisinda-kabusu-yasayan-kardeslerin-biri-yaralandi-digerindeyse-kafa-sallama-travmasi-olustu\/","og_site_name":"Memurun Sesi","article_publisher":"https:\/\/www.facebook.com\/unipersen\/?locale=tr_TR","article_published_time":"2026-05-03T06:15:28+00:00","og_image":[{"width":750,"height":500,"url":"https:\/\/memurunsesi.net\/wp-content\/uploads\/2026\/05\/kopek-saldirisi.jpg","type":"image\/jpeg"}],"author":"Memurun Sesi Haber Merkezi","twitter_card":"summary_large_image","twitter_creator":"@unipersen","twitter_site":"@unipersen","twitter_misc":{"Yazan:":"Memurun Sesi Haber Merkezi","Tahmini okuma s\u00fcresi":"3 dakika"},"schema":{"@context":"https:\/\/schema.org","@graph":[{"@type":"Article","@id":"https:\/\/memurunsesi.net\/index.php\/2026\/05\/03\/kopeklerin-saldirisinda-kabusu-yasayan-kardeslerin-biri-yaralandi-digerindeyse-kafa-sallama-travmasi-olustu\/#article","isPartOf":{"@id":"https:\/\/memurunsesi.net\/index.php\/2026\/05\/03\/kopeklerin-saldirisinda-kabusu-yasayan-kardeslerin-biri-yaralandi-digerindeyse-kafa-sallama-travmasi-olustu\/"},"author":{"name":"Memurun Sesi Haber Merkezi","@id":"https:\/\/memurunsesi.net\/#\/schema\/person\/f21c2d73b89f6ee1d80b0a1803e38587"},"headline":"K\u00f6peklerin sald\u0131r\u0131s\u0131nda kabusu ya\u015fayan karde\u015flerin biri yaraland\u0131, di\u011ferindeyse kafa sallama travmas\u0131 olu\u015ftu","datePublished":"2026-05-03T06:15:28+00:00","mainEntityOfPage":{"@id":"https:\/\/memurunsesi.net\/index.php\/2026\/05\/03\/kopeklerin-saldirisinda-kabusu-yasayan-kardeslerin-biri-yaralandi-digerindeyse-kafa-sallama-travmasi-olustu\/"},"wordCount":667,"commentCount":0,"publisher":{"@id":"https:\/\/memurunsesi.net\/#organization"},"image":{"@id":"https:\/\/memurunsesi.net\/index.php\/2026\/05\/03\/kopeklerin-saldirisinda-kabusu-yasayan-kardeslerin-biri-yaralandi-digerindeyse-kafa-sallama-travmasi-olustu\/#primaryimage"},"thumbnailUrl":"https:\/\/memurunsesi.net\/wp-content\/uploads\/2026\/05\/kopek-saldirisi.jpg","keywords":["iki k\u0131z karde\u015f","k\u00f6peklerin","sald\u0131r\u0131s\u0131na ugrad\u0131"],"inLanguage":"tr","potentialAction":[{"@type":"CommentAction","name":"Comment","target":["https:\/\/memurunsesi.net\/index.php\/2026\/05\/03\/kopeklerin-saldirisinda-kabusu-yasayan-kardeslerin-biri-yaralandi-digerindeyse-kafa-sallama-travmasi-olustu\/#respond"]}]},{"@type":"WebPage","@id":"https:\/\/memurunsesi.net\/index.php\/2026\/05\/03\/kopeklerin-saldirisinda-kabusu-yasayan-kardeslerin-biri-yaralandi-digerindeyse-kafa-sallama-travmasi-olustu\/","url":"https:\/\/memurunsesi.net\/index.php\/2026\/05\/03\/kopeklerin-saldirisinda-kabusu-yasayan-kardeslerin-biri-yaralandi-digerindeyse-kafa-sallama-travmasi-olustu\/","name":"K\u00f6peklerin sald\u0131r\u0131s\u0131nda kabusu ya\u015fayan karde\u015flerin biri yaraland\u0131, di\u011ferindeyse kafa sallama travmas\u0131 olu\u015ftu - Memurun Sesi","isPartOf":{"@id":"https:\/\/memurunsesi.net\/#website"},"primaryImageOfPage":{"@id":"https:\/\/memurunsesi.net\/index.php\/2026\/05\/03\/kopeklerin-saldirisinda-kabusu-yasayan-kardeslerin-biri-yaralandi-digerindeyse-kafa-sallama-travmasi-olustu\/#primaryimage"},"image":{"@id":"https:\/\/memurunsesi.net\/index.php\/2026\/05\/03\/kopeklerin-saldirisinda-kabusu-yasayan-kardeslerin-biri-yaralandi-digerindeyse-kafa-sallama-travmasi-olustu\/#primaryimage"},"thumbnailUrl":"https:\/\/memurunsesi.net\/wp-content\/uploads\/2026\/05\/kopek-saldirisi.jpg","datePublished":"2026-05-03T06:15:28+00:00","description":"Hatay'\u0131n Reyhanl\u0131 il\u00e7esi markete giden iki k\u0131z karde\u015f, k\u00f6peklerin sald\u0131r\u0131s\u0131na u\u011frad\u0131. K\u00f6peklerin sald\u0131r\u0131s\u0131na u\u011frayan karde\u015flerin biri baca\u011f\u0131ndan yaralan\u0131rken di\u011ferinde ise korkudan dolay\u0131 kafa sallama travmas\u0131 olu\u015ftu.","breadcrumb":{"@id":"https:\/\/memurunsesi.net\/index.php\/2026\/05\/03\/kopeklerin-saldirisinda-kabusu-yasayan-kardeslerin-biri-yaralandi-digerindeyse-kafa-sallama-travmasi-olustu\/#breadcrumb"},"inLanguage":"tr","potentialAction":[{"@type":"ReadAction","target":["https:\/\/memurunsesi.net\/index.php\/2026\/05\/03\/kopeklerin-saldirisinda-kabusu-yasayan-kardeslerin-biri-yaralandi-digerindeyse-kafa-sallama-travmasi-olustu\/"]}]},{"@type":"ImageObject","inLanguage":"tr","@id":"https:\/\/memurunsesi.net\/index.php\/2026\/05\/03\/kopeklerin-saldirisinda-kabusu-yasayan-kardeslerin-biri-yaralandi-digerindeyse-kafa-sallama-travmasi-olustu\/#primaryimage","url":"https:\/\/memurunsesi.net\/wp-content\/uploads\/2026\/05\/kopek-saldirisi.jpg","contentUrl":"https:\/\/memurunsesi.net\/wp-content\/uploads\/2026\/05\/kopek-saldirisi.jpg","width":750,"height":500,"caption":"HATAY'IN REYHANLI \u0130L\u00c7ES\u0130 MARKETE G\u0130DEN \u0130K\u0130 KIZ KARDE\u015e, K\u00d6PEKLER\u0130N SALDIRISINA U\u011eRADI. K\u00d6PEKLER\u0130N SALDIRISINA U\u011eRAYAN KARDE\u015eLER\u0130 BACA\u011eINDAN YARALANIRKEN D\u0130\u011eER\u0130NDE \u0130SE KORKUDAN DOLAYI TRAVMA OLU\u015eTU. (RAMAZAN \u0130LIN\/HATAY-\u0130HA) Hatay'\u0131n Reyhanl\u0131 il\u00e7esi markete giden iki k\u0131z karde\u015f, k\u00f6peklerin sald\u0131r\u0131s\u0131na u\u011frad\u0131. K\u00f6peklerin sald\u0131r\u0131s\u0131na u\u011frayan karde\u015flerin biri baca\u011f\u0131ndan yaralan\u0131rken di\u011ferinde ise korkudan dolay\u0131 kafa sallama travmas\u0131 olu\u015ftu."},{"@type":"BreadcrumbList","@id":"https:\/\/memurunsesi.net\/index.php\/2026\/05\/03\/kopeklerin-saldirisinda-kabusu-yasayan-kardeslerin-biri-yaralandi-digerindeyse-kafa-sallama-travmasi-olustu\/#breadcrumb","itemListElement":[{"@type":"ListItem","position":1,"name":"Anasayfa","item":"https:\/\/memurunsesi.net\/"},{"@type":"ListItem","position":2,"name":"K\u00f6peklerin sald\u0131r\u0131s\u0131nda kabusu ya\u015fayan karde\u015flerin biri yaraland\u0131, di\u011ferindeyse kafa sallama travmas\u0131 olu\u015ftu"}]},{"@type":"WebSite","@id":"https:\/\/memurunsesi.net\/#website","url":"https:\/\/memurunsesi.net\/","name":"Memurun Sesi","description":"G\u00fcncel ve Do\u011fru Haber","publisher":{"@id":"https:\/\/memurunsesi.net\/#organization"},"potentialAction":[{"@type":"SearchAction","target":{"@type":"EntryPoint","urlTemplate":"https:\/\/memurunsesi.net\/?s={search_term_string}"},"query-input":{"@type":"PropertyValueSpecification","valueRequired":true,"valueName":"search_term_string"}}],"inLanguage":"tr"},{"@type":"Organization","@id":"https:\/\/memurunsesi.net\/#organization","name":"Memurun Sesi","url":"https:\/\/memurunsesi.net\/","logo":{"@type":"ImageObject","inLanguage":"tr","@id":"https:\/\/memurunsesi.net\/#\/schema\/logo\/image\/","url":"https:\/\/memurunsesi.net\/wp-content\/uploads\/2025\/11\/cropped-MEMURUN-SESI.png","contentUrl":"https:\/\/memurunsesi.net\/wp-content\/uploads\/2025\/11\/cropped-MEMURUN-SESI.png","width":238,"height":57,"caption":"Memurun Sesi"},"image":{"@id":"https:\/\/memurunsesi.net\/#\/schema\/logo\/image\/"},"sameAs":["https:\/\/www.facebook.com\/unipersen\/?locale=tr_TR","https:\/\/x.com\/unipersen"]},{"@type":"Person","@id":"https:\/\/memurunsesi.net\/#\/schema\/person\/f21c2d73b89f6ee1d80b0a1803e38587","name":"Memurun Sesi Haber Merkezi","image":{"@type":"ImageObject","inLanguage":"tr","@id":"https:\/\/secure.gravatar.com\/avatar\/6cf0505f452ee753f485014986fab09a434671d2b919ee76fc541025c5876a70?s=96&d=mm&r=g","url":"https:\/\/secure.gravatar.com\/avatar\/6cf0505f452ee753f485014986fab09a434671d2b919ee76fc541025c5876a70?s=96&d=mm&r=g","contentUrl":"https:\/\/secure.gravatar.com\/avatar\/6cf0505f452ee753f485014986fab09a434671d2b919ee76fc541025c5876a70?s=96&d=mm&r=g","caption":"Memurun Sesi Haber Merkezi"},"sameAs":["https:\/\/memurunsesi.net"],"url":"https:\/\/memurunsesi.net\/index.php\/author\/uniper\/"}]}},"_links":{"self":[{"href":"https:\/\/memurunsesi.net\/index.php\/wp-json\/wp\/v2\/posts\/19896","targetHints":{"allow":["GET"]}}],"collection":[{"href":"https:\/\/memurunsesi.net\/index.php\/wp-json\/wp\/v2\/posts"}],"about":[{"href":"https:\/\/memurunsesi.net\/index.php\/wp-json\/wp\/v2\/types\/post"}],"author":[{"embeddable":true,"href":"https:\/\/memurunsesi.net\/index.php\/wp-json\/wp\/v2\/users\/1"}],"replies":[{"embeddable":true,"href":"https:\/\/memurunsesi.net\/index.php\/wp-json\/wp\/v2\/comments?post=19896"}],"version-history":[{"count":1,"href":"https:\/\/memurunsesi.net\/index.php\/wp-json\/wp\/v2\/posts\/19896\/revisions"}],"predecessor-version":[{"id":19898,"href":"https:\/\/memurunsesi.net\/index.php\/wp-json\/wp\/v2\/posts\/19896\/revisions\/19898"}],"wp:featuredmedia":[{"embeddable":true,"href":"https:\/\/memurunsesi.net\/index.php\/wp-json\/wp\/v2\/media\/19897"}],"wp:attachment":[{"href":"https:\/\/memurunsesi.net\/index.php\/wp-json\/wp\/v2\/media?parent=19896"}],"wp:term":[{"taxonomy":"category","embeddable":true,"href":"https:\/\/memurunsesi.net\/index.php\/wp-json\/wp\/v2\/categories?post=19896"},{"taxonomy":"post_tag","embeddable":true,"href":"https:\/\/memurunsesi.net\/index.php\/wp-json\/wp\/v2\/tags?post=19896"}],"curies":[{"name":"wp","href":"https:\/\/api.w.org\/{rel}","templated":true}]}}