{"id":19899,"date":"2026-05-03T09:25:09","date_gmt":"2026-05-03T06:25:09","guid":{"rendered":"https:\/\/memurunsesi.net\/?p=19899"},"modified":"2026-05-03T09:27:58","modified_gmt":"2026-05-03T06:27:58","slug":"egitim-takviminde-degisiklik-gundemde-ara-tatil-kalkabilir-yaz-tatili-uzayabilir","status":"publish","type":"post","link":"https:\/\/memurunsesi.net\/index.php\/2026\/05\/03\/egitim-takviminde-degisiklik-gundemde-ara-tatil-kalkabilir-yaz-tatili-uzayabilir\/","title":{"rendered":"E\u011fitim Takviminde De\u011fi\u015fiklik G\u00fcndemde: Ara Tatil Kalkabilir, Yaz Tatili Uzayabilir"},"content":{"rendered":"<section class=\"text-token-text-primary w-full focus:outline-none [--shadow-height:45px] has-data-writing-block:pointer-events-none has-data-writing-block:-mt-(--shadow-height) has-data-writing-block:pt-(--shadow-height) [&amp;:has([data-writing-block])&gt;*]:pointer-events-auto [content-visibility:auto] supports-[content-visibility:auto]:[contain-intrinsic-size:auto_100lvh] R6Vx5W_threadScrollVars scroll-mb-[calc(var(--scroll-root-safe-area-inset-bottom,0px)+var(--thread-response-height))] scroll-mt-[calc(var(--header-height)+min(200px,max(70px,20svh)))]\" dir=\"auto\" data-turn-id=\"request-WEB:a5e06ba1-5787-4474-bbb1-6761516cc5ab-16\" data-testid=\"conversation-turn-34\" data-scroll-anchor=\"false\" data-turn=\"assistant\">\n<div class=\"text-base my-auto mx-auto pb-10 [--thread-content-margin:var(--thread-content-margin-xs,calc(var(--spacing)*4))] @w-sm\/main:[--thread-content-margin:var(--thread-content-margin-sm,calc(var(--spacing)*6))] @w-lg\/main:[--thread-content-margin:var(--thread-content-margin-lg,calc(var(--spacing)*16))] px-(--thread-content-margin)\">\n<div class=\"[--thread-content-max-width:40rem] @w-lg\/main:[--thread-content-max-width:48rem] mx-auto max-w-(--thread-content-max-width) flex-1 group\/turn-messages focus-visible:outline-hidden relative flex w-full min-w-0 flex-col agent-turn\">\n<div class=\"flex max-w-full flex-col gap-4 grow\">\n<div class=\"min-h-8 text-message relative flex w-full flex-col items-end gap-2 text-start break-words whitespace-normal outline-none keyboard-focused:focus-ring [.text-message+&amp;]:mt-1\" dir=\"auto\" tabindex=\"0\" data-message-author-role=\"assistant\" data-message-id=\"0b3e858f-b560-41a0-9e36-9bfcb2ba7634\" data-message-model-slug=\"gpt-5-3\" data-turn-start-message=\"true\">\n<div class=\"flex w-full flex-col gap-1 empty:hidden\">\n<div class=\"markdown prose dark:prose-invert w-full wrap-break-word light markdown-new-styling\">\n<p data-start=\"88\" data-end=\"362\">\u00a0 \u00a0 Milli E\u011fitim Bakan\u0131 <span class=\"hover:entity-accent entity-underline inline cursor-pointer align-baseline\"><span class=\"whitespace-normal\">Yusuf Tekin<\/span><\/span>, e\u011fitim takvimine ili\u015fkin \u00f6nemli de\u011fi\u015fikliklerin g\u00fcndemde oldu\u011funu a\u00e7\u0131klad\u0131. Yap\u0131lan de\u011ferlendirmelere g\u00f6re, mevcut uygulamada yer alan Kas\u0131m ve Nisan ara tatillerinin kald\u0131r\u0131larak yaz tatiline eklenmesi planlan\u0131yor.<\/p>\n<h3 data-section-id=\"n8irww\" data-start=\"364\" data-end=\"412\"><span role=\"text\"><strong data-start=\"368\" data-end=\"412\">Ara Tatiller Yerine Daha Uzun Yaz Tatili<\/strong><\/span><\/h3>\n<p data-start=\"414\" data-end=\"740\">Bakan Tekin, ara tatillerin kald\u0131r\u0131lmas\u0131 durumunda e\u011fitim s\u00fcresinin uzamayaca\u011f\u0131n\u0131 belirterek, \u201cEyl\u00fcl ay\u0131ndaki ba\u015flang\u0131c\u0131 biraz daha ge\u00e7, haziran ay\u0131ndaki biti\u015fi ise daha erkene \u00e7ekmi\u015f olaca\u011f\u0131z\u201d ifadelerini kulland\u0131. Bu d\u00fczenleme ile \u00f6\u011frencilerin tek par\u00e7a h\u00e2linde daha uzun bir yaz tatili yapmas\u0131n\u0131n hedeflendi\u011fi ifade edildi.<\/p>\n<h3 data-section-id=\"k9szab\" data-start=\"742\" data-end=\"782\"><span role=\"text\"><strong data-start=\"746\" data-end=\"782\">Okul G\u00fcvenli\u011fi \u0130\u00e7in Yeni Ad\u0131mlar<\/strong><\/span><\/h3>\n<p data-start=\"784\" data-end=\"1094\">Son d\u00f6nemde ya\u015fanan okul sald\u0131r\u0131lar\u0131n\u0131n ard\u0131ndan g\u00fcvenlik \u00f6nlemlerinin art\u0131r\u0131laca\u011f\u0131 da a\u00e7\u0131kland\u0131. <span class=\"hover:entity-accent entity-underline inline cursor-pointer align-baseline\"><span class=\"whitespace-normal\">Milli E\u011fitim Bakanl\u0131\u011f\u0131<\/span><\/span>, <span class=\"hover:entity-accent entity-underline inline cursor-pointer align-baseline\"><span class=\"whitespace-normal\">\u0130\u00e7i\u015fleri Bakanl\u0131\u011f\u0131<\/span><\/span> ve <span class=\"hover:entity-accent entity-underline inline cursor-pointer align-baseline\"><span class=\"whitespace-normal\">Adalet Bakanl\u0131\u011f\u0131<\/span><\/span> ile birlikte y\u00fcr\u00fct\u00fclen \u00e7al\u0131\u015fmalar kapsam\u0131nda, olaylar\u0131n t\u00fcm y\u00f6nleriyle incelendi\u011fi bildirildi.<\/p>\n<p data-start=\"1096\" data-end=\"1369\">Yetkililer, sald\u0131r\u0131lar\u0131n yaln\u0131zca bireysel de\u011fil, sosyal ve dijital etkenlerle birlikte de\u011ferlendirilmesi gerekti\u011fine dikkat \u00e7ekti. Bu kapsamda hem cezai s\u00fcre\u00e7lerin i\u015fletilece\u011fi hem de benzer olaylar\u0131n \u00f6n\u00fcne ge\u00e7ilmesi i\u00e7in \u00f6nleyici politikalar\u0131n geli\u015ftirilece\u011fi belirtildi.<\/p>\n<h3 data-section-id=\"igsm89\" data-start=\"1371\" data-end=\"1403\"><span role=\"text\"><strong data-start=\"1375\" data-end=\"1403\">\u201cOkul Polisi\u201d Tart\u0131\u015fmas\u0131<\/strong><\/span><\/h3>\n<p data-start=\"1405\" data-end=\"1647\">Bakan Tekin, okullarda s\u00fcrekli silahl\u0131 g\u00fcvenlik g\u00f6revlisi bulundurulmas\u0131n\u0131n tek ba\u015f\u0131na \u00e7\u00f6z\u00fcm olmayaca\u011f\u0131n\u0131 vurgulad\u0131. Bunun yerine, e\u011fitim ortam\u0131na uygun \u015fekilde \u00f6zel e\u011fitim alm\u0131\u015f g\u00fcvenlik personelinin g\u00f6revlendirilmesi gerekti\u011fini ifade etti.<\/p>\n<p data-start=\"1649\" data-end=\"1911\">T\u00fcrkiye genelinde risk durumuna g\u00f6re baz\u0131 okullarda 24 saat g\u00fcvenlik g\u00f6revlisi bulunduruldu\u011fu, baz\u0131 b\u00f6lgelerde ise devriye uygulamalar\u0131n\u0131n s\u00fcrd\u00fcr\u00fcld\u00fc\u011f\u00fc aktar\u0131ld\u0131. Ayr\u0131ca okul g\u00fcvenlik komisyonlar\u0131 arac\u0131l\u0131\u011f\u0131yla yerel bazda risk analizlerinin yap\u0131ld\u0131\u011f\u0131 belirtildi.<\/p>\n<h3 data-section-id=\"15wx1\" data-start=\"1913\" data-end=\"1965\"><span role=\"text\"><strong data-start=\"1917\" data-end=\"1965\">\u00d6nleyici E\u011fitim ve Fiziki G\u00fcvenlik \u00d6n Planda<\/strong><\/span><\/h3>\n<p data-start=\"1967\" data-end=\"2004\">Yeni d\u00f6nemde \u00fc\u00e7 ba\u015fl\u0131k \u00f6ne \u00e7\u0131k\u0131yor:<\/p>\n<ul data-start=\"2005\" data-end=\"2216\">\n<li data-section-id=\"1yas7pq\" data-start=\"2005\" data-end=\"2101\">\u00d6\u011frencilerin \u015fiddet e\u011filimini azaltmaya y\u00f6nelik psikolojik ve sosyal desteklerin art\u0131r\u0131lmas\u0131<\/li>\n<li data-section-id=\"1p37gw3\" data-start=\"2102\" data-end=\"2160\">Okullar\u0131n fiziki g\u00fcvenlik altyap\u0131s\u0131n\u0131n g\u00fc\u00e7lendirilmesi<\/li>\n<li data-section-id=\"1nck2l2\" data-start=\"2161\" data-end=\"2216\">Riskli b\u00f6lgelerde g\u00fcvenlik \u00f6nlemlerinin art\u0131r\u0131lmas\u0131<\/li>\n<\/ul>\n<p data-start=\"2218\" data-end=\"2325\">Bu kapsamda \u00f6zellikle dijital ba\u011f\u0131ml\u0131l\u0131kla m\u00fccadele ve rehberlik hizmetlerinin g\u00fc\u00e7lendirilmesi planlan\u0131yor.<\/p>\n<h3 data-section-id=\"5ta1cm\" data-start=\"2327\" data-end=\"2372\"><span role=\"text\"><strong data-start=\"2331\" data-end=\"2372\">Zorunlu E\u011fitim S\u00fcresi de Tart\u0131\u015f\u0131l\u0131yor<\/strong><\/span><\/h3>\n<p data-start=\"2374\" data-end=\"2605\">Bakan Tekin, 12 y\u0131ll\u0131k zorunlu e\u011fitim s\u00fcresinin de yeniden de\u011ferlendirilmesi gerekti\u011fini belirtti. Uluslararas\u0131 \u00f6rnekler \u00fczerinden yap\u0131lan de\u011ferlendirmelerde, e\u011fitim s\u00fcresinin daha esnek bir yap\u0131ya kavu\u015fturulabilece\u011fi ifade edildi.<\/p>\n<h3 data-section-id=\"1o54i88\" data-start=\"2607\" data-end=\"2643\"><span role=\"text\"><strong data-start=\"2611\" data-end=\"2643\">\u00d6zel Okul \u00dccretleri G\u00fcndemde<\/strong><\/span><\/h3>\n<p data-start=\"2645\" data-end=\"2872\">\u00d6zel okul \u00fccretlerine ili\u015fkin de a\u00e7\u0131klama yapan Tekin, y\u00fcksek fiyatlar\u0131n sunduklar\u0131 imk\u00e2nlarla ba\u011flant\u0131l\u0131 oldu\u011funu belirtti. Ancak art\u0131\u015flar\u0131n enflasyon oranlar\u0131n\u0131n \u00fczerinde olmamas\u0131 i\u00e7in d\u00fczenlemelerin s\u00fcrd\u00fcr\u00fcld\u00fc\u011f\u00fcn\u00fc vurgulad\u0131.<\/p>\n<h3 data-section-id=\"g8mti8\" data-start=\"2874\" data-end=\"2924\"><span role=\"text\"><strong data-start=\"2878\" data-end=\"2924\">Okul Sald\u0131r\u0131lar\u0131 G\u00fcndemdeki Yerini Koruyor<\/strong><\/span><\/h3>\n<p data-start=\"2926\" data-end=\"3192\">Son d\u00f6nemde T\u00fcrkiye\u2019de ya\u015fanan iki ayr\u0131 okul sald\u0131r\u0131s\u0131, g\u00fcvenlik konusunu yeniden g\u00fcndeme ta\u015f\u0131d\u0131. \u015eanl\u0131urfa\u2019n\u0131n Siverek il\u00e7esi ile Kahramanmara\u015f\u2019\u0131n Oniki\u015fubat il\u00e7esinde meydana gelen olaylar, e\u011fitim kurumlar\u0131nda al\u0131nacak \u00f6nlemlerin \u00f6nemini bir kez daha ortaya koydu.<\/p>\n<p data-start=\"3199\" data-end=\"3348\" data-is-last-node=\"\" data-is-only-node=\"\">E\u011fitim takviminden okul g\u00fcvenli\u011fine kadar bir\u00e7ok ba\u015fl\u0131kta planlanan de\u011fi\u015fikliklerin, \u00f6n\u00fcm\u00fczdeki e\u011fitim-\u00f6\u011fretim y\u0131l\u0131nda hayata ge\u00e7irilmesi bekleniyor.<\/p>\n<p data-start=\"3199\" data-end=\"3348\" data-is-last-node=\"\" data-is-only-node=\"\">03.05.2026<\/p>\n<\/div>\n<\/div>\n<\/div>\n<\/div>\n<div class=\"z-0 flex min-h-[46px] justify-start\"><\/div>\n<div class=\"mt-3 w-full empty:hidden\">\n<div class=\"text-center\"><\/div>\n<\/div>\n<\/div>\n<\/div>\n<\/section>\n<div class=\"pointer-events-none -mt-px h-px translate-y-[calc(var(--scroll-root-safe-area-inset-bottom)-14*var(--spacing))]\" aria-hidden=\"true\"><\/div>\n","protected":false},"excerpt":{"rendered":"<p>\u00a0 \u00a0 Milli E\u011fitim Bakan\u0131 Yusuf Tekin, e\u011fitim takvimine ili\u015fkin \u00f6nemli de\u011fi\u015fikliklerin g\u00fcndemde oldu\u011funu a\u00e7\u0131klad\u0131. Yap\u0131lan de\u011ferlendirmelere g\u00f6re, mevcut uygulamada yer alan Kas\u0131m ve Nisan ara tatillerinin kald\u0131r\u0131larak yaz tatiline eklenmesi planlan\u0131yor. Ara Tatiller Yerine Daha Uzun Yaz Tatili Bakan Tekin, ara tatillerin kald\u0131r\u0131lmas\u0131 durumunda e\u011fitim s\u00fcresinin uzamayaca\u011f\u0131n\u0131 belirterek, \u201cEyl\u00fcl ay\u0131ndaki ba\u015flang\u0131c\u0131 biraz daha ge\u00e7, [&hellip;]<\/p>\n","protected":false},"author":1,"featured_media":19735,"comment_status":"open","ping_status":"open","sticky":false,"template":"","format":"standard","meta":{"footnotes":""},"categories":[1],"tags":[3858,3861,1400,1408,3854,3616,3860,3856,3857,3859,1990,3855,1390],"class_list":["post-19899","post","type-post","status-publish","format-standard","has-post-thumbnail","hentry","category-genel","tag-12-yillik-egitim","tag-2026-egitim-yili","tag-ara-tatil-kalkacak-mi","tag-egitim-haberleri","tag-egitim-takvimi","tag-milli-egitim-bakanligi","tag-ogrenci-tatili","tag-okul-guvenligi","tag-okul-polisi","tag-ozel-okul-ucretleri","tag-turkiye-egitim-sistemi","tag-yaz-tatili","tag-yusuf-tekin"],"yoast_head":"<!-- This site is optimized with the Yoast SEO plugin v27.5 - https:\/\/yoast.com\/product\/yoast-seo-wordpress\/ -->\n<title>E\u011fitim Takviminde De\u011fi\u015fiklik G\u00fcndemde: Ara Tatil Kalkabilir, Yaz Tatili Uzayabilir - Memurun Sesi<\/title>\n<meta name=\"description\" content=\"Milli E\u011fitim Bakan\u0131 Yusuf Tekin, ara tatillerin kald\u0131r\u0131labilece\u011fini ve yaz tatilinin uzat\u0131laca\u011f\u0131n\u0131 a\u00e7\u0131klad\u0131. Okul g\u00fcvenli\u011fi ve e\u011fitim sistemine y\u00f6nelik yeni d\u00fczenlemeler de g\u00fcndemde.\" \/>\n<meta name=\"robots\" content=\"index, follow, max-snippet:-1, max-image-preview:large, max-video-preview:-1\" \/>\n<link rel=\"canonical\" href=\"https:\/\/memurunsesi.net\/index.php\/2026\/05\/03\/egitim-takviminde-degisiklik-gundemde-ara-tatil-kalkabilir-yaz-tatili-uzayabilir\/\" \/>\n<meta property=\"og:locale\" content=\"tr_TR\" \/>\n<meta property=\"og:type\" content=\"article\" \/>\n<meta property=\"og:title\" content=\"E\u011fitim Takviminde De\u011fi\u015fiklik G\u00fcndemde: Ara Tatil Kalkabilir, Yaz Tatili Uzayabilir - Memurun Sesi\" \/>\n<meta property=\"og:description\" content=\"Milli E\u011fitim Bakan\u0131 Yusuf Tekin, ara tatillerin kald\u0131r\u0131labilece\u011fini ve yaz tatilinin uzat\u0131laca\u011f\u0131n\u0131 a\u00e7\u0131klad\u0131. Okul g\u00fcvenli\u011fi ve e\u011fitim sistemine y\u00f6nelik yeni d\u00fczenlemeler de g\u00fcndemde.\" \/>\n<meta property=\"og:url\" content=\"https:\/\/memurunsesi.net\/index.php\/2026\/05\/03\/egitim-takviminde-degisiklik-gundemde-ara-tatil-kalkabilir-yaz-tatili-uzayabilir\/\" \/>\n<meta property=\"og:site_name\" content=\"Memurun Sesi\" \/>\n<meta property=\"article:publisher\" content=\"https:\/\/www.facebook.com\/unipersen\/?locale=tr_TR\" \/>\n<meta property=\"article:published_time\" content=\"2026-05-03T06:25:09+00:00\" \/>\n<meta property=\"article:modified_time\" content=\"2026-05-03T06:27:58+00:00\" \/>\n<meta property=\"og:image\" content=\"https:\/\/memurunsesi.net\/wp-content\/uploads\/2026\/04\/22.png\" \/>\n\t<meta property=\"og:image:width\" content=\"1080\" \/>\n\t<meta property=\"og:image:height\" content=\"720\" \/>\n\t<meta property=\"og:image:type\" content=\"image\/png\" \/>\n<meta name=\"author\" content=\"Memurun Sesi Haber Merkezi\" \/>\n<meta name=\"twitter:card\" content=\"summary_large_image\" \/>\n<meta name=\"twitter:creator\" content=\"@unipersen\" \/>\n<meta name=\"twitter:site\" content=\"@unipersen\" \/>\n<meta name=\"twitter:label1\" content=\"Yazan:\" \/>\n\t<meta name=\"twitter:data1\" content=\"Memurun Sesi Haber Merkezi\" \/>\n\t<meta name=\"twitter:label2\" content=\"Tahmini okuma s\u00fcresi\" \/>\n\t<meta name=\"twitter:data2\" content=\"3 dakika\" \/>\n<script type=\"application\/ld+json\" class=\"yoast-schema-graph\">{\"@context\":\"https:\\\/\\\/schema.org\",\"@graph\":[{\"@type\":\"Article\",\"@id\":\"https:\\\/\\\/memurunsesi.net\\\/index.php\\\/2026\\\/05\\\/03\\\/egitim-takviminde-degisiklik-gundemde-ara-tatil-kalkabilir-yaz-tatili-uzayabilir\\\/#article\",\"isPartOf\":{\"@id\":\"https:\\\/\\\/memurunsesi.net\\\/index.php\\\/2026\\\/05\\\/03\\\/egitim-takviminde-degisiklik-gundemde-ara-tatil-kalkabilir-yaz-tatili-uzayabilir\\\/\"},\"author\":{\"name\":\"Memurun Sesi Haber Merkezi\",\"@id\":\"https:\\\/\\\/memurunsesi.net\\\/#\\\/schema\\\/person\\\/f21c2d73b89f6ee1d80b0a1803e38587\"},\"headline\":\"E\u011fitim Takviminde De\u011fi\u015fiklik G\u00fcndemde: Ara Tatil Kalkabilir, Yaz Tatili Uzayabilir\",\"datePublished\":\"2026-05-03T06:25:09+00:00\",\"dateModified\":\"2026-05-03T06:27:58+00:00\",\"mainEntityOfPage\":{\"@id\":\"https:\\\/\\\/memurunsesi.net\\\/index.php\\\/2026\\\/05\\\/03\\\/egitim-takviminde-degisiklik-gundemde-ara-tatil-kalkabilir-yaz-tatili-uzayabilir\\\/\"},\"wordCount\":580,\"commentCount\":0,\"publisher\":{\"@id\":\"https:\\\/\\\/memurunsesi.net\\\/#organization\"},\"image\":{\"@id\":\"https:\\\/\\\/memurunsesi.net\\\/index.php\\\/2026\\\/05\\\/03\\\/egitim-takviminde-degisiklik-gundemde-ara-tatil-kalkabilir-yaz-tatili-uzayabilir\\\/#primaryimage\"},\"thumbnailUrl\":\"https:\\\/\\\/memurunsesi.net\\\/wp-content\\\/uploads\\\/2026\\\/04\\\/22.png\",\"keywords\":[\"12 y\u0131ll\u0131k e\u011fitim\",\"2026 e\u011fitim y\u0131l\u0131\",\"ara tatil kalkacak m\u0131\",\"e\u011fitim haberleri\",\"e\u011fitim takvimi\",\"Milli E\u011fitim Bakanl\u0131\u011f\u0131\",\"\u00f6\u011frenci tatili\",\"okul g\u00fcvenli\u011fi\",\"okul polisi\",\"\u00f6zel okul \u00fccretleri\",\"T\u00fcrkiye e\u011fitim sistemi\",\"yaz tatili\",\"Yusuf Tekin\"],\"inLanguage\":\"tr\",\"potentialAction\":[{\"@type\":\"CommentAction\",\"name\":\"Comment\",\"target\":[\"https:\\\/\\\/memurunsesi.net\\\/index.php\\\/2026\\\/05\\\/03\\\/egitim-takviminde-degisiklik-gundemde-ara-tatil-kalkabilir-yaz-tatili-uzayabilir\\\/#respond\"]}]},{\"@type\":\"WebPage\",\"@id\":\"https:\\\/\\\/memurunsesi.net\\\/index.php\\\/2026\\\/05\\\/03\\\/egitim-takviminde-degisiklik-gundemde-ara-tatil-kalkabilir-yaz-tatili-uzayabilir\\\/\",\"url\":\"https:\\\/\\\/memurunsesi.net\\\/index.php\\\/2026\\\/05\\\/03\\\/egitim-takviminde-degisiklik-gundemde-ara-tatil-kalkabilir-yaz-tatili-uzayabilir\\\/\",\"name\":\"E\u011fitim Takviminde De\u011fi\u015fiklik G\u00fcndemde: Ara Tatil Kalkabilir, Yaz Tatili Uzayabilir - Memurun Sesi\",\"isPartOf\":{\"@id\":\"https:\\\/\\\/memurunsesi.net\\\/#website\"},\"primaryImageOfPage\":{\"@id\":\"https:\\\/\\\/memurunsesi.net\\\/index.php\\\/2026\\\/05\\\/03\\\/egitim-takviminde-degisiklik-gundemde-ara-tatil-kalkabilir-yaz-tatili-uzayabilir\\\/#primaryimage\"},\"image\":{\"@id\":\"https:\\\/\\\/memurunsesi.net\\\/index.php\\\/2026\\\/05\\\/03\\\/egitim-takviminde-degisiklik-gundemde-ara-tatil-kalkabilir-yaz-tatili-uzayabilir\\\/#primaryimage\"},\"thumbnailUrl\":\"https:\\\/\\\/memurunsesi.net\\\/wp-content\\\/uploads\\\/2026\\\/04\\\/22.png\",\"datePublished\":\"2026-05-03T06:25:09+00:00\",\"dateModified\":\"2026-05-03T06:27:58+00:00\",\"description\":\"Milli E\u011fitim Bakan\u0131 Yusuf Tekin, ara tatillerin kald\u0131r\u0131labilece\u011fini ve yaz tatilinin uzat\u0131laca\u011f\u0131n\u0131 a\u00e7\u0131klad\u0131. Okul g\u00fcvenli\u011fi ve e\u011fitim sistemine y\u00f6nelik yeni d\u00fczenlemeler de g\u00fcndemde.\",\"breadcrumb\":{\"@id\":\"https:\\\/\\\/memurunsesi.net\\\/index.php\\\/2026\\\/05\\\/03\\\/egitim-takviminde-degisiklik-gundemde-ara-tatil-kalkabilir-yaz-tatili-uzayabilir\\\/#breadcrumb\"},\"inLanguage\":\"tr\",\"potentialAction\":[{\"@type\":\"ReadAction\",\"target\":[\"https:\\\/\\\/memurunsesi.net\\\/index.php\\\/2026\\\/05\\\/03\\\/egitim-takviminde-degisiklik-gundemde-ara-tatil-kalkabilir-yaz-tatili-uzayabilir\\\/\"]}]},{\"@type\":\"ImageObject\",\"inLanguage\":\"tr\",\"@id\":\"https:\\\/\\\/memurunsesi.net\\\/index.php\\\/2026\\\/05\\\/03\\\/egitim-takviminde-degisiklik-gundemde-ara-tatil-kalkabilir-yaz-tatili-uzayabilir\\\/#primaryimage\",\"url\":\"https:\\\/\\\/memurunsesi.net\\\/wp-content\\\/uploads\\\/2026\\\/04\\\/22.png\",\"contentUrl\":\"https:\\\/\\\/memurunsesi.net\\\/wp-content\\\/uploads\\\/2026\\\/04\\\/22.png\",\"width\":1080,\"height\":720},{\"@type\":\"BreadcrumbList\",\"@id\":\"https:\\\/\\\/memurunsesi.net\\\/index.php\\\/2026\\\/05\\\/03\\\/egitim-takviminde-degisiklik-gundemde-ara-tatil-kalkabilir-yaz-tatili-uzayabilir\\\/#breadcrumb\",\"itemListElement\":[{\"@type\":\"ListItem\",\"position\":1,\"name\":\"Anasayfa\",\"item\":\"https:\\\/\\\/memurunsesi.net\\\/\"},{\"@type\":\"ListItem\",\"position\":2,\"name\":\"E\u011fitim Takviminde De\u011fi\u015fiklik G\u00fcndemde: Ara Tatil Kalkabilir, Yaz Tatili Uzayabilir\"}]},{\"@type\":\"WebSite\",\"@id\":\"https:\\\/\\\/memurunsesi.net\\\/#website\",\"url\":\"https:\\\/\\\/memurunsesi.net\\\/\",\"name\":\"Memurun Sesi\",\"description\":\"G\u00fcncel ve Do\u011fru Haber\",\"publisher\":{\"@id\":\"https:\\\/\\\/memurunsesi.net\\\/#organization\"},\"potentialAction\":[{\"@type\":\"SearchAction\",\"target\":{\"@type\":\"EntryPoint\",\"urlTemplate\":\"https:\\\/\\\/memurunsesi.net\\\/?s={search_term_string}\"},\"query-input\":{\"@type\":\"PropertyValueSpecification\",\"valueRequired\":true,\"valueName\":\"search_term_string\"}}],\"inLanguage\":\"tr\"},{\"@type\":\"Organization\",\"@id\":\"https:\\\/\\\/memurunsesi.net\\\/#organization\",\"name\":\"Memurun Sesi\",\"url\":\"https:\\\/\\\/memurunsesi.net\\\/\",\"logo\":{\"@type\":\"ImageObject\",\"inLanguage\":\"tr\",\"@id\":\"https:\\\/\\\/memurunsesi.net\\\/#\\\/schema\\\/logo\\\/image\\\/\",\"url\":\"https:\\\/\\\/memurunsesi.net\\\/wp-content\\\/uploads\\\/2025\\\/11\\\/cropped-MEMURUN-SESI.png\",\"contentUrl\":\"https:\\\/\\\/memurunsesi.net\\\/wp-content\\\/uploads\\\/2025\\\/11\\\/cropped-MEMURUN-SESI.png\",\"width\":238,\"height\":57,\"caption\":\"Memurun Sesi\"},\"image\":{\"@id\":\"https:\\\/\\\/memurunsesi.net\\\/#\\\/schema\\\/logo\\\/image\\\/\"},\"sameAs\":[\"https:\\\/\\\/www.facebook.com\\\/unipersen\\\/?locale=tr_TR\",\"https:\\\/\\\/x.com\\\/unipersen\"]},{\"@type\":\"Person\",\"@id\":\"https:\\\/\\\/memurunsesi.net\\\/#\\\/schema\\\/person\\\/f21c2d73b89f6ee1d80b0a1803e38587\",\"name\":\"Memurun Sesi Haber Merkezi\",\"image\":{\"@type\":\"ImageObject\",\"inLanguage\":\"tr\",\"@id\":\"https:\\\/\\\/secure.gravatar.com\\\/avatar\\\/6cf0505f452ee753f485014986fab09a434671d2b919ee76fc541025c5876a70?s=96&d=mm&r=g\",\"url\":\"https:\\\/\\\/secure.gravatar.com\\\/avatar\\\/6cf0505f452ee753f485014986fab09a434671d2b919ee76fc541025c5876a70?s=96&d=mm&r=g\",\"contentUrl\":\"https:\\\/\\\/secure.gravatar.com\\\/avatar\\\/6cf0505f452ee753f485014986fab09a434671d2b919ee76fc541025c5876a70?s=96&d=mm&r=g\",\"caption\":\"Memurun Sesi Haber Merkezi\"},\"sameAs\":[\"https:\\\/\\\/memurunsesi.net\"],\"url\":\"https:\\\/\\\/memurunsesi.net\\\/index.php\\\/author\\\/uniper\\\/\"}]}<\/script>\n<!-- \/ Yoast SEO plugin. -->","yoast_head_json":{"title":"E\u011fitim Takviminde De\u011fi\u015fiklik G\u00fcndemde: Ara Tatil Kalkabilir, Yaz Tatili Uzayabilir - Memurun Sesi","description":"Milli E\u011fitim Bakan\u0131 Yusuf Tekin, ara tatillerin kald\u0131r\u0131labilece\u011fini ve yaz tatilinin uzat\u0131laca\u011f\u0131n\u0131 a\u00e7\u0131klad\u0131. Okul g\u00fcvenli\u011fi ve e\u011fitim sistemine y\u00f6nelik yeni d\u00fczenlemeler de g\u00fcndemde.","robots":{"index":"index","follow":"follow","max-snippet":"max-snippet:-1","max-image-preview":"max-image-preview:large","max-video-preview":"max-video-preview:-1"},"canonical":"https:\/\/memurunsesi.net\/index.php\/2026\/05\/03\/egitim-takviminde-degisiklik-gundemde-ara-tatil-kalkabilir-yaz-tatili-uzayabilir\/","og_locale":"tr_TR","og_type":"article","og_title":"E\u011fitim Takviminde De\u011fi\u015fiklik G\u00fcndemde: Ara Tatil Kalkabilir, Yaz Tatili Uzayabilir - Memurun Sesi","og_description":"Milli E\u011fitim Bakan\u0131 Yusuf Tekin, ara tatillerin kald\u0131r\u0131labilece\u011fini ve yaz tatilinin uzat\u0131laca\u011f\u0131n\u0131 a\u00e7\u0131klad\u0131. Okul g\u00fcvenli\u011fi ve e\u011fitim sistemine y\u00f6nelik yeni d\u00fczenlemeler de g\u00fcndemde.","og_url":"https:\/\/memurunsesi.net\/index.php\/2026\/05\/03\/egitim-takviminde-degisiklik-gundemde-ara-tatil-kalkabilir-yaz-tatili-uzayabilir\/","og_site_name":"Memurun Sesi","article_publisher":"https:\/\/www.facebook.com\/unipersen\/?locale=tr_TR","article_published_time":"2026-05-03T06:25:09+00:00","article_modified_time":"2026-05-03T06:27:58+00:00","og_image":[{"width":1080,"height":720,"url":"https:\/\/memurunsesi.net\/wp-content\/uploads\/2026\/04\/22.png","type":"image\/png"}],"author":"Memurun Sesi Haber Merkezi","twitter_card":"summary_large_image","twitter_creator":"@unipersen","twitter_site":"@unipersen","twitter_misc":{"Yazan:":"Memurun Sesi Haber Merkezi","Tahmini okuma s\u00fcresi":"3 dakika"},"schema":{"@context":"https:\/\/schema.org","@graph":[{"@type":"Article","@id":"https:\/\/memurunsesi.net\/index.php\/2026\/05\/03\/egitim-takviminde-degisiklik-gundemde-ara-tatil-kalkabilir-yaz-tatili-uzayabilir\/#article","isPartOf":{"@id":"https:\/\/memurunsesi.net\/index.php\/2026\/05\/03\/egitim-takviminde-degisiklik-gundemde-ara-tatil-kalkabilir-yaz-tatili-uzayabilir\/"},"author":{"name":"Memurun Sesi Haber Merkezi","@id":"https:\/\/memurunsesi.net\/#\/schema\/person\/f21c2d73b89f6ee1d80b0a1803e38587"},"headline":"E\u011fitim Takviminde De\u011fi\u015fiklik G\u00fcndemde: Ara Tatil Kalkabilir, Yaz Tatili Uzayabilir","datePublished":"2026-05-03T06:25:09+00:00","dateModified":"2026-05-03T06:27:58+00:00","mainEntityOfPage":{"@id":"https:\/\/memurunsesi.net\/index.php\/2026\/05\/03\/egitim-takviminde-degisiklik-gundemde-ara-tatil-kalkabilir-yaz-tatili-uzayabilir\/"},"wordCount":580,"commentCount":0,"publisher":{"@id":"https:\/\/memurunsesi.net\/#organization"},"image":{"@id":"https:\/\/memurunsesi.net\/index.php\/2026\/05\/03\/egitim-takviminde-degisiklik-gundemde-ara-tatil-kalkabilir-yaz-tatili-uzayabilir\/#primaryimage"},"thumbnailUrl":"https:\/\/memurunsesi.net\/wp-content\/uploads\/2026\/04\/22.png","keywords":["12 y\u0131ll\u0131k e\u011fitim","2026 e\u011fitim y\u0131l\u0131","ara tatil kalkacak m\u0131","e\u011fitim haberleri","e\u011fitim takvimi","Milli E\u011fitim Bakanl\u0131\u011f\u0131","\u00f6\u011frenci tatili","okul g\u00fcvenli\u011fi","okul polisi","\u00f6zel okul \u00fccretleri","T\u00fcrkiye e\u011fitim sistemi","yaz tatili","Yusuf Tekin"],"inLanguage":"tr","potentialAction":[{"@type":"CommentAction","name":"Comment","target":["https:\/\/memurunsesi.net\/index.php\/2026\/05\/03\/egitim-takviminde-degisiklik-gundemde-ara-tatil-kalkabilir-yaz-tatili-uzayabilir\/#respond"]}]},{"@type":"WebPage","@id":"https:\/\/memurunsesi.net\/index.php\/2026\/05\/03\/egitim-takviminde-degisiklik-gundemde-ara-tatil-kalkabilir-yaz-tatili-uzayabilir\/","url":"https:\/\/memurunsesi.net\/index.php\/2026\/05\/03\/egitim-takviminde-degisiklik-gundemde-ara-tatil-kalkabilir-yaz-tatili-uzayabilir\/","name":"E\u011fitim Takviminde De\u011fi\u015fiklik G\u00fcndemde: Ara Tatil Kalkabilir, Yaz Tatili Uzayabilir - Memurun Sesi","isPartOf":{"@id":"https:\/\/memurunsesi.net\/#website"},"primaryImageOfPage":{"@id":"https:\/\/memurunsesi.net\/index.php\/2026\/05\/03\/egitim-takviminde-degisiklik-gundemde-ara-tatil-kalkabilir-yaz-tatili-uzayabilir\/#primaryimage"},"image":{"@id":"https:\/\/memurunsesi.net\/index.php\/2026\/05\/03\/egitim-takviminde-degisiklik-gundemde-ara-tatil-kalkabilir-yaz-tatili-uzayabilir\/#primaryimage"},"thumbnailUrl":"https:\/\/memurunsesi.net\/wp-content\/uploads\/2026\/04\/22.png","datePublished":"2026-05-03T06:25:09+00:00","dateModified":"2026-05-03T06:27:58+00:00","description":"Milli E\u011fitim Bakan\u0131 Yusuf Tekin, ara tatillerin kald\u0131r\u0131labilece\u011fini ve yaz tatilinin uzat\u0131laca\u011f\u0131n\u0131 a\u00e7\u0131klad\u0131. Okul g\u00fcvenli\u011fi ve e\u011fitim sistemine y\u00f6nelik yeni d\u00fczenlemeler de g\u00fcndemde.","breadcrumb":{"@id":"https:\/\/memurunsesi.net\/index.php\/2026\/05\/03\/egitim-takviminde-degisiklik-gundemde-ara-tatil-kalkabilir-yaz-tatili-uzayabilir\/#breadcrumb"},"inLanguage":"tr","potentialAction":[{"@type":"ReadAction","target":["https:\/\/memurunsesi.net\/index.php\/2026\/05\/03\/egitim-takviminde-degisiklik-gundemde-ara-tatil-kalkabilir-yaz-tatili-uzayabilir\/"]}]},{"@type":"ImageObject","inLanguage":"tr","@id":"https:\/\/memurunsesi.net\/index.php\/2026\/05\/03\/egitim-takviminde-degisiklik-gundemde-ara-tatil-kalkabilir-yaz-tatili-uzayabilir\/#primaryimage","url":"https:\/\/memurunsesi.net\/wp-content\/uploads\/2026\/04\/22.png","contentUrl":"https:\/\/memurunsesi.net\/wp-content\/uploads\/2026\/04\/22.png","width":1080,"height":720},{"@type":"BreadcrumbList","@id":"https:\/\/memurunsesi.net\/index.php\/2026\/05\/03\/egitim-takviminde-degisiklik-gundemde-ara-tatil-kalkabilir-yaz-tatili-uzayabilir\/#breadcrumb","itemListElement":[{"@type":"ListItem","position":1,"name":"Anasayfa","item":"https:\/\/memurunsesi.net\/"},{"@type":"ListItem","position":2,"name":"E\u011fitim Takviminde De\u011fi\u015fiklik G\u00fcndemde: Ara Tatil Kalkabilir, Yaz Tatili Uzayabilir"}]},{"@type":"WebSite","@id":"https:\/\/memurunsesi.net\/#website","url":"https:\/\/memurunsesi.net\/","name":"Memurun Sesi","description":"G\u00fcncel ve Do\u011fru Haber","publisher":{"@id":"https:\/\/memurunsesi.net\/#organization"},"potentialAction":[{"@type":"SearchAction","target":{"@type":"EntryPoint","urlTemplate":"https:\/\/memurunsesi.net\/?s={search_term_string}"},"query-input":{"@type":"PropertyValueSpecification","valueRequired":true,"valueName":"search_term_string"}}],"inLanguage":"tr"},{"@type":"Organization","@id":"https:\/\/memurunsesi.net\/#organization","name":"Memurun Sesi","url":"https:\/\/memurunsesi.net\/","logo":{"@type":"ImageObject","inLanguage":"tr","@id":"https:\/\/memurunsesi.net\/#\/schema\/logo\/image\/","url":"https:\/\/memurunsesi.net\/wp-content\/uploads\/2025\/11\/cropped-MEMURUN-SESI.png","contentUrl":"https:\/\/memurunsesi.net\/wp-content\/uploads\/2025\/11\/cropped-MEMURUN-SESI.png","width":238,"height":57,"caption":"Memurun Sesi"},"image":{"@id":"https:\/\/memurunsesi.net\/#\/schema\/logo\/image\/"},"sameAs":["https:\/\/www.facebook.com\/unipersen\/?locale=tr_TR","https:\/\/x.com\/unipersen"]},{"@type":"Person","@id":"https:\/\/memurunsesi.net\/#\/schema\/person\/f21c2d73b89f6ee1d80b0a1803e38587","name":"Memurun Sesi Haber Merkezi","image":{"@type":"ImageObject","inLanguage":"tr","@id":"https:\/\/secure.gravatar.com\/avatar\/6cf0505f452ee753f485014986fab09a434671d2b919ee76fc541025c5876a70?s=96&d=mm&r=g","url":"https:\/\/secure.gravatar.com\/avatar\/6cf0505f452ee753f485014986fab09a434671d2b919ee76fc541025c5876a70?s=96&d=mm&r=g","contentUrl":"https:\/\/secure.gravatar.com\/avatar\/6cf0505f452ee753f485014986fab09a434671d2b919ee76fc541025c5876a70?s=96&d=mm&r=g","caption":"Memurun Sesi Haber Merkezi"},"sameAs":["https:\/\/memurunsesi.net"],"url":"https:\/\/memurunsesi.net\/index.php\/author\/uniper\/"}]}},"_links":{"self":[{"href":"https:\/\/memurunsesi.net\/index.php\/wp-json\/wp\/v2\/posts\/19899","targetHints":{"allow":["GET"]}}],"collection":[{"href":"https:\/\/memurunsesi.net\/index.php\/wp-json\/wp\/v2\/posts"}],"about":[{"href":"https:\/\/memurunsesi.net\/index.php\/wp-json\/wp\/v2\/types\/post"}],"author":[{"embeddable":true,"href":"https:\/\/memurunsesi.net\/index.php\/wp-json\/wp\/v2\/users\/1"}],"replies":[{"embeddable":true,"href":"https:\/\/memurunsesi.net\/index.php\/wp-json\/wp\/v2\/comments?post=19899"}],"version-history":[{"count":1,"href":"https:\/\/memurunsesi.net\/index.php\/wp-json\/wp\/v2\/posts\/19899\/revisions"}],"predecessor-version":[{"id":19900,"href":"https:\/\/memurunsesi.net\/index.php\/wp-json\/wp\/v2\/posts\/19899\/revisions\/19900"}],"wp:featuredmedia":[{"embeddable":true,"href":"https:\/\/memurunsesi.net\/index.php\/wp-json\/wp\/v2\/media\/19735"}],"wp:attachment":[{"href":"https:\/\/memurunsesi.net\/index.php\/wp-json\/wp\/v2\/media?parent=19899"}],"wp:term":[{"taxonomy":"category","embeddable":true,"href":"https:\/\/memurunsesi.net\/index.php\/wp-json\/wp\/v2\/categories?post=19899"},{"taxonomy":"post_tag","embeddable":true,"href":"https:\/\/memurunsesi.net\/index.php\/wp-json\/wp\/v2\/tags?post=19899"}],"curies":[{"name":"wp","href":"https:\/\/api.w.org\/{rel}","templated":true}]}}