{"id":19901,"date":"2026-05-03T09:32:22","date_gmt":"2026-05-03T06:32:22","guid":{"rendered":"https:\/\/memurunsesi.net\/?p=19901"},"modified":"2026-05-03T09:32:22","modified_gmt":"2026-05-03T06:32:22","slug":"8-haftalik-ek-dogum-izni-basladi-kimler-yararlanabilecek-basvuru-nasil-yapilacak","status":"publish","type":"post","link":"https:\/\/memurunsesi.net\/index.php\/2026\/05\/03\/8-haftalik-ek-dogum-izni-basladi-kimler-yararlanabilecek-basvuru-nasil-yapilacak\/","title":{"rendered":"8 Haftal\u0131k Ek Do\u011fum \u0130zni Ba\u015flad\u0131: Kimler Yararlanabilecek, Ba\u015fvuru Nas\u0131l Yap\u0131lacak?"},"content":{"rendered":"<section class=\"text-token-text-primary w-full focus:outline-none [--shadow-height:45px] has-data-writing-block:pointer-events-none has-data-writing-block:-mt-(--shadow-height) has-data-writing-block:pt-(--shadow-height) [&amp;:has([data-writing-block])&gt;*]:pointer-events-auto [content-visibility:auto] supports-[content-visibility:auto]:[contain-intrinsic-size:auto_100lvh] R6Vx5W_threadScrollVars scroll-mb-[calc(var(--scroll-root-safe-area-inset-bottom,0px)+var(--thread-response-height))] scroll-mt-[calc(var(--header-height)+min(200px,max(70px,20svh)))]\" dir=\"auto\" data-turn-id=\"request-WEB:a5e06ba1-5787-4474-bbb1-6761516cc5ab-18\" data-testid=\"conversation-turn-38\" data-scroll-anchor=\"false\" data-turn=\"assistant\">\n<div class=\"text-base my-auto mx-auto pb-10 [--thread-content-margin:var(--thread-content-margin-xs,calc(var(--spacing)*4))] @w-sm\/main:[--thread-content-margin:var(--thread-content-margin-sm,calc(var(--spacing)*6))] @w-lg\/main:[--thread-content-margin:var(--thread-content-margin-lg,calc(var(--spacing)*16))] px-(--thread-content-margin)\">\n<div class=\"[--thread-content-max-width:40rem] @w-lg\/main:[--thread-content-max-width:48rem] mx-auto max-w-(--thread-content-max-width) flex-1 group\/turn-messages focus-visible:outline-hidden relative flex w-full min-w-0 flex-col agent-turn\">\n<div class=\"flex max-w-full flex-col gap-4 grow\">\n<div class=\"min-h-8 text-message relative flex w-full flex-col items-end gap-2 text-start break-words whitespace-normal outline-none keyboard-focused:focus-ring [.text-message+&amp;]:mt-1\" dir=\"auto\" tabindex=\"0\" data-message-author-role=\"assistant\" data-message-id=\"a31c4cf2-4926-4f50-ae79-8745b2cab2f1\" data-message-model-slug=\"gpt-5-3\" data-turn-start-message=\"true\">\n<div class=\"flex w-full flex-col gap-1 empty:hidden\">\n<div class=\"markdown prose dark:prose-invert w-full wrap-break-word light markdown-new-styling\">\n<p data-start=\"89\" data-end=\"336\">\u00a0 \u00a0 Yeni d\u00fczenlemeyle birlikte annelere y\u00f6nelik do\u011fum izni s\u00fcresi geni\u015fletildi. <span class=\"hover:entity-accent entity-underline inline cursor-pointer align-baseline\"><span class=\"whitespace-normal\">Mahinur \u00d6zdemir G\u00f6kta\u015f<\/span><\/span>, yap\u0131lan de\u011fi\u015fiklik kapsam\u0131nda belirli \u015fartlar\u0131 ta\u015f\u0131yan annelerin 8 haftal\u0131k ilave do\u011fum izni hakk\u0131ndan yararlanabilece\u011fini a\u00e7\u0131klad\u0131.<\/p>\n<h3 data-section-id=\"109r0lg\" data-start=\"338\" data-end=\"386\"><span role=\"text\"><strong data-start=\"342\" data-end=\"386\">Kimler Ek Do\u011fum \u0130zninden Yararlanabilir?<\/strong><\/span><\/h3>\n<p data-start=\"388\" data-end=\"555\">Yeni uygulamaya g\u00f6re, 1 Nisan 2026 tarihi itibar\u0131yla do\u011fumunun \u00fczerinden 24 hafta ge\u00e7memi\u015f olan ve mevcut do\u011fum iznini tamamlam\u0131\u015f anneler bu haktan yararlanabilecek.<\/p>\n<p data-start=\"557\" data-end=\"676\">Bu kapsamda, yakla\u015f\u0131k olarak <strong data-start=\"586\" data-end=\"636\">16 Ekim 2025 ve sonras\u0131nda do\u011fum yapan anneler<\/strong> ek izin hakk\u0131 i\u00e7in ba\u015fvuru yapabilecek.<\/p>\n<h3 data-section-id=\"1lqbzjq\" data-start=\"678\" data-end=\"724\"><span role=\"text\"><strong data-start=\"682\" data-end=\"724\">8 Haftal\u0131k Ek \u0130zin Nas\u0131l Hesaplan\u0131yor?<\/strong><\/span><\/h3>\n<p data-start=\"726\" data-end=\"953\">D\u00fczenlemede esas al\u0131nan tarih 1 Nisan 2026 olarak belirlenirken, 24 haftal\u0131k s\u00fcre (168 g\u00fcn) geriye do\u011fru hesaplan\u0131yor. Bu s\u00fcre i\u00e7inde do\u011fum yapan anneler, \u015fartlar\u0131 sa\u011flamalar\u0131 halinde ilave 8 haftal\u0131k izin hakk\u0131na sahip oluyor.<\/p>\n<h3 data-section-id=\"98xc85\" data-start=\"955\" data-end=\"994\"><span role=\"text\"><strong data-start=\"959\" data-end=\"994\">Ba\u015fvuru S\u00fcreci Nas\u0131l \u0130\u015fleyecek?<\/strong><\/span><\/h3>\n<p data-start=\"996\" data-end=\"1099\">Ek do\u011fum izninden yararlanmak isteyen annelerin dikkat etmesi gereken en \u00f6nemli nokta ba\u015fvuru s\u00fcresi.<\/p>\n<ul data-start=\"1101\" data-end=\"1252\">\n<li data-section-id=\"18yqx7b\" data-start=\"1101\" data-end=\"1155\">1 Nisan 2026 itibar\u0131yla \u015fartlar\u0131 sa\u011flayan anneler,<\/li>\n<li data-section-id=\"43abw2\" data-start=\"1156\" data-end=\"1182\"><strong data-start=\"1158\" data-end=\"1179\">10 i\u015f g\u00fcn\u00fc i\u00e7inde<\/strong>,<\/li>\n<li data-section-id=\"vhu71n\" data-start=\"1183\" data-end=\"1252\">\u00c7al\u0131\u015ft\u0131klar\u0131 kuruma ba\u015fvuruda bulunarak bu haktan faydalanabilecek.<\/li>\n<\/ul>\n<h3 data-section-id=\"1lu3ei2\" data-start=\"1254\" data-end=\"1301\"><span role=\"text\"><strong data-start=\"1258\" data-end=\"1301\">Aile ve \u00c7al\u0131\u015fma Hayat\u0131na Destek Vurgusu<\/strong><\/span><\/h3>\n<p data-start=\"1303\" data-end=\"1472\"><span class=\"hover:entity-accent entity-underline inline cursor-pointer align-baseline\"><span class=\"whitespace-normal\">Aile ve Sosyal Hizmetler Bakanl\u0131\u011f\u0131<\/span><\/span> taraf\u0131ndan yap\u0131lan a\u00e7\u0131klamada, s\u00f6z konusu d\u00fczenlemenin i\u015f ve aile hayat\u0131 aras\u0131ndaki dengeyi g\u00fc\u00e7lendirmeyi hedefledi\u011fi belirtildi.<\/p>\n<p data-start=\"1474\" data-end=\"1635\">Yetkililer, annelerin do\u011fum sonras\u0131 s\u00fcre\u00e7te daha fazla desteklenmesi ve aile yap\u0131s\u0131n\u0131n korunmas\u0131 amac\u0131yla benzer sosyal politikalar\u0131n devam edece\u011fini ifade etti.<\/p>\n<p data-start=\"1642\" data-end=\"1786\" data-is-last-node=\"\" data-is-only-node=\"\">Yeni d\u00fczenleme ile birlikte annelere tan\u0131nan bu ek s\u00fcre, hem \u00e7al\u0131\u015fma hayat\u0131nda hem de aile ya\u015fam\u0131nda \u00f6nemli bir destek olarak de\u011ferlendiriliyor.<\/p>\n<p data-start=\"1642\" data-end=\"1786\" data-is-last-node=\"\" data-is-only-node=\"\">03.05.2026<\/p>\n<\/div>\n<\/div>\n<\/div>\n<\/div>\n<div class=\"z-0 flex min-h-[46px] justify-start\"><\/div>\n<div class=\"mt-3 w-full empty:hidden\">\n<div class=\"text-center\"><\/div>\n<\/div>\n<\/div>\n<\/div>\n<\/section>\n<div class=\"pointer-events-none -mt-px h-px translate-y-[calc(var(--scroll-root-safe-area-inset-bottom)-14*var(--spacing))]\" aria-hidden=\"true\"><\/div>\n","protected":false},"excerpt":{"rendered":"<p>\u00a0 \u00a0 Yeni d\u00fczenlemeyle birlikte annelere y\u00f6nelik do\u011fum izni s\u00fcresi geni\u015fletildi. Mahinur \u00d6zdemir G\u00f6kta\u015f, yap\u0131lan de\u011fi\u015fiklik kapsam\u0131nda belirli \u015fartlar\u0131 ta\u015f\u0131yan annelerin 8 haftal\u0131k ilave do\u011fum izni hakk\u0131ndan yararlanabilece\u011fini a\u00e7\u0131klad\u0131. Kimler Ek Do\u011fum \u0130zninden Yararlanabilir? Yeni uygulamaya g\u00f6re, 1 Nisan 2026 tarihi itibar\u0131yla do\u011fumunun \u00fczerinden 24 hafta ge\u00e7memi\u015f olan ve mevcut do\u011fum iznini tamamlam\u0131\u015f anneler bu [&hellip;]<\/p>\n","protected":false},"author":1,"featured_media":19759,"comment_status":"open","ping_status":"open","sticky":false,"template":"","format":"standard","meta":{"footnotes":""},"categories":[1],"tags":[3863,1810,3866,1791,3868,3867,3865,3862,3870,3869,3864],"class_list":["post-19901","post","type-post","status-publish","format-standard","has-post-thumbnail","hentry","category-genel","tag-8-hafta-dogum-izni","tag-aile-ve-sosyal-hizmetler-bakanligi","tag-annelere-izin","tag-calisan-anneler","tag-dogum-izni-2026","tag-dogum-izni-basvuru","tag-dogum-izni-sartlari","tag-ek-dogum-izni","tag-is-hayati-aile-dengesi","tag-kamu-personeli-izinleri","tag-mahinur-ozdemir-goktas"],"yoast_head":"<!-- This site is optimized with the Yoast SEO plugin v27.5 - https:\/\/yoast.com\/product\/yoast-seo-wordpress\/ -->\n<title>8 Haftal\u0131k Ek Do\u011fum \u0130zni Ba\u015flad\u0131: Kimler Yararlanabilecek, Ba\u015fvuru Nas\u0131l Yap\u0131lacak? - Memurun Sesi<\/title>\n<meta name=\"description\" content=\"8 haftal\u0131k ek do\u011fum izni d\u00fczenlemesi y\u00fcr\u00fcrl\u00fc\u011fe girdi. 1 Nisan 2026 itibar\u0131yla belirli \u015fartlar\u0131 ta\u015f\u0131yan anneler, 10 g\u00fcn i\u00e7inde ba\u015fvurarak ilave izin hakk\u0131ndan yararlanabilecek.\" \/>\n<meta name=\"robots\" content=\"index, follow, max-snippet:-1, max-image-preview:large, max-video-preview:-1\" \/>\n<link rel=\"canonical\" href=\"https:\/\/memurunsesi.net\/index.php\/2026\/05\/03\/8-haftalik-ek-dogum-izni-basladi-kimler-yararlanabilecek-basvuru-nasil-yapilacak\/\" \/>\n<meta property=\"og:locale\" content=\"tr_TR\" \/>\n<meta property=\"og:type\" content=\"article\" \/>\n<meta property=\"og:title\" content=\"8 Haftal\u0131k Ek Do\u011fum \u0130zni Ba\u015flad\u0131: Kimler Yararlanabilecek, Ba\u015fvuru Nas\u0131l Yap\u0131lacak? - Memurun Sesi\" \/>\n<meta property=\"og:description\" content=\"8 haftal\u0131k ek do\u011fum izni d\u00fczenlemesi y\u00fcr\u00fcrl\u00fc\u011fe girdi. 1 Nisan 2026 itibar\u0131yla belirli \u015fartlar\u0131 ta\u015f\u0131yan anneler, 10 g\u00fcn i\u00e7inde ba\u015fvurarak ilave izin hakk\u0131ndan yararlanabilecek.\" \/>\n<meta property=\"og:url\" content=\"https:\/\/memurunsesi.net\/index.php\/2026\/05\/03\/8-haftalik-ek-dogum-izni-basladi-kimler-yararlanabilecek-basvuru-nasil-yapilacak\/\" \/>\n<meta property=\"og:site_name\" content=\"Memurun Sesi\" \/>\n<meta property=\"article:publisher\" content=\"https:\/\/www.facebook.com\/unipersen\/?locale=tr_TR\" \/>\n<meta property=\"article:published_time\" content=\"2026-05-03T06:32:22+00:00\" \/>\n<meta property=\"og:image\" content=\"https:\/\/memurunsesi.net\/wp-content\/uploads\/2026\/04\/46.png\" \/>\n\t<meta property=\"og:image:width\" content=\"1080\" \/>\n\t<meta property=\"og:image:height\" content=\"720\" \/>\n\t<meta property=\"og:image:type\" content=\"image\/png\" \/>\n<meta name=\"author\" content=\"Memurun Sesi Haber Merkezi\" \/>\n<meta name=\"twitter:card\" content=\"summary_large_image\" \/>\n<meta name=\"twitter:creator\" content=\"@unipersen\" \/>\n<meta name=\"twitter:site\" content=\"@unipersen\" \/>\n<meta name=\"twitter:label1\" content=\"Yazan:\" \/>\n\t<meta name=\"twitter:data1\" content=\"Memurun Sesi Haber Merkezi\" \/>\n\t<meta name=\"twitter:label2\" content=\"Tahmini okuma s\u00fcresi\" \/>\n\t<meta name=\"twitter:data2\" content=\"2 dakika\" \/>\n<script type=\"application\/ld+json\" class=\"yoast-schema-graph\">{\"@context\":\"https:\\\/\\\/schema.org\",\"@graph\":[{\"@type\":\"Article\",\"@id\":\"https:\\\/\\\/memurunsesi.net\\\/index.php\\\/2026\\\/05\\\/03\\\/8-haftalik-ek-dogum-izni-basladi-kimler-yararlanabilecek-basvuru-nasil-yapilacak\\\/#article\",\"isPartOf\":{\"@id\":\"https:\\\/\\\/memurunsesi.net\\\/index.php\\\/2026\\\/05\\\/03\\\/8-haftalik-ek-dogum-izni-basladi-kimler-yararlanabilecek-basvuru-nasil-yapilacak\\\/\"},\"author\":{\"name\":\"Memurun Sesi Haber Merkezi\",\"@id\":\"https:\\\/\\\/memurunsesi.net\\\/#\\\/schema\\\/person\\\/f21c2d73b89f6ee1d80b0a1803e38587\"},\"headline\":\"8 Haftal\u0131k Ek Do\u011fum \u0130zni Ba\u015flad\u0131: Kimler Yararlanabilecek, Ba\u015fvuru Nas\u0131l Yap\u0131lacak?\",\"datePublished\":\"2026-05-03T06:32:22+00:00\",\"mainEntityOfPage\":{\"@id\":\"https:\\\/\\\/memurunsesi.net\\\/index.php\\\/2026\\\/05\\\/03\\\/8-haftalik-ek-dogum-izni-basladi-kimler-yararlanabilecek-basvuru-nasil-yapilacak\\\/\"},\"wordCount\":299,\"commentCount\":0,\"publisher\":{\"@id\":\"https:\\\/\\\/memurunsesi.net\\\/#organization\"},\"image\":{\"@id\":\"https:\\\/\\\/memurunsesi.net\\\/index.php\\\/2026\\\/05\\\/03\\\/8-haftalik-ek-dogum-izni-basladi-kimler-yararlanabilecek-basvuru-nasil-yapilacak\\\/#primaryimage\"},\"thumbnailUrl\":\"https:\\\/\\\/memurunsesi.net\\\/wp-content\\\/uploads\\\/2026\\\/04\\\/46.png\",\"keywords\":[\"8 hafta do\u011fum izni\",\"aile ve sosyal hizmetler bakanl\u0131\u011f\u0131\",\"annelere izin\",\"\u00e7al\u0131\u015fan anneler\",\"do\u011fum izni 2026\",\"do\u011fum izni ba\u015fvuru\",\"do\u011fum izni \u015fartlar\u0131\",\"ek do\u011fum izni\",\"i\u015f hayat\u0131 aile dengesi\",\"kamu personeli izinleri\",\"Mahinur \u00d6zdemir G\u00f6kta\u015f\"],\"inLanguage\":\"tr\",\"potentialAction\":[{\"@type\":\"CommentAction\",\"name\":\"Comment\",\"target\":[\"https:\\\/\\\/memurunsesi.net\\\/index.php\\\/2026\\\/05\\\/03\\\/8-haftalik-ek-dogum-izni-basladi-kimler-yararlanabilecek-basvuru-nasil-yapilacak\\\/#respond\"]}]},{\"@type\":\"WebPage\",\"@id\":\"https:\\\/\\\/memurunsesi.net\\\/index.php\\\/2026\\\/05\\\/03\\\/8-haftalik-ek-dogum-izni-basladi-kimler-yararlanabilecek-basvuru-nasil-yapilacak\\\/\",\"url\":\"https:\\\/\\\/memurunsesi.net\\\/index.php\\\/2026\\\/05\\\/03\\\/8-haftalik-ek-dogum-izni-basladi-kimler-yararlanabilecek-basvuru-nasil-yapilacak\\\/\",\"name\":\"8 Haftal\u0131k Ek Do\u011fum \u0130zni Ba\u015flad\u0131: Kimler Yararlanabilecek, Ba\u015fvuru Nas\u0131l Yap\u0131lacak? - Memurun Sesi\",\"isPartOf\":{\"@id\":\"https:\\\/\\\/memurunsesi.net\\\/#website\"},\"primaryImageOfPage\":{\"@id\":\"https:\\\/\\\/memurunsesi.net\\\/index.php\\\/2026\\\/05\\\/03\\\/8-haftalik-ek-dogum-izni-basladi-kimler-yararlanabilecek-basvuru-nasil-yapilacak\\\/#primaryimage\"},\"image\":{\"@id\":\"https:\\\/\\\/memurunsesi.net\\\/index.php\\\/2026\\\/05\\\/03\\\/8-haftalik-ek-dogum-izni-basladi-kimler-yararlanabilecek-basvuru-nasil-yapilacak\\\/#primaryimage\"},\"thumbnailUrl\":\"https:\\\/\\\/memurunsesi.net\\\/wp-content\\\/uploads\\\/2026\\\/04\\\/46.png\",\"datePublished\":\"2026-05-03T06:32:22+00:00\",\"description\":\"8 haftal\u0131k ek do\u011fum izni d\u00fczenlemesi y\u00fcr\u00fcrl\u00fc\u011fe girdi. 1 Nisan 2026 itibar\u0131yla belirli \u015fartlar\u0131 ta\u015f\u0131yan anneler, 10 g\u00fcn i\u00e7inde ba\u015fvurarak ilave izin hakk\u0131ndan yararlanabilecek.\",\"breadcrumb\":{\"@id\":\"https:\\\/\\\/memurunsesi.net\\\/index.php\\\/2026\\\/05\\\/03\\\/8-haftalik-ek-dogum-izni-basladi-kimler-yararlanabilecek-basvuru-nasil-yapilacak\\\/#breadcrumb\"},\"inLanguage\":\"tr\",\"potentialAction\":[{\"@type\":\"ReadAction\",\"target\":[\"https:\\\/\\\/memurunsesi.net\\\/index.php\\\/2026\\\/05\\\/03\\\/8-haftalik-ek-dogum-izni-basladi-kimler-yararlanabilecek-basvuru-nasil-yapilacak\\\/\"]}]},{\"@type\":\"ImageObject\",\"inLanguage\":\"tr\",\"@id\":\"https:\\\/\\\/memurunsesi.net\\\/index.php\\\/2026\\\/05\\\/03\\\/8-haftalik-ek-dogum-izni-basladi-kimler-yararlanabilecek-basvuru-nasil-yapilacak\\\/#primaryimage\",\"url\":\"https:\\\/\\\/memurunsesi.net\\\/wp-content\\\/uploads\\\/2026\\\/04\\\/46.png\",\"contentUrl\":\"https:\\\/\\\/memurunsesi.net\\\/wp-content\\\/uploads\\\/2026\\\/04\\\/46.png\",\"width\":1080,\"height\":720},{\"@type\":\"BreadcrumbList\",\"@id\":\"https:\\\/\\\/memurunsesi.net\\\/index.php\\\/2026\\\/05\\\/03\\\/8-haftalik-ek-dogum-izni-basladi-kimler-yararlanabilecek-basvuru-nasil-yapilacak\\\/#breadcrumb\",\"itemListElement\":[{\"@type\":\"ListItem\",\"position\":1,\"name\":\"Anasayfa\",\"item\":\"https:\\\/\\\/memurunsesi.net\\\/\"},{\"@type\":\"ListItem\",\"position\":2,\"name\":\"8 Haftal\u0131k Ek Do\u011fum \u0130zni Ba\u015flad\u0131: Kimler Yararlanabilecek, Ba\u015fvuru Nas\u0131l Yap\u0131lacak?\"}]},{\"@type\":\"WebSite\",\"@id\":\"https:\\\/\\\/memurunsesi.net\\\/#website\",\"url\":\"https:\\\/\\\/memurunsesi.net\\\/\",\"name\":\"Memurun Sesi\",\"description\":\"G\u00fcncel ve Do\u011fru Haber\",\"publisher\":{\"@id\":\"https:\\\/\\\/memurunsesi.net\\\/#organization\"},\"potentialAction\":[{\"@type\":\"SearchAction\",\"target\":{\"@type\":\"EntryPoint\",\"urlTemplate\":\"https:\\\/\\\/memurunsesi.net\\\/?s={search_term_string}\"},\"query-input\":{\"@type\":\"PropertyValueSpecification\",\"valueRequired\":true,\"valueName\":\"search_term_string\"}}],\"inLanguage\":\"tr\"},{\"@type\":\"Organization\",\"@id\":\"https:\\\/\\\/memurunsesi.net\\\/#organization\",\"name\":\"Memurun Sesi\",\"url\":\"https:\\\/\\\/memurunsesi.net\\\/\",\"logo\":{\"@type\":\"ImageObject\",\"inLanguage\":\"tr\",\"@id\":\"https:\\\/\\\/memurunsesi.net\\\/#\\\/schema\\\/logo\\\/image\\\/\",\"url\":\"https:\\\/\\\/memurunsesi.net\\\/wp-content\\\/uploads\\\/2025\\\/11\\\/cropped-MEMURUN-SESI.png\",\"contentUrl\":\"https:\\\/\\\/memurunsesi.net\\\/wp-content\\\/uploads\\\/2025\\\/11\\\/cropped-MEMURUN-SESI.png\",\"width\":238,\"height\":57,\"caption\":\"Memurun Sesi\"},\"image\":{\"@id\":\"https:\\\/\\\/memurunsesi.net\\\/#\\\/schema\\\/logo\\\/image\\\/\"},\"sameAs\":[\"https:\\\/\\\/www.facebook.com\\\/unipersen\\\/?locale=tr_TR\",\"https:\\\/\\\/x.com\\\/unipersen\"]},{\"@type\":\"Person\",\"@id\":\"https:\\\/\\\/memurunsesi.net\\\/#\\\/schema\\\/person\\\/f21c2d73b89f6ee1d80b0a1803e38587\",\"name\":\"Memurun Sesi Haber Merkezi\",\"image\":{\"@type\":\"ImageObject\",\"inLanguage\":\"tr\",\"@id\":\"https:\\\/\\\/secure.gravatar.com\\\/avatar\\\/6cf0505f452ee753f485014986fab09a434671d2b919ee76fc541025c5876a70?s=96&d=mm&r=g\",\"url\":\"https:\\\/\\\/secure.gravatar.com\\\/avatar\\\/6cf0505f452ee753f485014986fab09a434671d2b919ee76fc541025c5876a70?s=96&d=mm&r=g\",\"contentUrl\":\"https:\\\/\\\/secure.gravatar.com\\\/avatar\\\/6cf0505f452ee753f485014986fab09a434671d2b919ee76fc541025c5876a70?s=96&d=mm&r=g\",\"caption\":\"Memurun Sesi Haber Merkezi\"},\"sameAs\":[\"https:\\\/\\\/memurunsesi.net\"],\"url\":\"https:\\\/\\\/memurunsesi.net\\\/index.php\\\/author\\\/uniper\\\/\"}]}<\/script>\n<!-- \/ Yoast SEO plugin. -->","yoast_head_json":{"title":"8 Haftal\u0131k Ek Do\u011fum \u0130zni Ba\u015flad\u0131: Kimler Yararlanabilecek, Ba\u015fvuru Nas\u0131l Yap\u0131lacak? - Memurun Sesi","description":"8 haftal\u0131k ek do\u011fum izni d\u00fczenlemesi y\u00fcr\u00fcrl\u00fc\u011fe girdi. 1 Nisan 2026 itibar\u0131yla belirli \u015fartlar\u0131 ta\u015f\u0131yan anneler, 10 g\u00fcn i\u00e7inde ba\u015fvurarak ilave izin hakk\u0131ndan yararlanabilecek.","robots":{"index":"index","follow":"follow","max-snippet":"max-snippet:-1","max-image-preview":"max-image-preview:large","max-video-preview":"max-video-preview:-1"},"canonical":"https:\/\/memurunsesi.net\/index.php\/2026\/05\/03\/8-haftalik-ek-dogum-izni-basladi-kimler-yararlanabilecek-basvuru-nasil-yapilacak\/","og_locale":"tr_TR","og_type":"article","og_title":"8 Haftal\u0131k Ek Do\u011fum \u0130zni Ba\u015flad\u0131: Kimler Yararlanabilecek, Ba\u015fvuru Nas\u0131l Yap\u0131lacak? - Memurun Sesi","og_description":"8 haftal\u0131k ek do\u011fum izni d\u00fczenlemesi y\u00fcr\u00fcrl\u00fc\u011fe girdi. 1 Nisan 2026 itibar\u0131yla belirli \u015fartlar\u0131 ta\u015f\u0131yan anneler, 10 g\u00fcn i\u00e7inde ba\u015fvurarak ilave izin hakk\u0131ndan yararlanabilecek.","og_url":"https:\/\/memurunsesi.net\/index.php\/2026\/05\/03\/8-haftalik-ek-dogum-izni-basladi-kimler-yararlanabilecek-basvuru-nasil-yapilacak\/","og_site_name":"Memurun Sesi","article_publisher":"https:\/\/www.facebook.com\/unipersen\/?locale=tr_TR","article_published_time":"2026-05-03T06:32:22+00:00","og_image":[{"width":1080,"height":720,"url":"https:\/\/memurunsesi.net\/wp-content\/uploads\/2026\/04\/46.png","type":"image\/png"}],"author":"Memurun Sesi Haber Merkezi","twitter_card":"summary_large_image","twitter_creator":"@unipersen","twitter_site":"@unipersen","twitter_misc":{"Yazan:":"Memurun Sesi Haber Merkezi","Tahmini okuma s\u00fcresi":"2 dakika"},"schema":{"@context":"https:\/\/schema.org","@graph":[{"@type":"Article","@id":"https:\/\/memurunsesi.net\/index.php\/2026\/05\/03\/8-haftalik-ek-dogum-izni-basladi-kimler-yararlanabilecek-basvuru-nasil-yapilacak\/#article","isPartOf":{"@id":"https:\/\/memurunsesi.net\/index.php\/2026\/05\/03\/8-haftalik-ek-dogum-izni-basladi-kimler-yararlanabilecek-basvuru-nasil-yapilacak\/"},"author":{"name":"Memurun Sesi Haber Merkezi","@id":"https:\/\/memurunsesi.net\/#\/schema\/person\/f21c2d73b89f6ee1d80b0a1803e38587"},"headline":"8 Haftal\u0131k Ek Do\u011fum \u0130zni Ba\u015flad\u0131: Kimler Yararlanabilecek, Ba\u015fvuru Nas\u0131l Yap\u0131lacak?","datePublished":"2026-05-03T06:32:22+00:00","mainEntityOfPage":{"@id":"https:\/\/memurunsesi.net\/index.php\/2026\/05\/03\/8-haftalik-ek-dogum-izni-basladi-kimler-yararlanabilecek-basvuru-nasil-yapilacak\/"},"wordCount":299,"commentCount":0,"publisher":{"@id":"https:\/\/memurunsesi.net\/#organization"},"image":{"@id":"https:\/\/memurunsesi.net\/index.php\/2026\/05\/03\/8-haftalik-ek-dogum-izni-basladi-kimler-yararlanabilecek-basvuru-nasil-yapilacak\/#primaryimage"},"thumbnailUrl":"https:\/\/memurunsesi.net\/wp-content\/uploads\/2026\/04\/46.png","keywords":["8 hafta do\u011fum izni","aile ve sosyal hizmetler bakanl\u0131\u011f\u0131","annelere izin","\u00e7al\u0131\u015fan anneler","do\u011fum izni 2026","do\u011fum izni ba\u015fvuru","do\u011fum izni \u015fartlar\u0131","ek do\u011fum izni","i\u015f hayat\u0131 aile dengesi","kamu personeli izinleri","Mahinur \u00d6zdemir G\u00f6kta\u015f"],"inLanguage":"tr","potentialAction":[{"@type":"CommentAction","name":"Comment","target":["https:\/\/memurunsesi.net\/index.php\/2026\/05\/03\/8-haftalik-ek-dogum-izni-basladi-kimler-yararlanabilecek-basvuru-nasil-yapilacak\/#respond"]}]},{"@type":"WebPage","@id":"https:\/\/memurunsesi.net\/index.php\/2026\/05\/03\/8-haftalik-ek-dogum-izni-basladi-kimler-yararlanabilecek-basvuru-nasil-yapilacak\/","url":"https:\/\/memurunsesi.net\/index.php\/2026\/05\/03\/8-haftalik-ek-dogum-izni-basladi-kimler-yararlanabilecek-basvuru-nasil-yapilacak\/","name":"8 Haftal\u0131k Ek Do\u011fum \u0130zni Ba\u015flad\u0131: Kimler Yararlanabilecek, Ba\u015fvuru Nas\u0131l Yap\u0131lacak? - Memurun Sesi","isPartOf":{"@id":"https:\/\/memurunsesi.net\/#website"},"primaryImageOfPage":{"@id":"https:\/\/memurunsesi.net\/index.php\/2026\/05\/03\/8-haftalik-ek-dogum-izni-basladi-kimler-yararlanabilecek-basvuru-nasil-yapilacak\/#primaryimage"},"image":{"@id":"https:\/\/memurunsesi.net\/index.php\/2026\/05\/03\/8-haftalik-ek-dogum-izni-basladi-kimler-yararlanabilecek-basvuru-nasil-yapilacak\/#primaryimage"},"thumbnailUrl":"https:\/\/memurunsesi.net\/wp-content\/uploads\/2026\/04\/46.png","datePublished":"2026-05-03T06:32:22+00:00","description":"8 haftal\u0131k ek do\u011fum izni d\u00fczenlemesi y\u00fcr\u00fcrl\u00fc\u011fe girdi. 1 Nisan 2026 itibar\u0131yla belirli \u015fartlar\u0131 ta\u015f\u0131yan anneler, 10 g\u00fcn i\u00e7inde ba\u015fvurarak ilave izin hakk\u0131ndan yararlanabilecek.","breadcrumb":{"@id":"https:\/\/memurunsesi.net\/index.php\/2026\/05\/03\/8-haftalik-ek-dogum-izni-basladi-kimler-yararlanabilecek-basvuru-nasil-yapilacak\/#breadcrumb"},"inLanguage":"tr","potentialAction":[{"@type":"ReadAction","target":["https:\/\/memurunsesi.net\/index.php\/2026\/05\/03\/8-haftalik-ek-dogum-izni-basladi-kimler-yararlanabilecek-basvuru-nasil-yapilacak\/"]}]},{"@type":"ImageObject","inLanguage":"tr","@id":"https:\/\/memurunsesi.net\/index.php\/2026\/05\/03\/8-haftalik-ek-dogum-izni-basladi-kimler-yararlanabilecek-basvuru-nasil-yapilacak\/#primaryimage","url":"https:\/\/memurunsesi.net\/wp-content\/uploads\/2026\/04\/46.png","contentUrl":"https:\/\/memurunsesi.net\/wp-content\/uploads\/2026\/04\/46.png","width":1080,"height":720},{"@type":"BreadcrumbList","@id":"https:\/\/memurunsesi.net\/index.php\/2026\/05\/03\/8-haftalik-ek-dogum-izni-basladi-kimler-yararlanabilecek-basvuru-nasil-yapilacak\/#breadcrumb","itemListElement":[{"@type":"ListItem","position":1,"name":"Anasayfa","item":"https:\/\/memurunsesi.net\/"},{"@type":"ListItem","position":2,"name":"8 Haftal\u0131k Ek Do\u011fum \u0130zni Ba\u015flad\u0131: Kimler Yararlanabilecek, Ba\u015fvuru Nas\u0131l Yap\u0131lacak?"}]},{"@type":"WebSite","@id":"https:\/\/memurunsesi.net\/#website","url":"https:\/\/memurunsesi.net\/","name":"Memurun Sesi","description":"G\u00fcncel ve Do\u011fru Haber","publisher":{"@id":"https:\/\/memurunsesi.net\/#organization"},"potentialAction":[{"@type":"SearchAction","target":{"@type":"EntryPoint","urlTemplate":"https:\/\/memurunsesi.net\/?s={search_term_string}"},"query-input":{"@type":"PropertyValueSpecification","valueRequired":true,"valueName":"search_term_string"}}],"inLanguage":"tr"},{"@type":"Organization","@id":"https:\/\/memurunsesi.net\/#organization","name":"Memurun Sesi","url":"https:\/\/memurunsesi.net\/","logo":{"@type":"ImageObject","inLanguage":"tr","@id":"https:\/\/memurunsesi.net\/#\/schema\/logo\/image\/","url":"https:\/\/memurunsesi.net\/wp-content\/uploads\/2025\/11\/cropped-MEMURUN-SESI.png","contentUrl":"https:\/\/memurunsesi.net\/wp-content\/uploads\/2025\/11\/cropped-MEMURUN-SESI.png","width":238,"height":57,"caption":"Memurun Sesi"},"image":{"@id":"https:\/\/memurunsesi.net\/#\/schema\/logo\/image\/"},"sameAs":["https:\/\/www.facebook.com\/unipersen\/?locale=tr_TR","https:\/\/x.com\/unipersen"]},{"@type":"Person","@id":"https:\/\/memurunsesi.net\/#\/schema\/person\/f21c2d73b89f6ee1d80b0a1803e38587","name":"Memurun Sesi Haber Merkezi","image":{"@type":"ImageObject","inLanguage":"tr","@id":"https:\/\/secure.gravatar.com\/avatar\/6cf0505f452ee753f485014986fab09a434671d2b919ee76fc541025c5876a70?s=96&d=mm&r=g","url":"https:\/\/secure.gravatar.com\/avatar\/6cf0505f452ee753f485014986fab09a434671d2b919ee76fc541025c5876a70?s=96&d=mm&r=g","contentUrl":"https:\/\/secure.gravatar.com\/avatar\/6cf0505f452ee753f485014986fab09a434671d2b919ee76fc541025c5876a70?s=96&d=mm&r=g","caption":"Memurun Sesi Haber Merkezi"},"sameAs":["https:\/\/memurunsesi.net"],"url":"https:\/\/memurunsesi.net\/index.php\/author\/uniper\/"}]}},"_links":{"self":[{"href":"https:\/\/memurunsesi.net\/index.php\/wp-json\/wp\/v2\/posts\/19901","targetHints":{"allow":["GET"]}}],"collection":[{"href":"https:\/\/memurunsesi.net\/index.php\/wp-json\/wp\/v2\/posts"}],"about":[{"href":"https:\/\/memurunsesi.net\/index.php\/wp-json\/wp\/v2\/types\/post"}],"author":[{"embeddable":true,"href":"https:\/\/memurunsesi.net\/index.php\/wp-json\/wp\/v2\/users\/1"}],"replies":[{"embeddable":true,"href":"https:\/\/memurunsesi.net\/index.php\/wp-json\/wp\/v2\/comments?post=19901"}],"version-history":[{"count":1,"href":"https:\/\/memurunsesi.net\/index.php\/wp-json\/wp\/v2\/posts\/19901\/revisions"}],"predecessor-version":[{"id":19902,"href":"https:\/\/memurunsesi.net\/index.php\/wp-json\/wp\/v2\/posts\/19901\/revisions\/19902"}],"wp:featuredmedia":[{"embeddable":true,"href":"https:\/\/memurunsesi.net\/index.php\/wp-json\/wp\/v2\/media\/19759"}],"wp:attachment":[{"href":"https:\/\/memurunsesi.net\/index.php\/wp-json\/wp\/v2\/media?parent=19901"}],"wp:term":[{"taxonomy":"category","embeddable":true,"href":"https:\/\/memurunsesi.net\/index.php\/wp-json\/wp\/v2\/categories?post=19901"},{"taxonomy":"post_tag","embeddable":true,"href":"https:\/\/memurunsesi.net\/index.php\/wp-json\/wp\/v2\/tags?post=19901"}],"curies":[{"name":"wp","href":"https:\/\/api.w.org\/{rel}","templated":true}]}}