{"id":19903,"date":"2026-05-03T09:41:20","date_gmt":"2026-05-03T06:41:20","guid":{"rendered":"https:\/\/memurunsesi.net\/?p=19903"},"modified":"2026-05-03T09:44:07","modified_gmt":"2026-05-03T06:44:07","slug":"memur-ve-emekli-maaslarinda-temmuz-hesabi-ilk-veriler-zam-tablosunu-ortaya-koydu","status":"publish","type":"post","link":"https:\/\/memurunsesi.net\/index.php\/2026\/05\/03\/memur-ve-emekli-maaslarinda-temmuz-hesabi-ilk-veriler-zam-tablosunu-ortaya-koydu\/","title":{"rendered":"Memur ve Emekli Maa\u015flar\u0131nda Temmuz Hesab\u0131: \u0130lk Veriler Zam Tablosunu Ortaya Koydu"},"content":{"rendered":"<p data-start=\"169\" data-end=\"455\">\u00a0 \u00a0 Milyonlarca memur ve memur emeklisinin bekledi\u011fi Temmuz zamm\u0131na ili\u015fkin ilk veriler netle\u015fmeye ba\u015flad\u0131. 2026 y\u0131l\u0131n\u0131n ilk \u00fc\u00e7 ay\u0131na ait enflasyon rakamlar\u0131 do\u011frultusunda maa\u015f art\u0131\u015f\u0131n\u0131n \u00f6nemli bir k\u0131sm\u0131 \u015fekillenirken, nihai oran\u0131n 3 Temmuz\u2019da a\u00e7\u0131klanacak verilerle kesinle\u015fmesi bekleniyor.<\/p>\n<h3 data-section-id=\"9csbi4\" data-start=\"457\" data-end=\"516\"><span role=\"text\"><strong data-start=\"461\" data-end=\"516\">\u0130lk 3 Ay\u0131n Verileri Zam Oran\u0131n\u0131 Belirlemeye Ba\u015flad\u0131<\/strong><\/span><\/h3>\n<p data-start=\"518\" data-end=\"779\"><span class=\"hover:entity-accent entity-underline inline cursor-pointer align-baseline\"><span class=\"whitespace-normal\">T\u00fcrkiye \u0130statistik Kurumu<\/span><\/span> taraf\u0131ndan a\u00e7\u0131klanan verilere g\u00f6re, y\u0131l\u0131n ilk \u00e7eyre\u011finde enflasyon k\u00fcm\u00fclatif olarak y\u00fczde 10,04 seviyesine ula\u015ft\u0131. Bu veriler \u0131\u015f\u0131\u011f\u0131nda memur ve memur emeklileri i\u00e7in olu\u015fan \u00fc\u00e7 ayl\u0131k maa\u015f art\u0131\u015f\u0131 y\u00fczde 6,07 olarak hesapland\u0131.<\/p>\n<p data-start=\"781\" data-end=\"890\">Mart ay\u0131 itibar\u0131yla y\u0131ll\u0131k enflasyon y\u00fczde 30,87 olurken, ayl\u0131k enflasyon oran\u0131 y\u00fczde 1,94 olarak kaydedildi.<\/p>\n<h3 data-section-id=\"oy54aq\" data-start=\"892\" data-end=\"936\"><span role=\"text\"><strong data-start=\"896\" data-end=\"936\">Zam Hesab\u0131nda Hangi Kalemler Etkili?<\/strong><\/span><\/h3>\n<p data-start=\"938\" data-end=\"991\">Memur maa\u015f art\u0131\u015flar\u0131nda \u00fc\u00e7 temel unsur \u00f6ne \u00e7\u0131k\u0131yor:<\/p>\n<ul data-start=\"992\" data-end=\"1069\">\n<li data-section-id=\"icqep\" data-start=\"992\" data-end=\"1016\">Toplu s\u00f6zle\u015fme zamm\u0131<\/li>\n<li data-section-id=\"etr2cs\" data-start=\"1017\" data-end=\"1036\">Enflasyon fark\u0131<\/li>\n<li data-section-id=\"cvvmi7\" data-start=\"1037\" data-end=\"1069\">Temmuz d\u00f6nemi ek art\u0131\u015f oran\u0131<\/li>\n<\/ul>\n<h3 data-section-id=\"1p5gjpp\" data-start=\"1076\" data-end=\"1118\"><span role=\"text\"><strong data-start=\"1080\" data-end=\"1118\">\u00a02026 G\u00fcncel Maa\u015f ve Zam Tablosu<\/strong><\/span><\/h3>\n<div class=\"TyagGW_tableContainer\">\n<div class=\"group TyagGW_tableWrapper flex flex-col-reverse w-fit\" tabindex=\"-1\">\n<table class=\"w-fit min-w-(--thread-content-width)\" data-start=\"1120\" data-end=\"1388\">\n<thead data-start=\"1120\" data-end=\"1140\">\n<tr data-start=\"1120\" data-end=\"1140\">\n<th class=\"\" data-start=\"1120\" data-end=\"1131\" data-col-size=\"sm\">G\u00f6sterge<\/th>\n<th class=\"\" data-start=\"1131\" data-end=\"1140\" data-col-size=\"sm\">De\u011fer<\/th>\n<\/tr>\n<\/thead>\n<tbody data-start=\"1162\" data-end=\"1388\">\n<tr data-start=\"1162\" data-end=\"1197\">\n<td data-start=\"1162\" data-end=\"1188\" data-col-size=\"sm\">3 Ayl\u0131k Enflasyon Fark\u0131<\/td>\n<td data-col-size=\"sm\" data-start=\"1188\" data-end=\"1197\">%6,07<\/td>\n<\/tr>\n<tr data-start=\"1198\" data-end=\"1234\">\n<td data-start=\"1198\" data-end=\"1228\" data-col-size=\"sm\">Temmuz Toplu S\u00f6zle\u015fme Zamm\u0131<\/td>\n<td data-col-size=\"sm\" data-start=\"1228\" data-end=\"1234\">%7<\/td>\n<\/tr>\n<tr data-start=\"1235\" data-end=\"1271\">\n<td data-start=\"1235\" data-end=\"1261\" data-col-size=\"sm\">Y\u0131ll\u0131k Enflasyon (Mart)<\/td>\n<td data-col-size=\"sm\" data-start=\"1261\" data-end=\"1271\">%30,87<\/td>\n<\/tr>\n<tr data-start=\"1272\" data-end=\"1306\">\n<td data-start=\"1272\" data-end=\"1297\" data-col-size=\"sm\">Ayl\u0131k Enflasyon (Mart)<\/td>\n<td data-col-size=\"sm\" data-start=\"1297\" data-end=\"1306\">%1,94<\/td>\n<\/tr>\n<tr data-start=\"1307\" data-end=\"1343\">\n<td data-start=\"1307\" data-end=\"1330\" data-col-size=\"sm\">En D\u00fc\u015f\u00fck Memur Maa\u015f\u0131<\/td>\n<td data-start=\"1330\" data-end=\"1343\" data-col-size=\"sm\">61.890 TL<\/td>\n<\/tr>\n<tr data-start=\"1344\" data-end=\"1388\">\n<td data-start=\"1344\" data-end=\"1375\" data-col-size=\"sm\">En D\u00fc\u015f\u00fck Memur Emekli Ayl\u0131\u011f\u0131<\/td>\n<td data-start=\"1375\" data-end=\"1388\" data-col-size=\"sm\">27.888 TL<\/td>\n<\/tr>\n<\/tbody>\n<\/table>\n<\/div>\n<\/div>\n<h3 data-section-id=\"1a8l9vb\" data-start=\"1395\" data-end=\"1430\"><span role=\"text\"><strong data-start=\"1399\" data-end=\"1430\">Kritik Tarih: 3 Temmuz 2026<\/strong><\/span><\/h3>\n<p data-start=\"1432\" data-end=\"1603\">Nisan, may\u0131s ve haziran ay\u0131 enflasyon verilerinin a\u00e7\u0131klanmas\u0131yla birlikte nihai zam oran\u0131 netle\u015fecek. T\u00dc\u0130K, haziran verilerini 3 Temmuz 2026 tarihinde kamuoyuna duyuracak.<\/p>\n<p data-start=\"1605\" data-end=\"1714\">Bu a\u00e7\u0131klamayla birlikte 6 ayl\u0131k enflasyon fark\u0131 ve toplu s\u00f6zle\u015fme zamm\u0131 birle\u015ferek yeni maa\u015flar kesinle\u015fecek.<\/p>\n<p data-start=\"1721\" data-end=\"1877\" data-is-last-node=\"\" data-is-only-node=\"\">Temmuz zamm\u0131, enflasyon verilerine ba\u011fl\u0131 olarak \u015fekillenmeye devam ederken, memur ve emekliler g\u00f6zlerini a\u00e7\u0131klanacak son \u00fc\u00e7 ayl\u0131k verilere \u00e7evirmi\u015f durumda.<\/p>\n<p data-start=\"1721\" data-end=\"1877\" data-is-last-node=\"\" data-is-only-node=\"\">03.05.2026<\/p>\n","protected":false},"excerpt":{"rendered":"<p>\u00a0 \u00a0 Milyonlarca memur ve memur emeklisinin bekledi\u011fi Temmuz zamm\u0131na ili\u015fkin ilk veriler netle\u015fmeye ba\u015flad\u0131. 2026 y\u0131l\u0131n\u0131n ilk \u00fc\u00e7 ay\u0131na ait enflasyon rakamlar\u0131 do\u011frultusunda maa\u015f art\u0131\u015f\u0131n\u0131n \u00f6nemli bir k\u0131sm\u0131 \u015fekillenirken, nihai oran\u0131n 3 Temmuz\u2019da a\u00e7\u0131klanacak verilerle kesinle\u015fmesi bekleniyor. \u0130lk 3 Ay\u0131n Verileri Zam Oran\u0131n\u0131 Belirlemeye Ba\u015flad\u0131 T\u00fcrkiye \u0130statistik Kurumu taraf\u0131ndan a\u00e7\u0131klanan verilere g\u00f6re, y\u0131l\u0131n ilk [&hellip;]<\/p>\n","protected":false},"author":1,"featured_media":19732,"comment_status":"open","ping_status":"open","sticky":false,"template":"","format":"standard","meta":{"footnotes":""},"categories":[1],"tags":[3875,3881,3879,1683,3872,1747,3878,3880,3882,3871,3876,3877,3873,2651,3874],"class_list":["post-19903","post","type-post","status-publish","format-standard","has-post-thumbnail","hentry","category-genel","tag-2026-memur-maaslari","tag-3-temmuz-2026","tag-doktor-maasi","tag-ekonomik-gelismeler","tag-emekli-maasi-zammi","tag-enflasyon-farki","tag-hemsire-maasi","tag-kamu-calisani-zam-orani","tag-maas-tablosu","tag-memur-zammi-2026","tag-ogretmen-maasi-2026","tag-polis-maasi","tag-temmuz-maas-artisi","tag-toplu-sozlesme-zammi","tag-tuik-enflasyon-verileri"],"yoast_head":"<!-- This site is optimized with the Yoast SEO plugin v27.5 - https:\/\/yoast.com\/product\/yoast-seo-wordpress\/ -->\n<title>Memur ve Emekli Maa\u015flar\u0131nda Temmuz Hesab\u0131: \u0130lk Veriler Zam Tablosunu Ortaya Koydu - Memurun Sesi<\/title>\n<meta name=\"description\" content=\"Memur ve emekli maa\u015flar\u0131n\u0131n 2026 Temmuz zamm\u0131na ili\u015fkin ilk veriler netle\u015fti. Enflasyon fark\u0131 ve toplu s\u00f6zle\u015fme zamm\u0131yla olu\u015fan yeni maa\u015f tablosu ve kritik tarih 3 Temmuz olarak a\u00e7\u0131kland\u0131.\" \/>\n<meta name=\"robots\" content=\"index, follow, max-snippet:-1, max-image-preview:large, max-video-preview:-1\" \/>\n<link rel=\"canonical\" href=\"https:\/\/memurunsesi.net\/index.php\/2026\/05\/03\/memur-ve-emekli-maaslarinda-temmuz-hesabi-ilk-veriler-zam-tablosunu-ortaya-koydu\/\" \/>\n<meta property=\"og:locale\" content=\"tr_TR\" \/>\n<meta property=\"og:type\" content=\"article\" \/>\n<meta property=\"og:title\" content=\"Memur ve Emekli Maa\u015flar\u0131nda Temmuz Hesab\u0131: \u0130lk Veriler Zam Tablosunu Ortaya Koydu - Memurun Sesi\" \/>\n<meta property=\"og:description\" content=\"Memur ve emekli maa\u015flar\u0131n\u0131n 2026 Temmuz zamm\u0131na ili\u015fkin ilk veriler netle\u015fti. Enflasyon fark\u0131 ve toplu s\u00f6zle\u015fme zamm\u0131yla olu\u015fan yeni maa\u015f tablosu ve kritik tarih 3 Temmuz olarak a\u00e7\u0131kland\u0131.\" \/>\n<meta property=\"og:url\" content=\"https:\/\/memurunsesi.net\/index.php\/2026\/05\/03\/memur-ve-emekli-maaslarinda-temmuz-hesabi-ilk-veriler-zam-tablosunu-ortaya-koydu\/\" \/>\n<meta property=\"og:site_name\" content=\"Memurun Sesi\" \/>\n<meta property=\"article:publisher\" content=\"https:\/\/www.facebook.com\/unipersen\/?locale=tr_TR\" \/>\n<meta property=\"article:published_time\" content=\"2026-05-03T06:41:20+00:00\" \/>\n<meta property=\"article:modified_time\" content=\"2026-05-03T06:44:07+00:00\" \/>\n<meta property=\"og:image\" content=\"https:\/\/memurunsesi.net\/wp-content\/uploads\/2026\/04\/6.png\" \/>\n\t<meta property=\"og:image:width\" content=\"1080\" \/>\n\t<meta property=\"og:image:height\" content=\"720\" \/>\n\t<meta property=\"og:image:type\" content=\"image\/png\" \/>\n<meta name=\"author\" content=\"Memurun Sesi Haber Merkezi\" \/>\n<meta name=\"twitter:card\" content=\"summary_large_image\" \/>\n<meta name=\"twitter:creator\" content=\"@unipersen\" \/>\n<meta name=\"twitter:site\" content=\"@unipersen\" \/>\n<meta name=\"twitter:label1\" content=\"Yazan:\" \/>\n\t<meta name=\"twitter:data1\" content=\"Memurun Sesi Haber Merkezi\" \/>\n\t<meta name=\"twitter:label2\" content=\"Tahmini okuma s\u00fcresi\" \/>\n\t<meta name=\"twitter:data2\" content=\"2 dakika\" \/>\n<script type=\"application\/ld+json\" class=\"yoast-schema-graph\">{\"@context\":\"https:\\\/\\\/schema.org\",\"@graph\":[{\"@type\":\"Article\",\"@id\":\"https:\\\/\\\/memurunsesi.net\\\/index.php\\\/2026\\\/05\\\/03\\\/memur-ve-emekli-maaslarinda-temmuz-hesabi-ilk-veriler-zam-tablosunu-ortaya-koydu\\\/#article\",\"isPartOf\":{\"@id\":\"https:\\\/\\\/memurunsesi.net\\\/index.php\\\/2026\\\/05\\\/03\\\/memur-ve-emekli-maaslarinda-temmuz-hesabi-ilk-veriler-zam-tablosunu-ortaya-koydu\\\/\"},\"author\":{\"name\":\"Memurun Sesi Haber Merkezi\",\"@id\":\"https:\\\/\\\/memurunsesi.net\\\/#\\\/schema\\\/person\\\/f21c2d73b89f6ee1d80b0a1803e38587\"},\"headline\":\"Memur ve Emekli Maa\u015flar\u0131nda Temmuz Hesab\u0131: \u0130lk Veriler Zam Tablosunu Ortaya Koydu\",\"datePublished\":\"2026-05-03T06:41:20+00:00\",\"dateModified\":\"2026-05-03T06:44:07+00:00\",\"mainEntityOfPage\":{\"@id\":\"https:\\\/\\\/memurunsesi.net\\\/index.php\\\/2026\\\/05\\\/03\\\/memur-ve-emekli-maaslarinda-temmuz-hesabi-ilk-veriler-zam-tablosunu-ortaya-koydu\\\/\"},\"wordCount\":282,\"commentCount\":0,\"publisher\":{\"@id\":\"https:\\\/\\\/memurunsesi.net\\\/#organization\"},\"image\":{\"@id\":\"https:\\\/\\\/memurunsesi.net\\\/index.php\\\/2026\\\/05\\\/03\\\/memur-ve-emekli-maaslarinda-temmuz-hesabi-ilk-veriler-zam-tablosunu-ortaya-koydu\\\/#primaryimage\"},\"thumbnailUrl\":\"https:\\\/\\\/memurunsesi.net\\\/wp-content\\\/uploads\\\/2026\\\/04\\\/6.png\",\"keywords\":[\"2026 memur maa\u015flar\u0131\",\"3 Temmuz 2026\",\"doktor maa\u015f\u0131\",\"ekonomik geli\u015fmeler\",\"emekli maa\u015f\u0131 zamm\u0131\",\"enflasyon fark\u0131\",\"hem\u015fire maa\u015f\u0131\",\"kamu \u00e7al\u0131\u015fan\u0131 zam oran\u0131\",\"maa\u015f tablosu\",\"memur zamm\u0131 2026\",\"\u00f6\u011fretmen maa\u015f\u0131 2026\",\"polis maa\u015f\u0131\",\"Temmuz maa\u015f art\u0131\u015f\u0131\",\"toplu s\u00f6zle\u015fme zamm\u0131\",\"T\u00dc\u0130K enflasyon verileri\"],\"inLanguage\":\"tr\",\"potentialAction\":[{\"@type\":\"CommentAction\",\"name\":\"Comment\",\"target\":[\"https:\\\/\\\/memurunsesi.net\\\/index.php\\\/2026\\\/05\\\/03\\\/memur-ve-emekli-maaslarinda-temmuz-hesabi-ilk-veriler-zam-tablosunu-ortaya-koydu\\\/#respond\"]}]},{\"@type\":\"WebPage\",\"@id\":\"https:\\\/\\\/memurunsesi.net\\\/index.php\\\/2026\\\/05\\\/03\\\/memur-ve-emekli-maaslarinda-temmuz-hesabi-ilk-veriler-zam-tablosunu-ortaya-koydu\\\/\",\"url\":\"https:\\\/\\\/memurunsesi.net\\\/index.php\\\/2026\\\/05\\\/03\\\/memur-ve-emekli-maaslarinda-temmuz-hesabi-ilk-veriler-zam-tablosunu-ortaya-koydu\\\/\",\"name\":\"Memur ve Emekli Maa\u015flar\u0131nda Temmuz Hesab\u0131: \u0130lk Veriler Zam Tablosunu Ortaya Koydu - Memurun Sesi\",\"isPartOf\":{\"@id\":\"https:\\\/\\\/memurunsesi.net\\\/#website\"},\"primaryImageOfPage\":{\"@id\":\"https:\\\/\\\/memurunsesi.net\\\/index.php\\\/2026\\\/05\\\/03\\\/memur-ve-emekli-maaslarinda-temmuz-hesabi-ilk-veriler-zam-tablosunu-ortaya-koydu\\\/#primaryimage\"},\"image\":{\"@id\":\"https:\\\/\\\/memurunsesi.net\\\/index.php\\\/2026\\\/05\\\/03\\\/memur-ve-emekli-maaslarinda-temmuz-hesabi-ilk-veriler-zam-tablosunu-ortaya-koydu\\\/#primaryimage\"},\"thumbnailUrl\":\"https:\\\/\\\/memurunsesi.net\\\/wp-content\\\/uploads\\\/2026\\\/04\\\/6.png\",\"datePublished\":\"2026-05-03T06:41:20+00:00\",\"dateModified\":\"2026-05-03T06:44:07+00:00\",\"description\":\"Memur ve emekli maa\u015flar\u0131n\u0131n 2026 Temmuz zamm\u0131na ili\u015fkin ilk veriler netle\u015fti. Enflasyon fark\u0131 ve toplu s\u00f6zle\u015fme zamm\u0131yla olu\u015fan yeni maa\u015f tablosu ve kritik tarih 3 Temmuz olarak a\u00e7\u0131kland\u0131.\",\"breadcrumb\":{\"@id\":\"https:\\\/\\\/memurunsesi.net\\\/index.php\\\/2026\\\/05\\\/03\\\/memur-ve-emekli-maaslarinda-temmuz-hesabi-ilk-veriler-zam-tablosunu-ortaya-koydu\\\/#breadcrumb\"},\"inLanguage\":\"tr\",\"potentialAction\":[{\"@type\":\"ReadAction\",\"target\":[\"https:\\\/\\\/memurunsesi.net\\\/index.php\\\/2026\\\/05\\\/03\\\/memur-ve-emekli-maaslarinda-temmuz-hesabi-ilk-veriler-zam-tablosunu-ortaya-koydu\\\/\"]}]},{\"@type\":\"ImageObject\",\"inLanguage\":\"tr\",\"@id\":\"https:\\\/\\\/memurunsesi.net\\\/index.php\\\/2026\\\/05\\\/03\\\/memur-ve-emekli-maaslarinda-temmuz-hesabi-ilk-veriler-zam-tablosunu-ortaya-koydu\\\/#primaryimage\",\"url\":\"https:\\\/\\\/memurunsesi.net\\\/wp-content\\\/uploads\\\/2026\\\/04\\\/6.png\",\"contentUrl\":\"https:\\\/\\\/memurunsesi.net\\\/wp-content\\\/uploads\\\/2026\\\/04\\\/6.png\",\"width\":1080,\"height\":720},{\"@type\":\"BreadcrumbList\",\"@id\":\"https:\\\/\\\/memurunsesi.net\\\/index.php\\\/2026\\\/05\\\/03\\\/memur-ve-emekli-maaslarinda-temmuz-hesabi-ilk-veriler-zam-tablosunu-ortaya-koydu\\\/#breadcrumb\",\"itemListElement\":[{\"@type\":\"ListItem\",\"position\":1,\"name\":\"Anasayfa\",\"item\":\"https:\\\/\\\/memurunsesi.net\\\/\"},{\"@type\":\"ListItem\",\"position\":2,\"name\":\"Memur ve Emekli Maa\u015flar\u0131nda Temmuz Hesab\u0131: \u0130lk Veriler Zam Tablosunu Ortaya Koydu\"}]},{\"@type\":\"WebSite\",\"@id\":\"https:\\\/\\\/memurunsesi.net\\\/#website\",\"url\":\"https:\\\/\\\/memurunsesi.net\\\/\",\"name\":\"Memurun Sesi\",\"description\":\"G\u00fcncel ve Do\u011fru Haber\",\"publisher\":{\"@id\":\"https:\\\/\\\/memurunsesi.net\\\/#organization\"},\"potentialAction\":[{\"@type\":\"SearchAction\",\"target\":{\"@type\":\"EntryPoint\",\"urlTemplate\":\"https:\\\/\\\/memurunsesi.net\\\/?s={search_term_string}\"},\"query-input\":{\"@type\":\"PropertyValueSpecification\",\"valueRequired\":true,\"valueName\":\"search_term_string\"}}],\"inLanguage\":\"tr\"},{\"@type\":\"Organization\",\"@id\":\"https:\\\/\\\/memurunsesi.net\\\/#organization\",\"name\":\"Memurun Sesi\",\"url\":\"https:\\\/\\\/memurunsesi.net\\\/\",\"logo\":{\"@type\":\"ImageObject\",\"inLanguage\":\"tr\",\"@id\":\"https:\\\/\\\/memurunsesi.net\\\/#\\\/schema\\\/logo\\\/image\\\/\",\"url\":\"https:\\\/\\\/memurunsesi.net\\\/wp-content\\\/uploads\\\/2025\\\/11\\\/cropped-MEMURUN-SESI.png\",\"contentUrl\":\"https:\\\/\\\/memurunsesi.net\\\/wp-content\\\/uploads\\\/2025\\\/11\\\/cropped-MEMURUN-SESI.png\",\"width\":238,\"height\":57,\"caption\":\"Memurun Sesi\"},\"image\":{\"@id\":\"https:\\\/\\\/memurunsesi.net\\\/#\\\/schema\\\/logo\\\/image\\\/\"},\"sameAs\":[\"https:\\\/\\\/www.facebook.com\\\/unipersen\\\/?locale=tr_TR\",\"https:\\\/\\\/x.com\\\/unipersen\"]},{\"@type\":\"Person\",\"@id\":\"https:\\\/\\\/memurunsesi.net\\\/#\\\/schema\\\/person\\\/f21c2d73b89f6ee1d80b0a1803e38587\",\"name\":\"Memurun Sesi Haber Merkezi\",\"image\":{\"@type\":\"ImageObject\",\"inLanguage\":\"tr\",\"@id\":\"https:\\\/\\\/secure.gravatar.com\\\/avatar\\\/6cf0505f452ee753f485014986fab09a434671d2b919ee76fc541025c5876a70?s=96&d=mm&r=g\",\"url\":\"https:\\\/\\\/secure.gravatar.com\\\/avatar\\\/6cf0505f452ee753f485014986fab09a434671d2b919ee76fc541025c5876a70?s=96&d=mm&r=g\",\"contentUrl\":\"https:\\\/\\\/secure.gravatar.com\\\/avatar\\\/6cf0505f452ee753f485014986fab09a434671d2b919ee76fc541025c5876a70?s=96&d=mm&r=g\",\"caption\":\"Memurun Sesi Haber Merkezi\"},\"sameAs\":[\"https:\\\/\\\/memurunsesi.net\"],\"url\":\"https:\\\/\\\/memurunsesi.net\\\/index.php\\\/author\\\/uniper\\\/\"}]}<\/script>\n<!-- \/ Yoast SEO plugin. -->","yoast_head_json":{"title":"Memur ve Emekli Maa\u015flar\u0131nda Temmuz Hesab\u0131: \u0130lk Veriler Zam Tablosunu Ortaya Koydu - Memurun Sesi","description":"Memur ve emekli maa\u015flar\u0131n\u0131n 2026 Temmuz zamm\u0131na ili\u015fkin ilk veriler netle\u015fti. Enflasyon fark\u0131 ve toplu s\u00f6zle\u015fme zamm\u0131yla olu\u015fan yeni maa\u015f tablosu ve kritik tarih 3 Temmuz olarak a\u00e7\u0131kland\u0131.","robots":{"index":"index","follow":"follow","max-snippet":"max-snippet:-1","max-image-preview":"max-image-preview:large","max-video-preview":"max-video-preview:-1"},"canonical":"https:\/\/memurunsesi.net\/index.php\/2026\/05\/03\/memur-ve-emekli-maaslarinda-temmuz-hesabi-ilk-veriler-zam-tablosunu-ortaya-koydu\/","og_locale":"tr_TR","og_type":"article","og_title":"Memur ve Emekli Maa\u015flar\u0131nda Temmuz Hesab\u0131: \u0130lk Veriler Zam Tablosunu Ortaya Koydu - Memurun Sesi","og_description":"Memur ve emekli maa\u015flar\u0131n\u0131n 2026 Temmuz zamm\u0131na ili\u015fkin ilk veriler netle\u015fti. Enflasyon fark\u0131 ve toplu s\u00f6zle\u015fme zamm\u0131yla olu\u015fan yeni maa\u015f tablosu ve kritik tarih 3 Temmuz olarak a\u00e7\u0131kland\u0131.","og_url":"https:\/\/memurunsesi.net\/index.php\/2026\/05\/03\/memur-ve-emekli-maaslarinda-temmuz-hesabi-ilk-veriler-zam-tablosunu-ortaya-koydu\/","og_site_name":"Memurun Sesi","article_publisher":"https:\/\/www.facebook.com\/unipersen\/?locale=tr_TR","article_published_time":"2026-05-03T06:41:20+00:00","article_modified_time":"2026-05-03T06:44:07+00:00","og_image":[{"width":1080,"height":720,"url":"https:\/\/memurunsesi.net\/wp-content\/uploads\/2026\/04\/6.png","type":"image\/png"}],"author":"Memurun Sesi Haber Merkezi","twitter_card":"summary_large_image","twitter_creator":"@unipersen","twitter_site":"@unipersen","twitter_misc":{"Yazan:":"Memurun Sesi Haber Merkezi","Tahmini okuma s\u00fcresi":"2 dakika"},"schema":{"@context":"https:\/\/schema.org","@graph":[{"@type":"Article","@id":"https:\/\/memurunsesi.net\/index.php\/2026\/05\/03\/memur-ve-emekli-maaslarinda-temmuz-hesabi-ilk-veriler-zam-tablosunu-ortaya-koydu\/#article","isPartOf":{"@id":"https:\/\/memurunsesi.net\/index.php\/2026\/05\/03\/memur-ve-emekli-maaslarinda-temmuz-hesabi-ilk-veriler-zam-tablosunu-ortaya-koydu\/"},"author":{"name":"Memurun Sesi Haber Merkezi","@id":"https:\/\/memurunsesi.net\/#\/schema\/person\/f21c2d73b89f6ee1d80b0a1803e38587"},"headline":"Memur ve Emekli Maa\u015flar\u0131nda Temmuz Hesab\u0131: \u0130lk Veriler Zam Tablosunu Ortaya Koydu","datePublished":"2026-05-03T06:41:20+00:00","dateModified":"2026-05-03T06:44:07+00:00","mainEntityOfPage":{"@id":"https:\/\/memurunsesi.net\/index.php\/2026\/05\/03\/memur-ve-emekli-maaslarinda-temmuz-hesabi-ilk-veriler-zam-tablosunu-ortaya-koydu\/"},"wordCount":282,"commentCount":0,"publisher":{"@id":"https:\/\/memurunsesi.net\/#organization"},"image":{"@id":"https:\/\/memurunsesi.net\/index.php\/2026\/05\/03\/memur-ve-emekli-maaslarinda-temmuz-hesabi-ilk-veriler-zam-tablosunu-ortaya-koydu\/#primaryimage"},"thumbnailUrl":"https:\/\/memurunsesi.net\/wp-content\/uploads\/2026\/04\/6.png","keywords":["2026 memur maa\u015flar\u0131","3 Temmuz 2026","doktor maa\u015f\u0131","ekonomik geli\u015fmeler","emekli maa\u015f\u0131 zamm\u0131","enflasyon fark\u0131","hem\u015fire maa\u015f\u0131","kamu \u00e7al\u0131\u015fan\u0131 zam oran\u0131","maa\u015f tablosu","memur zamm\u0131 2026","\u00f6\u011fretmen maa\u015f\u0131 2026","polis maa\u015f\u0131","Temmuz maa\u015f art\u0131\u015f\u0131","toplu s\u00f6zle\u015fme zamm\u0131","T\u00dc\u0130K enflasyon verileri"],"inLanguage":"tr","potentialAction":[{"@type":"CommentAction","name":"Comment","target":["https:\/\/memurunsesi.net\/index.php\/2026\/05\/03\/memur-ve-emekli-maaslarinda-temmuz-hesabi-ilk-veriler-zam-tablosunu-ortaya-koydu\/#respond"]}]},{"@type":"WebPage","@id":"https:\/\/memurunsesi.net\/index.php\/2026\/05\/03\/memur-ve-emekli-maaslarinda-temmuz-hesabi-ilk-veriler-zam-tablosunu-ortaya-koydu\/","url":"https:\/\/memurunsesi.net\/index.php\/2026\/05\/03\/memur-ve-emekli-maaslarinda-temmuz-hesabi-ilk-veriler-zam-tablosunu-ortaya-koydu\/","name":"Memur ve Emekli Maa\u015flar\u0131nda Temmuz Hesab\u0131: \u0130lk Veriler Zam Tablosunu Ortaya Koydu - Memurun Sesi","isPartOf":{"@id":"https:\/\/memurunsesi.net\/#website"},"primaryImageOfPage":{"@id":"https:\/\/memurunsesi.net\/index.php\/2026\/05\/03\/memur-ve-emekli-maaslarinda-temmuz-hesabi-ilk-veriler-zam-tablosunu-ortaya-koydu\/#primaryimage"},"image":{"@id":"https:\/\/memurunsesi.net\/index.php\/2026\/05\/03\/memur-ve-emekli-maaslarinda-temmuz-hesabi-ilk-veriler-zam-tablosunu-ortaya-koydu\/#primaryimage"},"thumbnailUrl":"https:\/\/memurunsesi.net\/wp-content\/uploads\/2026\/04\/6.png","datePublished":"2026-05-03T06:41:20+00:00","dateModified":"2026-05-03T06:44:07+00:00","description":"Memur ve emekli maa\u015flar\u0131n\u0131n 2026 Temmuz zamm\u0131na ili\u015fkin ilk veriler netle\u015fti. Enflasyon fark\u0131 ve toplu s\u00f6zle\u015fme zamm\u0131yla olu\u015fan yeni maa\u015f tablosu ve kritik tarih 3 Temmuz olarak a\u00e7\u0131kland\u0131.","breadcrumb":{"@id":"https:\/\/memurunsesi.net\/index.php\/2026\/05\/03\/memur-ve-emekli-maaslarinda-temmuz-hesabi-ilk-veriler-zam-tablosunu-ortaya-koydu\/#breadcrumb"},"inLanguage":"tr","potentialAction":[{"@type":"ReadAction","target":["https:\/\/memurunsesi.net\/index.php\/2026\/05\/03\/memur-ve-emekli-maaslarinda-temmuz-hesabi-ilk-veriler-zam-tablosunu-ortaya-koydu\/"]}]},{"@type":"ImageObject","inLanguage":"tr","@id":"https:\/\/memurunsesi.net\/index.php\/2026\/05\/03\/memur-ve-emekli-maaslarinda-temmuz-hesabi-ilk-veriler-zam-tablosunu-ortaya-koydu\/#primaryimage","url":"https:\/\/memurunsesi.net\/wp-content\/uploads\/2026\/04\/6.png","contentUrl":"https:\/\/memurunsesi.net\/wp-content\/uploads\/2026\/04\/6.png","width":1080,"height":720},{"@type":"BreadcrumbList","@id":"https:\/\/memurunsesi.net\/index.php\/2026\/05\/03\/memur-ve-emekli-maaslarinda-temmuz-hesabi-ilk-veriler-zam-tablosunu-ortaya-koydu\/#breadcrumb","itemListElement":[{"@type":"ListItem","position":1,"name":"Anasayfa","item":"https:\/\/memurunsesi.net\/"},{"@type":"ListItem","position":2,"name":"Memur ve Emekli Maa\u015flar\u0131nda Temmuz Hesab\u0131: \u0130lk Veriler Zam Tablosunu Ortaya Koydu"}]},{"@type":"WebSite","@id":"https:\/\/memurunsesi.net\/#website","url":"https:\/\/memurunsesi.net\/","name":"Memurun Sesi","description":"G\u00fcncel ve Do\u011fru Haber","publisher":{"@id":"https:\/\/memurunsesi.net\/#organization"},"potentialAction":[{"@type":"SearchAction","target":{"@type":"EntryPoint","urlTemplate":"https:\/\/memurunsesi.net\/?s={search_term_string}"},"query-input":{"@type":"PropertyValueSpecification","valueRequired":true,"valueName":"search_term_string"}}],"inLanguage":"tr"},{"@type":"Organization","@id":"https:\/\/memurunsesi.net\/#organization","name":"Memurun Sesi","url":"https:\/\/memurunsesi.net\/","logo":{"@type":"ImageObject","inLanguage":"tr","@id":"https:\/\/memurunsesi.net\/#\/schema\/logo\/image\/","url":"https:\/\/memurunsesi.net\/wp-content\/uploads\/2025\/11\/cropped-MEMURUN-SESI.png","contentUrl":"https:\/\/memurunsesi.net\/wp-content\/uploads\/2025\/11\/cropped-MEMURUN-SESI.png","width":238,"height":57,"caption":"Memurun Sesi"},"image":{"@id":"https:\/\/memurunsesi.net\/#\/schema\/logo\/image\/"},"sameAs":["https:\/\/www.facebook.com\/unipersen\/?locale=tr_TR","https:\/\/x.com\/unipersen"]},{"@type":"Person","@id":"https:\/\/memurunsesi.net\/#\/schema\/person\/f21c2d73b89f6ee1d80b0a1803e38587","name":"Memurun Sesi Haber Merkezi","image":{"@type":"ImageObject","inLanguage":"tr","@id":"https:\/\/secure.gravatar.com\/avatar\/6cf0505f452ee753f485014986fab09a434671d2b919ee76fc541025c5876a70?s=96&d=mm&r=g","url":"https:\/\/secure.gravatar.com\/avatar\/6cf0505f452ee753f485014986fab09a434671d2b919ee76fc541025c5876a70?s=96&d=mm&r=g","contentUrl":"https:\/\/secure.gravatar.com\/avatar\/6cf0505f452ee753f485014986fab09a434671d2b919ee76fc541025c5876a70?s=96&d=mm&r=g","caption":"Memurun Sesi Haber Merkezi"},"sameAs":["https:\/\/memurunsesi.net"],"url":"https:\/\/memurunsesi.net\/index.php\/author\/uniper\/"}]}},"_links":{"self":[{"href":"https:\/\/memurunsesi.net\/index.php\/wp-json\/wp\/v2\/posts\/19903","targetHints":{"allow":["GET"]}}],"collection":[{"href":"https:\/\/memurunsesi.net\/index.php\/wp-json\/wp\/v2\/posts"}],"about":[{"href":"https:\/\/memurunsesi.net\/index.php\/wp-json\/wp\/v2\/types\/post"}],"author":[{"embeddable":true,"href":"https:\/\/memurunsesi.net\/index.php\/wp-json\/wp\/v2\/users\/1"}],"replies":[{"embeddable":true,"href":"https:\/\/memurunsesi.net\/index.php\/wp-json\/wp\/v2\/comments?post=19903"}],"version-history":[{"count":1,"href":"https:\/\/memurunsesi.net\/index.php\/wp-json\/wp\/v2\/posts\/19903\/revisions"}],"predecessor-version":[{"id":19904,"href":"https:\/\/memurunsesi.net\/index.php\/wp-json\/wp\/v2\/posts\/19903\/revisions\/19904"}],"wp:featuredmedia":[{"embeddable":true,"href":"https:\/\/memurunsesi.net\/index.php\/wp-json\/wp\/v2\/media\/19732"}],"wp:attachment":[{"href":"https:\/\/memurunsesi.net\/index.php\/wp-json\/wp\/v2\/media?parent=19903"}],"wp:term":[{"taxonomy":"category","embeddable":true,"href":"https:\/\/memurunsesi.net\/index.php\/wp-json\/wp\/v2\/categories?post=19903"},{"taxonomy":"post_tag","embeddable":true,"href":"https:\/\/memurunsesi.net\/index.php\/wp-json\/wp\/v2\/tags?post=19903"}],"curies":[{"name":"wp","href":"https:\/\/api.w.org\/{rel}","templated":true}]}}