{"id":19905,"date":"2026-05-03T09:42:59","date_gmt":"2026-05-03T06:42:59","guid":{"rendered":"https:\/\/memurunsesi.net\/?p=19905"},"modified":"2026-05-03T09:42:59","modified_gmt":"2026-05-03T06:42:59","slug":"tbmmde-yogun-gundem-kanun-teklifleri-ve-komisyon-mesaisi-suruyor","status":"publish","type":"post","link":"https:\/\/memurunsesi.net\/index.php\/2026\/05\/03\/tbmmde-yogun-gundem-kanun-teklifleri-ve-komisyon-mesaisi-suruyor\/","title":{"rendered":"TBMM\u2019DE YO\u011eUN G\u00dcNDEM: KANUN TEKL\u0130FLER\u0130 VE KOM\u0130SYON MESA\u0130S\u0130 S\u00dcR\u00dcYOR"},"content":{"rendered":"<section class=\"text-token-text-primary w-full focus:outline-none [--shadow-height:45px] has-data-writing-block:pointer-events-none has-data-writing-block:-mt-(--shadow-height) has-data-writing-block:pt-(--shadow-height) [&amp;:has([data-writing-block])&gt;*]:pointer-events-auto [content-visibility:auto] supports-[content-visibility:auto]:[contain-intrinsic-size:auto_100lvh] R6Vx5W_threadScrollVars scroll-mb-[calc(var(--scroll-root-safe-area-inset-bottom,0px)+var(--thread-response-height))] scroll-mt-[calc(var(--header-height)+min(200px,max(70px,20svh)))]\" dir=\"auto\" data-turn-id=\"request-WEB:a5e06ba1-5787-4474-bbb1-6761516cc5ab-26\" data-testid=\"conversation-turn-54\" data-scroll-anchor=\"false\" data-turn=\"assistant\">\n<div class=\"text-base my-auto mx-auto pb-10 [--thread-content-margin:var(--thread-content-margin-xs,calc(var(--spacing)*4))] @w-sm\/main:[--thread-content-margin:var(--thread-content-margin-sm,calc(var(--spacing)*6))] @w-lg\/main:[--thread-content-margin:var(--thread-content-margin-lg,calc(var(--spacing)*16))] px-(--thread-content-margin)\">\n<div class=\"[--thread-content-max-width:40rem] @w-lg\/main:[--thread-content-max-width:48rem] mx-auto max-w-(--thread-content-max-width) flex-1 group\/turn-messages focus-visible:outline-hidden relative flex w-full min-w-0 flex-col agent-turn\">\n<div class=\"flex max-w-full flex-col gap-4 grow\">\n<div class=\"min-h-8 text-message relative flex w-full flex-col items-end gap-2 text-start break-words whitespace-normal outline-none keyboard-focused:focus-ring [.text-message+&amp;]:mt-1\" dir=\"auto\" tabindex=\"0\" data-message-author-role=\"assistant\" data-message-id=\"9f1e3d98-172b-4cca-803f-f05fabe6497c\" data-message-model-slug=\"gpt-5-3-mini\" data-turn-start-message=\"true\">\n<div class=\"flex w-full flex-col gap-1 empty:hidden\">\n<div class=\"markdown prose dark:prose-invert w-full wrap-break-word light markdown-new-styling\">\n<p data-start=\"85\" data-end=\"330\">\u00a0 \u00a0 T\u00fcrkiye B\u00fcy\u00fck Millet Meclisi\u2019nde (TBMM) yeni haftaya yo\u011fun bir g\u00fcndemle girildi. Genel Kurul ve komisyonlarda \u00e7ok say\u0131da d\u00fczenlemenin ele al\u0131nd\u0131\u011f\u0131 s\u00fcre\u00e7te, sosyal politika, e\u011fitim, \u00e7al\u0131\u015fma hayat\u0131 ve kamu y\u00f6netimine ili\u015fkin ba\u015fl\u0131klar \u00f6ne \u00e7\u0131k\u0131yor.<\/p>\n<h3 data-section-id=\"mfab93\" data-start=\"332\" data-end=\"383\"><span role=\"text\"><strong data-start=\"336\" data-end=\"383\">GENEL KURUL\u2019DA KANUN TEKL\u0130FLER\u0130 G\u00d6R\u00dc\u015e\u00dcL\u00dcYOR<\/strong><\/span><\/h3>\n<p data-start=\"385\" data-end=\"613\">TBMM Genel Kurulu\u2019nda bu hafta, farkl\u0131 alanlara ili\u015fkin kanun tekliflerinin g\u00f6r\u00fc\u015f\u00fclmesine devam ediliyor. Sosyal hizmetlerden kamu y\u00f6netimine, teknik d\u00fczenlemelerden \u00e7al\u0131\u015fma hayat\u0131na kadar bir\u00e7ok ba\u015fl\u0131k madde madde ele al\u0131n\u0131yor.<\/p>\n<p data-start=\"615\" data-end=\"784\">Meclis kulislerinden edinilen bilgilere g\u00f6re, \u00f6zellikle sosyal politikalar\u0131 ilgilendiren d\u00fczenlemeler ile kamu \u00e7al\u0131\u015fanlar\u0131na y\u00f6nelik teknik de\u011fi\u015fiklikler dikkat \u00e7ekiyor.<\/p>\n<h3 data-section-id=\"1kdicti\" data-start=\"786\" data-end=\"827\"><span role=\"text\"><strong data-start=\"790\" data-end=\"827\">E\u011e\u0130T\u0130M VE OKUL G\u00dcVENL\u0130\u011e\u0130 G\u00dcNDEMDE<\/strong><\/span><\/h3>\n<p data-start=\"829\" data-end=\"1083\">Son d\u00f6nemde ya\u015fanan olaylar\u0131n ard\u0131ndan e\u011fitim kurumlar\u0131nda g\u00fcvenlik konusu da Meclis\u2019in g\u00fcndem ba\u015fl\u0131klar\u0131 aras\u0131nda yer al\u0131yor. Okul g\u00fcvenli\u011fi, riskli b\u00f6lgelerde al\u0131nacak \u00f6nlemler ve \u00f6nleyici sistemlerin g\u00fc\u00e7lendirilmesi \u00fczerine de\u011ferlendirmeler yap\u0131l\u0131yor.<\/p>\n<p data-start=\"1085\" data-end=\"1178\">Komisyonlarda ayr\u0131ca e\u011fitim sistemine ili\u015fkin baz\u0131 d\u00fczenlemelerin de ele al\u0131nmas\u0131 bekleniyor.<\/p>\n<h3 data-section-id=\"nkydon\" data-start=\"1180\" data-end=\"1228\"><span role=\"text\"><strong data-start=\"1184\" data-end=\"1228\">SOSYAL POL\u0130T\u0130KALAR VE A\u0130LE D\u00dcZENLEMELER\u0130<\/strong><\/span><\/h3>\n<p data-start=\"1230\" data-end=\"1436\">G\u00fcndemin \u00f6nemli ba\u015fl\u0131klar\u0131ndan birini de sosyal politikalar olu\u015fturuyor. Aile yap\u0131s\u0131n\u0131n g\u00fc\u00e7lendirilmesi, \u00e7al\u0131\u015fan annelere y\u00f6nelik d\u00fczenlemeler ve do\u011fum izni gibi konular komisyon \u00e7al\u0131\u015fmalar\u0131nda g\u00f6r\u00fc\u015f\u00fcl\u00fcyor.<\/p>\n<p data-start=\"1438\" data-end=\"1540\">\u00d6zellikle i\u015f ve aile ya\u015fam\u0131 dengesini g\u00fc\u00e7lendirmeye y\u00f6nelik ad\u0131mlar\u0131n \u00f6n plana \u00e7\u0131kt\u0131\u011f\u0131 ifade ediliyor.<\/p>\n<h3 data-section-id=\"tuen51\" data-start=\"1542\" data-end=\"1594\"><span role=\"text\"><strong data-start=\"1546\" data-end=\"1594\">KAMU \u00c7ALI\u015eANLARINI \u0130LG\u0130LEND\u0130REN D\u00dcZENLEMELER<\/strong><\/span><\/h3>\n<p data-start=\"1596\" data-end=\"1804\">Kamu personel sistemine ili\u015fkin baz\u0131 teknik d\u00fczenlemeler de Meclis g\u00fcndeminde yer al\u0131yor. Memur stat\u00fcs\u00fc, \u00e7al\u0131\u015fma ko\u015fullar\u0131 ve idari d\u00fczenlemelere ili\u015fkin ba\u015fl\u0131klar\u0131n komisyonda de\u011ferlendirildi\u011fi bildiriliyor.<\/p>\n<h3 data-section-id=\"4lf3eo\" data-start=\"1806\" data-end=\"1858\"><span role=\"text\"><strong data-start=\"1810\" data-end=\"1858\">EKONOM\u0130K G\u00d6STERGELER YAKINDAN TAK\u0130P ED\u0130L\u0130YOR<\/strong><\/span><\/h3>\n<p data-start=\"1860\" data-end=\"2078\">Enflasyon ve ekonomik g\u00f6stergelerin de dolayl\u0131 olarak Meclis \u00e7al\u0131\u015fmalar\u0131na y\u00f6n verdi\u011fi belirtiliyor. \u00d6zellikle kamu \u00e7al\u0131\u015fanlar\u0131 ve emeklilere ili\u015fkin d\u00fczenlemelerde ekonomik verilerin belirleyici oldu\u011fu ifade ediliyor.<\/p>\n<h3 data-section-id=\"1cuku1u\" data-start=\"2080\" data-end=\"2107\"><span role=\"text\"><strong data-start=\"2084\" data-end=\"2107\">GENEL DE\u011eERLEND\u0130RME<\/strong><\/span><\/h3>\n<p data-start=\"2109\" data-end=\"2339\">TBMM\u2019de yeni haftada hem Genel Kurul hem de komisyonlarda yo\u011fun bir \u00e7al\u0131\u015fma temposu ya\u015fan\u0131yor. E\u011fitim, sosyal politikalar, aile d\u00fczenlemeleri ve kamu \u00e7al\u0131\u015fanlar\u0131n\u0131 ilgilendiren ba\u015fl\u0131klar Meclis g\u00fcndeminin ana eksenini olu\u015fturuyor.<\/p>\n<p data-start=\"2341\" data-end=\"2445\" data-is-last-node=\"\" data-is-only-node=\"\">G\u00f6r\u00fc\u015fmelerin hafta boyunca devam etmesi ve baz\u0131 d\u00fczenlemelerin ilerleyen g\u00fcnlerde netle\u015fmesi bekleniyor.<\/p>\n<p data-start=\"2341\" data-end=\"2445\" data-is-last-node=\"\" data-is-only-node=\"\">03.05.2026<\/p>\n<\/div>\n<\/div>\n<\/div>\n<\/div>\n<div class=\"z-0 flex min-h-[46px] justify-start\"><\/div>\n<div class=\"mt-3 w-full empty:hidden\">\n<div class=\"text-center\"><\/div>\n<\/div>\n<\/div>\n<\/div>\n<\/section>\n<div class=\"pointer-events-none -mt-px h-px translate-y-[calc(var(--scroll-root-safe-area-inset-bottom)-14*var(--spacing))]\" aria-hidden=\"true\"><\/div>\n","protected":false},"excerpt":{"rendered":"<p>\u00a0 \u00a0 T\u00fcrkiye B\u00fcy\u00fck Millet Meclisi\u2019nde (TBMM) yeni haftaya yo\u011fun bir g\u00fcndemle girildi. Genel Kurul ve komisyonlarda \u00e7ok say\u0131da d\u00fczenlemenin ele al\u0131nd\u0131\u011f\u0131 s\u00fcre\u00e7te, sosyal politika, e\u011fitim, \u00e7al\u0131\u015fma hayat\u0131 ve kamu y\u00f6netimine ili\u015fkin ba\u015fl\u0131klar \u00f6ne \u00e7\u0131k\u0131yor. GENEL KURUL\u2019DA KANUN TEKL\u0130FLER\u0130 G\u00d6R\u00dc\u015e\u00dcL\u00dcYOR TBMM Genel Kurulu\u2019nda bu hafta, farkl\u0131 alanlara ili\u015fkin kanun tekliflerinin g\u00f6r\u00fc\u015f\u00fclmesine devam ediliyor. Sosyal hizmetlerden [&hellip;]<\/p>\n","protected":false},"author":1,"featured_media":19731,"comment_status":"open","ping_status":"open","sticky":false,"template":"","format":"standard","meta":{"footnotes":""},"categories":[1],"tags":[3887,3885,3890,1330,2869,2981,3888,3856,3891,3883,3886,3884,3889],"class_list":["post-19905","post","type-post","status-publish","format-standard","has-post-thumbnail","hentry","category-genel","tag-aile-duzenlemeleri","tag-egitim-duzenlemeleri","tag-ekonomik-duzenlemeler","tag-kamu-calisanlari","tag-meclis-gundemi-2026","tag-meclis-haberleri","tag-memur-duzenlemesi","tag-okul-guvenligi","tag-son-dakika-politika-haberleri","tag-son-dakika-tbmm","tag-sosyal-politikalar","tag-tbmm-kanun-teklifleri","tag-turkiye-buyuk-millet-meclisi-gundem"],"yoast_head":"<!-- This site is optimized with the Yoast SEO plugin v27.5 - https:\/\/yoast.com\/product\/yoast-seo-wordpress\/ -->\n<title>TBMM\u2019DE YO\u011eUN G\u00dcNDEM: KANUN TEKL\u0130FLER\u0130 VE KOM\u0130SYON MESA\u0130S\u0130 S\u00dcR\u00dcYOR - Memurun Sesi<\/title>\n<meta name=\"description\" content=\"TBMM\u2019de son dakika g\u00fcndemi yo\u011funla\u015ft\u0131. Kanun teklifleri, e\u011fitim d\u00fczenlemeleri, sosyal politikalar ve kamu \u00e7al\u0131\u015fanlar\u0131n\u0131 ilgilendiren ba\u015fl\u0131klar Meclis\u2019te g\u00f6r\u00fc\u015f\u00fclmeye devam ediyor.\" \/>\n<meta name=\"robots\" content=\"index, follow, max-snippet:-1, max-image-preview:large, max-video-preview:-1\" \/>\n<link rel=\"canonical\" href=\"https:\/\/memurunsesi.net\/index.php\/2026\/05\/03\/tbmmde-yogun-gundem-kanun-teklifleri-ve-komisyon-mesaisi-suruyor\/\" \/>\n<meta property=\"og:locale\" content=\"tr_TR\" \/>\n<meta property=\"og:type\" content=\"article\" \/>\n<meta property=\"og:title\" content=\"TBMM\u2019DE YO\u011eUN G\u00dcNDEM: KANUN TEKL\u0130FLER\u0130 VE KOM\u0130SYON MESA\u0130S\u0130 S\u00dcR\u00dcYOR - Memurun Sesi\" \/>\n<meta property=\"og:description\" content=\"TBMM\u2019de son dakika g\u00fcndemi yo\u011funla\u015ft\u0131. Kanun teklifleri, e\u011fitim d\u00fczenlemeleri, sosyal politikalar ve kamu \u00e7al\u0131\u015fanlar\u0131n\u0131 ilgilendiren ba\u015fl\u0131klar Meclis\u2019te g\u00f6r\u00fc\u015f\u00fclmeye devam ediyor.\" \/>\n<meta property=\"og:url\" content=\"https:\/\/memurunsesi.net\/index.php\/2026\/05\/03\/tbmmde-yogun-gundem-kanun-teklifleri-ve-komisyon-mesaisi-suruyor\/\" \/>\n<meta property=\"og:site_name\" content=\"Memurun Sesi\" \/>\n<meta property=\"article:publisher\" content=\"https:\/\/www.facebook.com\/unipersen\/?locale=tr_TR\" \/>\n<meta property=\"article:published_time\" content=\"2026-05-03T06:42:59+00:00\" \/>\n<meta property=\"og:image\" content=\"https:\/\/memurunsesi.net\/wp-content\/uploads\/2026\/04\/5.png\" \/>\n\t<meta property=\"og:image:width\" content=\"1080\" \/>\n\t<meta property=\"og:image:height\" content=\"720\" \/>\n\t<meta property=\"og:image:type\" content=\"image\/png\" \/>\n<meta name=\"author\" content=\"Memurun Sesi Haber Merkezi\" \/>\n<meta name=\"twitter:card\" content=\"summary_large_image\" \/>\n<meta name=\"twitter:creator\" content=\"@unipersen\" \/>\n<meta name=\"twitter:site\" content=\"@unipersen\" \/>\n<meta name=\"twitter:label1\" content=\"Yazan:\" \/>\n\t<meta name=\"twitter:data1\" content=\"Memurun Sesi Haber Merkezi\" \/>\n\t<meta name=\"twitter:label2\" content=\"Tahmini okuma s\u00fcresi\" \/>\n\t<meta name=\"twitter:data2\" content=\"2 dakika\" \/>\n<script type=\"application\/ld+json\" class=\"yoast-schema-graph\">{\"@context\":\"https:\\\/\\\/schema.org\",\"@graph\":[{\"@type\":\"Article\",\"@id\":\"https:\\\/\\\/memurunsesi.net\\\/index.php\\\/2026\\\/05\\\/03\\\/tbmmde-yogun-gundem-kanun-teklifleri-ve-komisyon-mesaisi-suruyor\\\/#article\",\"isPartOf\":{\"@id\":\"https:\\\/\\\/memurunsesi.net\\\/index.php\\\/2026\\\/05\\\/03\\\/tbmmde-yogun-gundem-kanun-teklifleri-ve-komisyon-mesaisi-suruyor\\\/\"},\"author\":{\"name\":\"Memurun Sesi Haber Merkezi\",\"@id\":\"https:\\\/\\\/memurunsesi.net\\\/#\\\/schema\\\/person\\\/f21c2d73b89f6ee1d80b0a1803e38587\"},\"headline\":\"TBMM\u2019DE YO\u011eUN G\u00dcNDEM: KANUN TEKL\u0130FLER\u0130 VE KOM\u0130SYON MESA\u0130S\u0130 S\u00dcR\u00dcYOR\",\"datePublished\":\"2026-05-03T06:42:59+00:00\",\"mainEntityOfPage\":{\"@id\":\"https:\\\/\\\/memurunsesi.net\\\/index.php\\\/2026\\\/05\\\/03\\\/tbmmde-yogun-gundem-kanun-teklifleri-ve-komisyon-mesaisi-suruyor\\\/\"},\"wordCount\":441,\"commentCount\":0,\"publisher\":{\"@id\":\"https:\\\/\\\/memurunsesi.net\\\/#organization\"},\"image\":{\"@id\":\"https:\\\/\\\/memurunsesi.net\\\/index.php\\\/2026\\\/05\\\/03\\\/tbmmde-yogun-gundem-kanun-teklifleri-ve-komisyon-mesaisi-suruyor\\\/#primaryimage\"},\"thumbnailUrl\":\"https:\\\/\\\/memurunsesi.net\\\/wp-content\\\/uploads\\\/2026\\\/04\\\/5.png\",\"keywords\":[\"aile d\u00fczenlemeleri\",\"e\u011fitim d\u00fczenlemeleri\",\"ekonomik d\u00fczenlemeler\",\"kamu \u00e7al\u0131\u015fanlar\u0131\",\"meclis g\u00fcndemi 2026\",\"meclis haberleri\",\"memur d\u00fczenlemesi\",\"okul g\u00fcvenli\u011fi\",\"son dakika politika haberleri\",\"son dakika TBMM\",\"sosyal politikalar\",\"TBMM kanun teklifleri\",\"T\u00fcrkiye B\u00fcy\u00fck Millet Meclisi g\u00fcndem\"],\"inLanguage\":\"tr\",\"potentialAction\":[{\"@type\":\"CommentAction\",\"name\":\"Comment\",\"target\":[\"https:\\\/\\\/memurunsesi.net\\\/index.php\\\/2026\\\/05\\\/03\\\/tbmmde-yogun-gundem-kanun-teklifleri-ve-komisyon-mesaisi-suruyor\\\/#respond\"]}]},{\"@type\":\"WebPage\",\"@id\":\"https:\\\/\\\/memurunsesi.net\\\/index.php\\\/2026\\\/05\\\/03\\\/tbmmde-yogun-gundem-kanun-teklifleri-ve-komisyon-mesaisi-suruyor\\\/\",\"url\":\"https:\\\/\\\/memurunsesi.net\\\/index.php\\\/2026\\\/05\\\/03\\\/tbmmde-yogun-gundem-kanun-teklifleri-ve-komisyon-mesaisi-suruyor\\\/\",\"name\":\"TBMM\u2019DE YO\u011eUN G\u00dcNDEM: KANUN TEKL\u0130FLER\u0130 VE KOM\u0130SYON MESA\u0130S\u0130 S\u00dcR\u00dcYOR - Memurun Sesi\",\"isPartOf\":{\"@id\":\"https:\\\/\\\/memurunsesi.net\\\/#website\"},\"primaryImageOfPage\":{\"@id\":\"https:\\\/\\\/memurunsesi.net\\\/index.php\\\/2026\\\/05\\\/03\\\/tbmmde-yogun-gundem-kanun-teklifleri-ve-komisyon-mesaisi-suruyor\\\/#primaryimage\"},\"image\":{\"@id\":\"https:\\\/\\\/memurunsesi.net\\\/index.php\\\/2026\\\/05\\\/03\\\/tbmmde-yogun-gundem-kanun-teklifleri-ve-komisyon-mesaisi-suruyor\\\/#primaryimage\"},\"thumbnailUrl\":\"https:\\\/\\\/memurunsesi.net\\\/wp-content\\\/uploads\\\/2026\\\/04\\\/5.png\",\"datePublished\":\"2026-05-03T06:42:59+00:00\",\"description\":\"TBMM\u2019de son dakika g\u00fcndemi yo\u011funla\u015ft\u0131. Kanun teklifleri, e\u011fitim d\u00fczenlemeleri, sosyal politikalar ve kamu \u00e7al\u0131\u015fanlar\u0131n\u0131 ilgilendiren ba\u015fl\u0131klar Meclis\u2019te g\u00f6r\u00fc\u015f\u00fclmeye devam ediyor.\",\"breadcrumb\":{\"@id\":\"https:\\\/\\\/memurunsesi.net\\\/index.php\\\/2026\\\/05\\\/03\\\/tbmmde-yogun-gundem-kanun-teklifleri-ve-komisyon-mesaisi-suruyor\\\/#breadcrumb\"},\"inLanguage\":\"tr\",\"potentialAction\":[{\"@type\":\"ReadAction\",\"target\":[\"https:\\\/\\\/memurunsesi.net\\\/index.php\\\/2026\\\/05\\\/03\\\/tbmmde-yogun-gundem-kanun-teklifleri-ve-komisyon-mesaisi-suruyor\\\/\"]}]},{\"@type\":\"ImageObject\",\"inLanguage\":\"tr\",\"@id\":\"https:\\\/\\\/memurunsesi.net\\\/index.php\\\/2026\\\/05\\\/03\\\/tbmmde-yogun-gundem-kanun-teklifleri-ve-komisyon-mesaisi-suruyor\\\/#primaryimage\",\"url\":\"https:\\\/\\\/memurunsesi.net\\\/wp-content\\\/uploads\\\/2026\\\/04\\\/5.png\",\"contentUrl\":\"https:\\\/\\\/memurunsesi.net\\\/wp-content\\\/uploads\\\/2026\\\/04\\\/5.png\",\"width\":1080,\"height\":720},{\"@type\":\"BreadcrumbList\",\"@id\":\"https:\\\/\\\/memurunsesi.net\\\/index.php\\\/2026\\\/05\\\/03\\\/tbmmde-yogun-gundem-kanun-teklifleri-ve-komisyon-mesaisi-suruyor\\\/#breadcrumb\",\"itemListElement\":[{\"@type\":\"ListItem\",\"position\":1,\"name\":\"Anasayfa\",\"item\":\"https:\\\/\\\/memurunsesi.net\\\/\"},{\"@type\":\"ListItem\",\"position\":2,\"name\":\"TBMM\u2019DE YO\u011eUN G\u00dcNDEM: KANUN TEKL\u0130FLER\u0130 VE KOM\u0130SYON MESA\u0130S\u0130 S\u00dcR\u00dcYOR\"}]},{\"@type\":\"WebSite\",\"@id\":\"https:\\\/\\\/memurunsesi.net\\\/#website\",\"url\":\"https:\\\/\\\/memurunsesi.net\\\/\",\"name\":\"Memurun Sesi\",\"description\":\"G\u00fcncel ve Do\u011fru Haber\",\"publisher\":{\"@id\":\"https:\\\/\\\/memurunsesi.net\\\/#organization\"},\"potentialAction\":[{\"@type\":\"SearchAction\",\"target\":{\"@type\":\"EntryPoint\",\"urlTemplate\":\"https:\\\/\\\/memurunsesi.net\\\/?s={search_term_string}\"},\"query-input\":{\"@type\":\"PropertyValueSpecification\",\"valueRequired\":true,\"valueName\":\"search_term_string\"}}],\"inLanguage\":\"tr\"},{\"@type\":\"Organization\",\"@id\":\"https:\\\/\\\/memurunsesi.net\\\/#organization\",\"name\":\"Memurun Sesi\",\"url\":\"https:\\\/\\\/memurunsesi.net\\\/\",\"logo\":{\"@type\":\"ImageObject\",\"inLanguage\":\"tr\",\"@id\":\"https:\\\/\\\/memurunsesi.net\\\/#\\\/schema\\\/logo\\\/image\\\/\",\"url\":\"https:\\\/\\\/memurunsesi.net\\\/wp-content\\\/uploads\\\/2025\\\/11\\\/cropped-MEMURUN-SESI.png\",\"contentUrl\":\"https:\\\/\\\/memurunsesi.net\\\/wp-content\\\/uploads\\\/2025\\\/11\\\/cropped-MEMURUN-SESI.png\",\"width\":238,\"height\":57,\"caption\":\"Memurun Sesi\"},\"image\":{\"@id\":\"https:\\\/\\\/memurunsesi.net\\\/#\\\/schema\\\/logo\\\/image\\\/\"},\"sameAs\":[\"https:\\\/\\\/www.facebook.com\\\/unipersen\\\/?locale=tr_TR\",\"https:\\\/\\\/x.com\\\/unipersen\"]},{\"@type\":\"Person\",\"@id\":\"https:\\\/\\\/memurunsesi.net\\\/#\\\/schema\\\/person\\\/f21c2d73b89f6ee1d80b0a1803e38587\",\"name\":\"Memurun Sesi Haber Merkezi\",\"image\":{\"@type\":\"ImageObject\",\"inLanguage\":\"tr\",\"@id\":\"https:\\\/\\\/secure.gravatar.com\\\/avatar\\\/6cf0505f452ee753f485014986fab09a434671d2b919ee76fc541025c5876a70?s=96&d=mm&r=g\",\"url\":\"https:\\\/\\\/secure.gravatar.com\\\/avatar\\\/6cf0505f452ee753f485014986fab09a434671d2b919ee76fc541025c5876a70?s=96&d=mm&r=g\",\"contentUrl\":\"https:\\\/\\\/secure.gravatar.com\\\/avatar\\\/6cf0505f452ee753f485014986fab09a434671d2b919ee76fc541025c5876a70?s=96&d=mm&r=g\",\"caption\":\"Memurun Sesi Haber Merkezi\"},\"sameAs\":[\"https:\\\/\\\/memurunsesi.net\"],\"url\":\"https:\\\/\\\/memurunsesi.net\\\/index.php\\\/author\\\/uniper\\\/\"}]}<\/script>\n<!-- \/ Yoast SEO plugin. -->","yoast_head_json":{"title":"TBMM\u2019DE YO\u011eUN G\u00dcNDEM: KANUN TEKL\u0130FLER\u0130 VE KOM\u0130SYON MESA\u0130S\u0130 S\u00dcR\u00dcYOR - Memurun Sesi","description":"TBMM\u2019de son dakika g\u00fcndemi yo\u011funla\u015ft\u0131. Kanun teklifleri, e\u011fitim d\u00fczenlemeleri, sosyal politikalar ve kamu \u00e7al\u0131\u015fanlar\u0131n\u0131 ilgilendiren ba\u015fl\u0131klar Meclis\u2019te g\u00f6r\u00fc\u015f\u00fclmeye devam ediyor.","robots":{"index":"index","follow":"follow","max-snippet":"max-snippet:-1","max-image-preview":"max-image-preview:large","max-video-preview":"max-video-preview:-1"},"canonical":"https:\/\/memurunsesi.net\/index.php\/2026\/05\/03\/tbmmde-yogun-gundem-kanun-teklifleri-ve-komisyon-mesaisi-suruyor\/","og_locale":"tr_TR","og_type":"article","og_title":"TBMM\u2019DE YO\u011eUN G\u00dcNDEM: KANUN TEKL\u0130FLER\u0130 VE KOM\u0130SYON MESA\u0130S\u0130 S\u00dcR\u00dcYOR - Memurun Sesi","og_description":"TBMM\u2019de son dakika g\u00fcndemi yo\u011funla\u015ft\u0131. Kanun teklifleri, e\u011fitim d\u00fczenlemeleri, sosyal politikalar ve kamu \u00e7al\u0131\u015fanlar\u0131n\u0131 ilgilendiren ba\u015fl\u0131klar Meclis\u2019te g\u00f6r\u00fc\u015f\u00fclmeye devam ediyor.","og_url":"https:\/\/memurunsesi.net\/index.php\/2026\/05\/03\/tbmmde-yogun-gundem-kanun-teklifleri-ve-komisyon-mesaisi-suruyor\/","og_site_name":"Memurun Sesi","article_publisher":"https:\/\/www.facebook.com\/unipersen\/?locale=tr_TR","article_published_time":"2026-05-03T06:42:59+00:00","og_image":[{"width":1080,"height":720,"url":"https:\/\/memurunsesi.net\/wp-content\/uploads\/2026\/04\/5.png","type":"image\/png"}],"author":"Memurun Sesi Haber Merkezi","twitter_card":"summary_large_image","twitter_creator":"@unipersen","twitter_site":"@unipersen","twitter_misc":{"Yazan:":"Memurun Sesi Haber Merkezi","Tahmini okuma s\u00fcresi":"2 dakika"},"schema":{"@context":"https:\/\/schema.org","@graph":[{"@type":"Article","@id":"https:\/\/memurunsesi.net\/index.php\/2026\/05\/03\/tbmmde-yogun-gundem-kanun-teklifleri-ve-komisyon-mesaisi-suruyor\/#article","isPartOf":{"@id":"https:\/\/memurunsesi.net\/index.php\/2026\/05\/03\/tbmmde-yogun-gundem-kanun-teklifleri-ve-komisyon-mesaisi-suruyor\/"},"author":{"name":"Memurun Sesi Haber Merkezi","@id":"https:\/\/memurunsesi.net\/#\/schema\/person\/f21c2d73b89f6ee1d80b0a1803e38587"},"headline":"TBMM\u2019DE YO\u011eUN G\u00dcNDEM: KANUN TEKL\u0130FLER\u0130 VE KOM\u0130SYON MESA\u0130S\u0130 S\u00dcR\u00dcYOR","datePublished":"2026-05-03T06:42:59+00:00","mainEntityOfPage":{"@id":"https:\/\/memurunsesi.net\/index.php\/2026\/05\/03\/tbmmde-yogun-gundem-kanun-teklifleri-ve-komisyon-mesaisi-suruyor\/"},"wordCount":441,"commentCount":0,"publisher":{"@id":"https:\/\/memurunsesi.net\/#organization"},"image":{"@id":"https:\/\/memurunsesi.net\/index.php\/2026\/05\/03\/tbmmde-yogun-gundem-kanun-teklifleri-ve-komisyon-mesaisi-suruyor\/#primaryimage"},"thumbnailUrl":"https:\/\/memurunsesi.net\/wp-content\/uploads\/2026\/04\/5.png","keywords":["aile d\u00fczenlemeleri","e\u011fitim d\u00fczenlemeleri","ekonomik d\u00fczenlemeler","kamu \u00e7al\u0131\u015fanlar\u0131","meclis g\u00fcndemi 2026","meclis haberleri","memur d\u00fczenlemesi","okul g\u00fcvenli\u011fi","son dakika politika haberleri","son dakika TBMM","sosyal politikalar","TBMM kanun teklifleri","T\u00fcrkiye B\u00fcy\u00fck Millet Meclisi g\u00fcndem"],"inLanguage":"tr","potentialAction":[{"@type":"CommentAction","name":"Comment","target":["https:\/\/memurunsesi.net\/index.php\/2026\/05\/03\/tbmmde-yogun-gundem-kanun-teklifleri-ve-komisyon-mesaisi-suruyor\/#respond"]}]},{"@type":"WebPage","@id":"https:\/\/memurunsesi.net\/index.php\/2026\/05\/03\/tbmmde-yogun-gundem-kanun-teklifleri-ve-komisyon-mesaisi-suruyor\/","url":"https:\/\/memurunsesi.net\/index.php\/2026\/05\/03\/tbmmde-yogun-gundem-kanun-teklifleri-ve-komisyon-mesaisi-suruyor\/","name":"TBMM\u2019DE YO\u011eUN G\u00dcNDEM: KANUN TEKL\u0130FLER\u0130 VE KOM\u0130SYON MESA\u0130S\u0130 S\u00dcR\u00dcYOR - Memurun Sesi","isPartOf":{"@id":"https:\/\/memurunsesi.net\/#website"},"primaryImageOfPage":{"@id":"https:\/\/memurunsesi.net\/index.php\/2026\/05\/03\/tbmmde-yogun-gundem-kanun-teklifleri-ve-komisyon-mesaisi-suruyor\/#primaryimage"},"image":{"@id":"https:\/\/memurunsesi.net\/index.php\/2026\/05\/03\/tbmmde-yogun-gundem-kanun-teklifleri-ve-komisyon-mesaisi-suruyor\/#primaryimage"},"thumbnailUrl":"https:\/\/memurunsesi.net\/wp-content\/uploads\/2026\/04\/5.png","datePublished":"2026-05-03T06:42:59+00:00","description":"TBMM\u2019de son dakika g\u00fcndemi yo\u011funla\u015ft\u0131. Kanun teklifleri, e\u011fitim d\u00fczenlemeleri, sosyal politikalar ve kamu \u00e7al\u0131\u015fanlar\u0131n\u0131 ilgilendiren ba\u015fl\u0131klar Meclis\u2019te g\u00f6r\u00fc\u015f\u00fclmeye devam ediyor.","breadcrumb":{"@id":"https:\/\/memurunsesi.net\/index.php\/2026\/05\/03\/tbmmde-yogun-gundem-kanun-teklifleri-ve-komisyon-mesaisi-suruyor\/#breadcrumb"},"inLanguage":"tr","potentialAction":[{"@type":"ReadAction","target":["https:\/\/memurunsesi.net\/index.php\/2026\/05\/03\/tbmmde-yogun-gundem-kanun-teklifleri-ve-komisyon-mesaisi-suruyor\/"]}]},{"@type":"ImageObject","inLanguage":"tr","@id":"https:\/\/memurunsesi.net\/index.php\/2026\/05\/03\/tbmmde-yogun-gundem-kanun-teklifleri-ve-komisyon-mesaisi-suruyor\/#primaryimage","url":"https:\/\/memurunsesi.net\/wp-content\/uploads\/2026\/04\/5.png","contentUrl":"https:\/\/memurunsesi.net\/wp-content\/uploads\/2026\/04\/5.png","width":1080,"height":720},{"@type":"BreadcrumbList","@id":"https:\/\/memurunsesi.net\/index.php\/2026\/05\/03\/tbmmde-yogun-gundem-kanun-teklifleri-ve-komisyon-mesaisi-suruyor\/#breadcrumb","itemListElement":[{"@type":"ListItem","position":1,"name":"Anasayfa","item":"https:\/\/memurunsesi.net\/"},{"@type":"ListItem","position":2,"name":"TBMM\u2019DE YO\u011eUN G\u00dcNDEM: KANUN TEKL\u0130FLER\u0130 VE KOM\u0130SYON MESA\u0130S\u0130 S\u00dcR\u00dcYOR"}]},{"@type":"WebSite","@id":"https:\/\/memurunsesi.net\/#website","url":"https:\/\/memurunsesi.net\/","name":"Memurun Sesi","description":"G\u00fcncel ve Do\u011fru Haber","publisher":{"@id":"https:\/\/memurunsesi.net\/#organization"},"potentialAction":[{"@type":"SearchAction","target":{"@type":"EntryPoint","urlTemplate":"https:\/\/memurunsesi.net\/?s={search_term_string}"},"query-input":{"@type":"PropertyValueSpecification","valueRequired":true,"valueName":"search_term_string"}}],"inLanguage":"tr"},{"@type":"Organization","@id":"https:\/\/memurunsesi.net\/#organization","name":"Memurun Sesi","url":"https:\/\/memurunsesi.net\/","logo":{"@type":"ImageObject","inLanguage":"tr","@id":"https:\/\/memurunsesi.net\/#\/schema\/logo\/image\/","url":"https:\/\/memurunsesi.net\/wp-content\/uploads\/2025\/11\/cropped-MEMURUN-SESI.png","contentUrl":"https:\/\/memurunsesi.net\/wp-content\/uploads\/2025\/11\/cropped-MEMURUN-SESI.png","width":238,"height":57,"caption":"Memurun Sesi"},"image":{"@id":"https:\/\/memurunsesi.net\/#\/schema\/logo\/image\/"},"sameAs":["https:\/\/www.facebook.com\/unipersen\/?locale=tr_TR","https:\/\/x.com\/unipersen"]},{"@type":"Person","@id":"https:\/\/memurunsesi.net\/#\/schema\/person\/f21c2d73b89f6ee1d80b0a1803e38587","name":"Memurun Sesi Haber Merkezi","image":{"@type":"ImageObject","inLanguage":"tr","@id":"https:\/\/secure.gravatar.com\/avatar\/6cf0505f452ee753f485014986fab09a434671d2b919ee76fc541025c5876a70?s=96&d=mm&r=g","url":"https:\/\/secure.gravatar.com\/avatar\/6cf0505f452ee753f485014986fab09a434671d2b919ee76fc541025c5876a70?s=96&d=mm&r=g","contentUrl":"https:\/\/secure.gravatar.com\/avatar\/6cf0505f452ee753f485014986fab09a434671d2b919ee76fc541025c5876a70?s=96&d=mm&r=g","caption":"Memurun Sesi Haber Merkezi"},"sameAs":["https:\/\/memurunsesi.net"],"url":"https:\/\/memurunsesi.net\/index.php\/author\/uniper\/"}]}},"_links":{"self":[{"href":"https:\/\/memurunsesi.net\/index.php\/wp-json\/wp\/v2\/posts\/19905","targetHints":{"allow":["GET"]}}],"collection":[{"href":"https:\/\/memurunsesi.net\/index.php\/wp-json\/wp\/v2\/posts"}],"about":[{"href":"https:\/\/memurunsesi.net\/index.php\/wp-json\/wp\/v2\/types\/post"}],"author":[{"embeddable":true,"href":"https:\/\/memurunsesi.net\/index.php\/wp-json\/wp\/v2\/users\/1"}],"replies":[{"embeddable":true,"href":"https:\/\/memurunsesi.net\/index.php\/wp-json\/wp\/v2\/comments?post=19905"}],"version-history":[{"count":1,"href":"https:\/\/memurunsesi.net\/index.php\/wp-json\/wp\/v2\/posts\/19905\/revisions"}],"predecessor-version":[{"id":19906,"href":"https:\/\/memurunsesi.net\/index.php\/wp-json\/wp\/v2\/posts\/19905\/revisions\/19906"}],"wp:featuredmedia":[{"embeddable":true,"href":"https:\/\/memurunsesi.net\/index.php\/wp-json\/wp\/v2\/media\/19731"}],"wp:attachment":[{"href":"https:\/\/memurunsesi.net\/index.php\/wp-json\/wp\/v2\/media?parent=19905"}],"wp:term":[{"taxonomy":"category","embeddable":true,"href":"https:\/\/memurunsesi.net\/index.php\/wp-json\/wp\/v2\/categories?post=19905"},{"taxonomy":"post_tag","embeddable":true,"href":"https:\/\/memurunsesi.net\/index.php\/wp-json\/wp\/v2\/tags?post=19905"}],"curies":[{"name":"wp","href":"https:\/\/api.w.org\/{rel}","templated":true}]}}