{"id":3553,"date":"2024-12-11T16:00:28","date_gmt":"2024-12-11T13:00:28","guid":{"rendered":"https:\/\/memurunsesi.net\/?p=3553"},"modified":"2024-12-11T16:00:28","modified_gmt":"2024-12-11T13:00:28","slug":"firat-universitesinden-hastane-aciklamasi","status":"publish","type":"post","link":"https:\/\/memurunsesi.net\/index.php\/2024\/12\/11\/firat-universitesinden-hastane-aciklamasi\/","title":{"rendered":"F\u0131rat \u00dcniversitesinden hastane a\u00e7\u0131klamas\u0131"},"content":{"rendered":"<p>ELAZI\u011e (\u0130HA) &#8211; F\u0131rat \u00dcniversitesi Rekt\u00f6rl\u00fc\u011f\u00fcnden yap\u0131lan a\u00e7\u0131klamada, \u015fehir merkezinde yeterli b\u00fcy\u00fckl\u00fckte uygun bir alan bulunamamas\u0131 nedeniyle il y\u00f6neticileriyle birlikte hastanenin Harput Yerle\u015fkesinde yap\u0131lmas\u0131n\u0131n kararla\u015ft\u0131r\u0131ld\u0131\u011f\u0131 belirtilerek, &#8220;F\u0131rat \u00dcniversitesi Mevcut Hastanesi\u2019nin tamamen ta\u015f\u0131naca\u011f\u0131 y\u00f6n\u00fcndeki iddialar ger\u00e7e\u011fi yans\u0131tmamaktad\u0131r. \u00dcniversitemiz taraf\u0131ndan bu konuda hi\u00e7bir zaman b\u00f6yle bir karar al\u0131nmam\u0131\u015f ya da a\u00e7\u0131klama yap\u0131lmam\u0131\u015ft\u0131r\u201d denildi.<br \/>\nF\u0131rat \u00dcniversitesi Rekt\u00f6rl\u00fc\u011f\u00fcnden, Harput Yerle\u015fkesine yap\u0131lacak olan 800 yatakl\u0131, depreme dayan\u0131kl\u0131 yeni hastane binas\u0131yla ilgili a\u00e7\u0131klama yap\u0131ld\u0131. A\u00e7\u0131klamada, \u201cSon g\u00fcnlerde, F\u0131rat \u00dcniversitesi\u2019ne yap\u0131lmas\u0131 planlanan 800 yatakl\u0131, depreme dayan\u0131kl\u0131 yeni hastane binas\u0131 ile ilgili kamuoyunda baz\u0131 yanl\u0131\u015f bilgilendirmelerin yer ald\u0131\u011f\u0131 g\u00f6r\u00fclmektedir. \u00dcniversitemiz ad\u0131na, konuya dair kamuoyunu ayd\u0131nlatmak ve yanl\u0131\u015f anlamalar\u0131n \u00f6n\u00fcne ge\u00e7mek amac\u0131yla bu a\u00e7\u0131klamay\u0131 yapma gere\u011fi duyulmu\u015ftur. Cumhurba\u015fkan\u0131m\u0131z Recep Tayyip Erdo\u011fan\u2019\u0131n Elaz\u0131\u011f ziyaretinde m\u00fcjdesini verdi\u011fi yeni hastane binam\u0131z, Harput Yerle\u015fkesinde yap\u0131lacakt\u0131r. Hastane binam\u0131z\u0131n projesi tamamlanarak TOK\u0130\u2019ye teslim edilmi\u015ftir. Yeni hastane binas\u0131 yatay mimari \u015feklinde zemin+5 kat olarak planland\u0131\u011f\u0131 i\u00e7in olduk\u00e7a geni\u015f bir alana ihtiya\u00e7 duyulmaktad\u0131r. \u015eehir merkezinde yeterli b\u00fcy\u00fckl\u00fckte (en az 300 000 m2) uygun bir alan bulunamamas\u0131 nedeniyle il y\u00f6neticileriyle birlikte hastanenin Harput Yerle\u015fkesinde yap\u0131lmas\u0131 karar\u0131 al\u0131nm\u0131\u015ft\u0131r. Harput Yerle\u015fkesi, \u015fehrimizde modern sa\u011fl\u0131k hizmetlerinin sunulabilece\u011fi geni\u015flikte, \u015fehrin geli\u015fimi y\u00f6n\u00fcnde, g\u00fcney ve kuzey \u00e7evre yolar\u0131n\u0131n kesi\u015fim noktas\u0131nda ve herhangi bir afet an\u0131nda ula\u015f\u0131m\u0131 \u00e7ok rahat olan bir lokasyondad\u0131r. Son g\u00fcnlerde ortaya at\u0131lan \u2018F\u0131rat \u00dcniversitesi Mevcut Hastanesi\u2019nin tamamen ta\u015f\u0131naca\u011f\u0131\u2019 y\u00f6n\u00fcndeki iddialar ger\u00e7e\u011fi yans\u0131tmamaktad\u0131r. \u00dcniversitemiz taraf\u0131ndan bu konuda hi\u00e7bir zaman b\u00f6yle bir karar al\u0131nmam\u0131\u015f ya da a\u00e7\u0131klama yap\u0131lmam\u0131\u015ft\u0131r. Yeni hastane binas\u0131n\u0131n in\u015fas\u0131, mevcut hizmetlerin geni\u015fletilmesi ve daha kaliteli bir sa\u011fl\u0131k altyap\u0131s\u0131n\u0131n olu\u015fturulmas\u0131 amac\u0131n\u0131 ta\u015f\u0131maktad\u0131r. F\u0131rat \u00dcniversitesi olarak, ilimize yeni bir hastane binas\u0131 kazand\u0131rma gayemiz \u00f6zellikle Elaz\u0131\u011f halk\u0131na, yak\u0131n b\u00f6lgemize ve \u00fclkemize en \u00fcst d\u00fczeyde sa\u011fl\u0131k hizmeti sunmakt\u0131r. Bu yat\u0131r\u0131m\u0131n ilimize kazand\u0131r\u0131lmas\u0131nda desteklerini esirgemeyen Cumhurba\u015fkan\u0131m\u0131z Recep Tayyip Erdo\u011fan\u2019a, ilgili t\u00fcm payda\u015flara ve kurumlara te\u015fekk\u00fcrlerimizi sunar\u0131z\u201d denildi.<\/p>\n","protected":false},"excerpt":{"rendered":"<p>ELAZI\u011e (\u0130HA) &#8211; F\u0131rat \u00dcniversitesi Rekt\u00f6rl\u00fc\u011f\u00fcnden yap\u0131lan a\u00e7\u0131klamada, \u015fehir merkezinde yeterli b\u00fcy\u00fckl\u00fckte uygun bir alan bulunamamas\u0131 nedeniyle il y\u00f6neticileriyle birlikte hastanenin Harput Yerle\u015fkesinde yap\u0131lmas\u0131n\u0131n kararla\u015ft\u0131r\u0131ld\u0131\u011f\u0131 belirtilerek, &#8220;F\u0131rat \u00dcniversitesi Mevcut Hastanesi\u2019nin tamamen ta\u015f\u0131naca\u011f\u0131 y\u00f6n\u00fcndeki iddialar ger\u00e7e\u011fi yans\u0131tmamaktad\u0131r. \u00dcniversitemiz taraf\u0131ndan bu konuda hi\u00e7bir zaman b\u00f6yle bir karar al\u0131nmam\u0131\u015f ya da a\u00e7\u0131klama yap\u0131lmam\u0131\u015ft\u0131r\u201d denildi. F\u0131rat \u00dcniversitesi Rekt\u00f6rl\u00fc\u011f\u00fcnden, Harput [&hellip;]<\/p>\n","protected":false},"author":1,"featured_media":3554,"comment_status":"open","ping_status":"open","sticky":false,"template":"","format":"image","meta":{"footnotes":""},"categories":[50],"tags":[],"class_list":["post-3553","post","type-post","status-publish","format-image","has-post-thumbnail","hentry","category-tum-haberler","post_format-post-format-image"],"yoast_head":"<!-- This site is optimized with the Yoast SEO plugin v27.4 - https:\/\/yoast.com\/product\/yoast-seo-wordpress\/ -->\n<title>F\u0131rat \u00dcniversitesinden hastane a\u00e7\u0131klamas\u0131 - Memurun Sesi<\/title>\n<meta name=\"robots\" content=\"index, follow, max-snippet:-1, max-image-preview:large, max-video-preview:-1\" \/>\n<link rel=\"canonical\" href=\"https:\/\/memurunsesi.net\/index.php\/2024\/12\/11\/firat-universitesinden-hastane-aciklamasi\/\" \/>\n<meta property=\"og:locale\" content=\"tr_TR\" \/>\n<meta property=\"og:type\" content=\"article\" \/>\n<meta property=\"og:title\" content=\"F\u0131rat \u00dcniversitesinden hastane a\u00e7\u0131klamas\u0131 - Memurun Sesi\" \/>\n<meta property=\"og:description\" content=\"ELAZI\u011e (\u0130HA) &#8211; F\u0131rat \u00dcniversitesi Rekt\u00f6rl\u00fc\u011f\u00fcnden yap\u0131lan a\u00e7\u0131klamada, \u015fehir merkezinde yeterli b\u00fcy\u00fckl\u00fckte uygun bir alan bulunamamas\u0131 nedeniyle il y\u00f6neticileriyle birlikte hastanenin Harput Yerle\u015fkesinde yap\u0131lmas\u0131n\u0131n kararla\u015ft\u0131r\u0131ld\u0131\u011f\u0131 belirtilerek, &#8220;F\u0131rat \u00dcniversitesi Mevcut Hastanesi\u2019nin tamamen ta\u015f\u0131naca\u011f\u0131 y\u00f6n\u00fcndeki iddialar ger\u00e7e\u011fi yans\u0131tmamaktad\u0131r. \u00dcniversitemiz taraf\u0131ndan bu konuda hi\u00e7bir zaman b\u00f6yle bir karar al\u0131nmam\u0131\u015f ya da a\u00e7\u0131klama yap\u0131lmam\u0131\u015ft\u0131r\u201d denildi. F\u0131rat \u00dcniversitesi Rekt\u00f6rl\u00fc\u011f\u00fcnden, Harput [&hellip;]\" \/>\n<meta property=\"og:url\" content=\"https:\/\/memurunsesi.net\/index.php\/2024\/12\/11\/firat-universitesinden-hastane-aciklamasi\/\" \/>\n<meta property=\"og:site_name\" content=\"Memurun Sesi\" \/>\n<meta property=\"article:publisher\" content=\"https:\/\/www.facebook.com\/unipersen\/?locale=tr_TR\" \/>\n<meta property=\"article:published_time\" content=\"2024-12-11T13:00:28+00:00\" \/>\n<meta property=\"og:image\" content=\"https:\/\/memurunsesi.net\/wp-content\/uploads\/2024\/12\/AW348147_01.jpg\" \/>\n\t<meta property=\"og:image:width\" content=\"1024\" \/>\n\t<meta property=\"og:image:height\" content=\"682\" \/>\n\t<meta property=\"og:image:type\" content=\"image\/jpeg\" \/>\n<meta name=\"author\" content=\"Memurun Sesi Haber Merkezi\" \/>\n<meta name=\"twitter:card\" content=\"summary_large_image\" \/>\n<meta name=\"twitter:creator\" content=\"@unipersen\" \/>\n<meta name=\"twitter:site\" content=\"@unipersen\" \/>\n<meta name=\"twitter:label1\" content=\"Yazan:\" \/>\n\t<meta name=\"twitter:data1\" content=\"Memurun Sesi Haber Merkezi\" \/>\n\t<meta name=\"twitter:label2\" content=\"Tahmini okuma s\u00fcresi\" \/>\n\t<meta name=\"twitter:data2\" content=\"2 dakika\" \/>\n<script type=\"application\/ld+json\" class=\"yoast-schema-graph\">{\"@context\":\"https:\\\/\\\/schema.org\",\"@graph\":[{\"@type\":\"Article\",\"@id\":\"https:\\\/\\\/memurunsesi.net\\\/index.php\\\/2024\\\/12\\\/11\\\/firat-universitesinden-hastane-aciklamasi\\\/#article\",\"isPartOf\":{\"@id\":\"https:\\\/\\\/memurunsesi.net\\\/index.php\\\/2024\\\/12\\\/11\\\/firat-universitesinden-hastane-aciklamasi\\\/\"},\"author\":{\"name\":\"Memurun Sesi Haber Merkezi\",\"@id\":\"https:\\\/\\\/memurunsesi.net\\\/#\\\/schema\\\/person\\\/f21c2d73b89f6ee1d80b0a1803e38587\"},\"headline\":\"F\u0131rat \u00dcniversitesinden hastane a\u00e7\u0131klamas\u0131\",\"datePublished\":\"2024-12-11T13:00:28+00:00\",\"mainEntityOfPage\":{\"@id\":\"https:\\\/\\\/memurunsesi.net\\\/index.php\\\/2024\\\/12\\\/11\\\/firat-universitesinden-hastane-aciklamasi\\\/\"},\"wordCount\":444,\"commentCount\":0,\"publisher\":{\"@id\":\"https:\\\/\\\/memurunsesi.net\\\/#organization\"},\"image\":{\"@id\":\"https:\\\/\\\/memurunsesi.net\\\/index.php\\\/2024\\\/12\\\/11\\\/firat-universitesinden-hastane-aciklamasi\\\/#primaryimage\"},\"thumbnailUrl\":\"https:\\\/\\\/memurunsesi.net\\\/wp-content\\\/uploads\\\/2024\\\/12\\\/AW348147_01.jpg\",\"articleSection\":[\"T\u00fcm Haberler\"],\"inLanguage\":\"tr\",\"potentialAction\":[{\"@type\":\"CommentAction\",\"name\":\"Comment\",\"target\":[\"https:\\\/\\\/memurunsesi.net\\\/index.php\\\/2024\\\/12\\\/11\\\/firat-universitesinden-hastane-aciklamasi\\\/#respond\"]}]},{\"@type\":\"WebPage\",\"@id\":\"https:\\\/\\\/memurunsesi.net\\\/index.php\\\/2024\\\/12\\\/11\\\/firat-universitesinden-hastane-aciklamasi\\\/\",\"url\":\"https:\\\/\\\/memurunsesi.net\\\/index.php\\\/2024\\\/12\\\/11\\\/firat-universitesinden-hastane-aciklamasi\\\/\",\"name\":\"F\u0131rat \u00dcniversitesinden hastane a\u00e7\u0131klamas\u0131 - Memurun Sesi\",\"isPartOf\":{\"@id\":\"https:\\\/\\\/memurunsesi.net\\\/#website\"},\"primaryImageOfPage\":{\"@id\":\"https:\\\/\\\/memurunsesi.net\\\/index.php\\\/2024\\\/12\\\/11\\\/firat-universitesinden-hastane-aciklamasi\\\/#primaryimage\"},\"image\":{\"@id\":\"https:\\\/\\\/memurunsesi.net\\\/index.php\\\/2024\\\/12\\\/11\\\/firat-universitesinden-hastane-aciklamasi\\\/#primaryimage\"},\"thumbnailUrl\":\"https:\\\/\\\/memurunsesi.net\\\/wp-content\\\/uploads\\\/2024\\\/12\\\/AW348147_01.jpg\",\"datePublished\":\"2024-12-11T13:00:28+00:00\",\"breadcrumb\":{\"@id\":\"https:\\\/\\\/memurunsesi.net\\\/index.php\\\/2024\\\/12\\\/11\\\/firat-universitesinden-hastane-aciklamasi\\\/#breadcrumb\"},\"inLanguage\":\"tr\",\"potentialAction\":[{\"@type\":\"ReadAction\",\"target\":[\"https:\\\/\\\/memurunsesi.net\\\/index.php\\\/2024\\\/12\\\/11\\\/firat-universitesinden-hastane-aciklamasi\\\/\"]}]},{\"@type\":\"ImageObject\",\"inLanguage\":\"tr\",\"@id\":\"https:\\\/\\\/memurunsesi.net\\\/index.php\\\/2024\\\/12\\\/11\\\/firat-universitesinden-hastane-aciklamasi\\\/#primaryimage\",\"url\":\"https:\\\/\\\/memurunsesi.net\\\/wp-content\\\/uploads\\\/2024\\\/12\\\/AW348147_01.jpg\",\"contentUrl\":\"https:\\\/\\\/memurunsesi.net\\\/wp-content\\\/uploads\\\/2024\\\/12\\\/AW348147_01.jpg\",\"width\":1024,\"height\":682,\"caption\":\"FIRAT \u00dcN\u0130VERS\u0130TES\u0130 REKT\u00d6RL\u00dc\u011e\u00dcNDEN, HARPUT YERLE\u015eKES\u0130NE YAPILACAK OLAN 800 YATAKLI, DEPREME DAYANIKLI YEN\u0130 HASTANE B\u0130NASIYLA \u0130LG\u0130L\u0130 A\u00c7IKLAMA YAPILDI. (ERKAN BAY\\\/ELAZI\u011e-\u0130HA) F\u0131rat \u00dcniversitesi Rekt\u00f6rl\u00fc\u011f\u00fcnden yap\u0131lan a\u00e7\u0131klamada, \u015fehir merkezinde yeterli b\u00fcy\u00fckl\u00fckte uygun bir alan bulunamamas\u0131 nedeniyle il y\u00f6neticileriyle birlikte hastanenin Harput Yerle\u015fkesinde yap\u0131lmas\u0131n\u0131n kararla\u015ft\u0131r\u0131ld\u0131\u011f\u0131 belirtilerek, \\\"F\u0131rat \u00dcniversitesi Mevcut Hastanesi'nin tamamen ta\u015f\u0131naca\u011f\u0131 y\u00f6n\u00fcndeki iddialar ger\u00e7e\u011fi yans\u0131tmamaktad\u0131r. \u00dcniversitemiz taraf\u0131ndan bu konuda hi\u00e7bir zaman b\u00f6yle bir karar al\u0131nmam\u0131\u015f ya da a\u00e7\u0131klama yap\u0131lmam\u0131\u015ft\u0131r\\\" denildi.\"},{\"@type\":\"BreadcrumbList\",\"@id\":\"https:\\\/\\\/memurunsesi.net\\\/index.php\\\/2024\\\/12\\\/11\\\/firat-universitesinden-hastane-aciklamasi\\\/#breadcrumb\",\"itemListElement\":[{\"@type\":\"ListItem\",\"position\":1,\"name\":\"Anasayfa\",\"item\":\"https:\\\/\\\/memurunsesi.net\\\/\"},{\"@type\":\"ListItem\",\"position\":2,\"name\":\"F\u0131rat \u00dcniversitesinden hastane a\u00e7\u0131klamas\u0131\"}]},{\"@type\":\"WebSite\",\"@id\":\"https:\\\/\\\/memurunsesi.net\\\/#website\",\"url\":\"https:\\\/\\\/memurunsesi.net\\\/\",\"name\":\"Memurun Sesi\",\"description\":\"G\u00fcncel ve Do\u011fru Haber\",\"publisher\":{\"@id\":\"https:\\\/\\\/memurunsesi.net\\\/#organization\"},\"potentialAction\":[{\"@type\":\"SearchAction\",\"target\":{\"@type\":\"EntryPoint\",\"urlTemplate\":\"https:\\\/\\\/memurunsesi.net\\\/?s={search_term_string}\"},\"query-input\":{\"@type\":\"PropertyValueSpecification\",\"valueRequired\":true,\"valueName\":\"search_term_string\"}}],\"inLanguage\":\"tr\"},{\"@type\":\"Organization\",\"@id\":\"https:\\\/\\\/memurunsesi.net\\\/#organization\",\"name\":\"Memurun Sesi\",\"url\":\"https:\\\/\\\/memurunsesi.net\\\/\",\"logo\":{\"@type\":\"ImageObject\",\"inLanguage\":\"tr\",\"@id\":\"https:\\\/\\\/memurunsesi.net\\\/#\\\/schema\\\/logo\\\/image\\\/\",\"url\":\"https:\\\/\\\/memurunsesi.net\\\/wp-content\\\/uploads\\\/2025\\\/11\\\/cropped-MEMURUN-SESI.png\",\"contentUrl\":\"https:\\\/\\\/memurunsesi.net\\\/wp-content\\\/uploads\\\/2025\\\/11\\\/cropped-MEMURUN-SESI.png\",\"width\":238,\"height\":57,\"caption\":\"Memurun Sesi\"},\"image\":{\"@id\":\"https:\\\/\\\/memurunsesi.net\\\/#\\\/schema\\\/logo\\\/image\\\/\"},\"sameAs\":[\"https:\\\/\\\/www.facebook.com\\\/unipersen\\\/?locale=tr_TR\",\"https:\\\/\\\/x.com\\\/unipersen\"]},{\"@type\":\"Person\",\"@id\":\"https:\\\/\\\/memurunsesi.net\\\/#\\\/schema\\\/person\\\/f21c2d73b89f6ee1d80b0a1803e38587\",\"name\":\"Memurun Sesi Haber Merkezi\",\"image\":{\"@type\":\"ImageObject\",\"inLanguage\":\"tr\",\"@id\":\"https:\\\/\\\/secure.gravatar.com\\\/avatar\\\/6cf0505f452ee753f485014986fab09a434671d2b919ee76fc541025c5876a70?s=96&d=mm&r=g\",\"url\":\"https:\\\/\\\/secure.gravatar.com\\\/avatar\\\/6cf0505f452ee753f485014986fab09a434671d2b919ee76fc541025c5876a70?s=96&d=mm&r=g\",\"contentUrl\":\"https:\\\/\\\/secure.gravatar.com\\\/avatar\\\/6cf0505f452ee753f485014986fab09a434671d2b919ee76fc541025c5876a70?s=96&d=mm&r=g\",\"caption\":\"Memurun Sesi Haber Merkezi\"},\"sameAs\":[\"https:\\\/\\\/memurunsesi.net\"],\"url\":\"https:\\\/\\\/memurunsesi.net\\\/index.php\\\/author\\\/uniper\\\/\"}]}<\/script>\n<!-- \/ Yoast SEO plugin. -->","yoast_head_json":{"title":"F\u0131rat \u00dcniversitesinden hastane a\u00e7\u0131klamas\u0131 - Memurun Sesi","robots":{"index":"index","follow":"follow","max-snippet":"max-snippet:-1","max-image-preview":"max-image-preview:large","max-video-preview":"max-video-preview:-1"},"canonical":"https:\/\/memurunsesi.net\/index.php\/2024\/12\/11\/firat-universitesinden-hastane-aciklamasi\/","og_locale":"tr_TR","og_type":"article","og_title":"F\u0131rat \u00dcniversitesinden hastane a\u00e7\u0131klamas\u0131 - Memurun Sesi","og_description":"ELAZI\u011e (\u0130HA) &#8211; F\u0131rat \u00dcniversitesi Rekt\u00f6rl\u00fc\u011f\u00fcnden yap\u0131lan a\u00e7\u0131klamada, \u015fehir merkezinde yeterli b\u00fcy\u00fckl\u00fckte uygun bir alan bulunamamas\u0131 nedeniyle il y\u00f6neticileriyle birlikte hastanenin Harput Yerle\u015fkesinde yap\u0131lmas\u0131n\u0131n kararla\u015ft\u0131r\u0131ld\u0131\u011f\u0131 belirtilerek, &#8220;F\u0131rat \u00dcniversitesi Mevcut Hastanesi\u2019nin tamamen ta\u015f\u0131naca\u011f\u0131 y\u00f6n\u00fcndeki iddialar ger\u00e7e\u011fi yans\u0131tmamaktad\u0131r. \u00dcniversitemiz taraf\u0131ndan bu konuda hi\u00e7bir zaman b\u00f6yle bir karar al\u0131nmam\u0131\u015f ya da a\u00e7\u0131klama yap\u0131lmam\u0131\u015ft\u0131r\u201d denildi. F\u0131rat \u00dcniversitesi Rekt\u00f6rl\u00fc\u011f\u00fcnden, Harput [&hellip;]","og_url":"https:\/\/memurunsesi.net\/index.php\/2024\/12\/11\/firat-universitesinden-hastane-aciklamasi\/","og_site_name":"Memurun Sesi","article_publisher":"https:\/\/www.facebook.com\/unipersen\/?locale=tr_TR","article_published_time":"2024-12-11T13:00:28+00:00","og_image":[{"width":1024,"height":682,"url":"https:\/\/memurunsesi.net\/wp-content\/uploads\/2024\/12\/AW348147_01.jpg","type":"image\/jpeg"}],"author":"Memurun Sesi Haber Merkezi","twitter_card":"summary_large_image","twitter_creator":"@unipersen","twitter_site":"@unipersen","twitter_misc":{"Yazan:":"Memurun Sesi Haber Merkezi","Tahmini okuma s\u00fcresi":"2 dakika"},"schema":{"@context":"https:\/\/schema.org","@graph":[{"@type":"Article","@id":"https:\/\/memurunsesi.net\/index.php\/2024\/12\/11\/firat-universitesinden-hastane-aciklamasi\/#article","isPartOf":{"@id":"https:\/\/memurunsesi.net\/index.php\/2024\/12\/11\/firat-universitesinden-hastane-aciklamasi\/"},"author":{"name":"Memurun Sesi Haber Merkezi","@id":"https:\/\/memurunsesi.net\/#\/schema\/person\/f21c2d73b89f6ee1d80b0a1803e38587"},"headline":"F\u0131rat \u00dcniversitesinden hastane a\u00e7\u0131klamas\u0131","datePublished":"2024-12-11T13:00:28+00:00","mainEntityOfPage":{"@id":"https:\/\/memurunsesi.net\/index.php\/2024\/12\/11\/firat-universitesinden-hastane-aciklamasi\/"},"wordCount":444,"commentCount":0,"publisher":{"@id":"https:\/\/memurunsesi.net\/#organization"},"image":{"@id":"https:\/\/memurunsesi.net\/index.php\/2024\/12\/11\/firat-universitesinden-hastane-aciklamasi\/#primaryimage"},"thumbnailUrl":"https:\/\/memurunsesi.net\/wp-content\/uploads\/2024\/12\/AW348147_01.jpg","articleSection":["T\u00fcm Haberler"],"inLanguage":"tr","potentialAction":[{"@type":"CommentAction","name":"Comment","target":["https:\/\/memurunsesi.net\/index.php\/2024\/12\/11\/firat-universitesinden-hastane-aciklamasi\/#respond"]}]},{"@type":"WebPage","@id":"https:\/\/memurunsesi.net\/index.php\/2024\/12\/11\/firat-universitesinden-hastane-aciklamasi\/","url":"https:\/\/memurunsesi.net\/index.php\/2024\/12\/11\/firat-universitesinden-hastane-aciklamasi\/","name":"F\u0131rat \u00dcniversitesinden hastane a\u00e7\u0131klamas\u0131 - Memurun Sesi","isPartOf":{"@id":"https:\/\/memurunsesi.net\/#website"},"primaryImageOfPage":{"@id":"https:\/\/memurunsesi.net\/index.php\/2024\/12\/11\/firat-universitesinden-hastane-aciklamasi\/#primaryimage"},"image":{"@id":"https:\/\/memurunsesi.net\/index.php\/2024\/12\/11\/firat-universitesinden-hastane-aciklamasi\/#primaryimage"},"thumbnailUrl":"https:\/\/memurunsesi.net\/wp-content\/uploads\/2024\/12\/AW348147_01.jpg","datePublished":"2024-12-11T13:00:28+00:00","breadcrumb":{"@id":"https:\/\/memurunsesi.net\/index.php\/2024\/12\/11\/firat-universitesinden-hastane-aciklamasi\/#breadcrumb"},"inLanguage":"tr","potentialAction":[{"@type":"ReadAction","target":["https:\/\/memurunsesi.net\/index.php\/2024\/12\/11\/firat-universitesinden-hastane-aciklamasi\/"]}]},{"@type":"ImageObject","inLanguage":"tr","@id":"https:\/\/memurunsesi.net\/index.php\/2024\/12\/11\/firat-universitesinden-hastane-aciklamasi\/#primaryimage","url":"https:\/\/memurunsesi.net\/wp-content\/uploads\/2024\/12\/AW348147_01.jpg","contentUrl":"https:\/\/memurunsesi.net\/wp-content\/uploads\/2024\/12\/AW348147_01.jpg","width":1024,"height":682,"caption":"FIRAT \u00dcN\u0130VERS\u0130TES\u0130 REKT\u00d6RL\u00dc\u011e\u00dcNDEN, HARPUT YERLE\u015eKES\u0130NE YAPILACAK OLAN 800 YATAKLI, DEPREME DAYANIKLI YEN\u0130 HASTANE B\u0130NASIYLA \u0130LG\u0130L\u0130 A\u00c7IKLAMA YAPILDI. (ERKAN BAY\/ELAZI\u011e-\u0130HA) F\u0131rat \u00dcniversitesi Rekt\u00f6rl\u00fc\u011f\u00fcnden yap\u0131lan a\u00e7\u0131klamada, \u015fehir merkezinde yeterli b\u00fcy\u00fckl\u00fckte uygun bir alan bulunamamas\u0131 nedeniyle il y\u00f6neticileriyle birlikte hastanenin Harput Yerle\u015fkesinde yap\u0131lmas\u0131n\u0131n kararla\u015ft\u0131r\u0131ld\u0131\u011f\u0131 belirtilerek, \"F\u0131rat \u00dcniversitesi Mevcut Hastanesi'nin tamamen ta\u015f\u0131naca\u011f\u0131 y\u00f6n\u00fcndeki iddialar ger\u00e7e\u011fi yans\u0131tmamaktad\u0131r. \u00dcniversitemiz taraf\u0131ndan bu konuda hi\u00e7bir zaman b\u00f6yle bir karar al\u0131nmam\u0131\u015f ya da a\u00e7\u0131klama yap\u0131lmam\u0131\u015ft\u0131r\" denildi."},{"@type":"BreadcrumbList","@id":"https:\/\/memurunsesi.net\/index.php\/2024\/12\/11\/firat-universitesinden-hastane-aciklamasi\/#breadcrumb","itemListElement":[{"@type":"ListItem","position":1,"name":"Anasayfa","item":"https:\/\/memurunsesi.net\/"},{"@type":"ListItem","position":2,"name":"F\u0131rat \u00dcniversitesinden hastane a\u00e7\u0131klamas\u0131"}]},{"@type":"WebSite","@id":"https:\/\/memurunsesi.net\/#website","url":"https:\/\/memurunsesi.net\/","name":"Memurun Sesi","description":"G\u00fcncel ve Do\u011fru Haber","publisher":{"@id":"https:\/\/memurunsesi.net\/#organization"},"potentialAction":[{"@type":"SearchAction","target":{"@type":"EntryPoint","urlTemplate":"https:\/\/memurunsesi.net\/?s={search_term_string}"},"query-input":{"@type":"PropertyValueSpecification","valueRequired":true,"valueName":"search_term_string"}}],"inLanguage":"tr"},{"@type":"Organization","@id":"https:\/\/memurunsesi.net\/#organization","name":"Memurun Sesi","url":"https:\/\/memurunsesi.net\/","logo":{"@type":"ImageObject","inLanguage":"tr","@id":"https:\/\/memurunsesi.net\/#\/schema\/logo\/image\/","url":"https:\/\/memurunsesi.net\/wp-content\/uploads\/2025\/11\/cropped-MEMURUN-SESI.png","contentUrl":"https:\/\/memurunsesi.net\/wp-content\/uploads\/2025\/11\/cropped-MEMURUN-SESI.png","width":238,"height":57,"caption":"Memurun Sesi"},"image":{"@id":"https:\/\/memurunsesi.net\/#\/schema\/logo\/image\/"},"sameAs":["https:\/\/www.facebook.com\/unipersen\/?locale=tr_TR","https:\/\/x.com\/unipersen"]},{"@type":"Person","@id":"https:\/\/memurunsesi.net\/#\/schema\/person\/f21c2d73b89f6ee1d80b0a1803e38587","name":"Memurun Sesi Haber Merkezi","image":{"@type":"ImageObject","inLanguage":"tr","@id":"https:\/\/secure.gravatar.com\/avatar\/6cf0505f452ee753f485014986fab09a434671d2b919ee76fc541025c5876a70?s=96&d=mm&r=g","url":"https:\/\/secure.gravatar.com\/avatar\/6cf0505f452ee753f485014986fab09a434671d2b919ee76fc541025c5876a70?s=96&d=mm&r=g","contentUrl":"https:\/\/secure.gravatar.com\/avatar\/6cf0505f452ee753f485014986fab09a434671d2b919ee76fc541025c5876a70?s=96&d=mm&r=g","caption":"Memurun Sesi Haber Merkezi"},"sameAs":["https:\/\/memurunsesi.net"],"url":"https:\/\/memurunsesi.net\/index.php\/author\/uniper\/"}]}},"_links":{"self":[{"href":"https:\/\/memurunsesi.net\/index.php\/wp-json\/wp\/v2\/posts\/3553","targetHints":{"allow":["GET"]}}],"collection":[{"href":"https:\/\/memurunsesi.net\/index.php\/wp-json\/wp\/v2\/posts"}],"about":[{"href":"https:\/\/memurunsesi.net\/index.php\/wp-json\/wp\/v2\/types\/post"}],"author":[{"embeddable":true,"href":"https:\/\/memurunsesi.net\/index.php\/wp-json\/wp\/v2\/users\/1"}],"replies":[{"embeddable":true,"href":"https:\/\/memurunsesi.net\/index.php\/wp-json\/wp\/v2\/comments?post=3553"}],"version-history":[{"count":1,"href":"https:\/\/memurunsesi.net\/index.php\/wp-json\/wp\/v2\/posts\/3553\/revisions"}],"predecessor-version":[{"id":3555,"href":"https:\/\/memurunsesi.net\/index.php\/wp-json\/wp\/v2\/posts\/3553\/revisions\/3555"}],"wp:featuredmedia":[{"embeddable":true,"href":"https:\/\/memurunsesi.net\/index.php\/wp-json\/wp\/v2\/media\/3554"}],"wp:attachment":[{"href":"https:\/\/memurunsesi.net\/index.php\/wp-json\/wp\/v2\/media?parent=3553"}],"wp:term":[{"taxonomy":"category","embeddable":true,"href":"https:\/\/memurunsesi.net\/index.php\/wp-json\/wp\/v2\/categories?post=3553"},{"taxonomy":"post_tag","embeddable":true,"href":"https:\/\/memurunsesi.net\/index.php\/wp-json\/wp\/v2\/tags?post=3553"}],"curies":[{"name":"wp","href":"https:\/\/api.w.org\/{rel}","templated":true}]}}