{"id":3564,"date":"2024-12-16T07:56:52","date_gmt":"2024-12-16T04:56:52","guid":{"rendered":"https:\/\/memurunsesi.net\/?p=3564"},"modified":"2024-12-16T07:56:52","modified_gmt":"2024-12-16T04:56:52","slug":"bakan-isikhan-asgari-ucretin-calisanlarimiz-ve-isverenlerimiz-icin-dengeli-sekilde-belirlenmesi-icin-azami-gayreti-gosteriyoruz","status":"publish","type":"post","link":"https:\/\/memurunsesi.net\/index.php\/2024\/12\/16\/bakan-isikhan-asgari-ucretin-calisanlarimiz-ve-isverenlerimiz-icin-dengeli-sekilde-belirlenmesi-icin-azami-gayreti-gosteriyoruz\/","title":{"rendered":"Bakan I\u015f\u0131khan: &#8220;Asgari \u00fccretin, \u00e7al\u0131\u015fanlar\u0131m\u0131z ve i\u015fverenlerimiz i\u00e7in dengeli \u015fekilde belirlenmesi i\u00e7in azami gayreti g\u00f6steriyoruz&#8221;"},"content":{"rendered":"<p>&#8211; Bakan I\u015f\u0131khan: &#8220;Asgari \u00fccretin, \u00e7al\u0131\u015fanlar\u0131m\u0131z ve i\u015fverenlerimiz i\u00e7in dengeli \u015fekilde belirlenmesi i\u00e7in azami gayreti g\u00f6steriyoruz&#8221;<br \/>\n&#8211; \u201c2024 y\u0131l\u0131 itibar\u0131yla bu deste\u011fi ayl\u0131k, 700 liraya \u00e7\u0131kard\u0131k. Y\u0131l\u0131n ilk dokuz ay\u0131nda yakla\u015f\u0131k 1,5 milyon i\u015f yerine; toplamda 38 milyar lira asgari \u00fccret deste\u011fi sa\u011flad\u0131k\u201d<br \/>\n&#8211; &#8220;\u0130\u015f g\u00fcc\u00fcm\u00fcz, son bir y\u0131lda 1 milyon 232 bin art\u0131\u015f g\u00f6stererek 36,1 milyon seviyesine ula\u015ft\u0131&#8221;<\/p>\n<p>Ahmet Umur \u00d6zt\u00fcrk<br \/>\nANKARA (\u0130HA) &#8211; \u00c7al\u0131\u015fma ve Sosyal G\u00fcvenlik Bakan\u0131 Vedat I\u015f\u0131khan, &#8220;Asgari \u00fccretin, hem \u00e7al\u0131\u015fanlar\u0131m\u0131z hem de i\u015fverenlerimiz i\u00e7in dengeli bir \u015fekilde belirlenmesini sa\u011flamak i\u00e7in azami gayreti g\u00f6steriyoruz&#8221; dedi.<br \/>\n\u00c7al\u0131\u015fma ve Sosyal G\u00fcvenlik Bakan\u0131 Vedat I\u015f\u0131khan, TBMM Genel Kurulu\u2019nda g\u00f6r\u00fc\u015f\u00fclen 2025 Merkezi Y\u00f6netim B\u00fct\u00e7e ve 2023 Kesin Hesap Kanun Teklifi g\u00f6r\u00fc\u015fmelerine kat\u0131ld\u0131 ve milletvekillerine sunum yapt\u0131.<br \/>\nI\u015f\u0131khan, T\u00fcrkiye Y\u00fczy\u0131l\u0131 vizyonuyla, ba\u015far\u0131lar\u0131 daha ileriye ta\u015f\u0131mak ve milletimizin her bir ferdine daha iyi bir gelecek sunma hedefi oldu\u011funu aktararak, \u201c2025 y\u0131l\u0131 b\u00fct\u00e7emiz, bu amaca hizmet etmek i\u00e7in haz\u0131rlanm\u0131\u015f bir b\u00fct\u00e7edir. \u0130\u015f g\u00fcc\u00fc piyasas\u0131n\u0131n ihtiya\u00e7lar\u0131n\u0131 kar\u015f\u0131layan, sosyal g\u00fcvenlik sistemini g\u00fc\u00e7lendiren ve \u00fclkemizin ekonomik kalk\u0131nmas\u0131n\u0131 h\u0131zland\u0131ran bir planla; kar\u015f\u0131n\u0131zda bulunuyoruz. Bakanl\u0131k olarak 2024 y\u0131l\u0131; hayata ge\u00e7irdi\u011fimiz programlar ve projelerle milletimize hizmet etme noktas\u0131nda bizim gurur duydu\u011fumuz bir y\u0131l olmu\u015ftur. Bu ba\u015far\u0131lar\u0131m\u0131z, halk\u0131m\u0131z\u0131n \u00e7al\u0131\u015fma hayat\u0131n\u0131; daha g\u00fcvenli, daha huzurlu ve daha adil bir hale getirmek i\u00e7in att\u0131\u011f\u0131m\u0131z ad\u0131mlar\u0131n somut bir yans\u0131mas\u0131d\u0131r\u201d ifadelerini kulland\u0131.<br \/>\nI\u015f\u0131khan \u015f\u00f6yle konu\u015ftu:<br \/>\n\u201cBakanl\u0131k olarak; deprem b\u00f6lgesine y\u00f6nelik yapt\u0131\u011f\u0131m\u0131z \u00e7al\u0131\u015fmalar hakk\u0131nda sizlere bilgiler vermek isterim. Hepinizin bildi\u011fi \u00fczere; asr\u0131n felaketinin hemen ard\u0131ndan, b\u00f6lgedeki i\u015fverenlerimizi ve \u00e7al\u0131\u015fanlar\u0131m\u0131z\u0131 korumak i\u00e7in h\u0131zla harekete ge\u00e7erek kapsaml\u0131 \u00f6nlemleri hayata ge\u00e7irdik. K\u0131saca hat\u0131rlatmak gerekirse, toplamda 21 milyar liray\u0131 a\u015fan bir b\u00fct\u00e7e ile; \u00e7al\u0131\u015fanlar\u0131m\u0131z\u0131n i\u015flerini kaybetmemesi ad\u0131na K\u0131sa \u00c7al\u0131\u015fma \u00d6dene\u011fi\u2019ni; k\u0131sa \u00e7al\u0131\u015fmadan veya i\u015fsizlik \u00f6dene\u011finden faydalanamayan vatanda\u015flar\u0131m\u0131z i\u00e7in, Nakdi \u00dccret Deste\u011fi\u2019ni devreye ald\u0131k. B\u00f6lgede \u00f6nemli kamu hizmetlerinin, aksamadan s\u00fcrd\u00fcr\u00fclmesi amac\u0131yla yakla\u015f\u0131k 66 bin ki\u015filik Toplum Yarar\u0131na Program (TYP) b\u00fct\u00e7esini tahsis ettik. Bu ve sayamad\u0131\u011f\u0131m onlarca \u00e7al\u0131\u015fmam\u0131z sayesinde, depremden en fazla etkilenen 11 ilde, toparlanman\u0131n h\u0131zl\u0131 bir \u015fekilde sa\u011fland\u0131\u011f\u0131n\u0131 g\u00f6rmekteyiz. Deprem \u00f6ncesinde, 2022 Aral\u0131k ay\u0131nda, bu illerde sigortal\u0131 \u00e7al\u0131\u015fan i\u015f\u00e7i say\u0131s\u0131 1 milyon 889 bin olarak kaydedilmi\u015fken, 2024 y\u0131l\u0131n\u0131n Eyl\u00fcl ay\u0131 itibar\u0131yla bu say\u0131 1 milyon 872 bin seviyesine ula\u015fm\u0131\u015ft\u0131r.\u201d<br \/>\nUlusal \u0130stihdam Stratejisi, yeni d\u00f6nemde \u00e7al\u0131\u015fma hayat\u0131n\u0131n temel ta\u015flar\u0131n\u0131 olu\u015fturacak bir hedefle haz\u0131rland\u0131\u011f\u0131n\u0131 belirten I\u015f\u0131khan, \u201cBu stratejiyle, dijital ve ye\u015fil d\u00f6n\u00fc\u015f\u00fcm\u00fcn getirdi\u011fi f\u0131rsatlar\u0131 de\u011ferlendirirken, ortaya \u00e7\u0131kan zorluklara kar\u015f\u0131 i\u015f g\u00fcc\u00fc piyasas\u0131nda beceri uyumunu sa\u011flamay\u0131, e\u011fitim ve istihdam aras\u0131ndaki ba\u011f\u0131 daha da g\u00fc\u00e7lendirmeyi, sosyal koruma sistemlerini, istihdam\u0131 te\u015fvik edecek bir yap\u0131da yeniden kurgulamay\u0131 ve k\u0131rsal alanlarda ekonomik \u00e7e\u015fitlili\u011fi art\u0131rarak s\u00fcrd\u00fcr\u00fclebilir istihdam f\u0131rsatlar\u0131 olu\u015fturmay\u0131 hedefliyoruz\u201d \u015feklinde konu\u015ftu.<br \/>\n\u201cEkim ay\u0131 itibar\u0131yla i\u015f g\u00fcc\u00fcm\u00fcz, son bir y\u0131lda 1 milyon 232 bin art\u0131\u015f g\u00f6stererek 36,1 milyon seviyesine ula\u015fm\u0131\u015ft\u0131r&#8221; diyen I\u015f\u0131khan \u015f\u00f6yle konu\u015ftu:<br \/>\n&#8220;\u0130stihdam\u0131m\u0131z, ayn\u0131 d\u00f6nemde 1 milyon 31 bin artarak 33 milyon ki\u015fiye y\u00fckselmi\u015ftir. \u0130\u015fsiz say\u0131m\u0131z, 3,1 milyon olarak kaydedilmi\u015f ve i\u015fsizlik oran\u0131 y\u00fczde 8,8 seviyesine gerilemi\u015ftir. Son 18 ayd\u0131r tek hanelerde seyreden i\u015fsizlik oran\u0131m\u0131z, Orta Vadeli Program (OVP) hedefleriyle tam uyum i\u00e7inde ilerlemektedir. Bu ba\u015far\u0131, yaln\u0131zca ekonomik b\u00fcy\u00fcmeyi de\u011fil, ayn\u0131 zamanda sosyal adaleti ve toplumsal refah\u0131 da peki\u015ftirmektedir. \u00d6n\u00fcm\u00fczdeki \u00fc\u00e7 y\u0131ll\u0131k s\u00fcre\u00e7te, istihdam\u0131, y\u0131ll\u0131k ortalama 758 bin ki\u015fi art\u0131rmay\u0131 ve i\u015f g\u00fcc\u00fcne kat\u0131lma oranlar\u0131nda beklenen art\u0131\u015fa ra\u011fmen i\u015fsizlik oran\u0131n\u0131 kal\u0131c\u0131 olarak tek haneli seviyelere \u00e7ekmeyi hedefliyoruz. Ayr\u0131ca, gen\u00e7 n\u00fcfusumuzun i\u015f g\u00fcc\u00fc piyasas\u0131na dahil olmas\u0131 konusunda da \u00f6nemli ad\u0131mlar at\u0131yoruz. T\u00dc\u0130K verilerine g\u00f6re gen\u00e7 i\u015fsizlik oran\u0131, son 5 y\u0131lda 8,6 puan azalarak 2024 y\u0131l\u0131 Ekim ay\u0131 itibar\u0131yla; y\u00fczde 16,6 seviyesine gerilemi\u015ftir. Ne e\u011fitimde ne istihdamda olan gen\u00e7lerin oran\u0131 da dikkat \u00e7ekici bir \u015fekilde azalmaktad\u0131r. 2020 y\u0131l\u0131na k\u0131yasla; 2,1 puanl\u0131k bir d\u00fc\u015f\u00fc\u015fle y\u00fczde 26,3 seviyesine gerileyen bu oran, gen\u00e7lerimizi daha fazla e\u011fitim ve i\u015f imkan\u0131yla bulu\u015fturdu\u011fumuzun somut bir kan\u0131t\u0131d\u0131r. Kad\u0131n istihdam\u0131nda \u00f6nemli projeler ger\u00e7ekle\u015ftirdik: Kad\u0131n \u0130stihdam\u0131nda Pozitif Ayr\u0131mc\u0131l\u0131k Projesi, Her Meslekte Kad\u0131n Eli Projesi ve di\u011fer projelerle; kad\u0131nlar\u0131n \u00e7al\u0131\u015fma hayat\u0131ndaki yerini g\u00fc\u00e7lendirdik. \u0130\u015f Pozitif Program\u0131 ile 2024 y\u0131l\u0131nda 750 bin kad\u0131n\u0131, istihdama kazand\u0131rd\u0131k.\u201d<br \/>\nI\u015f\u0131khan, asgari \u00fccret hakk\u0131nda, \u201cAsgari \u00fccret, sadece \u00e7al\u0131\u015fanlar\u0131m\u0131z\u0131n ya\u015fam standartlar\u0131n\u0131 belirlemekle kalmay\u0131p ayn\u0131 zamanda sosyal adaletin ve ekonomik b\u00fcy\u00fcmenin sa\u011flanmas\u0131nda da kritik bir rol oynamaktad\u0131r. Bakanl\u0131k olarak bu ger\u00e7e\u011fin bilinciyle hareket ediyor, asgari \u00fccretin, hem \u00e7al\u0131\u015fanlar\u0131m\u0131z hem de i\u015fverenlerimiz i\u00e7in dengeli bir \u015fekilde belirlenmesini sa\u011flamak i\u00e7in azami gayreti g\u00f6steriyoruz. Ge\u00e7ti\u011fimiz d\u00f6nemde, Asgari \u00dccret Tespit Komisyonu\u2019nun \u00e7al\u0131\u015fmalar\u0131 sonucunda, asgari \u00fccreti net 17 bin 2 lira seviyesine y\u00fckselttik. 2025 y\u0131l\u0131nda uygulanacak asgari \u00fccreti belirlemek \u00fczere; Asgari \u00dccret Tespit Komisyonu, \u00e7al\u0131\u015fmalar\u0131na bildi\u011finiz gibi 10 Aral\u0131k 2024 tarihinde ba\u015flam\u0131\u015f ve ilk toplant\u0131s\u0131n\u0131 ger\u00e7ekle\u015ftirmi\u015ftir. \u0130kinci toplant\u0131 ise 16 Aral\u0131k Pazartesi g\u00fcn\u00fc yap\u0131lacakt\u0131r. Ayr\u0131ca, i\u015f\u00e7ilerimizin gelirini art\u0131rma amac\u0131yla ba\u015flatt\u0131\u011f\u0131m\u0131z, Asgari \u00dccret Deste\u011fini gerekti\u011fi noktada g\u00fc\u00e7lendirdik. 2024 y\u0131l\u0131 itibar\u0131yla bu deste\u011fi ayl\u0131k, 700 liraya \u00e7\u0131kard\u0131k. Y\u0131l\u0131n ilk dokuz ay\u0131nda yakla\u015f\u0131k 1,5 milyon i\u015f yerine; toplamda 38 milyar lira asgari \u00fccret deste\u011fi sa\u011flad\u0131k\u201d dedi.<br \/>\n31 Mart 2024 tarihinde yap\u0131lan se\u00e7imlerde baz\u0131 belediyelerin el de\u011fi\u015ftirdi\u011fini s\u00f6yleyen Bakan I\u015f\u0131khan, &#8220;31 Mart 2024 tarihinde yap\u0131lan yerel se\u00e7imlerden sonra, y\u00f6netimleri de\u011fi\u015fen belediye \u00e7al\u0131\u015fanlar\u0131ndan Rehberlik ve Tefti\u015f Ba\u015fkanl\u0131\u011f\u0131m\u0131za sendikalardan ve i\u015f\u00e7ilerden; toplu i\u015f s\u00f6zle\u015fmesi h\u00fck\u00fcmlerinin uygulanmamas\u0131, toplu i\u015f\u00e7i \u00e7\u0131kar\u0131lmas\u0131, sendikal \u00f6zg\u00fcrl\u00fcklerin engellenmesi, mobbing\/e\u015fitlik ilkesine ayk\u0131r\u0131l\u0131k hususlar\u0131nda ihbar\/\u015fikayet ba\u015fvurular\u0131 intikal etmi\u015ftir. Yap\u0131lan incelemelerde Van, I\u011fd\u0131r belediyeleri ba\u015fta olmak \u00fczere ve bunlara ba\u011fl\u0131 i\u015ftirakleri hakk\u0131nda toplam 26 milyon lira idari para cezas\u0131 uygulanmas\u0131 ad\u0131m\u0131 at\u0131lm\u0131\u015ft\u0131r. Tespit edilen, mevzuata ayk\u0131r\u0131l\u0131klardan konusu su\u00e7 te\u015fkil eden hususlar ile ilgili olarak da Cumhuriyet Savc\u0131l\u0131klar\u0131na su\u00e7 duyurusunda bulunulmu\u015ftur\u201d diye konu\u015ftu.<br \/>\nSosyal G\u00fcvenlik Kurumu\u2019na ili\u015fkin baz\u0131 bilgiler veren I\u015f\u0131khan, \u201cKapsaml\u0131 ve s\u00fcrd\u00fcr\u00fclebilir sosyal g\u00fcvenlik sistemi i\u00e7in SGK&#8217;n\u0131n prim gelirlerinin tahsilat\u0131 bizim i\u00e7in olduk\u00e7a \u00f6nemlidir. Bu y\u0131l\u0131n ilk aylar\u0131nda a\u00e7\u0131klad\u0131\u011f\u0131mda belediyelerin toplam 96 milyar liral\u0131k prim borcu vard\u0131. Maalesef, baz\u0131 belediyeler \u0131srarla prim bor\u00e7lar\u0131n\u0131 \u00f6demedikleri i\u00e7in bug\u00fcn itibariyle belediyelerin prim borcu, yakla\u015f\u0131k 160 milyara y\u00fckselmi\u015ftir. SGK\u2019n\u0131n, 2024\u2019\u00fcn ilk dokuz ay\u0131ndaki prim geliri ise 2 trilyon 15 milyar lirad\u0131r. Bak\u0131n\u0131z, s\u00fcresinde \u00f6denmeyip icraya intikal ettirilmek suretiyle; \u00e7o\u011funlu\u011fu; \u00f6zel sekt\u00f6r i\u015fverenlerinden olmak \u00fczere 11 ayl\u0131k s\u00fcrede yakla\u015f\u0131k 46.6 milyar lira tahsilat ger\u00e7ekle\u015ftirilmi\u015ftir. Bu tahsilat\u0131n 11 milyar 750 milyonluk k\u0131sm\u0131 belediye prim bor\u00e7lar\u0131d\u0131r. \u0130\u015f\u00e7i ve memur sigorta kolunda; toplam SGK alaca\u011f\u0131n\u0131n y\u00fczde 24,3\u2019\u00fc belediyelerin borcudur\u201d diye konu\u015ftu.<br \/>\n(AU\u00d6-\u00d6Z-Y)<\/p>\n<p>14.12.2024 22:31:16 TSI<br \/>\nNNNN<\/p>\n","protected":false},"excerpt":{"rendered":"<p>&#8211; Bakan I\u015f\u0131khan: &#8220;Asgari \u00fccretin, \u00e7al\u0131\u015fanlar\u0131m\u0131z ve i\u015fverenlerimiz i\u00e7in dengeli \u015fekilde belirlenmesi i\u00e7in azami gayreti g\u00f6steriyoruz&#8221; &#8211; \u201c2024 y\u0131l\u0131 itibar\u0131yla bu deste\u011fi ayl\u0131k, 700 liraya \u00e7\u0131kard\u0131k. Y\u0131l\u0131n ilk dokuz ay\u0131nda yakla\u015f\u0131k 1,5 milyon i\u015f yerine; toplamda 38 milyar lira asgari \u00fccret deste\u011fi sa\u011flad\u0131k\u201d &#8211; &#8220;\u0130\u015f g\u00fcc\u00fcm\u00fcz, son bir y\u0131lda 1 milyon 232 bin art\u0131\u015f g\u00f6stererek [&hellip;]<\/p>\n","protected":false},"author":1,"featured_media":0,"comment_status":"open","ping_status":"open","sticky":false,"template":"","format":"standard","meta":{"footnotes":""},"categories":[48],"tags":[],"class_list":["post-3564","post","type-post","status-publish","format-standard","hentry","category-ekonomi"],"yoast_head":"<!-- This site is optimized with the Yoast SEO plugin v27.4 - https:\/\/yoast.com\/product\/yoast-seo-wordpress\/ -->\n<title>Bakan I\u015f\u0131khan: &quot;Asgari \u00fccretin, \u00e7al\u0131\u015fanlar\u0131m\u0131z ve i\u015fverenlerimiz i\u00e7in dengeli \u015fekilde belirlenmesi i\u00e7in azami gayreti g\u00f6steriyoruz&quot; - Memurun Sesi<\/title>\n<meta name=\"robots\" content=\"index, follow, max-snippet:-1, max-image-preview:large, max-video-preview:-1\" \/>\n<link rel=\"canonical\" href=\"https:\/\/memurunsesi.net\/index.php\/2024\/12\/16\/bakan-isikhan-asgari-ucretin-calisanlarimiz-ve-isverenlerimiz-icin-dengeli-sekilde-belirlenmesi-icin-azami-gayreti-gosteriyoruz\/\" \/>\n<meta property=\"og:locale\" content=\"tr_TR\" \/>\n<meta property=\"og:type\" content=\"article\" \/>\n<meta property=\"og:title\" content=\"Bakan I\u015f\u0131khan: &quot;Asgari \u00fccretin, \u00e7al\u0131\u015fanlar\u0131m\u0131z ve i\u015fverenlerimiz i\u00e7in dengeli \u015fekilde belirlenmesi i\u00e7in azami gayreti g\u00f6steriyoruz&quot; - Memurun Sesi\" \/>\n<meta property=\"og:description\" content=\"&#8211; Bakan I\u015f\u0131khan: &#8220;Asgari \u00fccretin, \u00e7al\u0131\u015fanlar\u0131m\u0131z ve i\u015fverenlerimiz i\u00e7in dengeli \u015fekilde belirlenmesi i\u00e7in azami gayreti g\u00f6steriyoruz&#8221; &#8211; \u201c2024 y\u0131l\u0131 itibar\u0131yla bu deste\u011fi ayl\u0131k, 700 liraya \u00e7\u0131kard\u0131k. Y\u0131l\u0131n ilk dokuz ay\u0131nda yakla\u015f\u0131k 1,5 milyon i\u015f yerine; toplamda 38 milyar lira asgari \u00fccret deste\u011fi sa\u011flad\u0131k\u201d &#8211; &#8220;\u0130\u015f g\u00fcc\u00fcm\u00fcz, son bir y\u0131lda 1 milyon 232 bin art\u0131\u015f g\u00f6stererek [&hellip;]\" \/>\n<meta property=\"og:url\" content=\"https:\/\/memurunsesi.net\/index.php\/2024\/12\/16\/bakan-isikhan-asgari-ucretin-calisanlarimiz-ve-isverenlerimiz-icin-dengeli-sekilde-belirlenmesi-icin-azami-gayreti-gosteriyoruz\/\" \/>\n<meta property=\"og:site_name\" content=\"Memurun Sesi\" \/>\n<meta property=\"article:publisher\" content=\"https:\/\/www.facebook.com\/unipersen\/?locale=tr_TR\" \/>\n<meta property=\"article:published_time\" content=\"2024-12-16T04:56:52+00:00\" \/>\n<meta name=\"author\" content=\"Memurun Sesi Haber Merkezi\" \/>\n<meta name=\"twitter:card\" content=\"summary_large_image\" \/>\n<meta name=\"twitter:creator\" content=\"@unipersen\" \/>\n<meta name=\"twitter:site\" content=\"@unipersen\" \/>\n<meta name=\"twitter:label1\" content=\"Yazan:\" \/>\n\t<meta name=\"twitter:data1\" content=\"Memurun Sesi Haber Merkezi\" \/>\n\t<meta name=\"twitter:label2\" content=\"Tahmini okuma s\u00fcresi\" \/>\n\t<meta name=\"twitter:data2\" content=\"7 dakika\" \/>\n<script type=\"application\/ld+json\" class=\"yoast-schema-graph\">{\"@context\":\"https:\\\/\\\/schema.org\",\"@graph\":[{\"@type\":\"Article\",\"@id\":\"https:\\\/\\\/memurunsesi.net\\\/index.php\\\/2024\\\/12\\\/16\\\/bakan-isikhan-asgari-ucretin-calisanlarimiz-ve-isverenlerimiz-icin-dengeli-sekilde-belirlenmesi-icin-azami-gayreti-gosteriyoruz\\\/#article\",\"isPartOf\":{\"@id\":\"https:\\\/\\\/memurunsesi.net\\\/index.php\\\/2024\\\/12\\\/16\\\/bakan-isikhan-asgari-ucretin-calisanlarimiz-ve-isverenlerimiz-icin-dengeli-sekilde-belirlenmesi-icin-azami-gayreti-gosteriyoruz\\\/\"},\"author\":{\"name\":\"Memurun Sesi Haber Merkezi\",\"@id\":\"https:\\\/\\\/memurunsesi.net\\\/#\\\/schema\\\/person\\\/f21c2d73b89f6ee1d80b0a1803e38587\"},\"headline\":\"Bakan I\u015f\u0131khan: &#8220;Asgari \u00fccretin, \u00e7al\u0131\u015fanlar\u0131m\u0131z ve i\u015fverenlerimiz i\u00e7in dengeli \u015fekilde belirlenmesi i\u00e7in azami gayreti g\u00f6steriyoruz&#8221;\",\"datePublished\":\"2024-12-16T04:56:52+00:00\",\"mainEntityOfPage\":{\"@id\":\"https:\\\/\\\/memurunsesi.net\\\/index.php\\\/2024\\\/12\\\/16\\\/bakan-isikhan-asgari-ucretin-calisanlarimiz-ve-isverenlerimiz-icin-dengeli-sekilde-belirlenmesi-icin-azami-gayreti-gosteriyoruz\\\/\"},\"wordCount\":1420,\"commentCount\":0,\"publisher\":{\"@id\":\"https:\\\/\\\/memurunsesi.net\\\/#organization\"},\"articleSection\":[\"Ekonomi\"],\"inLanguage\":\"tr\",\"potentialAction\":[{\"@type\":\"CommentAction\",\"name\":\"Comment\",\"target\":[\"https:\\\/\\\/memurunsesi.net\\\/index.php\\\/2024\\\/12\\\/16\\\/bakan-isikhan-asgari-ucretin-calisanlarimiz-ve-isverenlerimiz-icin-dengeli-sekilde-belirlenmesi-icin-azami-gayreti-gosteriyoruz\\\/#respond\"]}]},{\"@type\":\"WebPage\",\"@id\":\"https:\\\/\\\/memurunsesi.net\\\/index.php\\\/2024\\\/12\\\/16\\\/bakan-isikhan-asgari-ucretin-calisanlarimiz-ve-isverenlerimiz-icin-dengeli-sekilde-belirlenmesi-icin-azami-gayreti-gosteriyoruz\\\/\",\"url\":\"https:\\\/\\\/memurunsesi.net\\\/index.php\\\/2024\\\/12\\\/16\\\/bakan-isikhan-asgari-ucretin-calisanlarimiz-ve-isverenlerimiz-icin-dengeli-sekilde-belirlenmesi-icin-azami-gayreti-gosteriyoruz\\\/\",\"name\":\"Bakan I\u015f\u0131khan: \\\"Asgari \u00fccretin, \u00e7al\u0131\u015fanlar\u0131m\u0131z ve i\u015fverenlerimiz i\u00e7in dengeli \u015fekilde belirlenmesi i\u00e7in azami gayreti g\u00f6steriyoruz\\\" - Memurun Sesi\",\"isPartOf\":{\"@id\":\"https:\\\/\\\/memurunsesi.net\\\/#website\"},\"datePublished\":\"2024-12-16T04:56:52+00:00\",\"breadcrumb\":{\"@id\":\"https:\\\/\\\/memurunsesi.net\\\/index.php\\\/2024\\\/12\\\/16\\\/bakan-isikhan-asgari-ucretin-calisanlarimiz-ve-isverenlerimiz-icin-dengeli-sekilde-belirlenmesi-icin-azami-gayreti-gosteriyoruz\\\/#breadcrumb\"},\"inLanguage\":\"tr\",\"potentialAction\":[{\"@type\":\"ReadAction\",\"target\":[\"https:\\\/\\\/memurunsesi.net\\\/index.php\\\/2024\\\/12\\\/16\\\/bakan-isikhan-asgari-ucretin-calisanlarimiz-ve-isverenlerimiz-icin-dengeli-sekilde-belirlenmesi-icin-azami-gayreti-gosteriyoruz\\\/\"]}]},{\"@type\":\"BreadcrumbList\",\"@id\":\"https:\\\/\\\/memurunsesi.net\\\/index.php\\\/2024\\\/12\\\/16\\\/bakan-isikhan-asgari-ucretin-calisanlarimiz-ve-isverenlerimiz-icin-dengeli-sekilde-belirlenmesi-icin-azami-gayreti-gosteriyoruz\\\/#breadcrumb\",\"itemListElement\":[{\"@type\":\"ListItem\",\"position\":1,\"name\":\"Anasayfa\",\"item\":\"https:\\\/\\\/memurunsesi.net\\\/\"},{\"@type\":\"ListItem\",\"position\":2,\"name\":\"Bakan I\u015f\u0131khan: &#8220;Asgari \u00fccretin, \u00e7al\u0131\u015fanlar\u0131m\u0131z ve i\u015fverenlerimiz i\u00e7in dengeli \u015fekilde belirlenmesi i\u00e7in azami gayreti g\u00f6steriyoruz&#8221;\"}]},{\"@type\":\"WebSite\",\"@id\":\"https:\\\/\\\/memurunsesi.net\\\/#website\",\"url\":\"https:\\\/\\\/memurunsesi.net\\\/\",\"name\":\"Memurun Sesi\",\"description\":\"G\u00fcncel ve Do\u011fru Haber\",\"publisher\":{\"@id\":\"https:\\\/\\\/memurunsesi.net\\\/#organization\"},\"potentialAction\":[{\"@type\":\"SearchAction\",\"target\":{\"@type\":\"EntryPoint\",\"urlTemplate\":\"https:\\\/\\\/memurunsesi.net\\\/?s={search_term_string}\"},\"query-input\":{\"@type\":\"PropertyValueSpecification\",\"valueRequired\":true,\"valueName\":\"search_term_string\"}}],\"inLanguage\":\"tr\"},{\"@type\":\"Organization\",\"@id\":\"https:\\\/\\\/memurunsesi.net\\\/#organization\",\"name\":\"Memurun Sesi\",\"url\":\"https:\\\/\\\/memurunsesi.net\\\/\",\"logo\":{\"@type\":\"ImageObject\",\"inLanguage\":\"tr\",\"@id\":\"https:\\\/\\\/memurunsesi.net\\\/#\\\/schema\\\/logo\\\/image\\\/\",\"url\":\"https:\\\/\\\/memurunsesi.net\\\/wp-content\\\/uploads\\\/2025\\\/11\\\/cropped-MEMURUN-SESI.png\",\"contentUrl\":\"https:\\\/\\\/memurunsesi.net\\\/wp-content\\\/uploads\\\/2025\\\/11\\\/cropped-MEMURUN-SESI.png\",\"width\":238,\"height\":57,\"caption\":\"Memurun Sesi\"},\"image\":{\"@id\":\"https:\\\/\\\/memurunsesi.net\\\/#\\\/schema\\\/logo\\\/image\\\/\"},\"sameAs\":[\"https:\\\/\\\/www.facebook.com\\\/unipersen\\\/?locale=tr_TR\",\"https:\\\/\\\/x.com\\\/unipersen\"]},{\"@type\":\"Person\",\"@id\":\"https:\\\/\\\/memurunsesi.net\\\/#\\\/schema\\\/person\\\/f21c2d73b89f6ee1d80b0a1803e38587\",\"name\":\"Memurun Sesi Haber Merkezi\",\"image\":{\"@type\":\"ImageObject\",\"inLanguage\":\"tr\",\"@id\":\"https:\\\/\\\/secure.gravatar.com\\\/avatar\\\/6cf0505f452ee753f485014986fab09a434671d2b919ee76fc541025c5876a70?s=96&d=mm&r=g\",\"url\":\"https:\\\/\\\/secure.gravatar.com\\\/avatar\\\/6cf0505f452ee753f485014986fab09a434671d2b919ee76fc541025c5876a70?s=96&d=mm&r=g\",\"contentUrl\":\"https:\\\/\\\/secure.gravatar.com\\\/avatar\\\/6cf0505f452ee753f485014986fab09a434671d2b919ee76fc541025c5876a70?s=96&d=mm&r=g\",\"caption\":\"Memurun Sesi Haber Merkezi\"},\"sameAs\":[\"https:\\\/\\\/memurunsesi.net\"],\"url\":\"https:\\\/\\\/memurunsesi.net\\\/index.php\\\/author\\\/uniper\\\/\"}]}<\/script>\n<!-- \/ Yoast SEO plugin. -->","yoast_head_json":{"title":"Bakan I\u015f\u0131khan: \"Asgari \u00fccretin, \u00e7al\u0131\u015fanlar\u0131m\u0131z ve i\u015fverenlerimiz i\u00e7in dengeli \u015fekilde belirlenmesi i\u00e7in azami gayreti g\u00f6steriyoruz\" - Memurun Sesi","robots":{"index":"index","follow":"follow","max-snippet":"max-snippet:-1","max-image-preview":"max-image-preview:large","max-video-preview":"max-video-preview:-1"},"canonical":"https:\/\/memurunsesi.net\/index.php\/2024\/12\/16\/bakan-isikhan-asgari-ucretin-calisanlarimiz-ve-isverenlerimiz-icin-dengeli-sekilde-belirlenmesi-icin-azami-gayreti-gosteriyoruz\/","og_locale":"tr_TR","og_type":"article","og_title":"Bakan I\u015f\u0131khan: \"Asgari \u00fccretin, \u00e7al\u0131\u015fanlar\u0131m\u0131z ve i\u015fverenlerimiz i\u00e7in dengeli \u015fekilde belirlenmesi i\u00e7in azami gayreti g\u00f6steriyoruz\" - Memurun Sesi","og_description":"&#8211; Bakan I\u015f\u0131khan: &#8220;Asgari \u00fccretin, \u00e7al\u0131\u015fanlar\u0131m\u0131z ve i\u015fverenlerimiz i\u00e7in dengeli \u015fekilde belirlenmesi i\u00e7in azami gayreti g\u00f6steriyoruz&#8221; &#8211; \u201c2024 y\u0131l\u0131 itibar\u0131yla bu deste\u011fi ayl\u0131k, 700 liraya \u00e7\u0131kard\u0131k. Y\u0131l\u0131n ilk dokuz ay\u0131nda yakla\u015f\u0131k 1,5 milyon i\u015f yerine; toplamda 38 milyar lira asgari \u00fccret deste\u011fi sa\u011flad\u0131k\u201d &#8211; &#8220;\u0130\u015f g\u00fcc\u00fcm\u00fcz, son bir y\u0131lda 1 milyon 232 bin art\u0131\u015f g\u00f6stererek [&hellip;]","og_url":"https:\/\/memurunsesi.net\/index.php\/2024\/12\/16\/bakan-isikhan-asgari-ucretin-calisanlarimiz-ve-isverenlerimiz-icin-dengeli-sekilde-belirlenmesi-icin-azami-gayreti-gosteriyoruz\/","og_site_name":"Memurun Sesi","article_publisher":"https:\/\/www.facebook.com\/unipersen\/?locale=tr_TR","article_published_time":"2024-12-16T04:56:52+00:00","author":"Memurun Sesi Haber Merkezi","twitter_card":"summary_large_image","twitter_creator":"@unipersen","twitter_site":"@unipersen","twitter_misc":{"Yazan:":"Memurun Sesi Haber Merkezi","Tahmini okuma s\u00fcresi":"7 dakika"},"schema":{"@context":"https:\/\/schema.org","@graph":[{"@type":"Article","@id":"https:\/\/memurunsesi.net\/index.php\/2024\/12\/16\/bakan-isikhan-asgari-ucretin-calisanlarimiz-ve-isverenlerimiz-icin-dengeli-sekilde-belirlenmesi-icin-azami-gayreti-gosteriyoruz\/#article","isPartOf":{"@id":"https:\/\/memurunsesi.net\/index.php\/2024\/12\/16\/bakan-isikhan-asgari-ucretin-calisanlarimiz-ve-isverenlerimiz-icin-dengeli-sekilde-belirlenmesi-icin-azami-gayreti-gosteriyoruz\/"},"author":{"name":"Memurun Sesi Haber Merkezi","@id":"https:\/\/memurunsesi.net\/#\/schema\/person\/f21c2d73b89f6ee1d80b0a1803e38587"},"headline":"Bakan I\u015f\u0131khan: &#8220;Asgari \u00fccretin, \u00e7al\u0131\u015fanlar\u0131m\u0131z ve i\u015fverenlerimiz i\u00e7in dengeli \u015fekilde belirlenmesi i\u00e7in azami gayreti g\u00f6steriyoruz&#8221;","datePublished":"2024-12-16T04:56:52+00:00","mainEntityOfPage":{"@id":"https:\/\/memurunsesi.net\/index.php\/2024\/12\/16\/bakan-isikhan-asgari-ucretin-calisanlarimiz-ve-isverenlerimiz-icin-dengeli-sekilde-belirlenmesi-icin-azami-gayreti-gosteriyoruz\/"},"wordCount":1420,"commentCount":0,"publisher":{"@id":"https:\/\/memurunsesi.net\/#organization"},"articleSection":["Ekonomi"],"inLanguage":"tr","potentialAction":[{"@type":"CommentAction","name":"Comment","target":["https:\/\/memurunsesi.net\/index.php\/2024\/12\/16\/bakan-isikhan-asgari-ucretin-calisanlarimiz-ve-isverenlerimiz-icin-dengeli-sekilde-belirlenmesi-icin-azami-gayreti-gosteriyoruz\/#respond"]}]},{"@type":"WebPage","@id":"https:\/\/memurunsesi.net\/index.php\/2024\/12\/16\/bakan-isikhan-asgari-ucretin-calisanlarimiz-ve-isverenlerimiz-icin-dengeli-sekilde-belirlenmesi-icin-azami-gayreti-gosteriyoruz\/","url":"https:\/\/memurunsesi.net\/index.php\/2024\/12\/16\/bakan-isikhan-asgari-ucretin-calisanlarimiz-ve-isverenlerimiz-icin-dengeli-sekilde-belirlenmesi-icin-azami-gayreti-gosteriyoruz\/","name":"Bakan I\u015f\u0131khan: \"Asgari \u00fccretin, \u00e7al\u0131\u015fanlar\u0131m\u0131z ve i\u015fverenlerimiz i\u00e7in dengeli \u015fekilde belirlenmesi i\u00e7in azami gayreti g\u00f6steriyoruz\" - Memurun Sesi","isPartOf":{"@id":"https:\/\/memurunsesi.net\/#website"},"datePublished":"2024-12-16T04:56:52+00:00","breadcrumb":{"@id":"https:\/\/memurunsesi.net\/index.php\/2024\/12\/16\/bakan-isikhan-asgari-ucretin-calisanlarimiz-ve-isverenlerimiz-icin-dengeli-sekilde-belirlenmesi-icin-azami-gayreti-gosteriyoruz\/#breadcrumb"},"inLanguage":"tr","potentialAction":[{"@type":"ReadAction","target":["https:\/\/memurunsesi.net\/index.php\/2024\/12\/16\/bakan-isikhan-asgari-ucretin-calisanlarimiz-ve-isverenlerimiz-icin-dengeli-sekilde-belirlenmesi-icin-azami-gayreti-gosteriyoruz\/"]}]},{"@type":"BreadcrumbList","@id":"https:\/\/memurunsesi.net\/index.php\/2024\/12\/16\/bakan-isikhan-asgari-ucretin-calisanlarimiz-ve-isverenlerimiz-icin-dengeli-sekilde-belirlenmesi-icin-azami-gayreti-gosteriyoruz\/#breadcrumb","itemListElement":[{"@type":"ListItem","position":1,"name":"Anasayfa","item":"https:\/\/memurunsesi.net\/"},{"@type":"ListItem","position":2,"name":"Bakan I\u015f\u0131khan: &#8220;Asgari \u00fccretin, \u00e7al\u0131\u015fanlar\u0131m\u0131z ve i\u015fverenlerimiz i\u00e7in dengeli \u015fekilde belirlenmesi i\u00e7in azami gayreti g\u00f6steriyoruz&#8221;"}]},{"@type":"WebSite","@id":"https:\/\/memurunsesi.net\/#website","url":"https:\/\/memurunsesi.net\/","name":"Memurun Sesi","description":"G\u00fcncel ve Do\u011fru Haber","publisher":{"@id":"https:\/\/memurunsesi.net\/#organization"},"potentialAction":[{"@type":"SearchAction","target":{"@type":"EntryPoint","urlTemplate":"https:\/\/memurunsesi.net\/?s={search_term_string}"},"query-input":{"@type":"PropertyValueSpecification","valueRequired":true,"valueName":"search_term_string"}}],"inLanguage":"tr"},{"@type":"Organization","@id":"https:\/\/memurunsesi.net\/#organization","name":"Memurun Sesi","url":"https:\/\/memurunsesi.net\/","logo":{"@type":"ImageObject","inLanguage":"tr","@id":"https:\/\/memurunsesi.net\/#\/schema\/logo\/image\/","url":"https:\/\/memurunsesi.net\/wp-content\/uploads\/2025\/11\/cropped-MEMURUN-SESI.png","contentUrl":"https:\/\/memurunsesi.net\/wp-content\/uploads\/2025\/11\/cropped-MEMURUN-SESI.png","width":238,"height":57,"caption":"Memurun Sesi"},"image":{"@id":"https:\/\/memurunsesi.net\/#\/schema\/logo\/image\/"},"sameAs":["https:\/\/www.facebook.com\/unipersen\/?locale=tr_TR","https:\/\/x.com\/unipersen"]},{"@type":"Person","@id":"https:\/\/memurunsesi.net\/#\/schema\/person\/f21c2d73b89f6ee1d80b0a1803e38587","name":"Memurun Sesi Haber Merkezi","image":{"@type":"ImageObject","inLanguage":"tr","@id":"https:\/\/secure.gravatar.com\/avatar\/6cf0505f452ee753f485014986fab09a434671d2b919ee76fc541025c5876a70?s=96&d=mm&r=g","url":"https:\/\/secure.gravatar.com\/avatar\/6cf0505f452ee753f485014986fab09a434671d2b919ee76fc541025c5876a70?s=96&d=mm&r=g","contentUrl":"https:\/\/secure.gravatar.com\/avatar\/6cf0505f452ee753f485014986fab09a434671d2b919ee76fc541025c5876a70?s=96&d=mm&r=g","caption":"Memurun Sesi Haber Merkezi"},"sameAs":["https:\/\/memurunsesi.net"],"url":"https:\/\/memurunsesi.net\/index.php\/author\/uniper\/"}]}},"_links":{"self":[{"href":"https:\/\/memurunsesi.net\/index.php\/wp-json\/wp\/v2\/posts\/3564","targetHints":{"allow":["GET"]}}],"collection":[{"href":"https:\/\/memurunsesi.net\/index.php\/wp-json\/wp\/v2\/posts"}],"about":[{"href":"https:\/\/memurunsesi.net\/index.php\/wp-json\/wp\/v2\/types\/post"}],"author":[{"embeddable":true,"href":"https:\/\/memurunsesi.net\/index.php\/wp-json\/wp\/v2\/users\/1"}],"replies":[{"embeddable":true,"href":"https:\/\/memurunsesi.net\/index.php\/wp-json\/wp\/v2\/comments?post=3564"}],"version-history":[{"count":1,"href":"https:\/\/memurunsesi.net\/index.php\/wp-json\/wp\/v2\/posts\/3564\/revisions"}],"predecessor-version":[{"id":3565,"href":"https:\/\/memurunsesi.net\/index.php\/wp-json\/wp\/v2\/posts\/3564\/revisions\/3565"}],"wp:attachment":[{"href":"https:\/\/memurunsesi.net\/index.php\/wp-json\/wp\/v2\/media?parent=3564"}],"wp:term":[{"taxonomy":"category","embeddable":true,"href":"https:\/\/memurunsesi.net\/index.php\/wp-json\/wp\/v2\/categories?post=3564"},{"taxonomy":"post_tag","embeddable":true,"href":"https:\/\/memurunsesi.net\/index.php\/wp-json\/wp\/v2\/tags?post=3564"}],"curies":[{"name":"wp","href":"https:\/\/api.w.org\/{rel}","templated":true}]}}