{"id":3566,"date":"2024-12-16T07:57:49","date_gmt":"2024-12-16T04:57:49","guid":{"rendered":"https:\/\/memurunsesi.net\/?p=3566"},"modified":"2024-12-16T07:57:49","modified_gmt":"2024-12-16T04:57:49","slug":"birlesik-metal-is-sendikasinin-aldigi-grev-kararinin-60-gun-ertelenmesi-hakkinda-karar-resmi-gazetede","status":"publish","type":"post","link":"https:\/\/memurunsesi.net\/index.php\/2024\/12\/16\/birlesik-metal-is-sendikasinin-aldigi-grev-kararinin-60-gun-ertelenmesi-hakkinda-karar-resmi-gazetede\/","title":{"rendered":"Birle\u015fik Metal-\u0130\u015f Sendikas\u0131&#8217;n\u0131n ald\u0131\u011f\u0131 grev karar\u0131n\u0131n 60 g\u00fcn ertelenmesi hakk\u0131nda karar Resmi Gazete\u2019de"},"content":{"rendered":"<p>&#8211; Birle\u015fik Metal-\u0130\u015f Sendikas\u0131&#8217;n\u0131n ald\u0131\u011f\u0131 grev karar\u0131n\u0131n 60 g\u00fcn ertelenmesi hakk\u0131nda karar Resmi Gazete\u2019de<\/p>\n<p>Musa Enes Aksakal<br \/>\nANKARA (\u0130HA) &#8211; Birle\u015fik Metal-\u0130\u015f Sendikas\u0131&#8217;n\u0131n ald\u0131\u011f\u0131 grev karar\u0131n\u0131n milli g\u00fcvenli\u011fi bozucu nitelikte g\u00f6r\u00fcld\u00fc\u011f\u00fcnden 60 g\u00fcn ertelenmesi hakk\u0131nda Cumhurba\u015fkan\u0131 Karar\u0131 Resmi Gazete\u2019de yay\u0131mland\u0131.<br \/>\nCumhurba\u015fkan\u0131 Recep Tayyip Erdo\u011fan\u2019\u0131n imzas\u0131 ile yay\u0131mlanan karar ile birlikte, Birle\u015fik Metal-\u0130\u015f Sendikas\u0131&#8217;n\u0131n ald\u0131\u011f\u0131 grev kararlar\u0131 milli g\u00fcvenli\u011fi bozucu nitelikte g\u00f6r\u00fcld\u00fc\u011f\u00fcnden 60 g\u00fcn s\u00fcreyle ertelenmesine 6356 say\u0131l\u0131 Sendikalar ve Toplu \u0130\u015f S\u00f6zle\u015fmesi Kanununun 63\u2019\u00fcnc\u00fc maddesi gere\u011fince karar verildi.<br \/>\nBuna g\u00f6re; Hitachi Energy Turkey Elektrik Sanayi A.\u015e.\u2019nin \u0130stanbul ili Kartal, \u00dcmraniye ve Tuzla il\u00e7elerinde ve Kocaeli ili Dilovas\u0131 il\u00e7esinde bulunan i\u015fyerleri, Grid Solutions Enerji End\u00fcstrisi A.\u015e.\u2019ye ait Kocaeli ili Gebze il\u00e7esinde bulunan i\u015fyeri, Schneider Elektrik Sanayi ve Ticaret A.\u015e.\u2019ye ait \u0130zmir ili \u00c7i\u011fili il\u00e7esi, Manisa ili Yunusemre il\u00e7esi, Kocaeli ili \u00c7ay\u0131rova il\u00e7esi ve \u0130stanbul Tuzla\u2019da bulunan i\u015fyerleri ile Ar\u0131ta\u015f Kriyojenik End\u00fcstri Sanayi ve Ticaret A.\u015e.\u2019nin Bal\u0131kesir G\u00f6nen\u2019de bulunan i\u015f yerlerinde yap\u0131lacak olan grevler 60 g\u00fcn s\u00fcreyle ertelendi.<\/p>\n","protected":false},"excerpt":{"rendered":"<p>&#8211; Birle\u015fik Metal-\u0130\u015f Sendikas\u0131&#8217;n\u0131n ald\u0131\u011f\u0131 grev karar\u0131n\u0131n 60 g\u00fcn ertelenmesi hakk\u0131nda karar Resmi Gazete\u2019de Musa Enes Aksakal ANKARA (\u0130HA) &#8211; Birle\u015fik Metal-\u0130\u015f Sendikas\u0131&#8217;n\u0131n ald\u0131\u011f\u0131 grev karar\u0131n\u0131n milli g\u00fcvenli\u011fi bozucu nitelikte g\u00f6r\u00fcld\u00fc\u011f\u00fcnden 60 g\u00fcn ertelenmesi hakk\u0131nda Cumhurba\u015fkan\u0131 Karar\u0131 Resmi Gazete\u2019de yay\u0131mland\u0131. Cumhurba\u015fkan\u0131 Recep Tayyip Erdo\u011fan\u2019\u0131n imzas\u0131 ile yay\u0131mlanan karar ile birlikte, Birle\u015fik Metal-\u0130\u015f Sendikas\u0131&#8217;n\u0131n ald\u0131\u011f\u0131 grev [&hellip;]<\/p>\n","protected":false},"author":1,"featured_media":0,"comment_status":"open","ping_status":"open","sticky":false,"template":"","format":"standard","meta":{"footnotes":""},"categories":[1],"tags":[],"class_list":["post-3566","post","type-post","status-publish","format-standard","hentry","category-genel"],"yoast_head":"<!-- This site is optimized with the Yoast SEO plugin v27.4 - https:\/\/yoast.com\/product\/yoast-seo-wordpress\/ -->\n<title>Birle\u015fik Metal-\u0130\u015f Sendikas\u0131&#039;n\u0131n ald\u0131\u011f\u0131 grev karar\u0131n\u0131n 60 g\u00fcn ertelenmesi hakk\u0131nda karar Resmi Gazete\u2019de - Memurun Sesi<\/title>\n<meta name=\"robots\" content=\"index, follow, max-snippet:-1, max-image-preview:large, max-video-preview:-1\" \/>\n<link rel=\"canonical\" href=\"https:\/\/memurunsesi.net\/index.php\/2024\/12\/16\/birlesik-metal-is-sendikasinin-aldigi-grev-kararinin-60-gun-ertelenmesi-hakkinda-karar-resmi-gazetede\/\" \/>\n<meta property=\"og:locale\" content=\"tr_TR\" \/>\n<meta property=\"og:type\" content=\"article\" \/>\n<meta property=\"og:title\" content=\"Birle\u015fik Metal-\u0130\u015f Sendikas\u0131&#039;n\u0131n ald\u0131\u011f\u0131 grev karar\u0131n\u0131n 60 g\u00fcn ertelenmesi hakk\u0131nda karar Resmi Gazete\u2019de - Memurun Sesi\" \/>\n<meta property=\"og:description\" content=\"&#8211; Birle\u015fik Metal-\u0130\u015f Sendikas\u0131&#8217;n\u0131n ald\u0131\u011f\u0131 grev karar\u0131n\u0131n 60 g\u00fcn ertelenmesi hakk\u0131nda karar Resmi Gazete\u2019de Musa Enes Aksakal ANKARA (\u0130HA) &#8211; Birle\u015fik Metal-\u0130\u015f Sendikas\u0131&#8217;n\u0131n ald\u0131\u011f\u0131 grev karar\u0131n\u0131n milli g\u00fcvenli\u011fi bozucu nitelikte g\u00f6r\u00fcld\u00fc\u011f\u00fcnden 60 g\u00fcn ertelenmesi hakk\u0131nda Cumhurba\u015fkan\u0131 Karar\u0131 Resmi Gazete\u2019de yay\u0131mland\u0131. Cumhurba\u015fkan\u0131 Recep Tayyip Erdo\u011fan\u2019\u0131n imzas\u0131 ile yay\u0131mlanan karar ile birlikte, Birle\u015fik Metal-\u0130\u015f Sendikas\u0131&#8217;n\u0131n ald\u0131\u011f\u0131 grev [&hellip;]\" \/>\n<meta property=\"og:url\" content=\"https:\/\/memurunsesi.net\/index.php\/2024\/12\/16\/birlesik-metal-is-sendikasinin-aldigi-grev-kararinin-60-gun-ertelenmesi-hakkinda-karar-resmi-gazetede\/\" \/>\n<meta property=\"og:site_name\" content=\"Memurun Sesi\" \/>\n<meta property=\"article:publisher\" content=\"https:\/\/www.facebook.com\/unipersen\/?locale=tr_TR\" \/>\n<meta property=\"article:published_time\" content=\"2024-12-16T04:57:49+00:00\" \/>\n<meta name=\"author\" content=\"Memurun Sesi Haber Merkezi\" \/>\n<meta name=\"twitter:card\" content=\"summary_large_image\" \/>\n<meta name=\"twitter:creator\" content=\"@unipersen\" \/>\n<meta name=\"twitter:site\" content=\"@unipersen\" \/>\n<meta name=\"twitter:label1\" content=\"Yazan:\" \/>\n\t<meta name=\"twitter:data1\" content=\"Memurun Sesi Haber Merkezi\" \/>\n\t<meta name=\"twitter:label2\" content=\"Tahmini okuma s\u00fcresi\" \/>\n\t<meta name=\"twitter:data2\" content=\"1 dakika\" \/>\n<script type=\"application\/ld+json\" class=\"yoast-schema-graph\">{\"@context\":\"https:\\\/\\\/schema.org\",\"@graph\":[{\"@type\":\"Article\",\"@id\":\"https:\\\/\\\/memurunsesi.net\\\/index.php\\\/2024\\\/12\\\/16\\\/birlesik-metal-is-sendikasinin-aldigi-grev-kararinin-60-gun-ertelenmesi-hakkinda-karar-resmi-gazetede\\\/#article\",\"isPartOf\":{\"@id\":\"https:\\\/\\\/memurunsesi.net\\\/index.php\\\/2024\\\/12\\\/16\\\/birlesik-metal-is-sendikasinin-aldigi-grev-kararinin-60-gun-ertelenmesi-hakkinda-karar-resmi-gazetede\\\/\"},\"author\":{\"name\":\"Memurun Sesi Haber Merkezi\",\"@id\":\"https:\\\/\\\/memurunsesi.net\\\/#\\\/schema\\\/person\\\/f21c2d73b89f6ee1d80b0a1803e38587\"},\"headline\":\"Birle\u015fik Metal-\u0130\u015f Sendikas\u0131&#8217;n\u0131n ald\u0131\u011f\u0131 grev karar\u0131n\u0131n 60 g\u00fcn ertelenmesi hakk\u0131nda karar Resmi Gazete\u2019de\",\"datePublished\":\"2024-12-16T04:57:49+00:00\",\"mainEntityOfPage\":{\"@id\":\"https:\\\/\\\/memurunsesi.net\\\/index.php\\\/2024\\\/12\\\/16\\\/birlesik-metal-is-sendikasinin-aldigi-grev-kararinin-60-gun-ertelenmesi-hakkinda-karar-resmi-gazetede\\\/\"},\"wordCount\":237,\"commentCount\":0,\"publisher\":{\"@id\":\"https:\\\/\\\/memurunsesi.net\\\/#organization\"},\"inLanguage\":\"tr\",\"potentialAction\":[{\"@type\":\"CommentAction\",\"name\":\"Comment\",\"target\":[\"https:\\\/\\\/memurunsesi.net\\\/index.php\\\/2024\\\/12\\\/16\\\/birlesik-metal-is-sendikasinin-aldigi-grev-kararinin-60-gun-ertelenmesi-hakkinda-karar-resmi-gazetede\\\/#respond\"]}]},{\"@type\":\"WebPage\",\"@id\":\"https:\\\/\\\/memurunsesi.net\\\/index.php\\\/2024\\\/12\\\/16\\\/birlesik-metal-is-sendikasinin-aldigi-grev-kararinin-60-gun-ertelenmesi-hakkinda-karar-resmi-gazetede\\\/\",\"url\":\"https:\\\/\\\/memurunsesi.net\\\/index.php\\\/2024\\\/12\\\/16\\\/birlesik-metal-is-sendikasinin-aldigi-grev-kararinin-60-gun-ertelenmesi-hakkinda-karar-resmi-gazetede\\\/\",\"name\":\"Birle\u015fik Metal-\u0130\u015f Sendikas\u0131'n\u0131n ald\u0131\u011f\u0131 grev karar\u0131n\u0131n 60 g\u00fcn ertelenmesi hakk\u0131nda karar Resmi Gazete\u2019de - Memurun Sesi\",\"isPartOf\":{\"@id\":\"https:\\\/\\\/memurunsesi.net\\\/#website\"},\"datePublished\":\"2024-12-16T04:57:49+00:00\",\"breadcrumb\":{\"@id\":\"https:\\\/\\\/memurunsesi.net\\\/index.php\\\/2024\\\/12\\\/16\\\/birlesik-metal-is-sendikasinin-aldigi-grev-kararinin-60-gun-ertelenmesi-hakkinda-karar-resmi-gazetede\\\/#breadcrumb\"},\"inLanguage\":\"tr\",\"potentialAction\":[{\"@type\":\"ReadAction\",\"target\":[\"https:\\\/\\\/memurunsesi.net\\\/index.php\\\/2024\\\/12\\\/16\\\/birlesik-metal-is-sendikasinin-aldigi-grev-kararinin-60-gun-ertelenmesi-hakkinda-karar-resmi-gazetede\\\/\"]}]},{\"@type\":\"BreadcrumbList\",\"@id\":\"https:\\\/\\\/memurunsesi.net\\\/index.php\\\/2024\\\/12\\\/16\\\/birlesik-metal-is-sendikasinin-aldigi-grev-kararinin-60-gun-ertelenmesi-hakkinda-karar-resmi-gazetede\\\/#breadcrumb\",\"itemListElement\":[{\"@type\":\"ListItem\",\"position\":1,\"name\":\"Anasayfa\",\"item\":\"https:\\\/\\\/memurunsesi.net\\\/\"},{\"@type\":\"ListItem\",\"position\":2,\"name\":\"Birle\u015fik Metal-\u0130\u015f Sendikas\u0131&#8217;n\u0131n ald\u0131\u011f\u0131 grev karar\u0131n\u0131n 60 g\u00fcn ertelenmesi hakk\u0131nda karar Resmi Gazete\u2019de\"}]},{\"@type\":\"WebSite\",\"@id\":\"https:\\\/\\\/memurunsesi.net\\\/#website\",\"url\":\"https:\\\/\\\/memurunsesi.net\\\/\",\"name\":\"Memurun Sesi\",\"description\":\"G\u00fcncel ve Do\u011fru Haber\",\"publisher\":{\"@id\":\"https:\\\/\\\/memurunsesi.net\\\/#organization\"},\"potentialAction\":[{\"@type\":\"SearchAction\",\"target\":{\"@type\":\"EntryPoint\",\"urlTemplate\":\"https:\\\/\\\/memurunsesi.net\\\/?s={search_term_string}\"},\"query-input\":{\"@type\":\"PropertyValueSpecification\",\"valueRequired\":true,\"valueName\":\"search_term_string\"}}],\"inLanguage\":\"tr\"},{\"@type\":\"Organization\",\"@id\":\"https:\\\/\\\/memurunsesi.net\\\/#organization\",\"name\":\"Memurun Sesi\",\"url\":\"https:\\\/\\\/memurunsesi.net\\\/\",\"logo\":{\"@type\":\"ImageObject\",\"inLanguage\":\"tr\",\"@id\":\"https:\\\/\\\/memurunsesi.net\\\/#\\\/schema\\\/logo\\\/image\\\/\",\"url\":\"https:\\\/\\\/memurunsesi.net\\\/wp-content\\\/uploads\\\/2025\\\/11\\\/cropped-MEMURUN-SESI.png\",\"contentUrl\":\"https:\\\/\\\/memurunsesi.net\\\/wp-content\\\/uploads\\\/2025\\\/11\\\/cropped-MEMURUN-SESI.png\",\"width\":238,\"height\":57,\"caption\":\"Memurun Sesi\"},\"image\":{\"@id\":\"https:\\\/\\\/memurunsesi.net\\\/#\\\/schema\\\/logo\\\/image\\\/\"},\"sameAs\":[\"https:\\\/\\\/www.facebook.com\\\/unipersen\\\/?locale=tr_TR\",\"https:\\\/\\\/x.com\\\/unipersen\"]},{\"@type\":\"Person\",\"@id\":\"https:\\\/\\\/memurunsesi.net\\\/#\\\/schema\\\/person\\\/f21c2d73b89f6ee1d80b0a1803e38587\",\"name\":\"Memurun Sesi Haber Merkezi\",\"image\":{\"@type\":\"ImageObject\",\"inLanguage\":\"tr\",\"@id\":\"https:\\\/\\\/secure.gravatar.com\\\/avatar\\\/6cf0505f452ee753f485014986fab09a434671d2b919ee76fc541025c5876a70?s=96&d=mm&r=g\",\"url\":\"https:\\\/\\\/secure.gravatar.com\\\/avatar\\\/6cf0505f452ee753f485014986fab09a434671d2b919ee76fc541025c5876a70?s=96&d=mm&r=g\",\"contentUrl\":\"https:\\\/\\\/secure.gravatar.com\\\/avatar\\\/6cf0505f452ee753f485014986fab09a434671d2b919ee76fc541025c5876a70?s=96&d=mm&r=g\",\"caption\":\"Memurun Sesi Haber Merkezi\"},\"sameAs\":[\"https:\\\/\\\/memurunsesi.net\"],\"url\":\"https:\\\/\\\/memurunsesi.net\\\/index.php\\\/author\\\/uniper\\\/\"}]}<\/script>\n<!-- \/ Yoast SEO plugin. -->","yoast_head_json":{"title":"Birle\u015fik Metal-\u0130\u015f Sendikas\u0131'n\u0131n ald\u0131\u011f\u0131 grev karar\u0131n\u0131n 60 g\u00fcn ertelenmesi hakk\u0131nda karar Resmi Gazete\u2019de - Memurun Sesi","robots":{"index":"index","follow":"follow","max-snippet":"max-snippet:-1","max-image-preview":"max-image-preview:large","max-video-preview":"max-video-preview:-1"},"canonical":"https:\/\/memurunsesi.net\/index.php\/2024\/12\/16\/birlesik-metal-is-sendikasinin-aldigi-grev-kararinin-60-gun-ertelenmesi-hakkinda-karar-resmi-gazetede\/","og_locale":"tr_TR","og_type":"article","og_title":"Birle\u015fik Metal-\u0130\u015f Sendikas\u0131'n\u0131n ald\u0131\u011f\u0131 grev karar\u0131n\u0131n 60 g\u00fcn ertelenmesi hakk\u0131nda karar Resmi Gazete\u2019de - Memurun Sesi","og_description":"&#8211; Birle\u015fik Metal-\u0130\u015f Sendikas\u0131&#8217;n\u0131n ald\u0131\u011f\u0131 grev karar\u0131n\u0131n 60 g\u00fcn ertelenmesi hakk\u0131nda karar Resmi Gazete\u2019de Musa Enes Aksakal ANKARA (\u0130HA) &#8211; Birle\u015fik Metal-\u0130\u015f Sendikas\u0131&#8217;n\u0131n ald\u0131\u011f\u0131 grev karar\u0131n\u0131n milli g\u00fcvenli\u011fi bozucu nitelikte g\u00f6r\u00fcld\u00fc\u011f\u00fcnden 60 g\u00fcn ertelenmesi hakk\u0131nda Cumhurba\u015fkan\u0131 Karar\u0131 Resmi Gazete\u2019de yay\u0131mland\u0131. Cumhurba\u015fkan\u0131 Recep Tayyip Erdo\u011fan\u2019\u0131n imzas\u0131 ile yay\u0131mlanan karar ile birlikte, Birle\u015fik Metal-\u0130\u015f Sendikas\u0131&#8217;n\u0131n ald\u0131\u011f\u0131 grev [&hellip;]","og_url":"https:\/\/memurunsesi.net\/index.php\/2024\/12\/16\/birlesik-metal-is-sendikasinin-aldigi-grev-kararinin-60-gun-ertelenmesi-hakkinda-karar-resmi-gazetede\/","og_site_name":"Memurun Sesi","article_publisher":"https:\/\/www.facebook.com\/unipersen\/?locale=tr_TR","article_published_time":"2024-12-16T04:57:49+00:00","author":"Memurun Sesi Haber Merkezi","twitter_card":"summary_large_image","twitter_creator":"@unipersen","twitter_site":"@unipersen","twitter_misc":{"Yazan:":"Memurun Sesi Haber Merkezi","Tahmini okuma s\u00fcresi":"1 dakika"},"schema":{"@context":"https:\/\/schema.org","@graph":[{"@type":"Article","@id":"https:\/\/memurunsesi.net\/index.php\/2024\/12\/16\/birlesik-metal-is-sendikasinin-aldigi-grev-kararinin-60-gun-ertelenmesi-hakkinda-karar-resmi-gazetede\/#article","isPartOf":{"@id":"https:\/\/memurunsesi.net\/index.php\/2024\/12\/16\/birlesik-metal-is-sendikasinin-aldigi-grev-kararinin-60-gun-ertelenmesi-hakkinda-karar-resmi-gazetede\/"},"author":{"name":"Memurun Sesi Haber Merkezi","@id":"https:\/\/memurunsesi.net\/#\/schema\/person\/f21c2d73b89f6ee1d80b0a1803e38587"},"headline":"Birle\u015fik Metal-\u0130\u015f Sendikas\u0131&#8217;n\u0131n ald\u0131\u011f\u0131 grev karar\u0131n\u0131n 60 g\u00fcn ertelenmesi hakk\u0131nda karar Resmi Gazete\u2019de","datePublished":"2024-12-16T04:57:49+00:00","mainEntityOfPage":{"@id":"https:\/\/memurunsesi.net\/index.php\/2024\/12\/16\/birlesik-metal-is-sendikasinin-aldigi-grev-kararinin-60-gun-ertelenmesi-hakkinda-karar-resmi-gazetede\/"},"wordCount":237,"commentCount":0,"publisher":{"@id":"https:\/\/memurunsesi.net\/#organization"},"inLanguage":"tr","potentialAction":[{"@type":"CommentAction","name":"Comment","target":["https:\/\/memurunsesi.net\/index.php\/2024\/12\/16\/birlesik-metal-is-sendikasinin-aldigi-grev-kararinin-60-gun-ertelenmesi-hakkinda-karar-resmi-gazetede\/#respond"]}]},{"@type":"WebPage","@id":"https:\/\/memurunsesi.net\/index.php\/2024\/12\/16\/birlesik-metal-is-sendikasinin-aldigi-grev-kararinin-60-gun-ertelenmesi-hakkinda-karar-resmi-gazetede\/","url":"https:\/\/memurunsesi.net\/index.php\/2024\/12\/16\/birlesik-metal-is-sendikasinin-aldigi-grev-kararinin-60-gun-ertelenmesi-hakkinda-karar-resmi-gazetede\/","name":"Birle\u015fik Metal-\u0130\u015f Sendikas\u0131'n\u0131n ald\u0131\u011f\u0131 grev karar\u0131n\u0131n 60 g\u00fcn ertelenmesi hakk\u0131nda karar Resmi Gazete\u2019de - Memurun Sesi","isPartOf":{"@id":"https:\/\/memurunsesi.net\/#website"},"datePublished":"2024-12-16T04:57:49+00:00","breadcrumb":{"@id":"https:\/\/memurunsesi.net\/index.php\/2024\/12\/16\/birlesik-metal-is-sendikasinin-aldigi-grev-kararinin-60-gun-ertelenmesi-hakkinda-karar-resmi-gazetede\/#breadcrumb"},"inLanguage":"tr","potentialAction":[{"@type":"ReadAction","target":["https:\/\/memurunsesi.net\/index.php\/2024\/12\/16\/birlesik-metal-is-sendikasinin-aldigi-grev-kararinin-60-gun-ertelenmesi-hakkinda-karar-resmi-gazetede\/"]}]},{"@type":"BreadcrumbList","@id":"https:\/\/memurunsesi.net\/index.php\/2024\/12\/16\/birlesik-metal-is-sendikasinin-aldigi-grev-kararinin-60-gun-ertelenmesi-hakkinda-karar-resmi-gazetede\/#breadcrumb","itemListElement":[{"@type":"ListItem","position":1,"name":"Anasayfa","item":"https:\/\/memurunsesi.net\/"},{"@type":"ListItem","position":2,"name":"Birle\u015fik Metal-\u0130\u015f Sendikas\u0131&#8217;n\u0131n ald\u0131\u011f\u0131 grev karar\u0131n\u0131n 60 g\u00fcn ertelenmesi hakk\u0131nda karar Resmi Gazete\u2019de"}]},{"@type":"WebSite","@id":"https:\/\/memurunsesi.net\/#website","url":"https:\/\/memurunsesi.net\/","name":"Memurun Sesi","description":"G\u00fcncel ve Do\u011fru Haber","publisher":{"@id":"https:\/\/memurunsesi.net\/#organization"},"potentialAction":[{"@type":"SearchAction","target":{"@type":"EntryPoint","urlTemplate":"https:\/\/memurunsesi.net\/?s={search_term_string}"},"query-input":{"@type":"PropertyValueSpecification","valueRequired":true,"valueName":"search_term_string"}}],"inLanguage":"tr"},{"@type":"Organization","@id":"https:\/\/memurunsesi.net\/#organization","name":"Memurun Sesi","url":"https:\/\/memurunsesi.net\/","logo":{"@type":"ImageObject","inLanguage":"tr","@id":"https:\/\/memurunsesi.net\/#\/schema\/logo\/image\/","url":"https:\/\/memurunsesi.net\/wp-content\/uploads\/2025\/11\/cropped-MEMURUN-SESI.png","contentUrl":"https:\/\/memurunsesi.net\/wp-content\/uploads\/2025\/11\/cropped-MEMURUN-SESI.png","width":238,"height":57,"caption":"Memurun Sesi"},"image":{"@id":"https:\/\/memurunsesi.net\/#\/schema\/logo\/image\/"},"sameAs":["https:\/\/www.facebook.com\/unipersen\/?locale=tr_TR","https:\/\/x.com\/unipersen"]},{"@type":"Person","@id":"https:\/\/memurunsesi.net\/#\/schema\/person\/f21c2d73b89f6ee1d80b0a1803e38587","name":"Memurun Sesi Haber Merkezi","image":{"@type":"ImageObject","inLanguage":"tr","@id":"https:\/\/secure.gravatar.com\/avatar\/6cf0505f452ee753f485014986fab09a434671d2b919ee76fc541025c5876a70?s=96&d=mm&r=g","url":"https:\/\/secure.gravatar.com\/avatar\/6cf0505f452ee753f485014986fab09a434671d2b919ee76fc541025c5876a70?s=96&d=mm&r=g","contentUrl":"https:\/\/secure.gravatar.com\/avatar\/6cf0505f452ee753f485014986fab09a434671d2b919ee76fc541025c5876a70?s=96&d=mm&r=g","caption":"Memurun Sesi Haber Merkezi"},"sameAs":["https:\/\/memurunsesi.net"],"url":"https:\/\/memurunsesi.net\/index.php\/author\/uniper\/"}]}},"_links":{"self":[{"href":"https:\/\/memurunsesi.net\/index.php\/wp-json\/wp\/v2\/posts\/3566","targetHints":{"allow":["GET"]}}],"collection":[{"href":"https:\/\/memurunsesi.net\/index.php\/wp-json\/wp\/v2\/posts"}],"about":[{"href":"https:\/\/memurunsesi.net\/index.php\/wp-json\/wp\/v2\/types\/post"}],"author":[{"embeddable":true,"href":"https:\/\/memurunsesi.net\/index.php\/wp-json\/wp\/v2\/users\/1"}],"replies":[{"embeddable":true,"href":"https:\/\/memurunsesi.net\/index.php\/wp-json\/wp\/v2\/comments?post=3566"}],"version-history":[{"count":1,"href":"https:\/\/memurunsesi.net\/index.php\/wp-json\/wp\/v2\/posts\/3566\/revisions"}],"predecessor-version":[{"id":3567,"href":"https:\/\/memurunsesi.net\/index.php\/wp-json\/wp\/v2\/posts\/3566\/revisions\/3567"}],"wp:attachment":[{"href":"https:\/\/memurunsesi.net\/index.php\/wp-json\/wp\/v2\/media?parent=3566"}],"wp:term":[{"taxonomy":"category","embeddable":true,"href":"https:\/\/memurunsesi.net\/index.php\/wp-json\/wp\/v2\/categories?post=3566"},{"taxonomy":"post_tag","embeddable":true,"href":"https:\/\/memurunsesi.net\/index.php\/wp-json\/wp\/v2\/tags?post=3566"}],"curies":[{"name":"wp","href":"https:\/\/api.w.org\/{rel}","templated":true}]}}