{"id":3629,"date":"2024-12-16T09:11:49","date_gmt":"2024-12-16T06:11:49","guid":{"rendered":"https:\/\/memurunsesi.net\/?p=3629"},"modified":"2024-12-16T09:11:49","modified_gmt":"2024-12-16T06:11:49","slug":"corumda-kar-yagisi-etkili-oldu","status":"publish","type":"post","link":"https:\/\/memurunsesi.net\/index.php\/2024\/12\/16\/corumda-kar-yagisi-etkili-oldu\/","title":{"rendered":"\u00c7orum&#8217;da kar ya\u011f\u0131\u015f\u0131 etkili oldu"},"content":{"rendered":"<p>\u00c7ORUM (\u0130HA) &#8211; \u00c7orum&#8217;un \u0130skilip il\u00e7esi, gece saatlerinde ya\u011fan kar ile beyaza b\u00fcr\u00fcnd\u00fc.<br \/>\n\u00c7orum&#8217;da gece saatlerinde y\u00fcksek kesimlerde etkili olan so\u011fuk hava yerini kar ya\u011f\u0131\u015f\u0131na b\u0131rakt\u0131. Kar ya\u011f\u0131\u015f\u0131 \u0130skilip il\u00e7esini de beyaza b\u00fcr\u00fcd\u00fc. Gece boyunca etkili olan kar sebebiyle belediye ekipleri de tuzlama \u00e7al\u0131\u015fmas\u0131 yapt\u0131.<\/p>\n","protected":false},"excerpt":{"rendered":"<p>\u00c7ORUM (\u0130HA) &#8211; \u00c7orum&#8217;un \u0130skilip il\u00e7esi, gece saatlerinde ya\u011fan kar ile beyaza b\u00fcr\u00fcnd\u00fc. \u00c7orum&#8217;da gece saatlerinde y\u00fcksek kesimlerde etkili olan so\u011fuk hava yerini kar ya\u011f\u0131\u015f\u0131na b\u0131rakt\u0131. Kar ya\u011f\u0131\u015f\u0131 \u0130skilip il\u00e7esini de beyaza b\u00fcr\u00fcd\u00fc. Gece boyunca etkili olan kar sebebiyle belediye ekipleri de tuzlama \u00e7al\u0131\u015fmas\u0131 yapt\u0131.<\/p>\n","protected":false},"author":1,"featured_media":3630,"comment_status":"open","ping_status":"open","sticky":false,"template":"","format":"standard","meta":{"footnotes":""},"categories":[1,45,50],"tags":[],"class_list":["post-3629","post","type-post","status-publish","format-standard","has-post-thumbnail","hentry","category-genel","category-gundem","category-tum-haberler"],"yoast_head":"<!-- This site is optimized with the Yoast SEO plugin v27.4 - https:\/\/yoast.com\/product\/yoast-seo-wordpress\/ -->\n<title>\u00c7orum&#039;da kar ya\u011f\u0131\u015f\u0131 etkili oldu - Memurun Sesi<\/title>\n<meta name=\"robots\" content=\"index, follow, max-snippet:-1, max-image-preview:large, max-video-preview:-1\" \/>\n<link rel=\"canonical\" href=\"https:\/\/memurunsesi.net\/index.php\/2024\/12\/16\/corumda-kar-yagisi-etkili-oldu\/\" \/>\n<meta property=\"og:locale\" content=\"tr_TR\" \/>\n<meta property=\"og:type\" content=\"article\" \/>\n<meta property=\"og:title\" content=\"\u00c7orum&#039;da kar ya\u011f\u0131\u015f\u0131 etkili oldu - Memurun Sesi\" \/>\n<meta property=\"og:description\" content=\"\u00c7ORUM (\u0130HA) &#8211; \u00c7orum&#8217;un \u0130skilip il\u00e7esi, gece saatlerinde ya\u011fan kar ile beyaza b\u00fcr\u00fcnd\u00fc. \u00c7orum&#8217;da gece saatlerinde y\u00fcksek kesimlerde etkili olan so\u011fuk hava yerini kar ya\u011f\u0131\u015f\u0131na b\u0131rakt\u0131. Kar ya\u011f\u0131\u015f\u0131 \u0130skilip il\u00e7esini de beyaza b\u00fcr\u00fcd\u00fc. Gece boyunca etkili olan kar sebebiyle belediye ekipleri de tuzlama \u00e7al\u0131\u015fmas\u0131 yapt\u0131.\" \/>\n<meta property=\"og:url\" content=\"https:\/\/memurunsesi.net\/index.php\/2024\/12\/16\/corumda-kar-yagisi-etkili-oldu\/\" \/>\n<meta property=\"og:site_name\" content=\"Memurun Sesi\" \/>\n<meta property=\"article:publisher\" content=\"https:\/\/www.facebook.com\/unipersen\/?locale=tr_TR\" \/>\n<meta property=\"article:published_time\" content=\"2024-12-16T06:11:49+00:00\" \/>\n<meta property=\"og:image\" content=\"https:\/\/memurunsesi.net\/wp-content\/uploads\/2024\/12\/AW350881_01.jpg\" \/>\n\t<meta property=\"og:image:width\" content=\"1600\" \/>\n\t<meta property=\"og:image:height\" content=\"1200\" \/>\n\t<meta property=\"og:image:type\" content=\"image\/jpeg\" \/>\n<meta name=\"author\" content=\"Memurun Sesi Haber Merkezi\" \/>\n<meta name=\"twitter:card\" content=\"summary_large_image\" \/>\n<meta name=\"twitter:creator\" content=\"@unipersen\" \/>\n<meta name=\"twitter:site\" content=\"@unipersen\" \/>\n<meta name=\"twitter:label1\" content=\"Yazan:\" \/>\n\t<meta name=\"twitter:data1\" content=\"Memurun Sesi Haber Merkezi\" \/>\n<script type=\"application\/ld+json\" class=\"yoast-schema-graph\">{\"@context\":\"https:\\\/\\\/schema.org\",\"@graph\":[{\"@type\":\"Article\",\"@id\":\"https:\\\/\\\/memurunsesi.net\\\/index.php\\\/2024\\\/12\\\/16\\\/corumda-kar-yagisi-etkili-oldu\\\/#article\",\"isPartOf\":{\"@id\":\"https:\\\/\\\/memurunsesi.net\\\/index.php\\\/2024\\\/12\\\/16\\\/corumda-kar-yagisi-etkili-oldu\\\/\"},\"author\":{\"name\":\"Memurun Sesi Haber Merkezi\",\"@id\":\"https:\\\/\\\/memurunsesi.net\\\/#\\\/schema\\\/person\\\/f21c2d73b89f6ee1d80b0a1803e38587\"},\"headline\":\"\u00c7orum&#8217;da kar ya\u011f\u0131\u015f\u0131 etkili oldu\",\"datePublished\":\"2024-12-16T06:11:49+00:00\",\"mainEntityOfPage\":{\"@id\":\"https:\\\/\\\/memurunsesi.net\\\/index.php\\\/2024\\\/12\\\/16\\\/corumda-kar-yagisi-etkili-oldu\\\/\"},\"wordCount\":65,\"commentCount\":0,\"publisher\":{\"@id\":\"https:\\\/\\\/memurunsesi.net\\\/#organization\"},\"image\":{\"@id\":\"https:\\\/\\\/memurunsesi.net\\\/index.php\\\/2024\\\/12\\\/16\\\/corumda-kar-yagisi-etkili-oldu\\\/#primaryimage\"},\"thumbnailUrl\":\"https:\\\/\\\/memurunsesi.net\\\/wp-content\\\/uploads\\\/2024\\\/12\\\/AW350881_01.jpg\",\"articleSection\":{\"1\":\"G\u00fcndem\",\"2\":\"T\u00fcm Haberler\"},\"inLanguage\":\"tr\",\"potentialAction\":[{\"@type\":\"CommentAction\",\"name\":\"Comment\",\"target\":[\"https:\\\/\\\/memurunsesi.net\\\/index.php\\\/2024\\\/12\\\/16\\\/corumda-kar-yagisi-etkili-oldu\\\/#respond\"]}]},{\"@type\":\"WebPage\",\"@id\":\"https:\\\/\\\/memurunsesi.net\\\/index.php\\\/2024\\\/12\\\/16\\\/corumda-kar-yagisi-etkili-oldu\\\/\",\"url\":\"https:\\\/\\\/memurunsesi.net\\\/index.php\\\/2024\\\/12\\\/16\\\/corumda-kar-yagisi-etkili-oldu\\\/\",\"name\":\"\u00c7orum'da kar ya\u011f\u0131\u015f\u0131 etkili oldu - Memurun Sesi\",\"isPartOf\":{\"@id\":\"https:\\\/\\\/memurunsesi.net\\\/#website\"},\"primaryImageOfPage\":{\"@id\":\"https:\\\/\\\/memurunsesi.net\\\/index.php\\\/2024\\\/12\\\/16\\\/corumda-kar-yagisi-etkili-oldu\\\/#primaryimage\"},\"image\":{\"@id\":\"https:\\\/\\\/memurunsesi.net\\\/index.php\\\/2024\\\/12\\\/16\\\/corumda-kar-yagisi-etkili-oldu\\\/#primaryimage\"},\"thumbnailUrl\":\"https:\\\/\\\/memurunsesi.net\\\/wp-content\\\/uploads\\\/2024\\\/12\\\/AW350881_01.jpg\",\"datePublished\":\"2024-12-16T06:11:49+00:00\",\"breadcrumb\":{\"@id\":\"https:\\\/\\\/memurunsesi.net\\\/index.php\\\/2024\\\/12\\\/16\\\/corumda-kar-yagisi-etkili-oldu\\\/#breadcrumb\"},\"inLanguage\":\"tr\",\"potentialAction\":[{\"@type\":\"ReadAction\",\"target\":[\"https:\\\/\\\/memurunsesi.net\\\/index.php\\\/2024\\\/12\\\/16\\\/corumda-kar-yagisi-etkili-oldu\\\/\"]}]},{\"@type\":\"ImageObject\",\"inLanguage\":\"tr\",\"@id\":\"https:\\\/\\\/memurunsesi.net\\\/index.php\\\/2024\\\/12\\\/16\\\/corumda-kar-yagisi-etkili-oldu\\\/#primaryimage\",\"url\":\"https:\\\/\\\/memurunsesi.net\\\/wp-content\\\/uploads\\\/2024\\\/12\\\/AW350881_01.jpg\",\"contentUrl\":\"https:\\\/\\\/memurunsesi.net\\\/wp-content\\\/uploads\\\/2024\\\/12\\\/AW350881_01.jpg\",\"width\":1600,\"height\":1200,\"caption\":\"\u00c7ORUM'UN \u0130SK\u0130L\u0130P \u0130L\u00c7ES\u0130, GECE SAATLER\u0130NDE YA\u011eAN KAR \u0130LE BEYAZA B\u00dcR\u00dcND\u00dc. (B\u0130LAL ARICI\\\/\u00c7ORUM-\u0130HA) \u00c7orum'un \u0130skilip il\u00e7esi, gece saatlerinde ya\u011fan kar ile beyaza b\u00fcr\u00fcnd\u00fc.\"},{\"@type\":\"BreadcrumbList\",\"@id\":\"https:\\\/\\\/memurunsesi.net\\\/index.php\\\/2024\\\/12\\\/16\\\/corumda-kar-yagisi-etkili-oldu\\\/#breadcrumb\",\"itemListElement\":[{\"@type\":\"ListItem\",\"position\":1,\"name\":\"Anasayfa\",\"item\":\"https:\\\/\\\/memurunsesi.net\\\/\"},{\"@type\":\"ListItem\",\"position\":2,\"name\":\"\u00c7orum&#8217;da kar ya\u011f\u0131\u015f\u0131 etkili oldu\"}]},{\"@type\":\"WebSite\",\"@id\":\"https:\\\/\\\/memurunsesi.net\\\/#website\",\"url\":\"https:\\\/\\\/memurunsesi.net\\\/\",\"name\":\"Memurun Sesi\",\"description\":\"G\u00fcncel ve Do\u011fru Haber\",\"publisher\":{\"@id\":\"https:\\\/\\\/memurunsesi.net\\\/#organization\"},\"potentialAction\":[{\"@type\":\"SearchAction\",\"target\":{\"@type\":\"EntryPoint\",\"urlTemplate\":\"https:\\\/\\\/memurunsesi.net\\\/?s={search_term_string}\"},\"query-input\":{\"@type\":\"PropertyValueSpecification\",\"valueRequired\":true,\"valueName\":\"search_term_string\"}}],\"inLanguage\":\"tr\"},{\"@type\":\"Organization\",\"@id\":\"https:\\\/\\\/memurunsesi.net\\\/#organization\",\"name\":\"Memurun Sesi\",\"url\":\"https:\\\/\\\/memurunsesi.net\\\/\",\"logo\":{\"@type\":\"ImageObject\",\"inLanguage\":\"tr\",\"@id\":\"https:\\\/\\\/memurunsesi.net\\\/#\\\/schema\\\/logo\\\/image\\\/\",\"url\":\"https:\\\/\\\/memurunsesi.net\\\/wp-content\\\/uploads\\\/2025\\\/11\\\/cropped-MEMURUN-SESI.png\",\"contentUrl\":\"https:\\\/\\\/memurunsesi.net\\\/wp-content\\\/uploads\\\/2025\\\/11\\\/cropped-MEMURUN-SESI.png\",\"width\":238,\"height\":57,\"caption\":\"Memurun Sesi\"},\"image\":{\"@id\":\"https:\\\/\\\/memurunsesi.net\\\/#\\\/schema\\\/logo\\\/image\\\/\"},\"sameAs\":[\"https:\\\/\\\/www.facebook.com\\\/unipersen\\\/?locale=tr_TR\",\"https:\\\/\\\/x.com\\\/unipersen\"]},{\"@type\":\"Person\",\"@id\":\"https:\\\/\\\/memurunsesi.net\\\/#\\\/schema\\\/person\\\/f21c2d73b89f6ee1d80b0a1803e38587\",\"name\":\"Memurun Sesi Haber Merkezi\",\"image\":{\"@type\":\"ImageObject\",\"inLanguage\":\"tr\",\"@id\":\"https:\\\/\\\/secure.gravatar.com\\\/avatar\\\/6cf0505f452ee753f485014986fab09a434671d2b919ee76fc541025c5876a70?s=96&d=mm&r=g\",\"url\":\"https:\\\/\\\/secure.gravatar.com\\\/avatar\\\/6cf0505f452ee753f485014986fab09a434671d2b919ee76fc541025c5876a70?s=96&d=mm&r=g\",\"contentUrl\":\"https:\\\/\\\/secure.gravatar.com\\\/avatar\\\/6cf0505f452ee753f485014986fab09a434671d2b919ee76fc541025c5876a70?s=96&d=mm&r=g\",\"caption\":\"Memurun Sesi Haber Merkezi\"},\"sameAs\":[\"https:\\\/\\\/memurunsesi.net\"],\"url\":\"https:\\\/\\\/memurunsesi.net\\\/index.php\\\/author\\\/uniper\\\/\"}]}<\/script>\n<!-- \/ Yoast SEO plugin. -->","yoast_head_json":{"title":"\u00c7orum'da kar ya\u011f\u0131\u015f\u0131 etkili oldu - Memurun Sesi","robots":{"index":"index","follow":"follow","max-snippet":"max-snippet:-1","max-image-preview":"max-image-preview:large","max-video-preview":"max-video-preview:-1"},"canonical":"https:\/\/memurunsesi.net\/index.php\/2024\/12\/16\/corumda-kar-yagisi-etkili-oldu\/","og_locale":"tr_TR","og_type":"article","og_title":"\u00c7orum'da kar ya\u011f\u0131\u015f\u0131 etkili oldu - Memurun Sesi","og_description":"\u00c7ORUM (\u0130HA) &#8211; \u00c7orum&#8217;un \u0130skilip il\u00e7esi, gece saatlerinde ya\u011fan kar ile beyaza b\u00fcr\u00fcnd\u00fc. \u00c7orum&#8217;da gece saatlerinde y\u00fcksek kesimlerde etkili olan so\u011fuk hava yerini kar ya\u011f\u0131\u015f\u0131na b\u0131rakt\u0131. Kar ya\u011f\u0131\u015f\u0131 \u0130skilip il\u00e7esini de beyaza b\u00fcr\u00fcd\u00fc. Gece boyunca etkili olan kar sebebiyle belediye ekipleri de tuzlama \u00e7al\u0131\u015fmas\u0131 yapt\u0131.","og_url":"https:\/\/memurunsesi.net\/index.php\/2024\/12\/16\/corumda-kar-yagisi-etkili-oldu\/","og_site_name":"Memurun Sesi","article_publisher":"https:\/\/www.facebook.com\/unipersen\/?locale=tr_TR","article_published_time":"2024-12-16T06:11:49+00:00","og_image":[{"width":1600,"height":1200,"url":"https:\/\/memurunsesi.net\/wp-content\/uploads\/2024\/12\/AW350881_01.jpg","type":"image\/jpeg"}],"author":"Memurun Sesi Haber Merkezi","twitter_card":"summary_large_image","twitter_creator":"@unipersen","twitter_site":"@unipersen","twitter_misc":{"Yazan:":"Memurun Sesi Haber Merkezi"},"schema":{"@context":"https:\/\/schema.org","@graph":[{"@type":"Article","@id":"https:\/\/memurunsesi.net\/index.php\/2024\/12\/16\/corumda-kar-yagisi-etkili-oldu\/#article","isPartOf":{"@id":"https:\/\/memurunsesi.net\/index.php\/2024\/12\/16\/corumda-kar-yagisi-etkili-oldu\/"},"author":{"name":"Memurun Sesi Haber Merkezi","@id":"https:\/\/memurunsesi.net\/#\/schema\/person\/f21c2d73b89f6ee1d80b0a1803e38587"},"headline":"\u00c7orum&#8217;da kar ya\u011f\u0131\u015f\u0131 etkili oldu","datePublished":"2024-12-16T06:11:49+00:00","mainEntityOfPage":{"@id":"https:\/\/memurunsesi.net\/index.php\/2024\/12\/16\/corumda-kar-yagisi-etkili-oldu\/"},"wordCount":65,"commentCount":0,"publisher":{"@id":"https:\/\/memurunsesi.net\/#organization"},"image":{"@id":"https:\/\/memurunsesi.net\/index.php\/2024\/12\/16\/corumda-kar-yagisi-etkili-oldu\/#primaryimage"},"thumbnailUrl":"https:\/\/memurunsesi.net\/wp-content\/uploads\/2024\/12\/AW350881_01.jpg","articleSection":{"1":"G\u00fcndem","2":"T\u00fcm Haberler"},"inLanguage":"tr","potentialAction":[{"@type":"CommentAction","name":"Comment","target":["https:\/\/memurunsesi.net\/index.php\/2024\/12\/16\/corumda-kar-yagisi-etkili-oldu\/#respond"]}]},{"@type":"WebPage","@id":"https:\/\/memurunsesi.net\/index.php\/2024\/12\/16\/corumda-kar-yagisi-etkili-oldu\/","url":"https:\/\/memurunsesi.net\/index.php\/2024\/12\/16\/corumda-kar-yagisi-etkili-oldu\/","name":"\u00c7orum'da kar ya\u011f\u0131\u015f\u0131 etkili oldu - Memurun Sesi","isPartOf":{"@id":"https:\/\/memurunsesi.net\/#website"},"primaryImageOfPage":{"@id":"https:\/\/memurunsesi.net\/index.php\/2024\/12\/16\/corumda-kar-yagisi-etkili-oldu\/#primaryimage"},"image":{"@id":"https:\/\/memurunsesi.net\/index.php\/2024\/12\/16\/corumda-kar-yagisi-etkili-oldu\/#primaryimage"},"thumbnailUrl":"https:\/\/memurunsesi.net\/wp-content\/uploads\/2024\/12\/AW350881_01.jpg","datePublished":"2024-12-16T06:11:49+00:00","breadcrumb":{"@id":"https:\/\/memurunsesi.net\/index.php\/2024\/12\/16\/corumda-kar-yagisi-etkili-oldu\/#breadcrumb"},"inLanguage":"tr","potentialAction":[{"@type":"ReadAction","target":["https:\/\/memurunsesi.net\/index.php\/2024\/12\/16\/corumda-kar-yagisi-etkili-oldu\/"]}]},{"@type":"ImageObject","inLanguage":"tr","@id":"https:\/\/memurunsesi.net\/index.php\/2024\/12\/16\/corumda-kar-yagisi-etkili-oldu\/#primaryimage","url":"https:\/\/memurunsesi.net\/wp-content\/uploads\/2024\/12\/AW350881_01.jpg","contentUrl":"https:\/\/memurunsesi.net\/wp-content\/uploads\/2024\/12\/AW350881_01.jpg","width":1600,"height":1200,"caption":"\u00c7ORUM'UN \u0130SK\u0130L\u0130P \u0130L\u00c7ES\u0130, GECE SAATLER\u0130NDE YA\u011eAN KAR \u0130LE BEYAZA B\u00dcR\u00dcND\u00dc. (B\u0130LAL ARICI\/\u00c7ORUM-\u0130HA) \u00c7orum'un \u0130skilip il\u00e7esi, gece saatlerinde ya\u011fan kar ile beyaza b\u00fcr\u00fcnd\u00fc."},{"@type":"BreadcrumbList","@id":"https:\/\/memurunsesi.net\/index.php\/2024\/12\/16\/corumda-kar-yagisi-etkili-oldu\/#breadcrumb","itemListElement":[{"@type":"ListItem","position":1,"name":"Anasayfa","item":"https:\/\/memurunsesi.net\/"},{"@type":"ListItem","position":2,"name":"\u00c7orum&#8217;da kar ya\u011f\u0131\u015f\u0131 etkili oldu"}]},{"@type":"WebSite","@id":"https:\/\/memurunsesi.net\/#website","url":"https:\/\/memurunsesi.net\/","name":"Memurun Sesi","description":"G\u00fcncel ve Do\u011fru Haber","publisher":{"@id":"https:\/\/memurunsesi.net\/#organization"},"potentialAction":[{"@type":"SearchAction","target":{"@type":"EntryPoint","urlTemplate":"https:\/\/memurunsesi.net\/?s={search_term_string}"},"query-input":{"@type":"PropertyValueSpecification","valueRequired":true,"valueName":"search_term_string"}}],"inLanguage":"tr"},{"@type":"Organization","@id":"https:\/\/memurunsesi.net\/#organization","name":"Memurun Sesi","url":"https:\/\/memurunsesi.net\/","logo":{"@type":"ImageObject","inLanguage":"tr","@id":"https:\/\/memurunsesi.net\/#\/schema\/logo\/image\/","url":"https:\/\/memurunsesi.net\/wp-content\/uploads\/2025\/11\/cropped-MEMURUN-SESI.png","contentUrl":"https:\/\/memurunsesi.net\/wp-content\/uploads\/2025\/11\/cropped-MEMURUN-SESI.png","width":238,"height":57,"caption":"Memurun Sesi"},"image":{"@id":"https:\/\/memurunsesi.net\/#\/schema\/logo\/image\/"},"sameAs":["https:\/\/www.facebook.com\/unipersen\/?locale=tr_TR","https:\/\/x.com\/unipersen"]},{"@type":"Person","@id":"https:\/\/memurunsesi.net\/#\/schema\/person\/f21c2d73b89f6ee1d80b0a1803e38587","name":"Memurun Sesi Haber Merkezi","image":{"@type":"ImageObject","inLanguage":"tr","@id":"https:\/\/secure.gravatar.com\/avatar\/6cf0505f452ee753f485014986fab09a434671d2b919ee76fc541025c5876a70?s=96&d=mm&r=g","url":"https:\/\/secure.gravatar.com\/avatar\/6cf0505f452ee753f485014986fab09a434671d2b919ee76fc541025c5876a70?s=96&d=mm&r=g","contentUrl":"https:\/\/secure.gravatar.com\/avatar\/6cf0505f452ee753f485014986fab09a434671d2b919ee76fc541025c5876a70?s=96&d=mm&r=g","caption":"Memurun Sesi Haber Merkezi"},"sameAs":["https:\/\/memurunsesi.net"],"url":"https:\/\/memurunsesi.net\/index.php\/author\/uniper\/"}]}},"_links":{"self":[{"href":"https:\/\/memurunsesi.net\/index.php\/wp-json\/wp\/v2\/posts\/3629","targetHints":{"allow":["GET"]}}],"collection":[{"href":"https:\/\/memurunsesi.net\/index.php\/wp-json\/wp\/v2\/posts"}],"about":[{"href":"https:\/\/memurunsesi.net\/index.php\/wp-json\/wp\/v2\/types\/post"}],"author":[{"embeddable":true,"href":"https:\/\/memurunsesi.net\/index.php\/wp-json\/wp\/v2\/users\/1"}],"replies":[{"embeddable":true,"href":"https:\/\/memurunsesi.net\/index.php\/wp-json\/wp\/v2\/comments?post=3629"}],"version-history":[{"count":1,"href":"https:\/\/memurunsesi.net\/index.php\/wp-json\/wp\/v2\/posts\/3629\/revisions"}],"predecessor-version":[{"id":3631,"href":"https:\/\/memurunsesi.net\/index.php\/wp-json\/wp\/v2\/posts\/3629\/revisions\/3631"}],"wp:featuredmedia":[{"embeddable":true,"href":"https:\/\/memurunsesi.net\/index.php\/wp-json\/wp\/v2\/media\/3630"}],"wp:attachment":[{"href":"https:\/\/memurunsesi.net\/index.php\/wp-json\/wp\/v2\/media?parent=3629"}],"wp:term":[{"taxonomy":"category","embeddable":true,"href":"https:\/\/memurunsesi.net\/index.php\/wp-json\/wp\/v2\/categories?post=3629"},{"taxonomy":"post_tag","embeddable":true,"href":"https:\/\/memurunsesi.net\/index.php\/wp-json\/wp\/v2\/tags?post=3629"}],"curies":[{"name":"wp","href":"https:\/\/api.w.org\/{rel}","templated":true}]}}