{"id":3632,"date":"2024-12-16T09:13:51","date_gmt":"2024-12-16T06:13:51","guid":{"rendered":"https:\/\/memurunsesi.net\/?p=3632"},"modified":"2024-12-16T09:13:51","modified_gmt":"2024-12-16T06:13:51","slug":"kis-uykusuna-yatmayan-ayi-ailesi-fotografciya-poz-verdi","status":"publish","type":"post","link":"https:\/\/memurunsesi.net\/index.php\/2024\/12\/16\/kis-uykusuna-yatmayan-ayi-ailesi-fotografciya-poz-verdi\/","title":{"rendered":"K\u0131\u015f uykusuna yatmayan ay\u0131 ailesi, foto\u011fraf\u00e7\u0131ya poz verdi"},"content":{"rendered":"<p>TUNCEL\u0130 (\u0130HA) &#8211; Anne ve iki yavrudan olu\u015fan ay\u0131 ailesi, Tunceli&#8217;de g\u00f6r\u00fcnt\u00fclendi. Ay\u0131lar, kendilerini \u00e7eken do\u011fa foto\u011fraf\u00e7\u0131s\u0131na adeta poz verdi.<br \/>\nTunceli&#8217;de do\u011fa foto\u011fraf\u00e7\u0131l\u0131\u011f\u0131 yapan Murat Can Toprak\u00e7\u0131 daha \u00f6nce anne ve iki yavrudan olu\u015fan bozay\u0131 ailesini karl\u0131k alanda g\u00f6r\u00fcnt\u00fclemi\u015fti. Toprak\u00e7\u0131 bu kez de ay\u0131 ailesini, yiyecek aramak i\u00e7in gezinirken kay\u0131t alt\u0131na ald\u0131. Anne ve yavru ay\u0131lar, kendisini \u00e7eken do\u011fa foto\u011fraf\u00e7\u0131s\u0131na adeta poz verirken uzunca bir s\u00fcre yiyecek arad\u0131ktan sonra ormanl\u0131k alana giderek g\u00f6zden kayboldu.<br \/>\nAy\u0131 ailesini kay\u0131t alt\u0131na alan Toprak\u00e7\u0131, k\u0131\u015f mevsimiyle birlikte do\u011fa gezilerine ba\u015flad\u0131\u011f\u0131n\u0131 belirterek, &#8221;Do\u011fam\u0131z yaban hayat\u0131 bak\u0131m\u0131ndan olduk\u00e7a zengin ve fazla t\u00fcre ev sahipli\u011fi yap\u0131yor. Bizler de bu t\u00fcrleri g\u00f6r\u00fcnt\u00fclemeye \u00e7al\u0131\u015f\u0131yoruz. Ge\u00e7enlerde bir ay\u0131 ailesine denk gelmi\u015ftik, g\u00fczel g\u00f6r\u00fcnt\u00fcler alm\u0131\u015ft\u0131k. Bug\u00fcn de ayn\u0131 aileye denk geldik ve bize \u00e7ok g\u00fczel g\u00f6r\u00fcnt\u00fcler verdiler&#8221; dedi.<br \/>\nDo\u011faya ve yaban hayat\u0131na sahip \u00e7\u0131k\u0131lmas\u0131 \u00e7a\u011fr\u0131s\u0131nda bulunan Toprak\u00e7\u0131, &#8221;Avc\u0131l\u0131k ad\u0131 alt\u0131nda yap\u0131lan katliamlar\u0131n son bulmas\u0131n\u0131 istiyoruz. Do\u011fay\u0131 ve do\u011fadaki her canl\u0131y\u0131 korumam\u0131z gerekiyor. Kendi ya\u015fam\u0131m\u0131z i\u00e7in \u00e7\u0131rp\u0131nd\u0131\u011f\u0131m\u0131z gibi di\u011fer canl\u0131lar i\u00e7in de bunu yapmal\u0131y\u0131z&#8221; diye konu\u015ftu.<\/p>\n","protected":false},"excerpt":{"rendered":"<p>TUNCEL\u0130 (\u0130HA) &#8211; Anne ve iki yavrudan olu\u015fan ay\u0131 ailesi, Tunceli&#8217;de g\u00f6r\u00fcnt\u00fclendi. Ay\u0131lar, kendilerini \u00e7eken do\u011fa foto\u011fraf\u00e7\u0131s\u0131na adeta poz verdi. Tunceli&#8217;de do\u011fa foto\u011fraf\u00e7\u0131l\u0131\u011f\u0131 yapan Murat Can Toprak\u00e7\u0131 daha \u00f6nce anne ve iki yavrudan olu\u015fan bozay\u0131 ailesini karl\u0131k alanda g\u00f6r\u00fcnt\u00fclemi\u015fti. Toprak\u00e7\u0131 bu kez de ay\u0131 ailesini, yiyecek aramak i\u00e7in gezinirken kay\u0131t alt\u0131na ald\u0131. Anne ve yavru [&hellip;]<\/p>\n","protected":false},"author":1,"featured_media":0,"comment_status":"open","ping_status":"open","sticky":false,"template":"","format":"standard","meta":{"footnotes":""},"categories":[45],"tags":[],"class_list":["post-3632","post","type-post","status-publish","format-standard","hentry","category-gundem"],"yoast_head":"<!-- This site is optimized with the Yoast SEO plugin v27.4 - https:\/\/yoast.com\/product\/yoast-seo-wordpress\/ -->\n<title>K\u0131\u015f uykusuna yatmayan ay\u0131 ailesi, foto\u011fraf\u00e7\u0131ya poz verdi - Memurun Sesi<\/title>\n<meta name=\"robots\" content=\"index, follow, max-snippet:-1, max-image-preview:large, max-video-preview:-1\" \/>\n<link rel=\"canonical\" href=\"https:\/\/memurunsesi.net\/index.php\/2024\/12\/16\/kis-uykusuna-yatmayan-ayi-ailesi-fotografciya-poz-verdi\/\" \/>\n<meta property=\"og:locale\" content=\"tr_TR\" \/>\n<meta property=\"og:type\" content=\"article\" \/>\n<meta property=\"og:title\" content=\"K\u0131\u015f uykusuna yatmayan ay\u0131 ailesi, foto\u011fraf\u00e7\u0131ya poz verdi - Memurun Sesi\" \/>\n<meta property=\"og:description\" content=\"TUNCEL\u0130 (\u0130HA) &#8211; Anne ve iki yavrudan olu\u015fan ay\u0131 ailesi, Tunceli&#8217;de g\u00f6r\u00fcnt\u00fclendi. Ay\u0131lar, kendilerini \u00e7eken do\u011fa foto\u011fraf\u00e7\u0131s\u0131na adeta poz verdi. Tunceli&#8217;de do\u011fa foto\u011fraf\u00e7\u0131l\u0131\u011f\u0131 yapan Murat Can Toprak\u00e7\u0131 daha \u00f6nce anne ve iki yavrudan olu\u015fan bozay\u0131 ailesini karl\u0131k alanda g\u00f6r\u00fcnt\u00fclemi\u015fti. Toprak\u00e7\u0131 bu kez de ay\u0131 ailesini, yiyecek aramak i\u00e7in gezinirken kay\u0131t alt\u0131na ald\u0131. Anne ve yavru [&hellip;]\" \/>\n<meta property=\"og:url\" content=\"https:\/\/memurunsesi.net\/index.php\/2024\/12\/16\/kis-uykusuna-yatmayan-ayi-ailesi-fotografciya-poz-verdi\/\" \/>\n<meta property=\"og:site_name\" content=\"Memurun Sesi\" \/>\n<meta property=\"article:publisher\" content=\"https:\/\/www.facebook.com\/unipersen\/?locale=tr_TR\" \/>\n<meta property=\"article:published_time\" content=\"2024-12-16T06:13:51+00:00\" \/>\n<meta name=\"author\" content=\"Memurun Sesi Haber Merkezi\" \/>\n<meta name=\"twitter:card\" content=\"summary_large_image\" \/>\n<meta name=\"twitter:creator\" content=\"@unipersen\" \/>\n<meta name=\"twitter:site\" content=\"@unipersen\" \/>\n<meta name=\"twitter:label1\" content=\"Yazan:\" \/>\n\t<meta name=\"twitter:data1\" content=\"Memurun Sesi Haber Merkezi\" \/>\n\t<meta name=\"twitter:label2\" content=\"Tahmini okuma s\u00fcresi\" \/>\n\t<meta name=\"twitter:data2\" content=\"1 dakika\" \/>\n<script type=\"application\/ld+json\" class=\"yoast-schema-graph\">{\"@context\":\"https:\\\/\\\/schema.org\",\"@graph\":[{\"@type\":\"Article\",\"@id\":\"https:\\\/\\\/memurunsesi.net\\\/index.php\\\/2024\\\/12\\\/16\\\/kis-uykusuna-yatmayan-ayi-ailesi-fotografciya-poz-verdi\\\/#article\",\"isPartOf\":{\"@id\":\"https:\\\/\\\/memurunsesi.net\\\/index.php\\\/2024\\\/12\\\/16\\\/kis-uykusuna-yatmayan-ayi-ailesi-fotografciya-poz-verdi\\\/\"},\"author\":{\"name\":\"Memurun Sesi Haber Merkezi\",\"@id\":\"https:\\\/\\\/memurunsesi.net\\\/#\\\/schema\\\/person\\\/f21c2d73b89f6ee1d80b0a1803e38587\"},\"headline\":\"K\u0131\u015f uykusuna yatmayan ay\u0131 ailesi, foto\u011fraf\u00e7\u0131ya poz verdi\",\"datePublished\":\"2024-12-16T06:13:51+00:00\",\"mainEntityOfPage\":{\"@id\":\"https:\\\/\\\/memurunsesi.net\\\/index.php\\\/2024\\\/12\\\/16\\\/kis-uykusuna-yatmayan-ayi-ailesi-fotografciya-poz-verdi\\\/\"},\"wordCount\":266,\"commentCount\":0,\"publisher\":{\"@id\":\"https:\\\/\\\/memurunsesi.net\\\/#organization\"},\"articleSection\":[\"G\u00fcndem\"],\"inLanguage\":\"tr\",\"potentialAction\":[{\"@type\":\"CommentAction\",\"name\":\"Comment\",\"target\":[\"https:\\\/\\\/memurunsesi.net\\\/index.php\\\/2024\\\/12\\\/16\\\/kis-uykusuna-yatmayan-ayi-ailesi-fotografciya-poz-verdi\\\/#respond\"]}]},{\"@type\":\"WebPage\",\"@id\":\"https:\\\/\\\/memurunsesi.net\\\/index.php\\\/2024\\\/12\\\/16\\\/kis-uykusuna-yatmayan-ayi-ailesi-fotografciya-poz-verdi\\\/\",\"url\":\"https:\\\/\\\/memurunsesi.net\\\/index.php\\\/2024\\\/12\\\/16\\\/kis-uykusuna-yatmayan-ayi-ailesi-fotografciya-poz-verdi\\\/\",\"name\":\"K\u0131\u015f uykusuna yatmayan ay\u0131 ailesi, foto\u011fraf\u00e7\u0131ya poz verdi - Memurun Sesi\",\"isPartOf\":{\"@id\":\"https:\\\/\\\/memurunsesi.net\\\/#website\"},\"datePublished\":\"2024-12-16T06:13:51+00:00\",\"breadcrumb\":{\"@id\":\"https:\\\/\\\/memurunsesi.net\\\/index.php\\\/2024\\\/12\\\/16\\\/kis-uykusuna-yatmayan-ayi-ailesi-fotografciya-poz-verdi\\\/#breadcrumb\"},\"inLanguage\":\"tr\",\"potentialAction\":[{\"@type\":\"ReadAction\",\"target\":[\"https:\\\/\\\/memurunsesi.net\\\/index.php\\\/2024\\\/12\\\/16\\\/kis-uykusuna-yatmayan-ayi-ailesi-fotografciya-poz-verdi\\\/\"]}]},{\"@type\":\"BreadcrumbList\",\"@id\":\"https:\\\/\\\/memurunsesi.net\\\/index.php\\\/2024\\\/12\\\/16\\\/kis-uykusuna-yatmayan-ayi-ailesi-fotografciya-poz-verdi\\\/#breadcrumb\",\"itemListElement\":[{\"@type\":\"ListItem\",\"position\":1,\"name\":\"Anasayfa\",\"item\":\"https:\\\/\\\/memurunsesi.net\\\/\"},{\"@type\":\"ListItem\",\"position\":2,\"name\":\"K\u0131\u015f uykusuna yatmayan ay\u0131 ailesi, foto\u011fraf\u00e7\u0131ya poz verdi\"}]},{\"@type\":\"WebSite\",\"@id\":\"https:\\\/\\\/memurunsesi.net\\\/#website\",\"url\":\"https:\\\/\\\/memurunsesi.net\\\/\",\"name\":\"Memurun Sesi\",\"description\":\"G\u00fcncel ve Do\u011fru Haber\",\"publisher\":{\"@id\":\"https:\\\/\\\/memurunsesi.net\\\/#organization\"},\"potentialAction\":[{\"@type\":\"SearchAction\",\"target\":{\"@type\":\"EntryPoint\",\"urlTemplate\":\"https:\\\/\\\/memurunsesi.net\\\/?s={search_term_string}\"},\"query-input\":{\"@type\":\"PropertyValueSpecification\",\"valueRequired\":true,\"valueName\":\"search_term_string\"}}],\"inLanguage\":\"tr\"},{\"@type\":\"Organization\",\"@id\":\"https:\\\/\\\/memurunsesi.net\\\/#organization\",\"name\":\"Memurun Sesi\",\"url\":\"https:\\\/\\\/memurunsesi.net\\\/\",\"logo\":{\"@type\":\"ImageObject\",\"inLanguage\":\"tr\",\"@id\":\"https:\\\/\\\/memurunsesi.net\\\/#\\\/schema\\\/logo\\\/image\\\/\",\"url\":\"https:\\\/\\\/memurunsesi.net\\\/wp-content\\\/uploads\\\/2025\\\/11\\\/cropped-MEMURUN-SESI.png\",\"contentUrl\":\"https:\\\/\\\/memurunsesi.net\\\/wp-content\\\/uploads\\\/2025\\\/11\\\/cropped-MEMURUN-SESI.png\",\"width\":238,\"height\":57,\"caption\":\"Memurun Sesi\"},\"image\":{\"@id\":\"https:\\\/\\\/memurunsesi.net\\\/#\\\/schema\\\/logo\\\/image\\\/\"},\"sameAs\":[\"https:\\\/\\\/www.facebook.com\\\/unipersen\\\/?locale=tr_TR\",\"https:\\\/\\\/x.com\\\/unipersen\"]},{\"@type\":\"Person\",\"@id\":\"https:\\\/\\\/memurunsesi.net\\\/#\\\/schema\\\/person\\\/f21c2d73b89f6ee1d80b0a1803e38587\",\"name\":\"Memurun Sesi Haber Merkezi\",\"image\":{\"@type\":\"ImageObject\",\"inLanguage\":\"tr\",\"@id\":\"https:\\\/\\\/secure.gravatar.com\\\/avatar\\\/6cf0505f452ee753f485014986fab09a434671d2b919ee76fc541025c5876a70?s=96&d=mm&r=g\",\"url\":\"https:\\\/\\\/secure.gravatar.com\\\/avatar\\\/6cf0505f452ee753f485014986fab09a434671d2b919ee76fc541025c5876a70?s=96&d=mm&r=g\",\"contentUrl\":\"https:\\\/\\\/secure.gravatar.com\\\/avatar\\\/6cf0505f452ee753f485014986fab09a434671d2b919ee76fc541025c5876a70?s=96&d=mm&r=g\",\"caption\":\"Memurun Sesi Haber Merkezi\"},\"sameAs\":[\"https:\\\/\\\/memurunsesi.net\"],\"url\":\"https:\\\/\\\/memurunsesi.net\\\/index.php\\\/author\\\/uniper\\\/\"}]}<\/script>\n<!-- \/ Yoast SEO plugin. -->","yoast_head_json":{"title":"K\u0131\u015f uykusuna yatmayan ay\u0131 ailesi, foto\u011fraf\u00e7\u0131ya poz verdi - Memurun Sesi","robots":{"index":"index","follow":"follow","max-snippet":"max-snippet:-1","max-image-preview":"max-image-preview:large","max-video-preview":"max-video-preview:-1"},"canonical":"https:\/\/memurunsesi.net\/index.php\/2024\/12\/16\/kis-uykusuna-yatmayan-ayi-ailesi-fotografciya-poz-verdi\/","og_locale":"tr_TR","og_type":"article","og_title":"K\u0131\u015f uykusuna yatmayan ay\u0131 ailesi, foto\u011fraf\u00e7\u0131ya poz verdi - Memurun Sesi","og_description":"TUNCEL\u0130 (\u0130HA) &#8211; Anne ve iki yavrudan olu\u015fan ay\u0131 ailesi, Tunceli&#8217;de g\u00f6r\u00fcnt\u00fclendi. Ay\u0131lar, kendilerini \u00e7eken do\u011fa foto\u011fraf\u00e7\u0131s\u0131na adeta poz verdi. Tunceli&#8217;de do\u011fa foto\u011fraf\u00e7\u0131l\u0131\u011f\u0131 yapan Murat Can Toprak\u00e7\u0131 daha \u00f6nce anne ve iki yavrudan olu\u015fan bozay\u0131 ailesini karl\u0131k alanda g\u00f6r\u00fcnt\u00fclemi\u015fti. Toprak\u00e7\u0131 bu kez de ay\u0131 ailesini, yiyecek aramak i\u00e7in gezinirken kay\u0131t alt\u0131na ald\u0131. Anne ve yavru [&hellip;]","og_url":"https:\/\/memurunsesi.net\/index.php\/2024\/12\/16\/kis-uykusuna-yatmayan-ayi-ailesi-fotografciya-poz-verdi\/","og_site_name":"Memurun Sesi","article_publisher":"https:\/\/www.facebook.com\/unipersen\/?locale=tr_TR","article_published_time":"2024-12-16T06:13:51+00:00","author":"Memurun Sesi Haber Merkezi","twitter_card":"summary_large_image","twitter_creator":"@unipersen","twitter_site":"@unipersen","twitter_misc":{"Yazan:":"Memurun Sesi Haber Merkezi","Tahmini okuma s\u00fcresi":"1 dakika"},"schema":{"@context":"https:\/\/schema.org","@graph":[{"@type":"Article","@id":"https:\/\/memurunsesi.net\/index.php\/2024\/12\/16\/kis-uykusuna-yatmayan-ayi-ailesi-fotografciya-poz-verdi\/#article","isPartOf":{"@id":"https:\/\/memurunsesi.net\/index.php\/2024\/12\/16\/kis-uykusuna-yatmayan-ayi-ailesi-fotografciya-poz-verdi\/"},"author":{"name":"Memurun Sesi Haber Merkezi","@id":"https:\/\/memurunsesi.net\/#\/schema\/person\/f21c2d73b89f6ee1d80b0a1803e38587"},"headline":"K\u0131\u015f uykusuna yatmayan ay\u0131 ailesi, foto\u011fraf\u00e7\u0131ya poz verdi","datePublished":"2024-12-16T06:13:51+00:00","mainEntityOfPage":{"@id":"https:\/\/memurunsesi.net\/index.php\/2024\/12\/16\/kis-uykusuna-yatmayan-ayi-ailesi-fotografciya-poz-verdi\/"},"wordCount":266,"commentCount":0,"publisher":{"@id":"https:\/\/memurunsesi.net\/#organization"},"articleSection":["G\u00fcndem"],"inLanguage":"tr","potentialAction":[{"@type":"CommentAction","name":"Comment","target":["https:\/\/memurunsesi.net\/index.php\/2024\/12\/16\/kis-uykusuna-yatmayan-ayi-ailesi-fotografciya-poz-verdi\/#respond"]}]},{"@type":"WebPage","@id":"https:\/\/memurunsesi.net\/index.php\/2024\/12\/16\/kis-uykusuna-yatmayan-ayi-ailesi-fotografciya-poz-verdi\/","url":"https:\/\/memurunsesi.net\/index.php\/2024\/12\/16\/kis-uykusuna-yatmayan-ayi-ailesi-fotografciya-poz-verdi\/","name":"K\u0131\u015f uykusuna yatmayan ay\u0131 ailesi, foto\u011fraf\u00e7\u0131ya poz verdi - Memurun Sesi","isPartOf":{"@id":"https:\/\/memurunsesi.net\/#website"},"datePublished":"2024-12-16T06:13:51+00:00","breadcrumb":{"@id":"https:\/\/memurunsesi.net\/index.php\/2024\/12\/16\/kis-uykusuna-yatmayan-ayi-ailesi-fotografciya-poz-verdi\/#breadcrumb"},"inLanguage":"tr","potentialAction":[{"@type":"ReadAction","target":["https:\/\/memurunsesi.net\/index.php\/2024\/12\/16\/kis-uykusuna-yatmayan-ayi-ailesi-fotografciya-poz-verdi\/"]}]},{"@type":"BreadcrumbList","@id":"https:\/\/memurunsesi.net\/index.php\/2024\/12\/16\/kis-uykusuna-yatmayan-ayi-ailesi-fotografciya-poz-verdi\/#breadcrumb","itemListElement":[{"@type":"ListItem","position":1,"name":"Anasayfa","item":"https:\/\/memurunsesi.net\/"},{"@type":"ListItem","position":2,"name":"K\u0131\u015f uykusuna yatmayan ay\u0131 ailesi, foto\u011fraf\u00e7\u0131ya poz verdi"}]},{"@type":"WebSite","@id":"https:\/\/memurunsesi.net\/#website","url":"https:\/\/memurunsesi.net\/","name":"Memurun Sesi","description":"G\u00fcncel ve Do\u011fru Haber","publisher":{"@id":"https:\/\/memurunsesi.net\/#organization"},"potentialAction":[{"@type":"SearchAction","target":{"@type":"EntryPoint","urlTemplate":"https:\/\/memurunsesi.net\/?s={search_term_string}"},"query-input":{"@type":"PropertyValueSpecification","valueRequired":true,"valueName":"search_term_string"}}],"inLanguage":"tr"},{"@type":"Organization","@id":"https:\/\/memurunsesi.net\/#organization","name":"Memurun Sesi","url":"https:\/\/memurunsesi.net\/","logo":{"@type":"ImageObject","inLanguage":"tr","@id":"https:\/\/memurunsesi.net\/#\/schema\/logo\/image\/","url":"https:\/\/memurunsesi.net\/wp-content\/uploads\/2025\/11\/cropped-MEMURUN-SESI.png","contentUrl":"https:\/\/memurunsesi.net\/wp-content\/uploads\/2025\/11\/cropped-MEMURUN-SESI.png","width":238,"height":57,"caption":"Memurun Sesi"},"image":{"@id":"https:\/\/memurunsesi.net\/#\/schema\/logo\/image\/"},"sameAs":["https:\/\/www.facebook.com\/unipersen\/?locale=tr_TR","https:\/\/x.com\/unipersen"]},{"@type":"Person","@id":"https:\/\/memurunsesi.net\/#\/schema\/person\/f21c2d73b89f6ee1d80b0a1803e38587","name":"Memurun Sesi Haber Merkezi","image":{"@type":"ImageObject","inLanguage":"tr","@id":"https:\/\/secure.gravatar.com\/avatar\/6cf0505f452ee753f485014986fab09a434671d2b919ee76fc541025c5876a70?s=96&d=mm&r=g","url":"https:\/\/secure.gravatar.com\/avatar\/6cf0505f452ee753f485014986fab09a434671d2b919ee76fc541025c5876a70?s=96&d=mm&r=g","contentUrl":"https:\/\/secure.gravatar.com\/avatar\/6cf0505f452ee753f485014986fab09a434671d2b919ee76fc541025c5876a70?s=96&d=mm&r=g","caption":"Memurun Sesi Haber Merkezi"},"sameAs":["https:\/\/memurunsesi.net"],"url":"https:\/\/memurunsesi.net\/index.php\/author\/uniper\/"}]}},"_links":{"self":[{"href":"https:\/\/memurunsesi.net\/index.php\/wp-json\/wp\/v2\/posts\/3632","targetHints":{"allow":["GET"]}}],"collection":[{"href":"https:\/\/memurunsesi.net\/index.php\/wp-json\/wp\/v2\/posts"}],"about":[{"href":"https:\/\/memurunsesi.net\/index.php\/wp-json\/wp\/v2\/types\/post"}],"author":[{"embeddable":true,"href":"https:\/\/memurunsesi.net\/index.php\/wp-json\/wp\/v2\/users\/1"}],"replies":[{"embeddable":true,"href":"https:\/\/memurunsesi.net\/index.php\/wp-json\/wp\/v2\/comments?post=3632"}],"version-history":[{"count":1,"href":"https:\/\/memurunsesi.net\/index.php\/wp-json\/wp\/v2\/posts\/3632\/revisions"}],"predecessor-version":[{"id":3633,"href":"https:\/\/memurunsesi.net\/index.php\/wp-json\/wp\/v2\/posts\/3632\/revisions\/3633"}],"wp:attachment":[{"href":"https:\/\/memurunsesi.net\/index.php\/wp-json\/wp\/v2\/media?parent=3632"}],"wp:term":[{"taxonomy":"category","embeddable":true,"href":"https:\/\/memurunsesi.net\/index.php\/wp-json\/wp\/v2\/categories?post=3632"},{"taxonomy":"post_tag","embeddable":true,"href":"https:\/\/memurunsesi.net\/index.php\/wp-json\/wp\/v2\/tags?post=3632"}],"curies":[{"name":"wp","href":"https:\/\/api.w.org\/{rel}","templated":true}]}}