{"id":3703,"date":"2024-12-28T14:51:45","date_gmt":"2024-12-28T11:51:45","guid":{"rendered":"https:\/\/memurunsesi.net\/?p=3703"},"modified":"2024-12-28T14:53:47","modified_gmt":"2024-12-28T11:53:47","slug":"unipersen-genel-baskani-guzel-universite-idari-personelinin-tayin-sorunu-cozum-bulana-kadar-mucadelemiz-devam-edecek-2","status":"publish","type":"post","link":"https:\/\/memurunsesi.net\/index.php\/2024\/12\/28\/unipersen-genel-baskani-guzel-universite-idari-personelinin-tayin-sorunu-cozum-bulana-kadar-mucadelemiz-devam-edecek-2\/","title":{"rendered":"\u00dcN\u0130PERSEN Genel Ba\u015fkan\u0131 G\u00fczel: \u201c\u00dcniversite idari personelinin tayin sorunu \u00e7\u00f6z\u00fcm bulana kadar m\u00fccadelemiz devam edecek\u201d"},"content":{"rendered":"<p>ANKARA (\u0130HA) &#8211; \u00dcniversite \u0130dari Personel Sendikas\u0131 (\u00dcN\u0130PERSEN) Genel Ba\u015fkan\u0131 \u0130brahim G\u00fczel, \u201c\u00dcniversite idari personelinin tayin sorunu \u00e7\u00f6z\u00fcm bulana kadar m\u00fccadelemiz devam edecek\u201d dedi.<br \/>\n\u00dcN\u0130PERSEN ve Kamu Birli\u011fi Konfederasyonu&#8217;na ba\u011fl\u0131 sendika \u00fcyeleri, \u00c7al\u0131\u015fma ve Sosyal G\u00fcvenlik Bakanl\u0131\u011f\u0131 \u00f6n\u00fcnde ortak bas\u0131n a\u00e7\u0131klamas\u0131 d\u00fczenledi. \u00dcN\u0130PERSEN Genel Ba\u015fkan\u0131 \u0130brahim G\u00fczel, yapt\u0131\u011f\u0131 a\u00e7\u0131klamada \u00fcniversite idari personeline tayin hakk\u0131 sa\u011flanmas\u0131 gerekti\u011fini s\u00f6yledi. G\u00fczel, \u201c\u00dcniversite idari personelinin tayin sorununa ili\u015fkin \u00c7al\u0131\u015fma ve Sosyal G\u00fcvenlik Bakanl\u0131\u011f\u0131 6. ve 7. d\u00f6nem toplu s\u00f6zle\u015fmelerde karar ald\u0131\u011f\u0131n\u0131 s\u00f6yleyerek, &#8216;Biz bu sorunu \u00e7\u00f6zece\u011fiz. 40 y\u0131ld\u0131r bir ma\u011fduriyet var. Bu ma\u011fduriyete son verece\u011fiz&#8217; dedi. Ancak 6. d\u00f6nemde al\u0131nan karar hi\u00e7bir i\u015flem yap\u0131lmadan adeta kad\u00fck oldu. Daha sonras\u0131nda &#8216;Biz bu i\u015flemi yapmad\u0131k. 7. d\u00f6nemde de karar\u0131n\u0131 alal\u0131m&#8217; dediler ancak 15 ay gibi uzun bir s\u00fcre ge\u00e7ti hala ne \u00c7al\u0131\u015fma Bakanl\u0131\u011f\u0131&#8217;ndan ne de yetkili sendika taraf\u0131ndan a\u00e7\u0131klama da yap\u0131lmad\u0131, hi\u00e7bir i\u015flem de tesis edilmedi\u201d dedi.<\/p>\n<p>\u201c\u00dcniversite idari personelinin tayin sorunu \u00e7\u00f6z\u00fcm bulana kadar m\u00fccadelemiz devam edecek\u201d<br \/>\nG\u00fczel, 8. d\u00f6nem toplu s\u00f6zle\u015fme g\u00f6r\u00fc\u015fmelerine 7 ay kald\u0131\u011f\u0131n\u0131 hat\u0131rlatarak, \u201c\u015eu an sendikalar acaba 8. d\u00f6nem toplu s\u00f6zle\u015fmede \u015fu hak m\u0131 olsun, \u015fu sorun mu \u00e7\u00f6z\u00fcm bulsun diye a\u00e7\u0131klamalar yap\u0131yorlar. Biz buradan \u00c7al\u0131\u015fma ve Sosyal G\u00fcvenlik Bakanl\u0131\u011f\u0131&#8217;na sesleniyoruz; 6. d\u00f6nemde alm\u0131\u015fs\u0131n\u0131z karar, hi\u00e7bir i\u015flem yapmam\u0131\u015fs\u0131n\u0131z. 7. d\u00f6nemde alm\u0131\u015fs\u0131n\u0131z karar, hi\u00e7bir i\u015flem yapmam\u0131\u015fs\u0131n\u0131z. Bu ortamda 8. d\u00f6nem toplu s\u00f6zle\u015fmede kamuda \u00e7al\u0131\u015fanlara hangi hak kalacak da hangi hak uygulanacak? Biz burada buna vurgu yapmak i\u00e7in topland\u0131k. Pazartesi g\u00fcn\u00fcnden beri burada oturma eylemindeyiz. Bug\u00fcn 5. g\u00fcn ve biz bu sorun \u00e7\u00f6z\u00fcm bulana kadar m\u00fccadeleyi de b\u0131rakmayaca\u011f\u0131z. Bizim sendika olarak \u00fcniversite idari personelinin tayin sorunu \u00e7\u00f6z\u00fcm bulana kadar m\u00fccadelemiz devam edecek\u201d ifadelerini kulland\u0131.<\/p>\n<p>&#8220;Tayin hakk\u0131m\u0131z bir pazarl\u0131k konusu de\u011fildir&#8221;<br \/>\nKamu Birli\u011fi Konfederasyonu Genel Ba\u015fkan Yard\u0131mc\u0131s\u0131 Aras Ali Alt\u0131nta\u015f ise, Y\u00fcksek\u00f6\u011fretim Kurulu ve \u00fcniversite y\u00f6netimlerinin daha \u00f6nce \u00fcniversite idari personeline tayin hakk\u0131 s\u00f6z\u00fc verdi\u011fini s\u00f6yleyerek, \u201cBu s\u00f6zlerin ard\u0131nda durulmam\u0131\u015f, hakl\u0131 taleplerimiz yerine becayi\u015f ad\u0131 alt\u0131nda g\u00f6stermelik \u00e7\u00f6z\u00fcmler sunulmu\u015ftur. Bu durum, a\u00e7\u0131k bir \u015fekilde haklar\u0131m\u0131z\u0131n gasp edilmesi anlam\u0131na gelmektedir. Tayin hakk\u0131m\u0131z bir pazarl\u0131k konusu de\u011fildir, anayasal bir zorunluluktur\u201d diye konu\u015ftu.<\/p>\n","protected":false},"excerpt":{"rendered":"<p>ANKARA (\u0130HA) &#8211; \u00dcniversite \u0130dari Personel Sendikas\u0131 (\u00dcN\u0130PERSEN) Genel Ba\u015fkan\u0131 \u0130brahim G\u00fczel, \u201c\u00dcniversite idari personelinin tayin sorunu \u00e7\u00f6z\u00fcm bulana kadar m\u00fccadelemiz devam edecek\u201d dedi. \u00dcN\u0130PERSEN ve Kamu Birli\u011fi Konfederasyonu&#8217;na ba\u011fl\u0131 sendika \u00fcyeleri, \u00c7al\u0131\u015fma ve Sosyal G\u00fcvenlik Bakanl\u0131\u011f\u0131 \u00f6n\u00fcnde ortak bas\u0131n a\u00e7\u0131klamas\u0131 d\u00fczenledi. \u00dcN\u0130PERSEN Genel Ba\u015fkan\u0131 \u0130brahim G\u00fczel, yapt\u0131\u011f\u0131 a\u00e7\u0131klamada \u00fcniversite idari personeline tayin hakk\u0131 sa\u011flanmas\u0131 [&hellip;]<\/p>\n","protected":false},"author":1,"featured_media":0,"comment_status":"open","ping_status":"open","sticky":false,"template":"","format":"standard","meta":{"footnotes":""},"categories":[1,45],"tags":[],"class_list":["post-3703","post","type-post","status-publish","format-standard","hentry","category-genel","category-gundem"],"yoast_head":"<!-- This site is optimized with the Yoast SEO plugin v27.4 - https:\/\/yoast.com\/product\/yoast-seo-wordpress\/ -->\n<title>\u00dcN\u0130PERSEN Genel Ba\u015fkan\u0131 G\u00fczel: \u201c\u00dcniversite idari personelinin tayin sorunu \u00e7\u00f6z\u00fcm bulana kadar m\u00fccadelemiz devam edecek\u201d - Memurun Sesi<\/title>\n<meta name=\"robots\" content=\"index, follow, max-snippet:-1, max-image-preview:large, max-video-preview:-1\" \/>\n<link rel=\"canonical\" href=\"https:\/\/memurunsesi.net\/index.php\/2024\/12\/28\/unipersen-genel-baskani-guzel-universite-idari-personelinin-tayin-sorunu-cozum-bulana-kadar-mucadelemiz-devam-edecek-2\/\" \/>\n<meta property=\"og:locale\" content=\"tr_TR\" \/>\n<meta property=\"og:type\" content=\"article\" \/>\n<meta property=\"og:title\" content=\"\u00dcN\u0130PERSEN Genel Ba\u015fkan\u0131 G\u00fczel: \u201c\u00dcniversite idari personelinin tayin sorunu \u00e7\u00f6z\u00fcm bulana kadar m\u00fccadelemiz devam edecek\u201d - Memurun Sesi\" \/>\n<meta property=\"og:description\" content=\"ANKARA (\u0130HA) &#8211; \u00dcniversite \u0130dari Personel Sendikas\u0131 (\u00dcN\u0130PERSEN) Genel Ba\u015fkan\u0131 \u0130brahim G\u00fczel, \u201c\u00dcniversite idari personelinin tayin sorunu \u00e7\u00f6z\u00fcm bulana kadar m\u00fccadelemiz devam edecek\u201d dedi. \u00dcN\u0130PERSEN ve Kamu Birli\u011fi Konfederasyonu&#8217;na ba\u011fl\u0131 sendika \u00fcyeleri, \u00c7al\u0131\u015fma ve Sosyal G\u00fcvenlik Bakanl\u0131\u011f\u0131 \u00f6n\u00fcnde ortak bas\u0131n a\u00e7\u0131klamas\u0131 d\u00fczenledi. \u00dcN\u0130PERSEN Genel Ba\u015fkan\u0131 \u0130brahim G\u00fczel, yapt\u0131\u011f\u0131 a\u00e7\u0131klamada \u00fcniversite idari personeline tayin hakk\u0131 sa\u011flanmas\u0131 [&hellip;]\" \/>\n<meta property=\"og:url\" content=\"https:\/\/memurunsesi.net\/index.php\/2024\/12\/28\/unipersen-genel-baskani-guzel-universite-idari-personelinin-tayin-sorunu-cozum-bulana-kadar-mucadelemiz-devam-edecek-2\/\" \/>\n<meta property=\"og:site_name\" content=\"Memurun Sesi\" \/>\n<meta property=\"article:publisher\" content=\"https:\/\/www.facebook.com\/unipersen\/?locale=tr_TR\" \/>\n<meta property=\"article:published_time\" content=\"2024-12-28T11:51:45+00:00\" \/>\n<meta property=\"article:modified_time\" content=\"2024-12-28T11:53:47+00:00\" \/>\n<meta name=\"author\" content=\"Memurun Sesi Haber Merkezi\" \/>\n<meta name=\"twitter:card\" content=\"summary_large_image\" \/>\n<meta name=\"twitter:creator\" content=\"@unipersen\" \/>\n<meta name=\"twitter:site\" content=\"@unipersen\" \/>\n<meta name=\"twitter:label1\" content=\"Yazan:\" \/>\n\t<meta name=\"twitter:data1\" content=\"Memurun Sesi Haber Merkezi\" \/>\n\t<meta name=\"twitter:label2\" content=\"Tahmini okuma s\u00fcresi\" \/>\n\t<meta name=\"twitter:data2\" content=\"2 dakika\" \/>\n<script type=\"application\/ld+json\" class=\"yoast-schema-graph\">{\"@context\":\"https:\\\/\\\/schema.org\",\"@graph\":[{\"@type\":\"Article\",\"@id\":\"https:\\\/\\\/memurunsesi.net\\\/index.php\\\/2024\\\/12\\\/28\\\/unipersen-genel-baskani-guzel-universite-idari-personelinin-tayin-sorunu-cozum-bulana-kadar-mucadelemiz-devam-edecek-2\\\/#article\",\"isPartOf\":{\"@id\":\"https:\\\/\\\/memurunsesi.net\\\/index.php\\\/2024\\\/12\\\/28\\\/unipersen-genel-baskani-guzel-universite-idari-personelinin-tayin-sorunu-cozum-bulana-kadar-mucadelemiz-devam-edecek-2\\\/\"},\"author\":{\"name\":\"Memurun Sesi Haber Merkezi\",\"@id\":\"https:\\\/\\\/memurunsesi.net\\\/#\\\/schema\\\/person\\\/f21c2d73b89f6ee1d80b0a1803e38587\"},\"headline\":\"\u00dcN\u0130PERSEN Genel Ba\u015fkan\u0131 G\u00fczel: \u201c\u00dcniversite idari personelinin tayin sorunu \u00e7\u00f6z\u00fcm bulana kadar m\u00fccadelemiz devam edecek\u201d\",\"datePublished\":\"2024-12-28T11:51:45+00:00\",\"dateModified\":\"2024-12-28T11:53:47+00:00\",\"mainEntityOfPage\":{\"@id\":\"https:\\\/\\\/memurunsesi.net\\\/index.php\\\/2024\\\/12\\\/28\\\/unipersen-genel-baskani-guzel-universite-idari-personelinin-tayin-sorunu-cozum-bulana-kadar-mucadelemiz-devam-edecek-2\\\/\"},\"wordCount\":475,\"commentCount\":0,\"publisher\":{\"@id\":\"https:\\\/\\\/memurunsesi.net\\\/#organization\"},\"articleSection\":{\"1\":\"G\u00fcndem\"},\"inLanguage\":\"tr\",\"potentialAction\":[{\"@type\":\"CommentAction\",\"name\":\"Comment\",\"target\":[\"https:\\\/\\\/memurunsesi.net\\\/index.php\\\/2024\\\/12\\\/28\\\/unipersen-genel-baskani-guzel-universite-idari-personelinin-tayin-sorunu-cozum-bulana-kadar-mucadelemiz-devam-edecek-2\\\/#respond\"]}]},{\"@type\":\"WebPage\",\"@id\":\"https:\\\/\\\/memurunsesi.net\\\/index.php\\\/2024\\\/12\\\/28\\\/unipersen-genel-baskani-guzel-universite-idari-personelinin-tayin-sorunu-cozum-bulana-kadar-mucadelemiz-devam-edecek-2\\\/\",\"url\":\"https:\\\/\\\/memurunsesi.net\\\/index.php\\\/2024\\\/12\\\/28\\\/unipersen-genel-baskani-guzel-universite-idari-personelinin-tayin-sorunu-cozum-bulana-kadar-mucadelemiz-devam-edecek-2\\\/\",\"name\":\"\u00dcN\u0130PERSEN Genel Ba\u015fkan\u0131 G\u00fczel: \u201c\u00dcniversite idari personelinin tayin sorunu \u00e7\u00f6z\u00fcm bulana kadar m\u00fccadelemiz devam edecek\u201d - Memurun Sesi\",\"isPartOf\":{\"@id\":\"https:\\\/\\\/memurunsesi.net\\\/#website\"},\"datePublished\":\"2024-12-28T11:51:45+00:00\",\"dateModified\":\"2024-12-28T11:53:47+00:00\",\"breadcrumb\":{\"@id\":\"https:\\\/\\\/memurunsesi.net\\\/index.php\\\/2024\\\/12\\\/28\\\/unipersen-genel-baskani-guzel-universite-idari-personelinin-tayin-sorunu-cozum-bulana-kadar-mucadelemiz-devam-edecek-2\\\/#breadcrumb\"},\"inLanguage\":\"tr\",\"potentialAction\":[{\"@type\":\"ReadAction\",\"target\":[\"https:\\\/\\\/memurunsesi.net\\\/index.php\\\/2024\\\/12\\\/28\\\/unipersen-genel-baskani-guzel-universite-idari-personelinin-tayin-sorunu-cozum-bulana-kadar-mucadelemiz-devam-edecek-2\\\/\"]}]},{\"@type\":\"BreadcrumbList\",\"@id\":\"https:\\\/\\\/memurunsesi.net\\\/index.php\\\/2024\\\/12\\\/28\\\/unipersen-genel-baskani-guzel-universite-idari-personelinin-tayin-sorunu-cozum-bulana-kadar-mucadelemiz-devam-edecek-2\\\/#breadcrumb\",\"itemListElement\":[{\"@type\":\"ListItem\",\"position\":1,\"name\":\"Anasayfa\",\"item\":\"https:\\\/\\\/memurunsesi.net\\\/\"},{\"@type\":\"ListItem\",\"position\":2,\"name\":\"\u00dcN\u0130PERSEN Genel Ba\u015fkan\u0131 G\u00fczel: \u201c\u00dcniversite idari personelinin tayin sorunu \u00e7\u00f6z\u00fcm bulana kadar m\u00fccadelemiz devam edecek\u201d\"}]},{\"@type\":\"WebSite\",\"@id\":\"https:\\\/\\\/memurunsesi.net\\\/#website\",\"url\":\"https:\\\/\\\/memurunsesi.net\\\/\",\"name\":\"Memurun Sesi\",\"description\":\"G\u00fcncel ve Do\u011fru Haber\",\"publisher\":{\"@id\":\"https:\\\/\\\/memurunsesi.net\\\/#organization\"},\"potentialAction\":[{\"@type\":\"SearchAction\",\"target\":{\"@type\":\"EntryPoint\",\"urlTemplate\":\"https:\\\/\\\/memurunsesi.net\\\/?s={search_term_string}\"},\"query-input\":{\"@type\":\"PropertyValueSpecification\",\"valueRequired\":true,\"valueName\":\"search_term_string\"}}],\"inLanguage\":\"tr\"},{\"@type\":\"Organization\",\"@id\":\"https:\\\/\\\/memurunsesi.net\\\/#organization\",\"name\":\"Memurun Sesi\",\"url\":\"https:\\\/\\\/memurunsesi.net\\\/\",\"logo\":{\"@type\":\"ImageObject\",\"inLanguage\":\"tr\",\"@id\":\"https:\\\/\\\/memurunsesi.net\\\/#\\\/schema\\\/logo\\\/image\\\/\",\"url\":\"https:\\\/\\\/memurunsesi.net\\\/wp-content\\\/uploads\\\/2025\\\/11\\\/cropped-MEMURUN-SESI.png\",\"contentUrl\":\"https:\\\/\\\/memurunsesi.net\\\/wp-content\\\/uploads\\\/2025\\\/11\\\/cropped-MEMURUN-SESI.png\",\"width\":238,\"height\":57,\"caption\":\"Memurun Sesi\"},\"image\":{\"@id\":\"https:\\\/\\\/memurunsesi.net\\\/#\\\/schema\\\/logo\\\/image\\\/\"},\"sameAs\":[\"https:\\\/\\\/www.facebook.com\\\/unipersen\\\/?locale=tr_TR\",\"https:\\\/\\\/x.com\\\/unipersen\"]},{\"@type\":\"Person\",\"@id\":\"https:\\\/\\\/memurunsesi.net\\\/#\\\/schema\\\/person\\\/f21c2d73b89f6ee1d80b0a1803e38587\",\"name\":\"Memurun Sesi Haber Merkezi\",\"image\":{\"@type\":\"ImageObject\",\"inLanguage\":\"tr\",\"@id\":\"https:\\\/\\\/secure.gravatar.com\\\/avatar\\\/6cf0505f452ee753f485014986fab09a434671d2b919ee76fc541025c5876a70?s=96&d=mm&r=g\",\"url\":\"https:\\\/\\\/secure.gravatar.com\\\/avatar\\\/6cf0505f452ee753f485014986fab09a434671d2b919ee76fc541025c5876a70?s=96&d=mm&r=g\",\"contentUrl\":\"https:\\\/\\\/secure.gravatar.com\\\/avatar\\\/6cf0505f452ee753f485014986fab09a434671d2b919ee76fc541025c5876a70?s=96&d=mm&r=g\",\"caption\":\"Memurun Sesi Haber Merkezi\"},\"sameAs\":[\"https:\\\/\\\/memurunsesi.net\"],\"url\":\"https:\\\/\\\/memurunsesi.net\\\/index.php\\\/author\\\/uniper\\\/\"}]}<\/script>\n<!-- \/ Yoast SEO plugin. -->","yoast_head_json":{"title":"\u00dcN\u0130PERSEN Genel Ba\u015fkan\u0131 G\u00fczel: \u201c\u00dcniversite idari personelinin tayin sorunu \u00e7\u00f6z\u00fcm bulana kadar m\u00fccadelemiz devam edecek\u201d - Memurun Sesi","robots":{"index":"index","follow":"follow","max-snippet":"max-snippet:-1","max-image-preview":"max-image-preview:large","max-video-preview":"max-video-preview:-1"},"canonical":"https:\/\/memurunsesi.net\/index.php\/2024\/12\/28\/unipersen-genel-baskani-guzel-universite-idari-personelinin-tayin-sorunu-cozum-bulana-kadar-mucadelemiz-devam-edecek-2\/","og_locale":"tr_TR","og_type":"article","og_title":"\u00dcN\u0130PERSEN Genel Ba\u015fkan\u0131 G\u00fczel: \u201c\u00dcniversite idari personelinin tayin sorunu \u00e7\u00f6z\u00fcm bulana kadar m\u00fccadelemiz devam edecek\u201d - Memurun Sesi","og_description":"ANKARA (\u0130HA) &#8211; \u00dcniversite \u0130dari Personel Sendikas\u0131 (\u00dcN\u0130PERSEN) Genel Ba\u015fkan\u0131 \u0130brahim G\u00fczel, \u201c\u00dcniversite idari personelinin tayin sorunu \u00e7\u00f6z\u00fcm bulana kadar m\u00fccadelemiz devam edecek\u201d dedi. \u00dcN\u0130PERSEN ve Kamu Birli\u011fi Konfederasyonu&#8217;na ba\u011fl\u0131 sendika \u00fcyeleri, \u00c7al\u0131\u015fma ve Sosyal G\u00fcvenlik Bakanl\u0131\u011f\u0131 \u00f6n\u00fcnde ortak bas\u0131n a\u00e7\u0131klamas\u0131 d\u00fczenledi. \u00dcN\u0130PERSEN Genel Ba\u015fkan\u0131 \u0130brahim G\u00fczel, yapt\u0131\u011f\u0131 a\u00e7\u0131klamada \u00fcniversite idari personeline tayin hakk\u0131 sa\u011flanmas\u0131 [&hellip;]","og_url":"https:\/\/memurunsesi.net\/index.php\/2024\/12\/28\/unipersen-genel-baskani-guzel-universite-idari-personelinin-tayin-sorunu-cozum-bulana-kadar-mucadelemiz-devam-edecek-2\/","og_site_name":"Memurun Sesi","article_publisher":"https:\/\/www.facebook.com\/unipersen\/?locale=tr_TR","article_published_time":"2024-12-28T11:51:45+00:00","article_modified_time":"2024-12-28T11:53:47+00:00","author":"Memurun Sesi Haber Merkezi","twitter_card":"summary_large_image","twitter_creator":"@unipersen","twitter_site":"@unipersen","twitter_misc":{"Yazan:":"Memurun Sesi Haber Merkezi","Tahmini okuma s\u00fcresi":"2 dakika"},"schema":{"@context":"https:\/\/schema.org","@graph":[{"@type":"Article","@id":"https:\/\/memurunsesi.net\/index.php\/2024\/12\/28\/unipersen-genel-baskani-guzel-universite-idari-personelinin-tayin-sorunu-cozum-bulana-kadar-mucadelemiz-devam-edecek-2\/#article","isPartOf":{"@id":"https:\/\/memurunsesi.net\/index.php\/2024\/12\/28\/unipersen-genel-baskani-guzel-universite-idari-personelinin-tayin-sorunu-cozum-bulana-kadar-mucadelemiz-devam-edecek-2\/"},"author":{"name":"Memurun Sesi Haber Merkezi","@id":"https:\/\/memurunsesi.net\/#\/schema\/person\/f21c2d73b89f6ee1d80b0a1803e38587"},"headline":"\u00dcN\u0130PERSEN Genel Ba\u015fkan\u0131 G\u00fczel: \u201c\u00dcniversite idari personelinin tayin sorunu \u00e7\u00f6z\u00fcm bulana kadar m\u00fccadelemiz devam edecek\u201d","datePublished":"2024-12-28T11:51:45+00:00","dateModified":"2024-12-28T11:53:47+00:00","mainEntityOfPage":{"@id":"https:\/\/memurunsesi.net\/index.php\/2024\/12\/28\/unipersen-genel-baskani-guzel-universite-idari-personelinin-tayin-sorunu-cozum-bulana-kadar-mucadelemiz-devam-edecek-2\/"},"wordCount":475,"commentCount":0,"publisher":{"@id":"https:\/\/memurunsesi.net\/#organization"},"articleSection":{"1":"G\u00fcndem"},"inLanguage":"tr","potentialAction":[{"@type":"CommentAction","name":"Comment","target":["https:\/\/memurunsesi.net\/index.php\/2024\/12\/28\/unipersen-genel-baskani-guzel-universite-idari-personelinin-tayin-sorunu-cozum-bulana-kadar-mucadelemiz-devam-edecek-2\/#respond"]}]},{"@type":"WebPage","@id":"https:\/\/memurunsesi.net\/index.php\/2024\/12\/28\/unipersen-genel-baskani-guzel-universite-idari-personelinin-tayin-sorunu-cozum-bulana-kadar-mucadelemiz-devam-edecek-2\/","url":"https:\/\/memurunsesi.net\/index.php\/2024\/12\/28\/unipersen-genel-baskani-guzel-universite-idari-personelinin-tayin-sorunu-cozum-bulana-kadar-mucadelemiz-devam-edecek-2\/","name":"\u00dcN\u0130PERSEN Genel Ba\u015fkan\u0131 G\u00fczel: \u201c\u00dcniversite idari personelinin tayin sorunu \u00e7\u00f6z\u00fcm bulana kadar m\u00fccadelemiz devam edecek\u201d - Memurun Sesi","isPartOf":{"@id":"https:\/\/memurunsesi.net\/#website"},"datePublished":"2024-12-28T11:51:45+00:00","dateModified":"2024-12-28T11:53:47+00:00","breadcrumb":{"@id":"https:\/\/memurunsesi.net\/index.php\/2024\/12\/28\/unipersen-genel-baskani-guzel-universite-idari-personelinin-tayin-sorunu-cozum-bulana-kadar-mucadelemiz-devam-edecek-2\/#breadcrumb"},"inLanguage":"tr","potentialAction":[{"@type":"ReadAction","target":["https:\/\/memurunsesi.net\/index.php\/2024\/12\/28\/unipersen-genel-baskani-guzel-universite-idari-personelinin-tayin-sorunu-cozum-bulana-kadar-mucadelemiz-devam-edecek-2\/"]}]},{"@type":"BreadcrumbList","@id":"https:\/\/memurunsesi.net\/index.php\/2024\/12\/28\/unipersen-genel-baskani-guzel-universite-idari-personelinin-tayin-sorunu-cozum-bulana-kadar-mucadelemiz-devam-edecek-2\/#breadcrumb","itemListElement":[{"@type":"ListItem","position":1,"name":"Anasayfa","item":"https:\/\/memurunsesi.net\/"},{"@type":"ListItem","position":2,"name":"\u00dcN\u0130PERSEN Genel Ba\u015fkan\u0131 G\u00fczel: \u201c\u00dcniversite idari personelinin tayin sorunu \u00e7\u00f6z\u00fcm bulana kadar m\u00fccadelemiz devam edecek\u201d"}]},{"@type":"WebSite","@id":"https:\/\/memurunsesi.net\/#website","url":"https:\/\/memurunsesi.net\/","name":"Memurun Sesi","description":"G\u00fcncel ve Do\u011fru Haber","publisher":{"@id":"https:\/\/memurunsesi.net\/#organization"},"potentialAction":[{"@type":"SearchAction","target":{"@type":"EntryPoint","urlTemplate":"https:\/\/memurunsesi.net\/?s={search_term_string}"},"query-input":{"@type":"PropertyValueSpecification","valueRequired":true,"valueName":"search_term_string"}}],"inLanguage":"tr"},{"@type":"Organization","@id":"https:\/\/memurunsesi.net\/#organization","name":"Memurun Sesi","url":"https:\/\/memurunsesi.net\/","logo":{"@type":"ImageObject","inLanguage":"tr","@id":"https:\/\/memurunsesi.net\/#\/schema\/logo\/image\/","url":"https:\/\/memurunsesi.net\/wp-content\/uploads\/2025\/11\/cropped-MEMURUN-SESI.png","contentUrl":"https:\/\/memurunsesi.net\/wp-content\/uploads\/2025\/11\/cropped-MEMURUN-SESI.png","width":238,"height":57,"caption":"Memurun Sesi"},"image":{"@id":"https:\/\/memurunsesi.net\/#\/schema\/logo\/image\/"},"sameAs":["https:\/\/www.facebook.com\/unipersen\/?locale=tr_TR","https:\/\/x.com\/unipersen"]},{"@type":"Person","@id":"https:\/\/memurunsesi.net\/#\/schema\/person\/f21c2d73b89f6ee1d80b0a1803e38587","name":"Memurun Sesi Haber Merkezi","image":{"@type":"ImageObject","inLanguage":"tr","@id":"https:\/\/secure.gravatar.com\/avatar\/6cf0505f452ee753f485014986fab09a434671d2b919ee76fc541025c5876a70?s=96&d=mm&r=g","url":"https:\/\/secure.gravatar.com\/avatar\/6cf0505f452ee753f485014986fab09a434671d2b919ee76fc541025c5876a70?s=96&d=mm&r=g","contentUrl":"https:\/\/secure.gravatar.com\/avatar\/6cf0505f452ee753f485014986fab09a434671d2b919ee76fc541025c5876a70?s=96&d=mm&r=g","caption":"Memurun Sesi Haber Merkezi"},"sameAs":["https:\/\/memurunsesi.net"],"url":"https:\/\/memurunsesi.net\/index.php\/author\/uniper\/"}]}},"_links":{"self":[{"href":"https:\/\/memurunsesi.net\/index.php\/wp-json\/wp\/v2\/posts\/3703","targetHints":{"allow":["GET"]}}],"collection":[{"href":"https:\/\/memurunsesi.net\/index.php\/wp-json\/wp\/v2\/posts"}],"about":[{"href":"https:\/\/memurunsesi.net\/index.php\/wp-json\/wp\/v2\/types\/post"}],"author":[{"embeddable":true,"href":"https:\/\/memurunsesi.net\/index.php\/wp-json\/wp\/v2\/users\/1"}],"replies":[{"embeddable":true,"href":"https:\/\/memurunsesi.net\/index.php\/wp-json\/wp\/v2\/comments?post=3703"}],"version-history":[{"count":1,"href":"https:\/\/memurunsesi.net\/index.php\/wp-json\/wp\/v2\/posts\/3703\/revisions"}],"predecessor-version":[{"id":3704,"href":"https:\/\/memurunsesi.net\/index.php\/wp-json\/wp\/v2\/posts\/3703\/revisions\/3704"}],"wp:attachment":[{"href":"https:\/\/memurunsesi.net\/index.php\/wp-json\/wp\/v2\/media?parent=3703"}],"wp:term":[{"taxonomy":"category","embeddable":true,"href":"https:\/\/memurunsesi.net\/index.php\/wp-json\/wp\/v2\/categories?post=3703"},{"taxonomy":"post_tag","embeddable":true,"href":"https:\/\/memurunsesi.net\/index.php\/wp-json\/wp\/v2\/tags?post=3703"}],"curies":[{"name":"wp","href":"https:\/\/api.w.org\/{rel}","templated":true}]}}