{"id":3844,"date":"2025-03-02T14:24:14","date_gmt":"2025-03-02T11:24:14","guid":{"rendered":"https:\/\/memurunsesi.net\/?p=3844"},"modified":"2025-03-02T14:24:14","modified_gmt":"2025-03-02T11:24:14","slug":"egitim-gucu-senden-hukuk-zaferi-toplu-sozlesme-tazminati-davasini-kazandik","status":"publish","type":"post","link":"https:\/\/memurunsesi.net\/index.php\/2025\/03\/02\/egitim-gucu-senden-hukuk-zaferi-toplu-sozlesme-tazminati-davasini-kazandik\/","title":{"rendered":"E\u011fitim G\u00fcc\u00fc Sen\u2019den hukuk zaferi: &#8220;Toplu s\u00f6zle\u015fme tazminat\u0131 davas\u0131n\u0131 kazand\u0131k&#8221;"},"content":{"rendered":"<p>\n  Geriye d\u00f6n\u00fck toplu s\u00f6zle\u015fme tazminat\u0131n\u0131n \u00f6denmesi konusunda \u00c7al\u0131\u015fma ve Sosyal G\u00fcvenlik Bakanl\u0131\u011f\u0131\u2019na \u00e7a\u011fr\u0131<br \/>\n E\u011fitim ve Bilim G\u00fcc\u00fc Dayan\u0131\u015fmas\u0131 Sendikas\u0131, toplu s\u00f6zle\u015fme ikramiyelerinin 2024 y\u0131l\u0131 Ocak ay\u0131na kadar tam \u00f6denmesi talebiyle yapt\u0131\u011f\u0131 ba\u015fvurusu reddedilen \u00fcyeleri ad\u0131na a\u00e7t\u0131klar\u0131 davay\u0131 kazand\u0131klar\u0131n\u0131 a\u00e7\u0131klad\u0131.<br \/>\n  Sendika&#8217;dan yap\u0131lan a\u00e7\u0131klamada, Denizli 1. \u0130dare Mahkemesi\u2019nin 2023\/649 Esas No\u2019lu karar\u0131nda, Anayasa Mahkemesi\u2019nin y\u00fczde iki baraj\u0131na ili\u015fkin iptal karar\u0131 dikkate al\u0131narak \u015fu ifadelerle h\u00fck\u00fcm kuruldu\u011fu kaydedildi:<br \/>\n  &#8220;Bu durumda, dava konusu i\u015flemin dayana\u011f\u0131n\u0131 olu\u015fturan kanun h\u00fckm\u00fcn\u00fcn Anayasa Mahkemesi taraf\u0131ndan iptal edildi\u011fi ve bu karar\u0131n 05\/03\/2024 tarihinde Resmi Gazete\u2019de yay\u0131mlanarak y\u00fcr\u00fcrl\u00fc\u011fe girdi\u011fi anla\u015f\u0131ld\u0131\u011f\u0131ndan; Anayasa Mahkemesi kararlar\u0131n\u0131n ba\u011flay\u0131c\u0131l\u0131\u011f\u0131, g\u00f6r\u00fclmekte olan davan\u0131n Anayasa\u2019ya ayk\u0131r\u0131l\u0131\u011f\u0131 belirlenmi\u015f h\u00fck\u00fcmlere dayan\u0131larak \u00e7\u00f6z\u00fcmlenmesinin Anayasa\u2019n\u0131n \u00fcst\u00fcnl\u00fc\u011f\u00fc ve hukuk devleti ilkesine ayk\u0131r\u0131 olaca\u011f\u0131 hususlar\u0131 g\u00f6zetilerek dayana\u011f\u0131 ortadan kalkan dava konusu i\u015flemde hukuka uygunluk bulunmad\u0131\u011f\u0131 sonucuna var\u0131lm\u0131\u015ft\u0131r. &#8221;<br \/>\n  Ayr\u0131ca, mahkeme karar\u0131nda, davac\u0131n\u0131n talebi do\u011frultusunda \u00f6denmesi gereken 1.989,54 TL tutar\u0131ndaki toplu s\u00f6zle\u015fme tazminat\u0131 fark\u0131n\u0131n hukuka uygun olarak \u00f6denmesi gerekti\u011fi kesin olarak karara ba\u011fland\u0131\u011f\u0131 belirtilerek, &#8220;\u0130stinaf yolu kapal\u0131 olan bu karar, benzer durumda olan t\u00fcm kamu \u00e7al\u0131\u015fanlar\u0131 i\u00e7in emsal niteli\u011fi ta\u015f\u0131maktad\u0131r&#8221; denildi.<br \/>\n  A\u00e7\u0131klama \u015f\u00f6yle devam etti:<br \/>\n  &#8220;Anayasa Mahkemesi\u2019nin iptal etti\u011fi y\u00fczde iki baraj\u0131 nedeniyle toplu s\u00f6zle\u015fme tazminat\u0131ndan mahrum b\u0131rak\u0131lan t\u00fcm kamu \u00e7al\u0131\u015fanlar\u0131n\u0131n ge\u00e7mi\u015f d\u00f6nemlerde alamad\u0131\u011f\u0131 tazminatlar\u0131n \u00f6denmesi i\u00e7in hukuki s\u00fcre\u00e7ler devam etmektedir. Dan\u0131\u015ftay\u2019da a\u00e7\u0131lan davalar, t\u00fcm ma\u011fdurlar\u0131n haklar\u0131n\u0131n teslim edilmesi i\u00e7in genel bir \u00e7\u00f6z\u00fcm getirilip getirilmeyece\u011fi konusunda belirleyici olacakt\u0131r. Bu s\u00fcre\u00e7, bireysel davalara gerek kalmadan herkesin hakk\u0131n\u0131 alabilmesi a\u00e7\u0131s\u0131ndan kritik \u00f6neme sahiptir ve sendika olarak s\u00fcreci titizlikle takip etmekteyiz.<br \/>\n  E\u011fitim G\u00fcc\u00fc Sen olarak \u00c7al\u0131\u015fma ve Sosyal G\u00fcvenlik Bakanl\u0131\u011f\u0131\u2019na a\u00e7\u0131k bir \u00e7a\u011fr\u0131da bulunuyoruz:<br \/>\n  Anayasa Mahkemesi\u2019nin iptal karar\u0131 do\u011frultusunda, yeni bir hukuki s\u00fcrece gerek kalmadan t\u00fcm ma\u011fdur e\u011fitim \u00e7al\u0131\u015fanlar\u0131n\u0131n ge\u00e7mi\u015f d\u00f6nemlerde \u00f6denmeyen toplu s\u00f6zle\u015fme tazminatlar\u0131 \u00f6denmelidir.<br \/>\n  Her bir kamu \u00e7al\u0131\u015fan\u0131n\u0131n ayr\u0131 ayr\u0131 dava a\u00e7maya zorlanmas\u0131, kamu zarar\u0131na ve gereksiz b\u00fcrokratik i\u015f y\u00fck\u00fcne neden olmaktad\u0131r.<br \/>\n  Bakanl\u0131k, mahkeme kararlar\u0131n\u0131 emsal kabul ederek, ma\u011fduriyetleri toplu \u015fekilde gidermeli ve kamu \u00e7al\u0131\u015fanlar\u0131n\u0131n hakk\u0131n\u0131 teslim etmelidir.<br \/>\n  E\u011fitim ve Bilim G\u00fcc\u00fc Dayan\u0131\u015fmas\u0131 Sendikas\u0131 olarak, b\u00fct\u00fcn e\u011fitim \u00e7al\u0131\u015fanlar\u0131n\u0131n mali ve \u00f6zl\u00fck haklar\u0131n\u0131 savunmaya devam edece\u011fimizi ve Dan\u0131\u015ftay s\u00fcreci de dahil olmak \u00fczere t\u00fcm hukuki yollar\u0131 sonuna kadar takip edece\u011fimizi kamuoyuna sayg\u0131yla duyururuz.&#8221; <\/p>\n<p>1.03.2025                           <\/p>\n","protected":false},"excerpt":{"rendered":"<p>Geriye d\u00f6n\u00fck toplu s\u00f6zle\u015fme tazminat\u0131n\u0131n \u00f6denmesi konusunda \u00c7al\u0131\u015fma ve Sosyal G\u00fcvenlik Bakanl\u0131\u011f\u0131\u2019na \u00e7a\u011fr\u0131 E\u011fitim ve Bilim G\u00fcc\u00fc Dayan\u0131\u015fmas\u0131 Sendikas\u0131, toplu s\u00f6zle\u015fme ikramiyelerinin 2024 y\u0131l\u0131 Ocak ay\u0131na kadar tam \u00f6denmesi talebiyle yapt\u0131\u011f\u0131 ba\u015fvurusu reddedilen \u00fcyeleri ad\u0131na a\u00e7t\u0131klar\u0131 davay\u0131 kazand\u0131klar\u0131n\u0131 a\u00e7\u0131klad\u0131. Sendika&#8217;dan yap\u0131lan a\u00e7\u0131klamada, Denizli 1. \u0130dare Mahkemesi\u2019nin 2023\/649 Esas No\u2019lu karar\u0131nda, Anayasa Mahkemesi\u2019nin y\u00fczde iki baraj\u0131na [&hellip;]<\/p>\n","protected":false},"author":1,"featured_media":0,"comment_status":"open","ping_status":"open","sticky":false,"template":"","format":"standard","meta":{"footnotes":""},"categories":[45],"tags":[],"class_list":["post-3844","post","type-post","status-publish","format-standard","hentry","category-gundem"],"yoast_head":"<!-- This site is optimized with the Yoast SEO plugin v27.4 - https:\/\/yoast.com\/product\/yoast-seo-wordpress\/ -->\n<title>E\u011fitim G\u00fcc\u00fc Sen\u2019den hukuk zaferi: &quot;Toplu s\u00f6zle\u015fme tazminat\u0131 davas\u0131n\u0131 kazand\u0131k&quot; - Memurun Sesi<\/title>\n<meta name=\"robots\" content=\"index, follow, max-snippet:-1, max-image-preview:large, max-video-preview:-1\" \/>\n<link rel=\"canonical\" href=\"https:\/\/memurunsesi.net\/index.php\/2025\/03\/02\/egitim-gucu-senden-hukuk-zaferi-toplu-sozlesme-tazminati-davasini-kazandik\/\" \/>\n<meta property=\"og:locale\" content=\"tr_TR\" \/>\n<meta property=\"og:type\" content=\"article\" \/>\n<meta property=\"og:title\" content=\"E\u011fitim G\u00fcc\u00fc Sen\u2019den hukuk zaferi: &quot;Toplu s\u00f6zle\u015fme tazminat\u0131 davas\u0131n\u0131 kazand\u0131k&quot; - Memurun Sesi\" \/>\n<meta property=\"og:description\" content=\"Geriye d\u00f6n\u00fck toplu s\u00f6zle\u015fme tazminat\u0131n\u0131n \u00f6denmesi konusunda \u00c7al\u0131\u015fma ve Sosyal G\u00fcvenlik Bakanl\u0131\u011f\u0131\u2019na \u00e7a\u011fr\u0131 E\u011fitim ve Bilim G\u00fcc\u00fc Dayan\u0131\u015fmas\u0131 Sendikas\u0131, toplu s\u00f6zle\u015fme ikramiyelerinin 2024 y\u0131l\u0131 Ocak ay\u0131na kadar tam \u00f6denmesi talebiyle yapt\u0131\u011f\u0131 ba\u015fvurusu reddedilen \u00fcyeleri ad\u0131na a\u00e7t\u0131klar\u0131 davay\u0131 kazand\u0131klar\u0131n\u0131 a\u00e7\u0131klad\u0131. Sendika&#8217;dan yap\u0131lan a\u00e7\u0131klamada, Denizli 1. \u0130dare Mahkemesi\u2019nin 2023\/649 Esas No\u2019lu karar\u0131nda, Anayasa Mahkemesi\u2019nin y\u00fczde iki baraj\u0131na [&hellip;]\" \/>\n<meta property=\"og:url\" content=\"https:\/\/memurunsesi.net\/index.php\/2025\/03\/02\/egitim-gucu-senden-hukuk-zaferi-toplu-sozlesme-tazminati-davasini-kazandik\/\" \/>\n<meta property=\"og:site_name\" content=\"Memurun Sesi\" \/>\n<meta property=\"article:publisher\" content=\"https:\/\/www.facebook.com\/unipersen\/?locale=tr_TR\" \/>\n<meta property=\"article:published_time\" content=\"2025-03-02T11:24:14+00:00\" \/>\n<meta name=\"author\" content=\"Memurun Sesi Haber Merkezi\" \/>\n<meta name=\"twitter:card\" content=\"summary_large_image\" \/>\n<meta name=\"twitter:creator\" content=\"@unipersen\" \/>\n<meta name=\"twitter:site\" content=\"@unipersen\" \/>\n<meta name=\"twitter:label1\" content=\"Yazan:\" \/>\n\t<meta name=\"twitter:data1\" content=\"Memurun Sesi Haber Merkezi\" \/>\n\t<meta name=\"twitter:label2\" content=\"Tahmini okuma s\u00fcresi\" \/>\n\t<meta name=\"twitter:data2\" content=\"3 dakika\" \/>\n<script type=\"application\/ld+json\" class=\"yoast-schema-graph\">{\"@context\":\"https:\\\/\\\/schema.org\",\"@graph\":[{\"@type\":\"Article\",\"@id\":\"https:\\\/\\\/memurunsesi.net\\\/index.php\\\/2025\\\/03\\\/02\\\/egitim-gucu-senden-hukuk-zaferi-toplu-sozlesme-tazminati-davasini-kazandik\\\/#article\",\"isPartOf\":{\"@id\":\"https:\\\/\\\/memurunsesi.net\\\/index.php\\\/2025\\\/03\\\/02\\\/egitim-gucu-senden-hukuk-zaferi-toplu-sozlesme-tazminati-davasini-kazandik\\\/\"},\"author\":{\"name\":\"Memurun Sesi Haber Merkezi\",\"@id\":\"https:\\\/\\\/memurunsesi.net\\\/#\\\/schema\\\/person\\\/f21c2d73b89f6ee1d80b0a1803e38587\"},\"headline\":\"E\u011fitim G\u00fcc\u00fc Sen\u2019den hukuk zaferi: &#8220;Toplu s\u00f6zle\u015fme tazminat\u0131 davas\u0131n\u0131 kazand\u0131k&#8221;\",\"datePublished\":\"2025-03-02T11:24:14+00:00\",\"mainEntityOfPage\":{\"@id\":\"https:\\\/\\\/memurunsesi.net\\\/index.php\\\/2025\\\/03\\\/02\\\/egitim-gucu-senden-hukuk-zaferi-toplu-sozlesme-tazminati-davasini-kazandik\\\/\"},\"wordCount\":535,\"commentCount\":0,\"publisher\":{\"@id\":\"https:\\\/\\\/memurunsesi.net\\\/#organization\"},\"articleSection\":[\"G\u00fcndem\"],\"inLanguage\":\"tr\",\"potentialAction\":[{\"@type\":\"CommentAction\",\"name\":\"Comment\",\"target\":[\"https:\\\/\\\/memurunsesi.net\\\/index.php\\\/2025\\\/03\\\/02\\\/egitim-gucu-senden-hukuk-zaferi-toplu-sozlesme-tazminati-davasini-kazandik\\\/#respond\"]}]},{\"@type\":\"WebPage\",\"@id\":\"https:\\\/\\\/memurunsesi.net\\\/index.php\\\/2025\\\/03\\\/02\\\/egitim-gucu-senden-hukuk-zaferi-toplu-sozlesme-tazminati-davasini-kazandik\\\/\",\"url\":\"https:\\\/\\\/memurunsesi.net\\\/index.php\\\/2025\\\/03\\\/02\\\/egitim-gucu-senden-hukuk-zaferi-toplu-sozlesme-tazminati-davasini-kazandik\\\/\",\"name\":\"E\u011fitim G\u00fcc\u00fc Sen\u2019den hukuk zaferi: \\\"Toplu s\u00f6zle\u015fme tazminat\u0131 davas\u0131n\u0131 kazand\u0131k\\\" - Memurun Sesi\",\"isPartOf\":{\"@id\":\"https:\\\/\\\/memurunsesi.net\\\/#website\"},\"datePublished\":\"2025-03-02T11:24:14+00:00\",\"breadcrumb\":{\"@id\":\"https:\\\/\\\/memurunsesi.net\\\/index.php\\\/2025\\\/03\\\/02\\\/egitim-gucu-senden-hukuk-zaferi-toplu-sozlesme-tazminati-davasini-kazandik\\\/#breadcrumb\"},\"inLanguage\":\"tr\",\"potentialAction\":[{\"@type\":\"ReadAction\",\"target\":[\"https:\\\/\\\/memurunsesi.net\\\/index.php\\\/2025\\\/03\\\/02\\\/egitim-gucu-senden-hukuk-zaferi-toplu-sozlesme-tazminati-davasini-kazandik\\\/\"]}]},{\"@type\":\"BreadcrumbList\",\"@id\":\"https:\\\/\\\/memurunsesi.net\\\/index.php\\\/2025\\\/03\\\/02\\\/egitim-gucu-senden-hukuk-zaferi-toplu-sozlesme-tazminati-davasini-kazandik\\\/#breadcrumb\",\"itemListElement\":[{\"@type\":\"ListItem\",\"position\":1,\"name\":\"Anasayfa\",\"item\":\"https:\\\/\\\/memurunsesi.net\\\/\"},{\"@type\":\"ListItem\",\"position\":2,\"name\":\"E\u011fitim G\u00fcc\u00fc Sen\u2019den hukuk zaferi: &#8220;Toplu s\u00f6zle\u015fme tazminat\u0131 davas\u0131n\u0131 kazand\u0131k&#8221;\"}]},{\"@type\":\"WebSite\",\"@id\":\"https:\\\/\\\/memurunsesi.net\\\/#website\",\"url\":\"https:\\\/\\\/memurunsesi.net\\\/\",\"name\":\"Memurun Sesi\",\"description\":\"G\u00fcncel ve Do\u011fru Haber\",\"publisher\":{\"@id\":\"https:\\\/\\\/memurunsesi.net\\\/#organization\"},\"potentialAction\":[{\"@type\":\"SearchAction\",\"target\":{\"@type\":\"EntryPoint\",\"urlTemplate\":\"https:\\\/\\\/memurunsesi.net\\\/?s={search_term_string}\"},\"query-input\":{\"@type\":\"PropertyValueSpecification\",\"valueRequired\":true,\"valueName\":\"search_term_string\"}}],\"inLanguage\":\"tr\"},{\"@type\":\"Organization\",\"@id\":\"https:\\\/\\\/memurunsesi.net\\\/#organization\",\"name\":\"Memurun Sesi\",\"url\":\"https:\\\/\\\/memurunsesi.net\\\/\",\"logo\":{\"@type\":\"ImageObject\",\"inLanguage\":\"tr\",\"@id\":\"https:\\\/\\\/memurunsesi.net\\\/#\\\/schema\\\/logo\\\/image\\\/\",\"url\":\"https:\\\/\\\/memurunsesi.net\\\/wp-content\\\/uploads\\\/2025\\\/11\\\/cropped-MEMURUN-SESI.png\",\"contentUrl\":\"https:\\\/\\\/memurunsesi.net\\\/wp-content\\\/uploads\\\/2025\\\/11\\\/cropped-MEMURUN-SESI.png\",\"width\":238,\"height\":57,\"caption\":\"Memurun Sesi\"},\"image\":{\"@id\":\"https:\\\/\\\/memurunsesi.net\\\/#\\\/schema\\\/logo\\\/image\\\/\"},\"sameAs\":[\"https:\\\/\\\/www.facebook.com\\\/unipersen\\\/?locale=tr_TR\",\"https:\\\/\\\/x.com\\\/unipersen\"]},{\"@type\":\"Person\",\"@id\":\"https:\\\/\\\/memurunsesi.net\\\/#\\\/schema\\\/person\\\/f21c2d73b89f6ee1d80b0a1803e38587\",\"name\":\"Memurun Sesi Haber Merkezi\",\"image\":{\"@type\":\"ImageObject\",\"inLanguage\":\"tr\",\"@id\":\"https:\\\/\\\/secure.gravatar.com\\\/avatar\\\/6cf0505f452ee753f485014986fab09a434671d2b919ee76fc541025c5876a70?s=96&d=mm&r=g\",\"url\":\"https:\\\/\\\/secure.gravatar.com\\\/avatar\\\/6cf0505f452ee753f485014986fab09a434671d2b919ee76fc541025c5876a70?s=96&d=mm&r=g\",\"contentUrl\":\"https:\\\/\\\/secure.gravatar.com\\\/avatar\\\/6cf0505f452ee753f485014986fab09a434671d2b919ee76fc541025c5876a70?s=96&d=mm&r=g\",\"caption\":\"Memurun Sesi Haber Merkezi\"},\"sameAs\":[\"https:\\\/\\\/memurunsesi.net\"],\"url\":\"https:\\\/\\\/memurunsesi.net\\\/index.php\\\/author\\\/uniper\\\/\"}]}<\/script>\n<!-- \/ Yoast SEO plugin. -->","yoast_head_json":{"title":"E\u011fitim G\u00fcc\u00fc Sen\u2019den hukuk zaferi: \"Toplu s\u00f6zle\u015fme tazminat\u0131 davas\u0131n\u0131 kazand\u0131k\" - Memurun Sesi","robots":{"index":"index","follow":"follow","max-snippet":"max-snippet:-1","max-image-preview":"max-image-preview:large","max-video-preview":"max-video-preview:-1"},"canonical":"https:\/\/memurunsesi.net\/index.php\/2025\/03\/02\/egitim-gucu-senden-hukuk-zaferi-toplu-sozlesme-tazminati-davasini-kazandik\/","og_locale":"tr_TR","og_type":"article","og_title":"E\u011fitim G\u00fcc\u00fc Sen\u2019den hukuk zaferi: \"Toplu s\u00f6zle\u015fme tazminat\u0131 davas\u0131n\u0131 kazand\u0131k\" - Memurun Sesi","og_description":"Geriye d\u00f6n\u00fck toplu s\u00f6zle\u015fme tazminat\u0131n\u0131n \u00f6denmesi konusunda \u00c7al\u0131\u015fma ve Sosyal G\u00fcvenlik Bakanl\u0131\u011f\u0131\u2019na \u00e7a\u011fr\u0131 E\u011fitim ve Bilim G\u00fcc\u00fc Dayan\u0131\u015fmas\u0131 Sendikas\u0131, toplu s\u00f6zle\u015fme ikramiyelerinin 2024 y\u0131l\u0131 Ocak ay\u0131na kadar tam \u00f6denmesi talebiyle yapt\u0131\u011f\u0131 ba\u015fvurusu reddedilen \u00fcyeleri ad\u0131na a\u00e7t\u0131klar\u0131 davay\u0131 kazand\u0131klar\u0131n\u0131 a\u00e7\u0131klad\u0131. Sendika&#8217;dan yap\u0131lan a\u00e7\u0131klamada, Denizli 1. \u0130dare Mahkemesi\u2019nin 2023\/649 Esas No\u2019lu karar\u0131nda, Anayasa Mahkemesi\u2019nin y\u00fczde iki baraj\u0131na [&hellip;]","og_url":"https:\/\/memurunsesi.net\/index.php\/2025\/03\/02\/egitim-gucu-senden-hukuk-zaferi-toplu-sozlesme-tazminati-davasini-kazandik\/","og_site_name":"Memurun Sesi","article_publisher":"https:\/\/www.facebook.com\/unipersen\/?locale=tr_TR","article_published_time":"2025-03-02T11:24:14+00:00","author":"Memurun Sesi Haber Merkezi","twitter_card":"summary_large_image","twitter_creator":"@unipersen","twitter_site":"@unipersen","twitter_misc":{"Yazan:":"Memurun Sesi Haber Merkezi","Tahmini okuma s\u00fcresi":"3 dakika"},"schema":{"@context":"https:\/\/schema.org","@graph":[{"@type":"Article","@id":"https:\/\/memurunsesi.net\/index.php\/2025\/03\/02\/egitim-gucu-senden-hukuk-zaferi-toplu-sozlesme-tazminati-davasini-kazandik\/#article","isPartOf":{"@id":"https:\/\/memurunsesi.net\/index.php\/2025\/03\/02\/egitim-gucu-senden-hukuk-zaferi-toplu-sozlesme-tazminati-davasini-kazandik\/"},"author":{"name":"Memurun Sesi Haber Merkezi","@id":"https:\/\/memurunsesi.net\/#\/schema\/person\/f21c2d73b89f6ee1d80b0a1803e38587"},"headline":"E\u011fitim G\u00fcc\u00fc Sen\u2019den hukuk zaferi: &#8220;Toplu s\u00f6zle\u015fme tazminat\u0131 davas\u0131n\u0131 kazand\u0131k&#8221;","datePublished":"2025-03-02T11:24:14+00:00","mainEntityOfPage":{"@id":"https:\/\/memurunsesi.net\/index.php\/2025\/03\/02\/egitim-gucu-senden-hukuk-zaferi-toplu-sozlesme-tazminati-davasini-kazandik\/"},"wordCount":535,"commentCount":0,"publisher":{"@id":"https:\/\/memurunsesi.net\/#organization"},"articleSection":["G\u00fcndem"],"inLanguage":"tr","potentialAction":[{"@type":"CommentAction","name":"Comment","target":["https:\/\/memurunsesi.net\/index.php\/2025\/03\/02\/egitim-gucu-senden-hukuk-zaferi-toplu-sozlesme-tazminati-davasini-kazandik\/#respond"]}]},{"@type":"WebPage","@id":"https:\/\/memurunsesi.net\/index.php\/2025\/03\/02\/egitim-gucu-senden-hukuk-zaferi-toplu-sozlesme-tazminati-davasini-kazandik\/","url":"https:\/\/memurunsesi.net\/index.php\/2025\/03\/02\/egitim-gucu-senden-hukuk-zaferi-toplu-sozlesme-tazminati-davasini-kazandik\/","name":"E\u011fitim G\u00fcc\u00fc Sen\u2019den hukuk zaferi: \"Toplu s\u00f6zle\u015fme tazminat\u0131 davas\u0131n\u0131 kazand\u0131k\" - Memurun Sesi","isPartOf":{"@id":"https:\/\/memurunsesi.net\/#website"},"datePublished":"2025-03-02T11:24:14+00:00","breadcrumb":{"@id":"https:\/\/memurunsesi.net\/index.php\/2025\/03\/02\/egitim-gucu-senden-hukuk-zaferi-toplu-sozlesme-tazminati-davasini-kazandik\/#breadcrumb"},"inLanguage":"tr","potentialAction":[{"@type":"ReadAction","target":["https:\/\/memurunsesi.net\/index.php\/2025\/03\/02\/egitim-gucu-senden-hukuk-zaferi-toplu-sozlesme-tazminati-davasini-kazandik\/"]}]},{"@type":"BreadcrumbList","@id":"https:\/\/memurunsesi.net\/index.php\/2025\/03\/02\/egitim-gucu-senden-hukuk-zaferi-toplu-sozlesme-tazminati-davasini-kazandik\/#breadcrumb","itemListElement":[{"@type":"ListItem","position":1,"name":"Anasayfa","item":"https:\/\/memurunsesi.net\/"},{"@type":"ListItem","position":2,"name":"E\u011fitim G\u00fcc\u00fc Sen\u2019den hukuk zaferi: &#8220;Toplu s\u00f6zle\u015fme tazminat\u0131 davas\u0131n\u0131 kazand\u0131k&#8221;"}]},{"@type":"WebSite","@id":"https:\/\/memurunsesi.net\/#website","url":"https:\/\/memurunsesi.net\/","name":"Memurun Sesi","description":"G\u00fcncel ve Do\u011fru Haber","publisher":{"@id":"https:\/\/memurunsesi.net\/#organization"},"potentialAction":[{"@type":"SearchAction","target":{"@type":"EntryPoint","urlTemplate":"https:\/\/memurunsesi.net\/?s={search_term_string}"},"query-input":{"@type":"PropertyValueSpecification","valueRequired":true,"valueName":"search_term_string"}}],"inLanguage":"tr"},{"@type":"Organization","@id":"https:\/\/memurunsesi.net\/#organization","name":"Memurun Sesi","url":"https:\/\/memurunsesi.net\/","logo":{"@type":"ImageObject","inLanguage":"tr","@id":"https:\/\/memurunsesi.net\/#\/schema\/logo\/image\/","url":"https:\/\/memurunsesi.net\/wp-content\/uploads\/2025\/11\/cropped-MEMURUN-SESI.png","contentUrl":"https:\/\/memurunsesi.net\/wp-content\/uploads\/2025\/11\/cropped-MEMURUN-SESI.png","width":238,"height":57,"caption":"Memurun Sesi"},"image":{"@id":"https:\/\/memurunsesi.net\/#\/schema\/logo\/image\/"},"sameAs":["https:\/\/www.facebook.com\/unipersen\/?locale=tr_TR","https:\/\/x.com\/unipersen"]},{"@type":"Person","@id":"https:\/\/memurunsesi.net\/#\/schema\/person\/f21c2d73b89f6ee1d80b0a1803e38587","name":"Memurun Sesi Haber Merkezi","image":{"@type":"ImageObject","inLanguage":"tr","@id":"https:\/\/secure.gravatar.com\/avatar\/6cf0505f452ee753f485014986fab09a434671d2b919ee76fc541025c5876a70?s=96&d=mm&r=g","url":"https:\/\/secure.gravatar.com\/avatar\/6cf0505f452ee753f485014986fab09a434671d2b919ee76fc541025c5876a70?s=96&d=mm&r=g","contentUrl":"https:\/\/secure.gravatar.com\/avatar\/6cf0505f452ee753f485014986fab09a434671d2b919ee76fc541025c5876a70?s=96&d=mm&r=g","caption":"Memurun Sesi Haber Merkezi"},"sameAs":["https:\/\/memurunsesi.net"],"url":"https:\/\/memurunsesi.net\/index.php\/author\/uniper\/"}]}},"_links":{"self":[{"href":"https:\/\/memurunsesi.net\/index.php\/wp-json\/wp\/v2\/posts\/3844","targetHints":{"allow":["GET"]}}],"collection":[{"href":"https:\/\/memurunsesi.net\/index.php\/wp-json\/wp\/v2\/posts"}],"about":[{"href":"https:\/\/memurunsesi.net\/index.php\/wp-json\/wp\/v2\/types\/post"}],"author":[{"embeddable":true,"href":"https:\/\/memurunsesi.net\/index.php\/wp-json\/wp\/v2\/users\/1"}],"replies":[{"embeddable":true,"href":"https:\/\/memurunsesi.net\/index.php\/wp-json\/wp\/v2\/comments?post=3844"}],"version-history":[{"count":1,"href":"https:\/\/memurunsesi.net\/index.php\/wp-json\/wp\/v2\/posts\/3844\/revisions"}],"predecessor-version":[{"id":3845,"href":"https:\/\/memurunsesi.net\/index.php\/wp-json\/wp\/v2\/posts\/3844\/revisions\/3845"}],"wp:attachment":[{"href":"https:\/\/memurunsesi.net\/index.php\/wp-json\/wp\/v2\/media?parent=3844"}],"wp:term":[{"taxonomy":"category","embeddable":true,"href":"https:\/\/memurunsesi.net\/index.php\/wp-json\/wp\/v2\/categories?post=3844"},{"taxonomy":"post_tag","embeddable":true,"href":"https:\/\/memurunsesi.net\/index.php\/wp-json\/wp\/v2\/tags?post=3844"}],"curies":[{"name":"wp","href":"https:\/\/api.w.org\/{rel}","templated":true}]}}