{"id":3873,"date":"2025-03-04T08:45:02","date_gmt":"2025-03-04T05:45:02","guid":{"rendered":"https:\/\/memurunsesi.net\/?p=3873"},"modified":"2025-03-04T08:45:02","modified_gmt":"2025-03-04T05:45:02","slug":"anadolu-universitesi-rektoru-adiguzel-4-bine-yakin-ogrenci-ile-iftar-yapti","status":"publish","type":"post","link":"https:\/\/memurunsesi.net\/index.php\/2025\/03\/04\/anadolu-universitesi-rektoru-adiguzel-4-bine-yakin-ogrenci-ile-iftar-yapti\/","title":{"rendered":"Anadolu \u00dcniversitesi Rekt\u00f6r\u00fc Ad\u0131g\u00fczel 4 bine yak\u0131n \u00f6\u011frenci ile iftar yapt\u0131"},"content":{"rendered":"<p>\n   Anadolu \u00dcniversitesi Rekt\u00f6r\u00fc Prof. Dr. Yusuf Ad\u0131g\u00fczel, 4 bine yak\u0131n \u00f6\u011frenci ile birlikte iftar yapt\u0131.<br \/>\nAnadolu \u00dcniversitesi, Ramazan ay\u0131n\u0131n ilk okul g\u00fcn\u00fcnde yakla\u015f\u0131k 4 bin \u00f6\u011frencinin kat\u0131l\u0131m\u0131yla b\u00fcy\u00fck bir iftar yeme\u011fi d\u00fczenledi. \u00dcniversite Rekt\u00f6r\u00fc Prof. Dr. Yusuf Ad\u0131g\u00fczel ve akademisyenlerin de kat\u0131ld\u0131\u011f\u0131 iftarda \u00f6\u011frenciler, Ramazan&#8217;\u0131n bereketini ve sevincini birlikte ya\u015fad\u0131. Rekt\u00f6r Ad\u0131g\u00fczel, iftar yeme\u011finden sonra yapt\u0131\u011f\u0131 konu\u015fmada, &#8220;Bug\u00fcn Ramazan ay\u0131nda okulun ilk g\u00fcn\u00fc, \u00f6\u011frencilerimizle birlikte iftar a\u00e7t\u0131k. \u00dcniversite olarak \u00f6\u011frencilerimize iftar\u0131 ikram etmek istedik. Bizde akademisyen arkada\u015flarla birlikte Ramazan&#8217;\u0131n bereketini, sevincini birlikte idrak etmek i\u00e7in buraday\u0131z. \u015eu an ayn\u0131 anda 4 bine yak\u0131n \u00f6\u011frenci iftar sofras\u0131n\u0131 birlikte kar\u015f\u0131l\u0131yor. Bildi\u011finiz gibi Anadolu \u00dcniversitesi \u00f6\u011frenciye yemek hizmeti konusunda T\u00fcrkiye\u2019nin en iyi \u00fcniversitesi. En uygun fiyatla en iyi men\u00fcy\u00fc verdi\u011fimizi iddia edebiliriz. \u00d6\u011f\u00fcnlerimizin fiyat\u0131 25 TL ve T\u00fcrkiye\u2019deki \u00fcniversiteler i\u00e7erisinde en uygun fiyatla yemek hizmeti sunan bir \u00fcniversiteyiz&#8221; ifadelerini kulland\u0131. <\/p>\n<p>  &#8220;Bin 100 \u00f6\u011frenciye yemek bursu sa\u011flayarak, \u00fc\u00e7 \u00f6\u011f\u00fcn \u00fccretsiz yemekten yararlanmalar\u0131n\u0131 sa\u011fl\u0131yoruz&#8221;<br \/>\n  Rekt\u00f6r Ad\u0131g\u00fczel konu\u015fmas\u0131na \u015f\u00f6yle devam etti:<br \/>\n  &#8220;Bunun d\u0131\u015f\u0131nda say\u0131l\u0131 g\u00fcnlerde de yine ihtiyac\u0131 olan \u00f6\u011frencilere \u00fccretsiz yemek bursu vererek katk\u0131 sa\u011flamaya \u00e7al\u0131\u015f\u0131yoruz. Ekonomik durumu iyi olmayan \u00f6\u011frencilere de \u00f6\u011frenci sistemi \u00fczerinden yemek bursu takdim ederek, eri\u015fmelerine katk\u0131 sunuyoruz. Yemek bursundan \u015fu an bin 100 \u00f6\u011frenci yararlan\u0131yor. Bu say\u0131n\u0131n daha da art\u0131r\u0131lmas\u0131n\u0131 hedefleniyoruz.&#8221;<br \/>\n  Selim G\u00fczel adl\u0131 \u00f6\u011frenci Rekt\u00f6r Ad\u0131g\u00fczel&#8217;e te\u015fekk\u00fcr ederek, &#8220;25 TL de olsa cebimizde kald\u0131\u011f\u0131 i\u00e7in rekt\u00f6r beye te\u015fekk\u00fcrlerimi iletiyorum. Sayesinde iftar\u0131m\u0131z\u0131 a\u00e7m\u0131\u015f olaca\u011f\u0131z. Bu \u015fekilde bir sevaba da girmi\u015f olacak&#8221; ifadelerini kulland\u0131. <\/p>\n<p>  &#8220;Her g\u00fcn iftara \u00fcniversiteye gelebilirim&#8221;<br \/>\n  Anadolu \u00dcniversitesi \u00f6\u011frencisi Elif Kara men\u00fcn\u00fcn g\u00fczel oldu\u011funu dile getirerek, &#8220;\u0130lk defa iftar\u0131 burada a\u00e7\u0131yorum. Men\u00fc gayet g\u00fczel g\u00f6r\u00fcn\u00fcyor, ben biraz daha tatl\u0131 olsun isterdim. Gayet temiz ve g\u00fczel sa\u011f olsunlar. Her g\u00fcn iftara \u00fcniversiteye gelebilirim&#8221; diye konu\u015ftu. <\/p>\n<p>  &#8220;Bizim \u00fcniversitenin yemek fiyatlar\u0131 di\u011fer \u00fcniversitelere g\u00f6re gayet uygun&#8221;<br \/>\n  Soner Ayd\u0131n smd iftar men\u00fcs\u00fcn\u00fc kendileri se\u00e7tikleri i\u00e7in mutlu oldu\u011funu belirterek, &#8220;\u00dccretsiz verilmesi \u00f6ncelikle g\u00fczel bir \u015fey. Di\u011fer \u00fcniversitelerde b\u00f6yle bir \u015feyin oldu\u011funu g\u00f6rmedim. Yeme\u011fi oylama yaparak bizim se\u00e7memize izin verdiler, biz se\u00e7tik. B\u00fct\u00fcn okulun \u00f6\u011frencilerinin yeme\u011fi se\u00e7mesi de gayet g\u00fczel bir \u015fey. B\u00f6yle bir \u015feyin olmas\u0131 \u00e7ok g\u00fczel. Bizim \u00fcniversite di\u011fer \u00fcniversitelere g\u00f6re gayet uygun&#8221; dedi. <\/p>\n<p>3.03.2025                               <\/p>\n","protected":false},"excerpt":{"rendered":"<p>Anadolu \u00dcniversitesi Rekt\u00f6r\u00fc Prof. Dr. Yusuf Ad\u0131g\u00fczel, 4 bine yak\u0131n \u00f6\u011frenci ile birlikte iftar yapt\u0131. Anadolu \u00dcniversitesi, Ramazan ay\u0131n\u0131n ilk okul g\u00fcn\u00fcnde yakla\u015f\u0131k 4 bin \u00f6\u011frencinin kat\u0131l\u0131m\u0131yla b\u00fcy\u00fck bir iftar yeme\u011fi d\u00fczenledi. \u00dcniversite Rekt\u00f6r\u00fc Prof. Dr. Yusuf Ad\u0131g\u00fczel ve akademisyenlerin de kat\u0131ld\u0131\u011f\u0131 iftarda \u00f6\u011frenciler, Ramazan&#8217;\u0131n bereketini ve sevincini birlikte ya\u015fad\u0131. Rekt\u00f6r Ad\u0131g\u00fczel, iftar yeme\u011finden sonra [&hellip;]<\/p>\n","protected":false},"author":1,"featured_media":3874,"comment_status":"open","ping_status":"open","sticky":false,"template":"","format":"standard","meta":{"footnotes":""},"categories":[1,47],"tags":[],"class_list":["post-3873","post","type-post","status-publish","format-standard","has-post-thumbnail","hentry","category-genel","category-universiteden-haberler"],"yoast_head":"<!-- This site is optimized with the Yoast SEO plugin v27.4 - https:\/\/yoast.com\/product\/yoast-seo-wordpress\/ -->\n<title>Anadolu \u00dcniversitesi Rekt\u00f6r\u00fc Ad\u0131g\u00fczel 4 bine yak\u0131n \u00f6\u011frenci ile iftar yapt\u0131 - Memurun Sesi<\/title>\n<meta name=\"robots\" content=\"index, follow, max-snippet:-1, max-image-preview:large, max-video-preview:-1\" \/>\n<link rel=\"canonical\" href=\"https:\/\/memurunsesi.net\/index.php\/2025\/03\/04\/anadolu-universitesi-rektoru-adiguzel-4-bine-yakin-ogrenci-ile-iftar-yapti\/\" \/>\n<meta property=\"og:locale\" content=\"tr_TR\" \/>\n<meta property=\"og:type\" content=\"article\" \/>\n<meta property=\"og:title\" content=\"Anadolu \u00dcniversitesi Rekt\u00f6r\u00fc Ad\u0131g\u00fczel 4 bine yak\u0131n \u00f6\u011frenci ile iftar yapt\u0131 - Memurun Sesi\" \/>\n<meta property=\"og:description\" content=\"Anadolu \u00dcniversitesi Rekt\u00f6r\u00fc Prof. Dr. Yusuf Ad\u0131g\u00fczel, 4 bine yak\u0131n \u00f6\u011frenci ile birlikte iftar yapt\u0131. Anadolu \u00dcniversitesi, Ramazan ay\u0131n\u0131n ilk okul g\u00fcn\u00fcnde yakla\u015f\u0131k 4 bin \u00f6\u011frencinin kat\u0131l\u0131m\u0131yla b\u00fcy\u00fck bir iftar yeme\u011fi d\u00fczenledi. \u00dcniversite Rekt\u00f6r\u00fc Prof. Dr. Yusuf Ad\u0131g\u00fczel ve akademisyenlerin de kat\u0131ld\u0131\u011f\u0131 iftarda \u00f6\u011frenciler, Ramazan&#8217;\u0131n bereketini ve sevincini birlikte ya\u015fad\u0131. Rekt\u00f6r Ad\u0131g\u00fczel, iftar yeme\u011finden sonra [&hellip;]\" \/>\n<meta property=\"og:url\" content=\"https:\/\/memurunsesi.net\/index.php\/2025\/03\/04\/anadolu-universitesi-rektoru-adiguzel-4-bine-yakin-ogrenci-ile-iftar-yapti\/\" \/>\n<meta property=\"og:site_name\" content=\"Memurun Sesi\" \/>\n<meta property=\"article:publisher\" content=\"https:\/\/www.facebook.com\/unipersen\/?locale=tr_TR\" \/>\n<meta property=\"article:published_time\" content=\"2025-03-04T05:45:02+00:00\" \/>\n<meta property=\"og:image\" content=\"https:\/\/memurunsesi.net\/wp-content\/uploads\/2025\/03\/AW404503_06.jpg\" \/>\n\t<meta property=\"og:image:width\" content=\"1600\" \/>\n\t<meta property=\"og:image:height\" content=\"1066\" \/>\n\t<meta property=\"og:image:type\" content=\"image\/jpeg\" \/>\n<meta name=\"author\" content=\"Memurun Sesi Haber Merkezi\" \/>\n<meta name=\"twitter:card\" content=\"summary_large_image\" \/>\n<meta name=\"twitter:creator\" content=\"@unipersen\" \/>\n<meta name=\"twitter:site\" content=\"@unipersen\" \/>\n<meta name=\"twitter:label1\" content=\"Yazan:\" \/>\n\t<meta name=\"twitter:data1\" content=\"Memurun Sesi Haber Merkezi\" \/>\n\t<meta name=\"twitter:label2\" content=\"Tahmini okuma s\u00fcresi\" \/>\n\t<meta name=\"twitter:data2\" content=\"2 dakika\" \/>\n<script type=\"application\/ld+json\" class=\"yoast-schema-graph\">{\"@context\":\"https:\\\/\\\/schema.org\",\"@graph\":[{\"@type\":\"Article\",\"@id\":\"https:\\\/\\\/memurunsesi.net\\\/index.php\\\/2025\\\/03\\\/04\\\/anadolu-universitesi-rektoru-adiguzel-4-bine-yakin-ogrenci-ile-iftar-yapti\\\/#article\",\"isPartOf\":{\"@id\":\"https:\\\/\\\/memurunsesi.net\\\/index.php\\\/2025\\\/03\\\/04\\\/anadolu-universitesi-rektoru-adiguzel-4-bine-yakin-ogrenci-ile-iftar-yapti\\\/\"},\"author\":{\"name\":\"Memurun Sesi Haber Merkezi\",\"@id\":\"https:\\\/\\\/memurunsesi.net\\\/#\\\/schema\\\/person\\\/f21c2d73b89f6ee1d80b0a1803e38587\"},\"headline\":\"Anadolu \u00dcniversitesi Rekt\u00f6r\u00fc Ad\u0131g\u00fczel 4 bine yak\u0131n \u00f6\u011frenci ile iftar yapt\u0131\",\"datePublished\":\"2025-03-04T05:45:02+00:00\",\"mainEntityOfPage\":{\"@id\":\"https:\\\/\\\/memurunsesi.net\\\/index.php\\\/2025\\\/03\\\/04\\\/anadolu-universitesi-rektoru-adiguzel-4-bine-yakin-ogrenci-ile-iftar-yapti\\\/\"},\"wordCount\":470,\"commentCount\":0,\"publisher\":{\"@id\":\"https:\\\/\\\/memurunsesi.net\\\/#organization\"},\"image\":{\"@id\":\"https:\\\/\\\/memurunsesi.net\\\/index.php\\\/2025\\\/03\\\/04\\\/anadolu-universitesi-rektoru-adiguzel-4-bine-yakin-ogrenci-ile-iftar-yapti\\\/#primaryimage\"},\"thumbnailUrl\":\"https:\\\/\\\/memurunsesi.net\\\/wp-content\\\/uploads\\\/2025\\\/03\\\/AW404503_06.jpg\",\"articleSection\":{\"1\":\"\u00dcniversiteden Haberler\"},\"inLanguage\":\"tr\",\"potentialAction\":[{\"@type\":\"CommentAction\",\"name\":\"Comment\",\"target\":[\"https:\\\/\\\/memurunsesi.net\\\/index.php\\\/2025\\\/03\\\/04\\\/anadolu-universitesi-rektoru-adiguzel-4-bine-yakin-ogrenci-ile-iftar-yapti\\\/#respond\"]}]},{\"@type\":\"WebPage\",\"@id\":\"https:\\\/\\\/memurunsesi.net\\\/index.php\\\/2025\\\/03\\\/04\\\/anadolu-universitesi-rektoru-adiguzel-4-bine-yakin-ogrenci-ile-iftar-yapti\\\/\",\"url\":\"https:\\\/\\\/memurunsesi.net\\\/index.php\\\/2025\\\/03\\\/04\\\/anadolu-universitesi-rektoru-adiguzel-4-bine-yakin-ogrenci-ile-iftar-yapti\\\/\",\"name\":\"Anadolu \u00dcniversitesi Rekt\u00f6r\u00fc Ad\u0131g\u00fczel 4 bine yak\u0131n \u00f6\u011frenci ile iftar yapt\u0131 - Memurun Sesi\",\"isPartOf\":{\"@id\":\"https:\\\/\\\/memurunsesi.net\\\/#website\"},\"primaryImageOfPage\":{\"@id\":\"https:\\\/\\\/memurunsesi.net\\\/index.php\\\/2025\\\/03\\\/04\\\/anadolu-universitesi-rektoru-adiguzel-4-bine-yakin-ogrenci-ile-iftar-yapti\\\/#primaryimage\"},\"image\":{\"@id\":\"https:\\\/\\\/memurunsesi.net\\\/index.php\\\/2025\\\/03\\\/04\\\/anadolu-universitesi-rektoru-adiguzel-4-bine-yakin-ogrenci-ile-iftar-yapti\\\/#primaryimage\"},\"thumbnailUrl\":\"https:\\\/\\\/memurunsesi.net\\\/wp-content\\\/uploads\\\/2025\\\/03\\\/AW404503_06.jpg\",\"datePublished\":\"2025-03-04T05:45:02+00:00\",\"breadcrumb\":{\"@id\":\"https:\\\/\\\/memurunsesi.net\\\/index.php\\\/2025\\\/03\\\/04\\\/anadolu-universitesi-rektoru-adiguzel-4-bine-yakin-ogrenci-ile-iftar-yapti\\\/#breadcrumb\"},\"inLanguage\":\"tr\",\"potentialAction\":[{\"@type\":\"ReadAction\",\"target\":[\"https:\\\/\\\/memurunsesi.net\\\/index.php\\\/2025\\\/03\\\/04\\\/anadolu-universitesi-rektoru-adiguzel-4-bine-yakin-ogrenci-ile-iftar-yapti\\\/\"]}]},{\"@type\":\"ImageObject\",\"inLanguage\":\"tr\",\"@id\":\"https:\\\/\\\/memurunsesi.net\\\/index.php\\\/2025\\\/03\\\/04\\\/anadolu-universitesi-rektoru-adiguzel-4-bine-yakin-ogrenci-ile-iftar-yapti\\\/#primaryimage\",\"url\":\"https:\\\/\\\/memurunsesi.net\\\/wp-content\\\/uploads\\\/2025\\\/03\\\/AW404503_06.jpg\",\"contentUrl\":\"https:\\\/\\\/memurunsesi.net\\\/wp-content\\\/uploads\\\/2025\\\/03\\\/AW404503_06.jpg\",\"width\":1600,\"height\":1066,\"caption\":\"ANADOLU \u00dcN\u0130VERS\u0130TES\u0130 REKT\u00d6R\u00dc PROF. DR. YUSUF ADIG\u00dcZEL RAMAZAN AYININ \u0130LK OKUL G\u00dcN\u00dcNDE \u00d6\u011eRENC\u0130LERE \u0130FTAR YEME\u011e\u0130 \u0130KRAM EDEREK 4 B\u0130NE YAKIN \u00d6\u011eRENC\u0130 \u0130LE B\u0130RL\u0130KTE \u0130FTAR YAPTI. (\u0130HA\\\/ESK\u0130\u015eEH\u0130R-\u0130HA) Anadolu \u00dcniversitesi Rekt\u00f6r\u00fc Prof. Dr. Yusuf Ad\u0131g\u00fczel, 4 bine yak\u0131n \u00f6\u011frenci ile birlikte iftar yapt\u0131.\"},{\"@type\":\"BreadcrumbList\",\"@id\":\"https:\\\/\\\/memurunsesi.net\\\/index.php\\\/2025\\\/03\\\/04\\\/anadolu-universitesi-rektoru-adiguzel-4-bine-yakin-ogrenci-ile-iftar-yapti\\\/#breadcrumb\",\"itemListElement\":[{\"@type\":\"ListItem\",\"position\":1,\"name\":\"Anasayfa\",\"item\":\"https:\\\/\\\/memurunsesi.net\\\/\"},{\"@type\":\"ListItem\",\"position\":2,\"name\":\"Anadolu \u00dcniversitesi Rekt\u00f6r\u00fc Ad\u0131g\u00fczel 4 bine yak\u0131n \u00f6\u011frenci ile iftar yapt\u0131\"}]},{\"@type\":\"WebSite\",\"@id\":\"https:\\\/\\\/memurunsesi.net\\\/#website\",\"url\":\"https:\\\/\\\/memurunsesi.net\\\/\",\"name\":\"Memurun Sesi\",\"description\":\"G\u00fcncel ve Do\u011fru Haber\",\"publisher\":{\"@id\":\"https:\\\/\\\/memurunsesi.net\\\/#organization\"},\"potentialAction\":[{\"@type\":\"SearchAction\",\"target\":{\"@type\":\"EntryPoint\",\"urlTemplate\":\"https:\\\/\\\/memurunsesi.net\\\/?s={search_term_string}\"},\"query-input\":{\"@type\":\"PropertyValueSpecification\",\"valueRequired\":true,\"valueName\":\"search_term_string\"}}],\"inLanguage\":\"tr\"},{\"@type\":\"Organization\",\"@id\":\"https:\\\/\\\/memurunsesi.net\\\/#organization\",\"name\":\"Memurun Sesi\",\"url\":\"https:\\\/\\\/memurunsesi.net\\\/\",\"logo\":{\"@type\":\"ImageObject\",\"inLanguage\":\"tr\",\"@id\":\"https:\\\/\\\/memurunsesi.net\\\/#\\\/schema\\\/logo\\\/image\\\/\",\"url\":\"https:\\\/\\\/memurunsesi.net\\\/wp-content\\\/uploads\\\/2025\\\/11\\\/cropped-MEMURUN-SESI.png\",\"contentUrl\":\"https:\\\/\\\/memurunsesi.net\\\/wp-content\\\/uploads\\\/2025\\\/11\\\/cropped-MEMURUN-SESI.png\",\"width\":238,\"height\":57,\"caption\":\"Memurun Sesi\"},\"image\":{\"@id\":\"https:\\\/\\\/memurunsesi.net\\\/#\\\/schema\\\/logo\\\/image\\\/\"},\"sameAs\":[\"https:\\\/\\\/www.facebook.com\\\/unipersen\\\/?locale=tr_TR\",\"https:\\\/\\\/x.com\\\/unipersen\"]},{\"@type\":\"Person\",\"@id\":\"https:\\\/\\\/memurunsesi.net\\\/#\\\/schema\\\/person\\\/f21c2d73b89f6ee1d80b0a1803e38587\",\"name\":\"Memurun Sesi Haber Merkezi\",\"image\":{\"@type\":\"ImageObject\",\"inLanguage\":\"tr\",\"@id\":\"https:\\\/\\\/secure.gravatar.com\\\/avatar\\\/6cf0505f452ee753f485014986fab09a434671d2b919ee76fc541025c5876a70?s=96&d=mm&r=g\",\"url\":\"https:\\\/\\\/secure.gravatar.com\\\/avatar\\\/6cf0505f452ee753f485014986fab09a434671d2b919ee76fc541025c5876a70?s=96&d=mm&r=g\",\"contentUrl\":\"https:\\\/\\\/secure.gravatar.com\\\/avatar\\\/6cf0505f452ee753f485014986fab09a434671d2b919ee76fc541025c5876a70?s=96&d=mm&r=g\",\"caption\":\"Memurun Sesi Haber Merkezi\"},\"sameAs\":[\"https:\\\/\\\/memurunsesi.net\"],\"url\":\"https:\\\/\\\/memurunsesi.net\\\/index.php\\\/author\\\/uniper\\\/\"}]}<\/script>\n<!-- \/ Yoast SEO plugin. -->","yoast_head_json":{"title":"Anadolu \u00dcniversitesi Rekt\u00f6r\u00fc Ad\u0131g\u00fczel 4 bine yak\u0131n \u00f6\u011frenci ile iftar yapt\u0131 - Memurun Sesi","robots":{"index":"index","follow":"follow","max-snippet":"max-snippet:-1","max-image-preview":"max-image-preview:large","max-video-preview":"max-video-preview:-1"},"canonical":"https:\/\/memurunsesi.net\/index.php\/2025\/03\/04\/anadolu-universitesi-rektoru-adiguzel-4-bine-yakin-ogrenci-ile-iftar-yapti\/","og_locale":"tr_TR","og_type":"article","og_title":"Anadolu \u00dcniversitesi Rekt\u00f6r\u00fc Ad\u0131g\u00fczel 4 bine yak\u0131n \u00f6\u011frenci ile iftar yapt\u0131 - Memurun Sesi","og_description":"Anadolu \u00dcniversitesi Rekt\u00f6r\u00fc Prof. Dr. Yusuf Ad\u0131g\u00fczel, 4 bine yak\u0131n \u00f6\u011frenci ile birlikte iftar yapt\u0131. Anadolu \u00dcniversitesi, Ramazan ay\u0131n\u0131n ilk okul g\u00fcn\u00fcnde yakla\u015f\u0131k 4 bin \u00f6\u011frencinin kat\u0131l\u0131m\u0131yla b\u00fcy\u00fck bir iftar yeme\u011fi d\u00fczenledi. \u00dcniversite Rekt\u00f6r\u00fc Prof. Dr. Yusuf Ad\u0131g\u00fczel ve akademisyenlerin de kat\u0131ld\u0131\u011f\u0131 iftarda \u00f6\u011frenciler, Ramazan&#8217;\u0131n bereketini ve sevincini birlikte ya\u015fad\u0131. Rekt\u00f6r Ad\u0131g\u00fczel, iftar yeme\u011finden sonra [&hellip;]","og_url":"https:\/\/memurunsesi.net\/index.php\/2025\/03\/04\/anadolu-universitesi-rektoru-adiguzel-4-bine-yakin-ogrenci-ile-iftar-yapti\/","og_site_name":"Memurun Sesi","article_publisher":"https:\/\/www.facebook.com\/unipersen\/?locale=tr_TR","article_published_time":"2025-03-04T05:45:02+00:00","og_image":[{"width":1600,"height":1066,"url":"https:\/\/memurunsesi.net\/wp-content\/uploads\/2025\/03\/AW404503_06.jpg","type":"image\/jpeg"}],"author":"Memurun Sesi Haber Merkezi","twitter_card":"summary_large_image","twitter_creator":"@unipersen","twitter_site":"@unipersen","twitter_misc":{"Yazan:":"Memurun Sesi Haber Merkezi","Tahmini okuma s\u00fcresi":"2 dakika"},"schema":{"@context":"https:\/\/schema.org","@graph":[{"@type":"Article","@id":"https:\/\/memurunsesi.net\/index.php\/2025\/03\/04\/anadolu-universitesi-rektoru-adiguzel-4-bine-yakin-ogrenci-ile-iftar-yapti\/#article","isPartOf":{"@id":"https:\/\/memurunsesi.net\/index.php\/2025\/03\/04\/anadolu-universitesi-rektoru-adiguzel-4-bine-yakin-ogrenci-ile-iftar-yapti\/"},"author":{"name":"Memurun Sesi Haber Merkezi","@id":"https:\/\/memurunsesi.net\/#\/schema\/person\/f21c2d73b89f6ee1d80b0a1803e38587"},"headline":"Anadolu \u00dcniversitesi Rekt\u00f6r\u00fc Ad\u0131g\u00fczel 4 bine yak\u0131n \u00f6\u011frenci ile iftar yapt\u0131","datePublished":"2025-03-04T05:45:02+00:00","mainEntityOfPage":{"@id":"https:\/\/memurunsesi.net\/index.php\/2025\/03\/04\/anadolu-universitesi-rektoru-adiguzel-4-bine-yakin-ogrenci-ile-iftar-yapti\/"},"wordCount":470,"commentCount":0,"publisher":{"@id":"https:\/\/memurunsesi.net\/#organization"},"image":{"@id":"https:\/\/memurunsesi.net\/index.php\/2025\/03\/04\/anadolu-universitesi-rektoru-adiguzel-4-bine-yakin-ogrenci-ile-iftar-yapti\/#primaryimage"},"thumbnailUrl":"https:\/\/memurunsesi.net\/wp-content\/uploads\/2025\/03\/AW404503_06.jpg","articleSection":{"1":"\u00dcniversiteden Haberler"},"inLanguage":"tr","potentialAction":[{"@type":"CommentAction","name":"Comment","target":["https:\/\/memurunsesi.net\/index.php\/2025\/03\/04\/anadolu-universitesi-rektoru-adiguzel-4-bine-yakin-ogrenci-ile-iftar-yapti\/#respond"]}]},{"@type":"WebPage","@id":"https:\/\/memurunsesi.net\/index.php\/2025\/03\/04\/anadolu-universitesi-rektoru-adiguzel-4-bine-yakin-ogrenci-ile-iftar-yapti\/","url":"https:\/\/memurunsesi.net\/index.php\/2025\/03\/04\/anadolu-universitesi-rektoru-adiguzel-4-bine-yakin-ogrenci-ile-iftar-yapti\/","name":"Anadolu \u00dcniversitesi Rekt\u00f6r\u00fc Ad\u0131g\u00fczel 4 bine yak\u0131n \u00f6\u011frenci ile iftar yapt\u0131 - Memurun Sesi","isPartOf":{"@id":"https:\/\/memurunsesi.net\/#website"},"primaryImageOfPage":{"@id":"https:\/\/memurunsesi.net\/index.php\/2025\/03\/04\/anadolu-universitesi-rektoru-adiguzel-4-bine-yakin-ogrenci-ile-iftar-yapti\/#primaryimage"},"image":{"@id":"https:\/\/memurunsesi.net\/index.php\/2025\/03\/04\/anadolu-universitesi-rektoru-adiguzel-4-bine-yakin-ogrenci-ile-iftar-yapti\/#primaryimage"},"thumbnailUrl":"https:\/\/memurunsesi.net\/wp-content\/uploads\/2025\/03\/AW404503_06.jpg","datePublished":"2025-03-04T05:45:02+00:00","breadcrumb":{"@id":"https:\/\/memurunsesi.net\/index.php\/2025\/03\/04\/anadolu-universitesi-rektoru-adiguzel-4-bine-yakin-ogrenci-ile-iftar-yapti\/#breadcrumb"},"inLanguage":"tr","potentialAction":[{"@type":"ReadAction","target":["https:\/\/memurunsesi.net\/index.php\/2025\/03\/04\/anadolu-universitesi-rektoru-adiguzel-4-bine-yakin-ogrenci-ile-iftar-yapti\/"]}]},{"@type":"ImageObject","inLanguage":"tr","@id":"https:\/\/memurunsesi.net\/index.php\/2025\/03\/04\/anadolu-universitesi-rektoru-adiguzel-4-bine-yakin-ogrenci-ile-iftar-yapti\/#primaryimage","url":"https:\/\/memurunsesi.net\/wp-content\/uploads\/2025\/03\/AW404503_06.jpg","contentUrl":"https:\/\/memurunsesi.net\/wp-content\/uploads\/2025\/03\/AW404503_06.jpg","width":1600,"height":1066,"caption":"ANADOLU \u00dcN\u0130VERS\u0130TES\u0130 REKT\u00d6R\u00dc PROF. DR. YUSUF ADIG\u00dcZEL RAMAZAN AYININ \u0130LK OKUL G\u00dcN\u00dcNDE \u00d6\u011eRENC\u0130LERE \u0130FTAR YEME\u011e\u0130 \u0130KRAM EDEREK 4 B\u0130NE YAKIN \u00d6\u011eRENC\u0130 \u0130LE B\u0130RL\u0130KTE \u0130FTAR YAPTI. (\u0130HA\/ESK\u0130\u015eEH\u0130R-\u0130HA) Anadolu \u00dcniversitesi Rekt\u00f6r\u00fc Prof. Dr. Yusuf Ad\u0131g\u00fczel, 4 bine yak\u0131n \u00f6\u011frenci ile birlikte iftar yapt\u0131."},{"@type":"BreadcrumbList","@id":"https:\/\/memurunsesi.net\/index.php\/2025\/03\/04\/anadolu-universitesi-rektoru-adiguzel-4-bine-yakin-ogrenci-ile-iftar-yapti\/#breadcrumb","itemListElement":[{"@type":"ListItem","position":1,"name":"Anasayfa","item":"https:\/\/memurunsesi.net\/"},{"@type":"ListItem","position":2,"name":"Anadolu \u00dcniversitesi Rekt\u00f6r\u00fc Ad\u0131g\u00fczel 4 bine yak\u0131n \u00f6\u011frenci ile iftar yapt\u0131"}]},{"@type":"WebSite","@id":"https:\/\/memurunsesi.net\/#website","url":"https:\/\/memurunsesi.net\/","name":"Memurun Sesi","description":"G\u00fcncel ve Do\u011fru Haber","publisher":{"@id":"https:\/\/memurunsesi.net\/#organization"},"potentialAction":[{"@type":"SearchAction","target":{"@type":"EntryPoint","urlTemplate":"https:\/\/memurunsesi.net\/?s={search_term_string}"},"query-input":{"@type":"PropertyValueSpecification","valueRequired":true,"valueName":"search_term_string"}}],"inLanguage":"tr"},{"@type":"Organization","@id":"https:\/\/memurunsesi.net\/#organization","name":"Memurun Sesi","url":"https:\/\/memurunsesi.net\/","logo":{"@type":"ImageObject","inLanguage":"tr","@id":"https:\/\/memurunsesi.net\/#\/schema\/logo\/image\/","url":"https:\/\/memurunsesi.net\/wp-content\/uploads\/2025\/11\/cropped-MEMURUN-SESI.png","contentUrl":"https:\/\/memurunsesi.net\/wp-content\/uploads\/2025\/11\/cropped-MEMURUN-SESI.png","width":238,"height":57,"caption":"Memurun Sesi"},"image":{"@id":"https:\/\/memurunsesi.net\/#\/schema\/logo\/image\/"},"sameAs":["https:\/\/www.facebook.com\/unipersen\/?locale=tr_TR","https:\/\/x.com\/unipersen"]},{"@type":"Person","@id":"https:\/\/memurunsesi.net\/#\/schema\/person\/f21c2d73b89f6ee1d80b0a1803e38587","name":"Memurun Sesi Haber Merkezi","image":{"@type":"ImageObject","inLanguage":"tr","@id":"https:\/\/secure.gravatar.com\/avatar\/6cf0505f452ee753f485014986fab09a434671d2b919ee76fc541025c5876a70?s=96&d=mm&r=g","url":"https:\/\/secure.gravatar.com\/avatar\/6cf0505f452ee753f485014986fab09a434671d2b919ee76fc541025c5876a70?s=96&d=mm&r=g","contentUrl":"https:\/\/secure.gravatar.com\/avatar\/6cf0505f452ee753f485014986fab09a434671d2b919ee76fc541025c5876a70?s=96&d=mm&r=g","caption":"Memurun Sesi Haber Merkezi"},"sameAs":["https:\/\/memurunsesi.net"],"url":"https:\/\/memurunsesi.net\/index.php\/author\/uniper\/"}]}},"_links":{"self":[{"href":"https:\/\/memurunsesi.net\/index.php\/wp-json\/wp\/v2\/posts\/3873","targetHints":{"allow":["GET"]}}],"collection":[{"href":"https:\/\/memurunsesi.net\/index.php\/wp-json\/wp\/v2\/posts"}],"about":[{"href":"https:\/\/memurunsesi.net\/index.php\/wp-json\/wp\/v2\/types\/post"}],"author":[{"embeddable":true,"href":"https:\/\/memurunsesi.net\/index.php\/wp-json\/wp\/v2\/users\/1"}],"replies":[{"embeddable":true,"href":"https:\/\/memurunsesi.net\/index.php\/wp-json\/wp\/v2\/comments?post=3873"}],"version-history":[{"count":1,"href":"https:\/\/memurunsesi.net\/index.php\/wp-json\/wp\/v2\/posts\/3873\/revisions"}],"predecessor-version":[{"id":3875,"href":"https:\/\/memurunsesi.net\/index.php\/wp-json\/wp\/v2\/posts\/3873\/revisions\/3875"}],"wp:featuredmedia":[{"embeddable":true,"href":"https:\/\/memurunsesi.net\/index.php\/wp-json\/wp\/v2\/media\/3874"}],"wp:attachment":[{"href":"https:\/\/memurunsesi.net\/index.php\/wp-json\/wp\/v2\/media?parent=3873"}],"wp:term":[{"taxonomy":"category","embeddable":true,"href":"https:\/\/memurunsesi.net\/index.php\/wp-json\/wp\/v2\/categories?post=3873"},{"taxonomy":"post_tag","embeddable":true,"href":"https:\/\/memurunsesi.net\/index.php\/wp-json\/wp\/v2\/tags?post=3873"}],"curies":[{"name":"wp","href":"https:\/\/api.w.org\/{rel}","templated":true}]}}