{"id":3876,"date":"2025-03-04T08:46:46","date_gmt":"2025-03-04T05:46:46","guid":{"rendered":"https:\/\/memurunsesi.net\/?p=3876"},"modified":"2025-03-04T08:46:46","modified_gmt":"2025-03-04T05:46:46","slug":"bakan-isikhan-universite-ogrencileriyle-iftar-yapti","status":"publish","type":"post","link":"https:\/\/memurunsesi.net\/index.php\/2025\/03\/04\/bakan-isikhan-universite-ogrencileriyle-iftar-yapti\/","title":{"rendered":"Bakan I\u015f\u0131khan \u00fcniversite \u00f6\u011frencileriyle iftar yapt\u0131"},"content":{"rendered":"\n<p> \u00c7al\u0131\u015fma ve Sosyal G\u00fcvenlik Bakan\u0131 Vedat I\u015f\u0131khan, Hacettepe \u00dcniversitesi yemekhanesinde d\u00fczenlenen iftar program\u0131nda \u00f6\u011frencilerle bir araya geldi.<br \/>\n  Hacettepe \u00dcniversitesi \u00f6\u011frenci yemekhanesinde d\u00fczenlenen iftar program\u0131na kat\u0131lan Bakan I\u015f\u0131khan, \u00fcniversitenin Rekt\u00f6r\u00fc Prof. Dr. Mehmet Cahit G\u00fcran ile birlikte \u00f6\u011frencilere yemek s\u0131ras\u0131nda e\u015flik etti. Ard\u0131ndan \u00f6\u011frencilerle birlikte masaya oturan Bakan I\u015f\u0131khan, ezan\u0131n okunmas\u0131yla orucunu a\u00e7t\u0131. Kendisi de Hacettepe \u00dcniversitesi&#8217;nde okumu\u015f olan Bakan I\u015f\u0131khan, &#8220;\u0130\u015eKUR Gen\u00e7lik Program\u0131m\u0131z\u0131n temel amac\u0131 \u00fcniversitede \u00f6\u011frencilerimiz okurken, akademik e\u011fitimlerini s\u00fcrd\u00fcr\u00fcrken ayn\u0131 zamanda i\u015f d\u00fcnyas\u0131na ge\u00e7i\u015f yapacak, i\u015f piyasas\u0131na uyumlar\u0131n\u0131 sa\u011flayacak bir atmosfer, bir iklim sa\u011fl\u0131yoruz. Bu bizim i\u00e7in \u00e7ok \u00f6nemli. &#8216;Neden i\u015fsiz kal\u0131yorsunuz\u2019 diye sorduklar\u0131nda \u00f6zel sekt\u00f6r ilk \u00f6nce \u015funu s\u00f6yl\u00fcyor, \u2018Sizin tecr\u00fcbeniz yok\u2019 diyor. Bu y\u00fczden gen\u00e7ler i\u015f piyasas\u0131na, i\u015f d\u00fcnyas\u0131na giremiyorlar. Biz i\u015f tecr\u00fcbesizli\u011fini ortadan kald\u0131rd\u0131k&#8221; dedi.  <\/p>\n<p>  &#8220;E\u011fitimler alacaklar ve k\u0131sa s\u00fcreli bir \u00e7al\u0131\u015fma f\u0131rsat\u0131 sa\u011flayaca\u011f\u0131z&#8221;<br \/>\n  \u00d6\u011frencilerin akademik e\u011fitimlerini s\u00fcrd\u00fcr\u00fcrken cep har\u00e7l\u0131\u011f\u0131 gibi bir katk\u0131 verilece\u011fini belirten Bakan I\u015f\u0131khan, &#8220;Bu program asl\u0131nda \u00f6\u011frencilerimizi i\u015f g\u00fcc\u00fc piyasas\u0131na haz\u0131rlayacak. \u00d6zellikle \u00fcniversite e\u011fitiminden sonra \u00e7al\u0131\u015fma hayat\u0131na girecekleri zaman m\u00fclakat tekniklerini, CV haz\u0131rlama, finansal okur yazarl\u0131k, i\u015f sa\u011fl\u0131\u011f\u0131 g\u00fcvenli\u011fi ve stresle ba\u015fa \u00e7\u0131kma konusunda e\u011fitimler alacaklar ve bunun yan\u0131nda da k\u0131sa s\u00fcreli bir \u00e7al\u0131\u015fma f\u0131rsat\u0131 sa\u011flayaca\u011f\u0131z&#8221; diye konu\u015ftu. <\/p>\n<p>  &#8220;KYK burslar\u0131ndan faydalanan \u00f6\u011frencilerimiz bu programa ba\u015fvurabilirler&#8221;<br \/>\n  \u00dcniversitede kamu hizmetinin y\u00fcr\u00fct\u00fcld\u00fc\u011f\u00fc her alanda, her faaliyet sekt\u00f6r\u00fcnde \u00f6\u011frencilerin \u00e7al\u0131\u015fmalar\u0131n\u0131 ger\u00e7ekle\u015ftirilebilece\u011fini s\u00f6yleyen Bakan I\u015f\u0131khan, &#8220;KYK burslar\u0131ndan faydalanan \u00f6\u011frencilerimiz bu programa ba\u015fvurabilirler. Kamu \u00fcniversitelerimizi okuyan \u00f6\u011frencilerimiz kapsam i\u00e7erisinde, uzaktan ve a\u00e7\u0131k \u00f6\u011fretim fak\u00fcltelerinde okuyan \u00f6\u011frencilerimiz bu programdan ne yaz\u0131k ki yaralanamayacaklar&#8221; dedi.<br \/>\n  \u0130ftar sonras\u0131 Bakan I\u015f\u0131khan, \u00f6\u011frencilerle sohbet ederek, foto\u011fraf \u00e7ekildi.  <\/p>\n<p>3.03.2025                       <\/p>\n","protected":false},"excerpt":{"rendered":"<p>\u00c7al\u0131\u015fma ve Sosyal G\u00fcvenlik Bakan\u0131 Vedat I\u015f\u0131khan, Hacettepe \u00dcniversitesi yemekhanesinde d\u00fczenlenen iftar program\u0131nda \u00f6\u011frencilerle bir araya geldi. Hacettepe \u00dcniversitesi \u00f6\u011frenci yemekhanesinde d\u00fczenlenen iftar program\u0131na kat\u0131lan Bakan I\u015f\u0131khan, \u00fcniversitenin Rekt\u00f6r\u00fc Prof. Dr. Mehmet Cahit G\u00fcran ile birlikte \u00f6\u011frencilere yemek s\u0131ras\u0131nda e\u015flik etti. Ard\u0131ndan \u00f6\u011frencilerle birlikte masaya oturan Bakan I\u015f\u0131khan, ezan\u0131n okunmas\u0131yla orucunu a\u00e7t\u0131. Kendisi de Hacettepe [&hellip;]<\/p>\n","protected":false},"author":1,"featured_media":3877,"comment_status":"open","ping_status":"open","sticky":false,"template":"","format":"standard","meta":{"footnotes":""},"categories":[45],"tags":[],"class_list":["post-3876","post","type-post","status-publish","format-standard","has-post-thumbnail","hentry","category-gundem"],"yoast_head":"<!-- This site is optimized with the Yoast SEO plugin v27.4 - https:\/\/yoast.com\/product\/yoast-seo-wordpress\/ -->\n<title>Bakan I\u015f\u0131khan \u00fcniversite \u00f6\u011frencileriyle iftar yapt\u0131 - Memurun Sesi<\/title>\n<meta name=\"robots\" content=\"index, follow, max-snippet:-1, max-image-preview:large, max-video-preview:-1\" \/>\n<link rel=\"canonical\" href=\"https:\/\/memurunsesi.net\/index.php\/2025\/03\/04\/bakan-isikhan-universite-ogrencileriyle-iftar-yapti\/\" \/>\n<meta property=\"og:locale\" content=\"tr_TR\" \/>\n<meta property=\"og:type\" content=\"article\" \/>\n<meta property=\"og:title\" content=\"Bakan I\u015f\u0131khan \u00fcniversite \u00f6\u011frencileriyle iftar yapt\u0131 - Memurun Sesi\" \/>\n<meta property=\"og:description\" content=\"\u00c7al\u0131\u015fma ve Sosyal G\u00fcvenlik Bakan\u0131 Vedat I\u015f\u0131khan, Hacettepe \u00dcniversitesi yemekhanesinde d\u00fczenlenen iftar program\u0131nda \u00f6\u011frencilerle bir araya geldi. Hacettepe \u00dcniversitesi \u00f6\u011frenci yemekhanesinde d\u00fczenlenen iftar program\u0131na kat\u0131lan Bakan I\u015f\u0131khan, \u00fcniversitenin Rekt\u00f6r\u00fc Prof. Dr. Mehmet Cahit G\u00fcran ile birlikte \u00f6\u011frencilere yemek s\u0131ras\u0131nda e\u015flik etti. Ard\u0131ndan \u00f6\u011frencilerle birlikte masaya oturan Bakan I\u015f\u0131khan, ezan\u0131n okunmas\u0131yla orucunu a\u00e7t\u0131. Kendisi de Hacettepe [&hellip;]\" \/>\n<meta property=\"og:url\" content=\"https:\/\/memurunsesi.net\/index.php\/2025\/03\/04\/bakan-isikhan-universite-ogrencileriyle-iftar-yapti\/\" \/>\n<meta property=\"og:site_name\" content=\"Memurun Sesi\" \/>\n<meta property=\"article:publisher\" content=\"https:\/\/www.facebook.com\/unipersen\/?locale=tr_TR\" \/>\n<meta property=\"article:published_time\" content=\"2025-03-04T05:46:46+00:00\" \/>\n<meta property=\"og:image\" content=\"https:\/\/memurunsesi.net\/wp-content\/uploads\/2025\/03\/AW404502_01.jpg\" \/>\n\t<meta property=\"og:image:width\" content=\"1600\" \/>\n\t<meta property=\"og:image:height\" content=\"1201\" \/>\n\t<meta property=\"og:image:type\" content=\"image\/jpeg\" \/>\n<meta name=\"author\" content=\"Memurun Sesi Haber Merkezi\" \/>\n<meta name=\"twitter:card\" content=\"summary_large_image\" \/>\n<meta name=\"twitter:creator\" content=\"@unipersen\" \/>\n<meta name=\"twitter:site\" content=\"@unipersen\" \/>\n<meta name=\"twitter:label1\" content=\"Yazan:\" \/>\n\t<meta name=\"twitter:data1\" content=\"Memurun Sesi Haber Merkezi\" \/>\n\t<meta name=\"twitter:label2\" content=\"Tahmini okuma s\u00fcresi\" \/>\n\t<meta name=\"twitter:data2\" content=\"2 dakika\" \/>\n<script type=\"application\/ld+json\" class=\"yoast-schema-graph\">{\"@context\":\"https:\\\/\\\/schema.org\",\"@graph\":[{\"@type\":\"Article\",\"@id\":\"https:\\\/\\\/memurunsesi.net\\\/index.php\\\/2025\\\/03\\\/04\\\/bakan-isikhan-universite-ogrencileriyle-iftar-yapti\\\/#article\",\"isPartOf\":{\"@id\":\"https:\\\/\\\/memurunsesi.net\\\/index.php\\\/2025\\\/03\\\/04\\\/bakan-isikhan-universite-ogrencileriyle-iftar-yapti\\\/\"},\"author\":{\"name\":\"Memurun Sesi Haber Merkezi\",\"@id\":\"https:\\\/\\\/memurunsesi.net\\\/#\\\/schema\\\/person\\\/f21c2d73b89f6ee1d80b0a1803e38587\"},\"headline\":\"Bakan I\u015f\u0131khan \u00fcniversite \u00f6\u011frencileriyle iftar yapt\u0131\",\"datePublished\":\"2025-03-04T05:46:46+00:00\",\"mainEntityOfPage\":{\"@id\":\"https:\\\/\\\/memurunsesi.net\\\/index.php\\\/2025\\\/03\\\/04\\\/bakan-isikhan-universite-ogrencileriyle-iftar-yapti\\\/\"},\"wordCount\":365,\"commentCount\":0,\"publisher\":{\"@id\":\"https:\\\/\\\/memurunsesi.net\\\/#organization\"},\"image\":{\"@id\":\"https:\\\/\\\/memurunsesi.net\\\/index.php\\\/2025\\\/03\\\/04\\\/bakan-isikhan-universite-ogrencileriyle-iftar-yapti\\\/#primaryimage\"},\"thumbnailUrl\":\"https:\\\/\\\/memurunsesi.net\\\/wp-content\\\/uploads\\\/2025\\\/03\\\/AW404502_01.jpg\",\"articleSection\":[\"G\u00fcndem\"],\"inLanguage\":\"tr\",\"potentialAction\":[{\"@type\":\"CommentAction\",\"name\":\"Comment\",\"target\":[\"https:\\\/\\\/memurunsesi.net\\\/index.php\\\/2025\\\/03\\\/04\\\/bakan-isikhan-universite-ogrencileriyle-iftar-yapti\\\/#respond\"]}]},{\"@type\":\"WebPage\",\"@id\":\"https:\\\/\\\/memurunsesi.net\\\/index.php\\\/2025\\\/03\\\/04\\\/bakan-isikhan-universite-ogrencileriyle-iftar-yapti\\\/\",\"url\":\"https:\\\/\\\/memurunsesi.net\\\/index.php\\\/2025\\\/03\\\/04\\\/bakan-isikhan-universite-ogrencileriyle-iftar-yapti\\\/\",\"name\":\"Bakan I\u015f\u0131khan \u00fcniversite \u00f6\u011frencileriyle iftar yapt\u0131 - Memurun Sesi\",\"isPartOf\":{\"@id\":\"https:\\\/\\\/memurunsesi.net\\\/#website\"},\"primaryImageOfPage\":{\"@id\":\"https:\\\/\\\/memurunsesi.net\\\/index.php\\\/2025\\\/03\\\/04\\\/bakan-isikhan-universite-ogrencileriyle-iftar-yapti\\\/#primaryimage\"},\"image\":{\"@id\":\"https:\\\/\\\/memurunsesi.net\\\/index.php\\\/2025\\\/03\\\/04\\\/bakan-isikhan-universite-ogrencileriyle-iftar-yapti\\\/#primaryimage\"},\"thumbnailUrl\":\"https:\\\/\\\/memurunsesi.net\\\/wp-content\\\/uploads\\\/2025\\\/03\\\/AW404502_01.jpg\",\"datePublished\":\"2025-03-04T05:46:46+00:00\",\"breadcrumb\":{\"@id\":\"https:\\\/\\\/memurunsesi.net\\\/index.php\\\/2025\\\/03\\\/04\\\/bakan-isikhan-universite-ogrencileriyle-iftar-yapti\\\/#breadcrumb\"},\"inLanguage\":\"tr\",\"potentialAction\":[{\"@type\":\"ReadAction\",\"target\":[\"https:\\\/\\\/memurunsesi.net\\\/index.php\\\/2025\\\/03\\\/04\\\/bakan-isikhan-universite-ogrencileriyle-iftar-yapti\\\/\"]}]},{\"@type\":\"ImageObject\",\"inLanguage\":\"tr\",\"@id\":\"https:\\\/\\\/memurunsesi.net\\\/index.php\\\/2025\\\/03\\\/04\\\/bakan-isikhan-universite-ogrencileriyle-iftar-yapti\\\/#primaryimage\",\"url\":\"https:\\\/\\\/memurunsesi.net\\\/wp-content\\\/uploads\\\/2025\\\/03\\\/AW404502_01.jpg\",\"contentUrl\":\"https:\\\/\\\/memurunsesi.net\\\/wp-content\\\/uploads\\\/2025\\\/03\\\/AW404502_01.jpg\",\"width\":1600,\"height\":1201,\"caption\":\"\u00c7ALI\u015eMA VE SOSYAL G\u00dcVENL\u0130K BAKANI PROF. DR. VEDAT I\u015eIKHAN, HACETTEPE \u00dcN\u0130VERS\u0130TES\u0130 YEMEKHANES\u0130NDE D\u00dcZENLENEN \u0130FTAR PROGRAMINA KATILARAK \u00d6\u011eRENC\u0130LERLE B\u0130R ARAYA GELD\u0130. (GAZ\u0130 TA\u015e\\\/ANKARA-\u0130HA) \u00c7al\u0131\u015fma ve Sosyal G\u00fcvenlik Bakan\u0131 Vedat I\u015f\u0131khan, Hacettepe \u00dcniversitesi yemekhanesinde d\u00fczenlenen iftar program\u0131nda \u00f6\u011frencilerle bir araya geldi.\"},{\"@type\":\"BreadcrumbList\",\"@id\":\"https:\\\/\\\/memurunsesi.net\\\/index.php\\\/2025\\\/03\\\/04\\\/bakan-isikhan-universite-ogrencileriyle-iftar-yapti\\\/#breadcrumb\",\"itemListElement\":[{\"@type\":\"ListItem\",\"position\":1,\"name\":\"Anasayfa\",\"item\":\"https:\\\/\\\/memurunsesi.net\\\/\"},{\"@type\":\"ListItem\",\"position\":2,\"name\":\"Bakan I\u015f\u0131khan \u00fcniversite \u00f6\u011frencileriyle iftar yapt\u0131\"}]},{\"@type\":\"WebSite\",\"@id\":\"https:\\\/\\\/memurunsesi.net\\\/#website\",\"url\":\"https:\\\/\\\/memurunsesi.net\\\/\",\"name\":\"Memurun Sesi\",\"description\":\"G\u00fcncel ve Do\u011fru Haber\",\"publisher\":{\"@id\":\"https:\\\/\\\/memurunsesi.net\\\/#organization\"},\"potentialAction\":[{\"@type\":\"SearchAction\",\"target\":{\"@type\":\"EntryPoint\",\"urlTemplate\":\"https:\\\/\\\/memurunsesi.net\\\/?s={search_term_string}\"},\"query-input\":{\"@type\":\"PropertyValueSpecification\",\"valueRequired\":true,\"valueName\":\"search_term_string\"}}],\"inLanguage\":\"tr\"},{\"@type\":\"Organization\",\"@id\":\"https:\\\/\\\/memurunsesi.net\\\/#organization\",\"name\":\"Memurun Sesi\",\"url\":\"https:\\\/\\\/memurunsesi.net\\\/\",\"logo\":{\"@type\":\"ImageObject\",\"inLanguage\":\"tr\",\"@id\":\"https:\\\/\\\/memurunsesi.net\\\/#\\\/schema\\\/logo\\\/image\\\/\",\"url\":\"https:\\\/\\\/memurunsesi.net\\\/wp-content\\\/uploads\\\/2025\\\/11\\\/cropped-MEMURUN-SESI.png\",\"contentUrl\":\"https:\\\/\\\/memurunsesi.net\\\/wp-content\\\/uploads\\\/2025\\\/11\\\/cropped-MEMURUN-SESI.png\",\"width\":238,\"height\":57,\"caption\":\"Memurun Sesi\"},\"image\":{\"@id\":\"https:\\\/\\\/memurunsesi.net\\\/#\\\/schema\\\/logo\\\/image\\\/\"},\"sameAs\":[\"https:\\\/\\\/www.facebook.com\\\/unipersen\\\/?locale=tr_TR\",\"https:\\\/\\\/x.com\\\/unipersen\"]},{\"@type\":\"Person\",\"@id\":\"https:\\\/\\\/memurunsesi.net\\\/#\\\/schema\\\/person\\\/f21c2d73b89f6ee1d80b0a1803e38587\",\"name\":\"Memurun Sesi Haber Merkezi\",\"image\":{\"@type\":\"ImageObject\",\"inLanguage\":\"tr\",\"@id\":\"https:\\\/\\\/secure.gravatar.com\\\/avatar\\\/6cf0505f452ee753f485014986fab09a434671d2b919ee76fc541025c5876a70?s=96&d=mm&r=g\",\"url\":\"https:\\\/\\\/secure.gravatar.com\\\/avatar\\\/6cf0505f452ee753f485014986fab09a434671d2b919ee76fc541025c5876a70?s=96&d=mm&r=g\",\"contentUrl\":\"https:\\\/\\\/secure.gravatar.com\\\/avatar\\\/6cf0505f452ee753f485014986fab09a434671d2b919ee76fc541025c5876a70?s=96&d=mm&r=g\",\"caption\":\"Memurun Sesi Haber Merkezi\"},\"sameAs\":[\"https:\\\/\\\/memurunsesi.net\"],\"url\":\"https:\\\/\\\/memurunsesi.net\\\/index.php\\\/author\\\/uniper\\\/\"}]}<\/script>\n<!-- \/ Yoast SEO plugin. -->","yoast_head_json":{"title":"Bakan I\u015f\u0131khan \u00fcniversite \u00f6\u011frencileriyle iftar yapt\u0131 - Memurun Sesi","robots":{"index":"index","follow":"follow","max-snippet":"max-snippet:-1","max-image-preview":"max-image-preview:large","max-video-preview":"max-video-preview:-1"},"canonical":"https:\/\/memurunsesi.net\/index.php\/2025\/03\/04\/bakan-isikhan-universite-ogrencileriyle-iftar-yapti\/","og_locale":"tr_TR","og_type":"article","og_title":"Bakan I\u015f\u0131khan \u00fcniversite \u00f6\u011frencileriyle iftar yapt\u0131 - Memurun Sesi","og_description":"\u00c7al\u0131\u015fma ve Sosyal G\u00fcvenlik Bakan\u0131 Vedat I\u015f\u0131khan, Hacettepe \u00dcniversitesi yemekhanesinde d\u00fczenlenen iftar program\u0131nda \u00f6\u011frencilerle bir araya geldi. Hacettepe \u00dcniversitesi \u00f6\u011frenci yemekhanesinde d\u00fczenlenen iftar program\u0131na kat\u0131lan Bakan I\u015f\u0131khan, \u00fcniversitenin Rekt\u00f6r\u00fc Prof. Dr. Mehmet Cahit G\u00fcran ile birlikte \u00f6\u011frencilere yemek s\u0131ras\u0131nda e\u015flik etti. Ard\u0131ndan \u00f6\u011frencilerle birlikte masaya oturan Bakan I\u015f\u0131khan, ezan\u0131n okunmas\u0131yla orucunu a\u00e7t\u0131. Kendisi de Hacettepe [&hellip;]","og_url":"https:\/\/memurunsesi.net\/index.php\/2025\/03\/04\/bakan-isikhan-universite-ogrencileriyle-iftar-yapti\/","og_site_name":"Memurun Sesi","article_publisher":"https:\/\/www.facebook.com\/unipersen\/?locale=tr_TR","article_published_time":"2025-03-04T05:46:46+00:00","og_image":[{"width":1600,"height":1201,"url":"https:\/\/memurunsesi.net\/wp-content\/uploads\/2025\/03\/AW404502_01.jpg","type":"image\/jpeg"}],"author":"Memurun Sesi Haber Merkezi","twitter_card":"summary_large_image","twitter_creator":"@unipersen","twitter_site":"@unipersen","twitter_misc":{"Yazan:":"Memurun Sesi Haber Merkezi","Tahmini okuma s\u00fcresi":"2 dakika"},"schema":{"@context":"https:\/\/schema.org","@graph":[{"@type":"Article","@id":"https:\/\/memurunsesi.net\/index.php\/2025\/03\/04\/bakan-isikhan-universite-ogrencileriyle-iftar-yapti\/#article","isPartOf":{"@id":"https:\/\/memurunsesi.net\/index.php\/2025\/03\/04\/bakan-isikhan-universite-ogrencileriyle-iftar-yapti\/"},"author":{"name":"Memurun Sesi Haber Merkezi","@id":"https:\/\/memurunsesi.net\/#\/schema\/person\/f21c2d73b89f6ee1d80b0a1803e38587"},"headline":"Bakan I\u015f\u0131khan \u00fcniversite \u00f6\u011frencileriyle iftar yapt\u0131","datePublished":"2025-03-04T05:46:46+00:00","mainEntityOfPage":{"@id":"https:\/\/memurunsesi.net\/index.php\/2025\/03\/04\/bakan-isikhan-universite-ogrencileriyle-iftar-yapti\/"},"wordCount":365,"commentCount":0,"publisher":{"@id":"https:\/\/memurunsesi.net\/#organization"},"image":{"@id":"https:\/\/memurunsesi.net\/index.php\/2025\/03\/04\/bakan-isikhan-universite-ogrencileriyle-iftar-yapti\/#primaryimage"},"thumbnailUrl":"https:\/\/memurunsesi.net\/wp-content\/uploads\/2025\/03\/AW404502_01.jpg","articleSection":["G\u00fcndem"],"inLanguage":"tr","potentialAction":[{"@type":"CommentAction","name":"Comment","target":["https:\/\/memurunsesi.net\/index.php\/2025\/03\/04\/bakan-isikhan-universite-ogrencileriyle-iftar-yapti\/#respond"]}]},{"@type":"WebPage","@id":"https:\/\/memurunsesi.net\/index.php\/2025\/03\/04\/bakan-isikhan-universite-ogrencileriyle-iftar-yapti\/","url":"https:\/\/memurunsesi.net\/index.php\/2025\/03\/04\/bakan-isikhan-universite-ogrencileriyle-iftar-yapti\/","name":"Bakan I\u015f\u0131khan \u00fcniversite \u00f6\u011frencileriyle iftar yapt\u0131 - Memurun Sesi","isPartOf":{"@id":"https:\/\/memurunsesi.net\/#website"},"primaryImageOfPage":{"@id":"https:\/\/memurunsesi.net\/index.php\/2025\/03\/04\/bakan-isikhan-universite-ogrencileriyle-iftar-yapti\/#primaryimage"},"image":{"@id":"https:\/\/memurunsesi.net\/index.php\/2025\/03\/04\/bakan-isikhan-universite-ogrencileriyle-iftar-yapti\/#primaryimage"},"thumbnailUrl":"https:\/\/memurunsesi.net\/wp-content\/uploads\/2025\/03\/AW404502_01.jpg","datePublished":"2025-03-04T05:46:46+00:00","breadcrumb":{"@id":"https:\/\/memurunsesi.net\/index.php\/2025\/03\/04\/bakan-isikhan-universite-ogrencileriyle-iftar-yapti\/#breadcrumb"},"inLanguage":"tr","potentialAction":[{"@type":"ReadAction","target":["https:\/\/memurunsesi.net\/index.php\/2025\/03\/04\/bakan-isikhan-universite-ogrencileriyle-iftar-yapti\/"]}]},{"@type":"ImageObject","inLanguage":"tr","@id":"https:\/\/memurunsesi.net\/index.php\/2025\/03\/04\/bakan-isikhan-universite-ogrencileriyle-iftar-yapti\/#primaryimage","url":"https:\/\/memurunsesi.net\/wp-content\/uploads\/2025\/03\/AW404502_01.jpg","contentUrl":"https:\/\/memurunsesi.net\/wp-content\/uploads\/2025\/03\/AW404502_01.jpg","width":1600,"height":1201,"caption":"\u00c7ALI\u015eMA VE SOSYAL G\u00dcVENL\u0130K BAKANI PROF. DR. VEDAT I\u015eIKHAN, HACETTEPE \u00dcN\u0130VERS\u0130TES\u0130 YEMEKHANES\u0130NDE D\u00dcZENLENEN \u0130FTAR PROGRAMINA KATILARAK \u00d6\u011eRENC\u0130LERLE B\u0130R ARAYA GELD\u0130. (GAZ\u0130 TA\u015e\/ANKARA-\u0130HA) \u00c7al\u0131\u015fma ve Sosyal G\u00fcvenlik Bakan\u0131 Vedat I\u015f\u0131khan, Hacettepe \u00dcniversitesi yemekhanesinde d\u00fczenlenen iftar program\u0131nda \u00f6\u011frencilerle bir araya geldi."},{"@type":"BreadcrumbList","@id":"https:\/\/memurunsesi.net\/index.php\/2025\/03\/04\/bakan-isikhan-universite-ogrencileriyle-iftar-yapti\/#breadcrumb","itemListElement":[{"@type":"ListItem","position":1,"name":"Anasayfa","item":"https:\/\/memurunsesi.net\/"},{"@type":"ListItem","position":2,"name":"Bakan I\u015f\u0131khan \u00fcniversite \u00f6\u011frencileriyle iftar yapt\u0131"}]},{"@type":"WebSite","@id":"https:\/\/memurunsesi.net\/#website","url":"https:\/\/memurunsesi.net\/","name":"Memurun Sesi","description":"G\u00fcncel ve Do\u011fru Haber","publisher":{"@id":"https:\/\/memurunsesi.net\/#organization"},"potentialAction":[{"@type":"SearchAction","target":{"@type":"EntryPoint","urlTemplate":"https:\/\/memurunsesi.net\/?s={search_term_string}"},"query-input":{"@type":"PropertyValueSpecification","valueRequired":true,"valueName":"search_term_string"}}],"inLanguage":"tr"},{"@type":"Organization","@id":"https:\/\/memurunsesi.net\/#organization","name":"Memurun Sesi","url":"https:\/\/memurunsesi.net\/","logo":{"@type":"ImageObject","inLanguage":"tr","@id":"https:\/\/memurunsesi.net\/#\/schema\/logo\/image\/","url":"https:\/\/memurunsesi.net\/wp-content\/uploads\/2025\/11\/cropped-MEMURUN-SESI.png","contentUrl":"https:\/\/memurunsesi.net\/wp-content\/uploads\/2025\/11\/cropped-MEMURUN-SESI.png","width":238,"height":57,"caption":"Memurun Sesi"},"image":{"@id":"https:\/\/memurunsesi.net\/#\/schema\/logo\/image\/"},"sameAs":["https:\/\/www.facebook.com\/unipersen\/?locale=tr_TR","https:\/\/x.com\/unipersen"]},{"@type":"Person","@id":"https:\/\/memurunsesi.net\/#\/schema\/person\/f21c2d73b89f6ee1d80b0a1803e38587","name":"Memurun Sesi Haber Merkezi","image":{"@type":"ImageObject","inLanguage":"tr","@id":"https:\/\/secure.gravatar.com\/avatar\/6cf0505f452ee753f485014986fab09a434671d2b919ee76fc541025c5876a70?s=96&d=mm&r=g","url":"https:\/\/secure.gravatar.com\/avatar\/6cf0505f452ee753f485014986fab09a434671d2b919ee76fc541025c5876a70?s=96&d=mm&r=g","contentUrl":"https:\/\/secure.gravatar.com\/avatar\/6cf0505f452ee753f485014986fab09a434671d2b919ee76fc541025c5876a70?s=96&d=mm&r=g","caption":"Memurun Sesi Haber Merkezi"},"sameAs":["https:\/\/memurunsesi.net"],"url":"https:\/\/memurunsesi.net\/index.php\/author\/uniper\/"}]}},"_links":{"self":[{"href":"https:\/\/memurunsesi.net\/index.php\/wp-json\/wp\/v2\/posts\/3876","targetHints":{"allow":["GET"]}}],"collection":[{"href":"https:\/\/memurunsesi.net\/index.php\/wp-json\/wp\/v2\/posts"}],"about":[{"href":"https:\/\/memurunsesi.net\/index.php\/wp-json\/wp\/v2\/types\/post"}],"author":[{"embeddable":true,"href":"https:\/\/memurunsesi.net\/index.php\/wp-json\/wp\/v2\/users\/1"}],"replies":[{"embeddable":true,"href":"https:\/\/memurunsesi.net\/index.php\/wp-json\/wp\/v2\/comments?post=3876"}],"version-history":[{"count":1,"href":"https:\/\/memurunsesi.net\/index.php\/wp-json\/wp\/v2\/posts\/3876\/revisions"}],"predecessor-version":[{"id":3878,"href":"https:\/\/memurunsesi.net\/index.php\/wp-json\/wp\/v2\/posts\/3876\/revisions\/3878"}],"wp:featuredmedia":[{"embeddable":true,"href":"https:\/\/memurunsesi.net\/index.php\/wp-json\/wp\/v2\/media\/3877"}],"wp:attachment":[{"href":"https:\/\/memurunsesi.net\/index.php\/wp-json\/wp\/v2\/media?parent=3876"}],"wp:term":[{"taxonomy":"category","embeddable":true,"href":"https:\/\/memurunsesi.net\/index.php\/wp-json\/wp\/v2\/categories?post=3876"},{"taxonomy":"post_tag","embeddable":true,"href":"https:\/\/memurunsesi.net\/index.php\/wp-json\/wp\/v2\/tags?post=3876"}],"curies":[{"name":"wp","href":"https:\/\/api.w.org\/{rel}","templated":true}]}}