{"id":3894,"date":"2025-03-04T09:05:22","date_gmt":"2025-03-04T06:05:22","guid":{"rendered":"https:\/\/memurunsesi.net\/?p=3894"},"modified":"2025-03-04T09:05:22","modified_gmt":"2025-03-04T06:05:22","slug":"kayseri-universitesi-rektorlugunden","status":"publish","type":"post","link":"https:\/\/memurunsesi.net\/index.php\/2025\/03\/04\/kayseri-universitesi-rektorlugunden\/","title":{"rendered":"Kayseri \u00dcniversitesi Rekt\u00f6rl\u00fc\u011f\u00fcnden:"},"content":{"rendered":"<p>\u00dcniversitemizde  657   say\u0131l\u0131   Devlet   Memurlar\u0131   Kanunu\u2019nun  4  \u00fcnc\u00fc  maddesinin   (B) f\u0131kras\u0131na g\u00f6re S\u00f6zle\u015fmeli Personel olarak istihdam edilmek \u00fczere 06.06.1978 tarihli ve 7\/15754 say\u0131l\u0131 Bakanlar Kurulu Karar\u0131 ile y\u00fcr\u00fcrl\u00fc\u011fe konulan S\u00f6zle\u015fmeli Personel \u00c7al\u0131\u015ft\u0131r\u0131lmas\u0131na \u0130li\u015fkin Esaslar\u2019\u0131n  Ek  2  inci  maddesinin  (b) f\u0131kras\u0131na  g\u00f6re  2024  Y\u0131l\u0131  KPSS  (B)  grubu  puan  s\u0131ras\u0131  esas al\u0131nmak  suretiyle  2  (iki)  B\u00fcro  Personeli,  4  (d\u00f6rt) Destek  Personeli  olmak  \u00fczere  toplam 6  (alt\u0131) adet s\u00f6zle\u015fmeli personel al\u0131nacakt\u0131r.<\/p>\n<p>\u0130LAN ED\u0130LEN POZ\u0130SYONLAR VE ARANAN N\u0130TEL\u0130KLER                    <\/p>\n<p>\u0130LAN NO\t\u00dcNVAN \/ C\u0130NS\u0130YET\tKPSS PUAN T\u00dcR\u00dc\tADET\tARANAN N\u0130TEL\u0130KLER \/G\u00d6REV YER\u0130<br \/>\n1001\tB\u00fcro Personeli (Bayan\/Bay)\t2024 KPSS P93\t2\t\u27a2 B\u00fcro Y\u00f6netimi, B\u00fcro Y\u00f6netimi ve Sekreterlik, B\u00fcro Y\u00f6netimi ve Y\u00f6netici Asistanl\u0131\u011f\u0131, Sekreterlik, Ofis Teknolojileri ve Y\u00f6netimi, B\u00fcro Hizmetleri ve Y\u00f6netici Asistanl\u0131\u011f\u0131, Genel \u0130\u015fletme, \u0130\u015fletme, \u0130\u015fletmecilik, \u0130\u015fletme Y\u00f6netimi, Y\u00f6netim, Muhasebe, Bilgisayar Destekli Muhasebe, Bilgisayarl\u0131 Muhasebe ve Vergi Uygulamalar\u0131, Muhasebe ve Vergi Uygulamalar\u0131, \u0130\u015fletme-Muhasebe \u00f6nlisans programlar\u0131n\u0131n birinden mezun olmak.<br \/>\n\u27a2 \u00dcniversitemiz merkez kamp\u00fcs\u00fc ve ba\u011fl\u0131 il\u00e7elerdeki kamp\u00fcslerde g\u00f6revlendirilecektir.<br \/>\n1002\tDestek Personeli (Bay)\t2024 KPSS P94\t3\t\u27a2 Orta\u00f6\u011fretim Kurumlar\u0131n\u0131n herhangi bir alan\u0131ndan mezun olmak.<br \/>\n\u27a2 Temizlik Hizmetlerinde; \u00dcniversitemiz birimlerinin a\u00e7\u0131k, kapal\u0131 alanlar\u0131n\u0131n temizli\u011fi, basit bak\u0131m ve onar\u0131m, \u0131s\u0131tma so\u011futma gibi iklimlendirme hizmetleri, da\u011f\u0131t\u0131m ve y\u00fck ta\u015f\u0131ma, yeme-i\u00e7me servisleri gibi hizmetlerde \u00e7al\u0131\u015ft\u0131r\u0131lacak olup, g\u00f6revlendirildikleri birimlerde y\u00f6neticileri taraf\u0131ndan verilen di\u011fer i\u015f ve i\u015flemleri y\u00fcr\u00fctmek.<br \/>\n\u27a2 Bu pozisyonda istihdam edilenler \u201chizmetli\u201d kadrosuna ait g\u00f6revlerin tamam\u0131n\u0131 y\u00fcr\u00fctecektir.<br \/>\n\u27a2 \u00dcniversitemiz merkez kamp\u00fcs\u00fc ve ba\u011fl\u0131 il\u00e7elerdeki kamp\u00fcslerde g\u00f6revlendirilecektir.<br \/>\n1003\tDestek Personeli (Bayan)\t2024 KPSS P94\t1\t\u27a2 Orta\u00f6\u011fretim Kurumlar\u0131n\u0131n herhangi bir alan\u0131ndan mezun olmak.<br \/>\n\u27a2 Temizlik Hizmetlerinde; \u00dcniversitemiz birimlerinin a\u00e7\u0131k, kapal\u0131 alanlar\u0131n\u0131n temizli\u011fi, basit bak\u0131m ve onar\u0131m, \u0131s\u0131tma so\u011futma gibi iklimlendirme hizmetleri, da\u011f\u0131t\u0131m ve y\u00fck ta\u015f\u0131ma, yeme-i\u00e7me servisleri gibi hizmetlerde \u00e7al\u0131\u015ft\u0131r\u0131lacak olup, g\u00f6revlendirildikleri birimlerde y\u00f6neticileri taraf\u0131ndan verilen di\u011fer i\u015f ve i\u015flemleri y\u00fcr\u00fctmek.<br \/>\n\u27a2 Bu pozisyonda istihdam edilenler \u201chizmetli\u201d kadrosuna ait g\u00f6revlerin tamam\u0131n\u0131 y\u00fcr\u00fctecektir.<br \/>\n\u27a2 \u00dcniversitemiz merkez kamp\u00fcs\u00fc ve ba\u011fl\u0131 il\u00e7elerdeki kamp\u00fcslerde g\u00f6revlendirilecektir.<\/p>\n<p>GENEL VE \u00d6ZEL \u015eARTLAR:<br \/>\n1- 657 say\u0131l\u0131 Devlet Memurlar\u0131 Kanunu\u2019nun 48\/A maddesinde belirtilen \u015fartlar\u0131 ta\u015f\u0131mak.<br \/>\n2- Erkek   adaylar   i\u00e7in   askerlikle   ili\u015fi\u011fi   bulunmamak.   (Askerlik   \u00e7a\u011f\u0131na   gelmemi\u015f bulunmak, askerlik \u00e7a\u011f\u0131na gelmi\u015f ise muvazzaf askerlik hizmetini yapm\u0131\u015f yahut ertelenmi\u015f veya yedek s\u0131n\u0131fa ge\u00e7irilmi\u015f olmak.)<br \/>\n3- G\u00f6revini devaml\u0131 yapmas\u0131na engel sa\u011fl\u0131k sorunu bulunmamak.<br \/>\n4- KHK ile kamu g\u00f6revinden \u00e7\u0131kar\u0131lmam\u0131\u015f olmak.&#8221;<br \/>\n5- Tercih  edilecek  pozisyonun  kar\u015f\u0131s\u0131nda  yer  alan  \u00f6\u011frenim  d\u00fczeyinden  mezun  olmak, cinsiyet kriterlerini sa\u011flamak ve ilan\u0131n ilk ba\u015fvuru tarihinden \u00f6nce aranan nitelikleri ta\u015f\u0131mak ve belgelendirmek.<br \/>\n6- Herhangi  bir  Sosyal  G\u00fcvenlik  Kurumundan  emeklilik  veya  ya\u015fl\u0131l\u0131k  ayl\u0131\u011f\u0131  alm\u0131yor olmak.<br \/>\n7- \u201cS\u00f6zle\u015fmeli  Personel  \u00c7al\u0131\u015ft\u0131r\u0131lmas\u0131na  \u0130li\u015fkin  Esaslar\u201d\u0131n  Yeniden  \u0130\u015fe  Al\u0131nma  ba\u015fl\u0131kl\u0131 Ek 1 inci maddesinin (b) f\u0131kras\u0131na eklenen; \u201cS\u00f6zle\u015fmeli personelin, hizmet s\u00f6zle\u015fmesi esaslar\u0131na ayk\u0131r\u0131 hareket etmesi nedeniyle kurumlar\u0131nca s\u00f6zle\u015fmesinin feshedilmesi veya s\u00f6zle\u015fme d\u00f6nemi i\u00e7inde s\u00f6zle\u015fmeyi tek tarafl\u0131 feshetmesi halinde, fesih tarihinden itibaren bir y\u0131l ge\u00e7medik\u00e7e kamu kurum   ve   kurulu\u015flar\u0131n\u0131n   s\u00f6zle\u015fmeli   personel   pozisyonlar\u0131nda   yeniden   istihdam   edilemez.\u201d h\u00fckm\u00fcne ayk\u0131r\u0131 durumu tespit edilenler atanmaya hak kazansalar dahi atamalar\u0131 yap\u0131lmayacakt\u0131r.<br \/>\n8- 7315 say\u0131l\u0131 G\u00fcvenlik Soru\u015fturmas\u0131 ve Ar\u015fiv Ara\u015ft\u0131rmas\u0131 Kanunu uyar\u0131nca yapt\u0131r\u0131lacak olan G\u00fcvenlik Soru\u015fturmas\u0131\/Ar\u015fiv Ara\u015ft\u0131rmas\u0131 sonucu olumlu olmak.<br \/>\n9- Her  aday  ilan  edilen  bir  kadroya  ba\u015fvuruda  bulunabilecektir.  Birden  fazla  kadroya ba\u015fvuruda bulunan adaylar\u0131n t\u00fcm ba\u015fvurular\u0131 ge\u00e7ersiz say\u0131lacakt\u0131r.<br \/>\n10- Tercih edilecek pozisyonun kar\u015f\u0131s\u0131nda yer alan nitelikler ile Genel ve \u00d6zel \u015eart olarak belirtilen \u015fartlar\u0131 birlikte ta\u015f\u0131yor olmak.<br \/>\n11- Adaylar\u0131n  yirmi  d\u00f6rt  saat  esas\u0131na  g\u00f6re  vardiyal\u0131  \u00e7al\u0131\u015fmas\u0131na  ve  i\u00e7\/d\u0131\u015f  mek\u00e2nlarda \u00e7al\u0131\u015fmas\u0131na engel durumu bulunmamak.<br \/>\n12- S\u00f6zle\u015fmeli  Personel  \u00c7al\u0131\u015ft\u0131r\u0131lmas\u0131na  \u0130li\u015fkin  Esaslar\u0131n  Ek  6\u2019nc\u0131  maddesi  gere\u011fi  \u201c\u0130\u015fe al\u0131nmas\u0131 a\u00e7\u0131s\u0131ndan gerekli olan niteliklerden herhangi birinin ta\u015f\u0131mad\u0131\u011f\u0131n\u0131n sonradan anla\u015f\u0131lmas\u0131, i\u015fe al\u0131nma a\u00e7\u0131s\u0131ndan gerekli olan niteliklerden herhangi birini sonradan kaybetmesi\u2026\u201d hallerinde hizmet s\u00f6zle\u015fmesi kurumca tek tarafl\u0131 olarak feshedilir.<br \/>\n13- Yurt  i\u00e7indeki  veya  yurt  d\u0131\u015f\u0131ndaki  \u00f6\u011fretim  kurumlar\u0131ndan  mezun  olup,  bu  ilanda aran\u0131lan \u00f6\u011frenim durumuna ili\u015fkin denkli\u011fi olan adaylar\u0131n denklik g\u00f6sterir belgelerini eklemeleri gerekmektedir.<br \/>\n14- T\u00fcm  pozisyonlar  i\u00e7in  ilave  \u015fart;  Son  ba\u015fvuru  tarihi  itibar\u0131yla  40  (k\u0131rk)   ya\u015f\u0131n\u0131 doldurmam\u0131\u015f olmak.<\/p>\n<p>\u00d6NEML\u0130   NOT:   Atanmaya  hak  kazanan   adaylar;   \u0130htiya\u00e7  dahilinde  \u00dcniversitemizin merkez      kamp\u00fcs\u00fcnde      ve      \u00dcniversitemize      ba\u011fl\u0131      (il\u00e7elerde     bulunan)      kamp\u00fcslerde g\u00f6revlendirileceklerdir. Adaylar bu ko\u015fullar\u0131 kabul etmi\u015f say\u0131lacakt\u0131r.<\/p>\n<p>BA\u015eVURU \u015eEKL\u0130 VE YER\u0130:<br \/>\n-M\u00fcracaatlar ilan\u0131n Resmi Gazetede yay\u0131mland\u0131\u011f\u0131 tarih itibariyle 15 g\u00fcn i\u00e7erisinde (mesai bitimine   kadar)   Kayseri   \u00dcniversitesi   Rekt\u00f6rl\u00fc\u011f\u00fc   (15   Temmuz Yerle\u015fkesi)   Personel   Daire Ba\u015fkanl\u0131\u011f\u0131na \u015eAHSEN veya POSTA yolu ile yap\u0131lacakt\u0131r. Faks, e-posta veya internet \u00fczerinden yap\u0131lacak  ba\u015fvurular  kabul edilmeyecektir.  S\u00fcresi  i\u00e7inde  yap\u0131lmayan  ba\u015fvurular  ve  postadaki gecikmeler ile eksik belgeli ba\u015fvurular dikkate al\u0131nmayacakt\u0131r.<br \/>\nPosta Adresi: Kayseri \u00dcniversitesi Rekt\u00f6rl\u00fc\u011f\u00fc 15 Temmuz Yerle\u015fkesi Personel Daire Ba\u015fkanl\u0131\u011f\u0131 Kat:3 Talas \/ KAYSER\u0130<br \/>\n-Adaylar\u0131n    verdikleri    beyanlar    ile    sunduklar\u0131    ba\u015fvuru    belgelerinin    sorumlulu\u011fu kendilerine aittir. Yanl\u0131\u015f, yan\u0131lt\u0131c\u0131 veya yalan beyanda bulunan adaylar, yerle\u015ftirmeden do\u011fan t\u00fcm haklar\u0131n\u0131  kaybedecek  olup  ger\u00e7e\u011fe  ayk\u0131r\u0131  belge  beyan\/teslim  edenler  hakk\u0131nda  yasal  i\u015flem ba\u015flat\u0131lacakt\u0131r.<\/p>\n<p>BA\u015eVURULARIN DE\u011eERLEND\u0130R\u0130LMES\u0130 VE SONU\u00c7LARI:<br \/>\n1- \u00dcniversitemiz   taraf\u0131ndan   s\u00fcresi   i\u00e7inde   yap\u0131lan   ba\u015fvurular,   belgelerin   eksik   olup olmad\u0131\u011f\u0131 ve adaylar\u0131n belirlenen \u015fartlar\u0131 ta\u015f\u0131y\u0131p ta\u015f\u0131mad\u0131klar\u0131 bak\u0131m\u0131ndan incelenecek olup, ilanda belirtilen ba\u015fvuru \u015fartlar\u0131n\u0131 ta\u015f\u0131yan adaylar\u0131n ba\u015fvurular\u0131 kabul edilecektir.<br \/>\n2- Ba\u015fvurusu  kabul  edilenlerden,  yaz\u0131l\u0131  ve\/veya  s\u00f6zl\u00fc  s\u0131nav  yap\u0131lmaks\u0131z\u0131n;  \u00d6nlisans mezunlar\u0131 i\u00e7in; 2024 KPSSP93, Orta\u00f6\u011fretim mezunlar\u0131 i\u00e7in; 2024 KPSSP94 (B) grubunun ilgili puan t\u00fcr\u00fcnde en y\u00fcksek puanl\u0131 adaydan ba\u015flamak \u00fczere yap\u0131lacak s\u0131ralama esas al\u0131nmak suretiyle ilan edilen unvanlar\u0131n nitelik kodlu pozisyon adedi kadar as\u0131l ve as\u0131l aday say\u0131s\u0131n\u0131n 5 (be\u015f) kat\u0131 kadar yedek aday belirlenecektir.<br \/>\n3- Belirlenen as\u0131l ve yedek adaylara ait isim listesi ile as\u0131l adaylar\u0131n i\u015fe ba\u015flamalar\u0131 i\u00e7in gerekli belgeler, bu belgelerin teslim edilece\u011fi yer ve zaman, Kayseri \u00dcniversitesi Personel Daire Ba\u015fkanl\u0131\u011f\u0131n\u0131n  resmi  internet sayfas\u0131nda  personeldb.kayseri.edu.tr   yay\u0131mlanacak  olup,  sonu\u00e7 ilanlar\u0131 tebli\u011f mahiyetinde olaca\u011f\u0131ndan ayr\u0131ca tebligat yap\u0131lmayacakt\u0131r.<br \/>\n4- As\u0131l  olarak  kazanan  adaylardan  s\u00fcresi  i\u00e7erisinde  istenilen  belgeleri  tamamlayarak ba\u015fvurmayan,   feragat   eden   veya  aranan   \u015fartlar\u0131   ta\u015f\u0131mad\u0131\u011f\u0131   tespit   edilenlerin   yerine   yedek adaylardan   s\u0131ras\u0131yla   yerle\u015ftirme   yap\u0131lacakt\u0131r.   Son   adaylar\u0131n   puan\u0131n\u0131n   e\u015fit   olmas\u0131   halinde mezuniyet tarihi \u00f6nce olana, bunun da e\u015fit olmas\u0131 halinde do\u011fum tarihi b\u00fcy\u00fck olan adaya \u00f6ncelik tan\u0131nacakt\u0131r.<br \/>\n5- KPSS\u2019de y\u00fcksek puan almak, ilanda yer alan s\u00f6zle\u015fmeli pozisyona yerle\u015ftirmede tek ba\u015f\u0131na hak kazand\u0131rmaz. Pozisyon i\u00e7in belirtilen genel ve \u00f6zel \u015fartlar ile aranan niteliklere sahip olmayan  adaylar\u0131n  ba\u015fvurular\u0131 de\u011ferlendirmeye  al\u0131nmayacakt\u0131r.  Eksik  evrak,  yanl\u0131\u015f,  yan\u0131lt\u0131c\u0131 veya   yalan   beyanda   bulunanlar   ile   bilgilerindeki   tutars\u0131zl\u0131klar   y\u00fcz\u00fcnden   de\u011ferlendirmeye al\u0131nmayan adaylar bu durumdan dolay\u0131 bir hak iddia edemeyecektir.<br \/>\n6- Ba\u015fvuru ve s\u00f6zle\u015fme imzalama i\u015flemleri s\u0131ras\u0131nda ger\u00e7e\u011fe ayk\u0131r\u0131 beyanda bulundu\u011fu veya  herhangi  bir  \u015fekilde  ger\u00e7e\u011fi  saklad\u0131\u011f\u0131  tespit  edilenlerin s\u00f6zle\u015fmesi  yap\u0131lmaz,  s\u00f6zle\u015fme yap\u0131lm\u0131\u015f olsa dahi feshedilir. \u0130dare taraf\u0131ndan kendilerine herhangi bir bedel \u00f6denmi\u015f ise bu bedel yasal faiziyle birlikte tazmin edilecek ve ilgililer hakk\u0131nda gerekli yasal i\u015flemler ba\u015flat\u0131lacakt\u0131r.<br \/>\n7- S\u00fcre\u00e7  sonunda  ilan  edilen  pozisyonlarda  \u00e7al\u0131\u015fmaya  hak  kazanan  adaylar  ile  hizmet s\u00f6zle\u015fmesi yap\u0131lacak olup s\u00f6zle\u015fmede belirtilen \u015fartlar\u0131 yerine getirmeyen adaylar\u0131n s\u00f6zle\u015fmeleri bir (1) ay i\u00e7erisinde feshedilecektir.<br \/>\n8- \u0130landa bulunmayan h\u00fck\u00fcmler i\u00e7in genel mevzuat h\u00fck\u00fcmleri ge\u00e7erlidir.<\/p>\n<p>BA\u015eVURUDA \u0130STEN\u0130LEN BELGELER:<br \/>\n1- Ba\u015fvuru Formu (\u00dcniversitemiz web sayfas\u0131nda ilan metni i\u00e7erisinde bulunmaktad\u0131r.)<br \/>\n2- \u00d6\u011frenim   Belgesi   asl\u0131   veya   onayl\u0131   fotokopisi   (barkotlu   e-Devlet   \u00e7\u0131kt\u0131s\u0131   kabul edilecektir.)<br \/>\n3- KPSS (B) grubu s\u0131nav sonu\u00e7 belgesi (barkotlu internet \u00e7\u0131kt\u0131s\u0131.)<br \/>\n4- T.C.   Kimlik   Kart\u0131   asl\u0131   veya   onayl\u0131   fotokopisi   (barkotlu   e-Devlet   \u00e7\u0131kt\u0131s\u0131   kabul edilecektir.)<br \/>\n5- Erkek  adaylar  i\u00e7in  askerlik  durum  belgesi  asl\u0131  veya  onayl\u0131  fotokopisi  (barkotlu  e- Devlet \u00e7\u0131kt\u0131s\u0131 kabul edilecektir.)<br \/>\n6- Adli Sicil Belgesi (barkotlu e-Devlet \u00e7\u0131kt\u0131s\u0131 kabul edilecektir.)<br \/>\n7- Foto\u011fraf (1) adet<\/p>\n<p>NOT: Gerekli g\u00f6r\u00fclmesi halinde ilan\u0131n her safhas\u0131nda Rekt\u00f6rl\u00fc\u011f\u00fcm\u00fczce ilanda de\u011fi\u015fiklik ve ilan iptali yap\u0131labilir.<\/p>\n<p>Bu ilan tebli\u011f mahiyetinde olup, ayr\u0131ca tebligat yap\u0131lmayacakt\u0131r.<\/p>\n<p>\u0130LET\u0130\u015e\u0130M:<br \/>\nAdaylar  ba\u015fvuru  s\u00fcreciyle  ilgili  olarak  Personel  Daire  Ba\u015fkanl\u0131\u011f\u0131na  a\u015fa\u011f\u0131daki  ileti\u015fim bilgilerinden ula\u015f\u0131labilir.<br \/>\nTelefon: 0352 432 38 38 D\u00e2hili:10616<br \/>\ne-Posta: personeldb@kayseri.edu.tr                    <\/p>\n","protected":false},"excerpt":{"rendered":"<p>\u00dcniversitemizde 657 say\u0131l\u0131 Devlet Memurlar\u0131 Kanunu\u2019nun 4 \u00fcnc\u00fc maddesinin (B) f\u0131kras\u0131na g\u00f6re S\u00f6zle\u015fmeli Personel olarak istihdam edilmek \u00fczere 06.06.1978 tarihli ve 7\/15754 say\u0131l\u0131 Bakanlar Kurulu Karar\u0131 ile y\u00fcr\u00fcrl\u00fc\u011fe konulan S\u00f6zle\u015fmeli Personel \u00c7al\u0131\u015ft\u0131r\u0131lmas\u0131na \u0130li\u015fkin Esaslar\u2019\u0131n Ek 2 inci maddesinin (b) f\u0131kras\u0131na g\u00f6re 2024 Y\u0131l\u0131 KPSS (B) grubu puan s\u0131ras\u0131 esas al\u0131nmak suretiyle 2 (iki) B\u00fcro Personeli, [&hellip;]<\/p>\n","protected":false},"author":1,"featured_media":3896,"comment_status":"open","ping_status":"open","sticky":false,"template":"","format":"standard","meta":{"footnotes":""},"categories":[55],"tags":[],"class_list":["post-3894","post","type-post","status-publish","format-standard","has-post-thumbnail","hentry","category-is-ilanlari"],"yoast_head":"<!-- This site is optimized with the Yoast SEO plugin v27.4 - https:\/\/yoast.com\/product\/yoast-seo-wordpress\/ -->\n<title>Kayseri \u00dcniversitesi Rekt\u00f6rl\u00fc\u011f\u00fcnden: - Memurun Sesi<\/title>\n<meta name=\"robots\" content=\"index, follow, max-snippet:-1, max-image-preview:large, max-video-preview:-1\" \/>\n<link rel=\"canonical\" href=\"https:\/\/memurunsesi.net\/index.php\/2025\/03\/04\/kayseri-universitesi-rektorlugunden\/\" \/>\n<meta property=\"og:locale\" content=\"tr_TR\" \/>\n<meta property=\"og:type\" content=\"article\" \/>\n<meta property=\"og:title\" content=\"Kayseri \u00dcniversitesi Rekt\u00f6rl\u00fc\u011f\u00fcnden: - Memurun Sesi\" \/>\n<meta property=\"og:description\" content=\"\u00dcniversitemizde 657 say\u0131l\u0131 Devlet Memurlar\u0131 Kanunu\u2019nun 4 \u00fcnc\u00fc maddesinin (B) f\u0131kras\u0131na g\u00f6re S\u00f6zle\u015fmeli Personel olarak istihdam edilmek \u00fczere 06.06.1978 tarihli ve 7\/15754 say\u0131l\u0131 Bakanlar Kurulu Karar\u0131 ile y\u00fcr\u00fcrl\u00fc\u011fe konulan S\u00f6zle\u015fmeli Personel \u00c7al\u0131\u015ft\u0131r\u0131lmas\u0131na \u0130li\u015fkin Esaslar\u2019\u0131n Ek 2 inci maddesinin (b) f\u0131kras\u0131na g\u00f6re 2024 Y\u0131l\u0131 KPSS (B) grubu puan s\u0131ras\u0131 esas al\u0131nmak suretiyle 2 (iki) B\u00fcro Personeli, [&hellip;]\" \/>\n<meta property=\"og:url\" content=\"https:\/\/memurunsesi.net\/index.php\/2025\/03\/04\/kayseri-universitesi-rektorlugunden\/\" \/>\n<meta property=\"og:site_name\" content=\"Memurun Sesi\" \/>\n<meta property=\"article:publisher\" content=\"https:\/\/www.facebook.com\/unipersen\/?locale=tr_TR\" \/>\n<meta property=\"article:published_time\" content=\"2025-03-04T06:05:22+00:00\" \/>\n<meta property=\"og:image\" content=\"https:\/\/memurunsesi.net\/wp-content\/uploads\/2025\/03\/Resim1.png\" \/>\n\t<meta property=\"og:image:width\" content=\"125\" \/>\n\t<meta property=\"og:image:height\" content=\"125\" \/>\n\t<meta property=\"og:image:type\" content=\"image\/png\" \/>\n<meta name=\"author\" content=\"Memurun Sesi Haber Merkezi\" \/>\n<meta name=\"twitter:card\" content=\"summary_large_image\" \/>\n<meta name=\"twitter:creator\" content=\"@unipersen\" \/>\n<meta name=\"twitter:site\" content=\"@unipersen\" \/>\n<meta name=\"twitter:label1\" content=\"Yazan:\" \/>\n\t<meta name=\"twitter:data1\" content=\"Memurun Sesi Haber Merkezi\" \/>\n\t<meta name=\"twitter:label2\" content=\"Tahmini okuma s\u00fcresi\" \/>\n\t<meta name=\"twitter:data2\" content=\"8 dakika\" \/>\n<script type=\"application\/ld+json\" class=\"yoast-schema-graph\">{\"@context\":\"https:\\\/\\\/schema.org\",\"@graph\":[{\"@type\":\"Article\",\"@id\":\"https:\\\/\\\/memurunsesi.net\\\/index.php\\\/2025\\\/03\\\/04\\\/kayseri-universitesi-rektorlugunden\\\/#article\",\"isPartOf\":{\"@id\":\"https:\\\/\\\/memurunsesi.net\\\/index.php\\\/2025\\\/03\\\/04\\\/kayseri-universitesi-rektorlugunden\\\/\"},\"author\":{\"name\":\"Memurun Sesi Haber Merkezi\",\"@id\":\"https:\\\/\\\/memurunsesi.net\\\/#\\\/schema\\\/person\\\/f21c2d73b89f6ee1d80b0a1803e38587\"},\"headline\":\"Kayseri \u00dcniversitesi Rekt\u00f6rl\u00fc\u011f\u00fcnden:\",\"datePublished\":\"2025-03-04T06:05:22+00:00\",\"mainEntityOfPage\":{\"@id\":\"https:\\\/\\\/memurunsesi.net\\\/index.php\\\/2025\\\/03\\\/04\\\/kayseri-universitesi-rektorlugunden\\\/\"},\"wordCount\":1644,\"commentCount\":0,\"publisher\":{\"@id\":\"https:\\\/\\\/memurunsesi.net\\\/#organization\"},\"image\":{\"@id\":\"https:\\\/\\\/memurunsesi.net\\\/index.php\\\/2025\\\/03\\\/04\\\/kayseri-universitesi-rektorlugunden\\\/#primaryimage\"},\"thumbnailUrl\":\"https:\\\/\\\/memurunsesi.net\\\/wp-content\\\/uploads\\\/2025\\\/03\\\/Resim1.png\",\"articleSection\":[\"\u0130\u015f \u0130lanlar\u0131\"],\"inLanguage\":\"tr\",\"potentialAction\":[{\"@type\":\"CommentAction\",\"name\":\"Comment\",\"target\":[\"https:\\\/\\\/memurunsesi.net\\\/index.php\\\/2025\\\/03\\\/04\\\/kayseri-universitesi-rektorlugunden\\\/#respond\"]}]},{\"@type\":\"WebPage\",\"@id\":\"https:\\\/\\\/memurunsesi.net\\\/index.php\\\/2025\\\/03\\\/04\\\/kayseri-universitesi-rektorlugunden\\\/\",\"url\":\"https:\\\/\\\/memurunsesi.net\\\/index.php\\\/2025\\\/03\\\/04\\\/kayseri-universitesi-rektorlugunden\\\/\",\"name\":\"Kayseri \u00dcniversitesi Rekt\u00f6rl\u00fc\u011f\u00fcnden: - Memurun Sesi\",\"isPartOf\":{\"@id\":\"https:\\\/\\\/memurunsesi.net\\\/#website\"},\"primaryImageOfPage\":{\"@id\":\"https:\\\/\\\/memurunsesi.net\\\/index.php\\\/2025\\\/03\\\/04\\\/kayseri-universitesi-rektorlugunden\\\/#primaryimage\"},\"image\":{\"@id\":\"https:\\\/\\\/memurunsesi.net\\\/index.php\\\/2025\\\/03\\\/04\\\/kayseri-universitesi-rektorlugunden\\\/#primaryimage\"},\"thumbnailUrl\":\"https:\\\/\\\/memurunsesi.net\\\/wp-content\\\/uploads\\\/2025\\\/03\\\/Resim1.png\",\"datePublished\":\"2025-03-04T06:05:22+00:00\",\"breadcrumb\":{\"@id\":\"https:\\\/\\\/memurunsesi.net\\\/index.php\\\/2025\\\/03\\\/04\\\/kayseri-universitesi-rektorlugunden\\\/#breadcrumb\"},\"inLanguage\":\"tr\",\"potentialAction\":[{\"@type\":\"ReadAction\",\"target\":[\"https:\\\/\\\/memurunsesi.net\\\/index.php\\\/2025\\\/03\\\/04\\\/kayseri-universitesi-rektorlugunden\\\/\"]}]},{\"@type\":\"ImageObject\",\"inLanguage\":\"tr\",\"@id\":\"https:\\\/\\\/memurunsesi.net\\\/index.php\\\/2025\\\/03\\\/04\\\/kayseri-universitesi-rektorlugunden\\\/#primaryimage\",\"url\":\"https:\\\/\\\/memurunsesi.net\\\/wp-content\\\/uploads\\\/2025\\\/03\\\/Resim1.png\",\"contentUrl\":\"https:\\\/\\\/memurunsesi.net\\\/wp-content\\\/uploads\\\/2025\\\/03\\\/Resim1.png\",\"width\":125,\"height\":125},{\"@type\":\"BreadcrumbList\",\"@id\":\"https:\\\/\\\/memurunsesi.net\\\/index.php\\\/2025\\\/03\\\/04\\\/kayseri-universitesi-rektorlugunden\\\/#breadcrumb\",\"itemListElement\":[{\"@type\":\"ListItem\",\"position\":1,\"name\":\"Anasayfa\",\"item\":\"https:\\\/\\\/memurunsesi.net\\\/\"},{\"@type\":\"ListItem\",\"position\":2,\"name\":\"Kayseri \u00dcniversitesi Rekt\u00f6rl\u00fc\u011f\u00fcnden:\"}]},{\"@type\":\"WebSite\",\"@id\":\"https:\\\/\\\/memurunsesi.net\\\/#website\",\"url\":\"https:\\\/\\\/memurunsesi.net\\\/\",\"name\":\"Memurun Sesi\",\"description\":\"G\u00fcncel ve Do\u011fru Haber\",\"publisher\":{\"@id\":\"https:\\\/\\\/memurunsesi.net\\\/#organization\"},\"potentialAction\":[{\"@type\":\"SearchAction\",\"target\":{\"@type\":\"EntryPoint\",\"urlTemplate\":\"https:\\\/\\\/memurunsesi.net\\\/?s={search_term_string}\"},\"query-input\":{\"@type\":\"PropertyValueSpecification\",\"valueRequired\":true,\"valueName\":\"search_term_string\"}}],\"inLanguage\":\"tr\"},{\"@type\":\"Organization\",\"@id\":\"https:\\\/\\\/memurunsesi.net\\\/#organization\",\"name\":\"Memurun Sesi\",\"url\":\"https:\\\/\\\/memurunsesi.net\\\/\",\"logo\":{\"@type\":\"ImageObject\",\"inLanguage\":\"tr\",\"@id\":\"https:\\\/\\\/memurunsesi.net\\\/#\\\/schema\\\/logo\\\/image\\\/\",\"url\":\"https:\\\/\\\/memurunsesi.net\\\/wp-content\\\/uploads\\\/2025\\\/11\\\/cropped-MEMURUN-SESI.png\",\"contentUrl\":\"https:\\\/\\\/memurunsesi.net\\\/wp-content\\\/uploads\\\/2025\\\/11\\\/cropped-MEMURUN-SESI.png\",\"width\":238,\"height\":57,\"caption\":\"Memurun Sesi\"},\"image\":{\"@id\":\"https:\\\/\\\/memurunsesi.net\\\/#\\\/schema\\\/logo\\\/image\\\/\"},\"sameAs\":[\"https:\\\/\\\/www.facebook.com\\\/unipersen\\\/?locale=tr_TR\",\"https:\\\/\\\/x.com\\\/unipersen\"]},{\"@type\":\"Person\",\"@id\":\"https:\\\/\\\/memurunsesi.net\\\/#\\\/schema\\\/person\\\/f21c2d73b89f6ee1d80b0a1803e38587\",\"name\":\"Memurun Sesi Haber Merkezi\",\"image\":{\"@type\":\"ImageObject\",\"inLanguage\":\"tr\",\"@id\":\"https:\\\/\\\/secure.gravatar.com\\\/avatar\\\/6cf0505f452ee753f485014986fab09a434671d2b919ee76fc541025c5876a70?s=96&d=mm&r=g\",\"url\":\"https:\\\/\\\/secure.gravatar.com\\\/avatar\\\/6cf0505f452ee753f485014986fab09a434671d2b919ee76fc541025c5876a70?s=96&d=mm&r=g\",\"contentUrl\":\"https:\\\/\\\/secure.gravatar.com\\\/avatar\\\/6cf0505f452ee753f485014986fab09a434671d2b919ee76fc541025c5876a70?s=96&d=mm&r=g\",\"caption\":\"Memurun Sesi Haber Merkezi\"},\"sameAs\":[\"https:\\\/\\\/memurunsesi.net\"],\"url\":\"https:\\\/\\\/memurunsesi.net\\\/index.php\\\/author\\\/uniper\\\/\"}]}<\/script>\n<!-- \/ Yoast SEO plugin. -->","yoast_head_json":{"title":"Kayseri \u00dcniversitesi Rekt\u00f6rl\u00fc\u011f\u00fcnden: - Memurun Sesi","robots":{"index":"index","follow":"follow","max-snippet":"max-snippet:-1","max-image-preview":"max-image-preview:large","max-video-preview":"max-video-preview:-1"},"canonical":"https:\/\/memurunsesi.net\/index.php\/2025\/03\/04\/kayseri-universitesi-rektorlugunden\/","og_locale":"tr_TR","og_type":"article","og_title":"Kayseri \u00dcniversitesi Rekt\u00f6rl\u00fc\u011f\u00fcnden: - Memurun Sesi","og_description":"\u00dcniversitemizde 657 say\u0131l\u0131 Devlet Memurlar\u0131 Kanunu\u2019nun 4 \u00fcnc\u00fc maddesinin (B) f\u0131kras\u0131na g\u00f6re S\u00f6zle\u015fmeli Personel olarak istihdam edilmek \u00fczere 06.06.1978 tarihli ve 7\/15754 say\u0131l\u0131 Bakanlar Kurulu Karar\u0131 ile y\u00fcr\u00fcrl\u00fc\u011fe konulan S\u00f6zle\u015fmeli Personel \u00c7al\u0131\u015ft\u0131r\u0131lmas\u0131na \u0130li\u015fkin Esaslar\u2019\u0131n Ek 2 inci maddesinin (b) f\u0131kras\u0131na g\u00f6re 2024 Y\u0131l\u0131 KPSS (B) grubu puan s\u0131ras\u0131 esas al\u0131nmak suretiyle 2 (iki) B\u00fcro Personeli, [&hellip;]","og_url":"https:\/\/memurunsesi.net\/index.php\/2025\/03\/04\/kayseri-universitesi-rektorlugunden\/","og_site_name":"Memurun Sesi","article_publisher":"https:\/\/www.facebook.com\/unipersen\/?locale=tr_TR","article_published_time":"2025-03-04T06:05:22+00:00","og_image":[{"width":125,"height":125,"url":"https:\/\/memurunsesi.net\/wp-content\/uploads\/2025\/03\/Resim1.png","type":"image\/png"}],"author":"Memurun Sesi Haber Merkezi","twitter_card":"summary_large_image","twitter_creator":"@unipersen","twitter_site":"@unipersen","twitter_misc":{"Yazan:":"Memurun Sesi Haber Merkezi","Tahmini okuma s\u00fcresi":"8 dakika"},"schema":{"@context":"https:\/\/schema.org","@graph":[{"@type":"Article","@id":"https:\/\/memurunsesi.net\/index.php\/2025\/03\/04\/kayseri-universitesi-rektorlugunden\/#article","isPartOf":{"@id":"https:\/\/memurunsesi.net\/index.php\/2025\/03\/04\/kayseri-universitesi-rektorlugunden\/"},"author":{"name":"Memurun Sesi Haber Merkezi","@id":"https:\/\/memurunsesi.net\/#\/schema\/person\/f21c2d73b89f6ee1d80b0a1803e38587"},"headline":"Kayseri \u00dcniversitesi Rekt\u00f6rl\u00fc\u011f\u00fcnden:","datePublished":"2025-03-04T06:05:22+00:00","mainEntityOfPage":{"@id":"https:\/\/memurunsesi.net\/index.php\/2025\/03\/04\/kayseri-universitesi-rektorlugunden\/"},"wordCount":1644,"commentCount":0,"publisher":{"@id":"https:\/\/memurunsesi.net\/#organization"},"image":{"@id":"https:\/\/memurunsesi.net\/index.php\/2025\/03\/04\/kayseri-universitesi-rektorlugunden\/#primaryimage"},"thumbnailUrl":"https:\/\/memurunsesi.net\/wp-content\/uploads\/2025\/03\/Resim1.png","articleSection":["\u0130\u015f \u0130lanlar\u0131"],"inLanguage":"tr","potentialAction":[{"@type":"CommentAction","name":"Comment","target":["https:\/\/memurunsesi.net\/index.php\/2025\/03\/04\/kayseri-universitesi-rektorlugunden\/#respond"]}]},{"@type":"WebPage","@id":"https:\/\/memurunsesi.net\/index.php\/2025\/03\/04\/kayseri-universitesi-rektorlugunden\/","url":"https:\/\/memurunsesi.net\/index.php\/2025\/03\/04\/kayseri-universitesi-rektorlugunden\/","name":"Kayseri \u00dcniversitesi Rekt\u00f6rl\u00fc\u011f\u00fcnden: - Memurun Sesi","isPartOf":{"@id":"https:\/\/memurunsesi.net\/#website"},"primaryImageOfPage":{"@id":"https:\/\/memurunsesi.net\/index.php\/2025\/03\/04\/kayseri-universitesi-rektorlugunden\/#primaryimage"},"image":{"@id":"https:\/\/memurunsesi.net\/index.php\/2025\/03\/04\/kayseri-universitesi-rektorlugunden\/#primaryimage"},"thumbnailUrl":"https:\/\/memurunsesi.net\/wp-content\/uploads\/2025\/03\/Resim1.png","datePublished":"2025-03-04T06:05:22+00:00","breadcrumb":{"@id":"https:\/\/memurunsesi.net\/index.php\/2025\/03\/04\/kayseri-universitesi-rektorlugunden\/#breadcrumb"},"inLanguage":"tr","potentialAction":[{"@type":"ReadAction","target":["https:\/\/memurunsesi.net\/index.php\/2025\/03\/04\/kayseri-universitesi-rektorlugunden\/"]}]},{"@type":"ImageObject","inLanguage":"tr","@id":"https:\/\/memurunsesi.net\/index.php\/2025\/03\/04\/kayseri-universitesi-rektorlugunden\/#primaryimage","url":"https:\/\/memurunsesi.net\/wp-content\/uploads\/2025\/03\/Resim1.png","contentUrl":"https:\/\/memurunsesi.net\/wp-content\/uploads\/2025\/03\/Resim1.png","width":125,"height":125},{"@type":"BreadcrumbList","@id":"https:\/\/memurunsesi.net\/index.php\/2025\/03\/04\/kayseri-universitesi-rektorlugunden\/#breadcrumb","itemListElement":[{"@type":"ListItem","position":1,"name":"Anasayfa","item":"https:\/\/memurunsesi.net\/"},{"@type":"ListItem","position":2,"name":"Kayseri \u00dcniversitesi Rekt\u00f6rl\u00fc\u011f\u00fcnden:"}]},{"@type":"WebSite","@id":"https:\/\/memurunsesi.net\/#website","url":"https:\/\/memurunsesi.net\/","name":"Memurun Sesi","description":"G\u00fcncel ve Do\u011fru Haber","publisher":{"@id":"https:\/\/memurunsesi.net\/#organization"},"potentialAction":[{"@type":"SearchAction","target":{"@type":"EntryPoint","urlTemplate":"https:\/\/memurunsesi.net\/?s={search_term_string}"},"query-input":{"@type":"PropertyValueSpecification","valueRequired":true,"valueName":"search_term_string"}}],"inLanguage":"tr"},{"@type":"Organization","@id":"https:\/\/memurunsesi.net\/#organization","name":"Memurun Sesi","url":"https:\/\/memurunsesi.net\/","logo":{"@type":"ImageObject","inLanguage":"tr","@id":"https:\/\/memurunsesi.net\/#\/schema\/logo\/image\/","url":"https:\/\/memurunsesi.net\/wp-content\/uploads\/2025\/11\/cropped-MEMURUN-SESI.png","contentUrl":"https:\/\/memurunsesi.net\/wp-content\/uploads\/2025\/11\/cropped-MEMURUN-SESI.png","width":238,"height":57,"caption":"Memurun Sesi"},"image":{"@id":"https:\/\/memurunsesi.net\/#\/schema\/logo\/image\/"},"sameAs":["https:\/\/www.facebook.com\/unipersen\/?locale=tr_TR","https:\/\/x.com\/unipersen"]},{"@type":"Person","@id":"https:\/\/memurunsesi.net\/#\/schema\/person\/f21c2d73b89f6ee1d80b0a1803e38587","name":"Memurun Sesi Haber Merkezi","image":{"@type":"ImageObject","inLanguage":"tr","@id":"https:\/\/secure.gravatar.com\/avatar\/6cf0505f452ee753f485014986fab09a434671d2b919ee76fc541025c5876a70?s=96&d=mm&r=g","url":"https:\/\/secure.gravatar.com\/avatar\/6cf0505f452ee753f485014986fab09a434671d2b919ee76fc541025c5876a70?s=96&d=mm&r=g","contentUrl":"https:\/\/secure.gravatar.com\/avatar\/6cf0505f452ee753f485014986fab09a434671d2b919ee76fc541025c5876a70?s=96&d=mm&r=g","caption":"Memurun Sesi Haber Merkezi"},"sameAs":["https:\/\/memurunsesi.net"],"url":"https:\/\/memurunsesi.net\/index.php\/author\/uniper\/"}]}},"_links":{"self":[{"href":"https:\/\/memurunsesi.net\/index.php\/wp-json\/wp\/v2\/posts\/3894","targetHints":{"allow":["GET"]}}],"collection":[{"href":"https:\/\/memurunsesi.net\/index.php\/wp-json\/wp\/v2\/posts"}],"about":[{"href":"https:\/\/memurunsesi.net\/index.php\/wp-json\/wp\/v2\/types\/post"}],"author":[{"embeddable":true,"href":"https:\/\/memurunsesi.net\/index.php\/wp-json\/wp\/v2\/users\/1"}],"replies":[{"embeddable":true,"href":"https:\/\/memurunsesi.net\/index.php\/wp-json\/wp\/v2\/comments?post=3894"}],"version-history":[{"count":1,"href":"https:\/\/memurunsesi.net\/index.php\/wp-json\/wp\/v2\/posts\/3894\/revisions"}],"predecessor-version":[{"id":3897,"href":"https:\/\/memurunsesi.net\/index.php\/wp-json\/wp\/v2\/posts\/3894\/revisions\/3897"}],"wp:featuredmedia":[{"embeddable":true,"href":"https:\/\/memurunsesi.net\/index.php\/wp-json\/wp\/v2\/media\/3896"}],"wp:attachment":[{"href":"https:\/\/memurunsesi.net\/index.php\/wp-json\/wp\/v2\/media?parent=3894"}],"wp:term":[{"taxonomy":"category","embeddable":true,"href":"https:\/\/memurunsesi.net\/index.php\/wp-json\/wp\/v2\/categories?post=3894"},{"taxonomy":"post_tag","embeddable":true,"href":"https:\/\/memurunsesi.net\/index.php\/wp-json\/wp\/v2\/tags?post=3894"}],"curies":[{"name":"wp","href":"https:\/\/api.w.org\/{rel}","templated":true}]}}