{"id":3904,"date":"2025-03-05T08:59:37","date_gmt":"2025-03-05T05:59:37","guid":{"rendered":"https:\/\/memurunsesi.net\/?p=3904"},"modified":"2025-03-05T08:59:37","modified_gmt":"2025-03-05T05:59:37","slug":"sarigolden-viransehire-gonul-koprusu","status":"publish","type":"post","link":"https:\/\/memurunsesi.net\/index.php\/2025\/03\/05\/sarigolden-viransehire-gonul-koprusu\/","title":{"rendered":"Sar\u0131g\u00f6l&#8217;den Viran\u015fehir&#8217;e g\u00f6n\u00fcl k\u00f6pr\u00fcs\u00fc"},"content":{"rendered":"<p>\n Bu y\u0131l \u015eanl\u0131urfa&#8217;n\u0131n Viran\u015fehir il\u00e7esindeki \u00dc\u00e7dam \u0130lkokuluna atanan \u00d6\u011fretmen Zeliha Kocata\u015f&#8217;\u0131n, okulun ve \u00f6\u011frencilerin ihtiya\u00e7 ve eksikliklerini ge\u00e7ti\u011fimiz y\u0131l \u00fccretli \u00f6\u011fretmenlik yapt\u0131\u011f\u0131 Sar\u0131g\u00f6l Mimar Sinan \u0130lkokuluna bir mektupla bildirmesi \u00fczerine Sar\u0131g\u00f6l&#8217;den Viran\u015fehir&#8217;e g\u00f6n\u00fcl k\u00f6pr\u00fcs\u00fc kuruldu.<br \/>\n  Manisa&#8217;n\u0131n Sar\u0131g\u00f6l il\u00e7esindeki Mimar Sinan \u0130lkokulu \u00f6\u011frenci \u00f6\u011fretmen ve velileri, ge\u00e7en y\u0131l okullar\u0131nda \u00fccretli \u00f6\u011fretmen olarak g\u00f6rev yapan ve yeni \u00f6\u011fretmen atamalar\u0131nda asil \u00d6\u011fretmen olarak \u015eanl\u0131urfa Viran\u015fehir \u00dc\u00e7dam \u0130lkokuluna atanarak g\u00f6revine ba\u015flayan Zeliha Kocata\u015f&#8217;tan ald\u0131klar\u0131 bir mektup \u00fczerine yard\u0131m kampanyas\u0131 ba\u015flatt\u0131.<br \/>\n  Gelen mektup \u00fczerine harekete ge\u00e7en Sar\u0131g\u00f6l Mimar Sinan \u0130lkokulu taraf\u0131ndan \u015eanl\u0131urfa Viran\u015fehir il\u00e7esi \u00dc\u00e7dam \u0130lkokulu i\u00e7in yard\u0131m kampanyas\u0131 ba\u015flat\u0131ld\u0131. \u00d6\u011frenciler ve veliler kampanyaya yo\u011fun ilgi g\u00f6sterdi. K\u0131sa s\u00fcrede toplanan yard\u0131m malzemeleri, Viran\u015fehir \u00dc\u00e7dam \u0130lkokulu \u00f6\u011frencilerinin isimlerine \u00f6zel olarak paketlenmi\u015f halde g\u00f6nderildi. Yard\u0131mlar\u0131n okula ula\u015ft\u0131\u011f\u0131n\u0131 ifade eden Sar\u0131g\u00f6l Mimar Sinan \u0130lkokulu Okul M\u00fcd\u00fcr\u00fc Adem \u00c7elik, &#8220;Zeliha \u00d6\u011fretmenimiz ile ge\u00e7en y\u0131l birlikte \u00e7al\u0131\u015ft\u0131k. Okulumuzda ge\u00e7irdi\u011fi s\u00fcre zarf\u0131nda \u00e7al\u0131\u015fkanl\u0131\u011f\u0131 ve \u00f6zverisi ile hepimizin g\u00f6nl\u00fcne girdi. Viran\u015fehir&#8217;e atanarak g\u00f6revine ba\u015flad\u0131. Bizden hikaye kitab\u0131 istemi\u015fti sadece fakat biz \u00f6\u011frendik ki \u00f6\u011frencilerinin maddi anlamda da ihtiya\u00e7lar\u0131 varm\u0131\u015f. \u00d6\u011fretmenlerimiz, \u00f6\u011frencilerimiz ve velilerimizin katk\u0131lar\u0131 sayesinde \u00e7ok k\u0131sa s\u00fcrede Zeliha \u00d6\u011fretmenimizin s\u0131n\u0131f\u0131ndaki t\u00fcm \u00f6\u011frencilere bot, mont, k\u0131rtasiye malzemesi ile birlikte okul \u00e7antalar\u0131 ve k\u0131yafet olmak \u00fczere geni\u015f kapsaml\u0131 bir yard\u0131mda bulunduk. Eme\u011fi ge\u00e7en t\u00fcm \u00f6\u011frencilerimize, \u00f6\u011fretmenlerimize ve velilerimize katk\u0131lar\u0131ndan dolay\u0131 te\u015fekk\u00fcr eder Zeliha \u00d6\u011fretmenimize yeni g\u00f6rev yerinde ba\u015far\u0131lar dileriz.&#8221; dedi.<br \/>\n  Sar\u0131g\u00f6l \u0130l\u00e7e Milli E\u011fitim M\u00fcd\u00fcr\u00fc Cezmi Y\u0131ld\u0131rak, bu t\u00fcr etkinliklerin devaml\u0131 olaca\u011f\u0131n\u0131 ifade ederek \u015funlar\u0131 s\u00f6yledi: &#8220;\u015eanl\u0131urfa ili Viran\u015fehir il\u00e7esi \u00dc\u00e7dam \u0130lkokuluna atanan \u00f6\u011fretmenimizin yard\u0131m iste\u011fini okulumuz \u00f6\u011frencileri velileri ve \u00f6\u011fretmenlerimizin katk\u0131lar\u0131yla kar\u015f\u0131lanarak ihtiyac\u0131 olan okula ula\u015fmas\u0131 bizleri sevindirdi. 23 \u00f6\u011frencisi olan okula \u00e7ok say\u0131da kitap, ayakkab\u0131, mont, ders ara\u00e7lar\u0131 g\u00f6nderilerek oradaki \u00f6\u011frencilerimizle g\u00f6n\u00fcl k\u00f6pr\u00fcs\u00fc kuruldu.&#8221; <\/p>\n<p>5.03.2025                                        <\/p>\n","protected":false},"excerpt":{"rendered":"<p>Bu y\u0131l \u015eanl\u0131urfa&#8217;n\u0131n Viran\u015fehir il\u00e7esindeki \u00dc\u00e7dam \u0130lkokuluna atanan \u00d6\u011fretmen Zeliha Kocata\u015f&#8217;\u0131n, okulun ve \u00f6\u011frencilerin ihtiya\u00e7 ve eksikliklerini ge\u00e7ti\u011fimiz y\u0131l \u00fccretli \u00f6\u011fretmenlik yapt\u0131\u011f\u0131 Sar\u0131g\u00f6l Mimar Sinan \u0130lkokuluna bir mektupla bildirmesi \u00fczerine Sar\u0131g\u00f6l&#8217;den Viran\u015fehir&#8217;e g\u00f6n\u00fcl k\u00f6pr\u00fcs\u00fc kuruldu. Manisa&#8217;n\u0131n Sar\u0131g\u00f6l il\u00e7esindeki Mimar Sinan \u0130lkokulu \u00f6\u011frenci \u00f6\u011fretmen ve velileri, ge\u00e7en y\u0131l okullar\u0131nda \u00fccretli \u00f6\u011fretmen olarak g\u00f6rev yapan ve yeni [&hellip;]<\/p>\n","protected":false},"author":1,"featured_media":3905,"comment_status":"open","ping_status":"open","sticky":false,"template":"","format":"standard","meta":{"footnotes":""},"categories":[1],"tags":[],"class_list":["post-3904","post","type-post","status-publish","format-standard","has-post-thumbnail","hentry","category-genel"],"yoast_head":"<!-- This site is optimized with the Yoast SEO plugin v27.4 - https:\/\/yoast.com\/product\/yoast-seo-wordpress\/ -->\n<title>Sar\u0131g\u00f6l&#039;den Viran\u015fehir&#039;e g\u00f6n\u00fcl k\u00f6pr\u00fcs\u00fc - Memurun Sesi<\/title>\n<meta name=\"robots\" content=\"index, follow, max-snippet:-1, max-image-preview:large, max-video-preview:-1\" \/>\n<link rel=\"canonical\" href=\"https:\/\/memurunsesi.net\/index.php\/2025\/03\/05\/sarigolden-viransehire-gonul-koprusu\/\" \/>\n<meta property=\"og:locale\" content=\"tr_TR\" \/>\n<meta property=\"og:type\" content=\"article\" \/>\n<meta property=\"og:title\" content=\"Sar\u0131g\u00f6l&#039;den Viran\u015fehir&#039;e g\u00f6n\u00fcl k\u00f6pr\u00fcs\u00fc - Memurun Sesi\" \/>\n<meta property=\"og:description\" content=\"Bu y\u0131l \u015eanl\u0131urfa&#8217;n\u0131n Viran\u015fehir il\u00e7esindeki \u00dc\u00e7dam \u0130lkokuluna atanan \u00d6\u011fretmen Zeliha Kocata\u015f&#8217;\u0131n, okulun ve \u00f6\u011frencilerin ihtiya\u00e7 ve eksikliklerini ge\u00e7ti\u011fimiz y\u0131l \u00fccretli \u00f6\u011fretmenlik yapt\u0131\u011f\u0131 Sar\u0131g\u00f6l Mimar Sinan \u0130lkokuluna bir mektupla bildirmesi \u00fczerine Sar\u0131g\u00f6l&#8217;den Viran\u015fehir&#8217;e g\u00f6n\u00fcl k\u00f6pr\u00fcs\u00fc kuruldu. Manisa&#8217;n\u0131n Sar\u0131g\u00f6l il\u00e7esindeki Mimar Sinan \u0130lkokulu \u00f6\u011frenci \u00f6\u011fretmen ve velileri, ge\u00e7en y\u0131l okullar\u0131nda \u00fccretli \u00f6\u011fretmen olarak g\u00f6rev yapan ve yeni [&hellip;]\" \/>\n<meta property=\"og:url\" content=\"https:\/\/memurunsesi.net\/index.php\/2025\/03\/05\/sarigolden-viransehire-gonul-koprusu\/\" \/>\n<meta property=\"og:site_name\" content=\"Memurun Sesi\" \/>\n<meta property=\"article:publisher\" content=\"https:\/\/www.facebook.com\/unipersen\/?locale=tr_TR\" \/>\n<meta property=\"article:published_time\" content=\"2025-03-05T05:59:37+00:00\" \/>\n<meta property=\"og:image\" content=\"https:\/\/memurunsesi.net\/wp-content\/uploads\/2025\/03\/AW405364_01.jpg\" \/>\n\t<meta property=\"og:image:width\" content=\"1536\" \/>\n\t<meta property=\"og:image:height\" content=\"1230\" \/>\n\t<meta property=\"og:image:type\" content=\"image\/jpeg\" \/>\n<meta name=\"author\" content=\"Memurun Sesi Haber Merkezi\" \/>\n<meta name=\"twitter:card\" content=\"summary_large_image\" \/>\n<meta name=\"twitter:creator\" content=\"@unipersen\" \/>\n<meta name=\"twitter:site\" content=\"@unipersen\" \/>\n<meta name=\"twitter:label1\" content=\"Yazan:\" \/>\n\t<meta name=\"twitter:data1\" content=\"Memurun Sesi Haber Merkezi\" \/>\n\t<meta name=\"twitter:label2\" content=\"Tahmini okuma s\u00fcresi\" \/>\n\t<meta name=\"twitter:data2\" content=\"2 dakika\" \/>\n<script type=\"application\/ld+json\" class=\"yoast-schema-graph\">{\"@context\":\"https:\\\/\\\/schema.org\",\"@graph\":[{\"@type\":\"Article\",\"@id\":\"https:\\\/\\\/memurunsesi.net\\\/index.php\\\/2025\\\/03\\\/05\\\/sarigolden-viransehire-gonul-koprusu\\\/#article\",\"isPartOf\":{\"@id\":\"https:\\\/\\\/memurunsesi.net\\\/index.php\\\/2025\\\/03\\\/05\\\/sarigolden-viransehire-gonul-koprusu\\\/\"},\"author\":{\"name\":\"Memurun Sesi Haber Merkezi\",\"@id\":\"https:\\\/\\\/memurunsesi.net\\\/#\\\/schema\\\/person\\\/f21c2d73b89f6ee1d80b0a1803e38587\"},\"headline\":\"Sar\u0131g\u00f6l&#8217;den Viran\u015fehir&#8217;e g\u00f6n\u00fcl k\u00f6pr\u00fcs\u00fc\",\"datePublished\":\"2025-03-05T05:59:37+00:00\",\"mainEntityOfPage\":{\"@id\":\"https:\\\/\\\/memurunsesi.net\\\/index.php\\\/2025\\\/03\\\/05\\\/sarigolden-viransehire-gonul-koprusu\\\/\"},\"wordCount\":414,\"commentCount\":0,\"publisher\":{\"@id\":\"https:\\\/\\\/memurunsesi.net\\\/#organization\"},\"image\":{\"@id\":\"https:\\\/\\\/memurunsesi.net\\\/index.php\\\/2025\\\/03\\\/05\\\/sarigolden-viransehire-gonul-koprusu\\\/#primaryimage\"},\"thumbnailUrl\":\"https:\\\/\\\/memurunsesi.net\\\/wp-content\\\/uploads\\\/2025\\\/03\\\/AW405364_01.jpg\",\"inLanguage\":\"tr\",\"potentialAction\":[{\"@type\":\"CommentAction\",\"name\":\"Comment\",\"target\":[\"https:\\\/\\\/memurunsesi.net\\\/index.php\\\/2025\\\/03\\\/05\\\/sarigolden-viransehire-gonul-koprusu\\\/#respond\"]}]},{\"@type\":\"WebPage\",\"@id\":\"https:\\\/\\\/memurunsesi.net\\\/index.php\\\/2025\\\/03\\\/05\\\/sarigolden-viransehire-gonul-koprusu\\\/\",\"url\":\"https:\\\/\\\/memurunsesi.net\\\/index.php\\\/2025\\\/03\\\/05\\\/sarigolden-viransehire-gonul-koprusu\\\/\",\"name\":\"Sar\u0131g\u00f6l'den Viran\u015fehir'e g\u00f6n\u00fcl k\u00f6pr\u00fcs\u00fc - Memurun Sesi\",\"isPartOf\":{\"@id\":\"https:\\\/\\\/memurunsesi.net\\\/#website\"},\"primaryImageOfPage\":{\"@id\":\"https:\\\/\\\/memurunsesi.net\\\/index.php\\\/2025\\\/03\\\/05\\\/sarigolden-viransehire-gonul-koprusu\\\/#primaryimage\"},\"image\":{\"@id\":\"https:\\\/\\\/memurunsesi.net\\\/index.php\\\/2025\\\/03\\\/05\\\/sarigolden-viransehire-gonul-koprusu\\\/#primaryimage\"},\"thumbnailUrl\":\"https:\\\/\\\/memurunsesi.net\\\/wp-content\\\/uploads\\\/2025\\\/03\\\/AW405364_01.jpg\",\"datePublished\":\"2025-03-05T05:59:37+00:00\",\"breadcrumb\":{\"@id\":\"https:\\\/\\\/memurunsesi.net\\\/index.php\\\/2025\\\/03\\\/05\\\/sarigolden-viransehire-gonul-koprusu\\\/#breadcrumb\"},\"inLanguage\":\"tr\",\"potentialAction\":[{\"@type\":\"ReadAction\",\"target\":[\"https:\\\/\\\/memurunsesi.net\\\/index.php\\\/2025\\\/03\\\/05\\\/sarigolden-viransehire-gonul-koprusu\\\/\"]}]},{\"@type\":\"ImageObject\",\"inLanguage\":\"tr\",\"@id\":\"https:\\\/\\\/memurunsesi.net\\\/index.php\\\/2025\\\/03\\\/05\\\/sarigolden-viransehire-gonul-koprusu\\\/#primaryimage\",\"url\":\"https:\\\/\\\/memurunsesi.net\\\/wp-content\\\/uploads\\\/2025\\\/03\\\/AW405364_01.jpg\",\"contentUrl\":\"https:\\\/\\\/memurunsesi.net\\\/wp-content\\\/uploads\\\/2025\\\/03\\\/AW405364_01.jpg\",\"width\":1536,\"height\":1230,\"caption\":\"BU YIL \u015eANLIURFA'NIN V\u0130RAN\u015eEH\u0130R \u0130L\u00c7ES\u0130NDEK\u0130 \u00dc\u00c7DAM \u0130LKOKULUNA ATANAN \u00d6\u011eRETMEN ZEL\u0130HA KADER KOCATA\u015e'IN, OKULUN VE \u00d6\u011eRENC\u0130LER\u0130N \u0130HT\u0130YA\u00c7 VE EKS\u0130KL\u0130KLER\u0130N\u0130 GE\u00c7T\u0130\u011e\u0130M\u0130Z YIL \u00dcCRETL\u0130 \u00d6\u011eRETMENL\u0130K YAPTI\u011eI SARIG\u00d6L M\u0130MAR S\u0130NAN \u0130LKOKULUNA B\u0130R MEKTUPLA B\u0130LD\u0130RMES\u0130 \u00dcZER\u0130NE SARIG\u00d6L'DEN V\u0130RAN\u015eEH\u0130R'E G\u00d6N\u00dcL K\u00d6PR\u00dcS\u00dc KURULDU. (H\u0130MMET VEHB\u0130 SARIHAN\\\/MAN\u0130SA-\u0130HA) Bu y\u0131l \u015eanl\u0131urfa'n\u0131n Viran\u015fehir il\u00e7esindeki \u00dc\u00e7dam \u0130lkokuluna atanan \u00d6\u011fretmen Zeliha Kocata\u015f'\u0131n, okulun ve \u00f6\u011frencilerin ihtiya\u00e7 ve eksikliklerini ge\u00e7ti\u011fimiz y\u0131l \u00fccretli \u00f6\u011fretmenlik yapt\u0131\u011f\u0131 Sar\u0131g\u00f6l Mimar Sinan \u0130lkokuluna bir mektupla bildirmesi \u00fczerine Sar\u0131g\u00f6l'den Viran\u015fehir'e g\u00f6n\u00fcl k\u00f6pr\u00fcs\u00fc kuruldu.\"},{\"@type\":\"BreadcrumbList\",\"@id\":\"https:\\\/\\\/memurunsesi.net\\\/index.php\\\/2025\\\/03\\\/05\\\/sarigolden-viransehire-gonul-koprusu\\\/#breadcrumb\",\"itemListElement\":[{\"@type\":\"ListItem\",\"position\":1,\"name\":\"Anasayfa\",\"item\":\"https:\\\/\\\/memurunsesi.net\\\/\"},{\"@type\":\"ListItem\",\"position\":2,\"name\":\"Sar\u0131g\u00f6l&#8217;den Viran\u015fehir&#8217;e g\u00f6n\u00fcl k\u00f6pr\u00fcs\u00fc\"}]},{\"@type\":\"WebSite\",\"@id\":\"https:\\\/\\\/memurunsesi.net\\\/#website\",\"url\":\"https:\\\/\\\/memurunsesi.net\\\/\",\"name\":\"Memurun Sesi\",\"description\":\"G\u00fcncel ve Do\u011fru Haber\",\"publisher\":{\"@id\":\"https:\\\/\\\/memurunsesi.net\\\/#organization\"},\"potentialAction\":[{\"@type\":\"SearchAction\",\"target\":{\"@type\":\"EntryPoint\",\"urlTemplate\":\"https:\\\/\\\/memurunsesi.net\\\/?s={search_term_string}\"},\"query-input\":{\"@type\":\"PropertyValueSpecification\",\"valueRequired\":true,\"valueName\":\"search_term_string\"}}],\"inLanguage\":\"tr\"},{\"@type\":\"Organization\",\"@id\":\"https:\\\/\\\/memurunsesi.net\\\/#organization\",\"name\":\"Memurun Sesi\",\"url\":\"https:\\\/\\\/memurunsesi.net\\\/\",\"logo\":{\"@type\":\"ImageObject\",\"inLanguage\":\"tr\",\"@id\":\"https:\\\/\\\/memurunsesi.net\\\/#\\\/schema\\\/logo\\\/image\\\/\",\"url\":\"https:\\\/\\\/memurunsesi.net\\\/wp-content\\\/uploads\\\/2025\\\/11\\\/cropped-MEMURUN-SESI.png\",\"contentUrl\":\"https:\\\/\\\/memurunsesi.net\\\/wp-content\\\/uploads\\\/2025\\\/11\\\/cropped-MEMURUN-SESI.png\",\"width\":238,\"height\":57,\"caption\":\"Memurun Sesi\"},\"image\":{\"@id\":\"https:\\\/\\\/memurunsesi.net\\\/#\\\/schema\\\/logo\\\/image\\\/\"},\"sameAs\":[\"https:\\\/\\\/www.facebook.com\\\/unipersen\\\/?locale=tr_TR\",\"https:\\\/\\\/x.com\\\/unipersen\"]},{\"@type\":\"Person\",\"@id\":\"https:\\\/\\\/memurunsesi.net\\\/#\\\/schema\\\/person\\\/f21c2d73b89f6ee1d80b0a1803e38587\",\"name\":\"Memurun Sesi Haber Merkezi\",\"image\":{\"@type\":\"ImageObject\",\"inLanguage\":\"tr\",\"@id\":\"https:\\\/\\\/secure.gravatar.com\\\/avatar\\\/6cf0505f452ee753f485014986fab09a434671d2b919ee76fc541025c5876a70?s=96&d=mm&r=g\",\"url\":\"https:\\\/\\\/secure.gravatar.com\\\/avatar\\\/6cf0505f452ee753f485014986fab09a434671d2b919ee76fc541025c5876a70?s=96&d=mm&r=g\",\"contentUrl\":\"https:\\\/\\\/secure.gravatar.com\\\/avatar\\\/6cf0505f452ee753f485014986fab09a434671d2b919ee76fc541025c5876a70?s=96&d=mm&r=g\",\"caption\":\"Memurun Sesi Haber Merkezi\"},\"sameAs\":[\"https:\\\/\\\/memurunsesi.net\"],\"url\":\"https:\\\/\\\/memurunsesi.net\\\/index.php\\\/author\\\/uniper\\\/\"}]}<\/script>\n<!-- \/ Yoast SEO plugin. -->","yoast_head_json":{"title":"Sar\u0131g\u00f6l'den Viran\u015fehir'e g\u00f6n\u00fcl k\u00f6pr\u00fcs\u00fc - Memurun Sesi","robots":{"index":"index","follow":"follow","max-snippet":"max-snippet:-1","max-image-preview":"max-image-preview:large","max-video-preview":"max-video-preview:-1"},"canonical":"https:\/\/memurunsesi.net\/index.php\/2025\/03\/05\/sarigolden-viransehire-gonul-koprusu\/","og_locale":"tr_TR","og_type":"article","og_title":"Sar\u0131g\u00f6l'den Viran\u015fehir'e g\u00f6n\u00fcl k\u00f6pr\u00fcs\u00fc - Memurun Sesi","og_description":"Bu y\u0131l \u015eanl\u0131urfa&#8217;n\u0131n Viran\u015fehir il\u00e7esindeki \u00dc\u00e7dam \u0130lkokuluna atanan \u00d6\u011fretmen Zeliha Kocata\u015f&#8217;\u0131n, okulun ve \u00f6\u011frencilerin ihtiya\u00e7 ve eksikliklerini ge\u00e7ti\u011fimiz y\u0131l \u00fccretli \u00f6\u011fretmenlik yapt\u0131\u011f\u0131 Sar\u0131g\u00f6l Mimar Sinan \u0130lkokuluna bir mektupla bildirmesi \u00fczerine Sar\u0131g\u00f6l&#8217;den Viran\u015fehir&#8217;e g\u00f6n\u00fcl k\u00f6pr\u00fcs\u00fc kuruldu. Manisa&#8217;n\u0131n Sar\u0131g\u00f6l il\u00e7esindeki Mimar Sinan \u0130lkokulu \u00f6\u011frenci \u00f6\u011fretmen ve velileri, ge\u00e7en y\u0131l okullar\u0131nda \u00fccretli \u00f6\u011fretmen olarak g\u00f6rev yapan ve yeni [&hellip;]","og_url":"https:\/\/memurunsesi.net\/index.php\/2025\/03\/05\/sarigolden-viransehire-gonul-koprusu\/","og_site_name":"Memurun Sesi","article_publisher":"https:\/\/www.facebook.com\/unipersen\/?locale=tr_TR","article_published_time":"2025-03-05T05:59:37+00:00","og_image":[{"width":1536,"height":1230,"url":"https:\/\/memurunsesi.net\/wp-content\/uploads\/2025\/03\/AW405364_01.jpg","type":"image\/jpeg"}],"author":"Memurun Sesi Haber Merkezi","twitter_card":"summary_large_image","twitter_creator":"@unipersen","twitter_site":"@unipersen","twitter_misc":{"Yazan:":"Memurun Sesi Haber Merkezi","Tahmini okuma s\u00fcresi":"2 dakika"},"schema":{"@context":"https:\/\/schema.org","@graph":[{"@type":"Article","@id":"https:\/\/memurunsesi.net\/index.php\/2025\/03\/05\/sarigolden-viransehire-gonul-koprusu\/#article","isPartOf":{"@id":"https:\/\/memurunsesi.net\/index.php\/2025\/03\/05\/sarigolden-viransehire-gonul-koprusu\/"},"author":{"name":"Memurun Sesi Haber Merkezi","@id":"https:\/\/memurunsesi.net\/#\/schema\/person\/f21c2d73b89f6ee1d80b0a1803e38587"},"headline":"Sar\u0131g\u00f6l&#8217;den Viran\u015fehir&#8217;e g\u00f6n\u00fcl k\u00f6pr\u00fcs\u00fc","datePublished":"2025-03-05T05:59:37+00:00","mainEntityOfPage":{"@id":"https:\/\/memurunsesi.net\/index.php\/2025\/03\/05\/sarigolden-viransehire-gonul-koprusu\/"},"wordCount":414,"commentCount":0,"publisher":{"@id":"https:\/\/memurunsesi.net\/#organization"},"image":{"@id":"https:\/\/memurunsesi.net\/index.php\/2025\/03\/05\/sarigolden-viransehire-gonul-koprusu\/#primaryimage"},"thumbnailUrl":"https:\/\/memurunsesi.net\/wp-content\/uploads\/2025\/03\/AW405364_01.jpg","inLanguage":"tr","potentialAction":[{"@type":"CommentAction","name":"Comment","target":["https:\/\/memurunsesi.net\/index.php\/2025\/03\/05\/sarigolden-viransehire-gonul-koprusu\/#respond"]}]},{"@type":"WebPage","@id":"https:\/\/memurunsesi.net\/index.php\/2025\/03\/05\/sarigolden-viransehire-gonul-koprusu\/","url":"https:\/\/memurunsesi.net\/index.php\/2025\/03\/05\/sarigolden-viransehire-gonul-koprusu\/","name":"Sar\u0131g\u00f6l'den Viran\u015fehir'e g\u00f6n\u00fcl k\u00f6pr\u00fcs\u00fc - Memurun Sesi","isPartOf":{"@id":"https:\/\/memurunsesi.net\/#website"},"primaryImageOfPage":{"@id":"https:\/\/memurunsesi.net\/index.php\/2025\/03\/05\/sarigolden-viransehire-gonul-koprusu\/#primaryimage"},"image":{"@id":"https:\/\/memurunsesi.net\/index.php\/2025\/03\/05\/sarigolden-viransehire-gonul-koprusu\/#primaryimage"},"thumbnailUrl":"https:\/\/memurunsesi.net\/wp-content\/uploads\/2025\/03\/AW405364_01.jpg","datePublished":"2025-03-05T05:59:37+00:00","breadcrumb":{"@id":"https:\/\/memurunsesi.net\/index.php\/2025\/03\/05\/sarigolden-viransehire-gonul-koprusu\/#breadcrumb"},"inLanguage":"tr","potentialAction":[{"@type":"ReadAction","target":["https:\/\/memurunsesi.net\/index.php\/2025\/03\/05\/sarigolden-viransehire-gonul-koprusu\/"]}]},{"@type":"ImageObject","inLanguage":"tr","@id":"https:\/\/memurunsesi.net\/index.php\/2025\/03\/05\/sarigolden-viransehire-gonul-koprusu\/#primaryimage","url":"https:\/\/memurunsesi.net\/wp-content\/uploads\/2025\/03\/AW405364_01.jpg","contentUrl":"https:\/\/memurunsesi.net\/wp-content\/uploads\/2025\/03\/AW405364_01.jpg","width":1536,"height":1230,"caption":"BU YIL \u015eANLIURFA'NIN V\u0130RAN\u015eEH\u0130R \u0130L\u00c7ES\u0130NDEK\u0130 \u00dc\u00c7DAM \u0130LKOKULUNA ATANAN \u00d6\u011eRETMEN ZEL\u0130HA KADER KOCATA\u015e'IN, OKULUN VE \u00d6\u011eRENC\u0130LER\u0130N \u0130HT\u0130YA\u00c7 VE EKS\u0130KL\u0130KLER\u0130N\u0130 GE\u00c7T\u0130\u011e\u0130M\u0130Z YIL \u00dcCRETL\u0130 \u00d6\u011eRETMENL\u0130K YAPTI\u011eI SARIG\u00d6L M\u0130MAR S\u0130NAN \u0130LKOKULUNA B\u0130R MEKTUPLA B\u0130LD\u0130RMES\u0130 \u00dcZER\u0130NE SARIG\u00d6L'DEN V\u0130RAN\u015eEH\u0130R'E G\u00d6N\u00dcL K\u00d6PR\u00dcS\u00dc KURULDU. (H\u0130MMET VEHB\u0130 SARIHAN\/MAN\u0130SA-\u0130HA) Bu y\u0131l \u015eanl\u0131urfa'n\u0131n Viran\u015fehir il\u00e7esindeki \u00dc\u00e7dam \u0130lkokuluna atanan \u00d6\u011fretmen Zeliha Kocata\u015f'\u0131n, okulun ve \u00f6\u011frencilerin ihtiya\u00e7 ve eksikliklerini ge\u00e7ti\u011fimiz y\u0131l \u00fccretli \u00f6\u011fretmenlik yapt\u0131\u011f\u0131 Sar\u0131g\u00f6l Mimar Sinan \u0130lkokuluna bir mektupla bildirmesi \u00fczerine Sar\u0131g\u00f6l'den Viran\u015fehir'e g\u00f6n\u00fcl k\u00f6pr\u00fcs\u00fc kuruldu."},{"@type":"BreadcrumbList","@id":"https:\/\/memurunsesi.net\/index.php\/2025\/03\/05\/sarigolden-viransehire-gonul-koprusu\/#breadcrumb","itemListElement":[{"@type":"ListItem","position":1,"name":"Anasayfa","item":"https:\/\/memurunsesi.net\/"},{"@type":"ListItem","position":2,"name":"Sar\u0131g\u00f6l&#8217;den Viran\u015fehir&#8217;e g\u00f6n\u00fcl k\u00f6pr\u00fcs\u00fc"}]},{"@type":"WebSite","@id":"https:\/\/memurunsesi.net\/#website","url":"https:\/\/memurunsesi.net\/","name":"Memurun Sesi","description":"G\u00fcncel ve Do\u011fru Haber","publisher":{"@id":"https:\/\/memurunsesi.net\/#organization"},"potentialAction":[{"@type":"SearchAction","target":{"@type":"EntryPoint","urlTemplate":"https:\/\/memurunsesi.net\/?s={search_term_string}"},"query-input":{"@type":"PropertyValueSpecification","valueRequired":true,"valueName":"search_term_string"}}],"inLanguage":"tr"},{"@type":"Organization","@id":"https:\/\/memurunsesi.net\/#organization","name":"Memurun Sesi","url":"https:\/\/memurunsesi.net\/","logo":{"@type":"ImageObject","inLanguage":"tr","@id":"https:\/\/memurunsesi.net\/#\/schema\/logo\/image\/","url":"https:\/\/memurunsesi.net\/wp-content\/uploads\/2025\/11\/cropped-MEMURUN-SESI.png","contentUrl":"https:\/\/memurunsesi.net\/wp-content\/uploads\/2025\/11\/cropped-MEMURUN-SESI.png","width":238,"height":57,"caption":"Memurun Sesi"},"image":{"@id":"https:\/\/memurunsesi.net\/#\/schema\/logo\/image\/"},"sameAs":["https:\/\/www.facebook.com\/unipersen\/?locale=tr_TR","https:\/\/x.com\/unipersen"]},{"@type":"Person","@id":"https:\/\/memurunsesi.net\/#\/schema\/person\/f21c2d73b89f6ee1d80b0a1803e38587","name":"Memurun Sesi Haber Merkezi","image":{"@type":"ImageObject","inLanguage":"tr","@id":"https:\/\/secure.gravatar.com\/avatar\/6cf0505f452ee753f485014986fab09a434671d2b919ee76fc541025c5876a70?s=96&d=mm&r=g","url":"https:\/\/secure.gravatar.com\/avatar\/6cf0505f452ee753f485014986fab09a434671d2b919ee76fc541025c5876a70?s=96&d=mm&r=g","contentUrl":"https:\/\/secure.gravatar.com\/avatar\/6cf0505f452ee753f485014986fab09a434671d2b919ee76fc541025c5876a70?s=96&d=mm&r=g","caption":"Memurun Sesi Haber Merkezi"},"sameAs":["https:\/\/memurunsesi.net"],"url":"https:\/\/memurunsesi.net\/index.php\/author\/uniper\/"}]}},"_links":{"self":[{"href":"https:\/\/memurunsesi.net\/index.php\/wp-json\/wp\/v2\/posts\/3904","targetHints":{"allow":["GET"]}}],"collection":[{"href":"https:\/\/memurunsesi.net\/index.php\/wp-json\/wp\/v2\/posts"}],"about":[{"href":"https:\/\/memurunsesi.net\/index.php\/wp-json\/wp\/v2\/types\/post"}],"author":[{"embeddable":true,"href":"https:\/\/memurunsesi.net\/index.php\/wp-json\/wp\/v2\/users\/1"}],"replies":[{"embeddable":true,"href":"https:\/\/memurunsesi.net\/index.php\/wp-json\/wp\/v2\/comments?post=3904"}],"version-history":[{"count":1,"href":"https:\/\/memurunsesi.net\/index.php\/wp-json\/wp\/v2\/posts\/3904\/revisions"}],"predecessor-version":[{"id":3906,"href":"https:\/\/memurunsesi.net\/index.php\/wp-json\/wp\/v2\/posts\/3904\/revisions\/3906"}],"wp:featuredmedia":[{"embeddable":true,"href":"https:\/\/memurunsesi.net\/index.php\/wp-json\/wp\/v2\/media\/3905"}],"wp:attachment":[{"href":"https:\/\/memurunsesi.net\/index.php\/wp-json\/wp\/v2\/media?parent=3904"}],"wp:term":[{"taxonomy":"category","embeddable":true,"href":"https:\/\/memurunsesi.net\/index.php\/wp-json\/wp\/v2\/categories?post=3904"},{"taxonomy":"post_tag","embeddable":true,"href":"https:\/\/memurunsesi.net\/index.php\/wp-json\/wp\/v2\/tags?post=3904"}],"curies":[{"name":"wp","href":"https:\/\/api.w.org\/{rel}","templated":true}]}}