{"id":3907,"date":"2025-03-05T09:02:40","date_gmt":"2025-03-05T06:02:40","guid":{"rendered":"https:\/\/memurunsesi.net\/?p=3907"},"modified":"2025-03-05T09:02:40","modified_gmt":"2025-03-05T06:02:40","slug":"ozbekistan-ile-akademik-koprunun-ilk-duragi-kbu-oldu","status":"publish","type":"post","link":"https:\/\/memurunsesi.net\/index.php\/2025\/03\/05\/ozbekistan-ile-akademik-koprunun-ilk-duragi-kbu-oldu\/","title":{"rendered":"\u00d6zbekistan ile Akademik K\u00f6pr\u00fc\u2019n\u00fcn ilk dura\u011f\u0131 KB\u00dc oldu"},"content":{"rendered":"<p>\n  \u00d6zbekistan Namangan Devlet Pedagoji Enstit\u00fcs\u00fc ilk yurt d\u0131\u015f\u0131 akademik i\u015f birli\u011fini Karab\u00fck \u00dcniversitesi ile ba\u015flatt\u0131.<br \/>\n  Enstit\u00fc, yurt d\u0131\u015f\u0131ndaki \u00fcniversitelerle akademik ortakl\u0131k kurma s\u00fcrecine ilk olarak Karab\u00fck \u00dcniversitesi ile ba\u015flad\u0131.<br \/>\n  \u00d6zbekistan Cumhuriyeti Namangan Devlet Pedagoji Enstit\u00fcs\u00fc heyeti, akademik i\u015f birliklerini geli\u015ftirmek ve e\u011fitim alan\u0131ndaki yeni geli\u015fmeleri de\u011ferlendirmek amac\u0131yla Karab\u00fck \u00dcniversitesini ziyaret etti.<br \/>\n  Prof. Dr. Temurbek Ismoilov, Dr. Nodirjon Suyarov ve Dr. Javohir Yuldashev\u2019den olu\u015fan heyet, Karab\u00fck \u00dcniversitesi ile e\u011fitim ve ara\u015ft\u0131rma alanlar\u0131nda ortak projeler geli\u015ftirmek ve akademik tecr\u00fcbeleri payla\u015fmak \u00fczere \u00e7e\u015fitli temaslarda bulundu. Bu kapsamda, iki \u00fcniversite aras\u0131ndaki bilimsel i\u015f birliklerini g\u00fc\u00e7lendirmeye y\u00f6nelik toplant\u0131lar ger\u00e7ekle\u015ftirildi.<br \/>\n  Heyet; Karab\u00fck \u00dcniversitesi Lisans\u00fcst\u00fc E\u011fitim Enstit\u00fcs\u00fc, Edebiyat Fak\u00fcltesi, Safranbolu \u015eefik Y\u0131lmaz Dizdar Meslek Y\u00fcksekokulu, Hasan Do\u011fan Spor Bilimleri Fak\u00fcltesi, Kurumsal \u0130leti\u015fim Koordinat\u00f6rl\u00fc\u011f\u00fc, Ara\u015ft\u0131rma Destek Koordinat\u00f6rl\u00fc\u011f\u00fc, S\u00fcrekli E\u011fitim Uygulama ve Ara\u015ft\u0131rma Merkezi ile Bilgi \u0130\u015flem Daire Ba\u015fkanl\u0131\u011f\u0131 gibi \u00e7e\u015fitli akademik ve idari birimleri ziyaret etti. G\u00f6r\u00fc\u015fmelerde ortak sempozyumlar d\u00fczenlenmesi ve akademik i\u015f birliklerinin art\u0131r\u0131lmas\u0131 konular\u0131nda fikir al\u0131\u015fveri\u015finde bulunuldu. <\/p>\n<p>4.03.2025                        <\/p>\n","protected":false},"excerpt":{"rendered":"<p>\u00d6zbekistan Namangan Devlet Pedagoji Enstit\u00fcs\u00fc ilk yurt d\u0131\u015f\u0131 akademik i\u015f birli\u011fini Karab\u00fck \u00dcniversitesi ile ba\u015flatt\u0131. Enstit\u00fc, yurt d\u0131\u015f\u0131ndaki \u00fcniversitelerle akademik ortakl\u0131k kurma s\u00fcrecine ilk olarak Karab\u00fck \u00dcniversitesi ile ba\u015flad\u0131. \u00d6zbekistan Cumhuriyeti Namangan Devlet Pedagoji Enstit\u00fcs\u00fc heyeti, akademik i\u015f birliklerini geli\u015ftirmek ve e\u011fitim alan\u0131ndaki yeni geli\u015fmeleri de\u011ferlendirmek amac\u0131yla Karab\u00fck \u00dcniversitesini ziyaret etti. Prof. Dr. Temurbek Ismoilov, [&hellip;]<\/p>\n","protected":false},"author":1,"featured_media":3908,"comment_status":"open","ping_status":"open","sticky":false,"template":"","format":"standard","meta":{"footnotes":""},"categories":[47],"tags":[],"class_list":["post-3907","post","type-post","status-publish","format-standard","has-post-thumbnail","hentry","category-universiteden-haberler"],"yoast_head":"<!-- This site is optimized with the Yoast SEO plugin v27.4 - https:\/\/yoast.com\/product\/yoast-seo-wordpress\/ -->\n<title>\u00d6zbekistan ile Akademik K\u00f6pr\u00fc\u2019n\u00fcn ilk dura\u011f\u0131 KB\u00dc oldu - Memurun Sesi<\/title>\n<meta name=\"robots\" content=\"index, follow, max-snippet:-1, max-image-preview:large, max-video-preview:-1\" \/>\n<link rel=\"canonical\" href=\"https:\/\/memurunsesi.net\/index.php\/2025\/03\/05\/ozbekistan-ile-akademik-koprunun-ilk-duragi-kbu-oldu\/\" \/>\n<meta property=\"og:locale\" content=\"tr_TR\" \/>\n<meta property=\"og:type\" content=\"article\" \/>\n<meta property=\"og:title\" content=\"\u00d6zbekistan ile Akademik K\u00f6pr\u00fc\u2019n\u00fcn ilk dura\u011f\u0131 KB\u00dc oldu - Memurun Sesi\" \/>\n<meta property=\"og:description\" content=\"\u00d6zbekistan Namangan Devlet Pedagoji Enstit\u00fcs\u00fc ilk yurt d\u0131\u015f\u0131 akademik i\u015f birli\u011fini Karab\u00fck \u00dcniversitesi ile ba\u015flatt\u0131. Enstit\u00fc, yurt d\u0131\u015f\u0131ndaki \u00fcniversitelerle akademik ortakl\u0131k kurma s\u00fcrecine ilk olarak Karab\u00fck \u00dcniversitesi ile ba\u015flad\u0131. \u00d6zbekistan Cumhuriyeti Namangan Devlet Pedagoji Enstit\u00fcs\u00fc heyeti, akademik i\u015f birliklerini geli\u015ftirmek ve e\u011fitim alan\u0131ndaki yeni geli\u015fmeleri de\u011ferlendirmek amac\u0131yla Karab\u00fck \u00dcniversitesini ziyaret etti. Prof. Dr. Temurbek Ismoilov, [&hellip;]\" \/>\n<meta property=\"og:url\" content=\"https:\/\/memurunsesi.net\/index.php\/2025\/03\/05\/ozbekistan-ile-akademik-koprunun-ilk-duragi-kbu-oldu\/\" \/>\n<meta property=\"og:site_name\" content=\"Memurun Sesi\" \/>\n<meta property=\"article:publisher\" content=\"https:\/\/www.facebook.com\/unipersen\/?locale=tr_TR\" \/>\n<meta property=\"article:published_time\" content=\"2025-03-05T06:02:40+00:00\" \/>\n<meta property=\"og:image\" content=\"https:\/\/memurunsesi.net\/wp-content\/uploads\/2025\/03\/AW405315_02.jpg\" \/>\n\t<meta property=\"og:image:width\" content=\"1920\" \/>\n\t<meta property=\"og:image:height\" content=\"1080\" \/>\n\t<meta property=\"og:image:type\" content=\"image\/jpeg\" \/>\n<meta name=\"author\" content=\"Memurun Sesi Haber Merkezi\" \/>\n<meta name=\"twitter:card\" content=\"summary_large_image\" \/>\n<meta name=\"twitter:creator\" content=\"@unipersen\" \/>\n<meta name=\"twitter:site\" content=\"@unipersen\" \/>\n<meta name=\"twitter:label1\" content=\"Yazan:\" \/>\n\t<meta name=\"twitter:data1\" content=\"Memurun Sesi Haber Merkezi\" \/>\n\t<meta name=\"twitter:label2\" content=\"Tahmini okuma s\u00fcresi\" \/>\n\t<meta name=\"twitter:data2\" content=\"1 dakika\" \/>\n<script type=\"application\/ld+json\" class=\"yoast-schema-graph\">{\"@context\":\"https:\\\/\\\/schema.org\",\"@graph\":[{\"@type\":\"Article\",\"@id\":\"https:\\\/\\\/memurunsesi.net\\\/index.php\\\/2025\\\/03\\\/05\\\/ozbekistan-ile-akademik-koprunun-ilk-duragi-kbu-oldu\\\/#article\",\"isPartOf\":{\"@id\":\"https:\\\/\\\/memurunsesi.net\\\/index.php\\\/2025\\\/03\\\/05\\\/ozbekistan-ile-akademik-koprunun-ilk-duragi-kbu-oldu\\\/\"},\"author\":{\"name\":\"Memurun Sesi Haber Merkezi\",\"@id\":\"https:\\\/\\\/memurunsesi.net\\\/#\\\/schema\\\/person\\\/f21c2d73b89f6ee1d80b0a1803e38587\"},\"headline\":\"\u00d6zbekistan ile Akademik K\u00f6pr\u00fc\u2019n\u00fcn ilk dura\u011f\u0131 KB\u00dc oldu\",\"datePublished\":\"2025-03-05T06:02:40+00:00\",\"mainEntityOfPage\":{\"@id\":\"https:\\\/\\\/memurunsesi.net\\\/index.php\\\/2025\\\/03\\\/05\\\/ozbekistan-ile-akademik-koprunun-ilk-duragi-kbu-oldu\\\/\"},\"wordCount\":224,\"commentCount\":0,\"publisher\":{\"@id\":\"https:\\\/\\\/memurunsesi.net\\\/#organization\"},\"image\":{\"@id\":\"https:\\\/\\\/memurunsesi.net\\\/index.php\\\/2025\\\/03\\\/05\\\/ozbekistan-ile-akademik-koprunun-ilk-duragi-kbu-oldu\\\/#primaryimage\"},\"thumbnailUrl\":\"https:\\\/\\\/memurunsesi.net\\\/wp-content\\\/uploads\\\/2025\\\/03\\\/AW405315_02.jpg\",\"articleSection\":[\"\u00dcniversiteden Haberler\"],\"inLanguage\":\"tr\",\"potentialAction\":[{\"@type\":\"CommentAction\",\"name\":\"Comment\",\"target\":[\"https:\\\/\\\/memurunsesi.net\\\/index.php\\\/2025\\\/03\\\/05\\\/ozbekistan-ile-akademik-koprunun-ilk-duragi-kbu-oldu\\\/#respond\"]}]},{\"@type\":\"WebPage\",\"@id\":\"https:\\\/\\\/memurunsesi.net\\\/index.php\\\/2025\\\/03\\\/05\\\/ozbekistan-ile-akademik-koprunun-ilk-duragi-kbu-oldu\\\/\",\"url\":\"https:\\\/\\\/memurunsesi.net\\\/index.php\\\/2025\\\/03\\\/05\\\/ozbekistan-ile-akademik-koprunun-ilk-duragi-kbu-oldu\\\/\",\"name\":\"\u00d6zbekistan ile Akademik K\u00f6pr\u00fc\u2019n\u00fcn ilk dura\u011f\u0131 KB\u00dc oldu - Memurun Sesi\",\"isPartOf\":{\"@id\":\"https:\\\/\\\/memurunsesi.net\\\/#website\"},\"primaryImageOfPage\":{\"@id\":\"https:\\\/\\\/memurunsesi.net\\\/index.php\\\/2025\\\/03\\\/05\\\/ozbekistan-ile-akademik-koprunun-ilk-duragi-kbu-oldu\\\/#primaryimage\"},\"image\":{\"@id\":\"https:\\\/\\\/memurunsesi.net\\\/index.php\\\/2025\\\/03\\\/05\\\/ozbekistan-ile-akademik-koprunun-ilk-duragi-kbu-oldu\\\/#primaryimage\"},\"thumbnailUrl\":\"https:\\\/\\\/memurunsesi.net\\\/wp-content\\\/uploads\\\/2025\\\/03\\\/AW405315_02.jpg\",\"datePublished\":\"2025-03-05T06:02:40+00:00\",\"breadcrumb\":{\"@id\":\"https:\\\/\\\/memurunsesi.net\\\/index.php\\\/2025\\\/03\\\/05\\\/ozbekistan-ile-akademik-koprunun-ilk-duragi-kbu-oldu\\\/#breadcrumb\"},\"inLanguage\":\"tr\",\"potentialAction\":[{\"@type\":\"ReadAction\",\"target\":[\"https:\\\/\\\/memurunsesi.net\\\/index.php\\\/2025\\\/03\\\/05\\\/ozbekistan-ile-akademik-koprunun-ilk-duragi-kbu-oldu\\\/\"]}]},{\"@type\":\"ImageObject\",\"inLanguage\":\"tr\",\"@id\":\"https:\\\/\\\/memurunsesi.net\\\/index.php\\\/2025\\\/03\\\/05\\\/ozbekistan-ile-akademik-koprunun-ilk-duragi-kbu-oldu\\\/#primaryimage\",\"url\":\"https:\\\/\\\/memurunsesi.net\\\/wp-content\\\/uploads\\\/2025\\\/03\\\/AW405315_02.jpg\",\"contentUrl\":\"https:\\\/\\\/memurunsesi.net\\\/wp-content\\\/uploads\\\/2025\\\/03\\\/AW405315_02.jpg\",\"width\":1920,\"height\":1080,\"caption\":\"\u00d6ZBEK\u0130STAN NAMANGAN DEVLET PEDAGOJ\u0130 ENST\u0130T\u00dcS\u00dc \u0130LK YURT DI\u015eI AKADEM\u0130K \u0130\u015e B\u0130RL\u0130\u011e\u0130N\u0130 KARAB\u00dcK \u00dcN\u0130VERS\u0130TES\u0130 \u0130LE BA\u015eLATTI. (FAT\u0130H \u00dcNL\u00dc\\\/KARAB\u00dcK-\u0130HA) \u00d6zbekistan Namangan Devlet Pedagoji Enstit\u00fcs\u00fc ilk yurt d\u0131\u015f\u0131 akademik i\u015f birli\u011fini Karab\u00fck \u00dcniversitesi ile ba\u015flatt\u0131.\"},{\"@type\":\"BreadcrumbList\",\"@id\":\"https:\\\/\\\/memurunsesi.net\\\/index.php\\\/2025\\\/03\\\/05\\\/ozbekistan-ile-akademik-koprunun-ilk-duragi-kbu-oldu\\\/#breadcrumb\",\"itemListElement\":[{\"@type\":\"ListItem\",\"position\":1,\"name\":\"Anasayfa\",\"item\":\"https:\\\/\\\/memurunsesi.net\\\/\"},{\"@type\":\"ListItem\",\"position\":2,\"name\":\"\u00d6zbekistan ile Akademik K\u00f6pr\u00fc\u2019n\u00fcn ilk dura\u011f\u0131 KB\u00dc oldu\"}]},{\"@type\":\"WebSite\",\"@id\":\"https:\\\/\\\/memurunsesi.net\\\/#website\",\"url\":\"https:\\\/\\\/memurunsesi.net\\\/\",\"name\":\"Memurun Sesi\",\"description\":\"G\u00fcncel ve Do\u011fru Haber\",\"publisher\":{\"@id\":\"https:\\\/\\\/memurunsesi.net\\\/#organization\"},\"potentialAction\":[{\"@type\":\"SearchAction\",\"target\":{\"@type\":\"EntryPoint\",\"urlTemplate\":\"https:\\\/\\\/memurunsesi.net\\\/?s={search_term_string}\"},\"query-input\":{\"@type\":\"PropertyValueSpecification\",\"valueRequired\":true,\"valueName\":\"search_term_string\"}}],\"inLanguage\":\"tr\"},{\"@type\":\"Organization\",\"@id\":\"https:\\\/\\\/memurunsesi.net\\\/#organization\",\"name\":\"Memurun Sesi\",\"url\":\"https:\\\/\\\/memurunsesi.net\\\/\",\"logo\":{\"@type\":\"ImageObject\",\"inLanguage\":\"tr\",\"@id\":\"https:\\\/\\\/memurunsesi.net\\\/#\\\/schema\\\/logo\\\/image\\\/\",\"url\":\"https:\\\/\\\/memurunsesi.net\\\/wp-content\\\/uploads\\\/2025\\\/11\\\/cropped-MEMURUN-SESI.png\",\"contentUrl\":\"https:\\\/\\\/memurunsesi.net\\\/wp-content\\\/uploads\\\/2025\\\/11\\\/cropped-MEMURUN-SESI.png\",\"width\":238,\"height\":57,\"caption\":\"Memurun Sesi\"},\"image\":{\"@id\":\"https:\\\/\\\/memurunsesi.net\\\/#\\\/schema\\\/logo\\\/image\\\/\"},\"sameAs\":[\"https:\\\/\\\/www.facebook.com\\\/unipersen\\\/?locale=tr_TR\",\"https:\\\/\\\/x.com\\\/unipersen\"]},{\"@type\":\"Person\",\"@id\":\"https:\\\/\\\/memurunsesi.net\\\/#\\\/schema\\\/person\\\/f21c2d73b89f6ee1d80b0a1803e38587\",\"name\":\"Memurun Sesi Haber Merkezi\",\"image\":{\"@type\":\"ImageObject\",\"inLanguage\":\"tr\",\"@id\":\"https:\\\/\\\/secure.gravatar.com\\\/avatar\\\/6cf0505f452ee753f485014986fab09a434671d2b919ee76fc541025c5876a70?s=96&d=mm&r=g\",\"url\":\"https:\\\/\\\/secure.gravatar.com\\\/avatar\\\/6cf0505f452ee753f485014986fab09a434671d2b919ee76fc541025c5876a70?s=96&d=mm&r=g\",\"contentUrl\":\"https:\\\/\\\/secure.gravatar.com\\\/avatar\\\/6cf0505f452ee753f485014986fab09a434671d2b919ee76fc541025c5876a70?s=96&d=mm&r=g\",\"caption\":\"Memurun Sesi Haber Merkezi\"},\"sameAs\":[\"https:\\\/\\\/memurunsesi.net\"],\"url\":\"https:\\\/\\\/memurunsesi.net\\\/index.php\\\/author\\\/uniper\\\/\"}]}<\/script>\n<!-- \/ Yoast SEO plugin. -->","yoast_head_json":{"title":"\u00d6zbekistan ile Akademik K\u00f6pr\u00fc\u2019n\u00fcn ilk dura\u011f\u0131 KB\u00dc oldu - Memurun Sesi","robots":{"index":"index","follow":"follow","max-snippet":"max-snippet:-1","max-image-preview":"max-image-preview:large","max-video-preview":"max-video-preview:-1"},"canonical":"https:\/\/memurunsesi.net\/index.php\/2025\/03\/05\/ozbekistan-ile-akademik-koprunun-ilk-duragi-kbu-oldu\/","og_locale":"tr_TR","og_type":"article","og_title":"\u00d6zbekistan ile Akademik K\u00f6pr\u00fc\u2019n\u00fcn ilk dura\u011f\u0131 KB\u00dc oldu - Memurun Sesi","og_description":"\u00d6zbekistan Namangan Devlet Pedagoji Enstit\u00fcs\u00fc ilk yurt d\u0131\u015f\u0131 akademik i\u015f birli\u011fini Karab\u00fck \u00dcniversitesi ile ba\u015flatt\u0131. Enstit\u00fc, yurt d\u0131\u015f\u0131ndaki \u00fcniversitelerle akademik ortakl\u0131k kurma s\u00fcrecine ilk olarak Karab\u00fck \u00dcniversitesi ile ba\u015flad\u0131. \u00d6zbekistan Cumhuriyeti Namangan Devlet Pedagoji Enstit\u00fcs\u00fc heyeti, akademik i\u015f birliklerini geli\u015ftirmek ve e\u011fitim alan\u0131ndaki yeni geli\u015fmeleri de\u011ferlendirmek amac\u0131yla Karab\u00fck \u00dcniversitesini ziyaret etti. Prof. Dr. Temurbek Ismoilov, [&hellip;]","og_url":"https:\/\/memurunsesi.net\/index.php\/2025\/03\/05\/ozbekistan-ile-akademik-koprunun-ilk-duragi-kbu-oldu\/","og_site_name":"Memurun Sesi","article_publisher":"https:\/\/www.facebook.com\/unipersen\/?locale=tr_TR","article_published_time":"2025-03-05T06:02:40+00:00","og_image":[{"width":1920,"height":1080,"url":"https:\/\/memurunsesi.net\/wp-content\/uploads\/2025\/03\/AW405315_02.jpg","type":"image\/jpeg"}],"author":"Memurun Sesi Haber Merkezi","twitter_card":"summary_large_image","twitter_creator":"@unipersen","twitter_site":"@unipersen","twitter_misc":{"Yazan:":"Memurun Sesi Haber Merkezi","Tahmini okuma s\u00fcresi":"1 dakika"},"schema":{"@context":"https:\/\/schema.org","@graph":[{"@type":"Article","@id":"https:\/\/memurunsesi.net\/index.php\/2025\/03\/05\/ozbekistan-ile-akademik-koprunun-ilk-duragi-kbu-oldu\/#article","isPartOf":{"@id":"https:\/\/memurunsesi.net\/index.php\/2025\/03\/05\/ozbekistan-ile-akademik-koprunun-ilk-duragi-kbu-oldu\/"},"author":{"name":"Memurun Sesi Haber Merkezi","@id":"https:\/\/memurunsesi.net\/#\/schema\/person\/f21c2d73b89f6ee1d80b0a1803e38587"},"headline":"\u00d6zbekistan ile Akademik K\u00f6pr\u00fc\u2019n\u00fcn ilk dura\u011f\u0131 KB\u00dc oldu","datePublished":"2025-03-05T06:02:40+00:00","mainEntityOfPage":{"@id":"https:\/\/memurunsesi.net\/index.php\/2025\/03\/05\/ozbekistan-ile-akademik-koprunun-ilk-duragi-kbu-oldu\/"},"wordCount":224,"commentCount":0,"publisher":{"@id":"https:\/\/memurunsesi.net\/#organization"},"image":{"@id":"https:\/\/memurunsesi.net\/index.php\/2025\/03\/05\/ozbekistan-ile-akademik-koprunun-ilk-duragi-kbu-oldu\/#primaryimage"},"thumbnailUrl":"https:\/\/memurunsesi.net\/wp-content\/uploads\/2025\/03\/AW405315_02.jpg","articleSection":["\u00dcniversiteden Haberler"],"inLanguage":"tr","potentialAction":[{"@type":"CommentAction","name":"Comment","target":["https:\/\/memurunsesi.net\/index.php\/2025\/03\/05\/ozbekistan-ile-akademik-koprunun-ilk-duragi-kbu-oldu\/#respond"]}]},{"@type":"WebPage","@id":"https:\/\/memurunsesi.net\/index.php\/2025\/03\/05\/ozbekistan-ile-akademik-koprunun-ilk-duragi-kbu-oldu\/","url":"https:\/\/memurunsesi.net\/index.php\/2025\/03\/05\/ozbekistan-ile-akademik-koprunun-ilk-duragi-kbu-oldu\/","name":"\u00d6zbekistan ile Akademik K\u00f6pr\u00fc\u2019n\u00fcn ilk dura\u011f\u0131 KB\u00dc oldu - Memurun Sesi","isPartOf":{"@id":"https:\/\/memurunsesi.net\/#website"},"primaryImageOfPage":{"@id":"https:\/\/memurunsesi.net\/index.php\/2025\/03\/05\/ozbekistan-ile-akademik-koprunun-ilk-duragi-kbu-oldu\/#primaryimage"},"image":{"@id":"https:\/\/memurunsesi.net\/index.php\/2025\/03\/05\/ozbekistan-ile-akademik-koprunun-ilk-duragi-kbu-oldu\/#primaryimage"},"thumbnailUrl":"https:\/\/memurunsesi.net\/wp-content\/uploads\/2025\/03\/AW405315_02.jpg","datePublished":"2025-03-05T06:02:40+00:00","breadcrumb":{"@id":"https:\/\/memurunsesi.net\/index.php\/2025\/03\/05\/ozbekistan-ile-akademik-koprunun-ilk-duragi-kbu-oldu\/#breadcrumb"},"inLanguage":"tr","potentialAction":[{"@type":"ReadAction","target":["https:\/\/memurunsesi.net\/index.php\/2025\/03\/05\/ozbekistan-ile-akademik-koprunun-ilk-duragi-kbu-oldu\/"]}]},{"@type":"ImageObject","inLanguage":"tr","@id":"https:\/\/memurunsesi.net\/index.php\/2025\/03\/05\/ozbekistan-ile-akademik-koprunun-ilk-duragi-kbu-oldu\/#primaryimage","url":"https:\/\/memurunsesi.net\/wp-content\/uploads\/2025\/03\/AW405315_02.jpg","contentUrl":"https:\/\/memurunsesi.net\/wp-content\/uploads\/2025\/03\/AW405315_02.jpg","width":1920,"height":1080,"caption":"\u00d6ZBEK\u0130STAN NAMANGAN DEVLET PEDAGOJ\u0130 ENST\u0130T\u00dcS\u00dc \u0130LK YURT DI\u015eI AKADEM\u0130K \u0130\u015e B\u0130RL\u0130\u011e\u0130N\u0130 KARAB\u00dcK \u00dcN\u0130VERS\u0130TES\u0130 \u0130LE BA\u015eLATTI. (FAT\u0130H \u00dcNL\u00dc\/KARAB\u00dcK-\u0130HA) \u00d6zbekistan Namangan Devlet Pedagoji Enstit\u00fcs\u00fc ilk yurt d\u0131\u015f\u0131 akademik i\u015f birli\u011fini Karab\u00fck \u00dcniversitesi ile ba\u015flatt\u0131."},{"@type":"BreadcrumbList","@id":"https:\/\/memurunsesi.net\/index.php\/2025\/03\/05\/ozbekistan-ile-akademik-koprunun-ilk-duragi-kbu-oldu\/#breadcrumb","itemListElement":[{"@type":"ListItem","position":1,"name":"Anasayfa","item":"https:\/\/memurunsesi.net\/"},{"@type":"ListItem","position":2,"name":"\u00d6zbekistan ile Akademik K\u00f6pr\u00fc\u2019n\u00fcn ilk dura\u011f\u0131 KB\u00dc oldu"}]},{"@type":"WebSite","@id":"https:\/\/memurunsesi.net\/#website","url":"https:\/\/memurunsesi.net\/","name":"Memurun Sesi","description":"G\u00fcncel ve Do\u011fru Haber","publisher":{"@id":"https:\/\/memurunsesi.net\/#organization"},"potentialAction":[{"@type":"SearchAction","target":{"@type":"EntryPoint","urlTemplate":"https:\/\/memurunsesi.net\/?s={search_term_string}"},"query-input":{"@type":"PropertyValueSpecification","valueRequired":true,"valueName":"search_term_string"}}],"inLanguage":"tr"},{"@type":"Organization","@id":"https:\/\/memurunsesi.net\/#organization","name":"Memurun Sesi","url":"https:\/\/memurunsesi.net\/","logo":{"@type":"ImageObject","inLanguage":"tr","@id":"https:\/\/memurunsesi.net\/#\/schema\/logo\/image\/","url":"https:\/\/memurunsesi.net\/wp-content\/uploads\/2025\/11\/cropped-MEMURUN-SESI.png","contentUrl":"https:\/\/memurunsesi.net\/wp-content\/uploads\/2025\/11\/cropped-MEMURUN-SESI.png","width":238,"height":57,"caption":"Memurun Sesi"},"image":{"@id":"https:\/\/memurunsesi.net\/#\/schema\/logo\/image\/"},"sameAs":["https:\/\/www.facebook.com\/unipersen\/?locale=tr_TR","https:\/\/x.com\/unipersen"]},{"@type":"Person","@id":"https:\/\/memurunsesi.net\/#\/schema\/person\/f21c2d73b89f6ee1d80b0a1803e38587","name":"Memurun Sesi Haber Merkezi","image":{"@type":"ImageObject","inLanguage":"tr","@id":"https:\/\/secure.gravatar.com\/avatar\/6cf0505f452ee753f485014986fab09a434671d2b919ee76fc541025c5876a70?s=96&d=mm&r=g","url":"https:\/\/secure.gravatar.com\/avatar\/6cf0505f452ee753f485014986fab09a434671d2b919ee76fc541025c5876a70?s=96&d=mm&r=g","contentUrl":"https:\/\/secure.gravatar.com\/avatar\/6cf0505f452ee753f485014986fab09a434671d2b919ee76fc541025c5876a70?s=96&d=mm&r=g","caption":"Memurun Sesi Haber Merkezi"},"sameAs":["https:\/\/memurunsesi.net"],"url":"https:\/\/memurunsesi.net\/index.php\/author\/uniper\/"}]}},"_links":{"self":[{"href":"https:\/\/memurunsesi.net\/index.php\/wp-json\/wp\/v2\/posts\/3907","targetHints":{"allow":["GET"]}}],"collection":[{"href":"https:\/\/memurunsesi.net\/index.php\/wp-json\/wp\/v2\/posts"}],"about":[{"href":"https:\/\/memurunsesi.net\/index.php\/wp-json\/wp\/v2\/types\/post"}],"author":[{"embeddable":true,"href":"https:\/\/memurunsesi.net\/index.php\/wp-json\/wp\/v2\/users\/1"}],"replies":[{"embeddable":true,"href":"https:\/\/memurunsesi.net\/index.php\/wp-json\/wp\/v2\/comments?post=3907"}],"version-history":[{"count":1,"href":"https:\/\/memurunsesi.net\/index.php\/wp-json\/wp\/v2\/posts\/3907\/revisions"}],"predecessor-version":[{"id":3909,"href":"https:\/\/memurunsesi.net\/index.php\/wp-json\/wp\/v2\/posts\/3907\/revisions\/3909"}],"wp:featuredmedia":[{"embeddable":true,"href":"https:\/\/memurunsesi.net\/index.php\/wp-json\/wp\/v2\/media\/3908"}],"wp:attachment":[{"href":"https:\/\/memurunsesi.net\/index.php\/wp-json\/wp\/v2\/media?parent=3907"}],"wp:term":[{"taxonomy":"category","embeddable":true,"href":"https:\/\/memurunsesi.net\/index.php\/wp-json\/wp\/v2\/categories?post=3907"},{"taxonomy":"post_tag","embeddable":true,"href":"https:\/\/memurunsesi.net\/index.php\/wp-json\/wp\/v2\/tags?post=3907"}],"curies":[{"name":"wp","href":"https:\/\/api.w.org\/{rel}","templated":true}]}}