{"id":3919,"date":"2025-03-05T09:12:36","date_gmt":"2025-03-05T06:12:36","guid":{"rendered":"https:\/\/memurunsesi.net\/?p=3919"},"modified":"2025-03-05T09:12:36","modified_gmt":"2025-03-05T06:12:36","slug":"kalitenin-sektordeki-gucu-vurgulandi","status":"publish","type":"post","link":"https:\/\/memurunsesi.net\/index.php\/2025\/03\/05\/kalitenin-sektordeki-gucu-vurgulandi\/","title":{"rendered":"Kalitenin sekt\u00f6rdeki g\u00fcc\u00fc vurguland\u0131"},"content":{"rendered":"<p>\n D\u00fczce \u00dcniversitesi Kalite Toplulu\u011fu taraf\u0131ndan d\u00fczenlenen &#8220;Kalitenin Sekt\u00f6rdeki G\u00fcc\u00fc\u2019\u2019 adl\u0131 seminer ger\u00e7ekle\u015ftirildi.<br \/>\n Cumhuriyet Konferans Salonu\u2019nda ki program\u0131n a\u00e7\u0131l\u0131\u015f konu\u015fmas\u0131n\u0131 ger\u00e7ekle\u015ftiren D\u00fczce \u00dcniversitesi Rekt\u00f6r\u00fc Prof. Dr. Nedim S\u00f6zbir, &#8220;\u00d6\u011frencilerimizin ki\u015fisel geli\u015fimi ve \u00dcniversitemizin kalitesini artt\u0131rmak i\u00e7in kaliteyi \u00f6nemsiyoruz. Kaliteli e\u011fitim, kaliteye \u00f6nem veren nitelikli akademisyenlerle yap\u0131l\u0131r. Katma de\u011ferli projeler de bu anlay\u0131\u015fla \u00fcretilir&#8221; \u015feklinde konu\u015farak \u00f6\u011frencilere yeniliklere a\u00e7\u0131k olmalar\u0131n\u0131 tavsiye etti.<br \/>\n Program\u0131n davetli konu\u015fmac\u0131s\u0131 KalDer Ba\u015fkan\u0131 Y\u0131lmaz Bayraktar, derne\u011fin ama\u00e7 ve de\u011ferleri, Ulusal Kalite Hareketi, e\u011fitim, etkinlikler ve Efo modelleri gibi konulara de\u011findi. 1990 y\u0131l\u0131nda 7 \u00fcye taraf\u0131ndan kurulan derne\u011fin e\u011fitim ve etkinliklerini g\u00fcn\u00fcm\u00fcze kadar devam ettirdi\u011fini belirten Bayraktar, &#8220;M\u00fckemmellik fakt\u00f6r\u00fcn\u00fc ya\u015fam bi\u00e7imine d\u00f6n\u00fc\u015ft\u00fcren bireyler yeti\u015ftirmek \u00e7ok \u00f6nemli. \u00dclkemizin uluslararas\u0131 rekabet g\u00fcc\u00fcn\u00fc artt\u0131rmay\u0131 hedeflemekteyiz. Sevgili gen\u00e7ler, farkl\u0131 diller \u00f6\u011frenin, \u00f6\u011frenim hayat\u0131n\u0131zda sertifikalar edinmeye \u00e7al\u0131\u015f\u0131n, sadece alan\u0131n\u0131zda de\u011fil hukuksal alanda da kendinizi geli\u015ftirin&#8221; ifadelerini kulland\u0131.<br \/>\n \u0130MES OSB M\u00fckemmeliyet Merkezi Genel M\u00fcd\u00fcr\u00fc Y\u00fck. M\u00fch. Deniz Aygan yapt\u0131\u011f\u0131 konu\u015fmada, &#8220;20 y\u0131ll\u0131k sanayi tecr\u00fcbesinden sonra M\u00fckemmeliyet Merkez M\u00fcd\u00fcrl\u00fc\u011f\u00fc g\u00f6revini y\u00fcr\u00fct\u00fcyorum. Bu merkezde en \u00f6nemli g\u00f6revimiz e\u011fitim. Amac\u0131m\u0131z, m\u00fchendislerimizi geli\u015ftirmek, istihdam edilmemi\u015f \u00e7al\u0131\u015fanlar\u0131 e\u011fiterek i\u015f hayat\u0131na at\u0131lmalar\u0131n\u0131 sa\u011flamakt\u0131r. 21. y\u00fczy\u0131lda sanayiciler; dijital ve teknolojik yeniliklere a\u00e7\u0131k, yapay zeka gibi programlar\u0131 kullanabilen, \u00e7evresel ve sosyal konulara duyarl\u0131 gen\u00e7 m\u00fchendisleri beklemektedir\u2019\u2019 dedi.<br \/>\n Program\u0131n di\u011fer konu\u015fmac\u0131s\u0131 yaz\u0131l\u0131m firmas\u0131 kurucu orta\u011f\u0131 Arif Akay,  bir i\u015fletmenin ba\u015far\u0131s\u0131n\u0131 belirleyen en \u00f6nemli unsurlardan birinin kalite oldu\u011funu dile getirerek, &#8220;Kalite maliyeti d\u00fc\u015f\u00fcr\u00fcr ve verimlili\u011fi artt\u0131r\u0131r. Ard\u0131ndan m\u00fc\u015fteri memnuniyetini getirir. Zamandan tasarruf ve m\u00fckemmel sonu\u00e7lar elde etmemizi sa\u011flar. D\u00fc\u015f\u00fcnen, fikirleri olan ve fikirlerini beyan etmekten \u00e7ekinmeyen gen\u00e7 ekip arkada\u015flar\u0131yla \u00e7al\u0131\u015fmak istiyoruz&#8221; diye konu\u015ftu.<br \/>\n Program\u0131n son konu\u015fmac\u0131s\u0131 E\u011fitmen ve Dan\u0131\u015fman Bahad\u0131r Atmaca ise konu\u015fmas\u0131nda  &#8220;Bir \u00fcr\u00fcn\u00fcn kalitesi biti\u015f a\u015famas\u0131nda de\u011fil, \u00fcretim a\u015famas\u0131nda sa\u011flanmal\u0131d\u0131r. Bir \u00fcr\u00fcn\u00fcn at\u0131\u011f\u0131 \u00fcretim alan\u0131nda nelerin yanl\u0131\u015f gitti\u011fini anlat\u0131r. Problem nerede \u00e7\u0131k\u0131yorsa kayna\u011f\u0131nda \u00e7\u00f6zmeye \u00e7al\u0131\u015fmal\u0131y\u0131z. Bizlerden sonra gelece\u011fimiz sizlersiniz. Ya\u015fayarak \u00f6\u011frenilen \u015feyler var. Bunlar\u0131 ailenizden, hocalar\u0131n\u0131zdan ve y\u00f6neticilerinizden \u00f6\u011frenmeye \u00e7aba g\u00f6stermelisiniz&#8221; s\u00f6zleriyle programa katk\u0131 sa\u011flad\u0131.<br \/>\n&#8220;Kalitenin Sekt\u00f6rdeki G\u00fcc\u00fc\u2019\u2019 adl\u0131 program, plaket takdiminin ard\u0131ndan sona erdi. <\/p>\n<p>5.03.2025                          <\/p>\n","protected":false},"excerpt":{"rendered":"<p>D\u00fczce \u00dcniversitesi Kalite Toplulu\u011fu taraf\u0131ndan d\u00fczenlenen &#8220;Kalitenin Sekt\u00f6rdeki G\u00fcc\u00fc\u2019\u2019 adl\u0131 seminer ger\u00e7ekle\u015ftirildi. Cumhuriyet Konferans Salonu\u2019nda ki program\u0131n a\u00e7\u0131l\u0131\u015f konu\u015fmas\u0131n\u0131 ger\u00e7ekle\u015ftiren D\u00fczce \u00dcniversitesi Rekt\u00f6r\u00fc Prof. Dr. Nedim S\u00f6zbir, &#8220;\u00d6\u011frencilerimizin ki\u015fisel geli\u015fimi ve \u00dcniversitemizin kalitesini artt\u0131rmak i\u00e7in kaliteyi \u00f6nemsiyoruz. Kaliteli e\u011fitim, kaliteye \u00f6nem veren nitelikli akademisyenlerle yap\u0131l\u0131r. Katma de\u011ferli projeler de bu anlay\u0131\u015fla \u00fcretilir&#8221; \u015feklinde konu\u015farak \u00f6\u011frencilere [&hellip;]<\/p>\n","protected":false},"author":1,"featured_media":3920,"comment_status":"open","ping_status":"open","sticky":false,"template":"","format":"standard","meta":{"footnotes":""},"categories":[1],"tags":[],"class_list":["post-3919","post","type-post","status-publish","format-standard","has-post-thumbnail","hentry","category-genel"],"yoast_head":"<!-- This site is optimized with the Yoast SEO plugin v27.4 - https:\/\/yoast.com\/product\/yoast-seo-wordpress\/ -->\n<title>Kalitenin sekt\u00f6rdeki g\u00fcc\u00fc vurguland\u0131 - Memurun Sesi<\/title>\n<meta name=\"robots\" content=\"index, follow, max-snippet:-1, max-image-preview:large, max-video-preview:-1\" \/>\n<link rel=\"canonical\" href=\"https:\/\/memurunsesi.net\/index.php\/2025\/03\/05\/kalitenin-sektordeki-gucu-vurgulandi\/\" \/>\n<meta property=\"og:locale\" content=\"tr_TR\" \/>\n<meta property=\"og:type\" content=\"article\" \/>\n<meta property=\"og:title\" content=\"Kalitenin sekt\u00f6rdeki g\u00fcc\u00fc vurguland\u0131 - Memurun Sesi\" \/>\n<meta property=\"og:description\" content=\"D\u00fczce \u00dcniversitesi Kalite Toplulu\u011fu taraf\u0131ndan d\u00fczenlenen &#8220;Kalitenin Sekt\u00f6rdeki G\u00fcc\u00fc\u2019\u2019 adl\u0131 seminer ger\u00e7ekle\u015ftirildi. Cumhuriyet Konferans Salonu\u2019nda ki program\u0131n a\u00e7\u0131l\u0131\u015f konu\u015fmas\u0131n\u0131 ger\u00e7ekle\u015ftiren D\u00fczce \u00dcniversitesi Rekt\u00f6r\u00fc Prof. Dr. Nedim S\u00f6zbir, &#8220;\u00d6\u011frencilerimizin ki\u015fisel geli\u015fimi ve \u00dcniversitemizin kalitesini artt\u0131rmak i\u00e7in kaliteyi \u00f6nemsiyoruz. Kaliteli e\u011fitim, kaliteye \u00f6nem veren nitelikli akademisyenlerle yap\u0131l\u0131r. Katma de\u011ferli projeler de bu anlay\u0131\u015fla \u00fcretilir&#8221; \u015feklinde konu\u015farak \u00f6\u011frencilere [&hellip;]\" \/>\n<meta property=\"og:url\" content=\"https:\/\/memurunsesi.net\/index.php\/2025\/03\/05\/kalitenin-sektordeki-gucu-vurgulandi\/\" \/>\n<meta property=\"og:site_name\" content=\"Memurun Sesi\" \/>\n<meta property=\"article:publisher\" content=\"https:\/\/www.facebook.com\/unipersen\/?locale=tr_TR\" \/>\n<meta property=\"article:published_time\" content=\"2025-03-05T06:12:36+00:00\" \/>\n<meta property=\"og:image\" content=\"https:\/\/memurunsesi.net\/wp-content\/uploads\/2025\/03\/AW405373_01-scaled.jpg\" \/>\n\t<meta property=\"og:image:width\" content=\"2560\" \/>\n\t<meta property=\"og:image:height\" content=\"1707\" \/>\n\t<meta property=\"og:image:type\" content=\"image\/jpeg\" \/>\n<meta name=\"author\" content=\"Memurun Sesi Haber Merkezi\" \/>\n<meta name=\"twitter:card\" content=\"summary_large_image\" \/>\n<meta name=\"twitter:creator\" content=\"@unipersen\" \/>\n<meta name=\"twitter:site\" content=\"@unipersen\" \/>\n<meta name=\"twitter:label1\" content=\"Yazan:\" \/>\n\t<meta name=\"twitter:data1\" content=\"Memurun Sesi Haber Merkezi\" \/>\n\t<meta name=\"twitter:label2\" content=\"Tahmini okuma s\u00fcresi\" \/>\n\t<meta name=\"twitter:data2\" content=\"2 dakika\" \/>\n<script type=\"application\/ld+json\" class=\"yoast-schema-graph\">{\"@context\":\"https:\\\/\\\/schema.org\",\"@graph\":[{\"@type\":\"Article\",\"@id\":\"https:\\\/\\\/memurunsesi.net\\\/index.php\\\/2025\\\/03\\\/05\\\/kalitenin-sektordeki-gucu-vurgulandi\\\/#article\",\"isPartOf\":{\"@id\":\"https:\\\/\\\/memurunsesi.net\\\/index.php\\\/2025\\\/03\\\/05\\\/kalitenin-sektordeki-gucu-vurgulandi\\\/\"},\"author\":{\"name\":\"Memurun Sesi Haber Merkezi\",\"@id\":\"https:\\\/\\\/memurunsesi.net\\\/#\\\/schema\\\/person\\\/f21c2d73b89f6ee1d80b0a1803e38587\"},\"headline\":\"Kalitenin sekt\u00f6rdeki g\u00fcc\u00fc vurguland\u0131\",\"datePublished\":\"2025-03-05T06:12:36+00:00\",\"mainEntityOfPage\":{\"@id\":\"https:\\\/\\\/memurunsesi.net\\\/index.php\\\/2025\\\/03\\\/05\\\/kalitenin-sektordeki-gucu-vurgulandi\\\/\"},\"wordCount\":480,\"commentCount\":0,\"publisher\":{\"@id\":\"https:\\\/\\\/memurunsesi.net\\\/#organization\"},\"image\":{\"@id\":\"https:\\\/\\\/memurunsesi.net\\\/index.php\\\/2025\\\/03\\\/05\\\/kalitenin-sektordeki-gucu-vurgulandi\\\/#primaryimage\"},\"thumbnailUrl\":\"https:\\\/\\\/memurunsesi.net\\\/wp-content\\\/uploads\\\/2025\\\/03\\\/AW405373_01-scaled.jpg\",\"inLanguage\":\"tr\",\"potentialAction\":[{\"@type\":\"CommentAction\",\"name\":\"Comment\",\"target\":[\"https:\\\/\\\/memurunsesi.net\\\/index.php\\\/2025\\\/03\\\/05\\\/kalitenin-sektordeki-gucu-vurgulandi\\\/#respond\"]}]},{\"@type\":\"WebPage\",\"@id\":\"https:\\\/\\\/memurunsesi.net\\\/index.php\\\/2025\\\/03\\\/05\\\/kalitenin-sektordeki-gucu-vurgulandi\\\/\",\"url\":\"https:\\\/\\\/memurunsesi.net\\\/index.php\\\/2025\\\/03\\\/05\\\/kalitenin-sektordeki-gucu-vurgulandi\\\/\",\"name\":\"Kalitenin sekt\u00f6rdeki g\u00fcc\u00fc vurguland\u0131 - Memurun Sesi\",\"isPartOf\":{\"@id\":\"https:\\\/\\\/memurunsesi.net\\\/#website\"},\"primaryImageOfPage\":{\"@id\":\"https:\\\/\\\/memurunsesi.net\\\/index.php\\\/2025\\\/03\\\/05\\\/kalitenin-sektordeki-gucu-vurgulandi\\\/#primaryimage\"},\"image\":{\"@id\":\"https:\\\/\\\/memurunsesi.net\\\/index.php\\\/2025\\\/03\\\/05\\\/kalitenin-sektordeki-gucu-vurgulandi\\\/#primaryimage\"},\"thumbnailUrl\":\"https:\\\/\\\/memurunsesi.net\\\/wp-content\\\/uploads\\\/2025\\\/03\\\/AW405373_01-scaled.jpg\",\"datePublished\":\"2025-03-05T06:12:36+00:00\",\"breadcrumb\":{\"@id\":\"https:\\\/\\\/memurunsesi.net\\\/index.php\\\/2025\\\/03\\\/05\\\/kalitenin-sektordeki-gucu-vurgulandi\\\/#breadcrumb\"},\"inLanguage\":\"tr\",\"potentialAction\":[{\"@type\":\"ReadAction\",\"target\":[\"https:\\\/\\\/memurunsesi.net\\\/index.php\\\/2025\\\/03\\\/05\\\/kalitenin-sektordeki-gucu-vurgulandi\\\/\"]}]},{\"@type\":\"ImageObject\",\"inLanguage\":\"tr\",\"@id\":\"https:\\\/\\\/memurunsesi.net\\\/index.php\\\/2025\\\/03\\\/05\\\/kalitenin-sektordeki-gucu-vurgulandi\\\/#primaryimage\",\"url\":\"https:\\\/\\\/memurunsesi.net\\\/wp-content\\\/uploads\\\/2025\\\/03\\\/AW405373_01-scaled.jpg\",\"contentUrl\":\"https:\\\/\\\/memurunsesi.net\\\/wp-content\\\/uploads\\\/2025\\\/03\\\/AW405373_01-scaled.jpg\",\"width\":2560,\"height\":1707,\"caption\":\"D\u00dcZCE \u00dcN\u0130VERS\u0130TES\u0130 KAL\u0130TE TOPLULU\u011eU TARAFINDAN D\u00dcZENLENEN \\\"KAL\u0130TEN\u0130N SEKT\u00d6RDEK\u0130 G\u00dcC\u00dc'' ADLI SEM\u0130NER GER\u00c7EKLE\u015eT\u0130R\u0130LD\u0130. (AL\u0130 YILDIZ\\\/D\u00dcZCE-\u0130HA) D\u00fczce \u00dcniversitesi Kalite Toplulu\u011fu taraf\u0131ndan d\u00fczenlenen \\\"Kalitenin Sekt\u00f6rdeki G\u00fcc\u00fc'' adl\u0131 seminer ger\u00e7ekle\u015ftirildi.\"},{\"@type\":\"BreadcrumbList\",\"@id\":\"https:\\\/\\\/memurunsesi.net\\\/index.php\\\/2025\\\/03\\\/05\\\/kalitenin-sektordeki-gucu-vurgulandi\\\/#breadcrumb\",\"itemListElement\":[{\"@type\":\"ListItem\",\"position\":1,\"name\":\"Anasayfa\",\"item\":\"https:\\\/\\\/memurunsesi.net\\\/\"},{\"@type\":\"ListItem\",\"position\":2,\"name\":\"Kalitenin sekt\u00f6rdeki g\u00fcc\u00fc vurguland\u0131\"}]},{\"@type\":\"WebSite\",\"@id\":\"https:\\\/\\\/memurunsesi.net\\\/#website\",\"url\":\"https:\\\/\\\/memurunsesi.net\\\/\",\"name\":\"Memurun Sesi\",\"description\":\"G\u00fcncel ve Do\u011fru Haber\",\"publisher\":{\"@id\":\"https:\\\/\\\/memurunsesi.net\\\/#organization\"},\"potentialAction\":[{\"@type\":\"SearchAction\",\"target\":{\"@type\":\"EntryPoint\",\"urlTemplate\":\"https:\\\/\\\/memurunsesi.net\\\/?s={search_term_string}\"},\"query-input\":{\"@type\":\"PropertyValueSpecification\",\"valueRequired\":true,\"valueName\":\"search_term_string\"}}],\"inLanguage\":\"tr\"},{\"@type\":\"Organization\",\"@id\":\"https:\\\/\\\/memurunsesi.net\\\/#organization\",\"name\":\"Memurun Sesi\",\"url\":\"https:\\\/\\\/memurunsesi.net\\\/\",\"logo\":{\"@type\":\"ImageObject\",\"inLanguage\":\"tr\",\"@id\":\"https:\\\/\\\/memurunsesi.net\\\/#\\\/schema\\\/logo\\\/image\\\/\",\"url\":\"https:\\\/\\\/memurunsesi.net\\\/wp-content\\\/uploads\\\/2025\\\/11\\\/cropped-MEMURUN-SESI.png\",\"contentUrl\":\"https:\\\/\\\/memurunsesi.net\\\/wp-content\\\/uploads\\\/2025\\\/11\\\/cropped-MEMURUN-SESI.png\",\"width\":238,\"height\":57,\"caption\":\"Memurun Sesi\"},\"image\":{\"@id\":\"https:\\\/\\\/memurunsesi.net\\\/#\\\/schema\\\/logo\\\/image\\\/\"},\"sameAs\":[\"https:\\\/\\\/www.facebook.com\\\/unipersen\\\/?locale=tr_TR\",\"https:\\\/\\\/x.com\\\/unipersen\"]},{\"@type\":\"Person\",\"@id\":\"https:\\\/\\\/memurunsesi.net\\\/#\\\/schema\\\/person\\\/f21c2d73b89f6ee1d80b0a1803e38587\",\"name\":\"Memurun Sesi Haber Merkezi\",\"image\":{\"@type\":\"ImageObject\",\"inLanguage\":\"tr\",\"@id\":\"https:\\\/\\\/secure.gravatar.com\\\/avatar\\\/6cf0505f452ee753f485014986fab09a434671d2b919ee76fc541025c5876a70?s=96&d=mm&r=g\",\"url\":\"https:\\\/\\\/secure.gravatar.com\\\/avatar\\\/6cf0505f452ee753f485014986fab09a434671d2b919ee76fc541025c5876a70?s=96&d=mm&r=g\",\"contentUrl\":\"https:\\\/\\\/secure.gravatar.com\\\/avatar\\\/6cf0505f452ee753f485014986fab09a434671d2b919ee76fc541025c5876a70?s=96&d=mm&r=g\",\"caption\":\"Memurun Sesi Haber Merkezi\"},\"sameAs\":[\"https:\\\/\\\/memurunsesi.net\"],\"url\":\"https:\\\/\\\/memurunsesi.net\\\/index.php\\\/author\\\/uniper\\\/\"}]}<\/script>\n<!-- \/ Yoast SEO plugin. -->","yoast_head_json":{"title":"Kalitenin sekt\u00f6rdeki g\u00fcc\u00fc vurguland\u0131 - Memurun Sesi","robots":{"index":"index","follow":"follow","max-snippet":"max-snippet:-1","max-image-preview":"max-image-preview:large","max-video-preview":"max-video-preview:-1"},"canonical":"https:\/\/memurunsesi.net\/index.php\/2025\/03\/05\/kalitenin-sektordeki-gucu-vurgulandi\/","og_locale":"tr_TR","og_type":"article","og_title":"Kalitenin sekt\u00f6rdeki g\u00fcc\u00fc vurguland\u0131 - Memurun Sesi","og_description":"D\u00fczce \u00dcniversitesi Kalite Toplulu\u011fu taraf\u0131ndan d\u00fczenlenen &#8220;Kalitenin Sekt\u00f6rdeki G\u00fcc\u00fc\u2019\u2019 adl\u0131 seminer ger\u00e7ekle\u015ftirildi. Cumhuriyet Konferans Salonu\u2019nda ki program\u0131n a\u00e7\u0131l\u0131\u015f konu\u015fmas\u0131n\u0131 ger\u00e7ekle\u015ftiren D\u00fczce \u00dcniversitesi Rekt\u00f6r\u00fc Prof. Dr. Nedim S\u00f6zbir, &#8220;\u00d6\u011frencilerimizin ki\u015fisel geli\u015fimi ve \u00dcniversitemizin kalitesini artt\u0131rmak i\u00e7in kaliteyi \u00f6nemsiyoruz. Kaliteli e\u011fitim, kaliteye \u00f6nem veren nitelikli akademisyenlerle yap\u0131l\u0131r. Katma de\u011ferli projeler de bu anlay\u0131\u015fla \u00fcretilir&#8221; \u015feklinde konu\u015farak \u00f6\u011frencilere [&hellip;]","og_url":"https:\/\/memurunsesi.net\/index.php\/2025\/03\/05\/kalitenin-sektordeki-gucu-vurgulandi\/","og_site_name":"Memurun Sesi","article_publisher":"https:\/\/www.facebook.com\/unipersen\/?locale=tr_TR","article_published_time":"2025-03-05T06:12:36+00:00","og_image":[{"width":2560,"height":1707,"url":"https:\/\/memurunsesi.net\/wp-content\/uploads\/2025\/03\/AW405373_01-scaled.jpg","type":"image\/jpeg"}],"author":"Memurun Sesi Haber Merkezi","twitter_card":"summary_large_image","twitter_creator":"@unipersen","twitter_site":"@unipersen","twitter_misc":{"Yazan:":"Memurun Sesi Haber Merkezi","Tahmini okuma s\u00fcresi":"2 dakika"},"schema":{"@context":"https:\/\/schema.org","@graph":[{"@type":"Article","@id":"https:\/\/memurunsesi.net\/index.php\/2025\/03\/05\/kalitenin-sektordeki-gucu-vurgulandi\/#article","isPartOf":{"@id":"https:\/\/memurunsesi.net\/index.php\/2025\/03\/05\/kalitenin-sektordeki-gucu-vurgulandi\/"},"author":{"name":"Memurun Sesi Haber Merkezi","@id":"https:\/\/memurunsesi.net\/#\/schema\/person\/f21c2d73b89f6ee1d80b0a1803e38587"},"headline":"Kalitenin sekt\u00f6rdeki g\u00fcc\u00fc vurguland\u0131","datePublished":"2025-03-05T06:12:36+00:00","mainEntityOfPage":{"@id":"https:\/\/memurunsesi.net\/index.php\/2025\/03\/05\/kalitenin-sektordeki-gucu-vurgulandi\/"},"wordCount":480,"commentCount":0,"publisher":{"@id":"https:\/\/memurunsesi.net\/#organization"},"image":{"@id":"https:\/\/memurunsesi.net\/index.php\/2025\/03\/05\/kalitenin-sektordeki-gucu-vurgulandi\/#primaryimage"},"thumbnailUrl":"https:\/\/memurunsesi.net\/wp-content\/uploads\/2025\/03\/AW405373_01-scaled.jpg","inLanguage":"tr","potentialAction":[{"@type":"CommentAction","name":"Comment","target":["https:\/\/memurunsesi.net\/index.php\/2025\/03\/05\/kalitenin-sektordeki-gucu-vurgulandi\/#respond"]}]},{"@type":"WebPage","@id":"https:\/\/memurunsesi.net\/index.php\/2025\/03\/05\/kalitenin-sektordeki-gucu-vurgulandi\/","url":"https:\/\/memurunsesi.net\/index.php\/2025\/03\/05\/kalitenin-sektordeki-gucu-vurgulandi\/","name":"Kalitenin sekt\u00f6rdeki g\u00fcc\u00fc vurguland\u0131 - Memurun Sesi","isPartOf":{"@id":"https:\/\/memurunsesi.net\/#website"},"primaryImageOfPage":{"@id":"https:\/\/memurunsesi.net\/index.php\/2025\/03\/05\/kalitenin-sektordeki-gucu-vurgulandi\/#primaryimage"},"image":{"@id":"https:\/\/memurunsesi.net\/index.php\/2025\/03\/05\/kalitenin-sektordeki-gucu-vurgulandi\/#primaryimage"},"thumbnailUrl":"https:\/\/memurunsesi.net\/wp-content\/uploads\/2025\/03\/AW405373_01-scaled.jpg","datePublished":"2025-03-05T06:12:36+00:00","breadcrumb":{"@id":"https:\/\/memurunsesi.net\/index.php\/2025\/03\/05\/kalitenin-sektordeki-gucu-vurgulandi\/#breadcrumb"},"inLanguage":"tr","potentialAction":[{"@type":"ReadAction","target":["https:\/\/memurunsesi.net\/index.php\/2025\/03\/05\/kalitenin-sektordeki-gucu-vurgulandi\/"]}]},{"@type":"ImageObject","inLanguage":"tr","@id":"https:\/\/memurunsesi.net\/index.php\/2025\/03\/05\/kalitenin-sektordeki-gucu-vurgulandi\/#primaryimage","url":"https:\/\/memurunsesi.net\/wp-content\/uploads\/2025\/03\/AW405373_01-scaled.jpg","contentUrl":"https:\/\/memurunsesi.net\/wp-content\/uploads\/2025\/03\/AW405373_01-scaled.jpg","width":2560,"height":1707,"caption":"D\u00dcZCE \u00dcN\u0130VERS\u0130TES\u0130 KAL\u0130TE TOPLULU\u011eU TARAFINDAN D\u00dcZENLENEN \"KAL\u0130TEN\u0130N SEKT\u00d6RDEK\u0130 G\u00dcC\u00dc'' ADLI SEM\u0130NER GER\u00c7EKLE\u015eT\u0130R\u0130LD\u0130. (AL\u0130 YILDIZ\/D\u00dcZCE-\u0130HA) D\u00fczce \u00dcniversitesi Kalite Toplulu\u011fu taraf\u0131ndan d\u00fczenlenen \"Kalitenin Sekt\u00f6rdeki G\u00fcc\u00fc'' adl\u0131 seminer ger\u00e7ekle\u015ftirildi."},{"@type":"BreadcrumbList","@id":"https:\/\/memurunsesi.net\/index.php\/2025\/03\/05\/kalitenin-sektordeki-gucu-vurgulandi\/#breadcrumb","itemListElement":[{"@type":"ListItem","position":1,"name":"Anasayfa","item":"https:\/\/memurunsesi.net\/"},{"@type":"ListItem","position":2,"name":"Kalitenin sekt\u00f6rdeki g\u00fcc\u00fc vurguland\u0131"}]},{"@type":"WebSite","@id":"https:\/\/memurunsesi.net\/#website","url":"https:\/\/memurunsesi.net\/","name":"Memurun Sesi","description":"G\u00fcncel ve Do\u011fru Haber","publisher":{"@id":"https:\/\/memurunsesi.net\/#organization"},"potentialAction":[{"@type":"SearchAction","target":{"@type":"EntryPoint","urlTemplate":"https:\/\/memurunsesi.net\/?s={search_term_string}"},"query-input":{"@type":"PropertyValueSpecification","valueRequired":true,"valueName":"search_term_string"}}],"inLanguage":"tr"},{"@type":"Organization","@id":"https:\/\/memurunsesi.net\/#organization","name":"Memurun Sesi","url":"https:\/\/memurunsesi.net\/","logo":{"@type":"ImageObject","inLanguage":"tr","@id":"https:\/\/memurunsesi.net\/#\/schema\/logo\/image\/","url":"https:\/\/memurunsesi.net\/wp-content\/uploads\/2025\/11\/cropped-MEMURUN-SESI.png","contentUrl":"https:\/\/memurunsesi.net\/wp-content\/uploads\/2025\/11\/cropped-MEMURUN-SESI.png","width":238,"height":57,"caption":"Memurun Sesi"},"image":{"@id":"https:\/\/memurunsesi.net\/#\/schema\/logo\/image\/"},"sameAs":["https:\/\/www.facebook.com\/unipersen\/?locale=tr_TR","https:\/\/x.com\/unipersen"]},{"@type":"Person","@id":"https:\/\/memurunsesi.net\/#\/schema\/person\/f21c2d73b89f6ee1d80b0a1803e38587","name":"Memurun Sesi Haber Merkezi","image":{"@type":"ImageObject","inLanguage":"tr","@id":"https:\/\/secure.gravatar.com\/avatar\/6cf0505f452ee753f485014986fab09a434671d2b919ee76fc541025c5876a70?s=96&d=mm&r=g","url":"https:\/\/secure.gravatar.com\/avatar\/6cf0505f452ee753f485014986fab09a434671d2b919ee76fc541025c5876a70?s=96&d=mm&r=g","contentUrl":"https:\/\/secure.gravatar.com\/avatar\/6cf0505f452ee753f485014986fab09a434671d2b919ee76fc541025c5876a70?s=96&d=mm&r=g","caption":"Memurun Sesi Haber Merkezi"},"sameAs":["https:\/\/memurunsesi.net"],"url":"https:\/\/memurunsesi.net\/index.php\/author\/uniper\/"}]}},"_links":{"self":[{"href":"https:\/\/memurunsesi.net\/index.php\/wp-json\/wp\/v2\/posts\/3919","targetHints":{"allow":["GET"]}}],"collection":[{"href":"https:\/\/memurunsesi.net\/index.php\/wp-json\/wp\/v2\/posts"}],"about":[{"href":"https:\/\/memurunsesi.net\/index.php\/wp-json\/wp\/v2\/types\/post"}],"author":[{"embeddable":true,"href":"https:\/\/memurunsesi.net\/index.php\/wp-json\/wp\/v2\/users\/1"}],"replies":[{"embeddable":true,"href":"https:\/\/memurunsesi.net\/index.php\/wp-json\/wp\/v2\/comments?post=3919"}],"version-history":[{"count":1,"href":"https:\/\/memurunsesi.net\/index.php\/wp-json\/wp\/v2\/posts\/3919\/revisions"}],"predecessor-version":[{"id":3921,"href":"https:\/\/memurunsesi.net\/index.php\/wp-json\/wp\/v2\/posts\/3919\/revisions\/3921"}],"wp:featuredmedia":[{"embeddable":true,"href":"https:\/\/memurunsesi.net\/index.php\/wp-json\/wp\/v2\/media\/3920"}],"wp:attachment":[{"href":"https:\/\/memurunsesi.net\/index.php\/wp-json\/wp\/v2\/media?parent=3919"}],"wp:term":[{"taxonomy":"category","embeddable":true,"href":"https:\/\/memurunsesi.net\/index.php\/wp-json\/wp\/v2\/categories?post=3919"},{"taxonomy":"post_tag","embeddable":true,"href":"https:\/\/memurunsesi.net\/index.php\/wp-json\/wp\/v2\/tags?post=3919"}],"curies":[{"name":"wp","href":"https:\/\/api.w.org\/{rel}","templated":true}]}}