{"id":3961,"date":"2025-03-06T10:10:57","date_gmt":"2025-03-06T07:10:57","guid":{"rendered":"https:\/\/memurunsesi.net\/?p=3961"},"modified":"2025-03-06T10:10:57","modified_gmt":"2025-03-06T07:10:57","slug":"mobbingin-onlenmesi-ile-ilgili-genelge-yayimlandi","status":"publish","type":"post","link":"https:\/\/memurunsesi.net\/index.php\/2025\/03\/06\/mobbingin-onlenmesi-ile-ilgili-genelge-yayimlandi\/","title":{"rendered":"Mobbing&#8217;in \u00d6nlenmesi ile \u0130lgili Genelge Yay\u0131mland\u0131"},"content":{"rendered":"<p>\u0130\u015fyerlerinde Psikolojik Tacize Kar\u015f\u0131 Yeni Genelge Yay\u0131nland\u0131<br \/>\n\u00c7al\u0131\u015fanlar\u0131n motivasyonunu art\u0131rmak, hizmetlerin etkinli\u011fini sa\u011flamak ve sa\u011fl\u0131kl\u0131 bir \u00e7al\u0131\u015fma ortam\u0131 olu\u015fturmak amac\u0131yla, i\u015f yerlerinde psikolojik tacizi (mobbing) \u00f6nlemeye y\u00f6nelik yeni bir genelge yay\u0131nland\u0131. Genelge, \u00e7al\u0131\u015fanlar\u0131n kas\u0131tl\u0131 ve sistematik olarak a\u015fa\u011f\u0131lanmas\u0131, d\u0131\u015flanmas\u0131, sayg\u0131nl\u0131\u011f\u0131n\u0131n zedelenmesi gibi durumlar\u0131n \u00f6n\u00fcne ge\u00e7meyi hedefliyor.<br \/>\nPsikolojik Tacize U\u011frayan \u00c7al\u0131\u015fanlar \u0130\u00e7in Ba\u015fvuru Kanallar\u0131<br \/>\nGenelgeye g\u00f6re, i\u015f yerlerinde psikolojik tacize maruz kalan \u00e7al\u0131\u015fanlar, ilgili mevzuatta belirtilen usuller do\u011frultusunda \u015fu kurumlara ba\u015fvurabilecekler:<br \/>\n * \u00c7al\u0131\u015ft\u0131klar\u0131 kurum veya kurulu\u015f<br \/>\n * Cumhurba\u015fkanl\u0131\u011f\u0131 \u0130leti\u015fim Merkezi (C\u0130MER)<br \/>\n * T\u00fcrkiye B\u00fcy\u00fck Millet Meclisi (TBMM) Dilek\u00e7e Komisyonu<br \/>\n * \u00c7al\u0131\u015fma ve Sosyal G\u00fcvenlik \u0130leti\u015fim Merkezi (ALO 170)<br \/>\n * \u00c7al\u0131\u015fma ve Sosyal G\u00fcvenlik Bakanl\u0131\u011f\u0131<br \/>\n * T\u00fcrkiye \u0130nsan Haklar\u0131 ve E\u015fitlik Kurumu (T\u0130HEK)<br \/>\n * Kamu Denet\u00e7ili\u011fi Kurumu (KDK)<br \/>\nPsikolojik Tacizle M\u00fccadele Kapsam\u0131nda Al\u0131nacak \u00d6nlemler<br \/>\nGenelge, \u00e7al\u0131\u015fanlar\u0131n psikolojik tacizden korunmas\u0131 ve bu t\u00fcr durumlarla m\u00fccadele edilmesi amac\u0131yla \u00e7e\u015fitli \u00f6nlemlerin al\u0131nmas\u0131n\u0131 \u00f6ng\u00f6r\u00fcyor. Bu kapsamda, i\u015f yerlerinde psikolojik tacizi \u00f6nlemeye y\u00f6nelik e\u011fitimler d\u00fczenlenecek, fark\u0131ndal\u0131k \u00e7al\u0131\u015fmalar\u0131 yap\u0131lacak ve ba\u015fvuru mekanizmalar\u0131 hakk\u0131nda bilgilendirme sa\u011flanacak.<br \/>\nGenelgenin Ama\u00e7lar\u0131<br \/>\n * \u00c7al\u0131\u015fanlar\u0131n motivasyonunu art\u0131rmak<br \/>\n * Hizmetlerin etkinli\u011fini sa\u011flamak<br \/>\n * Sa\u011fl\u0131kl\u0131, g\u00fcvenli ve bar\u0131\u015f\u00e7\u0131l bir \u00e7al\u0131\u015fma ortam\u0131 olu\u015fturmak<br \/>\n * Kapsay\u0131c\u0131 ve s\u00fcrd\u00fcr\u00fclebilir istihdam\u0131 desteklemek<br \/>\n * Toplumsal refah\u0131 art\u0131rmak<br \/>\nGenelge, i\u015f yerlerinde psikolojik tacizin \u00f6nlenmesi ve \u00e7al\u0131\u015fanlar\u0131n haklar\u0131n\u0131n korunmas\u0131 a\u00e7\u0131s\u0131ndan \u00f6nemli bir ad\u0131m olarak de\u011ferlendiriliyor.<\/p>\n","protected":false},"excerpt":{"rendered":"<p>\u0130\u015fyerlerinde Psikolojik Tacize Kar\u015f\u0131 Yeni Genelge Yay\u0131nland\u0131 \u00c7al\u0131\u015fanlar\u0131n motivasyonunu art\u0131rmak, hizmetlerin etkinli\u011fini sa\u011flamak ve sa\u011fl\u0131kl\u0131 bir \u00e7al\u0131\u015fma ortam\u0131 olu\u015fturmak amac\u0131yla, i\u015f yerlerinde psikolojik tacizi (mobbing) \u00f6nlemeye y\u00f6nelik yeni bir genelge yay\u0131nland\u0131. Genelge, \u00e7al\u0131\u015fanlar\u0131n kas\u0131tl\u0131 ve sistematik olarak a\u015fa\u011f\u0131lanmas\u0131, d\u0131\u015flanmas\u0131, sayg\u0131nl\u0131\u011f\u0131n\u0131n zedelenmesi gibi durumlar\u0131n \u00f6n\u00fcne ge\u00e7meyi hedefliyor. Psikolojik Tacize U\u011frayan \u00c7al\u0131\u015fanlar \u0130\u00e7in Ba\u015fvuru Kanallar\u0131 Genelgeye g\u00f6re, [&hellip;]<\/p>\n","protected":false},"author":1,"featured_media":3962,"comment_status":"open","ping_status":"open","sticky":false,"template":"","format":"image","meta":{"footnotes":""},"categories":[1,46,47],"tags":[],"class_list":["post-3961","post","type-post","status-publish","format-image","has-post-thumbnail","hentry","category-genel","category-mevzuat","category-universiteden-haberler","post_format-post-format-image"],"yoast_head":"<!-- This site is optimized with the Yoast SEO plugin v27.4 - https:\/\/yoast.com\/product\/yoast-seo-wordpress\/ -->\n<title>Mobbing&#039;in \u00d6nlenmesi ile \u0130lgili Genelge Yay\u0131mland\u0131 - Memurun Sesi<\/title>\n<meta name=\"robots\" content=\"index, follow, max-snippet:-1, max-image-preview:large, max-video-preview:-1\" \/>\n<link rel=\"canonical\" href=\"https:\/\/memurunsesi.net\/index.php\/2025\/03\/06\/mobbingin-onlenmesi-ile-ilgili-genelge-yayimlandi\/\" \/>\n<meta property=\"og:locale\" content=\"tr_TR\" \/>\n<meta property=\"og:type\" content=\"article\" \/>\n<meta property=\"og:title\" content=\"Mobbing&#039;in \u00d6nlenmesi ile \u0130lgili Genelge Yay\u0131mland\u0131 - Memurun Sesi\" \/>\n<meta property=\"og:description\" content=\"\u0130\u015fyerlerinde Psikolojik Tacize Kar\u015f\u0131 Yeni Genelge Yay\u0131nland\u0131 \u00c7al\u0131\u015fanlar\u0131n motivasyonunu art\u0131rmak, hizmetlerin etkinli\u011fini sa\u011flamak ve sa\u011fl\u0131kl\u0131 bir \u00e7al\u0131\u015fma ortam\u0131 olu\u015fturmak amac\u0131yla, i\u015f yerlerinde psikolojik tacizi (mobbing) \u00f6nlemeye y\u00f6nelik yeni bir genelge yay\u0131nland\u0131. Genelge, \u00e7al\u0131\u015fanlar\u0131n kas\u0131tl\u0131 ve sistematik olarak a\u015fa\u011f\u0131lanmas\u0131, d\u0131\u015flanmas\u0131, sayg\u0131nl\u0131\u011f\u0131n\u0131n zedelenmesi gibi durumlar\u0131n \u00f6n\u00fcne ge\u00e7meyi hedefliyor. Psikolojik Tacize U\u011frayan \u00c7al\u0131\u015fanlar \u0130\u00e7in Ba\u015fvuru Kanallar\u0131 Genelgeye g\u00f6re, [&hellip;]\" \/>\n<meta property=\"og:url\" content=\"https:\/\/memurunsesi.net\/index.php\/2025\/03\/06\/mobbingin-onlenmesi-ile-ilgili-genelge-yayimlandi\/\" \/>\n<meta property=\"og:site_name\" content=\"Memurun Sesi\" \/>\n<meta property=\"article:publisher\" content=\"https:\/\/www.facebook.com\/unipersen\/?locale=tr_TR\" \/>\n<meta property=\"article:published_time\" content=\"2025-03-06T07:10:57+00:00\" \/>\n<meta property=\"og:image\" content=\"https:\/\/memurunsesi.net\/wp-content\/uploads\/2025\/03\/Mobbing.jpg\" \/>\n\t<meta property=\"og:image:width\" content=\"967\" \/>\n\t<meta property=\"og:image:height\" content=\"1590\" \/>\n\t<meta property=\"og:image:type\" content=\"image\/jpeg\" \/>\n<meta name=\"author\" content=\"Memurun Sesi Haber Merkezi\" \/>\n<meta name=\"twitter:card\" content=\"summary_large_image\" \/>\n<meta name=\"twitter:creator\" content=\"@unipersen\" \/>\n<meta name=\"twitter:site\" content=\"@unipersen\" \/>\n<meta name=\"twitter:label1\" content=\"Yazan:\" \/>\n\t<meta name=\"twitter:data1\" content=\"Memurun Sesi Haber Merkezi\" \/>\n\t<meta name=\"twitter:label2\" content=\"Tahmini okuma s\u00fcresi\" \/>\n\t<meta name=\"twitter:data2\" content=\"1 dakika\" \/>\n<script type=\"application\/ld+json\" class=\"yoast-schema-graph\">{\"@context\":\"https:\\\/\\\/schema.org\",\"@graph\":[{\"@type\":\"Article\",\"@id\":\"https:\\\/\\\/memurunsesi.net\\\/index.php\\\/2025\\\/03\\\/06\\\/mobbingin-onlenmesi-ile-ilgili-genelge-yayimlandi\\\/#article\",\"isPartOf\":{\"@id\":\"https:\\\/\\\/memurunsesi.net\\\/index.php\\\/2025\\\/03\\\/06\\\/mobbingin-onlenmesi-ile-ilgili-genelge-yayimlandi\\\/\"},\"author\":{\"name\":\"Memurun Sesi Haber Merkezi\",\"@id\":\"https:\\\/\\\/memurunsesi.net\\\/#\\\/schema\\\/person\\\/f21c2d73b89f6ee1d80b0a1803e38587\"},\"headline\":\"Mobbing&#8217;in \u00d6nlenmesi ile \u0130lgili Genelge Yay\u0131mland\u0131\",\"datePublished\":\"2025-03-06T07:10:57+00:00\",\"mainEntityOfPage\":{\"@id\":\"https:\\\/\\\/memurunsesi.net\\\/index.php\\\/2025\\\/03\\\/06\\\/mobbingin-onlenmesi-ile-ilgili-genelge-yayimlandi\\\/\"},\"wordCount\":296,\"commentCount\":0,\"publisher\":{\"@id\":\"https:\\\/\\\/memurunsesi.net\\\/#organization\"},\"image\":{\"@id\":\"https:\\\/\\\/memurunsesi.net\\\/index.php\\\/2025\\\/03\\\/06\\\/mobbingin-onlenmesi-ile-ilgili-genelge-yayimlandi\\\/#primaryimage\"},\"thumbnailUrl\":\"https:\\\/\\\/memurunsesi.net\\\/wp-content\\\/uploads\\\/2025\\\/03\\\/Mobbing.jpg\",\"articleSection\":{\"1\":\"Mevzuat\",\"2\":\"\u00dcniversiteden Haberler\"},\"inLanguage\":\"tr\",\"potentialAction\":[{\"@type\":\"CommentAction\",\"name\":\"Comment\",\"target\":[\"https:\\\/\\\/memurunsesi.net\\\/index.php\\\/2025\\\/03\\\/06\\\/mobbingin-onlenmesi-ile-ilgili-genelge-yayimlandi\\\/#respond\"]}]},{\"@type\":\"WebPage\",\"@id\":\"https:\\\/\\\/memurunsesi.net\\\/index.php\\\/2025\\\/03\\\/06\\\/mobbingin-onlenmesi-ile-ilgili-genelge-yayimlandi\\\/\",\"url\":\"https:\\\/\\\/memurunsesi.net\\\/index.php\\\/2025\\\/03\\\/06\\\/mobbingin-onlenmesi-ile-ilgili-genelge-yayimlandi\\\/\",\"name\":\"Mobbing'in \u00d6nlenmesi ile \u0130lgili Genelge Yay\u0131mland\u0131 - Memurun Sesi\",\"isPartOf\":{\"@id\":\"https:\\\/\\\/memurunsesi.net\\\/#website\"},\"primaryImageOfPage\":{\"@id\":\"https:\\\/\\\/memurunsesi.net\\\/index.php\\\/2025\\\/03\\\/06\\\/mobbingin-onlenmesi-ile-ilgili-genelge-yayimlandi\\\/#primaryimage\"},\"image\":{\"@id\":\"https:\\\/\\\/memurunsesi.net\\\/index.php\\\/2025\\\/03\\\/06\\\/mobbingin-onlenmesi-ile-ilgili-genelge-yayimlandi\\\/#primaryimage\"},\"thumbnailUrl\":\"https:\\\/\\\/memurunsesi.net\\\/wp-content\\\/uploads\\\/2025\\\/03\\\/Mobbing.jpg\",\"datePublished\":\"2025-03-06T07:10:57+00:00\",\"breadcrumb\":{\"@id\":\"https:\\\/\\\/memurunsesi.net\\\/index.php\\\/2025\\\/03\\\/06\\\/mobbingin-onlenmesi-ile-ilgili-genelge-yayimlandi\\\/#breadcrumb\"},\"inLanguage\":\"tr\",\"potentialAction\":[{\"@type\":\"ReadAction\",\"target\":[\"https:\\\/\\\/memurunsesi.net\\\/index.php\\\/2025\\\/03\\\/06\\\/mobbingin-onlenmesi-ile-ilgili-genelge-yayimlandi\\\/\"]}]},{\"@type\":\"ImageObject\",\"inLanguage\":\"tr\",\"@id\":\"https:\\\/\\\/memurunsesi.net\\\/index.php\\\/2025\\\/03\\\/06\\\/mobbingin-onlenmesi-ile-ilgili-genelge-yayimlandi\\\/#primaryimage\",\"url\":\"https:\\\/\\\/memurunsesi.net\\\/wp-content\\\/uploads\\\/2025\\\/03\\\/Mobbing.jpg\",\"contentUrl\":\"https:\\\/\\\/memurunsesi.net\\\/wp-content\\\/uploads\\\/2025\\\/03\\\/Mobbing.jpg\",\"width\":967,\"height\":1590},{\"@type\":\"BreadcrumbList\",\"@id\":\"https:\\\/\\\/memurunsesi.net\\\/index.php\\\/2025\\\/03\\\/06\\\/mobbingin-onlenmesi-ile-ilgili-genelge-yayimlandi\\\/#breadcrumb\",\"itemListElement\":[{\"@type\":\"ListItem\",\"position\":1,\"name\":\"Anasayfa\",\"item\":\"https:\\\/\\\/memurunsesi.net\\\/\"},{\"@type\":\"ListItem\",\"position\":2,\"name\":\"Mobbing&#8217;in \u00d6nlenmesi ile \u0130lgili Genelge Yay\u0131mland\u0131\"}]},{\"@type\":\"WebSite\",\"@id\":\"https:\\\/\\\/memurunsesi.net\\\/#website\",\"url\":\"https:\\\/\\\/memurunsesi.net\\\/\",\"name\":\"Memurun Sesi\",\"description\":\"G\u00fcncel ve Do\u011fru Haber\",\"publisher\":{\"@id\":\"https:\\\/\\\/memurunsesi.net\\\/#organization\"},\"potentialAction\":[{\"@type\":\"SearchAction\",\"target\":{\"@type\":\"EntryPoint\",\"urlTemplate\":\"https:\\\/\\\/memurunsesi.net\\\/?s={search_term_string}\"},\"query-input\":{\"@type\":\"PropertyValueSpecification\",\"valueRequired\":true,\"valueName\":\"search_term_string\"}}],\"inLanguage\":\"tr\"},{\"@type\":\"Organization\",\"@id\":\"https:\\\/\\\/memurunsesi.net\\\/#organization\",\"name\":\"Memurun Sesi\",\"url\":\"https:\\\/\\\/memurunsesi.net\\\/\",\"logo\":{\"@type\":\"ImageObject\",\"inLanguage\":\"tr\",\"@id\":\"https:\\\/\\\/memurunsesi.net\\\/#\\\/schema\\\/logo\\\/image\\\/\",\"url\":\"https:\\\/\\\/memurunsesi.net\\\/wp-content\\\/uploads\\\/2025\\\/11\\\/cropped-MEMURUN-SESI.png\",\"contentUrl\":\"https:\\\/\\\/memurunsesi.net\\\/wp-content\\\/uploads\\\/2025\\\/11\\\/cropped-MEMURUN-SESI.png\",\"width\":238,\"height\":57,\"caption\":\"Memurun Sesi\"},\"image\":{\"@id\":\"https:\\\/\\\/memurunsesi.net\\\/#\\\/schema\\\/logo\\\/image\\\/\"},\"sameAs\":[\"https:\\\/\\\/www.facebook.com\\\/unipersen\\\/?locale=tr_TR\",\"https:\\\/\\\/x.com\\\/unipersen\"]},{\"@type\":\"Person\",\"@id\":\"https:\\\/\\\/memurunsesi.net\\\/#\\\/schema\\\/person\\\/f21c2d73b89f6ee1d80b0a1803e38587\",\"name\":\"Memurun Sesi Haber Merkezi\",\"image\":{\"@type\":\"ImageObject\",\"inLanguage\":\"tr\",\"@id\":\"https:\\\/\\\/secure.gravatar.com\\\/avatar\\\/6cf0505f452ee753f485014986fab09a434671d2b919ee76fc541025c5876a70?s=96&d=mm&r=g\",\"url\":\"https:\\\/\\\/secure.gravatar.com\\\/avatar\\\/6cf0505f452ee753f485014986fab09a434671d2b919ee76fc541025c5876a70?s=96&d=mm&r=g\",\"contentUrl\":\"https:\\\/\\\/secure.gravatar.com\\\/avatar\\\/6cf0505f452ee753f485014986fab09a434671d2b919ee76fc541025c5876a70?s=96&d=mm&r=g\",\"caption\":\"Memurun Sesi Haber Merkezi\"},\"sameAs\":[\"https:\\\/\\\/memurunsesi.net\"],\"url\":\"https:\\\/\\\/memurunsesi.net\\\/index.php\\\/author\\\/uniper\\\/\"}]}<\/script>\n<!-- \/ Yoast SEO plugin. -->","yoast_head_json":{"title":"Mobbing'in \u00d6nlenmesi ile \u0130lgili Genelge Yay\u0131mland\u0131 - Memurun Sesi","robots":{"index":"index","follow":"follow","max-snippet":"max-snippet:-1","max-image-preview":"max-image-preview:large","max-video-preview":"max-video-preview:-1"},"canonical":"https:\/\/memurunsesi.net\/index.php\/2025\/03\/06\/mobbingin-onlenmesi-ile-ilgili-genelge-yayimlandi\/","og_locale":"tr_TR","og_type":"article","og_title":"Mobbing'in \u00d6nlenmesi ile \u0130lgili Genelge Yay\u0131mland\u0131 - Memurun Sesi","og_description":"\u0130\u015fyerlerinde Psikolojik Tacize Kar\u015f\u0131 Yeni Genelge Yay\u0131nland\u0131 \u00c7al\u0131\u015fanlar\u0131n motivasyonunu art\u0131rmak, hizmetlerin etkinli\u011fini sa\u011flamak ve sa\u011fl\u0131kl\u0131 bir \u00e7al\u0131\u015fma ortam\u0131 olu\u015fturmak amac\u0131yla, i\u015f yerlerinde psikolojik tacizi (mobbing) \u00f6nlemeye y\u00f6nelik yeni bir genelge yay\u0131nland\u0131. Genelge, \u00e7al\u0131\u015fanlar\u0131n kas\u0131tl\u0131 ve sistematik olarak a\u015fa\u011f\u0131lanmas\u0131, d\u0131\u015flanmas\u0131, sayg\u0131nl\u0131\u011f\u0131n\u0131n zedelenmesi gibi durumlar\u0131n \u00f6n\u00fcne ge\u00e7meyi hedefliyor. Psikolojik Tacize U\u011frayan \u00c7al\u0131\u015fanlar \u0130\u00e7in Ba\u015fvuru Kanallar\u0131 Genelgeye g\u00f6re, [&hellip;]","og_url":"https:\/\/memurunsesi.net\/index.php\/2025\/03\/06\/mobbingin-onlenmesi-ile-ilgili-genelge-yayimlandi\/","og_site_name":"Memurun Sesi","article_publisher":"https:\/\/www.facebook.com\/unipersen\/?locale=tr_TR","article_published_time":"2025-03-06T07:10:57+00:00","og_image":[{"width":967,"height":1590,"url":"https:\/\/memurunsesi.net\/wp-content\/uploads\/2025\/03\/Mobbing.jpg","type":"image\/jpeg"}],"author":"Memurun Sesi Haber Merkezi","twitter_card":"summary_large_image","twitter_creator":"@unipersen","twitter_site":"@unipersen","twitter_misc":{"Yazan:":"Memurun Sesi Haber Merkezi","Tahmini okuma s\u00fcresi":"1 dakika"},"schema":{"@context":"https:\/\/schema.org","@graph":[{"@type":"Article","@id":"https:\/\/memurunsesi.net\/index.php\/2025\/03\/06\/mobbingin-onlenmesi-ile-ilgili-genelge-yayimlandi\/#article","isPartOf":{"@id":"https:\/\/memurunsesi.net\/index.php\/2025\/03\/06\/mobbingin-onlenmesi-ile-ilgili-genelge-yayimlandi\/"},"author":{"name":"Memurun Sesi Haber Merkezi","@id":"https:\/\/memurunsesi.net\/#\/schema\/person\/f21c2d73b89f6ee1d80b0a1803e38587"},"headline":"Mobbing&#8217;in \u00d6nlenmesi ile \u0130lgili Genelge Yay\u0131mland\u0131","datePublished":"2025-03-06T07:10:57+00:00","mainEntityOfPage":{"@id":"https:\/\/memurunsesi.net\/index.php\/2025\/03\/06\/mobbingin-onlenmesi-ile-ilgili-genelge-yayimlandi\/"},"wordCount":296,"commentCount":0,"publisher":{"@id":"https:\/\/memurunsesi.net\/#organization"},"image":{"@id":"https:\/\/memurunsesi.net\/index.php\/2025\/03\/06\/mobbingin-onlenmesi-ile-ilgili-genelge-yayimlandi\/#primaryimage"},"thumbnailUrl":"https:\/\/memurunsesi.net\/wp-content\/uploads\/2025\/03\/Mobbing.jpg","articleSection":{"1":"Mevzuat","2":"\u00dcniversiteden Haberler"},"inLanguage":"tr","potentialAction":[{"@type":"CommentAction","name":"Comment","target":["https:\/\/memurunsesi.net\/index.php\/2025\/03\/06\/mobbingin-onlenmesi-ile-ilgili-genelge-yayimlandi\/#respond"]}]},{"@type":"WebPage","@id":"https:\/\/memurunsesi.net\/index.php\/2025\/03\/06\/mobbingin-onlenmesi-ile-ilgili-genelge-yayimlandi\/","url":"https:\/\/memurunsesi.net\/index.php\/2025\/03\/06\/mobbingin-onlenmesi-ile-ilgili-genelge-yayimlandi\/","name":"Mobbing'in \u00d6nlenmesi ile \u0130lgili Genelge Yay\u0131mland\u0131 - Memurun Sesi","isPartOf":{"@id":"https:\/\/memurunsesi.net\/#website"},"primaryImageOfPage":{"@id":"https:\/\/memurunsesi.net\/index.php\/2025\/03\/06\/mobbingin-onlenmesi-ile-ilgili-genelge-yayimlandi\/#primaryimage"},"image":{"@id":"https:\/\/memurunsesi.net\/index.php\/2025\/03\/06\/mobbingin-onlenmesi-ile-ilgili-genelge-yayimlandi\/#primaryimage"},"thumbnailUrl":"https:\/\/memurunsesi.net\/wp-content\/uploads\/2025\/03\/Mobbing.jpg","datePublished":"2025-03-06T07:10:57+00:00","breadcrumb":{"@id":"https:\/\/memurunsesi.net\/index.php\/2025\/03\/06\/mobbingin-onlenmesi-ile-ilgili-genelge-yayimlandi\/#breadcrumb"},"inLanguage":"tr","potentialAction":[{"@type":"ReadAction","target":["https:\/\/memurunsesi.net\/index.php\/2025\/03\/06\/mobbingin-onlenmesi-ile-ilgili-genelge-yayimlandi\/"]}]},{"@type":"ImageObject","inLanguage":"tr","@id":"https:\/\/memurunsesi.net\/index.php\/2025\/03\/06\/mobbingin-onlenmesi-ile-ilgili-genelge-yayimlandi\/#primaryimage","url":"https:\/\/memurunsesi.net\/wp-content\/uploads\/2025\/03\/Mobbing.jpg","contentUrl":"https:\/\/memurunsesi.net\/wp-content\/uploads\/2025\/03\/Mobbing.jpg","width":967,"height":1590},{"@type":"BreadcrumbList","@id":"https:\/\/memurunsesi.net\/index.php\/2025\/03\/06\/mobbingin-onlenmesi-ile-ilgili-genelge-yayimlandi\/#breadcrumb","itemListElement":[{"@type":"ListItem","position":1,"name":"Anasayfa","item":"https:\/\/memurunsesi.net\/"},{"@type":"ListItem","position":2,"name":"Mobbing&#8217;in \u00d6nlenmesi ile \u0130lgili Genelge Yay\u0131mland\u0131"}]},{"@type":"WebSite","@id":"https:\/\/memurunsesi.net\/#website","url":"https:\/\/memurunsesi.net\/","name":"Memurun Sesi","description":"G\u00fcncel ve Do\u011fru Haber","publisher":{"@id":"https:\/\/memurunsesi.net\/#organization"},"potentialAction":[{"@type":"SearchAction","target":{"@type":"EntryPoint","urlTemplate":"https:\/\/memurunsesi.net\/?s={search_term_string}"},"query-input":{"@type":"PropertyValueSpecification","valueRequired":true,"valueName":"search_term_string"}}],"inLanguage":"tr"},{"@type":"Organization","@id":"https:\/\/memurunsesi.net\/#organization","name":"Memurun Sesi","url":"https:\/\/memurunsesi.net\/","logo":{"@type":"ImageObject","inLanguage":"tr","@id":"https:\/\/memurunsesi.net\/#\/schema\/logo\/image\/","url":"https:\/\/memurunsesi.net\/wp-content\/uploads\/2025\/11\/cropped-MEMURUN-SESI.png","contentUrl":"https:\/\/memurunsesi.net\/wp-content\/uploads\/2025\/11\/cropped-MEMURUN-SESI.png","width":238,"height":57,"caption":"Memurun Sesi"},"image":{"@id":"https:\/\/memurunsesi.net\/#\/schema\/logo\/image\/"},"sameAs":["https:\/\/www.facebook.com\/unipersen\/?locale=tr_TR","https:\/\/x.com\/unipersen"]},{"@type":"Person","@id":"https:\/\/memurunsesi.net\/#\/schema\/person\/f21c2d73b89f6ee1d80b0a1803e38587","name":"Memurun Sesi Haber Merkezi","image":{"@type":"ImageObject","inLanguage":"tr","@id":"https:\/\/secure.gravatar.com\/avatar\/6cf0505f452ee753f485014986fab09a434671d2b919ee76fc541025c5876a70?s=96&d=mm&r=g","url":"https:\/\/secure.gravatar.com\/avatar\/6cf0505f452ee753f485014986fab09a434671d2b919ee76fc541025c5876a70?s=96&d=mm&r=g","contentUrl":"https:\/\/secure.gravatar.com\/avatar\/6cf0505f452ee753f485014986fab09a434671d2b919ee76fc541025c5876a70?s=96&d=mm&r=g","caption":"Memurun Sesi Haber Merkezi"},"sameAs":["https:\/\/memurunsesi.net"],"url":"https:\/\/memurunsesi.net\/index.php\/author\/uniper\/"}]}},"_links":{"self":[{"href":"https:\/\/memurunsesi.net\/index.php\/wp-json\/wp\/v2\/posts\/3961","targetHints":{"allow":["GET"]}}],"collection":[{"href":"https:\/\/memurunsesi.net\/index.php\/wp-json\/wp\/v2\/posts"}],"about":[{"href":"https:\/\/memurunsesi.net\/index.php\/wp-json\/wp\/v2\/types\/post"}],"author":[{"embeddable":true,"href":"https:\/\/memurunsesi.net\/index.php\/wp-json\/wp\/v2\/users\/1"}],"replies":[{"embeddable":true,"href":"https:\/\/memurunsesi.net\/index.php\/wp-json\/wp\/v2\/comments?post=3961"}],"version-history":[{"count":1,"href":"https:\/\/memurunsesi.net\/index.php\/wp-json\/wp\/v2\/posts\/3961\/revisions"}],"predecessor-version":[{"id":3963,"href":"https:\/\/memurunsesi.net\/index.php\/wp-json\/wp\/v2\/posts\/3961\/revisions\/3963"}],"wp:featuredmedia":[{"embeddable":true,"href":"https:\/\/memurunsesi.net\/index.php\/wp-json\/wp\/v2\/media\/3962"}],"wp:attachment":[{"href":"https:\/\/memurunsesi.net\/index.php\/wp-json\/wp\/v2\/media?parent=3961"}],"wp:term":[{"taxonomy":"category","embeddable":true,"href":"https:\/\/memurunsesi.net\/index.php\/wp-json\/wp\/v2\/categories?post=3961"},{"taxonomy":"post_tag","embeddable":true,"href":"https:\/\/memurunsesi.net\/index.php\/wp-json\/wp\/v2\/tags?post=3961"}],"curies":[{"name":"wp","href":"https:\/\/api.w.org\/{rel}","templated":true}]}}