{"id":3968,"date":"2025-03-06T10:18:56","date_gmt":"2025-03-06T07:18:56","guid":{"rendered":"https:\/\/memurunsesi.net\/?p=3968"},"modified":"2025-03-06T10:18:56","modified_gmt":"2025-03-06T07:18:56","slug":"kusadasinda-8-mart-kutlamalari-basladi","status":"publish","type":"post","link":"https:\/\/memurunsesi.net\/index.php\/2025\/03\/06\/kusadasinda-8-mart-kutlamalari-basladi\/","title":{"rendered":"Ku\u015fadas\u0131&#8217;nda 8 Mart kutlamalar\u0131 ba\u015flad\u0131"},"content":{"rendered":"<p>\n Ku\u015fadas\u0131&#8217;nda, \u20188 Mart D\u00fcnya Emek\u00e7i Kad\u0131nlar G\u00fcn\u00fc&#8217; kutlamalar\u0131, \u0130bramaki Sanat Galerisi&#8217;nde d\u00fczenlenen bir dizi etkinlikle ba\u015flad\u0131.  <\/p>\n<p>Ku\u015fadas\u0131 Belediyesi ve \u00e7e\u015fitli sivil toplum kurulu\u015flar\u0131n\u0131n \u00fcye oldu\u011fu \u2018Ku\u015fadas\u0131 Kad\u0131nca&#8217; olu\u015fumunun katk\u0131lar\u0131yla ger\u00e7ekle\u015ftirilen etkinlikte konu\u015fan Belediye Ba\u015fkan Yard\u0131mc\u0131s\u0131 Ay\u015feg\u00fcl Da\u011fl\u0131, &#8220;\u00d6ncelikle ya\u015fam\u0131n her an\u0131nda eme\u011fi olan kad\u0131nlar\u0131m\u0131z iyi ki vars\u0131n\u0131z. T\u00fcm kad\u0131nlar\u0131m\u0131z\u0131n 8 Mart D\u00fcnya Emek\u00e7i Kad\u0131nlar G\u00fcn\u00fc \u015fimdiden kutlu olsun&#8221; dedi.  <\/p>\n<p>  Kutlama etkinlikleri kapsam\u0131nda \u0130bramaki Sanat Galerisi&#8217;nde \u00f6nce Y\u00fcksel Yalova G\u00fczel Sanatlar Lisesi \u00f6\u011frencileri taraf\u0131ndan farkl\u0131 tekniklerle haz\u0131rlanan resimlerin yer ald\u0131\u011f\u0131 \u2018Kad\u0131nlar Vard\u0131r&#8217; isimli sergi a\u00e7\u0131ld\u0131. Ard\u0131ndan Polonyal\u0131 filozof, ekonomist ve aktivist Rosa Luxemburg&#8217;un hayat\u0131n\u0131 anlatan belgesel film g\u00f6sterimi yap\u0131ld\u0131. Kutlama program\u0131n\u0131n son b\u00f6l\u00fcm\u00fcndeyse 1910&#8217;larda Amerikan kad\u0131nlar\u0131n\u0131n se\u00e7me ve se\u00e7ilme hakk\u0131 edinmek i\u00e7in verdikleri m\u00fccadeleyi konu alan \u2018Demir \u00c7eneli Melekler&#8217; adl\u0131 film g\u00f6sterildi. <\/p>\n<p>  Etkinli\u011fin a\u00e7\u0131l\u0131\u015f konu\u015fmas\u0131n\u0131 yapan Ku\u015fadas\u0131 Belediye Ba\u015fkan Yard\u0131mc\u0131s\u0131 Ay\u015feg\u00fcl Da\u011fl\u0131, &#8220;\u00d6ncelikle ya\u015fam\u0131n her an\u0131nda eme\u011fi olan kad\u0131nlar\u0131m\u0131z iyi ki vars\u0131n\u0131z. T\u00fcm kad\u0131nlar\u0131m\u0131z\u0131n 8 Mart D\u00fcnya Emek\u00e7i Kad\u0131nlar G\u00fcn\u00fc \u015fimdiden kutlu olsun. Biz, Belediye Ba\u015fkan\u0131m\u0131z\u0131n e\u015fi Duygu G\u00fcnel ve dezavantajl\u0131 kad\u0131nlarla birlikte y\u00fcr\u00fcyen sivil toplum kurulu\u015flar\u0131n\u0131n katk\u0131lar\u0131yla \u2018Ku\u015fadas\u0131 Kad\u0131nca&#8217; ismini verdi\u011fimiz bir olu\u015fum kurduk. \u00dc\u00e7 ayd\u0131r \u00e7al\u0131\u015fmalar\u0131m\u0131z devam ediyor. Amac\u0131m\u0131z daha ya\u015fan\u0131l\u0131r ve daha mutlu bir toplumun olu\u015fmas\u0131na katk\u0131 sunmak. Farkl\u0131 projelerimiz de var. Bunlar\u0131 ilerleyen g\u00fcnlerde sizlerle payla\u015faca\u011f\u0131m. Ku\u015fadas\u0131&#8217;ndaki kad\u0131nlar ve Ku\u015fadas\u0131 Belediyesi ile i\u015f birli\u011fi i\u00e7erisinde yolumuza devam edece\u011fiz&#8221; diye konu\u015ftu. <\/p>\n<p>6.03.2025                         <\/p>\n","protected":false},"excerpt":{"rendered":"<p>Ku\u015fadas\u0131&#8217;nda, \u20188 Mart D\u00fcnya Emek\u00e7i Kad\u0131nlar G\u00fcn\u00fc&#8217; kutlamalar\u0131, \u0130bramaki Sanat Galerisi&#8217;nde d\u00fczenlenen bir dizi etkinlikle ba\u015flad\u0131. Ku\u015fadas\u0131 Belediyesi ve \u00e7e\u015fitli sivil toplum kurulu\u015flar\u0131n\u0131n \u00fcye oldu\u011fu \u2018Ku\u015fadas\u0131 Kad\u0131nca&#8217; olu\u015fumunun katk\u0131lar\u0131yla ger\u00e7ekle\u015ftirilen etkinlikte konu\u015fan Belediye Ba\u015fkan Yard\u0131mc\u0131s\u0131 Ay\u015feg\u00fcl Da\u011fl\u0131, &#8220;\u00d6ncelikle ya\u015fam\u0131n her an\u0131nda eme\u011fi olan kad\u0131nlar\u0131m\u0131z iyi ki vars\u0131n\u0131z. T\u00fcm kad\u0131nlar\u0131m\u0131z\u0131n 8 Mart D\u00fcnya Emek\u00e7i Kad\u0131nlar G\u00fcn\u00fc [&hellip;]<\/p>\n","protected":false},"author":1,"featured_media":3969,"comment_status":"open","ping_status":"open","sticky":false,"template":"","format":"standard","meta":{"footnotes":""},"categories":[50],"tags":[],"class_list":["post-3968","post","type-post","status-publish","format-standard","has-post-thumbnail","hentry","category-tum-haberler"],"yoast_head":"<!-- This site is optimized with the Yoast SEO plugin v27.4 - https:\/\/yoast.com\/product\/yoast-seo-wordpress\/ -->\n<title>Ku\u015fadas\u0131&#039;nda 8 Mart kutlamalar\u0131 ba\u015flad\u0131 - Memurun Sesi<\/title>\n<meta name=\"robots\" content=\"index, follow, max-snippet:-1, max-image-preview:large, max-video-preview:-1\" \/>\n<link rel=\"canonical\" href=\"https:\/\/memurunsesi.net\/index.php\/2025\/03\/06\/kusadasinda-8-mart-kutlamalari-basladi\/\" \/>\n<meta property=\"og:locale\" content=\"tr_TR\" \/>\n<meta property=\"og:type\" content=\"article\" \/>\n<meta property=\"og:title\" content=\"Ku\u015fadas\u0131&#039;nda 8 Mart kutlamalar\u0131 ba\u015flad\u0131 - Memurun Sesi\" \/>\n<meta property=\"og:description\" content=\"Ku\u015fadas\u0131&#8217;nda, \u20188 Mart D\u00fcnya Emek\u00e7i Kad\u0131nlar G\u00fcn\u00fc&#8217; kutlamalar\u0131, \u0130bramaki Sanat Galerisi&#8217;nde d\u00fczenlenen bir dizi etkinlikle ba\u015flad\u0131. Ku\u015fadas\u0131 Belediyesi ve \u00e7e\u015fitli sivil toplum kurulu\u015flar\u0131n\u0131n \u00fcye oldu\u011fu \u2018Ku\u015fadas\u0131 Kad\u0131nca&#8217; olu\u015fumunun katk\u0131lar\u0131yla ger\u00e7ekle\u015ftirilen etkinlikte konu\u015fan Belediye Ba\u015fkan Yard\u0131mc\u0131s\u0131 Ay\u015feg\u00fcl Da\u011fl\u0131, &#8220;\u00d6ncelikle ya\u015fam\u0131n her an\u0131nda eme\u011fi olan kad\u0131nlar\u0131m\u0131z iyi ki vars\u0131n\u0131z. T\u00fcm kad\u0131nlar\u0131m\u0131z\u0131n 8 Mart D\u00fcnya Emek\u00e7i Kad\u0131nlar G\u00fcn\u00fc [&hellip;]\" \/>\n<meta property=\"og:url\" content=\"https:\/\/memurunsesi.net\/index.php\/2025\/03\/06\/kusadasinda-8-mart-kutlamalari-basladi\/\" \/>\n<meta property=\"og:site_name\" content=\"Memurun Sesi\" \/>\n<meta property=\"article:publisher\" content=\"https:\/\/www.facebook.com\/unipersen\/?locale=tr_TR\" \/>\n<meta property=\"article:published_time\" content=\"2025-03-06T07:18:56+00:00\" \/>\n<meta property=\"og:image\" content=\"https:\/\/memurunsesi.net\/wp-content\/uploads\/2025\/03\/AW406122_02.jpg\" \/>\n\t<meta property=\"og:image:width\" content=\"2000\" \/>\n\t<meta property=\"og:image:height\" content=\"1117\" \/>\n\t<meta property=\"og:image:type\" content=\"image\/jpeg\" \/>\n<meta name=\"author\" content=\"Memurun Sesi Haber Merkezi\" \/>\n<meta name=\"twitter:card\" content=\"summary_large_image\" \/>\n<meta name=\"twitter:creator\" content=\"@unipersen\" \/>\n<meta name=\"twitter:site\" content=\"@unipersen\" \/>\n<meta name=\"twitter:label1\" content=\"Yazan:\" \/>\n\t<meta name=\"twitter:data1\" content=\"Memurun Sesi Haber Merkezi\" \/>\n\t<meta name=\"twitter:label2\" content=\"Tahmini okuma s\u00fcresi\" \/>\n\t<meta name=\"twitter:data2\" content=\"2 dakika\" \/>\n<script type=\"application\/ld+json\" class=\"yoast-schema-graph\">{\"@context\":\"https:\\\/\\\/schema.org\",\"@graph\":[{\"@type\":\"Article\",\"@id\":\"https:\\\/\\\/memurunsesi.net\\\/index.php\\\/2025\\\/03\\\/06\\\/kusadasinda-8-mart-kutlamalari-basladi\\\/#article\",\"isPartOf\":{\"@id\":\"https:\\\/\\\/memurunsesi.net\\\/index.php\\\/2025\\\/03\\\/06\\\/kusadasinda-8-mart-kutlamalari-basladi\\\/\"},\"author\":{\"name\":\"Memurun Sesi Haber Merkezi\",\"@id\":\"https:\\\/\\\/memurunsesi.net\\\/#\\\/schema\\\/person\\\/f21c2d73b89f6ee1d80b0a1803e38587\"},\"headline\":\"Ku\u015fadas\u0131&#8217;nda 8 Mart kutlamalar\u0131 ba\u015flad\u0131\",\"datePublished\":\"2025-03-06T07:18:56+00:00\",\"mainEntityOfPage\":{\"@id\":\"https:\\\/\\\/memurunsesi.net\\\/index.php\\\/2025\\\/03\\\/06\\\/kusadasinda-8-mart-kutlamalari-basladi\\\/\"},\"wordCount\":359,\"commentCount\":0,\"publisher\":{\"@id\":\"https:\\\/\\\/memurunsesi.net\\\/#organization\"},\"image\":{\"@id\":\"https:\\\/\\\/memurunsesi.net\\\/index.php\\\/2025\\\/03\\\/06\\\/kusadasinda-8-mart-kutlamalari-basladi\\\/#primaryimage\"},\"thumbnailUrl\":\"https:\\\/\\\/memurunsesi.net\\\/wp-content\\\/uploads\\\/2025\\\/03\\\/AW406122_02.jpg\",\"articleSection\":[\"T\u00fcm Haberler\"],\"inLanguage\":\"tr\",\"potentialAction\":[{\"@type\":\"CommentAction\",\"name\":\"Comment\",\"target\":[\"https:\\\/\\\/memurunsesi.net\\\/index.php\\\/2025\\\/03\\\/06\\\/kusadasinda-8-mart-kutlamalari-basladi\\\/#respond\"]}]},{\"@type\":\"WebPage\",\"@id\":\"https:\\\/\\\/memurunsesi.net\\\/index.php\\\/2025\\\/03\\\/06\\\/kusadasinda-8-mart-kutlamalari-basladi\\\/\",\"url\":\"https:\\\/\\\/memurunsesi.net\\\/index.php\\\/2025\\\/03\\\/06\\\/kusadasinda-8-mart-kutlamalari-basladi\\\/\",\"name\":\"Ku\u015fadas\u0131'nda 8 Mart kutlamalar\u0131 ba\u015flad\u0131 - Memurun Sesi\",\"isPartOf\":{\"@id\":\"https:\\\/\\\/memurunsesi.net\\\/#website\"},\"primaryImageOfPage\":{\"@id\":\"https:\\\/\\\/memurunsesi.net\\\/index.php\\\/2025\\\/03\\\/06\\\/kusadasinda-8-mart-kutlamalari-basladi\\\/#primaryimage\"},\"image\":{\"@id\":\"https:\\\/\\\/memurunsesi.net\\\/index.php\\\/2025\\\/03\\\/06\\\/kusadasinda-8-mart-kutlamalari-basladi\\\/#primaryimage\"},\"thumbnailUrl\":\"https:\\\/\\\/memurunsesi.net\\\/wp-content\\\/uploads\\\/2025\\\/03\\\/AW406122_02.jpg\",\"datePublished\":\"2025-03-06T07:18:56+00:00\",\"breadcrumb\":{\"@id\":\"https:\\\/\\\/memurunsesi.net\\\/index.php\\\/2025\\\/03\\\/06\\\/kusadasinda-8-mart-kutlamalari-basladi\\\/#breadcrumb\"},\"inLanguage\":\"tr\",\"potentialAction\":[{\"@type\":\"ReadAction\",\"target\":[\"https:\\\/\\\/memurunsesi.net\\\/index.php\\\/2025\\\/03\\\/06\\\/kusadasinda-8-mart-kutlamalari-basladi\\\/\"]}]},{\"@type\":\"ImageObject\",\"inLanguage\":\"tr\",\"@id\":\"https:\\\/\\\/memurunsesi.net\\\/index.php\\\/2025\\\/03\\\/06\\\/kusadasinda-8-mart-kutlamalari-basladi\\\/#primaryimage\",\"url\":\"https:\\\/\\\/memurunsesi.net\\\/wp-content\\\/uploads\\\/2025\\\/03\\\/AW406122_02.jpg\",\"contentUrl\":\"https:\\\/\\\/memurunsesi.net\\\/wp-content\\\/uploads\\\/2025\\\/03\\\/AW406122_02.jpg\",\"width\":2000,\"height\":1117,\"caption\":\"KU\u015eADASI'NDA 8 MART KUTLAMALARI BA\u015eLADI (E\u015eBER OKAYER\\\/AYDIN-\u0130HA) Ku\u015fadas\u0131'nda, '8 Mart D\u00fcnya Emek\u00e7i Kad\u0131nlar G\u00fcn\u00fc' kutlamalar\u0131, \u0130bramaki Sanat Galerisi'nde d\u00fczenlenen bir dizi etkinlikle ba\u015flad\u0131.\"},{\"@type\":\"BreadcrumbList\",\"@id\":\"https:\\\/\\\/memurunsesi.net\\\/index.php\\\/2025\\\/03\\\/06\\\/kusadasinda-8-mart-kutlamalari-basladi\\\/#breadcrumb\",\"itemListElement\":[{\"@type\":\"ListItem\",\"position\":1,\"name\":\"Anasayfa\",\"item\":\"https:\\\/\\\/memurunsesi.net\\\/\"},{\"@type\":\"ListItem\",\"position\":2,\"name\":\"Ku\u015fadas\u0131&#8217;nda 8 Mart kutlamalar\u0131 ba\u015flad\u0131\"}]},{\"@type\":\"WebSite\",\"@id\":\"https:\\\/\\\/memurunsesi.net\\\/#website\",\"url\":\"https:\\\/\\\/memurunsesi.net\\\/\",\"name\":\"Memurun Sesi\",\"description\":\"G\u00fcncel ve Do\u011fru Haber\",\"publisher\":{\"@id\":\"https:\\\/\\\/memurunsesi.net\\\/#organization\"},\"potentialAction\":[{\"@type\":\"SearchAction\",\"target\":{\"@type\":\"EntryPoint\",\"urlTemplate\":\"https:\\\/\\\/memurunsesi.net\\\/?s={search_term_string}\"},\"query-input\":{\"@type\":\"PropertyValueSpecification\",\"valueRequired\":true,\"valueName\":\"search_term_string\"}}],\"inLanguage\":\"tr\"},{\"@type\":\"Organization\",\"@id\":\"https:\\\/\\\/memurunsesi.net\\\/#organization\",\"name\":\"Memurun Sesi\",\"url\":\"https:\\\/\\\/memurunsesi.net\\\/\",\"logo\":{\"@type\":\"ImageObject\",\"inLanguage\":\"tr\",\"@id\":\"https:\\\/\\\/memurunsesi.net\\\/#\\\/schema\\\/logo\\\/image\\\/\",\"url\":\"https:\\\/\\\/memurunsesi.net\\\/wp-content\\\/uploads\\\/2025\\\/11\\\/cropped-MEMURUN-SESI.png\",\"contentUrl\":\"https:\\\/\\\/memurunsesi.net\\\/wp-content\\\/uploads\\\/2025\\\/11\\\/cropped-MEMURUN-SESI.png\",\"width\":238,\"height\":57,\"caption\":\"Memurun Sesi\"},\"image\":{\"@id\":\"https:\\\/\\\/memurunsesi.net\\\/#\\\/schema\\\/logo\\\/image\\\/\"},\"sameAs\":[\"https:\\\/\\\/www.facebook.com\\\/unipersen\\\/?locale=tr_TR\",\"https:\\\/\\\/x.com\\\/unipersen\"]},{\"@type\":\"Person\",\"@id\":\"https:\\\/\\\/memurunsesi.net\\\/#\\\/schema\\\/person\\\/f21c2d73b89f6ee1d80b0a1803e38587\",\"name\":\"Memurun Sesi Haber Merkezi\",\"image\":{\"@type\":\"ImageObject\",\"inLanguage\":\"tr\",\"@id\":\"https:\\\/\\\/secure.gravatar.com\\\/avatar\\\/6cf0505f452ee753f485014986fab09a434671d2b919ee76fc541025c5876a70?s=96&d=mm&r=g\",\"url\":\"https:\\\/\\\/secure.gravatar.com\\\/avatar\\\/6cf0505f452ee753f485014986fab09a434671d2b919ee76fc541025c5876a70?s=96&d=mm&r=g\",\"contentUrl\":\"https:\\\/\\\/secure.gravatar.com\\\/avatar\\\/6cf0505f452ee753f485014986fab09a434671d2b919ee76fc541025c5876a70?s=96&d=mm&r=g\",\"caption\":\"Memurun Sesi Haber Merkezi\"},\"sameAs\":[\"https:\\\/\\\/memurunsesi.net\"],\"url\":\"https:\\\/\\\/memurunsesi.net\\\/index.php\\\/author\\\/uniper\\\/\"}]}<\/script>\n<!-- \/ Yoast SEO plugin. -->","yoast_head_json":{"title":"Ku\u015fadas\u0131'nda 8 Mart kutlamalar\u0131 ba\u015flad\u0131 - Memurun Sesi","robots":{"index":"index","follow":"follow","max-snippet":"max-snippet:-1","max-image-preview":"max-image-preview:large","max-video-preview":"max-video-preview:-1"},"canonical":"https:\/\/memurunsesi.net\/index.php\/2025\/03\/06\/kusadasinda-8-mart-kutlamalari-basladi\/","og_locale":"tr_TR","og_type":"article","og_title":"Ku\u015fadas\u0131'nda 8 Mart kutlamalar\u0131 ba\u015flad\u0131 - Memurun Sesi","og_description":"Ku\u015fadas\u0131&#8217;nda, \u20188 Mart D\u00fcnya Emek\u00e7i Kad\u0131nlar G\u00fcn\u00fc&#8217; kutlamalar\u0131, \u0130bramaki Sanat Galerisi&#8217;nde d\u00fczenlenen bir dizi etkinlikle ba\u015flad\u0131. Ku\u015fadas\u0131 Belediyesi ve \u00e7e\u015fitli sivil toplum kurulu\u015flar\u0131n\u0131n \u00fcye oldu\u011fu \u2018Ku\u015fadas\u0131 Kad\u0131nca&#8217; olu\u015fumunun katk\u0131lar\u0131yla ger\u00e7ekle\u015ftirilen etkinlikte konu\u015fan Belediye Ba\u015fkan Yard\u0131mc\u0131s\u0131 Ay\u015feg\u00fcl Da\u011fl\u0131, &#8220;\u00d6ncelikle ya\u015fam\u0131n her an\u0131nda eme\u011fi olan kad\u0131nlar\u0131m\u0131z iyi ki vars\u0131n\u0131z. T\u00fcm kad\u0131nlar\u0131m\u0131z\u0131n 8 Mart D\u00fcnya Emek\u00e7i Kad\u0131nlar G\u00fcn\u00fc [&hellip;]","og_url":"https:\/\/memurunsesi.net\/index.php\/2025\/03\/06\/kusadasinda-8-mart-kutlamalari-basladi\/","og_site_name":"Memurun Sesi","article_publisher":"https:\/\/www.facebook.com\/unipersen\/?locale=tr_TR","article_published_time":"2025-03-06T07:18:56+00:00","og_image":[{"width":2000,"height":1117,"url":"https:\/\/memurunsesi.net\/wp-content\/uploads\/2025\/03\/AW406122_02.jpg","type":"image\/jpeg"}],"author":"Memurun Sesi Haber Merkezi","twitter_card":"summary_large_image","twitter_creator":"@unipersen","twitter_site":"@unipersen","twitter_misc":{"Yazan:":"Memurun Sesi Haber Merkezi","Tahmini okuma s\u00fcresi":"2 dakika"},"schema":{"@context":"https:\/\/schema.org","@graph":[{"@type":"Article","@id":"https:\/\/memurunsesi.net\/index.php\/2025\/03\/06\/kusadasinda-8-mart-kutlamalari-basladi\/#article","isPartOf":{"@id":"https:\/\/memurunsesi.net\/index.php\/2025\/03\/06\/kusadasinda-8-mart-kutlamalari-basladi\/"},"author":{"name":"Memurun Sesi Haber Merkezi","@id":"https:\/\/memurunsesi.net\/#\/schema\/person\/f21c2d73b89f6ee1d80b0a1803e38587"},"headline":"Ku\u015fadas\u0131&#8217;nda 8 Mart kutlamalar\u0131 ba\u015flad\u0131","datePublished":"2025-03-06T07:18:56+00:00","mainEntityOfPage":{"@id":"https:\/\/memurunsesi.net\/index.php\/2025\/03\/06\/kusadasinda-8-mart-kutlamalari-basladi\/"},"wordCount":359,"commentCount":0,"publisher":{"@id":"https:\/\/memurunsesi.net\/#organization"},"image":{"@id":"https:\/\/memurunsesi.net\/index.php\/2025\/03\/06\/kusadasinda-8-mart-kutlamalari-basladi\/#primaryimage"},"thumbnailUrl":"https:\/\/memurunsesi.net\/wp-content\/uploads\/2025\/03\/AW406122_02.jpg","articleSection":["T\u00fcm Haberler"],"inLanguage":"tr","potentialAction":[{"@type":"CommentAction","name":"Comment","target":["https:\/\/memurunsesi.net\/index.php\/2025\/03\/06\/kusadasinda-8-mart-kutlamalari-basladi\/#respond"]}]},{"@type":"WebPage","@id":"https:\/\/memurunsesi.net\/index.php\/2025\/03\/06\/kusadasinda-8-mart-kutlamalari-basladi\/","url":"https:\/\/memurunsesi.net\/index.php\/2025\/03\/06\/kusadasinda-8-mart-kutlamalari-basladi\/","name":"Ku\u015fadas\u0131'nda 8 Mart kutlamalar\u0131 ba\u015flad\u0131 - Memurun Sesi","isPartOf":{"@id":"https:\/\/memurunsesi.net\/#website"},"primaryImageOfPage":{"@id":"https:\/\/memurunsesi.net\/index.php\/2025\/03\/06\/kusadasinda-8-mart-kutlamalari-basladi\/#primaryimage"},"image":{"@id":"https:\/\/memurunsesi.net\/index.php\/2025\/03\/06\/kusadasinda-8-mart-kutlamalari-basladi\/#primaryimage"},"thumbnailUrl":"https:\/\/memurunsesi.net\/wp-content\/uploads\/2025\/03\/AW406122_02.jpg","datePublished":"2025-03-06T07:18:56+00:00","breadcrumb":{"@id":"https:\/\/memurunsesi.net\/index.php\/2025\/03\/06\/kusadasinda-8-mart-kutlamalari-basladi\/#breadcrumb"},"inLanguage":"tr","potentialAction":[{"@type":"ReadAction","target":["https:\/\/memurunsesi.net\/index.php\/2025\/03\/06\/kusadasinda-8-mart-kutlamalari-basladi\/"]}]},{"@type":"ImageObject","inLanguage":"tr","@id":"https:\/\/memurunsesi.net\/index.php\/2025\/03\/06\/kusadasinda-8-mart-kutlamalari-basladi\/#primaryimage","url":"https:\/\/memurunsesi.net\/wp-content\/uploads\/2025\/03\/AW406122_02.jpg","contentUrl":"https:\/\/memurunsesi.net\/wp-content\/uploads\/2025\/03\/AW406122_02.jpg","width":2000,"height":1117,"caption":"KU\u015eADASI'NDA 8 MART KUTLAMALARI BA\u015eLADI (E\u015eBER OKAYER\/AYDIN-\u0130HA) Ku\u015fadas\u0131'nda, '8 Mart D\u00fcnya Emek\u00e7i Kad\u0131nlar G\u00fcn\u00fc' kutlamalar\u0131, \u0130bramaki Sanat Galerisi'nde d\u00fczenlenen bir dizi etkinlikle ba\u015flad\u0131."},{"@type":"BreadcrumbList","@id":"https:\/\/memurunsesi.net\/index.php\/2025\/03\/06\/kusadasinda-8-mart-kutlamalari-basladi\/#breadcrumb","itemListElement":[{"@type":"ListItem","position":1,"name":"Anasayfa","item":"https:\/\/memurunsesi.net\/"},{"@type":"ListItem","position":2,"name":"Ku\u015fadas\u0131&#8217;nda 8 Mart kutlamalar\u0131 ba\u015flad\u0131"}]},{"@type":"WebSite","@id":"https:\/\/memurunsesi.net\/#website","url":"https:\/\/memurunsesi.net\/","name":"Memurun Sesi","description":"G\u00fcncel ve Do\u011fru Haber","publisher":{"@id":"https:\/\/memurunsesi.net\/#organization"},"potentialAction":[{"@type":"SearchAction","target":{"@type":"EntryPoint","urlTemplate":"https:\/\/memurunsesi.net\/?s={search_term_string}"},"query-input":{"@type":"PropertyValueSpecification","valueRequired":true,"valueName":"search_term_string"}}],"inLanguage":"tr"},{"@type":"Organization","@id":"https:\/\/memurunsesi.net\/#organization","name":"Memurun Sesi","url":"https:\/\/memurunsesi.net\/","logo":{"@type":"ImageObject","inLanguage":"tr","@id":"https:\/\/memurunsesi.net\/#\/schema\/logo\/image\/","url":"https:\/\/memurunsesi.net\/wp-content\/uploads\/2025\/11\/cropped-MEMURUN-SESI.png","contentUrl":"https:\/\/memurunsesi.net\/wp-content\/uploads\/2025\/11\/cropped-MEMURUN-SESI.png","width":238,"height":57,"caption":"Memurun Sesi"},"image":{"@id":"https:\/\/memurunsesi.net\/#\/schema\/logo\/image\/"},"sameAs":["https:\/\/www.facebook.com\/unipersen\/?locale=tr_TR","https:\/\/x.com\/unipersen"]},{"@type":"Person","@id":"https:\/\/memurunsesi.net\/#\/schema\/person\/f21c2d73b89f6ee1d80b0a1803e38587","name":"Memurun Sesi Haber Merkezi","image":{"@type":"ImageObject","inLanguage":"tr","@id":"https:\/\/secure.gravatar.com\/avatar\/6cf0505f452ee753f485014986fab09a434671d2b919ee76fc541025c5876a70?s=96&d=mm&r=g","url":"https:\/\/secure.gravatar.com\/avatar\/6cf0505f452ee753f485014986fab09a434671d2b919ee76fc541025c5876a70?s=96&d=mm&r=g","contentUrl":"https:\/\/secure.gravatar.com\/avatar\/6cf0505f452ee753f485014986fab09a434671d2b919ee76fc541025c5876a70?s=96&d=mm&r=g","caption":"Memurun Sesi Haber Merkezi"},"sameAs":["https:\/\/memurunsesi.net"],"url":"https:\/\/memurunsesi.net\/index.php\/author\/uniper\/"}]}},"_links":{"self":[{"href":"https:\/\/memurunsesi.net\/index.php\/wp-json\/wp\/v2\/posts\/3968","targetHints":{"allow":["GET"]}}],"collection":[{"href":"https:\/\/memurunsesi.net\/index.php\/wp-json\/wp\/v2\/posts"}],"about":[{"href":"https:\/\/memurunsesi.net\/index.php\/wp-json\/wp\/v2\/types\/post"}],"author":[{"embeddable":true,"href":"https:\/\/memurunsesi.net\/index.php\/wp-json\/wp\/v2\/users\/1"}],"replies":[{"embeddable":true,"href":"https:\/\/memurunsesi.net\/index.php\/wp-json\/wp\/v2\/comments?post=3968"}],"version-history":[{"count":1,"href":"https:\/\/memurunsesi.net\/index.php\/wp-json\/wp\/v2\/posts\/3968\/revisions"}],"predecessor-version":[{"id":3970,"href":"https:\/\/memurunsesi.net\/index.php\/wp-json\/wp\/v2\/posts\/3968\/revisions\/3970"}],"wp:featuredmedia":[{"embeddable":true,"href":"https:\/\/memurunsesi.net\/index.php\/wp-json\/wp\/v2\/media\/3969"}],"wp:attachment":[{"href":"https:\/\/memurunsesi.net\/index.php\/wp-json\/wp\/v2\/media?parent=3968"}],"wp:term":[{"taxonomy":"category","embeddable":true,"href":"https:\/\/memurunsesi.net\/index.php\/wp-json\/wp\/v2\/categories?post=3968"},{"taxonomy":"post_tag","embeddable":true,"href":"https:\/\/memurunsesi.net\/index.php\/wp-json\/wp\/v2\/tags?post=3968"}],"curies":[{"name":"wp","href":"https:\/\/api.w.org\/{rel}","templated":true}]}}