{"id":3981,"date":"2025-03-07T09:02:25","date_gmt":"2025-03-07T06:02:25","guid":{"rendered":"https:\/\/memurunsesi.net\/?p=3981"},"modified":"2025-03-07T09:02:25","modified_gmt":"2025-03-07T06:02:25","slug":"babaeskide-kirsal-kalkinma-icin-yatirimci-bilgilendirme-toplantisi-duzenlendi","status":"publish","type":"post","link":"https:\/\/memurunsesi.net\/index.php\/2025\/03\/07\/babaeskide-kirsal-kalkinma-icin-yatirimci-bilgilendirme-toplantisi-duzenlendi\/","title":{"rendered":"Babaeski&#8217;de k\u0131rsal kalk\u0131nma i\u00e7in yat\u0131r\u0131mc\u0131 bilgilendirme toplant\u0131s\u0131 d\u00fczenlendi"},"content":{"rendered":"<p>  K\u0131rklareli&#8217;nin Babaeski il\u00e7esinde, &#8220;K\u0131rsal Kalk\u0131nma Destekleri&#8221; program\u0131 \u00e7er\u00e7evesinde yat\u0131r\u0131mc\u0131lara y\u00f6nelik bilgilendirme toplant\u0131s\u0131 d\u00fczenlendi.<br \/>\n  K\u0131rklareli \u0130l Tar\u0131m ve Orman M\u00fcd\u00fcrl\u00fc\u011f\u00fc teknik personellerinin sunumuyla d\u00fcn ger\u00e7ekle\u015ftirilen toplant\u0131, ilgili payda\u015flar\u0131n kat\u0131l\u0131m\u0131yla Babaeski Belediyesi Tansa D\u00fc\u011f\u00fcn Salonu\u2019nda yap\u0131ld\u0131.<br \/>\n  Toplant\u0131da, k\u0131rsal kalk\u0131nmaya y\u00f6nelik destekleme programlar\u0131, yat\u0131r\u0131mc\u0131lara sa\u011flanan te\u015fvikler ve hibe imkanlar\u0131 hakk\u0131nda detayl\u0131 bilgilendirme yap\u0131ld\u0131. Kat\u0131l\u0131mc\u0131lar, merak ettikleri konular hakk\u0131nda yetkililere sorular y\u00f6nelterek bilgi ald\u0131. <\/p>\n<p>7.03.2025                         <\/p>\n","protected":false},"excerpt":{"rendered":"<p>K\u0131rklareli&#8217;nin Babaeski il\u00e7esinde, &#8220;K\u0131rsal Kalk\u0131nma Destekleri&#8221; program\u0131 \u00e7er\u00e7evesinde yat\u0131r\u0131mc\u0131lara y\u00f6nelik bilgilendirme toplant\u0131s\u0131 d\u00fczenlendi. K\u0131rklareli \u0130l Tar\u0131m ve Orman M\u00fcd\u00fcrl\u00fc\u011f\u00fc teknik personellerinin sunumuyla d\u00fcn ger\u00e7ekle\u015ftirilen toplant\u0131, ilgili payda\u015flar\u0131n kat\u0131l\u0131m\u0131yla Babaeski Belediyesi Tansa D\u00fc\u011f\u00fcn Salonu\u2019nda yap\u0131ld\u0131. Toplant\u0131da, k\u0131rsal kalk\u0131nmaya y\u00f6nelik destekleme programlar\u0131, yat\u0131r\u0131mc\u0131lara sa\u011flanan te\u015fvikler ve hibe imkanlar\u0131 hakk\u0131nda detayl\u0131 bilgilendirme yap\u0131ld\u0131. Kat\u0131l\u0131mc\u0131lar, merak ettikleri konular hakk\u0131nda [&hellip;]<\/p>\n","protected":false},"author":1,"featured_media":3982,"comment_status":"open","ping_status":"open","sticky":false,"template":"","format":"standard","meta":{"footnotes":""},"categories":[1],"tags":[],"class_list":["post-3981","post","type-post","status-publish","format-standard","has-post-thumbnail","hentry","category-genel"],"yoast_head":"<!-- This site is optimized with the Yoast SEO plugin v27.4 - https:\/\/yoast.com\/product\/yoast-seo-wordpress\/ -->\n<title>Babaeski&#039;de k\u0131rsal kalk\u0131nma i\u00e7in yat\u0131r\u0131mc\u0131 bilgilendirme toplant\u0131s\u0131 d\u00fczenlendi - Memurun Sesi<\/title>\n<meta name=\"robots\" content=\"index, follow, max-snippet:-1, max-image-preview:large, max-video-preview:-1\" \/>\n<link rel=\"canonical\" href=\"https:\/\/memurunsesi.net\/index.php\/2025\/03\/07\/babaeskide-kirsal-kalkinma-icin-yatirimci-bilgilendirme-toplantisi-duzenlendi\/\" \/>\n<meta property=\"og:locale\" content=\"tr_TR\" \/>\n<meta property=\"og:type\" content=\"article\" \/>\n<meta property=\"og:title\" content=\"Babaeski&#039;de k\u0131rsal kalk\u0131nma i\u00e7in yat\u0131r\u0131mc\u0131 bilgilendirme toplant\u0131s\u0131 d\u00fczenlendi - Memurun Sesi\" \/>\n<meta property=\"og:description\" content=\"K\u0131rklareli&#8217;nin Babaeski il\u00e7esinde, &#8220;K\u0131rsal Kalk\u0131nma Destekleri&#8221; program\u0131 \u00e7er\u00e7evesinde yat\u0131r\u0131mc\u0131lara y\u00f6nelik bilgilendirme toplant\u0131s\u0131 d\u00fczenlendi. K\u0131rklareli \u0130l Tar\u0131m ve Orman M\u00fcd\u00fcrl\u00fc\u011f\u00fc teknik personellerinin sunumuyla d\u00fcn ger\u00e7ekle\u015ftirilen toplant\u0131, ilgili payda\u015flar\u0131n kat\u0131l\u0131m\u0131yla Babaeski Belediyesi Tansa D\u00fc\u011f\u00fcn Salonu\u2019nda yap\u0131ld\u0131. Toplant\u0131da, k\u0131rsal kalk\u0131nmaya y\u00f6nelik destekleme programlar\u0131, yat\u0131r\u0131mc\u0131lara sa\u011flanan te\u015fvikler ve hibe imkanlar\u0131 hakk\u0131nda detayl\u0131 bilgilendirme yap\u0131ld\u0131. Kat\u0131l\u0131mc\u0131lar, merak ettikleri konular hakk\u0131nda [&hellip;]\" \/>\n<meta property=\"og:url\" content=\"https:\/\/memurunsesi.net\/index.php\/2025\/03\/07\/babaeskide-kirsal-kalkinma-icin-yatirimci-bilgilendirme-toplantisi-duzenlendi\/\" \/>\n<meta property=\"og:site_name\" content=\"Memurun Sesi\" \/>\n<meta property=\"article:publisher\" content=\"https:\/\/www.facebook.com\/unipersen\/?locale=tr_TR\" \/>\n<meta property=\"article:published_time\" content=\"2025-03-07T06:02:25+00:00\" \/>\n<meta property=\"og:image\" content=\"https:\/\/memurunsesi.net\/wp-content\/uploads\/2025\/03\/AW406873_01.jpg\" \/>\n\t<meta property=\"og:image:width\" content=\"1080\" \/>\n\t<meta property=\"og:image:height\" content=\"808\" \/>\n\t<meta property=\"og:image:type\" content=\"image\/jpeg\" \/>\n<meta name=\"author\" content=\"Memurun Sesi Haber Merkezi\" \/>\n<meta name=\"twitter:card\" content=\"summary_large_image\" \/>\n<meta name=\"twitter:creator\" content=\"@unipersen\" \/>\n<meta name=\"twitter:site\" content=\"@unipersen\" \/>\n<meta name=\"twitter:label1\" content=\"Yazan:\" \/>\n\t<meta name=\"twitter:data1\" content=\"Memurun Sesi Haber Merkezi\" \/>\n\t<meta name=\"twitter:label2\" content=\"Tahmini okuma s\u00fcresi\" \/>\n\t<meta name=\"twitter:data2\" content=\"1 dakika\" \/>\n<script type=\"application\/ld+json\" class=\"yoast-schema-graph\">{\"@context\":\"https:\\\/\\\/schema.org\",\"@graph\":[{\"@type\":\"Article\",\"@id\":\"https:\\\/\\\/memurunsesi.net\\\/index.php\\\/2025\\\/03\\\/07\\\/babaeskide-kirsal-kalkinma-icin-yatirimci-bilgilendirme-toplantisi-duzenlendi\\\/#article\",\"isPartOf\":{\"@id\":\"https:\\\/\\\/memurunsesi.net\\\/index.php\\\/2025\\\/03\\\/07\\\/babaeskide-kirsal-kalkinma-icin-yatirimci-bilgilendirme-toplantisi-duzenlendi\\\/\"},\"author\":{\"name\":\"Memurun Sesi Haber Merkezi\",\"@id\":\"https:\\\/\\\/memurunsesi.net\\\/#\\\/schema\\\/person\\\/f21c2d73b89f6ee1d80b0a1803e38587\"},\"headline\":\"Babaeski&#8217;de k\u0131rsal kalk\u0131nma i\u00e7in yat\u0131r\u0131mc\u0131 bilgilendirme toplant\u0131s\u0131 d\u00fczenlendi\",\"datePublished\":\"2025-03-07T06:02:25+00:00\",\"mainEntityOfPage\":{\"@id\":\"https:\\\/\\\/memurunsesi.net\\\/index.php\\\/2025\\\/03\\\/07\\\/babaeskide-kirsal-kalkinma-icin-yatirimci-bilgilendirme-toplantisi-duzenlendi\\\/\"},\"wordCount\":119,\"commentCount\":0,\"publisher\":{\"@id\":\"https:\\\/\\\/memurunsesi.net\\\/#organization\"},\"image\":{\"@id\":\"https:\\\/\\\/memurunsesi.net\\\/index.php\\\/2025\\\/03\\\/07\\\/babaeskide-kirsal-kalkinma-icin-yatirimci-bilgilendirme-toplantisi-duzenlendi\\\/#primaryimage\"},\"thumbnailUrl\":\"https:\\\/\\\/memurunsesi.net\\\/wp-content\\\/uploads\\\/2025\\\/03\\\/AW406873_01.jpg\",\"inLanguage\":\"tr\",\"potentialAction\":[{\"@type\":\"CommentAction\",\"name\":\"Comment\",\"target\":[\"https:\\\/\\\/memurunsesi.net\\\/index.php\\\/2025\\\/03\\\/07\\\/babaeskide-kirsal-kalkinma-icin-yatirimci-bilgilendirme-toplantisi-duzenlendi\\\/#respond\"]}]},{\"@type\":\"WebPage\",\"@id\":\"https:\\\/\\\/memurunsesi.net\\\/index.php\\\/2025\\\/03\\\/07\\\/babaeskide-kirsal-kalkinma-icin-yatirimci-bilgilendirme-toplantisi-duzenlendi\\\/\",\"url\":\"https:\\\/\\\/memurunsesi.net\\\/index.php\\\/2025\\\/03\\\/07\\\/babaeskide-kirsal-kalkinma-icin-yatirimci-bilgilendirme-toplantisi-duzenlendi\\\/\",\"name\":\"Babaeski'de k\u0131rsal kalk\u0131nma i\u00e7in yat\u0131r\u0131mc\u0131 bilgilendirme toplant\u0131s\u0131 d\u00fczenlendi - Memurun Sesi\",\"isPartOf\":{\"@id\":\"https:\\\/\\\/memurunsesi.net\\\/#website\"},\"primaryImageOfPage\":{\"@id\":\"https:\\\/\\\/memurunsesi.net\\\/index.php\\\/2025\\\/03\\\/07\\\/babaeskide-kirsal-kalkinma-icin-yatirimci-bilgilendirme-toplantisi-duzenlendi\\\/#primaryimage\"},\"image\":{\"@id\":\"https:\\\/\\\/memurunsesi.net\\\/index.php\\\/2025\\\/03\\\/07\\\/babaeskide-kirsal-kalkinma-icin-yatirimci-bilgilendirme-toplantisi-duzenlendi\\\/#primaryimage\"},\"thumbnailUrl\":\"https:\\\/\\\/memurunsesi.net\\\/wp-content\\\/uploads\\\/2025\\\/03\\\/AW406873_01.jpg\",\"datePublished\":\"2025-03-07T06:02:25+00:00\",\"breadcrumb\":{\"@id\":\"https:\\\/\\\/memurunsesi.net\\\/index.php\\\/2025\\\/03\\\/07\\\/babaeskide-kirsal-kalkinma-icin-yatirimci-bilgilendirme-toplantisi-duzenlendi\\\/#breadcrumb\"},\"inLanguage\":\"tr\",\"potentialAction\":[{\"@type\":\"ReadAction\",\"target\":[\"https:\\\/\\\/memurunsesi.net\\\/index.php\\\/2025\\\/03\\\/07\\\/babaeskide-kirsal-kalkinma-icin-yatirimci-bilgilendirme-toplantisi-duzenlendi\\\/\"]}]},{\"@type\":\"ImageObject\",\"inLanguage\":\"tr\",\"@id\":\"https:\\\/\\\/memurunsesi.net\\\/index.php\\\/2025\\\/03\\\/07\\\/babaeskide-kirsal-kalkinma-icin-yatirimci-bilgilendirme-toplantisi-duzenlendi\\\/#primaryimage\",\"url\":\"https:\\\/\\\/memurunsesi.net\\\/wp-content\\\/uploads\\\/2025\\\/03\\\/AW406873_01.jpg\",\"contentUrl\":\"https:\\\/\\\/memurunsesi.net\\\/wp-content\\\/uploads\\\/2025\\\/03\\\/AW406873_01.jpg\",\"width\":1080,\"height\":808,\"caption\":\"BABAESK\u0130'DE KIRSAL KALKINMA \u0130\u00c7\u0130N YATIRIMCI B\u0130LG\u0130LEND\u0130RME TOPLANTISI D\u00dcZENLEND\u0130 (MERT S\u00d6NMEZ\\\/KIRKLAREL\u0130-\u0130HA) K\u0131rklareli'nin Babaeski il\u00e7esinde, \\\"K\u0131rsal Kalk\u0131nma Destekleri\\\" program\u0131 \u00e7er\u00e7evesinde yat\u0131r\u0131mc\u0131lara y\u00f6nelik bilgilendirme toplant\u0131s\u0131 d\u00fczenlendi.\"},{\"@type\":\"BreadcrumbList\",\"@id\":\"https:\\\/\\\/memurunsesi.net\\\/index.php\\\/2025\\\/03\\\/07\\\/babaeskide-kirsal-kalkinma-icin-yatirimci-bilgilendirme-toplantisi-duzenlendi\\\/#breadcrumb\",\"itemListElement\":[{\"@type\":\"ListItem\",\"position\":1,\"name\":\"Anasayfa\",\"item\":\"https:\\\/\\\/memurunsesi.net\\\/\"},{\"@type\":\"ListItem\",\"position\":2,\"name\":\"Babaeski&#8217;de k\u0131rsal kalk\u0131nma i\u00e7in yat\u0131r\u0131mc\u0131 bilgilendirme toplant\u0131s\u0131 d\u00fczenlendi\"}]},{\"@type\":\"WebSite\",\"@id\":\"https:\\\/\\\/memurunsesi.net\\\/#website\",\"url\":\"https:\\\/\\\/memurunsesi.net\\\/\",\"name\":\"Memurun Sesi\",\"description\":\"G\u00fcncel ve Do\u011fru Haber\",\"publisher\":{\"@id\":\"https:\\\/\\\/memurunsesi.net\\\/#organization\"},\"potentialAction\":[{\"@type\":\"SearchAction\",\"target\":{\"@type\":\"EntryPoint\",\"urlTemplate\":\"https:\\\/\\\/memurunsesi.net\\\/?s={search_term_string}\"},\"query-input\":{\"@type\":\"PropertyValueSpecification\",\"valueRequired\":true,\"valueName\":\"search_term_string\"}}],\"inLanguage\":\"tr\"},{\"@type\":\"Organization\",\"@id\":\"https:\\\/\\\/memurunsesi.net\\\/#organization\",\"name\":\"Memurun Sesi\",\"url\":\"https:\\\/\\\/memurunsesi.net\\\/\",\"logo\":{\"@type\":\"ImageObject\",\"inLanguage\":\"tr\",\"@id\":\"https:\\\/\\\/memurunsesi.net\\\/#\\\/schema\\\/logo\\\/image\\\/\",\"url\":\"https:\\\/\\\/memurunsesi.net\\\/wp-content\\\/uploads\\\/2025\\\/11\\\/cropped-MEMURUN-SESI.png\",\"contentUrl\":\"https:\\\/\\\/memurunsesi.net\\\/wp-content\\\/uploads\\\/2025\\\/11\\\/cropped-MEMURUN-SESI.png\",\"width\":238,\"height\":57,\"caption\":\"Memurun Sesi\"},\"image\":{\"@id\":\"https:\\\/\\\/memurunsesi.net\\\/#\\\/schema\\\/logo\\\/image\\\/\"},\"sameAs\":[\"https:\\\/\\\/www.facebook.com\\\/unipersen\\\/?locale=tr_TR\",\"https:\\\/\\\/x.com\\\/unipersen\"]},{\"@type\":\"Person\",\"@id\":\"https:\\\/\\\/memurunsesi.net\\\/#\\\/schema\\\/person\\\/f21c2d73b89f6ee1d80b0a1803e38587\",\"name\":\"Memurun Sesi Haber Merkezi\",\"image\":{\"@type\":\"ImageObject\",\"inLanguage\":\"tr\",\"@id\":\"https:\\\/\\\/secure.gravatar.com\\\/avatar\\\/6cf0505f452ee753f485014986fab09a434671d2b919ee76fc541025c5876a70?s=96&d=mm&r=g\",\"url\":\"https:\\\/\\\/secure.gravatar.com\\\/avatar\\\/6cf0505f452ee753f485014986fab09a434671d2b919ee76fc541025c5876a70?s=96&d=mm&r=g\",\"contentUrl\":\"https:\\\/\\\/secure.gravatar.com\\\/avatar\\\/6cf0505f452ee753f485014986fab09a434671d2b919ee76fc541025c5876a70?s=96&d=mm&r=g\",\"caption\":\"Memurun Sesi Haber Merkezi\"},\"sameAs\":[\"https:\\\/\\\/memurunsesi.net\"],\"url\":\"https:\\\/\\\/memurunsesi.net\\\/index.php\\\/author\\\/uniper\\\/\"}]}<\/script>\n<!-- \/ Yoast SEO plugin. -->","yoast_head_json":{"title":"Babaeski'de k\u0131rsal kalk\u0131nma i\u00e7in yat\u0131r\u0131mc\u0131 bilgilendirme toplant\u0131s\u0131 d\u00fczenlendi - Memurun Sesi","robots":{"index":"index","follow":"follow","max-snippet":"max-snippet:-1","max-image-preview":"max-image-preview:large","max-video-preview":"max-video-preview:-1"},"canonical":"https:\/\/memurunsesi.net\/index.php\/2025\/03\/07\/babaeskide-kirsal-kalkinma-icin-yatirimci-bilgilendirme-toplantisi-duzenlendi\/","og_locale":"tr_TR","og_type":"article","og_title":"Babaeski'de k\u0131rsal kalk\u0131nma i\u00e7in yat\u0131r\u0131mc\u0131 bilgilendirme toplant\u0131s\u0131 d\u00fczenlendi - Memurun Sesi","og_description":"K\u0131rklareli&#8217;nin Babaeski il\u00e7esinde, &#8220;K\u0131rsal Kalk\u0131nma Destekleri&#8221; program\u0131 \u00e7er\u00e7evesinde yat\u0131r\u0131mc\u0131lara y\u00f6nelik bilgilendirme toplant\u0131s\u0131 d\u00fczenlendi. K\u0131rklareli \u0130l Tar\u0131m ve Orman M\u00fcd\u00fcrl\u00fc\u011f\u00fc teknik personellerinin sunumuyla d\u00fcn ger\u00e7ekle\u015ftirilen toplant\u0131, ilgili payda\u015flar\u0131n kat\u0131l\u0131m\u0131yla Babaeski Belediyesi Tansa D\u00fc\u011f\u00fcn Salonu\u2019nda yap\u0131ld\u0131. Toplant\u0131da, k\u0131rsal kalk\u0131nmaya y\u00f6nelik destekleme programlar\u0131, yat\u0131r\u0131mc\u0131lara sa\u011flanan te\u015fvikler ve hibe imkanlar\u0131 hakk\u0131nda detayl\u0131 bilgilendirme yap\u0131ld\u0131. Kat\u0131l\u0131mc\u0131lar, merak ettikleri konular hakk\u0131nda [&hellip;]","og_url":"https:\/\/memurunsesi.net\/index.php\/2025\/03\/07\/babaeskide-kirsal-kalkinma-icin-yatirimci-bilgilendirme-toplantisi-duzenlendi\/","og_site_name":"Memurun Sesi","article_publisher":"https:\/\/www.facebook.com\/unipersen\/?locale=tr_TR","article_published_time":"2025-03-07T06:02:25+00:00","og_image":[{"width":1080,"height":808,"url":"https:\/\/memurunsesi.net\/wp-content\/uploads\/2025\/03\/AW406873_01.jpg","type":"image\/jpeg"}],"author":"Memurun Sesi Haber Merkezi","twitter_card":"summary_large_image","twitter_creator":"@unipersen","twitter_site":"@unipersen","twitter_misc":{"Yazan:":"Memurun Sesi Haber Merkezi","Tahmini okuma s\u00fcresi":"1 dakika"},"schema":{"@context":"https:\/\/schema.org","@graph":[{"@type":"Article","@id":"https:\/\/memurunsesi.net\/index.php\/2025\/03\/07\/babaeskide-kirsal-kalkinma-icin-yatirimci-bilgilendirme-toplantisi-duzenlendi\/#article","isPartOf":{"@id":"https:\/\/memurunsesi.net\/index.php\/2025\/03\/07\/babaeskide-kirsal-kalkinma-icin-yatirimci-bilgilendirme-toplantisi-duzenlendi\/"},"author":{"name":"Memurun Sesi Haber Merkezi","@id":"https:\/\/memurunsesi.net\/#\/schema\/person\/f21c2d73b89f6ee1d80b0a1803e38587"},"headline":"Babaeski&#8217;de k\u0131rsal kalk\u0131nma i\u00e7in yat\u0131r\u0131mc\u0131 bilgilendirme toplant\u0131s\u0131 d\u00fczenlendi","datePublished":"2025-03-07T06:02:25+00:00","mainEntityOfPage":{"@id":"https:\/\/memurunsesi.net\/index.php\/2025\/03\/07\/babaeskide-kirsal-kalkinma-icin-yatirimci-bilgilendirme-toplantisi-duzenlendi\/"},"wordCount":119,"commentCount":0,"publisher":{"@id":"https:\/\/memurunsesi.net\/#organization"},"image":{"@id":"https:\/\/memurunsesi.net\/index.php\/2025\/03\/07\/babaeskide-kirsal-kalkinma-icin-yatirimci-bilgilendirme-toplantisi-duzenlendi\/#primaryimage"},"thumbnailUrl":"https:\/\/memurunsesi.net\/wp-content\/uploads\/2025\/03\/AW406873_01.jpg","inLanguage":"tr","potentialAction":[{"@type":"CommentAction","name":"Comment","target":["https:\/\/memurunsesi.net\/index.php\/2025\/03\/07\/babaeskide-kirsal-kalkinma-icin-yatirimci-bilgilendirme-toplantisi-duzenlendi\/#respond"]}]},{"@type":"WebPage","@id":"https:\/\/memurunsesi.net\/index.php\/2025\/03\/07\/babaeskide-kirsal-kalkinma-icin-yatirimci-bilgilendirme-toplantisi-duzenlendi\/","url":"https:\/\/memurunsesi.net\/index.php\/2025\/03\/07\/babaeskide-kirsal-kalkinma-icin-yatirimci-bilgilendirme-toplantisi-duzenlendi\/","name":"Babaeski'de k\u0131rsal kalk\u0131nma i\u00e7in yat\u0131r\u0131mc\u0131 bilgilendirme toplant\u0131s\u0131 d\u00fczenlendi - Memurun Sesi","isPartOf":{"@id":"https:\/\/memurunsesi.net\/#website"},"primaryImageOfPage":{"@id":"https:\/\/memurunsesi.net\/index.php\/2025\/03\/07\/babaeskide-kirsal-kalkinma-icin-yatirimci-bilgilendirme-toplantisi-duzenlendi\/#primaryimage"},"image":{"@id":"https:\/\/memurunsesi.net\/index.php\/2025\/03\/07\/babaeskide-kirsal-kalkinma-icin-yatirimci-bilgilendirme-toplantisi-duzenlendi\/#primaryimage"},"thumbnailUrl":"https:\/\/memurunsesi.net\/wp-content\/uploads\/2025\/03\/AW406873_01.jpg","datePublished":"2025-03-07T06:02:25+00:00","breadcrumb":{"@id":"https:\/\/memurunsesi.net\/index.php\/2025\/03\/07\/babaeskide-kirsal-kalkinma-icin-yatirimci-bilgilendirme-toplantisi-duzenlendi\/#breadcrumb"},"inLanguage":"tr","potentialAction":[{"@type":"ReadAction","target":["https:\/\/memurunsesi.net\/index.php\/2025\/03\/07\/babaeskide-kirsal-kalkinma-icin-yatirimci-bilgilendirme-toplantisi-duzenlendi\/"]}]},{"@type":"ImageObject","inLanguage":"tr","@id":"https:\/\/memurunsesi.net\/index.php\/2025\/03\/07\/babaeskide-kirsal-kalkinma-icin-yatirimci-bilgilendirme-toplantisi-duzenlendi\/#primaryimage","url":"https:\/\/memurunsesi.net\/wp-content\/uploads\/2025\/03\/AW406873_01.jpg","contentUrl":"https:\/\/memurunsesi.net\/wp-content\/uploads\/2025\/03\/AW406873_01.jpg","width":1080,"height":808,"caption":"BABAESK\u0130'DE KIRSAL KALKINMA \u0130\u00c7\u0130N YATIRIMCI B\u0130LG\u0130LEND\u0130RME TOPLANTISI D\u00dcZENLEND\u0130 (MERT S\u00d6NMEZ\/KIRKLAREL\u0130-\u0130HA) K\u0131rklareli'nin Babaeski il\u00e7esinde, \"K\u0131rsal Kalk\u0131nma Destekleri\" program\u0131 \u00e7er\u00e7evesinde yat\u0131r\u0131mc\u0131lara y\u00f6nelik bilgilendirme toplant\u0131s\u0131 d\u00fczenlendi."},{"@type":"BreadcrumbList","@id":"https:\/\/memurunsesi.net\/index.php\/2025\/03\/07\/babaeskide-kirsal-kalkinma-icin-yatirimci-bilgilendirme-toplantisi-duzenlendi\/#breadcrumb","itemListElement":[{"@type":"ListItem","position":1,"name":"Anasayfa","item":"https:\/\/memurunsesi.net\/"},{"@type":"ListItem","position":2,"name":"Babaeski&#8217;de k\u0131rsal kalk\u0131nma i\u00e7in yat\u0131r\u0131mc\u0131 bilgilendirme toplant\u0131s\u0131 d\u00fczenlendi"}]},{"@type":"WebSite","@id":"https:\/\/memurunsesi.net\/#website","url":"https:\/\/memurunsesi.net\/","name":"Memurun Sesi","description":"G\u00fcncel ve Do\u011fru Haber","publisher":{"@id":"https:\/\/memurunsesi.net\/#organization"},"potentialAction":[{"@type":"SearchAction","target":{"@type":"EntryPoint","urlTemplate":"https:\/\/memurunsesi.net\/?s={search_term_string}"},"query-input":{"@type":"PropertyValueSpecification","valueRequired":true,"valueName":"search_term_string"}}],"inLanguage":"tr"},{"@type":"Organization","@id":"https:\/\/memurunsesi.net\/#organization","name":"Memurun Sesi","url":"https:\/\/memurunsesi.net\/","logo":{"@type":"ImageObject","inLanguage":"tr","@id":"https:\/\/memurunsesi.net\/#\/schema\/logo\/image\/","url":"https:\/\/memurunsesi.net\/wp-content\/uploads\/2025\/11\/cropped-MEMURUN-SESI.png","contentUrl":"https:\/\/memurunsesi.net\/wp-content\/uploads\/2025\/11\/cropped-MEMURUN-SESI.png","width":238,"height":57,"caption":"Memurun Sesi"},"image":{"@id":"https:\/\/memurunsesi.net\/#\/schema\/logo\/image\/"},"sameAs":["https:\/\/www.facebook.com\/unipersen\/?locale=tr_TR","https:\/\/x.com\/unipersen"]},{"@type":"Person","@id":"https:\/\/memurunsesi.net\/#\/schema\/person\/f21c2d73b89f6ee1d80b0a1803e38587","name":"Memurun Sesi Haber Merkezi","image":{"@type":"ImageObject","inLanguage":"tr","@id":"https:\/\/secure.gravatar.com\/avatar\/6cf0505f452ee753f485014986fab09a434671d2b919ee76fc541025c5876a70?s=96&d=mm&r=g","url":"https:\/\/secure.gravatar.com\/avatar\/6cf0505f452ee753f485014986fab09a434671d2b919ee76fc541025c5876a70?s=96&d=mm&r=g","contentUrl":"https:\/\/secure.gravatar.com\/avatar\/6cf0505f452ee753f485014986fab09a434671d2b919ee76fc541025c5876a70?s=96&d=mm&r=g","caption":"Memurun Sesi Haber Merkezi"},"sameAs":["https:\/\/memurunsesi.net"],"url":"https:\/\/memurunsesi.net\/index.php\/author\/uniper\/"}]}},"_links":{"self":[{"href":"https:\/\/memurunsesi.net\/index.php\/wp-json\/wp\/v2\/posts\/3981","targetHints":{"allow":["GET"]}}],"collection":[{"href":"https:\/\/memurunsesi.net\/index.php\/wp-json\/wp\/v2\/posts"}],"about":[{"href":"https:\/\/memurunsesi.net\/index.php\/wp-json\/wp\/v2\/types\/post"}],"author":[{"embeddable":true,"href":"https:\/\/memurunsesi.net\/index.php\/wp-json\/wp\/v2\/users\/1"}],"replies":[{"embeddable":true,"href":"https:\/\/memurunsesi.net\/index.php\/wp-json\/wp\/v2\/comments?post=3981"}],"version-history":[{"count":1,"href":"https:\/\/memurunsesi.net\/index.php\/wp-json\/wp\/v2\/posts\/3981\/revisions"}],"predecessor-version":[{"id":3983,"href":"https:\/\/memurunsesi.net\/index.php\/wp-json\/wp\/v2\/posts\/3981\/revisions\/3983"}],"wp:featuredmedia":[{"embeddable":true,"href":"https:\/\/memurunsesi.net\/index.php\/wp-json\/wp\/v2\/media\/3982"}],"wp:attachment":[{"href":"https:\/\/memurunsesi.net\/index.php\/wp-json\/wp\/v2\/media?parent=3981"}],"wp:term":[{"taxonomy":"category","embeddable":true,"href":"https:\/\/memurunsesi.net\/index.php\/wp-json\/wp\/v2\/categories?post=3981"},{"taxonomy":"post_tag","embeddable":true,"href":"https:\/\/memurunsesi.net\/index.php\/wp-json\/wp\/v2\/tags?post=3981"}],"curies":[{"name":"wp","href":"https:\/\/api.w.org\/{rel}","templated":true}]}}