{"id":3987,"date":"2025-03-07T09:05:59","date_gmt":"2025-03-07T06:05:59","guid":{"rendered":"https:\/\/memurunsesi.net\/?p=3987"},"modified":"2025-03-07T09:05:59","modified_gmt":"2025-03-07T06:05:59","slug":"haber-alinamayan-55-yasindaki-epilepsi-hastasi-kadin-4-saat-suren-aramayla-bulundu","status":"publish","type":"post","link":"https:\/\/memurunsesi.net\/index.php\/2025\/03\/07\/haber-alinamayan-55-yasindaki-epilepsi-hastasi-kadin-4-saat-suren-aramayla-bulundu\/","title":{"rendered":"Haber al\u0131namayan 55 ya\u015f\u0131ndaki epilepsi hastas\u0131 kad\u0131n 4 saat s\u00fcren aramayla bulundu"},"content":{"rendered":"<p>  40 ki\u015filik ekibin yapt\u0131\u011f\u0131 \u00e7al\u0131\u015fma sonucu Dudu Teyze zeytin a\u011fac\u0131 alt\u0131na bulundu   Adana\u2019n\u0131n Kozan il\u00e7esinde d\u00fcn \u00f6\u011flen saatlerinde evinden \u00e7\u0131kan ve haber al\u0131namayan epilepsi hastas\u0131 55 ya\u015f\u0131ndaki Dudu Akt\u00fcrk, 40 ki\u015filik ekibin yapt\u0131\u011f\u0131 4 saatlik aramayla gece yar\u0131s\u0131 zeytin a\u011fac\u0131 alt\u0131na bulundu.<br \/>\n  Al\u0131nan bilgiye g\u00f6re, il\u00e7eye ba\u011fl\u0131 A\u011fl\u0131bo\u011faz Mahallesi Ay Sokak&#8217;taki evinden d\u00fcn \u00f6\u011flen saatlerinde \u00e7\u0131kan ve epilepsi hastal\u0131\u011f\u0131 bulunan Dudu Akt\u00fcrk ak\u015fama kadar d\u00f6nmedi. Yak\u0131nlar\u0131 taraf\u0131ndan b\u00f6lgede aranan kad\u0131na ula\u015f\u0131lamay\u0131nca durum polise ve arama kurtarma ekiplerine bildirildi. B\u00f6lgeye AFAD, AKOM, Yesevi Arama Kurtarma, MEB AKOP ekiplerinden olu\u015fan 40 ki\u015fi gitti. 40 ki\u015filik ekip ve mahalle sakinlerinin de deste\u011fiyle 3-4 kilometrelik sarp kayal\u0131klar\u0131n da oldu\u011fu b\u00f6lgede \u00e7al\u0131\u015fma yapt\u0131. Ekiplerin gece yar\u0131s\u0131na kadar s\u00fcrd\u00fcrd\u00fc\u011f\u00fc \u00e7al\u0131\u015fmada mutlu haber geldi. Akt\u00fcrk, bir zeytin a\u011fac\u0131n\u0131n alt\u0131nda bulundu. Sa\u011fl\u0131k durumu iyi oldu\u011fu belirlenen Akt\u00fcrk, ekipler taraf\u0131ndan evine getirildi. Akt\u00fcrk\u2019\u00fcn evde kulland\u0131\u011f\u0131 ila\u00e7lar\u0131n\u0131 vererek ge\u00e7mi\u015f olsun temennisinde bulunan ekipler b\u00f6lgeden ayr\u0131ld\u0131. Mahalle sakinleri de Dudu Teyze bulundu\u011fu i\u00e7in mutlu olduklar\u0131n\u0131 ifade etti.<br \/>\n   Yesevi Arama Kurtarma ekip lideri Ali Y\u0131lmaz, 4 kilometrelik sarp kayal\u0131k alanda arama \u00e7al\u0131\u015fmas\u0131 yap\u0131ld\u0131\u011f\u0131n\u0131 ve Dudu Teyze&#8217;yi bulduklar\u0131 i\u00e7in sevindiklerini kaydetti.<br \/>\n   Arama \u00e7al\u0131\u015fmalar\u0131na destek veren kom\u015fulardan Ferhat K\u00f6se, &#8220;Zeytin a\u011fac\u0131 alt\u0131nda bulundu \u015f\u00fck\u00fcr. \u00c7ok korktuk ama in\u015fallah bundan sonra bize haber vermeden bir yere ayr\u0131lmaz, bizler de yan\u0131nda olaca\u011f\u0131z&#8221; dedi.  <\/p>\n<p>7.03.2025                       <\/p>\n","protected":false},"excerpt":{"rendered":"<p>40 ki\u015filik ekibin yapt\u0131\u011f\u0131 \u00e7al\u0131\u015fma sonucu Dudu Teyze zeytin a\u011fac\u0131 alt\u0131na bulundu Adana\u2019n\u0131n Kozan il\u00e7esinde d\u00fcn \u00f6\u011flen saatlerinde evinden \u00e7\u0131kan ve haber al\u0131namayan epilepsi hastas\u0131 55 ya\u015f\u0131ndaki Dudu Akt\u00fcrk, 40 ki\u015filik ekibin yapt\u0131\u011f\u0131 4 saatlik aramayla gece yar\u0131s\u0131 zeytin a\u011fac\u0131 alt\u0131na bulundu. Al\u0131nan bilgiye g\u00f6re, il\u00e7eye ba\u011fl\u0131 A\u011fl\u0131bo\u011faz Mahallesi Ay Sokak&#8217;taki evinden d\u00fcn \u00f6\u011flen saatlerinde [&hellip;]<\/p>\n","protected":false},"author":1,"featured_media":3988,"comment_status":"open","ping_status":"open","sticky":false,"template":"","format":"standard","meta":{"footnotes":""},"categories":[1],"tags":[],"class_list":["post-3987","post","type-post","status-publish","format-standard","has-post-thumbnail","hentry","category-genel"],"yoast_head":"<!-- This site is optimized with the Yoast SEO plugin v27.4 - https:\/\/yoast.com\/product\/yoast-seo-wordpress\/ -->\n<title>Haber al\u0131namayan 55 ya\u015f\u0131ndaki epilepsi hastas\u0131 kad\u0131n 4 saat s\u00fcren aramayla bulundu - Memurun Sesi<\/title>\n<meta name=\"robots\" content=\"index, follow, max-snippet:-1, max-image-preview:large, max-video-preview:-1\" \/>\n<link rel=\"canonical\" href=\"https:\/\/memurunsesi.net\/index.php\/2025\/03\/07\/haber-alinamayan-55-yasindaki-epilepsi-hastasi-kadin-4-saat-suren-aramayla-bulundu\/\" \/>\n<meta property=\"og:locale\" content=\"tr_TR\" \/>\n<meta property=\"og:type\" content=\"article\" \/>\n<meta property=\"og:title\" content=\"Haber al\u0131namayan 55 ya\u015f\u0131ndaki epilepsi hastas\u0131 kad\u0131n 4 saat s\u00fcren aramayla bulundu - Memurun Sesi\" \/>\n<meta property=\"og:description\" content=\"40 ki\u015filik ekibin yapt\u0131\u011f\u0131 \u00e7al\u0131\u015fma sonucu Dudu Teyze zeytin a\u011fac\u0131 alt\u0131na bulundu Adana\u2019n\u0131n Kozan il\u00e7esinde d\u00fcn \u00f6\u011flen saatlerinde evinden \u00e7\u0131kan ve haber al\u0131namayan epilepsi hastas\u0131 55 ya\u015f\u0131ndaki Dudu Akt\u00fcrk, 40 ki\u015filik ekibin yapt\u0131\u011f\u0131 4 saatlik aramayla gece yar\u0131s\u0131 zeytin a\u011fac\u0131 alt\u0131na bulundu. Al\u0131nan bilgiye g\u00f6re, il\u00e7eye ba\u011fl\u0131 A\u011fl\u0131bo\u011faz Mahallesi Ay Sokak&#8217;taki evinden d\u00fcn \u00f6\u011flen saatlerinde [&hellip;]\" \/>\n<meta property=\"og:url\" content=\"https:\/\/memurunsesi.net\/index.php\/2025\/03\/07\/haber-alinamayan-55-yasindaki-epilepsi-hastasi-kadin-4-saat-suren-aramayla-bulundu\/\" \/>\n<meta property=\"og:site_name\" content=\"Memurun Sesi\" \/>\n<meta property=\"article:publisher\" content=\"https:\/\/www.facebook.com\/unipersen\/?locale=tr_TR\" \/>\n<meta property=\"article:published_time\" content=\"2025-03-07T06:05:59+00:00\" \/>\n<meta property=\"og:image\" content=\"https:\/\/memurunsesi.net\/wp-content\/uploads\/2025\/03\/AW406867_04.jpg\" \/>\n\t<meta property=\"og:image:width\" content=\"1280\" \/>\n\t<meta property=\"og:image:height\" content=\"960\" \/>\n\t<meta property=\"og:image:type\" content=\"image\/jpeg\" \/>\n<meta name=\"author\" content=\"Memurun Sesi Haber Merkezi\" \/>\n<meta name=\"twitter:card\" content=\"summary_large_image\" \/>\n<meta name=\"twitter:creator\" content=\"@unipersen\" \/>\n<meta name=\"twitter:site\" content=\"@unipersen\" \/>\n<meta name=\"twitter:label1\" content=\"Yazan:\" \/>\n\t<meta name=\"twitter:data1\" content=\"Memurun Sesi Haber Merkezi\" \/>\n\t<meta name=\"twitter:label2\" content=\"Tahmini okuma s\u00fcresi\" \/>\n\t<meta name=\"twitter:data2\" content=\"1 dakika\" \/>\n<script type=\"application\/ld+json\" class=\"yoast-schema-graph\">{\"@context\":\"https:\\\/\\\/schema.org\",\"@graph\":[{\"@type\":\"Article\",\"@id\":\"https:\\\/\\\/memurunsesi.net\\\/index.php\\\/2025\\\/03\\\/07\\\/haber-alinamayan-55-yasindaki-epilepsi-hastasi-kadin-4-saat-suren-aramayla-bulundu\\\/#article\",\"isPartOf\":{\"@id\":\"https:\\\/\\\/memurunsesi.net\\\/index.php\\\/2025\\\/03\\\/07\\\/haber-alinamayan-55-yasindaki-epilepsi-hastasi-kadin-4-saat-suren-aramayla-bulundu\\\/\"},\"author\":{\"name\":\"Memurun Sesi Haber Merkezi\",\"@id\":\"https:\\\/\\\/memurunsesi.net\\\/#\\\/schema\\\/person\\\/f21c2d73b89f6ee1d80b0a1803e38587\"},\"headline\":\"Haber al\u0131namayan 55 ya\u015f\u0131ndaki epilepsi hastas\u0131 kad\u0131n 4 saat s\u00fcren aramayla bulundu\",\"datePublished\":\"2025-03-07T06:05:59+00:00\",\"mainEntityOfPage\":{\"@id\":\"https:\\\/\\\/memurunsesi.net\\\/index.php\\\/2025\\\/03\\\/07\\\/haber-alinamayan-55-yasindaki-epilepsi-hastasi-kadin-4-saat-suren-aramayla-bulundu\\\/\"},\"wordCount\":300,\"commentCount\":0,\"publisher\":{\"@id\":\"https:\\\/\\\/memurunsesi.net\\\/#organization\"},\"image\":{\"@id\":\"https:\\\/\\\/memurunsesi.net\\\/index.php\\\/2025\\\/03\\\/07\\\/haber-alinamayan-55-yasindaki-epilepsi-hastasi-kadin-4-saat-suren-aramayla-bulundu\\\/#primaryimage\"},\"thumbnailUrl\":\"https:\\\/\\\/memurunsesi.net\\\/wp-content\\\/uploads\\\/2025\\\/03\\\/AW406867_04.jpg\",\"inLanguage\":\"tr\",\"potentialAction\":[{\"@type\":\"CommentAction\",\"name\":\"Comment\",\"target\":[\"https:\\\/\\\/memurunsesi.net\\\/index.php\\\/2025\\\/03\\\/07\\\/haber-alinamayan-55-yasindaki-epilepsi-hastasi-kadin-4-saat-suren-aramayla-bulundu\\\/#respond\"]}]},{\"@type\":\"WebPage\",\"@id\":\"https:\\\/\\\/memurunsesi.net\\\/index.php\\\/2025\\\/03\\\/07\\\/haber-alinamayan-55-yasindaki-epilepsi-hastasi-kadin-4-saat-suren-aramayla-bulundu\\\/\",\"url\":\"https:\\\/\\\/memurunsesi.net\\\/index.php\\\/2025\\\/03\\\/07\\\/haber-alinamayan-55-yasindaki-epilepsi-hastasi-kadin-4-saat-suren-aramayla-bulundu\\\/\",\"name\":\"Haber al\u0131namayan 55 ya\u015f\u0131ndaki epilepsi hastas\u0131 kad\u0131n 4 saat s\u00fcren aramayla bulundu - Memurun Sesi\",\"isPartOf\":{\"@id\":\"https:\\\/\\\/memurunsesi.net\\\/#website\"},\"primaryImageOfPage\":{\"@id\":\"https:\\\/\\\/memurunsesi.net\\\/index.php\\\/2025\\\/03\\\/07\\\/haber-alinamayan-55-yasindaki-epilepsi-hastasi-kadin-4-saat-suren-aramayla-bulundu\\\/#primaryimage\"},\"image\":{\"@id\":\"https:\\\/\\\/memurunsesi.net\\\/index.php\\\/2025\\\/03\\\/07\\\/haber-alinamayan-55-yasindaki-epilepsi-hastasi-kadin-4-saat-suren-aramayla-bulundu\\\/#primaryimage\"},\"thumbnailUrl\":\"https:\\\/\\\/memurunsesi.net\\\/wp-content\\\/uploads\\\/2025\\\/03\\\/AW406867_04.jpg\",\"datePublished\":\"2025-03-07T06:05:59+00:00\",\"breadcrumb\":{\"@id\":\"https:\\\/\\\/memurunsesi.net\\\/index.php\\\/2025\\\/03\\\/07\\\/haber-alinamayan-55-yasindaki-epilepsi-hastasi-kadin-4-saat-suren-aramayla-bulundu\\\/#breadcrumb\"},\"inLanguage\":\"tr\",\"potentialAction\":[{\"@type\":\"ReadAction\",\"target\":[\"https:\\\/\\\/memurunsesi.net\\\/index.php\\\/2025\\\/03\\\/07\\\/haber-alinamayan-55-yasindaki-epilepsi-hastasi-kadin-4-saat-suren-aramayla-bulundu\\\/\"]}]},{\"@type\":\"ImageObject\",\"inLanguage\":\"tr\",\"@id\":\"https:\\\/\\\/memurunsesi.net\\\/index.php\\\/2025\\\/03\\\/07\\\/haber-alinamayan-55-yasindaki-epilepsi-hastasi-kadin-4-saat-suren-aramayla-bulundu\\\/#primaryimage\",\"url\":\"https:\\\/\\\/memurunsesi.net\\\/wp-content\\\/uploads\\\/2025\\\/03\\\/AW406867_04.jpg\",\"contentUrl\":\"https:\\\/\\\/memurunsesi.net\\\/wp-content\\\/uploads\\\/2025\\\/03\\\/AW406867_04.jpg\",\"width\":1280,\"height\":960,\"caption\":\"ADANA'NIN KOZAN \u0130L\u00c7ES\u0130NDE A\u011eLIBO\u011eAZ MAHALLES\u0130NDE 6 MART \u00d6\u011eLEN SAATLER\u0130NDEN BUYANA KEND\u0130S\u0130NDEN HABER ALINAMAYAN SARA HASTASI 55 YA\u015eINDAK\u0130 DURDU AKT\u00dcRK KAYIP \u0130HBARI \u00dcZER\u0130NE POL\u0130S, AKOM VE ARAMA KURTARMA EK\u0130PLER\u0130 HAREKETE GE\u00c7T\u0130. (BER\u0130L SOLMU\u015eG\u00dcL - FARUK Y\u0130\u011eENO\u011eLU\\\/ADANA-\u0130HA) Adana'n\u0131n Kozan il\u00e7esinde d\u00fcn \u00f6\u011flen saatlerinde evinden \u00e7\u0131kan ve haber al\u0131namayan epilepsi hastas\u0131 55 ya\u015f\u0131ndaki Dudu Akt\u00fcrk, 40 ki\u015filik ekibin yapt\u0131\u011f\u0131 4 saatlik aramayla gece yar\u0131s\u0131 zeytin a\u011fac\u0131 alt\u0131na bulundu.\"},{\"@type\":\"BreadcrumbList\",\"@id\":\"https:\\\/\\\/memurunsesi.net\\\/index.php\\\/2025\\\/03\\\/07\\\/haber-alinamayan-55-yasindaki-epilepsi-hastasi-kadin-4-saat-suren-aramayla-bulundu\\\/#breadcrumb\",\"itemListElement\":[{\"@type\":\"ListItem\",\"position\":1,\"name\":\"Anasayfa\",\"item\":\"https:\\\/\\\/memurunsesi.net\\\/\"},{\"@type\":\"ListItem\",\"position\":2,\"name\":\"Haber al\u0131namayan 55 ya\u015f\u0131ndaki epilepsi hastas\u0131 kad\u0131n 4 saat s\u00fcren aramayla bulundu\"}]},{\"@type\":\"WebSite\",\"@id\":\"https:\\\/\\\/memurunsesi.net\\\/#website\",\"url\":\"https:\\\/\\\/memurunsesi.net\\\/\",\"name\":\"Memurun Sesi\",\"description\":\"G\u00fcncel ve Do\u011fru Haber\",\"publisher\":{\"@id\":\"https:\\\/\\\/memurunsesi.net\\\/#organization\"},\"potentialAction\":[{\"@type\":\"SearchAction\",\"target\":{\"@type\":\"EntryPoint\",\"urlTemplate\":\"https:\\\/\\\/memurunsesi.net\\\/?s={search_term_string}\"},\"query-input\":{\"@type\":\"PropertyValueSpecification\",\"valueRequired\":true,\"valueName\":\"search_term_string\"}}],\"inLanguage\":\"tr\"},{\"@type\":\"Organization\",\"@id\":\"https:\\\/\\\/memurunsesi.net\\\/#organization\",\"name\":\"Memurun Sesi\",\"url\":\"https:\\\/\\\/memurunsesi.net\\\/\",\"logo\":{\"@type\":\"ImageObject\",\"inLanguage\":\"tr\",\"@id\":\"https:\\\/\\\/memurunsesi.net\\\/#\\\/schema\\\/logo\\\/image\\\/\",\"url\":\"https:\\\/\\\/memurunsesi.net\\\/wp-content\\\/uploads\\\/2025\\\/11\\\/cropped-MEMURUN-SESI.png\",\"contentUrl\":\"https:\\\/\\\/memurunsesi.net\\\/wp-content\\\/uploads\\\/2025\\\/11\\\/cropped-MEMURUN-SESI.png\",\"width\":238,\"height\":57,\"caption\":\"Memurun Sesi\"},\"image\":{\"@id\":\"https:\\\/\\\/memurunsesi.net\\\/#\\\/schema\\\/logo\\\/image\\\/\"},\"sameAs\":[\"https:\\\/\\\/www.facebook.com\\\/unipersen\\\/?locale=tr_TR\",\"https:\\\/\\\/x.com\\\/unipersen\"]},{\"@type\":\"Person\",\"@id\":\"https:\\\/\\\/memurunsesi.net\\\/#\\\/schema\\\/person\\\/f21c2d73b89f6ee1d80b0a1803e38587\",\"name\":\"Memurun Sesi Haber Merkezi\",\"image\":{\"@type\":\"ImageObject\",\"inLanguage\":\"tr\",\"@id\":\"https:\\\/\\\/secure.gravatar.com\\\/avatar\\\/6cf0505f452ee753f485014986fab09a434671d2b919ee76fc541025c5876a70?s=96&d=mm&r=g\",\"url\":\"https:\\\/\\\/secure.gravatar.com\\\/avatar\\\/6cf0505f452ee753f485014986fab09a434671d2b919ee76fc541025c5876a70?s=96&d=mm&r=g\",\"contentUrl\":\"https:\\\/\\\/secure.gravatar.com\\\/avatar\\\/6cf0505f452ee753f485014986fab09a434671d2b919ee76fc541025c5876a70?s=96&d=mm&r=g\",\"caption\":\"Memurun Sesi Haber Merkezi\"},\"sameAs\":[\"https:\\\/\\\/memurunsesi.net\"],\"url\":\"https:\\\/\\\/memurunsesi.net\\\/index.php\\\/author\\\/uniper\\\/\"}]}<\/script>\n<!-- \/ Yoast SEO plugin. -->","yoast_head_json":{"title":"Haber al\u0131namayan 55 ya\u015f\u0131ndaki epilepsi hastas\u0131 kad\u0131n 4 saat s\u00fcren aramayla bulundu - Memurun Sesi","robots":{"index":"index","follow":"follow","max-snippet":"max-snippet:-1","max-image-preview":"max-image-preview:large","max-video-preview":"max-video-preview:-1"},"canonical":"https:\/\/memurunsesi.net\/index.php\/2025\/03\/07\/haber-alinamayan-55-yasindaki-epilepsi-hastasi-kadin-4-saat-suren-aramayla-bulundu\/","og_locale":"tr_TR","og_type":"article","og_title":"Haber al\u0131namayan 55 ya\u015f\u0131ndaki epilepsi hastas\u0131 kad\u0131n 4 saat s\u00fcren aramayla bulundu - Memurun Sesi","og_description":"40 ki\u015filik ekibin yapt\u0131\u011f\u0131 \u00e7al\u0131\u015fma sonucu Dudu Teyze zeytin a\u011fac\u0131 alt\u0131na bulundu Adana\u2019n\u0131n Kozan il\u00e7esinde d\u00fcn \u00f6\u011flen saatlerinde evinden \u00e7\u0131kan ve haber al\u0131namayan epilepsi hastas\u0131 55 ya\u015f\u0131ndaki Dudu Akt\u00fcrk, 40 ki\u015filik ekibin yapt\u0131\u011f\u0131 4 saatlik aramayla gece yar\u0131s\u0131 zeytin a\u011fac\u0131 alt\u0131na bulundu. Al\u0131nan bilgiye g\u00f6re, il\u00e7eye ba\u011fl\u0131 A\u011fl\u0131bo\u011faz Mahallesi Ay Sokak&#8217;taki evinden d\u00fcn \u00f6\u011flen saatlerinde [&hellip;]","og_url":"https:\/\/memurunsesi.net\/index.php\/2025\/03\/07\/haber-alinamayan-55-yasindaki-epilepsi-hastasi-kadin-4-saat-suren-aramayla-bulundu\/","og_site_name":"Memurun Sesi","article_publisher":"https:\/\/www.facebook.com\/unipersen\/?locale=tr_TR","article_published_time":"2025-03-07T06:05:59+00:00","og_image":[{"width":1280,"height":960,"url":"https:\/\/memurunsesi.net\/wp-content\/uploads\/2025\/03\/AW406867_04.jpg","type":"image\/jpeg"}],"author":"Memurun Sesi Haber Merkezi","twitter_card":"summary_large_image","twitter_creator":"@unipersen","twitter_site":"@unipersen","twitter_misc":{"Yazan:":"Memurun Sesi Haber Merkezi","Tahmini okuma s\u00fcresi":"1 dakika"},"schema":{"@context":"https:\/\/schema.org","@graph":[{"@type":"Article","@id":"https:\/\/memurunsesi.net\/index.php\/2025\/03\/07\/haber-alinamayan-55-yasindaki-epilepsi-hastasi-kadin-4-saat-suren-aramayla-bulundu\/#article","isPartOf":{"@id":"https:\/\/memurunsesi.net\/index.php\/2025\/03\/07\/haber-alinamayan-55-yasindaki-epilepsi-hastasi-kadin-4-saat-suren-aramayla-bulundu\/"},"author":{"name":"Memurun Sesi Haber Merkezi","@id":"https:\/\/memurunsesi.net\/#\/schema\/person\/f21c2d73b89f6ee1d80b0a1803e38587"},"headline":"Haber al\u0131namayan 55 ya\u015f\u0131ndaki epilepsi hastas\u0131 kad\u0131n 4 saat s\u00fcren aramayla bulundu","datePublished":"2025-03-07T06:05:59+00:00","mainEntityOfPage":{"@id":"https:\/\/memurunsesi.net\/index.php\/2025\/03\/07\/haber-alinamayan-55-yasindaki-epilepsi-hastasi-kadin-4-saat-suren-aramayla-bulundu\/"},"wordCount":300,"commentCount":0,"publisher":{"@id":"https:\/\/memurunsesi.net\/#organization"},"image":{"@id":"https:\/\/memurunsesi.net\/index.php\/2025\/03\/07\/haber-alinamayan-55-yasindaki-epilepsi-hastasi-kadin-4-saat-suren-aramayla-bulundu\/#primaryimage"},"thumbnailUrl":"https:\/\/memurunsesi.net\/wp-content\/uploads\/2025\/03\/AW406867_04.jpg","inLanguage":"tr","potentialAction":[{"@type":"CommentAction","name":"Comment","target":["https:\/\/memurunsesi.net\/index.php\/2025\/03\/07\/haber-alinamayan-55-yasindaki-epilepsi-hastasi-kadin-4-saat-suren-aramayla-bulundu\/#respond"]}]},{"@type":"WebPage","@id":"https:\/\/memurunsesi.net\/index.php\/2025\/03\/07\/haber-alinamayan-55-yasindaki-epilepsi-hastasi-kadin-4-saat-suren-aramayla-bulundu\/","url":"https:\/\/memurunsesi.net\/index.php\/2025\/03\/07\/haber-alinamayan-55-yasindaki-epilepsi-hastasi-kadin-4-saat-suren-aramayla-bulundu\/","name":"Haber al\u0131namayan 55 ya\u015f\u0131ndaki epilepsi hastas\u0131 kad\u0131n 4 saat s\u00fcren aramayla bulundu - Memurun Sesi","isPartOf":{"@id":"https:\/\/memurunsesi.net\/#website"},"primaryImageOfPage":{"@id":"https:\/\/memurunsesi.net\/index.php\/2025\/03\/07\/haber-alinamayan-55-yasindaki-epilepsi-hastasi-kadin-4-saat-suren-aramayla-bulundu\/#primaryimage"},"image":{"@id":"https:\/\/memurunsesi.net\/index.php\/2025\/03\/07\/haber-alinamayan-55-yasindaki-epilepsi-hastasi-kadin-4-saat-suren-aramayla-bulundu\/#primaryimage"},"thumbnailUrl":"https:\/\/memurunsesi.net\/wp-content\/uploads\/2025\/03\/AW406867_04.jpg","datePublished":"2025-03-07T06:05:59+00:00","breadcrumb":{"@id":"https:\/\/memurunsesi.net\/index.php\/2025\/03\/07\/haber-alinamayan-55-yasindaki-epilepsi-hastasi-kadin-4-saat-suren-aramayla-bulundu\/#breadcrumb"},"inLanguage":"tr","potentialAction":[{"@type":"ReadAction","target":["https:\/\/memurunsesi.net\/index.php\/2025\/03\/07\/haber-alinamayan-55-yasindaki-epilepsi-hastasi-kadin-4-saat-suren-aramayla-bulundu\/"]}]},{"@type":"ImageObject","inLanguage":"tr","@id":"https:\/\/memurunsesi.net\/index.php\/2025\/03\/07\/haber-alinamayan-55-yasindaki-epilepsi-hastasi-kadin-4-saat-suren-aramayla-bulundu\/#primaryimage","url":"https:\/\/memurunsesi.net\/wp-content\/uploads\/2025\/03\/AW406867_04.jpg","contentUrl":"https:\/\/memurunsesi.net\/wp-content\/uploads\/2025\/03\/AW406867_04.jpg","width":1280,"height":960,"caption":"ADANA'NIN KOZAN \u0130L\u00c7ES\u0130NDE A\u011eLIBO\u011eAZ MAHALLES\u0130NDE 6 MART \u00d6\u011eLEN SAATLER\u0130NDEN BUYANA KEND\u0130S\u0130NDEN HABER ALINAMAYAN SARA HASTASI 55 YA\u015eINDAK\u0130 DURDU AKT\u00dcRK KAYIP \u0130HBARI \u00dcZER\u0130NE POL\u0130S, AKOM VE ARAMA KURTARMA EK\u0130PLER\u0130 HAREKETE GE\u00c7T\u0130. (BER\u0130L SOLMU\u015eG\u00dcL - FARUK Y\u0130\u011eENO\u011eLU\/ADANA-\u0130HA) Adana'n\u0131n Kozan il\u00e7esinde d\u00fcn \u00f6\u011flen saatlerinde evinden \u00e7\u0131kan ve haber al\u0131namayan epilepsi hastas\u0131 55 ya\u015f\u0131ndaki Dudu Akt\u00fcrk, 40 ki\u015filik ekibin yapt\u0131\u011f\u0131 4 saatlik aramayla gece yar\u0131s\u0131 zeytin a\u011fac\u0131 alt\u0131na bulundu."},{"@type":"BreadcrumbList","@id":"https:\/\/memurunsesi.net\/index.php\/2025\/03\/07\/haber-alinamayan-55-yasindaki-epilepsi-hastasi-kadin-4-saat-suren-aramayla-bulundu\/#breadcrumb","itemListElement":[{"@type":"ListItem","position":1,"name":"Anasayfa","item":"https:\/\/memurunsesi.net\/"},{"@type":"ListItem","position":2,"name":"Haber al\u0131namayan 55 ya\u015f\u0131ndaki epilepsi hastas\u0131 kad\u0131n 4 saat s\u00fcren aramayla bulundu"}]},{"@type":"WebSite","@id":"https:\/\/memurunsesi.net\/#website","url":"https:\/\/memurunsesi.net\/","name":"Memurun Sesi","description":"G\u00fcncel ve Do\u011fru Haber","publisher":{"@id":"https:\/\/memurunsesi.net\/#organization"},"potentialAction":[{"@type":"SearchAction","target":{"@type":"EntryPoint","urlTemplate":"https:\/\/memurunsesi.net\/?s={search_term_string}"},"query-input":{"@type":"PropertyValueSpecification","valueRequired":true,"valueName":"search_term_string"}}],"inLanguage":"tr"},{"@type":"Organization","@id":"https:\/\/memurunsesi.net\/#organization","name":"Memurun Sesi","url":"https:\/\/memurunsesi.net\/","logo":{"@type":"ImageObject","inLanguage":"tr","@id":"https:\/\/memurunsesi.net\/#\/schema\/logo\/image\/","url":"https:\/\/memurunsesi.net\/wp-content\/uploads\/2025\/11\/cropped-MEMURUN-SESI.png","contentUrl":"https:\/\/memurunsesi.net\/wp-content\/uploads\/2025\/11\/cropped-MEMURUN-SESI.png","width":238,"height":57,"caption":"Memurun Sesi"},"image":{"@id":"https:\/\/memurunsesi.net\/#\/schema\/logo\/image\/"},"sameAs":["https:\/\/www.facebook.com\/unipersen\/?locale=tr_TR","https:\/\/x.com\/unipersen"]},{"@type":"Person","@id":"https:\/\/memurunsesi.net\/#\/schema\/person\/f21c2d73b89f6ee1d80b0a1803e38587","name":"Memurun Sesi Haber Merkezi","image":{"@type":"ImageObject","inLanguage":"tr","@id":"https:\/\/secure.gravatar.com\/avatar\/6cf0505f452ee753f485014986fab09a434671d2b919ee76fc541025c5876a70?s=96&d=mm&r=g","url":"https:\/\/secure.gravatar.com\/avatar\/6cf0505f452ee753f485014986fab09a434671d2b919ee76fc541025c5876a70?s=96&d=mm&r=g","contentUrl":"https:\/\/secure.gravatar.com\/avatar\/6cf0505f452ee753f485014986fab09a434671d2b919ee76fc541025c5876a70?s=96&d=mm&r=g","caption":"Memurun Sesi Haber Merkezi"},"sameAs":["https:\/\/memurunsesi.net"],"url":"https:\/\/memurunsesi.net\/index.php\/author\/uniper\/"}]}},"_links":{"self":[{"href":"https:\/\/memurunsesi.net\/index.php\/wp-json\/wp\/v2\/posts\/3987","targetHints":{"allow":["GET"]}}],"collection":[{"href":"https:\/\/memurunsesi.net\/index.php\/wp-json\/wp\/v2\/posts"}],"about":[{"href":"https:\/\/memurunsesi.net\/index.php\/wp-json\/wp\/v2\/types\/post"}],"author":[{"embeddable":true,"href":"https:\/\/memurunsesi.net\/index.php\/wp-json\/wp\/v2\/users\/1"}],"replies":[{"embeddable":true,"href":"https:\/\/memurunsesi.net\/index.php\/wp-json\/wp\/v2\/comments?post=3987"}],"version-history":[{"count":1,"href":"https:\/\/memurunsesi.net\/index.php\/wp-json\/wp\/v2\/posts\/3987\/revisions"}],"predecessor-version":[{"id":3989,"href":"https:\/\/memurunsesi.net\/index.php\/wp-json\/wp\/v2\/posts\/3987\/revisions\/3989"}],"wp:featuredmedia":[{"embeddable":true,"href":"https:\/\/memurunsesi.net\/index.php\/wp-json\/wp\/v2\/media\/3988"}],"wp:attachment":[{"href":"https:\/\/memurunsesi.net\/index.php\/wp-json\/wp\/v2\/media?parent=3987"}],"wp:term":[{"taxonomy":"category","embeddable":true,"href":"https:\/\/memurunsesi.net\/index.php\/wp-json\/wp\/v2\/categories?post=3987"},{"taxonomy":"post_tag","embeddable":true,"href":"https:\/\/memurunsesi.net\/index.php\/wp-json\/wp\/v2\/tags?post=3987"}],"curies":[{"name":"wp","href":"https:\/\/api.w.org\/{rel}","templated":true}]}}