{"id":3992,"date":"2025-03-07T09:09:42","date_gmt":"2025-03-07T06:09:42","guid":{"rendered":"https:\/\/memurunsesi.net\/?p=3992"},"modified":"2025-03-07T09:09:42","modified_gmt":"2025-03-07T06:09:42","slug":"emekci-kadinlari-aglatan-kutlama-hayatimda-hic-tatmadigim-bir-duyguydu","status":"publish","type":"post","link":"https:\/\/memurunsesi.net\/index.php\/2025\/03\/07\/emekci-kadinlari-aglatan-kutlama-hayatimda-hic-tatmadigim-bir-duyguydu\/","title":{"rendered":"Emek\u00e7i kad\u0131nlar\u0131 a\u011flatan kutlama: &#8220;Hayat\u0131mda hi\u00e7 tatmad\u0131\u011f\u0131m bir duyguydu&#8221;"},"content":{"rendered":"<p>  &#8211; LED ekranda e\u015flerinden gelen mesajlar\u0131 g\u00f6rd\u00fcler<br \/>\n  &#8211; &#8220;70 ya\u015f\u0131ma geldim, b\u00f6yle bir \u015fey g\u00f6rmedim&#8221; <\/p>\n<p> D\u00fczce Belediyesi, 8 Mart D\u00fcnya Kad\u0131nlar G\u00fcn\u00fc&#8217;n\u00fc anlaml\u0131 ve duygu y\u00fckl\u00fc bir s\u00fcrprizle kutlad\u0131. Park ve Bah\u00e7eler M\u00fcd\u00fcrl\u00fc\u011f\u00fc&#8217;nde g\u00f6rev yapan kad\u0131nlar, peyzaj \u00e7al\u0131\u015fmas\u0131 yaparken hi\u00e7 beklemedikleri bir anda LED ekranda e\u015flerinin duygu dolu mesajlar\u0131yla kar\u015f\u0131la\u015ft\u0131. E\u015flerinin onlara olan sevgisi ve takdirini dile getirdi\u011fi videolar, kad\u0131nlar\u0131 hem \u015fa\u015f\u0131rtt\u0131 hem de duyguland\u0131rd\u0131.<br \/>\n Ge\u00e7ti\u011fimiz Sevgililer G\u00fcn\u00fc&#8217;nde e\u015flerine &#8220;Seni seviyorum&#8221; diyerek s\u00fcrpriz yapan kad\u0131nlar, bu kez e\u015flerinden gelen i\u00e7ten mesajlarla kar\u015f\u0131la\u015f\u0131nca g\u00f6zya\u015flar\u0131n\u0131 tutamad\u0131. D\u00fczce Belediyesi Bas\u0131n Yay\u0131n ve Halkla \u0130li\u015fkiler M\u00fcd\u00fcrl\u00fc\u011f\u00fc ekibi, kad\u0131nlar\u0131n e\u015fleriyle \u00f6zel r\u00f6portajlar yaparak bu anlaml\u0131 s\u00fcrprizi haz\u0131rlad\u0131. Videolarda, erkekler e\u015flerine duyduklar\u0131 sevgiyi ve sayg\u0131y\u0131 dile getirirken, kad\u0131nlar\u0131n fedakarl\u0131klar\u0131n\u0131, birlikte g\u00f6\u011f\u00fcs gerdikleri zorluklar\u0131 ve mutlu evliliklerini anlatt\u0131lar.<br \/>\n Kad\u0131nlar G\u00fcn\u00fc i\u00e7in anlaml\u0131 mesajlar veren erkekler, &#8220;Kad\u0131nlar olmasayd\u0131 ya\u015fam\u0131n bir anlam\u0131 olmazd\u0131. Hayat onlarla var. Televizyonlarda g\u00f6r\u00fcyoruz, kad\u0131nlara \u015fiddet uygulan\u0131yor, \u00f6ld\u00fcr\u00fcl\u00fcyorlar. Biz onlar\u0131 mutlu olmak i\u00e7in ald\u0131k. Kad\u0131na \u015fiddet uygulayana yaz\u0131klar olsun&#8221; diyerek duygular\u0131n\u0131 ifade etti. <\/p>\n<p> Emek\u00e7i kad\u0131nlar mutluluk g\u00f6zya\u015f\u0131 d\u00f6kt\u00fc<br \/>\n Millet Bah\u00e7esi&#8217;nde ye\u015fil alan bak\u0131m\u0131 yapan Park ve Bah\u00e7eler M\u00fcd\u00fcrl\u00fc\u011f\u00fc \u00e7al\u0131\u015fanlar\u0131, LED ekranda e\u015flerinin mesajlar\u0131n\u0131 g\u00f6r\u00fcnce \u015fa\u015f\u0131rd\u0131lar. Duygusal ve i\u00e7ten s\u00f6zlerle kar\u015f\u0131la\u015fan kad\u0131nlar\u0131n ilk tepkisi, mutluluk g\u00f6zya\u015flar\u0131 oldu. S\u00fcrpriz bununla da bitmedi. Ellerinde \u00e7i\u00e7eklerle e\u015flerinin kar\u015f\u0131s\u0131na \u00e7\u0131kan erkekler, onlar\u0131 tek tek tebrik ederek sevgilerini dile getirdi. Kad\u0131nlar, hem e\u015flerine hem de D\u00fczce Belediyesi&#8217;ne bu unutulmaz an\u0131 ya\u015fatt\u0131klar\u0131 i\u00e7in te\u015fekk\u00fcr etti. <\/p>\n<p> &#8220;Hayat\u0131mda hi\u00e7 tatmad\u0131\u011f\u0131m bir duyguydu&#8221;<br \/>\n S\u00fcrpriz kar\u015f\u0131s\u0131nda \u00e7ok duygulanan Tenzile Alt\u0131n\u0131\u015f\u0131k, &#8220;70 ya\u015f\u0131ma geldim, b\u00f6yle bir \u015fey g\u00f6rmedim, ilk kez g\u00f6r\u00fcyorum. Hepinize \u00e7ok \u00e7ok te\u015fekk\u00fcr ediyorum&#8221; dedi.<br \/>\n G\u00fcls\u00fcm Poyraz ise &#8220;\u015eok ge\u00e7irdim, inan\u0131lacak gibi de\u011fildi. Hayat\u0131mda hi\u00e7 tatmad\u0131\u011f\u0131m bir duyguydu. Hepinizden Allah raz\u0131 olsun. Bize bu duyguyu ya\u015fatt\u0131\u011f\u0131n\u0131z i\u00e7in \u00e7ok \u00e7ok te\u015fekk\u00fcr ediyorum. Emek\u00e7i Kad\u0131nlar G\u00fcn\u00fc hepimize kutlu olsun. \u00c7al\u0131\u015fmak \u00e7ok g\u00fczel bir \u015fey. Hele bu duyguyu ya\u015famak daha g\u00fczel bir \u015fey. Belediyemize de binlerce te\u015fekk\u00fcr ederiz&#8221; \u015feklinde konu\u015ftu.<br \/>\n Meryem Erg\u00fcn de, &#8220;\u00c7ok mutlu oldum. A\u015f\u0131r\u0131 derecede \u00e7ok duyguland\u0131m. \u00c7ok bamba\u015fka bir duygu oldu benim i\u00e7in&#8221; ifadelerini kulland\u0131.  <\/p>\n<p>7.03.2025                                         <\/p>\n","protected":false},"excerpt":{"rendered":"<p>&#8211; LED ekranda e\u015flerinden gelen mesajlar\u0131 g\u00f6rd\u00fcler &#8211; &#8220;70 ya\u015f\u0131ma geldim, b\u00f6yle bir \u015fey g\u00f6rmedim&#8221; D\u00fczce Belediyesi, 8 Mart D\u00fcnya Kad\u0131nlar G\u00fcn\u00fc&#8217;n\u00fc anlaml\u0131 ve duygu y\u00fckl\u00fc bir s\u00fcrprizle kutlad\u0131. Park ve Bah\u00e7eler M\u00fcd\u00fcrl\u00fc\u011f\u00fc&#8217;nde g\u00f6rev yapan kad\u0131nlar, peyzaj \u00e7al\u0131\u015fmas\u0131 yaparken hi\u00e7 beklemedikleri bir anda LED ekranda e\u015flerinin duygu dolu mesajlar\u0131yla kar\u015f\u0131la\u015ft\u0131. E\u015flerinin onlara olan sevgisi ve [&hellip;]<\/p>\n","protected":false},"author":1,"featured_media":3993,"comment_status":"open","ping_status":"open","sticky":false,"template":"","format":"standard","meta":{"footnotes":""},"categories":[1],"tags":[],"class_list":["post-3992","post","type-post","status-publish","format-standard","has-post-thumbnail","hentry","category-genel"],"yoast_head":"<!-- This site is optimized with the Yoast SEO plugin v27.4 - https:\/\/yoast.com\/product\/yoast-seo-wordpress\/ -->\n<title>Emek\u00e7i kad\u0131nlar\u0131 a\u011flatan kutlama: &quot;Hayat\u0131mda hi\u00e7 tatmad\u0131\u011f\u0131m bir duyguydu&quot; - Memurun Sesi<\/title>\n<meta name=\"robots\" content=\"index, follow, max-snippet:-1, max-image-preview:large, max-video-preview:-1\" \/>\n<link rel=\"canonical\" href=\"https:\/\/memurunsesi.net\/index.php\/2025\/03\/07\/emekci-kadinlari-aglatan-kutlama-hayatimda-hic-tatmadigim-bir-duyguydu\/\" \/>\n<meta property=\"og:locale\" content=\"tr_TR\" \/>\n<meta property=\"og:type\" content=\"article\" \/>\n<meta property=\"og:title\" content=\"Emek\u00e7i kad\u0131nlar\u0131 a\u011flatan kutlama: &quot;Hayat\u0131mda hi\u00e7 tatmad\u0131\u011f\u0131m bir duyguydu&quot; - Memurun Sesi\" \/>\n<meta property=\"og:description\" content=\"&#8211; LED ekranda e\u015flerinden gelen mesajlar\u0131 g\u00f6rd\u00fcler &#8211; &#8220;70 ya\u015f\u0131ma geldim, b\u00f6yle bir \u015fey g\u00f6rmedim&#8221; D\u00fczce Belediyesi, 8 Mart D\u00fcnya Kad\u0131nlar G\u00fcn\u00fc&#8217;n\u00fc anlaml\u0131 ve duygu y\u00fckl\u00fc bir s\u00fcrprizle kutlad\u0131. Park ve Bah\u00e7eler M\u00fcd\u00fcrl\u00fc\u011f\u00fc&#8217;nde g\u00f6rev yapan kad\u0131nlar, peyzaj \u00e7al\u0131\u015fmas\u0131 yaparken hi\u00e7 beklemedikleri bir anda LED ekranda e\u015flerinin duygu dolu mesajlar\u0131yla kar\u015f\u0131la\u015ft\u0131. E\u015flerinin onlara olan sevgisi ve [&hellip;]\" \/>\n<meta property=\"og:url\" content=\"https:\/\/memurunsesi.net\/index.php\/2025\/03\/07\/emekci-kadinlari-aglatan-kutlama-hayatimda-hic-tatmadigim-bir-duyguydu\/\" \/>\n<meta property=\"og:site_name\" content=\"Memurun Sesi\" \/>\n<meta property=\"article:publisher\" content=\"https:\/\/www.facebook.com\/unipersen\/?locale=tr_TR\" \/>\n<meta property=\"article:published_time\" content=\"2025-03-07T06:09:42+00:00\" \/>\n<meta property=\"og:image\" content=\"https:\/\/memurunsesi.net\/wp-content\/uploads\/2025\/03\/AW406850_04.jpg\" \/>\n\t<meta property=\"og:image:width\" content=\"1600\" \/>\n\t<meta property=\"og:image:height\" content=\"1201\" \/>\n\t<meta property=\"og:image:type\" content=\"image\/jpeg\" \/>\n<meta name=\"author\" content=\"Memurun Sesi Haber Merkezi\" \/>\n<meta name=\"twitter:card\" content=\"summary_large_image\" \/>\n<meta name=\"twitter:creator\" content=\"@unipersen\" \/>\n<meta name=\"twitter:site\" content=\"@unipersen\" \/>\n<meta name=\"twitter:label1\" content=\"Yazan:\" \/>\n\t<meta name=\"twitter:data1\" content=\"Memurun Sesi Haber Merkezi\" \/>\n\t<meta name=\"twitter:label2\" content=\"Tahmini okuma s\u00fcresi\" \/>\n\t<meta name=\"twitter:data2\" content=\"2 dakika\" \/>\n<script type=\"application\/ld+json\" class=\"yoast-schema-graph\">{\"@context\":\"https:\\\/\\\/schema.org\",\"@graph\":[{\"@type\":\"Article\",\"@id\":\"https:\\\/\\\/memurunsesi.net\\\/index.php\\\/2025\\\/03\\\/07\\\/emekci-kadinlari-aglatan-kutlama-hayatimda-hic-tatmadigim-bir-duyguydu\\\/#article\",\"isPartOf\":{\"@id\":\"https:\\\/\\\/memurunsesi.net\\\/index.php\\\/2025\\\/03\\\/07\\\/emekci-kadinlari-aglatan-kutlama-hayatimda-hic-tatmadigim-bir-duyguydu\\\/\"},\"author\":{\"name\":\"Memurun Sesi Haber Merkezi\",\"@id\":\"https:\\\/\\\/memurunsesi.net\\\/#\\\/schema\\\/person\\\/f21c2d73b89f6ee1d80b0a1803e38587\"},\"headline\":\"Emek\u00e7i kad\u0131nlar\u0131 a\u011flatan kutlama: &#8220;Hayat\u0131mda hi\u00e7 tatmad\u0131\u011f\u0131m bir duyguydu&#8221;\",\"datePublished\":\"2025-03-07T06:09:42+00:00\",\"mainEntityOfPage\":{\"@id\":\"https:\\\/\\\/memurunsesi.net\\\/index.php\\\/2025\\\/03\\\/07\\\/emekci-kadinlari-aglatan-kutlama-hayatimda-hic-tatmadigim-bir-duyguydu\\\/\"},\"wordCount\":495,\"commentCount\":0,\"publisher\":{\"@id\":\"https:\\\/\\\/memurunsesi.net\\\/#organization\"},\"image\":{\"@id\":\"https:\\\/\\\/memurunsesi.net\\\/index.php\\\/2025\\\/03\\\/07\\\/emekci-kadinlari-aglatan-kutlama-hayatimda-hic-tatmadigim-bir-duyguydu\\\/#primaryimage\"},\"thumbnailUrl\":\"https:\\\/\\\/memurunsesi.net\\\/wp-content\\\/uploads\\\/2025\\\/03\\\/AW406850_04.jpg\",\"inLanguage\":\"tr\",\"potentialAction\":[{\"@type\":\"CommentAction\",\"name\":\"Comment\",\"target\":[\"https:\\\/\\\/memurunsesi.net\\\/index.php\\\/2025\\\/03\\\/07\\\/emekci-kadinlari-aglatan-kutlama-hayatimda-hic-tatmadigim-bir-duyguydu\\\/#respond\"]}]},{\"@type\":\"WebPage\",\"@id\":\"https:\\\/\\\/memurunsesi.net\\\/index.php\\\/2025\\\/03\\\/07\\\/emekci-kadinlari-aglatan-kutlama-hayatimda-hic-tatmadigim-bir-duyguydu\\\/\",\"url\":\"https:\\\/\\\/memurunsesi.net\\\/index.php\\\/2025\\\/03\\\/07\\\/emekci-kadinlari-aglatan-kutlama-hayatimda-hic-tatmadigim-bir-duyguydu\\\/\",\"name\":\"Emek\u00e7i kad\u0131nlar\u0131 a\u011flatan kutlama: \\\"Hayat\u0131mda hi\u00e7 tatmad\u0131\u011f\u0131m bir duyguydu\\\" - Memurun Sesi\",\"isPartOf\":{\"@id\":\"https:\\\/\\\/memurunsesi.net\\\/#website\"},\"primaryImageOfPage\":{\"@id\":\"https:\\\/\\\/memurunsesi.net\\\/index.php\\\/2025\\\/03\\\/07\\\/emekci-kadinlari-aglatan-kutlama-hayatimda-hic-tatmadigim-bir-duyguydu\\\/#primaryimage\"},\"image\":{\"@id\":\"https:\\\/\\\/memurunsesi.net\\\/index.php\\\/2025\\\/03\\\/07\\\/emekci-kadinlari-aglatan-kutlama-hayatimda-hic-tatmadigim-bir-duyguydu\\\/#primaryimage\"},\"thumbnailUrl\":\"https:\\\/\\\/memurunsesi.net\\\/wp-content\\\/uploads\\\/2025\\\/03\\\/AW406850_04.jpg\",\"datePublished\":\"2025-03-07T06:09:42+00:00\",\"breadcrumb\":{\"@id\":\"https:\\\/\\\/memurunsesi.net\\\/index.php\\\/2025\\\/03\\\/07\\\/emekci-kadinlari-aglatan-kutlama-hayatimda-hic-tatmadigim-bir-duyguydu\\\/#breadcrumb\"},\"inLanguage\":\"tr\",\"potentialAction\":[{\"@type\":\"ReadAction\",\"target\":[\"https:\\\/\\\/memurunsesi.net\\\/index.php\\\/2025\\\/03\\\/07\\\/emekci-kadinlari-aglatan-kutlama-hayatimda-hic-tatmadigim-bir-duyguydu\\\/\"]}]},{\"@type\":\"ImageObject\",\"inLanguage\":\"tr\",\"@id\":\"https:\\\/\\\/memurunsesi.net\\\/index.php\\\/2025\\\/03\\\/07\\\/emekci-kadinlari-aglatan-kutlama-hayatimda-hic-tatmadigim-bir-duyguydu\\\/#primaryimage\",\"url\":\"https:\\\/\\\/memurunsesi.net\\\/wp-content\\\/uploads\\\/2025\\\/03\\\/AW406850_04.jpg\",\"contentUrl\":\"https:\\\/\\\/memurunsesi.net\\\/wp-content\\\/uploads\\\/2025\\\/03\\\/AW406850_04.jpg\",\"width\":1600,\"height\":1201,\"caption\":\"D\u00dcZCE BELED\u0130YES\u0130, 8 MART D\u00dcNYA KADINLAR G\u00dcN\u00dc'N\u00dc DUYGU Y\u00dcKL\u00dc VE ANLAMLI B\u0130R S\u00dcRPR\u0130ZLE KUTLADI. S\u00dcRPR\u0130ZDE, PARK VE BAH\u00c7ELER M\u00dcD\u00dcRL\u00dc\u011e\u00dc'NDE G\u00d6REV YAPAN KADINLAR M\u0130LLET BAH\u00c7ES\u0130'NDE PEYZAJ \u00c7ALI\u015eMASI YAPTI\u011eI ESNADA, LED EKRANDA E\u015eLER\u0130N\u0130N DUYGU DOLU MESAJLARIYLA KAR\u015eILA\u015eTI. E\u015eLER\u0130N\u0130N ONLARA OLAN SEVG\u0130S\u0130 VE TAKD\u0130R\u0130N\u0130 D\u0130LE GET\u0130RD\u0130\u011e\u0130 V\u0130DEOLAR, KADINLARI HEM \u015eA\u015eKINA \u00c7EV\u0130RD\u0130 HEM DE DUYGULANDIRDI. (AL\u0130 YILDIZ - SEL\u00c7UK AKYOL\\\/D\u00dcZCE-\u0130HA) D\u00fczce Belediyesi, 8 Mart D\u00fcnya Kad\u0131nlar G\u00fcn\u00fc'n\u00fc anlaml\u0131 ve duygu y\u00fckl\u00fc bir s\u00fcrprizle kutlad\u0131. Park ve Bah\u00e7eler M\u00fcd\u00fcrl\u00fc\u011f\u00fc'nde g\u00f6rev yapan kad\u0131nlar, peyzaj \u00e7al\u0131\u015fmas\u0131 yaparken hi\u00e7 beklemedikleri bir anda LED ekranda e\u015flerinin duygu dolu mesajlar\u0131yla kar\u015f\u0131la\u015ft\u0131. E\u015flerinin onlara olan sevgisi ve takdirini dile getirdi\u011fi videolar, kad\u0131nlar\u0131 hem \u015fa\u015f\u0131rtt\u0131 hem de duyguland\u0131rd\u0131.\"},{\"@type\":\"BreadcrumbList\",\"@id\":\"https:\\\/\\\/memurunsesi.net\\\/index.php\\\/2025\\\/03\\\/07\\\/emekci-kadinlari-aglatan-kutlama-hayatimda-hic-tatmadigim-bir-duyguydu\\\/#breadcrumb\",\"itemListElement\":[{\"@type\":\"ListItem\",\"position\":1,\"name\":\"Anasayfa\",\"item\":\"https:\\\/\\\/memurunsesi.net\\\/\"},{\"@type\":\"ListItem\",\"position\":2,\"name\":\"Emek\u00e7i kad\u0131nlar\u0131 a\u011flatan kutlama: &#8220;Hayat\u0131mda hi\u00e7 tatmad\u0131\u011f\u0131m bir duyguydu&#8221;\"}]},{\"@type\":\"WebSite\",\"@id\":\"https:\\\/\\\/memurunsesi.net\\\/#website\",\"url\":\"https:\\\/\\\/memurunsesi.net\\\/\",\"name\":\"Memurun Sesi\",\"description\":\"G\u00fcncel ve Do\u011fru Haber\",\"publisher\":{\"@id\":\"https:\\\/\\\/memurunsesi.net\\\/#organization\"},\"potentialAction\":[{\"@type\":\"SearchAction\",\"target\":{\"@type\":\"EntryPoint\",\"urlTemplate\":\"https:\\\/\\\/memurunsesi.net\\\/?s={search_term_string}\"},\"query-input\":{\"@type\":\"PropertyValueSpecification\",\"valueRequired\":true,\"valueName\":\"search_term_string\"}}],\"inLanguage\":\"tr\"},{\"@type\":\"Organization\",\"@id\":\"https:\\\/\\\/memurunsesi.net\\\/#organization\",\"name\":\"Memurun Sesi\",\"url\":\"https:\\\/\\\/memurunsesi.net\\\/\",\"logo\":{\"@type\":\"ImageObject\",\"inLanguage\":\"tr\",\"@id\":\"https:\\\/\\\/memurunsesi.net\\\/#\\\/schema\\\/logo\\\/image\\\/\",\"url\":\"https:\\\/\\\/memurunsesi.net\\\/wp-content\\\/uploads\\\/2025\\\/11\\\/cropped-MEMURUN-SESI.png\",\"contentUrl\":\"https:\\\/\\\/memurunsesi.net\\\/wp-content\\\/uploads\\\/2025\\\/11\\\/cropped-MEMURUN-SESI.png\",\"width\":238,\"height\":57,\"caption\":\"Memurun Sesi\"},\"image\":{\"@id\":\"https:\\\/\\\/memurunsesi.net\\\/#\\\/schema\\\/logo\\\/image\\\/\"},\"sameAs\":[\"https:\\\/\\\/www.facebook.com\\\/unipersen\\\/?locale=tr_TR\",\"https:\\\/\\\/x.com\\\/unipersen\"]},{\"@type\":\"Person\",\"@id\":\"https:\\\/\\\/memurunsesi.net\\\/#\\\/schema\\\/person\\\/f21c2d73b89f6ee1d80b0a1803e38587\",\"name\":\"Memurun Sesi Haber Merkezi\",\"image\":{\"@type\":\"ImageObject\",\"inLanguage\":\"tr\",\"@id\":\"https:\\\/\\\/secure.gravatar.com\\\/avatar\\\/6cf0505f452ee753f485014986fab09a434671d2b919ee76fc541025c5876a70?s=96&d=mm&r=g\",\"url\":\"https:\\\/\\\/secure.gravatar.com\\\/avatar\\\/6cf0505f452ee753f485014986fab09a434671d2b919ee76fc541025c5876a70?s=96&d=mm&r=g\",\"contentUrl\":\"https:\\\/\\\/secure.gravatar.com\\\/avatar\\\/6cf0505f452ee753f485014986fab09a434671d2b919ee76fc541025c5876a70?s=96&d=mm&r=g\",\"caption\":\"Memurun Sesi Haber Merkezi\"},\"sameAs\":[\"https:\\\/\\\/memurunsesi.net\"],\"url\":\"https:\\\/\\\/memurunsesi.net\\\/index.php\\\/author\\\/uniper\\\/\"}]}<\/script>\n<!-- \/ Yoast SEO plugin. -->","yoast_head_json":{"title":"Emek\u00e7i kad\u0131nlar\u0131 a\u011flatan kutlama: \"Hayat\u0131mda hi\u00e7 tatmad\u0131\u011f\u0131m bir duyguydu\" - Memurun Sesi","robots":{"index":"index","follow":"follow","max-snippet":"max-snippet:-1","max-image-preview":"max-image-preview:large","max-video-preview":"max-video-preview:-1"},"canonical":"https:\/\/memurunsesi.net\/index.php\/2025\/03\/07\/emekci-kadinlari-aglatan-kutlama-hayatimda-hic-tatmadigim-bir-duyguydu\/","og_locale":"tr_TR","og_type":"article","og_title":"Emek\u00e7i kad\u0131nlar\u0131 a\u011flatan kutlama: \"Hayat\u0131mda hi\u00e7 tatmad\u0131\u011f\u0131m bir duyguydu\" - Memurun Sesi","og_description":"&#8211; LED ekranda e\u015flerinden gelen mesajlar\u0131 g\u00f6rd\u00fcler &#8211; &#8220;70 ya\u015f\u0131ma geldim, b\u00f6yle bir \u015fey g\u00f6rmedim&#8221; D\u00fczce Belediyesi, 8 Mart D\u00fcnya Kad\u0131nlar G\u00fcn\u00fc&#8217;n\u00fc anlaml\u0131 ve duygu y\u00fckl\u00fc bir s\u00fcrprizle kutlad\u0131. Park ve Bah\u00e7eler M\u00fcd\u00fcrl\u00fc\u011f\u00fc&#8217;nde g\u00f6rev yapan kad\u0131nlar, peyzaj \u00e7al\u0131\u015fmas\u0131 yaparken hi\u00e7 beklemedikleri bir anda LED ekranda e\u015flerinin duygu dolu mesajlar\u0131yla kar\u015f\u0131la\u015ft\u0131. E\u015flerinin onlara olan sevgisi ve [&hellip;]","og_url":"https:\/\/memurunsesi.net\/index.php\/2025\/03\/07\/emekci-kadinlari-aglatan-kutlama-hayatimda-hic-tatmadigim-bir-duyguydu\/","og_site_name":"Memurun Sesi","article_publisher":"https:\/\/www.facebook.com\/unipersen\/?locale=tr_TR","article_published_time":"2025-03-07T06:09:42+00:00","og_image":[{"width":1600,"height":1201,"url":"https:\/\/memurunsesi.net\/wp-content\/uploads\/2025\/03\/AW406850_04.jpg","type":"image\/jpeg"}],"author":"Memurun Sesi Haber Merkezi","twitter_card":"summary_large_image","twitter_creator":"@unipersen","twitter_site":"@unipersen","twitter_misc":{"Yazan:":"Memurun Sesi Haber Merkezi","Tahmini okuma s\u00fcresi":"2 dakika"},"schema":{"@context":"https:\/\/schema.org","@graph":[{"@type":"Article","@id":"https:\/\/memurunsesi.net\/index.php\/2025\/03\/07\/emekci-kadinlari-aglatan-kutlama-hayatimda-hic-tatmadigim-bir-duyguydu\/#article","isPartOf":{"@id":"https:\/\/memurunsesi.net\/index.php\/2025\/03\/07\/emekci-kadinlari-aglatan-kutlama-hayatimda-hic-tatmadigim-bir-duyguydu\/"},"author":{"name":"Memurun Sesi Haber Merkezi","@id":"https:\/\/memurunsesi.net\/#\/schema\/person\/f21c2d73b89f6ee1d80b0a1803e38587"},"headline":"Emek\u00e7i kad\u0131nlar\u0131 a\u011flatan kutlama: &#8220;Hayat\u0131mda hi\u00e7 tatmad\u0131\u011f\u0131m bir duyguydu&#8221;","datePublished":"2025-03-07T06:09:42+00:00","mainEntityOfPage":{"@id":"https:\/\/memurunsesi.net\/index.php\/2025\/03\/07\/emekci-kadinlari-aglatan-kutlama-hayatimda-hic-tatmadigim-bir-duyguydu\/"},"wordCount":495,"commentCount":0,"publisher":{"@id":"https:\/\/memurunsesi.net\/#organization"},"image":{"@id":"https:\/\/memurunsesi.net\/index.php\/2025\/03\/07\/emekci-kadinlari-aglatan-kutlama-hayatimda-hic-tatmadigim-bir-duyguydu\/#primaryimage"},"thumbnailUrl":"https:\/\/memurunsesi.net\/wp-content\/uploads\/2025\/03\/AW406850_04.jpg","inLanguage":"tr","potentialAction":[{"@type":"CommentAction","name":"Comment","target":["https:\/\/memurunsesi.net\/index.php\/2025\/03\/07\/emekci-kadinlari-aglatan-kutlama-hayatimda-hic-tatmadigim-bir-duyguydu\/#respond"]}]},{"@type":"WebPage","@id":"https:\/\/memurunsesi.net\/index.php\/2025\/03\/07\/emekci-kadinlari-aglatan-kutlama-hayatimda-hic-tatmadigim-bir-duyguydu\/","url":"https:\/\/memurunsesi.net\/index.php\/2025\/03\/07\/emekci-kadinlari-aglatan-kutlama-hayatimda-hic-tatmadigim-bir-duyguydu\/","name":"Emek\u00e7i kad\u0131nlar\u0131 a\u011flatan kutlama: \"Hayat\u0131mda hi\u00e7 tatmad\u0131\u011f\u0131m bir duyguydu\" - Memurun Sesi","isPartOf":{"@id":"https:\/\/memurunsesi.net\/#website"},"primaryImageOfPage":{"@id":"https:\/\/memurunsesi.net\/index.php\/2025\/03\/07\/emekci-kadinlari-aglatan-kutlama-hayatimda-hic-tatmadigim-bir-duyguydu\/#primaryimage"},"image":{"@id":"https:\/\/memurunsesi.net\/index.php\/2025\/03\/07\/emekci-kadinlari-aglatan-kutlama-hayatimda-hic-tatmadigim-bir-duyguydu\/#primaryimage"},"thumbnailUrl":"https:\/\/memurunsesi.net\/wp-content\/uploads\/2025\/03\/AW406850_04.jpg","datePublished":"2025-03-07T06:09:42+00:00","breadcrumb":{"@id":"https:\/\/memurunsesi.net\/index.php\/2025\/03\/07\/emekci-kadinlari-aglatan-kutlama-hayatimda-hic-tatmadigim-bir-duyguydu\/#breadcrumb"},"inLanguage":"tr","potentialAction":[{"@type":"ReadAction","target":["https:\/\/memurunsesi.net\/index.php\/2025\/03\/07\/emekci-kadinlari-aglatan-kutlama-hayatimda-hic-tatmadigim-bir-duyguydu\/"]}]},{"@type":"ImageObject","inLanguage":"tr","@id":"https:\/\/memurunsesi.net\/index.php\/2025\/03\/07\/emekci-kadinlari-aglatan-kutlama-hayatimda-hic-tatmadigim-bir-duyguydu\/#primaryimage","url":"https:\/\/memurunsesi.net\/wp-content\/uploads\/2025\/03\/AW406850_04.jpg","contentUrl":"https:\/\/memurunsesi.net\/wp-content\/uploads\/2025\/03\/AW406850_04.jpg","width":1600,"height":1201,"caption":"D\u00dcZCE BELED\u0130YES\u0130, 8 MART D\u00dcNYA KADINLAR G\u00dcN\u00dc'N\u00dc DUYGU Y\u00dcKL\u00dc VE ANLAMLI B\u0130R S\u00dcRPR\u0130ZLE KUTLADI. S\u00dcRPR\u0130ZDE, PARK VE BAH\u00c7ELER M\u00dcD\u00dcRL\u00dc\u011e\u00dc'NDE G\u00d6REV YAPAN KADINLAR M\u0130LLET BAH\u00c7ES\u0130'NDE PEYZAJ \u00c7ALI\u015eMASI YAPTI\u011eI ESNADA, LED EKRANDA E\u015eLER\u0130N\u0130N DUYGU DOLU MESAJLARIYLA KAR\u015eILA\u015eTI. E\u015eLER\u0130N\u0130N ONLARA OLAN SEVG\u0130S\u0130 VE TAKD\u0130R\u0130N\u0130 D\u0130LE GET\u0130RD\u0130\u011e\u0130 V\u0130DEOLAR, KADINLARI HEM \u015eA\u015eKINA \u00c7EV\u0130RD\u0130 HEM DE DUYGULANDIRDI. (AL\u0130 YILDIZ - SEL\u00c7UK AKYOL\/D\u00dcZCE-\u0130HA) D\u00fczce Belediyesi, 8 Mart D\u00fcnya Kad\u0131nlar G\u00fcn\u00fc'n\u00fc anlaml\u0131 ve duygu y\u00fckl\u00fc bir s\u00fcrprizle kutlad\u0131. Park ve Bah\u00e7eler M\u00fcd\u00fcrl\u00fc\u011f\u00fc'nde g\u00f6rev yapan kad\u0131nlar, peyzaj \u00e7al\u0131\u015fmas\u0131 yaparken hi\u00e7 beklemedikleri bir anda LED ekranda e\u015flerinin duygu dolu mesajlar\u0131yla kar\u015f\u0131la\u015ft\u0131. E\u015flerinin onlara olan sevgisi ve takdirini dile getirdi\u011fi videolar, kad\u0131nlar\u0131 hem \u015fa\u015f\u0131rtt\u0131 hem de duyguland\u0131rd\u0131."},{"@type":"BreadcrumbList","@id":"https:\/\/memurunsesi.net\/index.php\/2025\/03\/07\/emekci-kadinlari-aglatan-kutlama-hayatimda-hic-tatmadigim-bir-duyguydu\/#breadcrumb","itemListElement":[{"@type":"ListItem","position":1,"name":"Anasayfa","item":"https:\/\/memurunsesi.net\/"},{"@type":"ListItem","position":2,"name":"Emek\u00e7i kad\u0131nlar\u0131 a\u011flatan kutlama: &#8220;Hayat\u0131mda hi\u00e7 tatmad\u0131\u011f\u0131m bir duyguydu&#8221;"}]},{"@type":"WebSite","@id":"https:\/\/memurunsesi.net\/#website","url":"https:\/\/memurunsesi.net\/","name":"Memurun Sesi","description":"G\u00fcncel ve Do\u011fru Haber","publisher":{"@id":"https:\/\/memurunsesi.net\/#organization"},"potentialAction":[{"@type":"SearchAction","target":{"@type":"EntryPoint","urlTemplate":"https:\/\/memurunsesi.net\/?s={search_term_string}"},"query-input":{"@type":"PropertyValueSpecification","valueRequired":true,"valueName":"search_term_string"}}],"inLanguage":"tr"},{"@type":"Organization","@id":"https:\/\/memurunsesi.net\/#organization","name":"Memurun Sesi","url":"https:\/\/memurunsesi.net\/","logo":{"@type":"ImageObject","inLanguage":"tr","@id":"https:\/\/memurunsesi.net\/#\/schema\/logo\/image\/","url":"https:\/\/memurunsesi.net\/wp-content\/uploads\/2025\/11\/cropped-MEMURUN-SESI.png","contentUrl":"https:\/\/memurunsesi.net\/wp-content\/uploads\/2025\/11\/cropped-MEMURUN-SESI.png","width":238,"height":57,"caption":"Memurun Sesi"},"image":{"@id":"https:\/\/memurunsesi.net\/#\/schema\/logo\/image\/"},"sameAs":["https:\/\/www.facebook.com\/unipersen\/?locale=tr_TR","https:\/\/x.com\/unipersen"]},{"@type":"Person","@id":"https:\/\/memurunsesi.net\/#\/schema\/person\/f21c2d73b89f6ee1d80b0a1803e38587","name":"Memurun Sesi Haber Merkezi","image":{"@type":"ImageObject","inLanguage":"tr","@id":"https:\/\/secure.gravatar.com\/avatar\/6cf0505f452ee753f485014986fab09a434671d2b919ee76fc541025c5876a70?s=96&d=mm&r=g","url":"https:\/\/secure.gravatar.com\/avatar\/6cf0505f452ee753f485014986fab09a434671d2b919ee76fc541025c5876a70?s=96&d=mm&r=g","contentUrl":"https:\/\/secure.gravatar.com\/avatar\/6cf0505f452ee753f485014986fab09a434671d2b919ee76fc541025c5876a70?s=96&d=mm&r=g","caption":"Memurun Sesi Haber Merkezi"},"sameAs":["https:\/\/memurunsesi.net"],"url":"https:\/\/memurunsesi.net\/index.php\/author\/uniper\/"}]}},"_links":{"self":[{"href":"https:\/\/memurunsesi.net\/index.php\/wp-json\/wp\/v2\/posts\/3992","targetHints":{"allow":["GET"]}}],"collection":[{"href":"https:\/\/memurunsesi.net\/index.php\/wp-json\/wp\/v2\/posts"}],"about":[{"href":"https:\/\/memurunsesi.net\/index.php\/wp-json\/wp\/v2\/types\/post"}],"author":[{"embeddable":true,"href":"https:\/\/memurunsesi.net\/index.php\/wp-json\/wp\/v2\/users\/1"}],"replies":[{"embeddable":true,"href":"https:\/\/memurunsesi.net\/index.php\/wp-json\/wp\/v2\/comments?post=3992"}],"version-history":[{"count":1,"href":"https:\/\/memurunsesi.net\/index.php\/wp-json\/wp\/v2\/posts\/3992\/revisions"}],"predecessor-version":[{"id":3994,"href":"https:\/\/memurunsesi.net\/index.php\/wp-json\/wp\/v2\/posts\/3992\/revisions\/3994"}],"wp:featuredmedia":[{"embeddable":true,"href":"https:\/\/memurunsesi.net\/index.php\/wp-json\/wp\/v2\/media\/3993"}],"wp:attachment":[{"href":"https:\/\/memurunsesi.net\/index.php\/wp-json\/wp\/v2\/media?parent=3992"}],"wp:term":[{"taxonomy":"category","embeddable":true,"href":"https:\/\/memurunsesi.net\/index.php\/wp-json\/wp\/v2\/categories?post=3992"},{"taxonomy":"post_tag","embeddable":true,"href":"https:\/\/memurunsesi.net\/index.php\/wp-json\/wp\/v2\/tags?post=3992"}],"curies":[{"name":"wp","href":"https:\/\/api.w.org\/{rel}","templated":true}]}}