{"id":3995,"date":"2025-03-07T09:11:27","date_gmt":"2025-03-07T06:11:27","guid":{"rendered":"https:\/\/memurunsesi.net\/?p=3995"},"modified":"2025-03-07T09:11:27","modified_gmt":"2025-03-07T06:11:27","slug":"elazig-valisi-hatipoglundan-vatandaslara-cagri","status":"publish","type":"post","link":"https:\/\/memurunsesi.net\/index.php\/2025\/03\/07\/elazig-valisi-hatipoglundan-vatandaslara-cagri\/","title":{"rendered":"Elaz\u0131\u011f Valisi Hatipo\u011flu\u2019ndan vatanda\u015flara \u00e7a\u011fr\u0131"},"content":{"rendered":"<p> Elaz\u0131\u011f Valisi Numan Hatipo\u011flu abart egzoz ve y\u00fcksek ses yapan motosikletlerin \u015fikayetleri ile ilgili vatanda\u015flara \u00e7a\u011fr\u0131da bulunarak bu t\u00fcr durumlarda ihbarda bulunmalar\u0131n\u0131 istedi.<br \/>\n  Elaz\u0131\u011f Valisi Numan Hatipo\u011flu sosyal medya hesab\u0131ndan yapt\u0131\u011f\u0131 a\u00e7\u0131klamada, &#8220;K\u0131ymetli Elaz\u0131\u011fl\u0131 hem\u015fehrilerim, emniyetimizin yo\u011fun m\u00fccadelesine ra\u011fmen son zamanlarda abart egzoz ve y\u00fcksek ses yapan motosikletlerin g\u00fcr\u00fclt\u00fcs\u00fc taraf\u0131ma \u015fikayet olarak iletilmektedir. Bu noktada sizlerden dayan\u0131\u015fma talep ediyor ve bu t\u00fcr durumlar\u0131 bir vatanda\u015fl\u0131k g\u00f6revi olarak ihbar etmenizi rica ediyorum. Elaz\u0131\u011fl\u0131l\u0131k k\u00fclt\u00fcr\u00fc ile zerrece uyu\u015fmayan bu davran\u0131\u015flarla hep birlikte m\u00fccadele edebiliriz. Gen\u00e7ler, anne, babalar\u0131n\u0131z, kom\u015funuz veya ses yapt\u0131\u011f\u0131n\u0131z yerlerde hastalar\u0131m\u0131z olabilir, \u00e7ocuklar\u0131m\u0131z uyuyor olabilir. Biraz empati yapal\u0131m l\u00fctfen. L\u00fctfen bu t\u00fcrden davran\u0131\u015flara kar\u015f\u0131 112\u2019yi aray\u0131n&#8221; c\u00fcmlelerine yer verdi. <\/p>\n<p>7.03.2025                      <\/p>\n","protected":false},"excerpt":{"rendered":"<p>Elaz\u0131\u011f Valisi Numan Hatipo\u011flu abart egzoz ve y\u00fcksek ses yapan motosikletlerin \u015fikayetleri ile ilgili vatanda\u015flara \u00e7a\u011fr\u0131da bulunarak bu t\u00fcr durumlarda ihbarda bulunmalar\u0131n\u0131 istedi. Elaz\u0131\u011f Valisi Numan Hatipo\u011flu sosyal medya hesab\u0131ndan yapt\u0131\u011f\u0131 a\u00e7\u0131klamada, &#8220;K\u0131ymetli Elaz\u0131\u011fl\u0131 hem\u015fehrilerim, emniyetimizin yo\u011fun m\u00fccadelesine ra\u011fmen son zamanlarda abart egzoz ve y\u00fcksek ses yapan motosikletlerin g\u00fcr\u00fclt\u00fcs\u00fc taraf\u0131ma \u015fikayet olarak iletilmektedir. Bu noktada [&hellip;]<\/p>\n","protected":false},"author":1,"featured_media":3996,"comment_status":"open","ping_status":"open","sticky":false,"template":"","format":"standard","meta":{"footnotes":""},"categories":[1],"tags":[],"class_list":["post-3995","post","type-post","status-publish","format-standard","has-post-thumbnail","hentry","category-genel"],"yoast_head":"<!-- This site is optimized with the Yoast SEO plugin v27.4 - https:\/\/yoast.com\/product\/yoast-seo-wordpress\/ -->\n<title>Elaz\u0131\u011f Valisi Hatipo\u011flu\u2019ndan vatanda\u015flara \u00e7a\u011fr\u0131 - Memurun Sesi<\/title>\n<meta name=\"robots\" content=\"index, follow, max-snippet:-1, max-image-preview:large, max-video-preview:-1\" \/>\n<link rel=\"canonical\" href=\"https:\/\/memurunsesi.net\/index.php\/2025\/03\/07\/elazig-valisi-hatipoglundan-vatandaslara-cagri\/\" \/>\n<meta property=\"og:locale\" content=\"tr_TR\" \/>\n<meta property=\"og:type\" content=\"article\" \/>\n<meta property=\"og:title\" content=\"Elaz\u0131\u011f Valisi Hatipo\u011flu\u2019ndan vatanda\u015flara \u00e7a\u011fr\u0131 - Memurun Sesi\" \/>\n<meta property=\"og:description\" content=\"Elaz\u0131\u011f Valisi Numan Hatipo\u011flu abart egzoz ve y\u00fcksek ses yapan motosikletlerin \u015fikayetleri ile ilgili vatanda\u015flara \u00e7a\u011fr\u0131da bulunarak bu t\u00fcr durumlarda ihbarda bulunmalar\u0131n\u0131 istedi. Elaz\u0131\u011f Valisi Numan Hatipo\u011flu sosyal medya hesab\u0131ndan yapt\u0131\u011f\u0131 a\u00e7\u0131klamada, &#8220;K\u0131ymetli Elaz\u0131\u011fl\u0131 hem\u015fehrilerim, emniyetimizin yo\u011fun m\u00fccadelesine ra\u011fmen son zamanlarda abart egzoz ve y\u00fcksek ses yapan motosikletlerin g\u00fcr\u00fclt\u00fcs\u00fc taraf\u0131ma \u015fikayet olarak iletilmektedir. Bu noktada [&hellip;]\" \/>\n<meta property=\"og:url\" content=\"https:\/\/memurunsesi.net\/index.php\/2025\/03\/07\/elazig-valisi-hatipoglundan-vatandaslara-cagri\/\" \/>\n<meta property=\"og:site_name\" content=\"Memurun Sesi\" \/>\n<meta property=\"article:publisher\" content=\"https:\/\/www.facebook.com\/unipersen\/?locale=tr_TR\" \/>\n<meta property=\"article:published_time\" content=\"2025-03-07T06:11:27+00:00\" \/>\n<meta property=\"og:image\" content=\"https:\/\/memurunsesi.net\/wp-content\/uploads\/2025\/03\/AW406849_01.jpg\" \/>\n\t<meta property=\"og:image:width\" content=\"828\" \/>\n\t<meta property=\"og:image:height\" content=\"1176\" \/>\n\t<meta property=\"og:image:type\" content=\"image\/jpeg\" \/>\n<meta name=\"author\" content=\"Memurun Sesi Haber Merkezi\" \/>\n<meta name=\"twitter:card\" content=\"summary_large_image\" \/>\n<meta name=\"twitter:creator\" content=\"@unipersen\" \/>\n<meta name=\"twitter:site\" content=\"@unipersen\" \/>\n<meta name=\"twitter:label1\" content=\"Yazan:\" \/>\n\t<meta name=\"twitter:data1\" content=\"Memurun Sesi Haber Merkezi\" \/>\n\t<meta name=\"twitter:label2\" content=\"Tahmini okuma s\u00fcresi\" \/>\n\t<meta name=\"twitter:data2\" content=\"1 dakika\" \/>\n<script type=\"application\/ld+json\" class=\"yoast-schema-graph\">{\"@context\":\"https:\\\/\\\/schema.org\",\"@graph\":[{\"@type\":\"Article\",\"@id\":\"https:\\\/\\\/memurunsesi.net\\\/index.php\\\/2025\\\/03\\\/07\\\/elazig-valisi-hatipoglundan-vatandaslara-cagri\\\/#article\",\"isPartOf\":{\"@id\":\"https:\\\/\\\/memurunsesi.net\\\/index.php\\\/2025\\\/03\\\/07\\\/elazig-valisi-hatipoglundan-vatandaslara-cagri\\\/\"},\"author\":{\"name\":\"Memurun Sesi Haber Merkezi\",\"@id\":\"https:\\\/\\\/memurunsesi.net\\\/#\\\/schema\\\/person\\\/f21c2d73b89f6ee1d80b0a1803e38587\"},\"headline\":\"Elaz\u0131\u011f Valisi Hatipo\u011flu\u2019ndan vatanda\u015flara \u00e7a\u011fr\u0131\",\"datePublished\":\"2025-03-07T06:11:27+00:00\",\"mainEntityOfPage\":{\"@id\":\"https:\\\/\\\/memurunsesi.net\\\/index.php\\\/2025\\\/03\\\/07\\\/elazig-valisi-hatipoglundan-vatandaslara-cagri\\\/\"},\"wordCount\":169,\"commentCount\":0,\"publisher\":{\"@id\":\"https:\\\/\\\/memurunsesi.net\\\/#organization\"},\"image\":{\"@id\":\"https:\\\/\\\/memurunsesi.net\\\/index.php\\\/2025\\\/03\\\/07\\\/elazig-valisi-hatipoglundan-vatandaslara-cagri\\\/#primaryimage\"},\"thumbnailUrl\":\"https:\\\/\\\/memurunsesi.net\\\/wp-content\\\/uploads\\\/2025\\\/03\\\/AW406849_01.jpg\",\"inLanguage\":\"tr\",\"potentialAction\":[{\"@type\":\"CommentAction\",\"name\":\"Comment\",\"target\":[\"https:\\\/\\\/memurunsesi.net\\\/index.php\\\/2025\\\/03\\\/07\\\/elazig-valisi-hatipoglundan-vatandaslara-cagri\\\/#respond\"]}]},{\"@type\":\"WebPage\",\"@id\":\"https:\\\/\\\/memurunsesi.net\\\/index.php\\\/2025\\\/03\\\/07\\\/elazig-valisi-hatipoglundan-vatandaslara-cagri\\\/\",\"url\":\"https:\\\/\\\/memurunsesi.net\\\/index.php\\\/2025\\\/03\\\/07\\\/elazig-valisi-hatipoglundan-vatandaslara-cagri\\\/\",\"name\":\"Elaz\u0131\u011f Valisi Hatipo\u011flu\u2019ndan vatanda\u015flara \u00e7a\u011fr\u0131 - Memurun Sesi\",\"isPartOf\":{\"@id\":\"https:\\\/\\\/memurunsesi.net\\\/#website\"},\"primaryImageOfPage\":{\"@id\":\"https:\\\/\\\/memurunsesi.net\\\/index.php\\\/2025\\\/03\\\/07\\\/elazig-valisi-hatipoglundan-vatandaslara-cagri\\\/#primaryimage\"},\"image\":{\"@id\":\"https:\\\/\\\/memurunsesi.net\\\/index.php\\\/2025\\\/03\\\/07\\\/elazig-valisi-hatipoglundan-vatandaslara-cagri\\\/#primaryimage\"},\"thumbnailUrl\":\"https:\\\/\\\/memurunsesi.net\\\/wp-content\\\/uploads\\\/2025\\\/03\\\/AW406849_01.jpg\",\"datePublished\":\"2025-03-07T06:11:27+00:00\",\"breadcrumb\":{\"@id\":\"https:\\\/\\\/memurunsesi.net\\\/index.php\\\/2025\\\/03\\\/07\\\/elazig-valisi-hatipoglundan-vatandaslara-cagri\\\/#breadcrumb\"},\"inLanguage\":\"tr\",\"potentialAction\":[{\"@type\":\"ReadAction\",\"target\":[\"https:\\\/\\\/memurunsesi.net\\\/index.php\\\/2025\\\/03\\\/07\\\/elazig-valisi-hatipoglundan-vatandaslara-cagri\\\/\"]}]},{\"@type\":\"ImageObject\",\"inLanguage\":\"tr\",\"@id\":\"https:\\\/\\\/memurunsesi.net\\\/index.php\\\/2025\\\/03\\\/07\\\/elazig-valisi-hatipoglundan-vatandaslara-cagri\\\/#primaryimage\",\"url\":\"https:\\\/\\\/memurunsesi.net\\\/wp-content\\\/uploads\\\/2025\\\/03\\\/AW406849_01.jpg\",\"contentUrl\":\"https:\\\/\\\/memurunsesi.net\\\/wp-content\\\/uploads\\\/2025\\\/03\\\/AW406849_01.jpg\",\"width\":828,\"height\":1176,\"caption\":\"ELAZI\u011e VAL\u0130S\u0130 NUMAN HAT\u0130PO\u011eLU ABARTI EGSOZ VE Y\u00dcKSEK SES YAPAN MOTOS\u0130KLETLER\u0130N \u015e\u0130KAYETLER\u0130 \u0130LE \u0130LG\u0130L\u0130 VATANDA\u015eLARA \u00c7A\u011eRIDA BULUNARAK BU T\u00dcR DURUMLARDA \u0130HBARDA BULUNMALARINI \u0130STED\u0130 (ERKAN BAY\\\/ELAZI\u011e-\u0130HA) Elaz\u0131\u011f Valisi Numan Hatipo\u011flu abart egzoz ve y\u00fcksek ses yapan motosikletlerin \u015fikayetleri ile ilgili vatanda\u015flara \u00e7a\u011fr\u0131da bulunarak bu t\u00fcr durumlarda ihbarda bulunmalar\u0131n\u0131 istedi.\"},{\"@type\":\"BreadcrumbList\",\"@id\":\"https:\\\/\\\/memurunsesi.net\\\/index.php\\\/2025\\\/03\\\/07\\\/elazig-valisi-hatipoglundan-vatandaslara-cagri\\\/#breadcrumb\",\"itemListElement\":[{\"@type\":\"ListItem\",\"position\":1,\"name\":\"Anasayfa\",\"item\":\"https:\\\/\\\/memurunsesi.net\\\/\"},{\"@type\":\"ListItem\",\"position\":2,\"name\":\"Elaz\u0131\u011f Valisi Hatipo\u011flu\u2019ndan vatanda\u015flara \u00e7a\u011fr\u0131\"}]},{\"@type\":\"WebSite\",\"@id\":\"https:\\\/\\\/memurunsesi.net\\\/#website\",\"url\":\"https:\\\/\\\/memurunsesi.net\\\/\",\"name\":\"Memurun Sesi\",\"description\":\"G\u00fcncel ve Do\u011fru Haber\",\"publisher\":{\"@id\":\"https:\\\/\\\/memurunsesi.net\\\/#organization\"},\"potentialAction\":[{\"@type\":\"SearchAction\",\"target\":{\"@type\":\"EntryPoint\",\"urlTemplate\":\"https:\\\/\\\/memurunsesi.net\\\/?s={search_term_string}\"},\"query-input\":{\"@type\":\"PropertyValueSpecification\",\"valueRequired\":true,\"valueName\":\"search_term_string\"}}],\"inLanguage\":\"tr\"},{\"@type\":\"Organization\",\"@id\":\"https:\\\/\\\/memurunsesi.net\\\/#organization\",\"name\":\"Memurun Sesi\",\"url\":\"https:\\\/\\\/memurunsesi.net\\\/\",\"logo\":{\"@type\":\"ImageObject\",\"inLanguage\":\"tr\",\"@id\":\"https:\\\/\\\/memurunsesi.net\\\/#\\\/schema\\\/logo\\\/image\\\/\",\"url\":\"https:\\\/\\\/memurunsesi.net\\\/wp-content\\\/uploads\\\/2025\\\/11\\\/cropped-MEMURUN-SESI.png\",\"contentUrl\":\"https:\\\/\\\/memurunsesi.net\\\/wp-content\\\/uploads\\\/2025\\\/11\\\/cropped-MEMURUN-SESI.png\",\"width\":238,\"height\":57,\"caption\":\"Memurun Sesi\"},\"image\":{\"@id\":\"https:\\\/\\\/memurunsesi.net\\\/#\\\/schema\\\/logo\\\/image\\\/\"},\"sameAs\":[\"https:\\\/\\\/www.facebook.com\\\/unipersen\\\/?locale=tr_TR\",\"https:\\\/\\\/x.com\\\/unipersen\"]},{\"@type\":\"Person\",\"@id\":\"https:\\\/\\\/memurunsesi.net\\\/#\\\/schema\\\/person\\\/f21c2d73b89f6ee1d80b0a1803e38587\",\"name\":\"Memurun Sesi Haber Merkezi\",\"image\":{\"@type\":\"ImageObject\",\"inLanguage\":\"tr\",\"@id\":\"https:\\\/\\\/secure.gravatar.com\\\/avatar\\\/6cf0505f452ee753f485014986fab09a434671d2b919ee76fc541025c5876a70?s=96&d=mm&r=g\",\"url\":\"https:\\\/\\\/secure.gravatar.com\\\/avatar\\\/6cf0505f452ee753f485014986fab09a434671d2b919ee76fc541025c5876a70?s=96&d=mm&r=g\",\"contentUrl\":\"https:\\\/\\\/secure.gravatar.com\\\/avatar\\\/6cf0505f452ee753f485014986fab09a434671d2b919ee76fc541025c5876a70?s=96&d=mm&r=g\",\"caption\":\"Memurun Sesi Haber Merkezi\"},\"sameAs\":[\"https:\\\/\\\/memurunsesi.net\"],\"url\":\"https:\\\/\\\/memurunsesi.net\\\/index.php\\\/author\\\/uniper\\\/\"}]}<\/script>\n<!-- \/ Yoast SEO plugin. -->","yoast_head_json":{"title":"Elaz\u0131\u011f Valisi Hatipo\u011flu\u2019ndan vatanda\u015flara \u00e7a\u011fr\u0131 - Memurun Sesi","robots":{"index":"index","follow":"follow","max-snippet":"max-snippet:-1","max-image-preview":"max-image-preview:large","max-video-preview":"max-video-preview:-1"},"canonical":"https:\/\/memurunsesi.net\/index.php\/2025\/03\/07\/elazig-valisi-hatipoglundan-vatandaslara-cagri\/","og_locale":"tr_TR","og_type":"article","og_title":"Elaz\u0131\u011f Valisi Hatipo\u011flu\u2019ndan vatanda\u015flara \u00e7a\u011fr\u0131 - Memurun Sesi","og_description":"Elaz\u0131\u011f Valisi Numan Hatipo\u011flu abart egzoz ve y\u00fcksek ses yapan motosikletlerin \u015fikayetleri ile ilgili vatanda\u015flara \u00e7a\u011fr\u0131da bulunarak bu t\u00fcr durumlarda ihbarda bulunmalar\u0131n\u0131 istedi. Elaz\u0131\u011f Valisi Numan Hatipo\u011flu sosyal medya hesab\u0131ndan yapt\u0131\u011f\u0131 a\u00e7\u0131klamada, &#8220;K\u0131ymetli Elaz\u0131\u011fl\u0131 hem\u015fehrilerim, emniyetimizin yo\u011fun m\u00fccadelesine ra\u011fmen son zamanlarda abart egzoz ve y\u00fcksek ses yapan motosikletlerin g\u00fcr\u00fclt\u00fcs\u00fc taraf\u0131ma \u015fikayet olarak iletilmektedir. Bu noktada [&hellip;]","og_url":"https:\/\/memurunsesi.net\/index.php\/2025\/03\/07\/elazig-valisi-hatipoglundan-vatandaslara-cagri\/","og_site_name":"Memurun Sesi","article_publisher":"https:\/\/www.facebook.com\/unipersen\/?locale=tr_TR","article_published_time":"2025-03-07T06:11:27+00:00","og_image":[{"width":828,"height":1176,"url":"https:\/\/memurunsesi.net\/wp-content\/uploads\/2025\/03\/AW406849_01.jpg","type":"image\/jpeg"}],"author":"Memurun Sesi Haber Merkezi","twitter_card":"summary_large_image","twitter_creator":"@unipersen","twitter_site":"@unipersen","twitter_misc":{"Yazan:":"Memurun Sesi Haber Merkezi","Tahmini okuma s\u00fcresi":"1 dakika"},"schema":{"@context":"https:\/\/schema.org","@graph":[{"@type":"Article","@id":"https:\/\/memurunsesi.net\/index.php\/2025\/03\/07\/elazig-valisi-hatipoglundan-vatandaslara-cagri\/#article","isPartOf":{"@id":"https:\/\/memurunsesi.net\/index.php\/2025\/03\/07\/elazig-valisi-hatipoglundan-vatandaslara-cagri\/"},"author":{"name":"Memurun Sesi Haber Merkezi","@id":"https:\/\/memurunsesi.net\/#\/schema\/person\/f21c2d73b89f6ee1d80b0a1803e38587"},"headline":"Elaz\u0131\u011f Valisi Hatipo\u011flu\u2019ndan vatanda\u015flara \u00e7a\u011fr\u0131","datePublished":"2025-03-07T06:11:27+00:00","mainEntityOfPage":{"@id":"https:\/\/memurunsesi.net\/index.php\/2025\/03\/07\/elazig-valisi-hatipoglundan-vatandaslara-cagri\/"},"wordCount":169,"commentCount":0,"publisher":{"@id":"https:\/\/memurunsesi.net\/#organization"},"image":{"@id":"https:\/\/memurunsesi.net\/index.php\/2025\/03\/07\/elazig-valisi-hatipoglundan-vatandaslara-cagri\/#primaryimage"},"thumbnailUrl":"https:\/\/memurunsesi.net\/wp-content\/uploads\/2025\/03\/AW406849_01.jpg","inLanguage":"tr","potentialAction":[{"@type":"CommentAction","name":"Comment","target":["https:\/\/memurunsesi.net\/index.php\/2025\/03\/07\/elazig-valisi-hatipoglundan-vatandaslara-cagri\/#respond"]}]},{"@type":"WebPage","@id":"https:\/\/memurunsesi.net\/index.php\/2025\/03\/07\/elazig-valisi-hatipoglundan-vatandaslara-cagri\/","url":"https:\/\/memurunsesi.net\/index.php\/2025\/03\/07\/elazig-valisi-hatipoglundan-vatandaslara-cagri\/","name":"Elaz\u0131\u011f Valisi Hatipo\u011flu\u2019ndan vatanda\u015flara \u00e7a\u011fr\u0131 - Memurun Sesi","isPartOf":{"@id":"https:\/\/memurunsesi.net\/#website"},"primaryImageOfPage":{"@id":"https:\/\/memurunsesi.net\/index.php\/2025\/03\/07\/elazig-valisi-hatipoglundan-vatandaslara-cagri\/#primaryimage"},"image":{"@id":"https:\/\/memurunsesi.net\/index.php\/2025\/03\/07\/elazig-valisi-hatipoglundan-vatandaslara-cagri\/#primaryimage"},"thumbnailUrl":"https:\/\/memurunsesi.net\/wp-content\/uploads\/2025\/03\/AW406849_01.jpg","datePublished":"2025-03-07T06:11:27+00:00","breadcrumb":{"@id":"https:\/\/memurunsesi.net\/index.php\/2025\/03\/07\/elazig-valisi-hatipoglundan-vatandaslara-cagri\/#breadcrumb"},"inLanguage":"tr","potentialAction":[{"@type":"ReadAction","target":["https:\/\/memurunsesi.net\/index.php\/2025\/03\/07\/elazig-valisi-hatipoglundan-vatandaslara-cagri\/"]}]},{"@type":"ImageObject","inLanguage":"tr","@id":"https:\/\/memurunsesi.net\/index.php\/2025\/03\/07\/elazig-valisi-hatipoglundan-vatandaslara-cagri\/#primaryimage","url":"https:\/\/memurunsesi.net\/wp-content\/uploads\/2025\/03\/AW406849_01.jpg","contentUrl":"https:\/\/memurunsesi.net\/wp-content\/uploads\/2025\/03\/AW406849_01.jpg","width":828,"height":1176,"caption":"ELAZI\u011e VAL\u0130S\u0130 NUMAN HAT\u0130PO\u011eLU ABARTI EGSOZ VE Y\u00dcKSEK SES YAPAN MOTOS\u0130KLETLER\u0130N \u015e\u0130KAYETLER\u0130 \u0130LE \u0130LG\u0130L\u0130 VATANDA\u015eLARA \u00c7A\u011eRIDA BULUNARAK BU T\u00dcR DURUMLARDA \u0130HBARDA BULUNMALARINI \u0130STED\u0130 (ERKAN BAY\/ELAZI\u011e-\u0130HA) Elaz\u0131\u011f Valisi Numan Hatipo\u011flu abart egzoz ve y\u00fcksek ses yapan motosikletlerin \u015fikayetleri ile ilgili vatanda\u015flara \u00e7a\u011fr\u0131da bulunarak bu t\u00fcr durumlarda ihbarda bulunmalar\u0131n\u0131 istedi."},{"@type":"BreadcrumbList","@id":"https:\/\/memurunsesi.net\/index.php\/2025\/03\/07\/elazig-valisi-hatipoglundan-vatandaslara-cagri\/#breadcrumb","itemListElement":[{"@type":"ListItem","position":1,"name":"Anasayfa","item":"https:\/\/memurunsesi.net\/"},{"@type":"ListItem","position":2,"name":"Elaz\u0131\u011f Valisi Hatipo\u011flu\u2019ndan vatanda\u015flara \u00e7a\u011fr\u0131"}]},{"@type":"WebSite","@id":"https:\/\/memurunsesi.net\/#website","url":"https:\/\/memurunsesi.net\/","name":"Memurun Sesi","description":"G\u00fcncel ve Do\u011fru Haber","publisher":{"@id":"https:\/\/memurunsesi.net\/#organization"},"potentialAction":[{"@type":"SearchAction","target":{"@type":"EntryPoint","urlTemplate":"https:\/\/memurunsesi.net\/?s={search_term_string}"},"query-input":{"@type":"PropertyValueSpecification","valueRequired":true,"valueName":"search_term_string"}}],"inLanguage":"tr"},{"@type":"Organization","@id":"https:\/\/memurunsesi.net\/#organization","name":"Memurun Sesi","url":"https:\/\/memurunsesi.net\/","logo":{"@type":"ImageObject","inLanguage":"tr","@id":"https:\/\/memurunsesi.net\/#\/schema\/logo\/image\/","url":"https:\/\/memurunsesi.net\/wp-content\/uploads\/2025\/11\/cropped-MEMURUN-SESI.png","contentUrl":"https:\/\/memurunsesi.net\/wp-content\/uploads\/2025\/11\/cropped-MEMURUN-SESI.png","width":238,"height":57,"caption":"Memurun Sesi"},"image":{"@id":"https:\/\/memurunsesi.net\/#\/schema\/logo\/image\/"},"sameAs":["https:\/\/www.facebook.com\/unipersen\/?locale=tr_TR","https:\/\/x.com\/unipersen"]},{"@type":"Person","@id":"https:\/\/memurunsesi.net\/#\/schema\/person\/f21c2d73b89f6ee1d80b0a1803e38587","name":"Memurun Sesi Haber Merkezi","image":{"@type":"ImageObject","inLanguage":"tr","@id":"https:\/\/secure.gravatar.com\/avatar\/6cf0505f452ee753f485014986fab09a434671d2b919ee76fc541025c5876a70?s=96&d=mm&r=g","url":"https:\/\/secure.gravatar.com\/avatar\/6cf0505f452ee753f485014986fab09a434671d2b919ee76fc541025c5876a70?s=96&d=mm&r=g","contentUrl":"https:\/\/secure.gravatar.com\/avatar\/6cf0505f452ee753f485014986fab09a434671d2b919ee76fc541025c5876a70?s=96&d=mm&r=g","caption":"Memurun Sesi Haber Merkezi"},"sameAs":["https:\/\/memurunsesi.net"],"url":"https:\/\/memurunsesi.net\/index.php\/author\/uniper\/"}]}},"_links":{"self":[{"href":"https:\/\/memurunsesi.net\/index.php\/wp-json\/wp\/v2\/posts\/3995","targetHints":{"allow":["GET"]}}],"collection":[{"href":"https:\/\/memurunsesi.net\/index.php\/wp-json\/wp\/v2\/posts"}],"about":[{"href":"https:\/\/memurunsesi.net\/index.php\/wp-json\/wp\/v2\/types\/post"}],"author":[{"embeddable":true,"href":"https:\/\/memurunsesi.net\/index.php\/wp-json\/wp\/v2\/users\/1"}],"replies":[{"embeddable":true,"href":"https:\/\/memurunsesi.net\/index.php\/wp-json\/wp\/v2\/comments?post=3995"}],"version-history":[{"count":1,"href":"https:\/\/memurunsesi.net\/index.php\/wp-json\/wp\/v2\/posts\/3995\/revisions"}],"predecessor-version":[{"id":3997,"href":"https:\/\/memurunsesi.net\/index.php\/wp-json\/wp\/v2\/posts\/3995\/revisions\/3997"}],"wp:featuredmedia":[{"embeddable":true,"href":"https:\/\/memurunsesi.net\/index.php\/wp-json\/wp\/v2\/media\/3996"}],"wp:attachment":[{"href":"https:\/\/memurunsesi.net\/index.php\/wp-json\/wp\/v2\/media?parent=3995"}],"wp:term":[{"taxonomy":"category","embeddable":true,"href":"https:\/\/memurunsesi.net\/index.php\/wp-json\/wp\/v2\/categories?post=3995"},{"taxonomy":"post_tag","embeddable":true,"href":"https:\/\/memurunsesi.net\/index.php\/wp-json\/wp\/v2\/tags?post=3995"}],"curies":[{"name":"wp","href":"https:\/\/api.w.org\/{rel}","templated":true}]}}