{"id":4018,"date":"2025-03-10T09:00:24","date_gmt":"2025-03-10T06:00:24","guid":{"rendered":"https:\/\/memurunsesi.net\/?p=4018"},"modified":"2025-03-10T09:00:24","modified_gmt":"2025-03-10T06:00:24","slug":"valinin-yanagini-sikan-kucuk-cocuk-yuzlerde-tebessum-olusturdu","status":"publish","type":"post","link":"https:\/\/memurunsesi.net\/index.php\/2025\/03\/10\/valinin-yanagini-sikan-kucuk-cocuk-yuzlerde-tebessum-olusturdu\/","title":{"rendered":"Valinin yana\u011f\u0131n\u0131 s\u0131kan k\u00fc\u00e7\u00fck \u00e7ocuk y\u00fczlerde tebess\u00fcm olu\u015fturdu"},"content":{"rendered":"<p>Erzincan Valisi Hamza Aydo\u011fdu\u2019nun iki eliyle yana\u011f\u0131n\u0131 s\u0131karak sevgisini g\u00f6steren k\u00fc\u00e7\u00fck k\u0131z \u00e7ocu\u011fu y\u00fcrekleri \u0131s\u0131tt\u0131.<br \/>\nErzincan\u2019da 7\u2019den 70\u2019e vatanda\u015flarla bir araya gelip g\u00f6n\u00fcllere dokunan Vali Aydo\u011fdu, bug\u00fcn iftar sonras\u0131 kafede oturan gen\u00e7leri ziyaret etti. Gen\u00e7lerin istek ve taleplerini dinleyen Vali Hamza Aydo\u011fdu\u2019nun masas\u0131na bu s\u0131rada k\u00fc\u00e7\u00fck bir k\u0131z \u00e7ocu\u011fu misafir oldu. Vali Aydo\u011fdu ile k\u0131sa s\u00fcrede samimiyet kuran \u00e7ocuk \u015firinli\u011fiyle dikkat \u00e7ekti. \u0130ki eliyle Vali Aydo\u011fdu\u2019nun yanaklar\u0131n\u0131 s\u0131kan ve sevgisini g\u00f6steren \u00e7ocuk g\u00f6renlerin y\u00fcz\u00fcnde tebess\u00fcm olu\u015fturdu.<br \/>\nVali Aydo\u011fdu \u00e7ocuk ile olan diyalo\u011funu sosyal medya hesab\u0131ndan payla\u015farak, &#8220;Kahve i\u00e7erken yakalad\u0131; B\u0131rakmam diye tutturdu&#8221; notuyla takip\u00e7ileriyle payla\u015ft\u0131.<\/p>\n<p>9.03.2025<\/p>\n","protected":false},"excerpt":{"rendered":"<p>Erzincan Valisi Hamza Aydo\u011fdu\u2019nun iki eliyle yana\u011f\u0131n\u0131 s\u0131karak sevgisini g\u00f6steren k\u00fc\u00e7\u00fck k\u0131z \u00e7ocu\u011fu y\u00fcrekleri \u0131s\u0131tt\u0131. Erzincan\u2019da 7\u2019den 70\u2019e vatanda\u015flarla bir araya gelip g\u00f6n\u00fcllere dokunan Vali Aydo\u011fdu, bug\u00fcn iftar sonras\u0131 kafede oturan gen\u00e7leri ziyaret etti. Gen\u00e7lerin istek ve taleplerini dinleyen Vali Hamza Aydo\u011fdu\u2019nun masas\u0131na bu s\u0131rada k\u00fc\u00e7\u00fck bir k\u0131z \u00e7ocu\u011fu misafir oldu. Vali Aydo\u011fdu ile k\u0131sa [&hellip;]<\/p>\n","protected":false},"author":1,"featured_media":4020,"comment_status":"open","ping_status":"open","sticky":false,"template":"","format":"standard","meta":{"footnotes":""},"categories":[1],"tags":[],"class_list":["post-4018","post","type-post","status-publish","format-standard","has-post-thumbnail","hentry","category-genel"],"yoast_head":"<!-- This site is optimized with the Yoast SEO plugin v27.4 - https:\/\/yoast.com\/product\/yoast-seo-wordpress\/ -->\n<title>Valinin yana\u011f\u0131n\u0131 s\u0131kan k\u00fc\u00e7\u00fck \u00e7ocuk y\u00fczlerde tebess\u00fcm olu\u015fturdu - Memurun Sesi<\/title>\n<meta name=\"robots\" content=\"index, follow, max-snippet:-1, max-image-preview:large, max-video-preview:-1\" \/>\n<link rel=\"canonical\" href=\"https:\/\/memurunsesi.net\/index.php\/2025\/03\/10\/valinin-yanagini-sikan-kucuk-cocuk-yuzlerde-tebessum-olusturdu\/\" \/>\n<meta property=\"og:locale\" content=\"tr_TR\" \/>\n<meta property=\"og:type\" content=\"article\" \/>\n<meta property=\"og:title\" content=\"Valinin yana\u011f\u0131n\u0131 s\u0131kan k\u00fc\u00e7\u00fck \u00e7ocuk y\u00fczlerde tebess\u00fcm olu\u015fturdu - Memurun Sesi\" \/>\n<meta property=\"og:description\" content=\"Erzincan Valisi Hamza Aydo\u011fdu\u2019nun iki eliyle yana\u011f\u0131n\u0131 s\u0131karak sevgisini g\u00f6steren k\u00fc\u00e7\u00fck k\u0131z \u00e7ocu\u011fu y\u00fcrekleri \u0131s\u0131tt\u0131. Erzincan\u2019da 7\u2019den 70\u2019e vatanda\u015flarla bir araya gelip g\u00f6n\u00fcllere dokunan Vali Aydo\u011fdu, bug\u00fcn iftar sonras\u0131 kafede oturan gen\u00e7leri ziyaret etti. Gen\u00e7lerin istek ve taleplerini dinleyen Vali Hamza Aydo\u011fdu\u2019nun masas\u0131na bu s\u0131rada k\u00fc\u00e7\u00fck bir k\u0131z \u00e7ocu\u011fu misafir oldu. Vali Aydo\u011fdu ile k\u0131sa [&hellip;]\" \/>\n<meta property=\"og:url\" content=\"https:\/\/memurunsesi.net\/index.php\/2025\/03\/10\/valinin-yanagini-sikan-kucuk-cocuk-yuzlerde-tebessum-olusturdu\/\" \/>\n<meta property=\"og:site_name\" content=\"Memurun Sesi\" \/>\n<meta property=\"article:publisher\" content=\"https:\/\/www.facebook.com\/unipersen\/?locale=tr_TR\" \/>\n<meta property=\"article:published_time\" content=\"2025-03-10T06:00:24+00:00\" \/>\n<meta property=\"og:image\" content=\"https:\/\/memurunsesi.net\/wp-content\/uploads\/2025\/03\/AW408811_01-1.jpg\" \/>\n\t<meta property=\"og:image:width\" content=\"2048\" \/>\n\t<meta property=\"og:image:height\" content=\"1536\" \/>\n\t<meta property=\"og:image:type\" content=\"image\/jpeg\" \/>\n<meta name=\"author\" content=\"Memurun Sesi Haber Merkezi\" \/>\n<meta name=\"twitter:card\" content=\"summary_large_image\" \/>\n<meta name=\"twitter:creator\" content=\"@unipersen\" \/>\n<meta name=\"twitter:site\" content=\"@unipersen\" \/>\n<meta name=\"twitter:label1\" content=\"Yazan:\" \/>\n\t<meta name=\"twitter:data1\" content=\"Memurun Sesi Haber Merkezi\" \/>\n\t<meta name=\"twitter:label2\" content=\"Tahmini okuma s\u00fcresi\" \/>\n\t<meta name=\"twitter:data2\" content=\"1 dakika\" \/>\n<script type=\"application\/ld+json\" class=\"yoast-schema-graph\">{\"@context\":\"https:\\\/\\\/schema.org\",\"@graph\":[{\"@type\":\"Article\",\"@id\":\"https:\\\/\\\/memurunsesi.net\\\/index.php\\\/2025\\\/03\\\/10\\\/valinin-yanagini-sikan-kucuk-cocuk-yuzlerde-tebessum-olusturdu\\\/#article\",\"isPartOf\":{\"@id\":\"https:\\\/\\\/memurunsesi.net\\\/index.php\\\/2025\\\/03\\\/10\\\/valinin-yanagini-sikan-kucuk-cocuk-yuzlerde-tebessum-olusturdu\\\/\"},\"author\":{\"name\":\"Memurun Sesi Haber Merkezi\",\"@id\":\"https:\\\/\\\/memurunsesi.net\\\/#\\\/schema\\\/person\\\/f21c2d73b89f6ee1d80b0a1803e38587\"},\"headline\":\"Valinin yana\u011f\u0131n\u0131 s\u0131kan k\u00fc\u00e7\u00fck \u00e7ocuk y\u00fczlerde tebess\u00fcm olu\u015fturdu\",\"datePublished\":\"2025-03-10T06:00:24+00:00\",\"mainEntityOfPage\":{\"@id\":\"https:\\\/\\\/memurunsesi.net\\\/index.php\\\/2025\\\/03\\\/10\\\/valinin-yanagini-sikan-kucuk-cocuk-yuzlerde-tebessum-olusturdu\\\/\"},\"wordCount\":156,\"commentCount\":0,\"publisher\":{\"@id\":\"https:\\\/\\\/memurunsesi.net\\\/#organization\"},\"image\":{\"@id\":\"https:\\\/\\\/memurunsesi.net\\\/index.php\\\/2025\\\/03\\\/10\\\/valinin-yanagini-sikan-kucuk-cocuk-yuzlerde-tebessum-olusturdu\\\/#primaryimage\"},\"thumbnailUrl\":\"https:\\\/\\\/memurunsesi.net\\\/wp-content\\\/uploads\\\/2025\\\/03\\\/AW408811_01-1.jpg\",\"inLanguage\":\"tr\",\"potentialAction\":[{\"@type\":\"CommentAction\",\"name\":\"Comment\",\"target\":[\"https:\\\/\\\/memurunsesi.net\\\/index.php\\\/2025\\\/03\\\/10\\\/valinin-yanagini-sikan-kucuk-cocuk-yuzlerde-tebessum-olusturdu\\\/#respond\"]}]},{\"@type\":\"WebPage\",\"@id\":\"https:\\\/\\\/memurunsesi.net\\\/index.php\\\/2025\\\/03\\\/10\\\/valinin-yanagini-sikan-kucuk-cocuk-yuzlerde-tebessum-olusturdu\\\/\",\"url\":\"https:\\\/\\\/memurunsesi.net\\\/index.php\\\/2025\\\/03\\\/10\\\/valinin-yanagini-sikan-kucuk-cocuk-yuzlerde-tebessum-olusturdu\\\/\",\"name\":\"Valinin yana\u011f\u0131n\u0131 s\u0131kan k\u00fc\u00e7\u00fck \u00e7ocuk y\u00fczlerde tebess\u00fcm olu\u015fturdu - Memurun Sesi\",\"isPartOf\":{\"@id\":\"https:\\\/\\\/memurunsesi.net\\\/#website\"},\"primaryImageOfPage\":{\"@id\":\"https:\\\/\\\/memurunsesi.net\\\/index.php\\\/2025\\\/03\\\/10\\\/valinin-yanagini-sikan-kucuk-cocuk-yuzlerde-tebessum-olusturdu\\\/#primaryimage\"},\"image\":{\"@id\":\"https:\\\/\\\/memurunsesi.net\\\/index.php\\\/2025\\\/03\\\/10\\\/valinin-yanagini-sikan-kucuk-cocuk-yuzlerde-tebessum-olusturdu\\\/#primaryimage\"},\"thumbnailUrl\":\"https:\\\/\\\/memurunsesi.net\\\/wp-content\\\/uploads\\\/2025\\\/03\\\/AW408811_01-1.jpg\",\"datePublished\":\"2025-03-10T06:00:24+00:00\",\"breadcrumb\":{\"@id\":\"https:\\\/\\\/memurunsesi.net\\\/index.php\\\/2025\\\/03\\\/10\\\/valinin-yanagini-sikan-kucuk-cocuk-yuzlerde-tebessum-olusturdu\\\/#breadcrumb\"},\"inLanguage\":\"tr\",\"potentialAction\":[{\"@type\":\"ReadAction\",\"target\":[\"https:\\\/\\\/memurunsesi.net\\\/index.php\\\/2025\\\/03\\\/10\\\/valinin-yanagini-sikan-kucuk-cocuk-yuzlerde-tebessum-olusturdu\\\/\"]}]},{\"@type\":\"ImageObject\",\"inLanguage\":\"tr\",\"@id\":\"https:\\\/\\\/memurunsesi.net\\\/index.php\\\/2025\\\/03\\\/10\\\/valinin-yanagini-sikan-kucuk-cocuk-yuzlerde-tebessum-olusturdu\\\/#primaryimage\",\"url\":\"https:\\\/\\\/memurunsesi.net\\\/wp-content\\\/uploads\\\/2025\\\/03\\\/AW408811_01-1.jpg\",\"contentUrl\":\"https:\\\/\\\/memurunsesi.net\\\/wp-content\\\/uploads\\\/2025\\\/03\\\/AW408811_01-1.jpg\",\"width\":2048,\"height\":1536,\"caption\":\"VAL\u0130N\u0130N YANA\u011eINI SIKAN K\u00dc\u00c7\u00dcK \u00c7OCUK Y\u00dcZLERDE TEBESS\u00dcM OLU\u015eTURDU (AHMET AKBU\u011eA\\\/ERZ\u0130NCAN-\u0130HA) Erzincan Valisi Hamza Aydo\u011fdu'nun iki eliyle yana\u011f\u0131n\u0131 s\u0131karak sevgisini g\u00f6steren k\u00fc\u00e7\u00fck k\u0131z \u00e7ocu\u011fu y\u00fcrekleri \u0131s\u0131tt\u0131.\"},{\"@type\":\"BreadcrumbList\",\"@id\":\"https:\\\/\\\/memurunsesi.net\\\/index.php\\\/2025\\\/03\\\/10\\\/valinin-yanagini-sikan-kucuk-cocuk-yuzlerde-tebessum-olusturdu\\\/#breadcrumb\",\"itemListElement\":[{\"@type\":\"ListItem\",\"position\":1,\"name\":\"Anasayfa\",\"item\":\"https:\\\/\\\/memurunsesi.net\\\/\"},{\"@type\":\"ListItem\",\"position\":2,\"name\":\"Valinin yana\u011f\u0131n\u0131 s\u0131kan k\u00fc\u00e7\u00fck \u00e7ocuk y\u00fczlerde tebess\u00fcm olu\u015fturdu\"}]},{\"@type\":\"WebSite\",\"@id\":\"https:\\\/\\\/memurunsesi.net\\\/#website\",\"url\":\"https:\\\/\\\/memurunsesi.net\\\/\",\"name\":\"Memurun Sesi\",\"description\":\"G\u00fcncel ve Do\u011fru Haber\",\"publisher\":{\"@id\":\"https:\\\/\\\/memurunsesi.net\\\/#organization\"},\"potentialAction\":[{\"@type\":\"SearchAction\",\"target\":{\"@type\":\"EntryPoint\",\"urlTemplate\":\"https:\\\/\\\/memurunsesi.net\\\/?s={search_term_string}\"},\"query-input\":{\"@type\":\"PropertyValueSpecification\",\"valueRequired\":true,\"valueName\":\"search_term_string\"}}],\"inLanguage\":\"tr\"},{\"@type\":\"Organization\",\"@id\":\"https:\\\/\\\/memurunsesi.net\\\/#organization\",\"name\":\"Memurun Sesi\",\"url\":\"https:\\\/\\\/memurunsesi.net\\\/\",\"logo\":{\"@type\":\"ImageObject\",\"inLanguage\":\"tr\",\"@id\":\"https:\\\/\\\/memurunsesi.net\\\/#\\\/schema\\\/logo\\\/image\\\/\",\"url\":\"https:\\\/\\\/memurunsesi.net\\\/wp-content\\\/uploads\\\/2025\\\/11\\\/cropped-MEMURUN-SESI.png\",\"contentUrl\":\"https:\\\/\\\/memurunsesi.net\\\/wp-content\\\/uploads\\\/2025\\\/11\\\/cropped-MEMURUN-SESI.png\",\"width\":238,\"height\":57,\"caption\":\"Memurun Sesi\"},\"image\":{\"@id\":\"https:\\\/\\\/memurunsesi.net\\\/#\\\/schema\\\/logo\\\/image\\\/\"},\"sameAs\":[\"https:\\\/\\\/www.facebook.com\\\/unipersen\\\/?locale=tr_TR\",\"https:\\\/\\\/x.com\\\/unipersen\"]},{\"@type\":\"Person\",\"@id\":\"https:\\\/\\\/memurunsesi.net\\\/#\\\/schema\\\/person\\\/f21c2d73b89f6ee1d80b0a1803e38587\",\"name\":\"Memurun Sesi Haber Merkezi\",\"image\":{\"@type\":\"ImageObject\",\"inLanguage\":\"tr\",\"@id\":\"https:\\\/\\\/secure.gravatar.com\\\/avatar\\\/6cf0505f452ee753f485014986fab09a434671d2b919ee76fc541025c5876a70?s=96&d=mm&r=g\",\"url\":\"https:\\\/\\\/secure.gravatar.com\\\/avatar\\\/6cf0505f452ee753f485014986fab09a434671d2b919ee76fc541025c5876a70?s=96&d=mm&r=g\",\"contentUrl\":\"https:\\\/\\\/secure.gravatar.com\\\/avatar\\\/6cf0505f452ee753f485014986fab09a434671d2b919ee76fc541025c5876a70?s=96&d=mm&r=g\",\"caption\":\"Memurun Sesi Haber Merkezi\"},\"sameAs\":[\"https:\\\/\\\/memurunsesi.net\"],\"url\":\"https:\\\/\\\/memurunsesi.net\\\/index.php\\\/author\\\/uniper\\\/\"}]}<\/script>\n<!-- \/ Yoast SEO plugin. -->","yoast_head_json":{"title":"Valinin yana\u011f\u0131n\u0131 s\u0131kan k\u00fc\u00e7\u00fck \u00e7ocuk y\u00fczlerde tebess\u00fcm olu\u015fturdu - Memurun Sesi","robots":{"index":"index","follow":"follow","max-snippet":"max-snippet:-1","max-image-preview":"max-image-preview:large","max-video-preview":"max-video-preview:-1"},"canonical":"https:\/\/memurunsesi.net\/index.php\/2025\/03\/10\/valinin-yanagini-sikan-kucuk-cocuk-yuzlerde-tebessum-olusturdu\/","og_locale":"tr_TR","og_type":"article","og_title":"Valinin yana\u011f\u0131n\u0131 s\u0131kan k\u00fc\u00e7\u00fck \u00e7ocuk y\u00fczlerde tebess\u00fcm olu\u015fturdu - Memurun Sesi","og_description":"Erzincan Valisi Hamza Aydo\u011fdu\u2019nun iki eliyle yana\u011f\u0131n\u0131 s\u0131karak sevgisini g\u00f6steren k\u00fc\u00e7\u00fck k\u0131z \u00e7ocu\u011fu y\u00fcrekleri \u0131s\u0131tt\u0131. Erzincan\u2019da 7\u2019den 70\u2019e vatanda\u015flarla bir araya gelip g\u00f6n\u00fcllere dokunan Vali Aydo\u011fdu, bug\u00fcn iftar sonras\u0131 kafede oturan gen\u00e7leri ziyaret etti. Gen\u00e7lerin istek ve taleplerini dinleyen Vali Hamza Aydo\u011fdu\u2019nun masas\u0131na bu s\u0131rada k\u00fc\u00e7\u00fck bir k\u0131z \u00e7ocu\u011fu misafir oldu. Vali Aydo\u011fdu ile k\u0131sa [&hellip;]","og_url":"https:\/\/memurunsesi.net\/index.php\/2025\/03\/10\/valinin-yanagini-sikan-kucuk-cocuk-yuzlerde-tebessum-olusturdu\/","og_site_name":"Memurun Sesi","article_publisher":"https:\/\/www.facebook.com\/unipersen\/?locale=tr_TR","article_published_time":"2025-03-10T06:00:24+00:00","og_image":[{"width":2048,"height":1536,"url":"https:\/\/memurunsesi.net\/wp-content\/uploads\/2025\/03\/AW408811_01-1.jpg","type":"image\/jpeg"}],"author":"Memurun Sesi Haber Merkezi","twitter_card":"summary_large_image","twitter_creator":"@unipersen","twitter_site":"@unipersen","twitter_misc":{"Yazan:":"Memurun Sesi Haber Merkezi","Tahmini okuma s\u00fcresi":"1 dakika"},"schema":{"@context":"https:\/\/schema.org","@graph":[{"@type":"Article","@id":"https:\/\/memurunsesi.net\/index.php\/2025\/03\/10\/valinin-yanagini-sikan-kucuk-cocuk-yuzlerde-tebessum-olusturdu\/#article","isPartOf":{"@id":"https:\/\/memurunsesi.net\/index.php\/2025\/03\/10\/valinin-yanagini-sikan-kucuk-cocuk-yuzlerde-tebessum-olusturdu\/"},"author":{"name":"Memurun Sesi Haber Merkezi","@id":"https:\/\/memurunsesi.net\/#\/schema\/person\/f21c2d73b89f6ee1d80b0a1803e38587"},"headline":"Valinin yana\u011f\u0131n\u0131 s\u0131kan k\u00fc\u00e7\u00fck \u00e7ocuk y\u00fczlerde tebess\u00fcm olu\u015fturdu","datePublished":"2025-03-10T06:00:24+00:00","mainEntityOfPage":{"@id":"https:\/\/memurunsesi.net\/index.php\/2025\/03\/10\/valinin-yanagini-sikan-kucuk-cocuk-yuzlerde-tebessum-olusturdu\/"},"wordCount":156,"commentCount":0,"publisher":{"@id":"https:\/\/memurunsesi.net\/#organization"},"image":{"@id":"https:\/\/memurunsesi.net\/index.php\/2025\/03\/10\/valinin-yanagini-sikan-kucuk-cocuk-yuzlerde-tebessum-olusturdu\/#primaryimage"},"thumbnailUrl":"https:\/\/memurunsesi.net\/wp-content\/uploads\/2025\/03\/AW408811_01-1.jpg","inLanguage":"tr","potentialAction":[{"@type":"CommentAction","name":"Comment","target":["https:\/\/memurunsesi.net\/index.php\/2025\/03\/10\/valinin-yanagini-sikan-kucuk-cocuk-yuzlerde-tebessum-olusturdu\/#respond"]}]},{"@type":"WebPage","@id":"https:\/\/memurunsesi.net\/index.php\/2025\/03\/10\/valinin-yanagini-sikan-kucuk-cocuk-yuzlerde-tebessum-olusturdu\/","url":"https:\/\/memurunsesi.net\/index.php\/2025\/03\/10\/valinin-yanagini-sikan-kucuk-cocuk-yuzlerde-tebessum-olusturdu\/","name":"Valinin yana\u011f\u0131n\u0131 s\u0131kan k\u00fc\u00e7\u00fck \u00e7ocuk y\u00fczlerde tebess\u00fcm olu\u015fturdu - Memurun Sesi","isPartOf":{"@id":"https:\/\/memurunsesi.net\/#website"},"primaryImageOfPage":{"@id":"https:\/\/memurunsesi.net\/index.php\/2025\/03\/10\/valinin-yanagini-sikan-kucuk-cocuk-yuzlerde-tebessum-olusturdu\/#primaryimage"},"image":{"@id":"https:\/\/memurunsesi.net\/index.php\/2025\/03\/10\/valinin-yanagini-sikan-kucuk-cocuk-yuzlerde-tebessum-olusturdu\/#primaryimage"},"thumbnailUrl":"https:\/\/memurunsesi.net\/wp-content\/uploads\/2025\/03\/AW408811_01-1.jpg","datePublished":"2025-03-10T06:00:24+00:00","breadcrumb":{"@id":"https:\/\/memurunsesi.net\/index.php\/2025\/03\/10\/valinin-yanagini-sikan-kucuk-cocuk-yuzlerde-tebessum-olusturdu\/#breadcrumb"},"inLanguage":"tr","potentialAction":[{"@type":"ReadAction","target":["https:\/\/memurunsesi.net\/index.php\/2025\/03\/10\/valinin-yanagini-sikan-kucuk-cocuk-yuzlerde-tebessum-olusturdu\/"]}]},{"@type":"ImageObject","inLanguage":"tr","@id":"https:\/\/memurunsesi.net\/index.php\/2025\/03\/10\/valinin-yanagini-sikan-kucuk-cocuk-yuzlerde-tebessum-olusturdu\/#primaryimage","url":"https:\/\/memurunsesi.net\/wp-content\/uploads\/2025\/03\/AW408811_01-1.jpg","contentUrl":"https:\/\/memurunsesi.net\/wp-content\/uploads\/2025\/03\/AW408811_01-1.jpg","width":2048,"height":1536,"caption":"VAL\u0130N\u0130N YANA\u011eINI SIKAN K\u00dc\u00c7\u00dcK \u00c7OCUK Y\u00dcZLERDE TEBESS\u00dcM OLU\u015eTURDU (AHMET AKBU\u011eA\/ERZ\u0130NCAN-\u0130HA) Erzincan Valisi Hamza Aydo\u011fdu'nun iki eliyle yana\u011f\u0131n\u0131 s\u0131karak sevgisini g\u00f6steren k\u00fc\u00e7\u00fck k\u0131z \u00e7ocu\u011fu y\u00fcrekleri \u0131s\u0131tt\u0131."},{"@type":"BreadcrumbList","@id":"https:\/\/memurunsesi.net\/index.php\/2025\/03\/10\/valinin-yanagini-sikan-kucuk-cocuk-yuzlerde-tebessum-olusturdu\/#breadcrumb","itemListElement":[{"@type":"ListItem","position":1,"name":"Anasayfa","item":"https:\/\/memurunsesi.net\/"},{"@type":"ListItem","position":2,"name":"Valinin yana\u011f\u0131n\u0131 s\u0131kan k\u00fc\u00e7\u00fck \u00e7ocuk y\u00fczlerde tebess\u00fcm olu\u015fturdu"}]},{"@type":"WebSite","@id":"https:\/\/memurunsesi.net\/#website","url":"https:\/\/memurunsesi.net\/","name":"Memurun Sesi","description":"G\u00fcncel ve Do\u011fru Haber","publisher":{"@id":"https:\/\/memurunsesi.net\/#organization"},"potentialAction":[{"@type":"SearchAction","target":{"@type":"EntryPoint","urlTemplate":"https:\/\/memurunsesi.net\/?s={search_term_string}"},"query-input":{"@type":"PropertyValueSpecification","valueRequired":true,"valueName":"search_term_string"}}],"inLanguage":"tr"},{"@type":"Organization","@id":"https:\/\/memurunsesi.net\/#organization","name":"Memurun Sesi","url":"https:\/\/memurunsesi.net\/","logo":{"@type":"ImageObject","inLanguage":"tr","@id":"https:\/\/memurunsesi.net\/#\/schema\/logo\/image\/","url":"https:\/\/memurunsesi.net\/wp-content\/uploads\/2025\/11\/cropped-MEMURUN-SESI.png","contentUrl":"https:\/\/memurunsesi.net\/wp-content\/uploads\/2025\/11\/cropped-MEMURUN-SESI.png","width":238,"height":57,"caption":"Memurun Sesi"},"image":{"@id":"https:\/\/memurunsesi.net\/#\/schema\/logo\/image\/"},"sameAs":["https:\/\/www.facebook.com\/unipersen\/?locale=tr_TR","https:\/\/x.com\/unipersen"]},{"@type":"Person","@id":"https:\/\/memurunsesi.net\/#\/schema\/person\/f21c2d73b89f6ee1d80b0a1803e38587","name":"Memurun Sesi Haber Merkezi","image":{"@type":"ImageObject","inLanguage":"tr","@id":"https:\/\/secure.gravatar.com\/avatar\/6cf0505f452ee753f485014986fab09a434671d2b919ee76fc541025c5876a70?s=96&d=mm&r=g","url":"https:\/\/secure.gravatar.com\/avatar\/6cf0505f452ee753f485014986fab09a434671d2b919ee76fc541025c5876a70?s=96&d=mm&r=g","contentUrl":"https:\/\/secure.gravatar.com\/avatar\/6cf0505f452ee753f485014986fab09a434671d2b919ee76fc541025c5876a70?s=96&d=mm&r=g","caption":"Memurun Sesi Haber Merkezi"},"sameAs":["https:\/\/memurunsesi.net"],"url":"https:\/\/memurunsesi.net\/index.php\/author\/uniper\/"}]}},"_links":{"self":[{"href":"https:\/\/memurunsesi.net\/index.php\/wp-json\/wp\/v2\/posts\/4018","targetHints":{"allow":["GET"]}}],"collection":[{"href":"https:\/\/memurunsesi.net\/index.php\/wp-json\/wp\/v2\/posts"}],"about":[{"href":"https:\/\/memurunsesi.net\/index.php\/wp-json\/wp\/v2\/types\/post"}],"author":[{"embeddable":true,"href":"https:\/\/memurunsesi.net\/index.php\/wp-json\/wp\/v2\/users\/1"}],"replies":[{"embeddable":true,"href":"https:\/\/memurunsesi.net\/index.php\/wp-json\/wp\/v2\/comments?post=4018"}],"version-history":[{"count":1,"href":"https:\/\/memurunsesi.net\/index.php\/wp-json\/wp\/v2\/posts\/4018\/revisions"}],"predecessor-version":[{"id":4021,"href":"https:\/\/memurunsesi.net\/index.php\/wp-json\/wp\/v2\/posts\/4018\/revisions\/4021"}],"wp:featuredmedia":[{"embeddable":true,"href":"https:\/\/memurunsesi.net\/index.php\/wp-json\/wp\/v2\/media\/4020"}],"wp:attachment":[{"href":"https:\/\/memurunsesi.net\/index.php\/wp-json\/wp\/v2\/media?parent=4018"}],"wp:term":[{"taxonomy":"category","embeddable":true,"href":"https:\/\/memurunsesi.net\/index.php\/wp-json\/wp\/v2\/categories?post=4018"},{"taxonomy":"post_tag","embeddable":true,"href":"https:\/\/memurunsesi.net\/index.php\/wp-json\/wp\/v2\/tags?post=4018"}],"curies":[{"name":"wp","href":"https:\/\/api.w.org\/{rel}","templated":true}]}}